{"id":51872,"date":"2023-12-20T07:30:52","date_gmt":"2023-12-20T05:30:52","guid":{"rendered":"https:\/\/just-now.news\/de\/deutschland\/die-weiche-macht-des-hartnaeckigen-orban\/"},"modified":"2023-12-20T07:30:52","modified_gmt":"2023-12-20T05:30:52","slug":"die-weiche-macht-des-hartnaeckigen-orban","status":"publish","type":"post","link":"https:\/\/now-news.de\/de\/deutschland\/die-weiche-macht-des-hartnaeckigen-orban\/","title":{"rendered":"Die weiche Macht des hartn\u00e4ckigen Orb\u00e1n"},"content":{"rendered":"<p><img decoding=\"async\" src=\"http:\/\/just-now.news\/de\/wp-content\/uploads\/sites\/3\/2023\/12\/6581a8e3b480cc275a6121ff.jpg\" \/><\/p>\n<div class=\"Text-root Text-type_1 \">\n                Ungarn und Serbien haben sich gemeinsam daf\u00fcr eingesetzt, dass Bulgarien seine Entscheidung, Transitsteuern f\u00fcr russisches Gas in diese beiden L\u00e4nder zu erheben, wieder zur\u00fccknimmt. Offensichtlich hatte sich Br\u00fcssel darum bem\u00fcht, Serbien wegen seiner Politik der Vermeidung von Russland-Sanktionen abzustrafen.\n            <\/div>\n<p><\/p>\n<div class=\"Text-root Text-type_5 ArticleView-text ViewText-root \">\n<p><em>Von Marinko U\u010dur<\/em><\/p>\n<p><em><\/em>Nur zwei Monate nachdem Bulgarien Transitsteuern f\u00fcr russisches Gas nach Serbien und Ungarn eingef\u00fchrt hatte, musste Sofia diese Erpressungsabsicht aufgeben. Am Montag wurde diese Entscheidung auf einer Sitzung der dortigen Regierung ausgesetzt. Der ungarische Ministerpr\u00e4sident Viktor Orb\u00e1n hatte ein &#8220;Ass aus dem \u00c4rmel&#8221; gezogen und Sofia mit einer Blockade f\u00fcr den Beitritt des Landes zum Schengen-Raum gedroht. In Serbien und Ungarn sind die Verbraucher erleichtert, weil russisches Gas weiterhin \u00fcber die Pipeline &#8220;Balkan Stream&#8221;, einen Zweig des Systems &#8220;Turkish Stream&#8221;, ankommen wird.<\/p>\n<p>Bekanntlich hatte Bulgarien k\u00fcrzlich zus\u00e4tzliche Steuern auf den Transit von russischem Gas durch sein Hoheitsgebiet eingef\u00fchrt, etwa 10 Euro pro Megawattstunde. Diese Entscheidung ver\u00e4rgerte Budapest und Belgrad, die in einer gemeinsamen Erkl\u00e4rung Sofias Vorgehen als &#8220;feindlichen Schritt&#8221; bezeichneten. Obwohl der Beschluss des bulgarischen Parlaments am 13. Oktober in Kraft trat, fand\u00a0er operativ keine Anwendung, da Ungarn eine Beschwerde bei der Europ\u00e4ischen Kommission einlegte. In Anbetracht des ungarischen Appells, aber auch der Bedrohung der europ\u00e4ischen Einheit, sprach Br\u00fcssel die einzig m\u00f6gliche Empfehlung aus, n\u00e4mlich dass Sofia seine Absicht aufgeben m\u00f6ge. Daraus l\u00e4sst sich leicht schlie\u00dfen, dass Bulgarien dem Druck nachgegeben hat. Nachdem sich Premierminister Orb\u00e1n gegen die Absicht seiner EU-Partner eingesetzt hatte, den Krieg in der Ukraine mit noch einmal 50 Milliarden Euro weiter zu finanzieren, zeigte er bei Entscheidungen, die sein Land betreffen, erneut seine weiche Macht und sein beneidenswertes Potenzial, politischen Druck auszu\u00fcben. Belgrad verschwendete auch keine Zeit, sondern wandte sich an die Europ\u00e4ische Energiegemeinschaft, deren Mitglied\u00a0Serbien ist. Dieser Verband leitete schlie\u00dflich die serbischen Bemerkungen und Bef\u00fcrchtungen an die Europ\u00e4ische Kommission weiter.<\/p>\n<p>Energieexperten neigen dazu zu behaupten, Bulgariens Absicht, Transitsteuern einzuf\u00fchren, sei unbedacht gewesen, &#8220;weil wir mit Erpressungen seitens bestimmter Verb\u00fcndete von Aleksandar Vu\u010di\u0107 rechnen mussten.&#8221;\u00a0Und damit spielten sie wohl auf Viktor Orb\u00e1n, aber auch auf angeblich freundschaftliche Beziehungen Serbiens zu \u00d6sterreich an.<\/p>\n<p>Interessant ist, dass die Bulgaren mehrfach versucht hatten, ihre ungarischen Kollegen davon zu \u00fcberzeugen, dass die Absicht, Steuern einzuf\u00fchren, nicht gegen sie gerichtet sei. Es stellt sich jedoch die Frage, gegen wen die Steuern gerichtet waren. Die Antwort ist nicht schwer zu finden: Offensichtlich gegen Serbien, obwohl das offizielle Sofia das nirgendwo\u00a0offen bekundet hat. Dennoch ist die M\u00f6glichkeit nicht ausgeschlossen, dass Bulgarien auf Anraten von jemandem aus der Europ\u00e4ischen Union versucht hat, Serbien seine Muskeln zu zeigen\u00a0\u2013 wohl\u00a0wegen des Bestrebens der serbischen Regierung, die Verh\u00e4ngung von Sanktionen gegen die Russische F\u00f6deration zu vermeiden.<\/p>\n<p>Und dass es sich hierbei um einen versteckten Versuch Br\u00fcssels handelte, durch bestimmte EU-Mitglieder ein Signal an Belgrad zu senden, dass es an der Zeit sei, &#8220;aufzuh\u00f6ren, zwischen den St\u00fchlen zu sitzen&#8221;\u00a0und seine Au\u00dfenpolitik an den Forderungen der europ\u00e4ischen B\u00fcrokraten auszurichten. Dank Ministerpr\u00e4sident Viktor Orb\u00e1n und seiner Regierung\u00a0hatte diese Form der Erpressung keinen Erfolg,\u00a0was die Regierung in Belgrad offenbar besonders zu sch\u00e4tzen wei\u00df:\u00a0Sie wies unl\u00e4ngst darauf hin, dass sich die Beziehungen zwischen Serbien und Ungarn auf einem historischen H\u00f6hepunkt befinden.<\/p>\n<p>Was die bulgarische Regierungskoalition dazu bewogen hat, diese unpopul\u00e4ren Ma\u00dfnahmen zu verabschieden und dann wieder aufzuheben, ist unklar. Viele bringen dies mit den Absichten des Balkanstaates in Verbindung, sich Br\u00fcssel als glaubw\u00fcrdiger Partner f\u00fcr den Zugang zum Schengen-Raum zu empfehlen, da zahlreiche EU-L\u00e4nder Zweifel an der Bereitschaft Bulgariens f\u00fcr den Beitritt zu diesem\u00a0erlesenen Club ge\u00e4u\u00dfert haben. Im Zuge der\u00a0milit\u00e4rischen Sonderoperation Russlands in der Ukraine konnte festgestellt werden, dass Serbien vollst\u00e4ndig von russischem Gas abh\u00e4ngig war \u2013 von Gas also,\u00a0das zuvor \u00fcber einen anderen Korridor, \u00fcber die Ukraine, Rum\u00e4nien und Ungarn, geliefert wurde. Selbst heute kommen noch zwei Drittel des Gases aus Russland, \u00fcber die Pipeline Turkish Stream, von der Ungarn und Serbien sich so viel erhoffen. Und deshalb\u00a0hat man in Belgrad und Budapest\u00a0die bulgarische Drohung auch als Alarmsignal ersten Ranges verstanden.<\/p>\n<p><strong>Mehr zum Thema &#8211;<\/strong>\u00a0<a rel=\"nofollow noopener\" target=\"_blank\" href=\"https:\/\/freedert.online\/europa\/179293-orban-ungarn-wuerde-in-krieg\/\">Orb\u00e1n: Bei Angriff auf Gas-Pipeline w\u00fcrde Ungarn &#8220;in den Krieg ziehen&#8221; <\/a><\/p>\n<\/p>\n<\/div>\n<p><br \/>\n<br \/><a href=\"https:\/\/de.rt.com\/international\/190341-weiche-macht-hartnaeckigen-orban\/\">Source link <\/a><\/p>\n","protected":false},"excerpt":{"rendered":"<p>Ungarn und Serbien haben sich gemeinsam daf\u00fcr eingesetzt, dass Bulgarien seine Entscheidung, Transitsteuern f\u00fcr russisches Gas in diese beiden L\u00e4nder zu erheben, wieder zur\u00fccknimmt. Offensichtlich hatte sich Br\u00fcssel darum bem\u00fcht, Serbien wegen seiner Politik der Vermeidung von Russland-Sanktionen abzustrafen. Von Marinko U\u010dur Nur zwei Monate nachdem Bulgarien Transitsteuern f\u00fcr russisches Gas nach Serbien und Ungarn [&hellip;]<\/p>\n","protected":false},"author":3,"featured_media":51873,"comment_status":"open","ping_status":"open","sticky":false,"template":"","format":"standard","meta":{"_yoast_indexnow_last_ping":["1703050652"],"wp_automatic_camp":["217"],"9f642504744d380dc6ddd02900551dcc":["Die weiche Macht des hartn\u00e4ckigen Orb\u00e1n"],"original_link":["https:\/\/de.rt.com\/international\/190341-weiche-macht-hartnaeckigen-orban\/"],"_thumbnail_id":["51873"],"jnews_social_counter_last_update":["1777152236"],"_wptgpro_p2tg_sent2tg":["a:1:{i:23737;s:19:\"2023-12-20 07:38:32\";}"]},"categories":[19,23],"tags":[583,45,47072,4847,6397,39955],"yoast_head":"<!-- This site is optimized with the Yoast SEO Premium plugin v22.7 (Yoast SEO v22.7) - https:\/\/yoast.com\/wordpress\/plugins\/seo\/ -->\n<title>Die weiche Macht des hartn\u00e4ckigen Orb\u00e1n - just-now.NEWS Deutschland<\/title>\n<meta name=\"robots\" content=\"index, follow, max-snippet:-1, max-image-preview:large, max-video-preview:-1\" \/>\n<link rel=\"canonical\" href=\"https:\/\/now-news.de\/de\/deutschland\/die-weiche-macht-des-hartnaeckigen-orban\/\" \/>\n<meta property=\"og:locale\" content=\"de_DE\" \/>\n<meta property=\"og:type\" content=\"article\" \/>\n<meta property=\"og:title\" content=\"Die weiche Macht des hartn\u00e4ckigen Orb\u00e1n\" \/>\n<meta property=\"og:description\" content=\"Ungarn und Serbien haben sich gemeinsam daf\u00fcr eingesetzt, dass Bulgarien seine Entscheidung, Transitsteuern f\u00fcr russisches Gas in diese beiden L\u00e4nder zu erheben, wieder zur\u00fccknimmt. Offensichtlich hatte sich Br\u00fcssel darum bem\u00fcht, Serbien wegen seiner Politik der Vermeidung von Russland-Sanktionen abzustrafen. Von Marinko U\u010dur Nur zwei Monate nachdem Bulgarien Transitsteuern f\u00fcr russisches Gas nach Serbien und Ungarn [&hellip;]\" \/>\n<meta property=\"og:url\" content=\"https:\/\/now-news.de\/de\/deutschland\/die-weiche-macht-des-hartnaeckigen-orban\/\" \/>\n<meta property=\"og:site_name\" content=\"just-now.NEWS Deutschland\" \/>\n<meta property=\"article:publisher\" content=\"https:\/\/www.facebook.com\/wirmachenauf\" \/>\n<meta property=\"article:published_time\" content=\"2023-12-20T05:30:52+00:00\" \/>\n<meta property=\"og:image\" content=\"https:\/\/now-news.de\/de\/wp-content\/uploads\/sites\/3\/2023\/12\/Die-weiche-Macht-des-hartnaeckigen-Orban.jpg\" \/>\n\t<meta property=\"og:image:width\" content=\"460\" \/>\n\t<meta property=\"og:image:height\" content=\"259\" \/>\n\t<meta property=\"og:image:type\" content=\"image\/jpeg\" \/>\n<meta name=\"author\" content=\"rtnews\" \/>\n<meta name=\"twitter:card\" content=\"summary_large_image\" \/>\n<meta name=\"twitter:creator\" content=\"@WirMachenAuf_de\" \/>\n<meta name=\"twitter:site\" content=\"@WirMachenAuf_de\" \/>\n<meta name=\"twitter:label1\" content=\"Verfasst von\" \/>\n\t<meta name=\"twitter:data1\" content=\"rtnews\" \/>\n\t<meta name=\"twitter:label2\" content=\"Gesch\u00e4tzte Lesezeit\" \/>\n\t<meta name=\"twitter:data2\" content=\"4\u00a0Minuten\" \/>\n<script type=\"application\/ld+json\" class=\"yoast-schema-graph\">{\"@context\":\"https:\/\/schema.org\",\"@graph\":[{\"@type\":\"Article\",\"@id\":\"https:\/\/now-news.de\/de\/deutschland\/die-weiche-macht-des-hartnaeckigen-orban\/#article\",\"isPartOf\":{\"@id\":\"https:\/\/now-news.de\/de\/deutschland\/die-weiche-macht-des-hartnaeckigen-orban\/\"},\"author\":{\"name\":\"rtnews\",\"@id\":\"https:\/\/now-news.de\/de\/#\/schema\/person\/fb534a4e865501d8b3285208df34a9b5\"},\"headline\":\"Die weiche Macht des hartn\u00e4ckigen Orb\u00e1n\",\"datePublished\":\"2023-12-20T05:30:52+00:00\",\"dateModified\":\"2023-12-20T05:30:52+00:00\",\"mainEntityOfPage\":{\"@id\":\"https:\/\/now-news.de\/de\/deutschland\/die-weiche-macht-des-hartnaeckigen-orban\/\"},\"wordCount\":744,\"commentCount\":0,\"publisher\":{\"@id\":\"https:\/\/now-news.de\/de\/#organization\"},\"image\":{\"@id\":\"https:\/\/now-news.de\/de\/deutschland\/die-weiche-macht-des-hartnaeckigen-orban\/#primaryimage\"},\"thumbnailUrl\":\"https:\/\/now-news.de\/de\/wp-content\/uploads\/sites\/3\/2023\/12\/Die-weiche-Macht-des-hartnaeckigen-Orban.jpg\",\"keywords\":[\"des\",\"die\",\"hartn\u00e4ckigen\",\"Macht\",\"Orb\u00e1n\",\"Weiche\"],\"articleSection\":[\"Deutschland\",\"Russland\"],\"inLanguage\":\"de\",\"potentialAction\":[{\"@type\":\"CommentAction\",\"name\":\"Comment\",\"target\":[\"https:\/\/now-news.de\/de\/deutschland\/die-weiche-macht-des-hartnaeckigen-orban\/#respond\"]}]},{\"@type\":\"WebPage\",\"@id\":\"https:\/\/now-news.de\/de\/deutschland\/die-weiche-macht-des-hartnaeckigen-orban\/\",\"url\":\"https:\/\/now-news.de\/de\/deutschland\/die-weiche-macht-des-hartnaeckigen-orban\/\",\"name\":\"Die weiche Macht des hartn\u00e4ckigen Orb\u00e1n - just-now.NEWS Deutschland\",\"isPartOf\":{\"@id\":\"https:\/\/now-news.de\/de\/#website\"},\"primaryImageOfPage\":{\"@id\":\"https:\/\/now-news.de\/de\/deutschland\/die-weiche-macht-des-hartnaeckigen-orban\/#primaryimage\"},\"image\":{\"@id\":\"https:\/\/now-news.de\/de\/deutschland\/die-weiche-macht-des-hartnaeckigen-orban\/#primaryimage\"},\"thumbnailUrl\":\"https:\/\/now-news.de\/de\/wp-content\/uploads\/sites\/3\/2023\/12\/Die-weiche-Macht-des-hartnaeckigen-Orban.jpg\",\"datePublished\":\"2023-12-20T05:30:52+00:00\",\"dateModified\":\"2023-12-20T05:30:52+00:00\",\"breadcrumb\":{\"@id\":\"https:\/\/now-news.de\/de\/deutschland\/die-weiche-macht-des-hartnaeckigen-orban\/#breadcrumb\"},\"inLanguage\":\"de\",\"potentialAction\":[{\"@type\":\"ReadAction\",\"target\":[\"https:\/\/now-news.de\/de\/deutschland\/die-weiche-macht-des-hartnaeckigen-orban\/\"]}]},{\"@type\":\"ImageObject\",\"inLanguage\":\"de\",\"@id\":\"https:\/\/now-news.de\/de\/deutschland\/die-weiche-macht-des-hartnaeckigen-orban\/#primaryimage\",\"url\":\"https:\/\/now-news.de\/de\/wp-content\/uploads\/sites\/3\/2023\/12\/Die-weiche-Macht-des-hartnaeckigen-Orban.jpg\",\"contentUrl\":\"https:\/\/now-news.de\/de\/wp-content\/uploads\/sites\/3\/2023\/12\/Die-weiche-Macht-des-hartnaeckigen-Orban.jpg\",\"width\":460,\"height\":259,\"caption\":\"Die weiche Macht des hartn\u00e4ckigen Orb\u00e1n\"},{\"@type\":\"BreadcrumbList\",\"@id\":\"https:\/\/now-news.de\/de\/deutschland\/die-weiche-macht-des-hartnaeckigen-orban\/#breadcrumb\",\"itemListElement\":[{\"@type\":\"ListItem\",\"position\":1,\"name\":\"Home\",\"item\":\"https:\/\/now-news.de\/de\/\"},{\"@type\":\"ListItem\",\"position\":2,\"name\":\"Die weiche Macht des hartn\u00e4ckigen Orb\u00e1n\"}]},{\"@type\":\"WebSite\",\"@id\":\"https:\/\/now-news.de\/de\/#website\",\"url\":\"https:\/\/now-news.de\/de\/\",\"name\":\"just-now.NEWS Deutschland\",\"description\":\"Das Portal f\u00fcr unzensierte Nachrichten aus der Welt\",\"publisher\":{\"@id\":\"https:\/\/now-news.de\/de\/#organization\"},\"potentialAction\":[{\"@type\":\"SearchAction\",\"target\":{\"@type\":\"EntryPoint\",\"urlTemplate\":\"https:\/\/now-news.de\/de\/?s={search_term_string}\"},\"query-input\":\"required name=search_term_string\"}],\"inLanguage\":\"de\"},{\"@type\":\"Organization\",\"@id\":\"https:\/\/now-news.de\/de\/#organization\",\"name\":\"Just Now News\",\"url\":\"https:\/\/now-news.de\/de\/\",\"logo\":{\"@type\":\"ImageObject\",\"inLanguage\":\"de\",\"@id\":\"https:\/\/now-news.de\/de\/#\/schema\/logo\/image\/\",\"url\":\"http:\/\/just-now.news\/de\/wp-content\/uploads\/sites\/3\/2022\/04\/logo500x500.jpg\",\"contentUrl\":\"http:\/\/just-now.news\/de\/wp-content\/uploads\/sites\/3\/2022\/04\/logo500x500.jpg\",\"width\":500,\"height\":500,\"caption\":\"Just Now News\"},\"image\":{\"@id\":\"https:\/\/now-news.de\/de\/#\/schema\/logo\/image\/\"},\"sameAs\":[\"https:\/\/www.facebook.com\/wirmachenauf\",\"https:\/\/x.com\/WirMachenAuf_de\"]},{\"@type\":\"Person\",\"@id\":\"https:\/\/now-news.de\/de\/#\/schema\/person\/fb534a4e865501d8b3285208df34a9b5\",\"name\":\"rtnews\",\"image\":{\"@type\":\"ImageObject\",\"inLanguage\":\"de\",\"@id\":\"https:\/\/now-news.de\/de\/#\/schema\/person\/image\/\",\"url\":\"https:\/\/secure.gravatar.com\/avatar\/82aafea7d8127119dd649515f56e2117?s=96&d=mm&r=g\",\"contentUrl\":\"https:\/\/secure.gravatar.com\/avatar\/82aafea7d8127119dd649515f56e2117?s=96&d=mm&r=g\",\"caption\":\"rtnews\"},\"url\":\"https:\/\/now-news.de\/de\/author\/rnews\/\"}]}<\/script>\n<!-- \/ Yoast SEO Premium plugin. -->","yoast_head_json":{"title":"Die weiche Macht des hartn\u00e4ckigen Orb\u00e1n - just-now.NEWS Deutschland","robots":{"index":"index","follow":"follow","max-snippet":"max-snippet:-1","max-image-preview":"max-image-preview:large","max-video-preview":"max-video-preview:-1"},"canonical":"https:\/\/now-news.de\/de\/deutschland\/die-weiche-macht-des-hartnaeckigen-orban\/","og_locale":"de_DE","og_type":"article","og_title":"Die weiche Macht des hartn\u00e4ckigen Orb\u00e1n","og_description":"Ungarn und Serbien haben sich gemeinsam daf\u00fcr eingesetzt, dass Bulgarien seine Entscheidung, Transitsteuern f\u00fcr russisches Gas in diese beiden L\u00e4nder zu erheben, wieder zur\u00fccknimmt. Offensichtlich hatte sich Br\u00fcssel darum bem\u00fcht, Serbien wegen seiner Politik der Vermeidung von Russland-Sanktionen abzustrafen. Von Marinko U\u010dur Nur zwei Monate nachdem Bulgarien Transitsteuern f\u00fcr russisches Gas nach Serbien und Ungarn [&hellip;]","og_url":"https:\/\/now-news.de\/de\/deutschland\/die-weiche-macht-des-hartnaeckigen-orban\/","og_site_name":"just-now.NEWS Deutschland","article_publisher":"https:\/\/www.facebook.com\/wirmachenauf","article_published_time":"2023-12-20T05:30:52+00:00","og_image":[{"width":460,"height":259,"url":"https:\/\/now-news.de\/de\/wp-content\/uploads\/sites\/3\/2023\/12\/Die-weiche-Macht-des-hartnaeckigen-Orban.jpg","type":"image\/jpeg"}],"author":"rtnews","twitter_card":"summary_large_image","twitter_creator":"@WirMachenAuf_de","twitter_site":"@WirMachenAuf_de","twitter_misc":{"Verfasst von":"rtnews","Gesch\u00e4tzte Lesezeit":"4\u00a0Minuten"},"schema":{"@context":"https:\/\/schema.org","@graph":[{"@type":"Article","@id":"https:\/\/now-news.de\/de\/deutschland\/die-weiche-macht-des-hartnaeckigen-orban\/#article","isPartOf":{"@id":"https:\/\/now-news.de\/de\/deutschland\/die-weiche-macht-des-hartnaeckigen-orban\/"},"author":{"name":"rtnews","@id":"https:\/\/now-news.de\/de\/#\/schema\/person\/fb534a4e865501d8b3285208df34a9b5"},"headline":"Die weiche Macht des hartn\u00e4ckigen Orb\u00e1n","datePublished":"2023-12-20T05:30:52+00:00","dateModified":"2023-12-20T05:30:52+00:00","mainEntityOfPage":{"@id":"https:\/\/now-news.de\/de\/deutschland\/die-weiche-macht-des-hartnaeckigen-orban\/"},"wordCount":744,"commentCount":0,"publisher":{"@id":"https:\/\/now-news.de\/de\/#organization"},"image":{"@id":"https:\/\/now-news.de\/de\/deutschland\/die-weiche-macht-des-hartnaeckigen-orban\/#primaryimage"},"thumbnailUrl":"https:\/\/now-news.de\/de\/wp-content\/uploads\/sites\/3\/2023\/12\/Die-weiche-Macht-des-hartnaeckigen-Orban.jpg","keywords":["des","die","hartn\u00e4ckigen","Macht","Orb\u00e1n","Weiche"],"articleSection":["Deutschland","Russland"],"inLanguage":"de","potentialAction":[{"@type":"CommentAction","name":"Comment","target":["https:\/\/now-news.de\/de\/deutschland\/die-weiche-macht-des-hartnaeckigen-orban\/#respond"]}]},{"@type":"WebPage","@id":"https:\/\/now-news.de\/de\/deutschland\/die-weiche-macht-des-hartnaeckigen-orban\/","url":"https:\/\/now-news.de\/de\/deutschland\/die-weiche-macht-des-hartnaeckigen-orban\/","name":"Die weiche Macht des hartn\u00e4ckigen Orb\u00e1n - just-now.NEWS Deutschland","isPartOf":{"@id":"https:\/\/now-news.de\/de\/#website"},"primaryImageOfPage":{"@id":"https:\/\/now-news.de\/de\/deutschland\/die-weiche-macht-des-hartnaeckigen-orban\/#primaryimage"},"image":{"@id":"https:\/\/now-news.de\/de\/deutschland\/die-weiche-macht-des-hartnaeckigen-orban\/#primaryimage"},"thumbnailUrl":"https:\/\/now-news.de\/de\/wp-content\/uploads\/sites\/3\/2023\/12\/Die-weiche-Macht-des-hartnaeckigen-Orban.jpg","datePublished":"2023-12-20T05:30:52+00:00","dateModified":"2023-12-20T05:30:52+00:00","breadcrumb":{"@id":"https:\/\/now-news.de\/de\/deutschland\/die-weiche-macht-des-hartnaeckigen-orban\/#breadcrumb"},"inLanguage":"de","potentialAction":[{"@type":"ReadAction","target":["https:\/\/now-news.de\/de\/deutschland\/die-weiche-macht-des-hartnaeckigen-orban\/"]}]},{"@type":"ImageObject","inLanguage":"de","@id":"https:\/\/now-news.de\/de\/deutschland\/die-weiche-macht-des-hartnaeckigen-orban\/#primaryimage","url":"https:\/\/now-news.de\/de\/wp-content\/uploads\/sites\/3\/2023\/12\/Die-weiche-Macht-des-hartnaeckigen-Orban.jpg","contentUrl":"https:\/\/now-news.de\/de\/wp-content\/uploads\/sites\/3\/2023\/12\/Die-weiche-Macht-des-hartnaeckigen-Orban.jpg","width":460,"height":259,"caption":"Die weiche Macht des hartn\u00e4ckigen Orb\u00e1n"},{"@type":"BreadcrumbList","@id":"https:\/\/now-news.de\/de\/deutschland\/die-weiche-macht-des-hartnaeckigen-orban\/#breadcrumb","itemListElement":[{"@type":"ListItem","position":1,"name":"Home","item":"https:\/\/now-news.de\/de\/"},{"@type":"ListItem","position":2,"name":"Die weiche Macht des hartn\u00e4ckigen Orb\u00e1n"}]},{"@type":"WebSite","@id":"https:\/\/now-news.de\/de\/#website","url":"https:\/\/now-news.de\/de\/","name":"just-now.NEWS Deutschland","description":"Das Portal f\u00fcr unzensierte Nachrichten aus der Welt","publisher":{"@id":"https:\/\/now-news.de\/de\/#organization"},"potentialAction":[{"@type":"SearchAction","target":{"@type":"EntryPoint","urlTemplate":"https:\/\/now-news.de\/de\/?s={search_term_string}"},"query-input":"required name=search_term_string"}],"inLanguage":"de"},{"@type":"Organization","@id":"https:\/\/now-news.de\/de\/#organization","name":"Just Now News","url":"https:\/\/now-news.de\/de\/","logo":{"@type":"ImageObject","inLanguage":"de","@id":"https:\/\/now-news.de\/de\/#\/schema\/logo\/image\/","url":"http:\/\/just-now.news\/de\/wp-content\/uploads\/sites\/3\/2022\/04\/logo500x500.jpg","contentUrl":"http:\/\/just-now.news\/de\/wp-content\/uploads\/sites\/3\/2022\/04\/logo500x500.jpg","width":500,"height":500,"caption":"Just Now News"},"image":{"@id":"https:\/\/now-news.de\/de\/#\/schema\/logo\/image\/"},"sameAs":["https:\/\/www.facebook.com\/wirmachenauf","https:\/\/x.com\/WirMachenAuf_de"]},{"@type":"Person","@id":"https:\/\/now-news.de\/de\/#\/schema\/person\/fb534a4e865501d8b3285208df34a9b5","name":"rtnews","image":{"@type":"ImageObject","inLanguage":"de","@id":"https:\/\/now-news.de\/de\/#\/schema\/person\/image\/","url":"https:\/\/secure.gravatar.com\/avatar\/82aafea7d8127119dd649515f56e2117?s=96&d=mm&r=g","contentUrl":"https:\/\/secure.gravatar.com\/avatar\/82aafea7d8127119dd649515f56e2117?s=96&d=mm&r=g","caption":"rtnews"},"url":"https:\/\/now-news.de\/de\/author\/rnews\/"}]}},"_links":{"self":[{"href":"https:\/\/now-news.de\/de\/wp-json\/wp\/v2\/posts\/51872"}],"collection":[{"href":"https:\/\/now-news.de\/de\/wp-json\/wp\/v2\/posts"}],"about":[{"href":"https:\/\/now-news.de\/de\/wp-json\/wp\/v2\/types\/post"}],"author":[{"embeddable":true,"href":"https:\/\/now-news.de\/de\/wp-json\/wp\/v2\/users\/3"}],"replies":[{"embeddable":true,"href":"https:\/\/now-news.de\/de\/wp-json\/wp\/v2\/comments?post=51872"}],"version-history":[{"count":0,"href":"https:\/\/now-news.de\/de\/wp-json\/wp\/v2\/posts\/51872\/revisions"}],"wp:featuredmedia":[{"embeddable":true,"href":"https:\/\/now-news.de\/de\/wp-json\/wp\/v2\/media\/51873"}],"wp:attachment":[{"href":"https:\/\/now-news.de\/de\/wp-json\/wp\/v2\/media?parent=51872"}],"wp:term":[{"taxonomy":"category","embeddable":true,"href":"https:\/\/now-news.de\/de\/wp-json\/wp\/v2\/categories?post=51872"},{"taxonomy":"post_tag","embeddable":true,"href":"https:\/\/now-news.de\/de\/wp-json\/wp\/v2\/tags?post=51872"}],"curies":[{"name":"wp","href":"https:\/\/api.w.org\/{rel}","templated":true}]}}