{"id":51774,"date":"2023-12-18T17:01:52","date_gmt":"2023-12-18T15:01:52","guid":{"rendered":"https:\/\/just-now.news\/de\/deutschland\/angriff-auf-polizisten-ex-kaempfer-der-wagner-gruppe-verurteilt\/"},"modified":"2023-12-18T17:01:52","modified_gmt":"2023-12-18T15:01:52","slug":"angriff-auf-polizisten-ex-kaempfer-der-wagner-gruppe-verurteilt","status":"publish","type":"post","link":"https:\/\/now-news.de\/de\/deutschland\/angriff-auf-polizisten-ex-kaempfer-der-wagner-gruppe-verurteilt\/","title":{"rendered":"Angriff auf Polizisten: Ex-K\u00e4mpfer der Wagner-Gruppe verurteilt"},"content":{"rendered":"<p><img decoding=\"async\" src=\"http:\/\/just-now.news\/de\/wp-content\/uploads\/sites\/3\/2023\/12\/65805963b480cc6c814a6129.jpg\" \/><\/p>\n<div class=\"Text-root Text-type_1 \">\n                Pawel Nikolin, ein Ex-K\u00e4mpfer der Wagner-Gruppe, ist zu fast sieben Jahren Haft verurteilt worden. Ein Gericht in Russland befand ihn des Schie\u00dfens auf zwei Polizisten f\u00fcr schuldig. W\u00e4hrend des Vorfalls im Dezember 2022 verletzte der Verurteilte einen der Polizisten.\n            <\/div>\n<p><\/p>\n<div class=\"Text-root Text-type_5 ArticleView-text ViewText-root \">\n<p>Ein Gericht im russischen Gebiet Rostow hat am Montag einen ehemaligen K\u00e4mpfer des milit\u00e4rischen Privatunternehmens &#8220;Gruppe Wagner&#8221; zu sechs Jahren und elf Monaten Haft verurteilt. Der Verurteilte, Pawel Nikolin, schoss im Dezember 2022 auf zwei Polizisten. Wie ein <em>TASS<\/em>-Reporter aus dem Gerichtssaal berichtete, wurde der Mann des illegalen Waffenbesitzes, der Morddrohung und der fahrl\u00e4ssigen K\u00f6rperverletzung f\u00fcr schuldig befunden.<\/p>\n<p>Der Vorfall hatte sich am 6. Dezember 2022 bei der Stadt Nowoschachtinsk an der Grenze zwischen dem Gebiet Rostow und der Volksrepublik Lugansk (LVR) ereignet. Nikolin feuerte aus einem Handmaschinengewehr auf zwei Polizisten. Die Beamten waren auf ihn gesto\u00dfen, als sie die Umgebung der Stadt nach einer vermissten Frau absuchten. Einer der Polizisten wurde verletzt. Der Wagner-K\u00e4mpfer floh vom Tatort, wurde aber am n\u00e4chsten Tag festgenommen.<\/p>\n<p>Ermittler im Strafverfahren stellten fest, dass Nikolin mindestens dreimal auf das Auto mit den Polizisten geschossen habe. W\u00e4hrend des Verh\u00f6rs habe der Mann die Ereignisse damit erkl\u00e4rt, dass er hinter seiner Gruppe zur\u00fcckgeblieben sei und sich verirrt habe. Zudem habe er nicht verstanden, dass er vom Territorium der LVR ins Gebiet Rostow gelangt sei. Die Polizisten habe Nikolin mit Ukrainern verwechselt und daher auf\u00a0sie geschossen.<\/p>\n<p>Zuvor hatte die Zeitung <em>Kommersant<\/em> unter Berufung auf die \u00f6ffentlichen Gerichtsdaten mitgeteilt, dass Nikolin zwischen 2007 und 2016 in der Teilrepublik Baschkortostan mehrfach verurteilt worden war. Unter\u00a0anderem wurde er des Autodiebstahls und der Flucht aus einer Strafkolonie f\u00fcr schuldig befunden. Im Fall des Schie\u00dfens auf Polizisten wurde der Ex-Wagner-K\u00e4mpfer zu vier Jahren Gef\u00e4ngnis verurteilt. Unter Ber\u00fccksichtigung einer vorherigen Strafe f\u00fcr ein anderes Verbrechen muss er nun sechs Jahre und elf Monate abb\u00fc\u00dfen.<\/p>\n<p><strong>Mehr zum Thema\u00a0\u2013<\/strong>\u00a0<a rel=\"nofollow noopener\" target=\"_blank\" href=\"https:\/\/freedert.online\/russland\/182822-putin-zum-absturz-prigoschin-jets\/\">Putin zum Absturz des Prigoschin-Jets: In den K\u00f6rpern wurden Splitter von Handgranaten gefunden<\/a><\/p>\n<\/div>\n<p><br \/>\n<br \/><a href=\"https:\/\/de.rt.com\/russland\/190242-ex-kaempfer-wagner-gruppe\/\">Source link <\/a><\/p>\n","protected":false},"excerpt":{"rendered":"<p>Pawel Nikolin, ein Ex-K\u00e4mpfer der Wagner-Gruppe, ist zu fast sieben Jahren Haft verurteilt worden. Ein Gericht in Russland befand ihn des Schie\u00dfens auf zwei Polizisten f\u00fcr schuldig. W\u00e4hrend des Vorfalls im Dezember 2022 verletzte der Verurteilte einen der Polizisten. Ein Gericht im russischen Gebiet Rostow hat am Montag einen ehemaligen K\u00e4mpfer des milit\u00e4rischen Privatunternehmens &#8220;Gruppe [&hellip;]<\/p>\n","protected":false},"author":3,"featured_media":51775,"comment_status":"open","ping_status":"open","sticky":false,"template":"","format":"standard","meta":{"_yoast_indexnow_last_ping":["1702912187"],"wp_automatic_camp":["217"],"208f0c362dca5847aadbcca90f621b5d":["Angriff auf Polizisten: Ex-K\u00e4mpfer der Wagner-Gruppe verurteilt"],"original_link":["https:\/\/de.rt.com\/russland\/190242-ex-kaempfer-wagner-gruppe\/"],"_thumbnail_id":["51775"],"_wptgpro_p2tg_sent2tg":["a:1:{i:23737;s:19:\"2023-12-18 17:11:16\";}"],"jnews_social_counter_last_update":["1777230007"]},"categories":[19,23],"tags":[6126,133,82,51721,5028,2006,35498],"yoast_head":"<!-- This site is optimized with the Yoast SEO Premium plugin v22.7 (Yoast SEO v22.7) - https:\/\/yoast.com\/wordpress\/plugins\/seo\/ -->\n<title>Angriff auf Polizisten: Ex-K\u00e4mpfer der Wagner-Gruppe verurteilt - just-now.NEWS Deutschland<\/title>\n<meta name=\"robots\" content=\"index, follow, max-snippet:-1, max-image-preview:large, max-video-preview:-1\" \/>\n<link rel=\"canonical\" href=\"https:\/\/now-news.de\/de\/deutschland\/angriff-auf-polizisten-ex-kaempfer-der-wagner-gruppe-verurteilt\/\" \/>\n<meta property=\"og:locale\" content=\"de_DE\" \/>\n<meta property=\"og:type\" content=\"article\" \/>\n<meta property=\"og:title\" content=\"Angriff auf Polizisten: Ex-K\u00e4mpfer der Wagner-Gruppe verurteilt\" \/>\n<meta property=\"og:description\" content=\"Pawel Nikolin, ein Ex-K\u00e4mpfer der Wagner-Gruppe, ist zu fast sieben Jahren Haft verurteilt worden. Ein Gericht in Russland befand ihn des Schie\u00dfens auf zwei Polizisten f\u00fcr schuldig. W\u00e4hrend des Vorfalls im Dezember 2022 verletzte der Verurteilte einen der Polizisten. Ein Gericht im russischen Gebiet Rostow hat am Montag einen ehemaligen K\u00e4mpfer des milit\u00e4rischen Privatunternehmens &#8220;Gruppe [&hellip;]\" \/>\n<meta property=\"og:url\" content=\"https:\/\/now-news.de\/de\/deutschland\/angriff-auf-polizisten-ex-kaempfer-der-wagner-gruppe-verurteilt\/\" \/>\n<meta property=\"og:site_name\" content=\"just-now.NEWS Deutschland\" \/>\n<meta property=\"article:publisher\" content=\"https:\/\/www.facebook.com\/wirmachenauf\" \/>\n<meta property=\"article:published_time\" content=\"2023-12-18T15:01:52+00:00\" \/>\n<meta property=\"og:image\" content=\"https:\/\/now-news.de\/de\/wp-content\/uploads\/sites\/3\/2023\/12\/Angriff-auf-Polizisten-Ex-Kaempfer-der-Wagner-Gruppe-verurteilt.jpg\" \/>\n\t<meta property=\"og:image:width\" content=\"460\" \/>\n\t<meta property=\"og:image:height\" content=\"259\" \/>\n\t<meta property=\"og:image:type\" content=\"image\/jpeg\" \/>\n<meta name=\"author\" content=\"rtnews\" \/>\n<meta name=\"twitter:card\" content=\"summary_large_image\" \/>\n<meta name=\"twitter:creator\" content=\"@WirMachenAuf_de\" \/>\n<meta name=\"twitter:site\" content=\"@WirMachenAuf_de\" \/>\n<meta name=\"twitter:label1\" content=\"Verfasst von\" \/>\n\t<meta name=\"twitter:data1\" content=\"rtnews\" \/>\n\t<meta name=\"twitter:label2\" content=\"Gesch\u00e4tzte Lesezeit\" \/>\n\t<meta name=\"twitter:data2\" content=\"2\u00a0Minuten\" \/>\n<script type=\"application\/ld+json\" class=\"yoast-schema-graph\">{\"@context\":\"https:\/\/schema.org\",\"@graph\":[{\"@type\":\"Article\",\"@id\":\"https:\/\/now-news.de\/de\/deutschland\/angriff-auf-polizisten-ex-kaempfer-der-wagner-gruppe-verurteilt\/#article\",\"isPartOf\":{\"@id\":\"https:\/\/now-news.de\/de\/deutschland\/angriff-auf-polizisten-ex-kaempfer-der-wagner-gruppe-verurteilt\/\"},\"author\":{\"name\":\"rtnews\",\"@id\":\"https:\/\/now-news.de\/de\/#\/schema\/person\/fb534a4e865501d8b3285208df34a9b5\"},\"headline\":\"Angriff auf Polizisten: Ex-K\u00e4mpfer der Wagner-Gruppe verurteilt\",\"datePublished\":\"2023-12-18T15:01:52+00:00\",\"dateModified\":\"2023-12-18T15:01:52+00:00\",\"mainEntityOfPage\":{\"@id\":\"https:\/\/now-news.de\/de\/deutschland\/angriff-auf-polizisten-ex-kaempfer-der-wagner-gruppe-verurteilt\/\"},\"wordCount\":347,\"commentCount\":0,\"publisher\":{\"@id\":\"https:\/\/now-news.de\/de\/#organization\"},\"image\":{\"@id\":\"https:\/\/now-news.de\/de\/deutschland\/angriff-auf-polizisten-ex-kaempfer-der-wagner-gruppe-verurteilt\/#primaryimage\"},\"thumbnailUrl\":\"https:\/\/now-news.de\/de\/wp-content\/uploads\/sites\/3\/2023\/12\/Angriff-auf-Polizisten-Ex-Kaempfer-der-Wagner-Gruppe-verurteilt.jpg\",\"keywords\":[\"Angriff\",\"AUF\",\"der\",\"ExK\u00e4mpfer\",\"Polizisten\",\"verurteilt\",\"WagnerGruppe\"],\"articleSection\":[\"Deutschland\",\"Russland\"],\"inLanguage\":\"de\",\"potentialAction\":[{\"@type\":\"CommentAction\",\"name\":\"Comment\",\"target\":[\"https:\/\/now-news.de\/de\/deutschland\/angriff-auf-polizisten-ex-kaempfer-der-wagner-gruppe-verurteilt\/#respond\"]}]},{\"@type\":\"WebPage\",\"@id\":\"https:\/\/now-news.de\/de\/deutschland\/angriff-auf-polizisten-ex-kaempfer-der-wagner-gruppe-verurteilt\/\",\"url\":\"https:\/\/now-news.de\/de\/deutschland\/angriff-auf-polizisten-ex-kaempfer-der-wagner-gruppe-verurteilt\/\",\"name\":\"Angriff auf Polizisten: Ex-K\u00e4mpfer der Wagner-Gruppe verurteilt - just-now.NEWS Deutschland\",\"isPartOf\":{\"@id\":\"https:\/\/now-news.de\/de\/#website\"},\"primaryImageOfPage\":{\"@id\":\"https:\/\/now-news.de\/de\/deutschland\/angriff-auf-polizisten-ex-kaempfer-der-wagner-gruppe-verurteilt\/#primaryimage\"},\"image\":{\"@id\":\"https:\/\/now-news.de\/de\/deutschland\/angriff-auf-polizisten-ex-kaempfer-der-wagner-gruppe-verurteilt\/#primaryimage\"},\"thumbnailUrl\":\"https:\/\/now-news.de\/de\/wp-content\/uploads\/sites\/3\/2023\/12\/Angriff-auf-Polizisten-Ex-Kaempfer-der-Wagner-Gruppe-verurteilt.jpg\",\"datePublished\":\"2023-12-18T15:01:52+00:00\",\"dateModified\":\"2023-12-18T15:01:52+00:00\",\"breadcrumb\":{\"@id\":\"https:\/\/now-news.de\/de\/deutschland\/angriff-auf-polizisten-ex-kaempfer-der-wagner-gruppe-verurteilt\/#breadcrumb\"},\"inLanguage\":\"de\",\"potentialAction\":[{\"@type\":\"ReadAction\",\"target\":[\"https:\/\/now-news.de\/de\/deutschland\/angriff-auf-polizisten-ex-kaempfer-der-wagner-gruppe-verurteilt\/\"]}]},{\"@type\":\"ImageObject\",\"inLanguage\":\"de\",\"@id\":\"https:\/\/now-news.de\/de\/deutschland\/angriff-auf-polizisten-ex-kaempfer-der-wagner-gruppe-verurteilt\/#primaryimage\",\"url\":\"https:\/\/now-news.de\/de\/wp-content\/uploads\/sites\/3\/2023\/12\/Angriff-auf-Polizisten-Ex-Kaempfer-der-Wagner-Gruppe-verurteilt.jpg\",\"contentUrl\":\"https:\/\/now-news.de\/de\/wp-content\/uploads\/sites\/3\/2023\/12\/Angriff-auf-Polizisten-Ex-Kaempfer-der-Wagner-Gruppe-verurteilt.jpg\",\"width\":460,\"height\":259,\"caption\":\"Angriff auf Polizisten: Ex-K\u00e4mpfer der Wagner-Gruppe verurteilt\"},{\"@type\":\"BreadcrumbList\",\"@id\":\"https:\/\/now-news.de\/de\/deutschland\/angriff-auf-polizisten-ex-kaempfer-der-wagner-gruppe-verurteilt\/#breadcrumb\",\"itemListElement\":[{\"@type\":\"ListItem\",\"position\":1,\"name\":\"Home\",\"item\":\"https:\/\/now-news.de\/de\/\"},{\"@type\":\"ListItem\",\"position\":2,\"name\":\"Angriff auf Polizisten: Ex-K\u00e4mpfer der Wagner-Gruppe verurteilt\"}]},{\"@type\":\"WebSite\",\"@id\":\"https:\/\/now-news.de\/de\/#website\",\"url\":\"https:\/\/now-news.de\/de\/\",\"name\":\"just-now.NEWS Deutschland\",\"description\":\"Das Portal f\u00fcr unzensierte Nachrichten aus der Welt\",\"publisher\":{\"@id\":\"https:\/\/now-news.de\/de\/#organization\"},\"potentialAction\":[{\"@type\":\"SearchAction\",\"target\":{\"@type\":\"EntryPoint\",\"urlTemplate\":\"https:\/\/now-news.de\/de\/?s={search_term_string}\"},\"query-input\":\"required name=search_term_string\"}],\"inLanguage\":\"de\"},{\"@type\":\"Organization\",\"@id\":\"https:\/\/now-news.de\/de\/#organization\",\"name\":\"Just Now News\",\"url\":\"https:\/\/now-news.de\/de\/\",\"logo\":{\"@type\":\"ImageObject\",\"inLanguage\":\"de\",\"@id\":\"https:\/\/now-news.de\/de\/#\/schema\/logo\/image\/\",\"url\":\"http:\/\/just-now.news\/de\/wp-content\/uploads\/sites\/3\/2022\/04\/logo500x500.jpg\",\"contentUrl\":\"http:\/\/just-now.news\/de\/wp-content\/uploads\/sites\/3\/2022\/04\/logo500x500.jpg\",\"width\":500,\"height\":500,\"caption\":\"Just Now News\"},\"image\":{\"@id\":\"https:\/\/now-news.de\/de\/#\/schema\/logo\/image\/\"},\"sameAs\":[\"https:\/\/www.facebook.com\/wirmachenauf\",\"https:\/\/x.com\/WirMachenAuf_de\"]},{\"@type\":\"Person\",\"@id\":\"https:\/\/now-news.de\/de\/#\/schema\/person\/fb534a4e865501d8b3285208df34a9b5\",\"name\":\"rtnews\",\"image\":{\"@type\":\"ImageObject\",\"inLanguage\":\"de\",\"@id\":\"https:\/\/now-news.de\/de\/#\/schema\/person\/image\/\",\"url\":\"https:\/\/secure.gravatar.com\/avatar\/82aafea7d8127119dd649515f56e2117?s=96&d=mm&r=g\",\"contentUrl\":\"https:\/\/secure.gravatar.com\/avatar\/82aafea7d8127119dd649515f56e2117?s=96&d=mm&r=g\",\"caption\":\"rtnews\"},\"url\":\"https:\/\/now-news.de\/de\/author\/rnews\/\"}]}<\/script>\n<!-- \/ Yoast SEO Premium plugin. -->","yoast_head_json":{"title":"Angriff auf Polizisten: Ex-K\u00e4mpfer der Wagner-Gruppe verurteilt - just-now.NEWS Deutschland","robots":{"index":"index","follow":"follow","max-snippet":"max-snippet:-1","max-image-preview":"max-image-preview:large","max-video-preview":"max-video-preview:-1"},"canonical":"https:\/\/now-news.de\/de\/deutschland\/angriff-auf-polizisten-ex-kaempfer-der-wagner-gruppe-verurteilt\/","og_locale":"de_DE","og_type":"article","og_title":"Angriff auf Polizisten: Ex-K\u00e4mpfer der Wagner-Gruppe verurteilt","og_description":"Pawel Nikolin, ein Ex-K\u00e4mpfer der Wagner-Gruppe, ist zu fast sieben Jahren Haft verurteilt worden. Ein Gericht in Russland befand ihn des Schie\u00dfens auf zwei Polizisten f\u00fcr schuldig. W\u00e4hrend des Vorfalls im Dezember 2022 verletzte der Verurteilte einen der Polizisten. Ein Gericht im russischen Gebiet Rostow hat am Montag einen ehemaligen K\u00e4mpfer des milit\u00e4rischen Privatunternehmens &#8220;Gruppe [&hellip;]","og_url":"https:\/\/now-news.de\/de\/deutschland\/angriff-auf-polizisten-ex-kaempfer-der-wagner-gruppe-verurteilt\/","og_site_name":"just-now.NEWS Deutschland","article_publisher":"https:\/\/www.facebook.com\/wirmachenauf","article_published_time":"2023-12-18T15:01:52+00:00","og_image":[{"width":460,"height":259,"url":"https:\/\/now-news.de\/de\/wp-content\/uploads\/sites\/3\/2023\/12\/Angriff-auf-Polizisten-Ex-Kaempfer-der-Wagner-Gruppe-verurteilt.jpg","type":"image\/jpeg"}],"author":"rtnews","twitter_card":"summary_large_image","twitter_creator":"@WirMachenAuf_de","twitter_site":"@WirMachenAuf_de","twitter_misc":{"Verfasst von":"rtnews","Gesch\u00e4tzte Lesezeit":"2\u00a0Minuten"},"schema":{"@context":"https:\/\/schema.org","@graph":[{"@type":"Article","@id":"https:\/\/now-news.de\/de\/deutschland\/angriff-auf-polizisten-ex-kaempfer-der-wagner-gruppe-verurteilt\/#article","isPartOf":{"@id":"https:\/\/now-news.de\/de\/deutschland\/angriff-auf-polizisten-ex-kaempfer-der-wagner-gruppe-verurteilt\/"},"author":{"name":"rtnews","@id":"https:\/\/now-news.de\/de\/#\/schema\/person\/fb534a4e865501d8b3285208df34a9b5"},"headline":"Angriff auf Polizisten: Ex-K\u00e4mpfer der Wagner-Gruppe verurteilt","datePublished":"2023-12-18T15:01:52+00:00","dateModified":"2023-12-18T15:01:52+00:00","mainEntityOfPage":{"@id":"https:\/\/now-news.de\/de\/deutschland\/angriff-auf-polizisten-ex-kaempfer-der-wagner-gruppe-verurteilt\/"},"wordCount":347,"commentCount":0,"publisher":{"@id":"https:\/\/now-news.de\/de\/#organization"},"image":{"@id":"https:\/\/now-news.de\/de\/deutschland\/angriff-auf-polizisten-ex-kaempfer-der-wagner-gruppe-verurteilt\/#primaryimage"},"thumbnailUrl":"https:\/\/now-news.de\/de\/wp-content\/uploads\/sites\/3\/2023\/12\/Angriff-auf-Polizisten-Ex-Kaempfer-der-Wagner-Gruppe-verurteilt.jpg","keywords":["Angriff","AUF","der","ExK\u00e4mpfer","Polizisten","verurteilt","WagnerGruppe"],"articleSection":["Deutschland","Russland"],"inLanguage":"de","potentialAction":[{"@type":"CommentAction","name":"Comment","target":["https:\/\/now-news.de\/de\/deutschland\/angriff-auf-polizisten-ex-kaempfer-der-wagner-gruppe-verurteilt\/#respond"]}]},{"@type":"WebPage","@id":"https:\/\/now-news.de\/de\/deutschland\/angriff-auf-polizisten-ex-kaempfer-der-wagner-gruppe-verurteilt\/","url":"https:\/\/now-news.de\/de\/deutschland\/angriff-auf-polizisten-ex-kaempfer-der-wagner-gruppe-verurteilt\/","name":"Angriff auf Polizisten: Ex-K\u00e4mpfer der Wagner-Gruppe verurteilt - just-now.NEWS Deutschland","isPartOf":{"@id":"https:\/\/now-news.de\/de\/#website"},"primaryImageOfPage":{"@id":"https:\/\/now-news.de\/de\/deutschland\/angriff-auf-polizisten-ex-kaempfer-der-wagner-gruppe-verurteilt\/#primaryimage"},"image":{"@id":"https:\/\/now-news.de\/de\/deutschland\/angriff-auf-polizisten-ex-kaempfer-der-wagner-gruppe-verurteilt\/#primaryimage"},"thumbnailUrl":"https:\/\/now-news.de\/de\/wp-content\/uploads\/sites\/3\/2023\/12\/Angriff-auf-Polizisten-Ex-Kaempfer-der-Wagner-Gruppe-verurteilt.jpg","datePublished":"2023-12-18T15:01:52+00:00","dateModified":"2023-12-18T15:01:52+00:00","breadcrumb":{"@id":"https:\/\/now-news.de\/de\/deutschland\/angriff-auf-polizisten-ex-kaempfer-der-wagner-gruppe-verurteilt\/#breadcrumb"},"inLanguage":"de","potentialAction":[{"@type":"ReadAction","target":["https:\/\/now-news.de\/de\/deutschland\/angriff-auf-polizisten-ex-kaempfer-der-wagner-gruppe-verurteilt\/"]}]},{"@type":"ImageObject","inLanguage":"de","@id":"https:\/\/now-news.de\/de\/deutschland\/angriff-auf-polizisten-ex-kaempfer-der-wagner-gruppe-verurteilt\/#primaryimage","url":"https:\/\/now-news.de\/de\/wp-content\/uploads\/sites\/3\/2023\/12\/Angriff-auf-Polizisten-Ex-Kaempfer-der-Wagner-Gruppe-verurteilt.jpg","contentUrl":"https:\/\/now-news.de\/de\/wp-content\/uploads\/sites\/3\/2023\/12\/Angriff-auf-Polizisten-Ex-Kaempfer-der-Wagner-Gruppe-verurteilt.jpg","width":460,"height":259,"caption":"Angriff auf Polizisten: Ex-K\u00e4mpfer der Wagner-Gruppe verurteilt"},{"@type":"BreadcrumbList","@id":"https:\/\/now-news.de\/de\/deutschland\/angriff-auf-polizisten-ex-kaempfer-der-wagner-gruppe-verurteilt\/#breadcrumb","itemListElement":[{"@type":"ListItem","position":1,"name":"Home","item":"https:\/\/now-news.de\/de\/"},{"@type":"ListItem","position":2,"name":"Angriff auf Polizisten: Ex-K\u00e4mpfer der Wagner-Gruppe verurteilt"}]},{"@type":"WebSite","@id":"https:\/\/now-news.de\/de\/#website","url":"https:\/\/now-news.de\/de\/","name":"just-now.NEWS Deutschland","description":"Das Portal f\u00fcr unzensierte Nachrichten aus der Welt","publisher":{"@id":"https:\/\/now-news.de\/de\/#organization"},"potentialAction":[{"@type":"SearchAction","target":{"@type":"EntryPoint","urlTemplate":"https:\/\/now-news.de\/de\/?s={search_term_string}"},"query-input":"required name=search_term_string"}],"inLanguage":"de"},{"@type":"Organization","@id":"https:\/\/now-news.de\/de\/#organization","name":"Just Now News","url":"https:\/\/now-news.de\/de\/","logo":{"@type":"ImageObject","inLanguage":"de","@id":"https:\/\/now-news.de\/de\/#\/schema\/logo\/image\/","url":"http:\/\/just-now.news\/de\/wp-content\/uploads\/sites\/3\/2022\/04\/logo500x500.jpg","contentUrl":"http:\/\/just-now.news\/de\/wp-content\/uploads\/sites\/3\/2022\/04\/logo500x500.jpg","width":500,"height":500,"caption":"Just Now News"},"image":{"@id":"https:\/\/now-news.de\/de\/#\/schema\/logo\/image\/"},"sameAs":["https:\/\/www.facebook.com\/wirmachenauf","https:\/\/x.com\/WirMachenAuf_de"]},{"@type":"Person","@id":"https:\/\/now-news.de\/de\/#\/schema\/person\/fb534a4e865501d8b3285208df34a9b5","name":"rtnews","image":{"@type":"ImageObject","inLanguage":"de","@id":"https:\/\/now-news.de\/de\/#\/schema\/person\/image\/","url":"https:\/\/secure.gravatar.com\/avatar\/82aafea7d8127119dd649515f56e2117?s=96&d=mm&r=g","contentUrl":"https:\/\/secure.gravatar.com\/avatar\/82aafea7d8127119dd649515f56e2117?s=96&d=mm&r=g","caption":"rtnews"},"url":"https:\/\/now-news.de\/de\/author\/rnews\/"}]}},"_links":{"self":[{"href":"https:\/\/now-news.de\/de\/wp-json\/wp\/v2\/posts\/51774"}],"collection":[{"href":"https:\/\/now-news.de\/de\/wp-json\/wp\/v2\/posts"}],"about":[{"href":"https:\/\/now-news.de\/de\/wp-json\/wp\/v2\/types\/post"}],"author":[{"embeddable":true,"href":"https:\/\/now-news.de\/de\/wp-json\/wp\/v2\/users\/3"}],"replies":[{"embeddable":true,"href":"https:\/\/now-news.de\/de\/wp-json\/wp\/v2\/comments?post=51774"}],"version-history":[{"count":0,"href":"https:\/\/now-news.de\/de\/wp-json\/wp\/v2\/posts\/51774\/revisions"}],"wp:featuredmedia":[{"embeddable":true,"href":"https:\/\/now-news.de\/de\/wp-json\/wp\/v2\/media\/51775"}],"wp:attachment":[{"href":"https:\/\/now-news.de\/de\/wp-json\/wp\/v2\/media?parent=51774"}],"wp:term":[{"taxonomy":"category","embeddable":true,"href":"https:\/\/now-news.de\/de\/wp-json\/wp\/v2\/categories?post=51774"},{"taxonomy":"post_tag","embeddable":true,"href":"https:\/\/now-news.de\/de\/wp-json\/wp\/v2\/tags?post=51774"}],"curies":[{"name":"wp","href":"https:\/\/api.w.org\/{rel}","templated":true}]}}