{"id":51768,"date":"2023-12-18T14:53:47","date_gmt":"2023-12-18T12:53:47","guid":{"rendered":"https:\/\/just-now.news\/de\/deutschland\/kretschmer-kritisiert-baerbocks-ukraine-politik-sie-hat-selbst-keinen-plan-wo-das-enden-soll\/"},"modified":"2023-12-18T14:53:47","modified_gmt":"2023-12-18T12:53:47","slug":"kretschmer-kritisiert-baerbocks-ukraine-politik-sie-hat-selbst-keinen-plan-wo-das-enden-soll","status":"publish","type":"post","link":"https:\/\/now-news.de\/de\/deutschland\/kretschmer-kritisiert-baerbocks-ukraine-politik-sie-hat-selbst-keinen-plan-wo-das-enden-soll\/","title":{"rendered":"Kretschmer kritisiert Baerbocks Ukraine-Politik: &quot;Sie hat selbst keinen Plan, wo das enden soll&quot;"},"content":{"rendered":"<p><img decoding=\"async\" src=\"http:\/\/just-now.news\/de\/wp-content\/uploads\/sites\/3\/2023\/12\/6580309848fbef01a118a56d.jpg\" \/><\/p>\n<div class=\"Text-root Text-type_1 \">\n                Sachsens Ministerpr\u00e4sident Kretschmer glaubt nicht an einen EU-Beitritt der Ukraine und auch nicht an Au\u00dfenministerin Annalena Baerbock. Sie rede nur \u00fcber Waffenlieferungen und Milliardenzahlungen deutscher Steuergelder. Auf dem diplomatischen Parkett habe sie zu viel Porzellan zerschlagen.\n            <\/div>\n<p><\/p>\n<div class=\"Text-root Text-type_5 ArticleView-text ViewText-root \">\n<p>Sachsens Ministerpr\u00e4sident Michael Kretschmer (CDU) hat am Sonntag scharf gegen die diplomatischen F\u00e4higkeiten von Au\u00dfenministerin Annalena Baerbock (Gr\u00fcne) geschossen. Er glaubt in diesem Zusammenhang nicht an einen EU-Beitritt der Ukraine und will endlich Verhandlungen mit\u00a0Russland anstreben. Gegen\u00fcber der\u00a0<em>Bild<\/em>\u00a0<a rel=\"nofollow noopener\" target=\"_blank\" href=\"https:\/\/www.bild.de\/politik\/inland\/politik-inland\/interview-mit-michael-kretschmer-merz-ist-unser-kanzler-kandidat-86455414.bild.html?ticket=ST-A-1065879-Qtt9Ooc0sjtkg9ZHe6sU-sso-signin-server\">sagte<\/a>\u00a0er:<\/p>\n<blockquote>\n<p><em>&#8220;Die Ukraine braucht nach dem Ende des Krieges eine Perspektive in\u00a0Europa\u00a0und Schutz vor weiteren Angriffen. [\u2026] Aber einen Beitritt zur EU sehe ich auf absehbare Zeit nicht. Erst mal geht es um den Wiederaufbau, die Rechtsstaatlichkeit, eine Normalit\u00e4t und gemeinsame Ziele.&#8221;<\/em><\/p>\n<\/blockquote>\n<p>Kretschmer, der in Dresden selbst mit Gr\u00fcnen und SPD eine Regierung bildet, konstatiert, dass es seit einem Jahr von Berlin aus &#8220;keinerlei diplomatische Initiativen&#8221; gegeben habe, um den Krieg in der Ukraine zu beenden und beklagt, dass w\u00e4hrenddessen &#8220;der Blutzoll und die Kosten f\u00fcr diesen Krieg ins Unermessliche&#8221; steigen. Es reiche daher nicht, nur fragliche Sanktionen zu verh\u00e4ngen. Insgesamt habe die deutsche Diplomatie versagt. Kretschmer sagte weiterh<em>in:\u00a0<\/em>&#8220;Deutschland wird gebraucht f\u00fcr Friedensverhandlungen. Aber niemand auf der Welt nimmt unsere Au\u00dfenministerin noch ernst. Unser Image hat gelitten, weil Frau Baerbock alle Br\u00fccken zu L\u00e4ndern abgebrochen hat, die nicht ihre Werte teilen.&#8221;<\/p>\n<p>Deutschland brauche einen Au\u00dfenminister, der auch bei schwierigen Partnern geachtet wird und deshalb Deutschlands Interessen in der Welt durchsetzt, so der\u00a0G\u00f6rlitzer weiter. Er betonte daher:<\/p>\n<blockquote>\n<p><em>&#8220;Oberstes Ziel ist, dass das Sterben in der Ukraine ein Ende hat. Daf\u00fcr muss man Allianzen bilden, die auf Putin einwirken. Frau Baerbock redet aber nur \u00fcber Waffenlieferungen und riesige Milliardenhilfen f\u00fcr die Ukraine. Sie hat selbst keinen Plan, wo das enden soll.&#8221;<\/em><\/p>\n<\/blockquote>\n<p>Die immer wieder vom Westen aufgestellte Behauptung, dass Russlands Pr\u00e4sident Wladimir Putin selbst Verhandlungen stets eine Absage erteile, l\u00e4sst Kretschmer nicht gelten: &#8220;Diplomatie hei\u00dft nicht, sich nur mit Leuten zu treffen, mit denen man einer Meinung ist. Sondern mit Menschen zu reden, die das Gegenteil von dem wollen, das man selbst will&#8221;, so Kretschmer. Klar sei aber auch: &#8220;Dazu braucht es Klugheit, Kraft und Akzeptanz in der Welt. Die hat die Bundesregierung mit ihrem Rumgepoltere verspielt.&#8221; Im gleichen Interview mit der Bild machte sich Kretschmer dar\u00fcber hinaus f\u00fcr Friedrich Merz als m\u00f6glichen CDU-Kanzlerkandidaten stark \u2013 Merz war jahrelang Lobbyist des US-amerikanischen Finanzkonzerns Blackrock, der bereits jetzt auf gro\u00dfe Gewinne durch einen\u00a0<a rel=\"nofollow noopener\" target=\"_blank\" href=\"https:\/\/www.wiwo.de\/my\/politik\/europa\/operation-wiederaufbau-der-billionenplan-fuer-die-ukraine\/29206900.html\">Wiederaufbau der Ukraine<\/a>\u00a0spekuliert \u2013 und gleichzeitig an zahlreichen R\u00fcstungskonzernen beteiligt ist.<\/p>\n<p><strong>Mehr zum Thema<\/strong>\u00a0\u2013\u00a0<a rel=\"nofollow noopener\" target=\"_blank\" href=\"https:\/\/fromrussiawithlove.rtde.live\/kurzclips\/video\/173461-gragressor-beim-namen-nennen-baerbock\/\">&#8220;Den &#8220;Gragressor&#8221; beim Namen nennen&#8221; \u2013 Baerbock blamiert sich erneut mit peinlichem Versprecher<\/a><\/p>\n<\/p>\n<\/div>\n<p><br \/>\n<br \/><a href=\"https:\/\/de.rt.com\/inland\/190212-kretschmer-kritisiert-baerbocks-ukraine-politik\/\">Source link <\/a><\/p>\n","protected":false},"excerpt":{"rendered":"<p>Sachsens Ministerpr\u00e4sident Kretschmer glaubt nicht an einen EU-Beitritt der Ukraine und auch nicht an Au\u00dfenministerin Annalena Baerbock. Sie rede nur \u00fcber Waffenlieferungen und Milliardenzahlungen deutscher Steuergelder. Auf dem diplomatischen Parkett habe sie zu viel Porzellan zerschlagen. Sachsens Ministerpr\u00e4sident Michael Kretschmer (CDU) hat am Sonntag scharf gegen die diplomatischen F\u00e4higkeiten von Au\u00dfenministerin Annalena Baerbock (Gr\u00fcne) geschossen. [&hellip;]<\/p>\n","protected":false},"author":3,"featured_media":51769,"comment_status":"open","ping_status":"open","sticky":false,"template":"","format":"standard","meta":{"_yoast_indexnow_last_ping":["1702904374"],"wp_automatic_camp":["217"],"eff9da4d519b4889fcdb4a76c7ab622b":["Kretschmer kritisiert Baerbocks Ukraine-Politik: &quot;Sie hat selbst keinen Plan, wo das enden soll&quot;"],"original_link":["https:\/\/de.rt.com\/inland\/190212-kretschmer-kritisiert-baerbocks-ukraine-politik\/"],"_thumbnail_id":["51769"],"_wptgpro_p2tg_sent2tg":["a:1:{i:23737;s:19:\"2023-12-18 15:01:06\";}"],"jnews_social_counter_last_update":["1777174979"]},"categories":[19,23],"tags":[5932,427,12675,423,3738,1857,739,2746,19971,7618,51717,27533],"yoast_head":"<!-- This site is optimized with the Yoast SEO Premium plugin v22.7 (Yoast SEO v22.7) - https:\/\/yoast.com\/wordpress\/plugins\/seo\/ -->\n<title>Kretschmer kritisiert Baerbocks Ukraine-Politik: &quot;Sie hat selbst keinen Plan, wo das enden soll&quot; - just-now.NEWS Deutschland<\/title>\n<meta name=\"robots\" content=\"index, follow, max-snippet:-1, max-image-preview:large, max-video-preview:-1\" \/>\n<link rel=\"canonical\" href=\"https:\/\/now-news.de\/de\/deutschland\/kretschmer-kritisiert-baerbocks-ukraine-politik-sie-hat-selbst-keinen-plan-wo-das-enden-soll\/\" \/>\n<meta property=\"og:locale\" content=\"de_DE\" \/>\n<meta property=\"og:type\" content=\"article\" \/>\n<meta property=\"og:title\" content=\"Kretschmer kritisiert Baerbocks Ukraine-Politik: &quot;Sie hat selbst keinen Plan, wo das enden soll&quot;\" \/>\n<meta property=\"og:description\" content=\"Sachsens Ministerpr\u00e4sident Kretschmer glaubt nicht an einen EU-Beitritt der Ukraine und auch nicht an Au\u00dfenministerin Annalena Baerbock. Sie rede nur \u00fcber Waffenlieferungen und Milliardenzahlungen deutscher Steuergelder. Auf dem diplomatischen Parkett habe sie zu viel Porzellan zerschlagen. Sachsens Ministerpr\u00e4sident Michael Kretschmer (CDU) hat am Sonntag scharf gegen die diplomatischen F\u00e4higkeiten von Au\u00dfenministerin Annalena Baerbock (Gr\u00fcne) geschossen. [&hellip;]\" \/>\n<meta property=\"og:url\" content=\"https:\/\/now-news.de\/de\/deutschland\/kretschmer-kritisiert-baerbocks-ukraine-politik-sie-hat-selbst-keinen-plan-wo-das-enden-soll\/\" \/>\n<meta property=\"og:site_name\" content=\"just-now.NEWS Deutschland\" \/>\n<meta property=\"article:publisher\" content=\"https:\/\/www.facebook.com\/wirmachenauf\" \/>\n<meta property=\"article:published_time\" content=\"2023-12-18T12:53:47+00:00\" \/>\n<meta property=\"og:image\" content=\"https:\/\/now-news.de\/de\/wp-content\/uploads\/sites\/3\/2023\/12\/Kretschmer-kritisiert-Baerbocks-Ukraine-Politik-quotSie-hat-selbst-keinen-Plan-wo.jpg\" \/>\n\t<meta property=\"og:image:width\" content=\"460\" \/>\n\t<meta property=\"og:image:height\" content=\"259\" \/>\n\t<meta property=\"og:image:type\" content=\"image\/jpeg\" \/>\n<meta name=\"author\" content=\"rtnews\" \/>\n<meta name=\"twitter:card\" content=\"summary_large_image\" \/>\n<meta name=\"twitter:creator\" content=\"@WirMachenAuf_de\" \/>\n<meta name=\"twitter:site\" content=\"@WirMachenAuf_de\" \/>\n<meta name=\"twitter:label1\" content=\"Verfasst von\" \/>\n\t<meta name=\"twitter:data1\" content=\"rtnews\" \/>\n\t<meta name=\"twitter:label2\" content=\"Gesch\u00e4tzte Lesezeit\" \/>\n\t<meta name=\"twitter:data2\" content=\"2\u00a0Minuten\" \/>\n<script type=\"application\/ld+json\" class=\"yoast-schema-graph\">{\"@context\":\"https:\/\/schema.org\",\"@graph\":[{\"@type\":\"Article\",\"@id\":\"https:\/\/now-news.de\/de\/deutschland\/kretschmer-kritisiert-baerbocks-ukraine-politik-sie-hat-selbst-keinen-plan-wo-das-enden-soll\/#article\",\"isPartOf\":{\"@id\":\"https:\/\/now-news.de\/de\/deutschland\/kretschmer-kritisiert-baerbocks-ukraine-politik-sie-hat-selbst-keinen-plan-wo-das-enden-soll\/\"},\"author\":{\"name\":\"rtnews\",\"@id\":\"https:\/\/now-news.de\/de\/#\/schema\/person\/fb534a4e865501d8b3285208df34a9b5\"},\"headline\":\"Kretschmer kritisiert Baerbocks Ukraine-Politik: &quot;Sie hat selbst keinen Plan, wo das enden soll&quot;\",\"datePublished\":\"2023-12-18T12:53:47+00:00\",\"dateModified\":\"2023-12-18T12:53:47+00:00\",\"mainEntityOfPage\":{\"@id\":\"https:\/\/now-news.de\/de\/deutschland\/kretschmer-kritisiert-baerbocks-ukraine-politik-sie-hat-selbst-keinen-plan-wo-das-enden-soll\/\"},\"wordCount\":471,\"commentCount\":0,\"publisher\":{\"@id\":\"https:\/\/now-news.de\/de\/#organization\"},\"image\":{\"@id\":\"https:\/\/now-news.de\/de\/deutschland\/kretschmer-kritisiert-baerbocks-ukraine-politik-sie-hat-selbst-keinen-plan-wo-das-enden-soll\/#primaryimage\"},\"thumbnailUrl\":\"https:\/\/now-news.de\/de\/wp-content\/uploads\/sites\/3\/2023\/12\/Kretschmer-kritisiert-Baerbocks-Ukraine-Politik-quotSie-hat-selbst-keinen-Plan-wo.jpg\",\"keywords\":[\"Baerbocks\",\"das\",\"enden\",\"hat\",\"keinen\",\"Kretschmer\",\"kritisiert\",\"Plan\",\"quotSie\",\"selbst\",\"sollquot\",\"UkrainePolitik\"],\"articleSection\":[\"Deutschland\",\"Russland\"],\"inLanguage\":\"de\",\"potentialAction\":[{\"@type\":\"CommentAction\",\"name\":\"Comment\",\"target\":[\"https:\/\/now-news.de\/de\/deutschland\/kretschmer-kritisiert-baerbocks-ukraine-politik-sie-hat-selbst-keinen-plan-wo-das-enden-soll\/#respond\"]}]},{\"@type\":\"WebPage\",\"@id\":\"https:\/\/now-news.de\/de\/deutschland\/kretschmer-kritisiert-baerbocks-ukraine-politik-sie-hat-selbst-keinen-plan-wo-das-enden-soll\/\",\"url\":\"https:\/\/now-news.de\/de\/deutschland\/kretschmer-kritisiert-baerbocks-ukraine-politik-sie-hat-selbst-keinen-plan-wo-das-enden-soll\/\",\"name\":\"Kretschmer kritisiert Baerbocks Ukraine-Politik: &quot;Sie hat selbst keinen Plan, wo das enden soll&quot; - just-now.NEWS Deutschland\",\"isPartOf\":{\"@id\":\"https:\/\/now-news.de\/de\/#website\"},\"primaryImageOfPage\":{\"@id\":\"https:\/\/now-news.de\/de\/deutschland\/kretschmer-kritisiert-baerbocks-ukraine-politik-sie-hat-selbst-keinen-plan-wo-das-enden-soll\/#primaryimage\"},\"image\":{\"@id\":\"https:\/\/now-news.de\/de\/deutschland\/kretschmer-kritisiert-baerbocks-ukraine-politik-sie-hat-selbst-keinen-plan-wo-das-enden-soll\/#primaryimage\"},\"thumbnailUrl\":\"https:\/\/now-news.de\/de\/wp-content\/uploads\/sites\/3\/2023\/12\/Kretschmer-kritisiert-Baerbocks-Ukraine-Politik-quotSie-hat-selbst-keinen-Plan-wo.jpg\",\"datePublished\":\"2023-12-18T12:53:47+00:00\",\"dateModified\":\"2023-12-18T12:53:47+00:00\",\"breadcrumb\":{\"@id\":\"https:\/\/now-news.de\/de\/deutschland\/kretschmer-kritisiert-baerbocks-ukraine-politik-sie-hat-selbst-keinen-plan-wo-das-enden-soll\/#breadcrumb\"},\"inLanguage\":\"de\",\"potentialAction\":[{\"@type\":\"ReadAction\",\"target\":[\"https:\/\/now-news.de\/de\/deutschland\/kretschmer-kritisiert-baerbocks-ukraine-politik-sie-hat-selbst-keinen-plan-wo-das-enden-soll\/\"]}]},{\"@type\":\"ImageObject\",\"inLanguage\":\"de\",\"@id\":\"https:\/\/now-news.de\/de\/deutschland\/kretschmer-kritisiert-baerbocks-ukraine-politik-sie-hat-selbst-keinen-plan-wo-das-enden-soll\/#primaryimage\",\"url\":\"https:\/\/now-news.de\/de\/wp-content\/uploads\/sites\/3\/2023\/12\/Kretschmer-kritisiert-Baerbocks-Ukraine-Politik-quotSie-hat-selbst-keinen-Plan-wo.jpg\",\"contentUrl\":\"https:\/\/now-news.de\/de\/wp-content\/uploads\/sites\/3\/2023\/12\/Kretschmer-kritisiert-Baerbocks-Ukraine-Politik-quotSie-hat-selbst-keinen-Plan-wo.jpg\",\"width\":460,\"height\":259,\"caption\":\"Kretschmer kritisiert Baerbocks Ukraine-Politik: &quot;Sie hat selbst keinen Plan, wo das enden soll&quot;\"},{\"@type\":\"BreadcrumbList\",\"@id\":\"https:\/\/now-news.de\/de\/deutschland\/kretschmer-kritisiert-baerbocks-ukraine-politik-sie-hat-selbst-keinen-plan-wo-das-enden-soll\/#breadcrumb\",\"itemListElement\":[{\"@type\":\"ListItem\",\"position\":1,\"name\":\"Home\",\"item\":\"https:\/\/now-news.de\/de\/\"},{\"@type\":\"ListItem\",\"position\":2,\"name\":\"Kretschmer kritisiert Baerbocks Ukraine-Politik: &quot;Sie hat selbst keinen Plan, wo das enden soll&quot;\"}]},{\"@type\":\"WebSite\",\"@id\":\"https:\/\/now-news.de\/de\/#website\",\"url\":\"https:\/\/now-news.de\/de\/\",\"name\":\"just-now.NEWS Deutschland\",\"description\":\"Das Portal f\u00fcr unzensierte Nachrichten aus der Welt\",\"publisher\":{\"@id\":\"https:\/\/now-news.de\/de\/#organization\"},\"potentialAction\":[{\"@type\":\"SearchAction\",\"target\":{\"@type\":\"EntryPoint\",\"urlTemplate\":\"https:\/\/now-news.de\/de\/?s={search_term_string}\"},\"query-input\":\"required name=search_term_string\"}],\"inLanguage\":\"de\"},{\"@type\":\"Organization\",\"@id\":\"https:\/\/now-news.de\/de\/#organization\",\"name\":\"Just Now News\",\"url\":\"https:\/\/now-news.de\/de\/\",\"logo\":{\"@type\":\"ImageObject\",\"inLanguage\":\"de\",\"@id\":\"https:\/\/now-news.de\/de\/#\/schema\/logo\/image\/\",\"url\":\"http:\/\/just-now.news\/de\/wp-content\/uploads\/sites\/3\/2022\/04\/logo500x500.jpg\",\"contentUrl\":\"http:\/\/just-now.news\/de\/wp-content\/uploads\/sites\/3\/2022\/04\/logo500x500.jpg\",\"width\":500,\"height\":500,\"caption\":\"Just Now News\"},\"image\":{\"@id\":\"https:\/\/now-news.de\/de\/#\/schema\/logo\/image\/\"},\"sameAs\":[\"https:\/\/www.facebook.com\/wirmachenauf\",\"https:\/\/x.com\/WirMachenAuf_de\"]},{\"@type\":\"Person\",\"@id\":\"https:\/\/now-news.de\/de\/#\/schema\/person\/fb534a4e865501d8b3285208df34a9b5\",\"name\":\"rtnews\",\"image\":{\"@type\":\"ImageObject\",\"inLanguage\":\"de\",\"@id\":\"https:\/\/now-news.de\/de\/#\/schema\/person\/image\/\",\"url\":\"https:\/\/secure.gravatar.com\/avatar\/82aafea7d8127119dd649515f56e2117?s=96&d=mm&r=g\",\"contentUrl\":\"https:\/\/secure.gravatar.com\/avatar\/82aafea7d8127119dd649515f56e2117?s=96&d=mm&r=g\",\"caption\":\"rtnews\"},\"url\":\"https:\/\/now-news.de\/de\/author\/rnews\/\"}]}<\/script>\n<!-- \/ Yoast SEO Premium plugin. -->","yoast_head_json":{"title":"Kretschmer kritisiert Baerbocks Ukraine-Politik: &quot;Sie hat selbst keinen Plan, wo das enden soll&quot; - just-now.NEWS Deutschland","robots":{"index":"index","follow":"follow","max-snippet":"max-snippet:-1","max-image-preview":"max-image-preview:large","max-video-preview":"max-video-preview:-1"},"canonical":"https:\/\/now-news.de\/de\/deutschland\/kretschmer-kritisiert-baerbocks-ukraine-politik-sie-hat-selbst-keinen-plan-wo-das-enden-soll\/","og_locale":"de_DE","og_type":"article","og_title":"Kretschmer kritisiert Baerbocks Ukraine-Politik: &quot;Sie hat selbst keinen Plan, wo das enden soll&quot;","og_description":"Sachsens Ministerpr\u00e4sident Kretschmer glaubt nicht an einen EU-Beitritt der Ukraine und auch nicht an Au\u00dfenministerin Annalena Baerbock. Sie rede nur \u00fcber Waffenlieferungen und Milliardenzahlungen deutscher Steuergelder. Auf dem diplomatischen Parkett habe sie zu viel Porzellan zerschlagen. Sachsens Ministerpr\u00e4sident Michael Kretschmer (CDU) hat am Sonntag scharf gegen die diplomatischen F\u00e4higkeiten von Au\u00dfenministerin Annalena Baerbock (Gr\u00fcne) geschossen. [&hellip;]","og_url":"https:\/\/now-news.de\/de\/deutschland\/kretschmer-kritisiert-baerbocks-ukraine-politik-sie-hat-selbst-keinen-plan-wo-das-enden-soll\/","og_site_name":"just-now.NEWS Deutschland","article_publisher":"https:\/\/www.facebook.com\/wirmachenauf","article_published_time":"2023-12-18T12:53:47+00:00","og_image":[{"width":460,"height":259,"url":"https:\/\/now-news.de\/de\/wp-content\/uploads\/sites\/3\/2023\/12\/Kretschmer-kritisiert-Baerbocks-Ukraine-Politik-quotSie-hat-selbst-keinen-Plan-wo.jpg","type":"image\/jpeg"}],"author":"rtnews","twitter_card":"summary_large_image","twitter_creator":"@WirMachenAuf_de","twitter_site":"@WirMachenAuf_de","twitter_misc":{"Verfasst von":"rtnews","Gesch\u00e4tzte Lesezeit":"2\u00a0Minuten"},"schema":{"@context":"https:\/\/schema.org","@graph":[{"@type":"Article","@id":"https:\/\/now-news.de\/de\/deutschland\/kretschmer-kritisiert-baerbocks-ukraine-politik-sie-hat-selbst-keinen-plan-wo-das-enden-soll\/#article","isPartOf":{"@id":"https:\/\/now-news.de\/de\/deutschland\/kretschmer-kritisiert-baerbocks-ukraine-politik-sie-hat-selbst-keinen-plan-wo-das-enden-soll\/"},"author":{"name":"rtnews","@id":"https:\/\/now-news.de\/de\/#\/schema\/person\/fb534a4e865501d8b3285208df34a9b5"},"headline":"Kretschmer kritisiert Baerbocks Ukraine-Politik: &quot;Sie hat selbst keinen Plan, wo das enden soll&quot;","datePublished":"2023-12-18T12:53:47+00:00","dateModified":"2023-12-18T12:53:47+00:00","mainEntityOfPage":{"@id":"https:\/\/now-news.de\/de\/deutschland\/kretschmer-kritisiert-baerbocks-ukraine-politik-sie-hat-selbst-keinen-plan-wo-das-enden-soll\/"},"wordCount":471,"commentCount":0,"publisher":{"@id":"https:\/\/now-news.de\/de\/#organization"},"image":{"@id":"https:\/\/now-news.de\/de\/deutschland\/kretschmer-kritisiert-baerbocks-ukraine-politik-sie-hat-selbst-keinen-plan-wo-das-enden-soll\/#primaryimage"},"thumbnailUrl":"https:\/\/now-news.de\/de\/wp-content\/uploads\/sites\/3\/2023\/12\/Kretschmer-kritisiert-Baerbocks-Ukraine-Politik-quotSie-hat-selbst-keinen-Plan-wo.jpg","keywords":["Baerbocks","das","enden","hat","keinen","Kretschmer","kritisiert","Plan","quotSie","selbst","sollquot","UkrainePolitik"],"articleSection":["Deutschland","Russland"],"inLanguage":"de","potentialAction":[{"@type":"CommentAction","name":"Comment","target":["https:\/\/now-news.de\/de\/deutschland\/kretschmer-kritisiert-baerbocks-ukraine-politik-sie-hat-selbst-keinen-plan-wo-das-enden-soll\/#respond"]}]},{"@type":"WebPage","@id":"https:\/\/now-news.de\/de\/deutschland\/kretschmer-kritisiert-baerbocks-ukraine-politik-sie-hat-selbst-keinen-plan-wo-das-enden-soll\/","url":"https:\/\/now-news.de\/de\/deutschland\/kretschmer-kritisiert-baerbocks-ukraine-politik-sie-hat-selbst-keinen-plan-wo-das-enden-soll\/","name":"Kretschmer kritisiert Baerbocks Ukraine-Politik: &quot;Sie hat selbst keinen Plan, wo das enden soll&quot; - just-now.NEWS Deutschland","isPartOf":{"@id":"https:\/\/now-news.de\/de\/#website"},"primaryImageOfPage":{"@id":"https:\/\/now-news.de\/de\/deutschland\/kretschmer-kritisiert-baerbocks-ukraine-politik-sie-hat-selbst-keinen-plan-wo-das-enden-soll\/#primaryimage"},"image":{"@id":"https:\/\/now-news.de\/de\/deutschland\/kretschmer-kritisiert-baerbocks-ukraine-politik-sie-hat-selbst-keinen-plan-wo-das-enden-soll\/#primaryimage"},"thumbnailUrl":"https:\/\/now-news.de\/de\/wp-content\/uploads\/sites\/3\/2023\/12\/Kretschmer-kritisiert-Baerbocks-Ukraine-Politik-quotSie-hat-selbst-keinen-Plan-wo.jpg","datePublished":"2023-12-18T12:53:47+00:00","dateModified":"2023-12-18T12:53:47+00:00","breadcrumb":{"@id":"https:\/\/now-news.de\/de\/deutschland\/kretschmer-kritisiert-baerbocks-ukraine-politik-sie-hat-selbst-keinen-plan-wo-das-enden-soll\/#breadcrumb"},"inLanguage":"de","potentialAction":[{"@type":"ReadAction","target":["https:\/\/now-news.de\/de\/deutschland\/kretschmer-kritisiert-baerbocks-ukraine-politik-sie-hat-selbst-keinen-plan-wo-das-enden-soll\/"]}]},{"@type":"ImageObject","inLanguage":"de","@id":"https:\/\/now-news.de\/de\/deutschland\/kretschmer-kritisiert-baerbocks-ukraine-politik-sie-hat-selbst-keinen-plan-wo-das-enden-soll\/#primaryimage","url":"https:\/\/now-news.de\/de\/wp-content\/uploads\/sites\/3\/2023\/12\/Kretschmer-kritisiert-Baerbocks-Ukraine-Politik-quotSie-hat-selbst-keinen-Plan-wo.jpg","contentUrl":"https:\/\/now-news.de\/de\/wp-content\/uploads\/sites\/3\/2023\/12\/Kretschmer-kritisiert-Baerbocks-Ukraine-Politik-quotSie-hat-selbst-keinen-Plan-wo.jpg","width":460,"height":259,"caption":"Kretschmer kritisiert Baerbocks Ukraine-Politik: &quot;Sie hat selbst keinen Plan, wo das enden soll&quot;"},{"@type":"BreadcrumbList","@id":"https:\/\/now-news.de\/de\/deutschland\/kretschmer-kritisiert-baerbocks-ukraine-politik-sie-hat-selbst-keinen-plan-wo-das-enden-soll\/#breadcrumb","itemListElement":[{"@type":"ListItem","position":1,"name":"Home","item":"https:\/\/now-news.de\/de\/"},{"@type":"ListItem","position":2,"name":"Kretschmer kritisiert Baerbocks Ukraine-Politik: &quot;Sie hat selbst keinen Plan, wo das enden soll&quot;"}]},{"@type":"WebSite","@id":"https:\/\/now-news.de\/de\/#website","url":"https:\/\/now-news.de\/de\/","name":"just-now.NEWS Deutschland","description":"Das Portal f\u00fcr unzensierte Nachrichten aus der Welt","publisher":{"@id":"https:\/\/now-news.de\/de\/#organization"},"potentialAction":[{"@type":"SearchAction","target":{"@type":"EntryPoint","urlTemplate":"https:\/\/now-news.de\/de\/?s={search_term_string}"},"query-input":"required name=search_term_string"}],"inLanguage":"de"},{"@type":"Organization","@id":"https:\/\/now-news.de\/de\/#organization","name":"Just Now News","url":"https:\/\/now-news.de\/de\/","logo":{"@type":"ImageObject","inLanguage":"de","@id":"https:\/\/now-news.de\/de\/#\/schema\/logo\/image\/","url":"http:\/\/just-now.news\/de\/wp-content\/uploads\/sites\/3\/2022\/04\/logo500x500.jpg","contentUrl":"http:\/\/just-now.news\/de\/wp-content\/uploads\/sites\/3\/2022\/04\/logo500x500.jpg","width":500,"height":500,"caption":"Just Now News"},"image":{"@id":"https:\/\/now-news.de\/de\/#\/schema\/logo\/image\/"},"sameAs":["https:\/\/www.facebook.com\/wirmachenauf","https:\/\/x.com\/WirMachenAuf_de"]},{"@type":"Person","@id":"https:\/\/now-news.de\/de\/#\/schema\/person\/fb534a4e865501d8b3285208df34a9b5","name":"rtnews","image":{"@type":"ImageObject","inLanguage":"de","@id":"https:\/\/now-news.de\/de\/#\/schema\/person\/image\/","url":"https:\/\/secure.gravatar.com\/avatar\/82aafea7d8127119dd649515f56e2117?s=96&d=mm&r=g","contentUrl":"https:\/\/secure.gravatar.com\/avatar\/82aafea7d8127119dd649515f56e2117?s=96&d=mm&r=g","caption":"rtnews"},"url":"https:\/\/now-news.de\/de\/author\/rnews\/"}]}},"_links":{"self":[{"href":"https:\/\/now-news.de\/de\/wp-json\/wp\/v2\/posts\/51768"}],"collection":[{"href":"https:\/\/now-news.de\/de\/wp-json\/wp\/v2\/posts"}],"about":[{"href":"https:\/\/now-news.de\/de\/wp-json\/wp\/v2\/types\/post"}],"author":[{"embeddable":true,"href":"https:\/\/now-news.de\/de\/wp-json\/wp\/v2\/users\/3"}],"replies":[{"embeddable":true,"href":"https:\/\/now-news.de\/de\/wp-json\/wp\/v2\/comments?post=51768"}],"version-history":[{"count":0,"href":"https:\/\/now-news.de\/de\/wp-json\/wp\/v2\/posts\/51768\/revisions"}],"wp:featuredmedia":[{"embeddable":true,"href":"https:\/\/now-news.de\/de\/wp-json\/wp\/v2\/media\/51769"}],"wp:attachment":[{"href":"https:\/\/now-news.de\/de\/wp-json\/wp\/v2\/media?parent=51768"}],"wp:term":[{"taxonomy":"category","embeddable":true,"href":"https:\/\/now-news.de\/de\/wp-json\/wp\/v2\/categories?post=51768"},{"taxonomy":"post_tag","embeddable":true,"href":"https:\/\/now-news.de\/de\/wp-json\/wp\/v2\/tags?post=51768"}],"curies":[{"name":"wp","href":"https:\/\/api.w.org\/{rel}","templated":true}]}}