{"id":51752,"date":"2023-12-18T12:25:39","date_gmt":"2023-12-18T10:25:39","guid":{"rendered":"https:\/\/just-now.news\/de\/deutschland\/russland-einkreisen-eu-auf-dem-nato-trip\/"},"modified":"2023-12-18T12:25:39","modified_gmt":"2023-12-18T10:25:39","slug":"russland-einkreisen-eu-auf-dem-nato-trip","status":"publish","type":"post","link":"https:\/\/now-news.de\/de\/deutschland\/russland-einkreisen-eu-auf-dem-nato-trip\/","title":{"rendered":"Russland einkreisen \u2013 EU auf dem NATO-Trip"},"content":{"rendered":"<p><img decoding=\"async\" src=\"http:\/\/just-now.news\/de\/wp-content\/uploads\/sites\/3\/2023\/12\/6580151bb480cc325d47a582.jpg\" \/><\/p>\n<div class=\"Text-root Text-type_1 \">\n                Der angek\u00fcndigte, also rein strategisch implantierte Beitritt eines kriegsgebeutelten und korrupten Landes wie der Ukraine dient rein als EU-Friedensmission in politisch schwankenden Zeiten? EU-Mitgliedschaft \u2013 Nato-Zugeh\u00f6rigkeit \u2013 Provokation gegen Russland. So einfach, so offensichtlich f\u00fcr Autor Uli Gellermann.\n            <\/div>\n<p><\/p>\n<div class=\"Text-root Text-type_5 ArticleView-text ViewText-root \">\n<p><em>Von Uli Gellermann<\/em><\/p>\n<p>Wer an die Europ\u00e4ische Union (EU) denkt, der denkt gern an normiertes Gem\u00fcse oder Feierstunden mit der hymnischen 9. Sinfonie von Ludwig van Beethoven. Dass die EU seit dem Vertrag von Lissabon auch eine &#8220;Gemeinsame Sicherheits- und Verteidigungspolitik (GSVP)&#8221; formiert hat, die sogenannte &#8220;Missionen der Gemeinsamen Sicherheits- und Verteidigungspolitik (GSVP) \u2013 EUTM Somalia und EUCAP Nestor und die Operation der GSVP Atalanta am Horn von Afrika\u00a0sowie\u00a0die Missionen der GSVP EUTM Mali, EUCAP Sahel Niger und EUCAP (European Conference on Antennas and Propagation) Sahel Mali in der Sahel-Region&#8221; plant und unterst\u00fctzt, ist weniger bekannt. Was hat die EU am Horn von Afrika zu suchen?<\/p>\n<\/p>\n<p><strong>NATO und EU passgenau<\/strong><\/p>\n<p>Eine Antwort auf diese Frage findet sich zum Beispiel in der Erkl\u00e4rung der EU-Kommission, wenn sie die dringliche Aufnahme von Beitrittsverhandlungen mit der Ukraine empfiehlt. Die Aufnahme eines Landes in die EU, das sich im Krieg befindet? Auch auf diese Frage findet sich eine Antwort in der &#8220;Gemeinsamen Erkl\u00e4rung zur Zusammenarbeit zwischen der EU und der NATO vom 10.\u00a0Januar 2023&#8221;:<\/p>\n<blockquote>\n<p><em>&#8220;Wir erkennen den Wert einer st\u00e4rkeren und f\u00e4higeren europ\u00e4ischen Verteidigung an, die einen positiven Beitrag zur globalen und transatlantischen Sicherheit leistet und die NATO erg\u00e4nzt und mit ihr interoperabel ist.&#8221;<\/em><\/p>\n<\/blockquote>\n<p>Aus dem B\u00fcrokratiedeutsch \u00fcbersetzt: Man will die milit\u00e4rische Zusammenarbeit der beiden B\u00fcndnisse passgenau machen, man will mehr und engere Zusammenarbeit.<\/p>\n<\/p>\n<p><strong>NATO-Einkreisung Russlands<\/strong><\/p>\n<p>Dass die entscheidende Ursache des Ukrainekriegs in der Einkreisung Russlands durch die NATO lag und liegt, will die EU-\u00d6ffentlichkeit nicht wissen. Dass zur Einkreisung Russlands auch die ukrainische T\u00e4ndelei mit der NATO geh\u00f6rt, versteckt sich hinter der Legende von der Ukraine als Opfer einer russischen Aggression. Dass milit\u00e4rische \u00dcberlegenheit immer zugleich die Basis f\u00fcr \u00f6konomische Vorteile ist, k\u00f6nnte an den USA und der Rolle des Dollars als Leitw\u00e4hrung begriffen werden, wenn dieser Zusammenhang offen diskutiert w\u00fcrde. Im Gegenteil: Der Dollar-Imperialismus wird als prim\u00e4r \u00f6konomisches Ph\u00e4nomen verkauft. Aber wer den milit\u00e4rischen Kn\u00fcppel in der Hand h\u00e4lt, der diktiert letztlich auch die Handelsbedingungen. Und wer sich dieser Drohung ergibt, der wird den Kampf um g\u00fcnstige Ex- und Import-Bedingungen verlieren.<\/p>\n<\/p>\n<p><strong>Nicht weniger, sondern mehr Krieg<\/strong><\/p>\n<p>Russland kann die Verschlechterung seiner internationalen \u00f6konomischen Situation nur um den Preis seiner Selbstaufgabe zulassen. Deshalb wird das Land die Ausweitung der NATO-EU bis an seine Grenzen nicht zulassen. Also wird die Ukraine entweder entwaffnet und neutral sein, oder es wird sie nicht mehr geben. Wer \u2013 wie Ursula von der Leyen oder Annalena Baerbock \u2013 die EU-NATO-Mitgliedschaft der Ukraine forciert, der spielt das gef\u00e4hrliche Spiel der USA, der will nicht weniger, sondern mehr Krieg.<\/p>\n<\/p>\n<p><strong>CDU-Kretschmer pl\u00e4diert f\u00fcr Friedensverhandlungen<\/strong><\/p>\n<p>Einer der wenigen deutschen Politiker, die begreifen, dass die EU-Ausweitung die Ausweitung des Krieges in Europa bedeutet, ist Sachsens Ministerpr\u00e4sident Michael Kretschmer (CDU). Er h\u00e4lt einen EU-Beitritt der Ukraine f\u00fcr fragw\u00fcrdig und pl\u00e4diert f\u00fcr Friedensverhandlungen. Parallel zu diesem Pl\u00e4doyer sieht er die deutsche Au\u00dfenministerin als verhandlungsunf\u00e4hig, um zu erkl\u00e4ren:<\/p>\n<p><em>&#8220;\u2026 Niemand auf der Welt nimmt unsere Au\u00dfenministerin noch ernst. Unser Image hat gelitten, weil Frau Baerbock alle Br\u00fccken zu L\u00e4ndern abgebrochen hat, die nicht ihre Werte teilen.&#8221;<\/em><\/p>\n<p><em><\/em><\/p>\n<p><strong>Deutsche Linke zunehmend fragw\u00fcrdiger<\/strong><\/p>\n<p>Nach der klassischen Einordnung gilt der CDU-Kretschmer als &#8220;rechts&#8221;, w\u00e4hrend die Baerbock-Gr\u00fcne als &#8220;links&#8221; gilt. Michael Kretschmer hat mit der Frage nach den &#8220;Werten&#8221; zwar sanft, aber nachdr\u00fccklich die aggressive gr\u00fcne Ideologie festgestellt: Der gr\u00fcne Imperialismus ist bereit, die L\u00e4nder, die nicht die westlichen &#8220;Werte&#8221; anerkennen, zu befeinden. Im Zweifelsfall geh\u00f6rt f\u00fcr die Gr\u00fcnen dazu auch der Krieg. Die Frage nach &#8220;links&#8221; und &#8220;rechts&#8221; wird an diesem Beispiel erneut aufgeworfen. Jene angebliche Linke, die sich seit dem Jugoslawienkrieg von der Orientierung auf Frieden verabschiedete, hat den Begriff einer deutschen &#8220;Linken&#8221; zunehmend fragw\u00fcrdiger gemacht.<\/p>\n<\/p>\n<p><strong>Neuer Ukraine-Pr\u00e4sident?<\/strong><\/p>\n<p>Eines der aggressivsten Medienprodukte auf dem Manipulationsmarkt ist das\u00a0deutsche Nachrichtenportal\u00a0<em>t-online<\/em>. Dieses Portal\u00a0ver\u00f6ffentlicht gerade eine Liebeserkl\u00e4rung an den ukrainischen Armeechef Waleri Saluschny. Zwar ist Wladimir Selenskij immer noch das Gesicht der ukrainischen &#8220;Gegenoffensive&#8221;, aber die ist trotz \u00fcppiger westlicher Waffenhilfe steckengeblieben, und der Pr\u00e4sident schaltet zunehmend von Offensiv- auf Verteidigungsrhetorik. Da scheint die US-NATO an einen Wechsel zu denken.<\/p>\n<p>Und Waleri Saluschny\u00a0<a rel=\"nofollow noopener\" target=\"_blank\" href=\"https:\/\/www.t-online.de\/nachrichten\/ausland\/id_92357138\/selenskyjs-armeechef-walerij-saluschnyj-ohne-ihn-stuende-es-schlecht-um-die-ukraine.html\">bietet sich an<\/a>: &#8220;F\u00fcr mich ist das Wichtigste, dass wir alles Sowjetische loswerden, das uns H\u00e4nde und F\u00fc\u00dfe fesselt, und dass wir anfangen,\u00a0NATO zu denken und die Dinge europ\u00e4isch zu sehen&#8221;, sagte Saluschny nur einen Monat vor Beginn des Krieges dem Portal <em>t-online.<\/em>\u00a0Wer NATO denkt, der k\u00f6nnte, so denken die US-Strategen offensichtlich, der bessere Pr\u00e4sident sein. Und wo wird die &#8220;Wahlkampagne&#8221; am besten vorbereitet? Im Westen, dort wo die ukrainischen Strippen gezogen werden.<\/p>\n<p><em>Der Beitrag wurde zuerst am 17. Dezember 2023 auf der Online-Plattform\u00a0<a rel=\"nofollow noopener\" target=\"_blank\" href=\"https:\/\/www.rationalgalerie.de\/home\/russland-einkreisen\">www.rationalgalerie.de<\/a>\u00a0ver\u00f6ffentlicht.<\/em><\/p>\n<p><em><strong>Uli Gellermann<\/strong>\u00a0ist Filmemacher und Journalist. Seine Erfahrungen mit den \u00f6ffentlich-rechtlichen Sendern begr\u00fcnden seine Medienkritik. Er ist Betreiber der Internetseite\u00a0<a rel=\"nofollow noopener\" target=\"_blank\" href=\"https:\/\/www.rationalgalerie.de\/\">www.rationalgalerie.de<\/a>.<\/em><\/p>\n<p>Mehr zum Thema &#8211; <a rel=\"nofollow noopener\" target=\"_blank\" href=\"https:\/\/freedert.online\/meinung\/189983-stimmungslage-winter-4445-appel-in\/\">Stimmungslage Kriegswinter 44\/45: Appell in der &#8220;Zeit&#8221; fordert letztes Aufgebot<\/a><\/p>\n<\/p>\n<\/div>\n<p><br \/>\n<br \/><a href=\"https:\/\/de.rt.com\/meinung\/190202-russland-einkreisen-eu-auf-nato\/\">Source link <\/a><\/p>\n","protected":false},"excerpt":{"rendered":"<p>Der angek\u00fcndigte, also rein strategisch implantierte Beitritt eines kriegsgebeutelten und korrupten Landes wie der Ukraine dient rein als EU-Friedensmission in politisch schwankenden Zeiten? EU-Mitgliedschaft \u2013 Nato-Zugeh\u00f6rigkeit \u2013 Provokation gegen Russland. So einfach, so offensichtlich f\u00fcr Autor Uli Gellermann. Von Uli Gellermann Wer an die Europ\u00e4ische Union (EU) denkt, der denkt gern an normiertes Gem\u00fcse oder [&hellip;]<\/p>\n","protected":false},"author":3,"featured_media":51753,"comment_status":"open","ping_status":"open","sticky":false,"template":"","format":"standard","meta":{"_yoast_indexnow_last_ping":["1702895674"],"wp_automatic_camp":["217"],"f959c65bfa5d7730dfc6c16a7cb1b883":["Russland einkreisen \u2013 EU auf dem NATO-Trip"],"original_link":["https:\/\/de.rt.com\/meinung\/190202-russland-einkreisen-eu-auf-nato\/"],"_thumbnail_id":["51753"],"_wptgpro_p2tg_sent2tg":["a:1:{i:23737;s:19:\"2023-12-18 12:35:37\";}"],"jnews_social_counter_last_update":["1777324283"]},"categories":[19,23],"tags":[133,134,51707,51708,126],"yoast_head":"<!-- This site is optimized with the Yoast SEO Premium plugin v22.7 (Yoast SEO v22.7) - https:\/\/yoast.com\/wordpress\/plugins\/seo\/ -->\n<title>Russland einkreisen \u2013 EU auf dem NATO-Trip - just-now.NEWS Deutschland<\/title>\n<meta name=\"robots\" content=\"index, follow, max-snippet:-1, max-image-preview:large, max-video-preview:-1\" \/>\n<link rel=\"canonical\" href=\"https:\/\/now-news.de\/de\/deutschland\/russland-einkreisen-eu-auf-dem-nato-trip\/\" \/>\n<meta property=\"og:locale\" content=\"de_DE\" \/>\n<meta property=\"og:type\" content=\"article\" \/>\n<meta property=\"og:title\" content=\"Russland einkreisen \u2013 EU auf dem NATO-Trip\" \/>\n<meta property=\"og:description\" content=\"Der angek\u00fcndigte, also rein strategisch implantierte Beitritt eines kriegsgebeutelten und korrupten Landes wie der Ukraine dient rein als EU-Friedensmission in politisch schwankenden Zeiten? EU-Mitgliedschaft \u2013 Nato-Zugeh\u00f6rigkeit \u2013 Provokation gegen Russland. So einfach, so offensichtlich f\u00fcr Autor Uli Gellermann. Von Uli Gellermann Wer an die Europ\u00e4ische Union (EU) denkt, der denkt gern an normiertes Gem\u00fcse oder [&hellip;]\" \/>\n<meta property=\"og:url\" content=\"https:\/\/now-news.de\/de\/deutschland\/russland-einkreisen-eu-auf-dem-nato-trip\/\" \/>\n<meta property=\"og:site_name\" content=\"just-now.NEWS Deutschland\" \/>\n<meta property=\"article:publisher\" content=\"https:\/\/www.facebook.com\/wirmachenauf\" \/>\n<meta property=\"article:published_time\" content=\"2023-12-18T10:25:39+00:00\" \/>\n<meta property=\"og:image\" content=\"https:\/\/now-news.de\/de\/wp-content\/uploads\/sites\/3\/2023\/12\/Russland-einkreisen-\u2013-EU-auf-dem-NATO-Trip.jpg\" \/>\n\t<meta property=\"og:image:width\" content=\"460\" \/>\n\t<meta property=\"og:image:height\" content=\"259\" \/>\n\t<meta property=\"og:image:type\" content=\"image\/jpeg\" \/>\n<meta name=\"author\" content=\"rtnews\" \/>\n<meta name=\"twitter:card\" content=\"summary_large_image\" \/>\n<meta name=\"twitter:creator\" content=\"@WirMachenAuf_de\" \/>\n<meta name=\"twitter:site\" content=\"@WirMachenAuf_de\" \/>\n<meta name=\"twitter:label1\" content=\"Verfasst von\" \/>\n\t<meta name=\"twitter:data1\" content=\"rtnews\" \/>\n\t<meta name=\"twitter:label2\" content=\"Gesch\u00e4tzte Lesezeit\" \/>\n\t<meta name=\"twitter:data2\" content=\"4\u00a0Minuten\" \/>\n<script type=\"application\/ld+json\" class=\"yoast-schema-graph\">{\"@context\":\"https:\/\/schema.org\",\"@graph\":[{\"@type\":\"Article\",\"@id\":\"https:\/\/now-news.de\/de\/deutschland\/russland-einkreisen-eu-auf-dem-nato-trip\/#article\",\"isPartOf\":{\"@id\":\"https:\/\/now-news.de\/de\/deutschland\/russland-einkreisen-eu-auf-dem-nato-trip\/\"},\"author\":{\"name\":\"rtnews\",\"@id\":\"https:\/\/now-news.de\/de\/#\/schema\/person\/fb534a4e865501d8b3285208df34a9b5\"},\"headline\":\"Russland einkreisen \u2013 EU auf dem NATO-Trip\",\"datePublished\":\"2023-12-18T10:25:39+00:00\",\"dateModified\":\"2023-12-18T10:25:39+00:00\",\"mainEntityOfPage\":{\"@id\":\"https:\/\/now-news.de\/de\/deutschland\/russland-einkreisen-eu-auf-dem-nato-trip\/\"},\"wordCount\":896,\"commentCount\":0,\"publisher\":{\"@id\":\"https:\/\/now-news.de\/de\/#organization\"},\"image\":{\"@id\":\"https:\/\/now-news.de\/de\/deutschland\/russland-einkreisen-eu-auf-dem-nato-trip\/#primaryimage\"},\"thumbnailUrl\":\"https:\/\/now-news.de\/de\/wp-content\/uploads\/sites\/3\/2023\/12\/Russland-einkreisen-\u2013-EU-auf-dem-NATO-Trip.jpg\",\"keywords\":[\"AUF\",\"DEM\",\"einkreisen\",\"NATOTrip\",\"russland\"],\"articleSection\":[\"Deutschland\",\"Russland\"],\"inLanguage\":\"de\",\"potentialAction\":[{\"@type\":\"CommentAction\",\"name\":\"Comment\",\"target\":[\"https:\/\/now-news.de\/de\/deutschland\/russland-einkreisen-eu-auf-dem-nato-trip\/#respond\"]}]},{\"@type\":\"WebPage\",\"@id\":\"https:\/\/now-news.de\/de\/deutschland\/russland-einkreisen-eu-auf-dem-nato-trip\/\",\"url\":\"https:\/\/now-news.de\/de\/deutschland\/russland-einkreisen-eu-auf-dem-nato-trip\/\",\"name\":\"Russland einkreisen \u2013 EU auf dem NATO-Trip - just-now.NEWS Deutschland\",\"isPartOf\":{\"@id\":\"https:\/\/now-news.de\/de\/#website\"},\"primaryImageOfPage\":{\"@id\":\"https:\/\/now-news.de\/de\/deutschland\/russland-einkreisen-eu-auf-dem-nato-trip\/#primaryimage\"},\"image\":{\"@id\":\"https:\/\/now-news.de\/de\/deutschland\/russland-einkreisen-eu-auf-dem-nato-trip\/#primaryimage\"},\"thumbnailUrl\":\"https:\/\/now-news.de\/de\/wp-content\/uploads\/sites\/3\/2023\/12\/Russland-einkreisen-\u2013-EU-auf-dem-NATO-Trip.jpg\",\"datePublished\":\"2023-12-18T10:25:39+00:00\",\"dateModified\":\"2023-12-18T10:25:39+00:00\",\"breadcrumb\":{\"@id\":\"https:\/\/now-news.de\/de\/deutschland\/russland-einkreisen-eu-auf-dem-nato-trip\/#breadcrumb\"},\"inLanguage\":\"de\",\"potentialAction\":[{\"@type\":\"ReadAction\",\"target\":[\"https:\/\/now-news.de\/de\/deutschland\/russland-einkreisen-eu-auf-dem-nato-trip\/\"]}]},{\"@type\":\"ImageObject\",\"inLanguage\":\"de\",\"@id\":\"https:\/\/now-news.de\/de\/deutschland\/russland-einkreisen-eu-auf-dem-nato-trip\/#primaryimage\",\"url\":\"https:\/\/now-news.de\/de\/wp-content\/uploads\/sites\/3\/2023\/12\/Russland-einkreisen-\u2013-EU-auf-dem-NATO-Trip.jpg\",\"contentUrl\":\"https:\/\/now-news.de\/de\/wp-content\/uploads\/sites\/3\/2023\/12\/Russland-einkreisen-\u2013-EU-auf-dem-NATO-Trip.jpg\",\"width\":460,\"height\":259,\"caption\":\"Russland einkreisen \u2013 EU auf dem NATO-Trip\"},{\"@type\":\"BreadcrumbList\",\"@id\":\"https:\/\/now-news.de\/de\/deutschland\/russland-einkreisen-eu-auf-dem-nato-trip\/#breadcrumb\",\"itemListElement\":[{\"@type\":\"ListItem\",\"position\":1,\"name\":\"Home\",\"item\":\"https:\/\/now-news.de\/de\/\"},{\"@type\":\"ListItem\",\"position\":2,\"name\":\"Russland einkreisen \u2013 EU auf dem NATO-Trip\"}]},{\"@type\":\"WebSite\",\"@id\":\"https:\/\/now-news.de\/de\/#website\",\"url\":\"https:\/\/now-news.de\/de\/\",\"name\":\"just-now.NEWS Deutschland\",\"description\":\"Das Portal f\u00fcr unzensierte Nachrichten aus der Welt\",\"publisher\":{\"@id\":\"https:\/\/now-news.de\/de\/#organization\"},\"potentialAction\":[{\"@type\":\"SearchAction\",\"target\":{\"@type\":\"EntryPoint\",\"urlTemplate\":\"https:\/\/now-news.de\/de\/?s={search_term_string}\"},\"query-input\":\"required name=search_term_string\"}],\"inLanguage\":\"de\"},{\"@type\":\"Organization\",\"@id\":\"https:\/\/now-news.de\/de\/#organization\",\"name\":\"Just Now News\",\"url\":\"https:\/\/now-news.de\/de\/\",\"logo\":{\"@type\":\"ImageObject\",\"inLanguage\":\"de\",\"@id\":\"https:\/\/now-news.de\/de\/#\/schema\/logo\/image\/\",\"url\":\"http:\/\/just-now.news\/de\/wp-content\/uploads\/sites\/3\/2022\/04\/logo500x500.jpg\",\"contentUrl\":\"http:\/\/just-now.news\/de\/wp-content\/uploads\/sites\/3\/2022\/04\/logo500x500.jpg\",\"width\":500,\"height\":500,\"caption\":\"Just Now News\"},\"image\":{\"@id\":\"https:\/\/now-news.de\/de\/#\/schema\/logo\/image\/\"},\"sameAs\":[\"https:\/\/www.facebook.com\/wirmachenauf\",\"https:\/\/x.com\/WirMachenAuf_de\"]},{\"@type\":\"Person\",\"@id\":\"https:\/\/now-news.de\/de\/#\/schema\/person\/fb534a4e865501d8b3285208df34a9b5\",\"name\":\"rtnews\",\"image\":{\"@type\":\"ImageObject\",\"inLanguage\":\"de\",\"@id\":\"https:\/\/now-news.de\/de\/#\/schema\/person\/image\/\",\"url\":\"https:\/\/secure.gravatar.com\/avatar\/82aafea7d8127119dd649515f56e2117?s=96&d=mm&r=g\",\"contentUrl\":\"https:\/\/secure.gravatar.com\/avatar\/82aafea7d8127119dd649515f56e2117?s=96&d=mm&r=g\",\"caption\":\"rtnews\"},\"url\":\"https:\/\/now-news.de\/de\/author\/rnews\/\"}]}<\/script>\n<!-- \/ Yoast SEO Premium plugin. -->","yoast_head_json":{"title":"Russland einkreisen \u2013 EU auf dem NATO-Trip - just-now.NEWS Deutschland","robots":{"index":"index","follow":"follow","max-snippet":"max-snippet:-1","max-image-preview":"max-image-preview:large","max-video-preview":"max-video-preview:-1"},"canonical":"https:\/\/now-news.de\/de\/deutschland\/russland-einkreisen-eu-auf-dem-nato-trip\/","og_locale":"de_DE","og_type":"article","og_title":"Russland einkreisen \u2013 EU auf dem NATO-Trip","og_description":"Der angek\u00fcndigte, also rein strategisch implantierte Beitritt eines kriegsgebeutelten und korrupten Landes wie der Ukraine dient rein als EU-Friedensmission in politisch schwankenden Zeiten? EU-Mitgliedschaft \u2013 Nato-Zugeh\u00f6rigkeit \u2013 Provokation gegen Russland. So einfach, so offensichtlich f\u00fcr Autor Uli Gellermann. Von Uli Gellermann Wer an die Europ\u00e4ische Union (EU) denkt, der denkt gern an normiertes Gem\u00fcse oder [&hellip;]","og_url":"https:\/\/now-news.de\/de\/deutschland\/russland-einkreisen-eu-auf-dem-nato-trip\/","og_site_name":"just-now.NEWS Deutschland","article_publisher":"https:\/\/www.facebook.com\/wirmachenauf","article_published_time":"2023-12-18T10:25:39+00:00","og_image":[{"width":460,"height":259,"url":"https:\/\/now-news.de\/de\/wp-content\/uploads\/sites\/3\/2023\/12\/Russland-einkreisen-\u2013-EU-auf-dem-NATO-Trip.jpg","type":"image\/jpeg"}],"author":"rtnews","twitter_card":"summary_large_image","twitter_creator":"@WirMachenAuf_de","twitter_site":"@WirMachenAuf_de","twitter_misc":{"Verfasst von":"rtnews","Gesch\u00e4tzte Lesezeit":"4\u00a0Minuten"},"schema":{"@context":"https:\/\/schema.org","@graph":[{"@type":"Article","@id":"https:\/\/now-news.de\/de\/deutschland\/russland-einkreisen-eu-auf-dem-nato-trip\/#article","isPartOf":{"@id":"https:\/\/now-news.de\/de\/deutschland\/russland-einkreisen-eu-auf-dem-nato-trip\/"},"author":{"name":"rtnews","@id":"https:\/\/now-news.de\/de\/#\/schema\/person\/fb534a4e865501d8b3285208df34a9b5"},"headline":"Russland einkreisen \u2013 EU auf dem NATO-Trip","datePublished":"2023-12-18T10:25:39+00:00","dateModified":"2023-12-18T10:25:39+00:00","mainEntityOfPage":{"@id":"https:\/\/now-news.de\/de\/deutschland\/russland-einkreisen-eu-auf-dem-nato-trip\/"},"wordCount":896,"commentCount":0,"publisher":{"@id":"https:\/\/now-news.de\/de\/#organization"},"image":{"@id":"https:\/\/now-news.de\/de\/deutschland\/russland-einkreisen-eu-auf-dem-nato-trip\/#primaryimage"},"thumbnailUrl":"https:\/\/now-news.de\/de\/wp-content\/uploads\/sites\/3\/2023\/12\/Russland-einkreisen-\u2013-EU-auf-dem-NATO-Trip.jpg","keywords":["AUF","DEM","einkreisen","NATOTrip","russland"],"articleSection":["Deutschland","Russland"],"inLanguage":"de","potentialAction":[{"@type":"CommentAction","name":"Comment","target":["https:\/\/now-news.de\/de\/deutschland\/russland-einkreisen-eu-auf-dem-nato-trip\/#respond"]}]},{"@type":"WebPage","@id":"https:\/\/now-news.de\/de\/deutschland\/russland-einkreisen-eu-auf-dem-nato-trip\/","url":"https:\/\/now-news.de\/de\/deutschland\/russland-einkreisen-eu-auf-dem-nato-trip\/","name":"Russland einkreisen \u2013 EU auf dem NATO-Trip - just-now.NEWS Deutschland","isPartOf":{"@id":"https:\/\/now-news.de\/de\/#website"},"primaryImageOfPage":{"@id":"https:\/\/now-news.de\/de\/deutschland\/russland-einkreisen-eu-auf-dem-nato-trip\/#primaryimage"},"image":{"@id":"https:\/\/now-news.de\/de\/deutschland\/russland-einkreisen-eu-auf-dem-nato-trip\/#primaryimage"},"thumbnailUrl":"https:\/\/now-news.de\/de\/wp-content\/uploads\/sites\/3\/2023\/12\/Russland-einkreisen-\u2013-EU-auf-dem-NATO-Trip.jpg","datePublished":"2023-12-18T10:25:39+00:00","dateModified":"2023-12-18T10:25:39+00:00","breadcrumb":{"@id":"https:\/\/now-news.de\/de\/deutschland\/russland-einkreisen-eu-auf-dem-nato-trip\/#breadcrumb"},"inLanguage":"de","potentialAction":[{"@type":"ReadAction","target":["https:\/\/now-news.de\/de\/deutschland\/russland-einkreisen-eu-auf-dem-nato-trip\/"]}]},{"@type":"ImageObject","inLanguage":"de","@id":"https:\/\/now-news.de\/de\/deutschland\/russland-einkreisen-eu-auf-dem-nato-trip\/#primaryimage","url":"https:\/\/now-news.de\/de\/wp-content\/uploads\/sites\/3\/2023\/12\/Russland-einkreisen-\u2013-EU-auf-dem-NATO-Trip.jpg","contentUrl":"https:\/\/now-news.de\/de\/wp-content\/uploads\/sites\/3\/2023\/12\/Russland-einkreisen-\u2013-EU-auf-dem-NATO-Trip.jpg","width":460,"height":259,"caption":"Russland einkreisen \u2013 EU auf dem NATO-Trip"},{"@type":"BreadcrumbList","@id":"https:\/\/now-news.de\/de\/deutschland\/russland-einkreisen-eu-auf-dem-nato-trip\/#breadcrumb","itemListElement":[{"@type":"ListItem","position":1,"name":"Home","item":"https:\/\/now-news.de\/de\/"},{"@type":"ListItem","position":2,"name":"Russland einkreisen \u2013 EU auf dem NATO-Trip"}]},{"@type":"WebSite","@id":"https:\/\/now-news.de\/de\/#website","url":"https:\/\/now-news.de\/de\/","name":"just-now.NEWS Deutschland","description":"Das Portal f\u00fcr unzensierte Nachrichten aus der Welt","publisher":{"@id":"https:\/\/now-news.de\/de\/#organization"},"potentialAction":[{"@type":"SearchAction","target":{"@type":"EntryPoint","urlTemplate":"https:\/\/now-news.de\/de\/?s={search_term_string}"},"query-input":"required name=search_term_string"}],"inLanguage":"de"},{"@type":"Organization","@id":"https:\/\/now-news.de\/de\/#organization","name":"Just Now News","url":"https:\/\/now-news.de\/de\/","logo":{"@type":"ImageObject","inLanguage":"de","@id":"https:\/\/now-news.de\/de\/#\/schema\/logo\/image\/","url":"http:\/\/just-now.news\/de\/wp-content\/uploads\/sites\/3\/2022\/04\/logo500x500.jpg","contentUrl":"http:\/\/just-now.news\/de\/wp-content\/uploads\/sites\/3\/2022\/04\/logo500x500.jpg","width":500,"height":500,"caption":"Just Now News"},"image":{"@id":"https:\/\/now-news.de\/de\/#\/schema\/logo\/image\/"},"sameAs":["https:\/\/www.facebook.com\/wirmachenauf","https:\/\/x.com\/WirMachenAuf_de"]},{"@type":"Person","@id":"https:\/\/now-news.de\/de\/#\/schema\/person\/fb534a4e865501d8b3285208df34a9b5","name":"rtnews","image":{"@type":"ImageObject","inLanguage":"de","@id":"https:\/\/now-news.de\/de\/#\/schema\/person\/image\/","url":"https:\/\/secure.gravatar.com\/avatar\/82aafea7d8127119dd649515f56e2117?s=96&d=mm&r=g","contentUrl":"https:\/\/secure.gravatar.com\/avatar\/82aafea7d8127119dd649515f56e2117?s=96&d=mm&r=g","caption":"rtnews"},"url":"https:\/\/now-news.de\/de\/author\/rnews\/"}]}},"_links":{"self":[{"href":"https:\/\/now-news.de\/de\/wp-json\/wp\/v2\/posts\/51752"}],"collection":[{"href":"https:\/\/now-news.de\/de\/wp-json\/wp\/v2\/posts"}],"about":[{"href":"https:\/\/now-news.de\/de\/wp-json\/wp\/v2\/types\/post"}],"author":[{"embeddable":true,"href":"https:\/\/now-news.de\/de\/wp-json\/wp\/v2\/users\/3"}],"replies":[{"embeddable":true,"href":"https:\/\/now-news.de\/de\/wp-json\/wp\/v2\/comments?post=51752"}],"version-history":[{"count":0,"href":"https:\/\/now-news.de\/de\/wp-json\/wp\/v2\/posts\/51752\/revisions"}],"wp:featuredmedia":[{"embeddable":true,"href":"https:\/\/now-news.de\/de\/wp-json\/wp\/v2\/media\/51753"}],"wp:attachment":[{"href":"https:\/\/now-news.de\/de\/wp-json\/wp\/v2\/media?parent=51752"}],"wp:term":[{"taxonomy":"category","embeddable":true,"href":"https:\/\/now-news.de\/de\/wp-json\/wp\/v2\/categories?post=51752"},{"taxonomy":"post_tag","embeddable":true,"href":"https:\/\/now-news.de\/de\/wp-json\/wp\/v2\/tags?post=51752"}],"curies":[{"name":"wp","href":"https:\/\/api.w.org\/{rel}","templated":true}]}}