{"id":51748,"date":"2023-12-18T11:02:01","date_gmt":"2023-12-18T09:02:01","guid":{"rendered":"https:\/\/just-now.news\/de\/deutschland\/who-entsetzt-wegen-zerstoerung-von-palaestinensischem-krankenhaus-durch-israel\/"},"modified":"2023-12-18T11:02:01","modified_gmt":"2023-12-18T09:02:01","slug":"who-entsetzt-wegen-zerstoerung-von-palaestinensischem-krankenhaus-durch-israel","status":"publish","type":"post","link":"https:\/\/now-news.de\/de\/deutschland\/who-entsetzt-wegen-zerstoerung-von-palaestinensischem-krankenhaus-durch-israel\/","title":{"rendered":"WHO &quot;entsetzt&quot; wegen Zerst\u00f6rung von pal\u00e4stinensischem Krankenhaus durch Israel"},"content":{"rendered":"<p><img decoding=\"async\" src=\"http:\/\/just-now.news\/de\/wp-content\/uploads\/sites\/3\/2023\/12\/65800619b480cc34413554ed.jpg\" \/><\/p>\n<div class=\"Text-root Text-type_1 \">\n                Die Weltgesundheitsorganisation (WHO) hat Israel vorgeworfen, ein Krankenhaus im Gazastreifen de facto zerst\u00f6rt zu haben. Der WHO-Chef Tedros Adhanom Ghebreyesus zeigte sich &#8220;entsetzt&#8221;.\n            <\/div>\n<p><\/p>\n<div class=\"Text-root Text-type_5 ArticleView-text ViewText-root \">\n<p>Die Weltgesundheitsorganisation (WHO) wirft Israel vor, ein Krankenhaus im Gazastreifen de facto zerst\u00f6rt zu haben.<\/p>\n<\/p>\n<p>WHO-Chef Tedros Adhanom Ghebreyesus \u00e4u\u00dferte sich dazu gestern im Kurznachrichtendienst X (Twitter) &#8220;entsetzt \u00fcber die faktische Zerst\u00f6rung des Kamal-Adwan-Krankenhauses im n\u00f6rdlichen Gazastreifen in den vergangenen Tagen&#8221;. Das Krankenhaus sei nicht mehr einsatzf\u00e4hig, au\u00dferdem seien Patienten ums Leben gekommen.<\/p>\n<\/p>\n<p>Auf X schrieb Ghebreyesus:<\/p>\n<\/p>\n<blockquote>\n<p><em>&#8220;Das Gesundheitssystem des Gazastreifens war bereits am Boden, und der Verlust eines weiteren, auch nur minimal funktionierenden Krankenhauses ist ein schwerer Schlag.&#8221;<\/em><\/p>\n<\/blockquote>\n<div class=\"EmbedBlock-root EmbedBlock-twitter\">\n<div class=\"TwitterEmbed\">\n<blockquote class=\"twitter-tweet lazyload\" data-twitter=\"twitter-tweet\">\n<p lang=\"en\" dir=\"ltr\">.<a rel=\"nofollow noopener\" target=\"_blank\" href=\"https:\/\/twitter.com\/WHO?ref_src=twsrc%5Etfw\">@WHO<\/a> is appalled by the effective destruction of Kamal Adwan hospital in northern <a rel=\"nofollow noopener\" target=\"_blank\" href=\"https:\/\/twitter.com\/hashtag\/Gaza?src=hash&amp;ref_src=twsrc%5Etfw\">#Gaza<\/a> over the last several days, rendering it non-functional and resulting in the death of at least 8 patients.Many health workers were reportedly detained, and WHO and partners are urgently\u2026<\/p>\n<p>\u2014 Tedros Adhanom Ghebreyesus (@DrTedros) <a rel=\"nofollow noopener\" target=\"_blank\" href=\"https:\/\/twitter.com\/DrTedros\/status\/1736450549564768742?ref_src=twsrc%5Etfw\">December 17, 2023<\/a><\/p><\/blockquote>\n<\/div>\n<\/div>\n<p>Medienberichten zufolge wurden zahlreiche Mitarbeiter festgenommen, erkl\u00e4rte der WHO-Chef weiter, nachdem die israelische Armee einen mehrt\u00e4gigen Einsatz in dem Krankenhaus beendet hatte.<\/p>\n<\/p>\n<p>Viele Patienten h\u00e4tten sich &#8220;unter gro\u00dfem Risiko f\u00fcr ihre Gesundheit und Sicherheit&#8221; selbst in Sicherheit bringen m\u00fcssen, weil Krankenwagen das Krankenhaus nicht h\u00e4tten erreichen k\u00f6nnen. Mehrere Patienten seien wegen fehlender medizinischer Versorgung gestorben, unter ihnen ein neun Jahre altes Kind.<\/p>\n<\/p>\n<p>Israel warf Tedros in einer Reaktion vor, nicht darauf hingewiesen zu haben, dass sich K\u00e4mpfer der islamistischen Pal\u00e4stinenserorganisation Hamas in dem Krankenhaus verschanzt h\u00e4tten.<\/p>\n<\/p>\n<p>Au\u00dferdem seien die israelischen Streitkr\u00e4fte vor dem Eindringen in die Klinik mit dem medizinischen Personal in Kontakt getreten, erkl\u00e4rte die israelische Vertretung bei den Vereinten Nationen in Genf.<\/p>\n<\/p>\n<p>Die Armee habe ein &#8220;humanit\u00e4res Fenster&#8221; zugelassen, und der Gro\u00dfteil des Krankenhauses sei evakuiert worden.<\/p>\n<\/p>\n<p>Am Samstag berichteten pal\u00e4stinensische Zeugen jedoch auch, dass die israelischen Streitkr\u00e4fte Zelte, in denen vertriebene Pal\u00e4stinenser untergebracht waren, in der N\u00e4he des Krankenhauses mit Bulldozern zerst\u00f6rt und die Menschen darin zu Tode quetscht haben. Dieses Videomaterial, dessen Authentizit\u00e4t nicht unabh\u00e4ngig gepr\u00fcft werden konnte, soll den Vorfall zeigen:<\/p>\n<div class=\"EmbedBlock-root EmbedBlock-twitter\">\n<div class=\"TwitterEmbed\">\n<blockquote class=\"twitter-tweet lazyload\" data-twitter=\"twitter-tweet\">\n<p lang=\"en\" dir=\"ltr\">Video footage of Israeli bulldozer running over hospital patients. <a rel=\"nofollow noopener\" target=\"_blank\" href=\"https:\/\/t.co\/qFflKmTj0N\">https:\/\/t.co\/qFflKmTj0N<\/a><\/p>\n<p>\u2014 Margaret Kimberley (@freedomrideblog) <a rel=\"nofollow noopener\" target=\"_blank\" href=\"https:\/\/twitter.com\/freedomrideblog\/status\/1736178480633589933?ref_src=twsrc%5Etfw\">December 17, 2023<\/a><\/p><\/blockquote>\n<\/div>\n<\/div>\n<p><strong>Mehr zum Thema<\/strong> \u2013 <a rel=\"nofollow noopener\" target=\"_blank\" href=\"https:\/\/freeassange.rtde.life\/der-nahe-osten\/190073-proteste-in-tel-aviv-israelische\/\">Proteste in Tel Aviv: Israelische Armee t\u00f6tet &#8220;versehentlich&#8221; drei israelische Geiseln <\/a><\/p>\n<\/p>\n<div class=\"EmbedBlock-root EmbedBlock-externalVideo EmbedBlock-odysee\">\n<div class=\"VkEmbed\"><iframe class=\"lazyload\" data-src=\"https:\/\/odysee.com\/%24\/embed\/%40RTDE%3Ae%2FGaza--Kameramann-von-Al-Jazeera-bei-Beschuss-get%C3%B6tet%3Ad\" frameborder=\"0\" width=\"853\" height=\"480\" allowfullscreen><\/iframe><\/div>\n<\/div>\n<\/div>\n<p><script async src=\"https:\/\/platform.twitter.com\/widgets.js\" charset=\"utf-8\"><\/script><br \/>\n<br \/><br \/>\n<br \/><a href=\"https:\/\/de.rt.com\/der-nahe-osten\/190190-who-entsetzt-wegen-zerstoerung-von-palaestinensischem-krankenhaus-durch-israel\/\">Source link <\/a><\/p>\n","protected":false},"excerpt":{"rendered":"<p>Die Weltgesundheitsorganisation (WHO) hat Israel vorgeworfen, ein Krankenhaus im Gazastreifen de facto zerst\u00f6rt zu haben. Der WHO-Chef Tedros Adhanom Ghebreyesus zeigte sich &#8220;entsetzt&#8221;. Die Weltgesundheitsorganisation (WHO) wirft Israel vor, ein Krankenhaus im Gazastreifen de facto zerst\u00f6rt zu haben. WHO-Chef Tedros Adhanom Ghebreyesus \u00e4u\u00dferte sich dazu gestern im Kurznachrichtendienst X (Twitter) &#8220;entsetzt \u00fcber die faktische Zerst\u00f6rung [&hellip;]<\/p>\n","protected":false},"author":3,"featured_media":51749,"comment_status":"open","ping_status":"open","sticky":false,"template":"","format":"standard","meta":{"_yoast_indexnow_last_ping":["1702890902"],"wp_automatic_camp":["217"],"dff5f3c0129417597a9ce12252b16223":["WHO &quot;entsetzt&quot; wegen Zerst\u00f6rung von pal\u00e4stinensischem Krankenhaus durch Israel"],"original_link":["https:\/\/de.rt.com\/der-nahe-osten\/190190-who-entsetzt-wegen-zerstoerung-von-palaestinensischem-krankenhaus-durch-israel\/"],"_thumbnail_id":["51749"],"_wptgpro_p2tg_sent2tg":["a:1:{i:23737;s:19:\"2023-12-18 11:17:20\";}"],"jnews_social_counter_last_update":["1777478977"]},"categories":[19,23],"tags":[1024,432,3224,49976,51704,50,145,8331],"yoast_head":"<!-- This site is optimized with the Yoast SEO Premium plugin v22.7 (Yoast SEO v22.7) - https:\/\/yoast.com\/wordpress\/plugins\/seo\/ -->\n<title>WHO &quot;entsetzt&quot; wegen Zerst\u00f6rung von pal\u00e4stinensischem Krankenhaus durch Israel - just-now.NEWS Deutschland<\/title>\n<meta name=\"robots\" content=\"index, follow, max-snippet:-1, max-image-preview:large, max-video-preview:-1\" \/>\n<link rel=\"canonical\" href=\"https:\/\/now-news.de\/de\/deutschland\/who-entsetzt-wegen-zerstoerung-von-palaestinensischem-krankenhaus-durch-israel\/\" \/>\n<meta property=\"og:locale\" content=\"de_DE\" \/>\n<meta property=\"og:type\" content=\"article\" \/>\n<meta property=\"og:title\" content=\"WHO &quot;entsetzt&quot; wegen Zerst\u00f6rung von pal\u00e4stinensischem Krankenhaus durch Israel\" \/>\n<meta property=\"og:description\" content=\"Die Weltgesundheitsorganisation (WHO) hat Israel vorgeworfen, ein Krankenhaus im Gazastreifen de facto zerst\u00f6rt zu haben. Der WHO-Chef Tedros Adhanom Ghebreyesus zeigte sich &#8220;entsetzt&#8221;. Die Weltgesundheitsorganisation (WHO) wirft Israel vor, ein Krankenhaus im Gazastreifen de facto zerst\u00f6rt zu haben. WHO-Chef Tedros Adhanom Ghebreyesus \u00e4u\u00dferte sich dazu gestern im Kurznachrichtendienst X (Twitter) &#8220;entsetzt \u00fcber die faktische Zerst\u00f6rung [&hellip;]\" \/>\n<meta property=\"og:url\" content=\"https:\/\/now-news.de\/de\/deutschland\/who-entsetzt-wegen-zerstoerung-von-palaestinensischem-krankenhaus-durch-israel\/\" \/>\n<meta property=\"og:site_name\" content=\"just-now.NEWS Deutschland\" \/>\n<meta property=\"article:publisher\" content=\"https:\/\/www.facebook.com\/wirmachenauf\" \/>\n<meta property=\"article:published_time\" content=\"2023-12-18T09:02:01+00:00\" \/>\n<meta property=\"og:image\" content=\"https:\/\/now-news.de\/de\/wp-content\/uploads\/sites\/3\/2023\/12\/WHO-quotentsetztquot-wegen-Zerstoerung-von-palaestinensischem-Krankenhaus-durch-Israel.jpg\" \/>\n\t<meta property=\"og:image:width\" content=\"460\" \/>\n\t<meta property=\"og:image:height\" content=\"259\" \/>\n\t<meta property=\"og:image:type\" content=\"image\/jpeg\" \/>\n<meta name=\"author\" content=\"rtnews\" \/>\n<meta name=\"twitter:card\" content=\"summary_large_image\" \/>\n<meta name=\"twitter:creator\" content=\"@WirMachenAuf_de\" \/>\n<meta name=\"twitter:site\" content=\"@WirMachenAuf_de\" \/>\n<meta name=\"twitter:label1\" content=\"Verfasst von\" \/>\n\t<meta name=\"twitter:data1\" content=\"rtnews\" \/>\n\t<meta name=\"twitter:label2\" content=\"Gesch\u00e4tzte Lesezeit\" \/>\n\t<meta name=\"twitter:data2\" content=\"2\u00a0Minuten\" \/>\n<script type=\"application\/ld+json\" class=\"yoast-schema-graph\">{\"@context\":\"https:\/\/schema.org\",\"@graph\":[{\"@type\":\"Article\",\"@id\":\"https:\/\/now-news.de\/de\/deutschland\/who-entsetzt-wegen-zerstoerung-von-palaestinensischem-krankenhaus-durch-israel\/#article\",\"isPartOf\":{\"@id\":\"https:\/\/now-news.de\/de\/deutschland\/who-entsetzt-wegen-zerstoerung-von-palaestinensischem-krankenhaus-durch-israel\/\"},\"author\":{\"name\":\"rtnews\",\"@id\":\"https:\/\/now-news.de\/de\/#\/schema\/person\/fb534a4e865501d8b3285208df34a9b5\"},\"headline\":\"WHO &quot;entsetzt&quot; wegen Zerst\u00f6rung von pal\u00e4stinensischem Krankenhaus durch Israel\",\"datePublished\":\"2023-12-18T09:02:01+00:00\",\"dateModified\":\"2023-12-18T09:02:01+00:00\",\"mainEntityOfPage\":{\"@id\":\"https:\/\/now-news.de\/de\/deutschland\/who-entsetzt-wegen-zerstoerung-von-palaestinensischem-krankenhaus-durch-israel\/\"},\"wordCount\":406,\"commentCount\":0,\"publisher\":{\"@id\":\"https:\/\/now-news.de\/de\/#organization\"},\"image\":{\"@id\":\"https:\/\/now-news.de\/de\/deutschland\/who-entsetzt-wegen-zerstoerung-von-palaestinensischem-krankenhaus-durch-israel\/#primaryimage\"},\"thumbnailUrl\":\"https:\/\/now-news.de\/de\/wp-content\/uploads\/sites\/3\/2023\/12\/WHO-quotentsetztquot-wegen-Zerstoerung-von-palaestinensischem-Krankenhaus-durch-Israel.jpg\",\"keywords\":[\"durch\",\"Israel\",\"Krankenhaus\",\"pal\u00e4stinensischem\",\"quotentsetztquot\",\"von\",\"wegen\",\"Zerst\u00f6rung\"],\"articleSection\":[\"Deutschland\",\"Russland\"],\"inLanguage\":\"de\",\"potentialAction\":[{\"@type\":\"CommentAction\",\"name\":\"Comment\",\"target\":[\"https:\/\/now-news.de\/de\/deutschland\/who-entsetzt-wegen-zerstoerung-von-palaestinensischem-krankenhaus-durch-israel\/#respond\"]}]},{\"@type\":\"WebPage\",\"@id\":\"https:\/\/now-news.de\/de\/deutschland\/who-entsetzt-wegen-zerstoerung-von-palaestinensischem-krankenhaus-durch-israel\/\",\"url\":\"https:\/\/now-news.de\/de\/deutschland\/who-entsetzt-wegen-zerstoerung-von-palaestinensischem-krankenhaus-durch-israel\/\",\"name\":\"WHO &quot;entsetzt&quot; wegen Zerst\u00f6rung von pal\u00e4stinensischem Krankenhaus durch Israel - just-now.NEWS Deutschland\",\"isPartOf\":{\"@id\":\"https:\/\/now-news.de\/de\/#website\"},\"primaryImageOfPage\":{\"@id\":\"https:\/\/now-news.de\/de\/deutschland\/who-entsetzt-wegen-zerstoerung-von-palaestinensischem-krankenhaus-durch-israel\/#primaryimage\"},\"image\":{\"@id\":\"https:\/\/now-news.de\/de\/deutschland\/who-entsetzt-wegen-zerstoerung-von-palaestinensischem-krankenhaus-durch-israel\/#primaryimage\"},\"thumbnailUrl\":\"https:\/\/now-news.de\/de\/wp-content\/uploads\/sites\/3\/2023\/12\/WHO-quotentsetztquot-wegen-Zerstoerung-von-palaestinensischem-Krankenhaus-durch-Israel.jpg\",\"datePublished\":\"2023-12-18T09:02:01+00:00\",\"dateModified\":\"2023-12-18T09:02:01+00:00\",\"breadcrumb\":{\"@id\":\"https:\/\/now-news.de\/de\/deutschland\/who-entsetzt-wegen-zerstoerung-von-palaestinensischem-krankenhaus-durch-israel\/#breadcrumb\"},\"inLanguage\":\"de\",\"potentialAction\":[{\"@type\":\"ReadAction\",\"target\":[\"https:\/\/now-news.de\/de\/deutschland\/who-entsetzt-wegen-zerstoerung-von-palaestinensischem-krankenhaus-durch-israel\/\"]}]},{\"@type\":\"ImageObject\",\"inLanguage\":\"de\",\"@id\":\"https:\/\/now-news.de\/de\/deutschland\/who-entsetzt-wegen-zerstoerung-von-palaestinensischem-krankenhaus-durch-israel\/#primaryimage\",\"url\":\"https:\/\/now-news.de\/de\/wp-content\/uploads\/sites\/3\/2023\/12\/WHO-quotentsetztquot-wegen-Zerstoerung-von-palaestinensischem-Krankenhaus-durch-Israel.jpg\",\"contentUrl\":\"https:\/\/now-news.de\/de\/wp-content\/uploads\/sites\/3\/2023\/12\/WHO-quotentsetztquot-wegen-Zerstoerung-von-palaestinensischem-Krankenhaus-durch-Israel.jpg\",\"width\":460,\"height\":259,\"caption\":\"WHO &quot;entsetzt&quot; wegen Zerst\u00f6rung von pal\u00e4stinensischem Krankenhaus durch Israel\"},{\"@type\":\"BreadcrumbList\",\"@id\":\"https:\/\/now-news.de\/de\/deutschland\/who-entsetzt-wegen-zerstoerung-von-palaestinensischem-krankenhaus-durch-israel\/#breadcrumb\",\"itemListElement\":[{\"@type\":\"ListItem\",\"position\":1,\"name\":\"Home\",\"item\":\"https:\/\/now-news.de\/de\/\"},{\"@type\":\"ListItem\",\"position\":2,\"name\":\"WHO &quot;entsetzt&quot; wegen Zerst\u00f6rung von pal\u00e4stinensischem Krankenhaus durch Israel\"}]},{\"@type\":\"WebSite\",\"@id\":\"https:\/\/now-news.de\/de\/#website\",\"url\":\"https:\/\/now-news.de\/de\/\",\"name\":\"just-now.NEWS Deutschland\",\"description\":\"Das Portal f\u00fcr unzensierte Nachrichten aus der Welt\",\"publisher\":{\"@id\":\"https:\/\/now-news.de\/de\/#organization\"},\"potentialAction\":[{\"@type\":\"SearchAction\",\"target\":{\"@type\":\"EntryPoint\",\"urlTemplate\":\"https:\/\/now-news.de\/de\/?s={search_term_string}\"},\"query-input\":\"required name=search_term_string\"}],\"inLanguage\":\"de\"},{\"@type\":\"Organization\",\"@id\":\"https:\/\/now-news.de\/de\/#organization\",\"name\":\"Just Now News\",\"url\":\"https:\/\/now-news.de\/de\/\",\"logo\":{\"@type\":\"ImageObject\",\"inLanguage\":\"de\",\"@id\":\"https:\/\/now-news.de\/de\/#\/schema\/logo\/image\/\",\"url\":\"http:\/\/just-now.news\/de\/wp-content\/uploads\/sites\/3\/2022\/04\/logo500x500.jpg\",\"contentUrl\":\"http:\/\/just-now.news\/de\/wp-content\/uploads\/sites\/3\/2022\/04\/logo500x500.jpg\",\"width\":500,\"height\":500,\"caption\":\"Just Now News\"},\"image\":{\"@id\":\"https:\/\/now-news.de\/de\/#\/schema\/logo\/image\/\"},\"sameAs\":[\"https:\/\/www.facebook.com\/wirmachenauf\",\"https:\/\/x.com\/WirMachenAuf_de\"]},{\"@type\":\"Person\",\"@id\":\"https:\/\/now-news.de\/de\/#\/schema\/person\/fb534a4e865501d8b3285208df34a9b5\",\"name\":\"rtnews\",\"image\":{\"@type\":\"ImageObject\",\"inLanguage\":\"de\",\"@id\":\"https:\/\/now-news.de\/de\/#\/schema\/person\/image\/\",\"url\":\"https:\/\/secure.gravatar.com\/avatar\/82aafea7d8127119dd649515f56e2117?s=96&d=mm&r=g\",\"contentUrl\":\"https:\/\/secure.gravatar.com\/avatar\/82aafea7d8127119dd649515f56e2117?s=96&d=mm&r=g\",\"caption\":\"rtnews\"},\"url\":\"https:\/\/now-news.de\/de\/author\/rnews\/\"}]}<\/script>\n<!-- \/ Yoast SEO Premium plugin. -->","yoast_head_json":{"title":"WHO &quot;entsetzt&quot; wegen Zerst\u00f6rung von pal\u00e4stinensischem Krankenhaus durch Israel - just-now.NEWS Deutschland","robots":{"index":"index","follow":"follow","max-snippet":"max-snippet:-1","max-image-preview":"max-image-preview:large","max-video-preview":"max-video-preview:-1"},"canonical":"https:\/\/now-news.de\/de\/deutschland\/who-entsetzt-wegen-zerstoerung-von-palaestinensischem-krankenhaus-durch-israel\/","og_locale":"de_DE","og_type":"article","og_title":"WHO &quot;entsetzt&quot; wegen Zerst\u00f6rung von pal\u00e4stinensischem Krankenhaus durch Israel","og_description":"Die Weltgesundheitsorganisation (WHO) hat Israel vorgeworfen, ein Krankenhaus im Gazastreifen de facto zerst\u00f6rt zu haben. Der WHO-Chef Tedros Adhanom Ghebreyesus zeigte sich &#8220;entsetzt&#8221;. Die Weltgesundheitsorganisation (WHO) wirft Israel vor, ein Krankenhaus im Gazastreifen de facto zerst\u00f6rt zu haben. WHO-Chef Tedros Adhanom Ghebreyesus \u00e4u\u00dferte sich dazu gestern im Kurznachrichtendienst X (Twitter) &#8220;entsetzt \u00fcber die faktische Zerst\u00f6rung [&hellip;]","og_url":"https:\/\/now-news.de\/de\/deutschland\/who-entsetzt-wegen-zerstoerung-von-palaestinensischem-krankenhaus-durch-israel\/","og_site_name":"just-now.NEWS Deutschland","article_publisher":"https:\/\/www.facebook.com\/wirmachenauf","article_published_time":"2023-12-18T09:02:01+00:00","og_image":[{"width":460,"height":259,"url":"https:\/\/now-news.de\/de\/wp-content\/uploads\/sites\/3\/2023\/12\/WHO-quotentsetztquot-wegen-Zerstoerung-von-palaestinensischem-Krankenhaus-durch-Israel.jpg","type":"image\/jpeg"}],"author":"rtnews","twitter_card":"summary_large_image","twitter_creator":"@WirMachenAuf_de","twitter_site":"@WirMachenAuf_de","twitter_misc":{"Verfasst von":"rtnews","Gesch\u00e4tzte Lesezeit":"2\u00a0Minuten"},"schema":{"@context":"https:\/\/schema.org","@graph":[{"@type":"Article","@id":"https:\/\/now-news.de\/de\/deutschland\/who-entsetzt-wegen-zerstoerung-von-palaestinensischem-krankenhaus-durch-israel\/#article","isPartOf":{"@id":"https:\/\/now-news.de\/de\/deutschland\/who-entsetzt-wegen-zerstoerung-von-palaestinensischem-krankenhaus-durch-israel\/"},"author":{"name":"rtnews","@id":"https:\/\/now-news.de\/de\/#\/schema\/person\/fb534a4e865501d8b3285208df34a9b5"},"headline":"WHO &quot;entsetzt&quot; wegen Zerst\u00f6rung von pal\u00e4stinensischem Krankenhaus durch Israel","datePublished":"2023-12-18T09:02:01+00:00","dateModified":"2023-12-18T09:02:01+00:00","mainEntityOfPage":{"@id":"https:\/\/now-news.de\/de\/deutschland\/who-entsetzt-wegen-zerstoerung-von-palaestinensischem-krankenhaus-durch-israel\/"},"wordCount":406,"commentCount":0,"publisher":{"@id":"https:\/\/now-news.de\/de\/#organization"},"image":{"@id":"https:\/\/now-news.de\/de\/deutschland\/who-entsetzt-wegen-zerstoerung-von-palaestinensischem-krankenhaus-durch-israel\/#primaryimage"},"thumbnailUrl":"https:\/\/now-news.de\/de\/wp-content\/uploads\/sites\/3\/2023\/12\/WHO-quotentsetztquot-wegen-Zerstoerung-von-palaestinensischem-Krankenhaus-durch-Israel.jpg","keywords":["durch","Israel","Krankenhaus","pal\u00e4stinensischem","quotentsetztquot","von","wegen","Zerst\u00f6rung"],"articleSection":["Deutschland","Russland"],"inLanguage":"de","potentialAction":[{"@type":"CommentAction","name":"Comment","target":["https:\/\/now-news.de\/de\/deutschland\/who-entsetzt-wegen-zerstoerung-von-palaestinensischem-krankenhaus-durch-israel\/#respond"]}]},{"@type":"WebPage","@id":"https:\/\/now-news.de\/de\/deutschland\/who-entsetzt-wegen-zerstoerung-von-palaestinensischem-krankenhaus-durch-israel\/","url":"https:\/\/now-news.de\/de\/deutschland\/who-entsetzt-wegen-zerstoerung-von-palaestinensischem-krankenhaus-durch-israel\/","name":"WHO &quot;entsetzt&quot; wegen Zerst\u00f6rung von pal\u00e4stinensischem Krankenhaus durch Israel - just-now.NEWS Deutschland","isPartOf":{"@id":"https:\/\/now-news.de\/de\/#website"},"primaryImageOfPage":{"@id":"https:\/\/now-news.de\/de\/deutschland\/who-entsetzt-wegen-zerstoerung-von-palaestinensischem-krankenhaus-durch-israel\/#primaryimage"},"image":{"@id":"https:\/\/now-news.de\/de\/deutschland\/who-entsetzt-wegen-zerstoerung-von-palaestinensischem-krankenhaus-durch-israel\/#primaryimage"},"thumbnailUrl":"https:\/\/now-news.de\/de\/wp-content\/uploads\/sites\/3\/2023\/12\/WHO-quotentsetztquot-wegen-Zerstoerung-von-palaestinensischem-Krankenhaus-durch-Israel.jpg","datePublished":"2023-12-18T09:02:01+00:00","dateModified":"2023-12-18T09:02:01+00:00","breadcrumb":{"@id":"https:\/\/now-news.de\/de\/deutschland\/who-entsetzt-wegen-zerstoerung-von-palaestinensischem-krankenhaus-durch-israel\/#breadcrumb"},"inLanguage":"de","potentialAction":[{"@type":"ReadAction","target":["https:\/\/now-news.de\/de\/deutschland\/who-entsetzt-wegen-zerstoerung-von-palaestinensischem-krankenhaus-durch-israel\/"]}]},{"@type":"ImageObject","inLanguage":"de","@id":"https:\/\/now-news.de\/de\/deutschland\/who-entsetzt-wegen-zerstoerung-von-palaestinensischem-krankenhaus-durch-israel\/#primaryimage","url":"https:\/\/now-news.de\/de\/wp-content\/uploads\/sites\/3\/2023\/12\/WHO-quotentsetztquot-wegen-Zerstoerung-von-palaestinensischem-Krankenhaus-durch-Israel.jpg","contentUrl":"https:\/\/now-news.de\/de\/wp-content\/uploads\/sites\/3\/2023\/12\/WHO-quotentsetztquot-wegen-Zerstoerung-von-palaestinensischem-Krankenhaus-durch-Israel.jpg","width":460,"height":259,"caption":"WHO &quot;entsetzt&quot; wegen Zerst\u00f6rung von pal\u00e4stinensischem Krankenhaus durch Israel"},{"@type":"BreadcrumbList","@id":"https:\/\/now-news.de\/de\/deutschland\/who-entsetzt-wegen-zerstoerung-von-palaestinensischem-krankenhaus-durch-israel\/#breadcrumb","itemListElement":[{"@type":"ListItem","position":1,"name":"Home","item":"https:\/\/now-news.de\/de\/"},{"@type":"ListItem","position":2,"name":"WHO &quot;entsetzt&quot; wegen Zerst\u00f6rung von pal\u00e4stinensischem Krankenhaus durch Israel"}]},{"@type":"WebSite","@id":"https:\/\/now-news.de\/de\/#website","url":"https:\/\/now-news.de\/de\/","name":"just-now.NEWS Deutschland","description":"Das Portal f\u00fcr unzensierte Nachrichten aus der Welt","publisher":{"@id":"https:\/\/now-news.de\/de\/#organization"},"potentialAction":[{"@type":"SearchAction","target":{"@type":"EntryPoint","urlTemplate":"https:\/\/now-news.de\/de\/?s={search_term_string}"},"query-input":"required name=search_term_string"}],"inLanguage":"de"},{"@type":"Organization","@id":"https:\/\/now-news.de\/de\/#organization","name":"Just Now News","url":"https:\/\/now-news.de\/de\/","logo":{"@type":"ImageObject","inLanguage":"de","@id":"https:\/\/now-news.de\/de\/#\/schema\/logo\/image\/","url":"http:\/\/just-now.news\/de\/wp-content\/uploads\/sites\/3\/2022\/04\/logo500x500.jpg","contentUrl":"http:\/\/just-now.news\/de\/wp-content\/uploads\/sites\/3\/2022\/04\/logo500x500.jpg","width":500,"height":500,"caption":"Just Now News"},"image":{"@id":"https:\/\/now-news.de\/de\/#\/schema\/logo\/image\/"},"sameAs":["https:\/\/www.facebook.com\/wirmachenauf","https:\/\/x.com\/WirMachenAuf_de"]},{"@type":"Person","@id":"https:\/\/now-news.de\/de\/#\/schema\/person\/fb534a4e865501d8b3285208df34a9b5","name":"rtnews","image":{"@type":"ImageObject","inLanguage":"de","@id":"https:\/\/now-news.de\/de\/#\/schema\/person\/image\/","url":"https:\/\/secure.gravatar.com\/avatar\/82aafea7d8127119dd649515f56e2117?s=96&d=mm&r=g","contentUrl":"https:\/\/secure.gravatar.com\/avatar\/82aafea7d8127119dd649515f56e2117?s=96&d=mm&r=g","caption":"rtnews"},"url":"https:\/\/now-news.de\/de\/author\/rnews\/"}]}},"_links":{"self":[{"href":"https:\/\/now-news.de\/de\/wp-json\/wp\/v2\/posts\/51748"}],"collection":[{"href":"https:\/\/now-news.de\/de\/wp-json\/wp\/v2\/posts"}],"about":[{"href":"https:\/\/now-news.de\/de\/wp-json\/wp\/v2\/types\/post"}],"author":[{"embeddable":true,"href":"https:\/\/now-news.de\/de\/wp-json\/wp\/v2\/users\/3"}],"replies":[{"embeddable":true,"href":"https:\/\/now-news.de\/de\/wp-json\/wp\/v2\/comments?post=51748"}],"version-history":[{"count":0,"href":"https:\/\/now-news.de\/de\/wp-json\/wp\/v2\/posts\/51748\/revisions"}],"wp:featuredmedia":[{"embeddable":true,"href":"https:\/\/now-news.de\/de\/wp-json\/wp\/v2\/media\/51749"}],"wp:attachment":[{"href":"https:\/\/now-news.de\/de\/wp-json\/wp\/v2\/media?parent=51748"}],"wp:term":[{"taxonomy":"category","embeddable":true,"href":"https:\/\/now-news.de\/de\/wp-json\/wp\/v2\/categories?post=51748"},{"taxonomy":"post_tag","embeddable":true,"href":"https:\/\/now-news.de\/de\/wp-json\/wp\/v2\/tags?post=51748"}],"curies":[{"name":"wp","href":"https:\/\/api.w.org\/{rel}","templated":true}]}}