{"id":51734,"date":"2023-12-17T23:52:27","date_gmt":"2023-12-17T21:52:27","guid":{"rendered":"https:\/\/just-now.news\/de\/deutschland\/vucic-gewinnt-parlamentswahlen-in-serbien\/"},"modified":"2023-12-17T23:52:27","modified_gmt":"2023-12-17T21:52:27","slug":"vucic-gewinnt-parlamentswahlen-in-serbien","status":"publish","type":"post","link":"https:\/\/now-news.de\/de\/deutschland\/vucic-gewinnt-parlamentswahlen-in-serbien\/","title":{"rendered":"Vu\u010di\u0107 gewinnt Parlamentswahlen in Serbien"},"content":{"rendered":"<p><img decoding=\"async\" src=\"http:\/\/just-now.news\/de\/wp-content\/uploads\/sites\/3\/2023\/12\/657f6d22b480cc348e461ae4.jpg\" \/><\/p>\n<div class=\"Text-root Text-type_1 \">\n                Nach der Ausz\u00e4hlung von knapp zwei Dritteln der Stimmen hat die Serbische Fortschrittspartei (SNS) von Pr\u00e4sident Aleksandar Vu\u010di\u0107 knapp 47 Prozent der Stimmen geholt. Bleibt es dabei, w\u00fcrde sie im Alleingang \u00fcber eine absolute Mehrheit von 129 Mandaten in der Volksversammlung mit 250 Sitzen verf\u00fcgen.\n            <\/div>\n<p><\/p>\n<div class=\"Text-root Text-type_5 ArticleView-text ViewText-root \">\n<p>Die Partei von Pr\u00e4sident Aleksandar Vu\u010di\u0107 hat am Sonntag nach Angaben von Wahlforschern die Parlamentswahl in Serbien gewonnen. Nach Ausz\u00e4hlung von 65 Prozent der abgegebenen Stimmen sahen die Belgrader Institute Cesid und Ipsos die Serbische Fortschrittspartei (SNS) mit 47 Prozent der Stimmen als klar st\u00e4rkste Kraft.<\/p>\n<p>Im Vergleich zur vorherigen Wahl vor 17 Monaten legte die SNS demnach um drei Prozentpunkte zu. Bleibt es dabei, w\u00fcrde sie im Alleingang \u00fcber eine absolute Mehrheit von 129 Mandaten in der Volksversammlung mit 250 Sitzen verf\u00fcgen. Die liberale Opposition, die als Wahlb\u00fcndnis &#8220;Serbien gegen Gewalt&#8221; gemeinsam antrat, vereinigte demnach 23 Prozent der Stimmen auf sich und kann mit 63 Mandaten rechnen.<\/p>\n<p>Am Sonntag waren etwas mehr als 6,5 Millionen Serben zur Stimmabgabe aufgerufen. Um 16 Uhr lag die Wahlbeteiligung nach Angaben der Wahlkommission bei 42 Prozent, genauso wie bei der Wahl 2022.<\/p>\n<p><strong>Mehr zum Thema &#8211;<\/strong>\u00a0<a rel=\"nofollow noopener\" target=\"_blank\" href=\"https:\/\/freedert.online\/europa\/189898-kontinuitaet-oder-wendepunkt-serbien-vor\/\">Kontinuit\u00e4t oder Wendepunkt? Serbien vor Neuwahlen <\/a><\/p>\n<div class=\"EmbedBlock-root EmbedBlock-externalVideo EmbedBlock-odysee\">\n<div class=\"VkEmbed\"><iframe class=\"lazyload\" data-src=\"https:\/\/odysee.com\/%24\/embed\/%40RTDE%3Ae%2FVu%C4%8Di%C4%87---Ich-will-Serbiens-Fortschritt%2C-nicht-seinen-Verfall-%3A0\" frameborder=\"0\" width=\"853\" height=\"480\" allowfullscreen><\/iframe><\/div>\n<\/div>\n<\/div>\n<p><br \/>\n<br \/><a href=\"https:\/\/de.rt.com\/international\/190169-vucic-gewinnt-parlamentswahlen-in-serbien\/\">Source link <\/a><\/p>\n","protected":false},"excerpt":{"rendered":"<p>Nach der Ausz\u00e4hlung von knapp zwei Dritteln der Stimmen hat die Serbische Fortschrittspartei (SNS) von Pr\u00e4sident Aleksandar Vu\u010di\u0107 knapp 47 Prozent der Stimmen geholt. Bleibt es dabei, w\u00fcrde sie im Alleingang \u00fcber eine absolute Mehrheit von 129 Mandaten in der Volksversammlung mit 250 Sitzen verf\u00fcgen. Die Partei von Pr\u00e4sident Aleksandar Vu\u010di\u0107 hat am Sonntag nach [&hellip;]<\/p>\n","protected":false},"author":3,"featured_media":51735,"comment_status":"open","ping_status":"open","sticky":false,"template":"","format":"standard","meta":{"_yoast_indexnow_last_ping":["1702850147"],"wp_automatic_camp":["217"],"deb576cd8a41d913ef945a7ff6d19864":["Vu\u010di\u0107 gewinnt Parlamentswahlen in Serbien"],"original_link":["https:\/\/de.rt.com\/international\/190169-vucic-gewinnt-parlamentswahlen-in-serbien\/"],"_thumbnail_id":["51735"],"_wptgpro_p2tg_sent2tg":["a:1:{i:23737;s:19:\"2023-12-17 23:56:52\";}"],"jnews_social_counter_last_update":["1777253123"]},"categories":[19,23],"tags":[18701,18876,978,955],"yoast_head":"<!-- This site is optimized with the Yoast SEO Premium plugin v22.7 (Yoast SEO v22.7) - https:\/\/yoast.com\/wordpress\/plugins\/seo\/ -->\n<title>Vu\u010di\u0107 gewinnt Parlamentswahlen in Serbien - just-now.NEWS Deutschland<\/title>\n<meta name=\"robots\" content=\"index, follow, max-snippet:-1, max-image-preview:large, max-video-preview:-1\" \/>\n<link rel=\"canonical\" href=\"https:\/\/now-news.de\/de\/deutschland\/vucic-gewinnt-parlamentswahlen-in-serbien\/\" \/>\n<meta property=\"og:locale\" content=\"de_DE\" \/>\n<meta property=\"og:type\" content=\"article\" \/>\n<meta property=\"og:title\" content=\"Vu\u010di\u0107 gewinnt Parlamentswahlen in Serbien\" \/>\n<meta property=\"og:description\" content=\"Nach der Ausz\u00e4hlung von knapp zwei Dritteln der Stimmen hat die Serbische Fortschrittspartei (SNS) von Pr\u00e4sident Aleksandar Vu\u010di\u0107 knapp 47 Prozent der Stimmen geholt. Bleibt es dabei, w\u00fcrde sie im Alleingang \u00fcber eine absolute Mehrheit von 129 Mandaten in der Volksversammlung mit 250 Sitzen verf\u00fcgen. Die Partei von Pr\u00e4sident Aleksandar Vu\u010di\u0107 hat am Sonntag nach [&hellip;]\" \/>\n<meta property=\"og:url\" content=\"https:\/\/now-news.de\/de\/deutschland\/vucic-gewinnt-parlamentswahlen-in-serbien\/\" \/>\n<meta property=\"og:site_name\" content=\"just-now.NEWS Deutschland\" \/>\n<meta property=\"article:publisher\" content=\"https:\/\/www.facebook.com\/wirmachenauf\" \/>\n<meta property=\"article:published_time\" content=\"2023-12-17T21:52:27+00:00\" \/>\n<meta property=\"og:image\" content=\"https:\/\/now-news.de\/de\/wp-content\/uploads\/sites\/3\/2023\/12\/Vucic-gewinnt-Parlamentswahlen-in-Serbien.jpg\" \/>\n\t<meta property=\"og:image:width\" content=\"460\" \/>\n\t<meta property=\"og:image:height\" content=\"259\" \/>\n\t<meta property=\"og:image:type\" content=\"image\/jpeg\" \/>\n<meta name=\"author\" content=\"rtnews\" \/>\n<meta name=\"twitter:card\" content=\"summary_large_image\" \/>\n<meta name=\"twitter:creator\" content=\"@WirMachenAuf_de\" \/>\n<meta name=\"twitter:site\" content=\"@WirMachenAuf_de\" \/>\n<meta name=\"twitter:label1\" content=\"Verfasst von\" \/>\n\t<meta name=\"twitter:data1\" content=\"rtnews\" \/>\n\t<meta name=\"twitter:label2\" content=\"Gesch\u00e4tzte Lesezeit\" \/>\n\t<meta name=\"twitter:data2\" content=\"1\u00a0Minute\" \/>\n<script type=\"application\/ld+json\" class=\"yoast-schema-graph\">{\"@context\":\"https:\/\/schema.org\",\"@graph\":[{\"@type\":\"Article\",\"@id\":\"https:\/\/now-news.de\/de\/deutschland\/vucic-gewinnt-parlamentswahlen-in-serbien\/#article\",\"isPartOf\":{\"@id\":\"https:\/\/now-news.de\/de\/deutschland\/vucic-gewinnt-parlamentswahlen-in-serbien\/\"},\"author\":{\"name\":\"rtnews\",\"@id\":\"https:\/\/now-news.de\/de\/#\/schema\/person\/fb534a4e865501d8b3285208df34a9b5\"},\"headline\":\"Vu\u010di\u0107 gewinnt Parlamentswahlen in Serbien\",\"datePublished\":\"2023-12-17T21:52:27+00:00\",\"dateModified\":\"2023-12-17T21:52:27+00:00\",\"mainEntityOfPage\":{\"@id\":\"https:\/\/now-news.de\/de\/deutschland\/vucic-gewinnt-parlamentswahlen-in-serbien\/\"},\"wordCount\":202,\"commentCount\":0,\"publisher\":{\"@id\":\"https:\/\/now-news.de\/de\/#organization\"},\"image\":{\"@id\":\"https:\/\/now-news.de\/de\/deutschland\/vucic-gewinnt-parlamentswahlen-in-serbien\/#primaryimage\"},\"thumbnailUrl\":\"https:\/\/now-news.de\/de\/wp-content\/uploads\/sites\/3\/2023\/12\/Vucic-gewinnt-Parlamentswahlen-in-Serbien.jpg\",\"keywords\":[\"gewinnt\",\"Parlamentswahlen\",\"Serbien\",\"Vucic\"],\"articleSection\":[\"Deutschland\",\"Russland\"],\"inLanguage\":\"de\",\"potentialAction\":[{\"@type\":\"CommentAction\",\"name\":\"Comment\",\"target\":[\"https:\/\/now-news.de\/de\/deutschland\/vucic-gewinnt-parlamentswahlen-in-serbien\/#respond\"]}]},{\"@type\":\"WebPage\",\"@id\":\"https:\/\/now-news.de\/de\/deutschland\/vucic-gewinnt-parlamentswahlen-in-serbien\/\",\"url\":\"https:\/\/now-news.de\/de\/deutschland\/vucic-gewinnt-parlamentswahlen-in-serbien\/\",\"name\":\"Vu\u010di\u0107 gewinnt Parlamentswahlen in Serbien - just-now.NEWS Deutschland\",\"isPartOf\":{\"@id\":\"https:\/\/now-news.de\/de\/#website\"},\"primaryImageOfPage\":{\"@id\":\"https:\/\/now-news.de\/de\/deutschland\/vucic-gewinnt-parlamentswahlen-in-serbien\/#primaryimage\"},\"image\":{\"@id\":\"https:\/\/now-news.de\/de\/deutschland\/vucic-gewinnt-parlamentswahlen-in-serbien\/#primaryimage\"},\"thumbnailUrl\":\"https:\/\/now-news.de\/de\/wp-content\/uploads\/sites\/3\/2023\/12\/Vucic-gewinnt-Parlamentswahlen-in-Serbien.jpg\",\"datePublished\":\"2023-12-17T21:52:27+00:00\",\"dateModified\":\"2023-12-17T21:52:27+00:00\",\"breadcrumb\":{\"@id\":\"https:\/\/now-news.de\/de\/deutschland\/vucic-gewinnt-parlamentswahlen-in-serbien\/#breadcrumb\"},\"inLanguage\":\"de\",\"potentialAction\":[{\"@type\":\"ReadAction\",\"target\":[\"https:\/\/now-news.de\/de\/deutschland\/vucic-gewinnt-parlamentswahlen-in-serbien\/\"]}]},{\"@type\":\"ImageObject\",\"inLanguage\":\"de\",\"@id\":\"https:\/\/now-news.de\/de\/deutschland\/vucic-gewinnt-parlamentswahlen-in-serbien\/#primaryimage\",\"url\":\"https:\/\/now-news.de\/de\/wp-content\/uploads\/sites\/3\/2023\/12\/Vucic-gewinnt-Parlamentswahlen-in-Serbien.jpg\",\"contentUrl\":\"https:\/\/now-news.de\/de\/wp-content\/uploads\/sites\/3\/2023\/12\/Vucic-gewinnt-Parlamentswahlen-in-Serbien.jpg\",\"width\":460,\"height\":259,\"caption\":\"Vu\u010di\u0107 gewinnt Parlamentswahlen in Serbien\"},{\"@type\":\"BreadcrumbList\",\"@id\":\"https:\/\/now-news.de\/de\/deutschland\/vucic-gewinnt-parlamentswahlen-in-serbien\/#breadcrumb\",\"itemListElement\":[{\"@type\":\"ListItem\",\"position\":1,\"name\":\"Home\",\"item\":\"https:\/\/now-news.de\/de\/\"},{\"@type\":\"ListItem\",\"position\":2,\"name\":\"Vu\u010di\u0107 gewinnt Parlamentswahlen in Serbien\"}]},{\"@type\":\"WebSite\",\"@id\":\"https:\/\/now-news.de\/de\/#website\",\"url\":\"https:\/\/now-news.de\/de\/\",\"name\":\"just-now.NEWS Deutschland\",\"description\":\"Das Portal f\u00fcr unzensierte Nachrichten aus der Welt\",\"publisher\":{\"@id\":\"https:\/\/now-news.de\/de\/#organization\"},\"potentialAction\":[{\"@type\":\"SearchAction\",\"target\":{\"@type\":\"EntryPoint\",\"urlTemplate\":\"https:\/\/now-news.de\/de\/?s={search_term_string}\"},\"query-input\":\"required name=search_term_string\"}],\"inLanguage\":\"de\"},{\"@type\":\"Organization\",\"@id\":\"https:\/\/now-news.de\/de\/#organization\",\"name\":\"Just Now News\",\"url\":\"https:\/\/now-news.de\/de\/\",\"logo\":{\"@type\":\"ImageObject\",\"inLanguage\":\"de\",\"@id\":\"https:\/\/now-news.de\/de\/#\/schema\/logo\/image\/\",\"url\":\"http:\/\/just-now.news\/de\/wp-content\/uploads\/sites\/3\/2022\/04\/logo500x500.jpg\",\"contentUrl\":\"http:\/\/just-now.news\/de\/wp-content\/uploads\/sites\/3\/2022\/04\/logo500x500.jpg\",\"width\":500,\"height\":500,\"caption\":\"Just Now News\"},\"image\":{\"@id\":\"https:\/\/now-news.de\/de\/#\/schema\/logo\/image\/\"},\"sameAs\":[\"https:\/\/www.facebook.com\/wirmachenauf\",\"https:\/\/x.com\/WirMachenAuf_de\"]},{\"@type\":\"Person\",\"@id\":\"https:\/\/now-news.de\/de\/#\/schema\/person\/fb534a4e865501d8b3285208df34a9b5\",\"name\":\"rtnews\",\"image\":{\"@type\":\"ImageObject\",\"inLanguage\":\"de\",\"@id\":\"https:\/\/now-news.de\/de\/#\/schema\/person\/image\/\",\"url\":\"https:\/\/secure.gravatar.com\/avatar\/82aafea7d8127119dd649515f56e2117?s=96&d=mm&r=g\",\"contentUrl\":\"https:\/\/secure.gravatar.com\/avatar\/82aafea7d8127119dd649515f56e2117?s=96&d=mm&r=g\",\"caption\":\"rtnews\"},\"url\":\"https:\/\/now-news.de\/de\/author\/rnews\/\"}]}<\/script>\n<!-- \/ Yoast SEO Premium plugin. -->","yoast_head_json":{"title":"Vu\u010di\u0107 gewinnt Parlamentswahlen in Serbien - just-now.NEWS Deutschland","robots":{"index":"index","follow":"follow","max-snippet":"max-snippet:-1","max-image-preview":"max-image-preview:large","max-video-preview":"max-video-preview:-1"},"canonical":"https:\/\/now-news.de\/de\/deutschland\/vucic-gewinnt-parlamentswahlen-in-serbien\/","og_locale":"de_DE","og_type":"article","og_title":"Vu\u010di\u0107 gewinnt Parlamentswahlen in Serbien","og_description":"Nach der Ausz\u00e4hlung von knapp zwei Dritteln der Stimmen hat die Serbische Fortschrittspartei (SNS) von Pr\u00e4sident Aleksandar Vu\u010di\u0107 knapp 47 Prozent der Stimmen geholt. Bleibt es dabei, w\u00fcrde sie im Alleingang \u00fcber eine absolute Mehrheit von 129 Mandaten in der Volksversammlung mit 250 Sitzen verf\u00fcgen. Die Partei von Pr\u00e4sident Aleksandar Vu\u010di\u0107 hat am Sonntag nach [&hellip;]","og_url":"https:\/\/now-news.de\/de\/deutschland\/vucic-gewinnt-parlamentswahlen-in-serbien\/","og_site_name":"just-now.NEWS Deutschland","article_publisher":"https:\/\/www.facebook.com\/wirmachenauf","article_published_time":"2023-12-17T21:52:27+00:00","og_image":[{"width":460,"height":259,"url":"https:\/\/now-news.de\/de\/wp-content\/uploads\/sites\/3\/2023\/12\/Vucic-gewinnt-Parlamentswahlen-in-Serbien.jpg","type":"image\/jpeg"}],"author":"rtnews","twitter_card":"summary_large_image","twitter_creator":"@WirMachenAuf_de","twitter_site":"@WirMachenAuf_de","twitter_misc":{"Verfasst von":"rtnews","Gesch\u00e4tzte Lesezeit":"1\u00a0Minute"},"schema":{"@context":"https:\/\/schema.org","@graph":[{"@type":"Article","@id":"https:\/\/now-news.de\/de\/deutschland\/vucic-gewinnt-parlamentswahlen-in-serbien\/#article","isPartOf":{"@id":"https:\/\/now-news.de\/de\/deutschland\/vucic-gewinnt-parlamentswahlen-in-serbien\/"},"author":{"name":"rtnews","@id":"https:\/\/now-news.de\/de\/#\/schema\/person\/fb534a4e865501d8b3285208df34a9b5"},"headline":"Vu\u010di\u0107 gewinnt Parlamentswahlen in Serbien","datePublished":"2023-12-17T21:52:27+00:00","dateModified":"2023-12-17T21:52:27+00:00","mainEntityOfPage":{"@id":"https:\/\/now-news.de\/de\/deutschland\/vucic-gewinnt-parlamentswahlen-in-serbien\/"},"wordCount":202,"commentCount":0,"publisher":{"@id":"https:\/\/now-news.de\/de\/#organization"},"image":{"@id":"https:\/\/now-news.de\/de\/deutschland\/vucic-gewinnt-parlamentswahlen-in-serbien\/#primaryimage"},"thumbnailUrl":"https:\/\/now-news.de\/de\/wp-content\/uploads\/sites\/3\/2023\/12\/Vucic-gewinnt-Parlamentswahlen-in-Serbien.jpg","keywords":["gewinnt","Parlamentswahlen","Serbien","Vucic"],"articleSection":["Deutschland","Russland"],"inLanguage":"de","potentialAction":[{"@type":"CommentAction","name":"Comment","target":["https:\/\/now-news.de\/de\/deutschland\/vucic-gewinnt-parlamentswahlen-in-serbien\/#respond"]}]},{"@type":"WebPage","@id":"https:\/\/now-news.de\/de\/deutschland\/vucic-gewinnt-parlamentswahlen-in-serbien\/","url":"https:\/\/now-news.de\/de\/deutschland\/vucic-gewinnt-parlamentswahlen-in-serbien\/","name":"Vu\u010di\u0107 gewinnt Parlamentswahlen in Serbien - just-now.NEWS Deutschland","isPartOf":{"@id":"https:\/\/now-news.de\/de\/#website"},"primaryImageOfPage":{"@id":"https:\/\/now-news.de\/de\/deutschland\/vucic-gewinnt-parlamentswahlen-in-serbien\/#primaryimage"},"image":{"@id":"https:\/\/now-news.de\/de\/deutschland\/vucic-gewinnt-parlamentswahlen-in-serbien\/#primaryimage"},"thumbnailUrl":"https:\/\/now-news.de\/de\/wp-content\/uploads\/sites\/3\/2023\/12\/Vucic-gewinnt-Parlamentswahlen-in-Serbien.jpg","datePublished":"2023-12-17T21:52:27+00:00","dateModified":"2023-12-17T21:52:27+00:00","breadcrumb":{"@id":"https:\/\/now-news.de\/de\/deutschland\/vucic-gewinnt-parlamentswahlen-in-serbien\/#breadcrumb"},"inLanguage":"de","potentialAction":[{"@type":"ReadAction","target":["https:\/\/now-news.de\/de\/deutschland\/vucic-gewinnt-parlamentswahlen-in-serbien\/"]}]},{"@type":"ImageObject","inLanguage":"de","@id":"https:\/\/now-news.de\/de\/deutschland\/vucic-gewinnt-parlamentswahlen-in-serbien\/#primaryimage","url":"https:\/\/now-news.de\/de\/wp-content\/uploads\/sites\/3\/2023\/12\/Vucic-gewinnt-Parlamentswahlen-in-Serbien.jpg","contentUrl":"https:\/\/now-news.de\/de\/wp-content\/uploads\/sites\/3\/2023\/12\/Vucic-gewinnt-Parlamentswahlen-in-Serbien.jpg","width":460,"height":259,"caption":"Vu\u010di\u0107 gewinnt Parlamentswahlen in Serbien"},{"@type":"BreadcrumbList","@id":"https:\/\/now-news.de\/de\/deutschland\/vucic-gewinnt-parlamentswahlen-in-serbien\/#breadcrumb","itemListElement":[{"@type":"ListItem","position":1,"name":"Home","item":"https:\/\/now-news.de\/de\/"},{"@type":"ListItem","position":2,"name":"Vu\u010di\u0107 gewinnt Parlamentswahlen in Serbien"}]},{"@type":"WebSite","@id":"https:\/\/now-news.de\/de\/#website","url":"https:\/\/now-news.de\/de\/","name":"just-now.NEWS Deutschland","description":"Das Portal f\u00fcr unzensierte Nachrichten aus der Welt","publisher":{"@id":"https:\/\/now-news.de\/de\/#organization"},"potentialAction":[{"@type":"SearchAction","target":{"@type":"EntryPoint","urlTemplate":"https:\/\/now-news.de\/de\/?s={search_term_string}"},"query-input":"required name=search_term_string"}],"inLanguage":"de"},{"@type":"Organization","@id":"https:\/\/now-news.de\/de\/#organization","name":"Just Now News","url":"https:\/\/now-news.de\/de\/","logo":{"@type":"ImageObject","inLanguage":"de","@id":"https:\/\/now-news.de\/de\/#\/schema\/logo\/image\/","url":"http:\/\/just-now.news\/de\/wp-content\/uploads\/sites\/3\/2022\/04\/logo500x500.jpg","contentUrl":"http:\/\/just-now.news\/de\/wp-content\/uploads\/sites\/3\/2022\/04\/logo500x500.jpg","width":500,"height":500,"caption":"Just Now News"},"image":{"@id":"https:\/\/now-news.de\/de\/#\/schema\/logo\/image\/"},"sameAs":["https:\/\/www.facebook.com\/wirmachenauf","https:\/\/x.com\/WirMachenAuf_de"]},{"@type":"Person","@id":"https:\/\/now-news.de\/de\/#\/schema\/person\/fb534a4e865501d8b3285208df34a9b5","name":"rtnews","image":{"@type":"ImageObject","inLanguage":"de","@id":"https:\/\/now-news.de\/de\/#\/schema\/person\/image\/","url":"https:\/\/secure.gravatar.com\/avatar\/82aafea7d8127119dd649515f56e2117?s=96&d=mm&r=g","contentUrl":"https:\/\/secure.gravatar.com\/avatar\/82aafea7d8127119dd649515f56e2117?s=96&d=mm&r=g","caption":"rtnews"},"url":"https:\/\/now-news.de\/de\/author\/rnews\/"}]}},"_links":{"self":[{"href":"https:\/\/now-news.de\/de\/wp-json\/wp\/v2\/posts\/51734"}],"collection":[{"href":"https:\/\/now-news.de\/de\/wp-json\/wp\/v2\/posts"}],"about":[{"href":"https:\/\/now-news.de\/de\/wp-json\/wp\/v2\/types\/post"}],"author":[{"embeddable":true,"href":"https:\/\/now-news.de\/de\/wp-json\/wp\/v2\/users\/3"}],"replies":[{"embeddable":true,"href":"https:\/\/now-news.de\/de\/wp-json\/wp\/v2\/comments?post=51734"}],"version-history":[{"count":0,"href":"https:\/\/now-news.de\/de\/wp-json\/wp\/v2\/posts\/51734\/revisions"}],"wp:featuredmedia":[{"embeddable":true,"href":"https:\/\/now-news.de\/de\/wp-json\/wp\/v2\/media\/51735"}],"wp:attachment":[{"href":"https:\/\/now-news.de\/de\/wp-json\/wp\/v2\/media?parent=51734"}],"wp:term":[{"taxonomy":"category","embeddable":true,"href":"https:\/\/now-news.de\/de\/wp-json\/wp\/v2\/categories?post=51734"},{"taxonomy":"post_tag","embeddable":true,"href":"https:\/\/now-news.de\/de\/wp-json\/wp\/v2\/tags?post=51734"}],"curies":[{"name":"wp","href":"https:\/\/api.w.org\/{rel}","templated":true}]}}