{"id":51667,"date":"2023-12-16T16:15:25","date_gmt":"2023-12-16T14:15:25","guid":{"rendered":"https:\/\/just-now.news\/de\/deutschland\/corona-aufarbeitung-antrag-abgelehnt-mecklenburg-vorpommerns-politiker-sehen-keine-notwendigkeit\/"},"modified":"2023-12-16T16:15:25","modified_gmt":"2023-12-16T14:15:25","slug":"corona-aufarbeitung-antrag-abgelehnt-mecklenburg-vorpommerns-politiker-sehen-keine-notwendigkeit","status":"publish","type":"post","link":"https:\/\/now-news.de\/de\/deutschland\/corona-aufarbeitung-antrag-abgelehnt-mecklenburg-vorpommerns-politiker-sehen-keine-notwendigkeit\/","title":{"rendered":"Corona-Aufarbeitung: Antrag abgelehnt \u2013 Mecklenburg-Vorpommerns Politiker sehen keine Notwendigkeit"},"content":{"rendered":"<p><img decoding=\"async\" src=\"http:\/\/just-now.news\/de\/wp-content\/uploads\/sites\/3\/2023\/12\/657d701d48fbef3cb2762dbd.jpg\" \/><\/p>\n<div class=\"Text-root Text-type_1 \">\n                Die FDP-Fraktion des nord\u00f6stlichen Bundeslands wollte \u00fcber einen themenbezogenen Antrag den Weg ebnen, die &#8220;Verh\u00e4ltnism\u00e4\u00dfigkeit der erfolgten Grundrechtseinschr\u00e4nkungen kritisch zu pr\u00fcfen&#8221;. Am 15. Dezember lehnten die Parteien im Landtag mit eindeutiger Mehrheit ab.\n            <\/div>\n<p><\/p>\n<div class=\"Text-root Text-type_5 ArticleView-text ViewText-root \">\n<p>Das Bundesland\u00a0Mecklenburg-Vorpommern wird aktuell von der SPD (34 Sitze) und der Partei Die Linke (neun Sitze) regiert. Im\u00a0November 2021 wurde\u00a0Manuela Schwesig (SPD)\u00a0erneut zur Ministerpr\u00e4sidentin gew\u00e4hlt. Am 25. Oktober dieses Jahres\u00a0pr\u00e4sentierte die FDP-Fraktion (f\u00fcnf Sitze) den Abgeordneten einen\u00a0Antrag mit dem Titel: &#8220;Corona-Pandemie \u2013 Aufarbeitung und Auss\u00f6hnung erm\u00f6glichen&#8221;.\u00a0F\u00fcr eine Annahme des Antrags wurde eine Mehrheit der verantwortlichen 79 Abgeordneten ben\u00f6tigt.\u00a0Die Abstimmung f\u00fcr den Antrag sollte in der Sitzungswoche ab dem 11. Dezember 2023 stattfinden.\u00a0Das Ergebnis wurde am 15. Dezember bekannt gegeben. Insgesamt 42 Abgeordnete lehnten den Antrag ab, es gab elf Enthaltungen. Eine politische Aufarbeitung der &#8220;Corona-Krise&#8221; wurde damit blockiert.<\/p>\n<p>Der freie Journalist und Blogger\u00a0Bastian Barucker, selbst in\u00a0Mecklenburg-Vorpommern wohnhaft, begleitete\u00a0in seinem\u00a0<a rel=\"nofollow noopener\" target=\"_blank\" href=\"https:\/\/blog.bastian-barucker.de\/mv-corona-aufarbeitung\/\">Artikel<\/a> den Werdegang des Antrags. Anfang Dezember\u00a0pr\u00e4sentierte Barucker Inhalte des <a rel=\"nofollow noopener\" target=\"_blank\" href=\"https:\/\/www.dokumentation.landtag-mv.de\/parldok\/dokument\/58709\/corona_pandemie_aufarbeitung_und_aussoehnung_ermoeglichen.pdf\">FDP-Antrags<\/a>.\u00a0Der Landtag\u00a0sollte in dem Antragsschreiben dazu aufgefordert werden, folgende\u00a0Eckpunkte einer Betrachtung\u00a0zu unterst\u00fctzen:<\/p>\n<ol>\n<li><em>&#8220;Die sozialen und psychologischen Auswirkungen der Corona-Pandemie auf die Gesellschaft sind bislang nicht im erforderlichen Ma\u00df politisch und wissenschaftlich aufgearbeitet worden.<\/em><\/li>\n<li><em>In der Zeit der Corona-Pandemie sind tiefgreifende gesellschaftspolitische Spannungen entstanden, die bis heute nachhaltigen Einfluss auf das Zusammenleben der Menschen im Land haben.<\/em><\/li>\n<li><em>Die Herausforderungen der Corona-Pandemie haben erhebliche M\u00e4ngel in der Krisenf\u00e4higkeit unseres Bildungs-, Sozial-, Wirtschafts- und Gesundheitssystems sowie des gewaltengegliederten Verfassungsstaates aufgedeckt und erfordern eine Aufarbeitung zur Verbesserung der Resilienz.&#8221;<\/em><\/li>\n<\/ol>\n<p>Die FDP-Fraktion wollte &#8220;eine wissenschaftlich fundierte und sachliche Aufarbeitung des Pandemiemanagements&#8221; erreichen, insbesondere auch vor dem Hintergrund &#8220;einer schwindenden Akzeptanz demokratischer Institutionen und Prozesse in Teilen der Bev\u00f6lkerung&#8221;. Das Abstimmungsverhalten belegt, dass die politische Wahrnehmung verantwortlicher und ma\u00dfnahmenunterst\u00fctzender Landespolitiker einer konstruktiven und unaufgeregten Aufarbeitung ablehnend gegen\u00fcbersteht. Das <a rel=\"nofollow noopener\" target=\"_blank\" href=\"https:\/\/www.landtag-mv.de\/fileadmin\/media\/Dokumente\/Parlamentsdokumente\/Beschlussprotokolle\/8-WP\/71_sitz_08.pdf\">Ergebnis<\/a> des Tagesordnungspunkts 27 der 71. Landtagssitzung lautet im Detail:<\/p>\n<ul>\n<li>Abgegebene Stimmen: 66\u00a0\u2013 Jastimmen 13\u00a0\u2013 Neinstimmen 42\u00a0\u2013 Enthaltungen 11\u00a0\u2013 Abwesenheit 13\u00a0\u2013 Beschluss: Ablehnung des Antrags\u00a0<\/li>\n<\/ul>\n<p>Es gibt keine Nennung der jeweiligen Parteizugeh\u00f6rigkeiten. Barucker erinnert in seinem Artikel an die Aussage des\u00a0Rostocker Infektiologen Emil Reisinger, der als offizieller\u00a0Berater der Landesregierung am 28. Oktober 2021 laut dem\u00a0<em>NDR<\/em>\u00a0die <a rel=\"nofollow noopener\" target=\"_blank\" href=\"https:\/\/www.facebook.com\/NDRmv\/photos\/a.283763761734564\/4229288310515403\/?type=3&amp;locale=de_DE\">Empfehlung<\/a> aussprach:<\/p>\n<blockquote>\n<p><em>&#8220;Die Gesellschaft muss das jetzt selbst regeln: Wenn du nicht geimpft bist, dann m\u00f6chte ich auch nicht, dass du mit meinen Kindern spielst.&#8221;<\/em><\/p>\n<\/blockquote>\n<p>Im November 2021\u00a0<a rel=\"nofollow noopener\" target=\"_blank\" href=\"https:\/\/www.sueddeutsche.de\/politik\/regierung-schwerin-schwesig-an-allgemeiner-impfpflicht-fuehrt-kein-weg-vorbei-dpa.urn-newsml-dpa-com-20090101-211130-99-206255\">pr\u00e4sentierte<\/a>\u00a0dann Ministerpr\u00e4sidentin Schwesig\u00a0ihre Sicht auf vermeintlich notwendige politische Vorgaben: &#8220;An allgemeiner Impfpflicht f\u00fchrt kein Weg vorbei&#8221;. Zuvor lautete im Dezember 2020 eine <em>Zeit<\/em>&#8211;<a rel=\"nofollow noopener\" target=\"_blank\" href=\"https:\/\/www.zeit.de\/gesellschaft\/zeitgeschehen\/2020-08\/corona-lockerungen-mecklenburg-vorpommern-tourismus-tagesausflug\">Schlagzeile<\/a>: &#8220;Mecklenburg-Vorpommern\u00a0l\u00e4sst Tagestouristinnen und -touristen wieder ins Land. Das wegen der Corona-Pandemie im M\u00e4rz verh\u00e4ngte\u00a0Einreiseverbot f\u00fcr Kurzbesucherinnen\u00a0aus anderen Bundesl\u00e4ndern soll kommende Woche aufgehoben werden&#8221;.<\/p>\n<p>Barucker versuchte nun aktuell Anfang Dezember demnach \u00fcber die Landesregierung damalige &#8220;beratende Experten&#8221; zu kontaktieren.\u00a0In einem\u00a0Telefonat\u00a0mit dem Chef der Staatskanzlei erfuhr er, dass &#8220;alle Experten, die die Landesregierung beraten haben, nicht f\u00fcr ein Interview mit dem Autor zur Verf\u00fcgung stehen&#8221;. Kontaktierte Fraktionspolitiker reagierten wie folgt:<\/p>\n<ul>\n<li><em>SPD: Wir m\u00fcssen Ihnen allerdings eine Absage dazu erteilen.<\/em><\/li>\n<li><em>Die Fraktion Die Linke hat die gestellten Fragen nicht beantwortet.<\/em><\/li>\n<li><em>Fraktion B\u00fcndnis 90\/Die Gr\u00fcnen: (&#8230;)\u00a0Eine isolierte Betrachtung der Ma\u00dfnahmen auf Landesebene w\u00e4re nicht zielf\u00fchrend, stattdessen kann eine Analyse auf Bundesebene als Grundlage f\u00fcr konstruktive Schlussfolgerungen in Erw\u00e4gung gezogen werden.<\/em><\/li>\n<\/ul>\n<p>Die CDU (12 Sitze) befand eine Aufarbeitung noch am 8. Dezember, der Barucker-Anfrage, als &#8220;speziell f\u00fcr Mecklenburg-Vorpommern eigentlich keine besonders naheliegende Idee, dem Antrag der FDP werden wir dennoch zustimmen, weil wir die grunds\u00e4tzliche Zielrichtung richtig finden&#8221;. Das finale Ergebnis schaut anders aus. Die AfD (14 Sitze) antwortete, dass eine Aufarbeitung &#8220;zwingend notwendig ist, zumal der Schaden f\u00fcr Demokratie und Gesellschaft immens&#8221; sei, um festzustellen:<\/p>\n<p>&#8220;<em>Wir fordern daher einen Parlamentarischen Untersuchungsausschuss. Dieser hat umfassende Rechte und kann justiziable Schritte einleiten. Die Mehrheiten f\u00fcr die Einsetzung eines solchen Untersuchungsausschusses gibt es im Landtag von Mecklenburg-Vorpommern.&#8221;<\/em><\/p>\n<p>Der 15. Dezember belegt, der Gro\u00dfteil der politisch Verantwortlichen m\u00f6chte sich eindeutig nicht dem Thema einer &#8220;Corona-Aufarbeitung&#8221; stellen.<\/p>\n<p><strong>Mehr zum Thema &#8211;<\/strong>\u00a0<a rel=\"nofollow noopener\" target=\"_blank\" href=\"https:\/\/freedert.online\/inland\/189736-zaavv-umfassende-dokumentation-von-folgeschaeden\/\">Das ZAAVV \u2013 Ein Verein treibt Aufarbeitung von Folgesch\u00e4den der Coronapolitik voran<\/a><\/p>\n<\/p>\n<\/div>\n<p><br \/>\n<br \/><a href=\"https:\/\/de.rt.com\/inland\/190065-corona-aufarbeitung-antrag-abgelehnt-mecklenburg\/\">Source link <\/a><\/p>\n","protected":false},"excerpt":{"rendered":"<p>Die FDP-Fraktion des nord\u00f6stlichen Bundeslands wollte \u00fcber einen themenbezogenen Antrag den Weg ebnen, die &#8220;Verh\u00e4ltnism\u00e4\u00dfigkeit der erfolgten Grundrechtseinschr\u00e4nkungen kritisch zu pr\u00fcfen&#8221;. Am 15. Dezember lehnten die Parteien im Landtag mit eindeutiger Mehrheit ab. Das Bundesland\u00a0Mecklenburg-Vorpommern wird aktuell von der SPD (34 Sitze) und der Partei Die Linke (neun Sitze) regiert. Im\u00a0November 2021 wurde\u00a0Manuela Schwesig (SPD)\u00a0erneut [&hellip;]<\/p>\n","protected":false},"author":3,"featured_media":51668,"comment_status":"open","ping_status":"open","sticky":false,"template":"","format":"standard","meta":{"_yoast_indexnow_last_ping":["1702736321"],"wp_automatic_camp":["217"],"609f662969dc10d52b7abf000c48214f":["Corona-Aufarbeitung: Antrag abgelehnt \u2013 Mecklenburg-Vorpommerns Politiker sehen keine Notwendigkeit"],"original_link":["https:\/\/de.rt.com\/inland\/190065-corona-aufarbeitung-antrag-abgelehnt-mecklenburg\/"],"_thumbnail_id":["51668"],"jnews_social_counter_last_update":["1777257300"],"_wptgpro_p2tg_sent2tg":["a:1:{i:23737;s:19:\"2023-12-16 16:20:02\";}"]},"categories":[19,23],"tags":[21457,9878,43269,375,51658,23890,5679,8173],"yoast_head":"<!-- This site is optimized with the Yoast SEO Premium plugin v22.7 (Yoast SEO v22.7) - https:\/\/yoast.com\/wordpress\/plugins\/seo\/ -->\n<title>Corona-Aufarbeitung: Antrag abgelehnt \u2013 Mecklenburg-Vorpommerns Politiker sehen keine Notwendigkeit - just-now.NEWS Deutschland<\/title>\n<meta name=\"robots\" content=\"index, follow, max-snippet:-1, max-image-preview:large, max-video-preview:-1\" \/>\n<link rel=\"canonical\" href=\"https:\/\/now-news.de\/de\/deutschland\/corona-aufarbeitung-antrag-abgelehnt-mecklenburg-vorpommerns-politiker-sehen-keine-notwendigkeit\/\" \/>\n<meta property=\"og:locale\" content=\"de_DE\" \/>\n<meta property=\"og:type\" content=\"article\" \/>\n<meta property=\"og:title\" content=\"Corona-Aufarbeitung: Antrag abgelehnt \u2013 Mecklenburg-Vorpommerns Politiker sehen keine Notwendigkeit\" \/>\n<meta property=\"og:description\" content=\"Die FDP-Fraktion des nord\u00f6stlichen Bundeslands wollte \u00fcber einen themenbezogenen Antrag den Weg ebnen, die &#8220;Verh\u00e4ltnism\u00e4\u00dfigkeit der erfolgten Grundrechtseinschr\u00e4nkungen kritisch zu pr\u00fcfen&#8221;. Am 15. Dezember lehnten die Parteien im Landtag mit eindeutiger Mehrheit ab. Das Bundesland\u00a0Mecklenburg-Vorpommern wird aktuell von der SPD (34 Sitze) und der Partei Die Linke (neun Sitze) regiert. Im\u00a0November 2021 wurde\u00a0Manuela Schwesig (SPD)\u00a0erneut [&hellip;]\" \/>\n<meta property=\"og:url\" content=\"https:\/\/now-news.de\/de\/deutschland\/corona-aufarbeitung-antrag-abgelehnt-mecklenburg-vorpommerns-politiker-sehen-keine-notwendigkeit\/\" \/>\n<meta property=\"og:site_name\" content=\"just-now.NEWS Deutschland\" \/>\n<meta property=\"article:publisher\" content=\"https:\/\/www.facebook.com\/wirmachenauf\" \/>\n<meta property=\"article:published_time\" content=\"2023-12-16T14:15:25+00:00\" \/>\n<meta property=\"og:image\" content=\"https:\/\/now-news.de\/de\/wp-content\/uploads\/sites\/3\/2023\/12\/Corona-Aufarbeitung-Antrag-abgelehnt-\u2013-Mecklenburg-Vorpommerns-Politiker-sehen-keine-Notwendigkeit.jpg\" \/>\n\t<meta property=\"og:image:width\" content=\"460\" \/>\n\t<meta property=\"og:image:height\" content=\"259\" \/>\n\t<meta property=\"og:image:type\" content=\"image\/jpeg\" \/>\n<meta name=\"author\" content=\"rtnews\" \/>\n<meta name=\"twitter:card\" content=\"summary_large_image\" \/>\n<meta name=\"twitter:creator\" content=\"@WirMachenAuf_de\" \/>\n<meta name=\"twitter:site\" content=\"@WirMachenAuf_de\" \/>\n<meta name=\"twitter:label1\" content=\"Verfasst von\" \/>\n\t<meta name=\"twitter:data1\" content=\"rtnews\" \/>\n\t<meta name=\"twitter:label2\" content=\"Gesch\u00e4tzte Lesezeit\" \/>\n\t<meta name=\"twitter:data2\" content=\"3\u00a0Minuten\" \/>\n<script type=\"application\/ld+json\" class=\"yoast-schema-graph\">{\"@context\":\"https:\/\/schema.org\",\"@graph\":[{\"@type\":\"Article\",\"@id\":\"https:\/\/now-news.de\/de\/deutschland\/corona-aufarbeitung-antrag-abgelehnt-mecklenburg-vorpommerns-politiker-sehen-keine-notwendigkeit\/#article\",\"isPartOf\":{\"@id\":\"https:\/\/now-news.de\/de\/deutschland\/corona-aufarbeitung-antrag-abgelehnt-mecklenburg-vorpommerns-politiker-sehen-keine-notwendigkeit\/\"},\"author\":{\"name\":\"rtnews\",\"@id\":\"https:\/\/now-news.de\/de\/#\/schema\/person\/fb534a4e865501d8b3285208df34a9b5\"},\"headline\":\"Corona-Aufarbeitung: Antrag abgelehnt \u2013 Mecklenburg-Vorpommerns Politiker sehen keine Notwendigkeit\",\"datePublished\":\"2023-12-16T14:15:25+00:00\",\"dateModified\":\"2023-12-16T14:15:25+00:00\",\"mainEntityOfPage\":{\"@id\":\"https:\/\/now-news.de\/de\/deutschland\/corona-aufarbeitung-antrag-abgelehnt-mecklenburg-vorpommerns-politiker-sehen-keine-notwendigkeit\/\"},\"wordCount\":697,\"commentCount\":0,\"publisher\":{\"@id\":\"https:\/\/now-news.de\/de\/#organization\"},\"image\":{\"@id\":\"https:\/\/now-news.de\/de\/deutschland\/corona-aufarbeitung-antrag-abgelehnt-mecklenburg-vorpommerns-politiker-sehen-keine-notwendigkeit\/#primaryimage\"},\"thumbnailUrl\":\"https:\/\/now-news.de\/de\/wp-content\/uploads\/sites\/3\/2023\/12\/Corona-Aufarbeitung-Antrag-abgelehnt-\u2013-Mecklenburg-Vorpommerns-Politiker-sehen-keine-Notwendigkeit.jpg\",\"keywords\":[\"abgelehnt\",\"Antrag\",\"CoronaAufarbeitung\",\"keine\",\"MecklenburgVorpommerns\",\"Notwendigkeit\",\"Politiker\",\"sehen\"],\"articleSection\":[\"Deutschland\",\"Russland\"],\"inLanguage\":\"de\",\"potentialAction\":[{\"@type\":\"CommentAction\",\"name\":\"Comment\",\"target\":[\"https:\/\/now-news.de\/de\/deutschland\/corona-aufarbeitung-antrag-abgelehnt-mecklenburg-vorpommerns-politiker-sehen-keine-notwendigkeit\/#respond\"]}]},{\"@type\":\"WebPage\",\"@id\":\"https:\/\/now-news.de\/de\/deutschland\/corona-aufarbeitung-antrag-abgelehnt-mecklenburg-vorpommerns-politiker-sehen-keine-notwendigkeit\/\",\"url\":\"https:\/\/now-news.de\/de\/deutschland\/corona-aufarbeitung-antrag-abgelehnt-mecklenburg-vorpommerns-politiker-sehen-keine-notwendigkeit\/\",\"name\":\"Corona-Aufarbeitung: Antrag abgelehnt \u2013 Mecklenburg-Vorpommerns Politiker sehen keine Notwendigkeit - just-now.NEWS Deutschland\",\"isPartOf\":{\"@id\":\"https:\/\/now-news.de\/de\/#website\"},\"primaryImageOfPage\":{\"@id\":\"https:\/\/now-news.de\/de\/deutschland\/corona-aufarbeitung-antrag-abgelehnt-mecklenburg-vorpommerns-politiker-sehen-keine-notwendigkeit\/#primaryimage\"},\"image\":{\"@id\":\"https:\/\/now-news.de\/de\/deutschland\/corona-aufarbeitung-antrag-abgelehnt-mecklenburg-vorpommerns-politiker-sehen-keine-notwendigkeit\/#primaryimage\"},\"thumbnailUrl\":\"https:\/\/now-news.de\/de\/wp-content\/uploads\/sites\/3\/2023\/12\/Corona-Aufarbeitung-Antrag-abgelehnt-\u2013-Mecklenburg-Vorpommerns-Politiker-sehen-keine-Notwendigkeit.jpg\",\"datePublished\":\"2023-12-16T14:15:25+00:00\",\"dateModified\":\"2023-12-16T14:15:25+00:00\",\"breadcrumb\":{\"@id\":\"https:\/\/now-news.de\/de\/deutschland\/corona-aufarbeitung-antrag-abgelehnt-mecklenburg-vorpommerns-politiker-sehen-keine-notwendigkeit\/#breadcrumb\"},\"inLanguage\":\"de\",\"potentialAction\":[{\"@type\":\"ReadAction\",\"target\":[\"https:\/\/now-news.de\/de\/deutschland\/corona-aufarbeitung-antrag-abgelehnt-mecklenburg-vorpommerns-politiker-sehen-keine-notwendigkeit\/\"]}]},{\"@type\":\"ImageObject\",\"inLanguage\":\"de\",\"@id\":\"https:\/\/now-news.de\/de\/deutschland\/corona-aufarbeitung-antrag-abgelehnt-mecklenburg-vorpommerns-politiker-sehen-keine-notwendigkeit\/#primaryimage\",\"url\":\"https:\/\/now-news.de\/de\/wp-content\/uploads\/sites\/3\/2023\/12\/Corona-Aufarbeitung-Antrag-abgelehnt-\u2013-Mecklenburg-Vorpommerns-Politiker-sehen-keine-Notwendigkeit.jpg\",\"contentUrl\":\"https:\/\/now-news.de\/de\/wp-content\/uploads\/sites\/3\/2023\/12\/Corona-Aufarbeitung-Antrag-abgelehnt-\u2013-Mecklenburg-Vorpommerns-Politiker-sehen-keine-Notwendigkeit.jpg\",\"width\":460,\"height\":259,\"caption\":\"Corona-Aufarbeitung: Antrag abgelehnt \u2013 Mecklenburg-Vorpommerns Politiker sehen keine Notwendigkeit\"},{\"@type\":\"BreadcrumbList\",\"@id\":\"https:\/\/now-news.de\/de\/deutschland\/corona-aufarbeitung-antrag-abgelehnt-mecklenburg-vorpommerns-politiker-sehen-keine-notwendigkeit\/#breadcrumb\",\"itemListElement\":[{\"@type\":\"ListItem\",\"position\":1,\"name\":\"Home\",\"item\":\"https:\/\/now-news.de\/de\/\"},{\"@type\":\"ListItem\",\"position\":2,\"name\":\"Corona-Aufarbeitung: Antrag abgelehnt \u2013 Mecklenburg-Vorpommerns Politiker sehen keine Notwendigkeit\"}]},{\"@type\":\"WebSite\",\"@id\":\"https:\/\/now-news.de\/de\/#website\",\"url\":\"https:\/\/now-news.de\/de\/\",\"name\":\"just-now.NEWS Deutschland\",\"description\":\"Das Portal f\u00fcr unzensierte Nachrichten aus der Welt\",\"publisher\":{\"@id\":\"https:\/\/now-news.de\/de\/#organization\"},\"potentialAction\":[{\"@type\":\"SearchAction\",\"target\":{\"@type\":\"EntryPoint\",\"urlTemplate\":\"https:\/\/now-news.de\/de\/?s={search_term_string}\"},\"query-input\":\"required name=search_term_string\"}],\"inLanguage\":\"de\"},{\"@type\":\"Organization\",\"@id\":\"https:\/\/now-news.de\/de\/#organization\",\"name\":\"Just Now News\",\"url\":\"https:\/\/now-news.de\/de\/\",\"logo\":{\"@type\":\"ImageObject\",\"inLanguage\":\"de\",\"@id\":\"https:\/\/now-news.de\/de\/#\/schema\/logo\/image\/\",\"url\":\"http:\/\/just-now.news\/de\/wp-content\/uploads\/sites\/3\/2022\/04\/logo500x500.jpg\",\"contentUrl\":\"http:\/\/just-now.news\/de\/wp-content\/uploads\/sites\/3\/2022\/04\/logo500x500.jpg\",\"width\":500,\"height\":500,\"caption\":\"Just Now News\"},\"image\":{\"@id\":\"https:\/\/now-news.de\/de\/#\/schema\/logo\/image\/\"},\"sameAs\":[\"https:\/\/www.facebook.com\/wirmachenauf\",\"https:\/\/x.com\/WirMachenAuf_de\"]},{\"@type\":\"Person\",\"@id\":\"https:\/\/now-news.de\/de\/#\/schema\/person\/fb534a4e865501d8b3285208df34a9b5\",\"name\":\"rtnews\",\"image\":{\"@type\":\"ImageObject\",\"inLanguage\":\"de\",\"@id\":\"https:\/\/now-news.de\/de\/#\/schema\/person\/image\/\",\"url\":\"https:\/\/secure.gravatar.com\/avatar\/82aafea7d8127119dd649515f56e2117?s=96&d=mm&r=g\",\"contentUrl\":\"https:\/\/secure.gravatar.com\/avatar\/82aafea7d8127119dd649515f56e2117?s=96&d=mm&r=g\",\"caption\":\"rtnews\"},\"url\":\"https:\/\/now-news.de\/de\/author\/rnews\/\"}]}<\/script>\n<!-- \/ Yoast SEO Premium plugin. -->","yoast_head_json":{"title":"Corona-Aufarbeitung: Antrag abgelehnt \u2013 Mecklenburg-Vorpommerns Politiker sehen keine Notwendigkeit - just-now.NEWS Deutschland","robots":{"index":"index","follow":"follow","max-snippet":"max-snippet:-1","max-image-preview":"max-image-preview:large","max-video-preview":"max-video-preview:-1"},"canonical":"https:\/\/now-news.de\/de\/deutschland\/corona-aufarbeitung-antrag-abgelehnt-mecklenburg-vorpommerns-politiker-sehen-keine-notwendigkeit\/","og_locale":"de_DE","og_type":"article","og_title":"Corona-Aufarbeitung: Antrag abgelehnt \u2013 Mecklenburg-Vorpommerns Politiker sehen keine Notwendigkeit","og_description":"Die FDP-Fraktion des nord\u00f6stlichen Bundeslands wollte \u00fcber einen themenbezogenen Antrag den Weg ebnen, die &#8220;Verh\u00e4ltnism\u00e4\u00dfigkeit der erfolgten Grundrechtseinschr\u00e4nkungen kritisch zu pr\u00fcfen&#8221;. Am 15. Dezember lehnten die Parteien im Landtag mit eindeutiger Mehrheit ab. Das Bundesland\u00a0Mecklenburg-Vorpommern wird aktuell von der SPD (34 Sitze) und der Partei Die Linke (neun Sitze) regiert. Im\u00a0November 2021 wurde\u00a0Manuela Schwesig (SPD)\u00a0erneut [&hellip;]","og_url":"https:\/\/now-news.de\/de\/deutschland\/corona-aufarbeitung-antrag-abgelehnt-mecklenburg-vorpommerns-politiker-sehen-keine-notwendigkeit\/","og_site_name":"just-now.NEWS Deutschland","article_publisher":"https:\/\/www.facebook.com\/wirmachenauf","article_published_time":"2023-12-16T14:15:25+00:00","og_image":[{"width":460,"height":259,"url":"https:\/\/now-news.de\/de\/wp-content\/uploads\/sites\/3\/2023\/12\/Corona-Aufarbeitung-Antrag-abgelehnt-\u2013-Mecklenburg-Vorpommerns-Politiker-sehen-keine-Notwendigkeit.jpg","type":"image\/jpeg"}],"author":"rtnews","twitter_card":"summary_large_image","twitter_creator":"@WirMachenAuf_de","twitter_site":"@WirMachenAuf_de","twitter_misc":{"Verfasst von":"rtnews","Gesch\u00e4tzte Lesezeit":"3\u00a0Minuten"},"schema":{"@context":"https:\/\/schema.org","@graph":[{"@type":"Article","@id":"https:\/\/now-news.de\/de\/deutschland\/corona-aufarbeitung-antrag-abgelehnt-mecklenburg-vorpommerns-politiker-sehen-keine-notwendigkeit\/#article","isPartOf":{"@id":"https:\/\/now-news.de\/de\/deutschland\/corona-aufarbeitung-antrag-abgelehnt-mecklenburg-vorpommerns-politiker-sehen-keine-notwendigkeit\/"},"author":{"name":"rtnews","@id":"https:\/\/now-news.de\/de\/#\/schema\/person\/fb534a4e865501d8b3285208df34a9b5"},"headline":"Corona-Aufarbeitung: Antrag abgelehnt \u2013 Mecklenburg-Vorpommerns Politiker sehen keine Notwendigkeit","datePublished":"2023-12-16T14:15:25+00:00","dateModified":"2023-12-16T14:15:25+00:00","mainEntityOfPage":{"@id":"https:\/\/now-news.de\/de\/deutschland\/corona-aufarbeitung-antrag-abgelehnt-mecklenburg-vorpommerns-politiker-sehen-keine-notwendigkeit\/"},"wordCount":697,"commentCount":0,"publisher":{"@id":"https:\/\/now-news.de\/de\/#organization"},"image":{"@id":"https:\/\/now-news.de\/de\/deutschland\/corona-aufarbeitung-antrag-abgelehnt-mecklenburg-vorpommerns-politiker-sehen-keine-notwendigkeit\/#primaryimage"},"thumbnailUrl":"https:\/\/now-news.de\/de\/wp-content\/uploads\/sites\/3\/2023\/12\/Corona-Aufarbeitung-Antrag-abgelehnt-\u2013-Mecklenburg-Vorpommerns-Politiker-sehen-keine-Notwendigkeit.jpg","keywords":["abgelehnt","Antrag","CoronaAufarbeitung","keine","MecklenburgVorpommerns","Notwendigkeit","Politiker","sehen"],"articleSection":["Deutschland","Russland"],"inLanguage":"de","potentialAction":[{"@type":"CommentAction","name":"Comment","target":["https:\/\/now-news.de\/de\/deutschland\/corona-aufarbeitung-antrag-abgelehnt-mecklenburg-vorpommerns-politiker-sehen-keine-notwendigkeit\/#respond"]}]},{"@type":"WebPage","@id":"https:\/\/now-news.de\/de\/deutschland\/corona-aufarbeitung-antrag-abgelehnt-mecklenburg-vorpommerns-politiker-sehen-keine-notwendigkeit\/","url":"https:\/\/now-news.de\/de\/deutschland\/corona-aufarbeitung-antrag-abgelehnt-mecklenburg-vorpommerns-politiker-sehen-keine-notwendigkeit\/","name":"Corona-Aufarbeitung: Antrag abgelehnt \u2013 Mecklenburg-Vorpommerns Politiker sehen keine Notwendigkeit - just-now.NEWS Deutschland","isPartOf":{"@id":"https:\/\/now-news.de\/de\/#website"},"primaryImageOfPage":{"@id":"https:\/\/now-news.de\/de\/deutschland\/corona-aufarbeitung-antrag-abgelehnt-mecklenburg-vorpommerns-politiker-sehen-keine-notwendigkeit\/#primaryimage"},"image":{"@id":"https:\/\/now-news.de\/de\/deutschland\/corona-aufarbeitung-antrag-abgelehnt-mecklenburg-vorpommerns-politiker-sehen-keine-notwendigkeit\/#primaryimage"},"thumbnailUrl":"https:\/\/now-news.de\/de\/wp-content\/uploads\/sites\/3\/2023\/12\/Corona-Aufarbeitung-Antrag-abgelehnt-\u2013-Mecklenburg-Vorpommerns-Politiker-sehen-keine-Notwendigkeit.jpg","datePublished":"2023-12-16T14:15:25+00:00","dateModified":"2023-12-16T14:15:25+00:00","breadcrumb":{"@id":"https:\/\/now-news.de\/de\/deutschland\/corona-aufarbeitung-antrag-abgelehnt-mecklenburg-vorpommerns-politiker-sehen-keine-notwendigkeit\/#breadcrumb"},"inLanguage":"de","potentialAction":[{"@type":"ReadAction","target":["https:\/\/now-news.de\/de\/deutschland\/corona-aufarbeitung-antrag-abgelehnt-mecklenburg-vorpommerns-politiker-sehen-keine-notwendigkeit\/"]}]},{"@type":"ImageObject","inLanguage":"de","@id":"https:\/\/now-news.de\/de\/deutschland\/corona-aufarbeitung-antrag-abgelehnt-mecklenburg-vorpommerns-politiker-sehen-keine-notwendigkeit\/#primaryimage","url":"https:\/\/now-news.de\/de\/wp-content\/uploads\/sites\/3\/2023\/12\/Corona-Aufarbeitung-Antrag-abgelehnt-\u2013-Mecklenburg-Vorpommerns-Politiker-sehen-keine-Notwendigkeit.jpg","contentUrl":"https:\/\/now-news.de\/de\/wp-content\/uploads\/sites\/3\/2023\/12\/Corona-Aufarbeitung-Antrag-abgelehnt-\u2013-Mecklenburg-Vorpommerns-Politiker-sehen-keine-Notwendigkeit.jpg","width":460,"height":259,"caption":"Corona-Aufarbeitung: Antrag abgelehnt \u2013 Mecklenburg-Vorpommerns Politiker sehen keine Notwendigkeit"},{"@type":"BreadcrumbList","@id":"https:\/\/now-news.de\/de\/deutschland\/corona-aufarbeitung-antrag-abgelehnt-mecklenburg-vorpommerns-politiker-sehen-keine-notwendigkeit\/#breadcrumb","itemListElement":[{"@type":"ListItem","position":1,"name":"Home","item":"https:\/\/now-news.de\/de\/"},{"@type":"ListItem","position":2,"name":"Corona-Aufarbeitung: Antrag abgelehnt \u2013 Mecklenburg-Vorpommerns Politiker sehen keine Notwendigkeit"}]},{"@type":"WebSite","@id":"https:\/\/now-news.de\/de\/#website","url":"https:\/\/now-news.de\/de\/","name":"just-now.NEWS Deutschland","description":"Das Portal f\u00fcr unzensierte Nachrichten aus der Welt","publisher":{"@id":"https:\/\/now-news.de\/de\/#organization"},"potentialAction":[{"@type":"SearchAction","target":{"@type":"EntryPoint","urlTemplate":"https:\/\/now-news.de\/de\/?s={search_term_string}"},"query-input":"required name=search_term_string"}],"inLanguage":"de"},{"@type":"Organization","@id":"https:\/\/now-news.de\/de\/#organization","name":"Just Now News","url":"https:\/\/now-news.de\/de\/","logo":{"@type":"ImageObject","inLanguage":"de","@id":"https:\/\/now-news.de\/de\/#\/schema\/logo\/image\/","url":"http:\/\/just-now.news\/de\/wp-content\/uploads\/sites\/3\/2022\/04\/logo500x500.jpg","contentUrl":"http:\/\/just-now.news\/de\/wp-content\/uploads\/sites\/3\/2022\/04\/logo500x500.jpg","width":500,"height":500,"caption":"Just Now News"},"image":{"@id":"https:\/\/now-news.de\/de\/#\/schema\/logo\/image\/"},"sameAs":["https:\/\/www.facebook.com\/wirmachenauf","https:\/\/x.com\/WirMachenAuf_de"]},{"@type":"Person","@id":"https:\/\/now-news.de\/de\/#\/schema\/person\/fb534a4e865501d8b3285208df34a9b5","name":"rtnews","image":{"@type":"ImageObject","inLanguage":"de","@id":"https:\/\/now-news.de\/de\/#\/schema\/person\/image\/","url":"https:\/\/secure.gravatar.com\/avatar\/82aafea7d8127119dd649515f56e2117?s=96&d=mm&r=g","contentUrl":"https:\/\/secure.gravatar.com\/avatar\/82aafea7d8127119dd649515f56e2117?s=96&d=mm&r=g","caption":"rtnews"},"url":"https:\/\/now-news.de\/de\/author\/rnews\/"}]}},"_links":{"self":[{"href":"https:\/\/now-news.de\/de\/wp-json\/wp\/v2\/posts\/51667"}],"collection":[{"href":"https:\/\/now-news.de\/de\/wp-json\/wp\/v2\/posts"}],"about":[{"href":"https:\/\/now-news.de\/de\/wp-json\/wp\/v2\/types\/post"}],"author":[{"embeddable":true,"href":"https:\/\/now-news.de\/de\/wp-json\/wp\/v2\/users\/3"}],"replies":[{"embeddable":true,"href":"https:\/\/now-news.de\/de\/wp-json\/wp\/v2\/comments?post=51667"}],"version-history":[{"count":0,"href":"https:\/\/now-news.de\/de\/wp-json\/wp\/v2\/posts\/51667\/revisions"}],"wp:featuredmedia":[{"embeddable":true,"href":"https:\/\/now-news.de\/de\/wp-json\/wp\/v2\/media\/51668"}],"wp:attachment":[{"href":"https:\/\/now-news.de\/de\/wp-json\/wp\/v2\/media?parent=51667"}],"wp:term":[{"taxonomy":"category","embeddable":true,"href":"https:\/\/now-news.de\/de\/wp-json\/wp\/v2\/categories?post=51667"},{"taxonomy":"post_tag","embeddable":true,"href":"https:\/\/now-news.de\/de\/wp-json\/wp\/v2\/tags?post=51667"}],"curies":[{"name":"wp","href":"https:\/\/api.w.org\/{rel}","templated":true}]}}