{"id":51665,"date":"2023-12-16T15:34:22","date_gmt":"2023-12-16T13:34:22","guid":{"rendered":"https:\/\/just-now.news\/de\/deutschland\/einwanderungsfreundliche-westliche-politiker-befinden-sich-im-krieg-mit-dem-eigenen-volk\/"},"modified":"2023-12-16T15:34:22","modified_gmt":"2023-12-16T13:34:22","slug":"einwanderungsfreundliche-westliche-politiker-befinden-sich-im-krieg-mit-dem-eigenen-volk","status":"publish","type":"post","link":"https:\/\/now-news.de\/de\/deutschland\/einwanderungsfreundliche-westliche-politiker-befinden-sich-im-krieg-mit-dem-eigenen-volk\/","title":{"rendered":"Einwanderungsfreundliche westliche Politiker befinden sich im Krieg mit dem eigenen Volk"},"content":{"rendered":"<p><img decoding=\"async\" src=\"http:\/\/just-now.news\/de\/wp-content\/uploads\/sites\/3\/2023\/12\/657ad11a48fbef5bb01a9e16.jpg\" \/><\/p>\n<div class=\"Text-root Text-type_1 \">\n                Die irische Regierung versuchte, die Wut der Bev\u00f6lkerung \u00fcber die irische Migrationspolitik zu diskreditieren und die daraus entstandenen Proteste zu unterdr\u00fccken, nachdem ein algerischer Einwanderer einen Messerangriff auf drei Kinder und zwei Erwachsene ver\u00fcbt hat.\n            <\/div>\n<p><\/p>\n<div class=\"Text-root Text-type_5 ArticleView-text ViewText-root \">\n<p><em>Von Tony Cox<\/em><\/p>\n<p>Der Ausraster der herrschenden Klasse aufgrund der j\u00fcngsten Unruhen in Dublin verr\u00e4t uns viel \u00fcber die Breite und Tiefe der Kluft zwischen westlichen Regierungen und ihren B\u00fcrgern. Es ist, als w\u00e4ren die regierenden Eliten emp\u00f6rt \u00fcber die K\u00fchnheit ihrer Untertanen, gegen den Schmerz und den Tod zu protestieren, den ihnen ihre angeblichen Volksvertreter zuf\u00fcgen.<\/p>\n<p>Irische B\u00fcrger gingen w\u00fctend auf die Stra\u00dfe und skandierten &#8220;Genug ist genug&#8221;, nachdem sie erneut eine Folge der Masseneinwanderung erleiden mussten: Der Messerangriff vom 23. November, bei dem drei Kinder und zwei Erwachsene im Zentrum von Dublin schwer verletzt wurden. Da sie bei den politischen Entscheidungstr\u00e4gern, die ihre Lebensqualit\u00e4t zunehmend zerst\u00f6ren, kein Geh\u00f6r fanden, steckten sie Busse in Brand, z\u00fcndeten Polizeiautos an und lieferten sich gewaltsame Auseinandersetzungen mit Polizeibeamten.<\/p>\n<p>Der verd\u00e4chtige Messerstecher wurde weder \u00f6ffentlich identifiziert noch offiziell festgenommen. Im Gegensatz zu den Iren steht er unter dem Schutz der irischen Regierung und ist Berichten zufolge aufgrund der bei der Messerstecherei erlittenen Verletzungen nicht in der Lage, von der Polizei befragt zu werden. Er wurde als 49-j\u00e4hriger Algerier beschrieben, der die irische Staatsb\u00fcrgerschaft erhalten hat.<\/p>\n<p>Tage nach dem Angriff brach eine Kontroverse in den Medien aus, als der unabh\u00e4ngige Journalist John McGuirk \u2013 f\u00e4lschlicherweise \u2013 berichtete, dass es sich bei dem Verd\u00e4chtigen um einen algerischen Migranten handelt, der seit 2003 auf Kosten des Steuerzahlers in Irland lebe. Er wurde vor Jahren verhaftet, durfte aber im Land bleiben und erhielt sp\u00e4ter einen irischen Pass. Anfang des Jahres wurde er wegen illegalen Besitz eines Messers und Besch\u00e4digung eines Autos festgenommen. Medienberichten zufolge wurde er aber vom Gericht wegen psychischer Probleme in die Freiheit entlassen.<\/p>\n<p>McGuirk wurde von Medienvertretern des Establishments angegriffen, nicht weil er die Geschichte falsch verstanden hatte, was zun\u00e4chst nicht bekannt war, sondern weil er beschlossen hatte, seinen Lesern keine sensiblen Informationen vorzuenthalten. Als er in einem Fernsehinterview von Moderatorin Ciara Doherty gefragt wurde, ob er nicht eine &#8220;feindselige Stimmung angeheizt&#8221; habe, indem er Einzelheiten \u00fcber den Hintergrund des Verd\u00e4chtigen berichtete, <a rel=\"nofollow noopener\" target=\"_blank\" href=\"https:\/\/www.youtube.com\/watch?v=bEJ-Ne7M74Y\">antwortete er<\/a>:<\/p>\n<blockquote>\n<p><em>&#8220;Ihre wesentliche Position ist also, dass Sie als Journalistin, die auf diesem Stuhl sitzt, entscheiden, welche Informationen die Menschen, die diese Sendung sehen, erhalten sollen. Und wenn Sie entscheiden, dass diese Menschen damit nicht umgehen k\u00f6nnen, geben Sie ihnen diese Informationen nicht.&#8221;<\/em><\/p>\n<\/blockquote>\n<p>Die Polizei gab anschlie\u00dfend bekannt, dass McGuirk den falschen algerischen Migranten identifiziert hatte. Obwohl er in dem Artikel nicht namentlich genannt wurde, erm\u00f6glichten es die Details seines Hintergrunds Online-Sp\u00fcrhunden, ihn zu identifizieren. Medienberichten zufolge sch\u00fctzt die Polizei nun den Mann, der f\u00e4lschlicherweise als T\u00e4ter identifiziert wurde, h\u00e4lt jedoch weiterhin Informationen \u00fcber den tats\u00e4chlichen T\u00e4ter zur\u00fcck.<\/p>\n<p>McGuirk entfernte seinen fehlerhaften Artikel aus dem Internet und <a rel=\"nofollow noopener\" target=\"_blank\" href=\"https:\/\/gript.ie\/statement-from-gript-media\/\">gab eine Erkl\u00e4rung ab<\/a>, in der es hie\u00df, dass die Quelle, die ihm die Kopie eines Ausweises gegeben hatte, ein hochrangiger Polizeibeamter sei. Er habe die Informationen auch mit einem hochrangigen Beamten des irischen Justizsystems \u00fcberpr\u00fcft, bevor er seine Geschichte ver\u00f6ffentlichte.<\/p>\n<p>Das Medienunternehmen von McGuirk, <em>Gript Media<\/em>, untersucht jetzt, ob es sich bei der Falschmeldung um einen vors\u00e4tzlichen Sabotageakt handelte. Denn es ist leicht zu verstehen, dass m\u00e4chtige Pers\u00f6nlichkeiten der irischen Regierung hocherfreut dar\u00fcber w\u00e4ren, wenn eine solche Geschichte von einem ihnen kritisch gegen\u00fcber eingestellten Journalisten falsch berichtet w\u00fcrde.<\/p>\n<p>Im Zentrum der Diskussion stand somit eher die Verbreitung von &#8220;Fehlinformationen&#8221; und die damit einhergehende Aufwiegelung w\u00fctender B\u00fcrger, statt die \u00fcberm\u00e4\u00dfige Einwanderung und die mangelnde \u00f6ffentliche Sicherheit. Die Situation erinnert an die Zeit, als WikiLeaks \u00fcber E-Mails berichtete, aus denen hervorging, dass das amerikanische Demokratische Nationalkomitee die Vorwahlen der Partei f\u00fcr die Pr\u00e4sidentschaftswahlen 2016 manipuliert hatte \u2013\u00a0zugunsten der vom Komitee intern erkorenen Kandidatin Hillary Clinton. Anstatt sich auf diesen Skandal zu konzentrieren, berichteten die Medien \u00fcber Clintons unbewiesene Behauptungen, russische Hacker h\u00e4tten die E-Mails gestohlen und an WikiLeaks weitergegeben.<\/p>\n<p>Die Sache ist die: Selbst wenn Sie w\u00fcssten, dass ein Gegner mit Hintergedanken herausgefunden hat, dass Ihr Ehepartner Sie betr\u00fcgt, w\u00e4ren Sie dann nicht mehr \u00fcber die Untreue ihres Ehepartners besorgt, als \u00fcber die Quelle dieser Information? Die Diskussion in Irland sollte sich um eine destruktive Einwanderungspolitik drehen und nicht um die Identifizierung des falschen kriminellen algerischen Migranten.<\/p>\n<p>Ironischerweise spielen diese Ablenkung und Irref\u00fchrung rund um die Vorkommnisse in Dublin keine gro\u00dfe Rolle. Tatsache ist, dass der von McGuirk identifizierte Migrant in Irland bleiben durfte \u2013 wegen einer Regierung, die der Sicherheit ihrer eigenen Bev\u00f6lkerung keine Priorit\u00e4t einr\u00e4umt. Zwar hat er diesen einen Messerangriff nicht begangen, aber er ist trotzdem ein krimineller Einwanderer. Und wenn er ein weiteres Verbrechen begeht, wird es ein weiterer Schaden sein, den die irische Regierung dem irischen Volk zuf\u00fcgt. Fakt ist auch, dass der eigentliche Verd\u00e4chtige ein algerischer Einwanderer ist, also aus einem mehr als 1.000 Meilen (1609 Kilometer) entfernten Land stammt, in dem kein Krieg stattfindet. Wenn er ein legitimer Schutzsuchender w\u00e4re, w\u00e4re Irland bei Weitem nicht der n\u00e4chstgelegene sichere Zufluchtsort.<\/p>\n<p>Wie auch immer: Wenn Irlands Regierung etwas tun kann, dann ist es von der Aufmerksamkeit \u00fcber die Krise in der Migrationspolitik des Landes abzulenken. Ganz zu schweigen davon, von einer Politik abzulenken, durch die irischen B\u00fcrger gef\u00e4hrdet werden und ihre Lebensqualit\u00e4t beeintr\u00e4chtigt. Es wird auch keine ernsthafte Diskussion dar\u00fcber geben, warum illegale Asylbewerber und andere Migranten im Land bleiben d\u00fcrfen, selbst wenn sie Straftaten begangen haben.<\/p>\n<p>Anstatt den Messerangriff auf Kinder anzuprangern oder sich mit den dadurch aufgeworfenen politischen Fragen auseinanderzusetzen, konzentrierten sich irische Regierungsbeamte und ihre Medienstenografen darauf, ihren Zorn gegen jene B\u00fcrger zu richten, die gewaltsam Ver\u00e4nderungen einforderten und sie kurzerhand als &#8220;Rassisten&#8221; zu diffamieren.<\/p>\n<p>Der Chef der nationalen Polizei, Drew Harris, machte einen &#8220;verr\u00fcckten Hooligan-Faktor, der von rechtsextremen Ideologien angetrieben wird&#8221;, f\u00fcr die Unruhen verantwortlich. Justizministerin Helen McEntee versprach ein h\u00e4rteres Vorgehen der Polizei, um solche Aufst\u00e4nde der &#8220;Schl\u00e4ger und Kriminellen&#8221; zu unterdr\u00fccken, die den Messerangriff nutzten, um &#8220;Zwietracht im Land zu s\u00e4en&#8221;. Die in Kenia geborene britische Politikerin Lilian Seenoi-Barr machte eine kleine rechtsextreme Minderheit <a rel=\"nofollow noopener\" target=\"_blank\" href=\"https:\/\/twitter.com\/RadioGenoa\/status\/1729431087921631514\">f\u00fcr die Unruhen verantwortlich<\/a> und nannte die Randalierer eine &#8220;organisierte terroristische Gruppe von Menschen, die Einwanderern Schaden zuf\u00fcgen wollen&#8221;.<\/p>\n<p>Premierminister Leo Varadkar bestand darauf, dass die Menschen den Messerangriff nicht mit der Einwanderung \u2013 die Irlands Bev\u00f6lkerung ver\u00e4ndert \u2013 in Verbindung bringen sollten. Der Premierminister sagte, dass die Randalierer unm\u00f6glich durch den Wunsch motiviert gewesen sein k\u00f6nnen, ihre Lebensweise zu sch\u00fctzen. Vielmehr seien sie &#8220;erf\u00fcllt von Hass, lieben Gewalt, lieben das Chaos und sie lieben es, anderen Leid zuzuf\u00fcgen&#8221;. Er forderte au\u00dferdem Anpassungen in der irischen Gesetzgebung bez\u00fcglich Hassrede. &#8220;Wir werden unsere Gesetze gegen Aufwiegelung zum Hass und zum Hass im Allgemeinen anpassen.&#8221;<\/p>\n<p>Der aufgewiegelte Mob wurde von der Realit\u00e4t aufgewiegelt \u2013 jener Realit\u00e4t, die durch die Politik der tauben Eliten des Landes geschaffen wurde. Der Zustrom von Migranten \u2013 viele davon illegale Asylbewerber von au\u00dferhalb der Kriegsgebiete \u2013 hat die Bev\u00f6lkerungszahl Irlands in den vergangenen zwei Jahrzehnten um 31 Prozent auf 5,15 Millionen anschwellen lassen. Jeder f\u00fcnfte Einwohner Irlands ist nicht in Irland geboren. Aufgrund der Immobilienkrise und der dr\u00fcckenden Inflation haben viele junge Menschen die Wohnungssuche aufgegeben. Die Zahl der Morde und anderer Straftaten ist stark angestiegen.<\/p>\n<p>Dass die Menschen in Irland \u00fcber ihre sinkende Lebensqualit\u00e4t sehr ver\u00e4rgert sind, zeigen aktuelle Umfragen, nach denen 75 Prozent der Iren glauben, dass ihr Land zu viele Asylsuchende aufnimmt. Eine noch gr\u00f6\u00dfere Mehrheit, 76 Prozent, stimmte zu, dass es gerechtfertigt ist, dass die Menschen w\u00fctend seien, wenn Migranten in ihre Gemeinden umgesiedelt werden. Vermutlich sind die meisten dieser B\u00fcrger nicht geneigt, Stra\u00dfenbahnen oder Busse anzuz\u00fcnden, aber wenn auch nur einer von 100 Menschen, die sich dem widersetzen, was ihrem Land derzeit angetan wird, w\u00fctend genug wird, um sich zu erheben, bekommt man einen Mob von fast 400.000 Menschen zusammen.<\/p>\n<p>Nicht alle Randalierer waren von echten Missst\u00e4nden motiviert. Manche nutzten die Unruhen beispielsweise f\u00fcr Pl\u00fcnderungen. Auf jeden Fall bekommt eine gro\u00dfe Mehrheit der irischen Bev\u00f6lkerung von den politischen Entscheidungstr\u00e4gern nicht das, was sie will. Die Botschaft aus der Bev\u00f6lkerung wird nicht geh\u00f6rt, wenn sie Dinge in Brand setzen, genauso wie sie ignoriert wird, wenn sie friedliche Proteste abhalten. Was kommt also als N\u00e4chstes?<\/p>\n<p>Die irische Regierung reagierte mit der D\u00e4monisierung ihrer Kritiker und der Kriminalisierung abweichender Meinungen. Berichten zufolge geh\u00f6rt unter anderem die irische MMA-Legende Conor McGregor zu den vielen Personen, gegen die wegen angeblicher &#8220;Aufwiegelung zum Hass&#8221; ermittelt wird. McGregor postete in den sozialen Medien, dass der Verd\u00e4chtige des Messerangriffs eine &#8220;gro\u00dfe Gefahr f\u00fcr uns in Irland darstellt, eine Gefahr, die hier \u00fcberhaupt nicht sein sollte&#8221;. Der stellvertretende Premierminister und Verteidigungsminister Miche\u00e1l Martin, verurteilte die Meinung von McGregor als &#8220;absolut sch\u00e4ndlich&#8221;, worauf dieser antwortete, indem er Martin als &#8220;wertlos und r\u00fcckgratlos&#8221; bezeichnete.<\/p>\n<p>McGregor versch\u00e4rfte sp\u00e4ter seine Kritik <a rel=\"nofollow noopener\" target=\"_blank\" href=\"https:\/\/twitter.com\/TheNotoriousMMA\/status\/1729851108481224737\">und schrieb<\/a>, dass irische Regierungsbeamte versuchen w\u00fcrden, ihn als &#8220;S\u00fcndenbock&#8221; zu benutzen. Er f\u00fcgte hinzu: &#8220;Die Wahrheit der vielen gescheiterten Ma\u00dfnahmen dieser Regierung, also der Grund daf\u00fcr zu sein, dass wir unschuldige Kinder im Krankenhaus haben, die an lebenserhaltenden Ger\u00e4ten angeschlossen sind, nachdem sie von einem geistesgest\u00f6rten Kriminellen erstochen wurden, wird sich nicht ver\u00e4ndern.&#8221; McGregor deutete sogar an, f\u00fcr das Pr\u00e4sidentenamt zu kandidieren.<\/p>\n<p>Man vergleiche die Reaktion in Dublin mit der Art und Weise, wie die westliche herrschende Elite mit den Unruhen rund um Black Lives Matter (BLM) im Jahr 2020 umging. Es gab Szenen, in denen Polizisten mit den Randalierern knieten, anstatt sie als extremistische Hooligans zu verhaften. Anstatt alle dazu aufzurufen, \u00fcber die rassistischen Untert\u00f6ne des ausl\u00f6senden Ereignisses \u2013 den Tod eines schwarzen Kriminellen, George Floyd, nachdem ein wei\u00dfer Polizeibeamter sich auf seinen Nacken gekniet hatte \u2013 Stillschweigen zu bewahren, drehte sich in dieser Angelegenheit pl\u00f6tzlich alles um Rassismus.<\/p>\n<p>Selbst als St\u00e4dte brannten und Dutzende Menschen get\u00f6tet wurden, stimmten viele Politiker den Forderungen des Mobs zu, &#8220;der Polizei die Geldmittel zu entziehen&#8221; und &#8220;die Polizeiarbeit neu zu \u00fcberdenken&#8221;. Die zuk\u00fcnftige US-Vizepr\u00e4sidentin Kamala Harris f\u00f6rderte eine Spendenaktion, um Randalierer aus dem Gef\u00e4ngnis zu holen, die w\u00e4hrend des Chaos festgenommen wurden. Nike, Google, Apple und andere gro\u00dfe Namen der amerikanischen Wirtschaft haben massive Spenden f\u00fcr die Zwecke der &#8220;Rassengerechtigkeit&#8221; bereitgestellt.<\/p>\n<p>Westliche Eliten scheinen ihre Reaktion auf Unruhen und Gewaltverbrechen an die Ideologie der T\u00e4ter anzupassen. Wenn sie mit der politischen Agenda \u00fcbereinstimmt, wird die Botschaft verst\u00e4rkt und mit Verst\u00e4ndnis behandelt, wenn sie eine destruktive politische Agenda anprangert, muss es unterdr\u00fcckt und verteufelt werden. Die BLM-Unruhen boten Rassenverfechtern die Gelegenheit, das Volk weiter zu spalten und &#8220;Reformen&#8221; voranzutreiben, die Kriminelle gegen\u00fcber gesetzestreuen B\u00fcrgern und nicht wei\u00dfe Menschen gegen\u00fcber Wei\u00dfen beg\u00fcnstigen. Die Unruhen in Dublin haben gezeigt, dass die Bev\u00f6lkerung mit der Massenmigration und den F\u00fchrern, die sich weigern, den Interessen ihrer B\u00fcrger zu dienen, an ihre Grenzen gesto\u00dfen ist.<\/p>\n<p>Die Unterdr\u00fcckung der Wahrheit, das L\u00fcgen und die situative Emp\u00f6rung kann nicht ewig aufrechterhalten werden. Politiker, die eine Politik durchpeitschen, die ihr Land zerst\u00f6rt und ihren B\u00fcrgern schadet, die sie angeblich repr\u00e4sentieren, k\u00f6nnen sich einer echten Abrechnung wegen ihres Verrats nicht endlos entziehen. Die Kritiker lassen sich nicht mehr v\u00f6llig zum Schweigen bringen, egal wie aggressiv die Zensurbem\u00fchungen auch sein m\u00f6gen.<\/p>\n<p>Wie nachhaltig ist es, mit dem eigenen Volk Krieg zu f\u00fchren? Wie lange kann eine Regierung sich den Interessen ihrer B\u00fcrger widersetzen und diejenigen verunglimpfen, die sich beschweren? Wenn es den Staats- und Regierungschefs nicht gelingt, die im Inland geborene Bev\u00f6lkerung schnell genug zu ersetzen, um sich so der Verantwortung zu entziehen, m\u00fcssen sie sich irgendwann vor ihren Untertanen verantworten.<\/p>\n<p>Dieselben Stimmen, die dazu aufriefen, die Rhetorik einzud\u00e4mmen und sogar die Fakten zu unterdr\u00fccken, um den Mob in Dublin nicht aufzuheizen, heizen nur noch mehr Eskalation an, indem sie die Randalierer als extremistische, rassistische Schl\u00e4ger abtun. Menschen, deren Leben zerst\u00f6rt wird \u2013 als Steuerzahler auf eigene Kosten und durch die verr\u00e4terischen Politiker, die eigentlich die moralische Pflicht h\u00e4tten, den Interessen ihrer B\u00fcrger zu dienen \u2013 werden irgendwann einen Weg finden, geh\u00f6rt zu werden.<\/p>\n<\/p>\n<p><em>Aus dem <a rel=\"nofollow noopener\" target=\"_blank\" href=\"https:\/\/www.rt.com\/news\/588839-west-migrants-dublin-riots\/\">Englischen<\/a>.<\/em><\/p>\n<p><em>Tony Cox\u00a0ist ein US-amerikanischer Journalist, der f\u00fcr Bloomberg und mehrere gro\u00dfe Tageszeitungen geschrieben oder diese herausgegeben hat.<br \/><\/em><\/p>\n<\/p>\n<p><strong>Mehr zum Thema<\/strong> \u2013 <a rel=\"nofollow noopener\" target=\"_blank\" href=\"https:\/\/freeassange.rtde.life\/inland\/189728-massives-scheitern-ampelkoalition-asylpakt-gescheitert\/\">Massives Scheitern der Ampelkoalition: Asylpakt geplatzt <\/a><\/p>\n<div class=\"EmbedBlock-root EmbedBlock-externalVideo EmbedBlock-odysee\">\n<div class=\"VkEmbed\"><iframe class=\"lazyload\" data-src=\"https:\/\/odysee.com\/%24\/embed\/%40RTDE%3Ae%2F-Realit%C3%A4tsfern--%E2%80%93-SPD-will-Familiennachzug-erleichtert%2C-Streit-in-der-Koalition%3Af\" frameborder=\"0\" width=\"853\" height=\"480\" allowfullscreen><\/iframe><\/div>\n<\/div>\n<p><em><\/em><\/p>\n<p><em>\u00a0<\/em><\/p>\n<\/div>\n<p><script async src=\"https:\/\/platform.twitter.com\/widgets.js\" charset=\"utf-8\"><\/script><br \/>\n<br \/><br \/>\n<br \/><a href=\"https:\/\/de.rt.com\/meinung\/189829-einwanderungsfreundliche-westliche-politiker-befinden-sich-im-krieg-mit-dem-eigenen-volk\/\">Source link <\/a><\/p>\n","protected":false},"excerpt":{"rendered":"<p>Die irische Regierung versuchte, die Wut der Bev\u00f6lkerung \u00fcber die irische Migrationspolitik zu diskreditieren und die daraus entstandenen Proteste zu unterdr\u00fccken, nachdem ein algerischer Einwanderer einen Messerangriff auf drei Kinder und zwei Erwachsene ver\u00fcbt hat. Von Tony Cox Der Ausraster der herrschenden Klasse aufgrund der j\u00fcngsten Unruhen in Dublin verr\u00e4t uns viel \u00fcber die Breite [&hellip;]<\/p>\n","protected":false},"author":3,"featured_media":51666,"comment_status":"open","ping_status":"open","sticky":false,"template":"","format":"standard","meta":{"_yoast_indexnow_last_ping":["1702734399"],"wp_automatic_camp":["217"],"1f590bbf31703fa91534cf105a828faa":["Einwanderungsfreundliche westliche Politiker befinden sich im Krieg mit dem eigenen Volk"],"original_link":["https:\/\/de.rt.com\/meinung\/189829-einwanderungsfreundliche-westliche-politiker-befinden-sich-im-krieg-mit-dem-eigenen-volk\/"],"_thumbnail_id":["51666"],"jnews_social_counter_last_update":["1776928377"],"_wptgpro_p2tg_sent2tg":["a:1:{i:23737;s:19:\"2023-12-16 15:48:07\";}"]},"categories":[19,23],"tags":[1802,134,947,51657,130,419,5679,434,8952,740],"yoast_head":"<!-- This site is optimized with the Yoast SEO Premium plugin v22.7 (Yoast SEO v22.7) - https:\/\/yoast.com\/wordpress\/plugins\/seo\/ -->\n<title>Einwanderungsfreundliche westliche Politiker befinden sich im Krieg mit dem eigenen Volk - just-now.NEWS Deutschland<\/title>\n<meta name=\"robots\" content=\"index, follow, max-snippet:-1, max-image-preview:large, max-video-preview:-1\" \/>\n<link rel=\"canonical\" href=\"https:\/\/now-news.de\/de\/deutschland\/einwanderungsfreundliche-westliche-politiker-befinden-sich-im-krieg-mit-dem-eigenen-volk\/\" \/>\n<meta property=\"og:locale\" content=\"de_DE\" \/>\n<meta property=\"og:type\" content=\"article\" \/>\n<meta property=\"og:title\" content=\"Einwanderungsfreundliche westliche Politiker befinden sich im Krieg mit dem eigenen Volk\" \/>\n<meta property=\"og:description\" content=\"Die irische Regierung versuchte, die Wut der Bev\u00f6lkerung \u00fcber die irische Migrationspolitik zu diskreditieren und die daraus entstandenen Proteste zu unterdr\u00fccken, nachdem ein algerischer Einwanderer einen Messerangriff auf drei Kinder und zwei Erwachsene ver\u00fcbt hat. Von Tony Cox Der Ausraster der herrschenden Klasse aufgrund der j\u00fcngsten Unruhen in Dublin verr\u00e4t uns viel \u00fcber die Breite [&hellip;]\" \/>\n<meta property=\"og:url\" content=\"https:\/\/now-news.de\/de\/deutschland\/einwanderungsfreundliche-westliche-politiker-befinden-sich-im-krieg-mit-dem-eigenen-volk\/\" \/>\n<meta property=\"og:site_name\" content=\"just-now.NEWS Deutschland\" \/>\n<meta property=\"article:publisher\" content=\"https:\/\/www.facebook.com\/wirmachenauf\" \/>\n<meta property=\"article:published_time\" content=\"2023-12-16T13:34:22+00:00\" \/>\n<meta property=\"og:image\" content=\"https:\/\/now-news.de\/de\/wp-content\/uploads\/sites\/3\/2023\/12\/Einwanderungsfreundliche-westliche-Politiker-befinden-sich-im-Krieg-mit-dem-eigenen.jpg\" \/>\n\t<meta property=\"og:image:width\" content=\"460\" \/>\n\t<meta property=\"og:image:height\" content=\"259\" \/>\n\t<meta property=\"og:image:type\" content=\"image\/jpeg\" \/>\n<meta name=\"author\" content=\"rtnews\" \/>\n<meta name=\"twitter:card\" content=\"summary_large_image\" \/>\n<meta name=\"twitter:creator\" content=\"@WirMachenAuf_de\" \/>\n<meta name=\"twitter:site\" content=\"@WirMachenAuf_de\" \/>\n<meta name=\"twitter:label1\" content=\"Verfasst von\" \/>\n\t<meta name=\"twitter:data1\" content=\"rtnews\" \/>\n\t<meta name=\"twitter:label2\" content=\"Gesch\u00e4tzte Lesezeit\" \/>\n\t<meta name=\"twitter:data2\" content=\"11\u00a0Minuten\" \/>\n<script type=\"application\/ld+json\" class=\"yoast-schema-graph\">{\"@context\":\"https:\/\/schema.org\",\"@graph\":[{\"@type\":\"Article\",\"@id\":\"https:\/\/now-news.de\/de\/deutschland\/einwanderungsfreundliche-westliche-politiker-befinden-sich-im-krieg-mit-dem-eigenen-volk\/#article\",\"isPartOf\":{\"@id\":\"https:\/\/now-news.de\/de\/deutschland\/einwanderungsfreundliche-westliche-politiker-befinden-sich-im-krieg-mit-dem-eigenen-volk\/\"},\"author\":{\"name\":\"rtnews\",\"@id\":\"https:\/\/now-news.de\/de\/#\/schema\/person\/fb534a4e865501d8b3285208df34a9b5\"},\"headline\":\"Einwanderungsfreundliche westliche Politiker befinden sich im Krieg mit dem eigenen Volk\",\"datePublished\":\"2023-12-16T13:34:22+00:00\",\"dateModified\":\"2023-12-16T13:34:22+00:00\",\"mainEntityOfPage\":{\"@id\":\"https:\/\/now-news.de\/de\/deutschland\/einwanderungsfreundliche-westliche-politiker-befinden-sich-im-krieg-mit-dem-eigenen-volk\/\"},\"wordCount\":2161,\"commentCount\":0,\"publisher\":{\"@id\":\"https:\/\/now-news.de\/de\/#organization\"},\"image\":{\"@id\":\"https:\/\/now-news.de\/de\/deutschland\/einwanderungsfreundliche-westliche-politiker-befinden-sich-im-krieg-mit-dem-eigenen-volk\/#primaryimage\"},\"thumbnailUrl\":\"https:\/\/now-news.de\/de\/wp-content\/uploads\/sites\/3\/2023\/12\/Einwanderungsfreundliche-westliche-Politiker-befinden-sich-im-Krieg-mit-dem-eigenen.jpg\",\"keywords\":[\"befinden\",\"DEM\",\"eigenen\",\"Einwanderungsfreundliche\",\"krieg\",\"mit\",\"Politiker\",\"sich\",\"volk\",\"westliche\"],\"articleSection\":[\"Deutschland\",\"Russland\"],\"inLanguage\":\"de\",\"potentialAction\":[{\"@type\":\"CommentAction\",\"name\":\"Comment\",\"target\":[\"https:\/\/now-news.de\/de\/deutschland\/einwanderungsfreundliche-westliche-politiker-befinden-sich-im-krieg-mit-dem-eigenen-volk\/#respond\"]}]},{\"@type\":\"WebPage\",\"@id\":\"https:\/\/now-news.de\/de\/deutschland\/einwanderungsfreundliche-westliche-politiker-befinden-sich-im-krieg-mit-dem-eigenen-volk\/\",\"url\":\"https:\/\/now-news.de\/de\/deutschland\/einwanderungsfreundliche-westliche-politiker-befinden-sich-im-krieg-mit-dem-eigenen-volk\/\",\"name\":\"Einwanderungsfreundliche westliche Politiker befinden sich im Krieg mit dem eigenen Volk - just-now.NEWS Deutschland\",\"isPartOf\":{\"@id\":\"https:\/\/now-news.de\/de\/#website\"},\"primaryImageOfPage\":{\"@id\":\"https:\/\/now-news.de\/de\/deutschland\/einwanderungsfreundliche-westliche-politiker-befinden-sich-im-krieg-mit-dem-eigenen-volk\/#primaryimage\"},\"image\":{\"@id\":\"https:\/\/now-news.de\/de\/deutschland\/einwanderungsfreundliche-westliche-politiker-befinden-sich-im-krieg-mit-dem-eigenen-volk\/#primaryimage\"},\"thumbnailUrl\":\"https:\/\/now-news.de\/de\/wp-content\/uploads\/sites\/3\/2023\/12\/Einwanderungsfreundliche-westliche-Politiker-befinden-sich-im-Krieg-mit-dem-eigenen.jpg\",\"datePublished\":\"2023-12-16T13:34:22+00:00\",\"dateModified\":\"2023-12-16T13:34:22+00:00\",\"breadcrumb\":{\"@id\":\"https:\/\/now-news.de\/de\/deutschland\/einwanderungsfreundliche-westliche-politiker-befinden-sich-im-krieg-mit-dem-eigenen-volk\/#breadcrumb\"},\"inLanguage\":\"de\",\"potentialAction\":[{\"@type\":\"ReadAction\",\"target\":[\"https:\/\/now-news.de\/de\/deutschland\/einwanderungsfreundliche-westliche-politiker-befinden-sich-im-krieg-mit-dem-eigenen-volk\/\"]}]},{\"@type\":\"ImageObject\",\"inLanguage\":\"de\",\"@id\":\"https:\/\/now-news.de\/de\/deutschland\/einwanderungsfreundliche-westliche-politiker-befinden-sich-im-krieg-mit-dem-eigenen-volk\/#primaryimage\",\"url\":\"https:\/\/now-news.de\/de\/wp-content\/uploads\/sites\/3\/2023\/12\/Einwanderungsfreundliche-westliche-Politiker-befinden-sich-im-Krieg-mit-dem-eigenen.jpg\",\"contentUrl\":\"https:\/\/now-news.de\/de\/wp-content\/uploads\/sites\/3\/2023\/12\/Einwanderungsfreundliche-westliche-Politiker-befinden-sich-im-Krieg-mit-dem-eigenen.jpg\",\"width\":460,\"height\":259,\"caption\":\"Einwanderungsfreundliche westliche Politiker befinden sich im Krieg mit dem eigenen Volk\"},{\"@type\":\"BreadcrumbList\",\"@id\":\"https:\/\/now-news.de\/de\/deutschland\/einwanderungsfreundliche-westliche-politiker-befinden-sich-im-krieg-mit-dem-eigenen-volk\/#breadcrumb\",\"itemListElement\":[{\"@type\":\"ListItem\",\"position\":1,\"name\":\"Home\",\"item\":\"https:\/\/now-news.de\/de\/\"},{\"@type\":\"ListItem\",\"position\":2,\"name\":\"Einwanderungsfreundliche westliche Politiker befinden sich im Krieg mit dem eigenen Volk\"}]},{\"@type\":\"WebSite\",\"@id\":\"https:\/\/now-news.de\/de\/#website\",\"url\":\"https:\/\/now-news.de\/de\/\",\"name\":\"just-now.NEWS Deutschland\",\"description\":\"Das Portal f\u00fcr unzensierte Nachrichten aus der Welt\",\"publisher\":{\"@id\":\"https:\/\/now-news.de\/de\/#organization\"},\"potentialAction\":[{\"@type\":\"SearchAction\",\"target\":{\"@type\":\"EntryPoint\",\"urlTemplate\":\"https:\/\/now-news.de\/de\/?s={search_term_string}\"},\"query-input\":\"required name=search_term_string\"}],\"inLanguage\":\"de\"},{\"@type\":\"Organization\",\"@id\":\"https:\/\/now-news.de\/de\/#organization\",\"name\":\"Just Now News\",\"url\":\"https:\/\/now-news.de\/de\/\",\"logo\":{\"@type\":\"ImageObject\",\"inLanguage\":\"de\",\"@id\":\"https:\/\/now-news.de\/de\/#\/schema\/logo\/image\/\",\"url\":\"http:\/\/just-now.news\/de\/wp-content\/uploads\/sites\/3\/2022\/04\/logo500x500.jpg\",\"contentUrl\":\"http:\/\/just-now.news\/de\/wp-content\/uploads\/sites\/3\/2022\/04\/logo500x500.jpg\",\"width\":500,\"height\":500,\"caption\":\"Just Now News\"},\"image\":{\"@id\":\"https:\/\/now-news.de\/de\/#\/schema\/logo\/image\/\"},\"sameAs\":[\"https:\/\/www.facebook.com\/wirmachenauf\",\"https:\/\/x.com\/WirMachenAuf_de\"]},{\"@type\":\"Person\",\"@id\":\"https:\/\/now-news.de\/de\/#\/schema\/person\/fb534a4e865501d8b3285208df34a9b5\",\"name\":\"rtnews\",\"image\":{\"@type\":\"ImageObject\",\"inLanguage\":\"de\",\"@id\":\"https:\/\/now-news.de\/de\/#\/schema\/person\/image\/\",\"url\":\"https:\/\/secure.gravatar.com\/avatar\/82aafea7d8127119dd649515f56e2117?s=96&d=mm&r=g\",\"contentUrl\":\"https:\/\/secure.gravatar.com\/avatar\/82aafea7d8127119dd649515f56e2117?s=96&d=mm&r=g\",\"caption\":\"rtnews\"},\"url\":\"https:\/\/now-news.de\/de\/author\/rnews\/\"}]}<\/script>\n<!-- \/ Yoast SEO Premium plugin. -->","yoast_head_json":{"title":"Einwanderungsfreundliche westliche Politiker befinden sich im Krieg mit dem eigenen Volk - just-now.NEWS Deutschland","robots":{"index":"index","follow":"follow","max-snippet":"max-snippet:-1","max-image-preview":"max-image-preview:large","max-video-preview":"max-video-preview:-1"},"canonical":"https:\/\/now-news.de\/de\/deutschland\/einwanderungsfreundliche-westliche-politiker-befinden-sich-im-krieg-mit-dem-eigenen-volk\/","og_locale":"de_DE","og_type":"article","og_title":"Einwanderungsfreundliche westliche Politiker befinden sich im Krieg mit dem eigenen Volk","og_description":"Die irische Regierung versuchte, die Wut der Bev\u00f6lkerung \u00fcber die irische Migrationspolitik zu diskreditieren und die daraus entstandenen Proteste zu unterdr\u00fccken, nachdem ein algerischer Einwanderer einen Messerangriff auf drei Kinder und zwei Erwachsene ver\u00fcbt hat. Von Tony Cox Der Ausraster der herrschenden Klasse aufgrund der j\u00fcngsten Unruhen in Dublin verr\u00e4t uns viel \u00fcber die Breite [&hellip;]","og_url":"https:\/\/now-news.de\/de\/deutschland\/einwanderungsfreundliche-westliche-politiker-befinden-sich-im-krieg-mit-dem-eigenen-volk\/","og_site_name":"just-now.NEWS Deutschland","article_publisher":"https:\/\/www.facebook.com\/wirmachenauf","article_published_time":"2023-12-16T13:34:22+00:00","og_image":[{"width":460,"height":259,"url":"https:\/\/now-news.de\/de\/wp-content\/uploads\/sites\/3\/2023\/12\/Einwanderungsfreundliche-westliche-Politiker-befinden-sich-im-Krieg-mit-dem-eigenen.jpg","type":"image\/jpeg"}],"author":"rtnews","twitter_card":"summary_large_image","twitter_creator":"@WirMachenAuf_de","twitter_site":"@WirMachenAuf_de","twitter_misc":{"Verfasst von":"rtnews","Gesch\u00e4tzte Lesezeit":"11\u00a0Minuten"},"schema":{"@context":"https:\/\/schema.org","@graph":[{"@type":"Article","@id":"https:\/\/now-news.de\/de\/deutschland\/einwanderungsfreundliche-westliche-politiker-befinden-sich-im-krieg-mit-dem-eigenen-volk\/#article","isPartOf":{"@id":"https:\/\/now-news.de\/de\/deutschland\/einwanderungsfreundliche-westliche-politiker-befinden-sich-im-krieg-mit-dem-eigenen-volk\/"},"author":{"name":"rtnews","@id":"https:\/\/now-news.de\/de\/#\/schema\/person\/fb534a4e865501d8b3285208df34a9b5"},"headline":"Einwanderungsfreundliche westliche Politiker befinden sich im Krieg mit dem eigenen Volk","datePublished":"2023-12-16T13:34:22+00:00","dateModified":"2023-12-16T13:34:22+00:00","mainEntityOfPage":{"@id":"https:\/\/now-news.de\/de\/deutschland\/einwanderungsfreundliche-westliche-politiker-befinden-sich-im-krieg-mit-dem-eigenen-volk\/"},"wordCount":2161,"commentCount":0,"publisher":{"@id":"https:\/\/now-news.de\/de\/#organization"},"image":{"@id":"https:\/\/now-news.de\/de\/deutschland\/einwanderungsfreundliche-westliche-politiker-befinden-sich-im-krieg-mit-dem-eigenen-volk\/#primaryimage"},"thumbnailUrl":"https:\/\/now-news.de\/de\/wp-content\/uploads\/sites\/3\/2023\/12\/Einwanderungsfreundliche-westliche-Politiker-befinden-sich-im-Krieg-mit-dem-eigenen.jpg","keywords":["befinden","DEM","eigenen","Einwanderungsfreundliche","krieg","mit","Politiker","sich","volk","westliche"],"articleSection":["Deutschland","Russland"],"inLanguage":"de","potentialAction":[{"@type":"CommentAction","name":"Comment","target":["https:\/\/now-news.de\/de\/deutschland\/einwanderungsfreundliche-westliche-politiker-befinden-sich-im-krieg-mit-dem-eigenen-volk\/#respond"]}]},{"@type":"WebPage","@id":"https:\/\/now-news.de\/de\/deutschland\/einwanderungsfreundliche-westliche-politiker-befinden-sich-im-krieg-mit-dem-eigenen-volk\/","url":"https:\/\/now-news.de\/de\/deutschland\/einwanderungsfreundliche-westliche-politiker-befinden-sich-im-krieg-mit-dem-eigenen-volk\/","name":"Einwanderungsfreundliche westliche Politiker befinden sich im Krieg mit dem eigenen Volk - just-now.NEWS Deutschland","isPartOf":{"@id":"https:\/\/now-news.de\/de\/#website"},"primaryImageOfPage":{"@id":"https:\/\/now-news.de\/de\/deutschland\/einwanderungsfreundliche-westliche-politiker-befinden-sich-im-krieg-mit-dem-eigenen-volk\/#primaryimage"},"image":{"@id":"https:\/\/now-news.de\/de\/deutschland\/einwanderungsfreundliche-westliche-politiker-befinden-sich-im-krieg-mit-dem-eigenen-volk\/#primaryimage"},"thumbnailUrl":"https:\/\/now-news.de\/de\/wp-content\/uploads\/sites\/3\/2023\/12\/Einwanderungsfreundliche-westliche-Politiker-befinden-sich-im-Krieg-mit-dem-eigenen.jpg","datePublished":"2023-12-16T13:34:22+00:00","dateModified":"2023-12-16T13:34:22+00:00","breadcrumb":{"@id":"https:\/\/now-news.de\/de\/deutschland\/einwanderungsfreundliche-westliche-politiker-befinden-sich-im-krieg-mit-dem-eigenen-volk\/#breadcrumb"},"inLanguage":"de","potentialAction":[{"@type":"ReadAction","target":["https:\/\/now-news.de\/de\/deutschland\/einwanderungsfreundliche-westliche-politiker-befinden-sich-im-krieg-mit-dem-eigenen-volk\/"]}]},{"@type":"ImageObject","inLanguage":"de","@id":"https:\/\/now-news.de\/de\/deutschland\/einwanderungsfreundliche-westliche-politiker-befinden-sich-im-krieg-mit-dem-eigenen-volk\/#primaryimage","url":"https:\/\/now-news.de\/de\/wp-content\/uploads\/sites\/3\/2023\/12\/Einwanderungsfreundliche-westliche-Politiker-befinden-sich-im-Krieg-mit-dem-eigenen.jpg","contentUrl":"https:\/\/now-news.de\/de\/wp-content\/uploads\/sites\/3\/2023\/12\/Einwanderungsfreundliche-westliche-Politiker-befinden-sich-im-Krieg-mit-dem-eigenen.jpg","width":460,"height":259,"caption":"Einwanderungsfreundliche westliche Politiker befinden sich im Krieg mit dem eigenen Volk"},{"@type":"BreadcrumbList","@id":"https:\/\/now-news.de\/de\/deutschland\/einwanderungsfreundliche-westliche-politiker-befinden-sich-im-krieg-mit-dem-eigenen-volk\/#breadcrumb","itemListElement":[{"@type":"ListItem","position":1,"name":"Home","item":"https:\/\/now-news.de\/de\/"},{"@type":"ListItem","position":2,"name":"Einwanderungsfreundliche westliche Politiker befinden sich im Krieg mit dem eigenen Volk"}]},{"@type":"WebSite","@id":"https:\/\/now-news.de\/de\/#website","url":"https:\/\/now-news.de\/de\/","name":"just-now.NEWS Deutschland","description":"Das Portal f\u00fcr unzensierte Nachrichten aus der Welt","publisher":{"@id":"https:\/\/now-news.de\/de\/#organization"},"potentialAction":[{"@type":"SearchAction","target":{"@type":"EntryPoint","urlTemplate":"https:\/\/now-news.de\/de\/?s={search_term_string}"},"query-input":"required name=search_term_string"}],"inLanguage":"de"},{"@type":"Organization","@id":"https:\/\/now-news.de\/de\/#organization","name":"Just Now News","url":"https:\/\/now-news.de\/de\/","logo":{"@type":"ImageObject","inLanguage":"de","@id":"https:\/\/now-news.de\/de\/#\/schema\/logo\/image\/","url":"http:\/\/just-now.news\/de\/wp-content\/uploads\/sites\/3\/2022\/04\/logo500x500.jpg","contentUrl":"http:\/\/just-now.news\/de\/wp-content\/uploads\/sites\/3\/2022\/04\/logo500x500.jpg","width":500,"height":500,"caption":"Just Now News"},"image":{"@id":"https:\/\/now-news.de\/de\/#\/schema\/logo\/image\/"},"sameAs":["https:\/\/www.facebook.com\/wirmachenauf","https:\/\/x.com\/WirMachenAuf_de"]},{"@type":"Person","@id":"https:\/\/now-news.de\/de\/#\/schema\/person\/fb534a4e865501d8b3285208df34a9b5","name":"rtnews","image":{"@type":"ImageObject","inLanguage":"de","@id":"https:\/\/now-news.de\/de\/#\/schema\/person\/image\/","url":"https:\/\/secure.gravatar.com\/avatar\/82aafea7d8127119dd649515f56e2117?s=96&d=mm&r=g","contentUrl":"https:\/\/secure.gravatar.com\/avatar\/82aafea7d8127119dd649515f56e2117?s=96&d=mm&r=g","caption":"rtnews"},"url":"https:\/\/now-news.de\/de\/author\/rnews\/"}]}},"_links":{"self":[{"href":"https:\/\/now-news.de\/de\/wp-json\/wp\/v2\/posts\/51665"}],"collection":[{"href":"https:\/\/now-news.de\/de\/wp-json\/wp\/v2\/posts"}],"about":[{"href":"https:\/\/now-news.de\/de\/wp-json\/wp\/v2\/types\/post"}],"author":[{"embeddable":true,"href":"https:\/\/now-news.de\/de\/wp-json\/wp\/v2\/users\/3"}],"replies":[{"embeddable":true,"href":"https:\/\/now-news.de\/de\/wp-json\/wp\/v2\/comments?post=51665"}],"version-history":[{"count":0,"href":"https:\/\/now-news.de\/de\/wp-json\/wp\/v2\/posts\/51665\/revisions"}],"wp:featuredmedia":[{"embeddable":true,"href":"https:\/\/now-news.de\/de\/wp-json\/wp\/v2\/media\/51666"}],"wp:attachment":[{"href":"https:\/\/now-news.de\/de\/wp-json\/wp\/v2\/media?parent=51665"}],"wp:term":[{"taxonomy":"category","embeddable":true,"href":"https:\/\/now-news.de\/de\/wp-json\/wp\/v2\/categories?post=51665"},{"taxonomy":"post_tag","embeddable":true,"href":"https:\/\/now-news.de\/de\/wp-json\/wp\/v2\/tags?post=51665"}],"curies":[{"name":"wp","href":"https:\/\/api.w.org\/{rel}","templated":true}]}}