{"id":51661,"date":"2023-12-16T14:34:34","date_gmt":"2023-12-16T12:34:34","guid":{"rendered":"https:\/\/just-now.news\/de\/deutschland\/flugzeugunglueck-in-iran-kampfjet-vom-typ-su-22-stuerzt-im-sueden-des-landes-ab\/"},"modified":"2023-12-16T14:34:34","modified_gmt":"2023-12-16T12:34:34","slug":"flugzeugunglueck-in-iran-kampfjet-vom-typ-su-22-stuerzt-im-sueden-des-landes-ab","status":"publish","type":"post","link":"https:\/\/now-news.de\/de\/deutschland\/flugzeugunglueck-in-iran-kampfjet-vom-typ-su-22-stuerzt-im-sueden-des-landes-ab\/","title":{"rendered":"Flugzeugungl\u00fcck in Iran: Kampfjet vom Typ Su-22 st\u00fcrzt im S\u00fcden des Landes ab"},"content":{"rendered":"<p><img decoding=\"async\" src=\"http:\/\/just-now.news\/de\/wp-content\/uploads\/sites\/3\/2023\/12\/657d8a1248fbef37821793a6.jpg\" \/><\/p>\n<div class=\"Text-root Text-type_1 \">\n                In Iran ist es am Samstag zu einem Flugzeugungl\u00fcck gekommen. Bei der Maschine handelt es sich um ein Kampfflugzeug vom Typ Su-22. Die Beh\u00f6rden melden weder Todesopfer noch Verletzte. Der Pilot des verungl\u00fcckten Kampfjets soll rechtzeitig den Schleudersitz bet\u00e4tigt haben.\n            <\/div>\n<p><\/p>\n<div class=\"Text-root Text-type_5 ArticleView-text ViewText-root \">\n<p>Ein Kampfflugzeug der Armee der W\u00e4chter der Islamischen Revolution ist am Samstag im S\u00fcden Irans abgest\u00fcrzt. Nach Angaben der Nachrichtenagentur <em>Tasnim<\/em>\u00a0<a rel=\"nofollow noopener\" target=\"_blank\" href=\"https:\/\/www.tasnimnews.com\/en\/news\/2023\/12\/16\/3007324\/pilot-survives-after-military-plane-crashes-south-of-iran\">ereignete<\/a> sich das Ungl\u00fcck in der N\u00e4he des Sees Parischan unweit der Stadt K\u0101zer\u016bn. Demnach wurde der Absturz des Jagdflugzeuges vom Typ Su-22 durch ein technisches Problem verursacht. Die Nachrichtenagentur ver\u00f6ffentlichte ein Foto vom Absturzort.<\/p>\n<div class=\"EmbedBlock-root EmbedBlock-twitter\">\n<div class=\"TwitterEmbed\">\n<blockquote class=\"twitter-tweet lazyload\" data-twitter=\"twitter-tweet\">\n<p lang=\"en\" dir=\"ltr\">Military Jet Crashes Near Lake in Southern Iran Due to Technical Issue: OfficialA single-seater Su-22 military aircraft crashed near Lake Parishan in Kazeroon, southern <a rel=\"nofollow noopener\" target=\"_blank\" href=\"https:\/\/twitter.com\/hashtag\/Iran?src=hash&amp;ref_src=twsrc%5Etfw\">#Iran<\/a>, due to a technical issue. Fakhreddin Kashavarz, Director of Airports in Fars Province, confirmed the\u2026 <a rel=\"nofollow noopener\" target=\"_blank\" href=\"https:\/\/t.co\/b3lbUfRknc\">pic.twitter.com\/b3lbUfRknc<\/a><\/p>\n<p>\u2014 Tasnim News Agency (@Tasnimnews_EN) <a rel=\"nofollow noopener\" target=\"_blank\" href=\"https:\/\/twitter.com\/Tasnimnews_EN\/status\/1735963550105870610?ref_src=twsrc%5Etfw\">December 16, 2023<\/a><\/p><\/blockquote>\n<\/div>\n<\/div>\n<p>Fachreddin Keschavarz, der Direktor der Flugh\u00e4fen in der Provinz Fars, best\u00e4tigte den Vorfall. Er meldete weder Todesopfer noch Verletzte. Das Flugzeug sei auf ein milit\u00e4risches Gel\u00e4nde gest\u00fcrzt.<\/p>\n<p>Nach <em>Tasnim<\/em>-Informationen soll sich der Pilot aus dem Flugzeug katapultiert haben. Es war nicht das erste Ungl\u00fcck dieser Art in Iran. Im August 2022 und im September 2022 waren zwei Su-22 aus russischer Produktion in den Provinzen Fars und Hormozgan abgest\u00fcrzt.<\/p>\n<p><strong>Mehr zum Thema<\/strong> &#8211;\u00a0<a rel=\"nofollow noopener\" target=\"_blank\" href=\"https:\/\/freedert.online\/asien\/188672-japan-besorgt-dass-usa-seine\/\">Japan nach Absturz besorgt: Pentagon fliegt Osprey-Maschinen trotz Sicherheitsbedenken weiter<\/a><\/p>\n<\/div>\n<p><script async src=\"https:\/\/platform.twitter.com\/widgets.js\" charset=\"utf-8\"><\/script><br \/>\n<br \/><br \/>\n<br \/><a href=\"https:\/\/de.rt.com\/der-nahe-osten\/190071-flugzeugunglueck-in-iran-kampfjet-vom\/\">Source link <\/a><\/p>\n","protected":false},"excerpt":{"rendered":"<p>In Iran ist es am Samstag zu einem Flugzeugungl\u00fcck gekommen. Bei der Maschine handelt es sich um ein Kampfflugzeug vom Typ Su-22. Die Beh\u00f6rden melden weder Todesopfer noch Verletzte. Der Pilot des verungl\u00fcckten Kampfjets soll rechtzeitig den Schleudersitz bet\u00e4tigt haben. Ein Kampfflugzeug der Armee der W\u00e4chter der Islamischen Revolution ist am Samstag im S\u00fcden Irans [&hellip;]<\/p>\n","protected":false},"author":3,"featured_media":51662,"comment_status":"open","ping_status":"open","sticky":false,"template":"","format":"standard","meta":{"_yoast_indexnow_last_ping":["1702730510"],"wp_automatic_camp":["217"],"c7d61f472e3f4bf8b94410b64a03c9f0":["Flugzeugungl\u00fcck in Iran: Kampfjet vom Typ Su-22 st\u00fcrzt im S\u00fcden des Landes ab"],"original_link":["https:\/\/de.rt.com\/der-nahe-osten\/190071-flugzeugunglueck-in-iran-kampfjet-vom\/"],"_thumbnail_id":["51662"],"_wptgpro_p2tg_sent2tg":["a:1:{i:23737;s:19:\"2023-12-16 14:44:50\";}"],"jnews_social_counter_last_update":["1777623661"]},"categories":[19,23],"tags":[583,51654,1786,38276,1725,24847,51655,20317,39897,1010],"yoast_head":"<!-- This site is optimized with the Yoast SEO Premium plugin v22.7 (Yoast SEO v22.7) - https:\/\/yoast.com\/wordpress\/plugins\/seo\/ -->\n<title>Flugzeugungl\u00fcck in Iran: Kampfjet vom Typ Su-22 st\u00fcrzt im S\u00fcden des Landes ab - just-now.NEWS Deutschland<\/title>\n<meta name=\"robots\" content=\"index, follow, max-snippet:-1, max-image-preview:large, max-video-preview:-1\" \/>\n<link rel=\"canonical\" href=\"https:\/\/now-news.de\/de\/deutschland\/flugzeugunglueck-in-iran-kampfjet-vom-typ-su-22-stuerzt-im-sueden-des-landes-ab\/\" \/>\n<meta property=\"og:locale\" content=\"de_DE\" \/>\n<meta property=\"og:type\" content=\"article\" \/>\n<meta property=\"og:title\" content=\"Flugzeugungl\u00fcck in Iran: Kampfjet vom Typ Su-22 st\u00fcrzt im S\u00fcden des Landes ab\" \/>\n<meta property=\"og:description\" content=\"In Iran ist es am Samstag zu einem Flugzeugungl\u00fcck gekommen. Bei der Maschine handelt es sich um ein Kampfflugzeug vom Typ Su-22. Die Beh\u00f6rden melden weder Todesopfer noch Verletzte. Der Pilot des verungl\u00fcckten Kampfjets soll rechtzeitig den Schleudersitz bet\u00e4tigt haben. Ein Kampfflugzeug der Armee der W\u00e4chter der Islamischen Revolution ist am Samstag im S\u00fcden Irans [&hellip;]\" \/>\n<meta property=\"og:url\" content=\"https:\/\/now-news.de\/de\/deutschland\/flugzeugunglueck-in-iran-kampfjet-vom-typ-su-22-stuerzt-im-sueden-des-landes-ab\/\" \/>\n<meta property=\"og:site_name\" content=\"just-now.NEWS Deutschland\" \/>\n<meta property=\"article:publisher\" content=\"https:\/\/www.facebook.com\/wirmachenauf\" \/>\n<meta property=\"article:published_time\" content=\"2023-12-16T12:34:34+00:00\" \/>\n<meta property=\"og:image\" content=\"https:\/\/now-news.de\/de\/wp-content\/uploads\/sites\/3\/2023\/12\/Flugzeugunglueck-in-Iran-Kampfjet-vom-Typ-Su-22-stuerzt-im-Sueden.jpg\" \/>\n\t<meta property=\"og:image:width\" content=\"460\" \/>\n\t<meta property=\"og:image:height\" content=\"259\" \/>\n\t<meta property=\"og:image:type\" content=\"image\/jpeg\" \/>\n<meta name=\"author\" content=\"rtnews\" \/>\n<meta name=\"twitter:card\" content=\"summary_large_image\" \/>\n<meta name=\"twitter:creator\" content=\"@WirMachenAuf_de\" \/>\n<meta name=\"twitter:site\" content=\"@WirMachenAuf_de\" \/>\n<meta name=\"twitter:label1\" content=\"Verfasst von\" \/>\n\t<meta name=\"twitter:data1\" content=\"rtnews\" \/>\n\t<meta name=\"twitter:label2\" content=\"Gesch\u00e4tzte Lesezeit\" \/>\n\t<meta name=\"twitter:data2\" content=\"1\u00a0Minute\" \/>\n<script type=\"application\/ld+json\" class=\"yoast-schema-graph\">{\"@context\":\"https:\/\/schema.org\",\"@graph\":[{\"@type\":\"Article\",\"@id\":\"https:\/\/now-news.de\/de\/deutschland\/flugzeugunglueck-in-iran-kampfjet-vom-typ-su-22-stuerzt-im-sueden-des-landes-ab\/#article\",\"isPartOf\":{\"@id\":\"https:\/\/now-news.de\/de\/deutschland\/flugzeugunglueck-in-iran-kampfjet-vom-typ-su-22-stuerzt-im-sueden-des-landes-ab\/\"},\"author\":{\"name\":\"rtnews\",\"@id\":\"https:\/\/now-news.de\/de\/#\/schema\/person\/fb534a4e865501d8b3285208df34a9b5\"},\"headline\":\"Flugzeugungl\u00fcck in Iran: Kampfjet vom Typ Su-22 st\u00fcrzt im S\u00fcden des Landes ab\",\"datePublished\":\"2023-12-16T12:34:34+00:00\",\"dateModified\":\"2023-12-16T12:34:34+00:00\",\"mainEntityOfPage\":{\"@id\":\"https:\/\/now-news.de\/de\/deutschland\/flugzeugunglueck-in-iran-kampfjet-vom-typ-su-22-stuerzt-im-sueden-des-landes-ab\/\"},\"wordCount\":265,\"commentCount\":0,\"publisher\":{\"@id\":\"https:\/\/now-news.de\/de\/#organization\"},\"image\":{\"@id\":\"https:\/\/now-news.de\/de\/deutschland\/flugzeugunglueck-in-iran-kampfjet-vom-typ-su-22-stuerzt-im-sueden-des-landes-ab\/#primaryimage\"},\"thumbnailUrl\":\"https:\/\/now-news.de\/de\/wp-content\/uploads\/sites\/3\/2023\/12\/Flugzeugunglueck-in-Iran-Kampfjet-vom-Typ-Su-22-stuerzt-im-Sueden.jpg\",\"keywords\":[\"des\",\"Flugzeugungl\u00fcck\",\"Iran\",\"Kampfjet\",\"Landes\",\"st\u00fcrzt\",\"Su22\",\"S\u00fcden\",\"Typ\",\"vom\"],\"articleSection\":[\"Deutschland\",\"Russland\"],\"inLanguage\":\"de\",\"potentialAction\":[{\"@type\":\"CommentAction\",\"name\":\"Comment\",\"target\":[\"https:\/\/now-news.de\/de\/deutschland\/flugzeugunglueck-in-iran-kampfjet-vom-typ-su-22-stuerzt-im-sueden-des-landes-ab\/#respond\"]}]},{\"@type\":\"WebPage\",\"@id\":\"https:\/\/now-news.de\/de\/deutschland\/flugzeugunglueck-in-iran-kampfjet-vom-typ-su-22-stuerzt-im-sueden-des-landes-ab\/\",\"url\":\"https:\/\/now-news.de\/de\/deutschland\/flugzeugunglueck-in-iran-kampfjet-vom-typ-su-22-stuerzt-im-sueden-des-landes-ab\/\",\"name\":\"Flugzeugungl\u00fcck in Iran: Kampfjet vom Typ Su-22 st\u00fcrzt im S\u00fcden des Landes ab - just-now.NEWS Deutschland\",\"isPartOf\":{\"@id\":\"https:\/\/now-news.de\/de\/#website\"},\"primaryImageOfPage\":{\"@id\":\"https:\/\/now-news.de\/de\/deutschland\/flugzeugunglueck-in-iran-kampfjet-vom-typ-su-22-stuerzt-im-sueden-des-landes-ab\/#primaryimage\"},\"image\":{\"@id\":\"https:\/\/now-news.de\/de\/deutschland\/flugzeugunglueck-in-iran-kampfjet-vom-typ-su-22-stuerzt-im-sueden-des-landes-ab\/#primaryimage\"},\"thumbnailUrl\":\"https:\/\/now-news.de\/de\/wp-content\/uploads\/sites\/3\/2023\/12\/Flugzeugunglueck-in-Iran-Kampfjet-vom-Typ-Su-22-stuerzt-im-Sueden.jpg\",\"datePublished\":\"2023-12-16T12:34:34+00:00\",\"dateModified\":\"2023-12-16T12:34:34+00:00\",\"breadcrumb\":{\"@id\":\"https:\/\/now-news.de\/de\/deutschland\/flugzeugunglueck-in-iran-kampfjet-vom-typ-su-22-stuerzt-im-sueden-des-landes-ab\/#breadcrumb\"},\"inLanguage\":\"de\",\"potentialAction\":[{\"@type\":\"ReadAction\",\"target\":[\"https:\/\/now-news.de\/de\/deutschland\/flugzeugunglueck-in-iran-kampfjet-vom-typ-su-22-stuerzt-im-sueden-des-landes-ab\/\"]}]},{\"@type\":\"ImageObject\",\"inLanguage\":\"de\",\"@id\":\"https:\/\/now-news.de\/de\/deutschland\/flugzeugunglueck-in-iran-kampfjet-vom-typ-su-22-stuerzt-im-sueden-des-landes-ab\/#primaryimage\",\"url\":\"https:\/\/now-news.de\/de\/wp-content\/uploads\/sites\/3\/2023\/12\/Flugzeugunglueck-in-Iran-Kampfjet-vom-Typ-Su-22-stuerzt-im-Sueden.jpg\",\"contentUrl\":\"https:\/\/now-news.de\/de\/wp-content\/uploads\/sites\/3\/2023\/12\/Flugzeugunglueck-in-Iran-Kampfjet-vom-Typ-Su-22-stuerzt-im-Sueden.jpg\",\"width\":460,\"height\":259,\"caption\":\"Flugzeugungl\u00fcck in Iran: Kampfjet vom Typ Su-22 st\u00fcrzt im S\u00fcden des Landes ab\"},{\"@type\":\"BreadcrumbList\",\"@id\":\"https:\/\/now-news.de\/de\/deutschland\/flugzeugunglueck-in-iran-kampfjet-vom-typ-su-22-stuerzt-im-sueden-des-landes-ab\/#breadcrumb\",\"itemListElement\":[{\"@type\":\"ListItem\",\"position\":1,\"name\":\"Home\",\"item\":\"https:\/\/now-news.de\/de\/\"},{\"@type\":\"ListItem\",\"position\":2,\"name\":\"Flugzeugungl\u00fcck in Iran: Kampfjet vom Typ Su-22 st\u00fcrzt im S\u00fcden des Landes ab\"}]},{\"@type\":\"WebSite\",\"@id\":\"https:\/\/now-news.de\/de\/#website\",\"url\":\"https:\/\/now-news.de\/de\/\",\"name\":\"just-now.NEWS Deutschland\",\"description\":\"Das Portal f\u00fcr unzensierte Nachrichten aus der Welt\",\"publisher\":{\"@id\":\"https:\/\/now-news.de\/de\/#organization\"},\"potentialAction\":[{\"@type\":\"SearchAction\",\"target\":{\"@type\":\"EntryPoint\",\"urlTemplate\":\"https:\/\/now-news.de\/de\/?s={search_term_string}\"},\"query-input\":\"required name=search_term_string\"}],\"inLanguage\":\"de\"},{\"@type\":\"Organization\",\"@id\":\"https:\/\/now-news.de\/de\/#organization\",\"name\":\"Just Now News\",\"url\":\"https:\/\/now-news.de\/de\/\",\"logo\":{\"@type\":\"ImageObject\",\"inLanguage\":\"de\",\"@id\":\"https:\/\/now-news.de\/de\/#\/schema\/logo\/image\/\",\"url\":\"http:\/\/just-now.news\/de\/wp-content\/uploads\/sites\/3\/2022\/04\/logo500x500.jpg\",\"contentUrl\":\"http:\/\/just-now.news\/de\/wp-content\/uploads\/sites\/3\/2022\/04\/logo500x500.jpg\",\"width\":500,\"height\":500,\"caption\":\"Just Now News\"},\"image\":{\"@id\":\"https:\/\/now-news.de\/de\/#\/schema\/logo\/image\/\"},\"sameAs\":[\"https:\/\/www.facebook.com\/wirmachenauf\",\"https:\/\/x.com\/WirMachenAuf_de\"]},{\"@type\":\"Person\",\"@id\":\"https:\/\/now-news.de\/de\/#\/schema\/person\/fb534a4e865501d8b3285208df34a9b5\",\"name\":\"rtnews\",\"image\":{\"@type\":\"ImageObject\",\"inLanguage\":\"de\",\"@id\":\"https:\/\/now-news.de\/de\/#\/schema\/person\/image\/\",\"url\":\"https:\/\/secure.gravatar.com\/avatar\/82aafea7d8127119dd649515f56e2117?s=96&d=mm&r=g\",\"contentUrl\":\"https:\/\/secure.gravatar.com\/avatar\/82aafea7d8127119dd649515f56e2117?s=96&d=mm&r=g\",\"caption\":\"rtnews\"},\"url\":\"https:\/\/now-news.de\/de\/author\/rnews\/\"}]}<\/script>\n<!-- \/ Yoast SEO Premium plugin. -->","yoast_head_json":{"title":"Flugzeugungl\u00fcck in Iran: Kampfjet vom Typ Su-22 st\u00fcrzt im S\u00fcden des Landes ab - just-now.NEWS Deutschland","robots":{"index":"index","follow":"follow","max-snippet":"max-snippet:-1","max-image-preview":"max-image-preview:large","max-video-preview":"max-video-preview:-1"},"canonical":"https:\/\/now-news.de\/de\/deutschland\/flugzeugunglueck-in-iran-kampfjet-vom-typ-su-22-stuerzt-im-sueden-des-landes-ab\/","og_locale":"de_DE","og_type":"article","og_title":"Flugzeugungl\u00fcck in Iran: Kampfjet vom Typ Su-22 st\u00fcrzt im S\u00fcden des Landes ab","og_description":"In Iran ist es am Samstag zu einem Flugzeugungl\u00fcck gekommen. Bei der Maschine handelt es sich um ein Kampfflugzeug vom Typ Su-22. Die Beh\u00f6rden melden weder Todesopfer noch Verletzte. Der Pilot des verungl\u00fcckten Kampfjets soll rechtzeitig den Schleudersitz bet\u00e4tigt haben. Ein Kampfflugzeug der Armee der W\u00e4chter der Islamischen Revolution ist am Samstag im S\u00fcden Irans [&hellip;]","og_url":"https:\/\/now-news.de\/de\/deutschland\/flugzeugunglueck-in-iran-kampfjet-vom-typ-su-22-stuerzt-im-sueden-des-landes-ab\/","og_site_name":"just-now.NEWS Deutschland","article_publisher":"https:\/\/www.facebook.com\/wirmachenauf","article_published_time":"2023-12-16T12:34:34+00:00","og_image":[{"width":460,"height":259,"url":"https:\/\/now-news.de\/de\/wp-content\/uploads\/sites\/3\/2023\/12\/Flugzeugunglueck-in-Iran-Kampfjet-vom-Typ-Su-22-stuerzt-im-Sueden.jpg","type":"image\/jpeg"}],"author":"rtnews","twitter_card":"summary_large_image","twitter_creator":"@WirMachenAuf_de","twitter_site":"@WirMachenAuf_de","twitter_misc":{"Verfasst von":"rtnews","Gesch\u00e4tzte Lesezeit":"1\u00a0Minute"},"schema":{"@context":"https:\/\/schema.org","@graph":[{"@type":"Article","@id":"https:\/\/now-news.de\/de\/deutschland\/flugzeugunglueck-in-iran-kampfjet-vom-typ-su-22-stuerzt-im-sueden-des-landes-ab\/#article","isPartOf":{"@id":"https:\/\/now-news.de\/de\/deutschland\/flugzeugunglueck-in-iran-kampfjet-vom-typ-su-22-stuerzt-im-sueden-des-landes-ab\/"},"author":{"name":"rtnews","@id":"https:\/\/now-news.de\/de\/#\/schema\/person\/fb534a4e865501d8b3285208df34a9b5"},"headline":"Flugzeugungl\u00fcck in Iran: Kampfjet vom Typ Su-22 st\u00fcrzt im S\u00fcden des Landes ab","datePublished":"2023-12-16T12:34:34+00:00","dateModified":"2023-12-16T12:34:34+00:00","mainEntityOfPage":{"@id":"https:\/\/now-news.de\/de\/deutschland\/flugzeugunglueck-in-iran-kampfjet-vom-typ-su-22-stuerzt-im-sueden-des-landes-ab\/"},"wordCount":265,"commentCount":0,"publisher":{"@id":"https:\/\/now-news.de\/de\/#organization"},"image":{"@id":"https:\/\/now-news.de\/de\/deutschland\/flugzeugunglueck-in-iran-kampfjet-vom-typ-su-22-stuerzt-im-sueden-des-landes-ab\/#primaryimage"},"thumbnailUrl":"https:\/\/now-news.de\/de\/wp-content\/uploads\/sites\/3\/2023\/12\/Flugzeugunglueck-in-Iran-Kampfjet-vom-Typ-Su-22-stuerzt-im-Sueden.jpg","keywords":["des","Flugzeugungl\u00fcck","Iran","Kampfjet","Landes","st\u00fcrzt","Su22","S\u00fcden","Typ","vom"],"articleSection":["Deutschland","Russland"],"inLanguage":"de","potentialAction":[{"@type":"CommentAction","name":"Comment","target":["https:\/\/now-news.de\/de\/deutschland\/flugzeugunglueck-in-iran-kampfjet-vom-typ-su-22-stuerzt-im-sueden-des-landes-ab\/#respond"]}]},{"@type":"WebPage","@id":"https:\/\/now-news.de\/de\/deutschland\/flugzeugunglueck-in-iran-kampfjet-vom-typ-su-22-stuerzt-im-sueden-des-landes-ab\/","url":"https:\/\/now-news.de\/de\/deutschland\/flugzeugunglueck-in-iran-kampfjet-vom-typ-su-22-stuerzt-im-sueden-des-landes-ab\/","name":"Flugzeugungl\u00fcck in Iran: Kampfjet vom Typ Su-22 st\u00fcrzt im S\u00fcden des Landes ab - just-now.NEWS Deutschland","isPartOf":{"@id":"https:\/\/now-news.de\/de\/#website"},"primaryImageOfPage":{"@id":"https:\/\/now-news.de\/de\/deutschland\/flugzeugunglueck-in-iran-kampfjet-vom-typ-su-22-stuerzt-im-sueden-des-landes-ab\/#primaryimage"},"image":{"@id":"https:\/\/now-news.de\/de\/deutschland\/flugzeugunglueck-in-iran-kampfjet-vom-typ-su-22-stuerzt-im-sueden-des-landes-ab\/#primaryimage"},"thumbnailUrl":"https:\/\/now-news.de\/de\/wp-content\/uploads\/sites\/3\/2023\/12\/Flugzeugunglueck-in-Iran-Kampfjet-vom-Typ-Su-22-stuerzt-im-Sueden.jpg","datePublished":"2023-12-16T12:34:34+00:00","dateModified":"2023-12-16T12:34:34+00:00","breadcrumb":{"@id":"https:\/\/now-news.de\/de\/deutschland\/flugzeugunglueck-in-iran-kampfjet-vom-typ-su-22-stuerzt-im-sueden-des-landes-ab\/#breadcrumb"},"inLanguage":"de","potentialAction":[{"@type":"ReadAction","target":["https:\/\/now-news.de\/de\/deutschland\/flugzeugunglueck-in-iran-kampfjet-vom-typ-su-22-stuerzt-im-sueden-des-landes-ab\/"]}]},{"@type":"ImageObject","inLanguage":"de","@id":"https:\/\/now-news.de\/de\/deutschland\/flugzeugunglueck-in-iran-kampfjet-vom-typ-su-22-stuerzt-im-sueden-des-landes-ab\/#primaryimage","url":"https:\/\/now-news.de\/de\/wp-content\/uploads\/sites\/3\/2023\/12\/Flugzeugunglueck-in-Iran-Kampfjet-vom-Typ-Su-22-stuerzt-im-Sueden.jpg","contentUrl":"https:\/\/now-news.de\/de\/wp-content\/uploads\/sites\/3\/2023\/12\/Flugzeugunglueck-in-Iran-Kampfjet-vom-Typ-Su-22-stuerzt-im-Sueden.jpg","width":460,"height":259,"caption":"Flugzeugungl\u00fcck in Iran: Kampfjet vom Typ Su-22 st\u00fcrzt im S\u00fcden des Landes ab"},{"@type":"BreadcrumbList","@id":"https:\/\/now-news.de\/de\/deutschland\/flugzeugunglueck-in-iran-kampfjet-vom-typ-su-22-stuerzt-im-sueden-des-landes-ab\/#breadcrumb","itemListElement":[{"@type":"ListItem","position":1,"name":"Home","item":"https:\/\/now-news.de\/de\/"},{"@type":"ListItem","position":2,"name":"Flugzeugungl\u00fcck in Iran: Kampfjet vom Typ Su-22 st\u00fcrzt im S\u00fcden des Landes ab"}]},{"@type":"WebSite","@id":"https:\/\/now-news.de\/de\/#website","url":"https:\/\/now-news.de\/de\/","name":"just-now.NEWS Deutschland","description":"Das Portal f\u00fcr unzensierte Nachrichten aus der Welt","publisher":{"@id":"https:\/\/now-news.de\/de\/#organization"},"potentialAction":[{"@type":"SearchAction","target":{"@type":"EntryPoint","urlTemplate":"https:\/\/now-news.de\/de\/?s={search_term_string}"},"query-input":"required name=search_term_string"}],"inLanguage":"de"},{"@type":"Organization","@id":"https:\/\/now-news.de\/de\/#organization","name":"Just Now News","url":"https:\/\/now-news.de\/de\/","logo":{"@type":"ImageObject","inLanguage":"de","@id":"https:\/\/now-news.de\/de\/#\/schema\/logo\/image\/","url":"http:\/\/just-now.news\/de\/wp-content\/uploads\/sites\/3\/2022\/04\/logo500x500.jpg","contentUrl":"http:\/\/just-now.news\/de\/wp-content\/uploads\/sites\/3\/2022\/04\/logo500x500.jpg","width":500,"height":500,"caption":"Just Now News"},"image":{"@id":"https:\/\/now-news.de\/de\/#\/schema\/logo\/image\/"},"sameAs":["https:\/\/www.facebook.com\/wirmachenauf","https:\/\/x.com\/WirMachenAuf_de"]},{"@type":"Person","@id":"https:\/\/now-news.de\/de\/#\/schema\/person\/fb534a4e865501d8b3285208df34a9b5","name":"rtnews","image":{"@type":"ImageObject","inLanguage":"de","@id":"https:\/\/now-news.de\/de\/#\/schema\/person\/image\/","url":"https:\/\/secure.gravatar.com\/avatar\/82aafea7d8127119dd649515f56e2117?s=96&d=mm&r=g","contentUrl":"https:\/\/secure.gravatar.com\/avatar\/82aafea7d8127119dd649515f56e2117?s=96&d=mm&r=g","caption":"rtnews"},"url":"https:\/\/now-news.de\/de\/author\/rnews\/"}]}},"_links":{"self":[{"href":"https:\/\/now-news.de\/de\/wp-json\/wp\/v2\/posts\/51661"}],"collection":[{"href":"https:\/\/now-news.de\/de\/wp-json\/wp\/v2\/posts"}],"about":[{"href":"https:\/\/now-news.de\/de\/wp-json\/wp\/v2\/types\/post"}],"author":[{"embeddable":true,"href":"https:\/\/now-news.de\/de\/wp-json\/wp\/v2\/users\/3"}],"replies":[{"embeddable":true,"href":"https:\/\/now-news.de\/de\/wp-json\/wp\/v2\/comments?post=51661"}],"version-history":[{"count":0,"href":"https:\/\/now-news.de\/de\/wp-json\/wp\/v2\/posts\/51661\/revisions"}],"wp:featuredmedia":[{"embeddable":true,"href":"https:\/\/now-news.de\/de\/wp-json\/wp\/v2\/media\/51662"}],"wp:attachment":[{"href":"https:\/\/now-news.de\/de\/wp-json\/wp\/v2\/media?parent=51661"}],"wp:term":[{"taxonomy":"category","embeddable":true,"href":"https:\/\/now-news.de\/de\/wp-json\/wp\/v2\/categories?post=51661"},{"taxonomy":"post_tag","embeddable":true,"href":"https:\/\/now-news.de\/de\/wp-json\/wp\/v2\/tags?post=51661"}],"curies":[{"name":"wp","href":"https:\/\/api.w.org\/{rel}","templated":true}]}}