{"id":51637,"date":"2023-12-15T22:22:31","date_gmt":"2023-12-15T20:22:31","guid":{"rendered":"https:\/\/just-now.news\/de\/deutschland\/frau-baerbock-hat-geburtstag-ein-glueckwunsch\/"},"modified":"2023-12-15T22:22:31","modified_gmt":"2023-12-15T20:22:31","slug":"frau-baerbock-hat-geburtstag-ein-glueckwunsch","status":"publish","type":"post","link":"https:\/\/now-news.de\/de\/deutschland\/frau-baerbock-hat-geburtstag-ein-glueckwunsch\/","title":{"rendered":"Frau Baerbock hat Geburtstag \u2013 ein Gl\u00fcckwunsch"},"content":{"rendered":"<p><img decoding=\"async\" src=\"http:\/\/just-now.news\/de\/wp-content\/uploads\/sites\/3\/2023\/12\/657c731348fbef34647dddd7.jpg\" \/><\/p>\n<div class=\"Text-root Text-type_1 \">\n                Einmal im Jahr trifft es jeden von uns, heute die deutsche Au\u00dfenministerin: Sie hat Geburtstag. Wir w\u00fcnschen alles Gute und nehmen den Festtag zum Anlass f\u00fcr einen R\u00fcckblick auf zwei Jahre au\u00dfenpolitische und diplomatische H\u00f6chstleistungen im Dienste Deutschlands \u2013 und der ganzen Welt.\n            <\/div>\n<p><\/p>\n<div class=\"Text-root Text-type_5 ArticleView-text ViewText-root \">\n<p><em>Von Gert Ewen Ungar<\/em><\/p>\n<p>Viel ist nicht bekannt \u00fcber die Biographie der deutschen Au\u00dfenministerin. Und bei dem, was bekannt ist, ist nicht ganz klar, ob es sich Annalena Baerbock nicht selbst ausgedacht hat. Annalena Baerbock pflegt ein recht kreatives Verh\u00e4ltnis zum eigenen Lebenslauf. Als relativ gesichert gilt ihr Geburtsdatum. Annalena Baerbock erblickte am 15. Dezember 1980 das Licht der Welt. Das hei\u00dft, sie hat heute Geburtstag \u2013 und das politische Berlin gratuliert ihr. Unter den Gratulanten ist auch der Bundesminister f\u00fcr Gesundheit Karl Lauterbach. In einem Tweet \u00fcbersandte er seine Gl\u00fcckw\u00fcnsche.\u00a0<\/p>\n<div class=\"EmbedBlock-root EmbedBlock-twitter\">\n<div class=\"TwitterEmbed\">\n<blockquote class=\"twitter-tweet lazyload\" data-twitter=\"twitter-tweet\">\n<p lang=\"de\" dir=\"ltr\">Herzlichen Gl\u00fcckwunsch zum Geburtstag, liebe Annalena. <a rel=\"nofollow noopener\" target=\"_blank\" href=\"https:\/\/t.co\/2dUfIoTVW5\">pic.twitter.com\/2dUfIoTVW5<\/a><\/p>\n<p>\u2014 Prof. Karl Lauterbach (@Karl_Lauterbach) <a rel=\"nofollow noopener\" target=\"_blank\" href=\"https:\/\/twitter.com\/Karl_Lauterbach\/status\/1735593893041672304?ref_src=twsrc%5Etfw\">December 15, 2023<\/a><\/p><\/blockquote>\n<\/div>\n<\/div>\n<p>Die Kommentatoren lenken mit abf\u00e4lligen\u00a0Einw\u00fcrfen von dem f\u00fcr die Begl\u00fcckw\u00fcnschte so bedeutenden Tag ab. Das ist nat\u00fcrlich zu verurteilen. Unter anderem geht es um die F\u00fc\u00dfe der Au\u00dfenministerin. Auf dem Klimagipfel in Dubai hatte sie zwar nicht viel zu sagen, wohl aber ein gro\u00dfes Laufpensum zu bew\u00e4ltigen. Sie postete ein Foto auf dem Kurznachrichtendienst X, auf dem sie ihren wundgelaufenen Fu\u00df pr\u00e4sentierte.<\/p>\n<p>Das Foto landete prompt auf einer Seite f\u00fcr Fu\u00dffetischisten, was ebenso prompt die Runde machte und f\u00fcr H\u00e4me sorgte. Das ist nat\u00fcrlich unfair und wird den herausragenden au\u00dfenpolitischen und diplomatischen Leistungen der von uns liebevoll Au\u00dfen-Lena genannten Pers\u00f6nlichkeit des Ausw\u00e4rtigen nicht gerecht.<\/p>\n<p>Sie folgte auf Heiko Maas (SPD), den ersten echten deutschen Au\u00dfen-Heiko. Man dachte damals, schlimmer k\u00f6nne es nicht kommen. Doch dann kam Annalena und bewies das Gegenteil. Schlimmer geht immer, ist eine alte Weisheit, die auch im au\u00dfenpolitischen Kontext greift.<\/p>\n<p>Baerbock hatte sich von Anbeginn hohe Ziele gesetzt. Sie wollte die Au\u00dfenpolitik neu erfinden, feministischer machen und viel weniger diplomatisch. Dieses immer nur Drumherumreden und diese \u00fcbertriebene R\u00fccksichtnahme sind doch nur l\u00e4stig. Annalena mag alles gern auf den Punkt bringen. Immer kr\u00e4ftig drauf los, dem Gegen\u00fcber die deutsche Meinung direkt ins Gesicht gegeigt \u2013 das ist seitdem der Goldstandard deutscher Diplomatie.\u00a0\u00a0<\/p>\n<p>Dieses Prinzip neuer deutscher Offenheit implementierte Baerbock unmittelbar nach Aufnahme ihrer diplomatischen T\u00e4tigkeit bei ihrem Antrittsbesuch in Russland, wo sie in einer gemeinsamen Pressekonferenz mit ihrem russischen Amtskollegen Sergei Lawrow wortw\u00f6rtlich die &#8220;Fressefreiheit&#8221; in Russland anmahnte. Das hat Moskau derart beeindruckt, dass\u00a0das deutsche Au\u00dfen-Lenchen\u00a0nie wieder nach Russland eingeladen wurde.<\/p>\n<p>Allerdings l\u00e4sst Annalena dennoch nicht locker und macht dem russischen Au\u00dfenminister bei jedem internationalen Zusammentreffen eine Szene vor versammeltem diplomatischem Publikum. &#8220;Russland k\u00f6nnte den Krieg in der Ukraine jederzeit beenden, indem es seine Truppen abzieht&#8221;, wiederholte sie bereits bei mehreren Gelegenheiten auf internationalen Ministertreffen und hob damit deutsche Au\u00dfenpolitik auch intellektuell auf ein neues Niveau.<\/p>\n<p>Man muss gar nicht lange nach den Ursachen f\u00fcr einen Konflikt suchen, sich m\u00fchsam um einen Ausgleich der Interessen bem\u00fchen, sondern kann sofort die L\u00f6sung pr\u00e4sentieren: Verzieht euch einfach. Man kann sich sicher sein, das beeindruckt nicht nur Lawrow, sondern alle Diplomaten in allen L\u00e4ndern der Welt.\u00a0<\/p>\n<p>W\u00e4hrend sie Lawrow auffordert, das Bomben in der Ukraine zu beenden, hat Baerbock absolutes Verst\u00e4ndnis daf\u00fcr, dass Israel ohne jede R\u00fccksichtnahme auf Zivilisten in Gaza alles platt macht, was man dort platt machen kann. Ihren Kritikern, die darin doppelte Standards sehen, entgegnet die auf Kosten von uns Steuerzahlern stets gut zurechtgemachte deutsche Au\u00dfenministerin: &#8220;Was wollt ihr jetzt eigentlich? Is&#8217; regelbasierte Ordnung. Is&#8217; halt so.&#8221;<\/p>\n<p>Was Au\u00dfen-Lenchen in lediglich zwei Jahren Amtszeit geschafft hat, ist immerhin die nahezu v\u00f6llige Isolation Deutschlands. Das ist schon beachtlich und verdient Respekt. Der Bundespr\u00e4sident auf Staatsbesuch in Katar wird nach der Landung auf dem Rollfeld einfach vergessen, aber auch Baerbock wird nicht immer p\u00fcnktlich abgeholt, der Bundeskanzler spricht vor der halbleeren UN-Generalversammlung und niemanden interessiert&#8217;s, aber auch Baerbocks Pressekonferenz zum Abschluss des Klimagipfels in Dubai kann nicht gerade als gut besucht gelten. In einem Video, das in den sozialen Netzwerken kursiert, sieht man vor allem eines: leere St\u00fchle.\u00a0<\/p>\n<p>Man mag einwenden, dass sie den au\u00dfenpolitischen Absturz Deutschlands nicht ganz allein bewirkt hat. Das ist wahr. Sie genoss dabei die tatkr\u00e4ftige Unterst\u00fctzung nicht nur ihrer Kollegen aus der &#8220;Ampel&#8221;-Koalition, sondern auch von einzelnen Abgeordneten der &#8220;Opposition&#8221;. Dennoch ist ihr pers\u00f6nlicher Anteil deutlich erkennbar. Und seien wir doch mal ehrlich: Uns allen hat sie dabei viel, viel Spa\u00df bereitet.\u00a0<\/p>\n<p>In diesem Sinne: Weiter so! Diplomatie war v\u00f6llig \u00fcberbewertet. Alles Gute, Frau Ministerin! Bleiben Sie, wie Sie sind. Und lassen Sie sich blo\u00df nicht um 360 Grad drehen.<\/p>\n<p><strong>Mehr zum Thema<\/strong>\u00a0\u2013 <a rel=\"nofollow noopener\" target=\"_blank\" href=\"https:\/\/fromrussiawithlove.rtde.live\/kurzclips\/video\/173461-gragressor-beim-namen-nennen-baerbock\/\">&#8220;Den &#8220;Gragressor&#8221; beim Namen nennen&#8221; \u2013 Baerbock blamiert sich erneut mit peinlichem Versprecher<\/a><\/p>\n<\/div>\n<p><script async src=\"https:\/\/platform.twitter.com\/widgets.js\" charset=\"utf-8\"><\/script><br \/>\n<br \/><br \/>\n<br \/><a href=\"https:\/\/de.rt.com\/meinung\/190014-herzlichen-glueckwunsch-zum-geburtstag-lenchen\/\">Source link <\/a><\/p>\n","protected":false},"excerpt":{"rendered":"<p>Einmal im Jahr trifft es jeden von uns, heute die deutsche Au\u00dfenministerin: Sie hat Geburtstag. Wir w\u00fcnschen alles Gute und nehmen den Festtag zum Anlass f\u00fcr einen R\u00fcckblick auf zwei Jahre au\u00dfenpolitische und diplomatische H\u00f6chstleistungen im Dienste Deutschlands \u2013 und der ganzen Welt. Von Gert Ewen Ungar Viel ist nicht bekannt \u00fcber die Biographie der [&hellip;]<\/p>\n","protected":false},"author":3,"featured_media":51638,"comment_status":"open","ping_status":"open","sticky":false,"template":"","format":"standard","meta":{"_yoast_indexnow_last_ping":["1702671893"],"wp_automatic_camp":["217"],"d5afaa830784545bf800fd1b61addb99":["Frau Baerbock hat Geburtstag \u2013 ein Gl\u00fcckwunsch"],"original_link":["https:\/\/de.rt.com\/meinung\/190014-herzlichen-glueckwunsch-zum-geburtstag-lenchen\/"],"_thumbnail_id":["51638"],"_wptgpro_p2tg_sent2tg":["a:1:{i:23737;s:19:\"2023-12-15 22:25:59\";}"],"jnews_social_counter_last_update":["1777081760"]},"categories":[19,23],"tags":[587,357,5464,31647,51640,423],"yoast_head":"<!-- This site is optimized with the Yoast SEO Premium plugin v22.7 (Yoast SEO v22.7) - https:\/\/yoast.com\/wordpress\/plugins\/seo\/ -->\n<title>Frau Baerbock hat Geburtstag \u2013 ein Gl\u00fcckwunsch - just-now.NEWS Deutschland<\/title>\n<meta name=\"robots\" content=\"index, follow, max-snippet:-1, max-image-preview:large, max-video-preview:-1\" \/>\n<link rel=\"canonical\" href=\"https:\/\/now-news.de\/de\/deutschland\/frau-baerbock-hat-geburtstag-ein-glueckwunsch\/\" \/>\n<meta property=\"og:locale\" content=\"de_DE\" \/>\n<meta property=\"og:type\" content=\"article\" \/>\n<meta property=\"og:title\" content=\"Frau Baerbock hat Geburtstag \u2013 ein Gl\u00fcckwunsch\" \/>\n<meta property=\"og:description\" content=\"Einmal im Jahr trifft es jeden von uns, heute die deutsche Au\u00dfenministerin: Sie hat Geburtstag. Wir w\u00fcnschen alles Gute und nehmen den Festtag zum Anlass f\u00fcr einen R\u00fcckblick auf zwei Jahre au\u00dfenpolitische und diplomatische H\u00f6chstleistungen im Dienste Deutschlands \u2013 und der ganzen Welt. Von Gert Ewen Ungar Viel ist nicht bekannt \u00fcber die Biographie der [&hellip;]\" \/>\n<meta property=\"og:url\" content=\"https:\/\/now-news.de\/de\/deutschland\/frau-baerbock-hat-geburtstag-ein-glueckwunsch\/\" \/>\n<meta property=\"og:site_name\" content=\"just-now.NEWS Deutschland\" \/>\n<meta property=\"article:publisher\" content=\"https:\/\/www.facebook.com\/wirmachenauf\" \/>\n<meta property=\"article:published_time\" content=\"2023-12-15T20:22:31+00:00\" \/>\n<meta property=\"og:image\" content=\"https:\/\/now-news.de\/de\/wp-content\/uploads\/sites\/3\/2023\/12\/Frau-Baerbock-hat-Geburtstag-\u2013-ein-Glueckwunsch.jpg\" \/>\n\t<meta property=\"og:image:width\" content=\"460\" \/>\n\t<meta property=\"og:image:height\" content=\"259\" \/>\n\t<meta property=\"og:image:type\" content=\"image\/jpeg\" \/>\n<meta name=\"author\" content=\"rtnews\" \/>\n<meta name=\"twitter:card\" content=\"summary_large_image\" \/>\n<meta name=\"twitter:creator\" content=\"@WirMachenAuf_de\" \/>\n<meta name=\"twitter:site\" content=\"@WirMachenAuf_de\" \/>\n<meta name=\"twitter:label1\" content=\"Verfasst von\" \/>\n\t<meta name=\"twitter:data1\" content=\"rtnews\" \/>\n\t<meta name=\"twitter:label2\" content=\"Gesch\u00e4tzte Lesezeit\" \/>\n\t<meta name=\"twitter:data2\" content=\"4\u00a0Minuten\" \/>\n<script type=\"application\/ld+json\" class=\"yoast-schema-graph\">{\"@context\":\"https:\/\/schema.org\",\"@graph\":[{\"@type\":\"Article\",\"@id\":\"https:\/\/now-news.de\/de\/deutschland\/frau-baerbock-hat-geburtstag-ein-glueckwunsch\/#article\",\"isPartOf\":{\"@id\":\"https:\/\/now-news.de\/de\/deutschland\/frau-baerbock-hat-geburtstag-ein-glueckwunsch\/\"},\"author\":{\"name\":\"rtnews\",\"@id\":\"https:\/\/now-news.de\/de\/#\/schema\/person\/fb534a4e865501d8b3285208df34a9b5\"},\"headline\":\"Frau Baerbock hat Geburtstag \u2013 ein Gl\u00fcckwunsch\",\"datePublished\":\"2023-12-15T20:22:31+00:00\",\"dateModified\":\"2023-12-15T20:22:31+00:00\",\"mainEntityOfPage\":{\"@id\":\"https:\/\/now-news.de\/de\/deutschland\/frau-baerbock-hat-geburtstag-ein-glueckwunsch\/\"},\"wordCount\":839,\"commentCount\":0,\"publisher\":{\"@id\":\"https:\/\/now-news.de\/de\/#organization\"},\"image\":{\"@id\":\"https:\/\/now-news.de\/de\/deutschland\/frau-baerbock-hat-geburtstag-ein-glueckwunsch\/#primaryimage\"},\"thumbnailUrl\":\"https:\/\/now-news.de\/de\/wp-content\/uploads\/sites\/3\/2023\/12\/Frau-Baerbock-hat-Geburtstag-\u2013-ein-Glueckwunsch.jpg\",\"keywords\":[\"Baerbock\",\"ein\",\"Frau\",\"Geburtstag\",\"Gl\u00fcckwunsch\",\"hat\"],\"articleSection\":[\"Deutschland\",\"Russland\"],\"inLanguage\":\"de\",\"potentialAction\":[{\"@type\":\"CommentAction\",\"name\":\"Comment\",\"target\":[\"https:\/\/now-news.de\/de\/deutschland\/frau-baerbock-hat-geburtstag-ein-glueckwunsch\/#respond\"]}]},{\"@type\":\"WebPage\",\"@id\":\"https:\/\/now-news.de\/de\/deutschland\/frau-baerbock-hat-geburtstag-ein-glueckwunsch\/\",\"url\":\"https:\/\/now-news.de\/de\/deutschland\/frau-baerbock-hat-geburtstag-ein-glueckwunsch\/\",\"name\":\"Frau Baerbock hat Geburtstag \u2013 ein Gl\u00fcckwunsch - just-now.NEWS Deutschland\",\"isPartOf\":{\"@id\":\"https:\/\/now-news.de\/de\/#website\"},\"primaryImageOfPage\":{\"@id\":\"https:\/\/now-news.de\/de\/deutschland\/frau-baerbock-hat-geburtstag-ein-glueckwunsch\/#primaryimage\"},\"image\":{\"@id\":\"https:\/\/now-news.de\/de\/deutschland\/frau-baerbock-hat-geburtstag-ein-glueckwunsch\/#primaryimage\"},\"thumbnailUrl\":\"https:\/\/now-news.de\/de\/wp-content\/uploads\/sites\/3\/2023\/12\/Frau-Baerbock-hat-Geburtstag-\u2013-ein-Glueckwunsch.jpg\",\"datePublished\":\"2023-12-15T20:22:31+00:00\",\"dateModified\":\"2023-12-15T20:22:31+00:00\",\"breadcrumb\":{\"@id\":\"https:\/\/now-news.de\/de\/deutschland\/frau-baerbock-hat-geburtstag-ein-glueckwunsch\/#breadcrumb\"},\"inLanguage\":\"de\",\"potentialAction\":[{\"@type\":\"ReadAction\",\"target\":[\"https:\/\/now-news.de\/de\/deutschland\/frau-baerbock-hat-geburtstag-ein-glueckwunsch\/\"]}]},{\"@type\":\"ImageObject\",\"inLanguage\":\"de\",\"@id\":\"https:\/\/now-news.de\/de\/deutschland\/frau-baerbock-hat-geburtstag-ein-glueckwunsch\/#primaryimage\",\"url\":\"https:\/\/now-news.de\/de\/wp-content\/uploads\/sites\/3\/2023\/12\/Frau-Baerbock-hat-Geburtstag-\u2013-ein-Glueckwunsch.jpg\",\"contentUrl\":\"https:\/\/now-news.de\/de\/wp-content\/uploads\/sites\/3\/2023\/12\/Frau-Baerbock-hat-Geburtstag-\u2013-ein-Glueckwunsch.jpg\",\"width\":460,\"height\":259,\"caption\":\"Frau Baerbock hat Geburtstag \u2013 ein Gl\u00fcckwunsch\"},{\"@type\":\"BreadcrumbList\",\"@id\":\"https:\/\/now-news.de\/de\/deutschland\/frau-baerbock-hat-geburtstag-ein-glueckwunsch\/#breadcrumb\",\"itemListElement\":[{\"@type\":\"ListItem\",\"position\":1,\"name\":\"Home\",\"item\":\"https:\/\/now-news.de\/de\/\"},{\"@type\":\"ListItem\",\"position\":2,\"name\":\"Frau Baerbock hat Geburtstag \u2013 ein Gl\u00fcckwunsch\"}]},{\"@type\":\"WebSite\",\"@id\":\"https:\/\/now-news.de\/de\/#website\",\"url\":\"https:\/\/now-news.de\/de\/\",\"name\":\"just-now.NEWS Deutschland\",\"description\":\"Das Portal f\u00fcr unzensierte Nachrichten aus der Welt\",\"publisher\":{\"@id\":\"https:\/\/now-news.de\/de\/#organization\"},\"potentialAction\":[{\"@type\":\"SearchAction\",\"target\":{\"@type\":\"EntryPoint\",\"urlTemplate\":\"https:\/\/now-news.de\/de\/?s={search_term_string}\"},\"query-input\":\"required name=search_term_string\"}],\"inLanguage\":\"de\"},{\"@type\":\"Organization\",\"@id\":\"https:\/\/now-news.de\/de\/#organization\",\"name\":\"Just Now News\",\"url\":\"https:\/\/now-news.de\/de\/\",\"logo\":{\"@type\":\"ImageObject\",\"inLanguage\":\"de\",\"@id\":\"https:\/\/now-news.de\/de\/#\/schema\/logo\/image\/\",\"url\":\"http:\/\/just-now.news\/de\/wp-content\/uploads\/sites\/3\/2022\/04\/logo500x500.jpg\",\"contentUrl\":\"http:\/\/just-now.news\/de\/wp-content\/uploads\/sites\/3\/2022\/04\/logo500x500.jpg\",\"width\":500,\"height\":500,\"caption\":\"Just Now News\"},\"image\":{\"@id\":\"https:\/\/now-news.de\/de\/#\/schema\/logo\/image\/\"},\"sameAs\":[\"https:\/\/www.facebook.com\/wirmachenauf\",\"https:\/\/x.com\/WirMachenAuf_de\"]},{\"@type\":\"Person\",\"@id\":\"https:\/\/now-news.de\/de\/#\/schema\/person\/fb534a4e865501d8b3285208df34a9b5\",\"name\":\"rtnews\",\"image\":{\"@type\":\"ImageObject\",\"inLanguage\":\"de\",\"@id\":\"https:\/\/now-news.de\/de\/#\/schema\/person\/image\/\",\"url\":\"https:\/\/secure.gravatar.com\/avatar\/82aafea7d8127119dd649515f56e2117?s=96&d=mm&r=g\",\"contentUrl\":\"https:\/\/secure.gravatar.com\/avatar\/82aafea7d8127119dd649515f56e2117?s=96&d=mm&r=g\",\"caption\":\"rtnews\"},\"url\":\"https:\/\/now-news.de\/de\/author\/rnews\/\"}]}<\/script>\n<!-- \/ Yoast SEO Premium plugin. -->","yoast_head_json":{"title":"Frau Baerbock hat Geburtstag \u2013 ein Gl\u00fcckwunsch - just-now.NEWS Deutschland","robots":{"index":"index","follow":"follow","max-snippet":"max-snippet:-1","max-image-preview":"max-image-preview:large","max-video-preview":"max-video-preview:-1"},"canonical":"https:\/\/now-news.de\/de\/deutschland\/frau-baerbock-hat-geburtstag-ein-glueckwunsch\/","og_locale":"de_DE","og_type":"article","og_title":"Frau Baerbock hat Geburtstag \u2013 ein Gl\u00fcckwunsch","og_description":"Einmal im Jahr trifft es jeden von uns, heute die deutsche Au\u00dfenministerin: Sie hat Geburtstag. Wir w\u00fcnschen alles Gute und nehmen den Festtag zum Anlass f\u00fcr einen R\u00fcckblick auf zwei Jahre au\u00dfenpolitische und diplomatische H\u00f6chstleistungen im Dienste Deutschlands \u2013 und der ganzen Welt. Von Gert Ewen Ungar Viel ist nicht bekannt \u00fcber die Biographie der [&hellip;]","og_url":"https:\/\/now-news.de\/de\/deutschland\/frau-baerbock-hat-geburtstag-ein-glueckwunsch\/","og_site_name":"just-now.NEWS Deutschland","article_publisher":"https:\/\/www.facebook.com\/wirmachenauf","article_published_time":"2023-12-15T20:22:31+00:00","og_image":[{"width":460,"height":259,"url":"https:\/\/now-news.de\/de\/wp-content\/uploads\/sites\/3\/2023\/12\/Frau-Baerbock-hat-Geburtstag-\u2013-ein-Glueckwunsch.jpg","type":"image\/jpeg"}],"author":"rtnews","twitter_card":"summary_large_image","twitter_creator":"@WirMachenAuf_de","twitter_site":"@WirMachenAuf_de","twitter_misc":{"Verfasst von":"rtnews","Gesch\u00e4tzte Lesezeit":"4\u00a0Minuten"},"schema":{"@context":"https:\/\/schema.org","@graph":[{"@type":"Article","@id":"https:\/\/now-news.de\/de\/deutschland\/frau-baerbock-hat-geburtstag-ein-glueckwunsch\/#article","isPartOf":{"@id":"https:\/\/now-news.de\/de\/deutschland\/frau-baerbock-hat-geburtstag-ein-glueckwunsch\/"},"author":{"name":"rtnews","@id":"https:\/\/now-news.de\/de\/#\/schema\/person\/fb534a4e865501d8b3285208df34a9b5"},"headline":"Frau Baerbock hat Geburtstag \u2013 ein Gl\u00fcckwunsch","datePublished":"2023-12-15T20:22:31+00:00","dateModified":"2023-12-15T20:22:31+00:00","mainEntityOfPage":{"@id":"https:\/\/now-news.de\/de\/deutschland\/frau-baerbock-hat-geburtstag-ein-glueckwunsch\/"},"wordCount":839,"commentCount":0,"publisher":{"@id":"https:\/\/now-news.de\/de\/#organization"},"image":{"@id":"https:\/\/now-news.de\/de\/deutschland\/frau-baerbock-hat-geburtstag-ein-glueckwunsch\/#primaryimage"},"thumbnailUrl":"https:\/\/now-news.de\/de\/wp-content\/uploads\/sites\/3\/2023\/12\/Frau-Baerbock-hat-Geburtstag-\u2013-ein-Glueckwunsch.jpg","keywords":["Baerbock","ein","Frau","Geburtstag","Gl\u00fcckwunsch","hat"],"articleSection":["Deutschland","Russland"],"inLanguage":"de","potentialAction":[{"@type":"CommentAction","name":"Comment","target":["https:\/\/now-news.de\/de\/deutschland\/frau-baerbock-hat-geburtstag-ein-glueckwunsch\/#respond"]}]},{"@type":"WebPage","@id":"https:\/\/now-news.de\/de\/deutschland\/frau-baerbock-hat-geburtstag-ein-glueckwunsch\/","url":"https:\/\/now-news.de\/de\/deutschland\/frau-baerbock-hat-geburtstag-ein-glueckwunsch\/","name":"Frau Baerbock hat Geburtstag \u2013 ein Gl\u00fcckwunsch - just-now.NEWS Deutschland","isPartOf":{"@id":"https:\/\/now-news.de\/de\/#website"},"primaryImageOfPage":{"@id":"https:\/\/now-news.de\/de\/deutschland\/frau-baerbock-hat-geburtstag-ein-glueckwunsch\/#primaryimage"},"image":{"@id":"https:\/\/now-news.de\/de\/deutschland\/frau-baerbock-hat-geburtstag-ein-glueckwunsch\/#primaryimage"},"thumbnailUrl":"https:\/\/now-news.de\/de\/wp-content\/uploads\/sites\/3\/2023\/12\/Frau-Baerbock-hat-Geburtstag-\u2013-ein-Glueckwunsch.jpg","datePublished":"2023-12-15T20:22:31+00:00","dateModified":"2023-12-15T20:22:31+00:00","breadcrumb":{"@id":"https:\/\/now-news.de\/de\/deutschland\/frau-baerbock-hat-geburtstag-ein-glueckwunsch\/#breadcrumb"},"inLanguage":"de","potentialAction":[{"@type":"ReadAction","target":["https:\/\/now-news.de\/de\/deutschland\/frau-baerbock-hat-geburtstag-ein-glueckwunsch\/"]}]},{"@type":"ImageObject","inLanguage":"de","@id":"https:\/\/now-news.de\/de\/deutschland\/frau-baerbock-hat-geburtstag-ein-glueckwunsch\/#primaryimage","url":"https:\/\/now-news.de\/de\/wp-content\/uploads\/sites\/3\/2023\/12\/Frau-Baerbock-hat-Geburtstag-\u2013-ein-Glueckwunsch.jpg","contentUrl":"https:\/\/now-news.de\/de\/wp-content\/uploads\/sites\/3\/2023\/12\/Frau-Baerbock-hat-Geburtstag-\u2013-ein-Glueckwunsch.jpg","width":460,"height":259,"caption":"Frau Baerbock hat Geburtstag \u2013 ein Gl\u00fcckwunsch"},{"@type":"BreadcrumbList","@id":"https:\/\/now-news.de\/de\/deutschland\/frau-baerbock-hat-geburtstag-ein-glueckwunsch\/#breadcrumb","itemListElement":[{"@type":"ListItem","position":1,"name":"Home","item":"https:\/\/now-news.de\/de\/"},{"@type":"ListItem","position":2,"name":"Frau Baerbock hat Geburtstag \u2013 ein Gl\u00fcckwunsch"}]},{"@type":"WebSite","@id":"https:\/\/now-news.de\/de\/#website","url":"https:\/\/now-news.de\/de\/","name":"just-now.NEWS Deutschland","description":"Das Portal f\u00fcr unzensierte Nachrichten aus der Welt","publisher":{"@id":"https:\/\/now-news.de\/de\/#organization"},"potentialAction":[{"@type":"SearchAction","target":{"@type":"EntryPoint","urlTemplate":"https:\/\/now-news.de\/de\/?s={search_term_string}"},"query-input":"required name=search_term_string"}],"inLanguage":"de"},{"@type":"Organization","@id":"https:\/\/now-news.de\/de\/#organization","name":"Just Now News","url":"https:\/\/now-news.de\/de\/","logo":{"@type":"ImageObject","inLanguage":"de","@id":"https:\/\/now-news.de\/de\/#\/schema\/logo\/image\/","url":"http:\/\/just-now.news\/de\/wp-content\/uploads\/sites\/3\/2022\/04\/logo500x500.jpg","contentUrl":"http:\/\/just-now.news\/de\/wp-content\/uploads\/sites\/3\/2022\/04\/logo500x500.jpg","width":500,"height":500,"caption":"Just Now News"},"image":{"@id":"https:\/\/now-news.de\/de\/#\/schema\/logo\/image\/"},"sameAs":["https:\/\/www.facebook.com\/wirmachenauf","https:\/\/x.com\/WirMachenAuf_de"]},{"@type":"Person","@id":"https:\/\/now-news.de\/de\/#\/schema\/person\/fb534a4e865501d8b3285208df34a9b5","name":"rtnews","image":{"@type":"ImageObject","inLanguage":"de","@id":"https:\/\/now-news.de\/de\/#\/schema\/person\/image\/","url":"https:\/\/secure.gravatar.com\/avatar\/82aafea7d8127119dd649515f56e2117?s=96&d=mm&r=g","contentUrl":"https:\/\/secure.gravatar.com\/avatar\/82aafea7d8127119dd649515f56e2117?s=96&d=mm&r=g","caption":"rtnews"},"url":"https:\/\/now-news.de\/de\/author\/rnews\/"}]}},"_links":{"self":[{"href":"https:\/\/now-news.de\/de\/wp-json\/wp\/v2\/posts\/51637"}],"collection":[{"href":"https:\/\/now-news.de\/de\/wp-json\/wp\/v2\/posts"}],"about":[{"href":"https:\/\/now-news.de\/de\/wp-json\/wp\/v2\/types\/post"}],"author":[{"embeddable":true,"href":"https:\/\/now-news.de\/de\/wp-json\/wp\/v2\/users\/3"}],"replies":[{"embeddable":true,"href":"https:\/\/now-news.de\/de\/wp-json\/wp\/v2\/comments?post=51637"}],"version-history":[{"count":0,"href":"https:\/\/now-news.de\/de\/wp-json\/wp\/v2\/posts\/51637\/revisions"}],"wp:featuredmedia":[{"embeddable":true,"href":"https:\/\/now-news.de\/de\/wp-json\/wp\/v2\/media\/51638"}],"wp:attachment":[{"href":"https:\/\/now-news.de\/de\/wp-json\/wp\/v2\/media?parent=51637"}],"wp:term":[{"taxonomy":"category","embeddable":true,"href":"https:\/\/now-news.de\/de\/wp-json\/wp\/v2\/categories?post=51637"},{"taxonomy":"post_tag","embeddable":true,"href":"https:\/\/now-news.de\/de\/wp-json\/wp\/v2\/tags?post=51637"}],"curies":[{"name":"wp","href":"https:\/\/api.w.org\/{rel}","templated":true}]}}