{"id":5163,"date":"2022-04-30T09:03:48","date_gmt":"2022-04-30T07:03:48","guid":{"rendered":"http:\/\/just-now.news\/de\/deutschland\/militaerische-geschichtsrevision-meldungen-ueber-polens-friedenstruppen-plaene-zur-westukraine\/"},"modified":"2022-04-30T09:03:48","modified_gmt":"2022-04-30T07:03:48","slug":"militaerische-geschichtsrevision-meldungen-ueber-polens-friedenstruppen-plaene-zur-westukraine","status":"publish","type":"post","link":"https:\/\/now-news.de\/de\/deutschland\/militaerische-geschichtsrevision-meldungen-ueber-polens-friedenstruppen-plaene-zur-westukraine\/","title":{"rendered":"Milit\u00e4rische Geschichtsrevision \u2013 Meldungen \u00fcber Polens &quot;Friedenstruppen&quot;-Pl\u00e4ne zur Westukraine"},"content":{"rendered":"<div class=\"Text-root Text-type_5 ArticleView-text ViewText-root \">\n<p><em>Analyse von Alexei Latyschow\u00a0und Jelisaweta Komarowa<\/em><\/p>\n<p>Washington und Warschau arbeiten an Pl\u00e4nen, die milit\u00e4rische und politische Kontrolle Polens \u00fcber die Gebiete der Westukraine zu etablieren. Dies gab der Leiter des russischen Auslandsgeheimdienstes SWR, Sergei Naryschkin, mit Verweis auf sichere Aufkl\u00e4rungsdaten aus mehreren Quellen bekannt.<\/p>\n<div class=\"ReadMore-root Section-root Section-is1to3-xs_is1to1\" data-widgets=\"ReadMore\" data-has-alias>\n<div class=\"Section-container Section-isRow-isTop-isWrap\">\n<article class=\"Card-root Card-is1to1 \">\n<div class=\"Card-imageWrap\">\n<div class=\"Card-picture\">\n<picture class=\"Picture-root Picture-default\"><!--[if IE 9]><video style=\"display: none;\"><![endif]--><source media=\"(-webkit-min-device-pixel-ratio: 2) and (min-resolution: 120dpi)\" data-srcset=\" \nhttps:\/\/cdni.russiatoday.com\/deutsch\/images\/2022.04\/thumbnail\/626aa593b480cc5bb61da827.jpg 850w,\n                https:\/\/cdni.russiatoday.com\/deutsch\/images\/2022.04\/article\/626aa592b480cc5bb61da826.jpg 1960w,\n            \" srcset=\"data:image\/png;base64,iVBORw0KGgoAAAANSUhEUgAAABAAAAAJCAQAAACRI2S5AAAAEElEQVR42mNkIAAYRxWAAQAG9gAKqv6+AwAAAABJRU5ErkJggg==\"><source data-srcset=\" \nhttps:\/\/cdni.russiatoday.com\/deutsch\/images\/2022.04\/thumbnail\/626aa593b480cc5bb61da827.jpg 460w,\n              https:\/\/cdni.russiatoday.com\/deutsch\/images\/2022.04\/article\/626aa592b480cc5bb61da826.jpg 980w,\n            \" srcset=\"data:image\/png;base64,iVBORw0KGgoAAAANSUhEUgAAABAAAAAJCAQAAACRI2S5AAAAEElEQVR42mNkIAAYRxWAAQAG9gAKqv6+AwAAAABJRU5ErkJggg==\"><!--[if IE 9]><\/video><![endif]--><\/source><\/source><\/picture><!-- noscript pattern --><noscript><img decoding=\"async\" src=\"https:\/\/cdni.russiatoday.com\/deutsch\/images\/2022.04\/article\/626aa592b480cc5bb61da826.jpg\" alt=\"Russlands Auslandsgeheimdienst: Polen will Kontrolle \u00fcber einen Teil der Ukraine erlangen\"><\/noscript>    <\/div><\/div>\n<div class=\"Card-contentWrap\">\n<div class=\"Card-content\">\n<div class=\"Card-title\">\n<div class=\"HeaderNews-root HeaderNews-type_6 \">\n<p>            <a target=\"_blank\" href=\"https:\/\/de.rt.com\/europa\/137275-russlands-auslandsgeheimdienst-polen-will-kontrolle\/\" class=\"Link-root Link-isFullCard \" rel=\"noopener\"><br \/>\n                Russlands Auslandsgeheimdienst: Polen will Kontrolle \u00fcber einen Teil der Ukraine erlangen<br \/>\n            <\/a><\/p><\/div><\/div><\/div><\/div>\n<\/article>\n<\/div><\/div>\n<p>Nach Angaben des Geheimdienstes wird die geplante Operation in Polen als &#8220;friedensstiftend&#8221; gehandhabt, doch in Wirklichkeit will Warschau schlicht und einfach die Kontrolle \u00fcber die Gebiete \u00fcbernehmen, die fr\u00fcher einmal zu Polen geh\u00f6rten. Es wird darauf hingewiesen, dass die polnischen Geheimdienste jetzt schon nach &#8220;vertragsf\u00e4higen&#8221; Vertretern der ukrainischen Elite suchen, um in der Ukraine ein auf Warschau ausgerichtetes &#8220;demokratisches&#8221; Gegengewicht zu den Nationalisten zu bilden. Nach Ansicht von Analysten w\u00fcrde die Zustimmung Kiews zu einer solchen Intervention den faktischen Zerfall der Ukraine bedeuten.<\/p>\n<p>Die polnischen Beh\u00f6rden er\u00f6rtern derzeit mit den USA die M\u00f6glichkeit, die westlichen Regionen der Ukraine unter Warschaus Kontrolle zu bringen. Diese Information wurde am Donnerstag, dem 28. April, von Sergei Naryschkin bekannt gegeben, wie das B\u00fcro f\u00fcr \u00d6ffentlichkeits- und Medienarbeit des SWR mitteilte. Naryschkin w\u00f6rtlich:<\/p>\n<blockquote>\n<p>&#8220;Nach der Information, die beim russischen Auslandsnachrichtendienst eintrifft, arbeiten Washington und Warschau an Pl\u00e4nen, um eine strenge milit\u00e4rische und politische Kontrolle Polens \u00fcber &#8216;seine historischen Besitzt\u00fcmer&#8217; in der Ukraine zu errichten.&#8221;<\/p>\n<\/blockquote>\n<p>Nach Angaben des SWR-Chefs soll die erste Phase der Operation die Einf\u00fchrung polnischer Truppen in die westlichen Regionen des Landes sein \u2013 unter dem Motto: &#8220;Schutz vor russischer Aggression&#8221;.<\/p>\n<blockquote>\n<p>&#8220;Die Modalit\u00e4ten der bevorstehenden Mission werden derzeit mit der Regierung von Joe Biden er\u00f6rtert. Vorl\u00e4ufigen Vereinbarungen zufolge wird sie ohne NATO-Mandat, aber mit der Beteiligung &#8216;williger Staaten&#8217; stattfinden. Warschau hat sich noch nicht mit den potenziellen Teilnehmern der &#8216;Koalition der Gleichgesinnten&#8217; einigen k\u00f6nnen.&#8221;<\/p>\n<\/blockquote>\n<p>Gleichzeitig vertritt der Geheimdienstchef die Ansicht, dass Warschau eigentlich auch gar nicht versucht, weitere Staaten f\u00fcr seine Aktionen in der Ukraine zu werben, denn &#8230;<\/p>\n<blockquote>\n<p>&#8220;&#8230; die polnische F\u00fchrung ist nicht unbedingt an unn\u00f6tigen T\u00f6pfchenguckern bei ihrer Operation interessiert&#8221;.<\/p>\n<\/blockquote>\n<p>Nach Angaben des SWR soll das polnische &#8220;friedensstiftende&#8221; Kontingent in den Teilen der Ukraine eingesetzt werden, wo die Gefahr einer unmittelbaren Konfrontation mit der russischen Armee minimal ist.<\/p>\n<blockquote>\n<p>&#8220;Zu den vorrangigen &#8216;Kampfauftr\u00e4gen&#8217; des polnischen Milit\u00e4rs wird es geh\u00f6ren, der ukrainischen Nationalgarde schrittweise die Kontrolle \u00fcber die dort befindlichen strategischen Objekte zu entrei\u00dfen. Polnische Geheimdienste suchen schon jetzt nach &#8216;vertragsf\u00e4higen&#8217; Vertretern der ukrainischen Elite, um ein Warschau-orientiertes &#8216;demokratisches&#8217; Gegengewicht zu den Nationalisten zu bilden.&#8221;<\/p>\n<\/blockquote>\n<div class=\"ReadMore-root Section-root Section-is1to3-xs_is1to1\" data-widgets=\"ReadMore\" data-has-alias>\n<div class=\"Section-container Section-isRow-isTop-isWrap\">\n<article class=\"Card-root Card-is1to1 \">\n<div class=\"Card-imageWrap\">\n<div class=\"Card-picture\">\n<picture class=\"Picture-root Picture-default\"><!--[if IE 9]><video style=\"display: none;\"><![endif]--><source media=\"(-webkit-min-device-pixel-ratio: 2) and (min-resolution: 120dpi)\" data-srcset=\" \nhttps:\/\/cdni.russiatoday.com\/deutsch\/images\/2021.06\/thumbnail\/60d1aa25b480cc4b6d0e2ee8.JPG 850w,\n                https:\/\/cdni.russiatoday.com\/deutsch\/images\/2021.06\/article\/60d1aa25b480cc4b6d0e2ee8.JPG 1960w,\n            \" srcset=\"data:image\/png;base64,iVBORw0KGgoAAAANSUhEUgAAABAAAAAJCAQAAACRI2S5AAAAEElEQVR42mNkIAAYRxWAAQAG9gAKqv6+AwAAAABJRU5ErkJggg==\"><source data-srcset=\" \nhttps:\/\/cdni.russiatoday.com\/deutsch\/images\/2021.06\/thumbnail\/60d1aa25b480cc4b6d0e2ee8.JPG 460w,\n              https:\/\/cdni.russiatoday.com\/deutsch\/images\/2021.06\/article\/60d1aa25b480cc4b6d0e2ee8.JPG 980w,\n            \" srcset=\"data:image\/png;base64,iVBORw0KGgoAAAANSUhEUgAAABAAAAAJCAQAAACRI2S5AAAAEElEQVR42mNkIAAYRxWAAQAG9gAKqv6+AwAAAABJRU5ErkJggg==\"><!--[if IE 9]><\/video><![endif]--><img decoding=\"async\" data-sizes=\"auto\" src=\"data:image\/png;base64,iVBORw0KGgoAAAANSUhEUgAAABAAAAAJCAQAAACRI2S5AAAAEElEQVR42mNkIAAYRxWAAQAG9gAKqv6+AwAAAABJRU5ErkJggg==\" class=\"Picture-root Picture-default lazyload\" data-src=\"https:\/\/cdni.russiatoday.com\/deutsch\/images\/2021.06\/thumbnail\/60d1aa25b480cc4b6d0e2ee8.JPG\" alt=\"Polnischer Wurfspeertanz oder \u00dcbung in US-h\u00f6riger Russophobie:\u00a0Signal an Ukraine und Wei\u00dfrussland\"><\/source><\/source><\/picture><!-- noscript pattern --><noscript><img decoding=\"async\" src=\"https:\/\/cdni.russiatoday.com\/deutsch\/images\/2021.06\/article\/60d1aa25b480cc4b6d0e2ee8.JPG\" alt=\"Polnischer Wurfspeertanz oder \u00dcbung in US-h\u00f6riger Russophobie:\u00a0Signal an Ukraine und Wei\u00dfrussland\"><\/noscript>    <\/div><\/div>\n<div class=\"Card-contentWrap\">\n<div class=\"Card-label\">\n            <span class=\"Label-root\"><br \/>\n                Meinung<br \/>\n            <\/span>\n        <\/div>\n<div class=\"Card-content\">\n<div class=\"Card-title\">\n<div class=\"HeaderNews-root HeaderNews-type_6 \">\n<p>            <a target=\"_blank\" href=\"https:\/\/de.rt.com\/meinung\/119464-polnischer-wurfspeertanz-oder-ubung-in-us-horiger-russophobie-signal-weissrussland-ukraine\/\" class=\"Link-root Link-isFullCard \" rel=\"noopener\"><br \/>\n                Polnischer Wurfspeertanz oder \u00dcbung in US-h\u00f6riger Russophobie:\u00a0Signal an Ukraine und Wei\u00dfrussland<br \/>\n            <\/a><\/p><\/div><\/div><\/div><\/div>\n<\/article>\n<\/div><\/div>\n<p>Der Leiter des russischen Auslandsgeheimdienstes betonte, die polnische Regierung gehe davon aus, dass ein derartiges &#8220;pr\u00e4ventives&#8221; Fu\u00dffassen Warschaus in der Westukraine &#8220;mit hoher Wahrscheinlichkeit zur Spaltung des Landes f\u00fchren wird&#8221;. Auf diese Weise w\u00fcrde Warschau de facto die Kontrolle \u00fcber die Gebiete erlangen, in die die &#8220;polnischen Friedenstruppen&#8221; einmarschieren w\u00fcrden.<\/p>\n<p>Laut den von <em>RT<\/em> befragten Analysten k\u00f6nnte Warschau Gebiete beanspruchen, die fr\u00fcher einst zu Polen geh\u00f6rten. Dabei handelt es sich insbesondere um die Regionen Wolhynien, Iwano-Frankowsk, Lwow (Lemberg), Rowno und Ternopol. Dies stellt zum Beispiel Wladimir Olentschenko, leitender wissenschaftlicher Mitarbeiter am Zentrum f\u00fcr Europ\u00e4ische Studien des Forschungsinstituts f\u00fcr Weltwirtschaft und internationale Beziehungen der Russischen Akademie der Wissenschaften, fest:<\/p>\n<blockquote>\n<p>&#8220;Inwieweit diese Gebiete heute als polnisch angesehen werden k\u00f6nnen, ist eine sehr strittige Frage. Nicht jeder in Polen ist damit einverstanden, doch die derzeitige polnische F\u00fchrung erhebt Anspruch auf diese Gebiete.&#8221;<\/p>\n<\/blockquote>\n<p>Dmitri Nowikow, erster stellvertretender Vorsitzender des Staatsduma-Ausschusses f\u00fcr internationale Angelegenheiten, betonte seinerseits, dass ein m\u00f6glicher polnischer Einmarsch in die Ukraine gegen das V\u00f6lkerrecht versto\u00dfen w\u00fcrde, auch wenn er unter dem Deckmantel der Friedenssicherung durchgef\u00fchrt w\u00fcrde:<\/p>\n<blockquote>\n<p>&#8220;Das w\u00e4re eine polnische Aggression gegen die Ukraine, eine Annexion eines Teils ihrer Landgebiete. Diese Schritte k\u00f6nnen nicht rechtskonform sein.&#8221;<\/p>\n<\/blockquote>\n<p><strong>&#8220;Eine Illustration der kolonialen Ordnung&#8221;.<\/strong><\/p>\n<p>Sergej Naryschkin sah in den Pl\u00e4nen der polnischen F\u00fchrung historische Parallelen zur Politik Warschaus unmittelbar nach dem Ersten Weltkrieg:<\/p>\n<blockquote>\n<p>&#8220;Im Wesentlichen handelt es sich um den Versuch, den f\u00fcr Polen historischen &#8216;Deal&#8217; nach dem Ersten Weltkrieg zu wiederholen, als der kollektive Westen, vertreten durch die Entente, Warschau ein Recht zusprach, zun\u00e4chst einen Teil der Ukraine zu besetzen, um die Bev\u00f6lkerung vor einer angeblichen &#8216;bolschewistischen Bedrohung&#8217; zu sch\u00fctzen und dann diese Gebiete in den polnischen Staat einzugliedern. Die nachfolgenden Ereignisse machten deutlich, dass koloniale Ordnung und erzwungene Polonisierung die Hauptmethoden zum Aufbau eines &#8216;Gro\u00dfpolens&#8217; waren.&#8221;<\/p>\n<\/blockquote>\n<p>Es sei daran erinnert, dass Warschau w\u00e4hrend des polnisch-ukrainischen und des sowjetisch-polnischen Krieges in den Jahren 1918 bis 1921 die Kontrolle \u00fcber das Gebiet der Westukraine und die westlichen Regionen Wei\u00dfrusslands erlangte.<\/p>\n<div class=\"ReadMore-root Section-root Section-is1to3-xs_is1to1\" data-widgets=\"ReadMore\" data-has-alias>\n<div class=\"Section-container Section-isRow-isTop-isWrap\">\n<article class=\"Card-root Card-is1to1 \">\n<div class=\"Card-imageWrap\">\n<div class=\"Card-picture\">\n<picture class=\"Picture-root Picture-default\"><!--[if IE 9]><video style=\"display: none;\"><![endif]--><source media=\"(-webkit-min-device-pixel-ratio: 2) and (min-resolution: 120dpi)\" data-srcset=\" \nhttps:\/\/cdni.russiatoday.com\/deutsch\/images\/2019.09\/thumbnail\/5d6c24614c96bb2b2a8b4569.jpg 850w,\n                https:\/\/cdni.russiatoday.com\/deutsch\/images\/2019.09\/article\/5d6c24604c96bb2b2a8b4568.jpg 1960w,\n            \" srcset=\"data:image\/png;base64,iVBORw0KGgoAAAANSUhEUgAAABAAAAAJCAQAAACRI2S5AAAAEElEQVR42mNkIAAYRxWAAQAG9gAKqv6+AwAAAABJRU5ErkJggg==\"><source data-srcset=\" \nhttps:\/\/cdni.russiatoday.com\/deutsch\/images\/2019.09\/thumbnail\/5d6c24614c96bb2b2a8b4569.jpg 460w,\n              https:\/\/cdni.russiatoday.com\/deutsch\/images\/2019.09\/article\/5d6c24604c96bb2b2a8b4568.jpg 980w,\n            \" srcset=\"data:image\/png;base64,iVBORw0KGgoAAAANSUhEUgAAABAAAAAJCAQAAACRI2S5AAAAEElEQVR42mNkIAAYRxWAAQAG9gAKqv6+AwAAAABJRU5ErkJggg==\"><!--[if IE 9]><\/video><![endif]--><img decoding=\"async\" data-sizes=\"auto\" src=\"data:image\/png;base64,iVBORw0KGgoAAAANSUhEUgAAABAAAAAJCAQAAACRI2S5AAAAEElEQVR42mNkIAAYRxWAAQAG9gAKqv6+AwAAAABJRU5ErkJggg==\" class=\"Picture-root Picture-default lazyload\" data-src=\"https:\/\/cdni.russiatoday.com\/deutsch\/images\/2019.09\/thumbnail\/5d6c24614c96bb2b2a8b4569.jpg\" alt=\"Mitverschuldetes Schicksal? Polens Rolle im Zweiten Weltkrieg\"><\/source><\/source><\/picture><!-- noscript pattern --><noscript><img decoding=\"async\" src=\"https:\/\/cdni.russiatoday.com\/deutsch\/images\/2019.09\/article\/5d6c24604c96bb2b2a8b4568.jpg\" alt=\"Mitverschuldetes Schicksal? Polens Rolle im Zweiten Weltkrieg\"><\/noscript>    <\/div><\/div>\n<div class=\"Card-contentWrap\">\n<div class=\"Card-label\">\n            <span class=\"Label-root\"><br \/>\n                Meinung<br \/>\n            <\/span>\n        <\/div>\n<div class=\"Card-content\">\n<div class=\"Card-title\">\n<div class=\"HeaderNews-root HeaderNews-type_6 \">\n<p>            <a target=\"_blank\" href=\"https:\/\/de.rt.com\/meinung\/91822-selbstverschuldetes-opfer-polnisches-schicksal-im-zweiten-weltkrieg\/\" class=\"Link-root Link-isFullCard \" rel=\"noopener\"><br \/>\n                Mitverschuldetes Schicksal? Polens Rolle im Zweiten Weltkrieg<br \/>\n            <\/a><\/p><\/div><\/div><\/div><\/div>\n<\/article>\n<\/div><\/div>\n<p>Und im M\u00e4rz 1923 genehmigte der Rat der Entente-Botschafter den \u00dcbergang dieser Gebiete unter polnische Herrschaft. Warschau begann, in den annektierten Gebieten eine aktive Politik der Polonisierung zu betreiben: Insbesondere wurde im Jahr 1924 der Gebrauch der ukrainischen Sprache offiziell verboten und Schulen und Leseh\u00e4user geschlossen.<\/p>\n<p>Dar\u00fcber hinaus f\u00f6rderte Warschau die Ansiedlung polnischer Bev\u00f6lkerung in den besetzten Gebieten auf jede erdenkliche Weise. Wladimir Olentschenko erinnert, dass es damals zu ethnisch motivierten gewaltsamen Zusammenst\u00f6\u00dfen zwischen Polen und Ukrainern kam:<\/p>\n<blockquote>\n<p>&#8220;In der Region Wolhynien kam es zu unmittelbaren Zusammenst\u00f6\u00dfen zwischen Ukrainern und Polen. Sp\u00e4ter f\u00fchrten ukrainische Nationalisten dort ein Pogrom gegen die Polen durch, das als Wolhynien-Massaker bekannt wurde.&#8221;<\/p>\n<\/blockquote>\n<p>Ihm zufolge ist die historische Erinnerung an diese Ereignisse sowohl in Polen als auch in der Ukraine lebendig, sodass das m\u00f6gliche Auftauchen polnischer Truppen in den westukrainischen Regionen von Konflikten begleitet werden k\u00f6nnte.<\/p>\n<div class=\"ReadMore-root Section-root Section-is1to3-xs_is1to1\" data-widgets=\"ReadMore\" data-has-alias>\n<div class=\"Section-container Section-isRow-isTop-isWrap\">\n<article class=\"Card-root Card-is1to1 \">\n<div class=\"Card-imageWrap\">\n<div class=\"Card-picture\">\n<picture class=\"Picture-root Picture-default\"><!--[if IE 9]><video style=\"display: none;\"><![endif]--><source media=\"(-webkit-min-device-pixel-ratio: 2) and (min-resolution: 120dpi)\" data-srcset=\" \nhttps:\/\/cdni.russiatoday.com\/deutsch\/images\/2022.02\/thumbnail\/620d1919b480cc6e0c0c86e5.jpg 850w,\n                https:\/\/cdni.russiatoday.com\/deutsch\/images\/2022.02\/article\/620d1918b480cc6e0c0c86e4.jpg 1960w,\n            \" srcset=\"data:image\/png;base64,iVBORw0KGgoAAAANSUhEUgAAABAAAAAJCAQAAACRI2S5AAAAEElEQVR42mNkIAAYRxWAAQAG9gAKqv6+AwAAAABJRU5ErkJggg==\"><source data-srcset=\" \nhttps:\/\/cdni.russiatoday.com\/deutsch\/images\/2022.02\/thumbnail\/620d1919b480cc6e0c0c86e5.jpg 460w,\n              https:\/\/cdni.russiatoday.com\/deutsch\/images\/2022.02\/article\/620d1918b480cc6e0c0c86e4.jpg 980w,\n            \" srcset=\"data:image\/png;base64,iVBORw0KGgoAAAANSUhEUgAAABAAAAAJCAQAAACRI2S5AAAAEElEQVR42mNkIAAYRxWAAQAG9gAKqv6+AwAAAABJRU5ErkJggg==\"><!--[if IE 9]><\/video><![endif]--><img decoding=\"async\" data-sizes=\"auto\" src=\"data:image\/png;base64,iVBORw0KGgoAAAANSUhEUgAAABAAAAAJCAQAAACRI2S5AAAAEElEQVR42mNkIAAYRxWAAQAG9gAKqv6+AwAAAABJRU5ErkJggg==\" class=\"Picture-root Picture-default lazyload\" data-src=\"https:\/\/cdni.russiatoday.com\/deutsch\/images\/2022.02\/thumbnail\/620d1919b480cc6e0c0c86e5.jpg\" alt=\"Historiker: Die russischen Wurzeln der Ukraine zu ignorieren, ist geschichtsvergessen\"><\/source><\/source><\/picture><!-- noscript pattern --><noscript><img decoding=\"async\" src=\"https:\/\/cdni.russiatoday.com\/deutsch\/images\/2022.02\/article\/620d1918b480cc6e0c0c86e4.jpg\" alt=\"Historiker: Die russischen Wurzeln der Ukraine zu ignorieren, ist geschichtsvergessen\"><\/noscript>    <\/div><\/div>\n<div class=\"Card-contentWrap\">\n<div class=\"Card-label\">\n                <span class=\"Label-root Label-analyse\"><br \/>\n                    Analyse<br \/>\n                <\/span>\n            <\/div>\n<div class=\"Card-content\">\n<div class=\"Card-title\">\n<div class=\"HeaderNews-root HeaderNews-type_6 \">\n<p>            <a target=\"_blank\" href=\"https:\/\/de.rt.com\/europa\/131683-historiker-versuche-kiews-sich-von-moskau-loesen-sind-geschichtsvergessen\/\" class=\"Link-root Link-isFullCard \" rel=\"noopener\"><br \/>\n                Historiker: Die russischen Wurzeln der Ukraine zu ignorieren, ist geschichtsvergessen<br \/>\n            <\/a><\/p><\/div><\/div><\/div><\/div>\n<\/article>\n<\/div><\/div>\n<p>Nach dem Zweiten Weltkrieg wurden die Gebiete der Westukraine an die Ukrainische Sozialistische Sowjetrepublik und die West-wei\u00dfrussischen an die Wei\u00dfrussische SSR abgetreten und Polen mit ostpreu\u00dfischen Gebieten daf\u00fcr entsch\u00e4digt. Doch in Polen ist die Meinung weit verbreitet, dass diese Gebiete dennoch Warschaus F\u00fchrung unterstellt sein sollten. So tauchten im Jahr 2017 anl\u00e4sslich des polnischen Unabh\u00e4ngigkeitstages am Warschauer Flughafen Plakatw\u00e4nde mit Karten der Republik auf: Auf diesen war Polens \u00f6stlicher Teil in den Grenzen, Stand Jahr 1939, dargestellt, also den sogenannten \u00d6stlichen Halbmond umfassend, der heute zu Wei\u00dfrussland, Litauen und der Ukraine geh\u00f6rt. In Kiew stie\u00df die Aktion auf ein negatives Echo.<\/p>\n<p>Ein \u00e4hnlicher Skandal ereignete sich auch im Jahr 2019, als Polen einen Sonderzug zum Jahrestag der Zweiten Republik dekorierte. Auf dem Zug waren ein Portr\u00e4t des ersten Oberhaupts des wiedergeborenen polnischen Staates, Jozef Pi\u0142sudski, sowie eine Karte, auf der Lwow, Luzk, Rowno und eine Reihe anderer St\u00e4dte und deren Umgebungen als Teil Polens eingezeichnet waren, dargestellt.<\/p>\n<p>Und im M\u00e4rz 2022 schlie\u00dflich wurde im polnischen Fernsehsender <em>TVP1<\/em> die Karte einer &#8220;Teilung der Ukraine&#8221; ausgestrahlt. Ein Screenshot der Fernsehsendung wurde vom ehemaligen Abgeordneten des ukrainischen Parlaments Werchowna Rada, Ilja Kiwa, in den sozialen Netzwerken ver\u00f6ffentlicht. Auf der Karte waren die ukrainischen Regionen Lwow, Iwano-Frankowsk, Wolhynien, Rowno und Ternopol als Teil Polens eingezeichnet. Gleichzeitig hatten die Autoren der Karte die Region Czernowitz an Rum\u00e4nien und die Region Transkarpatien an Ungarn &#8220;\u00fcbertragen&#8221;.<\/p>\n<div class=\"ReadMore-root Section-root Section-is1to3-xs_is1to1\" data-widgets=\"ReadMore\" data-has-alias>\n<div class=\"Section-container Section-isRow-isTop-isWrap\">\n<article class=\"Card-root Card-is1to1 \">\n<div class=\"Card-imageWrap\">\n<div class=\"Card-picture\">\n<picture class=\"Picture-root Picture-default\"><!--[if IE 9]><video style=\"display: none;\"><![endif]--><source media=\"(-webkit-min-device-pixel-ratio: 2) and (min-resolution: 120dpi)\" data-srcset=\" \nhttps:\/\/cdni.russiatoday.com\/deutsch\/images\/2022.03\/thumbnail\/623c33e4b480cc093b47d73c.jpg 850w,\n                https:\/\/cdni.russiatoday.com\/deutsch\/images\/2022.03\/article\/623c33e3b480cc093b47d73b.jpg 1960w,\n            \" srcset=\"data:image\/png;base64,iVBORw0KGgoAAAANSUhEUgAAABAAAAAJCAQAAACRI2S5AAAAEElEQVR42mNkIAAYRxWAAQAG9gAKqv6+AwAAAABJRU5ErkJggg==\"><source data-srcset=\" \nhttps:\/\/cdni.russiatoday.com\/deutsch\/images\/2022.03\/thumbnail\/623c33e4b480cc093b47d73c.jpg 460w,\n              https:\/\/cdni.russiatoday.com\/deutsch\/images\/2022.03\/article\/623c33e3b480cc093b47d73b.jpg 980w,\n            \" srcset=\"data:image\/png;base64,iVBORw0KGgoAAAANSUhEUgAAABAAAAAJCAQAAACRI2S5AAAAEElEQVR42mNkIAAYRxWAAQAG9gAKqv6+AwAAAABJRU5ErkJggg==\"><!--[if IE 9]><\/video><![endif]--><img decoding=\"async\" data-sizes=\"auto\" src=\"data:image\/png;base64,iVBORw0KGgoAAAANSUhEUgAAABAAAAAJCAQAAACRI2S5AAAAEElEQVR42mNkIAAYRxWAAQAG9gAKqv6+AwAAAABJRU5ErkJggg==\" class=\"Picture-root Picture-default lazyload\" data-src=\"https:\/\/cdni.russiatoday.com\/deutsch\/images\/2022.03\/thumbnail\/623c33e4b480cc093b47d73c.jpg\" alt=\"Ukraine-Teilung? Polen will ein St\u00fcck vom Kuchen\"><\/source><\/source><\/picture><!-- noscript pattern --><noscript><img decoding=\"async\" src=\"https:\/\/cdni.russiatoday.com\/deutsch\/images\/2022.03\/article\/623c33e3b480cc093b47d73b.jpg\" alt=\"Ukraine-Teilung? Polen will ein St\u00fcck vom Kuchen\"><\/noscript>    <\/div><\/div>\n<div class=\"Card-contentWrap\">\n<div class=\"Card-label\">\n            <span class=\"Label-root\"><br \/>\n                Meinung<br \/>\n            <\/span>\n        <\/div>\n<div class=\"Card-content\">\n<div class=\"Card-title\">\n<div class=\"HeaderNews-root HeaderNews-type_6 \">\n<p>            <a target=\"_blank\" href=\"https:\/\/de.rt.com\/meinung\/134531-ukraine-teilung-polen-will-was-vom-kucken\/\" class=\"Link-root Link-isFullCard \" rel=\"noopener\"><br \/>\n                Ukraine-Teilung? Polen will ein St\u00fcck vom Kuchen<br \/>\n            <\/a><\/p><\/div><\/div><\/div><\/div>\n<\/article>\n<\/div><\/div>\n<p><strong>&#8220;Rum\u00e4nien und Ungarn werden nicht unbedingt abseits bleiben&#8221;<\/strong><\/p>\n<p>Warschau hat bereits eine Gegendarstellung zu den Worten von Sergei Naryschkin ver\u00f6ffentlicht. So \u00e4u\u00dferte beispielsweise ein Sprecher des Koordinators des polnischen Ministers f\u00fcr Nachrichtendienste, Stanis\u0142aw \u017baryn, die Meinung, dass der Zweck der Verbreitung dieser Information durch Russland darin bestehen k\u00f6nnte, die Zusammenarbeit zwischen Warschau und Kiew zu torpedieren.<\/p>\n<p>Allerdings stellen Experten ihrerseits fest, dass die Information \u00fcber etwaige Pl\u00e4ne Polens, ein Milit\u00e4rkontingent in die Westukraine einzuf\u00fchren, im Gegenteil durchaus von einigen \u00f6ffentlichen Erkl\u00e4rungen der polnischen F\u00fchrung mitgetragen wird. So schlug nicht zuletzt der stellvertretende polnische Ministerpr\u00e4sident und Vorsitzende der regierenden PiS-Partei, Jaroslaw Kaczynski, im M\u00e4rz dieses Jahres vor, eine &#8220;Friedensmission&#8221; unter der \u00c4gide der NATO zur Regelung der Lage in der Ukraine zu entsenden:<\/p>\n<blockquote>\n<p>&#8220;Ich denke, dass eine friedensstiftende NATO-Mission oder vielleicht eine umfassendere internationale Struktur notwendig ist. Jedenfalls eine Mission, die sich selbst verteidigen kann und die auf dem Territorium der Ukraine operieren wird.&#8221;<\/p>\n<\/blockquote>\n<p>Im selben Monat schloss die st\u00e4ndige Vertreterin der USA bei den Vereinten Nationen, Linda Thomas-Greenfield, die M\u00f6glichkeit nicht aus, dass ein NATO-Land Truppen in die Ukraine entsenden k\u00f6nnte. Allerdings betonte man in Washington wiederholt, dass es dort kein US-Milit\u00e4r geben werde.<\/p>\n<p>Der russische Au\u00dfenminister Sergej Lawrow kommentierte Kaczynskis Vorsto\u00df. Ihm zufolge k\u00f6nnte die Entsendung von NATO-Friedenstruppen in die Ukraine durchaus die Errichtung einer polnischen Kontrolle \u00fcber den westlichen Teil des Landes bedeuten:<\/p>\n<blockquote>\n<p>&#8220;Ich schlie\u00dfe nicht aus, dass im Falle einer solchen Entscheidung ein polnisches Kontingent den Kern einer solchen &#8216;Friedenstruppe&#8217; bilden w\u00fcrde, die die Kontrolle \u00fcber die Westukraine mit F\u00fchrungszentrum in Lwow \u00fcbernehmen und f\u00fcr einen l\u00e4ngeren Zeitraum dort bleiben w\u00fcrde.&#8221;<\/p>\n<\/blockquote>\n<p><strong>Polnische Milit\u00e4reinheit aus dem Annexionskrieg von 1919-1921 wiederbelebt<\/strong><\/p>\n<p>Analytikern zufolge k\u00f6nnte Warschau insbesondere die 18. mechanisierte Division f\u00fcr eine solche Operation einsetzen. Diese Einheit wird seit dem Jahr 2018 vom polnischen Verteidigungsministerium aufgebaut. Der Zust\u00e4ndigkeitsbereich der Division umfasst die Gebiete an der polnischen Grenze zur Ukraine und zu Wei\u00dfrussland.<\/p>\n<p>Gleichzeitig wurde in der Ank\u00fcndigung vom Jahr 2018 \u00fcber die Gr\u00fcndung der Division auf der Website des polnischen Verteidigungsministeriums erkl\u00e4rt, die Aufstellung dieser Formation erfolge in Reaktion auf die Politik Russlands, die &#8220;Annexion der Krim&#8221; und &#8220;hybride Aktionen in der Ostukraine&#8221;. Doch nicht zuletzt wurde auch die historische Verbindung der wiederaufzustellenden Division zu den Ereignissen des sowjetisch-polnischen Krieges von 1919 bis 1921 hervorgehoben:<\/p>\n<blockquote>\n<p>&#8220;Die im Jahr 2018 geschaffene Division bezieht sich auf Ereignisse im Jahr 1920, auf den siegreichen Krieg gegen die Bolschewiken, auf die Schlacht von Warschau. Unter diesen Truppen zeichnete sich gerade die 18. Infanteriedivision aus, die sp\u00e4ter die &#8216;Eiserne Division&#8217; genannt wurde&#8221;.<\/p>\n<\/blockquote>\n<div class=\"ReadMore-root Section-root Section-is1to3-xs_is1to1\" data-widgets=\"ReadMore\" data-has-alias>\n<div class=\"Section-container Section-isRow-isTop-isWrap\">\n<article class=\"Card-root Card-is1to1 \">\n<div class=\"Card-imageWrap\">\n<div class=\"Card-picture\">\n<picture class=\"Picture-root Picture-default\"><!--[if IE 9]><video style=\"display: none;\"><![endif]--><source media=\"(-webkit-min-device-pixel-ratio: 2) and (min-resolution: 120dpi)\" data-srcset=\" \nhttps:\/\/cdni.russiatoday.com\/deutsch\/images\/2022.04\/thumbnail\/626ba381b480cc21e819500b.jpg 850w,\n                https:\/\/cdni.russiatoday.com\/deutsch\/images\/2022.04\/article\/626ba381b480cc21e819500b.jpg 1960w,\n            \" srcset=\"data:image\/png;base64,iVBORw0KGgoAAAANSUhEUgAAABAAAAAJCAQAAACRI2S5AAAAEElEQVR42mNkIAAYRxWAAQAG9gAKqv6+AwAAAABJRU5ErkJggg==\"><source data-srcset=\" \nhttps:\/\/cdni.russiatoday.com\/deutsch\/images\/2022.04\/thumbnail\/626ba381b480cc21e819500b.jpg 460w,\n              https:\/\/cdni.russiatoday.com\/deutsch\/images\/2022.04\/article\/626ba381b480cc21e819500b.jpg 980w,\n            \" srcset=\"data:image\/png;base64,iVBORw0KGgoAAAANSUhEUgAAABAAAAAJCAQAAACRI2S5AAAAEElEQVR42mNkIAAYRxWAAQAG9gAKqv6+AwAAAABJRU5ErkJggg==\"><!--[if IE 9]><\/video><![endif]--><img decoding=\"async\" data-sizes=\"auto\" src=\"data:image\/png;base64,iVBORw0KGgoAAAANSUhEUgAAABAAAAAJCAQAAACRI2S5AAAAEElEQVR42mNkIAAYRxWAAQAG9gAKqv6+AwAAAABJRU5ErkJggg==\" class=\"Picture-root Picture-default lazyload\" data-src=\"https:\/\/cdni.russiatoday.com\/deutsch\/images\/2022.04\/thumbnail\/626ba381b480cc21e819500b.jpg\" alt=\"Polen k\u00fcndigt gro\u00dfe Milit\u00e4r\u00fcbung an\"><\/source><\/source><\/picture><!-- noscript pattern --><noscript><img decoding=\"async\" src=\"https:\/\/cdni.russiatoday.com\/deutsch\/images\/2022.04\/article\/626ba381b480cc21e819500b.jpg\" alt=\"Polen k\u00fcndigt gro\u00dfe Milit\u00e4r\u00fcbung an\"><\/noscript>    <\/div><\/div>\n<div class=\"Card-contentWrap\">\n<div class=\"Card-content\">\n<div class=\"Card-title\">\n<div class=\"HeaderNews-root HeaderNews-type_6 \">\n<p>            <a target=\"_blank\" href=\"https:\/\/de.rt.com\/europa\/137328-polen-kundigt-gross-angelegte-militarubung\/\" class=\"Link-root Link-isFullCard \" rel=\"noopener\"><br \/>\n                Polen k\u00fcndigt gro\u00dfe Milit\u00e4r\u00fcbung an<br \/>\n            <\/a><\/p><\/div><\/div><\/div><\/div>\n<\/article>\n<\/div><\/div>\n<p><strong>Medien: Aufstockung polnischer Kampfeinheiten und Truppenverlegungen in den Osten<\/strong><\/p>\n<p>Einige Internet-Nachrichtenportale berichteten zudem, dass das polnische Heer in letzter Zeit die Ma\u00dfnahmen zur Aufstockung seiner Kampfeinheiten auf die Sollmannst\u00e4rke gem\u00e4\u00df Kriegszeitennormen maximal intensiviert habe. Eine Anwerbung von &#8220;Freiwilligen&#8221; erfolge \u00fcber die Internetauftritte des polnischen Verteidigungsministeriums. Den Journalisten zufolge k\u00f6nnte all dies mit einem bevorstehenden Einmarsch von Truppen in die Ukraine zusammenh\u00e4ngen.<\/p>\n<p>Erw\u00e4hnenswert ist auch, dass die polnische Armee am 28. April die \u00d6ffentlichkeit dar\u00fcber informiert hat, Polen werde Anfang Mai eine gro\u00df angelegte Verlegung von milit\u00e4rischem Ger\u00e4t im ganzen Land vornehmen. Offiziell wird dies mit Milit\u00e4r\u00fcbungen begr\u00fcndet. Die Milit\u00e4rf\u00fchrung hat die B\u00fcrger jedoch aufgefordert, keine Foto- und Videoaufnahmen von oder Informationen \u00fcber die Truppenverlegungen oder Starts und Landungen von Milit\u00e4rflugzeugen zu ver\u00f6ffentlichen. Dies k\u00f6nne angeblich negative Folgen f\u00fcr das Sicherheits- und Verteidigungssystem haben.<\/p>\n<p><strong>Mehr zum Thema<\/strong>\u00a0\u2013\u00a0<a target=\"_blank\" href=\"https:\/\/de.rt.com\/meinung\/136235-warschau-blindes-trojanisches-pferd-usa\/\" rel=\"noopener\">Warschau \u2013 blindes trojanisches Pferd der USA in Europa r\u00e4cht sich an Moskau f\u00fcr Verlust der Ukraine<\/a><\/p>\n<p>Ebenfalls am 28. April tauchten in sozialen Netzwerken Videoaufnahmen auf, die rum\u00e4nisches und US-amerikanisches Milit\u00e4rger\u00e4t auf dem Weg in Richtung der Grenze mit der Ukraine zeigten. Ebenso wie Warschau f\u00fchrte Bukarest diese Truppenverlegungen auf eine geplante \u00dcbung zur\u00fcck.<\/p>\n<p>In diesem Zusammenhang schlie\u00dfen Analysten nicht aus, dass auch Rum\u00e4nien und Ungarn Anspruch auf einen Teil der ukrainischen Gebiete erheben k\u00f6nnten. Diese Ansicht \u00e4u\u00dferte der Milit\u00e4rexperte Alexei Leonkow in einem Gespr\u00e4ch mit <em>RT<\/em>:<\/p>\n<blockquote>\n<p>&#8220;Auf ukrainischem Territorium leben nicht nur ethnische Polen, sondern auch Rum\u00e4nen und Ungarn. Wenn Polen pl\u00f6tzlich zu aktiven Handlungen schreitet, werden sich vielleicht auch Rum\u00e4nien und Ungarn nicht zur\u00fcckhalten.&#8221;<\/p>\n<\/blockquote>\n<p><strong>&#8220;Die Ukraine wird de facto auseinanderfallen&#8221;<\/strong><\/p>\n<p>Wenn aber die Ukraine die Einf\u00fchrung polnischer Truppen in ihr Hoheitsgebiet gestattet, bedeutet dies nach Ansicht von Experten &#8220;den Verzicht Kiews auf seine Souver\u00e4nit\u00e4t&#8221;. Wladimir Olentschenko gab zu bedenken:<\/p>\n<blockquote>\n<p>&#8220;Wenn sie ein polnisches Protektorat \u00fcber ihre Landgebiete akzeptieren oder zulassen, bedeutet dies, dass sie ihre eigene Souver\u00e4nit\u00e4t aufgeben. Und wenn sie ihre eigene Souver\u00e4nit\u00e4t aufgeben, geraten sie in Widerspruch zu ihrer eigenen Verfassung. Die Ukraine wird dann faktisch in St\u00fccke zerfallen.&#8221;<\/p>\n<\/blockquote>\n<p>Alexei Leonkow gab sich in dieser Hinsicht pessimistisch: Er meinte seinerseits, dass die derzeitige ukrainische F\u00fchrung wohl kaum versuchen werde, die Einf\u00fchrung polnischer Truppen zu verhindern:<\/p>\n<blockquote>\n<p>&#8220;Kiew steuert seinen eigenen Staat nicht. Die Ukraine ist kein Subjekt der Politik, sondern ein Objekt. Die Regierung Selenskij wird tun, was ihr in Washington gehei\u00dfen wird.&#8221;<\/p>\n<\/blockquote>\n<p>Allerdings betonten die Analysten: Falls Polens Vorgehen den Verlauf der russischen Milit\u00e4roperation in der Ukraine gef\u00e4hrde, sei Moskau zu einer harten Antwort bereit. Wladimir Olentschenko erinnerte an die bei allen guten Milit\u00e4rs g\u00e4ngige Praxis, f\u00fcr jedes erdenkliche Szenario im Voraus Reaktionspl\u00e4ne zu entwerfen:<\/p>\n<blockquote>\n<p>&#8220;Unsere Position ist klar\u00a0\u2013 wir akzeptieren keine Invasion der Ukraine durch ausl\u00e4ndische Akteure. Unser Pr\u00e4sident hat klar und deutlich gesagt, dass die Reaktion darauf blitzschnell erfolgen wird. Diese Situation wurde durchkalkuliert, und f\u00fcr den Fall, dass es zu St\u00f6rungen kommt, liegt bereits eine L\u00f6sung vor.&#8221;<\/p>\n<\/blockquote>\n<p><strong>Mehr zum Thema<\/strong>\u00a0\u2013 <a target=\"_blank\" href=\"https:\/\/de.rt.com\/international\/131510-chinesische-forscher-usa-brauchen-ukraine\/\" rel=\"noopener\">Chinesische Forscher: USA brauchen Ukraine-Konflikt, um Europas Wirtschaft zu schaden<\/a>\u00a0<\/p>\n<\/p>\n<\/div>\n<p><br \/>\n<br \/><a href=\"https:\/\/de.rt.com\/europa\/137380-militarische-geschichtsrevision-meldungen-uber-polens-plane-friedenstruppen-ukraine-\/\">Source link <\/a><\/p>\n","protected":false},"excerpt":{"rendered":"<p>Analyse von Alexei Latyschow\u00a0und Jelisaweta Komarowa Washington und Warschau arbeiten an Pl\u00e4nen, die milit\u00e4rische und politische Kontrolle Polens \u00fcber die Gebiete der Westukraine zu etablieren. Dies gab der Leiter des russischen Auslandsgeheimdienstes SWR, Sergei Naryschkin, mit Verweis auf sichere Aufkl\u00e4rungsdaten aus mehreren Quellen bekannt. Russlands Auslandsgeheimdienst: Polen will Kontrolle \u00fcber einen Teil der Ukraine erlangen [&hellip;]<\/p>\n","protected":false},"author":3,"featured_media":5164,"comment_status":"open","ping_status":"open","sticky":false,"template":"","format":"standard","meta":{"wp_automatic_camp":["217"],"6c9a9892351d663b45f4ff6f71edb1ef":["Milit\u00e4rische Geschichtsrevision \u2013 Meldungen \u00fcber Polens &quot;Friedenstruppen&quot;-Pl\u00e4ne zur Westukraine"],"original_link":["https:\/\/de.rt.com\/europa\/137380-militarische-geschichtsrevision-meldungen-uber-polens-plane-friedenstruppen-ukraine-\/"],"_thumbnail_id":["5164"],"wp_automatic_remove_first_image":["yes"],"_wptg_p2tg_sent2tg":["2022-04-30 09:06:08"],"jnews_social_counter_last_update":["1776973331"]},"categories":[19,23],"tags":[14416,14417,14415,14418,14419,139,14420,581],"yoast_head":"<!-- This site is optimized with the Yoast SEO Premium plugin v22.7 (Yoast SEO v22.7) - https:\/\/yoast.com\/wordpress\/plugins\/seo\/ -->\n<title>Milit\u00e4rische Geschichtsrevision \u2013 Meldungen \u00fcber Polens &quot;Friedenstruppen&quot;-Pl\u00e4ne zur Westukraine - just-now.NEWS Deutschland<\/title>\n<meta name=\"robots\" content=\"index, follow, max-snippet:-1, max-image-preview:large, max-video-preview:-1\" \/>\n<link rel=\"canonical\" href=\"https:\/\/now-news.de\/de\/deutschland\/militaerische-geschichtsrevision-meldungen-ueber-polens-friedenstruppen-plaene-zur-westukraine\/\" \/>\n<meta property=\"og:locale\" content=\"de_DE\" \/>\n<meta property=\"og:type\" content=\"article\" \/>\n<meta property=\"og:title\" content=\"Milit\u00e4rische Geschichtsrevision \u2013 Meldungen \u00fcber Polens &quot;Friedenstruppen&quot;-Pl\u00e4ne zur Westukraine\" \/>\n<meta property=\"og:description\" content=\"Analyse von Alexei Latyschow\u00a0und Jelisaweta Komarowa Washington und Warschau arbeiten an Pl\u00e4nen, die milit\u00e4rische und politische Kontrolle Polens \u00fcber die Gebiete der Westukraine zu etablieren. Dies gab der Leiter des russischen Auslandsgeheimdienstes SWR, Sergei Naryschkin, mit Verweis auf sichere Aufkl\u00e4rungsdaten aus mehreren Quellen bekannt. Russlands Auslandsgeheimdienst: Polen will Kontrolle \u00fcber einen Teil der Ukraine erlangen [&hellip;]\" \/>\n<meta property=\"og:url\" content=\"https:\/\/now-news.de\/de\/deutschland\/militaerische-geschichtsrevision-meldungen-ueber-polens-friedenstruppen-plaene-zur-westukraine\/\" \/>\n<meta property=\"og:site_name\" content=\"just-now.NEWS Deutschland\" \/>\n<meta property=\"article:publisher\" content=\"https:\/\/www.facebook.com\/wirmachenauf\" \/>\n<meta property=\"article:published_time\" content=\"2022-04-30T07:03:48+00:00\" \/>\n<meta property=\"og:image\" content=\"https:\/\/now-news.de\/de\/wp-content\/uploads\/sites\/3\/2022\/04\/Militaerische-Geschichtsrevision-\u2013-Meldungen-ueber-Polens-quotFriedenstruppenquot-Plaene-zur-Westukraine.jpg\" \/>\n\t<meta property=\"og:image:width\" content=\"1104\" \/>\n\t<meta property=\"og:image:height\" content=\"622\" \/>\n\t<meta property=\"og:image:type\" content=\"image\/jpeg\" \/>\n<meta name=\"author\" content=\"rtnews\" \/>\n<meta name=\"twitter:card\" content=\"summary_large_image\" \/>\n<meta name=\"twitter:creator\" content=\"@WirMachenAuf_de\" \/>\n<meta name=\"twitter:site\" content=\"@WirMachenAuf_de\" \/>\n<meta name=\"twitter:label1\" content=\"Verfasst von\" \/>\n\t<meta name=\"twitter:data1\" content=\"rtnews\" \/>\n\t<meta name=\"twitter:label2\" content=\"Gesch\u00e4tzte Lesezeit\" \/>\n\t<meta name=\"twitter:data2\" content=\"11\u00a0Minuten\" \/>\n<script type=\"application\/ld+json\" class=\"yoast-schema-graph\">{\"@context\":\"https:\/\/schema.org\",\"@graph\":[{\"@type\":\"Article\",\"@id\":\"https:\/\/now-news.de\/de\/deutschland\/militaerische-geschichtsrevision-meldungen-ueber-polens-friedenstruppen-plaene-zur-westukraine\/#article\",\"isPartOf\":{\"@id\":\"https:\/\/now-news.de\/de\/deutschland\/militaerische-geschichtsrevision-meldungen-ueber-polens-friedenstruppen-plaene-zur-westukraine\/\"},\"author\":{\"name\":\"rtnews\",\"@id\":\"https:\/\/now-news.de\/de\/#\/schema\/person\/fb534a4e865501d8b3285208df34a9b5\"},\"headline\":\"Milit\u00e4rische Geschichtsrevision \u2013 Meldungen \u00fcber Polens &quot;Friedenstruppen&quot;-Pl\u00e4ne zur Westukraine\",\"datePublished\":\"2022-04-30T07:03:48+00:00\",\"dateModified\":\"2022-04-30T07:03:48+00:00\",\"mainEntityOfPage\":{\"@id\":\"https:\/\/now-news.de\/de\/deutschland\/militaerische-geschichtsrevision-meldungen-ueber-polens-friedenstruppen-plaene-zur-westukraine\/\"},\"wordCount\":2221,\"commentCount\":0,\"publisher\":{\"@id\":\"https:\/\/now-news.de\/de\/#organization\"},\"image\":{\"@id\":\"https:\/\/now-news.de\/de\/deutschland\/militaerische-geschichtsrevision-meldungen-ueber-polens-friedenstruppen-plaene-zur-westukraine\/#primaryimage\"},\"thumbnailUrl\":\"https:\/\/now-news.de\/de\/wp-content\/uploads\/sites\/3\/2022\/04\/Militaerische-Geschichtsrevision-\u2013-Meldungen-ueber-Polens-quotFriedenstruppenquot-Plaene-zur-Westukraine.jpg\",\"keywords\":[\"Geschichtsrevision\",\"Meldungen\",\"Milit\u00e4rische\",\"Polens\",\"quotFriedenstruppenquotPl\u00e4ne\",\"\u00fcber\",\"Westukraine\",\"zur\"],\"articleSection\":[\"Deutschland\",\"Russland\"],\"inLanguage\":\"de\",\"potentialAction\":[{\"@type\":\"CommentAction\",\"name\":\"Comment\",\"target\":[\"https:\/\/now-news.de\/de\/deutschland\/militaerische-geschichtsrevision-meldungen-ueber-polens-friedenstruppen-plaene-zur-westukraine\/#respond\"]}]},{\"@type\":\"WebPage\",\"@id\":\"https:\/\/now-news.de\/de\/deutschland\/militaerische-geschichtsrevision-meldungen-ueber-polens-friedenstruppen-plaene-zur-westukraine\/\",\"url\":\"https:\/\/now-news.de\/de\/deutschland\/militaerische-geschichtsrevision-meldungen-ueber-polens-friedenstruppen-plaene-zur-westukraine\/\",\"name\":\"Milit\u00e4rische Geschichtsrevision \u2013 Meldungen \u00fcber Polens &quot;Friedenstruppen&quot;-Pl\u00e4ne zur Westukraine - just-now.NEWS Deutschland\",\"isPartOf\":{\"@id\":\"https:\/\/now-news.de\/de\/#website\"},\"primaryImageOfPage\":{\"@id\":\"https:\/\/now-news.de\/de\/deutschland\/militaerische-geschichtsrevision-meldungen-ueber-polens-friedenstruppen-plaene-zur-westukraine\/#primaryimage\"},\"image\":{\"@id\":\"https:\/\/now-news.de\/de\/deutschland\/militaerische-geschichtsrevision-meldungen-ueber-polens-friedenstruppen-plaene-zur-westukraine\/#primaryimage\"},\"thumbnailUrl\":\"https:\/\/now-news.de\/de\/wp-content\/uploads\/sites\/3\/2022\/04\/Militaerische-Geschichtsrevision-\u2013-Meldungen-ueber-Polens-quotFriedenstruppenquot-Plaene-zur-Westukraine.jpg\",\"datePublished\":\"2022-04-30T07:03:48+00:00\",\"dateModified\":\"2022-04-30T07:03:48+00:00\",\"breadcrumb\":{\"@id\":\"https:\/\/now-news.de\/de\/deutschland\/militaerische-geschichtsrevision-meldungen-ueber-polens-friedenstruppen-plaene-zur-westukraine\/#breadcrumb\"},\"inLanguage\":\"de\",\"potentialAction\":[{\"@type\":\"ReadAction\",\"target\":[\"https:\/\/now-news.de\/de\/deutschland\/militaerische-geschichtsrevision-meldungen-ueber-polens-friedenstruppen-plaene-zur-westukraine\/\"]}]},{\"@type\":\"ImageObject\",\"inLanguage\":\"de\",\"@id\":\"https:\/\/now-news.de\/de\/deutschland\/militaerische-geschichtsrevision-meldungen-ueber-polens-friedenstruppen-plaene-zur-westukraine\/#primaryimage\",\"url\":\"https:\/\/now-news.de\/de\/wp-content\/uploads\/sites\/3\/2022\/04\/Militaerische-Geschichtsrevision-\u2013-Meldungen-ueber-Polens-quotFriedenstruppenquot-Plaene-zur-Westukraine.jpg\",\"contentUrl\":\"https:\/\/now-news.de\/de\/wp-content\/uploads\/sites\/3\/2022\/04\/Militaerische-Geschichtsrevision-\u2013-Meldungen-ueber-Polens-quotFriedenstruppenquot-Plaene-zur-Westukraine.jpg\",\"width\":1104,\"height\":622,\"caption\":\"Milit\u00e4rische Geschichtsrevision \u2013 Meldungen \u00fcber Polens &quot;Friedenstruppen&quot;-Pl\u00e4ne zur Westukraine\"},{\"@type\":\"BreadcrumbList\",\"@id\":\"https:\/\/now-news.de\/de\/deutschland\/militaerische-geschichtsrevision-meldungen-ueber-polens-friedenstruppen-plaene-zur-westukraine\/#breadcrumb\",\"itemListElement\":[{\"@type\":\"ListItem\",\"position\":1,\"name\":\"Home\",\"item\":\"https:\/\/now-news.de\/de\/\"},{\"@type\":\"ListItem\",\"position\":2,\"name\":\"Milit\u00e4rische Geschichtsrevision \u2013 Meldungen \u00fcber Polens &quot;Friedenstruppen&quot;-Pl\u00e4ne zur Westukraine\"}]},{\"@type\":\"WebSite\",\"@id\":\"https:\/\/now-news.de\/de\/#website\",\"url\":\"https:\/\/now-news.de\/de\/\",\"name\":\"just-now.NEWS Deutschland\",\"description\":\"Das Portal f\u00fcr unzensierte Nachrichten aus der Welt\",\"publisher\":{\"@id\":\"https:\/\/now-news.de\/de\/#organization\"},\"potentialAction\":[{\"@type\":\"SearchAction\",\"target\":{\"@type\":\"EntryPoint\",\"urlTemplate\":\"https:\/\/now-news.de\/de\/?s={search_term_string}\"},\"query-input\":\"required name=search_term_string\"}],\"inLanguage\":\"de\"},{\"@type\":\"Organization\",\"@id\":\"https:\/\/now-news.de\/de\/#organization\",\"name\":\"Just Now News\",\"url\":\"https:\/\/now-news.de\/de\/\",\"logo\":{\"@type\":\"ImageObject\",\"inLanguage\":\"de\",\"@id\":\"https:\/\/now-news.de\/de\/#\/schema\/logo\/image\/\",\"url\":\"http:\/\/just-now.news\/de\/wp-content\/uploads\/sites\/3\/2022\/04\/logo500x500.jpg\",\"contentUrl\":\"http:\/\/just-now.news\/de\/wp-content\/uploads\/sites\/3\/2022\/04\/logo500x500.jpg\",\"width\":500,\"height\":500,\"caption\":\"Just Now News\"},\"image\":{\"@id\":\"https:\/\/now-news.de\/de\/#\/schema\/logo\/image\/\"},\"sameAs\":[\"https:\/\/www.facebook.com\/wirmachenauf\",\"https:\/\/x.com\/WirMachenAuf_de\"]},{\"@type\":\"Person\",\"@id\":\"https:\/\/now-news.de\/de\/#\/schema\/person\/fb534a4e865501d8b3285208df34a9b5\",\"name\":\"rtnews\",\"image\":{\"@type\":\"ImageObject\",\"inLanguage\":\"de\",\"@id\":\"https:\/\/now-news.de\/de\/#\/schema\/person\/image\/\",\"url\":\"https:\/\/secure.gravatar.com\/avatar\/82aafea7d8127119dd649515f56e2117?s=96&d=mm&r=g\",\"contentUrl\":\"https:\/\/secure.gravatar.com\/avatar\/82aafea7d8127119dd649515f56e2117?s=96&d=mm&r=g\",\"caption\":\"rtnews\"},\"url\":\"https:\/\/now-news.de\/de\/author\/rnews\/\"}]}<\/script>\n<!-- \/ Yoast SEO Premium plugin. -->","yoast_head_json":{"title":"Milit\u00e4rische Geschichtsrevision \u2013 Meldungen \u00fcber Polens &quot;Friedenstruppen&quot;-Pl\u00e4ne zur Westukraine - just-now.NEWS Deutschland","robots":{"index":"index","follow":"follow","max-snippet":"max-snippet:-1","max-image-preview":"max-image-preview:large","max-video-preview":"max-video-preview:-1"},"canonical":"https:\/\/now-news.de\/de\/deutschland\/militaerische-geschichtsrevision-meldungen-ueber-polens-friedenstruppen-plaene-zur-westukraine\/","og_locale":"de_DE","og_type":"article","og_title":"Milit\u00e4rische Geschichtsrevision \u2013 Meldungen \u00fcber Polens &quot;Friedenstruppen&quot;-Pl\u00e4ne zur Westukraine","og_description":"Analyse von Alexei Latyschow\u00a0und Jelisaweta Komarowa Washington und Warschau arbeiten an Pl\u00e4nen, die milit\u00e4rische und politische Kontrolle Polens \u00fcber die Gebiete der Westukraine zu etablieren. Dies gab der Leiter des russischen Auslandsgeheimdienstes SWR, Sergei Naryschkin, mit Verweis auf sichere Aufkl\u00e4rungsdaten aus mehreren Quellen bekannt. Russlands Auslandsgeheimdienst: Polen will Kontrolle \u00fcber einen Teil der Ukraine erlangen [&hellip;]","og_url":"https:\/\/now-news.de\/de\/deutschland\/militaerische-geschichtsrevision-meldungen-ueber-polens-friedenstruppen-plaene-zur-westukraine\/","og_site_name":"just-now.NEWS Deutschland","article_publisher":"https:\/\/www.facebook.com\/wirmachenauf","article_published_time":"2022-04-30T07:03:48+00:00","og_image":[{"width":1104,"height":622,"url":"https:\/\/now-news.de\/de\/wp-content\/uploads\/sites\/3\/2022\/04\/Militaerische-Geschichtsrevision-\u2013-Meldungen-ueber-Polens-quotFriedenstruppenquot-Plaene-zur-Westukraine.jpg","type":"image\/jpeg"}],"author":"rtnews","twitter_card":"summary_large_image","twitter_creator":"@WirMachenAuf_de","twitter_site":"@WirMachenAuf_de","twitter_misc":{"Verfasst von":"rtnews","Gesch\u00e4tzte Lesezeit":"11\u00a0Minuten"},"schema":{"@context":"https:\/\/schema.org","@graph":[{"@type":"Article","@id":"https:\/\/now-news.de\/de\/deutschland\/militaerische-geschichtsrevision-meldungen-ueber-polens-friedenstruppen-plaene-zur-westukraine\/#article","isPartOf":{"@id":"https:\/\/now-news.de\/de\/deutschland\/militaerische-geschichtsrevision-meldungen-ueber-polens-friedenstruppen-plaene-zur-westukraine\/"},"author":{"name":"rtnews","@id":"https:\/\/now-news.de\/de\/#\/schema\/person\/fb534a4e865501d8b3285208df34a9b5"},"headline":"Milit\u00e4rische Geschichtsrevision \u2013 Meldungen \u00fcber Polens &quot;Friedenstruppen&quot;-Pl\u00e4ne zur Westukraine","datePublished":"2022-04-30T07:03:48+00:00","dateModified":"2022-04-30T07:03:48+00:00","mainEntityOfPage":{"@id":"https:\/\/now-news.de\/de\/deutschland\/militaerische-geschichtsrevision-meldungen-ueber-polens-friedenstruppen-plaene-zur-westukraine\/"},"wordCount":2221,"commentCount":0,"publisher":{"@id":"https:\/\/now-news.de\/de\/#organization"},"image":{"@id":"https:\/\/now-news.de\/de\/deutschland\/militaerische-geschichtsrevision-meldungen-ueber-polens-friedenstruppen-plaene-zur-westukraine\/#primaryimage"},"thumbnailUrl":"https:\/\/now-news.de\/de\/wp-content\/uploads\/sites\/3\/2022\/04\/Militaerische-Geschichtsrevision-\u2013-Meldungen-ueber-Polens-quotFriedenstruppenquot-Plaene-zur-Westukraine.jpg","keywords":["Geschichtsrevision","Meldungen","Milit\u00e4rische","Polens","quotFriedenstruppenquotPl\u00e4ne","\u00fcber","Westukraine","zur"],"articleSection":["Deutschland","Russland"],"inLanguage":"de","potentialAction":[{"@type":"CommentAction","name":"Comment","target":["https:\/\/now-news.de\/de\/deutschland\/militaerische-geschichtsrevision-meldungen-ueber-polens-friedenstruppen-plaene-zur-westukraine\/#respond"]}]},{"@type":"WebPage","@id":"https:\/\/now-news.de\/de\/deutschland\/militaerische-geschichtsrevision-meldungen-ueber-polens-friedenstruppen-plaene-zur-westukraine\/","url":"https:\/\/now-news.de\/de\/deutschland\/militaerische-geschichtsrevision-meldungen-ueber-polens-friedenstruppen-plaene-zur-westukraine\/","name":"Milit\u00e4rische Geschichtsrevision \u2013 Meldungen \u00fcber Polens &quot;Friedenstruppen&quot;-Pl\u00e4ne zur Westukraine - just-now.NEWS Deutschland","isPartOf":{"@id":"https:\/\/now-news.de\/de\/#website"},"primaryImageOfPage":{"@id":"https:\/\/now-news.de\/de\/deutschland\/militaerische-geschichtsrevision-meldungen-ueber-polens-friedenstruppen-plaene-zur-westukraine\/#primaryimage"},"image":{"@id":"https:\/\/now-news.de\/de\/deutschland\/militaerische-geschichtsrevision-meldungen-ueber-polens-friedenstruppen-plaene-zur-westukraine\/#primaryimage"},"thumbnailUrl":"https:\/\/now-news.de\/de\/wp-content\/uploads\/sites\/3\/2022\/04\/Militaerische-Geschichtsrevision-\u2013-Meldungen-ueber-Polens-quotFriedenstruppenquot-Plaene-zur-Westukraine.jpg","datePublished":"2022-04-30T07:03:48+00:00","dateModified":"2022-04-30T07:03:48+00:00","breadcrumb":{"@id":"https:\/\/now-news.de\/de\/deutschland\/militaerische-geschichtsrevision-meldungen-ueber-polens-friedenstruppen-plaene-zur-westukraine\/#breadcrumb"},"inLanguage":"de","potentialAction":[{"@type":"ReadAction","target":["https:\/\/now-news.de\/de\/deutschland\/militaerische-geschichtsrevision-meldungen-ueber-polens-friedenstruppen-plaene-zur-westukraine\/"]}]},{"@type":"ImageObject","inLanguage":"de","@id":"https:\/\/now-news.de\/de\/deutschland\/militaerische-geschichtsrevision-meldungen-ueber-polens-friedenstruppen-plaene-zur-westukraine\/#primaryimage","url":"https:\/\/now-news.de\/de\/wp-content\/uploads\/sites\/3\/2022\/04\/Militaerische-Geschichtsrevision-\u2013-Meldungen-ueber-Polens-quotFriedenstruppenquot-Plaene-zur-Westukraine.jpg","contentUrl":"https:\/\/now-news.de\/de\/wp-content\/uploads\/sites\/3\/2022\/04\/Militaerische-Geschichtsrevision-\u2013-Meldungen-ueber-Polens-quotFriedenstruppenquot-Plaene-zur-Westukraine.jpg","width":1104,"height":622,"caption":"Milit\u00e4rische Geschichtsrevision \u2013 Meldungen \u00fcber Polens &quot;Friedenstruppen&quot;-Pl\u00e4ne zur Westukraine"},{"@type":"BreadcrumbList","@id":"https:\/\/now-news.de\/de\/deutschland\/militaerische-geschichtsrevision-meldungen-ueber-polens-friedenstruppen-plaene-zur-westukraine\/#breadcrumb","itemListElement":[{"@type":"ListItem","position":1,"name":"Home","item":"https:\/\/now-news.de\/de\/"},{"@type":"ListItem","position":2,"name":"Milit\u00e4rische Geschichtsrevision \u2013 Meldungen \u00fcber Polens &quot;Friedenstruppen&quot;-Pl\u00e4ne zur Westukraine"}]},{"@type":"WebSite","@id":"https:\/\/now-news.de\/de\/#website","url":"https:\/\/now-news.de\/de\/","name":"just-now.NEWS Deutschland","description":"Das Portal f\u00fcr unzensierte Nachrichten aus der Welt","publisher":{"@id":"https:\/\/now-news.de\/de\/#organization"},"potentialAction":[{"@type":"SearchAction","target":{"@type":"EntryPoint","urlTemplate":"https:\/\/now-news.de\/de\/?s={search_term_string}"},"query-input":"required name=search_term_string"}],"inLanguage":"de"},{"@type":"Organization","@id":"https:\/\/now-news.de\/de\/#organization","name":"Just Now News","url":"https:\/\/now-news.de\/de\/","logo":{"@type":"ImageObject","inLanguage":"de","@id":"https:\/\/now-news.de\/de\/#\/schema\/logo\/image\/","url":"http:\/\/just-now.news\/de\/wp-content\/uploads\/sites\/3\/2022\/04\/logo500x500.jpg","contentUrl":"http:\/\/just-now.news\/de\/wp-content\/uploads\/sites\/3\/2022\/04\/logo500x500.jpg","width":500,"height":500,"caption":"Just Now News"},"image":{"@id":"https:\/\/now-news.de\/de\/#\/schema\/logo\/image\/"},"sameAs":["https:\/\/www.facebook.com\/wirmachenauf","https:\/\/x.com\/WirMachenAuf_de"]},{"@type":"Person","@id":"https:\/\/now-news.de\/de\/#\/schema\/person\/fb534a4e865501d8b3285208df34a9b5","name":"rtnews","image":{"@type":"ImageObject","inLanguage":"de","@id":"https:\/\/now-news.de\/de\/#\/schema\/person\/image\/","url":"https:\/\/secure.gravatar.com\/avatar\/82aafea7d8127119dd649515f56e2117?s=96&d=mm&r=g","contentUrl":"https:\/\/secure.gravatar.com\/avatar\/82aafea7d8127119dd649515f56e2117?s=96&d=mm&r=g","caption":"rtnews"},"url":"https:\/\/now-news.de\/de\/author\/rnews\/"}]}},"_links":{"self":[{"href":"https:\/\/now-news.de\/de\/wp-json\/wp\/v2\/posts\/5163"}],"collection":[{"href":"https:\/\/now-news.de\/de\/wp-json\/wp\/v2\/posts"}],"about":[{"href":"https:\/\/now-news.de\/de\/wp-json\/wp\/v2\/types\/post"}],"author":[{"embeddable":true,"href":"https:\/\/now-news.de\/de\/wp-json\/wp\/v2\/users\/3"}],"replies":[{"embeddable":true,"href":"https:\/\/now-news.de\/de\/wp-json\/wp\/v2\/comments?post=5163"}],"version-history":[{"count":0,"href":"https:\/\/now-news.de\/de\/wp-json\/wp\/v2\/posts\/5163\/revisions"}],"wp:featuredmedia":[{"embeddable":true,"href":"https:\/\/now-news.de\/de\/wp-json\/wp\/v2\/media\/5164"}],"wp:attachment":[{"href":"https:\/\/now-news.de\/de\/wp-json\/wp\/v2\/media?parent=5163"}],"wp:term":[{"taxonomy":"category","embeddable":true,"href":"https:\/\/now-news.de\/de\/wp-json\/wp\/v2\/categories?post=5163"},{"taxonomy":"post_tag","embeddable":true,"href":"https:\/\/now-news.de\/de\/wp-json\/wp\/v2\/tags?post=5163"}],"curies":[{"name":"wp","href":"https:\/\/api.w.org\/{rel}","templated":true}]}}