{"id":51580,"date":"2023-12-15T10:07:03","date_gmt":"2023-12-15T08:07:03","guid":{"rendered":"https:\/\/just-now.news\/de\/deutschland\/der-deutschlandfunk-praesentiert-erste-klimamigranten-deutschlands-aus-dem-ahrtal-geflohen\/"},"modified":"2023-12-15T10:07:03","modified_gmt":"2023-12-15T08:07:03","slug":"der-deutschlandfunk-praesentiert-erste-klimamigranten-deutschlands-aus-dem-ahrtal-geflohen","status":"publish","type":"post","link":"https:\/\/now-news.de\/de\/deutschland\/der-deutschlandfunk-praesentiert-erste-klimamigranten-deutschlands-aus-dem-ahrtal-geflohen\/","title":{"rendered":"Der Deutschlandfunk pr\u00e4sentiert erste &quot;Klimamigranten Deutschlands&quot; \u2013 aus dem Ahrtal geflohen"},"content":{"rendered":"<div class=\"Text-root Text-type_1 \">\n                &#8220;Davon geht die Welt nicht unter&#8221;, lautet ein altes Schunkellied aus vergangenen Zeiten. F\u00fcr die Bundesregierung und ihr zuarbeitende Medien sind beim Thema Klima und den zugeh\u00f6rigen Weltuntergangsszenarien bereits alle &#8220;Kipppunkte&#8221; \u00fcberschritten. Ein DLF-Podcast am\u00fcsiert durch das geschickte Verflechten mehrerer Auftragsthemen.\n            <\/div>\n<p><\/p>\n<div class=\"Text-root Text-type_5 ArticleView-text ViewText-root \">\n<p><em>Von Bernhard Loyen<\/em><\/p>\n<p>&#8220;Wenn wir den Klimawandel nicht endlich als Notfall behandeln&#8221;, dann muss der\u00a0durch Rundfunkbeitr\u00e4ge finanzierte\u00a0<em>Deutschlandfunk<\/em>\u00a0endlich einschreiten. Eine themenbezogene\u00a0<a rel=\"nofollow noopener\" target=\"_blank\" href=\"https:\/\/www.deutschlandfunk.de\/schmetterlingseffekt-folge-05-klimamigration-dlf-62f9cba2-100.html\">Podcast<\/a>-Sendung vom 6. Dezember hei\u00dft daher regierungsdienlich:\u00a0<\/p>\n<p><em>&#8220;Klimamigration: Dennis, der Flut-Fl\u00fcchtling \u2013 Dennis aus dem Ahrtal ist jetzt Dennis aus der Eifel. Er geh\u00f6rt zu den ersten Klimamigranten Deutschlands. Es werden viele folgen, sagt Expertin Kira Vinke voraus.&#8221;<\/em><\/p>\n<p>Als zweiter deutscher Klimafl\u00fcchtling wird die Niki pr\u00e4sentiert, ebenfalls aus dem Ahrtal und ehemals nur Tinder-Kontakt, jetzt aber Lebensgef\u00e4hrtin von Dennis, einst aus dem Ahrtal.<\/p>\n<figure class=\"RTImage-root\">\n<div class=\"RTImage-image RTImage-original\"><picture class=\"Picture-root Picture-original\"><!--[if IE 9]><video style=\"display: none;\"><![endif]--><source media=\"(-webkit-min-device-pixel-ratio: 2) and (min-resolution: 120dpi)\" data-srcset=\" \nhttp:\/\/just-now.news\/de\/wp-content\/uploads\/sites\/3\/2023\/12\/657b07b848fbef04737a9ae8.jpg 850w,\n                http:\/\/just-now.news\/de\/wp-content\/uploads\/sites\/3\/2023\/12\/657b07b848fbef04737a9ae8.jpg 1960w,\n            \" ><source data-srcset=\" \nhttp:\/\/just-now.news\/de\/wp-content\/uploads\/sites\/3\/2023\/12\/657b07b848fbef04737a9ae8.jpg 460w,\n              http:\/\/just-now.news\/de\/wp-content\/uploads\/sites\/3\/2023\/12\/657b07b848fbef04737a9ae8.jpg 980w,\n            \" ><!--[if IE 9]><\/video><![endif]--><img decoding=\"async\" data- src=\"data:image\/png;base64,iVBORw0KGgoAAAANSUhEUgAAABAAAAAJCAQAAACRI2S5AAAAEElEQVR42mNkIAAYRxWAAQAG9gAKqv6+AwAAAABJRU5ErkJggg==\" class=\"Picture-root Picture-original lazyload\" data-src=\"http:\/\/just-now.news\/de\/wp-content\/uploads\/sites\/3\/2023\/12\/657b07b848fbef04737a9ae8.jpg\" alt=\"\"><\/source><\/source><\/picture><!-- noscript pattern --><noscript><img decoding=\"async\" src=\"http:\/\/just-now.news\/de\/wp-content\/uploads\/sites\/3\/2023\/12\/657b07b848fbef04737a9ae8.jpg\" alt=\"\"><\/noscript><\/div><figcaption class=\"RTImage-footer\"><span class=\"RTImage-caption\"><span class=\"RTImage-captionItem\">Prima Klima beim DLF<\/span><\/span><span class=\"RTImage-source\"><span class=\"RTImage-captionItem\">Screenshot: DLF\/Instagram<\/span><\/span><\/figcaption><\/figure>\n<p>Aus welcher Senke des Ahrtals die Beiden gefl\u00fcchtet sind, also migrieren mussten, erf\u00e4hrt der H\u00f6rer leider nicht, der im Podcast erw\u00e4hnte <a rel=\"nofollow noopener\" target=\"_blank\" href=\"https:\/\/www.nw.de\/lokal\/kreis_minden_luebbecke\/pr_oldendorf\/23073369_Die-Braut-aus-der-Flut-Bad-Holzhausenerin-spendet-Hochzeitskleid.html\">Lokalartikel<\/a> \u00fcber die Protagonisten\u00a0liegt leider hinter\u00a0einer Bezahlschranke. Dennis und Niki haben nach den Flutereignissen im Juli 2021 all ihr Hab und Gut verloren. Nachbarn kamen sogar zu Tode. &#8220;Die Geschichte&#8221; der beiden Protagonisten w\u00fcrde &#8220;uns zeigen&#8221;, dass das Thema Klimawandel daher vollkommen untersch\u00e4tzt wird, denn die\u00a0<em>DLF<\/em>-Moderatorin erkl\u00e4rt:<\/p>\n<p><em>&#8220;Und man k\u00f6nnte es ja trotzdem so sehen: Klimamigration wirkt erstmal wie ein echter Gleichmacher. Es kann uns wirklich alle treffen, alle Menschen. Es gibt nur einen Planeten, und der ger\u00e4t immer weiter aus dem Gleichgewicht. Ein Fl\u00fcgelschlag reicht,\u00a0um ein\u00a0Zuhause dem Erdboden gleichzumachen.&#8221;<\/em><\/p>\n<p>In der Wahrnehmung der meisten noch immer in Bezug auf das Klima blinden Deutschen\u00a0passiere so etwas bis dato &#8220;eben nur im S\u00fcden der Welt&#8221;,\u00a0nun aber nachweislich auch im Ahrtal \u2013 nachdr\u00fccklich real und medial manifestiert. Dennis und Niki konnten ihre Tiere retten, erf\u00e4hrt der Zuh\u00f6rer weiter, ansonsten war &#8220;viel weg und alles zerst\u00f6rt, vom Bett, bis zum Fotoalbum und Tesa-Roller&#8221;. Der gr\u00f6\u00dfte Verlust f\u00fcr Niki &#8220;war ihr Hochzeitskleid&#8221; f\u00fcr die urspr\u00fcnglich bereits geplante Eheschlie\u00dfung. Sie h\u00e4tte sich damit abgefunden, denn &#8220;Niki: Es ist tats\u00e4chlich nicht mehr gefunden worden&#8221;.\u00a0<\/p>\n<p>Das\u00a0&#8220;riesige&#8221;\u00a0Gl\u00fcck der beiden Klimamigranten w\u00e4re jedoch bei alledem gewesen, dass &#8220;die deutsche B\u00fcrokratie einigerma\u00dfen funktioniert. Weil sie eine Hausratsversicherung haben und in einem Land leben, das noch immer zu den reichsten der Welt\u00a0geh\u00f6rt. Top 20&#8221;. Ob das die vielen Menschen, die der Region aus individuellen Gr\u00fcnden treu geblieben sind, \u00e4hnlich zusammenfassen w\u00fcrden oder k\u00f6nnten, w\u00e4re von Interesse, aber leider nicht f\u00fcr die <em>DLF<\/em>-Moderatorin. Wichtiger\u00a0war es f\u00fcr die Redaktion, im weiteren Podcast \u00fcber drohende Klimakatastrophen im Pazifik oder in Indien aufzukl\u00e4ren. Das zweite gro\u00dfe Gl\u00fcck war dann der Moment, als eine Brautladenbesitzerin\u00a0dem Paar, also Niki, mit einem Hochzeitskleid aushalf. Das Leben kann auch vor der Immigration noch sehr sch\u00f6n sein.\u00a0<\/p>\n<p>Vollkommen nebens\u00e4chlich und einfach mal zur Erinnerung sei am Rande erw\u00e4hnt, dass die politische hauptverantwortliche Person f\u00fcr die Ahrtal-Katastrophe, n\u00e4mlich Malu Dreyer (SPD), j\u00fcngst in Berlin von ihrem Parteikollegen Frank-Walter Steinmeier das &#8220;<a rel=\"nofollow noopener\" target=\"_blank\" href=\"https:\/\/freedert.online\/inland\/187977-steinmeiers-corona-aufarbeitung-sechs-verdienstkreuze\/\">Gro\u00dfe Verdienstkreuz<\/a>\u00a0mit Stern und Schulterband des Verdienstordens der Bundesrepublik Deutschland&#8221; verliehen bekam.\u00a0<\/p>\n<\/p>\n<p>Die praktische Solidarit\u00e4t, welche die Bewohner im Ahrtal erfuhren, k\u00f6nnte daher der &#8220;Kipppunkt&#8221; gewesen sein bei allen Menschen im Land, um doch endlich bitte zu realisieren: die\u00a0Klimakriese\u00a0steht &#8220;vor der eigenen Haust\u00fcr&#8221;. Nein, dem ist leider nicht so, bedauert der Klimakrisen-Fachmann\u00a0Bijan Moini, daher muss der\u00a0<em>DLF<\/em>\u00a0ja auch solche Podcasts produzieren, in denen die &#8220;Klimawissenschaftlerin&#8221;\u00a0Kira Vinke ganz nebenbei auch auf ihr Buch hinweisen darf. Das Buch tr\u00e4gt den f\u00fcr den Podcast super passenden Titel &#8220;Sturmnomaden: Wie der Klimawandel uns Menschen die Heimat raubt&#8221;.\u00a0Die Klimakrise wird n\u00e4mlich zeitnah vielen &#8220;Millionen die Lebensgrundlage entziehen&#8221;, nicht nur\u00a0Dennis und Niki \u2013 aber die hatten\u00a0ja Gott sei Dank Gl\u00fcck mit der Wahl ihrer\u00a0Hausratsversicherung und konnten dadurch etwas sorgenfreier in die Eifel immigrieren.<\/p>\n<p>Moini ist dagegen nur\u00a0<em>DLF<\/em>-Mitarbeiter. Er darf in dem Beitrag erkl\u00e4ren, dass Wasser aktuell oft als Metapher f\u00fcr Migrationsbewegungen missbraucht w\u00fcrde, da &#8220;sprechen Medien von Fl\u00fcchtlingswellen, -str\u00f6men, -fluten&#8221;. Das w\u00e4ren &#8220;gef\u00e4hrliche Bilder&#8221;, weil sie aus &#8220;fliehenden Menschen Naturgewalten machen&#8221; w\u00fcrden.\u00a0<\/p>\n<p>Dennis h\u00e4tte dann &#8220;seine Aufr\u00e4um-WhatsApp-Gruppe gel\u00f6scht&#8221; \u2013 weil er migrieren musste oder aus anderen Gr\u00fcnden? Der Zuh\u00f6rer erf\u00e4hrt es leider nicht, es gibt auch keine Ank\u00fcndigung einer Fortsetzung bei <em>DLF<\/em>, um noch mehr zu den Gr\u00fcnden der Emigration aus dem Ahrtal zu erfahren. Die n\u00e4chste Folge der <em>DLF<\/em>-Podcast-Reihe &#8220;Schmetterlingseffekt&#8221; handelt n\u00e4mlich zwar auch\u00a0vom einem\u00a0&#8220;Klima&#8221;, aber von jenem gesellschaftlichen Klima in Ostdeutschland. Dann geht es um eine Laura, eine Lehrerin, &#8220;die auch aus ihrer Heimat vertrieben wird&#8221;, allerdings\u00a0&#8220;durch rechtsextremen Schei\u00df&#8221; von b\u00f6sen Sch\u00fclern.<\/p>\n<p>Wie eine Recherche ergibt, handelt es sich wohl um\u00a0Laura Nickel. Den <a rel=\"nofollow noopener\" target=\"_blank\" href=\"https:\/\/www.fr.de\/politik\/hakenkreuze-und-hitlergruss-brandbrief-aus-brandenburg-92305447.html\">Artikel<\/a> zur\u00a0voraussichtlich eingeladenen Podcast-Vertriebenen liest man bei der <em>Frankfurter Rundschau<\/em> unter der \u00dcberschrift: &#8220;Hakenkreuze und Hitlergru\u00df: Brandbrief aus Brandenburg&#8221;.\u00a0Frau Nickel hat \u00fcbrigens nach ihrer Vertreibung aus Burg im Spreewald im sicheren Berlin bereits den &#8220;<a rel=\"nofollow noopener\" target=\"_blank\" href=\"https:\/\/www.rbb24.de\/studiocottbus\/politik\/2023\/07\/brandenburg-burg-spreewald-schule-ehrung-lehrer-rechtsextremismus.html\">Preis f\u00fcr Zivilcourage<\/a> der J\u00fcdischen Gemeinde Berlin und der Stiftung Denkmal f\u00fcr die ermordeten Juden Europas&#8221; entgegennehmen k\u00f6nnen.<\/p>\n<p>Der <em>Deutschlandfunk<\/em> kommt mit seiner Spezial-Redaktion Schmetterlingseffekt damit den Hausaufgaben par excellence nach. Vom Thema &#8220;Klima&#8221;, dem Thema Nummer 2 nach der &#8220;Ukraine&#8221; beim Bundeskanzleramt, flie\u00dfend zum Rechtsextremismus in Ostdeutschland, dem Lieblingsthema der Bundesinnenministerin Nancy Faeser. Ein\u00a0GEZ-Geb\u00fchrensender, der einfach perfekt und routiniert seine Auftragsarbeit erledigt.<\/p>\n<p><strong>Mehr zum Thema &#8211;<\/strong>\u00a0<a rel=\"nofollow noopener\" target=\"_blank\" href=\"https:\/\/freedert.online\/inland\/170935-aus-rache-fuer-fdp-blockade\/\">Aus Rache f\u00fcr FDP-Blockade beim Heizungsgesetz: Blockieren die Gr\u00fcnen Ahrtal-Hilfen?<\/a><\/p>\n<\/div>\n<p><br \/>\n<br \/><a href=\"https:\/\/de.rt.com\/inland\/189875-deutschlandfunk-praesentiert-erste-klimamigranten-deutschlands\/\">Source link <\/a><\/p>\n","protected":false},"excerpt":{"rendered":"<p>&#8220;Davon geht die Welt nicht unter&#8221;, lautet ein altes Schunkellied aus vergangenen Zeiten. F\u00fcr die Bundesregierung und ihr zuarbeitende Medien sind beim Thema Klima und den zugeh\u00f6rigen Weltuntergangsszenarien bereits alle &#8220;Kipppunkte&#8221; \u00fcberschritten. Ein DLF-Podcast am\u00fcsiert durch das geschickte Verflechten mehrerer Auftragsthemen. Von Bernhard Loyen &#8220;Wenn wir den Klimawandel nicht endlich als Notfall behandeln&#8221;, dann muss [&hellip;]<\/p>\n","protected":false},"author":3,"featured_media":51581,"comment_status":"open","ping_status":"open","sticky":false,"template":"","format":"standard","meta":{"_yoast_indexnow_last_ping":["1702628330"],"wp_automatic_camp":["217"],"bd88e732c3836643933008c17f7b477e":["Der Deutschlandfunk pr\u00e4sentiert erste &quot;Klimamigranten Deutschlands&quot; \u2013 aus dem Ahrtal geflohen"],"original_link":["https:\/\/de.rt.com\/inland\/189875-deutschlandfunk-praesentiert-erste-klimamigranten-deutschlands\/"],"_thumbnail_id":["51581"],"_wptgpro_p2tg_sent2tg":["a:1:{i:23737;s:19:\"2023-12-15 10:21:02\";}"],"jnews_social_counter_last_update":["1776572330"]},"categories":[19,23],"tags":[26130,679,134,82,28678,25440,274,51610,9199,51609],"yoast_head":"<!-- This site is optimized with the Yoast SEO Premium plugin v22.7 (Yoast SEO v22.7) - https:\/\/yoast.com\/wordpress\/plugins\/seo\/ -->\n<title>Der Deutschlandfunk pr\u00e4sentiert erste &quot;Klimamigranten Deutschlands&quot; \u2013 aus dem Ahrtal geflohen - just-now.NEWS Deutschland<\/title>\n<meta name=\"robots\" content=\"index, follow, max-snippet:-1, max-image-preview:large, max-video-preview:-1\" \/>\n<link rel=\"canonical\" href=\"https:\/\/now-news.de\/de\/deutschland\/der-deutschlandfunk-praesentiert-erste-klimamigranten-deutschlands-aus-dem-ahrtal-geflohen\/\" \/>\n<meta property=\"og:locale\" content=\"de_DE\" \/>\n<meta property=\"og:type\" content=\"article\" \/>\n<meta property=\"og:title\" content=\"Der Deutschlandfunk pr\u00e4sentiert erste &quot;Klimamigranten Deutschlands&quot; \u2013 aus dem Ahrtal geflohen\" \/>\n<meta property=\"og:description\" content=\"&#8220;Davon geht die Welt nicht unter&#8221;, lautet ein altes Schunkellied aus vergangenen Zeiten. F\u00fcr die Bundesregierung und ihr zuarbeitende Medien sind beim Thema Klima und den zugeh\u00f6rigen Weltuntergangsszenarien bereits alle &#8220;Kipppunkte&#8221; \u00fcberschritten. Ein DLF-Podcast am\u00fcsiert durch das geschickte Verflechten mehrerer Auftragsthemen. Von Bernhard Loyen &#8220;Wenn wir den Klimawandel nicht endlich als Notfall behandeln&#8221;, dann muss [&hellip;]\" \/>\n<meta property=\"og:url\" content=\"https:\/\/now-news.de\/de\/deutschland\/der-deutschlandfunk-praesentiert-erste-klimamigranten-deutschlands-aus-dem-ahrtal-geflohen\/\" \/>\n<meta property=\"og:site_name\" content=\"just-now.NEWS Deutschland\" \/>\n<meta property=\"article:publisher\" content=\"https:\/\/www.facebook.com\/wirmachenauf\" \/>\n<meta property=\"article:published_time\" content=\"2023-12-15T08:07:03+00:00\" \/>\n<meta property=\"og:image\" content=\"https:\/\/now-news.de\/de\/wp-content\/uploads\/sites\/3\/2023\/12\/Der-Deutschlandfunk-praesentiert-erste-quotKlimamigranten-Deutschlandsquot-\u2013-aus-dem-Ahrtal.jpg\" \/>\n\t<meta property=\"og:image:width\" content=\"633\" \/>\n\t<meta property=\"og:image:height\" content=\"1080\" \/>\n\t<meta property=\"og:image:type\" content=\"image\/jpeg\" \/>\n<meta name=\"author\" content=\"rtnews\" \/>\n<meta name=\"twitter:card\" content=\"summary_large_image\" \/>\n<meta name=\"twitter:creator\" content=\"@WirMachenAuf_de\" \/>\n<meta name=\"twitter:site\" content=\"@WirMachenAuf_de\" \/>\n<meta name=\"twitter:label1\" content=\"Verfasst von\" \/>\n\t<meta name=\"twitter:data1\" content=\"rtnews\" \/>\n\t<meta name=\"twitter:label2\" content=\"Gesch\u00e4tzte Lesezeit\" \/>\n\t<meta name=\"twitter:data2\" content=\"5\u00a0Minuten\" \/>\n<script type=\"application\/ld+json\" class=\"yoast-schema-graph\">{\"@context\":\"https:\/\/schema.org\",\"@graph\":[{\"@type\":\"Article\",\"@id\":\"https:\/\/now-news.de\/de\/deutschland\/der-deutschlandfunk-praesentiert-erste-klimamigranten-deutschlands-aus-dem-ahrtal-geflohen\/#article\",\"isPartOf\":{\"@id\":\"https:\/\/now-news.de\/de\/deutschland\/der-deutschlandfunk-praesentiert-erste-klimamigranten-deutschlands-aus-dem-ahrtal-geflohen\/\"},\"author\":{\"name\":\"rtnews\",\"@id\":\"https:\/\/now-news.de\/de\/#\/schema\/person\/fb534a4e865501d8b3285208df34a9b5\"},\"headline\":\"Der Deutschlandfunk pr\u00e4sentiert erste &quot;Klimamigranten Deutschlands&quot; \u2013 aus dem Ahrtal geflohen\",\"datePublished\":\"2023-12-15T08:07:03+00:00\",\"dateModified\":\"2023-12-15T08:07:03+00:00\",\"mainEntityOfPage\":{\"@id\":\"https:\/\/now-news.de\/de\/deutschland\/der-deutschlandfunk-praesentiert-erste-klimamigranten-deutschlands-aus-dem-ahrtal-geflohen\/\"},\"wordCount\":970,\"commentCount\":0,\"publisher\":{\"@id\":\"https:\/\/now-news.de\/de\/#organization\"},\"image\":{\"@id\":\"https:\/\/now-news.de\/de\/deutschland\/der-deutschlandfunk-praesentiert-erste-klimamigranten-deutschlands-aus-dem-ahrtal-geflohen\/#primaryimage\"},\"thumbnailUrl\":\"https:\/\/now-news.de\/de\/wp-content\/uploads\/sites\/3\/2023\/12\/Der-Deutschlandfunk-praesentiert-erste-quotKlimamigranten-Deutschlandsquot-\u2013-aus-dem-Ahrtal.jpg\",\"keywords\":[\"Ahrtal\",\"aus\",\"DEM\",\"der\",\"Deutschlandfunk\",\"Deutschlandsquot\",\"Erste\",\"geflohen\",\"pr\u00e4sentiert\",\"quotKlimamigranten\"],\"articleSection\":[\"Deutschland\",\"Russland\"],\"inLanguage\":\"de\",\"potentialAction\":[{\"@type\":\"CommentAction\",\"name\":\"Comment\",\"target\":[\"https:\/\/now-news.de\/de\/deutschland\/der-deutschlandfunk-praesentiert-erste-klimamigranten-deutschlands-aus-dem-ahrtal-geflohen\/#respond\"]}]},{\"@type\":\"WebPage\",\"@id\":\"https:\/\/now-news.de\/de\/deutschland\/der-deutschlandfunk-praesentiert-erste-klimamigranten-deutschlands-aus-dem-ahrtal-geflohen\/\",\"url\":\"https:\/\/now-news.de\/de\/deutschland\/der-deutschlandfunk-praesentiert-erste-klimamigranten-deutschlands-aus-dem-ahrtal-geflohen\/\",\"name\":\"Der Deutschlandfunk pr\u00e4sentiert erste &quot;Klimamigranten Deutschlands&quot; \u2013 aus dem Ahrtal geflohen - just-now.NEWS Deutschland\",\"isPartOf\":{\"@id\":\"https:\/\/now-news.de\/de\/#website\"},\"primaryImageOfPage\":{\"@id\":\"https:\/\/now-news.de\/de\/deutschland\/der-deutschlandfunk-praesentiert-erste-klimamigranten-deutschlands-aus-dem-ahrtal-geflohen\/#primaryimage\"},\"image\":{\"@id\":\"https:\/\/now-news.de\/de\/deutschland\/der-deutschlandfunk-praesentiert-erste-klimamigranten-deutschlands-aus-dem-ahrtal-geflohen\/#primaryimage\"},\"thumbnailUrl\":\"https:\/\/now-news.de\/de\/wp-content\/uploads\/sites\/3\/2023\/12\/Der-Deutschlandfunk-praesentiert-erste-quotKlimamigranten-Deutschlandsquot-\u2013-aus-dem-Ahrtal.jpg\",\"datePublished\":\"2023-12-15T08:07:03+00:00\",\"dateModified\":\"2023-12-15T08:07:03+00:00\",\"breadcrumb\":{\"@id\":\"https:\/\/now-news.de\/de\/deutschland\/der-deutschlandfunk-praesentiert-erste-klimamigranten-deutschlands-aus-dem-ahrtal-geflohen\/#breadcrumb\"},\"inLanguage\":\"de\",\"potentialAction\":[{\"@type\":\"ReadAction\",\"target\":[\"https:\/\/now-news.de\/de\/deutschland\/der-deutschlandfunk-praesentiert-erste-klimamigranten-deutschlands-aus-dem-ahrtal-geflohen\/\"]}]},{\"@type\":\"ImageObject\",\"inLanguage\":\"de\",\"@id\":\"https:\/\/now-news.de\/de\/deutschland\/der-deutschlandfunk-praesentiert-erste-klimamigranten-deutschlands-aus-dem-ahrtal-geflohen\/#primaryimage\",\"url\":\"https:\/\/now-news.de\/de\/wp-content\/uploads\/sites\/3\/2023\/12\/Der-Deutschlandfunk-praesentiert-erste-quotKlimamigranten-Deutschlandsquot-\u2013-aus-dem-Ahrtal.jpg\",\"contentUrl\":\"https:\/\/now-news.de\/de\/wp-content\/uploads\/sites\/3\/2023\/12\/Der-Deutschlandfunk-praesentiert-erste-quotKlimamigranten-Deutschlandsquot-\u2013-aus-dem-Ahrtal.jpg\",\"width\":633,\"height\":1080,\"caption\":\"Der Deutschlandfunk pr\u00e4sentiert erste &quot;Klimamigranten Deutschlands&quot; \u2013 aus dem Ahrtal geflohen\"},{\"@type\":\"BreadcrumbList\",\"@id\":\"https:\/\/now-news.de\/de\/deutschland\/der-deutschlandfunk-praesentiert-erste-klimamigranten-deutschlands-aus-dem-ahrtal-geflohen\/#breadcrumb\",\"itemListElement\":[{\"@type\":\"ListItem\",\"position\":1,\"name\":\"Home\",\"item\":\"https:\/\/now-news.de\/de\/\"},{\"@type\":\"ListItem\",\"position\":2,\"name\":\"Der Deutschlandfunk pr\u00e4sentiert erste &quot;Klimamigranten Deutschlands&quot; \u2013 aus dem Ahrtal geflohen\"}]},{\"@type\":\"WebSite\",\"@id\":\"https:\/\/now-news.de\/de\/#website\",\"url\":\"https:\/\/now-news.de\/de\/\",\"name\":\"just-now.NEWS Deutschland\",\"description\":\"Das Portal f\u00fcr unzensierte Nachrichten aus der Welt\",\"publisher\":{\"@id\":\"https:\/\/now-news.de\/de\/#organization\"},\"potentialAction\":[{\"@type\":\"SearchAction\",\"target\":{\"@type\":\"EntryPoint\",\"urlTemplate\":\"https:\/\/now-news.de\/de\/?s={search_term_string}\"},\"query-input\":\"required name=search_term_string\"}],\"inLanguage\":\"de\"},{\"@type\":\"Organization\",\"@id\":\"https:\/\/now-news.de\/de\/#organization\",\"name\":\"Just Now News\",\"url\":\"https:\/\/now-news.de\/de\/\",\"logo\":{\"@type\":\"ImageObject\",\"inLanguage\":\"de\",\"@id\":\"https:\/\/now-news.de\/de\/#\/schema\/logo\/image\/\",\"url\":\"http:\/\/just-now.news\/de\/wp-content\/uploads\/sites\/3\/2022\/04\/logo500x500.jpg\",\"contentUrl\":\"http:\/\/just-now.news\/de\/wp-content\/uploads\/sites\/3\/2022\/04\/logo500x500.jpg\",\"width\":500,\"height\":500,\"caption\":\"Just Now News\"},\"image\":{\"@id\":\"https:\/\/now-news.de\/de\/#\/schema\/logo\/image\/\"},\"sameAs\":[\"https:\/\/www.facebook.com\/wirmachenauf\",\"https:\/\/x.com\/WirMachenAuf_de\"]},{\"@type\":\"Person\",\"@id\":\"https:\/\/now-news.de\/de\/#\/schema\/person\/fb534a4e865501d8b3285208df34a9b5\",\"name\":\"rtnews\",\"image\":{\"@type\":\"ImageObject\",\"inLanguage\":\"de\",\"@id\":\"https:\/\/now-news.de\/de\/#\/schema\/person\/image\/\",\"url\":\"https:\/\/secure.gravatar.com\/avatar\/82aafea7d8127119dd649515f56e2117?s=96&d=mm&r=g\",\"contentUrl\":\"https:\/\/secure.gravatar.com\/avatar\/82aafea7d8127119dd649515f56e2117?s=96&d=mm&r=g\",\"caption\":\"rtnews\"},\"url\":\"https:\/\/now-news.de\/de\/author\/rnews\/\"}]}<\/script>\n<!-- \/ Yoast SEO Premium plugin. -->","yoast_head_json":{"title":"Der Deutschlandfunk pr\u00e4sentiert erste &quot;Klimamigranten Deutschlands&quot; \u2013 aus dem Ahrtal geflohen - just-now.NEWS Deutschland","robots":{"index":"index","follow":"follow","max-snippet":"max-snippet:-1","max-image-preview":"max-image-preview:large","max-video-preview":"max-video-preview:-1"},"canonical":"https:\/\/now-news.de\/de\/deutschland\/der-deutschlandfunk-praesentiert-erste-klimamigranten-deutschlands-aus-dem-ahrtal-geflohen\/","og_locale":"de_DE","og_type":"article","og_title":"Der Deutschlandfunk pr\u00e4sentiert erste &quot;Klimamigranten Deutschlands&quot; \u2013 aus dem Ahrtal geflohen","og_description":"&#8220;Davon geht die Welt nicht unter&#8221;, lautet ein altes Schunkellied aus vergangenen Zeiten. F\u00fcr die Bundesregierung und ihr zuarbeitende Medien sind beim Thema Klima und den zugeh\u00f6rigen Weltuntergangsszenarien bereits alle &#8220;Kipppunkte&#8221; \u00fcberschritten. Ein DLF-Podcast am\u00fcsiert durch das geschickte Verflechten mehrerer Auftragsthemen. Von Bernhard Loyen &#8220;Wenn wir den Klimawandel nicht endlich als Notfall behandeln&#8221;, dann muss [&hellip;]","og_url":"https:\/\/now-news.de\/de\/deutschland\/der-deutschlandfunk-praesentiert-erste-klimamigranten-deutschlands-aus-dem-ahrtal-geflohen\/","og_site_name":"just-now.NEWS Deutschland","article_publisher":"https:\/\/www.facebook.com\/wirmachenauf","article_published_time":"2023-12-15T08:07:03+00:00","og_image":[{"width":633,"height":1080,"url":"https:\/\/now-news.de\/de\/wp-content\/uploads\/sites\/3\/2023\/12\/Der-Deutschlandfunk-praesentiert-erste-quotKlimamigranten-Deutschlandsquot-\u2013-aus-dem-Ahrtal.jpg","type":"image\/jpeg"}],"author":"rtnews","twitter_card":"summary_large_image","twitter_creator":"@WirMachenAuf_de","twitter_site":"@WirMachenAuf_de","twitter_misc":{"Verfasst von":"rtnews","Gesch\u00e4tzte Lesezeit":"5\u00a0Minuten"},"schema":{"@context":"https:\/\/schema.org","@graph":[{"@type":"Article","@id":"https:\/\/now-news.de\/de\/deutschland\/der-deutschlandfunk-praesentiert-erste-klimamigranten-deutschlands-aus-dem-ahrtal-geflohen\/#article","isPartOf":{"@id":"https:\/\/now-news.de\/de\/deutschland\/der-deutschlandfunk-praesentiert-erste-klimamigranten-deutschlands-aus-dem-ahrtal-geflohen\/"},"author":{"name":"rtnews","@id":"https:\/\/now-news.de\/de\/#\/schema\/person\/fb534a4e865501d8b3285208df34a9b5"},"headline":"Der Deutschlandfunk pr\u00e4sentiert erste &quot;Klimamigranten Deutschlands&quot; \u2013 aus dem Ahrtal geflohen","datePublished":"2023-12-15T08:07:03+00:00","dateModified":"2023-12-15T08:07:03+00:00","mainEntityOfPage":{"@id":"https:\/\/now-news.de\/de\/deutschland\/der-deutschlandfunk-praesentiert-erste-klimamigranten-deutschlands-aus-dem-ahrtal-geflohen\/"},"wordCount":970,"commentCount":0,"publisher":{"@id":"https:\/\/now-news.de\/de\/#organization"},"image":{"@id":"https:\/\/now-news.de\/de\/deutschland\/der-deutschlandfunk-praesentiert-erste-klimamigranten-deutschlands-aus-dem-ahrtal-geflohen\/#primaryimage"},"thumbnailUrl":"https:\/\/now-news.de\/de\/wp-content\/uploads\/sites\/3\/2023\/12\/Der-Deutschlandfunk-praesentiert-erste-quotKlimamigranten-Deutschlandsquot-\u2013-aus-dem-Ahrtal.jpg","keywords":["Ahrtal","aus","DEM","der","Deutschlandfunk","Deutschlandsquot","Erste","geflohen","pr\u00e4sentiert","quotKlimamigranten"],"articleSection":["Deutschland","Russland"],"inLanguage":"de","potentialAction":[{"@type":"CommentAction","name":"Comment","target":["https:\/\/now-news.de\/de\/deutschland\/der-deutschlandfunk-praesentiert-erste-klimamigranten-deutschlands-aus-dem-ahrtal-geflohen\/#respond"]}]},{"@type":"WebPage","@id":"https:\/\/now-news.de\/de\/deutschland\/der-deutschlandfunk-praesentiert-erste-klimamigranten-deutschlands-aus-dem-ahrtal-geflohen\/","url":"https:\/\/now-news.de\/de\/deutschland\/der-deutschlandfunk-praesentiert-erste-klimamigranten-deutschlands-aus-dem-ahrtal-geflohen\/","name":"Der Deutschlandfunk pr\u00e4sentiert erste &quot;Klimamigranten Deutschlands&quot; \u2013 aus dem Ahrtal geflohen - just-now.NEWS Deutschland","isPartOf":{"@id":"https:\/\/now-news.de\/de\/#website"},"primaryImageOfPage":{"@id":"https:\/\/now-news.de\/de\/deutschland\/der-deutschlandfunk-praesentiert-erste-klimamigranten-deutschlands-aus-dem-ahrtal-geflohen\/#primaryimage"},"image":{"@id":"https:\/\/now-news.de\/de\/deutschland\/der-deutschlandfunk-praesentiert-erste-klimamigranten-deutschlands-aus-dem-ahrtal-geflohen\/#primaryimage"},"thumbnailUrl":"https:\/\/now-news.de\/de\/wp-content\/uploads\/sites\/3\/2023\/12\/Der-Deutschlandfunk-praesentiert-erste-quotKlimamigranten-Deutschlandsquot-\u2013-aus-dem-Ahrtal.jpg","datePublished":"2023-12-15T08:07:03+00:00","dateModified":"2023-12-15T08:07:03+00:00","breadcrumb":{"@id":"https:\/\/now-news.de\/de\/deutschland\/der-deutschlandfunk-praesentiert-erste-klimamigranten-deutschlands-aus-dem-ahrtal-geflohen\/#breadcrumb"},"inLanguage":"de","potentialAction":[{"@type":"ReadAction","target":["https:\/\/now-news.de\/de\/deutschland\/der-deutschlandfunk-praesentiert-erste-klimamigranten-deutschlands-aus-dem-ahrtal-geflohen\/"]}]},{"@type":"ImageObject","inLanguage":"de","@id":"https:\/\/now-news.de\/de\/deutschland\/der-deutschlandfunk-praesentiert-erste-klimamigranten-deutschlands-aus-dem-ahrtal-geflohen\/#primaryimage","url":"https:\/\/now-news.de\/de\/wp-content\/uploads\/sites\/3\/2023\/12\/Der-Deutschlandfunk-praesentiert-erste-quotKlimamigranten-Deutschlandsquot-\u2013-aus-dem-Ahrtal.jpg","contentUrl":"https:\/\/now-news.de\/de\/wp-content\/uploads\/sites\/3\/2023\/12\/Der-Deutschlandfunk-praesentiert-erste-quotKlimamigranten-Deutschlandsquot-\u2013-aus-dem-Ahrtal.jpg","width":633,"height":1080,"caption":"Der Deutschlandfunk pr\u00e4sentiert erste &quot;Klimamigranten Deutschlands&quot; \u2013 aus dem Ahrtal geflohen"},{"@type":"BreadcrumbList","@id":"https:\/\/now-news.de\/de\/deutschland\/der-deutschlandfunk-praesentiert-erste-klimamigranten-deutschlands-aus-dem-ahrtal-geflohen\/#breadcrumb","itemListElement":[{"@type":"ListItem","position":1,"name":"Home","item":"https:\/\/now-news.de\/de\/"},{"@type":"ListItem","position":2,"name":"Der Deutschlandfunk pr\u00e4sentiert erste &quot;Klimamigranten Deutschlands&quot; \u2013 aus dem Ahrtal geflohen"}]},{"@type":"WebSite","@id":"https:\/\/now-news.de\/de\/#website","url":"https:\/\/now-news.de\/de\/","name":"just-now.NEWS Deutschland","description":"Das Portal f\u00fcr unzensierte Nachrichten aus der Welt","publisher":{"@id":"https:\/\/now-news.de\/de\/#organization"},"potentialAction":[{"@type":"SearchAction","target":{"@type":"EntryPoint","urlTemplate":"https:\/\/now-news.de\/de\/?s={search_term_string}"},"query-input":"required name=search_term_string"}],"inLanguage":"de"},{"@type":"Organization","@id":"https:\/\/now-news.de\/de\/#organization","name":"Just Now News","url":"https:\/\/now-news.de\/de\/","logo":{"@type":"ImageObject","inLanguage":"de","@id":"https:\/\/now-news.de\/de\/#\/schema\/logo\/image\/","url":"http:\/\/just-now.news\/de\/wp-content\/uploads\/sites\/3\/2022\/04\/logo500x500.jpg","contentUrl":"http:\/\/just-now.news\/de\/wp-content\/uploads\/sites\/3\/2022\/04\/logo500x500.jpg","width":500,"height":500,"caption":"Just Now News"},"image":{"@id":"https:\/\/now-news.de\/de\/#\/schema\/logo\/image\/"},"sameAs":["https:\/\/www.facebook.com\/wirmachenauf","https:\/\/x.com\/WirMachenAuf_de"]},{"@type":"Person","@id":"https:\/\/now-news.de\/de\/#\/schema\/person\/fb534a4e865501d8b3285208df34a9b5","name":"rtnews","image":{"@type":"ImageObject","inLanguage":"de","@id":"https:\/\/now-news.de\/de\/#\/schema\/person\/image\/","url":"https:\/\/secure.gravatar.com\/avatar\/82aafea7d8127119dd649515f56e2117?s=96&d=mm&r=g","contentUrl":"https:\/\/secure.gravatar.com\/avatar\/82aafea7d8127119dd649515f56e2117?s=96&d=mm&r=g","caption":"rtnews"},"url":"https:\/\/now-news.de\/de\/author\/rnews\/"}]}},"_links":{"self":[{"href":"https:\/\/now-news.de\/de\/wp-json\/wp\/v2\/posts\/51580"}],"collection":[{"href":"https:\/\/now-news.de\/de\/wp-json\/wp\/v2\/posts"}],"about":[{"href":"https:\/\/now-news.de\/de\/wp-json\/wp\/v2\/types\/post"}],"author":[{"embeddable":true,"href":"https:\/\/now-news.de\/de\/wp-json\/wp\/v2\/users\/3"}],"replies":[{"embeddable":true,"href":"https:\/\/now-news.de\/de\/wp-json\/wp\/v2\/comments?post=51580"}],"version-history":[{"count":0,"href":"https:\/\/now-news.de\/de\/wp-json\/wp\/v2\/posts\/51580\/revisions"}],"wp:featuredmedia":[{"embeddable":true,"href":"https:\/\/now-news.de\/de\/wp-json\/wp\/v2\/media\/51581"}],"wp:attachment":[{"href":"https:\/\/now-news.de\/de\/wp-json\/wp\/v2\/media?parent=51580"}],"wp:term":[{"taxonomy":"category","embeddable":true,"href":"https:\/\/now-news.de\/de\/wp-json\/wp\/v2\/categories?post=51580"},{"taxonomy":"post_tag","embeddable":true,"href":"https:\/\/now-news.de\/de\/wp-json\/wp\/v2\/tags?post=51580"}],"curies":[{"name":"wp","href":"https:\/\/api.w.org\/{rel}","templated":true}]}}