{"id":51555,"date":"2023-12-14T18:03:59","date_gmt":"2023-12-14T16:03:59","guid":{"rendered":"https:\/\/just-now.news\/de\/deutschland\/putin-usa-haben-ukraine-konflikt-angezettelt\/"},"modified":"2023-12-14T18:03:59","modified_gmt":"2023-12-14T16:03:59","slug":"putin-usa-haben-ukraine-konflikt-angezettelt","status":"publish","type":"post","link":"https:\/\/now-news.de\/de\/deutschland\/putin-usa-haben-ukraine-konflikt-angezettelt\/","title":{"rendered":"Putin: USA haben Ukraine-Konflikt angezettelt"},"content":{"rendered":"<p><img decoding=\"async\" src=\"http:\/\/just-now.news\/de\/wp-content\/uploads\/sites\/3\/2023\/12\/657b1c22b480cc25d555e31c.jpg\" \/><\/p>\n<div class=\"Text-root Text-type_1 \">\n                W\u00e4hrend seines j\u00e4hrlichen Fragemarathons am Donnerstag beschuldigte der russische Pr\u00e4sident die Vereinigten Staaten und Washingtons Vasallen in Westeuropa, den Putsch in Kiew 2014 inszeniert zu haben, der zu dem aktuellen Konflikt f\u00fchrte.\n            <\/div>\n<p><\/p>\n<div class=\"Text-root Text-type_5 ArticleView-text ViewText-root \">\n<p>Der russische Pr\u00e4sident Wladimir Putin sagte, die USA seien f\u00fcr den Putsch in der Ukraine im Jahr 2014 verantwortlich, der zum Sturz von Pr\u00e4sident Wiktor Janukowitsch und letztlich zum aktuellen Konflikt gef\u00fchrt habe. Er f\u00fcgte hinzu, dass Washington &#8220;einen Konflikt&#8221; f\u00fcr seine eigenen Zwecke schaffen musste.<\/p>\n<p>In einer Marathon-Fragestunde am Donnerstag sagte Putin, die USA h\u00e4tten &#8220;alles geplant und organisiert&#8221;, w\u00e4hrend die europ\u00e4ischen Staats- und Regierungschefs &#8220;schweigend zusahen&#8221; und so taten, als w\u00fcssten sie nicht, was vor sich gehe.<\/p>\n<p>Infolgedessen habe die Ukraine &#8220;ihre Souver\u00e4nit\u00e4t weitgehend verloren&#8221; und treffe seither &#8220;viele Entscheidungen zu ihrem eigenen Nachteil&#8221;.<\/p>\n<p>Nach dem Staatsstreich von 2014 weigerten sich die damals ukrainischen Provinzen Donezk und Lugansk, bekannt als Donbass, die neue Regierung zu akzeptieren, die zunehmend eine nationalistische Ideologie vertrat, und proklamierten stattdessen ihre Unabh\u00e4ngigkeit. Kiew reagierte darauf mit einer gewaltt\u00e4tigen Milit\u00e4raktion, die einen jahrelangen Konflikt ausl\u00f6ste.<\/p>\n<p>Der russische Staatschef beschuldigte den Westen, ein kurzes Ged\u00e4chtnis zu haben, und verwies auf die Minsker Vereinbarungen von 2015, die von Russland, Deutschland und Frankreich vermittelt worden waren und die Feindseligkeiten beenden sollten. Der Westen habe &#8220;keine Absicht&#8221;, die Vereinbarungen umzusetzen, die, so Putin, &#8220;unterschrieben und sofort wieder vergessen&#8221; worden seien.<\/p>\n<p>Die fr\u00fchere deutsche Bundeskanzlerin Angela Merkel und der franz\u00f6sische Ex-Pr\u00e4sident\u00a0Fran\u00e7ois Hollande gaben sp\u00e4ter zu, dass die Vereinbarungen ein strategischer Trick waren, um der Ukraine mehr Zeit zu verschaffen, sich auf einen Konflikt mit Russland vorzubereiten.<\/p>\n<p>In einem Interview mit <em>CNN<\/em> im Jahr 2015 gab auch der damalige US-Pr\u00e4sident Barack Obama offen zu, dass die USA &#8220;einen Deal f\u00fcr einen Machtwechsel in der Ukraine ausgehandelt&#8221; h\u00e4tten.<\/p>\n<p>Im September 2022 stimmten die Volksrepubliken Donezk und Lugansk sowie die unter russischer Kontrolle stehenden Teile der Regionen Cherson und Saporoschje in einem Referendum, das die Ukraine und ihre westlichen Unterst\u00fctzer als unrechtm\u00e4\u00dfig bezeichneten, f\u00fcr den Anschluss an Russland.<\/p>\n<p>Moskau hat mehrfach betont, dass Kiew diese &#8220;neue territoriale Realit\u00e4t&#8221; als Voraussetzung f\u00fcr Friedensgespr\u00e4che anerkennen m\u00fcsse.<\/p>\n<p>Obwohl Kiew seit dem Ausbruch des aktuellen Konflikts im Februar 2022 best\u00e4ndig Waffen und Hilfe von seinen westlichen Unterst\u00fctzern erh\u00e4lt, hat die sechsmonatige Gegenoffensive gegen Russland keine nennenswerten Ergebnisse gebracht. Die Ukraine hat nach Angaben des russischen Verteidigungsministeriums seit Anfang Juni etwa 125.000 Soldaten und 6.000 St\u00fcck schwere Ausr\u00fcstung verloren.<\/p>\n<p><strong>Mehr zum Thema<\/strong> &#8211;\u00a0<a rel=\"nofollow noopener\" target=\"_blank\" href=\"https:\/\/freeassange.rtde.life\/international\/131481-liveticker-ukraine-krieg\/\">Liveticker Ukraine-Krieg: Lukaschenko sieht &#8220;\u00e4u\u00dferst harten Konflikt&#8221; Selenskijs mit Milit\u00e4rf\u00fchrung<\/a><\/p>\n<div class=\"EmbedBlock-root EmbedBlock-externalVideo EmbedBlock-youtube\">\n<div class=\"YouTubeEmbed lazyload\" data-rtmodule=\"YouTubeEmbed\" id=\"MSxaa-67yGM\" onload=\"return {\n            covers: JSON.parse('\\u007B\\u0022small\\u0022\\u003A\\u0022https\\u003A\\\\\\\/\\\\\\\/i.ytimg.com\\\\\\\/vi\\\\\\\/MSxaa\\u002D67yGM\\\\\\\/hqdefault.jpg\\u0022,\\u0022medium\\u0022\\u003A\\u0022https\\u003A\\\\\\\/\\\\\\\/i.ytimg.com\\\\\\\/vi\\\\\\\/MSxaa\\u002D67yGM\\\\\\\/sddefault.jpg\\u0022,\\u0022large\\u0022\\u003A\\u0022https\\u003A\\\\\\\/\\\\\\\/i.ytimg.com\\\\\\\/vi\\\\\\\/MSxaa\\u002D67yGM\\\\\\\/sddefault.jpg\\u0022\\u007D'),\n            iframeSrc: JSON.parse('\\u0022\\\\\\\/\\\\\\\/www.youtube.com\\\\\\\/embed\\\\\\\/MSxaa\\u002D67yGM\\u0022'),\n            youtubeId: JSON.parse('\\u0022MSxaa\\u002D67yGM\\u0022'),\n        };\"><\/p>\n<div class=\"YouTubeEmbed-cover\"><button class=\"YouTubeEmbed-button\"><svg class=\"YouTubeEmbed-playButton\" height=\"100%\" version=\"1.1\" viewbox=\"0 0 68 48\" width=\"100%\"><path class=\"YouTubeEmbed-playButtonBg\" d=\"M66.52,7.74c-0.78-2.93-2.49-5.41-5.42-6.19C55.79,.13,34,0,34,0S12.21,.13,6.9,1.55 C3.97,2.33,2.27,4.81,1.48,7.74C0.06,13.05,0,24,0,24s0.06,10.95,1.48,16.26c0.78,2.93,2.49,5.41,5.42,6.19 C12.21,47.87,34,48,34,48s21.79-0.13,27.1-1.55c2.93-0.78,4.64-3.26,5.42-6.19C67.94,34.95,68,24,68,24S67.94,13.05,66.52,7.74z\" fill=\"#212121\" fill-opacity=\"0.8\"><\/path><path d=\"M 45,24 27,14 27,34\" fill=\"#fff\"><\/path><\/svg><\/button><\/div>\n<\/div>\n<\/div>\n<\/div>\n<p><br \/>\n<br \/><a href=\"https:\/\/de.rt.com\/russland\/189891-putin-usa-haben-ukraine-konflikt\/\">Source link <\/a><\/p>\n","protected":false},"excerpt":{"rendered":"<p>W\u00e4hrend seines j\u00e4hrlichen Fragemarathons am Donnerstag beschuldigte der russische Pr\u00e4sident die Vereinigten Staaten und Washingtons Vasallen in Westeuropa, den Putsch in Kiew 2014 inszeniert zu haben, der zu dem aktuellen Konflikt f\u00fchrte. Der russische Pr\u00e4sident Wladimir Putin sagte, die USA seien f\u00fcr den Putsch in der Ukraine im Jahr 2014 verantwortlich, der zum Sturz von [&hellip;]<\/p>\n","protected":false},"author":3,"featured_media":51556,"comment_status":"open","ping_status":"open","sticky":false,"template":"","format":"standard","meta":{"_yoast_indexnow_last_ping":["1702570071"],"wp_automatic_camp":["217"],"3a053a678d142ba3e399771f74b11f5d":["Putin: USA haben Ukraine-Konflikt angezettelt"],"original_link":["https:\/\/de.rt.com\/russland\/189891-putin-usa-haben-ukraine-konflikt\/"],"_thumbnail_id":["51556"],"_wptgpro_p2tg_sent2tg":["a:1:{i:23737;s:19:\"2023-12-14 18:09:01\";}"],"jnews_social_counter_last_update":["1776905420"]},"categories":[19,23],"tags":[41232,771,125,1173,193],"yoast_head":"<!-- This site is optimized with the Yoast SEO Premium plugin v22.7 (Yoast SEO v22.7) - https:\/\/yoast.com\/wordpress\/plugins\/seo\/ -->\n<title>Putin: USA haben Ukraine-Konflikt angezettelt - just-now.NEWS Deutschland<\/title>\n<meta name=\"robots\" content=\"index, follow, max-snippet:-1, max-image-preview:large, max-video-preview:-1\" \/>\n<link rel=\"canonical\" href=\"https:\/\/now-news.de\/de\/deutschland\/putin-usa-haben-ukraine-konflikt-angezettelt\/\" \/>\n<meta property=\"og:locale\" content=\"de_DE\" \/>\n<meta property=\"og:type\" content=\"article\" \/>\n<meta property=\"og:title\" content=\"Putin: USA haben Ukraine-Konflikt angezettelt\" \/>\n<meta property=\"og:description\" content=\"W\u00e4hrend seines j\u00e4hrlichen Fragemarathons am Donnerstag beschuldigte der russische Pr\u00e4sident die Vereinigten Staaten und Washingtons Vasallen in Westeuropa, den Putsch in Kiew 2014 inszeniert zu haben, der zu dem aktuellen Konflikt f\u00fchrte. Der russische Pr\u00e4sident Wladimir Putin sagte, die USA seien f\u00fcr den Putsch in der Ukraine im Jahr 2014 verantwortlich, der zum Sturz von [&hellip;]\" \/>\n<meta property=\"og:url\" content=\"https:\/\/now-news.de\/de\/deutschland\/putin-usa-haben-ukraine-konflikt-angezettelt\/\" \/>\n<meta property=\"og:site_name\" content=\"just-now.NEWS Deutschland\" \/>\n<meta property=\"article:publisher\" content=\"https:\/\/www.facebook.com\/wirmachenauf\" \/>\n<meta property=\"article:published_time\" content=\"2023-12-14T16:03:59+00:00\" \/>\n<meta property=\"og:image\" content=\"https:\/\/now-news.de\/de\/wp-content\/uploads\/sites\/3\/2023\/12\/Putin-USA-haben-Ukraine-Konflikt-angezettelt.jpg\" \/>\n\t<meta property=\"og:image:width\" content=\"460\" \/>\n\t<meta property=\"og:image:height\" content=\"259\" \/>\n\t<meta property=\"og:image:type\" content=\"image\/jpeg\" \/>\n<meta name=\"author\" content=\"rtnews\" \/>\n<meta name=\"twitter:card\" content=\"summary_large_image\" \/>\n<meta name=\"twitter:creator\" content=\"@WirMachenAuf_de\" \/>\n<meta name=\"twitter:site\" content=\"@WirMachenAuf_de\" \/>\n<meta name=\"twitter:label1\" content=\"Verfasst von\" \/>\n\t<meta name=\"twitter:data1\" content=\"rtnews\" \/>\n\t<meta name=\"twitter:label2\" content=\"Gesch\u00e4tzte Lesezeit\" \/>\n\t<meta name=\"twitter:data2\" content=\"2\u00a0Minuten\" \/>\n<script type=\"application\/ld+json\" class=\"yoast-schema-graph\">{\"@context\":\"https:\/\/schema.org\",\"@graph\":[{\"@type\":\"Article\",\"@id\":\"https:\/\/now-news.de\/de\/deutschland\/putin-usa-haben-ukraine-konflikt-angezettelt\/#article\",\"isPartOf\":{\"@id\":\"https:\/\/now-news.de\/de\/deutschland\/putin-usa-haben-ukraine-konflikt-angezettelt\/\"},\"author\":{\"name\":\"rtnews\",\"@id\":\"https:\/\/now-news.de\/de\/#\/schema\/person\/fb534a4e865501d8b3285208df34a9b5\"},\"headline\":\"Putin: USA haben Ukraine-Konflikt angezettelt\",\"datePublished\":\"2023-12-14T16:03:59+00:00\",\"dateModified\":\"2023-12-14T16:03:59+00:00\",\"mainEntityOfPage\":{\"@id\":\"https:\/\/now-news.de\/de\/deutschland\/putin-usa-haben-ukraine-konflikt-angezettelt\/\"},\"wordCount\":452,\"commentCount\":0,\"publisher\":{\"@id\":\"https:\/\/now-news.de\/de\/#organization\"},\"image\":{\"@id\":\"https:\/\/now-news.de\/de\/deutschland\/putin-usa-haben-ukraine-konflikt-angezettelt\/#primaryimage\"},\"thumbnailUrl\":\"https:\/\/now-news.de\/de\/wp-content\/uploads\/sites\/3\/2023\/12\/Putin-USA-haben-Ukraine-Konflikt-angezettelt.jpg\",\"keywords\":[\"angezettelt\",\"haben\",\"putin\",\"UkraineKonflikt\",\"USA\"],\"articleSection\":[\"Deutschland\",\"Russland\"],\"inLanguage\":\"de\",\"potentialAction\":[{\"@type\":\"CommentAction\",\"name\":\"Comment\",\"target\":[\"https:\/\/now-news.de\/de\/deutschland\/putin-usa-haben-ukraine-konflikt-angezettelt\/#respond\"]}]},{\"@type\":\"WebPage\",\"@id\":\"https:\/\/now-news.de\/de\/deutschland\/putin-usa-haben-ukraine-konflikt-angezettelt\/\",\"url\":\"https:\/\/now-news.de\/de\/deutschland\/putin-usa-haben-ukraine-konflikt-angezettelt\/\",\"name\":\"Putin: USA haben Ukraine-Konflikt angezettelt - just-now.NEWS Deutschland\",\"isPartOf\":{\"@id\":\"https:\/\/now-news.de\/de\/#website\"},\"primaryImageOfPage\":{\"@id\":\"https:\/\/now-news.de\/de\/deutschland\/putin-usa-haben-ukraine-konflikt-angezettelt\/#primaryimage\"},\"image\":{\"@id\":\"https:\/\/now-news.de\/de\/deutschland\/putin-usa-haben-ukraine-konflikt-angezettelt\/#primaryimage\"},\"thumbnailUrl\":\"https:\/\/now-news.de\/de\/wp-content\/uploads\/sites\/3\/2023\/12\/Putin-USA-haben-Ukraine-Konflikt-angezettelt.jpg\",\"datePublished\":\"2023-12-14T16:03:59+00:00\",\"dateModified\":\"2023-12-14T16:03:59+00:00\",\"breadcrumb\":{\"@id\":\"https:\/\/now-news.de\/de\/deutschland\/putin-usa-haben-ukraine-konflikt-angezettelt\/#breadcrumb\"},\"inLanguage\":\"de\",\"potentialAction\":[{\"@type\":\"ReadAction\",\"target\":[\"https:\/\/now-news.de\/de\/deutschland\/putin-usa-haben-ukraine-konflikt-angezettelt\/\"]}]},{\"@type\":\"ImageObject\",\"inLanguage\":\"de\",\"@id\":\"https:\/\/now-news.de\/de\/deutschland\/putin-usa-haben-ukraine-konflikt-angezettelt\/#primaryimage\",\"url\":\"https:\/\/now-news.de\/de\/wp-content\/uploads\/sites\/3\/2023\/12\/Putin-USA-haben-Ukraine-Konflikt-angezettelt.jpg\",\"contentUrl\":\"https:\/\/now-news.de\/de\/wp-content\/uploads\/sites\/3\/2023\/12\/Putin-USA-haben-Ukraine-Konflikt-angezettelt.jpg\",\"width\":460,\"height\":259,\"caption\":\"Putin: USA haben Ukraine-Konflikt angezettelt\"},{\"@type\":\"BreadcrumbList\",\"@id\":\"https:\/\/now-news.de\/de\/deutschland\/putin-usa-haben-ukraine-konflikt-angezettelt\/#breadcrumb\",\"itemListElement\":[{\"@type\":\"ListItem\",\"position\":1,\"name\":\"Home\",\"item\":\"https:\/\/now-news.de\/de\/\"},{\"@type\":\"ListItem\",\"position\":2,\"name\":\"Putin: USA haben Ukraine-Konflikt angezettelt\"}]},{\"@type\":\"WebSite\",\"@id\":\"https:\/\/now-news.de\/de\/#website\",\"url\":\"https:\/\/now-news.de\/de\/\",\"name\":\"just-now.NEWS Deutschland\",\"description\":\"Das Portal f\u00fcr unzensierte Nachrichten aus der Welt\",\"publisher\":{\"@id\":\"https:\/\/now-news.de\/de\/#organization\"},\"potentialAction\":[{\"@type\":\"SearchAction\",\"target\":{\"@type\":\"EntryPoint\",\"urlTemplate\":\"https:\/\/now-news.de\/de\/?s={search_term_string}\"},\"query-input\":\"required name=search_term_string\"}],\"inLanguage\":\"de\"},{\"@type\":\"Organization\",\"@id\":\"https:\/\/now-news.de\/de\/#organization\",\"name\":\"Just Now News\",\"url\":\"https:\/\/now-news.de\/de\/\",\"logo\":{\"@type\":\"ImageObject\",\"inLanguage\":\"de\",\"@id\":\"https:\/\/now-news.de\/de\/#\/schema\/logo\/image\/\",\"url\":\"http:\/\/just-now.news\/de\/wp-content\/uploads\/sites\/3\/2022\/04\/logo500x500.jpg\",\"contentUrl\":\"http:\/\/just-now.news\/de\/wp-content\/uploads\/sites\/3\/2022\/04\/logo500x500.jpg\",\"width\":500,\"height\":500,\"caption\":\"Just Now News\"},\"image\":{\"@id\":\"https:\/\/now-news.de\/de\/#\/schema\/logo\/image\/\"},\"sameAs\":[\"https:\/\/www.facebook.com\/wirmachenauf\",\"https:\/\/x.com\/WirMachenAuf_de\"]},{\"@type\":\"Person\",\"@id\":\"https:\/\/now-news.de\/de\/#\/schema\/person\/fb534a4e865501d8b3285208df34a9b5\",\"name\":\"rtnews\",\"image\":{\"@type\":\"ImageObject\",\"inLanguage\":\"de\",\"@id\":\"https:\/\/now-news.de\/de\/#\/schema\/person\/image\/\",\"url\":\"https:\/\/secure.gravatar.com\/avatar\/82aafea7d8127119dd649515f56e2117?s=96&d=mm&r=g\",\"contentUrl\":\"https:\/\/secure.gravatar.com\/avatar\/82aafea7d8127119dd649515f56e2117?s=96&d=mm&r=g\",\"caption\":\"rtnews\"},\"url\":\"https:\/\/now-news.de\/de\/author\/rnews\/\"}]}<\/script>\n<!-- \/ Yoast SEO Premium plugin. -->","yoast_head_json":{"title":"Putin: USA haben Ukraine-Konflikt angezettelt - just-now.NEWS Deutschland","robots":{"index":"index","follow":"follow","max-snippet":"max-snippet:-1","max-image-preview":"max-image-preview:large","max-video-preview":"max-video-preview:-1"},"canonical":"https:\/\/now-news.de\/de\/deutschland\/putin-usa-haben-ukraine-konflikt-angezettelt\/","og_locale":"de_DE","og_type":"article","og_title":"Putin: USA haben Ukraine-Konflikt angezettelt","og_description":"W\u00e4hrend seines j\u00e4hrlichen Fragemarathons am Donnerstag beschuldigte der russische Pr\u00e4sident die Vereinigten Staaten und Washingtons Vasallen in Westeuropa, den Putsch in Kiew 2014 inszeniert zu haben, der zu dem aktuellen Konflikt f\u00fchrte. Der russische Pr\u00e4sident Wladimir Putin sagte, die USA seien f\u00fcr den Putsch in der Ukraine im Jahr 2014 verantwortlich, der zum Sturz von [&hellip;]","og_url":"https:\/\/now-news.de\/de\/deutschland\/putin-usa-haben-ukraine-konflikt-angezettelt\/","og_site_name":"just-now.NEWS Deutschland","article_publisher":"https:\/\/www.facebook.com\/wirmachenauf","article_published_time":"2023-12-14T16:03:59+00:00","og_image":[{"width":460,"height":259,"url":"https:\/\/now-news.de\/de\/wp-content\/uploads\/sites\/3\/2023\/12\/Putin-USA-haben-Ukraine-Konflikt-angezettelt.jpg","type":"image\/jpeg"}],"author":"rtnews","twitter_card":"summary_large_image","twitter_creator":"@WirMachenAuf_de","twitter_site":"@WirMachenAuf_de","twitter_misc":{"Verfasst von":"rtnews","Gesch\u00e4tzte Lesezeit":"2\u00a0Minuten"},"schema":{"@context":"https:\/\/schema.org","@graph":[{"@type":"Article","@id":"https:\/\/now-news.de\/de\/deutschland\/putin-usa-haben-ukraine-konflikt-angezettelt\/#article","isPartOf":{"@id":"https:\/\/now-news.de\/de\/deutschland\/putin-usa-haben-ukraine-konflikt-angezettelt\/"},"author":{"name":"rtnews","@id":"https:\/\/now-news.de\/de\/#\/schema\/person\/fb534a4e865501d8b3285208df34a9b5"},"headline":"Putin: USA haben Ukraine-Konflikt angezettelt","datePublished":"2023-12-14T16:03:59+00:00","dateModified":"2023-12-14T16:03:59+00:00","mainEntityOfPage":{"@id":"https:\/\/now-news.de\/de\/deutschland\/putin-usa-haben-ukraine-konflikt-angezettelt\/"},"wordCount":452,"commentCount":0,"publisher":{"@id":"https:\/\/now-news.de\/de\/#organization"},"image":{"@id":"https:\/\/now-news.de\/de\/deutschland\/putin-usa-haben-ukraine-konflikt-angezettelt\/#primaryimage"},"thumbnailUrl":"https:\/\/now-news.de\/de\/wp-content\/uploads\/sites\/3\/2023\/12\/Putin-USA-haben-Ukraine-Konflikt-angezettelt.jpg","keywords":["angezettelt","haben","putin","UkraineKonflikt","USA"],"articleSection":["Deutschland","Russland"],"inLanguage":"de","potentialAction":[{"@type":"CommentAction","name":"Comment","target":["https:\/\/now-news.de\/de\/deutschland\/putin-usa-haben-ukraine-konflikt-angezettelt\/#respond"]}]},{"@type":"WebPage","@id":"https:\/\/now-news.de\/de\/deutschland\/putin-usa-haben-ukraine-konflikt-angezettelt\/","url":"https:\/\/now-news.de\/de\/deutschland\/putin-usa-haben-ukraine-konflikt-angezettelt\/","name":"Putin: USA haben Ukraine-Konflikt angezettelt - just-now.NEWS Deutschland","isPartOf":{"@id":"https:\/\/now-news.de\/de\/#website"},"primaryImageOfPage":{"@id":"https:\/\/now-news.de\/de\/deutschland\/putin-usa-haben-ukraine-konflikt-angezettelt\/#primaryimage"},"image":{"@id":"https:\/\/now-news.de\/de\/deutschland\/putin-usa-haben-ukraine-konflikt-angezettelt\/#primaryimage"},"thumbnailUrl":"https:\/\/now-news.de\/de\/wp-content\/uploads\/sites\/3\/2023\/12\/Putin-USA-haben-Ukraine-Konflikt-angezettelt.jpg","datePublished":"2023-12-14T16:03:59+00:00","dateModified":"2023-12-14T16:03:59+00:00","breadcrumb":{"@id":"https:\/\/now-news.de\/de\/deutschland\/putin-usa-haben-ukraine-konflikt-angezettelt\/#breadcrumb"},"inLanguage":"de","potentialAction":[{"@type":"ReadAction","target":["https:\/\/now-news.de\/de\/deutschland\/putin-usa-haben-ukraine-konflikt-angezettelt\/"]}]},{"@type":"ImageObject","inLanguage":"de","@id":"https:\/\/now-news.de\/de\/deutschland\/putin-usa-haben-ukraine-konflikt-angezettelt\/#primaryimage","url":"https:\/\/now-news.de\/de\/wp-content\/uploads\/sites\/3\/2023\/12\/Putin-USA-haben-Ukraine-Konflikt-angezettelt.jpg","contentUrl":"https:\/\/now-news.de\/de\/wp-content\/uploads\/sites\/3\/2023\/12\/Putin-USA-haben-Ukraine-Konflikt-angezettelt.jpg","width":460,"height":259,"caption":"Putin: USA haben Ukraine-Konflikt angezettelt"},{"@type":"BreadcrumbList","@id":"https:\/\/now-news.de\/de\/deutschland\/putin-usa-haben-ukraine-konflikt-angezettelt\/#breadcrumb","itemListElement":[{"@type":"ListItem","position":1,"name":"Home","item":"https:\/\/now-news.de\/de\/"},{"@type":"ListItem","position":2,"name":"Putin: USA haben Ukraine-Konflikt angezettelt"}]},{"@type":"WebSite","@id":"https:\/\/now-news.de\/de\/#website","url":"https:\/\/now-news.de\/de\/","name":"just-now.NEWS Deutschland","description":"Das Portal f\u00fcr unzensierte Nachrichten aus der Welt","publisher":{"@id":"https:\/\/now-news.de\/de\/#organization"},"potentialAction":[{"@type":"SearchAction","target":{"@type":"EntryPoint","urlTemplate":"https:\/\/now-news.de\/de\/?s={search_term_string}"},"query-input":"required name=search_term_string"}],"inLanguage":"de"},{"@type":"Organization","@id":"https:\/\/now-news.de\/de\/#organization","name":"Just Now News","url":"https:\/\/now-news.de\/de\/","logo":{"@type":"ImageObject","inLanguage":"de","@id":"https:\/\/now-news.de\/de\/#\/schema\/logo\/image\/","url":"http:\/\/just-now.news\/de\/wp-content\/uploads\/sites\/3\/2022\/04\/logo500x500.jpg","contentUrl":"http:\/\/just-now.news\/de\/wp-content\/uploads\/sites\/3\/2022\/04\/logo500x500.jpg","width":500,"height":500,"caption":"Just Now News"},"image":{"@id":"https:\/\/now-news.de\/de\/#\/schema\/logo\/image\/"},"sameAs":["https:\/\/www.facebook.com\/wirmachenauf","https:\/\/x.com\/WirMachenAuf_de"]},{"@type":"Person","@id":"https:\/\/now-news.de\/de\/#\/schema\/person\/fb534a4e865501d8b3285208df34a9b5","name":"rtnews","image":{"@type":"ImageObject","inLanguage":"de","@id":"https:\/\/now-news.de\/de\/#\/schema\/person\/image\/","url":"https:\/\/secure.gravatar.com\/avatar\/82aafea7d8127119dd649515f56e2117?s=96&d=mm&r=g","contentUrl":"https:\/\/secure.gravatar.com\/avatar\/82aafea7d8127119dd649515f56e2117?s=96&d=mm&r=g","caption":"rtnews"},"url":"https:\/\/now-news.de\/de\/author\/rnews\/"}]}},"_links":{"self":[{"href":"https:\/\/now-news.de\/de\/wp-json\/wp\/v2\/posts\/51555"}],"collection":[{"href":"https:\/\/now-news.de\/de\/wp-json\/wp\/v2\/posts"}],"about":[{"href":"https:\/\/now-news.de\/de\/wp-json\/wp\/v2\/types\/post"}],"author":[{"embeddable":true,"href":"https:\/\/now-news.de\/de\/wp-json\/wp\/v2\/users\/3"}],"replies":[{"embeddable":true,"href":"https:\/\/now-news.de\/de\/wp-json\/wp\/v2\/comments?post=51555"}],"version-history":[{"count":0,"href":"https:\/\/now-news.de\/de\/wp-json\/wp\/v2\/posts\/51555\/revisions"}],"wp:featuredmedia":[{"embeddable":true,"href":"https:\/\/now-news.de\/de\/wp-json\/wp\/v2\/media\/51556"}],"wp:attachment":[{"href":"https:\/\/now-news.de\/de\/wp-json\/wp\/v2\/media?parent=51555"}],"wp:term":[{"taxonomy":"category","embeddable":true,"href":"https:\/\/now-news.de\/de\/wp-json\/wp\/v2\/categories?post=51555"},{"taxonomy":"post_tag","embeddable":true,"href":"https:\/\/now-news.de\/de\/wp-json\/wp\/v2\/tags?post=51555"}],"curies":[{"name":"wp","href":"https:\/\/api.w.org\/{rel}","templated":true}]}}