{"id":51533,"date":"2023-12-14T13:49:42","date_gmt":"2023-12-14T11:49:42","guid":{"rendered":"https:\/\/just-now.news\/de\/deutschland\/kadyrow-erwartet-ende-des-ukraine-konflikts-im-sommer-2024\/"},"modified":"2023-12-14T13:49:42","modified_gmt":"2023-12-14T11:49:42","slug":"kadyrow-erwartet-ende-des-ukraine-konflikts-im-sommer-2024","status":"publish","type":"post","link":"https:\/\/now-news.de\/de\/deutschland\/kadyrow-erwartet-ende-des-ukraine-konflikts-im-sommer-2024\/","title":{"rendered":"Kadyrow erwartet Ende des Ukraine-Konflikts im Sommer 2024"},"content":{"rendered":"<p><img decoding=\"async\" src=\"http:\/\/just-now.news\/de\/wp-content\/uploads\/sites\/3\/2023\/12\/657ad2c5b480cc69dd248937.jpg\" \/><\/p>\n<div class=\"Text-root Text-type_1 \">\n                Ramsan Kadyrow, der Chef der russischen Teilrepublik Tschetschenien, hat am Mittwoch erkl\u00e4rt, der Ukraine-Konflikt k\u00f6nnte im Sommer des kommenden Jahres zum Abschluss gebracht werden. Bis dahin habe Kiew sein Milit\u00e4rpotenzial aufgebraucht.\n            <\/div>\n<p><\/p>\n<div class=\"Text-root Text-type_5 ArticleView-text ViewText-root \">\n<p>Der Ukraine-Konflikt wird wahrscheinlich im Sommer 2024 beendet. Diese Annahme hat\u00a0Ramsan Kadyrow, der Chef der russischen Teilrepublik Tschetschenien, am Mittwoch im Gespr\u00e4ch mit Journalisten ge\u00e4u\u00dfert. Ihm zufolge werde Kiew &#8220;im Fr\u00fchling des kommenden Jahres, im Juni oder Juli&#8221; seine milit\u00e4rische St\u00e4rke, Waffen und Finanzen komplett aufbrauchen, woraufhin der Konflikt zum Ende komme.<\/p>\n<p>Wenn es nach ihm ginge, k\u00f6nne die Milit\u00e4roperation sogar fr\u00fcher abgeschlossen werden. Hierbei zog Kadyrow Parallelen zu dem Konflikt im Nahen Osten. Falls Russland so handeln w\u00fcrde wie Israel im Gazastreifen, k\u00f6nne die Ukraine in drei Monaten besiegt werden. Wladimir Putin habe jedoch angeordnet, ukrainische St\u00e4dte nicht zu zerst\u00f6ren und mit denjenigen zu verhandeln, die sich ergeben m\u00f6chten. Kadyrow erinnerte diesbez\u00fcglich daran, dass das russische Milit\u00e4r im Fr\u00fchjahr 2022 etwa sieben Kilometer vor Kiew gestanden habe. Damals w\u00e4re es der Armee leichter gefallen, die ukrainische Hauptstadt einzunehmen als zum Beispiel Mariupol. Putin habe aber kein Interesse daran, die Ukraine als Staat zu vernichten.<\/p>\n<p>Bez\u00fcglich der Teilmobilmachung gab Kadyrow bekannt, die Teilrepublik habe das Planziel um &#8220;1.500 Prozent&#8221; \u00fcbererf\u00fcllt. Die Mobilisierten aus Tschetschenien leisteten ihren Dienst in Regimentern und Bataillonen, die dem Verteidigungsministerium und der Nationalgarde unterstellt seien und die vom Oberbefehlshaber gestellten Aufgaben erf\u00fcllten.<\/p>\n<p>Bereits zuvor hatte Kadyrow eine Prognose \u00fcber das Ende des Konflikts in der Ukraine mitgeteilt. Im Februar 2023 erkl\u00e4rte er, der Konflikt werde bis Ende des Jahres zum Abschluss gebracht. Der Westen w\u00fcrde in die Knie gezwungen, die EU w\u00fcrde ihr Unrecht eingestehen und die Notwendigkeit einer umfassenden Kooperation mit Russland akzeptieren. Anders d\u00fcrfe und werde es nicht sein, res\u00fcmierte Kadyrow.<\/p>\n<p><strong>Mehr zum Thema \u2013<\/strong>\u00a0<a rel=\"nofollow noopener\" target=\"_blank\" href=\"https:\/\/freedert.online\/russland\/185566-kadyrow-droht-unruhestifter-in-tschetschenien\/\">Kadyrow droht Unruhestiftern in Tschetschenien mit scharfen Ma\u00dfnahmen<\/a><\/p>\n<div class=\"EmbedBlock-root EmbedBlock-externalVideo EmbedBlock-odysee\">\n<div class=\"VkEmbed\"><iframe class=\"lazyload\" data-src=\"https:\/\/odysee.com\/%24\/embed\/%40RTDE%3Ae%2FKadyrow_prognostiziert_Kriegsende%3A9\" frameborder=\"0\" width=\"853\" height=\"480\" allowfullscreen><\/iframe><\/div>\n<\/div>\n<\/div>\n<p><br \/>\n<br \/><a href=\"https:\/\/de.rt.com\/international\/189839-kadyrow-erwartet-ende-ukraine-konflikts\/\">Source link <\/a><\/p>\n","protected":false},"excerpt":{"rendered":"<p>Ramsan Kadyrow, der Chef der russischen Teilrepublik Tschetschenien, hat am Mittwoch erkl\u00e4rt, der Ukraine-Konflikt k\u00f6nnte im Sommer des kommenden Jahres zum Abschluss gebracht werden. Bis dahin habe Kiew sein Milit\u00e4rpotenzial aufgebraucht. Der Ukraine-Konflikt wird wahrscheinlich im Sommer 2024 beendet. Diese Annahme hat\u00a0Ramsan Kadyrow, der Chef der russischen Teilrepublik Tschetschenien, am Mittwoch im Gespr\u00e4ch mit Journalisten [&hellip;]<\/p>\n","protected":false},"author":3,"featured_media":51534,"comment_status":"open","ping_status":"open","sticky":false,"template":"","format":"standard","meta":{"_yoast_indexnow_last_ping":["1702555504"],"wp_automatic_camp":["217"],"fbcf2f1fdc982130093e84bebefe164f":["Kadyrow erwartet Ende des Ukraine-Konflikts im Sommer 2024"],"original_link":["https:\/\/de.rt.com\/international\/189839-kadyrow-erwartet-ende-ukraine-konflikts\/"],"_thumbnail_id":["51534"],"jnews_social_counter_last_update":["1776860557"],"_wptgpro_p2tg_sent2tg":["a:1:{i:23737;s:19:\"2023-12-14 14:06:07\";}"]},"categories":[19,23],"tags":[583,5375,19917,16689,11911,26440],"yoast_head":"<!-- This site is optimized with the Yoast SEO Premium plugin v22.7 (Yoast SEO v22.7) - https:\/\/yoast.com\/wordpress\/plugins\/seo\/ -->\n<title>Kadyrow erwartet Ende des Ukraine-Konflikts im Sommer 2024 - just-now.NEWS Deutschland<\/title>\n<meta name=\"robots\" content=\"index, follow, max-snippet:-1, max-image-preview:large, max-video-preview:-1\" \/>\n<link rel=\"canonical\" href=\"https:\/\/now-news.de\/de\/deutschland\/kadyrow-erwartet-ende-des-ukraine-konflikts-im-sommer-2024\/\" \/>\n<meta property=\"og:locale\" content=\"de_DE\" \/>\n<meta property=\"og:type\" content=\"article\" \/>\n<meta property=\"og:title\" content=\"Kadyrow erwartet Ende des Ukraine-Konflikts im Sommer 2024\" \/>\n<meta property=\"og:description\" content=\"Ramsan Kadyrow, der Chef der russischen Teilrepublik Tschetschenien, hat am Mittwoch erkl\u00e4rt, der Ukraine-Konflikt k\u00f6nnte im Sommer des kommenden Jahres zum Abschluss gebracht werden. Bis dahin habe Kiew sein Milit\u00e4rpotenzial aufgebraucht. Der Ukraine-Konflikt wird wahrscheinlich im Sommer 2024 beendet. Diese Annahme hat\u00a0Ramsan Kadyrow, der Chef der russischen Teilrepublik Tschetschenien, am Mittwoch im Gespr\u00e4ch mit Journalisten [&hellip;]\" \/>\n<meta property=\"og:url\" content=\"https:\/\/now-news.de\/de\/deutschland\/kadyrow-erwartet-ende-des-ukraine-konflikts-im-sommer-2024\/\" \/>\n<meta property=\"og:site_name\" content=\"just-now.NEWS Deutschland\" \/>\n<meta property=\"article:publisher\" content=\"https:\/\/www.facebook.com\/wirmachenauf\" \/>\n<meta property=\"article:published_time\" content=\"2023-12-14T11:49:42+00:00\" \/>\n<meta property=\"og:image\" content=\"https:\/\/now-news.de\/de\/wp-content\/uploads\/sites\/3\/2023\/12\/Kadyrow-erwartet-Ende-des-Ukraine-Konflikts-im-Sommer-2024.jpg\" \/>\n\t<meta property=\"og:image:width\" content=\"460\" \/>\n\t<meta property=\"og:image:height\" content=\"259\" \/>\n\t<meta property=\"og:image:type\" content=\"image\/jpeg\" \/>\n<meta name=\"author\" content=\"rtnews\" \/>\n<meta name=\"twitter:card\" content=\"summary_large_image\" \/>\n<meta name=\"twitter:creator\" content=\"@WirMachenAuf_de\" \/>\n<meta name=\"twitter:site\" content=\"@WirMachenAuf_de\" \/>\n<meta name=\"twitter:label1\" content=\"Verfasst von\" \/>\n\t<meta name=\"twitter:data1\" content=\"rtnews\" \/>\n\t<meta name=\"twitter:label2\" content=\"Gesch\u00e4tzte Lesezeit\" \/>\n\t<meta name=\"twitter:data2\" content=\"2\u00a0Minuten\" \/>\n<script type=\"application\/ld+json\" class=\"yoast-schema-graph\">{\"@context\":\"https:\/\/schema.org\",\"@graph\":[{\"@type\":\"Article\",\"@id\":\"https:\/\/now-news.de\/de\/deutschland\/kadyrow-erwartet-ende-des-ukraine-konflikts-im-sommer-2024\/#article\",\"isPartOf\":{\"@id\":\"https:\/\/now-news.de\/de\/deutschland\/kadyrow-erwartet-ende-des-ukraine-konflikts-im-sommer-2024\/\"},\"author\":{\"name\":\"rtnews\",\"@id\":\"https:\/\/now-news.de\/de\/#\/schema\/person\/fb534a4e865501d8b3285208df34a9b5\"},\"headline\":\"Kadyrow erwartet Ende des Ukraine-Konflikts im Sommer 2024\",\"datePublished\":\"2023-12-14T11:49:42+00:00\",\"dateModified\":\"2023-12-14T11:49:42+00:00\",\"mainEntityOfPage\":{\"@id\":\"https:\/\/now-news.de\/de\/deutschland\/kadyrow-erwartet-ende-des-ukraine-konflikts-im-sommer-2024\/\"},\"wordCount\":336,\"commentCount\":0,\"publisher\":{\"@id\":\"https:\/\/now-news.de\/de\/#organization\"},\"image\":{\"@id\":\"https:\/\/now-news.de\/de\/deutschland\/kadyrow-erwartet-ende-des-ukraine-konflikts-im-sommer-2024\/#primaryimage\"},\"thumbnailUrl\":\"https:\/\/now-news.de\/de\/wp-content\/uploads\/sites\/3\/2023\/12\/Kadyrow-erwartet-Ende-des-Ukraine-Konflikts-im-Sommer-2024.jpg\",\"keywords\":[\"des\",\"Ende\",\"erwartet\",\"kadyrow\",\"Sommer\",\"UkraineKonflikts\"],\"articleSection\":[\"Deutschland\",\"Russland\"],\"inLanguage\":\"de\",\"potentialAction\":[{\"@type\":\"CommentAction\",\"name\":\"Comment\",\"target\":[\"https:\/\/now-news.de\/de\/deutschland\/kadyrow-erwartet-ende-des-ukraine-konflikts-im-sommer-2024\/#respond\"]}]},{\"@type\":\"WebPage\",\"@id\":\"https:\/\/now-news.de\/de\/deutschland\/kadyrow-erwartet-ende-des-ukraine-konflikts-im-sommer-2024\/\",\"url\":\"https:\/\/now-news.de\/de\/deutschland\/kadyrow-erwartet-ende-des-ukraine-konflikts-im-sommer-2024\/\",\"name\":\"Kadyrow erwartet Ende des Ukraine-Konflikts im Sommer 2024 - just-now.NEWS Deutschland\",\"isPartOf\":{\"@id\":\"https:\/\/now-news.de\/de\/#website\"},\"primaryImageOfPage\":{\"@id\":\"https:\/\/now-news.de\/de\/deutschland\/kadyrow-erwartet-ende-des-ukraine-konflikts-im-sommer-2024\/#primaryimage\"},\"image\":{\"@id\":\"https:\/\/now-news.de\/de\/deutschland\/kadyrow-erwartet-ende-des-ukraine-konflikts-im-sommer-2024\/#primaryimage\"},\"thumbnailUrl\":\"https:\/\/now-news.de\/de\/wp-content\/uploads\/sites\/3\/2023\/12\/Kadyrow-erwartet-Ende-des-Ukraine-Konflikts-im-Sommer-2024.jpg\",\"datePublished\":\"2023-12-14T11:49:42+00:00\",\"dateModified\":\"2023-12-14T11:49:42+00:00\",\"breadcrumb\":{\"@id\":\"https:\/\/now-news.de\/de\/deutschland\/kadyrow-erwartet-ende-des-ukraine-konflikts-im-sommer-2024\/#breadcrumb\"},\"inLanguage\":\"de\",\"potentialAction\":[{\"@type\":\"ReadAction\",\"target\":[\"https:\/\/now-news.de\/de\/deutschland\/kadyrow-erwartet-ende-des-ukraine-konflikts-im-sommer-2024\/\"]}]},{\"@type\":\"ImageObject\",\"inLanguage\":\"de\",\"@id\":\"https:\/\/now-news.de\/de\/deutschland\/kadyrow-erwartet-ende-des-ukraine-konflikts-im-sommer-2024\/#primaryimage\",\"url\":\"https:\/\/now-news.de\/de\/wp-content\/uploads\/sites\/3\/2023\/12\/Kadyrow-erwartet-Ende-des-Ukraine-Konflikts-im-Sommer-2024.jpg\",\"contentUrl\":\"https:\/\/now-news.de\/de\/wp-content\/uploads\/sites\/3\/2023\/12\/Kadyrow-erwartet-Ende-des-Ukraine-Konflikts-im-Sommer-2024.jpg\",\"width\":460,\"height\":259,\"caption\":\"Kadyrow erwartet Ende des Ukraine-Konflikts im Sommer 2024\"},{\"@type\":\"BreadcrumbList\",\"@id\":\"https:\/\/now-news.de\/de\/deutschland\/kadyrow-erwartet-ende-des-ukraine-konflikts-im-sommer-2024\/#breadcrumb\",\"itemListElement\":[{\"@type\":\"ListItem\",\"position\":1,\"name\":\"Home\",\"item\":\"https:\/\/now-news.de\/de\/\"},{\"@type\":\"ListItem\",\"position\":2,\"name\":\"Kadyrow erwartet Ende des Ukraine-Konflikts im Sommer 2024\"}]},{\"@type\":\"WebSite\",\"@id\":\"https:\/\/now-news.de\/de\/#website\",\"url\":\"https:\/\/now-news.de\/de\/\",\"name\":\"just-now.NEWS Deutschland\",\"description\":\"Das Portal f\u00fcr unzensierte Nachrichten aus der Welt\",\"publisher\":{\"@id\":\"https:\/\/now-news.de\/de\/#organization\"},\"potentialAction\":[{\"@type\":\"SearchAction\",\"target\":{\"@type\":\"EntryPoint\",\"urlTemplate\":\"https:\/\/now-news.de\/de\/?s={search_term_string}\"},\"query-input\":\"required name=search_term_string\"}],\"inLanguage\":\"de\"},{\"@type\":\"Organization\",\"@id\":\"https:\/\/now-news.de\/de\/#organization\",\"name\":\"Just Now News\",\"url\":\"https:\/\/now-news.de\/de\/\",\"logo\":{\"@type\":\"ImageObject\",\"inLanguage\":\"de\",\"@id\":\"https:\/\/now-news.de\/de\/#\/schema\/logo\/image\/\",\"url\":\"http:\/\/just-now.news\/de\/wp-content\/uploads\/sites\/3\/2022\/04\/logo500x500.jpg\",\"contentUrl\":\"http:\/\/just-now.news\/de\/wp-content\/uploads\/sites\/3\/2022\/04\/logo500x500.jpg\",\"width\":500,\"height\":500,\"caption\":\"Just Now News\"},\"image\":{\"@id\":\"https:\/\/now-news.de\/de\/#\/schema\/logo\/image\/\"},\"sameAs\":[\"https:\/\/www.facebook.com\/wirmachenauf\",\"https:\/\/x.com\/WirMachenAuf_de\"]},{\"@type\":\"Person\",\"@id\":\"https:\/\/now-news.de\/de\/#\/schema\/person\/fb534a4e865501d8b3285208df34a9b5\",\"name\":\"rtnews\",\"image\":{\"@type\":\"ImageObject\",\"inLanguage\":\"de\",\"@id\":\"https:\/\/now-news.de\/de\/#\/schema\/person\/image\/\",\"url\":\"https:\/\/secure.gravatar.com\/avatar\/82aafea7d8127119dd649515f56e2117?s=96&d=mm&r=g\",\"contentUrl\":\"https:\/\/secure.gravatar.com\/avatar\/82aafea7d8127119dd649515f56e2117?s=96&d=mm&r=g\",\"caption\":\"rtnews\"},\"url\":\"https:\/\/now-news.de\/de\/author\/rnews\/\"}]}<\/script>\n<!-- \/ Yoast SEO Premium plugin. -->","yoast_head_json":{"title":"Kadyrow erwartet Ende des Ukraine-Konflikts im Sommer 2024 - just-now.NEWS Deutschland","robots":{"index":"index","follow":"follow","max-snippet":"max-snippet:-1","max-image-preview":"max-image-preview:large","max-video-preview":"max-video-preview:-1"},"canonical":"https:\/\/now-news.de\/de\/deutschland\/kadyrow-erwartet-ende-des-ukraine-konflikts-im-sommer-2024\/","og_locale":"de_DE","og_type":"article","og_title":"Kadyrow erwartet Ende des Ukraine-Konflikts im Sommer 2024","og_description":"Ramsan Kadyrow, der Chef der russischen Teilrepublik Tschetschenien, hat am Mittwoch erkl\u00e4rt, der Ukraine-Konflikt k\u00f6nnte im Sommer des kommenden Jahres zum Abschluss gebracht werden. Bis dahin habe Kiew sein Milit\u00e4rpotenzial aufgebraucht. Der Ukraine-Konflikt wird wahrscheinlich im Sommer 2024 beendet. Diese Annahme hat\u00a0Ramsan Kadyrow, der Chef der russischen Teilrepublik Tschetschenien, am Mittwoch im Gespr\u00e4ch mit Journalisten [&hellip;]","og_url":"https:\/\/now-news.de\/de\/deutschland\/kadyrow-erwartet-ende-des-ukraine-konflikts-im-sommer-2024\/","og_site_name":"just-now.NEWS Deutschland","article_publisher":"https:\/\/www.facebook.com\/wirmachenauf","article_published_time":"2023-12-14T11:49:42+00:00","og_image":[{"width":460,"height":259,"url":"https:\/\/now-news.de\/de\/wp-content\/uploads\/sites\/3\/2023\/12\/Kadyrow-erwartet-Ende-des-Ukraine-Konflikts-im-Sommer-2024.jpg","type":"image\/jpeg"}],"author":"rtnews","twitter_card":"summary_large_image","twitter_creator":"@WirMachenAuf_de","twitter_site":"@WirMachenAuf_de","twitter_misc":{"Verfasst von":"rtnews","Gesch\u00e4tzte Lesezeit":"2\u00a0Minuten"},"schema":{"@context":"https:\/\/schema.org","@graph":[{"@type":"Article","@id":"https:\/\/now-news.de\/de\/deutschland\/kadyrow-erwartet-ende-des-ukraine-konflikts-im-sommer-2024\/#article","isPartOf":{"@id":"https:\/\/now-news.de\/de\/deutschland\/kadyrow-erwartet-ende-des-ukraine-konflikts-im-sommer-2024\/"},"author":{"name":"rtnews","@id":"https:\/\/now-news.de\/de\/#\/schema\/person\/fb534a4e865501d8b3285208df34a9b5"},"headline":"Kadyrow erwartet Ende des Ukraine-Konflikts im Sommer 2024","datePublished":"2023-12-14T11:49:42+00:00","dateModified":"2023-12-14T11:49:42+00:00","mainEntityOfPage":{"@id":"https:\/\/now-news.de\/de\/deutschland\/kadyrow-erwartet-ende-des-ukraine-konflikts-im-sommer-2024\/"},"wordCount":336,"commentCount":0,"publisher":{"@id":"https:\/\/now-news.de\/de\/#organization"},"image":{"@id":"https:\/\/now-news.de\/de\/deutschland\/kadyrow-erwartet-ende-des-ukraine-konflikts-im-sommer-2024\/#primaryimage"},"thumbnailUrl":"https:\/\/now-news.de\/de\/wp-content\/uploads\/sites\/3\/2023\/12\/Kadyrow-erwartet-Ende-des-Ukraine-Konflikts-im-Sommer-2024.jpg","keywords":["des","Ende","erwartet","kadyrow","Sommer","UkraineKonflikts"],"articleSection":["Deutschland","Russland"],"inLanguage":"de","potentialAction":[{"@type":"CommentAction","name":"Comment","target":["https:\/\/now-news.de\/de\/deutschland\/kadyrow-erwartet-ende-des-ukraine-konflikts-im-sommer-2024\/#respond"]}]},{"@type":"WebPage","@id":"https:\/\/now-news.de\/de\/deutschland\/kadyrow-erwartet-ende-des-ukraine-konflikts-im-sommer-2024\/","url":"https:\/\/now-news.de\/de\/deutschland\/kadyrow-erwartet-ende-des-ukraine-konflikts-im-sommer-2024\/","name":"Kadyrow erwartet Ende des Ukraine-Konflikts im Sommer 2024 - just-now.NEWS Deutschland","isPartOf":{"@id":"https:\/\/now-news.de\/de\/#website"},"primaryImageOfPage":{"@id":"https:\/\/now-news.de\/de\/deutschland\/kadyrow-erwartet-ende-des-ukraine-konflikts-im-sommer-2024\/#primaryimage"},"image":{"@id":"https:\/\/now-news.de\/de\/deutschland\/kadyrow-erwartet-ende-des-ukraine-konflikts-im-sommer-2024\/#primaryimage"},"thumbnailUrl":"https:\/\/now-news.de\/de\/wp-content\/uploads\/sites\/3\/2023\/12\/Kadyrow-erwartet-Ende-des-Ukraine-Konflikts-im-Sommer-2024.jpg","datePublished":"2023-12-14T11:49:42+00:00","dateModified":"2023-12-14T11:49:42+00:00","breadcrumb":{"@id":"https:\/\/now-news.de\/de\/deutschland\/kadyrow-erwartet-ende-des-ukraine-konflikts-im-sommer-2024\/#breadcrumb"},"inLanguage":"de","potentialAction":[{"@type":"ReadAction","target":["https:\/\/now-news.de\/de\/deutschland\/kadyrow-erwartet-ende-des-ukraine-konflikts-im-sommer-2024\/"]}]},{"@type":"ImageObject","inLanguage":"de","@id":"https:\/\/now-news.de\/de\/deutschland\/kadyrow-erwartet-ende-des-ukraine-konflikts-im-sommer-2024\/#primaryimage","url":"https:\/\/now-news.de\/de\/wp-content\/uploads\/sites\/3\/2023\/12\/Kadyrow-erwartet-Ende-des-Ukraine-Konflikts-im-Sommer-2024.jpg","contentUrl":"https:\/\/now-news.de\/de\/wp-content\/uploads\/sites\/3\/2023\/12\/Kadyrow-erwartet-Ende-des-Ukraine-Konflikts-im-Sommer-2024.jpg","width":460,"height":259,"caption":"Kadyrow erwartet Ende des Ukraine-Konflikts im Sommer 2024"},{"@type":"BreadcrumbList","@id":"https:\/\/now-news.de\/de\/deutschland\/kadyrow-erwartet-ende-des-ukraine-konflikts-im-sommer-2024\/#breadcrumb","itemListElement":[{"@type":"ListItem","position":1,"name":"Home","item":"https:\/\/now-news.de\/de\/"},{"@type":"ListItem","position":2,"name":"Kadyrow erwartet Ende des Ukraine-Konflikts im Sommer 2024"}]},{"@type":"WebSite","@id":"https:\/\/now-news.de\/de\/#website","url":"https:\/\/now-news.de\/de\/","name":"just-now.NEWS Deutschland","description":"Das Portal f\u00fcr unzensierte Nachrichten aus der Welt","publisher":{"@id":"https:\/\/now-news.de\/de\/#organization"},"potentialAction":[{"@type":"SearchAction","target":{"@type":"EntryPoint","urlTemplate":"https:\/\/now-news.de\/de\/?s={search_term_string}"},"query-input":"required name=search_term_string"}],"inLanguage":"de"},{"@type":"Organization","@id":"https:\/\/now-news.de\/de\/#organization","name":"Just Now News","url":"https:\/\/now-news.de\/de\/","logo":{"@type":"ImageObject","inLanguage":"de","@id":"https:\/\/now-news.de\/de\/#\/schema\/logo\/image\/","url":"http:\/\/just-now.news\/de\/wp-content\/uploads\/sites\/3\/2022\/04\/logo500x500.jpg","contentUrl":"http:\/\/just-now.news\/de\/wp-content\/uploads\/sites\/3\/2022\/04\/logo500x500.jpg","width":500,"height":500,"caption":"Just Now News"},"image":{"@id":"https:\/\/now-news.de\/de\/#\/schema\/logo\/image\/"},"sameAs":["https:\/\/www.facebook.com\/wirmachenauf","https:\/\/x.com\/WirMachenAuf_de"]},{"@type":"Person","@id":"https:\/\/now-news.de\/de\/#\/schema\/person\/fb534a4e865501d8b3285208df34a9b5","name":"rtnews","image":{"@type":"ImageObject","inLanguage":"de","@id":"https:\/\/now-news.de\/de\/#\/schema\/person\/image\/","url":"https:\/\/secure.gravatar.com\/avatar\/82aafea7d8127119dd649515f56e2117?s=96&d=mm&r=g","contentUrl":"https:\/\/secure.gravatar.com\/avatar\/82aafea7d8127119dd649515f56e2117?s=96&d=mm&r=g","caption":"rtnews"},"url":"https:\/\/now-news.de\/de\/author\/rnews\/"}]}},"_links":{"self":[{"href":"https:\/\/now-news.de\/de\/wp-json\/wp\/v2\/posts\/51533"}],"collection":[{"href":"https:\/\/now-news.de\/de\/wp-json\/wp\/v2\/posts"}],"about":[{"href":"https:\/\/now-news.de\/de\/wp-json\/wp\/v2\/types\/post"}],"author":[{"embeddable":true,"href":"https:\/\/now-news.de\/de\/wp-json\/wp\/v2\/users\/3"}],"replies":[{"embeddable":true,"href":"https:\/\/now-news.de\/de\/wp-json\/wp\/v2\/comments?post=51533"}],"version-history":[{"count":0,"href":"https:\/\/now-news.de\/de\/wp-json\/wp\/v2\/posts\/51533\/revisions"}],"wp:featuredmedia":[{"embeddable":true,"href":"https:\/\/now-news.de\/de\/wp-json\/wp\/v2\/media\/51534"}],"wp:attachment":[{"href":"https:\/\/now-news.de\/de\/wp-json\/wp\/v2\/media?parent=51533"}],"wp:term":[{"taxonomy":"category","embeddable":true,"href":"https:\/\/now-news.de\/de\/wp-json\/wp\/v2\/categories?post=51533"},{"taxonomy":"post_tag","embeddable":true,"href":"https:\/\/now-news.de\/de\/wp-json\/wp\/v2\/tags?post=51533"}],"curies":[{"name":"wp","href":"https:\/\/api.w.org\/{rel}","templated":true}]}}