{"id":51510,"date":"2023-12-13T22:20:30","date_gmt":"2023-12-13T20:20:30","guid":{"rendered":"https:\/\/just-now.news\/de\/deutschland\/putsch-gegen-die-demokratie-in-guatemala-die-maya-indigenen-im-widerstand\/"},"modified":"2023-12-13T22:20:30","modified_gmt":"2023-12-13T20:20:30","slug":"putsch-gegen-die-demokratie-in-guatemala-die-maya-indigenen-im-widerstand","status":"publish","type":"post","link":"https:\/\/now-news.de\/de\/deutschland\/putsch-gegen-die-demokratie-in-guatemala-die-maya-indigenen-im-widerstand\/","title":{"rendered":"Putsch gegen die Demokratie in Guatemala \u2013 die Maya-Indigenen im Widerstand"},"content":{"rendered":"<p><img decoding=\"async\" src=\"http:\/\/just-now.news\/de\/wp-content\/uploads\/sites\/3\/2023\/12\/6579d913b480cc4b9b442ea9.jpg\" \/><\/p>\n<div class=\"Text-root Text-type_1 \">\n                Eigentlich keine so ungew\u00f6hnliche politische Konstellation: ein als linksliberal geltender Politiker eines Landes im &#8220;Globalen S\u00fcden&#8221; erf\u00e4hrt Unterst\u00fctzung durch die USA, aber die einheimische, indigene Bev\u00f6lkerung ist mit dem gew\u00e4hlten Pr\u00e4sidenten nicht einverstanden \u2013 so die Lage in Guatemala.\n            <\/div>\n<p><\/p>\n<div class=\"Text-root Text-type_5 ArticleView-text ViewText-root \">\n<p><em>Von Maria M\u00fcller<\/em><\/p>\n<p>In Guatemala l\u00e4uft seit dem Wahlsieg des progressiven Kandidaten Bernardo Ar\u00e9valo im vergangenen August ein Putsch in Etappen. Der 65-j\u00e4hrige Soziologe, Botschafter und Abgeordnete wurde im August mit 58 Prozent der Stimmen zum Pr\u00e4sidenten Guatemalas gew\u00e4hlt. Ar\u00e9valo ist durch sein Engagement in der Korruptionsbek\u00e4mpfung bekannt, die seit wenigen Jahren mit Programmen der USA unterst\u00fctzt wird. Er soll mit der Sympathie der demokratischen Partei der USA rechnen k\u00f6nnen. Doch der noch amtierende Pr\u00e4sident Alejandro Giammattei f\u00fchrt mithilfe des Justizapparats und seiner Parteienmehrheit im Kongress einen erbitterten Kampf, um die Wahl zu annullieren und Ar\u00e9valo juristisch auszuschalten.<\/p>\n<blockquote>\n<p><em>&#8220;Fr\u00fcher kamen sie mit Soldaten, Panzern und Maschinengewehren \u2026 nach drei Tagen war der Putsch fertig. Heute kommen sie mit Richtern und Staatsanw\u00e4lten \u2026 das dauert etwas l\u00e4nger&#8221;,<\/em><\/p>\n<\/blockquote>\n<p>sagte ein Demonstrant vor der Presse. So l\u00e4uft auch der Putsch gegen den neuen Pr\u00e4sidenten Ar\u00e9valo, gegen seine Vizepr\u00e4sidentin, die Biologin Karin Herrera, und seine gesamte Partei &#8220;Bewegung Saatgut&#8221;. Letztere wollte man bereits im Wahlkampf verbieten.<\/p>\n<p>Ein wahrer Regen an Anschuldigen prasselt nun auf Ar\u00e9valo nieder. Staatsanw\u00e4lten und Kongressabgeordneten gelang es, die juristische Immunit\u00e4t des gew\u00e4hlten Pr\u00e4sidenten aufzuheben. Er soll nun wegen angeblicher F\u00e4lschungen beim Zulassungsantrag seiner Partei juristisch belangt werden. Es gab 31 Hausdurchsuchungen und 27 Haftbefehle gegen deren Mitglieder, darunter Parlamentsabgeordnete, von denen acht vor\u00fcbergehend inhaftiert wurden.<\/p>\n<p>Die Oberstaatsanwaltschaft hat die <a rel=\"nofollow noopener\" target=\"_blank\" href=\"https:\/\/www.nytimes.com\/es\/2023\/12\/11\/espanol\/bernardo-arevalo-guatemala.html\">Wahlen f\u00fcr ung\u00fcltig<\/a> erkl\u00e4rt, nachdem zwei ihrer Beamten ohne Vorwarnung und Erlaubnis in die R\u00e4ume des obersten Wahlgerichts eingedrungen waren und Wahlakten mit den Ausz\u00e4hlungen einfach mitgenommen hatten.<\/p>\n<p>Doch der gesamte Wahlvorgang fand unter der Kontrolle lateinamerikanischer Wahlbeauftragter sowie von Beobachtern der Organisation Amerikanischer Staaten (OAS) und der Europ\u00e4ischen Union statt. Das Oberste Wahlgericht bescheinigte die Echtheit aller Vorg\u00e4nge.<\/p>\n<p><strong>Guatemala, Jahrzehnte der Diktaturen und der Apartheid gegen die Maya-Indigenen<\/strong><\/p>\n<p>Das mittelamerikanische Land ist bis heute von einer Art &#8220;Apartheid-Kultur&#8221; gepr\u00e4gt, die die indigene Maya-Bev\u00f6lkerung als Menschen zweiter Klasse behandelt, obgleich sie die H\u00e4lfte der 15 Millionen Einwohner ausmacht. Ausgegrenzt, ausgeraubt und entrechtet \u2013 so blicken sie auf eine grausame Geschichte unter den Diktaturen von 1954 bis 1985 zur\u00fcck. In dieser Zeit fand ein <a rel=\"nofollow noopener\" target=\"_blank\" href=\"https:\/\/www.nzz.ch\/international\/vor-vierzig-jahren-wurde-in-guatemala-der-diktator-rios-montt-gestuerzt-sein-voelkermord-an-den-maya-ist-in-vergessenheit-geraten-ld.1745691\">systematischer V\u00f6lkermord<\/a> statt, der mit den SS-Massakern im Zweiten Weltkrieg vergleichbar ist.<\/p>\n<p>Danach wurde es nicht viel besser. Bis heute herrscht eine &#8220;schwache&#8221; Demokratie, oder eher eine &#8220;Scheindemokratie&#8221;, die wahre Macht im Staat haben Drogenkartelle und eine korruptionsgewohnte Elite, die sich bis vor wenigen Jahren unter dem Schirm der USA unantastbar f\u00fchlte. Allerdings wandelte sich der US-Einfluss, Anti-Korruptionsprogramme sollten in den letzten Jahren f\u00fcr mehr Ordnung sorgen. Auch scheinen die Migrationswellen aus Mittel- und S\u00fcdamerika zum Umdenken im (nicht mehr so) reichen Norden gef\u00fchrt zu haben. Guatemala ist ein Migrationskorridor \u2013 wie Mexiko.<\/p>\n<p>Die mit dem organisierten Verbrechen verbundene Oberschicht, ihre willf\u00e4hrige Staatsverwaltung und ihr Milit\u00e4r f\u00fcrchten nicht zuletzt auch strafrechtliche Konsequenzen, falls der neue Pr\u00e4sident wie vorgesehen tats\u00e4chlich am 14. Januar sein Amt antritt.<\/p>\n<p>Claudia Gonz\u00e1lez, eine prominente Menschenrechtsanw\u00e4ltin, sagte \u00fcber Ar\u00e9valo: &#8220;Es w\u00e4re ein wahres Wunder, wenn er sein Amt antritt!&#8221; Sie war 82 Tage inhaftiert, weil sie in einer von den Vereinten Nationen unterst\u00fctzten Anti-Korruptions-Mission mitgearbeitet hatte, die in Guatemala inzwischen verboten ist. Dutzende Richter und Staatsanw\u00e4lte wurden <a rel=\"nofollow noopener\" target=\"_blank\" href=\"https:\/\/apnews.com\/article\/guatemala-prosecutor-corruption-sandoval-92c0f640f1dc575142b8edd5e9366836\">ins Exil gezwungen<\/a>. Die letzten Richter, die das Land verlie\u00dfen, waren nun Mitglieder der Wahlbeh\u00f6rde, die die Wahlergebnisse best\u00e4tigt und das Verbot von Ar\u00e9valos Partei blockiert hatten. Am selben Tag, an dem der Kongress ihre Immunit\u00e4t aufhob, bestiegen die Richter das Flugzeug, um Guatemala zu verlassen.<\/p>\n<p><strong>Die Lage spitzt sich zu. Internationale Institutionen reagieren.<\/strong><\/p>\n<p>Angesichts der kritischen Lage reagierten die internationalen Organisationen wie die UNO, die OAS, die EU und Politiker verschiedener westlicher Staaten.<\/p>\n<p>So erkl\u00e4rte<strong>\u00a0<\/strong>Volker T\u00fcrk, der UN-Hochkommissar f\u00fcr Menschenrechte, am Montag:<\/p>\n<blockquote>\n<p><em>&#8220;Ich fordere die zust\u00e4ndigen Beh\u00f6rden, darunter den derzeitigen Pr\u00e4sidenten (Alejandro Giammattei) und die Justiz noch einmal auf, sich f\u00fcr die Wahrung der Rechtsstaatlichkeit und die Gew\u00e4hrleistung der Achtung des Wahlergebnisses einzusetzen.&#8221; <\/em><\/p>\n<\/blockquote>\n<p>Auch der Generalsekret\u00e4r der UNO, Ant\u00f3nio Guterres, schrieb auf X:<\/p>\n<blockquote>\n<p><em>&#8220;Wir sind wegen der Ereignisse in Guatemala besorgt und fordern einen reibungslosen Machtwechsel.&#8221;<strong><\/strong><\/em><\/p>\n<\/blockquote>\n<p>Das Generalsekretariat der Organisation Amerikanischer Staaten (OAS) verurteilt den Putschversuch der Oberstaatsanwaltschaft Guatemalas:<\/p>\n<blockquote>\n<p><em>&#8220;Die Handlungen und Aussagen der Staatsanw\u00e4lte Rafael Curruchiche und Leonor Morales stellen eine \u00c4nderung der verfassungsm\u00e4\u00dfigen Ordnung des Landes dar.&#8221;<strong><\/strong><\/em><\/p>\n<\/blockquote>\n<p>Thomas Peyker, der Botschafter Europas in Guatemala, k\u00fcndigte Sanktionen der EU gegen Guatemala an. Selbst Josep Borrell verurteilte die Versuche, die Wahlen in Guatemala zu annullieren. Die Betrugsvorw\u00fcrfe seien unbegr\u00fcndet.<\/p>\n<p>Fr\u00fchere Pr\u00e4sidenten, Minister und Politiker der lateinamerikanischen Puebla-Gruppe forderten die OAS auf, die in ihrer Charta von 2001 enthaltene Demokratieklausel wegen der &#8220;schwerwiegenden Verst\u00f6\u00dfe&#8221; anzuwenden.<\/p>\n<p><strong>Die Mobilisierung der Mayas f\u00fcr die Demokratie und ihre Menschenrechte<\/strong><\/p>\n<p>&#8220;Unser heutiger Kampf gilt nicht der Saatgut-Partei oder Bernardo, sondern um das bisschen Demokratie, das wir noch haben&#8221;, sagte Rigoberto Ju\u00e1rez, ein 66-j\u00e4hriger indigener Anf\u00fchrer, der urspr\u00fcnglich aus Huehuetenango im westlichen Hochland Guatemalas stammt. Er f\u00fcgte hinzu, sie h\u00e4tten ihr Vertrauen in Ar\u00e9valo gesetzt, &#8220;und die Nichtanerkennung dieser Wahl ist ein Angriff auf die indigenen V\u00f6lker&#8221;.<\/p>\n<p>Es gibt nur eine einzige indigene Abgeordnete (von insgesamt 190) im Parlament von Guatemala. Das ist ein Symptom f\u00fcr den Ausschluss der Mayas aus dem kulturellen und politischen Leben. Es gibt \u00f6ffentliche Gelder weder f\u00fcr eine wirtschaftliche Infrastruktur in ihren Gebieten noch f\u00fcr ihre Institutionen noch f\u00fcr Schulen noch Krankenh\u00e4user. Gleichzeitig werden die indigenen Gemeinden von ihrem angestammten Land vertrieben, denn internationale Konzerne wollen die <a rel=\"nofollow noopener\" target=\"_blank\" href=\"https:\/\/www.resumenlatinoamericano.org\/2022\/12\/26\/guatemala-extractivismo-salvaje-y-contrainsurgencia-la-nueva-guerra-fria\/\">wertvollen Bodensch\u00e4tze<\/a> ausbeuten (Gold, Silber, Nickel, Kupfer).<\/p>\n<p>Andererseits haben sich sie ihre traditionelle Gesellschaftsorganisation, ihre eigene Justiz, Kultur und Produktionsweisen bewahrt, was es ihnen erlaubte, trotz aller Verfolgung und Zerst\u00f6rung selbstst\u00e4ndig zu \u00fcberleben und die eigene Identit\u00e4t zu bewahren. Auf dieser Grundlage fordern sie heute erneut ihre Rechte ein, wie sie in den international verabschiedeten Verlautbarungen der UNO und der OAS zum Ausdruck kommen. Sie k\u00e4mpfen f\u00fcr eine Demokratie \u2013 ohne Illusionen \u00fcber das ihnen fremde &#8220;Wertesystem&#8221;.<\/p>\n<p><strong>Proteste, Kundgebungen, Stra\u00dfenblockaden, Widerstandscamps, Demonstrationen \u2026<\/strong><\/p>\n<p>Bereits zu Beginn der Justizkampagne gegen den neu gew\u00e4hlten Pr\u00e4sidenten riefen die Maya-Indigenen Anfang Oktober zu einem landesweiten Streik auf und gingen auf die Stra\u00dfe. Besser gesagt, sie blockierten die \u00dcberlandverbindungen und erschwerten die Versorgung der St\u00e4dte. Doch nach wenigen Tagen machten humanit\u00e4re Gesichtspunkte die Blockaden durchl\u00e4ssig, die man Anfang November an schrittweise beendete. Gleichzeitig kampierten indigene Demonstranten zwei Monate lang vor dem B\u00fcro der Generalstaatsanwaltschaft. Sie forderten den R\u00fccktritt der Staatsanw\u00e4ltin Consuelo Porras, die in der Justizkampagne eine f\u00fchrende Rolle spielt. Auch die Staatsanw\u00e4lte Rafael Curruchiche, Cinthia Monterroso und Freddy Orellana sollen vom Amt suspendiert werden.<\/p>\n<p>Nach zahlreichen Protesten im ganzen Land riefen die &#8220;althergebrachten Autorit\u00e4ten&#8221; der Maya-Gemeinden am 7. Dezember erneut zu einer Demonstration in der Hauptstadt Guatemala-Stadt auf. Ziel waren vor allem der Oberste Gerichtshof, das Verfassungsgericht und die Oberstaatsanwaltschaft.<\/p>\n<p>Am 12. Dezember richteten die Repr\u00e4sentanten von rund 30 lokalen Maya-Verwaltungen eine Petition an die OAS, die seit Anfang November eine Beobachter- und Vermittlerdelegation in Guatemala einsetzt. Die Maya fordern von der OAS, ihre Demokratieklausel anzuwenden und damit Guatemala aus dem gesamtamerikanischen <a rel=\"nofollow noopener\" target=\"_blank\" href=\"https:\/\/prensacomunitaria.org\/2023\/09\/que-significa-invocar-la-carta-democratica-de-la-oea\/\">Staatenbund auszuschlie\u00dfen<\/a>.<\/p>\n<p>Au\u00dferdem werden Sanktionen gegen die Anf\u00fchrer des Putsches gefordert, allen voran gegen den bisherigen Pr\u00e4sidenten Alejandro Giammattei und seinen Vizepr\u00e4sidenten, gegen die Oberstaatsanwaltschaft und gegen zwei Richter. Und die OAS m\u00fcsse das Verfassungsgericht auffordern, mit einem speziellen Erlass zum Schutz der Demokratie die verfassungsm\u00e4\u00dfige Ordnung und die G\u00fcltigkeit des Wahlprozesses von 2023 zu gew\u00e4hrleisten.<\/p>\n<p><strong>Die international anerkannten Indigenen-Rechte<\/strong><\/p>\n<p>Bei den Kundgebungen zur Verteidigung der Demokratie erinnerten die Maya an die UN-Erkl\u00e4rung \u00fcber die <a rel=\"nofollow noopener\" target=\"_blank\" href=\"http:\/\/www.humanitaeres-voelkerrecht.de\/ERiV.pdf\">Rechte der indigenen V\u00f6lker<\/a> von 2007, die ihre traditionellen Forderungen unterst\u00fctzt:<\/p>\n<blockquote>\n<p><em>&#8220;\u2026 <\/em><em>Indigene V\u00f6lker<\/em><em>\u00a0und Menschen sind frei und allen anderen V\u00f6lkern und Menschen gleichgestellt, <\/em><em>\u2026 es ist dringend notwendig, insbesondere ihre Rechte auf ihr Land, ihre Gebiete und ihre Ressourcen zu achten und zu f\u00f6rdern\u2026&#8221;<\/em><\/p>\n<\/blockquote>\n<p><strong><em><\/em>Mehr zum Thema<\/strong> &#8211; <a rel=\"nofollow noopener\" target=\"_blank\" href=\"https:\/\/freedert.online\/meinung\/189471-maduros-eiserne-faust-warum-sollte\/\">Maduros eiserne Faust: Warum sollte Venezuela einen totalen Krieg riskieren?<\/a><\/p>\n<\/p>\n<\/div>\n<p><br \/>\n<br \/><a href=\"https:\/\/de.rt.com\/amerika\/189763-putsch-gegen-demokratie-in-guatemala\/\">Source link <\/a><\/p>\n","protected":false},"excerpt":{"rendered":"<p>Eigentlich keine so ungew\u00f6hnliche politische Konstellation: ein als linksliberal geltender Politiker eines Landes im &#8220;Globalen S\u00fcden&#8221; erf\u00e4hrt Unterst\u00fctzung durch die USA, aber die einheimische, indigene Bev\u00f6lkerung ist mit dem gew\u00e4hlten Pr\u00e4sidenten nicht einverstanden \u2013 so die Lage in Guatemala. Von Maria M\u00fcller In Guatemala l\u00e4uft seit dem Wahlsieg des progressiven Kandidaten Bernardo Ar\u00e9valo im vergangenen [&hellip;]<\/p>\n","protected":false},"author":3,"featured_media":51511,"comment_status":"open","ping_status":"open","sticky":false,"template":"","format":"standard","meta":{"_yoast_indexnow_last_ping":["1702499624"],"wp_automatic_camp":["217"],"cec957d0be2f163275991d9267bc4784":["Putsch gegen die Demokratie in Guatemala \u2013 die Maya-Indigenen im Widerstand"],"original_link":["https:\/\/de.rt.com\/amerika\/189763-putsch-gegen-demokratie-in-guatemala\/"],"_thumbnail_id":["51511"],"jnews_social_counter_last_update":["1777181778"],"_wptgpro_p2tg_sent2tg":["a:1:{i:23737;s:19:\"2023-12-13 22:35:04\";}"]},"categories":[19,23],"tags":[2570,45,278,42760,51575,5422,7547],"yoast_head":"<!-- This site is optimized with the Yoast SEO Premium plugin v22.7 (Yoast SEO v22.7) - https:\/\/yoast.com\/wordpress\/plugins\/seo\/ -->\n<title>Putsch gegen die Demokratie in Guatemala \u2013 die Maya-Indigenen im Widerstand - just-now.NEWS Deutschland<\/title>\n<meta name=\"robots\" content=\"index, follow, max-snippet:-1, max-image-preview:large, max-video-preview:-1\" \/>\n<link rel=\"canonical\" href=\"https:\/\/now-news.de\/de\/deutschland\/putsch-gegen-die-demokratie-in-guatemala-die-maya-indigenen-im-widerstand\/\" \/>\n<meta property=\"og:locale\" content=\"de_DE\" \/>\n<meta property=\"og:type\" content=\"article\" \/>\n<meta property=\"og:title\" content=\"Putsch gegen die Demokratie in Guatemala \u2013 die Maya-Indigenen im Widerstand\" \/>\n<meta property=\"og:description\" content=\"Eigentlich keine so ungew\u00f6hnliche politische Konstellation: ein als linksliberal geltender Politiker eines Landes im &#8220;Globalen S\u00fcden&#8221; erf\u00e4hrt Unterst\u00fctzung durch die USA, aber die einheimische, indigene Bev\u00f6lkerung ist mit dem gew\u00e4hlten Pr\u00e4sidenten nicht einverstanden \u2013 so die Lage in Guatemala. Von Maria M\u00fcller In Guatemala l\u00e4uft seit dem Wahlsieg des progressiven Kandidaten Bernardo Ar\u00e9valo im vergangenen [&hellip;]\" \/>\n<meta property=\"og:url\" content=\"https:\/\/now-news.de\/de\/deutschland\/putsch-gegen-die-demokratie-in-guatemala-die-maya-indigenen-im-widerstand\/\" \/>\n<meta property=\"og:site_name\" content=\"just-now.NEWS Deutschland\" \/>\n<meta property=\"article:publisher\" content=\"https:\/\/www.facebook.com\/wirmachenauf\" \/>\n<meta property=\"article:published_time\" content=\"2023-12-13T20:20:30+00:00\" \/>\n<meta property=\"og:image\" content=\"https:\/\/now-news.de\/de\/wp-content\/uploads\/sites\/3\/2023\/12\/Putsch-gegen-die-Demokratie-in-Guatemala-\u2013-die-Maya-Indigenen-im.jpg\" \/>\n\t<meta property=\"og:image:width\" content=\"460\" \/>\n\t<meta property=\"og:image:height\" content=\"259\" \/>\n\t<meta property=\"og:image:type\" content=\"image\/jpeg\" \/>\n<meta name=\"author\" content=\"rtnews\" \/>\n<meta name=\"twitter:card\" content=\"summary_large_image\" \/>\n<meta name=\"twitter:creator\" content=\"@WirMachenAuf_de\" \/>\n<meta name=\"twitter:site\" content=\"@WirMachenAuf_de\" \/>\n<meta name=\"twitter:label1\" content=\"Verfasst von\" \/>\n\t<meta name=\"twitter:data1\" content=\"rtnews\" \/>\n\t<meta name=\"twitter:label2\" content=\"Gesch\u00e4tzte Lesezeit\" \/>\n\t<meta name=\"twitter:data2\" content=\"7\u00a0Minuten\" \/>\n<script type=\"application\/ld+json\" class=\"yoast-schema-graph\">{\"@context\":\"https:\/\/schema.org\",\"@graph\":[{\"@type\":\"Article\",\"@id\":\"https:\/\/now-news.de\/de\/deutschland\/putsch-gegen-die-demokratie-in-guatemala-die-maya-indigenen-im-widerstand\/#article\",\"isPartOf\":{\"@id\":\"https:\/\/now-news.de\/de\/deutschland\/putsch-gegen-die-demokratie-in-guatemala-die-maya-indigenen-im-widerstand\/\"},\"author\":{\"name\":\"rtnews\",\"@id\":\"https:\/\/now-news.de\/de\/#\/schema\/person\/fb534a4e865501d8b3285208df34a9b5\"},\"headline\":\"Putsch gegen die Demokratie in Guatemala \u2013 die Maya-Indigenen im Widerstand\",\"datePublished\":\"2023-12-13T20:20:30+00:00\",\"dateModified\":\"2023-12-13T20:20:30+00:00\",\"mainEntityOfPage\":{\"@id\":\"https:\/\/now-news.de\/de\/deutschland\/putsch-gegen-die-demokratie-in-guatemala-die-maya-indigenen-im-widerstand\/\"},\"wordCount\":1424,\"commentCount\":0,\"publisher\":{\"@id\":\"https:\/\/now-news.de\/de\/#organization\"},\"image\":{\"@id\":\"https:\/\/now-news.de\/de\/deutschland\/putsch-gegen-die-demokratie-in-guatemala-die-maya-indigenen-im-widerstand\/#primaryimage\"},\"thumbnailUrl\":\"https:\/\/now-news.de\/de\/wp-content\/uploads\/sites\/3\/2023\/12\/Putsch-gegen-die-Demokratie-in-Guatemala-\u2013-die-Maya-Indigenen-im.jpg\",\"keywords\":[\"Demokratie\",\"die\",\"gegen\",\"Guatemala\",\"MayaIndigenen\",\"Putsch\",\"Widerstand\"],\"articleSection\":[\"Deutschland\",\"Russland\"],\"inLanguage\":\"de\",\"potentialAction\":[{\"@type\":\"CommentAction\",\"name\":\"Comment\",\"target\":[\"https:\/\/now-news.de\/de\/deutschland\/putsch-gegen-die-demokratie-in-guatemala-die-maya-indigenen-im-widerstand\/#respond\"]}]},{\"@type\":\"WebPage\",\"@id\":\"https:\/\/now-news.de\/de\/deutschland\/putsch-gegen-die-demokratie-in-guatemala-die-maya-indigenen-im-widerstand\/\",\"url\":\"https:\/\/now-news.de\/de\/deutschland\/putsch-gegen-die-demokratie-in-guatemala-die-maya-indigenen-im-widerstand\/\",\"name\":\"Putsch gegen die Demokratie in Guatemala \u2013 die Maya-Indigenen im Widerstand - just-now.NEWS Deutschland\",\"isPartOf\":{\"@id\":\"https:\/\/now-news.de\/de\/#website\"},\"primaryImageOfPage\":{\"@id\":\"https:\/\/now-news.de\/de\/deutschland\/putsch-gegen-die-demokratie-in-guatemala-die-maya-indigenen-im-widerstand\/#primaryimage\"},\"image\":{\"@id\":\"https:\/\/now-news.de\/de\/deutschland\/putsch-gegen-die-demokratie-in-guatemala-die-maya-indigenen-im-widerstand\/#primaryimage\"},\"thumbnailUrl\":\"https:\/\/now-news.de\/de\/wp-content\/uploads\/sites\/3\/2023\/12\/Putsch-gegen-die-Demokratie-in-Guatemala-\u2013-die-Maya-Indigenen-im.jpg\",\"datePublished\":\"2023-12-13T20:20:30+00:00\",\"dateModified\":\"2023-12-13T20:20:30+00:00\",\"breadcrumb\":{\"@id\":\"https:\/\/now-news.de\/de\/deutschland\/putsch-gegen-die-demokratie-in-guatemala-die-maya-indigenen-im-widerstand\/#breadcrumb\"},\"inLanguage\":\"de\",\"potentialAction\":[{\"@type\":\"ReadAction\",\"target\":[\"https:\/\/now-news.de\/de\/deutschland\/putsch-gegen-die-demokratie-in-guatemala-die-maya-indigenen-im-widerstand\/\"]}]},{\"@type\":\"ImageObject\",\"inLanguage\":\"de\",\"@id\":\"https:\/\/now-news.de\/de\/deutschland\/putsch-gegen-die-demokratie-in-guatemala-die-maya-indigenen-im-widerstand\/#primaryimage\",\"url\":\"https:\/\/now-news.de\/de\/wp-content\/uploads\/sites\/3\/2023\/12\/Putsch-gegen-die-Demokratie-in-Guatemala-\u2013-die-Maya-Indigenen-im.jpg\",\"contentUrl\":\"https:\/\/now-news.de\/de\/wp-content\/uploads\/sites\/3\/2023\/12\/Putsch-gegen-die-Demokratie-in-Guatemala-\u2013-die-Maya-Indigenen-im.jpg\",\"width\":460,\"height\":259,\"caption\":\"Putsch gegen die Demokratie in Guatemala \u2013 die Maya-Indigenen im Widerstand\"},{\"@type\":\"BreadcrumbList\",\"@id\":\"https:\/\/now-news.de\/de\/deutschland\/putsch-gegen-die-demokratie-in-guatemala-die-maya-indigenen-im-widerstand\/#breadcrumb\",\"itemListElement\":[{\"@type\":\"ListItem\",\"position\":1,\"name\":\"Home\",\"item\":\"https:\/\/now-news.de\/de\/\"},{\"@type\":\"ListItem\",\"position\":2,\"name\":\"Putsch gegen die Demokratie in Guatemala \u2013 die Maya-Indigenen im Widerstand\"}]},{\"@type\":\"WebSite\",\"@id\":\"https:\/\/now-news.de\/de\/#website\",\"url\":\"https:\/\/now-news.de\/de\/\",\"name\":\"just-now.NEWS Deutschland\",\"description\":\"Das Portal f\u00fcr unzensierte Nachrichten aus der Welt\",\"publisher\":{\"@id\":\"https:\/\/now-news.de\/de\/#organization\"},\"potentialAction\":[{\"@type\":\"SearchAction\",\"target\":{\"@type\":\"EntryPoint\",\"urlTemplate\":\"https:\/\/now-news.de\/de\/?s={search_term_string}\"},\"query-input\":\"required name=search_term_string\"}],\"inLanguage\":\"de\"},{\"@type\":\"Organization\",\"@id\":\"https:\/\/now-news.de\/de\/#organization\",\"name\":\"Just Now News\",\"url\":\"https:\/\/now-news.de\/de\/\",\"logo\":{\"@type\":\"ImageObject\",\"inLanguage\":\"de\",\"@id\":\"https:\/\/now-news.de\/de\/#\/schema\/logo\/image\/\",\"url\":\"http:\/\/just-now.news\/de\/wp-content\/uploads\/sites\/3\/2022\/04\/logo500x500.jpg\",\"contentUrl\":\"http:\/\/just-now.news\/de\/wp-content\/uploads\/sites\/3\/2022\/04\/logo500x500.jpg\",\"width\":500,\"height\":500,\"caption\":\"Just Now News\"},\"image\":{\"@id\":\"https:\/\/now-news.de\/de\/#\/schema\/logo\/image\/\"},\"sameAs\":[\"https:\/\/www.facebook.com\/wirmachenauf\",\"https:\/\/x.com\/WirMachenAuf_de\"]},{\"@type\":\"Person\",\"@id\":\"https:\/\/now-news.de\/de\/#\/schema\/person\/fb534a4e865501d8b3285208df34a9b5\",\"name\":\"rtnews\",\"image\":{\"@type\":\"ImageObject\",\"inLanguage\":\"de\",\"@id\":\"https:\/\/now-news.de\/de\/#\/schema\/person\/image\/\",\"url\":\"https:\/\/secure.gravatar.com\/avatar\/82aafea7d8127119dd649515f56e2117?s=96&d=mm&r=g\",\"contentUrl\":\"https:\/\/secure.gravatar.com\/avatar\/82aafea7d8127119dd649515f56e2117?s=96&d=mm&r=g\",\"caption\":\"rtnews\"},\"url\":\"https:\/\/now-news.de\/de\/author\/rnews\/\"}]}<\/script>\n<!-- \/ Yoast SEO Premium plugin. -->","yoast_head_json":{"title":"Putsch gegen die Demokratie in Guatemala \u2013 die Maya-Indigenen im Widerstand - just-now.NEWS Deutschland","robots":{"index":"index","follow":"follow","max-snippet":"max-snippet:-1","max-image-preview":"max-image-preview:large","max-video-preview":"max-video-preview:-1"},"canonical":"https:\/\/now-news.de\/de\/deutschland\/putsch-gegen-die-demokratie-in-guatemala-die-maya-indigenen-im-widerstand\/","og_locale":"de_DE","og_type":"article","og_title":"Putsch gegen die Demokratie in Guatemala \u2013 die Maya-Indigenen im Widerstand","og_description":"Eigentlich keine so ungew\u00f6hnliche politische Konstellation: ein als linksliberal geltender Politiker eines Landes im &#8220;Globalen S\u00fcden&#8221; erf\u00e4hrt Unterst\u00fctzung durch die USA, aber die einheimische, indigene Bev\u00f6lkerung ist mit dem gew\u00e4hlten Pr\u00e4sidenten nicht einverstanden \u2013 so die Lage in Guatemala. Von Maria M\u00fcller In Guatemala l\u00e4uft seit dem Wahlsieg des progressiven Kandidaten Bernardo Ar\u00e9valo im vergangenen [&hellip;]","og_url":"https:\/\/now-news.de\/de\/deutschland\/putsch-gegen-die-demokratie-in-guatemala-die-maya-indigenen-im-widerstand\/","og_site_name":"just-now.NEWS Deutschland","article_publisher":"https:\/\/www.facebook.com\/wirmachenauf","article_published_time":"2023-12-13T20:20:30+00:00","og_image":[{"width":460,"height":259,"url":"https:\/\/now-news.de\/de\/wp-content\/uploads\/sites\/3\/2023\/12\/Putsch-gegen-die-Demokratie-in-Guatemala-\u2013-die-Maya-Indigenen-im.jpg","type":"image\/jpeg"}],"author":"rtnews","twitter_card":"summary_large_image","twitter_creator":"@WirMachenAuf_de","twitter_site":"@WirMachenAuf_de","twitter_misc":{"Verfasst von":"rtnews","Gesch\u00e4tzte Lesezeit":"7\u00a0Minuten"},"schema":{"@context":"https:\/\/schema.org","@graph":[{"@type":"Article","@id":"https:\/\/now-news.de\/de\/deutschland\/putsch-gegen-die-demokratie-in-guatemala-die-maya-indigenen-im-widerstand\/#article","isPartOf":{"@id":"https:\/\/now-news.de\/de\/deutschland\/putsch-gegen-die-demokratie-in-guatemala-die-maya-indigenen-im-widerstand\/"},"author":{"name":"rtnews","@id":"https:\/\/now-news.de\/de\/#\/schema\/person\/fb534a4e865501d8b3285208df34a9b5"},"headline":"Putsch gegen die Demokratie in Guatemala \u2013 die Maya-Indigenen im Widerstand","datePublished":"2023-12-13T20:20:30+00:00","dateModified":"2023-12-13T20:20:30+00:00","mainEntityOfPage":{"@id":"https:\/\/now-news.de\/de\/deutschland\/putsch-gegen-die-demokratie-in-guatemala-die-maya-indigenen-im-widerstand\/"},"wordCount":1424,"commentCount":0,"publisher":{"@id":"https:\/\/now-news.de\/de\/#organization"},"image":{"@id":"https:\/\/now-news.de\/de\/deutschland\/putsch-gegen-die-demokratie-in-guatemala-die-maya-indigenen-im-widerstand\/#primaryimage"},"thumbnailUrl":"https:\/\/now-news.de\/de\/wp-content\/uploads\/sites\/3\/2023\/12\/Putsch-gegen-die-Demokratie-in-Guatemala-\u2013-die-Maya-Indigenen-im.jpg","keywords":["Demokratie","die","gegen","Guatemala","MayaIndigenen","Putsch","Widerstand"],"articleSection":["Deutschland","Russland"],"inLanguage":"de","potentialAction":[{"@type":"CommentAction","name":"Comment","target":["https:\/\/now-news.de\/de\/deutschland\/putsch-gegen-die-demokratie-in-guatemala-die-maya-indigenen-im-widerstand\/#respond"]}]},{"@type":"WebPage","@id":"https:\/\/now-news.de\/de\/deutschland\/putsch-gegen-die-demokratie-in-guatemala-die-maya-indigenen-im-widerstand\/","url":"https:\/\/now-news.de\/de\/deutschland\/putsch-gegen-die-demokratie-in-guatemala-die-maya-indigenen-im-widerstand\/","name":"Putsch gegen die Demokratie in Guatemala \u2013 die Maya-Indigenen im Widerstand - just-now.NEWS Deutschland","isPartOf":{"@id":"https:\/\/now-news.de\/de\/#website"},"primaryImageOfPage":{"@id":"https:\/\/now-news.de\/de\/deutschland\/putsch-gegen-die-demokratie-in-guatemala-die-maya-indigenen-im-widerstand\/#primaryimage"},"image":{"@id":"https:\/\/now-news.de\/de\/deutschland\/putsch-gegen-die-demokratie-in-guatemala-die-maya-indigenen-im-widerstand\/#primaryimage"},"thumbnailUrl":"https:\/\/now-news.de\/de\/wp-content\/uploads\/sites\/3\/2023\/12\/Putsch-gegen-die-Demokratie-in-Guatemala-\u2013-die-Maya-Indigenen-im.jpg","datePublished":"2023-12-13T20:20:30+00:00","dateModified":"2023-12-13T20:20:30+00:00","breadcrumb":{"@id":"https:\/\/now-news.de\/de\/deutschland\/putsch-gegen-die-demokratie-in-guatemala-die-maya-indigenen-im-widerstand\/#breadcrumb"},"inLanguage":"de","potentialAction":[{"@type":"ReadAction","target":["https:\/\/now-news.de\/de\/deutschland\/putsch-gegen-die-demokratie-in-guatemala-die-maya-indigenen-im-widerstand\/"]}]},{"@type":"ImageObject","inLanguage":"de","@id":"https:\/\/now-news.de\/de\/deutschland\/putsch-gegen-die-demokratie-in-guatemala-die-maya-indigenen-im-widerstand\/#primaryimage","url":"https:\/\/now-news.de\/de\/wp-content\/uploads\/sites\/3\/2023\/12\/Putsch-gegen-die-Demokratie-in-Guatemala-\u2013-die-Maya-Indigenen-im.jpg","contentUrl":"https:\/\/now-news.de\/de\/wp-content\/uploads\/sites\/3\/2023\/12\/Putsch-gegen-die-Demokratie-in-Guatemala-\u2013-die-Maya-Indigenen-im.jpg","width":460,"height":259,"caption":"Putsch gegen die Demokratie in Guatemala \u2013 die Maya-Indigenen im Widerstand"},{"@type":"BreadcrumbList","@id":"https:\/\/now-news.de\/de\/deutschland\/putsch-gegen-die-demokratie-in-guatemala-die-maya-indigenen-im-widerstand\/#breadcrumb","itemListElement":[{"@type":"ListItem","position":1,"name":"Home","item":"https:\/\/now-news.de\/de\/"},{"@type":"ListItem","position":2,"name":"Putsch gegen die Demokratie in Guatemala \u2013 die Maya-Indigenen im Widerstand"}]},{"@type":"WebSite","@id":"https:\/\/now-news.de\/de\/#website","url":"https:\/\/now-news.de\/de\/","name":"just-now.NEWS Deutschland","description":"Das Portal f\u00fcr unzensierte Nachrichten aus der Welt","publisher":{"@id":"https:\/\/now-news.de\/de\/#organization"},"potentialAction":[{"@type":"SearchAction","target":{"@type":"EntryPoint","urlTemplate":"https:\/\/now-news.de\/de\/?s={search_term_string}"},"query-input":"required name=search_term_string"}],"inLanguage":"de"},{"@type":"Organization","@id":"https:\/\/now-news.de\/de\/#organization","name":"Just Now News","url":"https:\/\/now-news.de\/de\/","logo":{"@type":"ImageObject","inLanguage":"de","@id":"https:\/\/now-news.de\/de\/#\/schema\/logo\/image\/","url":"http:\/\/just-now.news\/de\/wp-content\/uploads\/sites\/3\/2022\/04\/logo500x500.jpg","contentUrl":"http:\/\/just-now.news\/de\/wp-content\/uploads\/sites\/3\/2022\/04\/logo500x500.jpg","width":500,"height":500,"caption":"Just Now News"},"image":{"@id":"https:\/\/now-news.de\/de\/#\/schema\/logo\/image\/"},"sameAs":["https:\/\/www.facebook.com\/wirmachenauf","https:\/\/x.com\/WirMachenAuf_de"]},{"@type":"Person","@id":"https:\/\/now-news.de\/de\/#\/schema\/person\/fb534a4e865501d8b3285208df34a9b5","name":"rtnews","image":{"@type":"ImageObject","inLanguage":"de","@id":"https:\/\/now-news.de\/de\/#\/schema\/person\/image\/","url":"https:\/\/secure.gravatar.com\/avatar\/82aafea7d8127119dd649515f56e2117?s=96&d=mm&r=g","contentUrl":"https:\/\/secure.gravatar.com\/avatar\/82aafea7d8127119dd649515f56e2117?s=96&d=mm&r=g","caption":"rtnews"},"url":"https:\/\/now-news.de\/de\/author\/rnews\/"}]}},"_links":{"self":[{"href":"https:\/\/now-news.de\/de\/wp-json\/wp\/v2\/posts\/51510"}],"collection":[{"href":"https:\/\/now-news.de\/de\/wp-json\/wp\/v2\/posts"}],"about":[{"href":"https:\/\/now-news.de\/de\/wp-json\/wp\/v2\/types\/post"}],"author":[{"embeddable":true,"href":"https:\/\/now-news.de\/de\/wp-json\/wp\/v2\/users\/3"}],"replies":[{"embeddable":true,"href":"https:\/\/now-news.de\/de\/wp-json\/wp\/v2\/comments?post=51510"}],"version-history":[{"count":0,"href":"https:\/\/now-news.de\/de\/wp-json\/wp\/v2\/posts\/51510\/revisions"}],"wp:featuredmedia":[{"embeddable":true,"href":"https:\/\/now-news.de\/de\/wp-json\/wp\/v2\/media\/51511"}],"wp:attachment":[{"href":"https:\/\/now-news.de\/de\/wp-json\/wp\/v2\/media?parent=51510"}],"wp:term":[{"taxonomy":"category","embeddable":true,"href":"https:\/\/now-news.de\/de\/wp-json\/wp\/v2\/categories?post=51510"},{"taxonomy":"post_tag","embeddable":true,"href":"https:\/\/now-news.de\/de\/wp-json\/wp\/v2\/tags?post=51510"}],"curies":[{"name":"wp","href":"https:\/\/api.w.org\/{rel}","templated":true}]}}