{"id":5151,"date":"2021-10-09T10:36:40","date_gmt":"2021-10-09T08:36:40","guid":{"rendered":"http:\/\/just-now.news\/de\/great-reset\/greatvideos\/covid-19-el-gran-reinicio-audiolibro-klaus-schwab-y-thierry-malleret\/"},"modified":"2021-10-09T10:36:40","modified_gmt":"2021-10-09T08:36:40","slug":"covid-19-el-gran-reinicio-audiolibro-klaus-schwab-y-thierry-malleret","status":"publish","type":"post","link":"https:\/\/now-news.de\/de\/great-reset\/greatvideos\/covid-19-el-gran-reinicio-audiolibro-klaus-schwab-y-thierry-malleret\/","title":{"rendered":"COVID-19: El Gran Reinicio , AUDIOLIBRO.  Klaus Schwab y Thierry Malleret."},"content":{"rendered":"<p><iframe loading=\"lazy\"  width=\"580\" height=\"385\" src=\"https:\/\/www.youtube.com\/embed\/LkpWoBCIO0s?modestbranding=1\" frameborder=\"0\" allowfullscreen><\/iframe><br \/>\n<br \/>Este libro ofrece un an\u00e1lisis preocupante, y aun as\u00ed esperanzador. La COVID-19, que ha provocado la mayor crisis de salud p\u00fablica del siglo, ha generado una enorme devastaci\u00f3n econ\u00f3mica y empeorado las desigualdades que ya exist\u00edan. Pero la fuerza del ser humano reside en su visi\u00f3n prospectiva, su ingenio y \u2014al menos hasta un cierto punto\u2014 su capacidad para tomar su destino en sus manos y proyectar un futuro mejor. Este libro nos muestra por d\u00f3nde empezar.<br \/>\n          El Profesor Klaus Schwab es el fundador y Presidente ejecutivo del Foro Econ\u00f3mico Mundial Es autor de varios libros, como La cuarta revoluci\u00f3n industrial, y eterno defensor del \u00abcapitalismo de partes interesadas\u00bb. Thierry Malleret es socio gerente de Monthly Barometer, un conciso an\u00e1lisis predictivo. Ha escrito varios libros de negocios y acad\u00e9micos y ha publicado cuatro novelas.<br \/>\n             El Gran Reseteo, o Gran Reinicio, da nombre a la propuesta del Foro Econ\u00f3mico Mundial  de transformar el modelo econ\u00f3mico tras la pandemia, y a la teor\u00eda de la conspiraci\u00f3n a la que ha dado lugar. El FEM propone reconstruir la econom\u00eda mundial y las relaciones internacionales de forma sostenible despu\u00e9s de los da\u00f1os producidos por la covid-19. El plan fue presentado en la sede del Foro en Davos (Suiza) en mayo de 2020 por el pr\u00edncipe Carlos de Gales y el director de la organizaci\u00f3n, el economista alem\u00e1n Klaus Schwab. El FEM pretende celebrar una nueva reuni\u00f3n en Singapur en agosto de 2021 para profundizar en su propuesta y alinearla con la Agenda 2030, la hoja de ruta de la ONU para el desarrollo.<br \/>\n            El Gran Reinicio busca \u201cresetear el capitalismo\u201d para poner la naturaleza en el coraz\u00f3n del nuevo sistema y establecer \u201cun nuevo contrato social para honrar la dignidad de cada ser humano\u201d. El Foro propone, entre otras cosas, fomentar los est\u00edmulos fiscales para relanzar la econom\u00eda y utilizar nuevas variables para medir la capacidad econ\u00f3mica de los pa\u00edses, pues el PIB, empleado como principal indicador, no tiene en cuenta la divisi\u00f3n de la riqueza ni la calidad de vida de los individuos. Adem\u00e1s, se pide a las empresas que modernicen sus est\u00e1ndares \u00e9ticos y medioambientales, reduciendo emisiones de carbono y apostando por las energ\u00edas renovables y la innovaci\u00f3n. M\u00e1s all\u00e1 de estas medidas, el plan presenta una cierta ambig\u00fcedad en las propuestas de pol\u00edticas econ\u00f3micas concretas.<br \/>\n         El Foro Econ\u00f3mico Mundial es una organizaci\u00f3n no gubernamental que, cada a\u00f1o desde 1971, celebra en Davos una serie de debates informales sobre asuntos globales. Al Foro acuden todo tipo de personalidades: empresarios, l\u00edderes pol\u00edticos, acad\u00e9micos o activistas, pero el d\u00e9ficit de representatividad de sus miembros es objeto de cr\u00edticas por su elitismo y supuesta desconexi\u00f3n de los problemas reales de la poblaci\u00f3n, una reputaci\u00f3n que la pol\u00e9mica del Gran Reseteo no ha contribuido a mejorar.<br \/>\n           Para los partidarios del Reinicio, si no se toman medidas adecuadas, el mundo ser\u00e1 cada vez menos sostenible y menos igualitario, por lo que solicitan la participaci\u00f3n de todos los actores globales,  en el \u00e1mbito p\u00fablico y en el privado. Desde que se present\u00f3, esta propuesta ha sido apoyada por l\u00edderes pol\u00edticos como Joe Biden, Emmanuel Macron o Justin Trudeau, presidentes de Estados Unidos, Francia y Canad\u00e1, y tambi\u00e9n por diversas celebridades.<br \/>\n        La propuesta del WEF no ha estado exenta de cr\u00edticas. Columnas de opini\u00f3n en medios como Forbes o The Guardian han tachado el Gran Reseteo de plan vac\u00edo motivado por una \u201cagenda social radical\u201d y propuesto por quienes abogan por combatir el cambio clim\u00e1tico pero llegan a Davos en jets privados.   Adem\u00e1s, el plan no parece haber generado mucha atenci\u00f3n por parte de los economistas.<br \/>\n    Los conspirativos consideran al WEF un club de millonarios globalistas,  l\u00edderes que pretenden eliminar los Estados para formar un \u00fanico Gobierno global. Ahora aseguran que el Gran Reseteo es, tras la \u201cfarsa\u201d de la pandemia, el siguiente paso en el plan para establecer una dictadura tecnol\u00f3gica gobernada por Klaus Schwab, director del WEF, y Bill Gates, fundador de Microsoft.<br \/>\n        La pol\u00e9mica la ha facilitado, en parte, el enigm\u00e1tico nombre del plan, pero tambi\u00e9n su lema: \u201cNo poseer\u00e1s nada y ser\u00e1s feliz\u201d, una frase  de un v\u00eddeo de 2016. Seg\u00fan lo expresado por el FEM en sus debates o lo publicado en su p\u00e1gina, el Gran Reinicio es solo una serie de propuestas positivas que, aunque puedan pecar de idealistas, no son necesariamente malignas.<br \/>\n               &#8230;&#8230;&#8230;&#8230;&#8230;&#8230;&#8230;&#8230;&#8230;&#8230;&#8230;<br \/>\n si quieres ayudar a que el canal siga creciendo, no dudes en suscribirte, compartir en redes sociales, darle al like, comentar,&#8230;.es gratis, no cuesta apenas esfuerzo ni tiempo, pero al canal le ayuda en gran manera&#8230;.<\/p>\n<p>si quieres aportar econ\u00f3micamente al canal:<br \/>\nethereum : 0xbbEC32eFe5e4521CC6309FE6f8779bDe9F79E6DA<br \/>\nbitcoin     : bc1qm3xvp9xgk74pdvdmrds8jnlrrduluj6ks28zkp<\/p>\n<p>tienda de camisetas KEPAKE&#8230;..\u00c9CHALE UN OJO.<br \/>\nhttps:\/\/www.latostadora.com\/kepake\/<br \/>\n<br \/><a href=\"https:\/\/www.youtube.com\/watch?v=LkpWoBCIO0s\">source<\/a><\/p>\n","protected":false},"excerpt":{"rendered":"<p>Este libro ofrece un an\u00e1lisis preocupante, y aun as\u00ed esperanzador. La COVID-19, que ha provocado la mayor crisis de salud p\u00fablica del siglo, ha generado una enorme devastaci\u00f3n econ\u00f3mica y empeorado las desigualdades que ya exist\u00edan. Pero la fuerza del ser humano reside en su visi\u00f3n prospectiva, su ingenio y \u2014al menos hasta un cierto [&hellip;]<\/p>\n","protected":false},"author":5,"featured_media":5152,"comment_status":"open","ping_status":"open","sticky":false,"template":"","format":"standard","meta":{"_oembed_b3585e23d42b0ad40738c2d6a1f13e8e":["{{unknown}}"],"wp_automatic_camp":["168"],"46d158dca81d94d206418dd900fa2f3e":["COVID-19: El Gran Reinicio , AUDIOLIBRO.  Klaus Schwab y Thierry Malleret."],"original_link":["https:\/\/www.youtube.com\/watch?v=LkpWoBCIO0s"],"_thumbnail_id":["5152"],"wp_automatic_remove_first_image":["yes"],"jnews_social_counter_last_update":["1777529936"],"_oembed_1de436cf20aeb267d035b98d5dc73233":["{{unknown}}"]},"categories":[53],"tags":[4622,12300,14380,30,120,92,14382,13932,3750,6320,14376,12295,14378,3764,57,385,14374,14375,736,14381,14377,11062,3765,60,14379,58,735],"yoast_head":"<!-- This site is optimized with the Yoast SEO Premium plugin v22.7 (Yoast SEO v22.7) - https:\/\/yoast.com\/wordpress\/plugins\/seo\/ -->\n<title>COVID-19: El Gran Reinicio , AUDIOLIBRO. Klaus Schwab y Thierry Malleret. - just-now.NEWS Deutschland<\/title>\n<meta name=\"robots\" content=\"index, follow, max-snippet:-1, max-image-preview:large, max-video-preview:-1\" \/>\n<link rel=\"canonical\" href=\"https:\/\/now-news.de\/de\/great-reset\/greatvideos\/covid-19-el-gran-reinicio-audiolibro-klaus-schwab-y-thierry-malleret\/\" \/>\n<meta property=\"og:locale\" content=\"de_DE\" \/>\n<meta property=\"og:type\" content=\"article\" \/>\n<meta property=\"og:title\" content=\"COVID-19: El Gran Reinicio , AUDIOLIBRO. Klaus Schwab y Thierry Malleret.\" \/>\n<meta property=\"og:description\" content=\"Este libro ofrece un an\u00e1lisis preocupante, y aun as\u00ed esperanzador. La COVID-19, que ha provocado la mayor crisis de salud p\u00fablica del siglo, ha generado una enorme devastaci\u00f3n econ\u00f3mica y empeorado las desigualdades que ya exist\u00edan. Pero la fuerza del ser humano reside en su visi\u00f3n prospectiva, su ingenio y \u2014al menos hasta un cierto [&hellip;]\" \/>\n<meta property=\"og:url\" content=\"https:\/\/now-news.de\/de\/great-reset\/greatvideos\/covid-19-el-gran-reinicio-audiolibro-klaus-schwab-y-thierry-malleret\/\" \/>\n<meta property=\"og:site_name\" content=\"just-now.NEWS Deutschland\" \/>\n<meta property=\"article:publisher\" content=\"https:\/\/www.facebook.com\/wirmachenauf\" \/>\n<meta property=\"article:published_time\" content=\"2021-10-09T08:36:40+00:00\" \/>\n<meta property=\"og:image\" content=\"https:\/\/now-news.de\/de\/wp-content\/uploads\/sites\/3\/2022\/04\/COVID-19-El-Gran-Reinicio-AUDIOLIBRO-Klaus-Schwab-y-Thierry.jpg\" \/>\n\t<meta property=\"og:image:width\" content=\"1280\" \/>\n\t<meta property=\"og:image:height\" content=\"720\" \/>\n\t<meta property=\"og:image:type\" content=\"image\/jpeg\" \/>\n<meta name=\"author\" content=\"greatreset\" \/>\n<meta name=\"twitter:card\" content=\"summary_large_image\" \/>\n<meta name=\"twitter:creator\" content=\"@WirMachenAuf_de\" \/>\n<meta name=\"twitter:site\" content=\"@WirMachenAuf_de\" \/>\n<meta name=\"twitter:label1\" content=\"Verfasst von\" \/>\n\t<meta name=\"twitter:data1\" content=\"greatreset\" \/>\n\t<meta name=\"twitter:label2\" content=\"Gesch\u00e4tzte Lesezeit\" \/>\n\t<meta name=\"twitter:data2\" content=\"4\u00a0Minuten\" \/>\n<script type=\"application\/ld+json\" class=\"yoast-schema-graph\">{\"@context\":\"https:\/\/schema.org\",\"@graph\":[{\"@type\":\"Article\",\"@id\":\"https:\/\/now-news.de\/de\/great-reset\/greatvideos\/covid-19-el-gran-reinicio-audiolibro-klaus-schwab-y-thierry-malleret\/#article\",\"isPartOf\":{\"@id\":\"https:\/\/now-news.de\/de\/great-reset\/greatvideos\/covid-19-el-gran-reinicio-audiolibro-klaus-schwab-y-thierry-malleret\/\"},\"author\":{\"name\":\"greatreset\",\"@id\":\"https:\/\/now-news.de\/de\/#\/schema\/person\/8afb4cd92b68572db7902c13a349ffcb\"},\"headline\":\"COVID-19: El Gran Reinicio , AUDIOLIBRO. Klaus Schwab y Thierry Malleret.\",\"datePublished\":\"2021-10-09T08:36:40+00:00\",\"dateModified\":\"2021-10-09T08:36:40+00:00\",\"mainEntityOfPage\":{\"@id\":\"https:\/\/now-news.de\/de\/great-reset\/greatvideos\/covid-19-el-gran-reinicio-audiolibro-klaus-schwab-y-thierry-malleret\/\"},\"wordCount\":871,\"commentCount\":0,\"publisher\":{\"@id\":\"https:\/\/now-news.de\/de\/#organization\"},\"image\":{\"@id\":\"https:\/\/now-news.de\/de\/great-reset\/greatvideos\/covid-19-el-gran-reinicio-audiolibro-klaus-schwab-y-thierry-malleret\/#primaryimage\"},\"thumbnailUrl\":\"https:\/\/now-news.de\/de\/wp-content\/uploads\/sites\/3\/2022\/04\/COVID-19-El-Gran-Reinicio-AUDIOLIBRO-Klaus-Schwab-y-Thierry.jpg\",\"keywords\":[\"agenda 2030\",\"audiolibro\",\"capitalismo inclusivo\",\"COVID-19\",\"COVID19\",\"Davos\",\"dictadura tecnol\u00f3gica\",\"economia\",\"el gran reinicio\",\"Elites\",\"empresarios\",\"foro econ\u00f3mico mundial\",\"gobierno mundial\",\"Gran\",\"Klaus\",\"klaus schwab\",\"lideres mundiales\",\"l\u00edderes pol\u00edticos\",\"Malleret\",\"millonarios\",\"onu\",\"Pandemia\",\"Reinicio\",\"Reset\",\"resetear el capitalismo\",\"Schwab\",\"Thierry\"],\"articleSection\":[\"GreatVideos\"],\"inLanguage\":\"de\",\"potentialAction\":[{\"@type\":\"CommentAction\",\"name\":\"Comment\",\"target\":[\"https:\/\/now-news.de\/de\/great-reset\/greatvideos\/covid-19-el-gran-reinicio-audiolibro-klaus-schwab-y-thierry-malleret\/#respond\"]}]},{\"@type\":\"WebPage\",\"@id\":\"https:\/\/now-news.de\/de\/great-reset\/greatvideos\/covid-19-el-gran-reinicio-audiolibro-klaus-schwab-y-thierry-malleret\/\",\"url\":\"https:\/\/now-news.de\/de\/great-reset\/greatvideos\/covid-19-el-gran-reinicio-audiolibro-klaus-schwab-y-thierry-malleret\/\",\"name\":\"COVID-19: El Gran Reinicio , AUDIOLIBRO. Klaus Schwab y Thierry Malleret. - just-now.NEWS Deutschland\",\"isPartOf\":{\"@id\":\"https:\/\/now-news.de\/de\/#website\"},\"primaryImageOfPage\":{\"@id\":\"https:\/\/now-news.de\/de\/great-reset\/greatvideos\/covid-19-el-gran-reinicio-audiolibro-klaus-schwab-y-thierry-malleret\/#primaryimage\"},\"image\":{\"@id\":\"https:\/\/now-news.de\/de\/great-reset\/greatvideos\/covid-19-el-gran-reinicio-audiolibro-klaus-schwab-y-thierry-malleret\/#primaryimage\"},\"thumbnailUrl\":\"https:\/\/now-news.de\/de\/wp-content\/uploads\/sites\/3\/2022\/04\/COVID-19-El-Gran-Reinicio-AUDIOLIBRO-Klaus-Schwab-y-Thierry.jpg\",\"datePublished\":\"2021-10-09T08:36:40+00:00\",\"dateModified\":\"2021-10-09T08:36:40+00:00\",\"breadcrumb\":{\"@id\":\"https:\/\/now-news.de\/de\/great-reset\/greatvideos\/covid-19-el-gran-reinicio-audiolibro-klaus-schwab-y-thierry-malleret\/#breadcrumb\"},\"inLanguage\":\"de\",\"potentialAction\":[{\"@type\":\"ReadAction\",\"target\":[\"https:\/\/now-news.de\/de\/great-reset\/greatvideos\/covid-19-el-gran-reinicio-audiolibro-klaus-schwab-y-thierry-malleret\/\"]}]},{\"@type\":\"ImageObject\",\"inLanguage\":\"de\",\"@id\":\"https:\/\/now-news.de\/de\/great-reset\/greatvideos\/covid-19-el-gran-reinicio-audiolibro-klaus-schwab-y-thierry-malleret\/#primaryimage\",\"url\":\"https:\/\/now-news.de\/de\/wp-content\/uploads\/sites\/3\/2022\/04\/COVID-19-El-Gran-Reinicio-AUDIOLIBRO-Klaus-Schwab-y-Thierry.jpg\",\"contentUrl\":\"https:\/\/now-news.de\/de\/wp-content\/uploads\/sites\/3\/2022\/04\/COVID-19-El-Gran-Reinicio-AUDIOLIBRO-Klaus-Schwab-y-Thierry.jpg\",\"width\":1280,\"height\":720},{\"@type\":\"BreadcrumbList\",\"@id\":\"https:\/\/now-news.de\/de\/great-reset\/greatvideos\/covid-19-el-gran-reinicio-audiolibro-klaus-schwab-y-thierry-malleret\/#breadcrumb\",\"itemListElement\":[{\"@type\":\"ListItem\",\"position\":1,\"name\":\"Home\",\"item\":\"https:\/\/now-news.de\/de\/\"},{\"@type\":\"ListItem\",\"position\":2,\"name\":\"COVID-19: El Gran Reinicio , AUDIOLIBRO. Klaus Schwab y Thierry Malleret.\"}]},{\"@type\":\"WebSite\",\"@id\":\"https:\/\/now-news.de\/de\/#website\",\"url\":\"https:\/\/now-news.de\/de\/\",\"name\":\"just-now.NEWS Deutschland\",\"description\":\"Das Portal f\u00fcr unzensierte Nachrichten aus der Welt\",\"publisher\":{\"@id\":\"https:\/\/now-news.de\/de\/#organization\"},\"potentialAction\":[{\"@type\":\"SearchAction\",\"target\":{\"@type\":\"EntryPoint\",\"urlTemplate\":\"https:\/\/now-news.de\/de\/?s={search_term_string}\"},\"query-input\":\"required name=search_term_string\"}],\"inLanguage\":\"de\"},{\"@type\":\"Organization\",\"@id\":\"https:\/\/now-news.de\/de\/#organization\",\"name\":\"Just Now News\",\"url\":\"https:\/\/now-news.de\/de\/\",\"logo\":{\"@type\":\"ImageObject\",\"inLanguage\":\"de\",\"@id\":\"https:\/\/now-news.de\/de\/#\/schema\/logo\/image\/\",\"url\":\"http:\/\/just-now.news\/de\/wp-content\/uploads\/sites\/3\/2022\/04\/logo500x500.jpg\",\"contentUrl\":\"http:\/\/just-now.news\/de\/wp-content\/uploads\/sites\/3\/2022\/04\/logo500x500.jpg\",\"width\":500,\"height\":500,\"caption\":\"Just Now News\"},\"image\":{\"@id\":\"https:\/\/now-news.de\/de\/#\/schema\/logo\/image\/\"},\"sameAs\":[\"https:\/\/www.facebook.com\/wirmachenauf\",\"https:\/\/x.com\/WirMachenAuf_de\"]},{\"@type\":\"Person\",\"@id\":\"https:\/\/now-news.de\/de\/#\/schema\/person\/8afb4cd92b68572db7902c13a349ffcb\",\"name\":\"greatreset\",\"image\":{\"@type\":\"ImageObject\",\"inLanguage\":\"de\",\"@id\":\"https:\/\/now-news.de\/de\/#\/schema\/person\/image\/\",\"url\":\"https:\/\/secure.gravatar.com\/avatar\/a088df625d49991c090e78c8b9542592?s=96&d=mm&r=g\",\"contentUrl\":\"https:\/\/secure.gravatar.com\/avatar\/a088df625d49991c090e78c8b9542592?s=96&d=mm&r=g\",\"caption\":\"greatreset\"},\"url\":\"https:\/\/now-news.de\/de\/author\/greatreset\/\"}]}<\/script>\n<!-- \/ Yoast SEO Premium plugin. -->","yoast_head_json":{"title":"COVID-19: El Gran Reinicio , AUDIOLIBRO. Klaus Schwab y Thierry Malleret. - just-now.NEWS Deutschland","robots":{"index":"index","follow":"follow","max-snippet":"max-snippet:-1","max-image-preview":"max-image-preview:large","max-video-preview":"max-video-preview:-1"},"canonical":"https:\/\/now-news.de\/de\/great-reset\/greatvideos\/covid-19-el-gran-reinicio-audiolibro-klaus-schwab-y-thierry-malleret\/","og_locale":"de_DE","og_type":"article","og_title":"COVID-19: El Gran Reinicio , AUDIOLIBRO. Klaus Schwab y Thierry Malleret.","og_description":"Este libro ofrece un an\u00e1lisis preocupante, y aun as\u00ed esperanzador. La COVID-19, que ha provocado la mayor crisis de salud p\u00fablica del siglo, ha generado una enorme devastaci\u00f3n econ\u00f3mica y empeorado las desigualdades que ya exist\u00edan. Pero la fuerza del ser humano reside en su visi\u00f3n prospectiva, su ingenio y \u2014al menos hasta un cierto [&hellip;]","og_url":"https:\/\/now-news.de\/de\/great-reset\/greatvideos\/covid-19-el-gran-reinicio-audiolibro-klaus-schwab-y-thierry-malleret\/","og_site_name":"just-now.NEWS Deutschland","article_publisher":"https:\/\/www.facebook.com\/wirmachenauf","article_published_time":"2021-10-09T08:36:40+00:00","og_image":[{"width":1280,"height":720,"url":"https:\/\/now-news.de\/de\/wp-content\/uploads\/sites\/3\/2022\/04\/COVID-19-El-Gran-Reinicio-AUDIOLIBRO-Klaus-Schwab-y-Thierry.jpg","type":"image\/jpeg"}],"author":"greatreset","twitter_card":"summary_large_image","twitter_creator":"@WirMachenAuf_de","twitter_site":"@WirMachenAuf_de","twitter_misc":{"Verfasst von":"greatreset","Gesch\u00e4tzte Lesezeit":"4\u00a0Minuten"},"schema":{"@context":"https:\/\/schema.org","@graph":[{"@type":"Article","@id":"https:\/\/now-news.de\/de\/great-reset\/greatvideos\/covid-19-el-gran-reinicio-audiolibro-klaus-schwab-y-thierry-malleret\/#article","isPartOf":{"@id":"https:\/\/now-news.de\/de\/great-reset\/greatvideos\/covid-19-el-gran-reinicio-audiolibro-klaus-schwab-y-thierry-malleret\/"},"author":{"name":"greatreset","@id":"https:\/\/now-news.de\/de\/#\/schema\/person\/8afb4cd92b68572db7902c13a349ffcb"},"headline":"COVID-19: El Gran Reinicio , AUDIOLIBRO. Klaus Schwab y Thierry Malleret.","datePublished":"2021-10-09T08:36:40+00:00","dateModified":"2021-10-09T08:36:40+00:00","mainEntityOfPage":{"@id":"https:\/\/now-news.de\/de\/great-reset\/greatvideos\/covid-19-el-gran-reinicio-audiolibro-klaus-schwab-y-thierry-malleret\/"},"wordCount":871,"commentCount":0,"publisher":{"@id":"https:\/\/now-news.de\/de\/#organization"},"image":{"@id":"https:\/\/now-news.de\/de\/great-reset\/greatvideos\/covid-19-el-gran-reinicio-audiolibro-klaus-schwab-y-thierry-malleret\/#primaryimage"},"thumbnailUrl":"https:\/\/now-news.de\/de\/wp-content\/uploads\/sites\/3\/2022\/04\/COVID-19-El-Gran-Reinicio-AUDIOLIBRO-Klaus-Schwab-y-Thierry.jpg","keywords":["agenda 2030","audiolibro","capitalismo inclusivo","COVID-19","COVID19","Davos","dictadura tecnol\u00f3gica","economia","el gran reinicio","Elites","empresarios","foro econ\u00f3mico mundial","gobierno mundial","Gran","Klaus","klaus schwab","lideres mundiales","l\u00edderes pol\u00edticos","Malleret","millonarios","onu","Pandemia","Reinicio","Reset","resetear el capitalismo","Schwab","Thierry"],"articleSection":["GreatVideos"],"inLanguage":"de","potentialAction":[{"@type":"CommentAction","name":"Comment","target":["https:\/\/now-news.de\/de\/great-reset\/greatvideos\/covid-19-el-gran-reinicio-audiolibro-klaus-schwab-y-thierry-malleret\/#respond"]}]},{"@type":"WebPage","@id":"https:\/\/now-news.de\/de\/great-reset\/greatvideos\/covid-19-el-gran-reinicio-audiolibro-klaus-schwab-y-thierry-malleret\/","url":"https:\/\/now-news.de\/de\/great-reset\/greatvideos\/covid-19-el-gran-reinicio-audiolibro-klaus-schwab-y-thierry-malleret\/","name":"COVID-19: El Gran Reinicio , AUDIOLIBRO. Klaus Schwab y Thierry Malleret. - just-now.NEWS Deutschland","isPartOf":{"@id":"https:\/\/now-news.de\/de\/#website"},"primaryImageOfPage":{"@id":"https:\/\/now-news.de\/de\/great-reset\/greatvideos\/covid-19-el-gran-reinicio-audiolibro-klaus-schwab-y-thierry-malleret\/#primaryimage"},"image":{"@id":"https:\/\/now-news.de\/de\/great-reset\/greatvideos\/covid-19-el-gran-reinicio-audiolibro-klaus-schwab-y-thierry-malleret\/#primaryimage"},"thumbnailUrl":"https:\/\/now-news.de\/de\/wp-content\/uploads\/sites\/3\/2022\/04\/COVID-19-El-Gran-Reinicio-AUDIOLIBRO-Klaus-Schwab-y-Thierry.jpg","datePublished":"2021-10-09T08:36:40+00:00","dateModified":"2021-10-09T08:36:40+00:00","breadcrumb":{"@id":"https:\/\/now-news.de\/de\/great-reset\/greatvideos\/covid-19-el-gran-reinicio-audiolibro-klaus-schwab-y-thierry-malleret\/#breadcrumb"},"inLanguage":"de","potentialAction":[{"@type":"ReadAction","target":["https:\/\/now-news.de\/de\/great-reset\/greatvideos\/covid-19-el-gran-reinicio-audiolibro-klaus-schwab-y-thierry-malleret\/"]}]},{"@type":"ImageObject","inLanguage":"de","@id":"https:\/\/now-news.de\/de\/great-reset\/greatvideos\/covid-19-el-gran-reinicio-audiolibro-klaus-schwab-y-thierry-malleret\/#primaryimage","url":"https:\/\/now-news.de\/de\/wp-content\/uploads\/sites\/3\/2022\/04\/COVID-19-El-Gran-Reinicio-AUDIOLIBRO-Klaus-Schwab-y-Thierry.jpg","contentUrl":"https:\/\/now-news.de\/de\/wp-content\/uploads\/sites\/3\/2022\/04\/COVID-19-El-Gran-Reinicio-AUDIOLIBRO-Klaus-Schwab-y-Thierry.jpg","width":1280,"height":720},{"@type":"BreadcrumbList","@id":"https:\/\/now-news.de\/de\/great-reset\/greatvideos\/covid-19-el-gran-reinicio-audiolibro-klaus-schwab-y-thierry-malleret\/#breadcrumb","itemListElement":[{"@type":"ListItem","position":1,"name":"Home","item":"https:\/\/now-news.de\/de\/"},{"@type":"ListItem","position":2,"name":"COVID-19: El Gran Reinicio , AUDIOLIBRO. Klaus Schwab y Thierry Malleret."}]},{"@type":"WebSite","@id":"https:\/\/now-news.de\/de\/#website","url":"https:\/\/now-news.de\/de\/","name":"just-now.NEWS Deutschland","description":"Das Portal f\u00fcr unzensierte Nachrichten aus der Welt","publisher":{"@id":"https:\/\/now-news.de\/de\/#organization"},"potentialAction":[{"@type":"SearchAction","target":{"@type":"EntryPoint","urlTemplate":"https:\/\/now-news.de\/de\/?s={search_term_string}"},"query-input":"required name=search_term_string"}],"inLanguage":"de"},{"@type":"Organization","@id":"https:\/\/now-news.de\/de\/#organization","name":"Just Now News","url":"https:\/\/now-news.de\/de\/","logo":{"@type":"ImageObject","inLanguage":"de","@id":"https:\/\/now-news.de\/de\/#\/schema\/logo\/image\/","url":"http:\/\/just-now.news\/de\/wp-content\/uploads\/sites\/3\/2022\/04\/logo500x500.jpg","contentUrl":"http:\/\/just-now.news\/de\/wp-content\/uploads\/sites\/3\/2022\/04\/logo500x500.jpg","width":500,"height":500,"caption":"Just Now News"},"image":{"@id":"https:\/\/now-news.de\/de\/#\/schema\/logo\/image\/"},"sameAs":["https:\/\/www.facebook.com\/wirmachenauf","https:\/\/x.com\/WirMachenAuf_de"]},{"@type":"Person","@id":"https:\/\/now-news.de\/de\/#\/schema\/person\/8afb4cd92b68572db7902c13a349ffcb","name":"greatreset","image":{"@type":"ImageObject","inLanguage":"de","@id":"https:\/\/now-news.de\/de\/#\/schema\/person\/image\/","url":"https:\/\/secure.gravatar.com\/avatar\/a088df625d49991c090e78c8b9542592?s=96&d=mm&r=g","contentUrl":"https:\/\/secure.gravatar.com\/avatar\/a088df625d49991c090e78c8b9542592?s=96&d=mm&r=g","caption":"greatreset"},"url":"https:\/\/now-news.de\/de\/author\/greatreset\/"}]}},"_links":{"self":[{"href":"https:\/\/now-news.de\/de\/wp-json\/wp\/v2\/posts\/5151"}],"collection":[{"href":"https:\/\/now-news.de\/de\/wp-json\/wp\/v2\/posts"}],"about":[{"href":"https:\/\/now-news.de\/de\/wp-json\/wp\/v2\/types\/post"}],"author":[{"embeddable":true,"href":"https:\/\/now-news.de\/de\/wp-json\/wp\/v2\/users\/5"}],"replies":[{"embeddable":true,"href":"https:\/\/now-news.de\/de\/wp-json\/wp\/v2\/comments?post=5151"}],"version-history":[{"count":0,"href":"https:\/\/now-news.de\/de\/wp-json\/wp\/v2\/posts\/5151\/revisions"}],"wp:featuredmedia":[{"embeddable":true,"href":"https:\/\/now-news.de\/de\/wp-json\/wp\/v2\/media\/5152"}],"wp:attachment":[{"href":"https:\/\/now-news.de\/de\/wp-json\/wp\/v2\/media?parent=5151"}],"wp:term":[{"taxonomy":"category","embeddable":true,"href":"https:\/\/now-news.de\/de\/wp-json\/wp\/v2\/categories?post=5151"},{"taxonomy":"post_tag","embeddable":true,"href":"https:\/\/now-news.de\/de\/wp-json\/wp\/v2\/tags?post=5151"}],"curies":[{"name":"wp","href":"https:\/\/api.w.org\/{rel}","templated":true}]}}