{"id":515,"date":"2022-04-15T04:34:12","date_gmt":"2022-04-15T05:34:12","guid":{"rendered":"http:\/\/just-now.news\/de\/deutschland\/partituren-duerfen-nicht-brennen\/"},"modified":"2022-04-15T04:34:12","modified_gmt":"2022-04-15T05:34:12","slug":"partituren-duerfen-nicht-brennen","status":"publish","type":"post","link":"https:\/\/now-news.de\/de\/deutschland\/partituren-duerfen-nicht-brennen\/","title":{"rendered":"Partituren d\u00fcrfen nicht brennen!"},"content":{"rendered":"<div class=\"Text-root Text-type_5 ArticleView-text ViewText-root \">\n<p><em>Ein Appell von Dmitrij Jewgenjewitsch Ljubinski, au\u00dferordentlicher und bevollm\u00e4chtigter Botschafter der Russischen F\u00f6deration in \u00d6sterreich<\/em><\/p>\n<p>Eine antirussische Hysterie, die \u00fcber die Welt hereinbricht, wird zum absurden Theater. Anders l\u00e4sst sich die Situation kaum beschreiben, wenn beispielsweise eine \u00f6sterreichische Autowerkstatt, die seit Jahrzehnten mit der Botschaft Russlands zusammenarbeitet, von uns ein Garantieschreiben fordert, dass ein spezielles Ersatzteil f\u00fcr die Reparatur unseres Schulbusses nicht auch f\u00fcr die Herstellung von chemischen, biologischen oder atomaren Waffen verwendet werden k\u00f6nnte.<\/p>\n<div class=\"ReadMore-root Section-root Section-is1to3-xs_is1to1\" data-widgets=\"ReadMore\" data-has-alias>\n<div class=\"Section-container Section-isRow-isTop-isWrap\">\n<article class=\"Card-root Card-is1to1 \">\n<div class=\"Card-imageWrap\">\n<div class=\"Card-picture\">\n<picture class=\"Picture-root Picture-default\"><!--[if IE 9]><video style=\"display: none;\"><![endif]--><source media=\"(-webkit-min-device-pixel-ratio: 2) and (min-resolution: 120dpi)\" data-srcset=\" \nhttps:\/\/cdni.russiatoday.com\/deutsch\/images\/2022.04\/thumbnail\/62471df2b480cc1bc00bacc8.jpeg 850w,\n                https:\/\/cdni.russiatoday.com\/deutsch\/images\/2022.04\/article\/62471df1b480cc1bc00bacc7.jpeg 1960w,\n            \" srcset=\"data:image\/png;base64,iVBORw0KGgoAAAANSUhEUgAAABAAAAAJCAQAAACRI2S5AAAAEElEQVR42mNkIAAYRxWAAQAG9gAKqv6+AwAAAABJRU5ErkJggg==\"><source data-srcset=\" \nhttps:\/\/cdni.russiatoday.com\/deutsch\/images\/2022.04\/thumbnail\/62471df2b480cc1bc00bacc8.jpeg 460w,\n              https:\/\/cdni.russiatoday.com\/deutsch\/images\/2022.04\/article\/62471df1b480cc1bc00bacc7.jpeg 980w,\n            \" srcset=\"data:image\/png;base64,iVBORw0KGgoAAAANSUhEUgAAABAAAAAJCAQAAACRI2S5AAAAEElEQVR42mNkIAAYRxWAAQAG9gAKqv6+AwAAAABJRU5ErkJggg==\"><!--[if IE 9]><\/video><![endif]--><\/source><\/source><\/picture><!-- noscript pattern --><noscript><img decoding=\"async\" src=\"https:\/\/cdni.russiatoday.com\/deutsch\/images\/2022.04\/article\/62471df1b480cc1bc00bacc7.jpeg\" alt='Polens Premierminister Morawiecki ist stolz auf Polen als \"Trendsetter\" f\u00fcr \u00fcberbordende Russophobie'><\/noscript>    <\/div><\/div>\n<div class=\"Card-contentWrap\">\n<div class=\"Card-label\">\n            <span class=\"Label-root\"><br \/>\n                Meinung<br \/>\n            <\/span>\n        <\/div>\n<div class=\"Card-content\">\n<div class=\"Card-title\">\n<div class=\"HeaderNews-root HeaderNews-type_6 \">\n<p>            <a target=\"_blank\" href=\"https:\/\/de.rt.com\/meinung\/135208-morawiecki-ist-stolz-auf-polen-als-trendsetter-fuer-ueberbordende-russophobie\/\" class=\"Link-root Link-isFullCard \" rel=\"noopener\"><br \/>\n                Polens Premierminister Morawiecki ist stolz auf Polen als &#8220;Trendsetter&#8221; f\u00fcr \u00fcberbordende Russophobie<br \/>\n            <\/a><\/p><\/div><\/div><\/div><\/div>\n<\/article>\n<\/div><\/div>\n<p>Allerdings hat dieser totale, ich w\u00fcrde sogar sagen dieser totalit\u00e4re Trend, Russland zu &#8220;canceln&#8221; durchaus sogar seine Vorteile. Einige heikle, fr\u00fcher vermiedene Grundsatzfragen werden jetzt scharf gestellt und fordern dringend eine Antwort heraus. Eine dieser Fragen ist die \u00fcber das komplexe Gef\u00fcge der Beziehungen zwischen der gro\u00dfen Politik und dem Feld von Kultur, Kunst, Wissenschaft und Sport. Oder dar\u00fcber, ob die K\u00fcnstlerinnen und K\u00fcnstler, die Wissenschaftler oder die Athletinnen alle ein Recht auf pers\u00f6nliche Meinungen und Ansichten haben d\u00fcrfen. Und wenn ja, ob sie diese in einer angeblich offenen Gesellschaft frei \u00e4u\u00dfern d\u00fcrfen, ohne das Risiko einzugehen, durch allm\u00e4chtige Medien und eine davon beeinflusste Gesellschaft stigmatisiert, bespuckt und beiseite gedr\u00e4ngt zu werden. Was oft auch hei\u00dft, letztendlich die Existenzgrundlage f\u00fcr ein normales Leben entzogen zu bekommen.<\/p>\n<p>Tats\u00e4chlich stellt sich jetzt heraus: Nein, sie d\u00fcrfen es nicht. Zumindest dann, wenn sie aus Russland stammen. Diese Behauptung ist leider nicht mehr nur f\u00fcr Polen wahr, dessen Ministerpr\u00e4sident vor Kurzem \u00f6ffentlich die Russophobie zu einem neuen g\u00e4ngigen Trend in der ganzen EU erkl\u00e4rte. Sondern bedauerlicherweise gilt sie auch f\u00fcr \u00d6sterreich, das von uns traditionell als ein Land gilt, wo sich Kulturen und Br\u00e4uche \u00fcberschneiden und manchmal auch miteinander fruchtbringend verschmelzen, wo sich Religionen begegnen, wo auf der Wiener Plattform scheinbar unerbittliche Gegner oft eine gemeinsame Sprache finden konnten. Der Versuch des Ausl\u00f6schens von allem Russischen, die Ablehnung Russlands in seiner Einzigartigkeit als Zivilisation erfahren keinerlei geh\u00f6rige Bewertung und Abfuhr seitens daf\u00fcr mitverantwortlicher Politiker und werden deswegen von den Medien und im Internet mit Begeisterung aufgegriffen und weiter verbreitet. Auch durch direkte Drohungen auch gegen Russischlehrer und Lehrerinnen sowie selbst gegen jene Kinder, die diese Sprache erlernen, geschweige denn sogar gegen russische Diplomaten.<\/p>\n<div class=\"ReadMore-root Section-root Section-is1to3-xs_is1to1\" data-widgets=\"ReadMore\" data-has-alias>\n<div class=\"Section-container Section-isRow-isTop-isWrap\">\n<article class=\"Card-root Card-is1to1 \">\n<div class=\"Card-imageWrap\">\n<div class=\"Card-picture\">\n<picture class=\"Picture-root Picture-default\"><!--[if IE 9]><video style=\"display: none;\"><![endif]--><source media=\"(-webkit-min-device-pixel-ratio: 2) and (min-resolution: 120dpi)\" data-srcset=\" \nhttps:\/\/cdni.russiatoday.com\/deutsch\/images\/2022.04\/thumbnail\/624f11f1b480cc1a604fb473.jpg 850w,\n                https:\/\/cdni.russiatoday.com\/deutsch\/images\/2022.04\/article\/624f11f1b480cc1a604fb473.jpg 1960w,\n            \" srcset=\"data:image\/png;base64,iVBORw0KGgoAAAANSUhEUgAAABAAAAAJCAQAAACRI2S5AAAAEElEQVR42mNkIAAYRxWAAQAG9gAKqv6+AwAAAABJRU5ErkJggg==\"><source data-srcset=\" \nhttps:\/\/cdni.russiatoday.com\/deutsch\/images\/2022.04\/thumbnail\/624f11f1b480cc1a604fb473.jpg 460w,\n              https:\/\/cdni.russiatoday.com\/deutsch\/images\/2022.04\/article\/624f11f1b480cc1a604fb473.jpg 980w,\n            \" srcset=\"data:image\/png;base64,iVBORw0KGgoAAAANSUhEUgAAABAAAAAJCAQAAACRI2S5AAAAEElEQVR42mNkIAAYRxWAAQAG9gAKqv6+AwAAAABJRU5ErkJggg==\"><!--[if IE 9]><\/video><![endif]--><img decoding=\"async\" data-sizes=\"auto\" src=\"data:image\/png;base64,iVBORw0KGgoAAAANSUhEUgAAABAAAAAJCAQAAACRI2S5AAAAEElEQVR42mNkIAAYRxWAAQAG9gAKqv6+AwAAAABJRU5ErkJggg==\" class=\"Picture-root Picture-default lazyload\" data-src=\"https:\/\/cdni.russiatoday.com\/deutsch\/images\/2022.04\/thumbnail\/624f11f1b480cc1a604fb473.jpg\" alt=\"Die Wahrheit \u00fcber die Ukraine und die Frage: Was schulden wir ihr \u00fcberhaupt?\"><\/source><\/source><\/picture><!-- noscript pattern --><noscript><img decoding=\"async\" src=\"https:\/\/cdni.russiatoday.com\/deutsch\/images\/2022.04\/article\/624f11f1b480cc1a604fb473.jpg\" alt=\"Die Wahrheit \u00fcber die Ukraine und die Frage: Was schulden wir ihr \u00fcberhaupt?\"><\/noscript>    <\/div><\/div>\n<div class=\"Card-contentWrap\">\n<div class=\"Card-label\">\n            <span class=\"Label-root\"><br \/>\n                Meinung<br \/>\n            <\/span>\n        <\/div>\n<div class=\"Card-content\">\n<div class=\"Card-title\">\n<div class=\"HeaderNews-root HeaderNews-type_6 \">\n<p>            <a target=\"_blank\" href=\"https:\/\/de.rt.com\/meinung\/135689-wahrheit-ueber-die-ukraine\/\" class=\"Link-root Link-isFullCard \" rel=\"noopener\"><br \/>\n                Die Wahrheit \u00fcber die Ukraine und die Frage: Was schulden wir ihr \u00fcberhaupt?<br \/>\n            <\/a><\/p><\/div><\/div><\/div><\/div>\n<\/article>\n<\/div><\/div>\n<p>Besonders unpassend sieht solches Verkrampfen in Bezug auf Kunstschaffende aus \u2013 gegen\u00fcber K\u00fcnstlern, die im direkten wie im \u00fcbertragenen Sinn gezwungen oder gen\u00f6tigt werden, manche Art von Manifest des westlichen Mainstreams zu unterzeichnen und ihre Heimat aufzugeben oder zu verleugnen. Oder andernfalls von ihrer Profession abzutreten. Ohne diese \u00c4u\u00dferung darf man heute nicht mehr die B\u00fchnen der Wiener Staatsoper, des Musikvereins und Konzerthauses, der Salzburger Festspiele oder auch des allj\u00e4hrlichen Festivals in <a target=\"_blank\" href=\"https:\/\/de.wikipedia.org\/wiki\/Grafenegg_Festival\" rel=\"noopener\">Grafenegg<\/a> betreten. Der geforderte Grad der Schroffheit dieser Texte zur Verleugnung kann unterschiedlich sein, der Kern bleibt aber derselbe.<\/p>\n<p>Viel Erbarmen zeigt man dabei jedoch angeblich mit jenen begabten K\u00fcnstlern, Musikerinnen, Schauspielern, die in der Hoffnung auf die Aufrechterhaltung einer (wie es sich herausstellt fl\u00fcchtigen und \u00e4u\u00dferst launischen) Anerkennung in ganz Europa und in der Welt jetzt gegen ihr eigenes Gewissen handeln. F\u00fcr echte Pers\u00f6nlichkeiten, die ihrem Talent ergeben sind, w\u00fcrde das bedeuten, eigene Prinzipien preiszugeben und folglich ihre wahre kreative Freiheit sowie sich selbst zu verlieren und letztendlich in Vergessenheit zu geraten. Es ist wohl bekannt, dass Verr\u00e4ter auf immer fremd und ewig gestrig bleiben. \u00dcberall und f\u00fcr alle. Ich bin mir sicher, dass dies die Mehrheit verstehen kann.<\/p>\n<p>Die Fragen &#8220;Wie stehen Sie dem Kreml gegen\u00fcber?&#8221; und &#8220;Sind Sie bereit, die Politik Russlands eindeutig zu verurteilen?&#8221; (sehr milde formuliert) k\u00f6nnen in absehbarer Zeit \u2013 aus meiner Sicht \u2013 im Westen bald in allen m\u00f6glichen Fragenbogen erscheinen, wenn es bisher noch nicht der Fall ist. Es gen\u00fcgte ja in den letzten Jahren schon, die russische Krim zu besuchen, um endg\u00fcltig auf eine &#8220;schwarze Liste&#8221; in einer Reihe von L\u00e4ndern zu geraten.<\/p>\n<div class=\"ReadMore-root Section-root Section-is1to3-xs_is1to1\" data-widgets=\"ReadMore\" data-has-alias>\n<div class=\"Section-container Section-isRow-isTop-isWrap\">\n<article class=\"Card-root Card-is1to1 \">\n<div class=\"Card-imageWrap\">\n<div class=\"Card-picture\">\n<picture class=\"Picture-root Picture-default\"><!--[if IE 9]><video style=\"display: none;\"><![endif]--><source media=\"(-webkit-min-device-pixel-ratio: 2) and (min-resolution: 120dpi)\" data-srcset=\" \nhttps:\/\/cdni.russiatoday.com\/deutsch\/images\/2022.04\/thumbnail\/62509db848fbef6ec03cc1cc.jpg 850w,\n                https:\/\/cdni.russiatoday.com\/deutsch\/images\/2022.04\/article\/62509db848fbef6ec03cc1cc.jpg 1960w,\n            \" srcset=\"data:image\/png;base64,iVBORw0KGgoAAAANSUhEUgAAABAAAAAJCAQAAACRI2S5AAAAEElEQVR42mNkIAAYRxWAAQAG9gAKqv6+AwAAAABJRU5ErkJggg==\"><source data-srcset=\" \nhttps:\/\/cdni.russiatoday.com\/deutsch\/images\/2022.04\/thumbnail\/62509db848fbef6ec03cc1cc.jpg 460w,\n              https:\/\/cdni.russiatoday.com\/deutsch\/images\/2022.04\/article\/62509db848fbef6ec03cc1cc.jpg 980w,\n            \" srcset=\"data:image\/png;base64,iVBORw0KGgoAAAANSUhEUgAAABAAAAAJCAQAAACRI2S5AAAAEElEQVR42mNkIAAYRxWAAQAG9gAKqv6+AwAAAABJRU5ErkJggg==\"><!--[if IE 9]><\/video><![endif]--><img decoding=\"async\" data-sizes=\"auto\" src=\"data:image\/png;base64,iVBORw0KGgoAAAANSUhEUgAAABAAAAAJCAQAAACRI2S5AAAAEElEQVR42mNkIAAYRxWAAQAG9gAKqv6+AwAAAABJRU5ErkJggg==\" class=\"Picture-root Picture-default lazyload\" data-src=\"https:\/\/cdni.russiatoday.com\/deutsch\/images\/2022.04\/thumbnail\/62509db848fbef6ec03cc1cc.jpg\" alt=\"Erbfeind Russland?\"><\/source><\/source><\/picture><!-- noscript pattern --><noscript><img decoding=\"async\" src=\"https:\/\/cdni.russiatoday.com\/deutsch\/images\/2022.04\/article\/62509db848fbef6ec03cc1cc.jpg\" alt=\"Erbfeind Russland?\"><\/noscript>    <\/div><\/div>\n<div class=\"Card-contentWrap\">\n<div class=\"Card-label\">\n            <span class=\"Label-root\"><br \/>\n                Meinung<br \/>\n            <\/span>\n        <\/div>\n<div class=\"Card-content\">\n<div class=\"Card-title\">\n<div class=\"HeaderNews-root HeaderNews-type_6 \">\n<p>            <a target=\"_blank\" href=\"https:\/\/de.rt.com\/meinung\/135800-erbfeind-russland\/\" class=\"Link-root Link-isFullCard \" rel=\"noopener\"><br \/>\n                Erbfeind Russland?<br \/>\n            <\/a><\/p><\/div><\/div><\/div><\/div>\n<\/article>\n<\/div><\/div>\n<p>Und wenn bereits heute vor dem Hintergrund der Geschehnisse in der Ukraine alles Russische verbannt wird, w\u00e4re es wohl gewiss auch angemessen, ausgehend vom Prinzip der Gegenseitigkeit, andere tiefgreifende Fragen zu stellen. Beispielsweise \u00fcber die Haltung \u00d6sterreichs gegen\u00fcber dem Artikel 9 des Staatsvertrages von 1955 \u2013 der n\u00e4mlich die Verhinderung aller nazistischen und militaristischen T\u00e4tigkeit und Propaganda in \u00d6sterreich betrifft. Oder wie sieht es mit den Ansichten zum Holocaust auch bez\u00fcglich der durch Nazis besetzten sowjetischen Gebiete aus? Und wie lautet in diesem Kontext die Einsch\u00e4tzung von grausamen Taten wie das Verbrennen von Menschen in Odessa am 2. Mai 2014? Oder von Gewaltakten der nationalistischen Bataillone &#8220;Ajdar&#8221; und &#8220;Donbass&#8221; in der Ukraine in den Jahren seit 2014 bis 2022 und der &#8220;Asow&#8221;-K\u00e4mpfer, die jetzt gerade seit Kurzem in Mariupol Zivilisten misshandeln? F\u00fcr uns \u2013 glauben Sie mir \u2013 sind all das keine Medien-Geschichten, sondern reale Leiden unserer Menschen, deren Schmerz wir mit ganzem Herzen f\u00fchlen. Ich betone: unserer Menschen.<\/p>\n<p>Ich bin mir nicht sicher, ob man diese B\u00fcchse der Pandora noch weiter \u00f6ffnen und in diese Sackgasse fahren sollte. Denn dies f\u00fchrt zu einem vollst\u00e4ndigen Zusammenbruch anstelle von Ann\u00e4herung, zu einer Konfrontation statt zu gegenseitigem Verst\u00e4ndnis. Es ist ein Weg ins Nirgendwo. Ich hoffe wirklich, dass vern\u00fcnftige Menschen und Politiker im Westen dieselbe Meinung vertreten. Oder wir laufen Gefahr, erneut Scheiterhaufen auf Pl\u00e4tzen mancher europ\u00e4ischen Hauptst\u00e4dte zu sehen, auf denen erneut \u2013 diesmal Meisterwerke der russischen Literatur, Musik und Kunst \u2013 in Flammen aufgehen werden. Ich bin aber zutiefst \u00fcberzeugt, dass im 21. Jahrhundert Manuskripte und Partituren russischer Klassiker nicht verbrennen werden, nicht verbrannt werden d\u00fcrfen. Deswegen m\u00f6chte ich jene Kulturmanager, die Gr\u00f6\u00dfen wie Tschaikowski und Schostakowitsch aus ihrem Programm streichen, nur um sie durch \u2013 vielleicht auch gute \u2013 ukrainische Komponisten zu ersetzten, an Folgendes erinnern: Im November 1941 beantworteten w\u00e4hrend der Belagerung Leningrads durch Truppen Nazideutschlands die frierenden Musiker der Philharmonie das Heulen der Granaten mit Beethovens 9. Symphonie, und diese Konzerte dauerten all die schrecklichen Jahre.<\/p>\n<p>Und als Letztes an alle, die noch Zweifel haben: Russland ist eine Gro\u00dfmacht mit ihrem gro\u00dfen und multinationalen Volk, mit einer gro\u00dfen Geschichte und Kultur. Und darauf sind und bleiben wir mit gutem Recht stolz!<\/p>\n<p><strong>Mehr zum Thema<\/strong> &#8211; <a target=\"_blank\" href=\"https:\/\/de.rt.com\/meinung\/135503-krieg-kultur-und-standhafter-tanzer\/\" rel=\"noopener\">Der Krieg, die Kultur und ein standhafter T\u00e4nzer<\/a><\/p>\n<\/div>\n<p><br \/>\n<br \/><a href=\"https:\/\/de.rt.com\/meinung\/135786-partituren-d%C3%BCrfen-nicht-verbrennen\/\">Source link <\/a><\/p>\n","protected":false},"excerpt":{"rendered":"<p>Ein Appell von Dmitrij Jewgenjewitsch Ljubinski, au\u00dferordentlicher und bevollm\u00e4chtigter Botschafter der Russischen F\u00f6deration in \u00d6sterreich Eine antirussische Hysterie, die \u00fcber die Welt hereinbricht, wird zum absurden Theater. Anders l\u00e4sst sich die Situation kaum beschreiben, wenn beispielsweise eine \u00f6sterreichische Autowerkstatt, die seit Jahrzehnten mit der Botschaft Russlands zusammenarbeitet, von uns ein Garantieschreiben fordert, dass ein spezielles [&hellip;]<\/p>\n","protected":false},"author":3,"featured_media":516,"comment_status":"open","ping_status":"open","sticky":false,"template":"","format":"standard","meta":{"wp_automatic_camp":["217"],"04b00da8c985ebf33293b91bb2230de8":["Partituren d\u00fcrfen nicht brennen!"],"original_link":["https:\/\/de.rt.com\/meinung\/135786-partituren-d%C3%BCrfen-nicht-verbrennen\/"],"_thumbnail_id":["516"],"wp_automatic_remove_first_image":["yes"],"jnews_social_counter_last_update":["1777091719"]},"categories":[19,23],"tags":[1487,1486,800,1485],"yoast_head":"<!-- This site is optimized with the Yoast SEO Premium plugin v22.7 (Yoast SEO v22.7) - https:\/\/yoast.com\/wordpress\/plugins\/seo\/ -->\n<title>Partituren d\u00fcrfen nicht brennen! - just-now.NEWS Deutschland<\/title>\n<meta name=\"robots\" content=\"index, follow, max-snippet:-1, max-image-preview:large, max-video-preview:-1\" \/>\n<link rel=\"canonical\" href=\"https:\/\/now-news.de\/de\/deutschland\/partituren-duerfen-nicht-brennen\/\" \/>\n<meta property=\"og:locale\" content=\"de_DE\" \/>\n<meta property=\"og:type\" content=\"article\" \/>\n<meta property=\"og:title\" content=\"Partituren d\u00fcrfen nicht brennen!\" \/>\n<meta property=\"og:description\" content=\"Ein Appell von Dmitrij Jewgenjewitsch Ljubinski, au\u00dferordentlicher und bevollm\u00e4chtigter Botschafter der Russischen F\u00f6deration in \u00d6sterreich Eine antirussische Hysterie, die \u00fcber die Welt hereinbricht, wird zum absurden Theater. Anders l\u00e4sst sich die Situation kaum beschreiben, wenn beispielsweise eine \u00f6sterreichische Autowerkstatt, die seit Jahrzehnten mit der Botschaft Russlands zusammenarbeitet, von uns ein Garantieschreiben fordert, dass ein spezielles [&hellip;]\" \/>\n<meta property=\"og:url\" content=\"https:\/\/now-news.de\/de\/deutschland\/partituren-duerfen-nicht-brennen\/\" \/>\n<meta property=\"og:site_name\" content=\"just-now.NEWS Deutschland\" \/>\n<meta property=\"article:publisher\" content=\"https:\/\/www.facebook.com\/wirmachenauf\" \/>\n<meta property=\"article:published_time\" content=\"2022-04-15T05:34:12+00:00\" \/>\n<meta property=\"og:image\" content=\"https:\/\/now-news.de\/de\/wp-content\/uploads\/sites\/3\/2022\/04\/Partituren-duerfen-nicht-brennen.jpg\" \/>\n\t<meta property=\"og:image:width\" content=\"1104\" \/>\n\t<meta property=\"og:image:height\" content=\"622\" \/>\n\t<meta property=\"og:image:type\" content=\"image\/jpeg\" \/>\n<meta name=\"author\" content=\"rtnews\" \/>\n<meta name=\"twitter:card\" content=\"summary_large_image\" \/>\n<meta name=\"twitter:creator\" content=\"@WirMachenAuf_de\" \/>\n<meta name=\"twitter:site\" content=\"@WirMachenAuf_de\" \/>\n<meta name=\"twitter:label1\" content=\"Verfasst von\" \/>\n\t<meta name=\"twitter:data1\" content=\"rtnews\" \/>\n\t<meta name=\"twitter:label2\" content=\"Gesch\u00e4tzte Lesezeit\" \/>\n\t<meta name=\"twitter:data2\" content=\"5\u00a0Minuten\" \/>\n<script type=\"application\/ld+json\" class=\"yoast-schema-graph\">{\"@context\":\"https:\/\/schema.org\",\"@graph\":[{\"@type\":\"Article\",\"@id\":\"https:\/\/now-news.de\/de\/deutschland\/partituren-duerfen-nicht-brennen\/#article\",\"isPartOf\":{\"@id\":\"https:\/\/now-news.de\/de\/deutschland\/partituren-duerfen-nicht-brennen\/\"},\"author\":{\"name\":\"rtnews\",\"@id\":\"https:\/\/now-news.de\/de\/#\/schema\/person\/fb534a4e865501d8b3285208df34a9b5\"},\"headline\":\"Partituren d\u00fcrfen nicht brennen!\",\"datePublished\":\"2022-04-15T05:34:12+00:00\",\"dateModified\":\"2022-04-15T05:34:12+00:00\",\"mainEntityOfPage\":{\"@id\":\"https:\/\/now-news.de\/de\/deutschland\/partituren-duerfen-nicht-brennen\/\"},\"wordCount\":1095,\"commentCount\":0,\"publisher\":{\"@id\":\"https:\/\/now-news.de\/de\/#organization\"},\"image\":{\"@id\":\"https:\/\/now-news.de\/de\/deutschland\/partituren-duerfen-nicht-brennen\/#primaryimage\"},\"thumbnailUrl\":\"https:\/\/now-news.de\/de\/wp-content\/uploads\/sites\/3\/2022\/04\/Partituren-duerfen-nicht-brennen.jpg\",\"keywords\":[\"brennen\",\"d\u00fcrfen\",\"nicht\",\"Partituren\"],\"articleSection\":[\"Deutschland\",\"Russland\"],\"inLanguage\":\"de\",\"potentialAction\":[{\"@type\":\"CommentAction\",\"name\":\"Comment\",\"target\":[\"https:\/\/now-news.de\/de\/deutschland\/partituren-duerfen-nicht-brennen\/#respond\"]}]},{\"@type\":\"WebPage\",\"@id\":\"https:\/\/now-news.de\/de\/deutschland\/partituren-duerfen-nicht-brennen\/\",\"url\":\"https:\/\/now-news.de\/de\/deutschland\/partituren-duerfen-nicht-brennen\/\",\"name\":\"Partituren d\u00fcrfen nicht brennen! - just-now.NEWS Deutschland\",\"isPartOf\":{\"@id\":\"https:\/\/now-news.de\/de\/#website\"},\"primaryImageOfPage\":{\"@id\":\"https:\/\/now-news.de\/de\/deutschland\/partituren-duerfen-nicht-brennen\/#primaryimage\"},\"image\":{\"@id\":\"https:\/\/now-news.de\/de\/deutschland\/partituren-duerfen-nicht-brennen\/#primaryimage\"},\"thumbnailUrl\":\"https:\/\/now-news.de\/de\/wp-content\/uploads\/sites\/3\/2022\/04\/Partituren-duerfen-nicht-brennen.jpg\",\"datePublished\":\"2022-04-15T05:34:12+00:00\",\"dateModified\":\"2022-04-15T05:34:12+00:00\",\"breadcrumb\":{\"@id\":\"https:\/\/now-news.de\/de\/deutschland\/partituren-duerfen-nicht-brennen\/#breadcrumb\"},\"inLanguage\":\"de\",\"potentialAction\":[{\"@type\":\"ReadAction\",\"target\":[\"https:\/\/now-news.de\/de\/deutschland\/partituren-duerfen-nicht-brennen\/\"]}]},{\"@type\":\"ImageObject\",\"inLanguage\":\"de\",\"@id\":\"https:\/\/now-news.de\/de\/deutschland\/partituren-duerfen-nicht-brennen\/#primaryimage\",\"url\":\"https:\/\/now-news.de\/de\/wp-content\/uploads\/sites\/3\/2022\/04\/Partituren-duerfen-nicht-brennen.jpg\",\"contentUrl\":\"https:\/\/now-news.de\/de\/wp-content\/uploads\/sites\/3\/2022\/04\/Partituren-duerfen-nicht-brennen.jpg\",\"width\":1104,\"height\":622,\"caption\":\"Partituren d\u00fcrfen nicht brennen!\"},{\"@type\":\"BreadcrumbList\",\"@id\":\"https:\/\/now-news.de\/de\/deutschland\/partituren-duerfen-nicht-brennen\/#breadcrumb\",\"itemListElement\":[{\"@type\":\"ListItem\",\"position\":1,\"name\":\"Home\",\"item\":\"https:\/\/now-news.de\/de\/\"},{\"@type\":\"ListItem\",\"position\":2,\"name\":\"Partituren d\u00fcrfen nicht brennen!\"}]},{\"@type\":\"WebSite\",\"@id\":\"https:\/\/now-news.de\/de\/#website\",\"url\":\"https:\/\/now-news.de\/de\/\",\"name\":\"just-now.NEWS Deutschland\",\"description\":\"Das Portal f\u00fcr unzensierte Nachrichten aus der Welt\",\"publisher\":{\"@id\":\"https:\/\/now-news.de\/de\/#organization\"},\"potentialAction\":[{\"@type\":\"SearchAction\",\"target\":{\"@type\":\"EntryPoint\",\"urlTemplate\":\"https:\/\/now-news.de\/de\/?s={search_term_string}\"},\"query-input\":\"required name=search_term_string\"}],\"inLanguage\":\"de\"},{\"@type\":\"Organization\",\"@id\":\"https:\/\/now-news.de\/de\/#organization\",\"name\":\"Just Now News\",\"url\":\"https:\/\/now-news.de\/de\/\",\"logo\":{\"@type\":\"ImageObject\",\"inLanguage\":\"de\",\"@id\":\"https:\/\/now-news.de\/de\/#\/schema\/logo\/image\/\",\"url\":\"http:\/\/just-now.news\/de\/wp-content\/uploads\/sites\/3\/2022\/04\/logo500x500.jpg\",\"contentUrl\":\"http:\/\/just-now.news\/de\/wp-content\/uploads\/sites\/3\/2022\/04\/logo500x500.jpg\",\"width\":500,\"height\":500,\"caption\":\"Just Now News\"},\"image\":{\"@id\":\"https:\/\/now-news.de\/de\/#\/schema\/logo\/image\/\"},\"sameAs\":[\"https:\/\/www.facebook.com\/wirmachenauf\",\"https:\/\/x.com\/WirMachenAuf_de\"]},{\"@type\":\"Person\",\"@id\":\"https:\/\/now-news.de\/de\/#\/schema\/person\/fb534a4e865501d8b3285208df34a9b5\",\"name\":\"rtnews\",\"image\":{\"@type\":\"ImageObject\",\"inLanguage\":\"de\",\"@id\":\"https:\/\/now-news.de\/de\/#\/schema\/person\/image\/\",\"url\":\"https:\/\/secure.gravatar.com\/avatar\/82aafea7d8127119dd649515f56e2117?s=96&d=mm&r=g\",\"contentUrl\":\"https:\/\/secure.gravatar.com\/avatar\/82aafea7d8127119dd649515f56e2117?s=96&d=mm&r=g\",\"caption\":\"rtnews\"},\"url\":\"https:\/\/now-news.de\/de\/author\/rnews\/\"}]}<\/script>\n<!-- \/ Yoast SEO Premium plugin. -->","yoast_head_json":{"title":"Partituren d\u00fcrfen nicht brennen! - just-now.NEWS Deutschland","robots":{"index":"index","follow":"follow","max-snippet":"max-snippet:-1","max-image-preview":"max-image-preview:large","max-video-preview":"max-video-preview:-1"},"canonical":"https:\/\/now-news.de\/de\/deutschland\/partituren-duerfen-nicht-brennen\/","og_locale":"de_DE","og_type":"article","og_title":"Partituren d\u00fcrfen nicht brennen!","og_description":"Ein Appell von Dmitrij Jewgenjewitsch Ljubinski, au\u00dferordentlicher und bevollm\u00e4chtigter Botschafter der Russischen F\u00f6deration in \u00d6sterreich Eine antirussische Hysterie, die \u00fcber die Welt hereinbricht, wird zum absurden Theater. Anders l\u00e4sst sich die Situation kaum beschreiben, wenn beispielsweise eine \u00f6sterreichische Autowerkstatt, die seit Jahrzehnten mit der Botschaft Russlands zusammenarbeitet, von uns ein Garantieschreiben fordert, dass ein spezielles [&hellip;]","og_url":"https:\/\/now-news.de\/de\/deutschland\/partituren-duerfen-nicht-brennen\/","og_site_name":"just-now.NEWS Deutschland","article_publisher":"https:\/\/www.facebook.com\/wirmachenauf","article_published_time":"2022-04-15T05:34:12+00:00","og_image":[{"width":1104,"height":622,"url":"https:\/\/now-news.de\/de\/wp-content\/uploads\/sites\/3\/2022\/04\/Partituren-duerfen-nicht-brennen.jpg","type":"image\/jpeg"}],"author":"rtnews","twitter_card":"summary_large_image","twitter_creator":"@WirMachenAuf_de","twitter_site":"@WirMachenAuf_de","twitter_misc":{"Verfasst von":"rtnews","Gesch\u00e4tzte Lesezeit":"5\u00a0Minuten"},"schema":{"@context":"https:\/\/schema.org","@graph":[{"@type":"Article","@id":"https:\/\/now-news.de\/de\/deutschland\/partituren-duerfen-nicht-brennen\/#article","isPartOf":{"@id":"https:\/\/now-news.de\/de\/deutschland\/partituren-duerfen-nicht-brennen\/"},"author":{"name":"rtnews","@id":"https:\/\/now-news.de\/de\/#\/schema\/person\/fb534a4e865501d8b3285208df34a9b5"},"headline":"Partituren d\u00fcrfen nicht brennen!","datePublished":"2022-04-15T05:34:12+00:00","dateModified":"2022-04-15T05:34:12+00:00","mainEntityOfPage":{"@id":"https:\/\/now-news.de\/de\/deutschland\/partituren-duerfen-nicht-brennen\/"},"wordCount":1095,"commentCount":0,"publisher":{"@id":"https:\/\/now-news.de\/de\/#organization"},"image":{"@id":"https:\/\/now-news.de\/de\/deutschland\/partituren-duerfen-nicht-brennen\/#primaryimage"},"thumbnailUrl":"https:\/\/now-news.de\/de\/wp-content\/uploads\/sites\/3\/2022\/04\/Partituren-duerfen-nicht-brennen.jpg","keywords":["brennen","d\u00fcrfen","nicht","Partituren"],"articleSection":["Deutschland","Russland"],"inLanguage":"de","potentialAction":[{"@type":"CommentAction","name":"Comment","target":["https:\/\/now-news.de\/de\/deutschland\/partituren-duerfen-nicht-brennen\/#respond"]}]},{"@type":"WebPage","@id":"https:\/\/now-news.de\/de\/deutschland\/partituren-duerfen-nicht-brennen\/","url":"https:\/\/now-news.de\/de\/deutschland\/partituren-duerfen-nicht-brennen\/","name":"Partituren d\u00fcrfen nicht brennen! - just-now.NEWS Deutschland","isPartOf":{"@id":"https:\/\/now-news.de\/de\/#website"},"primaryImageOfPage":{"@id":"https:\/\/now-news.de\/de\/deutschland\/partituren-duerfen-nicht-brennen\/#primaryimage"},"image":{"@id":"https:\/\/now-news.de\/de\/deutschland\/partituren-duerfen-nicht-brennen\/#primaryimage"},"thumbnailUrl":"https:\/\/now-news.de\/de\/wp-content\/uploads\/sites\/3\/2022\/04\/Partituren-duerfen-nicht-brennen.jpg","datePublished":"2022-04-15T05:34:12+00:00","dateModified":"2022-04-15T05:34:12+00:00","breadcrumb":{"@id":"https:\/\/now-news.de\/de\/deutschland\/partituren-duerfen-nicht-brennen\/#breadcrumb"},"inLanguage":"de","potentialAction":[{"@type":"ReadAction","target":["https:\/\/now-news.de\/de\/deutschland\/partituren-duerfen-nicht-brennen\/"]}]},{"@type":"ImageObject","inLanguage":"de","@id":"https:\/\/now-news.de\/de\/deutschland\/partituren-duerfen-nicht-brennen\/#primaryimage","url":"https:\/\/now-news.de\/de\/wp-content\/uploads\/sites\/3\/2022\/04\/Partituren-duerfen-nicht-brennen.jpg","contentUrl":"https:\/\/now-news.de\/de\/wp-content\/uploads\/sites\/3\/2022\/04\/Partituren-duerfen-nicht-brennen.jpg","width":1104,"height":622,"caption":"Partituren d\u00fcrfen nicht brennen!"},{"@type":"BreadcrumbList","@id":"https:\/\/now-news.de\/de\/deutschland\/partituren-duerfen-nicht-brennen\/#breadcrumb","itemListElement":[{"@type":"ListItem","position":1,"name":"Home","item":"https:\/\/now-news.de\/de\/"},{"@type":"ListItem","position":2,"name":"Partituren d\u00fcrfen nicht brennen!"}]},{"@type":"WebSite","@id":"https:\/\/now-news.de\/de\/#website","url":"https:\/\/now-news.de\/de\/","name":"just-now.NEWS Deutschland","description":"Das Portal f\u00fcr unzensierte Nachrichten aus der Welt","publisher":{"@id":"https:\/\/now-news.de\/de\/#organization"},"potentialAction":[{"@type":"SearchAction","target":{"@type":"EntryPoint","urlTemplate":"https:\/\/now-news.de\/de\/?s={search_term_string}"},"query-input":"required name=search_term_string"}],"inLanguage":"de"},{"@type":"Organization","@id":"https:\/\/now-news.de\/de\/#organization","name":"Just Now News","url":"https:\/\/now-news.de\/de\/","logo":{"@type":"ImageObject","inLanguage":"de","@id":"https:\/\/now-news.de\/de\/#\/schema\/logo\/image\/","url":"http:\/\/just-now.news\/de\/wp-content\/uploads\/sites\/3\/2022\/04\/logo500x500.jpg","contentUrl":"http:\/\/just-now.news\/de\/wp-content\/uploads\/sites\/3\/2022\/04\/logo500x500.jpg","width":500,"height":500,"caption":"Just Now News"},"image":{"@id":"https:\/\/now-news.de\/de\/#\/schema\/logo\/image\/"},"sameAs":["https:\/\/www.facebook.com\/wirmachenauf","https:\/\/x.com\/WirMachenAuf_de"]},{"@type":"Person","@id":"https:\/\/now-news.de\/de\/#\/schema\/person\/fb534a4e865501d8b3285208df34a9b5","name":"rtnews","image":{"@type":"ImageObject","inLanguage":"de","@id":"https:\/\/now-news.de\/de\/#\/schema\/person\/image\/","url":"https:\/\/secure.gravatar.com\/avatar\/82aafea7d8127119dd649515f56e2117?s=96&d=mm&r=g","contentUrl":"https:\/\/secure.gravatar.com\/avatar\/82aafea7d8127119dd649515f56e2117?s=96&d=mm&r=g","caption":"rtnews"},"url":"https:\/\/now-news.de\/de\/author\/rnews\/"}]}},"_links":{"self":[{"href":"https:\/\/now-news.de\/de\/wp-json\/wp\/v2\/posts\/515"}],"collection":[{"href":"https:\/\/now-news.de\/de\/wp-json\/wp\/v2\/posts"}],"about":[{"href":"https:\/\/now-news.de\/de\/wp-json\/wp\/v2\/types\/post"}],"author":[{"embeddable":true,"href":"https:\/\/now-news.de\/de\/wp-json\/wp\/v2\/users\/3"}],"replies":[{"embeddable":true,"href":"https:\/\/now-news.de\/de\/wp-json\/wp\/v2\/comments?post=515"}],"version-history":[{"count":0,"href":"https:\/\/now-news.de\/de\/wp-json\/wp\/v2\/posts\/515\/revisions"}],"wp:featuredmedia":[{"embeddable":true,"href":"https:\/\/now-news.de\/de\/wp-json\/wp\/v2\/media\/516"}],"wp:attachment":[{"href":"https:\/\/now-news.de\/de\/wp-json\/wp\/v2\/media?parent=515"}],"wp:term":[{"taxonomy":"category","embeddable":true,"href":"https:\/\/now-news.de\/de\/wp-json\/wp\/v2\/categories?post=515"},{"taxonomy":"post_tag","embeddable":true,"href":"https:\/\/now-news.de\/de\/wp-json\/wp\/v2\/tags?post=515"}],"curies":[{"name":"wp","href":"https:\/\/api.w.org\/{rel}","templated":true}]}}