{"id":51487,"date":"2023-12-13T17:13:50","date_gmt":"2023-12-13T15:13:50","guid":{"rendered":"https:\/\/just-now.news\/de\/deutschland\/jetzt-verschandelt-letzte-generation-auch-weihnachtsbaeume\/"},"modified":"2023-12-13T17:13:50","modified_gmt":"2023-12-13T15:13:50","slug":"jetzt-verschandelt-letzte-generation-auch-weihnachtsbaeume","status":"publish","type":"post","link":"https:\/\/now-news.de\/de\/deutschland\/jetzt-verschandelt-letzte-generation-auch-weihnachtsbaeume\/","title":{"rendered":"Jetzt verschandelt &quot;Letzte Generation&quot; auch Weihnachtsb\u00e4ume"},"content":{"rendered":"<p><img decoding=\"async\" src=\"http:\/\/just-now.news\/de\/wp-content\/uploads\/sites\/3\/2023\/12\/6579c500b480cc4d62490570.jpg\" \/><\/p>\n<div class=\"Text-root Text-type_1 \">\n                Die Klima-Aktivisten von der &#8220;Letzten Generation&#8221; haben es nach Gem\u00e4lden und dem Brandenburger Tor nun auch auf Weihnachtsb\u00e4ume abgesehen. In Leipzig und Berlin wurden die Tannen mit Farbe bespr\u00fcht.\n            <\/div>\n<p><\/p>\n<div class=\"Text-root Text-type_5 ArticleView-text ViewText-root \">\n<p>Aktivisten der Klimabewegung &#8220;Letzte Generation&#8221; haben in der Leipziger M\u00e4dlerpassage einen Weihnachtsbaum mit oranger Farbe bespr\u00fcht. Die Aktion lief laut der Gruppe unter dem Motto:<\/p>\n<blockquote>\n<p><em>&#8220;Besinnlich in die Katastrophe? N\u00e4chstenliebe = Klimaschutz!&#8221;<\/em><\/p>\n<\/blockquote>\n<p>Laut einem <em>MDR<\/em>-Reporter, der vor Ort berichtete, war die Haltung der Menschen in der Passage gegen\u00fcber den Aktivisten jedoch alles andere als wohlgesonnen.<\/p>\n<div class=\"EmbedBlock-root EmbedBlock-twitter\">\n<div class=\"TwitterEmbed\">\n<blockquote class=\"twitter-tweet lazyload\" data-twitter=\"twitter-tweet\">\n<p lang=\"de\" dir=\"ltr\">NEW &#8211; Members of the criminal organization &#8220;Last Generation&#8221; attack Christmas trees with paint in Berlin, Oldenburg, Kiel, Leipzig, Rostock, Nuremberg, and Munich.<a rel=\"nofollow noopener\" target=\"_blank\" href=\"https:\/\/t.co\/xDyypAa6sR\">pic.twitter.com\/xDyypAa6sR<\/a><\/p>\n<p>\u2014 Disclose.tv (@disclosetv) <a rel=\"nofollow noopener\" target=\"_blank\" href=\"https:\/\/twitter.com\/disclosetv\/status\/1734894070596538496?ref_src=twsrc%5Etfw\">December 13, 2023<\/a><\/p><\/blockquote>\n<\/div>\n<\/div>\n<p>Ein Ladenbesitzer soll versucht haben, zwei der Aktivisten von dem eingef\u00e4rbten Weihnachtsbaum wegzusto\u00dfen. Zudem sollen Passanten die Aktivisten als &#8220;Idioten&#8221; und &#8220;Verbrecher&#8221; bezeichnet haben.<\/p>\n<p>Laut dem <em>MDR<\/em>-Journalisten hatte die Polizei die Lage allerdings unter Kontrolle. Die Beamten stellten die Personalien der Aktivisten fest und befragten Zeugen.<\/p>\n<p>Die &#8220;Letzte Generation&#8221; hatte \u00e4hnliche Aktionen am Mittwoch noch in anderen deutschen St\u00e4dten angek\u00fcndigt. Und tats\u00e4chlich erwischte es auch den Weihnachtsbaum vor dem Bundesrat in Berlin in der Leipziger Stra\u00dfe.<\/p>\n<p>Zwei Aktivisten packten laut der <em>Berliner Zeitung<\/em> Feuerl\u00f6scher aus und bespr\u00fchten den Baum rundum mit oranger Farbe. Dann zogen sie sich Warnwesten \u00fcber und hielten Pappschilder in die Kameras der Journalisten.<\/p>\n<p>Ein Polizist forderte dem Bericht zufolge die beiden Aktivisten auf, ihre Schilder herunterzunehmen, da ihre Aktion derzeit nicht vom Versammlungsrecht gedeckt sei. Der Forderung des Polizisten soll nur einer der Aktivisten nachgekommen sein.<\/p>\n<p>Die Reaktionen in Berlin waren laut der Zeitung gespalten. Ein Passant soll kommentiert haben: &#8220;H\u00fcbscher als vorher&#8221;. Ein Autofahrer soll hingegen aus seinem Auto gerufen haben: &#8220;Schande!&#8221;<\/p>\n<p><strong>Mehr zum Thema<\/strong> \u2013\u00a0<a rel=\"nofollow noopener\" target=\"_blank\" href=\"https:\/\/freeassange.rtde.life\/inland\/187868-gerichtsurteil-letzte-generation-nun-offiziell\/\">Gerichtsurteil: &#8220;Letzte Generation&#8221; nun offiziell kriminelle Vereinigung<\/a><\/p>\n<\/p>\n<div class=\"EmbedBlock-root EmbedBlock-externalVideo EmbedBlock-odysee\">\n<div class=\"VkEmbed\"><iframe class=\"lazyload\" data-src=\"https:\/\/odysee.com\/%24\/embed\/%40RTDE%3Ae%2Fletzte-generation-800-teilnehmer-bei-zweiter-massenbesetzung-in-berlin%3A7\" frameborder=\"0\" width=\"853\" height=\"480\" allowfullscreen><\/iframe><\/div>\n<\/div>\n<\/div>\n<p><script async src=\"https:\/\/platform.twitter.com\/widgets.js\" charset=\"utf-8\"><\/script><br \/>\n<br \/><br \/>\n<br \/><a href=\"https:\/\/de.rt.com\/inland\/189770-jetzt-verschandelt-letzte-generation-auch-weihnachtsbaeume\/\">Source link <\/a><\/p>\n","protected":false},"excerpt":{"rendered":"<p>Die Klima-Aktivisten von der &#8220;Letzten Generation&#8221; haben es nach Gem\u00e4lden und dem Brandenburger Tor nun auch auf Weihnachtsb\u00e4ume abgesehen. In Leipzig und Berlin wurden die Tannen mit Farbe bespr\u00fcht. Aktivisten der Klimabewegung &#8220;Letzte Generation&#8221; haben in der Leipziger M\u00e4dlerpassage einen Weihnachtsbaum mit oranger Farbe bespr\u00fcht. Die Aktion lief laut der Gruppe unter dem Motto: &#8220;Besinnlich [&hellip;]<\/p>\n","protected":false},"author":3,"featured_media":51488,"comment_status":"open","ping_status":"open","sticky":false,"template":"","format":"standard","meta":{"_yoast_indexnow_last_ping":["1702481058"],"wp_automatic_camp":["217"],"5f38f5d7022b6046c85dc1b9e76a0669":["Jetzt verschandelt &quot;Letzte Generation&quot; auch Weihnachtsb\u00e4ume"],"original_link":["https:\/\/de.rt.com\/inland\/189770-jetzt-verschandelt-letzte-generation-auch-weihnachtsbaeume\/"],"_thumbnail_id":["51488"],"_wptgpro_p2tg_sent2tg":["a:1:{i:23737;s:19:\"2023-12-13 17:25:22\";}"],"jnews_social_counter_last_update":["1777278696"]},"categories":[19,23],"tags":[1475,29277,2731,35490,51562,51563],"yoast_head":"<!-- This site is optimized with the Yoast SEO Premium plugin v22.7 (Yoast SEO v22.7) - https:\/\/yoast.com\/wordpress\/plugins\/seo\/ -->\n<title>Jetzt verschandelt &quot;Letzte Generation&quot; auch Weihnachtsb\u00e4ume - just-now.NEWS Deutschland<\/title>\n<meta name=\"robots\" content=\"index, follow, max-snippet:-1, max-image-preview:large, max-video-preview:-1\" \/>\n<link rel=\"canonical\" href=\"https:\/\/now-news.de\/de\/deutschland\/jetzt-verschandelt-letzte-generation-auch-weihnachtsbaeume\/\" \/>\n<meta property=\"og:locale\" content=\"de_DE\" \/>\n<meta property=\"og:type\" content=\"article\" \/>\n<meta property=\"og:title\" content=\"Jetzt verschandelt &quot;Letzte Generation&quot; auch Weihnachtsb\u00e4ume\" \/>\n<meta property=\"og:description\" content=\"Die Klima-Aktivisten von der &#8220;Letzten Generation&#8221; haben es nach Gem\u00e4lden und dem Brandenburger Tor nun auch auf Weihnachtsb\u00e4ume abgesehen. In Leipzig und Berlin wurden die Tannen mit Farbe bespr\u00fcht. Aktivisten der Klimabewegung &#8220;Letzte Generation&#8221; haben in der Leipziger M\u00e4dlerpassage einen Weihnachtsbaum mit oranger Farbe bespr\u00fcht. Die Aktion lief laut der Gruppe unter dem Motto: &#8220;Besinnlich [&hellip;]\" \/>\n<meta property=\"og:url\" content=\"https:\/\/now-news.de\/de\/deutschland\/jetzt-verschandelt-letzte-generation-auch-weihnachtsbaeume\/\" \/>\n<meta property=\"og:site_name\" content=\"just-now.NEWS Deutschland\" \/>\n<meta property=\"article:publisher\" content=\"https:\/\/www.facebook.com\/wirmachenauf\" \/>\n<meta property=\"article:published_time\" content=\"2023-12-13T15:13:50+00:00\" \/>\n<meta property=\"og:image\" content=\"https:\/\/now-news.de\/de\/wp-content\/uploads\/sites\/3\/2023\/12\/Jetzt-verschandelt-quotLetzte-Generationquot-auch-Weihnachtsbaeume.jpg\" \/>\n\t<meta property=\"og:image:width\" content=\"460\" \/>\n\t<meta property=\"og:image:height\" content=\"259\" \/>\n\t<meta property=\"og:image:type\" content=\"image\/jpeg\" \/>\n<meta name=\"author\" content=\"rtnews\" \/>\n<meta name=\"twitter:card\" content=\"summary_large_image\" \/>\n<meta name=\"twitter:creator\" content=\"@WirMachenAuf_de\" \/>\n<meta name=\"twitter:site\" content=\"@WirMachenAuf_de\" \/>\n<meta name=\"twitter:label1\" content=\"Verfasst von\" \/>\n\t<meta name=\"twitter:data1\" content=\"rtnews\" \/>\n\t<meta name=\"twitter:label2\" content=\"Gesch\u00e4tzte Lesezeit\" \/>\n\t<meta name=\"twitter:data2\" content=\"2\u00a0Minuten\" \/>\n<script type=\"application\/ld+json\" class=\"yoast-schema-graph\">{\"@context\":\"https:\/\/schema.org\",\"@graph\":[{\"@type\":\"Article\",\"@id\":\"https:\/\/now-news.de\/de\/deutschland\/jetzt-verschandelt-letzte-generation-auch-weihnachtsbaeume\/#article\",\"isPartOf\":{\"@id\":\"https:\/\/now-news.de\/de\/deutschland\/jetzt-verschandelt-letzte-generation-auch-weihnachtsbaeume\/\"},\"author\":{\"name\":\"rtnews\",\"@id\":\"https:\/\/now-news.de\/de\/#\/schema\/person\/fb534a4e865501d8b3285208df34a9b5\"},\"headline\":\"Jetzt verschandelt &quot;Letzte Generation&quot; auch Weihnachtsb\u00e4ume\",\"datePublished\":\"2023-12-13T15:13:50+00:00\",\"dateModified\":\"2023-12-13T15:13:50+00:00\",\"mainEntityOfPage\":{\"@id\":\"https:\/\/now-news.de\/de\/deutschland\/jetzt-verschandelt-letzte-generation-auch-weihnachtsbaeume\/\"},\"wordCount\":320,\"commentCount\":0,\"publisher\":{\"@id\":\"https:\/\/now-news.de\/de\/#organization\"},\"image\":{\"@id\":\"https:\/\/now-news.de\/de\/deutschland\/jetzt-verschandelt-letzte-generation-auch-weihnachtsbaeume\/#primaryimage\"},\"thumbnailUrl\":\"https:\/\/now-news.de\/de\/wp-content\/uploads\/sites\/3\/2023\/12\/Jetzt-verschandelt-quotLetzte-Generationquot-auch-Weihnachtsbaeume.jpg\",\"keywords\":[\"auch\",\"Generationquot\",\"Jetzt\",\"quotLetzte\",\"verschandelt\",\"Weihnachtsb\u00e4ume\"],\"articleSection\":[\"Deutschland\",\"Russland\"],\"inLanguage\":\"de\",\"potentialAction\":[{\"@type\":\"CommentAction\",\"name\":\"Comment\",\"target\":[\"https:\/\/now-news.de\/de\/deutschland\/jetzt-verschandelt-letzte-generation-auch-weihnachtsbaeume\/#respond\"]}]},{\"@type\":\"WebPage\",\"@id\":\"https:\/\/now-news.de\/de\/deutschland\/jetzt-verschandelt-letzte-generation-auch-weihnachtsbaeume\/\",\"url\":\"https:\/\/now-news.de\/de\/deutschland\/jetzt-verschandelt-letzte-generation-auch-weihnachtsbaeume\/\",\"name\":\"Jetzt verschandelt &quot;Letzte Generation&quot; auch Weihnachtsb\u00e4ume - just-now.NEWS Deutschland\",\"isPartOf\":{\"@id\":\"https:\/\/now-news.de\/de\/#website\"},\"primaryImageOfPage\":{\"@id\":\"https:\/\/now-news.de\/de\/deutschland\/jetzt-verschandelt-letzte-generation-auch-weihnachtsbaeume\/#primaryimage\"},\"image\":{\"@id\":\"https:\/\/now-news.de\/de\/deutschland\/jetzt-verschandelt-letzte-generation-auch-weihnachtsbaeume\/#primaryimage\"},\"thumbnailUrl\":\"https:\/\/now-news.de\/de\/wp-content\/uploads\/sites\/3\/2023\/12\/Jetzt-verschandelt-quotLetzte-Generationquot-auch-Weihnachtsbaeume.jpg\",\"datePublished\":\"2023-12-13T15:13:50+00:00\",\"dateModified\":\"2023-12-13T15:13:50+00:00\",\"breadcrumb\":{\"@id\":\"https:\/\/now-news.de\/de\/deutschland\/jetzt-verschandelt-letzte-generation-auch-weihnachtsbaeume\/#breadcrumb\"},\"inLanguage\":\"de\",\"potentialAction\":[{\"@type\":\"ReadAction\",\"target\":[\"https:\/\/now-news.de\/de\/deutschland\/jetzt-verschandelt-letzte-generation-auch-weihnachtsbaeume\/\"]}]},{\"@type\":\"ImageObject\",\"inLanguage\":\"de\",\"@id\":\"https:\/\/now-news.de\/de\/deutschland\/jetzt-verschandelt-letzte-generation-auch-weihnachtsbaeume\/#primaryimage\",\"url\":\"https:\/\/now-news.de\/de\/wp-content\/uploads\/sites\/3\/2023\/12\/Jetzt-verschandelt-quotLetzte-Generationquot-auch-Weihnachtsbaeume.jpg\",\"contentUrl\":\"https:\/\/now-news.de\/de\/wp-content\/uploads\/sites\/3\/2023\/12\/Jetzt-verschandelt-quotLetzte-Generationquot-auch-Weihnachtsbaeume.jpg\",\"width\":460,\"height\":259,\"caption\":\"Jetzt verschandelt &quot;Letzte Generation&quot; auch Weihnachtsb\u00e4ume\"},{\"@type\":\"BreadcrumbList\",\"@id\":\"https:\/\/now-news.de\/de\/deutschland\/jetzt-verschandelt-letzte-generation-auch-weihnachtsbaeume\/#breadcrumb\",\"itemListElement\":[{\"@type\":\"ListItem\",\"position\":1,\"name\":\"Home\",\"item\":\"https:\/\/now-news.de\/de\/\"},{\"@type\":\"ListItem\",\"position\":2,\"name\":\"Jetzt verschandelt &quot;Letzte Generation&quot; auch Weihnachtsb\u00e4ume\"}]},{\"@type\":\"WebSite\",\"@id\":\"https:\/\/now-news.de\/de\/#website\",\"url\":\"https:\/\/now-news.de\/de\/\",\"name\":\"just-now.NEWS Deutschland\",\"description\":\"Das Portal f\u00fcr unzensierte Nachrichten aus der Welt\",\"publisher\":{\"@id\":\"https:\/\/now-news.de\/de\/#organization\"},\"potentialAction\":[{\"@type\":\"SearchAction\",\"target\":{\"@type\":\"EntryPoint\",\"urlTemplate\":\"https:\/\/now-news.de\/de\/?s={search_term_string}\"},\"query-input\":\"required name=search_term_string\"}],\"inLanguage\":\"de\"},{\"@type\":\"Organization\",\"@id\":\"https:\/\/now-news.de\/de\/#organization\",\"name\":\"Just Now News\",\"url\":\"https:\/\/now-news.de\/de\/\",\"logo\":{\"@type\":\"ImageObject\",\"inLanguage\":\"de\",\"@id\":\"https:\/\/now-news.de\/de\/#\/schema\/logo\/image\/\",\"url\":\"http:\/\/just-now.news\/de\/wp-content\/uploads\/sites\/3\/2022\/04\/logo500x500.jpg\",\"contentUrl\":\"http:\/\/just-now.news\/de\/wp-content\/uploads\/sites\/3\/2022\/04\/logo500x500.jpg\",\"width\":500,\"height\":500,\"caption\":\"Just Now News\"},\"image\":{\"@id\":\"https:\/\/now-news.de\/de\/#\/schema\/logo\/image\/\"},\"sameAs\":[\"https:\/\/www.facebook.com\/wirmachenauf\",\"https:\/\/x.com\/WirMachenAuf_de\"]},{\"@type\":\"Person\",\"@id\":\"https:\/\/now-news.de\/de\/#\/schema\/person\/fb534a4e865501d8b3285208df34a9b5\",\"name\":\"rtnews\",\"image\":{\"@type\":\"ImageObject\",\"inLanguage\":\"de\",\"@id\":\"https:\/\/now-news.de\/de\/#\/schema\/person\/image\/\",\"url\":\"https:\/\/secure.gravatar.com\/avatar\/82aafea7d8127119dd649515f56e2117?s=96&d=mm&r=g\",\"contentUrl\":\"https:\/\/secure.gravatar.com\/avatar\/82aafea7d8127119dd649515f56e2117?s=96&d=mm&r=g\",\"caption\":\"rtnews\"},\"url\":\"https:\/\/now-news.de\/de\/author\/rnews\/\"}]}<\/script>\n<!-- \/ Yoast SEO Premium plugin. -->","yoast_head_json":{"title":"Jetzt verschandelt &quot;Letzte Generation&quot; auch Weihnachtsb\u00e4ume - just-now.NEWS Deutschland","robots":{"index":"index","follow":"follow","max-snippet":"max-snippet:-1","max-image-preview":"max-image-preview:large","max-video-preview":"max-video-preview:-1"},"canonical":"https:\/\/now-news.de\/de\/deutschland\/jetzt-verschandelt-letzte-generation-auch-weihnachtsbaeume\/","og_locale":"de_DE","og_type":"article","og_title":"Jetzt verschandelt &quot;Letzte Generation&quot; auch Weihnachtsb\u00e4ume","og_description":"Die Klima-Aktivisten von der &#8220;Letzten Generation&#8221; haben es nach Gem\u00e4lden und dem Brandenburger Tor nun auch auf Weihnachtsb\u00e4ume abgesehen. In Leipzig und Berlin wurden die Tannen mit Farbe bespr\u00fcht. Aktivisten der Klimabewegung &#8220;Letzte Generation&#8221; haben in der Leipziger M\u00e4dlerpassage einen Weihnachtsbaum mit oranger Farbe bespr\u00fcht. Die Aktion lief laut der Gruppe unter dem Motto: &#8220;Besinnlich [&hellip;]","og_url":"https:\/\/now-news.de\/de\/deutschland\/jetzt-verschandelt-letzte-generation-auch-weihnachtsbaeume\/","og_site_name":"just-now.NEWS Deutschland","article_publisher":"https:\/\/www.facebook.com\/wirmachenauf","article_published_time":"2023-12-13T15:13:50+00:00","og_image":[{"width":460,"height":259,"url":"https:\/\/now-news.de\/de\/wp-content\/uploads\/sites\/3\/2023\/12\/Jetzt-verschandelt-quotLetzte-Generationquot-auch-Weihnachtsbaeume.jpg","type":"image\/jpeg"}],"author":"rtnews","twitter_card":"summary_large_image","twitter_creator":"@WirMachenAuf_de","twitter_site":"@WirMachenAuf_de","twitter_misc":{"Verfasst von":"rtnews","Gesch\u00e4tzte Lesezeit":"2\u00a0Minuten"},"schema":{"@context":"https:\/\/schema.org","@graph":[{"@type":"Article","@id":"https:\/\/now-news.de\/de\/deutschland\/jetzt-verschandelt-letzte-generation-auch-weihnachtsbaeume\/#article","isPartOf":{"@id":"https:\/\/now-news.de\/de\/deutschland\/jetzt-verschandelt-letzte-generation-auch-weihnachtsbaeume\/"},"author":{"name":"rtnews","@id":"https:\/\/now-news.de\/de\/#\/schema\/person\/fb534a4e865501d8b3285208df34a9b5"},"headline":"Jetzt verschandelt &quot;Letzte Generation&quot; auch Weihnachtsb\u00e4ume","datePublished":"2023-12-13T15:13:50+00:00","dateModified":"2023-12-13T15:13:50+00:00","mainEntityOfPage":{"@id":"https:\/\/now-news.de\/de\/deutschland\/jetzt-verschandelt-letzte-generation-auch-weihnachtsbaeume\/"},"wordCount":320,"commentCount":0,"publisher":{"@id":"https:\/\/now-news.de\/de\/#organization"},"image":{"@id":"https:\/\/now-news.de\/de\/deutschland\/jetzt-verschandelt-letzte-generation-auch-weihnachtsbaeume\/#primaryimage"},"thumbnailUrl":"https:\/\/now-news.de\/de\/wp-content\/uploads\/sites\/3\/2023\/12\/Jetzt-verschandelt-quotLetzte-Generationquot-auch-Weihnachtsbaeume.jpg","keywords":["auch","Generationquot","Jetzt","quotLetzte","verschandelt","Weihnachtsb\u00e4ume"],"articleSection":["Deutschland","Russland"],"inLanguage":"de","potentialAction":[{"@type":"CommentAction","name":"Comment","target":["https:\/\/now-news.de\/de\/deutschland\/jetzt-verschandelt-letzte-generation-auch-weihnachtsbaeume\/#respond"]}]},{"@type":"WebPage","@id":"https:\/\/now-news.de\/de\/deutschland\/jetzt-verschandelt-letzte-generation-auch-weihnachtsbaeume\/","url":"https:\/\/now-news.de\/de\/deutschland\/jetzt-verschandelt-letzte-generation-auch-weihnachtsbaeume\/","name":"Jetzt verschandelt &quot;Letzte Generation&quot; auch Weihnachtsb\u00e4ume - just-now.NEWS Deutschland","isPartOf":{"@id":"https:\/\/now-news.de\/de\/#website"},"primaryImageOfPage":{"@id":"https:\/\/now-news.de\/de\/deutschland\/jetzt-verschandelt-letzte-generation-auch-weihnachtsbaeume\/#primaryimage"},"image":{"@id":"https:\/\/now-news.de\/de\/deutschland\/jetzt-verschandelt-letzte-generation-auch-weihnachtsbaeume\/#primaryimage"},"thumbnailUrl":"https:\/\/now-news.de\/de\/wp-content\/uploads\/sites\/3\/2023\/12\/Jetzt-verschandelt-quotLetzte-Generationquot-auch-Weihnachtsbaeume.jpg","datePublished":"2023-12-13T15:13:50+00:00","dateModified":"2023-12-13T15:13:50+00:00","breadcrumb":{"@id":"https:\/\/now-news.de\/de\/deutschland\/jetzt-verschandelt-letzte-generation-auch-weihnachtsbaeume\/#breadcrumb"},"inLanguage":"de","potentialAction":[{"@type":"ReadAction","target":["https:\/\/now-news.de\/de\/deutschland\/jetzt-verschandelt-letzte-generation-auch-weihnachtsbaeume\/"]}]},{"@type":"ImageObject","inLanguage":"de","@id":"https:\/\/now-news.de\/de\/deutschland\/jetzt-verschandelt-letzte-generation-auch-weihnachtsbaeume\/#primaryimage","url":"https:\/\/now-news.de\/de\/wp-content\/uploads\/sites\/3\/2023\/12\/Jetzt-verschandelt-quotLetzte-Generationquot-auch-Weihnachtsbaeume.jpg","contentUrl":"https:\/\/now-news.de\/de\/wp-content\/uploads\/sites\/3\/2023\/12\/Jetzt-verschandelt-quotLetzte-Generationquot-auch-Weihnachtsbaeume.jpg","width":460,"height":259,"caption":"Jetzt verschandelt &quot;Letzte Generation&quot; auch Weihnachtsb\u00e4ume"},{"@type":"BreadcrumbList","@id":"https:\/\/now-news.de\/de\/deutschland\/jetzt-verschandelt-letzte-generation-auch-weihnachtsbaeume\/#breadcrumb","itemListElement":[{"@type":"ListItem","position":1,"name":"Home","item":"https:\/\/now-news.de\/de\/"},{"@type":"ListItem","position":2,"name":"Jetzt verschandelt &quot;Letzte Generation&quot; auch Weihnachtsb\u00e4ume"}]},{"@type":"WebSite","@id":"https:\/\/now-news.de\/de\/#website","url":"https:\/\/now-news.de\/de\/","name":"just-now.NEWS Deutschland","description":"Das Portal f\u00fcr unzensierte Nachrichten aus der Welt","publisher":{"@id":"https:\/\/now-news.de\/de\/#organization"},"potentialAction":[{"@type":"SearchAction","target":{"@type":"EntryPoint","urlTemplate":"https:\/\/now-news.de\/de\/?s={search_term_string}"},"query-input":"required name=search_term_string"}],"inLanguage":"de"},{"@type":"Organization","@id":"https:\/\/now-news.de\/de\/#organization","name":"Just Now News","url":"https:\/\/now-news.de\/de\/","logo":{"@type":"ImageObject","inLanguage":"de","@id":"https:\/\/now-news.de\/de\/#\/schema\/logo\/image\/","url":"http:\/\/just-now.news\/de\/wp-content\/uploads\/sites\/3\/2022\/04\/logo500x500.jpg","contentUrl":"http:\/\/just-now.news\/de\/wp-content\/uploads\/sites\/3\/2022\/04\/logo500x500.jpg","width":500,"height":500,"caption":"Just Now News"},"image":{"@id":"https:\/\/now-news.de\/de\/#\/schema\/logo\/image\/"},"sameAs":["https:\/\/www.facebook.com\/wirmachenauf","https:\/\/x.com\/WirMachenAuf_de"]},{"@type":"Person","@id":"https:\/\/now-news.de\/de\/#\/schema\/person\/fb534a4e865501d8b3285208df34a9b5","name":"rtnews","image":{"@type":"ImageObject","inLanguage":"de","@id":"https:\/\/now-news.de\/de\/#\/schema\/person\/image\/","url":"https:\/\/secure.gravatar.com\/avatar\/82aafea7d8127119dd649515f56e2117?s=96&d=mm&r=g","contentUrl":"https:\/\/secure.gravatar.com\/avatar\/82aafea7d8127119dd649515f56e2117?s=96&d=mm&r=g","caption":"rtnews"},"url":"https:\/\/now-news.de\/de\/author\/rnews\/"}]}},"_links":{"self":[{"href":"https:\/\/now-news.de\/de\/wp-json\/wp\/v2\/posts\/51487"}],"collection":[{"href":"https:\/\/now-news.de\/de\/wp-json\/wp\/v2\/posts"}],"about":[{"href":"https:\/\/now-news.de\/de\/wp-json\/wp\/v2\/types\/post"}],"author":[{"embeddable":true,"href":"https:\/\/now-news.de\/de\/wp-json\/wp\/v2\/users\/3"}],"replies":[{"embeddable":true,"href":"https:\/\/now-news.de\/de\/wp-json\/wp\/v2\/comments?post=51487"}],"version-history":[{"count":0,"href":"https:\/\/now-news.de\/de\/wp-json\/wp\/v2\/posts\/51487\/revisions"}],"wp:featuredmedia":[{"embeddable":true,"href":"https:\/\/now-news.de\/de\/wp-json\/wp\/v2\/media\/51488"}],"wp:attachment":[{"href":"https:\/\/now-news.de\/de\/wp-json\/wp\/v2\/media?parent=51487"}],"wp:term":[{"taxonomy":"category","embeddable":true,"href":"https:\/\/now-news.de\/de\/wp-json\/wp\/v2\/categories?post=51487"},{"taxonomy":"post_tag","embeddable":true,"href":"https:\/\/now-news.de\/de\/wp-json\/wp\/v2\/tags?post=51487"}],"curies":[{"name":"wp","href":"https:\/\/api.w.org\/{rel}","templated":true}]}}