{"id":5141,"date":"2022-04-30T07:40:52","date_gmt":"2022-04-30T05:40:52","guid":{"rendered":"http:\/\/just-now.news\/de\/deutschland\/evaluierung-der-corona-massnahmen-durch-die-politik-laesst-auf-sich-warten-buerger-sind-schneller\/"},"modified":"2022-04-30T07:40:52","modified_gmt":"2022-04-30T05:40:52","slug":"evaluierung-der-corona-massnahmen-durch-die-politik-laesst-auf-sich-warten-buerger-sind-schneller","status":"publish","type":"post","link":"https:\/\/now-news.de\/de\/deutschland\/evaluierung-der-corona-massnahmen-durch-die-politik-laesst-auf-sich-warten-buerger-sind-schneller\/","title":{"rendered":"Evaluierung der Corona-Ma\u00dfnahmen durch die Politik l\u00e4sst auf sich warten \u2013 B\u00fcrger sind schneller"},"content":{"rendered":"<div class=\"Text-root Text-type_5 ArticleView-text ViewText-root \">\n<p><em>von Bernhard Loyen<\/em><\/p>\n<p>Im M\u00e4rz des Vorjahres riefen verantwortliche Politiker der Vorg\u00e4ngerregierung einen Sachverst\u00e4ndigenrat ins Leben, der r\u00fcckblickend die Erfahrungswerte, Ergebnisse und Auswirkungen der politisch initiierten\u00a0Corona-Ma\u00dfnahmen untersuchen soll. Das urspr\u00fcnglich anvisierte Ver\u00f6ffentlichungsdatum der Ergebnisse war der Dezember 2021. Aufgrund anscheinend nicht ausreichender bzw. unzufriedenstellender Daten und Erl\u00e4uterungen wurde es um ein halbes Jahr auf den Sommer 2022 verschoben.<\/p>\n<div class=\"ReadMore-root Section-root Section-is1to3-xs_is1to1\" data-widgets=\"ReadMore\" data-has-alias>\n<div class=\"Section-container Section-isRow-isTop-isWrap\">\n<article class=\"Card-root Card-is1to1 \">\n<div class=\"Card-imageWrap\">\n<div class=\"Card-picture\">\n<picture class=\"Picture-root Picture-default\"><!--[if IE 9]><video style=\"display: none;\"><![endif]--><source media=\"(-webkit-min-device-pixel-ratio: 2) and (min-resolution: 120dpi)\" data-srcset=\" \nhttps:\/\/cdni.russiatoday.com\/deutsch\/images\/2022.04\/thumbnail\/6266ebad48fbef714418c183.jpg 850w,\n                https:\/\/cdni.russiatoday.com\/deutsch\/images\/2022.04\/article\/6266ebad48fbef714418c183.jpg 1960w,\n            \" srcset=\"data:image\/png;base64,iVBORw0KGgoAAAANSUhEUgAAABAAAAAJCAQAAACRI2S5AAAAEElEQVR42mNkIAAYRxWAAQAG9gAKqv6+AwAAAABJRU5ErkJggg==\"><source data-srcset=\" \nhttps:\/\/cdni.russiatoday.com\/deutsch\/images\/2022.04\/thumbnail\/6266ebad48fbef714418c183.jpg 460w,\n              https:\/\/cdni.russiatoday.com\/deutsch\/images\/2022.04\/article\/6266ebad48fbef714418c183.jpg 980w,\n            \" srcset=\"data:image\/png;base64,iVBORw0KGgoAAAANSUhEUgAAABAAAAAJCAQAAACRI2S5AAAAEElEQVR42mNkIAAYRxWAAQAG9gAKqv6+AwAAAABJRU5ErkJggg==\"><!--[if IE 9]><\/video><![endif]--><\/source><\/source><\/picture><!-- noscript pattern --><noscript><img decoding=\"async\" src=\"https:\/\/cdni.russiatoday.com\/deutsch\/images\/2022.04\/article\/6266ebad48fbef714418c183.jpg\" alt=\"Sachverst\u00e4ndigenrat: Lauterbach behindert geplante Evaluierung der Corona-Ma\u00dfnahmen\"><\/noscript>    <\/div><\/div>\n<div class=\"Card-contentWrap\">\n<div class=\"Card-content\">\n<div class=\"Card-title\">\n<div class=\"HeaderNews-root HeaderNews-type_6 \">\n<p>            <a target=\"_blank\" href=\"https:\/\/de.rt.com\/inland\/137010-medienberichte-lauterbach-behindert-geplante-evaluierung\/\" class=\"Link-root Link-isFullCard \" rel=\"noopener\"><br \/>\n                Sachverst\u00e4ndigenrat: Lauterbach behindert geplante Evaluierung der Corona-Ma\u00dfnahmen<br \/>\n            <\/a><\/p><\/div><\/div><\/div><\/div>\n<\/article>\n<\/div><\/div>\n<p>Nun teilte ein Sprecher des Bundesgesundheitsministeriums (BMG) der <em>Welt <\/em>mit, dass einige Mitglieder des Gremiums &#8220;die Datengrundlage f\u00fcr noch nicht ausreichend halten, um die Wirkung der Corona-Ma\u00dfnahmen zu bewerten und damit auch diesen Teil des Berichts abzuschlie\u00dfen&#8221;. Laut dem Artikel der <em>Welt <\/em>pl\u00e4dierte zudem der Charit\u00e9-Virologe Christian Drosten in einer internen Onlinekonferenz daf\u00fcr, &#8220;die Gesamtheit der Ma\u00dfnahmen nicht einzeln zu evaluieren&#8221;. Die Reaktionen bei den Lesern, wie in Teilen der Bev\u00f6lkerung, reichen von m\u00fcdem Abwinken, \u00fcber Unverst\u00e4ndnis bis zu erh\u00f6htem Ruhepuls.<\/p>\n<p>Wie so oft in den zur\u00fcckliegenden Monaten der Corona-Krise zeigt sich aber auch hier das erfreuliche Engagement vieler Menschen in diesem Land, die sich nicht bei der Hinterfragung bzw. der Aufkl\u00e4rung hinsichtlich fraglicher Ma\u00dfnahmenverordnungen seitens der Politik schweigend zur\u00fcckziehen, sondern durch die \u00d6ffnung privater Daten- und Artikelarchive in den sozialen Medien bemerkbar machen. Der <a target=\"_blank\" href=\"https:\/\/twitter.com\/prof_freedom\" rel=\"noopener noreferrer\">Twitter-Kanal<\/a> eines Prof. Freedom motivierte seine Follower, ihre Recherchen zu teilen. Das Ergebnis wirft einen Blick auf den tendenziellen Irrsinn,\u00a0bezogen auf die Corona-Ma\u00dfnahmen und Vorgaben der Bundesregierung und ausf\u00fchrenden L\u00e4nder in den zur\u00fcckliegenden zwei Jahren. Viele bewegt wohl die entscheidende Frage, wie viele\u00a0Menschenleben wurden dahingehend gerettet oder gesch\u00fctzt? Es folgen Beispiele der kritischen Archivare, sowohl aus der Vergangenheit als auch der Gegenwart:<\/p>\n<div class=\"EmbedBlock-root EmbedBlock-twitter\">\n<div class=\"TwitterEmbed\">\n<blockquote class=\"twitter-tweet lazyload\" data-twitter=\"twitter-tweet\">\n<p lang=\"de\" dir=\"ltr\">Wenn <a target=\"_blank\" href=\"https:\/\/twitter.com\/Karl_Lauterbach?ref_src=twsrc%5Etfw\" rel=\"noopener\">@Karl_Lauterbach<\/a> und <a target=\"_blank\" href=\"https:\/\/twitter.com\/c_drosten?ref_src=twsrc%5Etfw\" rel=\"noopener\">@c_drosten<\/a> keine Evaluierung der Corona Ma\u00dfnahmen vornehmen m\u00f6chten, dann sollten wir das \u00fcbernehmen. Auf geht&#8217;s. Ich fang an: Rodelh\u00e4nge im Winter r\u00e4umen: 0 Leben gerettet. <a target=\"_blank\" href=\"https:\/\/t.co\/MPJMYW1iCW\" rel=\"noopener\">pic.twitter.com\/MPJMYW1iCW<\/a><\/p>\n<p>\u2014 Prof. Freedom (@prof_freedom) <a target=\"_blank\" href=\"https:\/\/twitter.com\/prof_freedom\/status\/1518971027342114822?ref_src=twsrc%5Etfw\" rel=\"noopener\">April 26, 2022<\/a><\/p><\/blockquote>\n<\/div>\n<\/div>\n<p>Das Erzbistum M\u00fcnchen <a target=\"_blank\" href=\"https:\/\/www.erzbistum-muenchen.de\/im-blick\/coronavirus\/fragen-und-antworten\" rel=\"noopener noreferrer\">informiert<\/a> aktuell:<\/p>\n<blockquote>\n<p><em>&#8220;Die Beichte im Beichtstuhl ist m\u00f6glich. Das Tragen der FFP2-Maske wird f\u00fcr Beichtvater und Beichtende empfohlen &#8230; Die Weihwasserbecken werden ab Ostern wieder gef\u00fcllt. An den Weihwasserbecken werden Desinfektionsmittelspender aufgestellt, damit sich die Gl\u00e4ubigen die H\u00e4nde desinfizieren k\u00f6nnen, bevor sie Weihwasser nehmen.&#8221;<\/em><\/p>\n<\/blockquote>\n<p>Zwei weitere Beispiele f\u00fcr kirchliche F\u00fcrsorge:<\/p>\n<figure class=\"RTImage-root\">\n<div class=\"RTImage-image RTImage-original\"><picture class=\"Picture-root Picture-original\"><!--[if IE 9]><video style=\"display: none;\"><![endif]--><source media=\"(-webkit-min-device-pixel-ratio: 2) and (min-resolution: 120dpi)\" data-srcset=\" \nhttps:\/\/cdni.russiatoday.com\/deutsch\/images\/2022.04\/original\/62692db548fbef1205526e75.jpg 850w,\n                https:\/\/cdni.russiatoday.com\/deutsch\/images\/2022.04\/original\/62692db548fbef1205526e75.jpg 1960w,\n            \" srcset=\"data:image\/png;base64,iVBORw0KGgoAAAANSUhEUgAAABAAAAAJCAQAAACRI2S5AAAAEElEQVR42mNkIAAYRxWAAQAG9gAKqv6+AwAAAABJRU5ErkJggg==\"><source data-srcset=\" \nhttps:\/\/cdni.russiatoday.com\/deutsch\/images\/2022.04\/original\/62692db548fbef1205526e75.jpg 460w,\n              https:\/\/cdni.russiatoday.com\/deutsch\/images\/2022.04\/original\/62692db548fbef1205526e75.jpg 980w,\n            \" srcset=\"data:image\/png;base64,iVBORw0KGgoAAAANSUhEUgAAABAAAAAJCAQAAACRI2S5AAAAEElEQVR42mNkIAAYRxWAAQAG9gAKqv6+AwAAAABJRU5ErkJggg==\"><!--[if IE 9]><\/video><![endif]--><img decoding=\"async\" data-sizes=\"auto\" src=\"data:image\/png;base64,iVBORw0KGgoAAAANSUhEUgAAABAAAAAJCAQAAACRI2S5AAAAEElEQVR42mNkIAAYRxWAAQAG9gAKqv6+AwAAAABJRU5ErkJggg==\" class=\"Picture-root Picture-original lazyload\" data-src=\"https:\/\/cdni.russiatoday.com\/deutsch\/images\/2022.04\/original\/62692db548fbef1205526e75.jpg\" alt=\"\"><\/source><\/source><\/picture><!-- noscript pattern --><noscript><img decoding=\"async\" src=\"https:\/\/cdni.russiatoday.com\/deutsch\/images\/2022.04\/original\/62692db548fbef1205526e75.jpg\" alt=\"\"><\/noscript><\/div><figcaption class=\"RTImage-footer\"><span class=\"RTImage-caption\"><span class=\"RTImage-captionItem\">Screenshot: Twitter-Kanal &#8211; @epidemiologin<\/span><\/span><span class=\"RTImage-source\"><\/span><\/figcaption><\/figure>\n<figure class=\"RTImage-root\">\n<div class=\"RTImage-image RTImage-original\"><picture class=\"Picture-root Picture-original\"><!--[if IE 9]><video style=\"display: none;\"><![endif]--><source media=\"(-webkit-min-device-pixel-ratio: 2) and (min-resolution: 120dpi)\" data-srcset=\" \nhttps:\/\/cdni.russiatoday.com\/deutsch\/images\/2022.04\/original\/62692e9ab480cc620e405b05.jpg 850w,\n                https:\/\/cdni.russiatoday.com\/deutsch\/images\/2022.04\/original\/62692e9ab480cc620e405b05.jpg 1960w,\n            \" srcset=\"data:image\/png;base64,iVBORw0KGgoAAAANSUhEUgAAABAAAAAJCAQAAACRI2S5AAAAEElEQVR42mNkIAAYRxWAAQAG9gAKqv6+AwAAAABJRU5ErkJggg==\"><source data-srcset=\" \nhttps:\/\/cdni.russiatoday.com\/deutsch\/images\/2022.04\/original\/62692e9ab480cc620e405b05.jpg 460w,\n              https:\/\/cdni.russiatoday.com\/deutsch\/images\/2022.04\/original\/62692e9ab480cc620e405b05.jpg 980w,\n            \" srcset=\"data:image\/png;base64,iVBORw0KGgoAAAANSUhEUgAAABAAAAAJCAQAAACRI2S5AAAAEElEQVR42mNkIAAYRxWAAQAG9gAKqv6+AwAAAABJRU5ErkJggg==\"><!--[if IE 9]><\/video><![endif]--><img decoding=\"async\" data-sizes=\"auto\" src=\"data:image\/png;base64,iVBORw0KGgoAAAANSUhEUgAAABAAAAAJCAQAAACRI2S5AAAAEElEQVR42mNkIAAYRxWAAQAG9gAKqv6+AwAAAABJRU5ErkJggg==\" class=\"Picture-root Picture-original lazyload\" data-src=\"https:\/\/cdni.russiatoday.com\/deutsch\/images\/2022.04\/original\/62692e9ab480cc620e405b05.jpg\" alt=\"\"><\/source><\/source><\/picture><!-- noscript pattern --><noscript><img decoding=\"async\" src=\"https:\/\/cdni.russiatoday.com\/deutsch\/images\/2022.04\/original\/62692e9ab480cc620e405b05.jpg\" alt=\"\"><\/noscript><\/div><figcaption class=\"RTImage-footer\"><span class=\"RTImage-caption\"><span class=\"RTImage-captionItem\">Screenshot: Twitter-Kanal &#8211; @ldeoraaroedl<\/span><\/span><span class=\"RTImage-source\"><\/span><\/figcaption><\/figure>\n<p>Im Juni 2020 <a target=\"_blank\" href=\"https:\/\/www.wochenspiegel-online.de\/index.php\/2020\/06\/26\/gks-abschlussfeier-mit-abstand-und-doch-sehr-persoenlich\/\" rel=\"noopener noreferrer\">berichtete<\/a>\u00a0der <em>Wochenspiegel<\/em>: &#8220;Gotthard-K\u00fchl-Schule in L\u00fcbeck:\u00a0Abschlussfeier mit Abstand und doch sehr pers\u00f6nlich&#8221;:<\/p>\n<blockquote>\n<p><em>&#8220;F\u00fcr die Zeugnis\u00fcbergabe in besonderen Zeiten hatte der Hausmeister eigens einen &#8216;Pizzaschieber&#8217; angefertigt, der als \u00dcbergabemedium der Zeugnisse, unter Einhaltung der Abstandsregeln, eingesetzt wurde.&#8221;<\/em><\/p>\n<\/blockquote>\n<div class=\"ReadMore-root Section-root Section-is1to3-xs_is1to1\" data-widgets=\"ReadMore\" data-has-alias>\n<div class=\"Section-container Section-isRow-isTop-isWrap\">\n<article class=\"Card-root Card-is1to1 \">\n<div class=\"Card-imageWrap\">\n<div class=\"Card-picture\">\n<picture class=\"Picture-root Picture-default\"><!--[if IE 9]><video style=\"display: none;\"><![endif]--><source media=\"(-webkit-min-device-pixel-ratio: 2) and (min-resolution: 120dpi)\" data-srcset=\" \nhttps:\/\/cdni.russiatoday.com\/deutsch\/images\/2022.04\/thumbnail\/62616a9748fbef29f8225eba.jpg 850w,\n                https:\/\/cdni.russiatoday.com\/deutsch\/images\/2022.04\/article\/62616a9748fbef29f8225eb9.jpg 1960w,\n            \" srcset=\"data:image\/png;base64,iVBORw0KGgoAAAANSUhEUgAAABAAAAAJCAQAAACRI2S5AAAAEElEQVR42mNkIAAYRxWAAQAG9gAKqv6+AwAAAABJRU5ErkJggg==\"><source data-srcset=\" \nhttps:\/\/cdni.russiatoday.com\/deutsch\/images\/2022.04\/thumbnail\/62616a9748fbef29f8225eba.jpg 460w,\n              https:\/\/cdni.russiatoday.com\/deutsch\/images\/2022.04\/article\/62616a9748fbef29f8225eb9.jpg 980w,\n            \" srcset=\"data:image\/png;base64,iVBORw0KGgoAAAANSUhEUgAAABAAAAAJCAQAAACRI2S5AAAAEElEQVR42mNkIAAYRxWAAQAG9gAKqv6+AwAAAABJRU5ErkJggg==\"><!--[if IE 9]><\/video><![endif]--><img decoding=\"async\" data-sizes=\"auto\" src=\"data:image\/png;base64,iVBORw0KGgoAAAANSUhEUgAAABAAAAAJCAQAAACRI2S5AAAAEElEQVR42mNkIAAYRxWAAQAG9gAKqv6+AwAAAABJRU5ErkJggg==\" class=\"Picture-root Picture-default lazyload\" data-src=\"https:\/\/cdni.russiatoday.com\/deutsch\/images\/2022.04\/thumbnail\/62616a9748fbef29f8225eba.jpg\" alt=\"Verdacht: Verz\u00f6gerte das RKI  die Ver\u00f6ffentlichung der Impfstatistik vor der Bundestagsdebatte?\"><\/source><\/source><\/picture><!-- noscript pattern --><noscript><img decoding=\"async\" src=\"https:\/\/cdni.russiatoday.com\/deutsch\/images\/2022.04\/article\/62616a9748fbef29f8225eb9.jpg\" alt=\"Verdacht: Verz\u00f6gerte das RKI  die Ver\u00f6ffentlichung der Impfstatistik vor der Bundestagsdebatte?\"><\/noscript>    <\/div><\/div>\n<div class=\"Card-contentWrap\">\n<div class=\"Card-content\">\n<div class=\"Card-title\">\n<div class=\"HeaderNews-root HeaderNews-type_6 \">\n<p>            <a target=\"_blank\" href=\"https:\/\/de.rt.com\/inland\/136709-verdacht-verzogerte-rki-veroffentlichung-impfstatistik\/\" class=\"Link-root Link-isFullCard \" rel=\"noopener\"><br \/>\n                Verdacht: Verz\u00f6gerte das RKI  die Ver\u00f6ffentlichung der Impfstatistik vor der Bundestagsdebatte?<br \/>\n            <\/a><\/p><\/div><\/div><\/div><\/div>\n<\/article>\n<\/div><\/div>\n<p>Die Reaktion einer Leserin lautete: &#8220;Seitdem meine Tochter bei einem &#8216;Kindergeburtstag&#8217; ein Muffin durch einen Zaun mit einer Grillzange gereicht bekommen hat, habe ich das Vertrauen in den gesunden Menschenverstand verloren &#8230;&#8221;<\/p>\n<p>Die Information der Polizei Frankfurt im Dezember 2021:<\/p>\n<div class=\"EmbedBlock-root EmbedBlock-twitter\">\n<div class=\"TwitterEmbed\">\n<blockquote class=\"twitter-tweet lazyload\" data-twitter=\"twitter-tweet\">\n<p lang=\"de\" dir=\"ltr\"><a target=\"_blank\" href=\"https:\/\/twitter.com\/hashtag\/0412FFM?src=hash&amp;ref_src=twsrc%5Etfw\" rel=\"noopener\">#0412FFM<\/a> Unsere Einsatzkr\u00e4fte werden das Einhalten der Regeln konsequent \u00fcberpr\u00fcfen.Die Auflagenverf\u00fcgung der Versammlungsbeh\u00f6rde sieht einen Mindestabstand von 1.5m vor.F\u00fcr eine nachvollziehbare \u00dcberpr\u00fcfung nutzen wir diese Abstandsh\u00f6lzer ???? <a target=\"_blank\" href=\"https:\/\/t.co\/RdiPfpNBRC\" rel=\"noopener\">pic.twitter.com\/RdiPfpNBRC<\/a><\/p>\n<p>\u2014 Polizei Frankfurt (@Polizei_Ffm) <a target=\"_blank\" href=\"https:\/\/twitter.com\/Polizei_Ffm\/status\/1467113517291646984?ref_src=twsrc%5Etfw\" rel=\"noopener\">December 4, 2021<\/a><\/p><\/blockquote>\n<\/div>\n<\/div>\n<p>Die Antwort eines Followers von Prof. Freedom:<\/p>\n<div class=\"EmbedBlock-root EmbedBlock-twitter\">\n<div class=\"TwitterEmbed\">\n<blockquote class=\"twitter-tweet lazyload\" data-twitter=\"twitter-tweet\">\n<p lang=\"de\" dir=\"ltr\">Kindern die eine Maske drau\u00dfen getragen haben eine Auszeichnung verliehen, w\u00e4hrend man selbst vor ihnen ohne Maske stand0 Leben gerettet <a target=\"_blank\" href=\"https:\/\/twitter.com\/hashtag\/MassnahmenEvaluierung?src=hash&amp;ref_src=twsrc%5Etfw\" rel=\"noopener\">#MassnahmenEvaluierung<\/a><a target=\"_blank\" href=\"https:\/\/t.co\/qPw9cTzblq\" rel=\"noopener\">pic.twitter.com\/qPw9cTzblq<\/a><\/p>\n<p>\u2014 Mr. Ma (@SunriserMa) <a target=\"_blank\" href=\"https:\/\/twitter.com\/SunriserMa\/status\/1519037981985804289?ref_src=twsrc%5Etfw\" rel=\"noopener\">April 26, 2022<\/a><\/p><\/blockquote>\n<\/div>\n<\/div>\n<p>Die Mitteilung der M\u00fcnchener Polizei im April 2020:<\/p>\n<blockquote>\n<p><em>&#8220;Sport, Spazieren gehen und Bewegung an der frischen Luft sind gestattet, nicht aber der l\u00e4ngere Aufenthalt in Parks ohne Bewegung (z. B. l\u00e4ngeres Sitzen auf Parkb\u00e4nken, au\u00dfer zur kurzen Erholung), um hierdurch die Ausgangsbeschr\u00e4nkung zu umgehen.&#8221;<\/em><\/p>\n<\/blockquote>\n<div class=\"EmbedBlock-root EmbedBlock-twitter\">\n<div class=\"TwitterEmbed\">\n<blockquote class=\"twitter-tweet lazyload\" data-twitter=\"twitter-tweet\">\n<p lang=\"de\" dir=\"ltr\">Nein, ein Buch auf einer Bank lesen ist nicht erlaubt.<\/p>\n<p>\u2014 Polizei M\u00fcnchen (@PolizeiMuenchen) <a target=\"_blank\" href=\"https:\/\/twitter.com\/PolizeiMuenchen\/status\/1247410417372221440?ref_src=twsrc%5Etfw\" rel=\"noopener\">April 7, 2020<\/a><\/p><\/blockquote>\n<\/div>\n<\/div>\n<p>Im August 2021 <a target=\"_blank\" href=\"https:\/\/www.bz-berlin.de\/deutschland\/schueler-muessen-im-stehen-essen-und-noch-mehr-absurde-corona-regeln\" rel=\"noopener noreferrer\">titelte<\/a> die Berliner <em>B.Z.<\/em>: &#8220;Irrsinn an Schulen \u2013 Sch\u00fcler m\u00fcssen im Stehen essen \u2013 und noch absurde Corona-Regeln!&#8221;<\/p>\n<p>So hei\u00dft es in dem Artikel:<\/p>\n<blockquote>\n<p><em>&#8220;Zur Einschulung in einer Grundschule im Kreis Pinneberg (Schleswig-Holstein) d\u00fcrfen Viertkl\u00e4ssler ihr einstudiertes Lied nicht singen. In den Fr\u00fchst\u00fcckspausen herrscht Redeverbot, weil die Grundsch\u00fcler dabei keine Masken tragen.<\/em><\/p>\n<p><em>Am Norbert-Gymnasium Knechtsteden in Dormagen (NRW) d\u00fcrfen Sch\u00fcler nicht drinnen essen, obwohl die R\u00e4ume gro\u00df genug sind. Sie holen sich das Mittagessen drau\u00dfen an der Feuertreppe ab, suchen sich auf dem Schulhof einen Sitzplatz oder essen im Stehen. Auch bei Regen.<\/em><\/p>\n<p><em>In der ersten Klasse einer Karlsruher Grundschule gibt es einen &#8216;Durchatmen&#8217;-Platz am Fenster: Dort d\u00fcrfen Sch\u00fcler kurz die Maske absetzen.&#8221;<\/em><\/p>\n<\/blockquote>\n<p>In diesem Zusammenhang sei an die Empfehlungen von Ex-Kanzlerin Merkel erinnert, die sie im Dezember 2020 \u00e4u\u00dferte. <em>N-tv<\/em> benannte diese als &#8220;praxisnahe Tipps&#8221;. In dem dazugeh\u00f6rigen <a target=\"_blank\" href=\"https:\/\/www.n-tv.de\/panorama\/Merkel-raet-frierenden-Schuelern-zu-Kniebeugen-article22222229.html\" rel=\"noopener noreferrer\">Artikel<\/a> hei\u00dft es:<\/p>\n<blockquote>\n<p><em>&#8220;Im Corona-Winter ist L\u00fcften in Schulen oberstes Gebot. Doch mit fallenden Temperaturen wird das immer unangenehmer &#8230;&#8217;Man muss sich vielleicht wirklich noch etwas W\u00e4rmeres zum Anziehen mitbringen'&#8221;, riet die Kanzlerin. &#8220;&#8216;Vielleicht macht man auch mal &#8216;ne kleine Kniebeuge oder so oder klatscht in die H\u00e4nde, damit man ein bisschen warm wird&#8217;.&#8221;<\/em><\/p>\n<\/blockquote>\n<p>Ein <a target=\"_blank\" href=\"https:\/\/www.bundestag.de\/resource\/blob\/836914\/42d6cdea892a380fbdc8e857d17eafa5\/WD-9-049-21-pdf-data.pdf\" rel=\"noopener noreferrer\">Kurzgutachten<\/a> der Wissenschaftlichen Dienste des Bundestags informierte im April 2021 \u00fcber die Ma\u00dfnahmen-Empfehlung zum Thema &#8220;Inzidenz \u00fcber 100&#8221;. Das Papier war \u00fcberschrieben mit dem Titel: &#8220;Kurzinformation: Zur Durchreise bei Ausgangssperren nach \u00a7 28b Infektionsschutzgesetz&#8221;:<\/p>\n<blockquote>\n<p><em>&#8220;Demnach ist also in Landkreisen bzw. kreisfreien St\u00e4dten, in denen die Ausgangsbeschr\u00e4nkungen gilt, zwischen 22 Uhr und 5 Uhr der Aufenthalt in Fortbewegungsmitteln untersagt.&#8221;<\/em><\/p>\n<\/blockquote>\n<p>April 2020:<\/p>\n<div class=\"EmbedBlock-root EmbedBlock-twitter\">\n<div class=\"TwitterEmbed\">\n<blockquote class=\"twitter-tweet lazyload\" data-twitter=\"twitter-tweet\">\n<p lang=\"de\" dir=\"ltr\">Liebe Leser,Die heutige Etappe sollte eigentlich am See entlang Richtung Strandbad Ludwigshafen f\u00fchren. Auf Grund der Verordnungen rund um den Corona Virus ist aber genau dieses Teilst\u00fcck ab heute 16.00 Uhr gesperrt. Mehr unter: <a target=\"_blank\" href=\"https:\/\/t.co\/o16ZwVB74l\" rel=\"noopener\">https:\/\/t.co\/o16ZwVB74l<\/a><a target=\"_blank\" href=\"https:\/\/t.co\/v1d5CW1dNA\" rel=\"noopener\">pic.twitter.com\/v1d5CW1dNA<\/a><\/p>\n<p>\u2014 Bodenseefoto-Galerie (@BodenseefotoG) <a target=\"_blank\" href=\"https:\/\/twitter.com\/BodenseefotoG\/status\/1248186319378972672?ref_src=twsrc%5Etfw\" rel=\"noopener\">April 9, 2020<\/a><\/p><\/blockquote>\n<\/div>\n<\/div>\n<div class=\"ReadMore-root Section-root Section-is1to3-xs_is1to1\" data-widgets=\"ReadMore\" data-has-alias>\n<div class=\"Section-container Section-isRow-isTop-isWrap\">\n<article class=\"Card-root Card-is1to1 \">\n<div class=\"Card-imageWrap\">\n<div class=\"Card-picture\">\n<picture class=\"Picture-root Picture-default\"><!--[if IE 9]><video style=\"display: none;\"><![endif]--><source media=\"(-webkit-min-device-pixel-ratio: 2) and (min-resolution: 120dpi)\" data-srcset=\" \nhttps:\/\/cdni.russiatoday.com\/deutsch\/images\/2022.04\/thumbnail\/6260ee74b480cc476c5e30cc.jpg 850w,\n                https:\/\/cdni.russiatoday.com\/deutsch\/images\/2022.04\/article\/6260ee73b480cc476c5e30cb.jpg 1960w,\n            \" srcset=\"data:image\/png;base64,iVBORw0KGgoAAAANSUhEUgAAABAAAAAJCAQAAACRI2S5AAAAEElEQVR42mNkIAAYRxWAAQAG9gAKqv6+AwAAAABJRU5ErkJggg==\"><source data-srcset=\" \nhttps:\/\/cdni.russiatoday.com\/deutsch\/images\/2022.04\/thumbnail\/6260ee74b480cc476c5e30cc.jpg 460w,\n              https:\/\/cdni.russiatoday.com\/deutsch\/images\/2022.04\/article\/6260ee73b480cc476c5e30cb.jpg 980w,\n            \" srcset=\"data:image\/png;base64,iVBORw0KGgoAAAANSUhEUgAAABAAAAAJCAQAAACRI2S5AAAAEElEQVR42mNkIAAYRxWAAQAG9gAKqv6+AwAAAABJRU5ErkJggg==\"><!--[if IE 9]><\/video><![endif]--><img decoding=\"async\" data-sizes=\"auto\" src=\"data:image\/png;base64,iVBORw0KGgoAAAANSUhEUgAAABAAAAAJCAQAAACRI2S5AAAAEElEQVR42mNkIAAYRxWAAQAG9gAKqv6+AwAAAABJRU5ErkJggg==\" class=\"Picture-root Picture-default lazyload\" data-src=\"https:\/\/cdni.russiatoday.com\/deutsch\/images\/2022.04\/thumbnail\/6260ee74b480cc476c5e30cc.jpg\" alt=\"Maskendeals: S\u00f6ders Ehefrau droht Untersuchungsausschuss\"><\/source><\/source><\/picture><!-- noscript pattern --><noscript><img decoding=\"async\" src=\"https:\/\/cdni.russiatoday.com\/deutsch\/images\/2022.04\/article\/6260ee73b480cc476c5e30cb.jpg\" alt=\"Maskendeals: S\u00f6ders Ehefrau droht Untersuchungsausschuss\"><\/noscript>    <\/div><\/div>\n<div class=\"Card-contentWrap\">\n<div class=\"Card-content\">\n<div class=\"Card-title\">\n<div class=\"HeaderNews-root HeaderNews-type_6 \">\n<p>            <a target=\"_blank\" href=\"https:\/\/de.rt.com\/inland\/136638-maskendeals-soders-ehefrau-droht-untersuchungsausschuss\/\" class=\"Link-root Link-isFullCard \" rel=\"noopener\"><br \/>\n                Maskendeals: S\u00f6ders Ehefrau droht Untersuchungsausschuss<br \/>\n            <\/a><\/p><\/div><\/div><\/div><\/div>\n<\/article>\n<\/div><\/div>\n<p>In Zeiten erw\u00fcnschten &#8220;Umweltbewusstseins&#8221; bei den B\u00fcrgern \u00fcberraschte von Beginn an der Krise der selbstverst\u00e4ndliche Umgang mit Plastik und Plastikm\u00fcll in ungeahnten Gr\u00f6\u00dfenordnungen. Der <em>Focus<\/em> schrieb im August 2021 in einem <a target=\"_blank\" href=\"https:\/\/m.focus.de\/wissen\/mensch\/verbreitung-des-virus-plastikbarrieren-sollen-corona-ausbreitung-stoppen-doch-sie-machen-alles-nur-schlimmer_id_17875908.html\" rel=\"noopener noreferrer\">Artikel<\/a> zu dem Thema vermeintlichen Nutzens: &#8220;Sie machen alles nur schlimmer: Der gro\u00dfe Corona-Irrtum mit den Plastik-Scheiben&#8221;:<\/p>\n<blockquote>\n<p><em>&#8220;Ob in Caf\u00e9s, Superm\u00e4rkten oder Amtsstuben: Seit der Corona-Pandemie sind Plastikbarrieren und andere durchsichtige Scheiben \u00fcberall zu finden. Die simple Ma\u00dfnahme soll die Verbreitung von Corona-Partikeln stoppen. Doch Forscher haben festgestellt: Nicht nur sind die Barrieren unn\u00fctz \u2013 sie machen manchmal alles noch schlimmer.&#8221;<\/em><\/p>\n<\/blockquote>\n<p>Zwei Ton-Filmdokumente aus dem Jahr 2021, welche in der R\u00fcckbetrachtung und Aufarbeitung als wichtige Dokumente gelten d\u00fcrfen:<\/p>\n<div class=\"EmbedBlock-root EmbedBlock-twitter\">\n<div class=\"TwitterEmbed\">\n<blockquote class=\"twitter-tweet lazyload\" data-twitter=\"twitter-tweet\">\n<p lang=\"de\" dir=\"ltr\">George Orwell am Geschister-Scholl-Platz in M\u00fcnchen. Jetzt. <a target=\"_blank\" href=\"https:\/\/twitter.com\/hashtag\/dystopie?src=hash&amp;ref_src=twsrc%5Etfw\" rel=\"noopener\">#dystopie<\/a><a target=\"_blank\" href=\"https:\/\/twitter.com\/hashtag\/muc2912?src=hash&amp;ref_src=twsrc%5Etfw\" rel=\"noopener\">#muc2912<\/a><a target=\"_blank\" href=\"https:\/\/t.co\/CyJwaBQUCp\" rel=\"noopener\">pic.twitter.com\/CyJwaBQUCp<\/a><\/p>\n<p>\u2014 Club der klaren Worte (@langemannmedien) <a target=\"_blank\" href=\"https:\/\/twitter.com\/langemannmedien\/status\/1476234945832050689?ref_src=twsrc%5Etfw\" rel=\"noopener\">December 29, 2021<\/a><\/p><\/blockquote>\n<\/div>\n<\/div>\n<div class=\"EmbedBlock-root EmbedBlock-twitter\">\n<div class=\"TwitterEmbed\">\n<blockquote class=\"twitter-tweet lazyload\" data-twitter=\"twitter-tweet\">\n<p lang=\"und\" dir=\"ltr\"><a target=\"_blank\" href=\"https:\/\/twitter.com\/hashtag\/IchHabeMitgemacht?src=hash&amp;ref_src=twsrc%5Etfw\" rel=\"noopener\">#IchHabeMitgemacht<\/a><a target=\"_blank\" href=\"https:\/\/t.co\/2vWDhMv8Vd\" rel=\"noopener\">pic.twitter.com\/2vWDhMv8Vd<\/a><\/p>\n<p>\u2014 Storymakers (@mz_storymakers) <a target=\"_blank\" href=\"https:\/\/twitter.com\/mz_storymakers\/status\/1519417946333978624?ref_src=twsrc%5Etfw\" rel=\"noopener\">April 27, 2022<\/a><\/p><\/blockquote>\n<\/div>\n<\/div>\n<p>Am 27. April informierte die Bundestagsseite in einer <a target=\"_blank\" href=\"https:\/\/www.bundestag.de\/presse\/hib\/kurzmeldungen-891630\" rel=\"noopener noreferrer\">Kurzmeldung<\/a> zum Thema\u00a0Evaluationsbericht wie folgt:<\/p>\n<blockquote>\n<p><em>&#8220;Was den letzten Punkt (Wirksamkeit der spezifischen Ma\u00dfnahmen) betreffe, sei mitgeteilt worden, dass eine differenzierte Bewertung nicht m\u00f6glich sei. Es mangele offenbar an Quantit\u00e4t und Qualit\u00e4t der Daten &#8230; Dieser Punkt k\u00f6nne daher derzeit nicht in der w\u00fcnschenswerten Detailtiefe bearbeitet werden. Denkbar sei eine Fristverl\u00e4ngerung oder eine neue Ausschreibung.&#8221;<\/em><\/p>\n<\/blockquote>\n<p>Es zeigt sich durch diesen einen Twitter-Aufruf und die dargestellten Ergebnisse, dass kritische und aufmerksame B\u00fcrger sehr wohl mit den gef\u00fcrchteten oder auch seitens der Politik und Mainstream-Medien untersch\u00e4tzten Argusaugen differenzieren, in der Dokumentation zu dem so wichtigen Thema\u00a0einer kommenden Aufarbeitung der gesellschaftlichen Corona-Krise. Die Frage bleibt: Wie viele\u00a0Menschenleben wurden bezugnehmend einem Teil der politisch eingeforderten Corona-Ma\u00dfnahmen wirklich gerettet oder gesch\u00fctzt?<\/p>\n<p><strong>Mehr zum Thema <\/strong>&#8211;\u00a0<a target=\"_blank\" href=\"https:\/\/de.rt.com\/inland\/136799-analyse-und-kritik-zum-inhalt\/\" rel=\"noopener noreferrer\">Analyse und Kritik zum Inhalt einer Stellungnahme aus der Charit\u00e9 zur &#8220;Bundesnotbremse&#8221;<\/a><\/p>\n<\/div>\n<p><script async src=\"https:\/\/platform.twitter.com\/widgets.js\" charset=\"utf-8\"><\/script><br \/>\n<br \/><br \/>\n<br \/><a href=\"https:\/\/de.rt.com\/inland\/137156-evaluierung-von-corona-massnahmen-mit\/\">Source link <\/a><\/p>\n","protected":false},"excerpt":{"rendered":"<p>von Bernhard Loyen Im M\u00e4rz des Vorjahres riefen verantwortliche Politiker der Vorg\u00e4ngerregierung einen Sachverst\u00e4ndigenrat ins Leben, der r\u00fcckblickend die Erfahrungswerte, Ergebnisse und Auswirkungen der politisch initiierten\u00a0Corona-Ma\u00dfnahmen untersuchen soll. Das urspr\u00fcnglich anvisierte Ver\u00f6ffentlichungsdatum der Ergebnisse war der Dezember 2021. Aufgrund anscheinend nicht ausreichender bzw. unzufriedenstellender Daten und Erl\u00e4uterungen wurde es um ein halbes Jahr auf den [&hellip;]<\/p>\n","protected":false},"author":3,"featured_media":5142,"comment_status":"open","ping_status":"open","sticky":false,"template":"","format":"standard","meta":{"wp_automatic_camp":["217"],"a0b76c997ea40f12d23615109bd33d43":["Evaluierung der Corona-Ma\u00dfnahmen durch die Politik l\u00e4sst auf sich warten \u2013 B\u00fcrger sind schneller"],"original_link":["https:\/\/de.rt.com\/inland\/137156-evaluierung-von-corona-massnahmen-mit\/"],"_thumbnail_id":["5142"],"wp_automatic_remove_first_image":["yes"],"_wptg_p2tg_sent2tg":["2022-04-30 07:47:15"],"jnews_social_counter_last_update":["1777561942"]},"categories":[19,23],"tags":[133,8956,6547,82,45,1024,10359,1545,592,10409,434,1046,14368],"yoast_head":"<!-- This site is optimized with the Yoast SEO Premium plugin v22.7 (Yoast SEO v22.7) - https:\/\/yoast.com\/wordpress\/plugins\/seo\/ -->\n<title>Evaluierung der Corona-Ma\u00dfnahmen durch die Politik l\u00e4sst auf sich warten \u2013 B\u00fcrger sind schneller - just-now.NEWS Deutschland<\/title>\n<meta name=\"robots\" content=\"index, follow, max-snippet:-1, max-image-preview:large, max-video-preview:-1\" \/>\n<link rel=\"canonical\" href=\"https:\/\/now-news.de\/de\/deutschland\/evaluierung-der-corona-massnahmen-durch-die-politik-laesst-auf-sich-warten-buerger-sind-schneller\/\" \/>\n<meta property=\"og:locale\" content=\"de_DE\" \/>\n<meta property=\"og:type\" content=\"article\" \/>\n<meta property=\"og:title\" content=\"Evaluierung der Corona-Ma\u00dfnahmen durch die Politik l\u00e4sst auf sich warten \u2013 B\u00fcrger sind schneller\" \/>\n<meta property=\"og:description\" content=\"von Bernhard Loyen Im M\u00e4rz des Vorjahres riefen verantwortliche Politiker der Vorg\u00e4ngerregierung einen Sachverst\u00e4ndigenrat ins Leben, der r\u00fcckblickend die Erfahrungswerte, Ergebnisse und Auswirkungen der politisch initiierten\u00a0Corona-Ma\u00dfnahmen untersuchen soll. Das urspr\u00fcnglich anvisierte Ver\u00f6ffentlichungsdatum der Ergebnisse war der Dezember 2021. Aufgrund anscheinend nicht ausreichender bzw. unzufriedenstellender Daten und Erl\u00e4uterungen wurde es um ein halbes Jahr auf den [&hellip;]\" \/>\n<meta property=\"og:url\" content=\"https:\/\/now-news.de\/de\/deutschland\/evaluierung-der-corona-massnahmen-durch-die-politik-laesst-auf-sich-warten-buerger-sind-schneller\/\" \/>\n<meta property=\"og:site_name\" content=\"just-now.NEWS Deutschland\" \/>\n<meta property=\"article:publisher\" content=\"https:\/\/www.facebook.com\/wirmachenauf\" \/>\n<meta property=\"article:published_time\" content=\"2022-04-30T05:40:52+00:00\" \/>\n<meta property=\"og:image\" content=\"https:\/\/now-news.de\/de\/wp-content\/uploads\/sites\/3\/2022\/04\/Evaluierung-der-Corona-Massnahmen-durch-die-Politik-laesst-auf-sich-warten.jpg\" \/>\n\t<meta property=\"og:image:width\" content=\"1104\" \/>\n\t<meta property=\"og:image:height\" content=\"622\" \/>\n\t<meta property=\"og:image:type\" content=\"image\/jpeg\" \/>\n<meta name=\"author\" content=\"rtnews\" \/>\n<meta name=\"twitter:card\" content=\"summary_large_image\" \/>\n<meta name=\"twitter:creator\" content=\"@WirMachenAuf_de\" \/>\n<meta name=\"twitter:site\" content=\"@WirMachenAuf_de\" \/>\n<meta name=\"twitter:label1\" content=\"Verfasst von\" \/>\n\t<meta name=\"twitter:data1\" content=\"rtnews\" \/>\n\t<meta name=\"twitter:label2\" content=\"Gesch\u00e4tzte Lesezeit\" \/>\n\t<meta name=\"twitter:data2\" content=\"6\u00a0Minuten\" \/>\n<script type=\"application\/ld+json\" class=\"yoast-schema-graph\">{\"@context\":\"https:\/\/schema.org\",\"@graph\":[{\"@type\":\"Article\",\"@id\":\"https:\/\/now-news.de\/de\/deutschland\/evaluierung-der-corona-massnahmen-durch-die-politik-laesst-auf-sich-warten-buerger-sind-schneller\/#article\",\"isPartOf\":{\"@id\":\"https:\/\/now-news.de\/de\/deutschland\/evaluierung-der-corona-massnahmen-durch-die-politik-laesst-auf-sich-warten-buerger-sind-schneller\/\"},\"author\":{\"name\":\"rtnews\",\"@id\":\"https:\/\/now-news.de\/de\/#\/schema\/person\/fb534a4e865501d8b3285208df34a9b5\"},\"headline\":\"Evaluierung der Corona-Ma\u00dfnahmen durch die Politik l\u00e4sst auf sich warten \u2013 B\u00fcrger sind schneller\",\"datePublished\":\"2022-04-30T05:40:52+00:00\",\"dateModified\":\"2022-04-30T05:40:52+00:00\",\"mainEntityOfPage\":{\"@id\":\"https:\/\/now-news.de\/de\/deutschland\/evaluierung-der-corona-massnahmen-durch-die-politik-laesst-auf-sich-warten-buerger-sind-schneller\/\"},\"wordCount\":1298,\"commentCount\":0,\"publisher\":{\"@id\":\"https:\/\/now-news.de\/de\/#organization\"},\"image\":{\"@id\":\"https:\/\/now-news.de\/de\/deutschland\/evaluierung-der-corona-massnahmen-durch-die-politik-laesst-auf-sich-warten-buerger-sind-schneller\/#primaryimage\"},\"thumbnailUrl\":\"https:\/\/now-news.de\/de\/wp-content\/uploads\/sites\/3\/2022\/04\/Evaluierung-der-Corona-Massnahmen-durch-die-Politik-laesst-auf-sich-warten.jpg\",\"keywords\":[\"AUF\",\"b\u00fcrger\",\"CoronaMassnahmen\",\"der\",\"die\",\"durch\",\"Evaluierung\",\"l\u00e4sst\",\"Politik\",\"schneller\",\"sich\",\"sind\",\"warten\"],\"articleSection\":[\"Deutschland\",\"Russland\"],\"inLanguage\":\"de\",\"potentialAction\":[{\"@type\":\"CommentAction\",\"name\":\"Comment\",\"target\":[\"https:\/\/now-news.de\/de\/deutschland\/evaluierung-der-corona-massnahmen-durch-die-politik-laesst-auf-sich-warten-buerger-sind-schneller\/#respond\"]}]},{\"@type\":\"WebPage\",\"@id\":\"https:\/\/now-news.de\/de\/deutschland\/evaluierung-der-corona-massnahmen-durch-die-politik-laesst-auf-sich-warten-buerger-sind-schneller\/\",\"url\":\"https:\/\/now-news.de\/de\/deutschland\/evaluierung-der-corona-massnahmen-durch-die-politik-laesst-auf-sich-warten-buerger-sind-schneller\/\",\"name\":\"Evaluierung der Corona-Ma\u00dfnahmen durch die Politik l\u00e4sst auf sich warten \u2013 B\u00fcrger sind schneller - just-now.NEWS Deutschland\",\"isPartOf\":{\"@id\":\"https:\/\/now-news.de\/de\/#website\"},\"primaryImageOfPage\":{\"@id\":\"https:\/\/now-news.de\/de\/deutschland\/evaluierung-der-corona-massnahmen-durch-die-politik-laesst-auf-sich-warten-buerger-sind-schneller\/#primaryimage\"},\"image\":{\"@id\":\"https:\/\/now-news.de\/de\/deutschland\/evaluierung-der-corona-massnahmen-durch-die-politik-laesst-auf-sich-warten-buerger-sind-schneller\/#primaryimage\"},\"thumbnailUrl\":\"https:\/\/now-news.de\/de\/wp-content\/uploads\/sites\/3\/2022\/04\/Evaluierung-der-Corona-Massnahmen-durch-die-Politik-laesst-auf-sich-warten.jpg\",\"datePublished\":\"2022-04-30T05:40:52+00:00\",\"dateModified\":\"2022-04-30T05:40:52+00:00\",\"breadcrumb\":{\"@id\":\"https:\/\/now-news.de\/de\/deutschland\/evaluierung-der-corona-massnahmen-durch-die-politik-laesst-auf-sich-warten-buerger-sind-schneller\/#breadcrumb\"},\"inLanguage\":\"de\",\"potentialAction\":[{\"@type\":\"ReadAction\",\"target\":[\"https:\/\/now-news.de\/de\/deutschland\/evaluierung-der-corona-massnahmen-durch-die-politik-laesst-auf-sich-warten-buerger-sind-schneller\/\"]}]},{\"@type\":\"ImageObject\",\"inLanguage\":\"de\",\"@id\":\"https:\/\/now-news.de\/de\/deutschland\/evaluierung-der-corona-massnahmen-durch-die-politik-laesst-auf-sich-warten-buerger-sind-schneller\/#primaryimage\",\"url\":\"https:\/\/now-news.de\/de\/wp-content\/uploads\/sites\/3\/2022\/04\/Evaluierung-der-Corona-Massnahmen-durch-die-Politik-laesst-auf-sich-warten.jpg\",\"contentUrl\":\"https:\/\/now-news.de\/de\/wp-content\/uploads\/sites\/3\/2022\/04\/Evaluierung-der-Corona-Massnahmen-durch-die-Politik-laesst-auf-sich-warten.jpg\",\"width\":1104,\"height\":622,\"caption\":\"Evaluierung der Corona-Ma\u00dfnahmen durch die Politik l\u00e4sst auf sich warten \u2013 B\u00fcrger sind schneller\"},{\"@type\":\"BreadcrumbList\",\"@id\":\"https:\/\/now-news.de\/de\/deutschland\/evaluierung-der-corona-massnahmen-durch-die-politik-laesst-auf-sich-warten-buerger-sind-schneller\/#breadcrumb\",\"itemListElement\":[{\"@type\":\"ListItem\",\"position\":1,\"name\":\"Home\",\"item\":\"https:\/\/now-news.de\/de\/\"},{\"@type\":\"ListItem\",\"position\":2,\"name\":\"Evaluierung der Corona-Ma\u00dfnahmen durch die Politik l\u00e4sst auf sich warten \u2013 B\u00fcrger sind schneller\"}]},{\"@type\":\"WebSite\",\"@id\":\"https:\/\/now-news.de\/de\/#website\",\"url\":\"https:\/\/now-news.de\/de\/\",\"name\":\"just-now.NEWS Deutschland\",\"description\":\"Das Portal f\u00fcr unzensierte Nachrichten aus der Welt\",\"publisher\":{\"@id\":\"https:\/\/now-news.de\/de\/#organization\"},\"potentialAction\":[{\"@type\":\"SearchAction\",\"target\":{\"@type\":\"EntryPoint\",\"urlTemplate\":\"https:\/\/now-news.de\/de\/?s={search_term_string}\"},\"query-input\":\"required name=search_term_string\"}],\"inLanguage\":\"de\"},{\"@type\":\"Organization\",\"@id\":\"https:\/\/now-news.de\/de\/#organization\",\"name\":\"Just Now News\",\"url\":\"https:\/\/now-news.de\/de\/\",\"logo\":{\"@type\":\"ImageObject\",\"inLanguage\":\"de\",\"@id\":\"https:\/\/now-news.de\/de\/#\/schema\/logo\/image\/\",\"url\":\"http:\/\/just-now.news\/de\/wp-content\/uploads\/sites\/3\/2022\/04\/logo500x500.jpg\",\"contentUrl\":\"http:\/\/just-now.news\/de\/wp-content\/uploads\/sites\/3\/2022\/04\/logo500x500.jpg\",\"width\":500,\"height\":500,\"caption\":\"Just Now News\"},\"image\":{\"@id\":\"https:\/\/now-news.de\/de\/#\/schema\/logo\/image\/\"},\"sameAs\":[\"https:\/\/www.facebook.com\/wirmachenauf\",\"https:\/\/x.com\/WirMachenAuf_de\"]},{\"@type\":\"Person\",\"@id\":\"https:\/\/now-news.de\/de\/#\/schema\/person\/fb534a4e865501d8b3285208df34a9b5\",\"name\":\"rtnews\",\"image\":{\"@type\":\"ImageObject\",\"inLanguage\":\"de\",\"@id\":\"https:\/\/now-news.de\/de\/#\/schema\/person\/image\/\",\"url\":\"https:\/\/secure.gravatar.com\/avatar\/82aafea7d8127119dd649515f56e2117?s=96&d=mm&r=g\",\"contentUrl\":\"https:\/\/secure.gravatar.com\/avatar\/82aafea7d8127119dd649515f56e2117?s=96&d=mm&r=g\",\"caption\":\"rtnews\"},\"url\":\"https:\/\/now-news.de\/de\/author\/rnews\/\"}]}<\/script>\n<!-- \/ Yoast SEO Premium plugin. -->","yoast_head_json":{"title":"Evaluierung der Corona-Ma\u00dfnahmen durch die Politik l\u00e4sst auf sich warten \u2013 B\u00fcrger sind schneller - just-now.NEWS Deutschland","robots":{"index":"index","follow":"follow","max-snippet":"max-snippet:-1","max-image-preview":"max-image-preview:large","max-video-preview":"max-video-preview:-1"},"canonical":"https:\/\/now-news.de\/de\/deutschland\/evaluierung-der-corona-massnahmen-durch-die-politik-laesst-auf-sich-warten-buerger-sind-schneller\/","og_locale":"de_DE","og_type":"article","og_title":"Evaluierung der Corona-Ma\u00dfnahmen durch die Politik l\u00e4sst auf sich warten \u2013 B\u00fcrger sind schneller","og_description":"von Bernhard Loyen Im M\u00e4rz des Vorjahres riefen verantwortliche Politiker der Vorg\u00e4ngerregierung einen Sachverst\u00e4ndigenrat ins Leben, der r\u00fcckblickend die Erfahrungswerte, Ergebnisse und Auswirkungen der politisch initiierten\u00a0Corona-Ma\u00dfnahmen untersuchen soll. Das urspr\u00fcnglich anvisierte Ver\u00f6ffentlichungsdatum der Ergebnisse war der Dezember 2021. Aufgrund anscheinend nicht ausreichender bzw. unzufriedenstellender Daten und Erl\u00e4uterungen wurde es um ein halbes Jahr auf den [&hellip;]","og_url":"https:\/\/now-news.de\/de\/deutschland\/evaluierung-der-corona-massnahmen-durch-die-politik-laesst-auf-sich-warten-buerger-sind-schneller\/","og_site_name":"just-now.NEWS Deutschland","article_publisher":"https:\/\/www.facebook.com\/wirmachenauf","article_published_time":"2022-04-30T05:40:52+00:00","og_image":[{"width":1104,"height":622,"url":"https:\/\/now-news.de\/de\/wp-content\/uploads\/sites\/3\/2022\/04\/Evaluierung-der-Corona-Massnahmen-durch-die-Politik-laesst-auf-sich-warten.jpg","type":"image\/jpeg"}],"author":"rtnews","twitter_card":"summary_large_image","twitter_creator":"@WirMachenAuf_de","twitter_site":"@WirMachenAuf_de","twitter_misc":{"Verfasst von":"rtnews","Gesch\u00e4tzte Lesezeit":"6\u00a0Minuten"},"schema":{"@context":"https:\/\/schema.org","@graph":[{"@type":"Article","@id":"https:\/\/now-news.de\/de\/deutschland\/evaluierung-der-corona-massnahmen-durch-die-politik-laesst-auf-sich-warten-buerger-sind-schneller\/#article","isPartOf":{"@id":"https:\/\/now-news.de\/de\/deutschland\/evaluierung-der-corona-massnahmen-durch-die-politik-laesst-auf-sich-warten-buerger-sind-schneller\/"},"author":{"name":"rtnews","@id":"https:\/\/now-news.de\/de\/#\/schema\/person\/fb534a4e865501d8b3285208df34a9b5"},"headline":"Evaluierung der Corona-Ma\u00dfnahmen durch die Politik l\u00e4sst auf sich warten \u2013 B\u00fcrger sind schneller","datePublished":"2022-04-30T05:40:52+00:00","dateModified":"2022-04-30T05:40:52+00:00","mainEntityOfPage":{"@id":"https:\/\/now-news.de\/de\/deutschland\/evaluierung-der-corona-massnahmen-durch-die-politik-laesst-auf-sich-warten-buerger-sind-schneller\/"},"wordCount":1298,"commentCount":0,"publisher":{"@id":"https:\/\/now-news.de\/de\/#organization"},"image":{"@id":"https:\/\/now-news.de\/de\/deutschland\/evaluierung-der-corona-massnahmen-durch-die-politik-laesst-auf-sich-warten-buerger-sind-schneller\/#primaryimage"},"thumbnailUrl":"https:\/\/now-news.de\/de\/wp-content\/uploads\/sites\/3\/2022\/04\/Evaluierung-der-Corona-Massnahmen-durch-die-Politik-laesst-auf-sich-warten.jpg","keywords":["AUF","b\u00fcrger","CoronaMassnahmen","der","die","durch","Evaluierung","l\u00e4sst","Politik","schneller","sich","sind","warten"],"articleSection":["Deutschland","Russland"],"inLanguage":"de","potentialAction":[{"@type":"CommentAction","name":"Comment","target":["https:\/\/now-news.de\/de\/deutschland\/evaluierung-der-corona-massnahmen-durch-die-politik-laesst-auf-sich-warten-buerger-sind-schneller\/#respond"]}]},{"@type":"WebPage","@id":"https:\/\/now-news.de\/de\/deutschland\/evaluierung-der-corona-massnahmen-durch-die-politik-laesst-auf-sich-warten-buerger-sind-schneller\/","url":"https:\/\/now-news.de\/de\/deutschland\/evaluierung-der-corona-massnahmen-durch-die-politik-laesst-auf-sich-warten-buerger-sind-schneller\/","name":"Evaluierung der Corona-Ma\u00dfnahmen durch die Politik l\u00e4sst auf sich warten \u2013 B\u00fcrger sind schneller - just-now.NEWS Deutschland","isPartOf":{"@id":"https:\/\/now-news.de\/de\/#website"},"primaryImageOfPage":{"@id":"https:\/\/now-news.de\/de\/deutschland\/evaluierung-der-corona-massnahmen-durch-die-politik-laesst-auf-sich-warten-buerger-sind-schneller\/#primaryimage"},"image":{"@id":"https:\/\/now-news.de\/de\/deutschland\/evaluierung-der-corona-massnahmen-durch-die-politik-laesst-auf-sich-warten-buerger-sind-schneller\/#primaryimage"},"thumbnailUrl":"https:\/\/now-news.de\/de\/wp-content\/uploads\/sites\/3\/2022\/04\/Evaluierung-der-Corona-Massnahmen-durch-die-Politik-laesst-auf-sich-warten.jpg","datePublished":"2022-04-30T05:40:52+00:00","dateModified":"2022-04-30T05:40:52+00:00","breadcrumb":{"@id":"https:\/\/now-news.de\/de\/deutschland\/evaluierung-der-corona-massnahmen-durch-die-politik-laesst-auf-sich-warten-buerger-sind-schneller\/#breadcrumb"},"inLanguage":"de","potentialAction":[{"@type":"ReadAction","target":["https:\/\/now-news.de\/de\/deutschland\/evaluierung-der-corona-massnahmen-durch-die-politik-laesst-auf-sich-warten-buerger-sind-schneller\/"]}]},{"@type":"ImageObject","inLanguage":"de","@id":"https:\/\/now-news.de\/de\/deutschland\/evaluierung-der-corona-massnahmen-durch-die-politik-laesst-auf-sich-warten-buerger-sind-schneller\/#primaryimage","url":"https:\/\/now-news.de\/de\/wp-content\/uploads\/sites\/3\/2022\/04\/Evaluierung-der-Corona-Massnahmen-durch-die-Politik-laesst-auf-sich-warten.jpg","contentUrl":"https:\/\/now-news.de\/de\/wp-content\/uploads\/sites\/3\/2022\/04\/Evaluierung-der-Corona-Massnahmen-durch-die-Politik-laesst-auf-sich-warten.jpg","width":1104,"height":622,"caption":"Evaluierung der Corona-Ma\u00dfnahmen durch die Politik l\u00e4sst auf sich warten \u2013 B\u00fcrger sind schneller"},{"@type":"BreadcrumbList","@id":"https:\/\/now-news.de\/de\/deutschland\/evaluierung-der-corona-massnahmen-durch-die-politik-laesst-auf-sich-warten-buerger-sind-schneller\/#breadcrumb","itemListElement":[{"@type":"ListItem","position":1,"name":"Home","item":"https:\/\/now-news.de\/de\/"},{"@type":"ListItem","position":2,"name":"Evaluierung der Corona-Ma\u00dfnahmen durch die Politik l\u00e4sst auf sich warten \u2013 B\u00fcrger sind schneller"}]},{"@type":"WebSite","@id":"https:\/\/now-news.de\/de\/#website","url":"https:\/\/now-news.de\/de\/","name":"just-now.NEWS Deutschland","description":"Das Portal f\u00fcr unzensierte Nachrichten aus der Welt","publisher":{"@id":"https:\/\/now-news.de\/de\/#organization"},"potentialAction":[{"@type":"SearchAction","target":{"@type":"EntryPoint","urlTemplate":"https:\/\/now-news.de\/de\/?s={search_term_string}"},"query-input":"required name=search_term_string"}],"inLanguage":"de"},{"@type":"Organization","@id":"https:\/\/now-news.de\/de\/#organization","name":"Just Now News","url":"https:\/\/now-news.de\/de\/","logo":{"@type":"ImageObject","inLanguage":"de","@id":"https:\/\/now-news.de\/de\/#\/schema\/logo\/image\/","url":"http:\/\/just-now.news\/de\/wp-content\/uploads\/sites\/3\/2022\/04\/logo500x500.jpg","contentUrl":"http:\/\/just-now.news\/de\/wp-content\/uploads\/sites\/3\/2022\/04\/logo500x500.jpg","width":500,"height":500,"caption":"Just Now News"},"image":{"@id":"https:\/\/now-news.de\/de\/#\/schema\/logo\/image\/"},"sameAs":["https:\/\/www.facebook.com\/wirmachenauf","https:\/\/x.com\/WirMachenAuf_de"]},{"@type":"Person","@id":"https:\/\/now-news.de\/de\/#\/schema\/person\/fb534a4e865501d8b3285208df34a9b5","name":"rtnews","image":{"@type":"ImageObject","inLanguage":"de","@id":"https:\/\/now-news.de\/de\/#\/schema\/person\/image\/","url":"https:\/\/secure.gravatar.com\/avatar\/82aafea7d8127119dd649515f56e2117?s=96&d=mm&r=g","contentUrl":"https:\/\/secure.gravatar.com\/avatar\/82aafea7d8127119dd649515f56e2117?s=96&d=mm&r=g","caption":"rtnews"},"url":"https:\/\/now-news.de\/de\/author\/rnews\/"}]}},"_links":{"self":[{"href":"https:\/\/now-news.de\/de\/wp-json\/wp\/v2\/posts\/5141"}],"collection":[{"href":"https:\/\/now-news.de\/de\/wp-json\/wp\/v2\/posts"}],"about":[{"href":"https:\/\/now-news.de\/de\/wp-json\/wp\/v2\/types\/post"}],"author":[{"embeddable":true,"href":"https:\/\/now-news.de\/de\/wp-json\/wp\/v2\/users\/3"}],"replies":[{"embeddable":true,"href":"https:\/\/now-news.de\/de\/wp-json\/wp\/v2\/comments?post=5141"}],"version-history":[{"count":0,"href":"https:\/\/now-news.de\/de\/wp-json\/wp\/v2\/posts\/5141\/revisions"}],"wp:featuredmedia":[{"embeddable":true,"href":"https:\/\/now-news.de\/de\/wp-json\/wp\/v2\/media\/5142"}],"wp:attachment":[{"href":"https:\/\/now-news.de\/de\/wp-json\/wp\/v2\/media?parent=5141"}],"wp:term":[{"taxonomy":"category","embeddable":true,"href":"https:\/\/now-news.de\/de\/wp-json\/wp\/v2\/categories?post=5141"},{"taxonomy":"post_tag","embeddable":true,"href":"https:\/\/now-news.de\/de\/wp-json\/wp\/v2\/tags?post=5141"}],"curies":[{"name":"wp","href":"https:\/\/api.w.org\/{rel}","templated":true}]}}