{"id":51392,"date":"2023-12-12T13:28:03","date_gmt":"2023-12-12T11:28:03","guid":{"rendered":"https:\/\/just-now.news\/de\/deutschland\/michael-ballweg-man-moechte-den-mittelstand-in-deutschland-zerstoeren\/"},"modified":"2023-12-12T13:28:03","modified_gmt":"2023-12-12T11:28:03","slug":"michael-ballweg-man-moechte-den-mittelstand-in-deutschland-zerstoeren","status":"publish","type":"post","link":"https:\/\/now-news.de\/de\/deutschland\/michael-ballweg-man-moechte-den-mittelstand-in-deutschland-zerstoeren\/","title":{"rendered":"Michael Ballweg: &quot;Man m\u00f6chte den Mittelstand in Deutschland zerst\u00f6ren&quot;"},"content":{"rendered":"<p><img decoding=\"async\" src=\"http:\/\/just-now.news\/de\/wp-content\/uploads\/sites\/3\/2023\/12\/65784390b480cc4e657713a3.jpg\" \/><\/p>\n<div class=\"Text-root Text-type_1 \">\n                Zur Demonstration f\u00fcr die Aufarbeitung der Coronama\u00dfnahmen und deren Folgesch\u00e4den kam auch der Querdenken-Initiator Michael Ballweg nach Karlsruhe. Im Interview berichtete der Unternehmer \u00fcber sein aktuelles Engagement und seine Einsch\u00e4tzung der wirtschaftlichen Lage.\n            <\/div>\n<p><\/p>\n<div class=\"Text-root Text-type_5 ArticleView-text ViewText-root \">\n<p><em>Von Felicitas Rabe<\/em><\/p>\n<p>Zum 75. Jahrestag der Menschenrechte demonstrierten am Sonntag in Karlsruhe rund 6.000 Menschen f\u00fcr die Aufarbeitung der Coronama\u00dfnahmen. Insbesondere setzten sie sich f\u00fcr die Entsch\u00e4digung der wirtschaftlichen und gesundheitlichen Opfer von Lockdowns, Impfungen und sozialer Isolation ein. Auch der fr\u00fchere Software-Unternehmer und Initiator der Querdenken-Bewegung Stuttgart 711 beteiligte sich an der Kundgebung auf dem Platz der Menschenrechte in Karlsruhe.<\/p>\n<p>Es war wohl Michael Ballweg, der den politischen Entscheidungstr\u00e4gern mitten im ersten Jahr der sogenannten Coronapandemie im August 2020 mit den Gro\u00dfdemonstrationen in Berlin ihr gr\u00f6\u00dftes &#8220;Armageddon&#8221; bereitete. Nach den jeweils fr\u00fchesten Polizeiangaben beteiligten sich am 1. August und am 30. August in Berlin rund 800.000 Menschen an den Demonstrationen f\u00fcr den Erhalt der Grundrechte. Auch wenn die Zahlen sp\u00e4ter von der Polizei nach unten &#8220;korrigiert&#8221; wurden, und die Mainstream-Medien die Teilnehmerzahlen auf 17.000 sch\u00e4tzten \u2013 wer da war, der hatte mit eigenen Augen und Ohren erlebt, wie viele Menschen in Deutschland bereit waren, sich f\u00fcr den Erhalt der Grundrechte einzusetzen.<\/p>\n<p>Dieses \u00fcberw\u00e4ltigende Erlebnis einer gro\u00dfen Gemeinschaft gab den Menschen, die zuvor f\u00fcr ihre abweichende Haltung von Politik und Medien beschimpft wurden, das Gef\u00fchl von W\u00fcrde zur\u00fcck. Diejenigen, die zuhauf von ihrem jeweiligen sozialen Umfeld ausgegrenzt wurden, erlebten unter den vielen Gleichgesinnten ein Aufgehobensein, dass sie in ihrer Haltung best\u00e4rkte. Damit hatte die Politik nicht gerechnet: Dass trotz sch\u00e4rfster Repressionen und Verleumdungen so viele Menschen \u00f6ffentlich zu ihrer abweichenden Meinung stehen w\u00fcrden. Zudem waren viele dieser Menschen auch bereit, daf\u00fcr einen Preis zu zahlen, den die Mehrheit der Politiker sich wohl nicht vorstellen kann.<\/p>\n<p>Zu diesen Preisen geh\u00f6rten Verlust des Arbeitsplatzes, Verlust des Lebensstandards, Verlust der sozialen Reputation im beruflichen und privaten Umfeld, Opfer von Polizeigewalt auf Demonstrationen, Hausdurchsuchungen und Inhaftierungen \u2013 um nur einige zu nennen. Es gibt hierzulande offensichtlich viele Menschen, f\u00fcr die ihre Werte und ihre W\u00fcrde weder k\u00e4uflich noch verhandelbar sind. Und wie viele das waren, das konnte man aufgrund der Initiative von Michael Ballweg live, echt und zum Anfassen rund um die Siegess\u00e4ule und auf der Stra\u00dfe des 17. Juni in Berlin erleben.\u00a0<\/p>\n<p>Denn der Stuttgarter Unternehmer lud diese Menschen ein, sich in Berlin zu versammeln \u2013 so wie es das Grundrecht auf Versammlungsfreiheit vorsieht. \u00a0Wie durch ein Wunder folgten fast 1 Million Menschen seiner Initiative. Ein Protest, der dabei auf den ersten Blick fast etwas naiv aussah, ein Protest der &#8220;Herzchen&#8221; \u2013 dessen St\u00e4rke wurde gerade deshalb von Politik und Medien v\u00f6llig untersch\u00e4tzt. Laut Einsch\u00e4tzung von Michael Ballweg sorgten die medialen Diffamierungskampagnen \u2013 &#8220;Wirrk\u00f6pfe, Aluh\u00fcte, Spinner&#8221; \u2013 erst recht f\u00fcr den hohen Zulauf zu den Demonstrationen in Berlin.\u00a0<br \/><strong><\/strong><\/p>\n<p>Schlie\u00dflich zahlte auch der Querdenken-Initiator einen hohen Preis. Von Ende Juni 2022 bis Anfang April wurde er in der Justizvollzugsanstalt Stuttgart-Stammheim in Untersuchungshaft gehalten. Felicitas Rabe sprach am Montag mit ihm \u00fcber den Stand seines Gerichtsverfahrens und seine aktuellen Vorhaben.<\/p>\n<p><strong>Stand der Gerichtsverfahren<\/strong><\/p>\n<p>Die Anklage hinsichtlich des Vorwurfs des versuchten Betrugs wurde vom Landgericht Stuttgart nicht zugelassen und w\u00e4re somit vom Tisch, erkl\u00e4rte der Unternehmer zum aktuellen Stand des Verfahrens. \u00dcbrig geblieben sei nur noch der Vorwurf der versuchten Steuerhinterziehung. Ballweg habe allerdings aus der Justizvollzugsanstalt seine Steuererkl\u00e4rung nicht rechtzeitig einreichen k\u00f6nnen.<\/p>\n<p>Aktuell bereiteten er und sein Anwaltsteam auch selbst rechtliche Schritte gegen die Staatsanwaltschaft Stuttgart vor. Dabei w\u00fcrden sie wegen Rechtsbeugung, wegen Inhaftierung Unschuldiger und auf Schadensersatz klagen. Sein Verm\u00f6gen sei weiterhin beschlagnahmt.<\/p>\n<p><strong>In welchen politischen Projekten engagiert sich Michael Ballweg zurzeit?<\/strong><\/p>\n<p>Grunds\u00e4tzlich stehe Querdenken auch f\u00fcr Freiheit im digitalen Raum. Im Hinblick auf seine drei Talente: Organisation, IT und Spiritualit\u00e4t und unter Ber\u00fccksichtigung, was ihm Freude mache, k\u00fcmmere er sich aktuell um zwei Projekte. Im Projekt\u00a0<a rel=\"nofollow noopener\" target=\"_blank\" href=\"https:\/\/digitaler-aktivist.de\/\">&#8220;Digitaler Aktivist&#8221;<\/a>\u00a0geht es um die &#8220;digitale Freiheit&#8221; bzw. um den Ausstieg aus den digitalen \u00dcberwachungssystemen von Apple und Google und die Entwicklung von Alternativen zu Apple und Google. In dem anderen Projekt geht es um die Dezentralisierung von Finanzstr\u00f6men \u2013 konkret um die verbreitete Nutzung von Bitcoin als Zahlungsmittel. Das sei insbesondere von Nutzen f\u00fcr diejenigen Menschen, die so wie er kein Bankkonto mehr zur Verf\u00fcgung haben.<\/p>\n<p><strong>Wie bewertet Ballweg als ehemaliger Unternehmer die Lage in der deutschen Wirtschaft drei Jahre nach Beginn der Coronama\u00dfnahmen und nach zwei Jahren Energiepolitik der aktuellen Bundesregierung?<\/strong><\/p>\n<p>In Deutschland erfolge die Wertsch\u00f6pfung durch die mittelst\u00e4ndischen Unternehmen und nicht durch die Gro\u00dfkonzerne, so der Betriebswirt. Der Mittelstand wurde durch die Coronama\u00dfnahmen besonders hart getroffen und dazu noch mal doppelt hart durch die Energiepolitik und Steuererh\u00f6hungen. Als Grund f\u00fcr den Angriff auf den Mittelstand erl\u00e4utert Ballweg:\u00a0<\/p>\n<blockquote>\n<p><em>&#8220;Man m\u00f6chte den Mittelstand in Deutschland zerst\u00f6ren, weil zentralisierte Systeme mit unabh\u00e4ngigen Unternehmern schwerer durchzusetzen sind. Unabh\u00e4ngige Unternehmer sind der Inbegriff der Freiheit.&#8221;<\/em><\/p>\n<\/blockquote>\n<p>Zudem seien Unternehmer immer Querdenker, weil sie innovative Projekte entwickeln und deshalb querdenken m\u00fcssen. Es sei zwingend notwendig, so Ballweg, sich mit dem Geldsystem zu besch\u00e4ftigen. 2020 wurden Unmengen von Geld aus dem Nichts geschaffen. Die Erh\u00f6hung der Geldmenge f\u00fchre zwangsl\u00e4ufig zur Inflation und das hei\u00dft zur Enteignung der Menschen.<\/p>\n<p>Auf die Frage, wie er die politische Gesamtsituation bewerte, erkl\u00e4rte der Querdenken-Initiator: &#8220;Wir leben in der Vierten industriellen Revolution. Viele Jobs werden zuk\u00fcnftig durch K\u00fcnstliche Intelligenz (KI) oder Roboter ausgef\u00fchrt. Insofern gibt es einen Kampf des Gro\u00dfkapitals \u2013 von Gro\u00dfkonzernen und Politik \u2013 um folgende Verteilung: Wer besitzt die Roboter und die KI? Und wer erh\u00e4lt das Geld, das damit erwirtschaftet wird? Die Menschen oder die Superreichen?<\/p>\n<p><em>Der Initiator der Querdenken-Bewegung ist Diplom-Betriebswirt (BA) und f\u00fchrte 25 Jahre lang ein Unternehmen f\u00fcr Softwareentwicklung in Stuttgart. Aktuell engagiert er sich im Projekt &#8220;Digitaler Aktivist \u2013 selbstbestimmt im digitalen Raum.&#8221; https:\/\/digitaler-aktivist.de\/ Zusammen mit dem Rechtsanwalt Ralf Ludwig ver\u00f6ffentlichte Michael Ballweg Anfang Dezember 2023 bei TIGER PRESS das Buch &#8220;Richtigstellung! Es war noch nie falsch, quer zu denken.&#8221;<\/em><\/p>\n<p><strong>Mehr zum Thema<\/strong> &#8211;\u00a0 <a rel=\"nofollow noopener\" target=\"_blank\" href=\"https:\/\/freedert.online\/meinung\/143715-menschliche-korper-als-investitionsfeld-fur\/\">&#8220;Der menschliche K\u00f6rper als Investitionsfeld f\u00fcr Biotechnik, Pharma und Kontrollindustrie&#8221;<\/a><\/p>\n<\/p>\n<\/div>\n<p><br \/>\n<br \/><a href=\"https:\/\/de.rt.com\/inland\/189571-michael-ballweg-man-moechte-mittelstand\/\">Source link <\/a><\/p>\n","protected":false},"excerpt":{"rendered":"<p>Zur Demonstration f\u00fcr die Aufarbeitung der Coronama\u00dfnahmen und deren Folgesch\u00e4den kam auch der Querdenken-Initiator Michael Ballweg nach Karlsruhe. Im Interview berichtete der Unternehmer \u00fcber sein aktuelles Engagement und seine Einsch\u00e4tzung der wirtschaftlichen Lage. Von Felicitas Rabe Zum 75. Jahrestag der Menschenrechte demonstrierten am Sonntag in Karlsruhe rund 6.000 Menschen f\u00fcr die Aufarbeitung der Coronama\u00dfnahmen. Insbesondere [&hellip;]<\/p>\n","protected":false},"author":3,"featured_media":51393,"comment_status":"open","ping_status":"open","sticky":false,"template":"","format":"standard","meta":{"_yoast_indexnow_last_ping":["1702380760"],"wp_automatic_camp":["217"],"17c9db839ac5556c2e612daffc20f61c":["Michael Ballweg: &quot;Man m\u00f6chte den Mittelstand in Deutschland zerst\u00f6ren&quot;"],"original_link":["https:\/\/de.rt.com\/inland\/189571-michael-ballweg-man-moechte-mittelstand\/"],"_thumbnail_id":["51393"],"_wptgpro_p2tg_sent2tg":["a:1:{i:23737;s:19:\"2023-12-12 13:33:50\";}"],"jnews_social_counter_last_update":["1777267521"]},"categories":[19,23],"tags":[26226,48,179,3080,2826,18707,22755,34942],"yoast_head":"<!-- This site is optimized with the Yoast SEO Premium plugin v22.7 (Yoast SEO v22.7) - https:\/\/yoast.com\/wordpress\/plugins\/seo\/ -->\n<title>Michael Ballweg: &quot;Man m\u00f6chte den Mittelstand in Deutschland zerst\u00f6ren&quot; - just-now.NEWS Deutschland<\/title>\n<meta name=\"robots\" content=\"index, follow, max-snippet:-1, max-image-preview:large, max-video-preview:-1\" \/>\n<link rel=\"canonical\" href=\"https:\/\/now-news.de\/de\/deutschland\/michael-ballweg-man-moechte-den-mittelstand-in-deutschland-zerstoeren\/\" \/>\n<meta property=\"og:locale\" content=\"de_DE\" \/>\n<meta property=\"og:type\" content=\"article\" \/>\n<meta property=\"og:title\" content=\"Michael Ballweg: &quot;Man m\u00f6chte den Mittelstand in Deutschland zerst\u00f6ren&quot;\" \/>\n<meta property=\"og:description\" content=\"Zur Demonstration f\u00fcr die Aufarbeitung der Coronama\u00dfnahmen und deren Folgesch\u00e4den kam auch der Querdenken-Initiator Michael Ballweg nach Karlsruhe. Im Interview berichtete der Unternehmer \u00fcber sein aktuelles Engagement und seine Einsch\u00e4tzung der wirtschaftlichen Lage. Von Felicitas Rabe Zum 75. Jahrestag der Menschenrechte demonstrierten am Sonntag in Karlsruhe rund 6.000 Menschen f\u00fcr die Aufarbeitung der Coronama\u00dfnahmen. Insbesondere [&hellip;]\" \/>\n<meta property=\"og:url\" content=\"https:\/\/now-news.de\/de\/deutschland\/michael-ballweg-man-moechte-den-mittelstand-in-deutschland-zerstoeren\/\" \/>\n<meta property=\"og:site_name\" content=\"just-now.NEWS Deutschland\" \/>\n<meta property=\"article:publisher\" content=\"https:\/\/www.facebook.com\/wirmachenauf\" \/>\n<meta property=\"article:published_time\" content=\"2023-12-12T11:28:03+00:00\" \/>\n<meta property=\"og:image\" content=\"https:\/\/now-news.de\/de\/wp-content\/uploads\/sites\/3\/2023\/12\/Michael-Ballweg-quotMan-moechte-den-Mittelstand-in-Deutschland-zerstoerenquot.jpg\" \/>\n\t<meta property=\"og:image:width\" content=\"460\" \/>\n\t<meta property=\"og:image:height\" content=\"259\" \/>\n\t<meta property=\"og:image:type\" content=\"image\/jpeg\" \/>\n<meta name=\"author\" content=\"rtnews\" \/>\n<meta name=\"twitter:card\" content=\"summary_large_image\" \/>\n<meta name=\"twitter:creator\" content=\"@WirMachenAuf_de\" \/>\n<meta name=\"twitter:site\" content=\"@WirMachenAuf_de\" \/>\n<meta name=\"twitter:label1\" content=\"Verfasst von\" \/>\n\t<meta name=\"twitter:data1\" content=\"rtnews\" \/>\n\t<meta name=\"twitter:label2\" content=\"Gesch\u00e4tzte Lesezeit\" \/>\n\t<meta name=\"twitter:data2\" content=\"5\u00a0Minuten\" \/>\n<script type=\"application\/ld+json\" class=\"yoast-schema-graph\">{\"@context\":\"https:\/\/schema.org\",\"@graph\":[{\"@type\":\"Article\",\"@id\":\"https:\/\/now-news.de\/de\/deutschland\/michael-ballweg-man-moechte-den-mittelstand-in-deutschland-zerstoeren\/#article\",\"isPartOf\":{\"@id\":\"https:\/\/now-news.de\/de\/deutschland\/michael-ballweg-man-moechte-den-mittelstand-in-deutschland-zerstoeren\/\"},\"author\":{\"name\":\"rtnews\",\"@id\":\"https:\/\/now-news.de\/de\/#\/schema\/person\/fb534a4e865501d8b3285208df34a9b5\"},\"headline\":\"Michael Ballweg: &quot;Man m\u00f6chte den Mittelstand in Deutschland zerst\u00f6ren&quot;\",\"datePublished\":\"2023-12-12T11:28:03+00:00\",\"dateModified\":\"2023-12-12T11:28:03+00:00\",\"mainEntityOfPage\":{\"@id\":\"https:\/\/now-news.de\/de\/deutschland\/michael-ballweg-man-moechte-den-mittelstand-in-deutschland-zerstoeren\/\"},\"wordCount\":1059,\"commentCount\":0,\"publisher\":{\"@id\":\"https:\/\/now-news.de\/de\/#organization\"},\"image\":{\"@id\":\"https:\/\/now-news.de\/de\/deutschland\/michael-ballweg-man-moechte-den-mittelstand-in-deutschland-zerstoeren\/#primaryimage\"},\"thumbnailUrl\":\"https:\/\/now-news.de\/de\/wp-content\/uploads\/sites\/3\/2023\/12\/Michael-Ballweg-quotMan-moechte-den-Mittelstand-in-Deutschland-zerstoerenquot.jpg\",\"keywords\":[\"Ballweg\",\"den\",\"Deutschland\",\"Michael\",\"Mittelstand\",\"m\u00f6chte\",\"quotMan\",\"zerst\u00f6renquot\"],\"articleSection\":[\"Deutschland\",\"Russland\"],\"inLanguage\":\"de\",\"potentialAction\":[{\"@type\":\"CommentAction\",\"name\":\"Comment\",\"target\":[\"https:\/\/now-news.de\/de\/deutschland\/michael-ballweg-man-moechte-den-mittelstand-in-deutschland-zerstoeren\/#respond\"]}]},{\"@type\":\"WebPage\",\"@id\":\"https:\/\/now-news.de\/de\/deutschland\/michael-ballweg-man-moechte-den-mittelstand-in-deutschland-zerstoeren\/\",\"url\":\"https:\/\/now-news.de\/de\/deutschland\/michael-ballweg-man-moechte-den-mittelstand-in-deutschland-zerstoeren\/\",\"name\":\"Michael Ballweg: &quot;Man m\u00f6chte den Mittelstand in Deutschland zerst\u00f6ren&quot; - just-now.NEWS Deutschland\",\"isPartOf\":{\"@id\":\"https:\/\/now-news.de\/de\/#website\"},\"primaryImageOfPage\":{\"@id\":\"https:\/\/now-news.de\/de\/deutschland\/michael-ballweg-man-moechte-den-mittelstand-in-deutschland-zerstoeren\/#primaryimage\"},\"image\":{\"@id\":\"https:\/\/now-news.de\/de\/deutschland\/michael-ballweg-man-moechte-den-mittelstand-in-deutschland-zerstoeren\/#primaryimage\"},\"thumbnailUrl\":\"https:\/\/now-news.de\/de\/wp-content\/uploads\/sites\/3\/2023\/12\/Michael-Ballweg-quotMan-moechte-den-Mittelstand-in-Deutschland-zerstoerenquot.jpg\",\"datePublished\":\"2023-12-12T11:28:03+00:00\",\"dateModified\":\"2023-12-12T11:28:03+00:00\",\"breadcrumb\":{\"@id\":\"https:\/\/now-news.de\/de\/deutschland\/michael-ballweg-man-moechte-den-mittelstand-in-deutschland-zerstoeren\/#breadcrumb\"},\"inLanguage\":\"de\",\"potentialAction\":[{\"@type\":\"ReadAction\",\"target\":[\"https:\/\/now-news.de\/de\/deutschland\/michael-ballweg-man-moechte-den-mittelstand-in-deutschland-zerstoeren\/\"]}]},{\"@type\":\"ImageObject\",\"inLanguage\":\"de\",\"@id\":\"https:\/\/now-news.de\/de\/deutschland\/michael-ballweg-man-moechte-den-mittelstand-in-deutschland-zerstoeren\/#primaryimage\",\"url\":\"https:\/\/now-news.de\/de\/wp-content\/uploads\/sites\/3\/2023\/12\/Michael-Ballweg-quotMan-moechte-den-Mittelstand-in-Deutschland-zerstoerenquot.jpg\",\"contentUrl\":\"https:\/\/now-news.de\/de\/wp-content\/uploads\/sites\/3\/2023\/12\/Michael-Ballweg-quotMan-moechte-den-Mittelstand-in-Deutschland-zerstoerenquot.jpg\",\"width\":460,\"height\":259,\"caption\":\"Michael Ballweg: &quot;Man m\u00f6chte den Mittelstand in Deutschland zerst\u00f6ren&quot;\"},{\"@type\":\"BreadcrumbList\",\"@id\":\"https:\/\/now-news.de\/de\/deutschland\/michael-ballweg-man-moechte-den-mittelstand-in-deutschland-zerstoeren\/#breadcrumb\",\"itemListElement\":[{\"@type\":\"ListItem\",\"position\":1,\"name\":\"Home\",\"item\":\"https:\/\/now-news.de\/de\/\"},{\"@type\":\"ListItem\",\"position\":2,\"name\":\"Michael Ballweg: &quot;Man m\u00f6chte den Mittelstand in Deutschland zerst\u00f6ren&quot;\"}]},{\"@type\":\"WebSite\",\"@id\":\"https:\/\/now-news.de\/de\/#website\",\"url\":\"https:\/\/now-news.de\/de\/\",\"name\":\"just-now.NEWS Deutschland\",\"description\":\"Das Portal f\u00fcr unzensierte Nachrichten aus der Welt\",\"publisher\":{\"@id\":\"https:\/\/now-news.de\/de\/#organization\"},\"potentialAction\":[{\"@type\":\"SearchAction\",\"target\":{\"@type\":\"EntryPoint\",\"urlTemplate\":\"https:\/\/now-news.de\/de\/?s={search_term_string}\"},\"query-input\":\"required name=search_term_string\"}],\"inLanguage\":\"de\"},{\"@type\":\"Organization\",\"@id\":\"https:\/\/now-news.de\/de\/#organization\",\"name\":\"Just Now News\",\"url\":\"https:\/\/now-news.de\/de\/\",\"logo\":{\"@type\":\"ImageObject\",\"inLanguage\":\"de\",\"@id\":\"https:\/\/now-news.de\/de\/#\/schema\/logo\/image\/\",\"url\":\"http:\/\/just-now.news\/de\/wp-content\/uploads\/sites\/3\/2022\/04\/logo500x500.jpg\",\"contentUrl\":\"http:\/\/just-now.news\/de\/wp-content\/uploads\/sites\/3\/2022\/04\/logo500x500.jpg\",\"width\":500,\"height\":500,\"caption\":\"Just Now News\"},\"image\":{\"@id\":\"https:\/\/now-news.de\/de\/#\/schema\/logo\/image\/\"},\"sameAs\":[\"https:\/\/www.facebook.com\/wirmachenauf\",\"https:\/\/x.com\/WirMachenAuf_de\"]},{\"@type\":\"Person\",\"@id\":\"https:\/\/now-news.de\/de\/#\/schema\/person\/fb534a4e865501d8b3285208df34a9b5\",\"name\":\"rtnews\",\"image\":{\"@type\":\"ImageObject\",\"inLanguage\":\"de\",\"@id\":\"https:\/\/now-news.de\/de\/#\/schema\/person\/image\/\",\"url\":\"https:\/\/secure.gravatar.com\/avatar\/82aafea7d8127119dd649515f56e2117?s=96&d=mm&r=g\",\"contentUrl\":\"https:\/\/secure.gravatar.com\/avatar\/82aafea7d8127119dd649515f56e2117?s=96&d=mm&r=g\",\"caption\":\"rtnews\"},\"url\":\"https:\/\/now-news.de\/de\/author\/rnews\/\"}]}<\/script>\n<!-- \/ Yoast SEO Premium plugin. -->","yoast_head_json":{"title":"Michael Ballweg: &quot;Man m\u00f6chte den Mittelstand in Deutschland zerst\u00f6ren&quot; - just-now.NEWS Deutschland","robots":{"index":"index","follow":"follow","max-snippet":"max-snippet:-1","max-image-preview":"max-image-preview:large","max-video-preview":"max-video-preview:-1"},"canonical":"https:\/\/now-news.de\/de\/deutschland\/michael-ballweg-man-moechte-den-mittelstand-in-deutschland-zerstoeren\/","og_locale":"de_DE","og_type":"article","og_title":"Michael Ballweg: &quot;Man m\u00f6chte den Mittelstand in Deutschland zerst\u00f6ren&quot;","og_description":"Zur Demonstration f\u00fcr die Aufarbeitung der Coronama\u00dfnahmen und deren Folgesch\u00e4den kam auch der Querdenken-Initiator Michael Ballweg nach Karlsruhe. Im Interview berichtete der Unternehmer \u00fcber sein aktuelles Engagement und seine Einsch\u00e4tzung der wirtschaftlichen Lage. Von Felicitas Rabe Zum 75. Jahrestag der Menschenrechte demonstrierten am Sonntag in Karlsruhe rund 6.000 Menschen f\u00fcr die Aufarbeitung der Coronama\u00dfnahmen. Insbesondere [&hellip;]","og_url":"https:\/\/now-news.de\/de\/deutschland\/michael-ballweg-man-moechte-den-mittelstand-in-deutschland-zerstoeren\/","og_site_name":"just-now.NEWS Deutschland","article_publisher":"https:\/\/www.facebook.com\/wirmachenauf","article_published_time":"2023-12-12T11:28:03+00:00","og_image":[{"width":460,"height":259,"url":"https:\/\/now-news.de\/de\/wp-content\/uploads\/sites\/3\/2023\/12\/Michael-Ballweg-quotMan-moechte-den-Mittelstand-in-Deutschland-zerstoerenquot.jpg","type":"image\/jpeg"}],"author":"rtnews","twitter_card":"summary_large_image","twitter_creator":"@WirMachenAuf_de","twitter_site":"@WirMachenAuf_de","twitter_misc":{"Verfasst von":"rtnews","Gesch\u00e4tzte Lesezeit":"5\u00a0Minuten"},"schema":{"@context":"https:\/\/schema.org","@graph":[{"@type":"Article","@id":"https:\/\/now-news.de\/de\/deutschland\/michael-ballweg-man-moechte-den-mittelstand-in-deutschland-zerstoeren\/#article","isPartOf":{"@id":"https:\/\/now-news.de\/de\/deutschland\/michael-ballweg-man-moechte-den-mittelstand-in-deutschland-zerstoeren\/"},"author":{"name":"rtnews","@id":"https:\/\/now-news.de\/de\/#\/schema\/person\/fb534a4e865501d8b3285208df34a9b5"},"headline":"Michael Ballweg: &quot;Man m\u00f6chte den Mittelstand in Deutschland zerst\u00f6ren&quot;","datePublished":"2023-12-12T11:28:03+00:00","dateModified":"2023-12-12T11:28:03+00:00","mainEntityOfPage":{"@id":"https:\/\/now-news.de\/de\/deutschland\/michael-ballweg-man-moechte-den-mittelstand-in-deutschland-zerstoeren\/"},"wordCount":1059,"commentCount":0,"publisher":{"@id":"https:\/\/now-news.de\/de\/#organization"},"image":{"@id":"https:\/\/now-news.de\/de\/deutschland\/michael-ballweg-man-moechte-den-mittelstand-in-deutschland-zerstoeren\/#primaryimage"},"thumbnailUrl":"https:\/\/now-news.de\/de\/wp-content\/uploads\/sites\/3\/2023\/12\/Michael-Ballweg-quotMan-moechte-den-Mittelstand-in-Deutschland-zerstoerenquot.jpg","keywords":["Ballweg","den","Deutschland","Michael","Mittelstand","m\u00f6chte","quotMan","zerst\u00f6renquot"],"articleSection":["Deutschland","Russland"],"inLanguage":"de","potentialAction":[{"@type":"CommentAction","name":"Comment","target":["https:\/\/now-news.de\/de\/deutschland\/michael-ballweg-man-moechte-den-mittelstand-in-deutschland-zerstoeren\/#respond"]}]},{"@type":"WebPage","@id":"https:\/\/now-news.de\/de\/deutschland\/michael-ballweg-man-moechte-den-mittelstand-in-deutschland-zerstoeren\/","url":"https:\/\/now-news.de\/de\/deutschland\/michael-ballweg-man-moechte-den-mittelstand-in-deutschland-zerstoeren\/","name":"Michael Ballweg: &quot;Man m\u00f6chte den Mittelstand in Deutschland zerst\u00f6ren&quot; - just-now.NEWS Deutschland","isPartOf":{"@id":"https:\/\/now-news.de\/de\/#website"},"primaryImageOfPage":{"@id":"https:\/\/now-news.de\/de\/deutschland\/michael-ballweg-man-moechte-den-mittelstand-in-deutschland-zerstoeren\/#primaryimage"},"image":{"@id":"https:\/\/now-news.de\/de\/deutschland\/michael-ballweg-man-moechte-den-mittelstand-in-deutschland-zerstoeren\/#primaryimage"},"thumbnailUrl":"https:\/\/now-news.de\/de\/wp-content\/uploads\/sites\/3\/2023\/12\/Michael-Ballweg-quotMan-moechte-den-Mittelstand-in-Deutschland-zerstoerenquot.jpg","datePublished":"2023-12-12T11:28:03+00:00","dateModified":"2023-12-12T11:28:03+00:00","breadcrumb":{"@id":"https:\/\/now-news.de\/de\/deutschland\/michael-ballweg-man-moechte-den-mittelstand-in-deutschland-zerstoeren\/#breadcrumb"},"inLanguage":"de","potentialAction":[{"@type":"ReadAction","target":["https:\/\/now-news.de\/de\/deutschland\/michael-ballweg-man-moechte-den-mittelstand-in-deutschland-zerstoeren\/"]}]},{"@type":"ImageObject","inLanguage":"de","@id":"https:\/\/now-news.de\/de\/deutschland\/michael-ballweg-man-moechte-den-mittelstand-in-deutschland-zerstoeren\/#primaryimage","url":"https:\/\/now-news.de\/de\/wp-content\/uploads\/sites\/3\/2023\/12\/Michael-Ballweg-quotMan-moechte-den-Mittelstand-in-Deutschland-zerstoerenquot.jpg","contentUrl":"https:\/\/now-news.de\/de\/wp-content\/uploads\/sites\/3\/2023\/12\/Michael-Ballweg-quotMan-moechte-den-Mittelstand-in-Deutschland-zerstoerenquot.jpg","width":460,"height":259,"caption":"Michael Ballweg: &quot;Man m\u00f6chte den Mittelstand in Deutschland zerst\u00f6ren&quot;"},{"@type":"BreadcrumbList","@id":"https:\/\/now-news.de\/de\/deutschland\/michael-ballweg-man-moechte-den-mittelstand-in-deutschland-zerstoeren\/#breadcrumb","itemListElement":[{"@type":"ListItem","position":1,"name":"Home","item":"https:\/\/now-news.de\/de\/"},{"@type":"ListItem","position":2,"name":"Michael Ballweg: &quot;Man m\u00f6chte den Mittelstand in Deutschland zerst\u00f6ren&quot;"}]},{"@type":"WebSite","@id":"https:\/\/now-news.de\/de\/#website","url":"https:\/\/now-news.de\/de\/","name":"just-now.NEWS Deutschland","description":"Das Portal f\u00fcr unzensierte Nachrichten aus der Welt","publisher":{"@id":"https:\/\/now-news.de\/de\/#organization"},"potentialAction":[{"@type":"SearchAction","target":{"@type":"EntryPoint","urlTemplate":"https:\/\/now-news.de\/de\/?s={search_term_string}"},"query-input":"required name=search_term_string"}],"inLanguage":"de"},{"@type":"Organization","@id":"https:\/\/now-news.de\/de\/#organization","name":"Just Now News","url":"https:\/\/now-news.de\/de\/","logo":{"@type":"ImageObject","inLanguage":"de","@id":"https:\/\/now-news.de\/de\/#\/schema\/logo\/image\/","url":"http:\/\/just-now.news\/de\/wp-content\/uploads\/sites\/3\/2022\/04\/logo500x500.jpg","contentUrl":"http:\/\/just-now.news\/de\/wp-content\/uploads\/sites\/3\/2022\/04\/logo500x500.jpg","width":500,"height":500,"caption":"Just Now News"},"image":{"@id":"https:\/\/now-news.de\/de\/#\/schema\/logo\/image\/"},"sameAs":["https:\/\/www.facebook.com\/wirmachenauf","https:\/\/x.com\/WirMachenAuf_de"]},{"@type":"Person","@id":"https:\/\/now-news.de\/de\/#\/schema\/person\/fb534a4e865501d8b3285208df34a9b5","name":"rtnews","image":{"@type":"ImageObject","inLanguage":"de","@id":"https:\/\/now-news.de\/de\/#\/schema\/person\/image\/","url":"https:\/\/secure.gravatar.com\/avatar\/82aafea7d8127119dd649515f56e2117?s=96&d=mm&r=g","contentUrl":"https:\/\/secure.gravatar.com\/avatar\/82aafea7d8127119dd649515f56e2117?s=96&d=mm&r=g","caption":"rtnews"},"url":"https:\/\/now-news.de\/de\/author\/rnews\/"}]}},"_links":{"self":[{"href":"https:\/\/now-news.de\/de\/wp-json\/wp\/v2\/posts\/51392"}],"collection":[{"href":"https:\/\/now-news.de\/de\/wp-json\/wp\/v2\/posts"}],"about":[{"href":"https:\/\/now-news.de\/de\/wp-json\/wp\/v2\/types\/post"}],"author":[{"embeddable":true,"href":"https:\/\/now-news.de\/de\/wp-json\/wp\/v2\/users\/3"}],"replies":[{"embeddable":true,"href":"https:\/\/now-news.de\/de\/wp-json\/wp\/v2\/comments?post=51392"}],"version-history":[{"count":0,"href":"https:\/\/now-news.de\/de\/wp-json\/wp\/v2\/posts\/51392\/revisions"}],"wp:featuredmedia":[{"embeddable":true,"href":"https:\/\/now-news.de\/de\/wp-json\/wp\/v2\/media\/51393"}],"wp:attachment":[{"href":"https:\/\/now-news.de\/de\/wp-json\/wp\/v2\/media?parent=51392"}],"wp:term":[{"taxonomy":"category","embeddable":true,"href":"https:\/\/now-news.de\/de\/wp-json\/wp\/v2\/categories?post=51392"},{"taxonomy":"post_tag","embeddable":true,"href":"https:\/\/now-news.de\/de\/wp-json\/wp\/v2\/tags?post=51392"}],"curies":[{"name":"wp","href":"https:\/\/api.w.org\/{rel}","templated":true}]}}