{"id":51367,"date":"2023-12-11T21:23:52","date_gmt":"2023-12-11T19:23:52","guid":{"rendered":"https:\/\/just-now.news\/de\/deutschland\/programmentwurf-cdu-will-wieder-konservativer-werden\/"},"modified":"2023-12-11T21:23:52","modified_gmt":"2023-12-11T19:23:52","slug":"programmentwurf-cdu-will-wieder-konservativer-werden","status":"publish","type":"post","link":"https:\/\/now-news.de\/de\/deutschland\/programmentwurf-cdu-will-wieder-konservativer-werden\/","title":{"rendered":"Programmentwurf: CDU will wieder konservativer werden"},"content":{"rendered":"<p><img decoding=\"async\" src=\"http:\/\/just-now.news\/de\/wp-content\/uploads\/sites\/3\/2023\/12\/65772c7bb480cc2aab7d7ba7.jpg\" \/><\/p>\n<div class=\"Text-root Text-type_1 \">\n                Wiedereinstieg in die Atomkraft, Anhebung des Renteneintrittsalters, Festhalten an der Schuldenbremse \u2013 die CDU gibt sich ein neues, wieder deutlich konservativeres Grundsatzprogramm und kramt alte Begriffe wie &#8220;Leitkultur&#8221; hervor. Der prozyklischen Wirtschaftspolitik bleibt sie treu.\n            <\/div>\n<p><\/p>\n<div class=\"Text-root Text-type_5 ArticleView-text ViewText-root \">\n<p>Die Christlich Demokratische Union Deutschlands ist im Prozess, sich ein neues Grundsatzprogramm zu geben. Angesto\u00dfen wurde das bereits im Jahr 2022. Nachdem die CDU im Ergebnis der Bundestagswahl 2021 die Regierungsgewalt abgeben musste, machte sie sich auf die Suche nach einer inhaltlichen Neuausrichtung. Nun liegt ein Entwurf &#8220;In Freiheit leben \u2013 Deutschland sicher in die Zukunft f\u00fchren&#8221; vor.<\/p>\n<p>Klar erkennbar m\u00f6chte die CDU damit wieder eine als konservativ wahrnehmbare Partei werden. Das macht unter anderem die Schwerpunktsetzung etwa beim Thema &#8220;Asyl&#8221; deutlich. Der Entwurf setzt sich daf\u00fcr ein, Asylverfahren zun\u00e4chst im Ausland durchzuf\u00fchren. Erst dann sollten anerkannte Asylanten \u00fcber einen gerechten Verteilungsmechanismus auf alle Mitgliedstaaten der EU verteilt werden.\u00a0<\/p>\n<p>Die CDU hat zudem den Begriff &#8220;Leitkultur&#8221; wieder aus der Mottenkiste hervorgekramt. Neu ist, dass sie von Migranten neben dem Bekenntnis zum Rechtsstaat und zu den Menschenrechten nun auch das Bekenntnis zum Existenzrecht Israels einfordern m\u00f6chte.<\/p>\n<p>Hervorgekramt wurde auch das Thema &#8220;Einsatz der Bundeswehr im Innern&#8221;. Die Bundeswehr solle bei besonderen Gefahrenlagen auch innerhalb der Landesgrenzen der Bundesrepublik Deutschland eingesetzt werden d\u00fcrfen. Bereits 2006 dr\u00e4ngte der damalige Innenminister Wolfgang Sch\u00e4uble (CDU) darauf, etwa im Falle eines von Terroristen entf\u00fchrten Flugzeugs die Bundeswehr zum Abschuss einsetzen zu d\u00fcrfen. Die Diskussion war damals rein hypothetisch. Das Bundesverfassungsgericht (BVerfG) entschied damals allerdings gegen ein solches Vorhaben: Die T\u00f6tung Unschuldiger versto\u00dfe gegen die Menschenw\u00fcrde.\u00a0<\/p>\n<p>Im Bereich Energie setzt die CDU wieder auf Atomenergie und Gas. Die Atomkraftwerke sollten neben Gaskraftwerken den Grundlastbedarf sicherstellen. Die CDU will damit historisch schon zum zweiten Mal den Wiederausstieg aus dem Atomausstieg.\u00a0<\/p>\n<p>Festhalten m\u00f6chte die CDU im Namen der Haushaltsdisziplin an der sogenannten Schuldenbremse. Erwartungsgem\u00e4\u00df lehnt sie eine Erbschaftssteuer ab und setzt ebenso f\u00fcr Unternehmen auf Steuersenkungen:<\/p>\n<blockquote>\n<p><em>&#8220;Wettbewerbsf\u00e4hige Steuern f\u00fcr Unternehmen erm\u00f6glichen h\u00f6here L\u00f6hne, mehr Besch\u00e4ftigung und st\u00e4rkeres Wachstum.&#8221; <\/em><\/p>\n<\/blockquote>\n<p>Wenn man die Unternehmenssteuer senkt, dann steigen die L\u00f6hne, glaubt man offenbar in der CDU \u2013 hoffentlich stimmt&#8217;s. Klar ist, die CDU bleibt einer sogenannten prozyklischen Wirtschaftspolitik verpflichtet. Wohlstand f\u00fcr alle hei\u00dft zwar der Slogan, wie die CDU das aber umsetzen m\u00f6chte, bleibt unklar. Was sie allerdings mit Sicherheit umsetzen will, ist eine weitere Anhebung des Renteneinstiegsalters. Dazu wurde ein spezieller Mechanismus erdacht: F\u00fcr jedes Jahr gestiegener Lebenserwartung sollen die Bundesb\u00fcrger k\u00fcnftig vier Monate l\u00e4nger bis zum Renteneinstieg arbeiten.\u00a0<\/p>\n<p>Das &#8220;Gendern&#8221; lehnt die CDU zwar nicht grunds\u00e4tzlich ab, aber einen Zwang zum Gendern solle es k\u00fcnftig nicht mehr geben.<\/p>\n<p>Auf einer Vorstandsklausurtagung der CDU im Januar soll das Grundsatzprogramm dann beschlossen werden, nachdem die Kreisverb\u00e4nde der Partei den Entwurf in den kommenden Wochen diskutiert haben werden.<\/p>\n<p><strong>Mehr zum Thema\u00a0<\/strong>\u2013 <a rel=\"nofollow noopener\" target=\"_blank\" href=\"https:\/\/fromrussiawithlove.rtde.live\/inland\/189311-angela-merkel-verlaesst-konrad-adenauer\/\">Angela Merkel verl\u00e4sst die Konrad-Adenauer-Stiftung<\/a><\/p>\n<\/div>\n<p><br \/>\n<br \/><a href=\"https:\/\/de.rt.com\/inland\/189568-programmentwurf-cdu-will-wieder-konservativer\/\">Source link <\/a><\/p>\n","protected":false},"excerpt":{"rendered":"<p>Wiedereinstieg in die Atomkraft, Anhebung des Renteneintrittsalters, Festhalten an der Schuldenbremse \u2013 die CDU gibt sich ein neues, wieder deutlich konservativeres Grundsatzprogramm und kramt alte Begriffe wie &#8220;Leitkultur&#8221; hervor. Der prozyklischen Wirtschaftspolitik bleibt sie treu. Die Christlich Demokratische Union Deutschlands ist im Prozess, sich ein neues Grundsatzprogramm zu geben. Angesto\u00dfen wurde das bereits im Jahr [&hellip;]<\/p>\n","protected":false},"author":3,"featured_media":51368,"comment_status":"open","ping_status":"open","sticky":false,"template":"","format":"standard","meta":{"_yoast_indexnow_last_ping":["1702322920"],"wp_automatic_camp":["217"],"11a7162c823fa51da1995e81c65f3ba0":["Programmentwurf: CDU will wieder konservativer werden"],"original_link":["https:\/\/de.rt.com\/inland\/189568-programmentwurf-cdu-will-wieder-konservativer\/"],"_thumbnail_id":["51368"],"_wptgpro_p2tg_sent2tg":["a:1:{i:23737;s:19:\"2023-12-11 21:29:42\";}"],"jnews_social_counter_last_update":["1777292374"]},"categories":[19,23],"tags":[3795,18832,51504,1040,904],"yoast_head":"<!-- This site is optimized with the Yoast SEO Premium plugin v22.7 (Yoast SEO v22.7) - https:\/\/yoast.com\/wordpress\/plugins\/seo\/ -->\n<title>Programmentwurf: CDU will wieder konservativer werden - just-now.NEWS Deutschland<\/title>\n<meta name=\"robots\" content=\"index, follow, max-snippet:-1, max-image-preview:large, max-video-preview:-1\" \/>\n<link rel=\"canonical\" href=\"https:\/\/now-news.de\/de\/deutschland\/programmentwurf-cdu-will-wieder-konservativer-werden\/\" \/>\n<meta property=\"og:locale\" content=\"de_DE\" \/>\n<meta property=\"og:type\" content=\"article\" \/>\n<meta property=\"og:title\" content=\"Programmentwurf: CDU will wieder konservativer werden\" \/>\n<meta property=\"og:description\" content=\"Wiedereinstieg in die Atomkraft, Anhebung des Renteneintrittsalters, Festhalten an der Schuldenbremse \u2013 die CDU gibt sich ein neues, wieder deutlich konservativeres Grundsatzprogramm und kramt alte Begriffe wie &#8220;Leitkultur&#8221; hervor. Der prozyklischen Wirtschaftspolitik bleibt sie treu. Die Christlich Demokratische Union Deutschlands ist im Prozess, sich ein neues Grundsatzprogramm zu geben. Angesto\u00dfen wurde das bereits im Jahr [&hellip;]\" \/>\n<meta property=\"og:url\" content=\"https:\/\/now-news.de\/de\/deutschland\/programmentwurf-cdu-will-wieder-konservativer-werden\/\" \/>\n<meta property=\"og:site_name\" content=\"just-now.NEWS Deutschland\" \/>\n<meta property=\"article:publisher\" content=\"https:\/\/www.facebook.com\/wirmachenauf\" \/>\n<meta property=\"article:published_time\" content=\"2023-12-11T19:23:52+00:00\" \/>\n<meta property=\"og:image\" content=\"https:\/\/now-news.de\/de\/wp-content\/uploads\/sites\/3\/2023\/12\/Programmentwurf-CDU-will-wieder-konservativer-werden.jpg\" \/>\n\t<meta property=\"og:image:width\" content=\"460\" \/>\n\t<meta property=\"og:image:height\" content=\"259\" \/>\n\t<meta property=\"og:image:type\" content=\"image\/jpeg\" \/>\n<meta name=\"author\" content=\"rtnews\" \/>\n<meta name=\"twitter:card\" content=\"summary_large_image\" \/>\n<meta name=\"twitter:creator\" content=\"@WirMachenAuf_de\" \/>\n<meta name=\"twitter:site\" content=\"@WirMachenAuf_de\" \/>\n<meta name=\"twitter:label1\" content=\"Verfasst von\" \/>\n\t<meta name=\"twitter:data1\" content=\"rtnews\" \/>\n\t<meta name=\"twitter:label2\" content=\"Gesch\u00e4tzte Lesezeit\" \/>\n\t<meta name=\"twitter:data2\" content=\"2\u00a0Minuten\" \/>\n<script type=\"application\/ld+json\" class=\"yoast-schema-graph\">{\"@context\":\"https:\/\/schema.org\",\"@graph\":[{\"@type\":\"Article\",\"@id\":\"https:\/\/now-news.de\/de\/deutschland\/programmentwurf-cdu-will-wieder-konservativer-werden\/#article\",\"isPartOf\":{\"@id\":\"https:\/\/now-news.de\/de\/deutschland\/programmentwurf-cdu-will-wieder-konservativer-werden\/\"},\"author\":{\"name\":\"rtnews\",\"@id\":\"https:\/\/now-news.de\/de\/#\/schema\/person\/fb534a4e865501d8b3285208df34a9b5\"},\"headline\":\"Programmentwurf: CDU will wieder konservativer werden\",\"datePublished\":\"2023-12-11T19:23:52+00:00\",\"dateModified\":\"2023-12-11T19:23:52+00:00\",\"mainEntityOfPage\":{\"@id\":\"https:\/\/now-news.de\/de\/deutschland\/programmentwurf-cdu-will-wieder-konservativer-werden\/\"},\"wordCount\":498,\"commentCount\":0,\"publisher\":{\"@id\":\"https:\/\/now-news.de\/de\/#organization\"},\"image\":{\"@id\":\"https:\/\/now-news.de\/de\/deutschland\/programmentwurf-cdu-will-wieder-konservativer-werden\/#primaryimage\"},\"thumbnailUrl\":\"https:\/\/now-news.de\/de\/wp-content\/uploads\/sites\/3\/2023\/12\/Programmentwurf-CDU-will-wieder-konservativer-werden.jpg\",\"keywords\":[\"CDU\",\"konservativer\",\"Programmentwurf\",\"Werden\",\"wieder\"],\"articleSection\":[\"Deutschland\",\"Russland\"],\"inLanguage\":\"de\",\"potentialAction\":[{\"@type\":\"CommentAction\",\"name\":\"Comment\",\"target\":[\"https:\/\/now-news.de\/de\/deutschland\/programmentwurf-cdu-will-wieder-konservativer-werden\/#respond\"]}]},{\"@type\":\"WebPage\",\"@id\":\"https:\/\/now-news.de\/de\/deutschland\/programmentwurf-cdu-will-wieder-konservativer-werden\/\",\"url\":\"https:\/\/now-news.de\/de\/deutschland\/programmentwurf-cdu-will-wieder-konservativer-werden\/\",\"name\":\"Programmentwurf: CDU will wieder konservativer werden - just-now.NEWS Deutschland\",\"isPartOf\":{\"@id\":\"https:\/\/now-news.de\/de\/#website\"},\"primaryImageOfPage\":{\"@id\":\"https:\/\/now-news.de\/de\/deutschland\/programmentwurf-cdu-will-wieder-konservativer-werden\/#primaryimage\"},\"image\":{\"@id\":\"https:\/\/now-news.de\/de\/deutschland\/programmentwurf-cdu-will-wieder-konservativer-werden\/#primaryimage\"},\"thumbnailUrl\":\"https:\/\/now-news.de\/de\/wp-content\/uploads\/sites\/3\/2023\/12\/Programmentwurf-CDU-will-wieder-konservativer-werden.jpg\",\"datePublished\":\"2023-12-11T19:23:52+00:00\",\"dateModified\":\"2023-12-11T19:23:52+00:00\",\"breadcrumb\":{\"@id\":\"https:\/\/now-news.de\/de\/deutschland\/programmentwurf-cdu-will-wieder-konservativer-werden\/#breadcrumb\"},\"inLanguage\":\"de\",\"potentialAction\":[{\"@type\":\"ReadAction\",\"target\":[\"https:\/\/now-news.de\/de\/deutschland\/programmentwurf-cdu-will-wieder-konservativer-werden\/\"]}]},{\"@type\":\"ImageObject\",\"inLanguage\":\"de\",\"@id\":\"https:\/\/now-news.de\/de\/deutschland\/programmentwurf-cdu-will-wieder-konservativer-werden\/#primaryimage\",\"url\":\"https:\/\/now-news.de\/de\/wp-content\/uploads\/sites\/3\/2023\/12\/Programmentwurf-CDU-will-wieder-konservativer-werden.jpg\",\"contentUrl\":\"https:\/\/now-news.de\/de\/wp-content\/uploads\/sites\/3\/2023\/12\/Programmentwurf-CDU-will-wieder-konservativer-werden.jpg\",\"width\":460,\"height\":259,\"caption\":\"Programmentwurf: CDU will wieder konservativer werden\"},{\"@type\":\"BreadcrumbList\",\"@id\":\"https:\/\/now-news.de\/de\/deutschland\/programmentwurf-cdu-will-wieder-konservativer-werden\/#breadcrumb\",\"itemListElement\":[{\"@type\":\"ListItem\",\"position\":1,\"name\":\"Home\",\"item\":\"https:\/\/now-news.de\/de\/\"},{\"@type\":\"ListItem\",\"position\":2,\"name\":\"Programmentwurf: CDU will wieder konservativer werden\"}]},{\"@type\":\"WebSite\",\"@id\":\"https:\/\/now-news.de\/de\/#website\",\"url\":\"https:\/\/now-news.de\/de\/\",\"name\":\"just-now.NEWS Deutschland\",\"description\":\"Das Portal f\u00fcr unzensierte Nachrichten aus der Welt\",\"publisher\":{\"@id\":\"https:\/\/now-news.de\/de\/#organization\"},\"potentialAction\":[{\"@type\":\"SearchAction\",\"target\":{\"@type\":\"EntryPoint\",\"urlTemplate\":\"https:\/\/now-news.de\/de\/?s={search_term_string}\"},\"query-input\":\"required name=search_term_string\"}],\"inLanguage\":\"de\"},{\"@type\":\"Organization\",\"@id\":\"https:\/\/now-news.de\/de\/#organization\",\"name\":\"Just Now News\",\"url\":\"https:\/\/now-news.de\/de\/\",\"logo\":{\"@type\":\"ImageObject\",\"inLanguage\":\"de\",\"@id\":\"https:\/\/now-news.de\/de\/#\/schema\/logo\/image\/\",\"url\":\"http:\/\/just-now.news\/de\/wp-content\/uploads\/sites\/3\/2022\/04\/logo500x500.jpg\",\"contentUrl\":\"http:\/\/just-now.news\/de\/wp-content\/uploads\/sites\/3\/2022\/04\/logo500x500.jpg\",\"width\":500,\"height\":500,\"caption\":\"Just Now News\"},\"image\":{\"@id\":\"https:\/\/now-news.de\/de\/#\/schema\/logo\/image\/\"},\"sameAs\":[\"https:\/\/www.facebook.com\/wirmachenauf\",\"https:\/\/x.com\/WirMachenAuf_de\"]},{\"@type\":\"Person\",\"@id\":\"https:\/\/now-news.de\/de\/#\/schema\/person\/fb534a4e865501d8b3285208df34a9b5\",\"name\":\"rtnews\",\"image\":{\"@type\":\"ImageObject\",\"inLanguage\":\"de\",\"@id\":\"https:\/\/now-news.de\/de\/#\/schema\/person\/image\/\",\"url\":\"https:\/\/secure.gravatar.com\/avatar\/82aafea7d8127119dd649515f56e2117?s=96&d=mm&r=g\",\"contentUrl\":\"https:\/\/secure.gravatar.com\/avatar\/82aafea7d8127119dd649515f56e2117?s=96&d=mm&r=g\",\"caption\":\"rtnews\"},\"url\":\"https:\/\/now-news.de\/de\/author\/rnews\/\"}]}<\/script>\n<!-- \/ Yoast SEO Premium plugin. -->","yoast_head_json":{"title":"Programmentwurf: CDU will wieder konservativer werden - just-now.NEWS Deutschland","robots":{"index":"index","follow":"follow","max-snippet":"max-snippet:-1","max-image-preview":"max-image-preview:large","max-video-preview":"max-video-preview:-1"},"canonical":"https:\/\/now-news.de\/de\/deutschland\/programmentwurf-cdu-will-wieder-konservativer-werden\/","og_locale":"de_DE","og_type":"article","og_title":"Programmentwurf: CDU will wieder konservativer werden","og_description":"Wiedereinstieg in die Atomkraft, Anhebung des Renteneintrittsalters, Festhalten an der Schuldenbremse \u2013 die CDU gibt sich ein neues, wieder deutlich konservativeres Grundsatzprogramm und kramt alte Begriffe wie &#8220;Leitkultur&#8221; hervor. Der prozyklischen Wirtschaftspolitik bleibt sie treu. Die Christlich Demokratische Union Deutschlands ist im Prozess, sich ein neues Grundsatzprogramm zu geben. Angesto\u00dfen wurde das bereits im Jahr [&hellip;]","og_url":"https:\/\/now-news.de\/de\/deutschland\/programmentwurf-cdu-will-wieder-konservativer-werden\/","og_site_name":"just-now.NEWS Deutschland","article_publisher":"https:\/\/www.facebook.com\/wirmachenauf","article_published_time":"2023-12-11T19:23:52+00:00","og_image":[{"width":460,"height":259,"url":"https:\/\/now-news.de\/de\/wp-content\/uploads\/sites\/3\/2023\/12\/Programmentwurf-CDU-will-wieder-konservativer-werden.jpg","type":"image\/jpeg"}],"author":"rtnews","twitter_card":"summary_large_image","twitter_creator":"@WirMachenAuf_de","twitter_site":"@WirMachenAuf_de","twitter_misc":{"Verfasst von":"rtnews","Gesch\u00e4tzte Lesezeit":"2\u00a0Minuten"},"schema":{"@context":"https:\/\/schema.org","@graph":[{"@type":"Article","@id":"https:\/\/now-news.de\/de\/deutschland\/programmentwurf-cdu-will-wieder-konservativer-werden\/#article","isPartOf":{"@id":"https:\/\/now-news.de\/de\/deutschland\/programmentwurf-cdu-will-wieder-konservativer-werden\/"},"author":{"name":"rtnews","@id":"https:\/\/now-news.de\/de\/#\/schema\/person\/fb534a4e865501d8b3285208df34a9b5"},"headline":"Programmentwurf: CDU will wieder konservativer werden","datePublished":"2023-12-11T19:23:52+00:00","dateModified":"2023-12-11T19:23:52+00:00","mainEntityOfPage":{"@id":"https:\/\/now-news.de\/de\/deutschland\/programmentwurf-cdu-will-wieder-konservativer-werden\/"},"wordCount":498,"commentCount":0,"publisher":{"@id":"https:\/\/now-news.de\/de\/#organization"},"image":{"@id":"https:\/\/now-news.de\/de\/deutschland\/programmentwurf-cdu-will-wieder-konservativer-werden\/#primaryimage"},"thumbnailUrl":"https:\/\/now-news.de\/de\/wp-content\/uploads\/sites\/3\/2023\/12\/Programmentwurf-CDU-will-wieder-konservativer-werden.jpg","keywords":["CDU","konservativer","Programmentwurf","Werden","wieder"],"articleSection":["Deutschland","Russland"],"inLanguage":"de","potentialAction":[{"@type":"CommentAction","name":"Comment","target":["https:\/\/now-news.de\/de\/deutschland\/programmentwurf-cdu-will-wieder-konservativer-werden\/#respond"]}]},{"@type":"WebPage","@id":"https:\/\/now-news.de\/de\/deutschland\/programmentwurf-cdu-will-wieder-konservativer-werden\/","url":"https:\/\/now-news.de\/de\/deutschland\/programmentwurf-cdu-will-wieder-konservativer-werden\/","name":"Programmentwurf: CDU will wieder konservativer werden - just-now.NEWS Deutschland","isPartOf":{"@id":"https:\/\/now-news.de\/de\/#website"},"primaryImageOfPage":{"@id":"https:\/\/now-news.de\/de\/deutschland\/programmentwurf-cdu-will-wieder-konservativer-werden\/#primaryimage"},"image":{"@id":"https:\/\/now-news.de\/de\/deutschland\/programmentwurf-cdu-will-wieder-konservativer-werden\/#primaryimage"},"thumbnailUrl":"https:\/\/now-news.de\/de\/wp-content\/uploads\/sites\/3\/2023\/12\/Programmentwurf-CDU-will-wieder-konservativer-werden.jpg","datePublished":"2023-12-11T19:23:52+00:00","dateModified":"2023-12-11T19:23:52+00:00","breadcrumb":{"@id":"https:\/\/now-news.de\/de\/deutschland\/programmentwurf-cdu-will-wieder-konservativer-werden\/#breadcrumb"},"inLanguage":"de","potentialAction":[{"@type":"ReadAction","target":["https:\/\/now-news.de\/de\/deutschland\/programmentwurf-cdu-will-wieder-konservativer-werden\/"]}]},{"@type":"ImageObject","inLanguage":"de","@id":"https:\/\/now-news.de\/de\/deutschland\/programmentwurf-cdu-will-wieder-konservativer-werden\/#primaryimage","url":"https:\/\/now-news.de\/de\/wp-content\/uploads\/sites\/3\/2023\/12\/Programmentwurf-CDU-will-wieder-konservativer-werden.jpg","contentUrl":"https:\/\/now-news.de\/de\/wp-content\/uploads\/sites\/3\/2023\/12\/Programmentwurf-CDU-will-wieder-konservativer-werden.jpg","width":460,"height":259,"caption":"Programmentwurf: CDU will wieder konservativer werden"},{"@type":"BreadcrumbList","@id":"https:\/\/now-news.de\/de\/deutschland\/programmentwurf-cdu-will-wieder-konservativer-werden\/#breadcrumb","itemListElement":[{"@type":"ListItem","position":1,"name":"Home","item":"https:\/\/now-news.de\/de\/"},{"@type":"ListItem","position":2,"name":"Programmentwurf: CDU will wieder konservativer werden"}]},{"@type":"WebSite","@id":"https:\/\/now-news.de\/de\/#website","url":"https:\/\/now-news.de\/de\/","name":"just-now.NEWS Deutschland","description":"Das Portal f\u00fcr unzensierte Nachrichten aus der Welt","publisher":{"@id":"https:\/\/now-news.de\/de\/#organization"},"potentialAction":[{"@type":"SearchAction","target":{"@type":"EntryPoint","urlTemplate":"https:\/\/now-news.de\/de\/?s={search_term_string}"},"query-input":"required name=search_term_string"}],"inLanguage":"de"},{"@type":"Organization","@id":"https:\/\/now-news.de\/de\/#organization","name":"Just Now News","url":"https:\/\/now-news.de\/de\/","logo":{"@type":"ImageObject","inLanguage":"de","@id":"https:\/\/now-news.de\/de\/#\/schema\/logo\/image\/","url":"http:\/\/just-now.news\/de\/wp-content\/uploads\/sites\/3\/2022\/04\/logo500x500.jpg","contentUrl":"http:\/\/just-now.news\/de\/wp-content\/uploads\/sites\/3\/2022\/04\/logo500x500.jpg","width":500,"height":500,"caption":"Just Now News"},"image":{"@id":"https:\/\/now-news.de\/de\/#\/schema\/logo\/image\/"},"sameAs":["https:\/\/www.facebook.com\/wirmachenauf","https:\/\/x.com\/WirMachenAuf_de"]},{"@type":"Person","@id":"https:\/\/now-news.de\/de\/#\/schema\/person\/fb534a4e865501d8b3285208df34a9b5","name":"rtnews","image":{"@type":"ImageObject","inLanguage":"de","@id":"https:\/\/now-news.de\/de\/#\/schema\/person\/image\/","url":"https:\/\/secure.gravatar.com\/avatar\/82aafea7d8127119dd649515f56e2117?s=96&d=mm&r=g","contentUrl":"https:\/\/secure.gravatar.com\/avatar\/82aafea7d8127119dd649515f56e2117?s=96&d=mm&r=g","caption":"rtnews"},"url":"https:\/\/now-news.de\/de\/author\/rnews\/"}]}},"_links":{"self":[{"href":"https:\/\/now-news.de\/de\/wp-json\/wp\/v2\/posts\/51367"}],"collection":[{"href":"https:\/\/now-news.de\/de\/wp-json\/wp\/v2\/posts"}],"about":[{"href":"https:\/\/now-news.de\/de\/wp-json\/wp\/v2\/types\/post"}],"author":[{"embeddable":true,"href":"https:\/\/now-news.de\/de\/wp-json\/wp\/v2\/users\/3"}],"replies":[{"embeddable":true,"href":"https:\/\/now-news.de\/de\/wp-json\/wp\/v2\/comments?post=51367"}],"version-history":[{"count":0,"href":"https:\/\/now-news.de\/de\/wp-json\/wp\/v2\/posts\/51367\/revisions"}],"wp:featuredmedia":[{"embeddable":true,"href":"https:\/\/now-news.de\/de\/wp-json\/wp\/v2\/media\/51368"}],"wp:attachment":[{"href":"https:\/\/now-news.de\/de\/wp-json\/wp\/v2\/media?parent=51367"}],"wp:term":[{"taxonomy":"category","embeddable":true,"href":"https:\/\/now-news.de\/de\/wp-json\/wp\/v2\/categories?post=51367"},{"taxonomy":"post_tag","embeddable":true,"href":"https:\/\/now-news.de\/de\/wp-json\/wp\/v2\/tags?post=51367"}],"curies":[{"name":"wp","href":"https:\/\/api.w.org\/{rel}","templated":true}]}}