{"id":51349,"date":"2023-12-11T16:31:05","date_gmt":"2023-12-11T14:31:05","guid":{"rendered":"https:\/\/just-now.news\/de\/deutschland\/medien-westen-erfaehrt-nach-saluschnys-interview-von-kiews-haltung-zu-verhandlungen\/"},"modified":"2023-12-11T16:31:05","modified_gmt":"2023-12-11T14:31:05","slug":"medien-westen-erfaehrt-nach-saluschnys-interview-von-kiews-haltung-zu-verhandlungen","status":"publish","type":"post","link":"https:\/\/now-news.de\/de\/deutschland\/medien-westen-erfaehrt-nach-saluschnys-interview-von-kiews-haltung-zu-verhandlungen\/","title":{"rendered":"Medien: Westen erf\u00e4hrt nach Saluschnys Interview von Kiews Haltung zu Verhandlungen"},"content":{"rendered":"<p><img decoding=\"async\" src=\"http:\/\/just-now.news\/de\/wp-content\/uploads\/sites\/3\/2023\/12\/6577120c48fbef06c55061c0.jpg\" \/><\/p>\n<div class=\"Text-root Text-type_1 \">\n                Westliche Staatschefs riefen in Kiew an, nachdem der ukrainische Armeechef Saluschny in einem Interview \u00fcber eine &#8220;Sackgasse&#8221; im Krieg gegen Russland gesprochen hatte, so die Financial Times. Die Politiker wollten den ukrainischen Standpunkt zu den Verhandlungen mit Moskau erfahren.\n            <\/div>\n<p><\/p>\n<div class=\"Text-root Text-type_5 ArticleView-text ViewText-root \">\n<p>Die \u00c4u\u00dferungen des Oberkommandierenden der ukrainischen Streitkr\u00e4fte, Waleri Saluschny, \u00fcber den Stillstand im Konflikt mit Russland kamen nicht nur f\u00fcr viele ukrainische B\u00fcrger, sondern auch f\u00fcr die westlichen L\u00e4nder \u00fcberraschend,\u00a0<a rel=\"nofollow noopener\" target=\"_blank\" href=\"https:\/\/www.ft.com\/content\/7ec4e810-33e3-44ca-8744-e01cb9f82c28\">zitierte<\/a>\u00a0die<em> Financial Times<\/em> einen ungenannten ukrainischen Beamten.<strong><\/strong><\/p>\n<p>Laut dem Gespr\u00e4chspartner der Zeitung riefen einige westliche Staats- und Regierungschefs in Kiew an, um herauszufinden, was Saluschnys Worte bedeuteten und ob die Ukraine Verhandlungen mit Moskau nun als Priorit\u00e4t betrachte.<\/p>\n<p>Die ukrainischen Beh\u00f6rden fordern die Wiederherstellung der Grenzen von 1991 und die Dokumentation des Endes des Konflikts, bevor die Gespr\u00e4che beginnen. Die russische Seite lehnt jede Friedensinitiative ab, die ihre Souver\u00e4nit\u00e4t \u00fcber die Gebiete Donbass, Krim, Saporoschje und Cherson missachten w\u00fcrde. Sowohl Moskau als auch Kiew halten die von der anderen Seite gestellten Bedingungen f\u00fcr unannehmbar. Gleichzeitig hat der russische Pr\u00e4sident Wladimir Putin wiederholt erkl\u00e4rt, dass Moskau im Gegensatz zu Kiew den Dialog nie verweigert habe und dass die Ukraine das Dekret, das diesen verbietet, aufheben m\u00fcsse, um Verhandlungen aufzunehmen.<\/p>\n<p>Am 1. November hatte <em>The Economist<\/em> einen Artikel von Saluschny ver\u00f6ffentlicht, in dem es unter anderem hie\u00df, dass die Feindseligkeiten in eine neue Phase eintreten und sich zu einem &#8220;Stellungskrieg&#8221; mit Zerm\u00fcrbung entwickeln. In einem Interview mit derselben Zeitung sagte der Oberkommandierende, dass es &#8220;wahrscheinlich keinen tiefen und sch\u00f6nen Durchbruch geben wird&#8221; und dass die Lage an der Front &#8220;eine Pattsituation erreicht&#8221; habe.<\/p>\n<p>Nach Angaben der<em> Financial Times<\/em>, die sich auf drei Quellen beruft, versuchen die ukrainischen Beh\u00f6rden, den Optimismus sowohl im Inland als auch bei den Verb\u00fcndeten im Ausland aufrechtzuerhalten, indem sie \u00fcber die Fortschritte bei den K\u00e4mpfen berichten. Diese Politik werde auf allen Ebenen verfolgt, von den Ministerien und lokalen Verwaltungen bis hin zu den milit\u00e4rischen Befehlshabern. Da der bewaffnete Konflikt jedoch weitergeht, f\u00fchrt diese Kommunikationsstrategie &#8220;zu einer Kluft zwischen der Pr\u00e4sidialverwaltung und der milit\u00e4rischen F\u00fchrung&#8221;, so Milit\u00e4rbeamte und ehemalige Mitarbeiter des Staatschefs, die mit der Zeitung sprachen. Die Nachrichtenagentur schrieb, dass die Spaltung zwischen der milit\u00e4rischen und der politischen F\u00fchrung des Landes seit der Berichterstattung des <em>Economist<\/em> noch deutlicher geworden sei.<\/p>\n<p>Einem der Gespr\u00e4chspartner zufolge m\u00fcsse &#8220;mehr Realismus hinzugef\u00fcgt werden&#8221;. Die milit\u00e4rische F\u00fchrung glaubt, dass dies unter anderem notwendig sei, um weitere Unterst\u00fctzung von ausl\u00e4ndischen Verb\u00fcndeten zu erhalten. Gleichzeitig behauptet der ukrainische Pr\u00e4sident Wladimir Selenskij, dass &#8220;eine optimistische Botschaft der einzige Weg ist, um die Zweifler im Westen zu beruhigen&#8221;, so die Zeitung. Russland verurteilt die Hilfe anderer Staaten f\u00fcr die Ukraine, sagt aber, dass dies keinen Einfluss auf die milit\u00e4rische Sonderoperation haben wird.<\/p>\n<p>Das B\u00fcro von Selenskij kritisierte zwar das Interview von Saluschny, betonte aber, dass der Pr\u00e4sident und der Oberkommandierende der ukrainischen Streitkr\u00e4fte keine Meinungsverschiedenheiten h\u00e4tten und in der Frage der Milit\u00e4roperationen eine einheitliche Position vertr\u00e4ten.<\/p>\n<p><strong>Mehr zum Thema<\/strong> &#8211; <a rel=\"nofollow noopener\" target=\"_blank\" href=\"https:\/\/freedert.online\/international\/185741-ukrainischer-oberkommandierender-saluschny-konflikt-in\/\">Ukrainischer Oberkommandierender Saluschny: Konflikt in Sackgasse, kein Durchbruch am Horizont<\/a><\/p>\n<\/div>\n<p><br \/>\n<br \/><a href=\"https:\/\/de.rt.com\/international\/189555-medien-westen-erfaehrt-nach-saluschnys\/\">Source link <\/a><\/p>\n","protected":false},"excerpt":{"rendered":"<p>Westliche Staatschefs riefen in Kiew an, nachdem der ukrainische Armeechef Saluschny in einem Interview \u00fcber eine &#8220;Sackgasse&#8221; im Krieg gegen Russland gesprochen hatte, so die Financial Times. Die Politiker wollten den ukrainischen Standpunkt zu den Verhandlungen mit Moskau erfahren. Die \u00c4u\u00dferungen des Oberkommandierenden der ukrainischen Streitkr\u00e4fte, Waleri Saluschny, \u00fcber den Stillstand im Konflikt mit Russland [&hellip;]<\/p>\n","protected":false},"author":3,"featured_media":51350,"comment_status":"open","ping_status":"open","sticky":false,"template":"","format":"standard","meta":{"_yoast_indexnow_last_ping":["1702306005"],"wp_automatic_camp":["217"],"0f811942e4665dbf816a7197d803b25d":["Medien: Westen erf\u00e4hrt nach Saluschnys Interview von Kiews Haltung zu Verhandlungen"],"original_link":["https:\/\/de.rt.com\/international\/189555-medien-westen-erfaehrt-nach-saluschnys\/"],"_thumbnail_id":["51350"],"_wptgpro_p2tg_sent2tg":["a:1:{i:23737;s:19:\"2023-12-11 16:47:52\";}"],"jnews_social_counter_last_update":["1777171638"]},"categories":[19,23],"tags":[22105,11704,122,6313,580,979,51500,9871,50,378],"yoast_head":"<!-- This site is optimized with the Yoast SEO Premium plugin v22.7 (Yoast SEO v22.7) - https:\/\/yoast.com\/wordpress\/plugins\/seo\/ -->\n<title>Medien: Westen erf\u00e4hrt nach Saluschnys Interview von Kiews Haltung zu Verhandlungen - just-now.NEWS Deutschland<\/title>\n<meta name=\"robots\" content=\"index, follow, max-snippet:-1, max-image-preview:large, max-video-preview:-1\" \/>\n<link rel=\"canonical\" href=\"https:\/\/now-news.de\/de\/deutschland\/medien-westen-erfaehrt-nach-saluschnys-interview-von-kiews-haltung-zu-verhandlungen\/\" \/>\n<meta property=\"og:locale\" content=\"de_DE\" \/>\n<meta property=\"og:type\" content=\"article\" \/>\n<meta property=\"og:title\" content=\"Medien: Westen erf\u00e4hrt nach Saluschnys Interview von Kiews Haltung zu Verhandlungen\" \/>\n<meta property=\"og:description\" content=\"Westliche Staatschefs riefen in Kiew an, nachdem der ukrainische Armeechef Saluschny in einem Interview \u00fcber eine &#8220;Sackgasse&#8221; im Krieg gegen Russland gesprochen hatte, so die Financial Times. Die Politiker wollten den ukrainischen Standpunkt zu den Verhandlungen mit Moskau erfahren. Die \u00c4u\u00dferungen des Oberkommandierenden der ukrainischen Streitkr\u00e4fte, Waleri Saluschny, \u00fcber den Stillstand im Konflikt mit Russland [&hellip;]\" \/>\n<meta property=\"og:url\" content=\"https:\/\/now-news.de\/de\/deutschland\/medien-westen-erfaehrt-nach-saluschnys-interview-von-kiews-haltung-zu-verhandlungen\/\" \/>\n<meta property=\"og:site_name\" content=\"just-now.NEWS Deutschland\" \/>\n<meta property=\"article:publisher\" content=\"https:\/\/www.facebook.com\/wirmachenauf\" \/>\n<meta property=\"article:published_time\" content=\"2023-12-11T14:31:05+00:00\" \/>\n<meta property=\"og:image\" content=\"https:\/\/now-news.de\/de\/wp-content\/uploads\/sites\/3\/2023\/12\/Medien-Westen-erfaehrt-nach-Saluschnys-Interview-von-Kiews-Haltung-zu.jpg\" \/>\n\t<meta property=\"og:image:width\" content=\"460\" \/>\n\t<meta property=\"og:image:height\" content=\"259\" \/>\n\t<meta property=\"og:image:type\" content=\"image\/jpeg\" \/>\n<meta name=\"author\" content=\"rtnews\" \/>\n<meta name=\"twitter:card\" content=\"summary_large_image\" \/>\n<meta name=\"twitter:creator\" content=\"@WirMachenAuf_de\" \/>\n<meta name=\"twitter:site\" content=\"@WirMachenAuf_de\" \/>\n<meta name=\"twitter:label1\" content=\"Verfasst von\" \/>\n\t<meta name=\"twitter:data1\" content=\"rtnews\" \/>\n\t<meta name=\"twitter:label2\" content=\"Gesch\u00e4tzte Lesezeit\" \/>\n\t<meta name=\"twitter:data2\" content=\"3\u00a0Minuten\" \/>\n<script type=\"application\/ld+json\" class=\"yoast-schema-graph\">{\"@context\":\"https:\/\/schema.org\",\"@graph\":[{\"@type\":\"Article\",\"@id\":\"https:\/\/now-news.de\/de\/deutschland\/medien-westen-erfaehrt-nach-saluschnys-interview-von-kiews-haltung-zu-verhandlungen\/#article\",\"isPartOf\":{\"@id\":\"https:\/\/now-news.de\/de\/deutschland\/medien-westen-erfaehrt-nach-saluschnys-interview-von-kiews-haltung-zu-verhandlungen\/\"},\"author\":{\"name\":\"rtnews\",\"@id\":\"https:\/\/now-news.de\/de\/#\/schema\/person\/fb534a4e865501d8b3285208df34a9b5\"},\"headline\":\"Medien: Westen erf\u00e4hrt nach Saluschnys Interview von Kiews Haltung zu Verhandlungen\",\"datePublished\":\"2023-12-11T14:31:05+00:00\",\"dateModified\":\"2023-12-11T14:31:05+00:00\",\"mainEntityOfPage\":{\"@id\":\"https:\/\/now-news.de\/de\/deutschland\/medien-westen-erfaehrt-nach-saluschnys-interview-von-kiews-haltung-zu-verhandlungen\/\"},\"wordCount\":554,\"commentCount\":0,\"publisher\":{\"@id\":\"https:\/\/now-news.de\/de\/#organization\"},\"image\":{\"@id\":\"https:\/\/now-news.de\/de\/deutschland\/medien-westen-erfaehrt-nach-saluschnys-interview-von-kiews-haltung-zu-verhandlungen\/#primaryimage\"},\"thumbnailUrl\":\"https:\/\/now-news.de\/de\/wp-content\/uploads\/sites\/3\/2023\/12\/Medien-Westen-erfaehrt-nach-Saluschnys-Interview-von-Kiews-Haltung-zu.jpg\",\"keywords\":[\"Erf\u00e4hrt\",\"Haltung\",\"interview\",\"Kiews\",\"Medien\",\"nach\",\"Saluschnys\",\"Verhandlungen\",\"von\",\"Westen\"],\"articleSection\":[\"Deutschland\",\"Russland\"],\"inLanguage\":\"de\",\"potentialAction\":[{\"@type\":\"CommentAction\",\"name\":\"Comment\",\"target\":[\"https:\/\/now-news.de\/de\/deutschland\/medien-westen-erfaehrt-nach-saluschnys-interview-von-kiews-haltung-zu-verhandlungen\/#respond\"]}]},{\"@type\":\"WebPage\",\"@id\":\"https:\/\/now-news.de\/de\/deutschland\/medien-westen-erfaehrt-nach-saluschnys-interview-von-kiews-haltung-zu-verhandlungen\/\",\"url\":\"https:\/\/now-news.de\/de\/deutschland\/medien-westen-erfaehrt-nach-saluschnys-interview-von-kiews-haltung-zu-verhandlungen\/\",\"name\":\"Medien: Westen erf\u00e4hrt nach Saluschnys Interview von Kiews Haltung zu Verhandlungen - just-now.NEWS Deutschland\",\"isPartOf\":{\"@id\":\"https:\/\/now-news.de\/de\/#website\"},\"primaryImageOfPage\":{\"@id\":\"https:\/\/now-news.de\/de\/deutschland\/medien-westen-erfaehrt-nach-saluschnys-interview-von-kiews-haltung-zu-verhandlungen\/#primaryimage\"},\"image\":{\"@id\":\"https:\/\/now-news.de\/de\/deutschland\/medien-westen-erfaehrt-nach-saluschnys-interview-von-kiews-haltung-zu-verhandlungen\/#primaryimage\"},\"thumbnailUrl\":\"https:\/\/now-news.de\/de\/wp-content\/uploads\/sites\/3\/2023\/12\/Medien-Westen-erfaehrt-nach-Saluschnys-Interview-von-Kiews-Haltung-zu.jpg\",\"datePublished\":\"2023-12-11T14:31:05+00:00\",\"dateModified\":\"2023-12-11T14:31:05+00:00\",\"breadcrumb\":{\"@id\":\"https:\/\/now-news.de\/de\/deutschland\/medien-westen-erfaehrt-nach-saluschnys-interview-von-kiews-haltung-zu-verhandlungen\/#breadcrumb\"},\"inLanguage\":\"de\",\"potentialAction\":[{\"@type\":\"ReadAction\",\"target\":[\"https:\/\/now-news.de\/de\/deutschland\/medien-westen-erfaehrt-nach-saluschnys-interview-von-kiews-haltung-zu-verhandlungen\/\"]}]},{\"@type\":\"ImageObject\",\"inLanguage\":\"de\",\"@id\":\"https:\/\/now-news.de\/de\/deutschland\/medien-westen-erfaehrt-nach-saluschnys-interview-von-kiews-haltung-zu-verhandlungen\/#primaryimage\",\"url\":\"https:\/\/now-news.de\/de\/wp-content\/uploads\/sites\/3\/2023\/12\/Medien-Westen-erfaehrt-nach-Saluschnys-Interview-von-Kiews-Haltung-zu.jpg\",\"contentUrl\":\"https:\/\/now-news.de\/de\/wp-content\/uploads\/sites\/3\/2023\/12\/Medien-Westen-erfaehrt-nach-Saluschnys-Interview-von-Kiews-Haltung-zu.jpg\",\"width\":460,\"height\":259,\"caption\":\"Medien: Westen erf\u00e4hrt nach Saluschnys Interview von Kiews Haltung zu Verhandlungen\"},{\"@type\":\"BreadcrumbList\",\"@id\":\"https:\/\/now-news.de\/de\/deutschland\/medien-westen-erfaehrt-nach-saluschnys-interview-von-kiews-haltung-zu-verhandlungen\/#breadcrumb\",\"itemListElement\":[{\"@type\":\"ListItem\",\"position\":1,\"name\":\"Home\",\"item\":\"https:\/\/now-news.de\/de\/\"},{\"@type\":\"ListItem\",\"position\":2,\"name\":\"Medien: Westen erf\u00e4hrt nach Saluschnys Interview von Kiews Haltung zu Verhandlungen\"}]},{\"@type\":\"WebSite\",\"@id\":\"https:\/\/now-news.de\/de\/#website\",\"url\":\"https:\/\/now-news.de\/de\/\",\"name\":\"just-now.NEWS Deutschland\",\"description\":\"Das Portal f\u00fcr unzensierte Nachrichten aus der Welt\",\"publisher\":{\"@id\":\"https:\/\/now-news.de\/de\/#organization\"},\"potentialAction\":[{\"@type\":\"SearchAction\",\"target\":{\"@type\":\"EntryPoint\",\"urlTemplate\":\"https:\/\/now-news.de\/de\/?s={search_term_string}\"},\"query-input\":\"required name=search_term_string\"}],\"inLanguage\":\"de\"},{\"@type\":\"Organization\",\"@id\":\"https:\/\/now-news.de\/de\/#organization\",\"name\":\"Just Now News\",\"url\":\"https:\/\/now-news.de\/de\/\",\"logo\":{\"@type\":\"ImageObject\",\"inLanguage\":\"de\",\"@id\":\"https:\/\/now-news.de\/de\/#\/schema\/logo\/image\/\",\"url\":\"http:\/\/just-now.news\/de\/wp-content\/uploads\/sites\/3\/2022\/04\/logo500x500.jpg\",\"contentUrl\":\"http:\/\/just-now.news\/de\/wp-content\/uploads\/sites\/3\/2022\/04\/logo500x500.jpg\",\"width\":500,\"height\":500,\"caption\":\"Just Now News\"},\"image\":{\"@id\":\"https:\/\/now-news.de\/de\/#\/schema\/logo\/image\/\"},\"sameAs\":[\"https:\/\/www.facebook.com\/wirmachenauf\",\"https:\/\/x.com\/WirMachenAuf_de\"]},{\"@type\":\"Person\",\"@id\":\"https:\/\/now-news.de\/de\/#\/schema\/person\/fb534a4e865501d8b3285208df34a9b5\",\"name\":\"rtnews\",\"image\":{\"@type\":\"ImageObject\",\"inLanguage\":\"de\",\"@id\":\"https:\/\/now-news.de\/de\/#\/schema\/person\/image\/\",\"url\":\"https:\/\/secure.gravatar.com\/avatar\/82aafea7d8127119dd649515f56e2117?s=96&d=mm&r=g\",\"contentUrl\":\"https:\/\/secure.gravatar.com\/avatar\/82aafea7d8127119dd649515f56e2117?s=96&d=mm&r=g\",\"caption\":\"rtnews\"},\"url\":\"https:\/\/now-news.de\/de\/author\/rnews\/\"}]}<\/script>\n<!-- \/ Yoast SEO Premium plugin. -->","yoast_head_json":{"title":"Medien: Westen erf\u00e4hrt nach Saluschnys Interview von Kiews Haltung zu Verhandlungen - just-now.NEWS Deutschland","robots":{"index":"index","follow":"follow","max-snippet":"max-snippet:-1","max-image-preview":"max-image-preview:large","max-video-preview":"max-video-preview:-1"},"canonical":"https:\/\/now-news.de\/de\/deutschland\/medien-westen-erfaehrt-nach-saluschnys-interview-von-kiews-haltung-zu-verhandlungen\/","og_locale":"de_DE","og_type":"article","og_title":"Medien: Westen erf\u00e4hrt nach Saluschnys Interview von Kiews Haltung zu Verhandlungen","og_description":"Westliche Staatschefs riefen in Kiew an, nachdem der ukrainische Armeechef Saluschny in einem Interview \u00fcber eine &#8220;Sackgasse&#8221; im Krieg gegen Russland gesprochen hatte, so die Financial Times. Die Politiker wollten den ukrainischen Standpunkt zu den Verhandlungen mit Moskau erfahren. Die \u00c4u\u00dferungen des Oberkommandierenden der ukrainischen Streitkr\u00e4fte, Waleri Saluschny, \u00fcber den Stillstand im Konflikt mit Russland [&hellip;]","og_url":"https:\/\/now-news.de\/de\/deutschland\/medien-westen-erfaehrt-nach-saluschnys-interview-von-kiews-haltung-zu-verhandlungen\/","og_site_name":"just-now.NEWS Deutschland","article_publisher":"https:\/\/www.facebook.com\/wirmachenauf","article_published_time":"2023-12-11T14:31:05+00:00","og_image":[{"width":460,"height":259,"url":"https:\/\/now-news.de\/de\/wp-content\/uploads\/sites\/3\/2023\/12\/Medien-Westen-erfaehrt-nach-Saluschnys-Interview-von-Kiews-Haltung-zu.jpg","type":"image\/jpeg"}],"author":"rtnews","twitter_card":"summary_large_image","twitter_creator":"@WirMachenAuf_de","twitter_site":"@WirMachenAuf_de","twitter_misc":{"Verfasst von":"rtnews","Gesch\u00e4tzte Lesezeit":"3\u00a0Minuten"},"schema":{"@context":"https:\/\/schema.org","@graph":[{"@type":"Article","@id":"https:\/\/now-news.de\/de\/deutschland\/medien-westen-erfaehrt-nach-saluschnys-interview-von-kiews-haltung-zu-verhandlungen\/#article","isPartOf":{"@id":"https:\/\/now-news.de\/de\/deutschland\/medien-westen-erfaehrt-nach-saluschnys-interview-von-kiews-haltung-zu-verhandlungen\/"},"author":{"name":"rtnews","@id":"https:\/\/now-news.de\/de\/#\/schema\/person\/fb534a4e865501d8b3285208df34a9b5"},"headline":"Medien: Westen erf\u00e4hrt nach Saluschnys Interview von Kiews Haltung zu Verhandlungen","datePublished":"2023-12-11T14:31:05+00:00","dateModified":"2023-12-11T14:31:05+00:00","mainEntityOfPage":{"@id":"https:\/\/now-news.de\/de\/deutschland\/medien-westen-erfaehrt-nach-saluschnys-interview-von-kiews-haltung-zu-verhandlungen\/"},"wordCount":554,"commentCount":0,"publisher":{"@id":"https:\/\/now-news.de\/de\/#organization"},"image":{"@id":"https:\/\/now-news.de\/de\/deutschland\/medien-westen-erfaehrt-nach-saluschnys-interview-von-kiews-haltung-zu-verhandlungen\/#primaryimage"},"thumbnailUrl":"https:\/\/now-news.de\/de\/wp-content\/uploads\/sites\/3\/2023\/12\/Medien-Westen-erfaehrt-nach-Saluschnys-Interview-von-Kiews-Haltung-zu.jpg","keywords":["Erf\u00e4hrt","Haltung","interview","Kiews","Medien","nach","Saluschnys","Verhandlungen","von","Westen"],"articleSection":["Deutschland","Russland"],"inLanguage":"de","potentialAction":[{"@type":"CommentAction","name":"Comment","target":["https:\/\/now-news.de\/de\/deutschland\/medien-westen-erfaehrt-nach-saluschnys-interview-von-kiews-haltung-zu-verhandlungen\/#respond"]}]},{"@type":"WebPage","@id":"https:\/\/now-news.de\/de\/deutschland\/medien-westen-erfaehrt-nach-saluschnys-interview-von-kiews-haltung-zu-verhandlungen\/","url":"https:\/\/now-news.de\/de\/deutschland\/medien-westen-erfaehrt-nach-saluschnys-interview-von-kiews-haltung-zu-verhandlungen\/","name":"Medien: Westen erf\u00e4hrt nach Saluschnys Interview von Kiews Haltung zu Verhandlungen - just-now.NEWS Deutschland","isPartOf":{"@id":"https:\/\/now-news.de\/de\/#website"},"primaryImageOfPage":{"@id":"https:\/\/now-news.de\/de\/deutschland\/medien-westen-erfaehrt-nach-saluschnys-interview-von-kiews-haltung-zu-verhandlungen\/#primaryimage"},"image":{"@id":"https:\/\/now-news.de\/de\/deutschland\/medien-westen-erfaehrt-nach-saluschnys-interview-von-kiews-haltung-zu-verhandlungen\/#primaryimage"},"thumbnailUrl":"https:\/\/now-news.de\/de\/wp-content\/uploads\/sites\/3\/2023\/12\/Medien-Westen-erfaehrt-nach-Saluschnys-Interview-von-Kiews-Haltung-zu.jpg","datePublished":"2023-12-11T14:31:05+00:00","dateModified":"2023-12-11T14:31:05+00:00","breadcrumb":{"@id":"https:\/\/now-news.de\/de\/deutschland\/medien-westen-erfaehrt-nach-saluschnys-interview-von-kiews-haltung-zu-verhandlungen\/#breadcrumb"},"inLanguage":"de","potentialAction":[{"@type":"ReadAction","target":["https:\/\/now-news.de\/de\/deutschland\/medien-westen-erfaehrt-nach-saluschnys-interview-von-kiews-haltung-zu-verhandlungen\/"]}]},{"@type":"ImageObject","inLanguage":"de","@id":"https:\/\/now-news.de\/de\/deutschland\/medien-westen-erfaehrt-nach-saluschnys-interview-von-kiews-haltung-zu-verhandlungen\/#primaryimage","url":"https:\/\/now-news.de\/de\/wp-content\/uploads\/sites\/3\/2023\/12\/Medien-Westen-erfaehrt-nach-Saluschnys-Interview-von-Kiews-Haltung-zu.jpg","contentUrl":"https:\/\/now-news.de\/de\/wp-content\/uploads\/sites\/3\/2023\/12\/Medien-Westen-erfaehrt-nach-Saluschnys-Interview-von-Kiews-Haltung-zu.jpg","width":460,"height":259,"caption":"Medien: Westen erf\u00e4hrt nach Saluschnys Interview von Kiews Haltung zu Verhandlungen"},{"@type":"BreadcrumbList","@id":"https:\/\/now-news.de\/de\/deutschland\/medien-westen-erfaehrt-nach-saluschnys-interview-von-kiews-haltung-zu-verhandlungen\/#breadcrumb","itemListElement":[{"@type":"ListItem","position":1,"name":"Home","item":"https:\/\/now-news.de\/de\/"},{"@type":"ListItem","position":2,"name":"Medien: Westen erf\u00e4hrt nach Saluschnys Interview von Kiews Haltung zu Verhandlungen"}]},{"@type":"WebSite","@id":"https:\/\/now-news.de\/de\/#website","url":"https:\/\/now-news.de\/de\/","name":"just-now.NEWS Deutschland","description":"Das Portal f\u00fcr unzensierte Nachrichten aus der Welt","publisher":{"@id":"https:\/\/now-news.de\/de\/#organization"},"potentialAction":[{"@type":"SearchAction","target":{"@type":"EntryPoint","urlTemplate":"https:\/\/now-news.de\/de\/?s={search_term_string}"},"query-input":"required name=search_term_string"}],"inLanguage":"de"},{"@type":"Organization","@id":"https:\/\/now-news.de\/de\/#organization","name":"Just Now News","url":"https:\/\/now-news.de\/de\/","logo":{"@type":"ImageObject","inLanguage":"de","@id":"https:\/\/now-news.de\/de\/#\/schema\/logo\/image\/","url":"http:\/\/just-now.news\/de\/wp-content\/uploads\/sites\/3\/2022\/04\/logo500x500.jpg","contentUrl":"http:\/\/just-now.news\/de\/wp-content\/uploads\/sites\/3\/2022\/04\/logo500x500.jpg","width":500,"height":500,"caption":"Just Now News"},"image":{"@id":"https:\/\/now-news.de\/de\/#\/schema\/logo\/image\/"},"sameAs":["https:\/\/www.facebook.com\/wirmachenauf","https:\/\/x.com\/WirMachenAuf_de"]},{"@type":"Person","@id":"https:\/\/now-news.de\/de\/#\/schema\/person\/fb534a4e865501d8b3285208df34a9b5","name":"rtnews","image":{"@type":"ImageObject","inLanguage":"de","@id":"https:\/\/now-news.de\/de\/#\/schema\/person\/image\/","url":"https:\/\/secure.gravatar.com\/avatar\/82aafea7d8127119dd649515f56e2117?s=96&d=mm&r=g","contentUrl":"https:\/\/secure.gravatar.com\/avatar\/82aafea7d8127119dd649515f56e2117?s=96&d=mm&r=g","caption":"rtnews"},"url":"https:\/\/now-news.de\/de\/author\/rnews\/"}]}},"_links":{"self":[{"href":"https:\/\/now-news.de\/de\/wp-json\/wp\/v2\/posts\/51349"}],"collection":[{"href":"https:\/\/now-news.de\/de\/wp-json\/wp\/v2\/posts"}],"about":[{"href":"https:\/\/now-news.de\/de\/wp-json\/wp\/v2\/types\/post"}],"author":[{"embeddable":true,"href":"https:\/\/now-news.de\/de\/wp-json\/wp\/v2\/users\/3"}],"replies":[{"embeddable":true,"href":"https:\/\/now-news.de\/de\/wp-json\/wp\/v2\/comments?post=51349"}],"version-history":[{"count":0,"href":"https:\/\/now-news.de\/de\/wp-json\/wp\/v2\/posts\/51349\/revisions"}],"wp:featuredmedia":[{"embeddable":true,"href":"https:\/\/now-news.de\/de\/wp-json\/wp\/v2\/media\/51350"}],"wp:attachment":[{"href":"https:\/\/now-news.de\/de\/wp-json\/wp\/v2\/media?parent=51349"}],"wp:term":[{"taxonomy":"category","embeddable":true,"href":"https:\/\/now-news.de\/de\/wp-json\/wp\/v2\/categories?post=51349"},{"taxonomy":"post_tag","embeddable":true,"href":"https:\/\/now-news.de\/de\/wp-json\/wp\/v2\/tags?post=51349"}],"curies":[{"name":"wp","href":"https:\/\/api.w.org\/{rel}","templated":true}]}}