{"id":51337,"date":"2023-12-11T13:25:58","date_gmt":"2023-12-11T11:25:58","guid":{"rendered":"https:\/\/just-now.news\/de\/deutschland\/heuchelei-in-den-haag-anklagen-am-strafgerichtshof-gegen-russen-nicht-aber-gegen-israelis\/"},"modified":"2023-12-11T13:25:58","modified_gmt":"2023-12-11T11:25:58","slug":"heuchelei-in-den-haag-anklagen-am-strafgerichtshof-gegen-russen-nicht-aber-gegen-israelis","status":"publish","type":"post","link":"https:\/\/now-news.de\/de\/deutschland\/heuchelei-in-den-haag-anklagen-am-strafgerichtshof-gegen-russen-nicht-aber-gegen-israelis\/","title":{"rendered":"Heuchelei in Den Haag: Anklagen am Strafgerichtshof gegen Russen, nicht aber gegen Israelis"},"content":{"rendered":"<p><img decoding=\"async\" src=\"http:\/\/just-now.news\/de\/wp-content\/uploads\/sites\/3\/2023\/12\/6575c127b480cc5fea420e07.jpg\" \/><\/p>\n<div class=\"Text-root Text-type_1 \">\n                Der Ruf des Internationalen Strafgerichtshofs k\u00f6nnte v\u00f6llig zerst\u00f6rt werden, wenn die Verbrechen gegen Pal\u00e4stina nicht gr\u00fcndlich untersucht werden, sagte der amerikanische Anwalt Stanley Cohen. Ihm zufolge gibt es &#8220;viele weitere M\u00f6glichkeiten&#8221; zur Verfolgung von Kriegsverbrechen.\n            <\/div>\n<p><\/p>\n<div class=\"Text-root Text-type_5 ArticleView-text ViewText-root \">\n<p><em>Von Robert Inlakesh<\/em><\/p>\n<p>In den ersten Wochen des Gaza-Israel-Krieges gab der Ankl\u00e4ger des IStGH eine Erkl\u00e4rung ab, in der er sagte, dass die Behinderung von Hilfslieferungen an den Gazastreifen ein Verbrechen darstellen k\u00f6nnte. Sp\u00e4ter stellte sich jedoch heraus, dass er nach Israel gereist war, und wird nun beschuldigt, die Ermittlungen des Gerichts zu Kriegsverbrechen zu behindern. &#8220;Wenn dies kein Fall ist, der ein internationales Tribunal erfordert, dann sollte das R\u00f6mische Statut null und nichtig sein&#8221;, sagte der amerikanische Anwalt Stanley Cohen im Gespr\u00e4ch mit <em>RT<\/em>.<\/p>\n<p>Am 29. Oktober warnte der Ankl\u00e4ger des Internationalen Strafgerichtshofs (IStGH), Karim Khan, die israelische Regierung, dass die Behinderung des Transfers von Hilfsg\u00fctern in den Gazastreifen zu einer &#8220;<a rel=\"nofollow noopener\" target=\"_blank\" href=\"https:\/\/www.aljazeera.com\/news\/2023\/10\/29\/impeding-aid-could-be-crime-under-icc-jurisdiction-prosecutor-warns\">strafrechtlichen Verfolgung<\/a>&#8221; gem\u00e4\u00df dem R\u00f6mischen Statut f\u00fchren k\u00f6nnte. In seiner Rede in der \u00e4gyptischen Hauptstadt Kairo <a rel=\"nofollow noopener\" target=\"_blank\" href=\"https:\/\/www.icc-cpi.int\/news\/statement-icc-prosecutor-karim-khan-kc-cairo-situation-state-palestine-and-israel#:~:text=International%20Criminal%20Court%20Prosecutor%20Karim,State%20of%20Palestine%20and%20Israel.\">konzentrierte sich Karim Khan jedoch viel st\u00e4rker auf den von der Hamas gef\u00fchrten Angriff<\/a> vom 7. Oktober als auf irgendetwas, das das israelische Milit\u00e4r im Gazastreifen begangen hat. Nach den \u00c4u\u00dferungen des IStGH-Ankl\u00e4gers wurde die Frage aufgeworfen, ob sich der Gerichtshof bei der Verfolgung von Verbrechen, die in ganz Pal\u00e4stina und Israel begangen wurden, als n\u00fctzlich erweisen wird.<\/p>\n<p>Der renommierte amerikanische Anwalt Stanley Cohen kommentierte die \u00c4u\u00dferungen von Karim Khan in Kairo. Cohen sagte, dass Khan &#8220;eher best\u00e4tigende, deklaratorische Argumente dar\u00fcber vorgebracht hat, was die Hamas, was die Qassam-Brigaden getan haben, wie, wann, wo, was passiert ist. In Ermangelung jeglicher unabh\u00e4ngiger Untersuchungen, in Ermangelung jeglicher unabh\u00e4ngiger Beweise, die bis zu einem gewissen Grad auf Propaganda-Verzerrungen und alternativen Geheimdienstinformationen beruhen, die in Umlauf gebracht wurden.&#8221;<\/p>\n<blockquote>\n<p><em>&#8220;Wenn ich einer der Anw\u00e4lte w\u00e4re, die die Pal\u00e4stinenser vor dem IStGH vertreten, w\u00fcrde ich angesichts der Kommentare des Ankl\u00e4gers verlangen, dass er sich zur\u00fcckzieht&#8221;, so Cohen weiter.<\/em><\/p>\n<\/blockquote>\n<p>Im M\u00e4rz 2021 <a rel=\"nofollow noopener\" target=\"_blank\" href=\"https:\/\/www.icc-cpi.int\/news\/statement-icc-prosecutor-fatou-bensouda-respecting-investigation-situation-palestine\">er\u00f6ffnete der IStGH offiziell eine Untersuchung<\/a> von Kriegsverbrechen, die seit dem 13. Juni 2014 in Pal\u00e4stina begangen worden sein sollen \u2013 und zwar von allen beteiligten Parteien. Dies bedeute technisch gesehen, dass die k\u00fcrzlich begangenen Verbrechen Gegenstand einer Untersuchung sein und die Verantwortlichen theoretisch strafrechtlich belangt werden k\u00f6nnten. Im Jahr 2021 erkl\u00e4rte Israels f\u00fchrende Menschenrechtsorganisation <a rel=\"nofollow noopener\" target=\"_blank\" href=\"https:\/\/www.btselem.org\/publications\/fulltext\/202101_this_is_apartheid\">B&#8217;Tselem<\/a> gemeinsam mit <a rel=\"nofollow noopener\" target=\"_blank\" href=\"https:\/\/www.hrw.org\/report\/2021\/04\/27\/threshold-crossed\/israeli-authorities-and-crimes-apartheid-and-persecution\">Human Rights Watch<\/a>, dass die israelische Regierung ein Apartheidregime gegen die Pal\u00e4stinenser betreibe. Im Jahr 2022 <a rel=\"nofollow noopener\" target=\"_blank\" href=\"https:\/\/www.amnesty.org\/en\/latest\/news\/2022\/02\/israels-apartheid-against-palestinians-a-cruel-system-of-domination-and-a-crime-against-humanity\/\">folgte Amnesty International diesem Beispiel<\/a> und ver\u00f6ffentlichte einen eigenen ausf\u00fchrlichen Bericht, in dem die Organisation begr\u00fcndete, warum sie ebenfalls beschlossen hat, Israel des Verbrechens der Apartheid anzuklagen. Der IStGH hat nach dem R\u00f6mischen Statut das Recht, diejenigen strafrechtlich zu verfolgen, die das Verbrechen der Apartheid begehen.<\/p>\n<p>Wie die in den USA ans\u00e4ssige Denkfabrik Arab Center Washington DC im September <a rel=\"nofollow noopener\" target=\"_blank\" href=\"https:\/\/arabcenterdc.org\/resource\/the-international-criminal-courts-failure-to-hold-israel-accountable\/\">feststellte<\/a>, hat der IStGH in den vergangenen zwei Jahren jedoch &#8220;wenig getan&#8221;, trotz des &#8220;erkl\u00e4rten Wunsches des Ankl\u00e4gers, die Glaubw\u00fcrdigkeit des Gerichts zu verbessern, und seiner privaten Beteuerungen, dass ihm die Pal\u00e4stinafrage am Herzen liegt&#8221;. Obwohl Israel erkl\u00e4rt hat, dass es &#8220;<a rel=\"nofollow noopener\" target=\"_blank\" href=\"https:\/\/www.bbc.com\/news\/world-middle-east-56687437\">nicht mit dem IStGH zusammenarbeiten wird<\/a>&#8221; und gegen dessen angek\u00fcndigte Untersuchung von Kriegsverbrechen im Jahr 2021 protestiert, haben die Familien der am 7. Oktober get\u00f6teten Israelis den <a rel=\"nofollow noopener\" target=\"_blank\" href=\"https:\/\/www.timesofisrael.com\/liveblog_entry\/israeli-families-bring-war-crime-genocide-complaint-against-hamas-to-icc\/\">Gerichtshof aufgefordert, eine Untersuchung der angeblichen Verbrechen der Hamas einzuleiten<\/a>. Dies bringt die israelische Regierung in eine schwierige Lage, da sie wiederholt erkl\u00e4rt hat, dass der IStGH keine Zust\u00e4ndigkeit auf ihrem Hoheitsgebiet hat. Die Hamas hingegen <a rel=\"nofollow noopener\" target=\"_blank\" href=\"https:\/\/www.reuters.com\/article\/warcrimes-icc-palestinians-hamas-idINJ7N29P03P\">begr\u00fc\u00dfte die Untersuchung von Kriegsverbrechen durch den IStGH<\/a> und verteidigte gleichzeitig ihr eigenes Vorgehen.<\/p>\n<p>Auf die Frage, warum der IStGH noch keine Anklage gegen die Verantwortlichen f\u00fcr die in den besetzten pal\u00e4stinensischen Gebieten begangenen Verbrechen erhoben hat, antwortete Stanley Cohen:<\/p>\n<blockquote>\n<p><em>&#8220;Sie haben innerhalb von vier Tagen eine Anklage gegen Putin auf der Grundlage von Behauptungen erhoben, f\u00fcr die es sicherlich einen hinreichenden Verdacht gibt. Im Falle Israels hatten Sie neun Jahre Zeit, um systematische Verst\u00f6\u00dfe gegen das V\u00f6lkerrecht, die Verletzung des Kriegsrechts, Menschenrechtsverletzungen, kollektive Bestrafung, Verst\u00f6\u00dfe gegen den humanit\u00e4ren Kodex und Verbrechen gegen die Menschlichkeit zu finden, zu untersuchen und zu best\u00e4tigen. Kriegsverbrechen.&#8221;<\/em><\/p>\n<\/blockquote>\n<p>Cohen f\u00fcgte au\u00dferdem hinzu: &#8220;Ich wei\u00df nicht, warum es zwei Jahre gedauert hat. Es sollte jetzt eine laufende Untersuchung geben. Ich war an den vorl\u00e4ufigen Antr\u00e4gen an den IStGH beteiligt. Es gab in den zur\u00fcckliegenden neun Jahren Hunderte und Aberhunderte von Erkl\u00e4rungen, eidesstattlichen Erkl\u00e4rungen, Videos, Filmen, Gest\u00e4ndnissen und Aussagen, die dem ICC vorlagen. Der Zyniker in mir fragt sich, ob diese Arbeit auch so schnell gegangen w\u00e4re, wenn die Zielpersonen afrikanisch w\u00e4ren, wenn sie schwarz w\u00e4ren, denn der IStGH ist daf\u00fcr bekannt, dass er bewusst mit hoher Geschwindigkeit vorgeht, wenn es um afrikanische Angeklagte oder Zielpersonen oder farbige Menschen geht.&#8221;<\/p>\n<p>Da die Zahl der Kinder, die allein im Gazastreifen infolge des israelischen Krieges gegen die belagerte K\u00fcstenenklave ums Leben gekommen sind, <a rel=\"nofollow noopener\" target=\"_blank\" href=\"https:\/\/reliefweb.int\/report\/occupied-palestinian-territory\/friday-17-november-twenty-thousand-palestinians-believed-be-killed-israels-genocide-gaza-enar#:~:text=Geneva%20%E2%80%93%20As%20the%20war%20on,with%20little%20hope%20of%20survival\">mehr als sechsmal so hoch<\/a> ist wie die <a rel=\"nofollow noopener\" target=\"_blank\" href=\"https:\/\/www.haaretz.com\/israel-news\/2023-10-19\/ty-article-magazine\/israels-dead-the-names-of-those-killed-in-hamas-massacres-and-the-israel-hamas-war\/0000018b-325c-d450-a3af-7b5cf0210000https:\/\/www.haaretz.com\/israel-news\/2023-10-19\/ty-article-magazine\/israels-dead-the-names-of-those-killed-in-hamas-massacres-and-the-israel-hamas-war\/0000018b-325c-d450-a3af-7b5cf0210000\">Gesamtzahl der israelischen Zivilisten, die seit dem 7. Oktober ums Leben gekommen sind<\/a>, stellt sich die Frage, ob der IStGH die an Pal\u00e4stinensern begangenen Verbrechen mit der gleichen Ernsthaftigkeit betrachtet. Wenn dieser Fall vorankommt und die nicht enden wollende Liste von Kriegsverbrechen untersucht wird, die in ganz Pal\u00e4stina und Israel begangen wurden, k\u00f6nnte dies vielleicht einen Teil der Legitimit\u00e4t des Gerichtshofs retten, der wiederholt von afrikanischen F\u00fchrern beschuldigt wurde, <a rel=\"nofollow noopener\" target=\"_blank\" href=\"https:\/\/www.dw.com\/en\/africas-fractured-relationship-with-the-icc\/a-66257611#:~:text=African%20leaders%20have%20complained%20about,say%20those%20claims%20are%20unjustified.\">zu Unrecht gegen Ziele vorzugehen<\/a>. Da die meisten Anklagen des IStGH gegen Personen auf dem afrikanischen Kontinent erhoben wurden, haben einige sogar vorgeschlagen, den IStGH in Afrikanischen Strafgerichtshof umzubenennen.<\/p>\n<p>Als bekannt wurde, dass der Ankl\u00e4ger des IStGH, Karim Khan, nach Israel gereist war, machte er schnell Pl\u00e4ne f\u00fcr ein Treffen mit dem pal\u00e4stinensischen Pr\u00e4sidenten Mahmoud Abbas und pal\u00e4stinensischen Menschenrechtsgruppen, was die Sache noch schlimmer machte. Die in den besetzten Gebieten ans\u00e4ssigen Menschenrechtsgruppen <a rel=\"nofollow noopener\" target=\"_blank\" href=\"https:\/\/www.reuters.com\/world\/middle-east\/palestinian-rights-groups-snub-icc-prosecutor-2023-12-02\/\">lehnten jedoch seine Bitte um ein Treffen ab<\/a>. Ammar Al-Dwaik, der Generaldirektor der Unabh\u00e4ngigen Kommission f\u00fcr Menschenrechte (ICHR), sagte, dass &#8220;die Art und Weise, wie dieser Besuch gehandhabt wurde, zeigt, dass Herr Khan seine Arbeit nicht unabh\u00e4ngig und professionell ausf\u00fchrt&#8221;.<\/p>\n<p>Stanley Cohen zufolge gibt es neben dem Internationalen Strafgerichtshof &#8220;viele weitere M\u00f6glichkeiten&#8221; zur Verfolgung von Kriegsverbrechen, darunter den Internationalen Gerichtshof (IGH). &#8220;Au\u00dferdem gibt es Gerichte mit universeller Zust\u00e4ndigkeit wie S\u00fcdafrika und Spanien und etwa ein Dutzend anderer L\u00e4nder, die zweifellos ebenfalls Ermittlungen im Rahmen der universellen Zust\u00e4ndigkeit einleiten werden&#8221;, sagte er.<\/p>\n<p>Ob der IStGH jetzt handelt, wird entweder seine Rettung sein oder den Ruf des Gerichtshofs f\u00fcr immer beflecken. Das schiere Ausma\u00df der Gr\u00e4ueltaten, die derzeit im Gazastreifen begangen werden, ist schwer zu beschreiben. <a rel=\"nofollow noopener\" target=\"_blank\" href=\"https:\/\/www.middleeastmonitor.com\/20231103-rights-group-israel-dropped-equivalent-to-2-nuclear-bombs-on-gaza\/\">Es wurde mehr Sprengstoff auf das belagerte Gebiet abgeworfen<\/a>, als die Sprengwirkung der Atombombe hatte, die die Vereinigten Staaten auf Hiroshima abgeworfen haben. Gleichzeitig wird der Zugang zu Nahrungsmitteln, Wasser, medizinischer Hilfe, Treibstoff und Strom verhindert oder in anderen F\u00e4llen stark eingeschr\u00e4nkt. Etwa <a rel=\"nofollow noopener\" target=\"_blank\" href=\"https:\/\/www.aa.com.tr\/en\/middle-east\/15m-palestinians-displaced-in-gaza-strip-since-oct-7-says-un-agency\/3044879\">1,5 Millionen Zivilisten wurden vertrieben<\/a>, <a rel=\"nofollow noopener\" target=\"_blank\" href=\"https:\/\/reliefweb.int\/report\/occupied-palestinian-territory\/friday-17-november-twenty-thousand-palestinians-believed-be-killed-israels-genocide-gaza-enar#:~:text=Geneva%20%E2%80%93%20As%20the%20war%20on,with%20little%20hope%20of%20survival\">rund 20.000 Menschen wurden get\u00f6tet<\/a> und mehr als 30.000 verletzt.<\/p>\n<p><em>\u00dcbersetzt aus dem <a rel=\"nofollow noopener\" target=\"_blank\" href=\"https:\/\/swentr.site\/news\/588692-rome-statute-should-be-null\/\">Englischen<\/a>.<\/em><\/p>\n<p><em><strong>Robert Inlakesh<\/strong> ist ein politischer Analyst, Journalist und Dokumentarfilmer, der derzeit in London, Gro\u00dfbritannien, lebt. Er hat aus den pal\u00e4stinensischen Gebieten berichtet und dort gelebt und arbeitet derzeit f\u00fcr Quds News. Regisseur von &#8220;Diebstahl des Jahrhunderts: Trumps Pal\u00e4stina-Israel-Katastrophe&#8221;.<\/em><\/p>\n<p><strong>Mehr zum Thema\u00a0<\/strong>\u2013 <a rel=\"nofollow noopener\" target=\"_blank\" href=\"https:\/\/freedert.online\/kurzclips\/video\/189483-netanjahus-berater-zu-entbloessten-palaestinensern\/\">Netanjahus Berater zu entbl\u00f6\u00dften Pal\u00e4stinensern: &#8220;Wir sind im Nahen Osten, hier ist es w\u00e4rmer&#8221;<\/a><\/p>\n<\/p>\n<\/div>\n<p><br \/>\n<br \/><a href=\"https:\/\/de.rt.com\/meinung\/189470-heuchelei-in-haag-anklagen-beim\/\">Source link <\/a><\/p>\n","protected":false},"excerpt":{"rendered":"<p>Der Ruf des Internationalen Strafgerichtshofs k\u00f6nnte v\u00f6llig zerst\u00f6rt werden, wenn die Verbrechen gegen Pal\u00e4stina nicht gr\u00fcndlich untersucht werden, sagte der amerikanische Anwalt Stanley Cohen. Ihm zufolge gibt es &#8220;viele weitere M\u00f6glichkeiten&#8221; zur Verfolgung von Kriegsverbrechen. Von Robert Inlakesh In den ersten Wochen des Gaza-Israel-Krieges gab der Ankl\u00e4ger des IStGH eine Erkl\u00e4rung ab, in der er [&hellip;]<\/p>\n","protected":false},"author":3,"featured_media":51338,"comment_status":"open","ping_status":"open","sticky":false,"template":"","format":"standard","meta":{"_yoast_indexnow_last_ping":["1702294417"],"wp_automatic_camp":["217"],"e7647da3c1c637b15f522eda27ff31d0":["Heuchelei in Den Haag: Anklagen am Strafgerichtshof gegen Russen, nicht aber gegen Israelis"],"original_link":["https:\/\/de.rt.com\/meinung\/189470-heuchelei-in-haag-anklagen-beim\/"],"_thumbnail_id":["51338"],"_wptgpro_p2tg_sent2tg":["a:1:{i:23737;s:19:\"2023-12-11 13:35:00\";}"],"jnews_social_counter_last_update":["1777661697"]},"categories":[19,23],"tags":[2205,20820,48,278,6302,25784,15699,800,4405,30684],"yoast_head":"<!-- This site is optimized with the Yoast SEO Premium plugin v22.7 (Yoast SEO v22.7) - https:\/\/yoast.com\/wordpress\/plugins\/seo\/ -->\n<title>Heuchelei in Den Haag: Anklagen am Strafgerichtshof gegen Russen, nicht aber gegen Israelis - just-now.NEWS Deutschland<\/title>\n<meta name=\"robots\" content=\"index, follow, max-snippet:-1, max-image-preview:large, max-video-preview:-1\" \/>\n<link rel=\"canonical\" href=\"https:\/\/now-news.de\/de\/deutschland\/heuchelei-in-den-haag-anklagen-am-strafgerichtshof-gegen-russen-nicht-aber-gegen-israelis\/\" \/>\n<meta property=\"og:locale\" content=\"de_DE\" \/>\n<meta property=\"og:type\" content=\"article\" \/>\n<meta property=\"og:title\" content=\"Heuchelei in Den Haag: Anklagen am Strafgerichtshof gegen Russen, nicht aber gegen Israelis\" \/>\n<meta property=\"og:description\" content=\"Der Ruf des Internationalen Strafgerichtshofs k\u00f6nnte v\u00f6llig zerst\u00f6rt werden, wenn die Verbrechen gegen Pal\u00e4stina nicht gr\u00fcndlich untersucht werden, sagte der amerikanische Anwalt Stanley Cohen. Ihm zufolge gibt es &#8220;viele weitere M\u00f6glichkeiten&#8221; zur Verfolgung von Kriegsverbrechen. Von Robert Inlakesh In den ersten Wochen des Gaza-Israel-Krieges gab der Ankl\u00e4ger des IStGH eine Erkl\u00e4rung ab, in der er [&hellip;]\" \/>\n<meta property=\"og:url\" content=\"https:\/\/now-news.de\/de\/deutschland\/heuchelei-in-den-haag-anklagen-am-strafgerichtshof-gegen-russen-nicht-aber-gegen-israelis\/\" \/>\n<meta property=\"og:site_name\" content=\"just-now.NEWS Deutschland\" \/>\n<meta property=\"article:publisher\" content=\"https:\/\/www.facebook.com\/wirmachenauf\" \/>\n<meta property=\"article:published_time\" content=\"2023-12-11T11:25:58+00:00\" \/>\n<meta property=\"og:image\" content=\"https:\/\/now-news.de\/de\/wp-content\/uploads\/sites\/3\/2023\/12\/Heuchelei-in-Den-Haag-Anklagen-am-Strafgerichtshof-gegen-Russen-nicht.jpg\" \/>\n\t<meta property=\"og:image:width\" content=\"460\" \/>\n\t<meta property=\"og:image:height\" content=\"259\" \/>\n\t<meta property=\"og:image:type\" content=\"image\/jpeg\" \/>\n<meta name=\"author\" content=\"rtnews\" \/>\n<meta name=\"twitter:card\" content=\"summary_large_image\" \/>\n<meta name=\"twitter:creator\" content=\"@WirMachenAuf_de\" \/>\n<meta name=\"twitter:site\" content=\"@WirMachenAuf_de\" \/>\n<meta name=\"twitter:label1\" content=\"Verfasst von\" \/>\n\t<meta name=\"twitter:data1\" content=\"rtnews\" \/>\n\t<meta name=\"twitter:label2\" content=\"Gesch\u00e4tzte Lesezeit\" \/>\n\t<meta name=\"twitter:data2\" content=\"6\u00a0Minuten\" \/>\n<script type=\"application\/ld+json\" class=\"yoast-schema-graph\">{\"@context\":\"https:\/\/schema.org\",\"@graph\":[{\"@type\":\"Article\",\"@id\":\"https:\/\/now-news.de\/de\/deutschland\/heuchelei-in-den-haag-anklagen-am-strafgerichtshof-gegen-russen-nicht-aber-gegen-israelis\/#article\",\"isPartOf\":{\"@id\":\"https:\/\/now-news.de\/de\/deutschland\/heuchelei-in-den-haag-anklagen-am-strafgerichtshof-gegen-russen-nicht-aber-gegen-israelis\/\"},\"author\":{\"name\":\"rtnews\",\"@id\":\"https:\/\/now-news.de\/de\/#\/schema\/person\/fb534a4e865501d8b3285208df34a9b5\"},\"headline\":\"Heuchelei in Den Haag: Anklagen am Strafgerichtshof gegen Russen, nicht aber gegen Israelis\",\"datePublished\":\"2023-12-11T11:25:58+00:00\",\"dateModified\":\"2023-12-11T11:25:58+00:00\",\"mainEntityOfPage\":{\"@id\":\"https:\/\/now-news.de\/de\/deutschland\/heuchelei-in-den-haag-anklagen-am-strafgerichtshof-gegen-russen-nicht-aber-gegen-israelis\/\"},\"wordCount\":1285,\"commentCount\":0,\"publisher\":{\"@id\":\"https:\/\/now-news.de\/de\/#organization\"},\"image\":{\"@id\":\"https:\/\/now-news.de\/de\/deutschland\/heuchelei-in-den-haag-anklagen-am-strafgerichtshof-gegen-russen-nicht-aber-gegen-israelis\/#primaryimage\"},\"thumbnailUrl\":\"https:\/\/now-news.de\/de\/wp-content\/uploads\/sites\/3\/2023\/12\/Heuchelei-in-Den-Haag-Anklagen-am-Strafgerichtshof-gegen-Russen-nicht.jpg\",\"keywords\":[\"aber\",\"anklagen\",\"den\",\"gegen\",\"Haag\",\"Heuchelei\",\"Israelis\",\"nicht\",\"Russen\",\"Strafgerichtshof\"],\"articleSection\":[\"Deutschland\",\"Russland\"],\"inLanguage\":\"de\",\"potentialAction\":[{\"@type\":\"CommentAction\",\"name\":\"Comment\",\"target\":[\"https:\/\/now-news.de\/de\/deutschland\/heuchelei-in-den-haag-anklagen-am-strafgerichtshof-gegen-russen-nicht-aber-gegen-israelis\/#respond\"]}]},{\"@type\":\"WebPage\",\"@id\":\"https:\/\/now-news.de\/de\/deutschland\/heuchelei-in-den-haag-anklagen-am-strafgerichtshof-gegen-russen-nicht-aber-gegen-israelis\/\",\"url\":\"https:\/\/now-news.de\/de\/deutschland\/heuchelei-in-den-haag-anklagen-am-strafgerichtshof-gegen-russen-nicht-aber-gegen-israelis\/\",\"name\":\"Heuchelei in Den Haag: Anklagen am Strafgerichtshof gegen Russen, nicht aber gegen Israelis - just-now.NEWS Deutschland\",\"isPartOf\":{\"@id\":\"https:\/\/now-news.de\/de\/#website\"},\"primaryImageOfPage\":{\"@id\":\"https:\/\/now-news.de\/de\/deutschland\/heuchelei-in-den-haag-anklagen-am-strafgerichtshof-gegen-russen-nicht-aber-gegen-israelis\/#primaryimage\"},\"image\":{\"@id\":\"https:\/\/now-news.de\/de\/deutschland\/heuchelei-in-den-haag-anklagen-am-strafgerichtshof-gegen-russen-nicht-aber-gegen-israelis\/#primaryimage\"},\"thumbnailUrl\":\"https:\/\/now-news.de\/de\/wp-content\/uploads\/sites\/3\/2023\/12\/Heuchelei-in-Den-Haag-Anklagen-am-Strafgerichtshof-gegen-Russen-nicht.jpg\",\"datePublished\":\"2023-12-11T11:25:58+00:00\",\"dateModified\":\"2023-12-11T11:25:58+00:00\",\"breadcrumb\":{\"@id\":\"https:\/\/now-news.de\/de\/deutschland\/heuchelei-in-den-haag-anklagen-am-strafgerichtshof-gegen-russen-nicht-aber-gegen-israelis\/#breadcrumb\"},\"inLanguage\":\"de\",\"potentialAction\":[{\"@type\":\"ReadAction\",\"target\":[\"https:\/\/now-news.de\/de\/deutschland\/heuchelei-in-den-haag-anklagen-am-strafgerichtshof-gegen-russen-nicht-aber-gegen-israelis\/\"]}]},{\"@type\":\"ImageObject\",\"inLanguage\":\"de\",\"@id\":\"https:\/\/now-news.de\/de\/deutschland\/heuchelei-in-den-haag-anklagen-am-strafgerichtshof-gegen-russen-nicht-aber-gegen-israelis\/#primaryimage\",\"url\":\"https:\/\/now-news.de\/de\/wp-content\/uploads\/sites\/3\/2023\/12\/Heuchelei-in-Den-Haag-Anklagen-am-Strafgerichtshof-gegen-Russen-nicht.jpg\",\"contentUrl\":\"https:\/\/now-news.de\/de\/wp-content\/uploads\/sites\/3\/2023\/12\/Heuchelei-in-Den-Haag-Anklagen-am-Strafgerichtshof-gegen-Russen-nicht.jpg\",\"width\":460,\"height\":259,\"caption\":\"Heuchelei in Den Haag: Anklagen am Strafgerichtshof gegen Russen, nicht aber gegen Israelis\"},{\"@type\":\"BreadcrumbList\",\"@id\":\"https:\/\/now-news.de\/de\/deutschland\/heuchelei-in-den-haag-anklagen-am-strafgerichtshof-gegen-russen-nicht-aber-gegen-israelis\/#breadcrumb\",\"itemListElement\":[{\"@type\":\"ListItem\",\"position\":1,\"name\":\"Home\",\"item\":\"https:\/\/now-news.de\/de\/\"},{\"@type\":\"ListItem\",\"position\":2,\"name\":\"Heuchelei in Den Haag: Anklagen am Strafgerichtshof gegen Russen, nicht aber gegen Israelis\"}]},{\"@type\":\"WebSite\",\"@id\":\"https:\/\/now-news.de\/de\/#website\",\"url\":\"https:\/\/now-news.de\/de\/\",\"name\":\"just-now.NEWS Deutschland\",\"description\":\"Das Portal f\u00fcr unzensierte Nachrichten aus der Welt\",\"publisher\":{\"@id\":\"https:\/\/now-news.de\/de\/#organization\"},\"potentialAction\":[{\"@type\":\"SearchAction\",\"target\":{\"@type\":\"EntryPoint\",\"urlTemplate\":\"https:\/\/now-news.de\/de\/?s={search_term_string}\"},\"query-input\":\"required name=search_term_string\"}],\"inLanguage\":\"de\"},{\"@type\":\"Organization\",\"@id\":\"https:\/\/now-news.de\/de\/#organization\",\"name\":\"Just Now News\",\"url\":\"https:\/\/now-news.de\/de\/\",\"logo\":{\"@type\":\"ImageObject\",\"inLanguage\":\"de\",\"@id\":\"https:\/\/now-news.de\/de\/#\/schema\/logo\/image\/\",\"url\":\"http:\/\/just-now.news\/de\/wp-content\/uploads\/sites\/3\/2022\/04\/logo500x500.jpg\",\"contentUrl\":\"http:\/\/just-now.news\/de\/wp-content\/uploads\/sites\/3\/2022\/04\/logo500x500.jpg\",\"width\":500,\"height\":500,\"caption\":\"Just Now News\"},\"image\":{\"@id\":\"https:\/\/now-news.de\/de\/#\/schema\/logo\/image\/\"},\"sameAs\":[\"https:\/\/www.facebook.com\/wirmachenauf\",\"https:\/\/x.com\/WirMachenAuf_de\"]},{\"@type\":\"Person\",\"@id\":\"https:\/\/now-news.de\/de\/#\/schema\/person\/fb534a4e865501d8b3285208df34a9b5\",\"name\":\"rtnews\",\"image\":{\"@type\":\"ImageObject\",\"inLanguage\":\"de\",\"@id\":\"https:\/\/now-news.de\/de\/#\/schema\/person\/image\/\",\"url\":\"https:\/\/secure.gravatar.com\/avatar\/82aafea7d8127119dd649515f56e2117?s=96&d=mm&r=g\",\"contentUrl\":\"https:\/\/secure.gravatar.com\/avatar\/82aafea7d8127119dd649515f56e2117?s=96&d=mm&r=g\",\"caption\":\"rtnews\"},\"url\":\"https:\/\/now-news.de\/de\/author\/rnews\/\"}]}<\/script>\n<!-- \/ Yoast SEO Premium plugin. -->","yoast_head_json":{"title":"Heuchelei in Den Haag: Anklagen am Strafgerichtshof gegen Russen, nicht aber gegen Israelis - just-now.NEWS Deutschland","robots":{"index":"index","follow":"follow","max-snippet":"max-snippet:-1","max-image-preview":"max-image-preview:large","max-video-preview":"max-video-preview:-1"},"canonical":"https:\/\/now-news.de\/de\/deutschland\/heuchelei-in-den-haag-anklagen-am-strafgerichtshof-gegen-russen-nicht-aber-gegen-israelis\/","og_locale":"de_DE","og_type":"article","og_title":"Heuchelei in Den Haag: Anklagen am Strafgerichtshof gegen Russen, nicht aber gegen Israelis","og_description":"Der Ruf des Internationalen Strafgerichtshofs k\u00f6nnte v\u00f6llig zerst\u00f6rt werden, wenn die Verbrechen gegen Pal\u00e4stina nicht gr\u00fcndlich untersucht werden, sagte der amerikanische Anwalt Stanley Cohen. Ihm zufolge gibt es &#8220;viele weitere M\u00f6glichkeiten&#8221; zur Verfolgung von Kriegsverbrechen. Von Robert Inlakesh In den ersten Wochen des Gaza-Israel-Krieges gab der Ankl\u00e4ger des IStGH eine Erkl\u00e4rung ab, in der er [&hellip;]","og_url":"https:\/\/now-news.de\/de\/deutschland\/heuchelei-in-den-haag-anklagen-am-strafgerichtshof-gegen-russen-nicht-aber-gegen-israelis\/","og_site_name":"just-now.NEWS Deutschland","article_publisher":"https:\/\/www.facebook.com\/wirmachenauf","article_published_time":"2023-12-11T11:25:58+00:00","og_image":[{"width":460,"height":259,"url":"https:\/\/now-news.de\/de\/wp-content\/uploads\/sites\/3\/2023\/12\/Heuchelei-in-Den-Haag-Anklagen-am-Strafgerichtshof-gegen-Russen-nicht.jpg","type":"image\/jpeg"}],"author":"rtnews","twitter_card":"summary_large_image","twitter_creator":"@WirMachenAuf_de","twitter_site":"@WirMachenAuf_de","twitter_misc":{"Verfasst von":"rtnews","Gesch\u00e4tzte Lesezeit":"6\u00a0Minuten"},"schema":{"@context":"https:\/\/schema.org","@graph":[{"@type":"Article","@id":"https:\/\/now-news.de\/de\/deutschland\/heuchelei-in-den-haag-anklagen-am-strafgerichtshof-gegen-russen-nicht-aber-gegen-israelis\/#article","isPartOf":{"@id":"https:\/\/now-news.de\/de\/deutschland\/heuchelei-in-den-haag-anklagen-am-strafgerichtshof-gegen-russen-nicht-aber-gegen-israelis\/"},"author":{"name":"rtnews","@id":"https:\/\/now-news.de\/de\/#\/schema\/person\/fb534a4e865501d8b3285208df34a9b5"},"headline":"Heuchelei in Den Haag: Anklagen am Strafgerichtshof gegen Russen, nicht aber gegen Israelis","datePublished":"2023-12-11T11:25:58+00:00","dateModified":"2023-12-11T11:25:58+00:00","mainEntityOfPage":{"@id":"https:\/\/now-news.de\/de\/deutschland\/heuchelei-in-den-haag-anklagen-am-strafgerichtshof-gegen-russen-nicht-aber-gegen-israelis\/"},"wordCount":1285,"commentCount":0,"publisher":{"@id":"https:\/\/now-news.de\/de\/#organization"},"image":{"@id":"https:\/\/now-news.de\/de\/deutschland\/heuchelei-in-den-haag-anklagen-am-strafgerichtshof-gegen-russen-nicht-aber-gegen-israelis\/#primaryimage"},"thumbnailUrl":"https:\/\/now-news.de\/de\/wp-content\/uploads\/sites\/3\/2023\/12\/Heuchelei-in-Den-Haag-Anklagen-am-Strafgerichtshof-gegen-Russen-nicht.jpg","keywords":["aber","anklagen","den","gegen","Haag","Heuchelei","Israelis","nicht","Russen","Strafgerichtshof"],"articleSection":["Deutschland","Russland"],"inLanguage":"de","potentialAction":[{"@type":"CommentAction","name":"Comment","target":["https:\/\/now-news.de\/de\/deutschland\/heuchelei-in-den-haag-anklagen-am-strafgerichtshof-gegen-russen-nicht-aber-gegen-israelis\/#respond"]}]},{"@type":"WebPage","@id":"https:\/\/now-news.de\/de\/deutschland\/heuchelei-in-den-haag-anklagen-am-strafgerichtshof-gegen-russen-nicht-aber-gegen-israelis\/","url":"https:\/\/now-news.de\/de\/deutschland\/heuchelei-in-den-haag-anklagen-am-strafgerichtshof-gegen-russen-nicht-aber-gegen-israelis\/","name":"Heuchelei in Den Haag: Anklagen am Strafgerichtshof gegen Russen, nicht aber gegen Israelis - just-now.NEWS Deutschland","isPartOf":{"@id":"https:\/\/now-news.de\/de\/#website"},"primaryImageOfPage":{"@id":"https:\/\/now-news.de\/de\/deutschland\/heuchelei-in-den-haag-anklagen-am-strafgerichtshof-gegen-russen-nicht-aber-gegen-israelis\/#primaryimage"},"image":{"@id":"https:\/\/now-news.de\/de\/deutschland\/heuchelei-in-den-haag-anklagen-am-strafgerichtshof-gegen-russen-nicht-aber-gegen-israelis\/#primaryimage"},"thumbnailUrl":"https:\/\/now-news.de\/de\/wp-content\/uploads\/sites\/3\/2023\/12\/Heuchelei-in-Den-Haag-Anklagen-am-Strafgerichtshof-gegen-Russen-nicht.jpg","datePublished":"2023-12-11T11:25:58+00:00","dateModified":"2023-12-11T11:25:58+00:00","breadcrumb":{"@id":"https:\/\/now-news.de\/de\/deutschland\/heuchelei-in-den-haag-anklagen-am-strafgerichtshof-gegen-russen-nicht-aber-gegen-israelis\/#breadcrumb"},"inLanguage":"de","potentialAction":[{"@type":"ReadAction","target":["https:\/\/now-news.de\/de\/deutschland\/heuchelei-in-den-haag-anklagen-am-strafgerichtshof-gegen-russen-nicht-aber-gegen-israelis\/"]}]},{"@type":"ImageObject","inLanguage":"de","@id":"https:\/\/now-news.de\/de\/deutschland\/heuchelei-in-den-haag-anklagen-am-strafgerichtshof-gegen-russen-nicht-aber-gegen-israelis\/#primaryimage","url":"https:\/\/now-news.de\/de\/wp-content\/uploads\/sites\/3\/2023\/12\/Heuchelei-in-Den-Haag-Anklagen-am-Strafgerichtshof-gegen-Russen-nicht.jpg","contentUrl":"https:\/\/now-news.de\/de\/wp-content\/uploads\/sites\/3\/2023\/12\/Heuchelei-in-Den-Haag-Anklagen-am-Strafgerichtshof-gegen-Russen-nicht.jpg","width":460,"height":259,"caption":"Heuchelei in Den Haag: Anklagen am Strafgerichtshof gegen Russen, nicht aber gegen Israelis"},{"@type":"BreadcrumbList","@id":"https:\/\/now-news.de\/de\/deutschland\/heuchelei-in-den-haag-anklagen-am-strafgerichtshof-gegen-russen-nicht-aber-gegen-israelis\/#breadcrumb","itemListElement":[{"@type":"ListItem","position":1,"name":"Home","item":"https:\/\/now-news.de\/de\/"},{"@type":"ListItem","position":2,"name":"Heuchelei in Den Haag: Anklagen am Strafgerichtshof gegen Russen, nicht aber gegen Israelis"}]},{"@type":"WebSite","@id":"https:\/\/now-news.de\/de\/#website","url":"https:\/\/now-news.de\/de\/","name":"just-now.NEWS Deutschland","description":"Das Portal f\u00fcr unzensierte Nachrichten aus der Welt","publisher":{"@id":"https:\/\/now-news.de\/de\/#organization"},"potentialAction":[{"@type":"SearchAction","target":{"@type":"EntryPoint","urlTemplate":"https:\/\/now-news.de\/de\/?s={search_term_string}"},"query-input":"required name=search_term_string"}],"inLanguage":"de"},{"@type":"Organization","@id":"https:\/\/now-news.de\/de\/#organization","name":"Just Now News","url":"https:\/\/now-news.de\/de\/","logo":{"@type":"ImageObject","inLanguage":"de","@id":"https:\/\/now-news.de\/de\/#\/schema\/logo\/image\/","url":"http:\/\/just-now.news\/de\/wp-content\/uploads\/sites\/3\/2022\/04\/logo500x500.jpg","contentUrl":"http:\/\/just-now.news\/de\/wp-content\/uploads\/sites\/3\/2022\/04\/logo500x500.jpg","width":500,"height":500,"caption":"Just Now News"},"image":{"@id":"https:\/\/now-news.de\/de\/#\/schema\/logo\/image\/"},"sameAs":["https:\/\/www.facebook.com\/wirmachenauf","https:\/\/x.com\/WirMachenAuf_de"]},{"@type":"Person","@id":"https:\/\/now-news.de\/de\/#\/schema\/person\/fb534a4e865501d8b3285208df34a9b5","name":"rtnews","image":{"@type":"ImageObject","inLanguage":"de","@id":"https:\/\/now-news.de\/de\/#\/schema\/person\/image\/","url":"https:\/\/secure.gravatar.com\/avatar\/82aafea7d8127119dd649515f56e2117?s=96&d=mm&r=g","contentUrl":"https:\/\/secure.gravatar.com\/avatar\/82aafea7d8127119dd649515f56e2117?s=96&d=mm&r=g","caption":"rtnews"},"url":"https:\/\/now-news.de\/de\/author\/rnews\/"}]}},"_links":{"self":[{"href":"https:\/\/now-news.de\/de\/wp-json\/wp\/v2\/posts\/51337"}],"collection":[{"href":"https:\/\/now-news.de\/de\/wp-json\/wp\/v2\/posts"}],"about":[{"href":"https:\/\/now-news.de\/de\/wp-json\/wp\/v2\/types\/post"}],"author":[{"embeddable":true,"href":"https:\/\/now-news.de\/de\/wp-json\/wp\/v2\/users\/3"}],"replies":[{"embeddable":true,"href":"https:\/\/now-news.de\/de\/wp-json\/wp\/v2\/comments?post=51337"}],"version-history":[{"count":0,"href":"https:\/\/now-news.de\/de\/wp-json\/wp\/v2\/posts\/51337\/revisions"}],"wp:featuredmedia":[{"embeddable":true,"href":"https:\/\/now-news.de\/de\/wp-json\/wp\/v2\/media\/51338"}],"wp:attachment":[{"href":"https:\/\/now-news.de\/de\/wp-json\/wp\/v2\/media?parent=51337"}],"wp:term":[{"taxonomy":"category","embeddable":true,"href":"https:\/\/now-news.de\/de\/wp-json\/wp\/v2\/categories?post=51337"},{"taxonomy":"post_tag","embeddable":true,"href":"https:\/\/now-news.de\/de\/wp-json\/wp\/v2\/tags?post=51337"}],"curies":[{"name":"wp","href":"https:\/\/api.w.org\/{rel}","templated":true}]}}