{"id":51329,"date":"2023-12-11T11:35:45","date_gmt":"2023-12-11T09:35:45","guid":{"rendered":"https:\/\/just-now.news\/de\/deutschland\/selenskij-trifft-sich-mit-biden\/"},"modified":"2023-12-11T11:35:45","modified_gmt":"2023-12-11T09:35:45","slug":"selenskij-trifft-sich-mit-biden","status":"publish","type":"post","link":"https:\/\/now-news.de\/de\/deutschland\/selenskij-trifft-sich-mit-biden\/","title":{"rendered":"Selenskij trifft sich mit Biden"},"content":{"rendered":"<p><img decoding=\"async\" src=\"http:\/\/just-now.news\/de\/wp-content\/uploads\/sites\/3\/2023\/12\/6576c522b480cc2aab7d7b69.jpg\" \/><\/p>\n<div class=\"Text-root Text-type_1 \">\n                Wladimir Selenskij besucht diese Woche die Vereinigten Staaten und wird am Dienstag mit Joe Biden zusammentreffen. Der Besuch soll das &#8220;unersch\u00fctterliche Engagement der USA f\u00fcr die Unterst\u00fctzung des ukrainischen Volkes&#8221; unterstreichen, betonte das Wei\u00dfe Haus.\n            <\/div>\n<p><\/p>\n<div class=\"Text-root Text-type_5 ArticleView-text ViewText-root \">\n<p>US-Pr\u00e4sident Joe Biden hat seinen ukrainischen Amtskollegen\u00a0f\u00fcr den 12. Dezember ins Wei\u00dfe Haus eingeladen, um \u00fcber die &#8220;dringenden Bed\u00fcrfnisse der Ukraine und die entscheidende Bedeutung der fortgesetzten Unterst\u00fctzung der Vereinigten Staaten in dieser kritischen Zeit&#8221; zu sprechen, &#8220;w\u00e4hrend Russland seine Raketen- und Drohnenangriffe verst\u00e4rkt&#8221;, hei\u00dft es in einer Presseerkl\u00e4rung des Wei\u00dfen Hauses.<\/p>\n<p>Zudem soll Selenskij\u00a0auf Einladung des\u00a0Mehrheitsf\u00fchrers Chuck Schumer und des\u00a0Minderheitsf\u00fchrers Mitch McConnell im US-Senat sprechen.<\/p>\n<p>Selenskij reist nach Washington zu einem Zeitpunkt, zu dem die Aussichten auf eine Bewilligung von Hilfsgeldern f\u00fcr die Ukraine f\u00fcr das kommende Jahr unklar sind. Bidens Regierung hatte daf\u00fcr mehr als 60 Milliarden US-Dollar beantragt. Der Gesetzentwurf ist noch nicht im Kongress behandelt worden. Immer mehr republikanische Abgeordnete sprechen sich gegen weitere Hilfen aus, da sie bef\u00fcrchten, dass Washington die Kampfhandlungen nur verl\u00e4ngert, ohne eine klare Strategie zur Beendigung des Konflikts zu haben.<\/p>\n<p>Die beiden Staatschefs hatten sich zuletzt vor drei Monaten im Wei\u00dfen Haus getroffen.\u00a0Damals bekr\u00e4ftigte Biden sein Versprechen, die Ukraine in ihrem Konflikt mit Russland &#8220;so lange wie n\u00f6tig&#8221; milit\u00e4risch und wirtschaftlich zu unterst\u00fctzen.<\/p>\n<p>Am Sonntag war Selenskij in Buenos Aires, wo er an der Amtseinf\u00fchrung des neuen argentinischen Pr\u00e4sidenten Javier Milei teilnahm. Es war sein erster Besuch in Lateinamerika seit Ausbruch des Krieges.<\/p>\n<p><strong>Mehr zum Thema<\/strong> \u2013 <a rel=\"nofollow noopener\" target=\"_blank\" href=\"https:\/\/freedert.online\/international\/189033-ukraine-wer-zahlt-bei-staatsbankrott\/\">Ukraine: Wer zahlt bei Staatsbankrott?<\/a><\/p>\n<\/p>\n<\/div>\n<p><br \/>\n<br \/><a href=\"https:\/\/de.rt.com\/international\/189517-selenskij-trifft-sich-mit-biden\/\">Source link <\/a><\/p>\n","protected":false},"excerpt":{"rendered":"<p>Wladimir Selenskij besucht diese Woche die Vereinigten Staaten und wird am Dienstag mit Joe Biden zusammentreffen. Der Besuch soll das &#8220;unersch\u00fctterliche Engagement der USA f\u00fcr die Unterst\u00fctzung des ukrainischen Volkes&#8221; unterstreichen, betonte das Wei\u00dfe Haus. US-Pr\u00e4sident Joe Biden hat seinen ukrainischen Amtskollegen\u00a0f\u00fcr den 12. Dezember ins Wei\u00dfe Haus eingeladen, um \u00fcber die &#8220;dringenden Bed\u00fcrfnisse der [&hellip;]<\/p>\n","protected":false},"author":3,"featured_media":51330,"comment_status":"open","ping_status":"open","sticky":false,"template":"","format":"standard","meta":{"_yoast_indexnow_last_ping":["1702287632"],"wp_automatic_camp":["217"],"da3968047b7322036f547d8749b846d0":["Selenskij trifft sich mit Biden"],"original_link":["https:\/\/de.rt.com\/international\/189517-selenskij-trifft-sich-mit-biden\/"],"_thumbnail_id":["51330"],"_wptgpro_p2tg_sent2tg":["a:1:{i:23737;s:19:\"2023-12-11 11:41:46\";}"],"jnews_social_counter_last_update":["1777457127"]},"categories":[19,23],"tags":[1348,419,6158,434,13790],"yoast_head":"<!-- This site is optimized with the Yoast SEO Premium plugin v22.7 (Yoast SEO v22.7) - https:\/\/yoast.com\/wordpress\/plugins\/seo\/ -->\n<title>Selenskij trifft sich mit Biden - just-now.NEWS Deutschland<\/title>\n<meta name=\"robots\" content=\"index, follow, max-snippet:-1, max-image-preview:large, max-video-preview:-1\" \/>\n<link rel=\"canonical\" href=\"https:\/\/now-news.de\/de\/deutschland\/selenskij-trifft-sich-mit-biden\/\" \/>\n<meta property=\"og:locale\" content=\"de_DE\" \/>\n<meta property=\"og:type\" content=\"article\" \/>\n<meta property=\"og:title\" content=\"Selenskij trifft sich mit Biden\" \/>\n<meta property=\"og:description\" content=\"Wladimir Selenskij besucht diese Woche die Vereinigten Staaten und wird am Dienstag mit Joe Biden zusammentreffen. Der Besuch soll das &#8220;unersch\u00fctterliche Engagement der USA f\u00fcr die Unterst\u00fctzung des ukrainischen Volkes&#8221; unterstreichen, betonte das Wei\u00dfe Haus. US-Pr\u00e4sident Joe Biden hat seinen ukrainischen Amtskollegen\u00a0f\u00fcr den 12. Dezember ins Wei\u00dfe Haus eingeladen, um \u00fcber die &#8220;dringenden Bed\u00fcrfnisse der [&hellip;]\" \/>\n<meta property=\"og:url\" content=\"https:\/\/now-news.de\/de\/deutschland\/selenskij-trifft-sich-mit-biden\/\" \/>\n<meta property=\"og:site_name\" content=\"just-now.NEWS Deutschland\" \/>\n<meta property=\"article:publisher\" content=\"https:\/\/www.facebook.com\/wirmachenauf\" \/>\n<meta property=\"article:published_time\" content=\"2023-12-11T09:35:45+00:00\" \/>\n<meta property=\"og:image\" content=\"https:\/\/now-news.de\/de\/wp-content\/uploads\/sites\/3\/2023\/12\/Selenskij-trifft-sich-mit-Biden.jpg\" \/>\n\t<meta property=\"og:image:width\" content=\"460\" \/>\n\t<meta property=\"og:image:height\" content=\"259\" \/>\n\t<meta property=\"og:image:type\" content=\"image\/jpeg\" \/>\n<meta name=\"author\" content=\"rtnews\" \/>\n<meta name=\"twitter:card\" content=\"summary_large_image\" \/>\n<meta name=\"twitter:creator\" content=\"@WirMachenAuf_de\" \/>\n<meta name=\"twitter:site\" content=\"@WirMachenAuf_de\" \/>\n<meta name=\"twitter:label1\" content=\"Verfasst von\" \/>\n\t<meta name=\"twitter:data1\" content=\"rtnews\" \/>\n\t<meta name=\"twitter:label2\" content=\"Gesch\u00e4tzte Lesezeit\" \/>\n\t<meta name=\"twitter:data2\" content=\"1\u00a0Minute\" \/>\n<script type=\"application\/ld+json\" class=\"yoast-schema-graph\">{\"@context\":\"https:\/\/schema.org\",\"@graph\":[{\"@type\":\"Article\",\"@id\":\"https:\/\/now-news.de\/de\/deutschland\/selenskij-trifft-sich-mit-biden\/#article\",\"isPartOf\":{\"@id\":\"https:\/\/now-news.de\/de\/deutschland\/selenskij-trifft-sich-mit-biden\/\"},\"author\":{\"name\":\"rtnews\",\"@id\":\"https:\/\/now-news.de\/de\/#\/schema\/person\/fb534a4e865501d8b3285208df34a9b5\"},\"headline\":\"Selenskij trifft sich mit Biden\",\"datePublished\":\"2023-12-11T09:35:45+00:00\",\"dateModified\":\"2023-12-11T09:35:45+00:00\",\"mainEntityOfPage\":{\"@id\":\"https:\/\/now-news.de\/de\/deutschland\/selenskij-trifft-sich-mit-biden\/\"},\"wordCount\":284,\"commentCount\":0,\"publisher\":{\"@id\":\"https:\/\/now-news.de\/de\/#organization\"},\"image\":{\"@id\":\"https:\/\/now-news.de\/de\/deutschland\/selenskij-trifft-sich-mit-biden\/#primaryimage\"},\"thumbnailUrl\":\"https:\/\/now-news.de\/de\/wp-content\/uploads\/sites\/3\/2023\/12\/Selenskij-trifft-sich-mit-Biden.jpg\",\"keywords\":[\"Biden\",\"mit\",\"Selenskij\",\"sich\",\"trifft\"],\"articleSection\":[\"Deutschland\",\"Russland\"],\"inLanguage\":\"de\",\"potentialAction\":[{\"@type\":\"CommentAction\",\"name\":\"Comment\",\"target\":[\"https:\/\/now-news.de\/de\/deutschland\/selenskij-trifft-sich-mit-biden\/#respond\"]}]},{\"@type\":\"WebPage\",\"@id\":\"https:\/\/now-news.de\/de\/deutschland\/selenskij-trifft-sich-mit-biden\/\",\"url\":\"https:\/\/now-news.de\/de\/deutschland\/selenskij-trifft-sich-mit-biden\/\",\"name\":\"Selenskij trifft sich mit Biden - just-now.NEWS Deutschland\",\"isPartOf\":{\"@id\":\"https:\/\/now-news.de\/de\/#website\"},\"primaryImageOfPage\":{\"@id\":\"https:\/\/now-news.de\/de\/deutschland\/selenskij-trifft-sich-mit-biden\/#primaryimage\"},\"image\":{\"@id\":\"https:\/\/now-news.de\/de\/deutschland\/selenskij-trifft-sich-mit-biden\/#primaryimage\"},\"thumbnailUrl\":\"https:\/\/now-news.de\/de\/wp-content\/uploads\/sites\/3\/2023\/12\/Selenskij-trifft-sich-mit-Biden.jpg\",\"datePublished\":\"2023-12-11T09:35:45+00:00\",\"dateModified\":\"2023-12-11T09:35:45+00:00\",\"breadcrumb\":{\"@id\":\"https:\/\/now-news.de\/de\/deutschland\/selenskij-trifft-sich-mit-biden\/#breadcrumb\"},\"inLanguage\":\"de\",\"potentialAction\":[{\"@type\":\"ReadAction\",\"target\":[\"https:\/\/now-news.de\/de\/deutschland\/selenskij-trifft-sich-mit-biden\/\"]}]},{\"@type\":\"ImageObject\",\"inLanguage\":\"de\",\"@id\":\"https:\/\/now-news.de\/de\/deutschland\/selenskij-trifft-sich-mit-biden\/#primaryimage\",\"url\":\"https:\/\/now-news.de\/de\/wp-content\/uploads\/sites\/3\/2023\/12\/Selenskij-trifft-sich-mit-Biden.jpg\",\"contentUrl\":\"https:\/\/now-news.de\/de\/wp-content\/uploads\/sites\/3\/2023\/12\/Selenskij-trifft-sich-mit-Biden.jpg\",\"width\":460,\"height\":259,\"caption\":\"Selenskij trifft sich mit Biden\"},{\"@type\":\"BreadcrumbList\",\"@id\":\"https:\/\/now-news.de\/de\/deutschland\/selenskij-trifft-sich-mit-biden\/#breadcrumb\",\"itemListElement\":[{\"@type\":\"ListItem\",\"position\":1,\"name\":\"Home\",\"item\":\"https:\/\/now-news.de\/de\/\"},{\"@type\":\"ListItem\",\"position\":2,\"name\":\"Selenskij trifft sich mit Biden\"}]},{\"@type\":\"WebSite\",\"@id\":\"https:\/\/now-news.de\/de\/#website\",\"url\":\"https:\/\/now-news.de\/de\/\",\"name\":\"just-now.NEWS Deutschland\",\"description\":\"Das Portal f\u00fcr unzensierte Nachrichten aus der Welt\",\"publisher\":{\"@id\":\"https:\/\/now-news.de\/de\/#organization\"},\"potentialAction\":[{\"@type\":\"SearchAction\",\"target\":{\"@type\":\"EntryPoint\",\"urlTemplate\":\"https:\/\/now-news.de\/de\/?s={search_term_string}\"},\"query-input\":\"required name=search_term_string\"}],\"inLanguage\":\"de\"},{\"@type\":\"Organization\",\"@id\":\"https:\/\/now-news.de\/de\/#organization\",\"name\":\"Just Now News\",\"url\":\"https:\/\/now-news.de\/de\/\",\"logo\":{\"@type\":\"ImageObject\",\"inLanguage\":\"de\",\"@id\":\"https:\/\/now-news.de\/de\/#\/schema\/logo\/image\/\",\"url\":\"http:\/\/just-now.news\/de\/wp-content\/uploads\/sites\/3\/2022\/04\/logo500x500.jpg\",\"contentUrl\":\"http:\/\/just-now.news\/de\/wp-content\/uploads\/sites\/3\/2022\/04\/logo500x500.jpg\",\"width\":500,\"height\":500,\"caption\":\"Just Now News\"},\"image\":{\"@id\":\"https:\/\/now-news.de\/de\/#\/schema\/logo\/image\/\"},\"sameAs\":[\"https:\/\/www.facebook.com\/wirmachenauf\",\"https:\/\/x.com\/WirMachenAuf_de\"]},{\"@type\":\"Person\",\"@id\":\"https:\/\/now-news.de\/de\/#\/schema\/person\/fb534a4e865501d8b3285208df34a9b5\",\"name\":\"rtnews\",\"image\":{\"@type\":\"ImageObject\",\"inLanguage\":\"de\",\"@id\":\"https:\/\/now-news.de\/de\/#\/schema\/person\/image\/\",\"url\":\"https:\/\/secure.gravatar.com\/avatar\/82aafea7d8127119dd649515f56e2117?s=96&d=mm&r=g\",\"contentUrl\":\"https:\/\/secure.gravatar.com\/avatar\/82aafea7d8127119dd649515f56e2117?s=96&d=mm&r=g\",\"caption\":\"rtnews\"},\"url\":\"https:\/\/now-news.de\/de\/author\/rnews\/\"}]}<\/script>\n<!-- \/ Yoast SEO Premium plugin. -->","yoast_head_json":{"title":"Selenskij trifft sich mit Biden - just-now.NEWS Deutschland","robots":{"index":"index","follow":"follow","max-snippet":"max-snippet:-1","max-image-preview":"max-image-preview:large","max-video-preview":"max-video-preview:-1"},"canonical":"https:\/\/now-news.de\/de\/deutschland\/selenskij-trifft-sich-mit-biden\/","og_locale":"de_DE","og_type":"article","og_title":"Selenskij trifft sich mit Biden","og_description":"Wladimir Selenskij besucht diese Woche die Vereinigten Staaten und wird am Dienstag mit Joe Biden zusammentreffen. Der Besuch soll das &#8220;unersch\u00fctterliche Engagement der USA f\u00fcr die Unterst\u00fctzung des ukrainischen Volkes&#8221; unterstreichen, betonte das Wei\u00dfe Haus. US-Pr\u00e4sident Joe Biden hat seinen ukrainischen Amtskollegen\u00a0f\u00fcr den 12. Dezember ins Wei\u00dfe Haus eingeladen, um \u00fcber die &#8220;dringenden Bed\u00fcrfnisse der [&hellip;]","og_url":"https:\/\/now-news.de\/de\/deutschland\/selenskij-trifft-sich-mit-biden\/","og_site_name":"just-now.NEWS Deutschland","article_publisher":"https:\/\/www.facebook.com\/wirmachenauf","article_published_time":"2023-12-11T09:35:45+00:00","og_image":[{"width":460,"height":259,"url":"https:\/\/now-news.de\/de\/wp-content\/uploads\/sites\/3\/2023\/12\/Selenskij-trifft-sich-mit-Biden.jpg","type":"image\/jpeg"}],"author":"rtnews","twitter_card":"summary_large_image","twitter_creator":"@WirMachenAuf_de","twitter_site":"@WirMachenAuf_de","twitter_misc":{"Verfasst von":"rtnews","Gesch\u00e4tzte Lesezeit":"1\u00a0Minute"},"schema":{"@context":"https:\/\/schema.org","@graph":[{"@type":"Article","@id":"https:\/\/now-news.de\/de\/deutschland\/selenskij-trifft-sich-mit-biden\/#article","isPartOf":{"@id":"https:\/\/now-news.de\/de\/deutschland\/selenskij-trifft-sich-mit-biden\/"},"author":{"name":"rtnews","@id":"https:\/\/now-news.de\/de\/#\/schema\/person\/fb534a4e865501d8b3285208df34a9b5"},"headline":"Selenskij trifft sich mit Biden","datePublished":"2023-12-11T09:35:45+00:00","dateModified":"2023-12-11T09:35:45+00:00","mainEntityOfPage":{"@id":"https:\/\/now-news.de\/de\/deutschland\/selenskij-trifft-sich-mit-biden\/"},"wordCount":284,"commentCount":0,"publisher":{"@id":"https:\/\/now-news.de\/de\/#organization"},"image":{"@id":"https:\/\/now-news.de\/de\/deutschland\/selenskij-trifft-sich-mit-biden\/#primaryimage"},"thumbnailUrl":"https:\/\/now-news.de\/de\/wp-content\/uploads\/sites\/3\/2023\/12\/Selenskij-trifft-sich-mit-Biden.jpg","keywords":["Biden","mit","Selenskij","sich","trifft"],"articleSection":["Deutschland","Russland"],"inLanguage":"de","potentialAction":[{"@type":"CommentAction","name":"Comment","target":["https:\/\/now-news.de\/de\/deutschland\/selenskij-trifft-sich-mit-biden\/#respond"]}]},{"@type":"WebPage","@id":"https:\/\/now-news.de\/de\/deutschland\/selenskij-trifft-sich-mit-biden\/","url":"https:\/\/now-news.de\/de\/deutschland\/selenskij-trifft-sich-mit-biden\/","name":"Selenskij trifft sich mit Biden - just-now.NEWS Deutschland","isPartOf":{"@id":"https:\/\/now-news.de\/de\/#website"},"primaryImageOfPage":{"@id":"https:\/\/now-news.de\/de\/deutschland\/selenskij-trifft-sich-mit-biden\/#primaryimage"},"image":{"@id":"https:\/\/now-news.de\/de\/deutschland\/selenskij-trifft-sich-mit-biden\/#primaryimage"},"thumbnailUrl":"https:\/\/now-news.de\/de\/wp-content\/uploads\/sites\/3\/2023\/12\/Selenskij-trifft-sich-mit-Biden.jpg","datePublished":"2023-12-11T09:35:45+00:00","dateModified":"2023-12-11T09:35:45+00:00","breadcrumb":{"@id":"https:\/\/now-news.de\/de\/deutschland\/selenskij-trifft-sich-mit-biden\/#breadcrumb"},"inLanguage":"de","potentialAction":[{"@type":"ReadAction","target":["https:\/\/now-news.de\/de\/deutschland\/selenskij-trifft-sich-mit-biden\/"]}]},{"@type":"ImageObject","inLanguage":"de","@id":"https:\/\/now-news.de\/de\/deutschland\/selenskij-trifft-sich-mit-biden\/#primaryimage","url":"https:\/\/now-news.de\/de\/wp-content\/uploads\/sites\/3\/2023\/12\/Selenskij-trifft-sich-mit-Biden.jpg","contentUrl":"https:\/\/now-news.de\/de\/wp-content\/uploads\/sites\/3\/2023\/12\/Selenskij-trifft-sich-mit-Biden.jpg","width":460,"height":259,"caption":"Selenskij trifft sich mit Biden"},{"@type":"BreadcrumbList","@id":"https:\/\/now-news.de\/de\/deutschland\/selenskij-trifft-sich-mit-biden\/#breadcrumb","itemListElement":[{"@type":"ListItem","position":1,"name":"Home","item":"https:\/\/now-news.de\/de\/"},{"@type":"ListItem","position":2,"name":"Selenskij trifft sich mit Biden"}]},{"@type":"WebSite","@id":"https:\/\/now-news.de\/de\/#website","url":"https:\/\/now-news.de\/de\/","name":"just-now.NEWS Deutschland","description":"Das Portal f\u00fcr unzensierte Nachrichten aus der Welt","publisher":{"@id":"https:\/\/now-news.de\/de\/#organization"},"potentialAction":[{"@type":"SearchAction","target":{"@type":"EntryPoint","urlTemplate":"https:\/\/now-news.de\/de\/?s={search_term_string}"},"query-input":"required name=search_term_string"}],"inLanguage":"de"},{"@type":"Organization","@id":"https:\/\/now-news.de\/de\/#organization","name":"Just Now News","url":"https:\/\/now-news.de\/de\/","logo":{"@type":"ImageObject","inLanguage":"de","@id":"https:\/\/now-news.de\/de\/#\/schema\/logo\/image\/","url":"http:\/\/just-now.news\/de\/wp-content\/uploads\/sites\/3\/2022\/04\/logo500x500.jpg","contentUrl":"http:\/\/just-now.news\/de\/wp-content\/uploads\/sites\/3\/2022\/04\/logo500x500.jpg","width":500,"height":500,"caption":"Just Now News"},"image":{"@id":"https:\/\/now-news.de\/de\/#\/schema\/logo\/image\/"},"sameAs":["https:\/\/www.facebook.com\/wirmachenauf","https:\/\/x.com\/WirMachenAuf_de"]},{"@type":"Person","@id":"https:\/\/now-news.de\/de\/#\/schema\/person\/fb534a4e865501d8b3285208df34a9b5","name":"rtnews","image":{"@type":"ImageObject","inLanguage":"de","@id":"https:\/\/now-news.de\/de\/#\/schema\/person\/image\/","url":"https:\/\/secure.gravatar.com\/avatar\/82aafea7d8127119dd649515f56e2117?s=96&d=mm&r=g","contentUrl":"https:\/\/secure.gravatar.com\/avatar\/82aafea7d8127119dd649515f56e2117?s=96&d=mm&r=g","caption":"rtnews"},"url":"https:\/\/now-news.de\/de\/author\/rnews\/"}]}},"_links":{"self":[{"href":"https:\/\/now-news.de\/de\/wp-json\/wp\/v2\/posts\/51329"}],"collection":[{"href":"https:\/\/now-news.de\/de\/wp-json\/wp\/v2\/posts"}],"about":[{"href":"https:\/\/now-news.de\/de\/wp-json\/wp\/v2\/types\/post"}],"author":[{"embeddable":true,"href":"https:\/\/now-news.de\/de\/wp-json\/wp\/v2\/users\/3"}],"replies":[{"embeddable":true,"href":"https:\/\/now-news.de\/de\/wp-json\/wp\/v2\/comments?post=51329"}],"version-history":[{"count":0,"href":"https:\/\/now-news.de\/de\/wp-json\/wp\/v2\/posts\/51329\/revisions"}],"wp:featuredmedia":[{"embeddable":true,"href":"https:\/\/now-news.de\/de\/wp-json\/wp\/v2\/media\/51330"}],"wp:attachment":[{"href":"https:\/\/now-news.de\/de\/wp-json\/wp\/v2\/media?parent=51329"}],"wp:term":[{"taxonomy":"category","embeddable":true,"href":"https:\/\/now-news.de\/de\/wp-json\/wp\/v2\/categories?post=51329"},{"taxonomy":"post_tag","embeddable":true,"href":"https:\/\/now-news.de\/de\/wp-json\/wp\/v2\/tags?post=51329"}],"curies":[{"name":"wp","href":"https:\/\/api.w.org\/{rel}","templated":true}]}}