{"id":51315,"date":"2023-12-10T20:53:45","date_gmt":"2023-12-10T18:53:45","guid":{"rendered":"https:\/\/just-now.news\/de\/deutschland\/die-luegenrede-von-scholz-auf-dem-spd-parteitag\/"},"modified":"2023-12-10T20:53:45","modified_gmt":"2023-12-10T18:53:45","slug":"die-luegenrede-von-scholz-auf-dem-spd-parteitag","status":"publish","type":"post","link":"https:\/\/now-news.de\/de\/deutschland\/die-luegenrede-von-scholz-auf-dem-spd-parteitag\/","title":{"rendered":"Die L\u00fcgenrede von Scholz auf dem SPD-Parteitag"},"content":{"rendered":"<p><img decoding=\"async\" src=\"http:\/\/just-now.news\/de\/wp-content\/uploads\/sites\/3\/2023\/12\/65758bdcb480cc1d7e001bd9.jpg\" \/><\/p>\n<div class=\"Text-root Text-type_1 \">\n                Bundeskanzler Scholz hat auf dem SPD-Parteitag eine Rede gehalten, die von deutschen Medien insgesamt gut aufgenommen wurde. Dass die Rede eine einzige Sammlung dreister L\u00fcgen war, haben sie nicht erw\u00e4hnt.\n            <\/div>\n<p><\/p>\n<div class=\"Text-root Text-type_5 ArticleView-text ViewText-root \">\n<p><em>Von Thomas R\u00f6per<\/em><\/p>\n<p>Wie schon bei seiner Regierungserkl\u00e4rung vor einigen Tagen zum Urteil des Verfassungsgerichtes, das die Haushaltspolitik der Scholz-Regierung als verfassungswidrig eingestuft und damit die <a rel=\"nofollow noopener\" target=\"_blank\" href=\"https:\/\/www.anti-spiegel.ru\/2023\/das-bis-zu-260-milliarden-loch-im-deutschen-staatshaushalt\/\">Haushaltskrise<\/a> ausgel\u00f6st hat, hat Scholz auch die <a rel=\"nofollow noopener\" target=\"_blank\" href=\"https:\/\/www.youtube.com\/watch?v=L6hUud5HxDQ\">Rede beim SPD-Parteitag<\/a> damit begonnen, dass er und seine Regierung an allen Problemen in Deutschland schuldlos sind. 20 Minuten lang hat er das erz\u00e4hlt, wobei er allerdings fast die gesamten 20 Minuten gelogen hat.<\/p>\n<p>Das schauen wir uns einmal an.<\/p>\n<h3>Russland ist an allem schuld!<\/h3>\n<p>Als Erstes hat Scholz nat\u00fcrlich Russland die Schuld an den deutschen Problemen gegeben und ist wieder auf seine Formulierung der &#8220;Zeitenwende&#8221; eingegangen, mit der er den 100-Milliarden-Sonderkredit f\u00fcr die Bundeswehr begr\u00fcndet hat. Scholz sagte:<\/p>\n<blockquote>\n<p><em>&#8220;Eine Zeitenwende deshalb, weil Russland mit diesem Angriff alle Verst\u00e4ndigung der letzten Jahrzehnte \u00fcber Frieden und Sicherheit in Europa aufgek\u00fcndigt hat und die wichtigste, erk\u00e4mpft, von sozialdemokratischen Kanzlern bei der Konferenz f\u00fcr Sicherheit und Zusammenarbeit in Europa, die gesagt haben, es muss doch diese Klarheit geben: Grenzen werden in Europa nicht mehr mit Gewalt verschoben. Genau das hat Putin infrage gestellt.&#8221;<\/em><\/p>\n<\/blockquote>\n<p>Zun\u00e4chst einmal stimmt das nicht, weil die ersten Grenzen, die nach dem Krieg in Europa mit Gewalt verschoben wurden, die jugoslawischen Grenzen waren. \u00dcbrigens war daran f\u00fcr Deutschland ebenfalls eine SPD-Regierung beteiligt.<\/p>\n<p>Aber auch die Aussage von Scholz \u00fcber die Konferenz f\u00fcr Sicherheit und Zusammenarbeit in Europa (KSZE), die heute OSZE hei\u00dft, ist unwahr, denn es war der Westen, der gegen die Regeln und g\u00fcltigen Vertr\u00e4ge der OSZE versto\u00dfen hat. Dort wurde n\u00e4mlich geregelt, dass kein Staat und kein Block in Europa dominant werden darf und dass kein Staat seine Sicherheit auf Kosten der Sicherheit anderer Staaten ausbauen darf. Genau das war aber das Angebot der NATO, die Ukraine in die NATO aufzunehmen, was der Hauptgrund f\u00fcr die Eskalation in der Ukraine im Februar 2022 war.<\/p>\n<p>H\u00e4tte die NATO, also auch ganz konkret Kanzler Scholz, damals auf die von Russland im Dezember 2021 vorgeschlagenen gegenseitigen Sicherheitsgarantien reagiert, anstatt sie ohne Verhandlungen abzulehnen, h\u00e4tte das die Eskalation vom Februar 2022 verhindert. Was Russland damals vorgeschlagen hat, k\u00f6nnen Sie <a rel=\"nofollow noopener\" target=\"_blank\" href=\"https:\/\/www.anti-spiegel.ru\/2021\/was-russland-den-usa-und-der-nato-als-gegenseitige-sicherheitsgarantien-vorschlaegt\/\">hier<\/a> nachlesen.<\/p>\n<p>Scholz trifft daher eine ganz pers\u00f6nliche Schuld, denn da die NATO nur mit Zustimmung aller Mitgliedsstaaten erweitert werden kann, h\u00e4tte Scholz als deutscher Kanzler verk\u00fcnden k\u00f6nnen, dass Deutschland eine NATO-Mitgliedschaft der Ukraine ablehnt. Sogar das h\u00e4tte vielleicht schon gereicht, um die Eskalation zu verhindern.<\/p>\n<p>Und das w\u00e4re klug gewesen, denn erstens h\u00e4tte es Hunderttausende Tote und gro\u00dfe Zerst\u00f6rungen und Leid verhindert, und zweitens ist heute klar, dass die Ukraine kein NATO-Mitglied wird. All die Menschen auf ukrainischer Seite sind umsonst gestorben und Scholz ist einer von denen, an deren H\u00e4nden das Blut all der Toten klebt.<\/p>\n<h3>Welches Land dominiert?<\/h3>\n<p>Eine besonders lustige Aussage von Scholz war danach:<\/p>\n<blockquote>\n<p><em>&#8220;Aber es war f\u00fcr uns immer klar, dass wir nicht in einer Welt leben wollen, in der ein gro\u00dfes Land dominiert und bestimmt, was in einem kleineren Land in seiner Nachbarschaft stattfindet, dass sie bis in die Politik des Landes hinein regieren. Wir wollen, dass kleine L\u00e4nder sich vor ihren gro\u00dfen Nachbarn nicht f\u00fcrchten m\u00fcssen.&#8221;<\/em><\/p>\n<\/blockquote>\n<p>Instinktiv m\u00fcsste man denken, dass Scholz von den USA gesprochen hat, die im Zuge der <a rel=\"nofollow noopener\" target=\"_blank\" href=\"https:\/\/www.anti-spiegel.ru\/2023\/200-jahrestag-der-monroe-doktrin\/\">Monroe-Doktrin<\/a> in ihrer Nachbarschaft immer wieder L\u00e4nder \u00fcberfallen haben. Oder nehmen wir den Irak, Syrien, Libyen und so weiter, die von den USA \u00fcberfallen wurden. Oder den von den USA finanzierten und orchestrierten Maidan, mit dem die USA nicht nur &#8220;bis in die Politik des Landes hinein regiert&#8221;, sondern sogar einen Putsch organisiert haben. Und man kann sich an all die anderen Farbrevolutionen der letzten Jahrzehnte erinnern.<\/p>\n<p>Aber das hat Scholz nat\u00fcrlich nicht gemeint, er w\u00fcrde die USA nie kritisieren.<\/p>\n<p>Und \u00fcberhaupt ist es doch der US-gef\u00fchrte Westen, der allen L\u00e4ndern vorschreiben will, welche &#8220;Werte&#8221; sie zu lieben haben und welche Politik sie machen sollen. Es sind nicht Russland oder China, die von den L\u00e4ndern in aller Welt eine bestimmte Politik verlangen.<\/p>\n<h3>Zynische L\u00fcgen \u00fcber Ern\u00e4hrungssicherheit<\/h3>\n<p>Besonders zynisch war folgende Aussage von Scholz:<\/p>\n<blockquote>\n<p><em>&#8220;Ja, \u00fcberall sind die Preise gestiegen f\u00fcr Energie, \u00fcberall sind die Preise gestiegen f\u00fcr Nahrungsmittel. Und w\u00e4hrend wir hier zu k\u00e4mpfen haben mit den Konsequenzen gestiegener Preise, m\u00fcssen manche L\u00e4nder um die Ern\u00e4hrungssicherheit ihrer eigenen Bev\u00f6lkerung und um die Frage k\u00e4mpfen, ob sie sich die Energie, die sie brauchen, \u00fcberhaupt noch leisten k\u00f6nnen. Das ist auch eine Konsequenz des russischen Imperialismus die, wir hier beschreiben m\u00fcssen. Wir haben Ihnen geholfen und wir werden das weiter tun, dass sie diese schwere Zeit durchstehen k\u00f6nnen. Wir haben daf\u00fcr gesorgt und gek\u00e4mpft, dass es M\u00f6glichkeiten, gibt Getreideexporte aus Russland und der Ukraine in diese Welt kommen zu lassen.&#8221;<\/em><\/p>\n<\/blockquote>\n<p>Das exakte Gegenteil ist der Fall, denn es sind die Sanktionen, vor allem der EU, die die Exporte von Getreide aus Russland behindern. Dabei geht es um das sogenannte <a rel=\"nofollow noopener\" target=\"_blank\" href=\"https:\/\/www.anti-spiegel.ru\/2022\/worum-es-bei-den-streit-um-das-getreideabkommen-geht\/\">Getreideabkommen<\/a>, mit dem der Export von ukrainischem und russischem Getreide und russischen D\u00fcngemitteln erm\u00f6glicht werden sollte.<\/p>\n<p>Nachdem das Abkommen im Sommer abgeschlossen war, erwies es sich schnell als Farce, denn es gingen nur etwa drei Prozent des ukrainischen Getreides an vom Hunger bedrohte L\u00e4nder, w\u00e4hrend der gr\u00f6\u00dfte Teil in die EU gegangen ist, wie man auf der entsprechenden <a rel=\"nofollow noopener\" target=\"_blank\" href=\"https:\/\/www.un.org\/en\/black-sea-grain-initiative\/vessel-movements\">Seite der UNO<\/a> erfahren kann. Das Abkommen sollte auch den problemlosen Export von russischem Getreide und D\u00fcngemitteln erm\u00f6glichen, der durch die westlichen Sanktionen gegen russische Banken, Versicherungen und Logistikunternehmen behindert wird. Die UNO fordert seitdem die Aufhebung der Sanktionen, die den Export von russischem Getreide und D\u00fcngemitteln behindern, was der Westen \u2013 und auch Scholz ganz pers\u00f6nlich \u2013 aber ablehnt.<\/p>\n<p>Scholz hat also sehr zynische gelogen, wenn er behauptet, seine Regierung habe &#8220;daf\u00fcr gesorgt und gek\u00e4mpft, dass es M\u00f6glichkeiten, gibt Getreideexporte aus Russland und der Ukraine in diese Welt kommen zu lassen&#8221;, denn zumindest bei den russischen Exporten, deren Mengen die ukrainischen weit \u00fcbertreffen, und die daher f\u00fcr die weltweite Ern\u00e4hrungssicherheit sehr wichtig sind, hat Scholz das Gegenteil getan: Er hat russische Getreideexporte verhindert.<\/p>\n<p>Und dass Russland aufgrund dieser vom Westen geschaffenen Probleme viele zehntausend Tonnen seines Getreides <a rel=\"nofollow noopener\" target=\"_blank\" href=\"https:\/\/www.anti-spiegel.ru\/2023\/russland-ist-bereit-sein-getreide-an-die-3-welt-zu-verschenken-die-ereignisse-des-20-maerz\/\">kostenlos an die bed\u00fcrftigsten L\u00e4nder<\/a> vor allem in Afrika liefert, w\u00e4hrend die EU aus ihren vollen Getreidesilos keine kostenlosen Lieferungen nach Afrika schickt und sogar <a rel=\"nofollow noopener\" target=\"_blank\" href=\"https:\/\/www.anti-spiegel.ru\/2023\/lettland-blockiert-transport-von-duengemittel-in-die-dritte-welt\/\">russische D\u00fcngemittel in ihren H\u00e4fen blockiert<\/a>, die Russland ebenfalls umsonst an Not leidende L\u00e4nder Afrikas abgeben will, hat Scholz nicht erw\u00e4hnt.<\/p>\n<h3>&#8220;Russland hat die Energieversorgung Europas eingestellt&#8221;<\/h3>\n<p>Auch beim Thema Energie hat Scholz gelogen, denn er hat gesagt:<\/p>\n<blockquote>\n<p><em>&#8220;Russland, ja Russland, hat die Energieversorgung Europas eingestellt. Mancher von der AfD und mancher von den Leuten, die immer alles querdenken, hat es ja immer noch anders in der Erz\u00e4hlung, aber es war der russische Pr\u00e4sident, der die Gaslieferung durch die heile Pipeline gestoppt hat. Die Versorgung Deutschlands ist damit in Frage gestellt worden. 50 Milliarden Kubikmeter Gas, die da durchkommen k\u00f6nnen, sind nicht mehr verf\u00fcgbar, Insgesamt sind in Europa 120 Milliarden Kubikmeter Gas nicht mehr da, die vorher aus Russland geliefert worden sind. Das hat Konsequenzen f\u00fcr die Preise.&#8221;<\/em><\/p>\n<\/blockquote>\n<p>Das sind verdammt viele L\u00fcgen in sehr wenigen S\u00e4tzen. Schauen wir uns das also einmal chronologisch an.<\/p>\n<p>Erstens: Die Regierung Scholz hat der betriebsbereiten und mit Gas bef\u00fcllten Pipelines von Nord Stream 2 am 22. Februar 2022, also noch vor Beginn der russischen Milit\u00e4roperation, die Genehmigung verweigert. Das geschah \u00fcbrigens die Initiative von Scholz pers\u00f6nlich. Putin hatte damit nichts zu tun.<\/p>\n<p>Zweitens: Es waren die Sanktionen westlicher L\u00e4nder, die im Sommer 2022 die vertragsgem\u00e4\u00dfe Wartung der Turbinen von Nord Stream 1 <a rel=\"nofollow noopener\" target=\"_blank\" href=\"https:\/\/www.anti-spiegel.ru\/2022\/warum-die-turbine-fuer-nord-stream-nicht-nach-russland-geliefert-werden-kann\/\">verhindert haben<\/a>, was zuerst zu einer Reduzierung und dann zu einer <a rel=\"nofollow noopener\" target=\"_blank\" href=\"https:\/\/www.anti-spiegel.ru\/2022\/dank-der-sanktionen-nord-stream-1-dauerhaft-ausser-betrieb\/\">Einstellung des Gasflusses<\/a> durch die Pipelines von Nord Stream 1 f\u00fchrte. Russland hat danach angeboten, stattdessen Nord Stream 2 in Betrieb zu nehmen, denn deren Turbinen sind aus russischer Produktion, mit der Pipeline h\u00e4tte es die Probleme, die es mit der Wartung von Nord Stream 1 gegeben hat, nicht gegeben. Aber wer war dagegen? Richtig: Bundeskanzler Scholz, der Russland vorwirft, es h\u00e4tte die &#8220;Energieversorgung Europas eingestellt&#8221;.<\/p>\n<p>Drittens: Danach wurden die Nord Streams gesprengt. Es gibt zwei Theorien, wer die T\u00e4ter sind. Die erste basiert auf den Recherchen von Seymour Hersh, der die T\u00e4terschaft bei den USA in Zusammenarbeit mit Norwegen sieht. Der zweiten Theorie zufolge, die die westlichen Medien verbreiten, haben sechs ukrainische Aktivisten die Pipelines von einem kleinen Segelboot aus gesprengt. Egal, wie man es dreht und wendet, Russland war es nicht, sondern als T\u00e4ter kommen nur L\u00e4nder in Betracht, die Scholz aus irgendwelchen Gr\u00fcnden nicht kritisiert. Der Ukraine hat er sogar schon weit \u00fcber 20 Milliarden Euro geschenkt. Aber auf seinem Parteitag behauptet Scholz, Russland habe die &#8220;Energieversorgung Europas eingestellt&#8221;.<\/p>\n<p>Viertens: Russland hat die Energieversorgung Europas \u00fcbrigens ganz und gar nicht eingestellt, denn es flie\u00dft noch immer <a rel=\"nofollow noopener\" target=\"_blank\" href=\"https:\/\/www.anti-spiegel.ru\/2023\/die-ukraine-will-gastransit-in-die-eu-einstellen-was-bedeutet-das-fuer-deutschland\/\">russisches Gas durch die ukrainische Pipeline<\/a> nach \u00d6sterreich und es flie\u00dft russisches Gas durch Turkish Stream nach S\u00fcdosteuropa bis nach Ungarn. Au\u00dferdem wurde die EU <a rel=\"nofollow noopener\" target=\"_blank\" href=\"https:\/\/www.spiegel.de\/wirtschaft\/russland-steigende-fluessigerdgas-importe-europa-ist-putins-bester-kunde-a-d7654566-119d-4f27-a813-82b9d96f5a0d\">zum gr\u00f6\u00dften Abnehmer von russischem Fl\u00fcssiggas<\/a>, von dem \u00fcber Belgien \u00fcbrigens sehr viel in Deutschland ankommt.<\/p>\n<p>Die Aussage von Scholz, Russland habe die &#8220;Energieversorgung Europas eingestellt&#8221;, war gleich aus ganz vielen Gr\u00fcnden eine dreiste L\u00fcge. Aber das wissen seine Parteigenossen wahrscheinlich nicht. Ob sie Scholz wohl auch so fr\u00f6hlich applaudiert h\u00e4tten, wenn sie gewusst h\u00e4tten, wie dreist ihr Kanzler ihnen ins Gesicht l\u00fcgt?<\/p>\n<h3>Kein Geld f\u00fcr die Deutschen und noch mehr L\u00fcgen<\/h3>\n<p>Der Rest der Rede von Scholz war nicht besser als seine L\u00fcgen vom Beginn der Rede. Er versprach, keine Sozialleistungen zu senken, obwohl er das schon getan hat, indem er wegen der von ihm verursachten Haushaltskrise die Subventionen f\u00fcr die gestiegenen Energiepreise bereits zum 1. Januar abgeschafft hat. Und das wird nicht der einzige soziale Einschnitt bleiben, denn es ist kein Geld da.<\/p>\n<p>Nur f\u00fcr eines ist Geld da: F\u00fcr die Ukraine will Scholz weiterhin zahlen, wie er auch in seiner Rede wieder betont hat. F\u00fcr die Deutschen ist kein Geld da, f\u00fcr die Ukraine schon. Er war in seiner Rede auch sehr stolz darauf, den vielen ukrainischen Fl\u00fcchtlingen mit Milliarden geholfen zu haben. Dar\u00fcber, wie er den Deutschen geholfen hat, hat er in seiner Rede wenig gesagt \u2013 und das Wenige, was er gesagt hat, war sogar auch noch gelogen, <a rel=\"nofollow noopener\" target=\"_blank\" href=\"https:\/\/www.focus.de\/politik\/meinung\/kommentar-von-hugo-mueller-vogg-scholz-bastelt-sich-in-seiner-rede-kurzerhand-eine-wunderschoene-spd-traumwelt_id_259480702.html\">wie der <em>Focus<\/em> aufgezeigt hat<\/a>.<\/p>\n<p>Danach hat Scholz im zweiten Teil seiner Rede ausf\u00fchrlich \u00fcber den Klimawandel und die angeblich so toll laufende gr\u00fcne Energiewende fabuliert, die Deutschland gerade ruiniert.<\/p>\n<p>Dass Scholz mit Zustimmungswerten von unter 20 Prozent der unbeliebteste Kanzler der deutschen Geschichte ist, hat er ignoriert. Dass fast 80 Prozent der Deutschen ein Ende seiner Regierung fordern, die sie genauso schlecht finden, wie den Kanzler selbst, scheint ihn auch nicht zu st\u00f6ren. Nur 17 Prozent der Deutschen bewerten laut &#8220;Politbarometer&#8221; die Arbeit der Regierung positiv, nur noch 14 Prozent wollen die SPD w\u00e4hlen. So schlecht standen ein Kanzler und eine Kanzlerpartei noch nie da. Aber Scholz ist bekannt daf\u00fcr, die Realit\u00e4ten zu ignorieren.<\/p>\n<p>Wie Scholz die Haushaltskrise in den Griff bekommen will, dar\u00fcber hat er folgerichtig kein Wort verloren, denn er kann offenbar nur zwei Dinge wirklich gut: L\u00fcgen und die Realit\u00e4ten ignorieren.<\/p>\n<p><em><strong>Thomas R\u00f6per<\/strong> ist Herausgeber und Blogbetreiber der Webseite Anti-Spiegel. Dort wurde der vorliegende Text am 10. Dezember 2023\u00a0<a rel=\"nofollow noopener\" target=\"_blank\" href=\"https:\/\/www.anti-spiegel.ru\/2023\/die-luegenrede-von-scholz-auf-dem-spd-parteitag\/\">erstmalig ver\u00f6ffentlicht<\/a>.<\/em><\/p>\n<p><strong>Mehr zum Thema<\/strong> \u2013 <a rel=\"nofollow noopener\" target=\"_blank\" href=\"https:\/\/freedert.online\/kurzclips\/video\/189424-olaf-scholz-wenn-andere-schwaecheln\/\">Olaf Scholz: &#8220;Wenn andere schw\u00e4cheln, m\u00fcssen wir noch mehr leisten&#8221; <\/a><\/p>\n<div class=\"EmbedBlock-root EmbedBlock-externalVideo EmbedBlock-vk\">\n<div class=\"VkEmbed\"><iframe class=\"lazyload\" data-src=\"https:\/\/vk.com\/video_ext.php?oid=-134310637&amp;id=456272648\" frameborder=\"0\" width=\"853\" height=\"480\" allowfullscreen><\/iframe><\/div>\n<\/div>\n<\/div>\n<p><br \/>\n<br \/><a href=\"https:\/\/de.rt.com\/inland\/189456-luegenrede-von-scholz-spd\/\">Source link <\/a><\/p>\n","protected":false},"excerpt":{"rendered":"<p>Bundeskanzler Scholz hat auf dem SPD-Parteitag eine Rede gehalten, die von deutschen Medien insgesamt gut aufgenommen wurde. Dass die Rede eine einzige Sammlung dreister L\u00fcgen war, haben sie nicht erw\u00e4hnt. Von Thomas R\u00f6per Wie schon bei seiner Regierungserkl\u00e4rung vor einigen Tagen zum Urteil des Verfassungsgerichtes, das die Haushaltspolitik der Scholz-Regierung als verfassungswidrig eingestuft und damit [&hellip;]<\/p>\n","protected":false},"author":3,"featured_media":51316,"comment_status":"open","ping_status":"open","sticky":false,"template":"","format":"standard","meta":{"_yoast_indexnow_last_ping":["1702234911"],"wp_automatic_camp":["217"],"4c1bc19cb4ad2f505a39a4a72263a49d":["Die L\u00fcgenrede von Scholz auf dem SPD-Parteitag"],"original_link":["https:\/\/de.rt.com\/inland\/189456-luegenrede-von-scholz-spd\/"],"_thumbnail_id":["51316"],"_wptgpro_p2tg_sent2tg":["a:1:{i:23737;s:19:\"2023-12-10 21:03:09\";}"],"jnews_social_counter_last_update":["1777312803"]},"categories":[19,23],"tags":[133,134,45,51482,1001,51421,50],"yoast_head":"<!-- This site is optimized with the Yoast SEO Premium plugin v22.7 (Yoast SEO v22.7) - https:\/\/yoast.com\/wordpress\/plugins\/seo\/ -->\n<title>Die L\u00fcgenrede von Scholz auf dem SPD-Parteitag - just-now.NEWS Deutschland<\/title>\n<meta name=\"robots\" content=\"index, follow, max-snippet:-1, max-image-preview:large, max-video-preview:-1\" \/>\n<link rel=\"canonical\" href=\"https:\/\/now-news.de\/de\/deutschland\/die-luegenrede-von-scholz-auf-dem-spd-parteitag\/\" \/>\n<meta property=\"og:locale\" content=\"de_DE\" \/>\n<meta property=\"og:type\" content=\"article\" \/>\n<meta property=\"og:title\" content=\"Die L\u00fcgenrede von Scholz auf dem SPD-Parteitag\" \/>\n<meta property=\"og:description\" content=\"Bundeskanzler Scholz hat auf dem SPD-Parteitag eine Rede gehalten, die von deutschen Medien insgesamt gut aufgenommen wurde. Dass die Rede eine einzige Sammlung dreister L\u00fcgen war, haben sie nicht erw\u00e4hnt. Von Thomas R\u00f6per Wie schon bei seiner Regierungserkl\u00e4rung vor einigen Tagen zum Urteil des Verfassungsgerichtes, das die Haushaltspolitik der Scholz-Regierung als verfassungswidrig eingestuft und damit [&hellip;]\" \/>\n<meta property=\"og:url\" content=\"https:\/\/now-news.de\/de\/deutschland\/die-luegenrede-von-scholz-auf-dem-spd-parteitag\/\" \/>\n<meta property=\"og:site_name\" content=\"just-now.NEWS Deutschland\" \/>\n<meta property=\"article:publisher\" content=\"https:\/\/www.facebook.com\/wirmachenauf\" \/>\n<meta property=\"article:published_time\" content=\"2023-12-10T18:53:45+00:00\" \/>\n<meta property=\"og:image\" content=\"https:\/\/now-news.de\/de\/wp-content\/uploads\/sites\/3\/2023\/12\/Die-Luegenrede-von-Scholz-auf-dem-SPD-Parteitag.jpg\" \/>\n\t<meta property=\"og:image:width\" content=\"460\" \/>\n\t<meta property=\"og:image:height\" content=\"259\" \/>\n\t<meta property=\"og:image:type\" content=\"image\/jpeg\" \/>\n<meta name=\"author\" content=\"rtnews\" \/>\n<meta name=\"twitter:card\" content=\"summary_large_image\" \/>\n<meta name=\"twitter:creator\" content=\"@WirMachenAuf_de\" \/>\n<meta name=\"twitter:site\" content=\"@WirMachenAuf_de\" \/>\n<meta name=\"twitter:label1\" content=\"Verfasst von\" \/>\n\t<meta name=\"twitter:data1\" content=\"rtnews\" \/>\n\t<meta name=\"twitter:label2\" content=\"Gesch\u00e4tzte Lesezeit\" \/>\n\t<meta name=\"twitter:data2\" content=\"10\u00a0Minuten\" \/>\n<script type=\"application\/ld+json\" class=\"yoast-schema-graph\">{\"@context\":\"https:\/\/schema.org\",\"@graph\":[{\"@type\":\"Article\",\"@id\":\"https:\/\/now-news.de\/de\/deutschland\/die-luegenrede-von-scholz-auf-dem-spd-parteitag\/#article\",\"isPartOf\":{\"@id\":\"https:\/\/now-news.de\/de\/deutschland\/die-luegenrede-von-scholz-auf-dem-spd-parteitag\/\"},\"author\":{\"name\":\"rtnews\",\"@id\":\"https:\/\/now-news.de\/de\/#\/schema\/person\/fb534a4e865501d8b3285208df34a9b5\"},\"headline\":\"Die L\u00fcgenrede von Scholz auf dem SPD-Parteitag\",\"datePublished\":\"2023-12-10T18:53:45+00:00\",\"dateModified\":\"2023-12-10T18:53:45+00:00\",\"mainEntityOfPage\":{\"@id\":\"https:\/\/now-news.de\/de\/deutschland\/die-luegenrede-von-scholz-auf-dem-spd-parteitag\/\"},\"wordCount\":1988,\"commentCount\":0,\"publisher\":{\"@id\":\"https:\/\/now-news.de\/de\/#organization\"},\"image\":{\"@id\":\"https:\/\/now-news.de\/de\/deutschland\/die-luegenrede-von-scholz-auf-dem-spd-parteitag\/#primaryimage\"},\"thumbnailUrl\":\"https:\/\/now-news.de\/de\/wp-content\/uploads\/sites\/3\/2023\/12\/Die-Luegenrede-von-Scholz-auf-dem-SPD-Parteitag.jpg\",\"keywords\":[\"AUF\",\"DEM\",\"die\",\"L\u00fcgenrede\",\"Scholz\",\"SPDParteitag\",\"von\"],\"articleSection\":[\"Deutschland\",\"Russland\"],\"inLanguage\":\"de\",\"potentialAction\":[{\"@type\":\"CommentAction\",\"name\":\"Comment\",\"target\":[\"https:\/\/now-news.de\/de\/deutschland\/die-luegenrede-von-scholz-auf-dem-spd-parteitag\/#respond\"]}]},{\"@type\":\"WebPage\",\"@id\":\"https:\/\/now-news.de\/de\/deutschland\/die-luegenrede-von-scholz-auf-dem-spd-parteitag\/\",\"url\":\"https:\/\/now-news.de\/de\/deutschland\/die-luegenrede-von-scholz-auf-dem-spd-parteitag\/\",\"name\":\"Die L\u00fcgenrede von Scholz auf dem SPD-Parteitag - just-now.NEWS Deutschland\",\"isPartOf\":{\"@id\":\"https:\/\/now-news.de\/de\/#website\"},\"primaryImageOfPage\":{\"@id\":\"https:\/\/now-news.de\/de\/deutschland\/die-luegenrede-von-scholz-auf-dem-spd-parteitag\/#primaryimage\"},\"image\":{\"@id\":\"https:\/\/now-news.de\/de\/deutschland\/die-luegenrede-von-scholz-auf-dem-spd-parteitag\/#primaryimage\"},\"thumbnailUrl\":\"https:\/\/now-news.de\/de\/wp-content\/uploads\/sites\/3\/2023\/12\/Die-Luegenrede-von-Scholz-auf-dem-SPD-Parteitag.jpg\",\"datePublished\":\"2023-12-10T18:53:45+00:00\",\"dateModified\":\"2023-12-10T18:53:45+00:00\",\"breadcrumb\":{\"@id\":\"https:\/\/now-news.de\/de\/deutschland\/die-luegenrede-von-scholz-auf-dem-spd-parteitag\/#breadcrumb\"},\"inLanguage\":\"de\",\"potentialAction\":[{\"@type\":\"ReadAction\",\"target\":[\"https:\/\/now-news.de\/de\/deutschland\/die-luegenrede-von-scholz-auf-dem-spd-parteitag\/\"]}]},{\"@type\":\"ImageObject\",\"inLanguage\":\"de\",\"@id\":\"https:\/\/now-news.de\/de\/deutschland\/die-luegenrede-von-scholz-auf-dem-spd-parteitag\/#primaryimage\",\"url\":\"https:\/\/now-news.de\/de\/wp-content\/uploads\/sites\/3\/2023\/12\/Die-Luegenrede-von-Scholz-auf-dem-SPD-Parteitag.jpg\",\"contentUrl\":\"https:\/\/now-news.de\/de\/wp-content\/uploads\/sites\/3\/2023\/12\/Die-Luegenrede-von-Scholz-auf-dem-SPD-Parteitag.jpg\",\"width\":460,\"height\":259,\"caption\":\"Die L\u00fcgenrede von Scholz auf dem SPD-Parteitag\"},{\"@type\":\"BreadcrumbList\",\"@id\":\"https:\/\/now-news.de\/de\/deutschland\/die-luegenrede-von-scholz-auf-dem-spd-parteitag\/#breadcrumb\",\"itemListElement\":[{\"@type\":\"ListItem\",\"position\":1,\"name\":\"Home\",\"item\":\"https:\/\/now-news.de\/de\/\"},{\"@type\":\"ListItem\",\"position\":2,\"name\":\"Die L\u00fcgenrede von Scholz auf dem SPD-Parteitag\"}]},{\"@type\":\"WebSite\",\"@id\":\"https:\/\/now-news.de\/de\/#website\",\"url\":\"https:\/\/now-news.de\/de\/\",\"name\":\"just-now.NEWS Deutschland\",\"description\":\"Das Portal f\u00fcr unzensierte Nachrichten aus der Welt\",\"publisher\":{\"@id\":\"https:\/\/now-news.de\/de\/#organization\"},\"potentialAction\":[{\"@type\":\"SearchAction\",\"target\":{\"@type\":\"EntryPoint\",\"urlTemplate\":\"https:\/\/now-news.de\/de\/?s={search_term_string}\"},\"query-input\":\"required name=search_term_string\"}],\"inLanguage\":\"de\"},{\"@type\":\"Organization\",\"@id\":\"https:\/\/now-news.de\/de\/#organization\",\"name\":\"Just Now News\",\"url\":\"https:\/\/now-news.de\/de\/\",\"logo\":{\"@type\":\"ImageObject\",\"inLanguage\":\"de\",\"@id\":\"https:\/\/now-news.de\/de\/#\/schema\/logo\/image\/\",\"url\":\"http:\/\/just-now.news\/de\/wp-content\/uploads\/sites\/3\/2022\/04\/logo500x500.jpg\",\"contentUrl\":\"http:\/\/just-now.news\/de\/wp-content\/uploads\/sites\/3\/2022\/04\/logo500x500.jpg\",\"width\":500,\"height\":500,\"caption\":\"Just Now News\"},\"image\":{\"@id\":\"https:\/\/now-news.de\/de\/#\/schema\/logo\/image\/\"},\"sameAs\":[\"https:\/\/www.facebook.com\/wirmachenauf\",\"https:\/\/x.com\/WirMachenAuf_de\"]},{\"@type\":\"Person\",\"@id\":\"https:\/\/now-news.de\/de\/#\/schema\/person\/fb534a4e865501d8b3285208df34a9b5\",\"name\":\"rtnews\",\"image\":{\"@type\":\"ImageObject\",\"inLanguage\":\"de\",\"@id\":\"https:\/\/now-news.de\/de\/#\/schema\/person\/image\/\",\"url\":\"https:\/\/secure.gravatar.com\/avatar\/82aafea7d8127119dd649515f56e2117?s=96&d=mm&r=g\",\"contentUrl\":\"https:\/\/secure.gravatar.com\/avatar\/82aafea7d8127119dd649515f56e2117?s=96&d=mm&r=g\",\"caption\":\"rtnews\"},\"url\":\"https:\/\/now-news.de\/de\/author\/rnews\/\"}]}<\/script>\n<!-- \/ Yoast SEO Premium plugin. -->","yoast_head_json":{"title":"Die L\u00fcgenrede von Scholz auf dem SPD-Parteitag - just-now.NEWS Deutschland","robots":{"index":"index","follow":"follow","max-snippet":"max-snippet:-1","max-image-preview":"max-image-preview:large","max-video-preview":"max-video-preview:-1"},"canonical":"https:\/\/now-news.de\/de\/deutschland\/die-luegenrede-von-scholz-auf-dem-spd-parteitag\/","og_locale":"de_DE","og_type":"article","og_title":"Die L\u00fcgenrede von Scholz auf dem SPD-Parteitag","og_description":"Bundeskanzler Scholz hat auf dem SPD-Parteitag eine Rede gehalten, die von deutschen Medien insgesamt gut aufgenommen wurde. Dass die Rede eine einzige Sammlung dreister L\u00fcgen war, haben sie nicht erw\u00e4hnt. Von Thomas R\u00f6per Wie schon bei seiner Regierungserkl\u00e4rung vor einigen Tagen zum Urteil des Verfassungsgerichtes, das die Haushaltspolitik der Scholz-Regierung als verfassungswidrig eingestuft und damit [&hellip;]","og_url":"https:\/\/now-news.de\/de\/deutschland\/die-luegenrede-von-scholz-auf-dem-spd-parteitag\/","og_site_name":"just-now.NEWS Deutschland","article_publisher":"https:\/\/www.facebook.com\/wirmachenauf","article_published_time":"2023-12-10T18:53:45+00:00","og_image":[{"width":460,"height":259,"url":"https:\/\/now-news.de\/de\/wp-content\/uploads\/sites\/3\/2023\/12\/Die-Luegenrede-von-Scholz-auf-dem-SPD-Parteitag.jpg","type":"image\/jpeg"}],"author":"rtnews","twitter_card":"summary_large_image","twitter_creator":"@WirMachenAuf_de","twitter_site":"@WirMachenAuf_de","twitter_misc":{"Verfasst von":"rtnews","Gesch\u00e4tzte Lesezeit":"10\u00a0Minuten"},"schema":{"@context":"https:\/\/schema.org","@graph":[{"@type":"Article","@id":"https:\/\/now-news.de\/de\/deutschland\/die-luegenrede-von-scholz-auf-dem-spd-parteitag\/#article","isPartOf":{"@id":"https:\/\/now-news.de\/de\/deutschland\/die-luegenrede-von-scholz-auf-dem-spd-parteitag\/"},"author":{"name":"rtnews","@id":"https:\/\/now-news.de\/de\/#\/schema\/person\/fb534a4e865501d8b3285208df34a9b5"},"headline":"Die L\u00fcgenrede von Scholz auf dem SPD-Parteitag","datePublished":"2023-12-10T18:53:45+00:00","dateModified":"2023-12-10T18:53:45+00:00","mainEntityOfPage":{"@id":"https:\/\/now-news.de\/de\/deutschland\/die-luegenrede-von-scholz-auf-dem-spd-parteitag\/"},"wordCount":1988,"commentCount":0,"publisher":{"@id":"https:\/\/now-news.de\/de\/#organization"},"image":{"@id":"https:\/\/now-news.de\/de\/deutschland\/die-luegenrede-von-scholz-auf-dem-spd-parteitag\/#primaryimage"},"thumbnailUrl":"https:\/\/now-news.de\/de\/wp-content\/uploads\/sites\/3\/2023\/12\/Die-Luegenrede-von-Scholz-auf-dem-SPD-Parteitag.jpg","keywords":["AUF","DEM","die","L\u00fcgenrede","Scholz","SPDParteitag","von"],"articleSection":["Deutschland","Russland"],"inLanguage":"de","potentialAction":[{"@type":"CommentAction","name":"Comment","target":["https:\/\/now-news.de\/de\/deutschland\/die-luegenrede-von-scholz-auf-dem-spd-parteitag\/#respond"]}]},{"@type":"WebPage","@id":"https:\/\/now-news.de\/de\/deutschland\/die-luegenrede-von-scholz-auf-dem-spd-parteitag\/","url":"https:\/\/now-news.de\/de\/deutschland\/die-luegenrede-von-scholz-auf-dem-spd-parteitag\/","name":"Die L\u00fcgenrede von Scholz auf dem SPD-Parteitag - just-now.NEWS Deutschland","isPartOf":{"@id":"https:\/\/now-news.de\/de\/#website"},"primaryImageOfPage":{"@id":"https:\/\/now-news.de\/de\/deutschland\/die-luegenrede-von-scholz-auf-dem-spd-parteitag\/#primaryimage"},"image":{"@id":"https:\/\/now-news.de\/de\/deutschland\/die-luegenrede-von-scholz-auf-dem-spd-parteitag\/#primaryimage"},"thumbnailUrl":"https:\/\/now-news.de\/de\/wp-content\/uploads\/sites\/3\/2023\/12\/Die-Luegenrede-von-Scholz-auf-dem-SPD-Parteitag.jpg","datePublished":"2023-12-10T18:53:45+00:00","dateModified":"2023-12-10T18:53:45+00:00","breadcrumb":{"@id":"https:\/\/now-news.de\/de\/deutschland\/die-luegenrede-von-scholz-auf-dem-spd-parteitag\/#breadcrumb"},"inLanguage":"de","potentialAction":[{"@type":"ReadAction","target":["https:\/\/now-news.de\/de\/deutschland\/die-luegenrede-von-scholz-auf-dem-spd-parteitag\/"]}]},{"@type":"ImageObject","inLanguage":"de","@id":"https:\/\/now-news.de\/de\/deutschland\/die-luegenrede-von-scholz-auf-dem-spd-parteitag\/#primaryimage","url":"https:\/\/now-news.de\/de\/wp-content\/uploads\/sites\/3\/2023\/12\/Die-Luegenrede-von-Scholz-auf-dem-SPD-Parteitag.jpg","contentUrl":"https:\/\/now-news.de\/de\/wp-content\/uploads\/sites\/3\/2023\/12\/Die-Luegenrede-von-Scholz-auf-dem-SPD-Parteitag.jpg","width":460,"height":259,"caption":"Die L\u00fcgenrede von Scholz auf dem SPD-Parteitag"},{"@type":"BreadcrumbList","@id":"https:\/\/now-news.de\/de\/deutschland\/die-luegenrede-von-scholz-auf-dem-spd-parteitag\/#breadcrumb","itemListElement":[{"@type":"ListItem","position":1,"name":"Home","item":"https:\/\/now-news.de\/de\/"},{"@type":"ListItem","position":2,"name":"Die L\u00fcgenrede von Scholz auf dem SPD-Parteitag"}]},{"@type":"WebSite","@id":"https:\/\/now-news.de\/de\/#website","url":"https:\/\/now-news.de\/de\/","name":"just-now.NEWS Deutschland","description":"Das Portal f\u00fcr unzensierte Nachrichten aus der Welt","publisher":{"@id":"https:\/\/now-news.de\/de\/#organization"},"potentialAction":[{"@type":"SearchAction","target":{"@type":"EntryPoint","urlTemplate":"https:\/\/now-news.de\/de\/?s={search_term_string}"},"query-input":"required name=search_term_string"}],"inLanguage":"de"},{"@type":"Organization","@id":"https:\/\/now-news.de\/de\/#organization","name":"Just Now News","url":"https:\/\/now-news.de\/de\/","logo":{"@type":"ImageObject","inLanguage":"de","@id":"https:\/\/now-news.de\/de\/#\/schema\/logo\/image\/","url":"http:\/\/just-now.news\/de\/wp-content\/uploads\/sites\/3\/2022\/04\/logo500x500.jpg","contentUrl":"http:\/\/just-now.news\/de\/wp-content\/uploads\/sites\/3\/2022\/04\/logo500x500.jpg","width":500,"height":500,"caption":"Just Now News"},"image":{"@id":"https:\/\/now-news.de\/de\/#\/schema\/logo\/image\/"},"sameAs":["https:\/\/www.facebook.com\/wirmachenauf","https:\/\/x.com\/WirMachenAuf_de"]},{"@type":"Person","@id":"https:\/\/now-news.de\/de\/#\/schema\/person\/fb534a4e865501d8b3285208df34a9b5","name":"rtnews","image":{"@type":"ImageObject","inLanguage":"de","@id":"https:\/\/now-news.de\/de\/#\/schema\/person\/image\/","url":"https:\/\/secure.gravatar.com\/avatar\/82aafea7d8127119dd649515f56e2117?s=96&d=mm&r=g","contentUrl":"https:\/\/secure.gravatar.com\/avatar\/82aafea7d8127119dd649515f56e2117?s=96&d=mm&r=g","caption":"rtnews"},"url":"https:\/\/now-news.de\/de\/author\/rnews\/"}]}},"_links":{"self":[{"href":"https:\/\/now-news.de\/de\/wp-json\/wp\/v2\/posts\/51315"}],"collection":[{"href":"https:\/\/now-news.de\/de\/wp-json\/wp\/v2\/posts"}],"about":[{"href":"https:\/\/now-news.de\/de\/wp-json\/wp\/v2\/types\/post"}],"author":[{"embeddable":true,"href":"https:\/\/now-news.de\/de\/wp-json\/wp\/v2\/users\/3"}],"replies":[{"embeddable":true,"href":"https:\/\/now-news.de\/de\/wp-json\/wp\/v2\/comments?post=51315"}],"version-history":[{"count":0,"href":"https:\/\/now-news.de\/de\/wp-json\/wp\/v2\/posts\/51315\/revisions"}],"wp:featuredmedia":[{"embeddable":true,"href":"https:\/\/now-news.de\/de\/wp-json\/wp\/v2\/media\/51316"}],"wp:attachment":[{"href":"https:\/\/now-news.de\/de\/wp-json\/wp\/v2\/media?parent=51315"}],"wp:term":[{"taxonomy":"category","embeddable":true,"href":"https:\/\/now-news.de\/de\/wp-json\/wp\/v2\/categories?post=51315"},{"taxonomy":"post_tag","embeddable":true,"href":"https:\/\/now-news.de\/de\/wp-json\/wp\/v2\/tags?post=51315"}],"curies":[{"name":"wp","href":"https:\/\/api.w.org\/{rel}","templated":true}]}}