{"id":51301,"date":"2023-12-10T17:15:24","date_gmt":"2023-12-10T15:15:24","guid":{"rendered":"https:\/\/just-now.news\/de\/deutschland\/was-ist-rechts-und-was-ist-links-teil-ii\/"},"modified":"2023-12-10T17:15:24","modified_gmt":"2023-12-10T15:15:24","slug":"was-ist-rechts-und-was-ist-links-teil-ii","status":"publish","type":"post","link":"https:\/\/now-news.de\/de\/deutschland\/was-ist-rechts-und-was-ist-links-teil-ii\/","title":{"rendered":"Was ist &quot;Rechts&quot; und was ist &quot;Links&quot; (Teil II)"},"content":{"rendered":"<p><img decoding=\"async\" src=\"http:\/\/just-now.news\/de\/wp-content\/uploads\/sites\/3\/2023\/12\/6574951ab480cc61495a63cf.jpg\" \/><\/p>\n<div class=\"Text-root Text-type_1 \">\n                Wenn Kritik an der Unterst\u00fctzung des Stellvertreterkriegs gegen Russland aus Sicht vermeintlicher &#8220;Linker&#8221; politisch &#8220;rechts&#8221; sein soll, wirft das Fragen nach deren geistiger Verfassung auf. Tats\u00e4chlich geht es heute bei den Begriffen &#8220;links&#8221; und &#8220;rechts&#8221; drunter und dr\u00fcber. Und das ist Absicht.\n            <\/div>\n<p><\/p>\n<div class=\"Text-root Text-type_5 ArticleView-text ViewText-root \">\n<p><em>Von Rainer Rupp<\/em><\/p>\n<p>In <a rel=\"nofollow noopener\" target=\"_blank\" href=\"https:\/\/freedert.online\/inland\/189409-was-ist-rechts-und-was\/\">Teil I<\/a> hat der langj\u00e4hrige Bundesvorsitzende des 1929 gegr\u00fcndeten Deutschen Freidenker-Verbandes, Klaus Hartmann, die aktuell weitverbreitete Begriffsverwirrung \u00fcber &#8220;links&#8221; und &#8220;rechts&#8221; unter die Lupe genommen und belegt, dass die von Regierung und Medien gesch\u00fcrte &#8220;Bewegung gegen rechts&#8221; ein Fake ist.<em>\u00a0<\/em><\/p>\n<p>(Die Rede von Hartmann kann hier nur gek\u00fcrzt wiedergegeben werden und soll ein Appetitanreger f\u00fcr die Lekt\u00fcre des ganzen Vortrags auf der Internetseite des Freidenker-Verbandes sein, der unter\u00a0<a rel=\"nofollow noopener\" target=\"_blank\" href=\"https:\/\/www.freidenker.org\/?p=17582\">diesem Link<\/a>\u00a0aufgerufen werden kann.)<\/p>\n<p><em><strong>Die Rolle und Politik der AfD<\/strong><strong>\u00a0<\/strong><\/em><\/p>\n<p><em>&#8220;Vielen gilt die AfD geradezu als Inbegriff einer rechten Partei, Urteile beziehungsweise Aburteilungen zur &#8216;Alternative f\u00fcr Deutschland&#8217;\u00a0sind zahllos und schnell gesprochen. Die Schnelligkeit ist meist der Feind der Genauigkeit. Man sollte die unterschiedlichen Ebenen des &#8216;Ph\u00e4nomens AfD&#8217;\u00a0zu unterscheiden versuchen und insbesondere auseinanderhalten. Mit den Ebenen meine ich die Gr\u00fcndungsphase, die Programmatik, konkrete \u00c4u\u00dferungen zu verschiedenen Themen und Aktionsschwerpunkten, schlie\u00dflich die Wirkung ihrer Aussagen auf das Publikum und Schlussfolgerungen zum Umgang damit. Ohne dies hier grundlegend ausbreiten zu k\u00f6nnen, gehe ich von folgenden Thesen aus:<\/em><\/p>\n<p><em>An der Wiege der AfD standen einerseits neoliberale Professoren, andererseits vormalige Vertreter der &#8216;Stahlhelmfraktion&#8217;\u00a0der CDU. Die Parteigr\u00fcndung zielte unter anderem auf entt\u00e4uschte CDU-W\u00e4hler, die diese Partei durch [Angela] Merkel &#8216;entkernt&#8217;\u00a0und &#8216;sozialdemokratisiert&#8217;\u00a0empfanden, sich politisch heimatlos f\u00fchlten. Ihnen sollte das Angebot einer &#8216;alternativen&#8217;\u00a0Systemopposition gemacht werden.<\/em><\/p>\n<p><em>Sozialpolitisch bekennt sich die AfD zur Beibehaltung des gesetzlichen Mindestlohns, sie fordert grundlegende Reformen der sozialen Sicherungssysteme, ohne konkret zu werden, fr\u00fchere neoliberale Forderungen wie die Privatisierung der Arbeitslosen- und Unfallversicherung finden sich nicht mehr im Grundsatzprogramm. In der Sicherheitspolitik bekennt sich die AfD zur NATO-Mitgliedschaft und zur Erf\u00fcllung der Verpflichtungen gegen\u00fcber den B\u00fcndnispartnern, zur St\u00e4rkung der Bundeswehr (sprich Aufr\u00fcstung) und Wiedereinf\u00fchrung der Wehrpflicht; andererseits hei\u00dft es dort: &#8216;Sicherheit in und f\u00fcr Europa kann ohne Russlands Einbindung nicht gelingen&#8217;.<\/em><\/p>\n<p><em>Aus dieser &#8216;Mischung&#8217;\u00a0ergibt sich im praktischen Verhalten, dass einerseits der Parteivorsitzende [Tino] Chrupalla seine Partei als einzige Friedenspartei in Deutschland preist, andererseits fast die H\u00e4lfte der AfD-Fraktion den 100 Milliarden Kriegskrediten der Ampelregierung zugestimmt hat. W\u00e4hrend das Hamburger Bundesvorstandsmitglied [Alexander] Wolf ein\u00a0&#8216;allzu gro\u00dfes Verst\u00e4ndnis f\u00fcr die russische Position im Ukraine-Krieg &#8216;kritisiert, h\u00e4lt Chrupalla dagegen: &#8216;Der Ukraine-Krieg darf nicht weiter eskalieren, Deutschland nicht zur Kriegspartei werden. Statt immer mehr und immer schwerere Waffen in das Kriegsgebiet zu schicken, muss die Bundesrepublik mit Diplomatie auf ein m\u00f6glichst schnelles Ende des Kriegs hinarbeiten.&#8217;<\/em><\/p>\n<p><em>Wir d\u00fcrfen nicht \u00fcbersehen, dass die AfD weiterhin stramm antikommunistisch agitiert. Reden \u00fcber <a rel=\"nofollow noopener\" target=\"_blank\" href=\"https:\/\/www.youtube.com\/watch?v=j4QIm_KlsDA\">&#8216;Den gr\u00fcnen Kommunismus&#8217;<\/a>,\u00a0<a rel=\"nofollow noopener\" target=\"_blank\" href=\"https:\/\/www.youtube.com\/watch?v=jDp3_2GLpUU\">&#8216;Das Gespenst der DDR geht wieder um&#8217;<\/a>\u00a0oder <a rel=\"nofollow noopener\" target=\"_blank\" href=\"https:\/\/www.youtube.com\/watch?v=KHWEKGALpZg\">&#8216;Das Erbe des Marxismus ist der Postkolonialismus&#8217;<\/a>\u00a0zeugen wohl weniger von erheblicher Bildungsferne, als von dem Vorsatz, mit der Diffamierungskeule zur\u00fcckzuschlagen und den Antikommunismus als ideologisches R\u00fcstzeug dieser Republik weiter zu pflegen. Wir \u00fcbersehen auch nicht, dass die AfD sich als besonders Zionismus-freundlich profilieren will und zum Beispiel f\u00fcr ein Verbot der BDS-Kampagne (Boykott, Desinvestition, Sanktionen) in Deutschland auftrat.<\/em><\/p>\n<p><em><strong>Was folgt daraus praktisch?<\/strong><\/em><\/p>\n<p><em>Wenn man im Bundestag Stimmen gegen den Krieg gegen Russland und gegen die Wirtschaftssanktionen und gegen die Waffenlieferungen an die Ukraine h\u00f6rt, dann sind das in der Regel Reden von AfD-Vertretern, Ausnahmen bilden einzelne Abgeordnete der Partei Die Linke, wenn zum Beispiel Sevim Da\u011fdelen oder Andrej Hunko das Wort erhalten. Das muss man ganz n\u00fcchtern zur Kenntnis nehmen. Wenn eine AfD-Rede den Titel tr\u00e4gt <a rel=\"nofollow noopener\" target=\"_blank\" href=\"https:\/\/www.youtube.com\/watch?v=arJOcfqkk9E\">&#8216;Das Volk will keinen Krieg&#8217;<\/a>\u00a0\u2013 was soll man dagegen einwenden? Gegenw\u00e4rtig leben wir unter einer massiven Bedrohung des Friedens, mit einer akuten Kriegsgefahr, keiner der unverantwortlichen Politiker des &#8216;kollektiven Westens&#8217;, keine Bundesregierung kann garantieren, dass Russland nicht irgendwann die &#8216;Rote Linie&#8217;\u00a0\u00fcberschritten sieht.<\/em><\/p>\n<p><em>Von daher sind alle Stimmen, von welchem Politiker auch immer, die vor der Kriegsgefahr warnen, die eine Wiederinbetriebnahme der Nordstream-Pipelines fordern, die Waffenlieferungen an die Ukraine ablehnen, und die irgendwie Geh\u00f6r, einen Weg in die \u00d6ffentlichkeit, in die Medien finden, grunds\u00e4tzlich hilfreich und positiv. Und wenn das ein AfDler macht, dann ist es egal aus welchen Motiven, wenn die Bev\u00f6lkerungsmehrheit, die in Frieden leben will, und die diesen abenteuerlichen Harakiri-Kurs gegen Russland nicht mittr\u00e4gt, aus solchen Reden eine Bekr\u00e4ftigung und St\u00e4rkung ihrer \u00dcberzeugung erf\u00e4hrt, dann kann das nur positiv sein.<\/em><\/p>\n<p><em>Wenn daraus folgt, dass Menschen f\u00fcr solche Inhalte auf die Stra\u00dfe gehen, eine Einheit in der Aktion f\u00fcr Frieden und gegen Waffen zustande kommt, dann sollten wir uns ohne Ansehen der Person oder Kontrolle des Parteibuches daran beteiligen. Antikriegsaktionen mit demokratischen Rechten oder &#8216;Wertkonservativen&#8217;, wie sie genannt werden, falls sie dazu bereit sind \u2013 das sollte selbstverst\u00e4ndlich sein, und wir sollten uns davon auch nicht von den &#8216;Kontaktschuld&#8217;-Predigern abhalten lassen. Dabei vergessen und verdr\u00e4ngen wir keinesfalls die Widerspr\u00fcchlichkeiten, den &#8216;Kampf der Gegens\u00e4tze&#8217;\u00a0in den Positionen von Mitwirkenden. Aber wir m\u00fcssen die Priorit\u00e4ten auf die Herstellung von Handlungsf\u00e4higkeit legen.<\/em><\/p>\n<p><em><strong>Das wirkliche links-rechte Parteienspektrum<\/strong><\/em><\/p>\n<p><em>Betrachtet man das alte Parteienspektrum, ist die AfD nat\u00fcrlich eine rechte Partei. Aber rechts von der AfD sitzt die SPD, mit dem Zeitenwende-Kanzler, der unentwegt Waffen f\u00fcr den Stellvertreterkrieg gegen Russland an die Ukraine liefert, dessen Kriegsminister [Boris] Pistorius <a rel=\"nofollow noopener\" target=\"_blank\" href=\"https:\/\/www.br.de\/nachrichten\/deutschland-welt\/pistorius-wir-muessen-kriegstuechtig-werden,Tu6Tlcz\">&#8216;Deutschland wieder kriegst\u00fcchtig&#8217;<\/a> machen will.<\/em><\/p>\n<p><em>Und rechts von der SPD sitzt die CDU\/CSU, deren Fraktionsvorsitzender [Friedrich] Merz im Verein mit seinen militaristischen Sekundanten [J\u00fcrgen] Hardt und [Johann] Wadephul einen noch sch\u00e4rferen Kriegskurs will, unter\u00a0anderem durch <a rel=\"nofollow noopener\" target=\"_blank\" href=\"https:\/\/www.zeit.de\/politik\/ausland\/2023-08\/ukraine-ueberblick-merz-taurus-piloten-kollision\">Lieferung von Taurus-Marschflugk\u00f6rpern<\/a>.<\/em><\/p>\n<p><em>Und noch weiter rechts sitzt die FDP, deren R\u00fcstungslobbyistin [Marie-Agnes] Strack-Zimmermann immer <a rel=\"nofollow noopener\" target=\"_blank\" href=\"https:\/\/www.zdf.de\/nachrichten\/politik\/strack-zimmermann-druck-scholz-panzer-ukraine-russland-krieg-100.html\">mehr Waffen f\u00fcr Kiew<\/a> fordert, und wom\u00f6glich [Wladimir] Selenskij schon bald adoptieren k\u00f6nnte.<\/em><\/p>\n<p><em>Ganz am rechten Rand sitzen noch die Gr\u00fcnen, die Rechtsextremisten, die Russland ruinieren und besiegt sehen wollen, deren [Annalena] Baerbock &#8216;einen Krieg gegen Russland f\u00fchrt&#8217;\u00a0und deren [Anton] Hofreiter v\u00f6llig entfesselt <a rel=\"nofollow noopener\" target=\"_blank\" href=\"https:\/\/www.t-online.de\/nachrichten\/ausland\/id_92059200\/anton-hofreiter-und-der-ukraine-krieg-was-denkt-er-sich-eigentlich-dabei-.html\">immer mehr Sanktionen<\/a> gegen Russland fordert und den &#8216;z\u00f6gerlichen Kanzler&#8217;\u00a0mit Dauerkritik beschallt.<\/em><\/p>\n<p><em>Gehen wir zur\u00fcck in diesem Parteienspektrum, sehen wir links von der AfD, in der Mitte und etwas links der Mitte die Partei Die Linke. Und links von ihr die sich neuformierende Gruppe um Sahra Wagenknecht. Damit ist die linke Seite bereits abschlie\u00dfend aufgez\u00e4hlt, im Ergebnis ein v\u00f6lliges Ungleichgewicht, eine g\u00e4hnende Leere. Das ist ein Versagen der Linken insgesamt, die sich zu gro\u00dfen Teilen auf Lifestyle- und Haltungsthemen sowie sprachpolizeiliche Ersatz\u00fcbungen eingelassen hat, und dar\u00fcber ihr Kerngesch\u00e4ft, die Interessenvertretung der Nichtprivilegierten, vergessen hat. Nachdem ihr mit den Begriffen auch die Inhalte abhandengekommen sind, m\u00fcssen die Inhalte, was links ist, sein soll oder sein m\u00fcsste, dringend zur\u00fcckgewonnen und neu gef\u00fcllt werden.<\/em><\/p>\n<p><em>Es kann nicht schaden, sich dabei an Marx als Kompass zu erinnern. Gegen Krieg ist links \u2013 und deshalb sind die Gr\u00fcnen rechts. Wer f\u00fcr die Rettung der Bankprofite eintritt, ist rechts, wer f\u00fcr bessere Arbeitsbedingungen im Gesundheitswesen, in der Altenpflege k\u00e4mpft, ist links. Wer Abr\u00fcstung, den Abzug der ausl\u00e4ndischen Truppen aus Deutschland und den Austritt aus der NATO fordert, ist links, wer Kriegskredite bewilligen l\u00e4sst, wie Herr [Olaf] Scholz und seine Entourage, ist rechts. Wer den Notstand der Demokratie verordnet und wer dazu strammsteht, ist rechts, wer dagegen opponiert und die demokratischen Rechte verteidigt, ist links. Solche einfach zu begreifenden Inhalte f\u00fchren nicht zu einer abgehobenen Theoriedebatte, das ist kein Laborprogramm, sondern ein praktisches Aktionsprogramm.<\/em><\/p>\n<p><em>Erg\u00e4nzen sollte man noch: Wer Russenhass predigt und antislawischen Rassismus, der ist rechts. Wer f\u00fcr V\u00f6lkerverst\u00e4ndigung, wer f\u00fcr Freundschaft mit Russland und China eintritt, der ist links.<\/em><\/p>\n<p><em>Und wer dann fragt, ist [Wladimir] Putin eigentlich rechts? \u2013 dem sage ich: Der Putin ist nat\u00fcrlich ein absoluter Linker: Er steht auf der Seite des Antifaschismus. Er ist ein Antiimperialist. Er ist ein Verteidiger der UN-Charta. Er tritt f\u00fcr eine multipolare Weltordnung gleichberechtigter, souver\u00e4ner Staaten ein. Und er hat das Wirtschaftssystem in Russland dahingehend ver\u00e4ndert, dass dort jetzt Staatskapitalismus besteht, also nicht die Kapitalisten bestimmen, was der Staat zu tun hat, sondern umgekehrt, der Staat bestimmt, was die Oligarchen als Staatsbeamte zu tun haben.<\/em><\/p>\n<p><em>Die uns gel\u00e4ufigen linken Forderungen, alle Verstaatlichungsforderungen f\u00fcr die Bodensch\u00e4tze, die Grundstoffindustrie, die Energieversorgung, die Verkehrswege \u2013 alles umgesetzt, alles ist wieder in staatlicher Hand. Das sind alles Gr\u00fcnde, warum Putin dem Imperialismus als Feind gilt. Deshalb ist der russische Pr\u00e4sident f\u00fcr die imperialistische Propaganda ein &#8216;Rechter&#8217;, aber damit haben wir selbst hierzulande zur Gen\u00fcge Bekanntschaft machen k\u00f6nnen.&#8221;<\/em><\/p>\n<p><strong>Mehr zum Thema<\/strong> &#8211; <a rel=\"nofollow noopener\" target=\"_blank\" href=\"https:\/\/freedert.online\/meinung\/174549-partei-schlechten-laune-blinder-hass\/\">Die ach so gef\u00e4hrliche AfD &#8211; Was ist dagegen schon eine Regierung im Kriegswahn<\/a><\/p>\n<\/div>\n<p><br \/>\n<br \/><a href=\"https:\/\/de.rt.com\/inland\/189417-was-ist-rechts-und-was\/\">Source link <\/a><\/p>\n","protected":false},"excerpt":{"rendered":"<p>Wenn Kritik an der Unterst\u00fctzung des Stellvertreterkriegs gegen Russland aus Sicht vermeintlicher &#8220;Linker&#8221; politisch &#8220;rechts&#8221; sein soll, wirft das Fragen nach deren geistiger Verfassung auf. Tats\u00e4chlich geht es heute bei den Begriffen &#8220;links&#8221; und &#8220;rechts&#8221; drunter und dr\u00fcber. Und das ist Absicht. Von Rainer Rupp In Teil I hat der langj\u00e4hrige Bundesvorsitzende des 1929 gegr\u00fcndeten [&hellip;]<\/p>\n","protected":false},"author":3,"featured_media":51302,"comment_status":"open","ping_status":"open","sticky":false,"template":"","format":"standard","meta":{"_yoast_indexnow_last_ping":["1702222182"],"wp_automatic_camp":["217"],"025deb051a56d689b41483c2233e7444":["Was ist &quot;Rechts&quot; und was ist &quot;Links&quot; (Teil II)"],"original_link":["https:\/\/de.rt.com\/inland\/189417-was-ist-rechts-und-was\/"],"_thumbnail_id":["51302"],"_wptgpro_p2tg_sent2tg":["a:1:{i:23737;s:19:\"2023-12-10 17:31:24\";}"],"jnews_social_counter_last_update":["1777257442"]},"categories":[19,23],"tags":[414,51460,48593,3240,140],"yoast_head":"<!-- This site is optimized with the Yoast SEO Premium plugin v22.7 (Yoast SEO v22.7) - https:\/\/yoast.com\/wordpress\/plugins\/seo\/ -->\n<title>Was ist &quot;Rechts&quot; und was ist &quot;Links&quot; (Teil II) - just-now.NEWS Deutschland<\/title>\n<meta name=\"robots\" content=\"index, follow, max-snippet:-1, max-image-preview:large, max-video-preview:-1\" \/>\n<link rel=\"canonical\" href=\"https:\/\/now-news.de\/de\/deutschland\/was-ist-rechts-und-was-ist-links-teil-ii\/\" \/>\n<meta property=\"og:locale\" content=\"de_DE\" \/>\n<meta property=\"og:type\" content=\"article\" \/>\n<meta property=\"og:title\" content=\"Was ist &quot;Rechts&quot; und was ist &quot;Links&quot; (Teil II)\" \/>\n<meta property=\"og:description\" content=\"Wenn Kritik an der Unterst\u00fctzung des Stellvertreterkriegs gegen Russland aus Sicht vermeintlicher &#8220;Linker&#8221; politisch &#8220;rechts&#8221; sein soll, wirft das Fragen nach deren geistiger Verfassung auf. Tats\u00e4chlich geht es heute bei den Begriffen &#8220;links&#8221; und &#8220;rechts&#8221; drunter und dr\u00fcber. Und das ist Absicht. Von Rainer Rupp In Teil I hat der langj\u00e4hrige Bundesvorsitzende des 1929 gegr\u00fcndeten [&hellip;]\" \/>\n<meta property=\"og:url\" content=\"https:\/\/now-news.de\/de\/deutschland\/was-ist-rechts-und-was-ist-links-teil-ii\/\" \/>\n<meta property=\"og:site_name\" content=\"just-now.NEWS Deutschland\" \/>\n<meta property=\"article:publisher\" content=\"https:\/\/www.facebook.com\/wirmachenauf\" \/>\n<meta property=\"article:published_time\" content=\"2023-12-10T15:15:24+00:00\" \/>\n<meta property=\"og:image\" content=\"https:\/\/now-news.de\/de\/wp-content\/uploads\/sites\/3\/2023\/12\/Was-ist-quotRechtsquot-und-was-ist-quotLinksquot-Teil-II.jpg\" \/>\n\t<meta property=\"og:image:width\" content=\"460\" \/>\n\t<meta property=\"og:image:height\" content=\"259\" \/>\n\t<meta property=\"og:image:type\" content=\"image\/jpeg\" \/>\n<meta name=\"author\" content=\"rtnews\" \/>\n<meta name=\"twitter:card\" content=\"summary_large_image\" \/>\n<meta name=\"twitter:creator\" content=\"@WirMachenAuf_de\" \/>\n<meta name=\"twitter:site\" content=\"@WirMachenAuf_de\" \/>\n<meta name=\"twitter:label1\" content=\"Verfasst von\" \/>\n\t<meta name=\"twitter:data1\" content=\"rtnews\" \/>\n\t<meta name=\"twitter:label2\" content=\"Gesch\u00e4tzte Lesezeit\" \/>\n\t<meta name=\"twitter:data2\" content=\"7\u00a0Minuten\" \/>\n<script type=\"application\/ld+json\" class=\"yoast-schema-graph\">{\"@context\":\"https:\/\/schema.org\",\"@graph\":[{\"@type\":\"Article\",\"@id\":\"https:\/\/now-news.de\/de\/deutschland\/was-ist-rechts-und-was-ist-links-teil-ii\/#article\",\"isPartOf\":{\"@id\":\"https:\/\/now-news.de\/de\/deutschland\/was-ist-rechts-und-was-ist-links-teil-ii\/\"},\"author\":{\"name\":\"rtnews\",\"@id\":\"https:\/\/now-news.de\/de\/#\/schema\/person\/fb534a4e865501d8b3285208df34a9b5\"},\"headline\":\"Was ist &quot;Rechts&quot; und was ist &quot;Links&quot; (Teil II)\",\"datePublished\":\"2023-12-10T15:15:24+00:00\",\"dateModified\":\"2023-12-10T15:15:24+00:00\",\"mainEntityOfPage\":{\"@id\":\"https:\/\/now-news.de\/de\/deutschland\/was-ist-rechts-und-was-ist-links-teil-ii\/\"},\"wordCount\":1502,\"commentCount\":0,\"publisher\":{\"@id\":\"https:\/\/now-news.de\/de\/#organization\"},\"image\":{\"@id\":\"https:\/\/now-news.de\/de\/deutschland\/was-ist-rechts-und-was-ist-links-teil-ii\/#primaryimage\"},\"thumbnailUrl\":\"https:\/\/now-news.de\/de\/wp-content\/uploads\/sites\/3\/2023\/12\/Was-ist-quotRechtsquot-und-was-ist-quotLinksquot-Teil-II.jpg\",\"keywords\":[\"ist\",\"quotLinksquot\",\"quotrechtsquot\",\"Teil\",\"und\"],\"articleSection\":[\"Deutschland\",\"Russland\"],\"inLanguage\":\"de\",\"potentialAction\":[{\"@type\":\"CommentAction\",\"name\":\"Comment\",\"target\":[\"https:\/\/now-news.de\/de\/deutschland\/was-ist-rechts-und-was-ist-links-teil-ii\/#respond\"]}]},{\"@type\":\"WebPage\",\"@id\":\"https:\/\/now-news.de\/de\/deutschland\/was-ist-rechts-und-was-ist-links-teil-ii\/\",\"url\":\"https:\/\/now-news.de\/de\/deutschland\/was-ist-rechts-und-was-ist-links-teil-ii\/\",\"name\":\"Was ist &quot;Rechts&quot; und was ist &quot;Links&quot; (Teil II) - just-now.NEWS Deutschland\",\"isPartOf\":{\"@id\":\"https:\/\/now-news.de\/de\/#website\"},\"primaryImageOfPage\":{\"@id\":\"https:\/\/now-news.de\/de\/deutschland\/was-ist-rechts-und-was-ist-links-teil-ii\/#primaryimage\"},\"image\":{\"@id\":\"https:\/\/now-news.de\/de\/deutschland\/was-ist-rechts-und-was-ist-links-teil-ii\/#primaryimage\"},\"thumbnailUrl\":\"https:\/\/now-news.de\/de\/wp-content\/uploads\/sites\/3\/2023\/12\/Was-ist-quotRechtsquot-und-was-ist-quotLinksquot-Teil-II.jpg\",\"datePublished\":\"2023-12-10T15:15:24+00:00\",\"dateModified\":\"2023-12-10T15:15:24+00:00\",\"breadcrumb\":{\"@id\":\"https:\/\/now-news.de\/de\/deutschland\/was-ist-rechts-und-was-ist-links-teil-ii\/#breadcrumb\"},\"inLanguage\":\"de\",\"potentialAction\":[{\"@type\":\"ReadAction\",\"target\":[\"https:\/\/now-news.de\/de\/deutschland\/was-ist-rechts-und-was-ist-links-teil-ii\/\"]}]},{\"@type\":\"ImageObject\",\"inLanguage\":\"de\",\"@id\":\"https:\/\/now-news.de\/de\/deutschland\/was-ist-rechts-und-was-ist-links-teil-ii\/#primaryimage\",\"url\":\"https:\/\/now-news.de\/de\/wp-content\/uploads\/sites\/3\/2023\/12\/Was-ist-quotRechtsquot-und-was-ist-quotLinksquot-Teil-II.jpg\",\"contentUrl\":\"https:\/\/now-news.de\/de\/wp-content\/uploads\/sites\/3\/2023\/12\/Was-ist-quotRechtsquot-und-was-ist-quotLinksquot-Teil-II.jpg\",\"width\":460,\"height\":259,\"caption\":\"Was ist &quot;Rechts&quot; und was ist &quot;Links&quot; (Teil II)\"},{\"@type\":\"BreadcrumbList\",\"@id\":\"https:\/\/now-news.de\/de\/deutschland\/was-ist-rechts-und-was-ist-links-teil-ii\/#breadcrumb\",\"itemListElement\":[{\"@type\":\"ListItem\",\"position\":1,\"name\":\"Home\",\"item\":\"https:\/\/now-news.de\/de\/\"},{\"@type\":\"ListItem\",\"position\":2,\"name\":\"Was ist &quot;Rechts&quot; und was ist &quot;Links&quot; (Teil II)\"}]},{\"@type\":\"WebSite\",\"@id\":\"https:\/\/now-news.de\/de\/#website\",\"url\":\"https:\/\/now-news.de\/de\/\",\"name\":\"just-now.NEWS Deutschland\",\"description\":\"Das Portal f\u00fcr unzensierte Nachrichten aus der Welt\",\"publisher\":{\"@id\":\"https:\/\/now-news.de\/de\/#organization\"},\"potentialAction\":[{\"@type\":\"SearchAction\",\"target\":{\"@type\":\"EntryPoint\",\"urlTemplate\":\"https:\/\/now-news.de\/de\/?s={search_term_string}\"},\"query-input\":\"required name=search_term_string\"}],\"inLanguage\":\"de\"},{\"@type\":\"Organization\",\"@id\":\"https:\/\/now-news.de\/de\/#organization\",\"name\":\"Just Now News\",\"url\":\"https:\/\/now-news.de\/de\/\",\"logo\":{\"@type\":\"ImageObject\",\"inLanguage\":\"de\",\"@id\":\"https:\/\/now-news.de\/de\/#\/schema\/logo\/image\/\",\"url\":\"http:\/\/just-now.news\/de\/wp-content\/uploads\/sites\/3\/2022\/04\/logo500x500.jpg\",\"contentUrl\":\"http:\/\/just-now.news\/de\/wp-content\/uploads\/sites\/3\/2022\/04\/logo500x500.jpg\",\"width\":500,\"height\":500,\"caption\":\"Just Now News\"},\"image\":{\"@id\":\"https:\/\/now-news.de\/de\/#\/schema\/logo\/image\/\"},\"sameAs\":[\"https:\/\/www.facebook.com\/wirmachenauf\",\"https:\/\/x.com\/WirMachenAuf_de\"]},{\"@type\":\"Person\",\"@id\":\"https:\/\/now-news.de\/de\/#\/schema\/person\/fb534a4e865501d8b3285208df34a9b5\",\"name\":\"rtnews\",\"image\":{\"@type\":\"ImageObject\",\"inLanguage\":\"de\",\"@id\":\"https:\/\/now-news.de\/de\/#\/schema\/person\/image\/\",\"url\":\"https:\/\/secure.gravatar.com\/avatar\/82aafea7d8127119dd649515f56e2117?s=96&d=mm&r=g\",\"contentUrl\":\"https:\/\/secure.gravatar.com\/avatar\/82aafea7d8127119dd649515f56e2117?s=96&d=mm&r=g\",\"caption\":\"rtnews\"},\"url\":\"https:\/\/now-news.de\/de\/author\/rnews\/\"}]}<\/script>\n<!-- \/ Yoast SEO Premium plugin. -->","yoast_head_json":{"title":"Was ist &quot;Rechts&quot; und was ist &quot;Links&quot; (Teil II) - just-now.NEWS Deutschland","robots":{"index":"index","follow":"follow","max-snippet":"max-snippet:-1","max-image-preview":"max-image-preview:large","max-video-preview":"max-video-preview:-1"},"canonical":"https:\/\/now-news.de\/de\/deutschland\/was-ist-rechts-und-was-ist-links-teil-ii\/","og_locale":"de_DE","og_type":"article","og_title":"Was ist &quot;Rechts&quot; und was ist &quot;Links&quot; (Teil II)","og_description":"Wenn Kritik an der Unterst\u00fctzung des Stellvertreterkriegs gegen Russland aus Sicht vermeintlicher &#8220;Linker&#8221; politisch &#8220;rechts&#8221; sein soll, wirft das Fragen nach deren geistiger Verfassung auf. Tats\u00e4chlich geht es heute bei den Begriffen &#8220;links&#8221; und &#8220;rechts&#8221; drunter und dr\u00fcber. Und das ist Absicht. Von Rainer Rupp In Teil I hat der langj\u00e4hrige Bundesvorsitzende des 1929 gegr\u00fcndeten [&hellip;]","og_url":"https:\/\/now-news.de\/de\/deutschland\/was-ist-rechts-und-was-ist-links-teil-ii\/","og_site_name":"just-now.NEWS Deutschland","article_publisher":"https:\/\/www.facebook.com\/wirmachenauf","article_published_time":"2023-12-10T15:15:24+00:00","og_image":[{"width":460,"height":259,"url":"https:\/\/now-news.de\/de\/wp-content\/uploads\/sites\/3\/2023\/12\/Was-ist-quotRechtsquot-und-was-ist-quotLinksquot-Teil-II.jpg","type":"image\/jpeg"}],"author":"rtnews","twitter_card":"summary_large_image","twitter_creator":"@WirMachenAuf_de","twitter_site":"@WirMachenAuf_de","twitter_misc":{"Verfasst von":"rtnews","Gesch\u00e4tzte Lesezeit":"7\u00a0Minuten"},"schema":{"@context":"https:\/\/schema.org","@graph":[{"@type":"Article","@id":"https:\/\/now-news.de\/de\/deutschland\/was-ist-rechts-und-was-ist-links-teil-ii\/#article","isPartOf":{"@id":"https:\/\/now-news.de\/de\/deutschland\/was-ist-rechts-und-was-ist-links-teil-ii\/"},"author":{"name":"rtnews","@id":"https:\/\/now-news.de\/de\/#\/schema\/person\/fb534a4e865501d8b3285208df34a9b5"},"headline":"Was ist &quot;Rechts&quot; und was ist &quot;Links&quot; (Teil II)","datePublished":"2023-12-10T15:15:24+00:00","dateModified":"2023-12-10T15:15:24+00:00","mainEntityOfPage":{"@id":"https:\/\/now-news.de\/de\/deutschland\/was-ist-rechts-und-was-ist-links-teil-ii\/"},"wordCount":1502,"commentCount":0,"publisher":{"@id":"https:\/\/now-news.de\/de\/#organization"},"image":{"@id":"https:\/\/now-news.de\/de\/deutschland\/was-ist-rechts-und-was-ist-links-teil-ii\/#primaryimage"},"thumbnailUrl":"https:\/\/now-news.de\/de\/wp-content\/uploads\/sites\/3\/2023\/12\/Was-ist-quotRechtsquot-und-was-ist-quotLinksquot-Teil-II.jpg","keywords":["ist","quotLinksquot","quotrechtsquot","Teil","und"],"articleSection":["Deutschland","Russland"],"inLanguage":"de","potentialAction":[{"@type":"CommentAction","name":"Comment","target":["https:\/\/now-news.de\/de\/deutschland\/was-ist-rechts-und-was-ist-links-teil-ii\/#respond"]}]},{"@type":"WebPage","@id":"https:\/\/now-news.de\/de\/deutschland\/was-ist-rechts-und-was-ist-links-teil-ii\/","url":"https:\/\/now-news.de\/de\/deutschland\/was-ist-rechts-und-was-ist-links-teil-ii\/","name":"Was ist &quot;Rechts&quot; und was ist &quot;Links&quot; (Teil II) - just-now.NEWS Deutschland","isPartOf":{"@id":"https:\/\/now-news.de\/de\/#website"},"primaryImageOfPage":{"@id":"https:\/\/now-news.de\/de\/deutschland\/was-ist-rechts-und-was-ist-links-teil-ii\/#primaryimage"},"image":{"@id":"https:\/\/now-news.de\/de\/deutschland\/was-ist-rechts-und-was-ist-links-teil-ii\/#primaryimage"},"thumbnailUrl":"https:\/\/now-news.de\/de\/wp-content\/uploads\/sites\/3\/2023\/12\/Was-ist-quotRechtsquot-und-was-ist-quotLinksquot-Teil-II.jpg","datePublished":"2023-12-10T15:15:24+00:00","dateModified":"2023-12-10T15:15:24+00:00","breadcrumb":{"@id":"https:\/\/now-news.de\/de\/deutschland\/was-ist-rechts-und-was-ist-links-teil-ii\/#breadcrumb"},"inLanguage":"de","potentialAction":[{"@type":"ReadAction","target":["https:\/\/now-news.de\/de\/deutschland\/was-ist-rechts-und-was-ist-links-teil-ii\/"]}]},{"@type":"ImageObject","inLanguage":"de","@id":"https:\/\/now-news.de\/de\/deutschland\/was-ist-rechts-und-was-ist-links-teil-ii\/#primaryimage","url":"https:\/\/now-news.de\/de\/wp-content\/uploads\/sites\/3\/2023\/12\/Was-ist-quotRechtsquot-und-was-ist-quotLinksquot-Teil-II.jpg","contentUrl":"https:\/\/now-news.de\/de\/wp-content\/uploads\/sites\/3\/2023\/12\/Was-ist-quotRechtsquot-und-was-ist-quotLinksquot-Teil-II.jpg","width":460,"height":259,"caption":"Was ist &quot;Rechts&quot; und was ist &quot;Links&quot; (Teil II)"},{"@type":"BreadcrumbList","@id":"https:\/\/now-news.de\/de\/deutschland\/was-ist-rechts-und-was-ist-links-teil-ii\/#breadcrumb","itemListElement":[{"@type":"ListItem","position":1,"name":"Home","item":"https:\/\/now-news.de\/de\/"},{"@type":"ListItem","position":2,"name":"Was ist &quot;Rechts&quot; und was ist &quot;Links&quot; (Teil II)"}]},{"@type":"WebSite","@id":"https:\/\/now-news.de\/de\/#website","url":"https:\/\/now-news.de\/de\/","name":"just-now.NEWS Deutschland","description":"Das Portal f\u00fcr unzensierte Nachrichten aus der Welt","publisher":{"@id":"https:\/\/now-news.de\/de\/#organization"},"potentialAction":[{"@type":"SearchAction","target":{"@type":"EntryPoint","urlTemplate":"https:\/\/now-news.de\/de\/?s={search_term_string}"},"query-input":"required name=search_term_string"}],"inLanguage":"de"},{"@type":"Organization","@id":"https:\/\/now-news.de\/de\/#organization","name":"Just Now News","url":"https:\/\/now-news.de\/de\/","logo":{"@type":"ImageObject","inLanguage":"de","@id":"https:\/\/now-news.de\/de\/#\/schema\/logo\/image\/","url":"http:\/\/just-now.news\/de\/wp-content\/uploads\/sites\/3\/2022\/04\/logo500x500.jpg","contentUrl":"http:\/\/just-now.news\/de\/wp-content\/uploads\/sites\/3\/2022\/04\/logo500x500.jpg","width":500,"height":500,"caption":"Just Now News"},"image":{"@id":"https:\/\/now-news.de\/de\/#\/schema\/logo\/image\/"},"sameAs":["https:\/\/www.facebook.com\/wirmachenauf","https:\/\/x.com\/WirMachenAuf_de"]},{"@type":"Person","@id":"https:\/\/now-news.de\/de\/#\/schema\/person\/fb534a4e865501d8b3285208df34a9b5","name":"rtnews","image":{"@type":"ImageObject","inLanguage":"de","@id":"https:\/\/now-news.de\/de\/#\/schema\/person\/image\/","url":"https:\/\/secure.gravatar.com\/avatar\/82aafea7d8127119dd649515f56e2117?s=96&d=mm&r=g","contentUrl":"https:\/\/secure.gravatar.com\/avatar\/82aafea7d8127119dd649515f56e2117?s=96&d=mm&r=g","caption":"rtnews"},"url":"https:\/\/now-news.de\/de\/author\/rnews\/"}]}},"_links":{"self":[{"href":"https:\/\/now-news.de\/de\/wp-json\/wp\/v2\/posts\/51301"}],"collection":[{"href":"https:\/\/now-news.de\/de\/wp-json\/wp\/v2\/posts"}],"about":[{"href":"https:\/\/now-news.de\/de\/wp-json\/wp\/v2\/types\/post"}],"author":[{"embeddable":true,"href":"https:\/\/now-news.de\/de\/wp-json\/wp\/v2\/users\/3"}],"replies":[{"embeddable":true,"href":"https:\/\/now-news.de\/de\/wp-json\/wp\/v2\/comments?post=51301"}],"version-history":[{"count":0,"href":"https:\/\/now-news.de\/de\/wp-json\/wp\/v2\/posts\/51301\/revisions"}],"wp:featuredmedia":[{"embeddable":true,"href":"https:\/\/now-news.de\/de\/wp-json\/wp\/v2\/media\/51302"}],"wp:attachment":[{"href":"https:\/\/now-news.de\/de\/wp-json\/wp\/v2\/media?parent=51301"}],"wp:term":[{"taxonomy":"category","embeddable":true,"href":"https:\/\/now-news.de\/de\/wp-json\/wp\/v2\/categories?post=51301"},{"taxonomy":"post_tag","embeddable":true,"href":"https:\/\/now-news.de\/de\/wp-json\/wp\/v2\/tags?post=51301"}],"curies":[{"name":"wp","href":"https:\/\/api.w.org\/{rel}","templated":true}]}}