{"id":51279,"date":"2023-12-10T08:30:44","date_gmt":"2023-12-10T06:30:44","guid":{"rendered":"https:\/\/just-now.news\/de\/deutschland\/corona-aufarbeitung-rueckblick-auf-reden-verantwortlicher-politiker-karl-lauterbach\/"},"modified":"2023-12-10T08:30:44","modified_gmt":"2023-12-10T06:30:44","slug":"corona-aufarbeitung-rueckblick-auf-reden-verantwortlicher-politiker-karl-lauterbach","status":"publish","type":"post","link":"https:\/\/now-news.de\/de\/deutschland\/corona-aufarbeitung-rueckblick-auf-reden-verantwortlicher-politiker-karl-lauterbach\/","title":{"rendered":"Corona-Aufarbeitung: R\u00fcckblick auf Reden verantwortlicher Politiker \u2013 Karl Lauterbach"},"content":{"rendered":"<p><img decoding=\"async\" src=\"http:\/\/just-now.news\/de\/wp-content\/uploads\/sites\/3\/2023\/12\/657310d4b480cc2fa272af9c.JPG\" \/><\/p>\n<div class=\"Text-root Text-type_1 \">\n                In den Jahren 2020 bis 2022 fielen verantwortliche Politiker mit ungeahnter H\u00e4rte in ihrer Wortwahl und ihren subjektiven politischen Forderungen gegen\u00fcber ma\u00dfnahmenkritischen B\u00fcrgern auf. Am 10. Dezember 2021 formulierte der SPD-Politiker Karl Lauterbach im Bundestag r\u00fcckblickend anma\u00dfende Inhalte f\u00fcr Betroffene.\n            <\/div>\n<p><\/p>\n<div class=\"Text-root Text-type_5 ArticleView-text ViewText-root \">\n<p>Die zehrende Gesellschaftskrise dreier langer Jahre, im Rahmen einer politisch initiierten medizinischen Sondersituation, besch\u00e4ftigt weiterhin die Menschen in Deutschland. Medial-politische Verantwortliche verwehren sich mehrheitlich gegen eine Aufarbeitung. Eine kritische R\u00fcckbetrachtung ist unerw\u00fcnscht. Leidende B\u00fcrger, in allen erdenklichen Altersstrukturen von jung bis alt, werden sich selbst \u00fcberlassen, erfahren wenig Aufmerksamkeit und Verst\u00e4ndnis.\u00a0<\/p>\n<p>Um die Radikalit\u00e4t und zum Teil irritierende bis schockierende\u00a0Inhumanit\u00e4t jener Zeit in Erinnerung zu rufen\u00a0\u2013 um m\u00f6glichen abschw\u00e4chenden Argumenten \u00e0 la: &#8220;So schlimm war es nun auch nicht&#8221; oder &#8220;Nun \u00fcbertreib mal nicht&#8221;\u00a0\u2013 einen argumentativen Gegenpol zu setzen, soll \u00fcber Zitate aggressiv agierender Politiker, als treibende Hauptkr\u00e4fte einer bewussten gesellschaftlichen Ausgrenzung von kritischen B\u00fcrgern, die Stimmung jener Zeit widergespiegelt werden.<\/p>\n<p>Als historisches Zeitdokument folgen\u00a0Ausz\u00fcge\u00a0<a rel=\"nofollow noopener\" target=\"_blank\" href=\"https:\/\/www.youtube.com\/watch?v=XeMBRvck9cg\">der Rede<\/a>\u00a0des Bundesministers f\u00fcr Gesundheit, Karl Lauterbach (SPD), im Rahmen der &#8220;Debatte\u00a0zur \u00c4nderung des Infektionsschutzgesetzes (IfSG) vor dem Deutschen Bundestag am 10. Dezember 2021 in Berlin&#8221;, offiziell archiviert auf der Webseite des Bundestags:\u00a0<a rel=\"nofollow noopener\" target=\"_blank\" href=\"https:\/\/www.bundesregierung.de\/breg-de\/service\/bulletin\/rede-des-bundesministers-fuer-gesundheit-dr-karl-lauterbach--1991014\">Bulletin 148-1<\/a>:<\/p>\n<p><em>&#8220;Frau Pr\u00e4sidentin! Meine sehr verehrten Damen und Herren!<\/em><\/p>\n<p><em>Die neue Bundesregierung ist kaum zwei Tage im Amt, und das erste Gesetz ihrer Amtszeit kommt bereits heute im Deutschen Bundestag zum Abschluss. Wir haben keine Zeit zu verlieren. Diese Bundesregierung hat sich viel vorgenommen. Aber das oberste Ziel \u2013 das oberste Ziel! \u2013 ist f\u00fcr uns der Schutz der Bev\u00f6lkerung in dieser Gesundheitskrise (\u2026)<\/em><\/p>\n<p><em>Worauf kommt es jetzt an? Die Herausforderung liegt darin, die aggressive Delta-Welle endlich nachhaltig zu brechen und die drohende Omikron-Welle noch zu verhindern.\u00a0Langfristig wird es darauf ankommen, die Bev\u00f6lkerung vor weiteren Wellen zu sch\u00fctzen; das ist das, was wir hier anstreben. Wir sch\u00e4rfen daher heute das Infektionsschutzgesetz nach (\u2026)<\/em><\/p>\n<p><em>Alle Ma\u00dfnahmen, die die L\u00e4nder auf der Grundlage der alten Gesetzgebung bis zum 25. November 2021 in Kraft gesetzt haben, k\u00f6nnen bis zum 19. M\u00e4rz des n\u00e4chsten Jahres in Kraft bleiben. Damit schaffen wir dort, wo das geschehen ist, besondere Sicherheit (\u2026)<\/em><\/p>\n<p><em>Man muss ehrlicherweise an die Adresse der Ungeimpften sagen \u2013 das, was ich jetzt sage, wird nicht jedem gefallen, aber es ist leider so \u2013: Bei der Inzidenz, die wir derzeit haben, ist die einzige Alternative zur Schlie\u00dfung von Restaurants und kulturellen Einrichtungen oft die, dass Ungeimpfte dort nicht hineinkommen. An diesem Punkt sind wir jetzt; das m\u00fcssen wir uns ehrlich eingestehen. Das macht niemand gerne, aber wir haben keine Alternative (\u2026) (- Applaus bei den Abgeordneten der SPD und B\u00fcndnis 90 \/ Die Gr\u00fcnen)<\/em><\/p>\n<p><em>Parallel zur Kontaktbegrenzung zwischen Ungeimpften und Geimpften und der konsequenten Reduktion der Kontakte von Ungeimpften allgemein m\u00fcssen wir aber auch ein hohes Impftempo aufnehmen.<\/em><\/p>\n<p><em>Wir m\u00fcssen konsequent die Erst-, Zweit- und Boosterimpfungen beschleunigen. Vorgesehen ist, dass wir das Tempo noch in der Zeit bis zu den Weihnachtsferien beschleunigen. Wir haben vorgestern 1,1 Millionen Impfungen vornehmen k\u00f6nnen; das ist ein Rekordwert. Es werden derzeit in keinem anderen europ\u00e4ischen Land die Boosterimpfungen und auch die Erstimpfungen so schnell vorgenommen wie in Deutschland.<\/em><\/p>\n<p><em>Schlie\u00dflich: Wir haben versprochen, bis zum Jahresende 30 Millionen Impfungen vorzunehmen. Das wird nicht am Impfstoff scheitern. Ich bleibe optimistisch, dass uns das gelingt. Das Impftempo ist mittlerweile so hoch, dass selbst an den Wochenenden mehrere Hunderttausend Impfungen stattfinden \u2013 an den Wochenenden! Daher bleibe ich optimistisch, dass wir das schaffen.<\/em><\/p>\n<p><em>Ich werde alles daf\u00fcr tun, dass wir auch den Impfstoff bekommen, den wir im n\u00e4chsten Jahr ben\u00f6tigen; denn mit diesen 30 Millionen Impfungen kommen wir noch nicht \u00fcber die Welle hinweg. Wir werden alles tun, um genug Impfstoff anbieten zu k\u00f6nnen (\u2026)<\/em><\/p>\n<p>Eine Woche sp\u00e4ter f\u00fchrte Lauterbach\u00a0<a rel=\"nofollow noopener\" target=\"_blank\" href=\"https:\/\/www.facebook.com\/HannoverscheAllgemeine\/videos\/hannover-karl-lauterbach-impft-kinder\/300072382030621\/\">eigenh\u00e4ndig<\/a>\u00a0und\u00a0medienwirksam im Hannoveraner Zoo &#8220;COVID-Impfungen&#8221; an Kindern durch. Der Presse teilte er mit: &#8220;Kinderimpfungen sind sicher&#8221;:<\/p>\n<div class=\"EmbedBlock-root EmbedBlock-twitter\">\n<div class=\"TwitterEmbed\">\n<blockquote class=\"twitter-tweet lazyload\" data-twitter=\"twitter-tweet\" data-media-max-width=\"560\">\n<p lang=\"de\" dir=\"ltr\">Impfarzt Karl Lauterbach &#8211; Kinder impfen am Zoo (Dezember 2021)<a rel=\"nofollow noopener\" target=\"_blank\" href=\"https:\/\/twitter.com\/hashtag\/STIKO?src=hash&amp;ref_src=twsrc%5Etfw\">#STIKO<\/a><a rel=\"nofollow noopener\" target=\"_blank\" href=\"https:\/\/twitter.com\/hashtag\/KarlLauterbach?src=hash&amp;ref_src=twsrc%5Etfw\">#KarlLauterbach<\/a><a rel=\"nofollow noopener\" target=\"_blank\" href=\"https:\/\/twitter.com\/hashtag\/Zoo?src=hash&amp;ref_src=twsrc%5Etfw\">#Zoo<\/a><a rel=\"nofollow noopener\" target=\"_blank\" href=\"https:\/\/twitter.com\/hashtag\/Hannover?src=hash&amp;ref_src=twsrc%5Etfw\">#Hannover<\/a><a rel=\"nofollow noopener\" target=\"_blank\" href=\"https:\/\/t.co\/pnICSl03tU\">pic.twitter.com\/pnICSl03tU<\/a><\/p>\n<p>\u2014 BehindTheMatrix (@behindthematrix) <a rel=\"nofollow noopener\" target=\"_blank\" href=\"https:\/\/twitter.com\/behindthematrix\/status\/1639313308221054976?ref_src=twsrc%5Etfw\">March 24, 2023<\/a><\/p><\/blockquote>\n<\/div>\n<\/div>\n<p>Im Mai dieses Jahres wurde mitgeteilt, dass laut dem BMG &#8220;rund 83 Millionen Dosen im zentralen Lager\u00a0<a rel=\"nofollow noopener\" target=\"_blank\" href=\"https:\/\/www.sueddeutsche.de\/wirtschaft\/corona-impfstoff-lauterbach-1.5890360\">verfallen<\/a>\u00a0sind und der fachgerechten Entsorgung&#8221; zugef\u00fchrt wurden.\u00a0Ende September wurde bekannt, dass 4,6 Millionen Dosen des zentral gelagerten &#8220;Corona-Impfstoffs&#8221;\u00a0<a rel=\"nofollow noopener\" target=\"_blank\" href=\"https:\/\/freedert.online\/inland\/154522-in-kuehlhaeusern-lauterbach-hortet-46\/\">abgelaufen<\/a>\u00a0sind. Demgegen\u00fcber wurde ebenfalls im Mai 2023 bekannt, dass f\u00fcr 830 Millionen Euro erneut das BioNTech-Produkt\u00a0<a rel=\"nofollow noopener\" target=\"_blank\" href=\"https:\/\/freedert.online\/inland\/138823-breites-portfolio-bundesregierung-kauft-fur\/\">eingekauft<\/a>\u00a0wurde, um damit die Lager wieder\u00a0aufzuf\u00fcllen.<\/p>\n<p>Eine Entschuldigung an betroffene Erwachsene oder Kinder, wie auch die kritische Aufarbeitung zitierter Inhalte, wurde seitens des Politikers bisher\u00a0f\u00fcr nicht notwendig befunden.<\/p>\n<p><strong>Mehr zum Thema &#8211;<\/strong>\u00a0<a rel=\"nofollow noopener\" target=\"_blank\" href=\"https:\/\/freedert.online\/meinung\/189118-lauterbach-weiter-ueberzeugt-risiko-von\/\">Lauterbachs Glaube: Risiko von &#8220;Post-Vac&#8221; gegen\u00fcber Long COVID um &#8220;Dimensionen geringer&#8221;<\/a><\/p>\n<\/div>\n<p><script async src=\"https:\/\/platform.twitter.com\/widgets.js\" charset=\"utf-8\"><\/script><br \/>\n<br \/><br \/>\n<br \/><a href=\"https:\/\/de.rt.com\/inland\/189332-corona-aufarbeitung-rueckblick-auf-reden\/\">Source link <\/a><\/p>\n","protected":false},"excerpt":{"rendered":"<p>In den Jahren 2020 bis 2022 fielen verantwortliche Politiker mit ungeahnter H\u00e4rte in ihrer Wortwahl und ihren subjektiven politischen Forderungen gegen\u00fcber ma\u00dfnahmenkritischen B\u00fcrgern auf. Am 10. Dezember 2021 formulierte der SPD-Politiker Karl Lauterbach im Bundestag r\u00fcckblickend anma\u00dfende Inhalte f\u00fcr Betroffene. Die zehrende Gesellschaftskrise dreier langer Jahre, im Rahmen einer politisch initiierten medizinischen Sondersituation, besch\u00e4ftigt weiterhin [&hellip;]<\/p>\n","protected":false},"author":3,"featured_media":51280,"comment_status":"open","ping_status":"open","sticky":false,"template":"","format":"standard","meta":{"_yoast_indexnow_last_ping":["1702190305"],"wp_automatic_camp":["217"],"3210626f3f4b61b633fbbdc5519313dd":["Corona-Aufarbeitung: R\u00fcckblick auf Reden verantwortlicher Politiker \u2013 Karl Lauterbach"],"original_link":["https:\/\/de.rt.com\/inland\/189332-corona-aufarbeitung-rueckblick-auf-reden\/"],"_thumbnail_id":["51280"],"jnews_social_counter_last_update":["1777602723"],"_wptgpro_p2tg_sent2tg":["a:1:{i:23737;s:19:\"2023-12-10 08:41:17\";}"]},"categories":[19,23],"tags":[133,43269,5177,1748,5679,19378,8343,30766],"yoast_head":"<!-- This site is optimized with the Yoast SEO Premium plugin v22.7 (Yoast SEO v22.7) - https:\/\/yoast.com\/wordpress\/plugins\/seo\/ -->\n<title>Corona-Aufarbeitung: R\u00fcckblick auf Reden verantwortlicher Politiker \u2013 Karl Lauterbach - just-now.NEWS Deutschland<\/title>\n<meta name=\"robots\" content=\"index, follow, max-snippet:-1, max-image-preview:large, max-video-preview:-1\" \/>\n<link rel=\"canonical\" href=\"https:\/\/now-news.de\/de\/deutschland\/corona-aufarbeitung-rueckblick-auf-reden-verantwortlicher-politiker-karl-lauterbach\/\" \/>\n<meta property=\"og:locale\" content=\"de_DE\" \/>\n<meta property=\"og:type\" content=\"article\" \/>\n<meta property=\"og:title\" content=\"Corona-Aufarbeitung: R\u00fcckblick auf Reden verantwortlicher Politiker \u2013 Karl Lauterbach\" \/>\n<meta property=\"og:description\" content=\"In den Jahren 2020 bis 2022 fielen verantwortliche Politiker mit ungeahnter H\u00e4rte in ihrer Wortwahl und ihren subjektiven politischen Forderungen gegen\u00fcber ma\u00dfnahmenkritischen B\u00fcrgern auf. Am 10. Dezember 2021 formulierte der SPD-Politiker Karl Lauterbach im Bundestag r\u00fcckblickend anma\u00dfende Inhalte f\u00fcr Betroffene. Die zehrende Gesellschaftskrise dreier langer Jahre, im Rahmen einer politisch initiierten medizinischen Sondersituation, besch\u00e4ftigt weiterhin [&hellip;]\" \/>\n<meta property=\"og:url\" content=\"https:\/\/now-news.de\/de\/deutschland\/corona-aufarbeitung-rueckblick-auf-reden-verantwortlicher-politiker-karl-lauterbach\/\" \/>\n<meta property=\"og:site_name\" content=\"just-now.NEWS Deutschland\" \/>\n<meta property=\"article:publisher\" content=\"https:\/\/www.facebook.com\/wirmachenauf\" \/>\n<meta property=\"article:published_time\" content=\"2023-12-10T06:30:44+00:00\" \/>\n<meta property=\"og:image\" content=\"https:\/\/now-news.de\/de\/wp-content\/uploads\/sites\/3\/2023\/12\/Corona-Aufarbeitung-Rueckblick-auf-Reden-verantwortlicher-Politiker-\u2013-Karl-Lauterbach.JPG\" \/>\n\t<meta property=\"og:image:width\" content=\"460\" \/>\n\t<meta property=\"og:image:height\" content=\"259\" \/>\n\t<meta property=\"og:image:type\" content=\"image\/jpeg\" \/>\n<meta name=\"author\" content=\"rtnews\" \/>\n<meta name=\"twitter:card\" content=\"summary_large_image\" \/>\n<meta name=\"twitter:creator\" content=\"@WirMachenAuf_de\" \/>\n<meta name=\"twitter:site\" content=\"@WirMachenAuf_de\" \/>\n<meta name=\"twitter:label1\" content=\"Verfasst von\" \/>\n\t<meta name=\"twitter:data1\" content=\"rtnews\" \/>\n\t<meta name=\"twitter:label2\" content=\"Gesch\u00e4tzte Lesezeit\" \/>\n\t<meta name=\"twitter:data2\" content=\"4\u00a0Minuten\" \/>\n<script type=\"application\/ld+json\" class=\"yoast-schema-graph\">{\"@context\":\"https:\/\/schema.org\",\"@graph\":[{\"@type\":\"Article\",\"@id\":\"https:\/\/now-news.de\/de\/deutschland\/corona-aufarbeitung-rueckblick-auf-reden-verantwortlicher-politiker-karl-lauterbach\/#article\",\"isPartOf\":{\"@id\":\"https:\/\/now-news.de\/de\/deutschland\/corona-aufarbeitung-rueckblick-auf-reden-verantwortlicher-politiker-karl-lauterbach\/\"},\"author\":{\"name\":\"rtnews\",\"@id\":\"https:\/\/now-news.de\/de\/#\/schema\/person\/fb534a4e865501d8b3285208df34a9b5\"},\"headline\":\"Corona-Aufarbeitung: R\u00fcckblick auf Reden verantwortlicher Politiker \u2013 Karl Lauterbach\",\"datePublished\":\"2023-12-10T06:30:44+00:00\",\"dateModified\":\"2023-12-10T06:30:44+00:00\",\"mainEntityOfPage\":{\"@id\":\"https:\/\/now-news.de\/de\/deutschland\/corona-aufarbeitung-rueckblick-auf-reden-verantwortlicher-politiker-karl-lauterbach\/\"},\"wordCount\":787,\"commentCount\":0,\"publisher\":{\"@id\":\"https:\/\/now-news.de\/de\/#organization\"},\"image\":{\"@id\":\"https:\/\/now-news.de\/de\/deutschland\/corona-aufarbeitung-rueckblick-auf-reden-verantwortlicher-politiker-karl-lauterbach\/#primaryimage\"},\"thumbnailUrl\":\"https:\/\/now-news.de\/de\/wp-content\/uploads\/sites\/3\/2023\/12\/Corona-Aufarbeitung-Rueckblick-auf-Reden-verantwortlicher-Politiker-\u2013-Karl-Lauterbach.JPG\",\"keywords\":[\"AUF\",\"CoronaAufarbeitung\",\"Karl\",\"Lauterbach\",\"Politiker\",\"Reden\",\"R\u00dcCKBLICK\",\"Verantwortlicher\"],\"articleSection\":[\"Deutschland\",\"Russland\"],\"inLanguage\":\"de\",\"potentialAction\":[{\"@type\":\"CommentAction\",\"name\":\"Comment\",\"target\":[\"https:\/\/now-news.de\/de\/deutschland\/corona-aufarbeitung-rueckblick-auf-reden-verantwortlicher-politiker-karl-lauterbach\/#respond\"]}]},{\"@type\":\"WebPage\",\"@id\":\"https:\/\/now-news.de\/de\/deutschland\/corona-aufarbeitung-rueckblick-auf-reden-verantwortlicher-politiker-karl-lauterbach\/\",\"url\":\"https:\/\/now-news.de\/de\/deutschland\/corona-aufarbeitung-rueckblick-auf-reden-verantwortlicher-politiker-karl-lauterbach\/\",\"name\":\"Corona-Aufarbeitung: R\u00fcckblick auf Reden verantwortlicher Politiker \u2013 Karl Lauterbach - just-now.NEWS Deutschland\",\"isPartOf\":{\"@id\":\"https:\/\/now-news.de\/de\/#website\"},\"primaryImageOfPage\":{\"@id\":\"https:\/\/now-news.de\/de\/deutschland\/corona-aufarbeitung-rueckblick-auf-reden-verantwortlicher-politiker-karl-lauterbach\/#primaryimage\"},\"image\":{\"@id\":\"https:\/\/now-news.de\/de\/deutschland\/corona-aufarbeitung-rueckblick-auf-reden-verantwortlicher-politiker-karl-lauterbach\/#primaryimage\"},\"thumbnailUrl\":\"https:\/\/now-news.de\/de\/wp-content\/uploads\/sites\/3\/2023\/12\/Corona-Aufarbeitung-Rueckblick-auf-Reden-verantwortlicher-Politiker-\u2013-Karl-Lauterbach.JPG\",\"datePublished\":\"2023-12-10T06:30:44+00:00\",\"dateModified\":\"2023-12-10T06:30:44+00:00\",\"breadcrumb\":{\"@id\":\"https:\/\/now-news.de\/de\/deutschland\/corona-aufarbeitung-rueckblick-auf-reden-verantwortlicher-politiker-karl-lauterbach\/#breadcrumb\"},\"inLanguage\":\"de\",\"potentialAction\":[{\"@type\":\"ReadAction\",\"target\":[\"https:\/\/now-news.de\/de\/deutschland\/corona-aufarbeitung-rueckblick-auf-reden-verantwortlicher-politiker-karl-lauterbach\/\"]}]},{\"@type\":\"ImageObject\",\"inLanguage\":\"de\",\"@id\":\"https:\/\/now-news.de\/de\/deutschland\/corona-aufarbeitung-rueckblick-auf-reden-verantwortlicher-politiker-karl-lauterbach\/#primaryimage\",\"url\":\"https:\/\/now-news.de\/de\/wp-content\/uploads\/sites\/3\/2023\/12\/Corona-Aufarbeitung-Rueckblick-auf-Reden-verantwortlicher-Politiker-\u2013-Karl-Lauterbach.JPG\",\"contentUrl\":\"https:\/\/now-news.de\/de\/wp-content\/uploads\/sites\/3\/2023\/12\/Corona-Aufarbeitung-Rueckblick-auf-Reden-verantwortlicher-Politiker-\u2013-Karl-Lauterbach.JPG\",\"width\":460,\"height\":259,\"caption\":\"Corona-Aufarbeitung: R\u00fcckblick auf Reden verantwortlicher Politiker \u2013 Karl Lauterbach\"},{\"@type\":\"BreadcrumbList\",\"@id\":\"https:\/\/now-news.de\/de\/deutschland\/corona-aufarbeitung-rueckblick-auf-reden-verantwortlicher-politiker-karl-lauterbach\/#breadcrumb\",\"itemListElement\":[{\"@type\":\"ListItem\",\"position\":1,\"name\":\"Home\",\"item\":\"https:\/\/now-news.de\/de\/\"},{\"@type\":\"ListItem\",\"position\":2,\"name\":\"Corona-Aufarbeitung: R\u00fcckblick auf Reden verantwortlicher Politiker \u2013 Karl Lauterbach\"}]},{\"@type\":\"WebSite\",\"@id\":\"https:\/\/now-news.de\/de\/#website\",\"url\":\"https:\/\/now-news.de\/de\/\",\"name\":\"just-now.NEWS Deutschland\",\"description\":\"Das Portal f\u00fcr unzensierte Nachrichten aus der Welt\",\"publisher\":{\"@id\":\"https:\/\/now-news.de\/de\/#organization\"},\"potentialAction\":[{\"@type\":\"SearchAction\",\"target\":{\"@type\":\"EntryPoint\",\"urlTemplate\":\"https:\/\/now-news.de\/de\/?s={search_term_string}\"},\"query-input\":\"required name=search_term_string\"}],\"inLanguage\":\"de\"},{\"@type\":\"Organization\",\"@id\":\"https:\/\/now-news.de\/de\/#organization\",\"name\":\"Just Now News\",\"url\":\"https:\/\/now-news.de\/de\/\",\"logo\":{\"@type\":\"ImageObject\",\"inLanguage\":\"de\",\"@id\":\"https:\/\/now-news.de\/de\/#\/schema\/logo\/image\/\",\"url\":\"http:\/\/just-now.news\/de\/wp-content\/uploads\/sites\/3\/2022\/04\/logo500x500.jpg\",\"contentUrl\":\"http:\/\/just-now.news\/de\/wp-content\/uploads\/sites\/3\/2022\/04\/logo500x500.jpg\",\"width\":500,\"height\":500,\"caption\":\"Just Now News\"},\"image\":{\"@id\":\"https:\/\/now-news.de\/de\/#\/schema\/logo\/image\/\"},\"sameAs\":[\"https:\/\/www.facebook.com\/wirmachenauf\",\"https:\/\/x.com\/WirMachenAuf_de\"]},{\"@type\":\"Person\",\"@id\":\"https:\/\/now-news.de\/de\/#\/schema\/person\/fb534a4e865501d8b3285208df34a9b5\",\"name\":\"rtnews\",\"image\":{\"@type\":\"ImageObject\",\"inLanguage\":\"de\",\"@id\":\"https:\/\/now-news.de\/de\/#\/schema\/person\/image\/\",\"url\":\"https:\/\/secure.gravatar.com\/avatar\/82aafea7d8127119dd649515f56e2117?s=96&d=mm&r=g\",\"contentUrl\":\"https:\/\/secure.gravatar.com\/avatar\/82aafea7d8127119dd649515f56e2117?s=96&d=mm&r=g\",\"caption\":\"rtnews\"},\"url\":\"https:\/\/now-news.de\/de\/author\/rnews\/\"}]}<\/script>\n<!-- \/ Yoast SEO Premium plugin. -->","yoast_head_json":{"title":"Corona-Aufarbeitung: R\u00fcckblick auf Reden verantwortlicher Politiker \u2013 Karl Lauterbach - just-now.NEWS Deutschland","robots":{"index":"index","follow":"follow","max-snippet":"max-snippet:-1","max-image-preview":"max-image-preview:large","max-video-preview":"max-video-preview:-1"},"canonical":"https:\/\/now-news.de\/de\/deutschland\/corona-aufarbeitung-rueckblick-auf-reden-verantwortlicher-politiker-karl-lauterbach\/","og_locale":"de_DE","og_type":"article","og_title":"Corona-Aufarbeitung: R\u00fcckblick auf Reden verantwortlicher Politiker \u2013 Karl Lauterbach","og_description":"In den Jahren 2020 bis 2022 fielen verantwortliche Politiker mit ungeahnter H\u00e4rte in ihrer Wortwahl und ihren subjektiven politischen Forderungen gegen\u00fcber ma\u00dfnahmenkritischen B\u00fcrgern auf. Am 10. Dezember 2021 formulierte der SPD-Politiker Karl Lauterbach im Bundestag r\u00fcckblickend anma\u00dfende Inhalte f\u00fcr Betroffene. Die zehrende Gesellschaftskrise dreier langer Jahre, im Rahmen einer politisch initiierten medizinischen Sondersituation, besch\u00e4ftigt weiterhin [&hellip;]","og_url":"https:\/\/now-news.de\/de\/deutschland\/corona-aufarbeitung-rueckblick-auf-reden-verantwortlicher-politiker-karl-lauterbach\/","og_site_name":"just-now.NEWS Deutschland","article_publisher":"https:\/\/www.facebook.com\/wirmachenauf","article_published_time":"2023-12-10T06:30:44+00:00","og_image":[{"width":460,"height":259,"url":"https:\/\/now-news.de\/de\/wp-content\/uploads\/sites\/3\/2023\/12\/Corona-Aufarbeitung-Rueckblick-auf-Reden-verantwortlicher-Politiker-\u2013-Karl-Lauterbach.JPG","type":"image\/jpeg"}],"author":"rtnews","twitter_card":"summary_large_image","twitter_creator":"@WirMachenAuf_de","twitter_site":"@WirMachenAuf_de","twitter_misc":{"Verfasst von":"rtnews","Gesch\u00e4tzte Lesezeit":"4\u00a0Minuten"},"schema":{"@context":"https:\/\/schema.org","@graph":[{"@type":"Article","@id":"https:\/\/now-news.de\/de\/deutschland\/corona-aufarbeitung-rueckblick-auf-reden-verantwortlicher-politiker-karl-lauterbach\/#article","isPartOf":{"@id":"https:\/\/now-news.de\/de\/deutschland\/corona-aufarbeitung-rueckblick-auf-reden-verantwortlicher-politiker-karl-lauterbach\/"},"author":{"name":"rtnews","@id":"https:\/\/now-news.de\/de\/#\/schema\/person\/fb534a4e865501d8b3285208df34a9b5"},"headline":"Corona-Aufarbeitung: R\u00fcckblick auf Reden verantwortlicher Politiker \u2013 Karl Lauterbach","datePublished":"2023-12-10T06:30:44+00:00","dateModified":"2023-12-10T06:30:44+00:00","mainEntityOfPage":{"@id":"https:\/\/now-news.de\/de\/deutschland\/corona-aufarbeitung-rueckblick-auf-reden-verantwortlicher-politiker-karl-lauterbach\/"},"wordCount":787,"commentCount":0,"publisher":{"@id":"https:\/\/now-news.de\/de\/#organization"},"image":{"@id":"https:\/\/now-news.de\/de\/deutschland\/corona-aufarbeitung-rueckblick-auf-reden-verantwortlicher-politiker-karl-lauterbach\/#primaryimage"},"thumbnailUrl":"https:\/\/now-news.de\/de\/wp-content\/uploads\/sites\/3\/2023\/12\/Corona-Aufarbeitung-Rueckblick-auf-Reden-verantwortlicher-Politiker-\u2013-Karl-Lauterbach.JPG","keywords":["AUF","CoronaAufarbeitung","Karl","Lauterbach","Politiker","Reden","R\u00dcCKBLICK","Verantwortlicher"],"articleSection":["Deutschland","Russland"],"inLanguage":"de","potentialAction":[{"@type":"CommentAction","name":"Comment","target":["https:\/\/now-news.de\/de\/deutschland\/corona-aufarbeitung-rueckblick-auf-reden-verantwortlicher-politiker-karl-lauterbach\/#respond"]}]},{"@type":"WebPage","@id":"https:\/\/now-news.de\/de\/deutschland\/corona-aufarbeitung-rueckblick-auf-reden-verantwortlicher-politiker-karl-lauterbach\/","url":"https:\/\/now-news.de\/de\/deutschland\/corona-aufarbeitung-rueckblick-auf-reden-verantwortlicher-politiker-karl-lauterbach\/","name":"Corona-Aufarbeitung: R\u00fcckblick auf Reden verantwortlicher Politiker \u2013 Karl Lauterbach - just-now.NEWS Deutschland","isPartOf":{"@id":"https:\/\/now-news.de\/de\/#website"},"primaryImageOfPage":{"@id":"https:\/\/now-news.de\/de\/deutschland\/corona-aufarbeitung-rueckblick-auf-reden-verantwortlicher-politiker-karl-lauterbach\/#primaryimage"},"image":{"@id":"https:\/\/now-news.de\/de\/deutschland\/corona-aufarbeitung-rueckblick-auf-reden-verantwortlicher-politiker-karl-lauterbach\/#primaryimage"},"thumbnailUrl":"https:\/\/now-news.de\/de\/wp-content\/uploads\/sites\/3\/2023\/12\/Corona-Aufarbeitung-Rueckblick-auf-Reden-verantwortlicher-Politiker-\u2013-Karl-Lauterbach.JPG","datePublished":"2023-12-10T06:30:44+00:00","dateModified":"2023-12-10T06:30:44+00:00","breadcrumb":{"@id":"https:\/\/now-news.de\/de\/deutschland\/corona-aufarbeitung-rueckblick-auf-reden-verantwortlicher-politiker-karl-lauterbach\/#breadcrumb"},"inLanguage":"de","potentialAction":[{"@type":"ReadAction","target":["https:\/\/now-news.de\/de\/deutschland\/corona-aufarbeitung-rueckblick-auf-reden-verantwortlicher-politiker-karl-lauterbach\/"]}]},{"@type":"ImageObject","inLanguage":"de","@id":"https:\/\/now-news.de\/de\/deutschland\/corona-aufarbeitung-rueckblick-auf-reden-verantwortlicher-politiker-karl-lauterbach\/#primaryimage","url":"https:\/\/now-news.de\/de\/wp-content\/uploads\/sites\/3\/2023\/12\/Corona-Aufarbeitung-Rueckblick-auf-Reden-verantwortlicher-Politiker-\u2013-Karl-Lauterbach.JPG","contentUrl":"https:\/\/now-news.de\/de\/wp-content\/uploads\/sites\/3\/2023\/12\/Corona-Aufarbeitung-Rueckblick-auf-Reden-verantwortlicher-Politiker-\u2013-Karl-Lauterbach.JPG","width":460,"height":259,"caption":"Corona-Aufarbeitung: R\u00fcckblick auf Reden verantwortlicher Politiker \u2013 Karl Lauterbach"},{"@type":"BreadcrumbList","@id":"https:\/\/now-news.de\/de\/deutschland\/corona-aufarbeitung-rueckblick-auf-reden-verantwortlicher-politiker-karl-lauterbach\/#breadcrumb","itemListElement":[{"@type":"ListItem","position":1,"name":"Home","item":"https:\/\/now-news.de\/de\/"},{"@type":"ListItem","position":2,"name":"Corona-Aufarbeitung: R\u00fcckblick auf Reden verantwortlicher Politiker \u2013 Karl Lauterbach"}]},{"@type":"WebSite","@id":"https:\/\/now-news.de\/de\/#website","url":"https:\/\/now-news.de\/de\/","name":"just-now.NEWS Deutschland","description":"Das Portal f\u00fcr unzensierte Nachrichten aus der Welt","publisher":{"@id":"https:\/\/now-news.de\/de\/#organization"},"potentialAction":[{"@type":"SearchAction","target":{"@type":"EntryPoint","urlTemplate":"https:\/\/now-news.de\/de\/?s={search_term_string}"},"query-input":"required name=search_term_string"}],"inLanguage":"de"},{"@type":"Organization","@id":"https:\/\/now-news.de\/de\/#organization","name":"Just Now News","url":"https:\/\/now-news.de\/de\/","logo":{"@type":"ImageObject","inLanguage":"de","@id":"https:\/\/now-news.de\/de\/#\/schema\/logo\/image\/","url":"http:\/\/just-now.news\/de\/wp-content\/uploads\/sites\/3\/2022\/04\/logo500x500.jpg","contentUrl":"http:\/\/just-now.news\/de\/wp-content\/uploads\/sites\/3\/2022\/04\/logo500x500.jpg","width":500,"height":500,"caption":"Just Now News"},"image":{"@id":"https:\/\/now-news.de\/de\/#\/schema\/logo\/image\/"},"sameAs":["https:\/\/www.facebook.com\/wirmachenauf","https:\/\/x.com\/WirMachenAuf_de"]},{"@type":"Person","@id":"https:\/\/now-news.de\/de\/#\/schema\/person\/fb534a4e865501d8b3285208df34a9b5","name":"rtnews","image":{"@type":"ImageObject","inLanguage":"de","@id":"https:\/\/now-news.de\/de\/#\/schema\/person\/image\/","url":"https:\/\/secure.gravatar.com\/avatar\/82aafea7d8127119dd649515f56e2117?s=96&d=mm&r=g","contentUrl":"https:\/\/secure.gravatar.com\/avatar\/82aafea7d8127119dd649515f56e2117?s=96&d=mm&r=g","caption":"rtnews"},"url":"https:\/\/now-news.de\/de\/author\/rnews\/"}]}},"_links":{"self":[{"href":"https:\/\/now-news.de\/de\/wp-json\/wp\/v2\/posts\/51279"}],"collection":[{"href":"https:\/\/now-news.de\/de\/wp-json\/wp\/v2\/posts"}],"about":[{"href":"https:\/\/now-news.de\/de\/wp-json\/wp\/v2\/types\/post"}],"author":[{"embeddable":true,"href":"https:\/\/now-news.de\/de\/wp-json\/wp\/v2\/users\/3"}],"replies":[{"embeddable":true,"href":"https:\/\/now-news.de\/de\/wp-json\/wp\/v2\/comments?post=51279"}],"version-history":[{"count":0,"href":"https:\/\/now-news.de\/de\/wp-json\/wp\/v2\/posts\/51279\/revisions"}],"wp:featuredmedia":[{"embeddable":true,"href":"https:\/\/now-news.de\/de\/wp-json\/wp\/v2\/media\/51280"}],"wp:attachment":[{"href":"https:\/\/now-news.de\/de\/wp-json\/wp\/v2\/media?parent=51279"}],"wp:term":[{"taxonomy":"category","embeddable":true,"href":"https:\/\/now-news.de\/de\/wp-json\/wp\/v2\/categories?post=51279"},{"taxonomy":"post_tag","embeddable":true,"href":"https:\/\/now-news.de\/de\/wp-json\/wp\/v2\/tags?post=51279"}],"curies":[{"name":"wp","href":"https:\/\/api.w.org\/{rel}","templated":true}]}}