{"id":51261,"date":"2023-12-09T17:51:40","date_gmt":"2023-12-09T15:51:40","guid":{"rendered":"https:\/\/just-now.news\/de\/deutschland\/einsparungen-beim-dienstwagenprivileg-wieder-einmal-zu-kurz-gedacht\/"},"modified":"2023-12-09T17:51:40","modified_gmt":"2023-12-09T15:51:40","slug":"einsparungen-beim-dienstwagenprivileg-wieder-einmal-zu-kurz-gedacht","status":"publish","type":"post","link":"https:\/\/now-news.de\/de\/deutschland\/einsparungen-beim-dienstwagenprivileg-wieder-einmal-zu-kurz-gedacht\/","title":{"rendered":"Einsparungen beim &quot;Dienstwagenprivileg&quot; &#8211; wieder einmal zu kurz gedacht"},"content":{"rendered":"<p><img decoding=\"async\" src=\"http:\/\/just-now.news\/de\/wp-content\/uploads\/sites\/3\/2023\/12\/6573265ab480cc30e7753780.jpg\" \/><\/p>\n<div class=\"Text-root Text-type_1 \">\n                Es ist eine beliebte Forderung der Gr\u00fcnen, die auch jetzt wieder auf den Tisch kam, weil bei &#8220;Dienstwagen&#8221; jeder an gro\u00dfe Autos denkt. In Wirklichkeit geht es viel h\u00e4ufiger um die kleinen Flitzer, mit denen beispielsweise Pflegekr\u00e4fte fahren.\n            <\/div>\n<p><\/p>\n<div class=\"Text-root Text-type_5 ArticleView-text ViewText-root \">\n<p>Es ist einer der Vorschl\u00e4ge, mit dem die Gr\u00fcnen die Haushaltsprobleme des Bundes angehen\u00a0<a rel=\"nofollow noopener\" target=\"_blank\" href=\"https:\/\/www.spiegel.de\/politik\/deutschland\/dienstwagenprivileg-gruenen-fraktionsvize-andreas-audretsch-draengt-auf-streichung-a-09af73ae-a6ae-421b-98ac-19d05f414bb3\">wollen<\/a>: eine Streichung des &#8220;Dienstwagenprivilegs&#8221;. Dabei geht es schlicht um die Tatsache, dass die private Nutzung eines gesch\u00e4ftlichen Fahrzeugs nicht vollst\u00e4ndig zum zu versteuernden Einkommen gerechnet wird.<\/p>\n<p>Der gr\u00fcne Vorschlag zielt auf die Vorstellung, die viele Unbefangene mit diesem Begriff verbinden m\u00f6gen. Denn instinktiv denkt man bei Dienstwagen an schwere, gro\u00dfe Autos, die h\u00f6heren Angestellten zur Verf\u00fcgung gestellt werden, und meint, das sei nur recht, wenn sie etwas weniger Privilegien gen\u00f6ssen.<\/p>\n<p>Tats\u00e4chlich w\u00fcrde sich eine derartige \u00c4nderung der Besteuerung in ganz anderen Bereichen auswirken. Einmal abgesehen davon, dass die meisten der gro\u00dfen in Deutschland gebauten Fahrzeuge der Marken BMW und Mercedes \u00fcberwiegend nicht an private Fahrer verkauft werden, derartige \u00c4nderungen auch in diesem Bereich also direkte Auswirkungen auf die deutsche Automobilindustrie haben, die die Gr\u00fcnen zwar nicht m\u00f6gen, die aber einen gro\u00dfen Teil der Arbeitspl\u00e4tze stellt \u2013 die gro\u00dfe Masse der Dienstwagen ist mitnichten der fahrbare Untersatz Gutverdienender.<\/p>\n<p>Betroffen w\u00e4ren beispielsweise unz\u00e4hlige Besch\u00e4ftigte in der ambulanten Pflege, die vielfach gerade auf dem Land ihre Arbeit ohne diese Fahrzeuge gar nicht verrichten k\u00f6nnten und die nicht daf\u00fcr bekannt sind, besonders gut zu verdienen. Der Teil von ihnen, der in prek\u00e4rer Selbstst\u00e4ndigkeit arbeitet, ist ohnehin schon durch die gestiegenen Treibstoffkosten massiv belastet. F\u00fcr die angestellten Pflegekr\u00e4fte ist die verg\u00fcnstigte Nutzung des Dienstfahrzeugs eine kleine Aufbesserung des knapp bemessenen Einkommens.<\/p>\n<p>400.000 Pflegekr\u00e4fte bundesweit k\u00f6nnten ihren Dienstwagen auch privat nutzen. W\u00fcrden die Steuervorteile entfallen, m\u00fcssten die L\u00f6hne erh\u00f6ht werden, was wiederum h\u00f6here Pfleges\u00e4tze erforderlich machen w\u00fcrde; oder die Zahl derjenigen, die diesen Beruf an den Nagel h\u00e4ngen, sowie die Zahl der ambulanten Dienste, die wegen unzureichender Finanzierung schlie\u00dfen, w\u00fcrde noch weiter steigen.<\/p>\n<p>&#8220;Die Abschaffung der Steuervorteile w\u00fcrde gerade Gering- und Mittelverdiener massiv treffen&#8221;,\u00a0<a rel=\"nofollow noopener\" target=\"_blank\" href=\"https:\/\/www.welt.de\/wirtschaft\/article248937912\/Pflege-deutlich-unattraktiver-Verband-warnt-vor-Ende-des-Dienstwagenprivilegs.html\">meinte<\/a>\u00a0die Gesch\u00e4ftsf\u00fchrerin des Arbeitgeberverbands Pflege, Isabell Halletz. &#8220;Dadurch w\u00fcrden au\u00dferdem die Pflegeberufe \u2013 gerade die Schichtarbeit \u2013 deutlich unattraktiver.&#8221;<\/p>\n<p>\u00c4hnlich d\u00fcrfte sich die Lage auch in vielen Handwerksbetrieben darstellen. W\u00e4hrend die Einnahmen, die sich die Regierungspartei von diesem Schritt erwartet, begrenzt sind \u2013 die Gr\u00fcnen rechnen mit 1,8 Milliarden Euro \u2013 sind die m\u00f6glichen volkswirtschaftlichen Sch\u00e4den weit gr\u00f6\u00dfer und letztlich werden vor allem Menschen getroffen, die ohnehin schon unter den Reallohnverlusten der letzten Jahre leiden.<\/p>\n<p><strong>Mehr zum Thema<\/strong> &#8211; <a rel=\"nofollow noopener\" target=\"_blank\" href=\"https:\/\/freedert.online\/wirtschaft\/188433-inflation-leicht-schwaecher-lohnverluste-bleiben\/\">Inflation leicht schw\u00e4cher \u2012 Lohnverluste bleiben trotz Reallohnsteigerung <\/a><\/p>\n<\/div>\n<p><br \/>\n<br \/><a href=\"https:\/\/de.rt.com\/inland\/189340-einsparungen-beim-dienstwagenprivileg-wieder-einmal\/\">Source link <\/a><\/p>\n","protected":false},"excerpt":{"rendered":"<p>Es ist eine beliebte Forderung der Gr\u00fcnen, die auch jetzt wieder auf den Tisch kam, weil bei &#8220;Dienstwagen&#8221; jeder an gro\u00dfe Autos denkt. In Wirklichkeit geht es viel h\u00e4ufiger um die kleinen Flitzer, mit denen beispielsweise Pflegekr\u00e4fte fahren. Es ist einer der Vorschl\u00e4ge, mit dem die Gr\u00fcnen die Haushaltsprobleme des Bundes angehen\u00a0wollen: eine Streichung des [&hellip;]<\/p>\n","protected":false},"author":3,"featured_media":51262,"comment_status":"open","ping_status":"open","sticky":false,"template":"","format":"standard","meta":{"_yoast_indexnow_last_ping":["1702137764"],"wp_automatic_camp":["217"],"2f53010e8a071db1fcb086e75df2285f":["Einsparungen beim &quot;Dienstwagenprivileg&quot; - wieder einmal zu kurz gedacht"],"original_link":["https:\/\/de.rt.com\/inland\/189340-einsparungen-beim-dienstwagenprivileg-wieder-einmal\/"],"_thumbnail_id":["51262"],"jnews_social_counter_last_update":["1777348498"],"_wptgpro_p2tg_sent2tg":["a:1:{i:23737;s:19:\"2023-12-09 18:03:45\";}"]},"categories":[19,23],"tags":[1814,5930,51359,23965,18106,51459,904],"yoast_head":"<!-- This site is optimized with the Yoast SEO Premium plugin v22.7 (Yoast SEO v22.7) - https:\/\/yoast.com\/wordpress\/plugins\/seo\/ -->\n<title>Einsparungen beim &quot;Dienstwagenprivileg&quot; - wieder einmal zu kurz gedacht - just-now.NEWS Deutschland<\/title>\n<meta name=\"robots\" content=\"index, follow, max-snippet:-1, max-image-preview:large, max-video-preview:-1\" \/>\n<link rel=\"canonical\" href=\"https:\/\/now-news.de\/de\/deutschland\/einsparungen-beim-dienstwagenprivileg-wieder-einmal-zu-kurz-gedacht\/\" \/>\n<meta property=\"og:locale\" content=\"de_DE\" \/>\n<meta property=\"og:type\" content=\"article\" \/>\n<meta property=\"og:title\" content=\"Einsparungen beim &quot;Dienstwagenprivileg&quot; - wieder einmal zu kurz gedacht\" \/>\n<meta property=\"og:description\" content=\"Es ist eine beliebte Forderung der Gr\u00fcnen, die auch jetzt wieder auf den Tisch kam, weil bei &#8220;Dienstwagen&#8221; jeder an gro\u00dfe Autos denkt. In Wirklichkeit geht es viel h\u00e4ufiger um die kleinen Flitzer, mit denen beispielsweise Pflegekr\u00e4fte fahren. Es ist einer der Vorschl\u00e4ge, mit dem die Gr\u00fcnen die Haushaltsprobleme des Bundes angehen\u00a0wollen: eine Streichung des [&hellip;]\" \/>\n<meta property=\"og:url\" content=\"https:\/\/now-news.de\/de\/deutschland\/einsparungen-beim-dienstwagenprivileg-wieder-einmal-zu-kurz-gedacht\/\" \/>\n<meta property=\"og:site_name\" content=\"just-now.NEWS Deutschland\" \/>\n<meta property=\"article:publisher\" content=\"https:\/\/www.facebook.com\/wirmachenauf\" \/>\n<meta property=\"article:published_time\" content=\"2023-12-09T15:51:40+00:00\" \/>\n<meta property=\"og:image\" content=\"https:\/\/now-news.de\/de\/wp-content\/uploads\/sites\/3\/2023\/12\/Einsparungen-beim-quotDienstwagenprivilegquot-wieder-einmal-zu-kurz-gedacht.jpg\" \/>\n\t<meta property=\"og:image:width\" content=\"460\" \/>\n\t<meta property=\"og:image:height\" content=\"259\" \/>\n\t<meta property=\"og:image:type\" content=\"image\/jpeg\" \/>\n<meta name=\"author\" content=\"rtnews\" \/>\n<meta name=\"twitter:card\" content=\"summary_large_image\" \/>\n<meta name=\"twitter:creator\" content=\"@WirMachenAuf_de\" \/>\n<meta name=\"twitter:site\" content=\"@WirMachenAuf_de\" \/>\n<meta name=\"twitter:label1\" content=\"Verfasst von\" \/>\n\t<meta name=\"twitter:data1\" content=\"rtnews\" \/>\n\t<meta name=\"twitter:label2\" content=\"Gesch\u00e4tzte Lesezeit\" \/>\n\t<meta name=\"twitter:data2\" content=\"2\u00a0Minuten\" \/>\n<script type=\"application\/ld+json\" class=\"yoast-schema-graph\">{\"@context\":\"https:\/\/schema.org\",\"@graph\":[{\"@type\":\"Article\",\"@id\":\"https:\/\/now-news.de\/de\/deutschland\/einsparungen-beim-dienstwagenprivileg-wieder-einmal-zu-kurz-gedacht\/#article\",\"isPartOf\":{\"@id\":\"https:\/\/now-news.de\/de\/deutschland\/einsparungen-beim-dienstwagenprivileg-wieder-einmal-zu-kurz-gedacht\/\"},\"author\":{\"name\":\"rtnews\",\"@id\":\"https:\/\/now-news.de\/de\/#\/schema\/person\/fb534a4e865501d8b3285208df34a9b5\"},\"headline\":\"Einsparungen beim &quot;Dienstwagenprivileg&quot; &#8211; wieder einmal zu kurz gedacht\",\"datePublished\":\"2023-12-09T15:51:40+00:00\",\"dateModified\":\"2023-12-09T15:51:40+00:00\",\"mainEntityOfPage\":{\"@id\":\"https:\/\/now-news.de\/de\/deutschland\/einsparungen-beim-dienstwagenprivileg-wieder-einmal-zu-kurz-gedacht\/\"},\"wordCount\":481,\"commentCount\":0,\"publisher\":{\"@id\":\"https:\/\/now-news.de\/de\/#organization\"},\"image\":{\"@id\":\"https:\/\/now-news.de\/de\/deutschland\/einsparungen-beim-dienstwagenprivileg-wieder-einmal-zu-kurz-gedacht\/#primaryimage\"},\"thumbnailUrl\":\"https:\/\/now-news.de\/de\/wp-content\/uploads\/sites\/3\/2023\/12\/Einsparungen-beim-quotDienstwagenprivilegquot-wieder-einmal-zu-kurz-gedacht.jpg\",\"keywords\":[\"beim\",\"einmal\",\"Einsparungen\",\"gedacht\",\"kurz\",\"quotDienstwagenprivilegquot\",\"wieder\"],\"articleSection\":[\"Deutschland\",\"Russland\"],\"inLanguage\":\"de\",\"potentialAction\":[{\"@type\":\"CommentAction\",\"name\":\"Comment\",\"target\":[\"https:\/\/now-news.de\/de\/deutschland\/einsparungen-beim-dienstwagenprivileg-wieder-einmal-zu-kurz-gedacht\/#respond\"]}]},{\"@type\":\"WebPage\",\"@id\":\"https:\/\/now-news.de\/de\/deutschland\/einsparungen-beim-dienstwagenprivileg-wieder-einmal-zu-kurz-gedacht\/\",\"url\":\"https:\/\/now-news.de\/de\/deutschland\/einsparungen-beim-dienstwagenprivileg-wieder-einmal-zu-kurz-gedacht\/\",\"name\":\"Einsparungen beim &quot;Dienstwagenprivileg&quot; - wieder einmal zu kurz gedacht - just-now.NEWS Deutschland\",\"isPartOf\":{\"@id\":\"https:\/\/now-news.de\/de\/#website\"},\"primaryImageOfPage\":{\"@id\":\"https:\/\/now-news.de\/de\/deutschland\/einsparungen-beim-dienstwagenprivileg-wieder-einmal-zu-kurz-gedacht\/#primaryimage\"},\"image\":{\"@id\":\"https:\/\/now-news.de\/de\/deutschland\/einsparungen-beim-dienstwagenprivileg-wieder-einmal-zu-kurz-gedacht\/#primaryimage\"},\"thumbnailUrl\":\"https:\/\/now-news.de\/de\/wp-content\/uploads\/sites\/3\/2023\/12\/Einsparungen-beim-quotDienstwagenprivilegquot-wieder-einmal-zu-kurz-gedacht.jpg\",\"datePublished\":\"2023-12-09T15:51:40+00:00\",\"dateModified\":\"2023-12-09T15:51:40+00:00\",\"breadcrumb\":{\"@id\":\"https:\/\/now-news.de\/de\/deutschland\/einsparungen-beim-dienstwagenprivileg-wieder-einmal-zu-kurz-gedacht\/#breadcrumb\"},\"inLanguage\":\"de\",\"potentialAction\":[{\"@type\":\"ReadAction\",\"target\":[\"https:\/\/now-news.de\/de\/deutschland\/einsparungen-beim-dienstwagenprivileg-wieder-einmal-zu-kurz-gedacht\/\"]}]},{\"@type\":\"ImageObject\",\"inLanguage\":\"de\",\"@id\":\"https:\/\/now-news.de\/de\/deutschland\/einsparungen-beim-dienstwagenprivileg-wieder-einmal-zu-kurz-gedacht\/#primaryimage\",\"url\":\"https:\/\/now-news.de\/de\/wp-content\/uploads\/sites\/3\/2023\/12\/Einsparungen-beim-quotDienstwagenprivilegquot-wieder-einmal-zu-kurz-gedacht.jpg\",\"contentUrl\":\"https:\/\/now-news.de\/de\/wp-content\/uploads\/sites\/3\/2023\/12\/Einsparungen-beim-quotDienstwagenprivilegquot-wieder-einmal-zu-kurz-gedacht.jpg\",\"width\":460,\"height\":259,\"caption\":\"Einsparungen beim &quot;Dienstwagenprivileg&quot; - wieder einmal zu kurz gedacht\"},{\"@type\":\"BreadcrumbList\",\"@id\":\"https:\/\/now-news.de\/de\/deutschland\/einsparungen-beim-dienstwagenprivileg-wieder-einmal-zu-kurz-gedacht\/#breadcrumb\",\"itemListElement\":[{\"@type\":\"ListItem\",\"position\":1,\"name\":\"Home\",\"item\":\"https:\/\/now-news.de\/de\/\"},{\"@type\":\"ListItem\",\"position\":2,\"name\":\"Einsparungen beim &quot;Dienstwagenprivileg&quot; &#8211; wieder einmal zu kurz gedacht\"}]},{\"@type\":\"WebSite\",\"@id\":\"https:\/\/now-news.de\/de\/#website\",\"url\":\"https:\/\/now-news.de\/de\/\",\"name\":\"just-now.NEWS Deutschland\",\"description\":\"Das Portal f\u00fcr unzensierte Nachrichten aus der Welt\",\"publisher\":{\"@id\":\"https:\/\/now-news.de\/de\/#organization\"},\"potentialAction\":[{\"@type\":\"SearchAction\",\"target\":{\"@type\":\"EntryPoint\",\"urlTemplate\":\"https:\/\/now-news.de\/de\/?s={search_term_string}\"},\"query-input\":\"required name=search_term_string\"}],\"inLanguage\":\"de\"},{\"@type\":\"Organization\",\"@id\":\"https:\/\/now-news.de\/de\/#organization\",\"name\":\"Just Now News\",\"url\":\"https:\/\/now-news.de\/de\/\",\"logo\":{\"@type\":\"ImageObject\",\"inLanguage\":\"de\",\"@id\":\"https:\/\/now-news.de\/de\/#\/schema\/logo\/image\/\",\"url\":\"http:\/\/just-now.news\/de\/wp-content\/uploads\/sites\/3\/2022\/04\/logo500x500.jpg\",\"contentUrl\":\"http:\/\/just-now.news\/de\/wp-content\/uploads\/sites\/3\/2022\/04\/logo500x500.jpg\",\"width\":500,\"height\":500,\"caption\":\"Just Now News\"},\"image\":{\"@id\":\"https:\/\/now-news.de\/de\/#\/schema\/logo\/image\/\"},\"sameAs\":[\"https:\/\/www.facebook.com\/wirmachenauf\",\"https:\/\/x.com\/WirMachenAuf_de\"]},{\"@type\":\"Person\",\"@id\":\"https:\/\/now-news.de\/de\/#\/schema\/person\/fb534a4e865501d8b3285208df34a9b5\",\"name\":\"rtnews\",\"image\":{\"@type\":\"ImageObject\",\"inLanguage\":\"de\",\"@id\":\"https:\/\/now-news.de\/de\/#\/schema\/person\/image\/\",\"url\":\"https:\/\/secure.gravatar.com\/avatar\/82aafea7d8127119dd649515f56e2117?s=96&d=mm&r=g\",\"contentUrl\":\"https:\/\/secure.gravatar.com\/avatar\/82aafea7d8127119dd649515f56e2117?s=96&d=mm&r=g\",\"caption\":\"rtnews\"},\"url\":\"https:\/\/now-news.de\/de\/author\/rnews\/\"}]}<\/script>\n<!-- \/ Yoast SEO Premium plugin. -->","yoast_head_json":{"title":"Einsparungen beim &quot;Dienstwagenprivileg&quot; - wieder einmal zu kurz gedacht - just-now.NEWS Deutschland","robots":{"index":"index","follow":"follow","max-snippet":"max-snippet:-1","max-image-preview":"max-image-preview:large","max-video-preview":"max-video-preview:-1"},"canonical":"https:\/\/now-news.de\/de\/deutschland\/einsparungen-beim-dienstwagenprivileg-wieder-einmal-zu-kurz-gedacht\/","og_locale":"de_DE","og_type":"article","og_title":"Einsparungen beim &quot;Dienstwagenprivileg&quot; - wieder einmal zu kurz gedacht","og_description":"Es ist eine beliebte Forderung der Gr\u00fcnen, die auch jetzt wieder auf den Tisch kam, weil bei &#8220;Dienstwagen&#8221; jeder an gro\u00dfe Autos denkt. In Wirklichkeit geht es viel h\u00e4ufiger um die kleinen Flitzer, mit denen beispielsweise Pflegekr\u00e4fte fahren. Es ist einer der Vorschl\u00e4ge, mit dem die Gr\u00fcnen die Haushaltsprobleme des Bundes angehen\u00a0wollen: eine Streichung des [&hellip;]","og_url":"https:\/\/now-news.de\/de\/deutschland\/einsparungen-beim-dienstwagenprivileg-wieder-einmal-zu-kurz-gedacht\/","og_site_name":"just-now.NEWS Deutschland","article_publisher":"https:\/\/www.facebook.com\/wirmachenauf","article_published_time":"2023-12-09T15:51:40+00:00","og_image":[{"width":460,"height":259,"url":"https:\/\/now-news.de\/de\/wp-content\/uploads\/sites\/3\/2023\/12\/Einsparungen-beim-quotDienstwagenprivilegquot-wieder-einmal-zu-kurz-gedacht.jpg","type":"image\/jpeg"}],"author":"rtnews","twitter_card":"summary_large_image","twitter_creator":"@WirMachenAuf_de","twitter_site":"@WirMachenAuf_de","twitter_misc":{"Verfasst von":"rtnews","Gesch\u00e4tzte Lesezeit":"2\u00a0Minuten"},"schema":{"@context":"https:\/\/schema.org","@graph":[{"@type":"Article","@id":"https:\/\/now-news.de\/de\/deutschland\/einsparungen-beim-dienstwagenprivileg-wieder-einmal-zu-kurz-gedacht\/#article","isPartOf":{"@id":"https:\/\/now-news.de\/de\/deutschland\/einsparungen-beim-dienstwagenprivileg-wieder-einmal-zu-kurz-gedacht\/"},"author":{"name":"rtnews","@id":"https:\/\/now-news.de\/de\/#\/schema\/person\/fb534a4e865501d8b3285208df34a9b5"},"headline":"Einsparungen beim &quot;Dienstwagenprivileg&quot; &#8211; wieder einmal zu kurz gedacht","datePublished":"2023-12-09T15:51:40+00:00","dateModified":"2023-12-09T15:51:40+00:00","mainEntityOfPage":{"@id":"https:\/\/now-news.de\/de\/deutschland\/einsparungen-beim-dienstwagenprivileg-wieder-einmal-zu-kurz-gedacht\/"},"wordCount":481,"commentCount":0,"publisher":{"@id":"https:\/\/now-news.de\/de\/#organization"},"image":{"@id":"https:\/\/now-news.de\/de\/deutschland\/einsparungen-beim-dienstwagenprivileg-wieder-einmal-zu-kurz-gedacht\/#primaryimage"},"thumbnailUrl":"https:\/\/now-news.de\/de\/wp-content\/uploads\/sites\/3\/2023\/12\/Einsparungen-beim-quotDienstwagenprivilegquot-wieder-einmal-zu-kurz-gedacht.jpg","keywords":["beim","einmal","Einsparungen","gedacht","kurz","quotDienstwagenprivilegquot","wieder"],"articleSection":["Deutschland","Russland"],"inLanguage":"de","potentialAction":[{"@type":"CommentAction","name":"Comment","target":["https:\/\/now-news.de\/de\/deutschland\/einsparungen-beim-dienstwagenprivileg-wieder-einmal-zu-kurz-gedacht\/#respond"]}]},{"@type":"WebPage","@id":"https:\/\/now-news.de\/de\/deutschland\/einsparungen-beim-dienstwagenprivileg-wieder-einmal-zu-kurz-gedacht\/","url":"https:\/\/now-news.de\/de\/deutschland\/einsparungen-beim-dienstwagenprivileg-wieder-einmal-zu-kurz-gedacht\/","name":"Einsparungen beim &quot;Dienstwagenprivileg&quot; - wieder einmal zu kurz gedacht - just-now.NEWS Deutschland","isPartOf":{"@id":"https:\/\/now-news.de\/de\/#website"},"primaryImageOfPage":{"@id":"https:\/\/now-news.de\/de\/deutschland\/einsparungen-beim-dienstwagenprivileg-wieder-einmal-zu-kurz-gedacht\/#primaryimage"},"image":{"@id":"https:\/\/now-news.de\/de\/deutschland\/einsparungen-beim-dienstwagenprivileg-wieder-einmal-zu-kurz-gedacht\/#primaryimage"},"thumbnailUrl":"https:\/\/now-news.de\/de\/wp-content\/uploads\/sites\/3\/2023\/12\/Einsparungen-beim-quotDienstwagenprivilegquot-wieder-einmal-zu-kurz-gedacht.jpg","datePublished":"2023-12-09T15:51:40+00:00","dateModified":"2023-12-09T15:51:40+00:00","breadcrumb":{"@id":"https:\/\/now-news.de\/de\/deutschland\/einsparungen-beim-dienstwagenprivileg-wieder-einmal-zu-kurz-gedacht\/#breadcrumb"},"inLanguage":"de","potentialAction":[{"@type":"ReadAction","target":["https:\/\/now-news.de\/de\/deutschland\/einsparungen-beim-dienstwagenprivileg-wieder-einmal-zu-kurz-gedacht\/"]}]},{"@type":"ImageObject","inLanguage":"de","@id":"https:\/\/now-news.de\/de\/deutschland\/einsparungen-beim-dienstwagenprivileg-wieder-einmal-zu-kurz-gedacht\/#primaryimage","url":"https:\/\/now-news.de\/de\/wp-content\/uploads\/sites\/3\/2023\/12\/Einsparungen-beim-quotDienstwagenprivilegquot-wieder-einmal-zu-kurz-gedacht.jpg","contentUrl":"https:\/\/now-news.de\/de\/wp-content\/uploads\/sites\/3\/2023\/12\/Einsparungen-beim-quotDienstwagenprivilegquot-wieder-einmal-zu-kurz-gedacht.jpg","width":460,"height":259,"caption":"Einsparungen beim &quot;Dienstwagenprivileg&quot; - wieder einmal zu kurz gedacht"},{"@type":"BreadcrumbList","@id":"https:\/\/now-news.de\/de\/deutschland\/einsparungen-beim-dienstwagenprivileg-wieder-einmal-zu-kurz-gedacht\/#breadcrumb","itemListElement":[{"@type":"ListItem","position":1,"name":"Home","item":"https:\/\/now-news.de\/de\/"},{"@type":"ListItem","position":2,"name":"Einsparungen beim &quot;Dienstwagenprivileg&quot; &#8211; wieder einmal zu kurz gedacht"}]},{"@type":"WebSite","@id":"https:\/\/now-news.de\/de\/#website","url":"https:\/\/now-news.de\/de\/","name":"just-now.NEWS Deutschland","description":"Das Portal f\u00fcr unzensierte Nachrichten aus der Welt","publisher":{"@id":"https:\/\/now-news.de\/de\/#organization"},"potentialAction":[{"@type":"SearchAction","target":{"@type":"EntryPoint","urlTemplate":"https:\/\/now-news.de\/de\/?s={search_term_string}"},"query-input":"required name=search_term_string"}],"inLanguage":"de"},{"@type":"Organization","@id":"https:\/\/now-news.de\/de\/#organization","name":"Just Now News","url":"https:\/\/now-news.de\/de\/","logo":{"@type":"ImageObject","inLanguage":"de","@id":"https:\/\/now-news.de\/de\/#\/schema\/logo\/image\/","url":"http:\/\/just-now.news\/de\/wp-content\/uploads\/sites\/3\/2022\/04\/logo500x500.jpg","contentUrl":"http:\/\/just-now.news\/de\/wp-content\/uploads\/sites\/3\/2022\/04\/logo500x500.jpg","width":500,"height":500,"caption":"Just Now News"},"image":{"@id":"https:\/\/now-news.de\/de\/#\/schema\/logo\/image\/"},"sameAs":["https:\/\/www.facebook.com\/wirmachenauf","https:\/\/x.com\/WirMachenAuf_de"]},{"@type":"Person","@id":"https:\/\/now-news.de\/de\/#\/schema\/person\/fb534a4e865501d8b3285208df34a9b5","name":"rtnews","image":{"@type":"ImageObject","inLanguage":"de","@id":"https:\/\/now-news.de\/de\/#\/schema\/person\/image\/","url":"https:\/\/secure.gravatar.com\/avatar\/82aafea7d8127119dd649515f56e2117?s=96&d=mm&r=g","contentUrl":"https:\/\/secure.gravatar.com\/avatar\/82aafea7d8127119dd649515f56e2117?s=96&d=mm&r=g","caption":"rtnews"},"url":"https:\/\/now-news.de\/de\/author\/rnews\/"}]}},"_links":{"self":[{"href":"https:\/\/now-news.de\/de\/wp-json\/wp\/v2\/posts\/51261"}],"collection":[{"href":"https:\/\/now-news.de\/de\/wp-json\/wp\/v2\/posts"}],"about":[{"href":"https:\/\/now-news.de\/de\/wp-json\/wp\/v2\/types\/post"}],"author":[{"embeddable":true,"href":"https:\/\/now-news.de\/de\/wp-json\/wp\/v2\/users\/3"}],"replies":[{"embeddable":true,"href":"https:\/\/now-news.de\/de\/wp-json\/wp\/v2\/comments?post=51261"}],"version-history":[{"count":0,"href":"https:\/\/now-news.de\/de\/wp-json\/wp\/v2\/posts\/51261\/revisions"}],"wp:featuredmedia":[{"embeddable":true,"href":"https:\/\/now-news.de\/de\/wp-json\/wp\/v2\/media\/51262"}],"wp:attachment":[{"href":"https:\/\/now-news.de\/de\/wp-json\/wp\/v2\/media?parent=51261"}],"wp:term":[{"taxonomy":"category","embeddable":true,"href":"https:\/\/now-news.de\/de\/wp-json\/wp\/v2\/categories?post=51261"},{"taxonomy":"post_tag","embeddable":true,"href":"https:\/\/now-news.de\/de\/wp-json\/wp\/v2\/tags?post=51261"}],"curies":[{"name":"wp","href":"https:\/\/api.w.org\/{rel}","templated":true}]}}