{"id":51259,"date":"2023-12-09T17:05:05","date_gmt":"2023-12-09T15:05:05","guid":{"rendered":"https:\/\/just-now.news\/de\/deutschland\/putin-stellt-sich-zum-fuenften-mal-zur-wahl-reaktionen-von-politikern-und-prominenten\/"},"modified":"2023-12-09T17:05:05","modified_gmt":"2023-12-09T15:05:05","slug":"putin-stellt-sich-zum-fuenften-mal-zur-wahl-reaktionen-von-politikern-und-prominenten","status":"publish","type":"post","link":"https:\/\/now-news.de\/de\/deutschland\/putin-stellt-sich-zum-fuenften-mal-zur-wahl-reaktionen-von-politikern-und-prominenten\/","title":{"rendered":"Putin stellt sich zum f\u00fcnften Mal zur Wahl: Reaktionen von Politikern und Prominenten"},"content":{"rendered":"<p><img decoding=\"async\" src=\"http:\/\/just-now.news\/de\/wp-content\/uploads\/sites\/3\/2023\/12\/65746a9db480cc657d616c4a.jpg\" \/><\/p>\n<div class=\"Text-root Text-type_1 \">\n                Mitte M\u00e4rz wird Russland bei einer dreit\u00e4gigen Wahl sein neues Staatsoberhaupt bestimmen. Der amtierende Pr\u00e4sident Wladimir Putin kandidiert wieder \u2013 bereits zum f\u00fcnften Mal. Seine am Freitag bekanntgegebene Entscheidung wird ebenso  gelobt wie kritisiert.\n            <\/div>\n<p><\/p>\n<div class=\"Text-root Text-type_5 ArticleView-text ViewText-root \">\n<p>Am 8. Dezember hat Wladimir Putin offiziell seinen Wunsch verk\u00fcndet, erneut f\u00fcr das Pr\u00e4sidentenamt zu kandidieren. Der Staatschef gab seine Entscheidung bei einer Auszeichnung von Helden Russlands bekannt, die sich unter anderem bei der milit\u00e4rischen Sonderoperation in der Ukraine hervorgetan hatten.<\/p>\n<p>Der Kreml nannte Putins Aufstellung &#8220;absolut spontan&#8221;, nachdem Artjom Schoga, Sprecher des Regionalparlaments der Volksrepublik Donezk, im Nahmen der Bev\u00f6lkerung der neuen russischen Gebiete den Pr\u00e4sidenten darum gebeten hatte. Zahlreiche Politiker, Amtstr\u00e4ger und Prominente in Russland lobten diese Entscheidung.<\/p>\n<p><strong>Walentina Matwijenko<\/strong>, Leiterin des russischen F\u00f6derationsrates, der einen Tag zuvor die Pr\u00e4sidentschaftswahl f\u00fcr den 17. M\u00e4rz <a rel=\"nofollow noopener\" target=\"_blank\" href=\"https:\/\/freedert.online\/russland\/189177-praesidentenwahlen-in-russland-fuer-17-maerz-2024-anberaumt\/\">anberaumt<\/a> hatte, nannte Putins Zusage verantwortungsvoll.\u00a0Der Staatschef habe niemals verantwortungsvolle Entscheidungen gescheut. Nun habe er ein weiteres Mal unter Beweis gestellt, dass er\u00a0im Angesicht der historischen Herausforderungen bereit sei, im Interesse des Landes und der russischen B\u00fcrger zu handeln.<\/p>\n<blockquote>\n<p><em>&#8220;Ich bin mir sicher, dass Wladimir Wladimirowitsch diese Entscheidung verk\u00fcndet hat, indem er sich auf den wahren Wunsch der russischen Bev\u00f6lkerung st\u00fctzt sowie ihren Willen und ihre Stimmung ber\u00fccksichtigt.&#8221;<\/em><\/p>\n<\/blockquote>\n<p>Die Vorsitzende des Oberhauses des russischen Parlaments berief sich dabei auf mehrere Meinungsumfragen. Putins Entscheidung, wieder zu kandidieren, sei f\u00fcr viele Landsleute die Antwort auf viele wichtige Fragen und die zus\u00e4tzliche Garantie daf\u00fcr, dass sich Russland weiterhin als fairer, starker, sicherer und souver\u00e4ner Sozialstaat entwickeln werde.\u00a0<\/p>\n<p><strong>Wjatscheslaw Wolodin<\/strong>, Leiter der russischen Staatsduma, hob Putins Heimatliebe sowie seine Menschlichkeit und G\u00fcte hervor. Der Pr\u00e4sident wolle Russland sch\u00fctzen. Er wolle, dass das Land stark und wohlhabend sei.<\/p>\n<blockquote>\n<p><em>&#8220;Das ist eine sehr wichtige Entscheidung nicht nur f\u00fcr die B\u00fcrger unseres Landes, sondern auch f\u00fcr die ganze Welt.&#8221;<\/em><\/p>\n<\/blockquote>\n<p>Der Vorsitzende des Unterhauses betonte, dass sich der amtierende Staatschef als effizient bew\u00e4hrt habe. Dank seiner F\u00fchrung habe Russland bereits zahlreiche Herausforderungen \u00fcberwunden. Als Beispiel daf\u00fcr nannte der die Finanzkrise, die westlichen Sanktionen und den gegen Russland entfesselten Krieg.<\/p>\n<p><strong>Dmitri Medwedew<\/strong>, Vizechef des russischen Sicherheitsrates und Ex-Pr\u00e4sident, unterst\u00fctzte Putin ebenfalls. Er m\u00fcsse seine Arbeit im Pr\u00e4sidentenamt fortsetzen.<\/p>\n<blockquote>\n<p><em>&#8220;Unter Ber\u00fccksichtigung der jetzigen Situation, der dramatischen Periode, die unser Land durchmacht, ist diese Entscheidung absolut logisch und richtig.&#8221;<\/em><\/p>\n<\/blockquote>\n<p>Als erwartbar wurde Putins Kandidatur in der Partei &#8220;Gerechtes Russland \u2013 F\u00fcr die Wahrheit&#8221; bezeichnet. Parteichef <strong>Sergei Mironow<\/strong> sagte dem Pr\u00e4sidenten seine Unterst\u00fctzung zu. Schon im Mai habe man bei einem Parteikongress beschlossen, den amtierenden Staatschef zum Pr\u00e4sidentschaftskandidaten der Partei zu erkl\u00e4ren.<\/p>\n<p>Daf\u00fcr sprachen sich unter anderen hochrangigen Politikern und Amtstr\u00e4gern auch der Ministerpr\u00e4sident der Krim <strong>Sergei Aksjonow<\/strong>, DVR-Oberhaupt <strong>Denis Puschilin<\/strong>, LVR-Chef <strong>Leonid Passetschnik<\/strong>\u00a0und der Gouverneur des Gebiets Saporoschje <strong>Jewgeni Balizki<\/strong> aus.<\/p>\n<p><em>RT<\/em>-Chefredakteurin <strong>Margarita Simonjan<\/strong> nannte Putins Kandidatur bei der Wahl im M\u00e4rz eine gute Nachricht f\u00fcr das ganze Land. Sie sei aber eine schlimme Nachricht f\u00fcr jene, die inzwischen im &#8220;Nachfolger-Toto&#8221; getippt h\u00e4tten.<\/p>\n<p>Obwohl Kremlsprecher Dmitri Peskow die Frage, ob Russlands Pr\u00e4sident seine Kandidatur mit ausl\u00e4ndischen Staats- und Regierungschefs er\u00f6rtert habe,\u00a0verneint hatte, kam mindestens eine positive Reaktion auch aus dem Ausland. Abchasiens Pr\u00e4sident <strong>Aslan Bschanija<\/strong> w\u00fcnschte Putin Geistesst\u00e4rke und Kraft im Kampf gegen die globale Ungerechtigkeit. Der Sieg Russlands sei nicht allzu fern.<\/p>\n<blockquote>\n<p><em>&#8220;Das Ausma\u00df der Herausforderungen und Bedrohungen in der modernen Welt erfordern eine tiefe Analyse und ein entschlossenes Handeln. Wladimir Putins Autorit\u00e4t, Erfahrung und F\u00fchrung sind f\u00fcr die Bildung einer fairen multipolaren Welt und die St\u00e4rkung der Positionen der globalen Mehrheit notwendig.&#8221;<\/em><\/p>\n<\/blockquote>\n<p>Bschanija verwies auf eine gro\u00dfe Unterst\u00fctzung f\u00fcr den amtierenden russischen Pr\u00e4sidenten. Sie beweise die Wirksamkeit von Putins Strategie in der Wirtschaft und im Sozialwesen. Die milit\u00e4rische Sonderoperation Russlands in der Ukraine sei neben der Wiedervereinigung mit der Krim ein Symbol f\u00fcr die Wiederherstellung der Gerechtigkeit in der globalen Politik. Dies sei ein Verdienst Putins.<\/p>\n<p>F\u00fcr\u00a0russische Kritiker und Oppositionelle im In- und Ausland war die Entscheidung des amtierenden Staatschefs keine \u00dcberraschung. Nach eigenen Angaben hatten sie diese Entwicklung bereits vor Jahren vorhergesagt.<\/p>\n<p>In den sozialen Medien gab es in diesen Kreisen viel H\u00e4me dar\u00fcber, unter welchen Umst\u00e4nden Putin seine Kandidatur verk\u00fcndet hatte. Dem Kreml wurde eine im Voraus orchestrierte Show vorgeworfen. Viele \u00e4u\u00dferten die Meinung, dass es gar keine Wahl geben werde, und diskutierten dar\u00fcber, was man einem als sicher gew\u00e4hnten Wahlbetrug entgegensetzen k\u00f6nnte.<\/p>\n<p>Mitstreiter des unter anderem wegen Extremismus einsitzenden oppositionellen Politbloggers\u00a0<strong>Alexei Nawalny<\/strong> starteten eine Kampagne gegen Putin. Demnach sollten die W\u00e4hler f\u00fcr beliebige Kandidaten au\u00dfer dem Amtsinhaber stimmen sowie Skeptiker und Wahlverweigerer zur Stimmabgabe ermutigen. Zwar sei die Wahl im M\u00e4rz eine Parodie, f\u00fcr Putin bedeute der Urnengang aber ein Referendum \u00fcber sein Vorgehen und den Krieg. Andere\u00a0Oppositionelle riefen dagegen dazu auf, die Wahl zu boykottieren.<\/p>\n<p><strong>Mehr zum Thema<\/strong> \u2013 <a rel=\"nofollow noopener\" target=\"_blank\" href=\"https:\/\/freedert.online\/meinung\/173650-der-westen-setzt-alles-auf-einen-buergerkrieg-in-russland\/\">&#8220;Russischer Maidan&#8221;? Der Westen setzt alles auf einen B\u00fcrgerkrieg in Russland<\/a><\/p>\n<\/div>\n<p><br \/>\n<br \/><a href=\"https:\/\/de.rt.com\/russland\/189400-putin-stellt-sich-zum-fuenften-mal-zur-wahl-reaktionen-von-politikern-und-prominenten\/\">Source link <\/a><\/p>\n","protected":false},"excerpt":{"rendered":"<p>Mitte M\u00e4rz wird Russland bei einer dreit\u00e4gigen Wahl sein neues Staatsoberhaupt bestimmen. Der amtierende Pr\u00e4sident Wladimir Putin kandidiert wieder \u2013 bereits zum f\u00fcnften Mal. Seine am Freitag bekanntgegebene Entscheidung wird ebenso gelobt wie kritisiert. Am 8. Dezember hat Wladimir Putin offiziell seinen Wunsch verk\u00fcndet, erneut f\u00fcr das Pr\u00e4sidentenamt zu kandidieren. Der Staatschef gab seine Entscheidung [&hellip;]<\/p>\n","protected":false},"author":3,"featured_media":51260,"comment_status":"open","ping_status":"open","sticky":false,"template":"","format":"standard","meta":{"_yoast_indexnow_last_ping":["1702134875"],"wp_automatic_camp":["217"],"8b64043c5737da6931bd6f7e2f201569":["Putin stellt sich zum f\u00fcnften Mal zur Wahl: Reaktionen von Politikern und Prominenten"],"original_link":["https:\/\/de.rt.com\/russland\/189400-putin-stellt-sich-zum-fuenften-mal-zur-wahl-reaktionen-von-politikern-und-prominenten\/"],"_thumbnail_id":["51260"],"_wptgpro_p2tg_sent2tg":["a:1:{i:23737;s:19:\"2023-12-09 17:15:50\";}"],"jnews_social_counter_last_update":["1777570667"]},"categories":[19,23],"tags":[23524,1727,28427,26864,125,20104,434,15979,140,50,4351,565,581],"yoast_head":"<!-- This site is optimized with the Yoast SEO Premium plugin v22.7 (Yoast SEO v22.7) - https:\/\/yoast.com\/wordpress\/plugins\/seo\/ -->\n<title>Putin stellt sich zum f\u00fcnften Mal zur Wahl: Reaktionen von Politikern und Prominenten - just-now.NEWS Deutschland<\/title>\n<meta name=\"robots\" content=\"index, follow, max-snippet:-1, max-image-preview:large, max-video-preview:-1\" \/>\n<link rel=\"canonical\" href=\"https:\/\/now-news.de\/de\/deutschland\/putin-stellt-sich-zum-fuenften-mal-zur-wahl-reaktionen-von-politikern-und-prominenten\/\" \/>\n<meta property=\"og:locale\" content=\"de_DE\" \/>\n<meta property=\"og:type\" content=\"article\" \/>\n<meta property=\"og:title\" content=\"Putin stellt sich zum f\u00fcnften Mal zur Wahl: Reaktionen von Politikern und Prominenten\" \/>\n<meta property=\"og:description\" content=\"Mitte M\u00e4rz wird Russland bei einer dreit\u00e4gigen Wahl sein neues Staatsoberhaupt bestimmen. Der amtierende Pr\u00e4sident Wladimir Putin kandidiert wieder \u2013 bereits zum f\u00fcnften Mal. Seine am Freitag bekanntgegebene Entscheidung wird ebenso gelobt wie kritisiert. Am 8. Dezember hat Wladimir Putin offiziell seinen Wunsch verk\u00fcndet, erneut f\u00fcr das Pr\u00e4sidentenamt zu kandidieren. Der Staatschef gab seine Entscheidung [&hellip;]\" \/>\n<meta property=\"og:url\" content=\"https:\/\/now-news.de\/de\/deutschland\/putin-stellt-sich-zum-fuenften-mal-zur-wahl-reaktionen-von-politikern-und-prominenten\/\" \/>\n<meta property=\"og:site_name\" content=\"just-now.NEWS Deutschland\" \/>\n<meta property=\"article:publisher\" content=\"https:\/\/www.facebook.com\/wirmachenauf\" \/>\n<meta property=\"article:published_time\" content=\"2023-12-09T15:05:05+00:00\" \/>\n<meta property=\"og:image\" content=\"https:\/\/now-news.de\/de\/wp-content\/uploads\/sites\/3\/2023\/12\/Putin-stellt-sich-zum-fuenften-Mal-zur-Wahl-Reaktionen-von.jpg\" \/>\n\t<meta property=\"og:image:width\" content=\"460\" \/>\n\t<meta property=\"og:image:height\" content=\"259\" \/>\n\t<meta property=\"og:image:type\" content=\"image\/jpeg\" \/>\n<meta name=\"author\" content=\"rtnews\" \/>\n<meta name=\"twitter:card\" content=\"summary_large_image\" \/>\n<meta name=\"twitter:creator\" content=\"@WirMachenAuf_de\" \/>\n<meta name=\"twitter:site\" content=\"@WirMachenAuf_de\" \/>\n<meta name=\"twitter:label1\" content=\"Verfasst von\" \/>\n\t<meta name=\"twitter:data1\" content=\"rtnews\" \/>\n\t<meta name=\"twitter:label2\" content=\"Gesch\u00e4tzte Lesezeit\" \/>\n\t<meta name=\"twitter:data2\" content=\"4\u00a0Minuten\" \/>\n<script type=\"application\/ld+json\" class=\"yoast-schema-graph\">{\"@context\":\"https:\/\/schema.org\",\"@graph\":[{\"@type\":\"Article\",\"@id\":\"https:\/\/now-news.de\/de\/deutschland\/putin-stellt-sich-zum-fuenften-mal-zur-wahl-reaktionen-von-politikern-und-prominenten\/#article\",\"isPartOf\":{\"@id\":\"https:\/\/now-news.de\/de\/deutschland\/putin-stellt-sich-zum-fuenften-mal-zur-wahl-reaktionen-von-politikern-und-prominenten\/\"},\"author\":{\"name\":\"rtnews\",\"@id\":\"https:\/\/now-news.de\/de\/#\/schema\/person\/fb534a4e865501d8b3285208df34a9b5\"},\"headline\":\"Putin stellt sich zum f\u00fcnften Mal zur Wahl: Reaktionen von Politikern und Prominenten\",\"datePublished\":\"2023-12-09T15:05:05+00:00\",\"dateModified\":\"2023-12-09T15:05:05+00:00\",\"mainEntityOfPage\":{\"@id\":\"https:\/\/now-news.de\/de\/deutschland\/putin-stellt-sich-zum-fuenften-mal-zur-wahl-reaktionen-von-politikern-und-prominenten\/\"},\"wordCount\":875,\"commentCount\":0,\"publisher\":{\"@id\":\"https:\/\/now-news.de\/de\/#organization\"},\"image\":{\"@id\":\"https:\/\/now-news.de\/de\/deutschland\/putin-stellt-sich-zum-fuenften-mal-zur-wahl-reaktionen-von-politikern-und-prominenten\/#primaryimage\"},\"thumbnailUrl\":\"https:\/\/now-news.de\/de\/wp-content\/uploads\/sites\/3\/2023\/12\/Putin-stellt-sich-zum-fuenften-Mal-zur-Wahl-Reaktionen-von.jpg\",\"keywords\":[\"f\u00fcnften\",\"Mal\",\"Politikern\",\"Prominenten\",\"putin\",\"Reaktionen\",\"sich\",\"stellt\",\"und\",\"von\",\"Wahl\",\"zum\",\"zur\"],\"articleSection\":[\"Deutschland\",\"Russland\"],\"inLanguage\":\"de\",\"potentialAction\":[{\"@type\":\"CommentAction\",\"name\":\"Comment\",\"target\":[\"https:\/\/now-news.de\/de\/deutschland\/putin-stellt-sich-zum-fuenften-mal-zur-wahl-reaktionen-von-politikern-und-prominenten\/#respond\"]}]},{\"@type\":\"WebPage\",\"@id\":\"https:\/\/now-news.de\/de\/deutschland\/putin-stellt-sich-zum-fuenften-mal-zur-wahl-reaktionen-von-politikern-und-prominenten\/\",\"url\":\"https:\/\/now-news.de\/de\/deutschland\/putin-stellt-sich-zum-fuenften-mal-zur-wahl-reaktionen-von-politikern-und-prominenten\/\",\"name\":\"Putin stellt sich zum f\u00fcnften Mal zur Wahl: Reaktionen von Politikern und Prominenten - just-now.NEWS Deutschland\",\"isPartOf\":{\"@id\":\"https:\/\/now-news.de\/de\/#website\"},\"primaryImageOfPage\":{\"@id\":\"https:\/\/now-news.de\/de\/deutschland\/putin-stellt-sich-zum-fuenften-mal-zur-wahl-reaktionen-von-politikern-und-prominenten\/#primaryimage\"},\"image\":{\"@id\":\"https:\/\/now-news.de\/de\/deutschland\/putin-stellt-sich-zum-fuenften-mal-zur-wahl-reaktionen-von-politikern-und-prominenten\/#primaryimage\"},\"thumbnailUrl\":\"https:\/\/now-news.de\/de\/wp-content\/uploads\/sites\/3\/2023\/12\/Putin-stellt-sich-zum-fuenften-Mal-zur-Wahl-Reaktionen-von.jpg\",\"datePublished\":\"2023-12-09T15:05:05+00:00\",\"dateModified\":\"2023-12-09T15:05:05+00:00\",\"breadcrumb\":{\"@id\":\"https:\/\/now-news.de\/de\/deutschland\/putin-stellt-sich-zum-fuenften-mal-zur-wahl-reaktionen-von-politikern-und-prominenten\/#breadcrumb\"},\"inLanguage\":\"de\",\"potentialAction\":[{\"@type\":\"ReadAction\",\"target\":[\"https:\/\/now-news.de\/de\/deutschland\/putin-stellt-sich-zum-fuenften-mal-zur-wahl-reaktionen-von-politikern-und-prominenten\/\"]}]},{\"@type\":\"ImageObject\",\"inLanguage\":\"de\",\"@id\":\"https:\/\/now-news.de\/de\/deutschland\/putin-stellt-sich-zum-fuenften-mal-zur-wahl-reaktionen-von-politikern-und-prominenten\/#primaryimage\",\"url\":\"https:\/\/now-news.de\/de\/wp-content\/uploads\/sites\/3\/2023\/12\/Putin-stellt-sich-zum-fuenften-Mal-zur-Wahl-Reaktionen-von.jpg\",\"contentUrl\":\"https:\/\/now-news.de\/de\/wp-content\/uploads\/sites\/3\/2023\/12\/Putin-stellt-sich-zum-fuenften-Mal-zur-Wahl-Reaktionen-von.jpg\",\"width\":460,\"height\":259,\"caption\":\"Putin stellt sich zum f\u00fcnften Mal zur Wahl: Reaktionen von Politikern und Prominenten\"},{\"@type\":\"BreadcrumbList\",\"@id\":\"https:\/\/now-news.de\/de\/deutschland\/putin-stellt-sich-zum-fuenften-mal-zur-wahl-reaktionen-von-politikern-und-prominenten\/#breadcrumb\",\"itemListElement\":[{\"@type\":\"ListItem\",\"position\":1,\"name\":\"Home\",\"item\":\"https:\/\/now-news.de\/de\/\"},{\"@type\":\"ListItem\",\"position\":2,\"name\":\"Putin stellt sich zum f\u00fcnften Mal zur Wahl: Reaktionen von Politikern und Prominenten\"}]},{\"@type\":\"WebSite\",\"@id\":\"https:\/\/now-news.de\/de\/#website\",\"url\":\"https:\/\/now-news.de\/de\/\",\"name\":\"just-now.NEWS Deutschland\",\"description\":\"Das Portal f\u00fcr unzensierte Nachrichten aus der Welt\",\"publisher\":{\"@id\":\"https:\/\/now-news.de\/de\/#organization\"},\"potentialAction\":[{\"@type\":\"SearchAction\",\"target\":{\"@type\":\"EntryPoint\",\"urlTemplate\":\"https:\/\/now-news.de\/de\/?s={search_term_string}\"},\"query-input\":\"required name=search_term_string\"}],\"inLanguage\":\"de\"},{\"@type\":\"Organization\",\"@id\":\"https:\/\/now-news.de\/de\/#organization\",\"name\":\"Just Now News\",\"url\":\"https:\/\/now-news.de\/de\/\",\"logo\":{\"@type\":\"ImageObject\",\"inLanguage\":\"de\",\"@id\":\"https:\/\/now-news.de\/de\/#\/schema\/logo\/image\/\",\"url\":\"http:\/\/just-now.news\/de\/wp-content\/uploads\/sites\/3\/2022\/04\/logo500x500.jpg\",\"contentUrl\":\"http:\/\/just-now.news\/de\/wp-content\/uploads\/sites\/3\/2022\/04\/logo500x500.jpg\",\"width\":500,\"height\":500,\"caption\":\"Just Now News\"},\"image\":{\"@id\":\"https:\/\/now-news.de\/de\/#\/schema\/logo\/image\/\"},\"sameAs\":[\"https:\/\/www.facebook.com\/wirmachenauf\",\"https:\/\/x.com\/WirMachenAuf_de\"]},{\"@type\":\"Person\",\"@id\":\"https:\/\/now-news.de\/de\/#\/schema\/person\/fb534a4e865501d8b3285208df34a9b5\",\"name\":\"rtnews\",\"image\":{\"@type\":\"ImageObject\",\"inLanguage\":\"de\",\"@id\":\"https:\/\/now-news.de\/de\/#\/schema\/person\/image\/\",\"url\":\"https:\/\/secure.gravatar.com\/avatar\/82aafea7d8127119dd649515f56e2117?s=96&d=mm&r=g\",\"contentUrl\":\"https:\/\/secure.gravatar.com\/avatar\/82aafea7d8127119dd649515f56e2117?s=96&d=mm&r=g\",\"caption\":\"rtnews\"},\"url\":\"https:\/\/now-news.de\/de\/author\/rnews\/\"}]}<\/script>\n<!-- \/ Yoast SEO Premium plugin. -->","yoast_head_json":{"title":"Putin stellt sich zum f\u00fcnften Mal zur Wahl: Reaktionen von Politikern und Prominenten - just-now.NEWS Deutschland","robots":{"index":"index","follow":"follow","max-snippet":"max-snippet:-1","max-image-preview":"max-image-preview:large","max-video-preview":"max-video-preview:-1"},"canonical":"https:\/\/now-news.de\/de\/deutschland\/putin-stellt-sich-zum-fuenften-mal-zur-wahl-reaktionen-von-politikern-und-prominenten\/","og_locale":"de_DE","og_type":"article","og_title":"Putin stellt sich zum f\u00fcnften Mal zur Wahl: Reaktionen von Politikern und Prominenten","og_description":"Mitte M\u00e4rz wird Russland bei einer dreit\u00e4gigen Wahl sein neues Staatsoberhaupt bestimmen. Der amtierende Pr\u00e4sident Wladimir Putin kandidiert wieder \u2013 bereits zum f\u00fcnften Mal. Seine am Freitag bekanntgegebene Entscheidung wird ebenso gelobt wie kritisiert. Am 8. Dezember hat Wladimir Putin offiziell seinen Wunsch verk\u00fcndet, erneut f\u00fcr das Pr\u00e4sidentenamt zu kandidieren. Der Staatschef gab seine Entscheidung [&hellip;]","og_url":"https:\/\/now-news.de\/de\/deutschland\/putin-stellt-sich-zum-fuenften-mal-zur-wahl-reaktionen-von-politikern-und-prominenten\/","og_site_name":"just-now.NEWS Deutschland","article_publisher":"https:\/\/www.facebook.com\/wirmachenauf","article_published_time":"2023-12-09T15:05:05+00:00","og_image":[{"width":460,"height":259,"url":"https:\/\/now-news.de\/de\/wp-content\/uploads\/sites\/3\/2023\/12\/Putin-stellt-sich-zum-fuenften-Mal-zur-Wahl-Reaktionen-von.jpg","type":"image\/jpeg"}],"author":"rtnews","twitter_card":"summary_large_image","twitter_creator":"@WirMachenAuf_de","twitter_site":"@WirMachenAuf_de","twitter_misc":{"Verfasst von":"rtnews","Gesch\u00e4tzte Lesezeit":"4\u00a0Minuten"},"schema":{"@context":"https:\/\/schema.org","@graph":[{"@type":"Article","@id":"https:\/\/now-news.de\/de\/deutschland\/putin-stellt-sich-zum-fuenften-mal-zur-wahl-reaktionen-von-politikern-und-prominenten\/#article","isPartOf":{"@id":"https:\/\/now-news.de\/de\/deutschland\/putin-stellt-sich-zum-fuenften-mal-zur-wahl-reaktionen-von-politikern-und-prominenten\/"},"author":{"name":"rtnews","@id":"https:\/\/now-news.de\/de\/#\/schema\/person\/fb534a4e865501d8b3285208df34a9b5"},"headline":"Putin stellt sich zum f\u00fcnften Mal zur Wahl: Reaktionen von Politikern und Prominenten","datePublished":"2023-12-09T15:05:05+00:00","dateModified":"2023-12-09T15:05:05+00:00","mainEntityOfPage":{"@id":"https:\/\/now-news.de\/de\/deutschland\/putin-stellt-sich-zum-fuenften-mal-zur-wahl-reaktionen-von-politikern-und-prominenten\/"},"wordCount":875,"commentCount":0,"publisher":{"@id":"https:\/\/now-news.de\/de\/#organization"},"image":{"@id":"https:\/\/now-news.de\/de\/deutschland\/putin-stellt-sich-zum-fuenften-mal-zur-wahl-reaktionen-von-politikern-und-prominenten\/#primaryimage"},"thumbnailUrl":"https:\/\/now-news.de\/de\/wp-content\/uploads\/sites\/3\/2023\/12\/Putin-stellt-sich-zum-fuenften-Mal-zur-Wahl-Reaktionen-von.jpg","keywords":["f\u00fcnften","Mal","Politikern","Prominenten","putin","Reaktionen","sich","stellt","und","von","Wahl","zum","zur"],"articleSection":["Deutschland","Russland"],"inLanguage":"de","potentialAction":[{"@type":"CommentAction","name":"Comment","target":["https:\/\/now-news.de\/de\/deutschland\/putin-stellt-sich-zum-fuenften-mal-zur-wahl-reaktionen-von-politikern-und-prominenten\/#respond"]}]},{"@type":"WebPage","@id":"https:\/\/now-news.de\/de\/deutschland\/putin-stellt-sich-zum-fuenften-mal-zur-wahl-reaktionen-von-politikern-und-prominenten\/","url":"https:\/\/now-news.de\/de\/deutschland\/putin-stellt-sich-zum-fuenften-mal-zur-wahl-reaktionen-von-politikern-und-prominenten\/","name":"Putin stellt sich zum f\u00fcnften Mal zur Wahl: Reaktionen von Politikern und Prominenten - just-now.NEWS Deutschland","isPartOf":{"@id":"https:\/\/now-news.de\/de\/#website"},"primaryImageOfPage":{"@id":"https:\/\/now-news.de\/de\/deutschland\/putin-stellt-sich-zum-fuenften-mal-zur-wahl-reaktionen-von-politikern-und-prominenten\/#primaryimage"},"image":{"@id":"https:\/\/now-news.de\/de\/deutschland\/putin-stellt-sich-zum-fuenften-mal-zur-wahl-reaktionen-von-politikern-und-prominenten\/#primaryimage"},"thumbnailUrl":"https:\/\/now-news.de\/de\/wp-content\/uploads\/sites\/3\/2023\/12\/Putin-stellt-sich-zum-fuenften-Mal-zur-Wahl-Reaktionen-von.jpg","datePublished":"2023-12-09T15:05:05+00:00","dateModified":"2023-12-09T15:05:05+00:00","breadcrumb":{"@id":"https:\/\/now-news.de\/de\/deutschland\/putin-stellt-sich-zum-fuenften-mal-zur-wahl-reaktionen-von-politikern-und-prominenten\/#breadcrumb"},"inLanguage":"de","potentialAction":[{"@type":"ReadAction","target":["https:\/\/now-news.de\/de\/deutschland\/putin-stellt-sich-zum-fuenften-mal-zur-wahl-reaktionen-von-politikern-und-prominenten\/"]}]},{"@type":"ImageObject","inLanguage":"de","@id":"https:\/\/now-news.de\/de\/deutschland\/putin-stellt-sich-zum-fuenften-mal-zur-wahl-reaktionen-von-politikern-und-prominenten\/#primaryimage","url":"https:\/\/now-news.de\/de\/wp-content\/uploads\/sites\/3\/2023\/12\/Putin-stellt-sich-zum-fuenften-Mal-zur-Wahl-Reaktionen-von.jpg","contentUrl":"https:\/\/now-news.de\/de\/wp-content\/uploads\/sites\/3\/2023\/12\/Putin-stellt-sich-zum-fuenften-Mal-zur-Wahl-Reaktionen-von.jpg","width":460,"height":259,"caption":"Putin stellt sich zum f\u00fcnften Mal zur Wahl: Reaktionen von Politikern und Prominenten"},{"@type":"BreadcrumbList","@id":"https:\/\/now-news.de\/de\/deutschland\/putin-stellt-sich-zum-fuenften-mal-zur-wahl-reaktionen-von-politikern-und-prominenten\/#breadcrumb","itemListElement":[{"@type":"ListItem","position":1,"name":"Home","item":"https:\/\/now-news.de\/de\/"},{"@type":"ListItem","position":2,"name":"Putin stellt sich zum f\u00fcnften Mal zur Wahl: Reaktionen von Politikern und Prominenten"}]},{"@type":"WebSite","@id":"https:\/\/now-news.de\/de\/#website","url":"https:\/\/now-news.de\/de\/","name":"just-now.NEWS Deutschland","description":"Das Portal f\u00fcr unzensierte Nachrichten aus der Welt","publisher":{"@id":"https:\/\/now-news.de\/de\/#organization"},"potentialAction":[{"@type":"SearchAction","target":{"@type":"EntryPoint","urlTemplate":"https:\/\/now-news.de\/de\/?s={search_term_string}"},"query-input":"required name=search_term_string"}],"inLanguage":"de"},{"@type":"Organization","@id":"https:\/\/now-news.de\/de\/#organization","name":"Just Now News","url":"https:\/\/now-news.de\/de\/","logo":{"@type":"ImageObject","inLanguage":"de","@id":"https:\/\/now-news.de\/de\/#\/schema\/logo\/image\/","url":"http:\/\/just-now.news\/de\/wp-content\/uploads\/sites\/3\/2022\/04\/logo500x500.jpg","contentUrl":"http:\/\/just-now.news\/de\/wp-content\/uploads\/sites\/3\/2022\/04\/logo500x500.jpg","width":500,"height":500,"caption":"Just Now News"},"image":{"@id":"https:\/\/now-news.de\/de\/#\/schema\/logo\/image\/"},"sameAs":["https:\/\/www.facebook.com\/wirmachenauf","https:\/\/x.com\/WirMachenAuf_de"]},{"@type":"Person","@id":"https:\/\/now-news.de\/de\/#\/schema\/person\/fb534a4e865501d8b3285208df34a9b5","name":"rtnews","image":{"@type":"ImageObject","inLanguage":"de","@id":"https:\/\/now-news.de\/de\/#\/schema\/person\/image\/","url":"https:\/\/secure.gravatar.com\/avatar\/82aafea7d8127119dd649515f56e2117?s=96&d=mm&r=g","contentUrl":"https:\/\/secure.gravatar.com\/avatar\/82aafea7d8127119dd649515f56e2117?s=96&d=mm&r=g","caption":"rtnews"},"url":"https:\/\/now-news.de\/de\/author\/rnews\/"}]}},"_links":{"self":[{"href":"https:\/\/now-news.de\/de\/wp-json\/wp\/v2\/posts\/51259"}],"collection":[{"href":"https:\/\/now-news.de\/de\/wp-json\/wp\/v2\/posts"}],"about":[{"href":"https:\/\/now-news.de\/de\/wp-json\/wp\/v2\/types\/post"}],"author":[{"embeddable":true,"href":"https:\/\/now-news.de\/de\/wp-json\/wp\/v2\/users\/3"}],"replies":[{"embeddable":true,"href":"https:\/\/now-news.de\/de\/wp-json\/wp\/v2\/comments?post=51259"}],"version-history":[{"count":0,"href":"https:\/\/now-news.de\/de\/wp-json\/wp\/v2\/posts\/51259\/revisions"}],"wp:featuredmedia":[{"embeddable":true,"href":"https:\/\/now-news.de\/de\/wp-json\/wp\/v2\/media\/51260"}],"wp:attachment":[{"href":"https:\/\/now-news.de\/de\/wp-json\/wp\/v2\/media?parent=51259"}],"wp:term":[{"taxonomy":"category","embeddable":true,"href":"https:\/\/now-news.de\/de\/wp-json\/wp\/v2\/categories?post=51259"},{"taxonomy":"post_tag","embeddable":true,"href":"https:\/\/now-news.de\/de\/wp-json\/wp\/v2\/tags?post=51259"}],"curies":[{"name":"wp","href":"https:\/\/api.w.org\/{rel}","templated":true}]}}