{"id":51253,"date":"2023-12-09T15:43:58","date_gmt":"2023-12-09T13:43:58","guid":{"rendered":"https:\/\/just-now.news\/de\/deutschland\/presse-blamage-in-kamenz-kritischer-journalist-patrik-baab-erntet-standing-ovations-im-stadttheater\/"},"modified":"2023-12-09T15:43:58","modified_gmt":"2023-12-09T13:43:58","slug":"presse-blamage-in-kamenz-kritischer-journalist-patrik-baab-erntet-standing-ovations-im-stadttheater","status":"publish","type":"post","link":"https:\/\/now-news.de\/de\/deutschland\/presse-blamage-in-kamenz-kritischer-journalist-patrik-baab-erntet-standing-ovations-im-stadttheater\/","title":{"rendered":"Presse-Blamage in Kamenz: Kritischer Journalist Patrik Baab erntet Standing Ovations im Stadttheater"},"content":{"rendered":"<div class=\"Text-root Text-type_1 \">\n                Trotz Diffamierungskampagnen in den Medien konnte der investigative Journalist Patrik Baab dem Publikum in der Lessing-Stadt Kamenz sein Buch \u00fcber die Ukraine-Krise vorstellen. Die restlos ausverkaufte Veranstaltung fand im Stadttheater statt und wurde von Oberb\u00fcrgermeister Roland Dantz pers\u00f6nlich geleitet.\n            <\/div>\n<p><\/p>\n<div class=\"Text-root Text-type_5 ArticleView-text ViewText-root \">\n<p><em>Von Wladislaw Sankin<\/em><\/p>\n<p>Es ist dunkel und niemand da, das Haus der Demokratie in Berlin-Prenzlauer Berg steht leer. Doch die Ank\u00fcndigung im Internet t\u00e4uscht mich nicht \u2013 hier und jetzt sollte die Buchvorstellung von Patrik Baab beginnen. Der investigative Journalist, ehemalige Lehrbeauftragte und Buchautor hat durch eine Medienkampagne wegen seiner Donbass-Reise in September 2022 gewisse Ber\u00fchmtheit erlangt \u2013 <em>RT DE<\/em>\u00a0<a rel=\"nofollow noopener\" target=\"_blank\" href=\"https:\/\/freedert.online\/meinung\/177459-wienands-schmierentheater-autor-hetzt-weiter\/\">berichtete<\/a>. Zuspruch bekommt er vor allem von Internet-Nutzern, die mit der Kriegspolitik der Bundesregierung <a rel=\"nofollow noopener\" target=\"_blank\" href=\"https:\/\/www.youtube.com\/watch?v=MlkrAicYUH0&amp;t=3s\">nicht einverstanden<\/a> sind und Informationen \u00fcber den Ukraine-Konflikt abseits des Mainstreams suchen \u2013 seine Vortr\u00e4ge, Leseabende und Interviews werden auf YouTube hunderttausendfach <a rel=\"nofollow noopener\" target=\"_blank\" href=\"https:\/\/www.youtube.com\/watch?v=3siWiTckv90\">geklickt<\/a>.<\/p>\n<p>Ich bin nicht allein. Mit mir geistert eine andere Besucherin durch den Hof, bevor sie in einem Chat endlich die Ausweichadresse der Veranstaltung erf\u00e4hrt: Die Buchbesprechung\u00a0ist verlegt worden.\u00a0Es\u00a0stellt sich heraus: Das Haus der Demokratie sagte die Raumnutzung f\u00fcr Baab kurzfristig ab. Er gilt als &#8220;umstritten&#8221;, was ihn offenbar in die N\u00e4he von Demokratiefeinden r\u00fcckt. Unterwegs zum neuen Ort kommen wir ins Gespr\u00e4ch. Nach der Absage empfindet meine neue Bekannte die Bezeichnung &#8220;Haus der Demokratie&#8221; als Hohn.\u00a0&#8220;Wie sind nicht daf\u00fcr in der DDR auf die Stra\u00dfe gegangen.&#8221; Sie war zur Wendezeit in der B\u00fcrgerbewegung aktiv. &#8220;Wir wurden mit der sogenannten Wiedervereinigung per Beitritt der einzelnen L\u00e4nder\u00a0zur BRD einfach reingelegt&#8221;, sagt sie.<\/p>\n<p>Aber heute ist der Ukraine-Krieg das Thema. Das interessiert die Leute, das Thema trifft den Nerv der Zeit. Als wir am\u00a0neuen Ort nahe dem Bahnhof Friedrichstra\u00dfe ankommen, liest Baab gerade aus seinem im Oktober erschienen Buch <a rel=\"nofollow noopener\" target=\"_blank\" href=\"https:\/\/www.neuer-weg.com\/node\/14719\">&#8220;Auf beiden Seiten der Front&#8221;<\/a>\u00a0die Stelle \u00fcber den Maidan-Putsch\u00a0vor. Informationen erhielt er u. a. von einem ukrainischen Exiljournalisten, mit dem er in Moskau auf dem Weg in den Donbass sprach. Dieser Augenzeuge\u00a0<a rel=\"nofollow noopener\" target=\"_blank\" href=\"https:\/\/www.youtube.com\/watch?v=RdIJ2JlZ3C4&amp;t=109s\">widerlegt<\/a> das westliche Narrativ einer friedlichen B\u00fcrgerrevolte und spricht von durch westliche NGOs gekauften Demonstranten \u2013 zu ihren Aufgaben geh\u00f6rte neben dem Ausharren auf dem Maidan auch die positive Darstellung der Proteste in den sozialen Medien. Mindestens 50 Menschen lauschen Baab, es entflammt eine lebhafte Diskussion, am Ende\u00a0signiert Baab gekaufte B\u00fccher pers\u00f6nlich.<\/p>\n<div class=\"EmbedBlock-root EmbedBlock-externalVideo EmbedBlock-youtube\">\n<div class=\"YouTubeEmbed lazyload\" data-rtmodule=\"YouTubeEmbed\" id=\"WMr3h7C8qJA\" onload=\"return {\n            covers: JSON.parse('\\u007B\\u0022small\\u0022\\u003A\\u0022https\\u003A\\\\\\\/\\\\\\\/i.ytimg.com\\\\\\\/vi\\\\\\\/WMr3h7C8qJA\\\\\\\/hqdefault.jpg\\u0022,\\u0022medium\\u0022\\u003A\\u0022https\\u003A\\\\\\\/\\\\\\\/i.ytimg.com\\\\\\\/vi\\\\\\\/WMr3h7C8qJA\\\\\\\/sddefault.jpg\\u0022,\\u0022large\\u0022\\u003A\\u0022https\\u003A\\\\\\\/\\\\\\\/i.ytimg.com\\\\\\\/vi\\\\\\\/WMr3h7C8qJA\\\\\\\/sddefault.jpg\\u0022\\u007D'),\n            iframeSrc: JSON.parse('\\u0022\\\\\\\/\\\\\\\/www.youtube.com\\\\\\\/embed\\\\\\\/WMr3h7C8qJA\\u0022'),\n            youtubeId: JSON.parse('\\u0022WMr3h7C8qJA\\u0022'),\n        };\"><\/p>\n<div class=\"YouTubeEmbed-cover\"><button class=\"YouTubeEmbed-button\"><svg class=\"YouTubeEmbed-playButton\" height=\"100%\" version=\"1.1\" viewbox=\"0 0 68 48\" width=\"100%\"><path class=\"YouTubeEmbed-playButtonBg\" d=\"M66.52,7.74c-0.78-2.93-2.49-5.41-5.42-6.19C55.79,.13,34,0,34,0S12.21,.13,6.9,1.55 C3.97,2.33,2.27,4.81,1.48,7.74C0.06,13.05,0,24,0,24s0.06,10.95,1.48,16.26c0.78,2.93,2.49,5.41,5.42,6.19 C12.21,47.87,34,48,34,48s21.79-0.13,27.1-1.55c2.93-0.78,4.64-3.26,5.42-6.19C67.94,34.95,68,24,68,24S67.94,13.05,66.52,7.74z\" fill=\"#212121\" fill-opacity=\"0.8\"><\/path><path d=\"M 45,24 27,14 27,34\" fill=\"#fff\"><\/path><\/svg><\/button><\/div>\n<\/div>\n<\/div>\n<p>Bis zum heutigen Tag hat der Journalist bereits mehrere Dutzend solcher Treffen absolviert \u2013 deutschlandweit. Diese Unerm\u00fcdlichkeit zahlt sich aus. Die Veranstaltungen gelangen ins Netz, und bei nahezu allen alternativen Medien wurde Baab zum begehrten Gespr\u00e4chspartner. Tausende Exemplare des Buches sind schon verkauft, das 250-seitige Werk schaffte es auf Platz 13 der <em>Spiegel<\/em>-Bestsellerliste. Mit seiner Popularit\u00e4t w\u00e4chst aber auch die Wut der Meinungsw\u00e4chter auf Baab. Mit seinen Recherchen stellt er das offizielle Ukraine-Narrativ auf den Kopf: unaufgeregt, faktenreich, wortgewandt. Nach dem <a rel=\"nofollow noopener\" target=\"_blank\" href=\"https:\/\/freedert.online\/inland\/175657-urteil-im-fall-patrik-baab\/\">gewonnenen Gerichtsverfahren<\/a> gegen die Universit\u00e4t Kiel wegen der K\u00fcndigung seines Lehrauftrags strahlt Baab auch Siegeszuversicht aus \u2013 das Gericht hat best\u00e4tigt, dass er im Donbass seiner journalistischen T\u00e4tigkeit nachgegangen ist, und die Universit\u00e4t h\u00e4tte ihn deshalb nicht <a rel=\"nofollow noopener\" target=\"_blank\" href=\"https:\/\/freedert.online\/meinung\/167749-akte-politischer-saeuberung-wie-journalist\/\">feuern<\/a> d\u00fcrfen.<\/p>\n<p>Aber was tun? Da die meisten Buchvorstellungen in privat gemieteten R\u00e4umen stattfinden, ist es schwer m\u00f6glich, sie zu verhindern. Anders bei einer st\u00e4dtischen Einrichtung. Hier er\u00f6ffnen sich viele M\u00f6glichkeit, Druck auszu\u00fcben. So wurde am 21. November das Treffen in der Anita-Lichtenstein-Gesamtschule in Geilenkirchen wegen einer Elternbeschwerde und Kritik eines FDP-Politikers <a rel=\"nofollow noopener\" target=\"_blank\" href=\"https:\/\/marcuskloeckner.substack.com\/p\/meinungsvielfalt-schule-sagt-veranstaltung\">abgesagt<\/a>.\u00a0&#8220;Gerade \u00f6ffentliche B\u00fchnen, also \u00f6ffentlich im Sinne von staatlich, sollten da doch einen st\u00e4rkeren Fokus auf Wahrhaftigkeit setzen. Und da gibt es bei Herrn Baab eben sehr gro\u00dfe Zweifel&#8221;, <a rel=\"nofollow noopener\" target=\"_blank\" href=\"https:\/\/www.mdr.de\/nachrichten\/sachsen\/bautzen\/bautzen-hoyerswerda-kamenz\/russische-propaganda-ukraine-krieg-kritik-baab-wendland-100.html\">sagte<\/a> Martin Walther vom Kreisvorstand der FDP-Dresden dem <em>MDR<\/em> zu den Motiven f\u00fcr seine Beschwerde.<\/p>\n<p>Es ist einfach unwahr, was Baab sagt und schreibt, wahr ist, was ich sage! Mit diesem einfachen Grundsatz hat sich noch am 31. Oktober die Osteuropahistorikerin vom Herder-Institut Anna Veronika Wendland an den Oberb\u00fcrgermeister der Stadt Kamenz Roland Dantz mit einem offenen Brief <a rel=\"nofollow noopener\" target=\"_blank\" href=\"https:\/\/www.kamenz.de\/files\/inhaltsgrafiken\/Presse\/1.%20Beitr%C3%A4ge%202023\/11.%20November%202023\/2023.11.10%3A%20Statement%20OB%20-%20Veranstaltung%20Baab\/01.%20Schreiben%20von%20Frau%20Dr.%20Wendland%20an%20den%20Oberb%C3%BCrgermeister%20vom%2031.10.2023.pdf\">gewendet<\/a>.\u00a0Sie habe mit &#8220;gro\u00dfer\u00a0Verwunderung&#8221; erfahren, dass der Oberb\u00fcrgermeister eine\u00a0<a rel=\"nofollow noopener\" target=\"_blank\" href=\"https:\/\/www.kamenz.de\/ausfuehrliche-nachricht\/zum-disput-zu-einer-veransstaltung-im-stadttheater.html\">Veranstaltung<\/a>\u00a0am 6. Dezember im Kamenzer Stadttheater plane. Sie macht drei Punkte aus, in denen Baab ihrer Meinung nach falsch liegt. Der Maidan-Umsturz sei kein Putsch gewesen, sondern eine B\u00fcrgerrevolte, der russische Angriffskrieg gegen die Ukraine sei kein Stellvertreterkrieg zwischen NATO und Russland, und der sogenannte Donbass-Krieg 2014\u20132022 schon damals kein B\u00fcrgerkrieg, sondern russische Aggression.<\/p>\n<p>Dem Brief folgt ein \u00e4hnlich verfasstes Schreiben einer weiteren Historikerin von der Universit\u00e4t M\u00fcnster und ausf\u00fchrliche Berichterstattung von <em>MDR<\/em>,\u00a0<em>S\u00e4chsischer Zeitung <\/em>und weiteren Medien.\u00a0&#8220;Russische Propagandamythen&#8221; (<em>MDR<\/em>) im Stadttheater?! Darf das sein? Der Druck auf Oberb\u00fcrgermeister Dantz w\u00e4chst, der <em>MDR<\/em> gibt <a rel=\"nofollow noopener\" target=\"_blank\" href=\"https:\/\/www.mdr.de\/nachrichten\/sachsen\/bautzen\/bautzen-hoyerswerda-kamenz\/propaganda-russland-ukraine-krieg-baab-100.html\">seinen Kritikern das Wort<\/a>, die ihm &#8220;Scheinoffenheit&#8221; vorwerfen, weil er die Gesellschaft mit solchen Veranstaltungen polarisiere.\u00a0Der Sender wirft Baab auch Falschbehauptungen und fragw\u00fcrdige Wertungen vor, dieser antwortet dem <em>MDR<\/em> auf elf A4-Seiten und l\u00e4sst das Schreiben auf der Website der Stadt Kamenz <a rel=\"nofollow noopener\" target=\"_blank\" href=\"https:\/\/www.kamenz.de\/files\/inhaltsgrafiken\/Presse\/1.%20Beitr%C3%A4ge%202023\/11.%20November%202023\/2023.11.10%3A%20Statement%20OB%20-%20Veranstaltung%20Baab\/02.%20Schreiben%20vom%20Autor%20P.%20Baab%20an%20den%20MDR%20Herrn%20Dietrich%20vom%204.11.2023%20-%20Schreiben%20ist%20Bestandteil%20des%20Schreibens%20des%20OBs%20an%20Frau%20Dr.%20Wendland1.pdf\">ver\u00f6ffentlichen<\/a>. Oberb\u00fcrgermeister Dantz nimmt Baab in einem <a rel=\"nofollow noopener\" target=\"_blank\" href=\"https:\/\/www.kamenz.de\/files\/inhaltsgrafiken\/Presse\/1.%20Beitr%C3%A4ge%202023\/11.%20November%202023\/2023.11.10%3A%20Statement%20OB%20-%20Veranstaltung%20Baab\/03.%20Schreiben%20des%20Oberb%C3%BCrgermeister%20an%20Frau%20Dr.%20Wendland%20vom%206.11.2023%20Web-Version.pdf\">offenen Brief<\/a> in Schutz, indem er Wendland einen &#8220;anma\u00dfenden Ton&#8221; bescheinigt und ihr im Namen der B\u00fcrger der Stadt verspricht, sich nicht &#8220;von (&#8230;) der von Ihnen initiierten Kampagne beeindrucken [zu] lassen&#8221;. Der 60-J\u00e4hrige ist seit sieben Jahren im Amt, seit \u00fcber 30 Jahren er f\u00fcr die Stadt t\u00e4tig. Wie kein anderer wei\u00df er, was die N\u00f6te und Interessen der Einwohner sind.<\/p>\n<p>Schlie\u00dflich reist Wendland am 3. Dezember pers\u00f6nlich nach Kamenz, um bei einem\u00a0<a rel=\"nofollow noopener\" target=\"_blank\" href=\"https:\/\/www.mdr.de\/nachrichten\/sachsen\/bautzen\/bautzen-hoyerswerda-kamenz\/russische-propaganda-ukraine-krieg-kritik-baab-wendland-100.html\">B\u00fcrgertreffen<\/a>\u00a0aus ihrem eigenen Buch \u00fcber die Ukraine vorzulesen. Es hei\u00dft &#8220;Befreiungskampf&#8221;. Sie will die Kamenzer mit ihrem eigenen Beispiel vor zu viel Vertrauen in Baab warnen. Der <em>MDR\u00a0Sachsen<\/em> begleitet das Treffen mit einem weiteren ausf\u00fchrlichen <a rel=\"nofollow noopener\" target=\"_blank\" href=\"https:\/\/www.mdr.de\/nachrichten\/sachsen\/bautzen\/bautzen-hoyerswerda-kamenz\/russische-propaganda-ukraine-krieg-kritik-baab-wendland-100.html\">Artikel<\/a>\u00a0\u2013 ihm zufolge sind 25\u00a0Besucher anwesend. Der Oberb\u00fcrgermeister kommt selbst zum Gespr\u00e4ch und diskutiert anschlie\u00dfend T\u00eate-\u00e0-T\u00eate mit Wendland. Ihr gegen\u00fcber macht Dantz wieder deutlich, dass er an seiner Entscheidung festh\u00e4lt, Baab ins Stadttheater einzuladen.\u00a0Zur Philosophie, die hinter der Einladung von Baab steht, erkl\u00e4rt er:<\/p>\n<blockquote>\n<p><em>&#8220;Die Stadt Kamenz hat sich mit der Reihe &#8216;Im Dialog&#8217; vorgenommen, insbesondere jene einzuladen, die an anderer Stelle diffamiert, ausgegrenzt und beruflich besch\u00e4digt werden. Denn Demokratie hei\u00dft, auch solche Positionen in der Arena der \u00d6ffentlichkeit zu Wort kommen zu lassen, die dem Mainstream nicht gefallen.&#8221;<\/em><\/p>\n<\/blockquote>\n<p>Dann\u00a0kommt der 6. Dezember. Die 250 Pl\u00e4tze im Saal waren bereits Tage davor restlos ausverkauft, wobei das Foyer f\u00fcr weitere 50 Zuschauer zum Vorf\u00fchrungsraum einer Live\u00fcbertragung umfunktioniert wurde. Die Stadt in der Oberlausitz z\u00e4hlt 17.000 Einwohner, auf Berlin \u00fcbertragen hat Baab mit seiner Buchvorlesung das Olympiastadion gef\u00fcllt. Auch Vertreter der\u00a0Leitmedien waren zugegen, wobei <em>3sat<\/em>\u00a0schon gleich im Foyer drehen wollte. Doch dies wurde untersagt. Die Veranstalter bef\u00fcrchteten, dass die Menschen sonst nicht frei sprechen w\u00fcrden. Infolgedessen gibt es kein einziges Bild oder Video aus den R\u00e4umen im Kamenzer Stadttheater im Netz \u2013 heutzutage un\u00fcblich.<\/p>\n<figure class=\"RTImage-root\">\n<div class=\"RTImage-image RTImage-original\"><picture class=\"Picture-root Picture-original\"><!--[if IE 9]><video style=\"display: none;\"><![endif]--><source media=\"(-webkit-min-device-pixel-ratio: 2) and (min-resolution: 120dpi)\" data-srcset=\" \nhttp:\/\/just-now.news\/de\/wp-content\/uploads\/sites\/3\/2023\/12\/65743f22b480cc63ba5a8695.jpg 850w,\n                http:\/\/just-now.news\/de\/wp-content\/uploads\/sites\/3\/2023\/12\/65743f22b480cc63ba5a8695.jpg 1960w,\n            \" ><source data-srcset=\" \nhttp:\/\/just-now.news\/de\/wp-content\/uploads\/sites\/3\/2023\/12\/65743f22b480cc63ba5a8695.jpg 460w,\n              http:\/\/just-now.news\/de\/wp-content\/uploads\/sites\/3\/2023\/12\/65743f22b480cc63ba5a8695.jpg 980w,\n            \" ><!--[if IE 9]><\/video><![endif]--><img decoding=\"async\" data- src=\"data:image\/png;base64,iVBORw0KGgoAAAANSUhEUgAAABAAAAAJCAQAAACRI2S5AAAAEElEQVR42mNkIAAYRxWAAQAG9gAKqv6+AwAAAABJRU5ErkJggg==\" class=\"Picture-root Picture-original lazyload\" data-src=\"http:\/\/just-now.news\/de\/wp-content\/uploads\/sites\/3\/2023\/12\/65743f22b480cc63ba5a8695.jpg\" alt=\"\"><\/source><\/source><\/picture><!-- noscript pattern --><noscript><img decoding=\"async\" src=\"http:\/\/just-now.news\/de\/wp-content\/uploads\/sites\/3\/2023\/12\/65743f22b480cc63ba5a8695.jpg\" alt=\"\"><\/noscript><\/div><figcaption class=\"RTImage-footer\"><span class=\"RTImage-caption\"><span class=\"RTImage-captionItem\">Kamenz ist bekannt f\u00fcr seine Traditionspflege. Auf dem Bild: Das Forstfest im August<\/span><\/span><span class=\"RTImage-source\"><span class=\"RTImage-captionItem\">www.globallookpress.com<\/span><\/span><\/figcaption><\/figure>\n<p>Aber f\u00fcr den Leseabend selbst hat sich das Verbot ausgezahlt. Dantz nahm die Moderation selbst in die Hand und lie\u00df im Laufe des Abends \u00fcber 20 seiner Landsleute mit ihren Fragen und Kommentaren zu Wort kommen, wobei das besondere Interesse der Menschen auf den Lebensverh\u00e4ltnissen, dem Maidan, dem Ausbruch des B\u00fcrgerkrieges, den Minsker Abkommen und der Situation um die Krim lag. Als Baab eine seiner medienkritischen Anmerkungen aus dem schriftlichen Interview mit<em> 3sat<\/em> vorliest, bricht das Publikum in stehenden Applaus aus. Er sagt Folgendes:<\/p>\n<p>&#8220;Neu ist, dass Schreibtischbewohner in Redaktionen und Akademien, die von der Berichterstattung aus Kriegs- und Krisengebieten und den betroffenen L\u00e4ndern keine Ahnung haben und sich ausrechnen k\u00f6nnen, dass sie selbst nie an der Front landen, aus der Komfortzone heraus Reportern im Kriegsgebiet in den R\u00fccken fallen und sie damit zus\u00e4tzlichen Gefahren aussetzen. Dies zeigt, in welchem Ma\u00df im heutigen Journalismus ethische Ma\u00dfst\u00e4be missachtet werden, wie weit sich die Berichterstattung von der Realit\u00e4tsprobe vor Ort hin zum postfaktischen Skandalisieren verschoben hat und wie tief die Berichterstattung der Mainstream-Medien, auch der \u00f6ffentlich-rechtlichen, in das Propagandasystem der NATO verstrickt ist.&#8221;<\/p>\n<div class=\"EmbedBlock-root EmbedBlock-externalVideo EmbedBlock-youtube\">\n<div class=\"YouTubeEmbed lazyload\" data-rtmodule=\"YouTubeEmbed\" id=\"IlrwKi3odb0\" onload=\"return {\n            covers: JSON.parse('\\u007B\\u0022small\\u0022\\u003A\\u0022https\\u003A\\\\\\\/\\\\\\\/i.ytimg.com\\\\\\\/vi\\\\\\\/IlrwKi3odb0\\\\\\\/hqdefault.jpg\\u0022,\\u0022medium\\u0022\\u003A\\u0022https\\u003A\\\\\\\/\\\\\\\/i.ytimg.com\\\\\\\/vi\\\\\\\/IlrwKi3odb0\\\\\\\/sddefault.jpg\\u0022,\\u0022large\\u0022\\u003A\\u0022https\\u003A\\\\\\\/\\\\\\\/i.ytimg.com\\\\\\\/vi\\\\\\\/IlrwKi3odb0\\\\\\\/sddefault.jpg\\u0022\\u007D'),\n            iframeSrc: JSON.parse('\\u0022\\\\\\\/\\\\\\\/www.youtube.com\\\\\\\/embed\\\\\\\/IlrwKi3odb0\\u0022'),\n            youtubeId: JSON.parse('\\u0022IlrwKi3odb0\\u0022'),\n        };\"><\/p>\n<div class=\"YouTubeEmbed-cover\"><button class=\"YouTubeEmbed-button\"><svg class=\"YouTubeEmbed-playButton\" height=\"100%\" version=\"1.1\" viewbox=\"0 0 68 48\" width=\"100%\"><path class=\"YouTubeEmbed-playButtonBg\" d=\"M66.52,7.74c-0.78-2.93-2.49-5.41-5.42-6.19C55.79,.13,34,0,34,0S12.21,.13,6.9,1.55 C3.97,2.33,2.27,4.81,1.48,7.74C0.06,13.05,0,24,0,24s0.06,10.95,1.48,16.26c0.78,2.93,2.49,5.41,5.42,6.19 C12.21,47.87,34,48,34,48s21.79-0.13,27.1-1.55c2.93-0.78,4.64-3.26,5.42-6.19C67.94,34.95,68,24,68,24S67.94,13.05,66.52,7.74z\" fill=\"#212121\" fill-opacity=\"0.8\"><\/path><path d=\"M 45,24 27,14 27,34\" fill=\"#fff\"><\/path><\/svg><\/button><\/div>\n<\/div>\n<\/div>\n<p>Das ist einer der wenigen Augenblicke, in denen der sonst n\u00fcchterne Reporter sich etwas mehr Emotionen als \u00fcblich erlaubt. Das Wirken der &#8220;Schreibtischbewohner&#8221; musste Baab fast am seinen eigenen Leibe erleben. Am 28. September 2022, als er wegen der K\u00fcndigung seines Lehrauftrages mit Deutschland telefonieren musste, wurde sein Hotel, das Park Inn in Donezk, von den ukrainischen Streitkr\u00e4ften mit NATO-Kaliber beschossen \u2013 nur wenige Stunden nach seiner Abfahrt aus dem Hotel zu einem Drehort (in diesem Video <a rel=\"nofollow noopener\" target=\"_blank\" href=\"https:\/\/www.youtube.com\/watch?v=KcKk8pwn0xY\">dokumentiert<\/a>). Die erh\u00f6hte Netzaktivit\u00e4t mit Auslandstelefonaten k\u00f6nnte den Beschuss des Hotels, in dem damals viele Journalisten wohnten, provoziert haben. Sonst bleibt er recht trocken, wenn es um seine eigene Sicherheit geht: &#8220;Sollte uns etwas zusto\u00dfen, wird kein Hahn danach kr\u00e4hen&#8221;,\u00a0schreibt Baab in seinem Buch \u00fcber sich und seinen Reisebegleiter.<\/p>\n<p>Der Journalist imponiert dem Kamenzer Publikum, teilweise wird es im Saal fast zu euphorisch, immer wieder kommt es zu stehenden Ovationen, am Ende wollen die Menschen den Referenten nicht\u00a0von der B\u00fchne lassen. Dutzende vor Ort gekaufte B\u00fccher werden vom Autor signiert. Der <em>MDR<\/em>,<em><\/em>der im Vorfeld des Abends zwei diffamierende Longreads verfasst hatte, hielt es nicht f\u00fcr n\u00f6tig, \u00fcber die Veranstaltung selbst zu berichten. Damit bewies der Sender, das es ihm in der Causa Baab nicht ums Informieren ging und auch nicht um Meinungsaustausch, sondern um Kampf. Ein Kampf, den er verloren hat\u00a0\u2013 wer will dann schon die eigene Niederlage dokumentieren?<\/p>\n<p>Die anwesenden Journalisten\u00a0von <em>FAZ<\/em> und <em>3sat<\/em>\u00a0und damit potenzielle Kritiker von Baab haben sich an diesem Abend nicht zu Wort gemeldet, und das aus gutem Grund. Die Menschen um sie herum haben eindr\u00fccklich gezeigt, dass sie ihre Einseitigkeit und Rechthaberei satt haben. Dass sie sich von den Medien andere Informationen und von der Bundesregierung eine andere Politik w\u00fcnschen.\u00a0In dem Augenblick, als im deutschen Fernsehen die Abendnachrichten laufen, haben sie einem &#8220;umstrittenen&#8221; Journalisten zugeh\u00f6rt \u2013 ein im Deutschen Grundgesetz verbrieftes Recht wahrnehmend.<\/p>\n<p><strong>Mehr zum Thema<\/strong> &#8211; <a rel=\"nofollow noopener\" target=\"_blank\" href=\"https:\/\/freedert.online\/meinung\/189353-diffamierungs-journalismus-zeit-attackiert-nachdenkseiten\/\">Diffamierungs-Journalismus: &#8220;Die Zeit&#8221; attackiert die &#8220;NachDenkSeiten&#8221;<\/a><\/p>\n<\/div>\n<p><br \/>\n<br \/><a href=\"https:\/\/de.rt.com\/meinung\/189246-presse-blamage-in-kamenz-patrik-baab-erntet-standing-ovations-im-stadttheater\/\">Source link <\/a><\/p>\n","protected":false},"excerpt":{"rendered":"<p>Trotz Diffamierungskampagnen in den Medien konnte der investigative Journalist Patrik Baab dem Publikum in der Lessing-Stadt Kamenz sein Buch \u00fcber die Ukraine-Krise vorstellen. Die restlos ausverkaufte Veranstaltung fand im Stadttheater statt und wurde von Oberb\u00fcrgermeister Roland Dantz pers\u00f6nlich geleitet. Von Wladislaw Sankin Es ist dunkel und niemand da, das Haus der Demokratie in Berlin-Prenzlauer Berg [&hellip;]<\/p>\n","protected":false},"author":3,"featured_media":51254,"comment_status":"open","ping_status":"open","sticky":false,"template":"","format":"standard","meta":{"_yoast_indexnow_last_ping":["1702130065"],"wp_automatic_camp":["217"],"2317333e41d6f0694fb6840779686427":["Presse-Blamage in Kamenz: Kritischer Journalist Patrik Baab erntet Standing Ovations im Stadttheater"],"original_link":["https:\/\/de.rt.com\/meinung\/189246-presse-blamage-in-kamenz-patrik-baab-erntet-standing-ovations-im-stadttheater\/"],"_thumbnail_id":["51254"],"_wptgpro_p2tg_sent2tg":["a:1:{i:23737;s:19:\"2023-12-09 15:55:44\";}"],"jnews_social_counter_last_update":["1777208406"]},"categories":[19,23],"tags":[43146,10765,6710,51452,7650,26701,43145,51451,51453,26700],"yoast_head":"<!-- This site is optimized with the Yoast SEO Premium plugin v22.7 (Yoast SEO v22.7) - https:\/\/yoast.com\/wordpress\/plugins\/seo\/ -->\n<title>Presse-Blamage in Kamenz: Kritischer Journalist Patrik Baab erntet Standing Ovations im Stadttheater - just-now.NEWS Deutschland<\/title>\n<meta name=\"robots\" content=\"index, follow, max-snippet:-1, max-image-preview:large, max-video-preview:-1\" \/>\n<link rel=\"canonical\" href=\"https:\/\/now-news.de\/de\/deutschland\/presse-blamage-in-kamenz-kritischer-journalist-patrik-baab-erntet-standing-ovations-im-stadttheater\/\" \/>\n<meta property=\"og:locale\" content=\"de_DE\" \/>\n<meta property=\"og:type\" content=\"article\" \/>\n<meta property=\"og:title\" content=\"Presse-Blamage in Kamenz: Kritischer Journalist Patrik Baab erntet Standing Ovations im Stadttheater\" \/>\n<meta property=\"og:description\" content=\"Trotz Diffamierungskampagnen in den Medien konnte der investigative Journalist Patrik Baab dem Publikum in der Lessing-Stadt Kamenz sein Buch \u00fcber die Ukraine-Krise vorstellen. Die restlos ausverkaufte Veranstaltung fand im Stadttheater statt und wurde von Oberb\u00fcrgermeister Roland Dantz pers\u00f6nlich geleitet. Von Wladislaw Sankin Es ist dunkel und niemand da, das Haus der Demokratie in Berlin-Prenzlauer Berg [&hellip;]\" \/>\n<meta property=\"og:url\" content=\"https:\/\/now-news.de\/de\/deutschland\/presse-blamage-in-kamenz-kritischer-journalist-patrik-baab-erntet-standing-ovations-im-stadttheater\/\" \/>\n<meta property=\"og:site_name\" content=\"just-now.NEWS Deutschland\" \/>\n<meta property=\"article:publisher\" content=\"https:\/\/www.facebook.com\/wirmachenauf\" \/>\n<meta property=\"article:published_time\" content=\"2023-12-09T13:43:58+00:00\" \/>\n<meta property=\"og:image\" content=\"https:\/\/now-news.de\/de\/wp-content\/uploads\/sites\/3\/2023\/12\/Presse-Blamage-in-Kamenz-Kritischer-Journalist-Patrik-Baab-erntet-Standing-Ovations.jpg\" \/>\n\t<meta property=\"og:image:width\" content=\"1623\" \/>\n\t<meta property=\"og:image:height\" content=\"1080\" \/>\n\t<meta property=\"og:image:type\" content=\"image\/jpeg\" \/>\n<meta name=\"author\" content=\"rtnews\" \/>\n<meta name=\"twitter:card\" content=\"summary_large_image\" \/>\n<meta name=\"twitter:creator\" content=\"@WirMachenAuf_de\" \/>\n<meta name=\"twitter:site\" content=\"@WirMachenAuf_de\" \/>\n<meta name=\"twitter:label1\" content=\"Verfasst von\" \/>\n\t<meta name=\"twitter:data1\" content=\"rtnews\" \/>\n\t<meta name=\"twitter:label2\" content=\"Gesch\u00e4tzte Lesezeit\" \/>\n\t<meta name=\"twitter:data2\" content=\"8\u00a0Minuten\" \/>\n<script type=\"application\/ld+json\" class=\"yoast-schema-graph\">{\"@context\":\"https:\/\/schema.org\",\"@graph\":[{\"@type\":\"Article\",\"@id\":\"https:\/\/now-news.de\/de\/deutschland\/presse-blamage-in-kamenz-kritischer-journalist-patrik-baab-erntet-standing-ovations-im-stadttheater\/#article\",\"isPartOf\":{\"@id\":\"https:\/\/now-news.de\/de\/deutschland\/presse-blamage-in-kamenz-kritischer-journalist-patrik-baab-erntet-standing-ovations-im-stadttheater\/\"},\"author\":{\"name\":\"rtnews\",\"@id\":\"https:\/\/now-news.de\/de\/#\/schema\/person\/fb534a4e865501d8b3285208df34a9b5\"},\"headline\":\"Presse-Blamage in Kamenz: Kritischer Journalist Patrik Baab erntet Standing Ovations im Stadttheater\",\"datePublished\":\"2023-12-09T13:43:58+00:00\",\"dateModified\":\"2023-12-09T13:43:58+00:00\",\"mainEntityOfPage\":{\"@id\":\"https:\/\/now-news.de\/de\/deutschland\/presse-blamage-in-kamenz-kritischer-journalist-patrik-baab-erntet-standing-ovations-im-stadttheater\/\"},\"wordCount\":1711,\"commentCount\":0,\"publisher\":{\"@id\":\"https:\/\/now-news.de\/de\/#organization\"},\"image\":{\"@id\":\"https:\/\/now-news.de\/de\/deutschland\/presse-blamage-in-kamenz-kritischer-journalist-patrik-baab-erntet-standing-ovations-im-stadttheater\/#primaryimage\"},\"thumbnailUrl\":\"https:\/\/now-news.de\/de\/wp-content\/uploads\/sites\/3\/2023\/12\/Presse-Blamage-in-Kamenz-Kritischer-Journalist-Patrik-Baab-erntet-Standing-Ovations.jpg\",\"keywords\":[\"Baab\",\"erntet\",\"Journalist\",\"Kamenz\",\"kritischer\",\"Ovations\",\"Patrik\",\"PresseBlamage\",\"Stadttheater\",\"Standing\"],\"articleSection\":[\"Deutschland\",\"Russland\"],\"inLanguage\":\"de\",\"potentialAction\":[{\"@type\":\"CommentAction\",\"name\":\"Comment\",\"target\":[\"https:\/\/now-news.de\/de\/deutschland\/presse-blamage-in-kamenz-kritischer-journalist-patrik-baab-erntet-standing-ovations-im-stadttheater\/#respond\"]}]},{\"@type\":\"WebPage\",\"@id\":\"https:\/\/now-news.de\/de\/deutschland\/presse-blamage-in-kamenz-kritischer-journalist-patrik-baab-erntet-standing-ovations-im-stadttheater\/\",\"url\":\"https:\/\/now-news.de\/de\/deutschland\/presse-blamage-in-kamenz-kritischer-journalist-patrik-baab-erntet-standing-ovations-im-stadttheater\/\",\"name\":\"Presse-Blamage in Kamenz: Kritischer Journalist Patrik Baab erntet Standing Ovations im Stadttheater - just-now.NEWS Deutschland\",\"isPartOf\":{\"@id\":\"https:\/\/now-news.de\/de\/#website\"},\"primaryImageOfPage\":{\"@id\":\"https:\/\/now-news.de\/de\/deutschland\/presse-blamage-in-kamenz-kritischer-journalist-patrik-baab-erntet-standing-ovations-im-stadttheater\/#primaryimage\"},\"image\":{\"@id\":\"https:\/\/now-news.de\/de\/deutschland\/presse-blamage-in-kamenz-kritischer-journalist-patrik-baab-erntet-standing-ovations-im-stadttheater\/#primaryimage\"},\"thumbnailUrl\":\"https:\/\/now-news.de\/de\/wp-content\/uploads\/sites\/3\/2023\/12\/Presse-Blamage-in-Kamenz-Kritischer-Journalist-Patrik-Baab-erntet-Standing-Ovations.jpg\",\"datePublished\":\"2023-12-09T13:43:58+00:00\",\"dateModified\":\"2023-12-09T13:43:58+00:00\",\"breadcrumb\":{\"@id\":\"https:\/\/now-news.de\/de\/deutschland\/presse-blamage-in-kamenz-kritischer-journalist-patrik-baab-erntet-standing-ovations-im-stadttheater\/#breadcrumb\"},\"inLanguage\":\"de\",\"potentialAction\":[{\"@type\":\"ReadAction\",\"target\":[\"https:\/\/now-news.de\/de\/deutschland\/presse-blamage-in-kamenz-kritischer-journalist-patrik-baab-erntet-standing-ovations-im-stadttheater\/\"]}]},{\"@type\":\"ImageObject\",\"inLanguage\":\"de\",\"@id\":\"https:\/\/now-news.de\/de\/deutschland\/presse-blamage-in-kamenz-kritischer-journalist-patrik-baab-erntet-standing-ovations-im-stadttheater\/#primaryimage\",\"url\":\"https:\/\/now-news.de\/de\/wp-content\/uploads\/sites\/3\/2023\/12\/Presse-Blamage-in-Kamenz-Kritischer-Journalist-Patrik-Baab-erntet-Standing-Ovations.jpg\",\"contentUrl\":\"https:\/\/now-news.de\/de\/wp-content\/uploads\/sites\/3\/2023\/12\/Presse-Blamage-in-Kamenz-Kritischer-Journalist-Patrik-Baab-erntet-Standing-Ovations.jpg\",\"width\":1623,\"height\":1080,\"caption\":\"Presse-Blamage in Kamenz: Kritischer Journalist Patrik Baab erntet Standing Ovations im Stadttheater\"},{\"@type\":\"BreadcrumbList\",\"@id\":\"https:\/\/now-news.de\/de\/deutschland\/presse-blamage-in-kamenz-kritischer-journalist-patrik-baab-erntet-standing-ovations-im-stadttheater\/#breadcrumb\",\"itemListElement\":[{\"@type\":\"ListItem\",\"position\":1,\"name\":\"Home\",\"item\":\"https:\/\/now-news.de\/de\/\"},{\"@type\":\"ListItem\",\"position\":2,\"name\":\"Presse-Blamage in Kamenz: Kritischer Journalist Patrik Baab erntet Standing Ovations im Stadttheater\"}]},{\"@type\":\"WebSite\",\"@id\":\"https:\/\/now-news.de\/de\/#website\",\"url\":\"https:\/\/now-news.de\/de\/\",\"name\":\"just-now.NEWS Deutschland\",\"description\":\"Das Portal f\u00fcr unzensierte Nachrichten aus der Welt\",\"publisher\":{\"@id\":\"https:\/\/now-news.de\/de\/#organization\"},\"potentialAction\":[{\"@type\":\"SearchAction\",\"target\":{\"@type\":\"EntryPoint\",\"urlTemplate\":\"https:\/\/now-news.de\/de\/?s={search_term_string}\"},\"query-input\":\"required name=search_term_string\"}],\"inLanguage\":\"de\"},{\"@type\":\"Organization\",\"@id\":\"https:\/\/now-news.de\/de\/#organization\",\"name\":\"Just Now News\",\"url\":\"https:\/\/now-news.de\/de\/\",\"logo\":{\"@type\":\"ImageObject\",\"inLanguage\":\"de\",\"@id\":\"https:\/\/now-news.de\/de\/#\/schema\/logo\/image\/\",\"url\":\"http:\/\/just-now.news\/de\/wp-content\/uploads\/sites\/3\/2022\/04\/logo500x500.jpg\",\"contentUrl\":\"http:\/\/just-now.news\/de\/wp-content\/uploads\/sites\/3\/2022\/04\/logo500x500.jpg\",\"width\":500,\"height\":500,\"caption\":\"Just Now News\"},\"image\":{\"@id\":\"https:\/\/now-news.de\/de\/#\/schema\/logo\/image\/\"},\"sameAs\":[\"https:\/\/www.facebook.com\/wirmachenauf\",\"https:\/\/x.com\/WirMachenAuf_de\"]},{\"@type\":\"Person\",\"@id\":\"https:\/\/now-news.de\/de\/#\/schema\/person\/fb534a4e865501d8b3285208df34a9b5\",\"name\":\"rtnews\",\"image\":{\"@type\":\"ImageObject\",\"inLanguage\":\"de\",\"@id\":\"https:\/\/now-news.de\/de\/#\/schema\/person\/image\/\",\"url\":\"https:\/\/secure.gravatar.com\/avatar\/82aafea7d8127119dd649515f56e2117?s=96&d=mm&r=g\",\"contentUrl\":\"https:\/\/secure.gravatar.com\/avatar\/82aafea7d8127119dd649515f56e2117?s=96&d=mm&r=g\",\"caption\":\"rtnews\"},\"url\":\"https:\/\/now-news.de\/de\/author\/rnews\/\"}]}<\/script>\n<!-- \/ Yoast SEO Premium plugin. -->","yoast_head_json":{"title":"Presse-Blamage in Kamenz: Kritischer Journalist Patrik Baab erntet Standing Ovations im Stadttheater - just-now.NEWS Deutschland","robots":{"index":"index","follow":"follow","max-snippet":"max-snippet:-1","max-image-preview":"max-image-preview:large","max-video-preview":"max-video-preview:-1"},"canonical":"https:\/\/now-news.de\/de\/deutschland\/presse-blamage-in-kamenz-kritischer-journalist-patrik-baab-erntet-standing-ovations-im-stadttheater\/","og_locale":"de_DE","og_type":"article","og_title":"Presse-Blamage in Kamenz: Kritischer Journalist Patrik Baab erntet Standing Ovations im Stadttheater","og_description":"Trotz Diffamierungskampagnen in den Medien konnte der investigative Journalist Patrik Baab dem Publikum in der Lessing-Stadt Kamenz sein Buch \u00fcber die Ukraine-Krise vorstellen. Die restlos ausverkaufte Veranstaltung fand im Stadttheater statt und wurde von Oberb\u00fcrgermeister Roland Dantz pers\u00f6nlich geleitet. Von Wladislaw Sankin Es ist dunkel und niemand da, das Haus der Demokratie in Berlin-Prenzlauer Berg [&hellip;]","og_url":"https:\/\/now-news.de\/de\/deutschland\/presse-blamage-in-kamenz-kritischer-journalist-patrik-baab-erntet-standing-ovations-im-stadttheater\/","og_site_name":"just-now.NEWS Deutschland","article_publisher":"https:\/\/www.facebook.com\/wirmachenauf","article_published_time":"2023-12-09T13:43:58+00:00","og_image":[{"width":1623,"height":1080,"url":"https:\/\/now-news.de\/de\/wp-content\/uploads\/sites\/3\/2023\/12\/Presse-Blamage-in-Kamenz-Kritischer-Journalist-Patrik-Baab-erntet-Standing-Ovations.jpg","type":"image\/jpeg"}],"author":"rtnews","twitter_card":"summary_large_image","twitter_creator":"@WirMachenAuf_de","twitter_site":"@WirMachenAuf_de","twitter_misc":{"Verfasst von":"rtnews","Gesch\u00e4tzte Lesezeit":"8\u00a0Minuten"},"schema":{"@context":"https:\/\/schema.org","@graph":[{"@type":"Article","@id":"https:\/\/now-news.de\/de\/deutschland\/presse-blamage-in-kamenz-kritischer-journalist-patrik-baab-erntet-standing-ovations-im-stadttheater\/#article","isPartOf":{"@id":"https:\/\/now-news.de\/de\/deutschland\/presse-blamage-in-kamenz-kritischer-journalist-patrik-baab-erntet-standing-ovations-im-stadttheater\/"},"author":{"name":"rtnews","@id":"https:\/\/now-news.de\/de\/#\/schema\/person\/fb534a4e865501d8b3285208df34a9b5"},"headline":"Presse-Blamage in Kamenz: Kritischer Journalist Patrik Baab erntet Standing Ovations im Stadttheater","datePublished":"2023-12-09T13:43:58+00:00","dateModified":"2023-12-09T13:43:58+00:00","mainEntityOfPage":{"@id":"https:\/\/now-news.de\/de\/deutschland\/presse-blamage-in-kamenz-kritischer-journalist-patrik-baab-erntet-standing-ovations-im-stadttheater\/"},"wordCount":1711,"commentCount":0,"publisher":{"@id":"https:\/\/now-news.de\/de\/#organization"},"image":{"@id":"https:\/\/now-news.de\/de\/deutschland\/presse-blamage-in-kamenz-kritischer-journalist-patrik-baab-erntet-standing-ovations-im-stadttheater\/#primaryimage"},"thumbnailUrl":"https:\/\/now-news.de\/de\/wp-content\/uploads\/sites\/3\/2023\/12\/Presse-Blamage-in-Kamenz-Kritischer-Journalist-Patrik-Baab-erntet-Standing-Ovations.jpg","keywords":["Baab","erntet","Journalist","Kamenz","kritischer","Ovations","Patrik","PresseBlamage","Stadttheater","Standing"],"articleSection":["Deutschland","Russland"],"inLanguage":"de","potentialAction":[{"@type":"CommentAction","name":"Comment","target":["https:\/\/now-news.de\/de\/deutschland\/presse-blamage-in-kamenz-kritischer-journalist-patrik-baab-erntet-standing-ovations-im-stadttheater\/#respond"]}]},{"@type":"WebPage","@id":"https:\/\/now-news.de\/de\/deutschland\/presse-blamage-in-kamenz-kritischer-journalist-patrik-baab-erntet-standing-ovations-im-stadttheater\/","url":"https:\/\/now-news.de\/de\/deutschland\/presse-blamage-in-kamenz-kritischer-journalist-patrik-baab-erntet-standing-ovations-im-stadttheater\/","name":"Presse-Blamage in Kamenz: Kritischer Journalist Patrik Baab erntet Standing Ovations im Stadttheater - just-now.NEWS Deutschland","isPartOf":{"@id":"https:\/\/now-news.de\/de\/#website"},"primaryImageOfPage":{"@id":"https:\/\/now-news.de\/de\/deutschland\/presse-blamage-in-kamenz-kritischer-journalist-patrik-baab-erntet-standing-ovations-im-stadttheater\/#primaryimage"},"image":{"@id":"https:\/\/now-news.de\/de\/deutschland\/presse-blamage-in-kamenz-kritischer-journalist-patrik-baab-erntet-standing-ovations-im-stadttheater\/#primaryimage"},"thumbnailUrl":"https:\/\/now-news.de\/de\/wp-content\/uploads\/sites\/3\/2023\/12\/Presse-Blamage-in-Kamenz-Kritischer-Journalist-Patrik-Baab-erntet-Standing-Ovations.jpg","datePublished":"2023-12-09T13:43:58+00:00","dateModified":"2023-12-09T13:43:58+00:00","breadcrumb":{"@id":"https:\/\/now-news.de\/de\/deutschland\/presse-blamage-in-kamenz-kritischer-journalist-patrik-baab-erntet-standing-ovations-im-stadttheater\/#breadcrumb"},"inLanguage":"de","potentialAction":[{"@type":"ReadAction","target":["https:\/\/now-news.de\/de\/deutschland\/presse-blamage-in-kamenz-kritischer-journalist-patrik-baab-erntet-standing-ovations-im-stadttheater\/"]}]},{"@type":"ImageObject","inLanguage":"de","@id":"https:\/\/now-news.de\/de\/deutschland\/presse-blamage-in-kamenz-kritischer-journalist-patrik-baab-erntet-standing-ovations-im-stadttheater\/#primaryimage","url":"https:\/\/now-news.de\/de\/wp-content\/uploads\/sites\/3\/2023\/12\/Presse-Blamage-in-Kamenz-Kritischer-Journalist-Patrik-Baab-erntet-Standing-Ovations.jpg","contentUrl":"https:\/\/now-news.de\/de\/wp-content\/uploads\/sites\/3\/2023\/12\/Presse-Blamage-in-Kamenz-Kritischer-Journalist-Patrik-Baab-erntet-Standing-Ovations.jpg","width":1623,"height":1080,"caption":"Presse-Blamage in Kamenz: Kritischer Journalist Patrik Baab erntet Standing Ovations im Stadttheater"},{"@type":"BreadcrumbList","@id":"https:\/\/now-news.de\/de\/deutschland\/presse-blamage-in-kamenz-kritischer-journalist-patrik-baab-erntet-standing-ovations-im-stadttheater\/#breadcrumb","itemListElement":[{"@type":"ListItem","position":1,"name":"Home","item":"https:\/\/now-news.de\/de\/"},{"@type":"ListItem","position":2,"name":"Presse-Blamage in Kamenz: Kritischer Journalist Patrik Baab erntet Standing Ovations im Stadttheater"}]},{"@type":"WebSite","@id":"https:\/\/now-news.de\/de\/#website","url":"https:\/\/now-news.de\/de\/","name":"just-now.NEWS Deutschland","description":"Das Portal f\u00fcr unzensierte Nachrichten aus der Welt","publisher":{"@id":"https:\/\/now-news.de\/de\/#organization"},"potentialAction":[{"@type":"SearchAction","target":{"@type":"EntryPoint","urlTemplate":"https:\/\/now-news.de\/de\/?s={search_term_string}"},"query-input":"required name=search_term_string"}],"inLanguage":"de"},{"@type":"Organization","@id":"https:\/\/now-news.de\/de\/#organization","name":"Just Now News","url":"https:\/\/now-news.de\/de\/","logo":{"@type":"ImageObject","inLanguage":"de","@id":"https:\/\/now-news.de\/de\/#\/schema\/logo\/image\/","url":"http:\/\/just-now.news\/de\/wp-content\/uploads\/sites\/3\/2022\/04\/logo500x500.jpg","contentUrl":"http:\/\/just-now.news\/de\/wp-content\/uploads\/sites\/3\/2022\/04\/logo500x500.jpg","width":500,"height":500,"caption":"Just Now News"},"image":{"@id":"https:\/\/now-news.de\/de\/#\/schema\/logo\/image\/"},"sameAs":["https:\/\/www.facebook.com\/wirmachenauf","https:\/\/x.com\/WirMachenAuf_de"]},{"@type":"Person","@id":"https:\/\/now-news.de\/de\/#\/schema\/person\/fb534a4e865501d8b3285208df34a9b5","name":"rtnews","image":{"@type":"ImageObject","inLanguage":"de","@id":"https:\/\/now-news.de\/de\/#\/schema\/person\/image\/","url":"https:\/\/secure.gravatar.com\/avatar\/82aafea7d8127119dd649515f56e2117?s=96&d=mm&r=g","contentUrl":"https:\/\/secure.gravatar.com\/avatar\/82aafea7d8127119dd649515f56e2117?s=96&d=mm&r=g","caption":"rtnews"},"url":"https:\/\/now-news.de\/de\/author\/rnews\/"}]}},"_links":{"self":[{"href":"https:\/\/now-news.de\/de\/wp-json\/wp\/v2\/posts\/51253"}],"collection":[{"href":"https:\/\/now-news.de\/de\/wp-json\/wp\/v2\/posts"}],"about":[{"href":"https:\/\/now-news.de\/de\/wp-json\/wp\/v2\/types\/post"}],"author":[{"embeddable":true,"href":"https:\/\/now-news.de\/de\/wp-json\/wp\/v2\/users\/3"}],"replies":[{"embeddable":true,"href":"https:\/\/now-news.de\/de\/wp-json\/wp\/v2\/comments?post=51253"}],"version-history":[{"count":0,"href":"https:\/\/now-news.de\/de\/wp-json\/wp\/v2\/posts\/51253\/revisions"}],"wp:featuredmedia":[{"embeddable":true,"href":"https:\/\/now-news.de\/de\/wp-json\/wp\/v2\/media\/51254"}],"wp:attachment":[{"href":"https:\/\/now-news.de\/de\/wp-json\/wp\/v2\/media?parent=51253"}],"wp:term":[{"taxonomy":"category","embeddable":true,"href":"https:\/\/now-news.de\/de\/wp-json\/wp\/v2\/categories?post=51253"},{"taxonomy":"post_tag","embeddable":true,"href":"https:\/\/now-news.de\/de\/wp-json\/wp\/v2\/tags?post=51253"}],"curies":[{"name":"wp","href":"https:\/\/api.w.org\/{rel}","templated":true}]}}