{"id":51215,"date":"2023-12-08T21:15:27","date_gmt":"2023-12-08T19:15:27","guid":{"rendered":"https:\/\/just-now.news\/de\/deutschland\/justizskandal-ballweg-2-0-gefaehrliche-reichsbuerger-seit-einem-jahr-ohne-anklage-in-u-haft\/"},"modified":"2023-12-08T21:15:27","modified_gmt":"2023-12-08T19:15:27","slug":"justizskandal-ballweg-2-0-gefaehrliche-reichsbuerger-seit-einem-jahr-ohne-anklage-in-u-haft","status":"publish","type":"post","link":"https:\/\/now-news.de\/de\/deutschland\/justizskandal-ballweg-2-0-gefaehrliche-reichsbuerger-seit-einem-jahr-ohne-anklage-in-u-haft\/","title":{"rendered":"Justizskandal Ballweg 2.0? Gef\u00e4hrliche &quot;Reichsb\u00fcrger&quot; seit einem Jahr ohne Anklage in U-Haft"},"content":{"rendered":"<p><img decoding=\"async\" src=\"http:\/\/just-now.news\/de\/wp-content\/uploads\/sites\/3\/2023\/12\/6572cc25b480cc6bbd09e28b.jpeg\" \/><\/p>\n<div class=\"Text-root Text-type_1 \">\n                Vor einem Jahr f\u00fchrten Justiz und Polizei, von Medien begleitet, eine Gro\u00dfrazzia gegen sogenannte &#8220;Reichsb\u00fcrger&#8221; durch. 25 Frauen und M\u00e4nner wurden festgenommen und beschuldigt, einen Staatsstreich geplant zu haben. Mittlerweile sitzen 27 Personen ohne Anklageerhebung seit einem Jahr in Untersuchungshaft.\n            <\/div>\n<p><\/p>\n<div class=\"Text-root Text-type_5 ArticleView-text ViewText-root \">\n<p>Der Vorgang\u00a0galt als mediales Gro\u00dfereignis. Rund\u00a03.000 Polizistinnen und Polizisten waren am 7. Dezember 2022 bundesweit an einer Gro\u00dfrazzia gegen die sogenannte &#8220;Patriotische Union&#8221; beteiligt. Zu diesem Zeitpunkt waren laut <a rel=\"nofollow noopener\" target=\"_blank\" href=\"https:\/\/www.sueddeutsche.de\/politik\/reichsbuerger-rechtsextremismus-heinrich-xiii-prinz-reuss-bundestag-1.6315359\">Medieninformationen<\/a>\u00a0von den Ermittlern bereits &#8220;mehr als 425.000 Seiten Akten zusammengetragen&#8221; worden. Die &#8220;Menge an Beweismitteln&#8221; galt\u00a0als immens. Die <em>ARD-Tagesschau<\/em>\u00a0<a rel=\"nofollow noopener\" target=\"_blank\" href=\"https:\/\/www.tagesschau.de\/investigativ\/ndr-wdr\/terrorverfahren-reichsbuerger-rechtsextremismus-prinz-reuss-100.html\">berichtete<\/a> nun am 4. Dezember dieses Jahres bez\u00fcglich der &#8220;mutma\u00dflichen terroristischen Vereinigung&#8221;: &#8220;Nun sollen Anklagen erfolgen&#8221;. Einzige Tatsache dabei ist: Die Beschuldigten sitzen trotz vermeintlich erdr\u00fcckender Beweise seit zw\u00f6lf Monaten ohne Anklageerhebung in ihren Zellen.<\/p>\n<p>Das <em>ZDF<\/em>\u00a0<a rel=\"nofollow noopener\" target=\"_blank\" href=\"https:\/\/www.zdf.de\/nachrichten\/panorama\/razzia-reichsbuerger-reaktionen-100.html\">zitierte<\/a>\u00a0im Anschluss an die Verhaftungen vor genau einem Jahr\u00a0Bundesinnenministerin Nancy\u00a0Faeser\u00a0(SPD), die bundesweiten Ermittlungen &#8220;gegen die Reichsb\u00fcrger-Szene lassen in den Abgrund einer terroristischen Bedrohung blicken&#8221;. Im Februar 2023 hie\u00df es dann, dass der zust\u00e4ndige\u00a0Bundesanwalt Lars Otte &#8220;den Abgeordneten des Bundestages jede <a rel=\"nofollow noopener\" target=\"_blank\" href=\"https:\/\/www.tagesschau.de\/investigativ\/wdr\/razzia-reichsbuerger-111.html\">Illusion<\/a> darauf nahm \u2013 im Jahr 2022 \u2013 , dass der Fall schnell abgeschlossen sein k\u00f6nnte&#8221;. Weiterhin lautet der Vorwurf: &#8220;Gr\u00fcndung, Mitgliedschaft und Unterst\u00fctzung einer terroristischen Vereinigung&#8221;. Ermittelt werde &#8220;auch wegen\u00a0hochverr\u00e4terischen Unternehmens gegen den Bund&#8221;. Mittlerweile gelten derzeit laut Beh\u00f6rdenangaben insgesamt &#8220;69 Personen in dem Verfahrenskomplex als Beschuldigte&#8221;.<\/p>\n<p>Ein <a rel=\"nofollow noopener\" target=\"_blank\" href=\"https:\/\/www.nzz.ch\/international\/deutsche-reichsbuerger-seit-einem-jahr-ohne-anklage-in-untersuchungshaft-ld.1769110\">Artikel<\/a> der <em>Neuen Z\u00fcrcher Zeitung<\/em> (<em>NZZ<\/em>) stellte nun am 7. Dezember fest, dass die Entwicklung und der Verlauf der ganzen Geschichte Fragen aufwirft. Diese lauten:<\/p>\n<blockquote>\n<p><em>&#8220;Warum wurde nicht l\u00e4ngst Anklage erhoben? Ist das Verfahren wom\u00f6glich auch politisch motiviert? Und welche Rolle spielten V-Leute des Verfassungsschutzes?&#8221;<\/em><\/p>\n<\/blockquote>\n<p>Das anvisierte Ziel eines Ereignisses, das gro\u00dfe, &#8220;auch internationale Aufmerksamkeit erregte&#8221;, scheine nur vor sich hinzud\u00fcmpeln, auff\u00e4lligste Realit\u00e4t sei die Tatsache, dass &#8220;immer noch ermittelt wird, ohne dass bisher spektakul\u00e4re Ergebnisse an die \u00d6ffentlichkeit gedrungen w\u00e4ren&#8221;. Selbst die am 7. Dezember ausgesuchten Medienvertreter bei der gro\u00df angelegten Showveranstaltung mit publicitytr\u00e4chtigen Bildern f\u00fcr die B\u00fcrger w\u00fcrden aktuell auff\u00e4llig schweigen. M\u00f6gliche Gr\u00fcnde daf\u00fcr k\u00f6nnten sein, dass &#8220;die Geheimhaltung bei den Sicherheitsbeh\u00f6rden drastisch verbessert wurde \u2013 oder dass es allzu Spannendes bis jetzt nicht zu verraten gibt&#8221;. Im April 2024 <a rel=\"nofollow noopener\" target=\"_blank\" href=\"https:\/\/www.zdf.de\/nachrichten\/panorama\/reichsbuerger-razzia-umsturz-bgh-100.html\">berichtete<\/a> das <em>ZDF <\/em>mit der beeindruckenden Information<em>\u00a0<\/em>zum\u00a0Vorwurf verbrecherischer Umsturzpl\u00e4ne:<\/p>\n<blockquote>\n<p><em>&#8220;Ein Kommando von bis zu 16 Personen habe Regierungsmitglieder und\u00a0Abgeordnete in Handschellen abf\u00fchren\u00a0sollen, schreiben die Richter unter Verweis auf den Ermittlungsstand.&#8221;<\/em><\/p>\n<\/blockquote>\n<p>J\u00fcngste Ger\u00fcchte, dass es nun noch vor Weihnachten zur lang erwarteten\u00a0Anklageerhebung kommt, wurden von der Generalbundesanwaltschaft &#8220;weder best\u00e4tigt noch dementiert&#8221;. Zum weiteren Prozedere hei\u00dft es im <em>NZZ<\/em>-Artikel:<\/p>\n<blockquote>\n<p><em>&#8220;Ist die Anklage dem Gericht zugegangen, wird sie an die Beschuldigten und ihre Verteidiger weitergegeben. Diese haben dann vier Wochen Zeit, um Stellungnahmen zu formulieren. Mit dem Beginn des Prozesses w\u00e4re wohl fr\u00fchestens im kommenden Fr\u00fchjahr zu rechnen.&#8221;<\/em><\/p>\n<\/blockquote>\n<p>Neun Monate sa\u00df der Gr\u00fcnder der &#8220;Querdenken&#8221;-Initiative Michael Ballweg in Untersuchungshaft. Am Ende erkannte das zust\u00e4ndige\u00a0Landgericht Stuttgart keine Grundlage f\u00fcr die Er\u00f6ffnung des Hauptverfahrens. Im Fr\u00fchjahr 2024 sitzen die bis dato 27 Beschuldigten dann rund anderthalb Jahre im Gef\u00e4ngnis. Ein ungenannter Pflichtverteidiger gab der <em>NZZ<\/em> zu Protokoll:<\/p>\n<blockquote>\n<p><em>&#8220;Wir sprechen \u00fcber Leute, die sich manchmal getroffen und miteinander geredet haben.\u00a0Getan hat bisher niemand von ihnen etwas. Jetzt sitzen sie seit einem Jahr in Einzelhaft, die Anwaltspost wird gelesen, die \u00f6ffentliche Vorverurteilung ist da. Da stellt sich schon ein wenig die Frage nach der Verh\u00e4ltnism\u00e4\u00dfigkeit.&#8221;<\/em><\/p>\n<\/blockquote>\n<p>Der Strafverteidiger bef\u00fcrchtet durch den bisherigen Verlauf des Verfahrens folgenschwere\u00a0Entscheidungen f\u00fcr den oder die betreuten Klienten. Der &#8220;Riesenaufwand der Durchsuchungen, der beh\u00f6rdlicherseits angeheizte Medienrummel, die gewaltige Zahl vernommener Zeugen und die angeh\u00e4uften Aktenberge&#8221; k\u00f6nnte im schlechtesten Fall zu hohen Strafen f\u00fchren, der Jurist sch\u00e4tzt dies so ein: &#8220;Auf keinen Fall kann das Gericht die 27 Leute einfach nach Hause schicken.&#8221; Der Anwalt h\u00e4lt den Prozess daher f\u00fcr &#8220;politisch eingef\u00e4rbt&#8221;. Zu den Anklagepunkten teilte er mit:<\/p>\n<blockquote>\n<p><em>&#8220;Dass die Truppe schwachsinnige Umsturzfantasien gepflegt hat, ist klar.\u00a0Ob sie davon wirklich viel h\u00e4tten umsetzen k\u00f6nnen, ist aber fraglich.&#8221;<\/em><\/p>\n<\/blockquote>\n<p>Eine weitere Verteidigerin stellt fest, dass die &#8220;die Aktivit\u00e4ten der Gruppe nicht banal gewesen&#8221; seien. Sie gibt zu Protokoll:<\/p>\n<blockquote>\n<p><em>&#8220;Man kann nat\u00fcrlich den Eindruck haben, dass das einfach ein Haufen harmloser Irrer ist,\u00a0aber etliche von ihnen haben akademische Abschl\u00fcsse, milit\u00e4rische Kenntnisse, eine ganze Menge Geld oder Waffen.&#8221;<\/em><\/p>\n<\/blockquote>\n<p>F\u00fcr sie stelle sich aber das Problem bei einer m\u00f6glichen Verhandlung, &#8220;wie weit der Begriff der Unterst\u00fctzung bei terroristischen Vereinigungen ausgelegt&#8221; werde. Diesbez\u00fcglich erkl\u00e4rt sie: &#8220;Da sind schon Leute Helfer, die mal ein paar Br\u00f6tchen geschmiert oder eine vage Spendenzusage gemacht haben.&#8221; <\/p>\n<p>Vollkommen ungekl\u00e4rt ist laut dem Artikel die Rolle\u00a0des Verfassungsschutzes und eingeschleuster V-Leute der Beh\u00f6rde, also\u00a0Verbindungs- oder Vertrauenspersonen. Befragte Anw\u00e4lte der Angeklagten h\u00e4tten unisono erkl\u00e4rt, dass sie davon ausgehen, dass\u00a0solche zum Einsatz kamen.\u00a0F\u00fcr das Strafma\u00df ihrer Mandanten w\u00e4re es daher von entscheidender Bedeutung, &#8220;ob diese selbst geplant und sich verschworen haben&#8221; oder ob sie &#8220;m\u00f6glicherweise&#8221; dazu von staatlicher Seite mit Wissen und entsprechender Unterst\u00fctzung angestiftet wurden.<\/p>\n<p>Der\u00a0<em>NZZ<\/em>-Artikel nennt die Zahl von &#8220;466 dicken Ordnern mit 300.000 Seiten\u00a0Beweismaterial&#8221;, dazu k\u00e4men &#8220;die auf USB-Sticks gespeicherten Dokumente aus den beschlagnahmten Computern&#8221;.\u00a0Die <em>S\u00fcddeutsche Zeitung<\/em>\u00a0<a rel=\"nofollow noopener\" target=\"_blank\" href=\"https:\/\/www.sueddeutsche.de\/politik\/reichsbuerger-rechtsextremismus-heinrich-xiii-prinz-reuss-bundestag-1.6315359\">fragte<\/a> am 6. Dezember: &#8220;Warum dauert es so lange?&#8221;, um den Lesern zu erkl\u00e4ren: &#8220;Die Akten m\u00fcssen dreimal ausgedruckt werden, damit jedes Gericht einen Satz bekommt. Legte man diese Seiten nebeneinander, reichte die Papierstrecke von Berlin bis nach Hamburg. Ob der schieren Masse hat der Generalbundesanwalt das BKA um Amtshilfe beim Druck\u00a0gebeten.&#8221;<\/p>\n<p>Zum Thema der ben\u00f6tigten Bewaffnung f\u00fcr den unterstellten professionellen Umsturzplan und Pl\u00e4nen &#8220;der Erst\u00fcrmung des Reichstags&#8221; hei\u00dft es beeindruckend: &#8220;Die Ermittler haben bei den Beschuldigten eine gr\u00f6\u00dfere Menge an Waffen und Munition sichergestellt. Insgesamt waren es mindestens 382 Schusswaffen, darunter Pumpguns und ein Maschinengewehr.&#8221; Die Ermittler w\u00fcrden jedoch auch\u00a0nach einem Jahr &#8220;nicht ausschlie\u00dfen, dass es noch unentdeckte Waffenverstecke gibt&#8221;.\u00a0<\/p>\n<p><strong>Mehr zum Thema \u2013<\/strong>\u00a0<a rel=\"nofollow noopener\" target=\"_blank\" href=\"https:\/\/freedert.online\/inland\/183750-wir-sind-nicht-naiv-bundestagspraesidentin\/\">&#8220;Wir sind nicht naiv&#8221; \u2013 Bundestagspr\u00e4sidentin Bas lokalisiert &#8220;Demokratiefeinde&#8221; im Bundestag<\/a><\/p>\n<\/p>\n<\/div>\n<p><br \/>\n<br \/><a href=\"https:\/\/de.rt.com\/inland\/189286-justizskandal-ballweg-20-gefaehrliche-reichsbuerger\/\">Source link <\/a><\/p>\n","protected":false},"excerpt":{"rendered":"<p>Vor einem Jahr f\u00fchrten Justiz und Polizei, von Medien begleitet, eine Gro\u00dfrazzia gegen sogenannte &#8220;Reichsb\u00fcrger&#8221; durch. 25 Frauen und M\u00e4nner wurden festgenommen und beschuldigt, einen Staatsstreich geplant zu haben. Mittlerweile sitzen 27 Personen ohne Anklageerhebung seit einem Jahr in Untersuchungshaft. Der Vorgang\u00a0galt als mediales Gro\u00dfereignis. Rund\u00a03.000 Polizistinnen und Polizisten waren am 7. Dezember 2022 bundesweit [&hellip;]<\/p>\n","protected":false},"author":3,"featured_media":51216,"comment_status":"open","ping_status":"open","sticky":false,"template":"","format":"standard","meta":{"_yoast_indexnow_last_ping":["1702063358"],"wp_automatic_camp":["217"],"eee3b85834e428967b307a9f1d4f2be7":["Justizskandal Ballweg 2.0? Gef\u00e4hrliche &quot;Reichsb\u00fcrger&quot; seit einem Jahr ohne Anklage in U-Haft"],"original_link":["https:\/\/de.rt.com\/inland\/189286-justizskandal-ballweg-20-gefaehrliche-reichsbuerger\/"],"_thumbnail_id":["51216"],"jnews_social_counter_last_update":["1777646047"],"_wptgpro_p2tg_sent2tg":["a:1:{i:23737;s:19:\"2023-12-08 21:23:46\";}"]},"categories":[19,23],"tags":[8054,26226,352,23365,1615,51426,779,37256,1829,31307],"yoast_head":"<!-- This site is optimized with the Yoast SEO Premium plugin v22.7 (Yoast SEO v22.7) - https:\/\/yoast.com\/wordpress\/plugins\/seo\/ -->\n<title>Justizskandal Ballweg 2.0? Gef\u00e4hrliche &quot;Reichsb\u00fcrger&quot; seit einem Jahr ohne Anklage in U-Haft - just-now.NEWS Deutschland<\/title>\n<meta name=\"robots\" content=\"index, follow, max-snippet:-1, max-image-preview:large, max-video-preview:-1\" \/>\n<link rel=\"canonical\" href=\"https:\/\/now-news.de\/de\/deutschland\/justizskandal-ballweg-2-0-gefaehrliche-reichsbuerger-seit-einem-jahr-ohne-anklage-in-u-haft\/\" \/>\n<meta property=\"og:locale\" content=\"de_DE\" \/>\n<meta property=\"og:type\" content=\"article\" \/>\n<meta property=\"og:title\" content=\"Justizskandal Ballweg 2.0? Gef\u00e4hrliche &quot;Reichsb\u00fcrger&quot; seit einem Jahr ohne Anklage in U-Haft\" \/>\n<meta property=\"og:description\" content=\"Vor einem Jahr f\u00fchrten Justiz und Polizei, von Medien begleitet, eine Gro\u00dfrazzia gegen sogenannte &#8220;Reichsb\u00fcrger&#8221; durch. 25 Frauen und M\u00e4nner wurden festgenommen und beschuldigt, einen Staatsstreich geplant zu haben. Mittlerweile sitzen 27 Personen ohne Anklageerhebung seit einem Jahr in Untersuchungshaft. Der Vorgang\u00a0galt als mediales Gro\u00dfereignis. Rund\u00a03.000 Polizistinnen und Polizisten waren am 7. Dezember 2022 bundesweit [&hellip;]\" \/>\n<meta property=\"og:url\" content=\"https:\/\/now-news.de\/de\/deutschland\/justizskandal-ballweg-2-0-gefaehrliche-reichsbuerger-seit-einem-jahr-ohne-anklage-in-u-haft\/\" \/>\n<meta property=\"og:site_name\" content=\"just-now.NEWS Deutschland\" \/>\n<meta property=\"article:publisher\" content=\"https:\/\/www.facebook.com\/wirmachenauf\" \/>\n<meta property=\"article:published_time\" content=\"2023-12-08T19:15:27+00:00\" \/>\n<meta property=\"og:image\" content=\"https:\/\/now-news.de\/de\/wp-content\/uploads\/sites\/3\/2023\/12\/Justizskandal-Ballweg-20-Gefaehrliche-quotReichsbuergerquot-seit-einem-Jahr-ohne-Anklage.jpeg\" \/>\n\t<meta property=\"og:image:width\" content=\"460\" \/>\n\t<meta property=\"og:image:height\" content=\"259\" \/>\n\t<meta property=\"og:image:type\" content=\"image\/jpeg\" \/>\n<meta name=\"author\" content=\"rtnews\" \/>\n<meta name=\"twitter:card\" content=\"summary_large_image\" \/>\n<meta name=\"twitter:creator\" content=\"@WirMachenAuf_de\" \/>\n<meta name=\"twitter:site\" content=\"@WirMachenAuf_de\" \/>\n<meta name=\"twitter:label1\" content=\"Verfasst von\" \/>\n\t<meta name=\"twitter:data1\" content=\"rtnews\" \/>\n\t<meta name=\"twitter:label2\" content=\"Gesch\u00e4tzte Lesezeit\" \/>\n\t<meta name=\"twitter:data2\" content=\"5\u00a0Minuten\" \/>\n<script type=\"application\/ld+json\" class=\"yoast-schema-graph\">{\"@context\":\"https:\/\/schema.org\",\"@graph\":[{\"@type\":\"Article\",\"@id\":\"https:\/\/now-news.de\/de\/deutschland\/justizskandal-ballweg-2-0-gefaehrliche-reichsbuerger-seit-einem-jahr-ohne-anklage-in-u-haft\/#article\",\"isPartOf\":{\"@id\":\"https:\/\/now-news.de\/de\/deutschland\/justizskandal-ballweg-2-0-gefaehrliche-reichsbuerger-seit-einem-jahr-ohne-anklage-in-u-haft\/\"},\"author\":{\"name\":\"rtnews\",\"@id\":\"https:\/\/now-news.de\/de\/#\/schema\/person\/fb534a4e865501d8b3285208df34a9b5\"},\"headline\":\"Justizskandal Ballweg 2.0? Gef\u00e4hrliche &quot;Reichsb\u00fcrger&quot; seit einem Jahr ohne Anklage in U-Haft\",\"datePublished\":\"2023-12-08T19:15:27+00:00\",\"dateModified\":\"2023-12-08T19:15:27+00:00\",\"mainEntityOfPage\":{\"@id\":\"https:\/\/now-news.de\/de\/deutschland\/justizskandal-ballweg-2-0-gefaehrliche-reichsbuerger-seit-einem-jahr-ohne-anklage-in-u-haft\/\"},\"wordCount\":1050,\"commentCount\":0,\"publisher\":{\"@id\":\"https:\/\/now-news.de\/de\/#organization\"},\"image\":{\"@id\":\"https:\/\/now-news.de\/de\/deutschland\/justizskandal-ballweg-2-0-gefaehrliche-reichsbuerger-seit-einem-jahr-ohne-anklage-in-u-haft\/#primaryimage\"},\"thumbnailUrl\":\"https:\/\/now-news.de\/de\/wp-content\/uploads\/sites\/3\/2023\/12\/Justizskandal-Ballweg-20-Gefaehrliche-quotReichsbuergerquot-seit-einem-Jahr-ohne-Anklage.jpeg\",\"keywords\":[\"Anklage\",\"Ballweg\",\"einem\",\"Gef\u00e4hrliche\",\"Jahr\",\"Justizskandal\",\"ohne\",\"quotReichsb\u00fcrgerquot\",\"seit\",\"UHaft\"],\"articleSection\":[\"Deutschland\",\"Russland\"],\"inLanguage\":\"de\",\"potentialAction\":[{\"@type\":\"CommentAction\",\"name\":\"Comment\",\"target\":[\"https:\/\/now-news.de\/de\/deutschland\/justizskandal-ballweg-2-0-gefaehrliche-reichsbuerger-seit-einem-jahr-ohne-anklage-in-u-haft\/#respond\"]}]},{\"@type\":\"WebPage\",\"@id\":\"https:\/\/now-news.de\/de\/deutschland\/justizskandal-ballweg-2-0-gefaehrliche-reichsbuerger-seit-einem-jahr-ohne-anklage-in-u-haft\/\",\"url\":\"https:\/\/now-news.de\/de\/deutschland\/justizskandal-ballweg-2-0-gefaehrliche-reichsbuerger-seit-einem-jahr-ohne-anklage-in-u-haft\/\",\"name\":\"Justizskandal Ballweg 2.0? Gef\u00e4hrliche &quot;Reichsb\u00fcrger&quot; seit einem Jahr ohne Anklage in U-Haft - just-now.NEWS Deutschland\",\"isPartOf\":{\"@id\":\"https:\/\/now-news.de\/de\/#website\"},\"primaryImageOfPage\":{\"@id\":\"https:\/\/now-news.de\/de\/deutschland\/justizskandal-ballweg-2-0-gefaehrliche-reichsbuerger-seit-einem-jahr-ohne-anklage-in-u-haft\/#primaryimage\"},\"image\":{\"@id\":\"https:\/\/now-news.de\/de\/deutschland\/justizskandal-ballweg-2-0-gefaehrliche-reichsbuerger-seit-einem-jahr-ohne-anklage-in-u-haft\/#primaryimage\"},\"thumbnailUrl\":\"https:\/\/now-news.de\/de\/wp-content\/uploads\/sites\/3\/2023\/12\/Justizskandal-Ballweg-20-Gefaehrliche-quotReichsbuergerquot-seit-einem-Jahr-ohne-Anklage.jpeg\",\"datePublished\":\"2023-12-08T19:15:27+00:00\",\"dateModified\":\"2023-12-08T19:15:27+00:00\",\"breadcrumb\":{\"@id\":\"https:\/\/now-news.de\/de\/deutschland\/justizskandal-ballweg-2-0-gefaehrliche-reichsbuerger-seit-einem-jahr-ohne-anklage-in-u-haft\/#breadcrumb\"},\"inLanguage\":\"de\",\"potentialAction\":[{\"@type\":\"ReadAction\",\"target\":[\"https:\/\/now-news.de\/de\/deutschland\/justizskandal-ballweg-2-0-gefaehrliche-reichsbuerger-seit-einem-jahr-ohne-anklage-in-u-haft\/\"]}]},{\"@type\":\"ImageObject\",\"inLanguage\":\"de\",\"@id\":\"https:\/\/now-news.de\/de\/deutschland\/justizskandal-ballweg-2-0-gefaehrliche-reichsbuerger-seit-einem-jahr-ohne-anklage-in-u-haft\/#primaryimage\",\"url\":\"https:\/\/now-news.de\/de\/wp-content\/uploads\/sites\/3\/2023\/12\/Justizskandal-Ballweg-20-Gefaehrliche-quotReichsbuergerquot-seit-einem-Jahr-ohne-Anklage.jpeg\",\"contentUrl\":\"https:\/\/now-news.de\/de\/wp-content\/uploads\/sites\/3\/2023\/12\/Justizskandal-Ballweg-20-Gefaehrliche-quotReichsbuergerquot-seit-einem-Jahr-ohne-Anklage.jpeg\",\"width\":460,\"height\":259,\"caption\":\"Justizskandal Ballweg 2.0? Gef\u00e4hrliche &quot;Reichsb\u00fcrger&quot; seit einem Jahr ohne Anklage in U-Haft\"},{\"@type\":\"BreadcrumbList\",\"@id\":\"https:\/\/now-news.de\/de\/deutschland\/justizskandal-ballweg-2-0-gefaehrliche-reichsbuerger-seit-einem-jahr-ohne-anklage-in-u-haft\/#breadcrumb\",\"itemListElement\":[{\"@type\":\"ListItem\",\"position\":1,\"name\":\"Home\",\"item\":\"https:\/\/now-news.de\/de\/\"},{\"@type\":\"ListItem\",\"position\":2,\"name\":\"Justizskandal Ballweg 2.0? Gef\u00e4hrliche &quot;Reichsb\u00fcrger&quot; seit einem Jahr ohne Anklage in U-Haft\"}]},{\"@type\":\"WebSite\",\"@id\":\"https:\/\/now-news.de\/de\/#website\",\"url\":\"https:\/\/now-news.de\/de\/\",\"name\":\"just-now.NEWS Deutschland\",\"description\":\"Das Portal f\u00fcr unzensierte Nachrichten aus der Welt\",\"publisher\":{\"@id\":\"https:\/\/now-news.de\/de\/#organization\"},\"potentialAction\":[{\"@type\":\"SearchAction\",\"target\":{\"@type\":\"EntryPoint\",\"urlTemplate\":\"https:\/\/now-news.de\/de\/?s={search_term_string}\"},\"query-input\":\"required name=search_term_string\"}],\"inLanguage\":\"de\"},{\"@type\":\"Organization\",\"@id\":\"https:\/\/now-news.de\/de\/#organization\",\"name\":\"Just Now News\",\"url\":\"https:\/\/now-news.de\/de\/\",\"logo\":{\"@type\":\"ImageObject\",\"inLanguage\":\"de\",\"@id\":\"https:\/\/now-news.de\/de\/#\/schema\/logo\/image\/\",\"url\":\"http:\/\/just-now.news\/de\/wp-content\/uploads\/sites\/3\/2022\/04\/logo500x500.jpg\",\"contentUrl\":\"http:\/\/just-now.news\/de\/wp-content\/uploads\/sites\/3\/2022\/04\/logo500x500.jpg\",\"width\":500,\"height\":500,\"caption\":\"Just Now News\"},\"image\":{\"@id\":\"https:\/\/now-news.de\/de\/#\/schema\/logo\/image\/\"},\"sameAs\":[\"https:\/\/www.facebook.com\/wirmachenauf\",\"https:\/\/x.com\/WirMachenAuf_de\"]},{\"@type\":\"Person\",\"@id\":\"https:\/\/now-news.de\/de\/#\/schema\/person\/fb534a4e865501d8b3285208df34a9b5\",\"name\":\"rtnews\",\"image\":{\"@type\":\"ImageObject\",\"inLanguage\":\"de\",\"@id\":\"https:\/\/now-news.de\/de\/#\/schema\/person\/image\/\",\"url\":\"https:\/\/secure.gravatar.com\/avatar\/82aafea7d8127119dd649515f56e2117?s=96&d=mm&r=g\",\"contentUrl\":\"https:\/\/secure.gravatar.com\/avatar\/82aafea7d8127119dd649515f56e2117?s=96&d=mm&r=g\",\"caption\":\"rtnews\"},\"url\":\"https:\/\/now-news.de\/de\/author\/rnews\/\"}]}<\/script>\n<!-- \/ Yoast SEO Premium plugin. -->","yoast_head_json":{"title":"Justizskandal Ballweg 2.0? Gef\u00e4hrliche &quot;Reichsb\u00fcrger&quot; seit einem Jahr ohne Anklage in U-Haft - just-now.NEWS Deutschland","robots":{"index":"index","follow":"follow","max-snippet":"max-snippet:-1","max-image-preview":"max-image-preview:large","max-video-preview":"max-video-preview:-1"},"canonical":"https:\/\/now-news.de\/de\/deutschland\/justizskandal-ballweg-2-0-gefaehrliche-reichsbuerger-seit-einem-jahr-ohne-anklage-in-u-haft\/","og_locale":"de_DE","og_type":"article","og_title":"Justizskandal Ballweg 2.0? Gef\u00e4hrliche &quot;Reichsb\u00fcrger&quot; seit einem Jahr ohne Anklage in U-Haft","og_description":"Vor einem Jahr f\u00fchrten Justiz und Polizei, von Medien begleitet, eine Gro\u00dfrazzia gegen sogenannte &#8220;Reichsb\u00fcrger&#8221; durch. 25 Frauen und M\u00e4nner wurden festgenommen und beschuldigt, einen Staatsstreich geplant zu haben. Mittlerweile sitzen 27 Personen ohne Anklageerhebung seit einem Jahr in Untersuchungshaft. Der Vorgang\u00a0galt als mediales Gro\u00dfereignis. Rund\u00a03.000 Polizistinnen und Polizisten waren am 7. Dezember 2022 bundesweit [&hellip;]","og_url":"https:\/\/now-news.de\/de\/deutschland\/justizskandal-ballweg-2-0-gefaehrliche-reichsbuerger-seit-einem-jahr-ohne-anklage-in-u-haft\/","og_site_name":"just-now.NEWS Deutschland","article_publisher":"https:\/\/www.facebook.com\/wirmachenauf","article_published_time":"2023-12-08T19:15:27+00:00","og_image":[{"width":460,"height":259,"url":"https:\/\/now-news.de\/de\/wp-content\/uploads\/sites\/3\/2023\/12\/Justizskandal-Ballweg-20-Gefaehrliche-quotReichsbuergerquot-seit-einem-Jahr-ohne-Anklage.jpeg","type":"image\/jpeg"}],"author":"rtnews","twitter_card":"summary_large_image","twitter_creator":"@WirMachenAuf_de","twitter_site":"@WirMachenAuf_de","twitter_misc":{"Verfasst von":"rtnews","Gesch\u00e4tzte Lesezeit":"5\u00a0Minuten"},"schema":{"@context":"https:\/\/schema.org","@graph":[{"@type":"Article","@id":"https:\/\/now-news.de\/de\/deutschland\/justizskandal-ballweg-2-0-gefaehrliche-reichsbuerger-seit-einem-jahr-ohne-anklage-in-u-haft\/#article","isPartOf":{"@id":"https:\/\/now-news.de\/de\/deutschland\/justizskandal-ballweg-2-0-gefaehrliche-reichsbuerger-seit-einem-jahr-ohne-anklage-in-u-haft\/"},"author":{"name":"rtnews","@id":"https:\/\/now-news.de\/de\/#\/schema\/person\/fb534a4e865501d8b3285208df34a9b5"},"headline":"Justizskandal Ballweg 2.0? Gef\u00e4hrliche &quot;Reichsb\u00fcrger&quot; seit einem Jahr ohne Anklage in U-Haft","datePublished":"2023-12-08T19:15:27+00:00","dateModified":"2023-12-08T19:15:27+00:00","mainEntityOfPage":{"@id":"https:\/\/now-news.de\/de\/deutschland\/justizskandal-ballweg-2-0-gefaehrliche-reichsbuerger-seit-einem-jahr-ohne-anklage-in-u-haft\/"},"wordCount":1050,"commentCount":0,"publisher":{"@id":"https:\/\/now-news.de\/de\/#organization"},"image":{"@id":"https:\/\/now-news.de\/de\/deutschland\/justizskandal-ballweg-2-0-gefaehrliche-reichsbuerger-seit-einem-jahr-ohne-anklage-in-u-haft\/#primaryimage"},"thumbnailUrl":"https:\/\/now-news.de\/de\/wp-content\/uploads\/sites\/3\/2023\/12\/Justizskandal-Ballweg-20-Gefaehrliche-quotReichsbuergerquot-seit-einem-Jahr-ohne-Anklage.jpeg","keywords":["Anklage","Ballweg","einem","Gef\u00e4hrliche","Jahr","Justizskandal","ohne","quotReichsb\u00fcrgerquot","seit","UHaft"],"articleSection":["Deutschland","Russland"],"inLanguage":"de","potentialAction":[{"@type":"CommentAction","name":"Comment","target":["https:\/\/now-news.de\/de\/deutschland\/justizskandal-ballweg-2-0-gefaehrliche-reichsbuerger-seit-einem-jahr-ohne-anklage-in-u-haft\/#respond"]}]},{"@type":"WebPage","@id":"https:\/\/now-news.de\/de\/deutschland\/justizskandal-ballweg-2-0-gefaehrliche-reichsbuerger-seit-einem-jahr-ohne-anklage-in-u-haft\/","url":"https:\/\/now-news.de\/de\/deutschland\/justizskandal-ballweg-2-0-gefaehrliche-reichsbuerger-seit-einem-jahr-ohne-anklage-in-u-haft\/","name":"Justizskandal Ballweg 2.0? Gef\u00e4hrliche &quot;Reichsb\u00fcrger&quot; seit einem Jahr ohne Anklage in U-Haft - just-now.NEWS Deutschland","isPartOf":{"@id":"https:\/\/now-news.de\/de\/#website"},"primaryImageOfPage":{"@id":"https:\/\/now-news.de\/de\/deutschland\/justizskandal-ballweg-2-0-gefaehrliche-reichsbuerger-seit-einem-jahr-ohne-anklage-in-u-haft\/#primaryimage"},"image":{"@id":"https:\/\/now-news.de\/de\/deutschland\/justizskandal-ballweg-2-0-gefaehrliche-reichsbuerger-seit-einem-jahr-ohne-anklage-in-u-haft\/#primaryimage"},"thumbnailUrl":"https:\/\/now-news.de\/de\/wp-content\/uploads\/sites\/3\/2023\/12\/Justizskandal-Ballweg-20-Gefaehrliche-quotReichsbuergerquot-seit-einem-Jahr-ohne-Anklage.jpeg","datePublished":"2023-12-08T19:15:27+00:00","dateModified":"2023-12-08T19:15:27+00:00","breadcrumb":{"@id":"https:\/\/now-news.de\/de\/deutschland\/justizskandal-ballweg-2-0-gefaehrliche-reichsbuerger-seit-einem-jahr-ohne-anklage-in-u-haft\/#breadcrumb"},"inLanguage":"de","potentialAction":[{"@type":"ReadAction","target":["https:\/\/now-news.de\/de\/deutschland\/justizskandal-ballweg-2-0-gefaehrliche-reichsbuerger-seit-einem-jahr-ohne-anklage-in-u-haft\/"]}]},{"@type":"ImageObject","inLanguage":"de","@id":"https:\/\/now-news.de\/de\/deutschland\/justizskandal-ballweg-2-0-gefaehrliche-reichsbuerger-seit-einem-jahr-ohne-anklage-in-u-haft\/#primaryimage","url":"https:\/\/now-news.de\/de\/wp-content\/uploads\/sites\/3\/2023\/12\/Justizskandal-Ballweg-20-Gefaehrliche-quotReichsbuergerquot-seit-einem-Jahr-ohne-Anklage.jpeg","contentUrl":"https:\/\/now-news.de\/de\/wp-content\/uploads\/sites\/3\/2023\/12\/Justizskandal-Ballweg-20-Gefaehrliche-quotReichsbuergerquot-seit-einem-Jahr-ohne-Anklage.jpeg","width":460,"height":259,"caption":"Justizskandal Ballweg 2.0? Gef\u00e4hrliche &quot;Reichsb\u00fcrger&quot; seit einem Jahr ohne Anklage in U-Haft"},{"@type":"BreadcrumbList","@id":"https:\/\/now-news.de\/de\/deutschland\/justizskandal-ballweg-2-0-gefaehrliche-reichsbuerger-seit-einem-jahr-ohne-anklage-in-u-haft\/#breadcrumb","itemListElement":[{"@type":"ListItem","position":1,"name":"Home","item":"https:\/\/now-news.de\/de\/"},{"@type":"ListItem","position":2,"name":"Justizskandal Ballweg 2.0? Gef\u00e4hrliche &quot;Reichsb\u00fcrger&quot; seit einem Jahr ohne Anklage in U-Haft"}]},{"@type":"WebSite","@id":"https:\/\/now-news.de\/de\/#website","url":"https:\/\/now-news.de\/de\/","name":"just-now.NEWS Deutschland","description":"Das Portal f\u00fcr unzensierte Nachrichten aus der Welt","publisher":{"@id":"https:\/\/now-news.de\/de\/#organization"},"potentialAction":[{"@type":"SearchAction","target":{"@type":"EntryPoint","urlTemplate":"https:\/\/now-news.de\/de\/?s={search_term_string}"},"query-input":"required name=search_term_string"}],"inLanguage":"de"},{"@type":"Organization","@id":"https:\/\/now-news.de\/de\/#organization","name":"Just Now News","url":"https:\/\/now-news.de\/de\/","logo":{"@type":"ImageObject","inLanguage":"de","@id":"https:\/\/now-news.de\/de\/#\/schema\/logo\/image\/","url":"http:\/\/just-now.news\/de\/wp-content\/uploads\/sites\/3\/2022\/04\/logo500x500.jpg","contentUrl":"http:\/\/just-now.news\/de\/wp-content\/uploads\/sites\/3\/2022\/04\/logo500x500.jpg","width":500,"height":500,"caption":"Just Now News"},"image":{"@id":"https:\/\/now-news.de\/de\/#\/schema\/logo\/image\/"},"sameAs":["https:\/\/www.facebook.com\/wirmachenauf","https:\/\/x.com\/WirMachenAuf_de"]},{"@type":"Person","@id":"https:\/\/now-news.de\/de\/#\/schema\/person\/fb534a4e865501d8b3285208df34a9b5","name":"rtnews","image":{"@type":"ImageObject","inLanguage":"de","@id":"https:\/\/now-news.de\/de\/#\/schema\/person\/image\/","url":"https:\/\/secure.gravatar.com\/avatar\/82aafea7d8127119dd649515f56e2117?s=96&d=mm&r=g","contentUrl":"https:\/\/secure.gravatar.com\/avatar\/82aafea7d8127119dd649515f56e2117?s=96&d=mm&r=g","caption":"rtnews"},"url":"https:\/\/now-news.de\/de\/author\/rnews\/"}]}},"_links":{"self":[{"href":"https:\/\/now-news.de\/de\/wp-json\/wp\/v2\/posts\/51215"}],"collection":[{"href":"https:\/\/now-news.de\/de\/wp-json\/wp\/v2\/posts"}],"about":[{"href":"https:\/\/now-news.de\/de\/wp-json\/wp\/v2\/types\/post"}],"author":[{"embeddable":true,"href":"https:\/\/now-news.de\/de\/wp-json\/wp\/v2\/users\/3"}],"replies":[{"embeddable":true,"href":"https:\/\/now-news.de\/de\/wp-json\/wp\/v2\/comments?post=51215"}],"version-history":[{"count":0,"href":"https:\/\/now-news.de\/de\/wp-json\/wp\/v2\/posts\/51215\/revisions"}],"wp:featuredmedia":[{"embeddable":true,"href":"https:\/\/now-news.de\/de\/wp-json\/wp\/v2\/media\/51216"}],"wp:attachment":[{"href":"https:\/\/now-news.de\/de\/wp-json\/wp\/v2\/media?parent=51215"}],"wp:term":[{"taxonomy":"category","embeddable":true,"href":"https:\/\/now-news.de\/de\/wp-json\/wp\/v2\/categories?post=51215"},{"taxonomy":"post_tag","embeddable":true,"href":"https:\/\/now-news.de\/de\/wp-json\/wp\/v2\/tags?post=51215"}],"curies":[{"name":"wp","href":"https:\/\/api.w.org\/{rel}","templated":true}]}}