{"id":51192,"date":"2023-12-08T15:54:17","date_gmt":"2023-12-08T13:54:17","guid":{"rendered":"https:\/\/just-now.news\/de\/deutschland\/spd-vorsitz-saskia-esken-und-lars-klingbeil-wiedergewaehlt\/"},"modified":"2023-12-08T15:54:17","modified_gmt":"2023-12-08T13:54:17","slug":"spd-vorsitz-saskia-esken-und-lars-klingbeil-wiedergewaehlt","status":"publish","type":"post","link":"https:\/\/now-news.de\/de\/deutschland\/spd-vorsitz-saskia-esken-und-lars-klingbeil-wiedergewaehlt\/","title":{"rendered":"SPD-Vorsitz: Saskia Esken und Lars Klingbeil wiedergew\u00e4hlt"},"content":{"rendered":"<p><img decoding=\"async\" src=\"http:\/\/just-now.news\/de\/wp-content\/uploads\/sites\/3\/2023\/12\/657323b048fbef06f156a35c.jpg\" \/><\/p>\n<div class=\"Text-root Text-type_1 \">\n                Die SPD hat auf ihrem Parteitag in Berlin ihre Parteivorsitzenden im Amt best\u00e4tigt. Saskia Esken und Lars Klingbeil werden die Partei f\u00fcr weitere zwei Jahre anf\u00fchren. Die Wiederwahl der beiden Parteichefs war erwartet worden. Es gab keine Gegenkandidaten.\n            <\/div>\n<p><\/p>\n<div class=\"Text-root Text-type_5 ArticleView-text ViewText-root \">\n<p>Der SPD-Parteitag in Berlin hat die Doppelspitze der Partei im Amt best\u00e4tigt.\u00a0\u00a0Saskia Esken\u00a0erhielt 82,6 Prozent der Stimmen, Lars Klingbeil 85,6.\u00a0Beide sind damit f\u00fcr weitere zwei Jahre als Vorsitzende im Amt.<\/p>\n<p>Die 62-j\u00e4hrige Esken ist seit 2019 Parteivorsitzende. Vorher war sie au\u00dferhalb ihrer Partei weitgehend unbekannt. Damals setzte sich die gelernte Informatikerin zusammen mit Norbert Walter-Borjans in einer SPD-internen Wahl gegen den heutigen Bundeskanzler Olaf Scholz und die jetzige Bauministerin Klara Geywitz durch.<\/p>\n<p>Nach der Bundestagswahl 2021, bei der die SPD erstmals seit fast 20 Jahren wieder st\u00e4rkste Partei wurde, trat Walter-Borjans ab und wurde durch den heute 45-j\u00e4hrigen Klingbeil ersetzt, der vorher Generalsekret\u00e4r der Partei war. Klingbeil, der anders als Esken sein Studium der Politikwissenschaft abschloss, galt in der Partei schon vorher als einflussreich.<\/p>\n<div class=\"EmbedBlock-root EmbedBlock-twitter\">\n<div class=\"TwitterEmbed\">\n<blockquote class=\"twitter-tweet lazyload\" data-twitter=\"twitter-tweet\">\n<p lang=\"de\" dir=\"ltr\">&#8220;CDU und CSU hetzten im Chor mit der AfD&#8221;, so die <a rel=\"nofollow noopener\" target=\"_blank\" href=\"https:\/\/twitter.com\/spdbt?ref_src=twsrc%5Etfw\">@spdbt<\/a>-Vorsitzende <a rel=\"nofollow noopener\" target=\"_blank\" href=\"https:\/\/twitter.com\/EskenSaskia?ref_src=twsrc%5Etfw\">@EskenSaskia<\/a>. Die <a rel=\"nofollow noopener\" target=\"_blank\" href=\"https:\/\/twitter.com\/hashtag\/Merz?src=hash&amp;ref_src=twsrc%5Etfw\">#Merz<\/a>-Opposition sei die populistischste Opposition, die es je gab. Im Gegensatz dazu \u00fcbernehme die <a rel=\"nofollow noopener\" target=\"_blank\" href=\"https:\/\/twitter.com\/hashtag\/SPD?src=hash&amp;ref_src=twsrc%5Etfw\">#SPD<\/a> Verantwortung f\u00fcr Menschen und Land. | <a rel=\"nofollow noopener\" target=\"_blank\" href=\"https:\/\/twitter.com\/hashtag\/spdbpt23?src=hash&amp;ref_src=twsrc%5Etfw\">#spdbpt23<\/a><a rel=\"nofollow noopener\" target=\"_blank\" href=\"https:\/\/t.co\/XZKYgHOrch\">pic.twitter.com\/XZKYgHOrch<\/a><\/p>\n<p>\u2014 phoenix (@phoenix_de) <a rel=\"nofollow noopener\" target=\"_blank\" href=\"https:\/\/twitter.com\/phoenix_de\/status\/1733105255536026025?ref_src=twsrc%5Etfw\">December 8, 2023<\/a><\/p><\/blockquote>\n<\/div>\n<\/div>\n<p>Esken hatte zuvor in ihrer Rede betont, dass die SPD f\u00fcr\u00a0Menschen und Land Verantwortung \u00fcbernehme. Der Union warf sie vor, &#8220;mit der AfD im Chor zu hetzen&#8221;.<\/p>\n<p><strong>Mehr zum Thema<\/strong> &#8211; <a rel=\"nofollow noopener\" target=\"_blank\" href=\"https:\/\/freedert.online\/inland\/189196-aufnahmegesellschaft-ohne-rassismen-spd-will\/\">&#8220;Aufnahmegesellschaft ohne Rassismen&#8221;: SPD will Familiennachzug erleichtern<\/a><\/p>\n<\/p>\n<\/div>\n<p><script async src=\"https:\/\/platform.twitter.com\/widgets.js\" charset=\"utf-8\"><\/script><br \/>\n<br \/><br \/>\n<br \/><a href=\"https:\/\/de.rt.com\/inland\/189338-spd-vorsitz-saskia-esken-und\/\">Source link <\/a><\/p>\n","protected":false},"excerpt":{"rendered":"<p>Die SPD hat auf ihrem Parteitag in Berlin ihre Parteivorsitzenden im Amt best\u00e4tigt. Saskia Esken und Lars Klingbeil werden die Partei f\u00fcr weitere zwei Jahre anf\u00fchren. Die Wiederwahl der beiden Parteichefs war erwartet worden. Es gab keine Gegenkandidaten. Der SPD-Parteitag in Berlin hat die Doppelspitze der Partei im Amt best\u00e4tigt.\u00a0\u00a0Saskia Esken\u00a0erhielt 82,6 Prozent der Stimmen, [&hellip;]<\/p>\n","protected":false},"author":3,"featured_media":51193,"comment_status":"open","ping_status":"open","sticky":false,"template":"","format":"standard","meta":{"_yoast_indexnow_last_ping":["1702044650"],"wp_automatic_camp":["217"],"1141175b5b8caa97d5dbea0442afec0b":["SPD-Vorsitz: Saskia Esken und Lars Klingbeil wiedergew\u00e4hlt"],"original_link":["https:\/\/de.rt.com\/inland\/189338-spd-vorsitz-saskia-esken-und\/"],"_thumbnail_id":["51193"],"_wptgpro_p2tg_sent2tg":["a:1:{i:23737;s:19:\"2023-12-08 16:12:48\";}"],"jnews_social_counter_last_update":["1777214458"]},"categories":[19,23],"tags":[24077,18061,48062,51409,50599,140,9155],"yoast_head":"<!-- This site is optimized with the Yoast SEO Premium plugin v22.7 (Yoast SEO v22.7) - https:\/\/yoast.com\/wordpress\/plugins\/seo\/ -->\n<title>SPD-Vorsitz: Saskia Esken und Lars Klingbeil wiedergew\u00e4hlt - just-now.NEWS Deutschland<\/title>\n<meta name=\"robots\" content=\"index, follow, max-snippet:-1, max-image-preview:large, max-video-preview:-1\" \/>\n<link rel=\"canonical\" href=\"https:\/\/now-news.de\/de\/deutschland\/spd-vorsitz-saskia-esken-und-lars-klingbeil-wiedergewaehlt\/\" \/>\n<meta property=\"og:locale\" content=\"de_DE\" \/>\n<meta property=\"og:type\" content=\"article\" \/>\n<meta property=\"og:title\" content=\"SPD-Vorsitz: Saskia Esken und Lars Klingbeil wiedergew\u00e4hlt\" \/>\n<meta property=\"og:description\" content=\"Die SPD hat auf ihrem Parteitag in Berlin ihre Parteivorsitzenden im Amt best\u00e4tigt. Saskia Esken und Lars Klingbeil werden die Partei f\u00fcr weitere zwei Jahre anf\u00fchren. Die Wiederwahl der beiden Parteichefs war erwartet worden. Es gab keine Gegenkandidaten. Der SPD-Parteitag in Berlin hat die Doppelspitze der Partei im Amt best\u00e4tigt.\u00a0\u00a0Saskia Esken\u00a0erhielt 82,6 Prozent der Stimmen, [&hellip;]\" \/>\n<meta property=\"og:url\" content=\"https:\/\/now-news.de\/de\/deutschland\/spd-vorsitz-saskia-esken-und-lars-klingbeil-wiedergewaehlt\/\" \/>\n<meta property=\"og:site_name\" content=\"just-now.NEWS Deutschland\" \/>\n<meta property=\"article:publisher\" content=\"https:\/\/www.facebook.com\/wirmachenauf\" \/>\n<meta property=\"article:published_time\" content=\"2023-12-08T13:54:17+00:00\" \/>\n<meta property=\"og:image\" content=\"https:\/\/now-news.de\/de\/wp-content\/uploads\/sites\/3\/2023\/12\/SPD-Vorsitz-Saskia-Esken-und-Lars-Klingbeil-wiedergewaehlt.jpg\" \/>\n\t<meta property=\"og:image:width\" content=\"460\" \/>\n\t<meta property=\"og:image:height\" content=\"259\" \/>\n\t<meta property=\"og:image:type\" content=\"image\/jpeg\" \/>\n<meta name=\"author\" content=\"rtnews\" \/>\n<meta name=\"twitter:card\" content=\"summary_large_image\" \/>\n<meta name=\"twitter:creator\" content=\"@WirMachenAuf_de\" \/>\n<meta name=\"twitter:site\" content=\"@WirMachenAuf_de\" \/>\n<meta name=\"twitter:label1\" content=\"Verfasst von\" \/>\n\t<meta name=\"twitter:data1\" content=\"rtnews\" \/>\n\t<meta name=\"twitter:label2\" content=\"Gesch\u00e4tzte Lesezeit\" \/>\n\t<meta name=\"twitter:data2\" content=\"1\u00a0Minute\" \/>\n<script type=\"application\/ld+json\" class=\"yoast-schema-graph\">{\"@context\":\"https:\/\/schema.org\",\"@graph\":[{\"@type\":\"Article\",\"@id\":\"https:\/\/now-news.de\/de\/deutschland\/spd-vorsitz-saskia-esken-und-lars-klingbeil-wiedergewaehlt\/#article\",\"isPartOf\":{\"@id\":\"https:\/\/now-news.de\/de\/deutschland\/spd-vorsitz-saskia-esken-und-lars-klingbeil-wiedergewaehlt\/\"},\"author\":{\"name\":\"rtnews\",\"@id\":\"https:\/\/now-news.de\/de\/#\/schema\/person\/fb534a4e865501d8b3285208df34a9b5\"},\"headline\":\"SPD-Vorsitz: Saskia Esken und Lars Klingbeil wiedergew\u00e4hlt\",\"datePublished\":\"2023-12-08T13:54:17+00:00\",\"dateModified\":\"2023-12-08T13:54:17+00:00\",\"mainEntityOfPage\":{\"@id\":\"https:\/\/now-news.de\/de\/deutschland\/spd-vorsitz-saskia-esken-und-lars-klingbeil-wiedergewaehlt\/\"},\"wordCount\":265,\"commentCount\":0,\"publisher\":{\"@id\":\"https:\/\/now-news.de\/de\/#organization\"},\"image\":{\"@id\":\"https:\/\/now-news.de\/de\/deutschland\/spd-vorsitz-saskia-esken-und-lars-klingbeil-wiedergewaehlt\/#primaryimage\"},\"thumbnailUrl\":\"https:\/\/now-news.de\/de\/wp-content\/uploads\/sites\/3\/2023\/12\/SPD-Vorsitz-Saskia-Esken-und-Lars-Klingbeil-wiedergewaehlt.jpg\",\"keywords\":[\"Esken\",\"Klingbeil\",\"Lars\",\"Saskia\",\"SPDVorsitz\",\"und\",\"wiedergew\u00e4hlt\"],\"articleSection\":[\"Deutschland\",\"Russland\"],\"inLanguage\":\"de\",\"potentialAction\":[{\"@type\":\"CommentAction\",\"name\":\"Comment\",\"target\":[\"https:\/\/now-news.de\/de\/deutschland\/spd-vorsitz-saskia-esken-und-lars-klingbeil-wiedergewaehlt\/#respond\"]}]},{\"@type\":\"WebPage\",\"@id\":\"https:\/\/now-news.de\/de\/deutschland\/spd-vorsitz-saskia-esken-und-lars-klingbeil-wiedergewaehlt\/\",\"url\":\"https:\/\/now-news.de\/de\/deutschland\/spd-vorsitz-saskia-esken-und-lars-klingbeil-wiedergewaehlt\/\",\"name\":\"SPD-Vorsitz: Saskia Esken und Lars Klingbeil wiedergew\u00e4hlt - just-now.NEWS Deutschland\",\"isPartOf\":{\"@id\":\"https:\/\/now-news.de\/de\/#website\"},\"primaryImageOfPage\":{\"@id\":\"https:\/\/now-news.de\/de\/deutschland\/spd-vorsitz-saskia-esken-und-lars-klingbeil-wiedergewaehlt\/#primaryimage\"},\"image\":{\"@id\":\"https:\/\/now-news.de\/de\/deutschland\/spd-vorsitz-saskia-esken-und-lars-klingbeil-wiedergewaehlt\/#primaryimage\"},\"thumbnailUrl\":\"https:\/\/now-news.de\/de\/wp-content\/uploads\/sites\/3\/2023\/12\/SPD-Vorsitz-Saskia-Esken-und-Lars-Klingbeil-wiedergewaehlt.jpg\",\"datePublished\":\"2023-12-08T13:54:17+00:00\",\"dateModified\":\"2023-12-08T13:54:17+00:00\",\"breadcrumb\":{\"@id\":\"https:\/\/now-news.de\/de\/deutschland\/spd-vorsitz-saskia-esken-und-lars-klingbeil-wiedergewaehlt\/#breadcrumb\"},\"inLanguage\":\"de\",\"potentialAction\":[{\"@type\":\"ReadAction\",\"target\":[\"https:\/\/now-news.de\/de\/deutschland\/spd-vorsitz-saskia-esken-und-lars-klingbeil-wiedergewaehlt\/\"]}]},{\"@type\":\"ImageObject\",\"inLanguage\":\"de\",\"@id\":\"https:\/\/now-news.de\/de\/deutschland\/spd-vorsitz-saskia-esken-und-lars-klingbeil-wiedergewaehlt\/#primaryimage\",\"url\":\"https:\/\/now-news.de\/de\/wp-content\/uploads\/sites\/3\/2023\/12\/SPD-Vorsitz-Saskia-Esken-und-Lars-Klingbeil-wiedergewaehlt.jpg\",\"contentUrl\":\"https:\/\/now-news.de\/de\/wp-content\/uploads\/sites\/3\/2023\/12\/SPD-Vorsitz-Saskia-Esken-und-Lars-Klingbeil-wiedergewaehlt.jpg\",\"width\":460,\"height\":259,\"caption\":\"SPD-Vorsitz: Saskia Esken und Lars Klingbeil wiedergew\u00e4hlt\"},{\"@type\":\"BreadcrumbList\",\"@id\":\"https:\/\/now-news.de\/de\/deutschland\/spd-vorsitz-saskia-esken-und-lars-klingbeil-wiedergewaehlt\/#breadcrumb\",\"itemListElement\":[{\"@type\":\"ListItem\",\"position\":1,\"name\":\"Home\",\"item\":\"https:\/\/now-news.de\/de\/\"},{\"@type\":\"ListItem\",\"position\":2,\"name\":\"SPD-Vorsitz: Saskia Esken und Lars Klingbeil wiedergew\u00e4hlt\"}]},{\"@type\":\"WebSite\",\"@id\":\"https:\/\/now-news.de\/de\/#website\",\"url\":\"https:\/\/now-news.de\/de\/\",\"name\":\"just-now.NEWS Deutschland\",\"description\":\"Das Portal f\u00fcr unzensierte Nachrichten aus der Welt\",\"publisher\":{\"@id\":\"https:\/\/now-news.de\/de\/#organization\"},\"potentialAction\":[{\"@type\":\"SearchAction\",\"target\":{\"@type\":\"EntryPoint\",\"urlTemplate\":\"https:\/\/now-news.de\/de\/?s={search_term_string}\"},\"query-input\":\"required name=search_term_string\"}],\"inLanguage\":\"de\"},{\"@type\":\"Organization\",\"@id\":\"https:\/\/now-news.de\/de\/#organization\",\"name\":\"Just Now News\",\"url\":\"https:\/\/now-news.de\/de\/\",\"logo\":{\"@type\":\"ImageObject\",\"inLanguage\":\"de\",\"@id\":\"https:\/\/now-news.de\/de\/#\/schema\/logo\/image\/\",\"url\":\"http:\/\/just-now.news\/de\/wp-content\/uploads\/sites\/3\/2022\/04\/logo500x500.jpg\",\"contentUrl\":\"http:\/\/just-now.news\/de\/wp-content\/uploads\/sites\/3\/2022\/04\/logo500x500.jpg\",\"width\":500,\"height\":500,\"caption\":\"Just Now News\"},\"image\":{\"@id\":\"https:\/\/now-news.de\/de\/#\/schema\/logo\/image\/\"},\"sameAs\":[\"https:\/\/www.facebook.com\/wirmachenauf\",\"https:\/\/x.com\/WirMachenAuf_de\"]},{\"@type\":\"Person\",\"@id\":\"https:\/\/now-news.de\/de\/#\/schema\/person\/fb534a4e865501d8b3285208df34a9b5\",\"name\":\"rtnews\",\"image\":{\"@type\":\"ImageObject\",\"inLanguage\":\"de\",\"@id\":\"https:\/\/now-news.de\/de\/#\/schema\/person\/image\/\",\"url\":\"https:\/\/secure.gravatar.com\/avatar\/82aafea7d8127119dd649515f56e2117?s=96&d=mm&r=g\",\"contentUrl\":\"https:\/\/secure.gravatar.com\/avatar\/82aafea7d8127119dd649515f56e2117?s=96&d=mm&r=g\",\"caption\":\"rtnews\"},\"url\":\"https:\/\/now-news.de\/de\/author\/rnews\/\"}]}<\/script>\n<!-- \/ Yoast SEO Premium plugin. -->","yoast_head_json":{"title":"SPD-Vorsitz: Saskia Esken und Lars Klingbeil wiedergew\u00e4hlt - just-now.NEWS Deutschland","robots":{"index":"index","follow":"follow","max-snippet":"max-snippet:-1","max-image-preview":"max-image-preview:large","max-video-preview":"max-video-preview:-1"},"canonical":"https:\/\/now-news.de\/de\/deutschland\/spd-vorsitz-saskia-esken-und-lars-klingbeil-wiedergewaehlt\/","og_locale":"de_DE","og_type":"article","og_title":"SPD-Vorsitz: Saskia Esken und Lars Klingbeil wiedergew\u00e4hlt","og_description":"Die SPD hat auf ihrem Parteitag in Berlin ihre Parteivorsitzenden im Amt best\u00e4tigt. Saskia Esken und Lars Klingbeil werden die Partei f\u00fcr weitere zwei Jahre anf\u00fchren. Die Wiederwahl der beiden Parteichefs war erwartet worden. Es gab keine Gegenkandidaten. Der SPD-Parteitag in Berlin hat die Doppelspitze der Partei im Amt best\u00e4tigt.\u00a0\u00a0Saskia Esken\u00a0erhielt 82,6 Prozent der Stimmen, [&hellip;]","og_url":"https:\/\/now-news.de\/de\/deutschland\/spd-vorsitz-saskia-esken-und-lars-klingbeil-wiedergewaehlt\/","og_site_name":"just-now.NEWS Deutschland","article_publisher":"https:\/\/www.facebook.com\/wirmachenauf","article_published_time":"2023-12-08T13:54:17+00:00","og_image":[{"width":460,"height":259,"url":"https:\/\/now-news.de\/de\/wp-content\/uploads\/sites\/3\/2023\/12\/SPD-Vorsitz-Saskia-Esken-und-Lars-Klingbeil-wiedergewaehlt.jpg","type":"image\/jpeg"}],"author":"rtnews","twitter_card":"summary_large_image","twitter_creator":"@WirMachenAuf_de","twitter_site":"@WirMachenAuf_de","twitter_misc":{"Verfasst von":"rtnews","Gesch\u00e4tzte Lesezeit":"1\u00a0Minute"},"schema":{"@context":"https:\/\/schema.org","@graph":[{"@type":"Article","@id":"https:\/\/now-news.de\/de\/deutschland\/spd-vorsitz-saskia-esken-und-lars-klingbeil-wiedergewaehlt\/#article","isPartOf":{"@id":"https:\/\/now-news.de\/de\/deutschland\/spd-vorsitz-saskia-esken-und-lars-klingbeil-wiedergewaehlt\/"},"author":{"name":"rtnews","@id":"https:\/\/now-news.de\/de\/#\/schema\/person\/fb534a4e865501d8b3285208df34a9b5"},"headline":"SPD-Vorsitz: Saskia Esken und Lars Klingbeil wiedergew\u00e4hlt","datePublished":"2023-12-08T13:54:17+00:00","dateModified":"2023-12-08T13:54:17+00:00","mainEntityOfPage":{"@id":"https:\/\/now-news.de\/de\/deutschland\/spd-vorsitz-saskia-esken-und-lars-klingbeil-wiedergewaehlt\/"},"wordCount":265,"commentCount":0,"publisher":{"@id":"https:\/\/now-news.de\/de\/#organization"},"image":{"@id":"https:\/\/now-news.de\/de\/deutschland\/spd-vorsitz-saskia-esken-und-lars-klingbeil-wiedergewaehlt\/#primaryimage"},"thumbnailUrl":"https:\/\/now-news.de\/de\/wp-content\/uploads\/sites\/3\/2023\/12\/SPD-Vorsitz-Saskia-Esken-und-Lars-Klingbeil-wiedergewaehlt.jpg","keywords":["Esken","Klingbeil","Lars","Saskia","SPDVorsitz","und","wiedergew\u00e4hlt"],"articleSection":["Deutschland","Russland"],"inLanguage":"de","potentialAction":[{"@type":"CommentAction","name":"Comment","target":["https:\/\/now-news.de\/de\/deutschland\/spd-vorsitz-saskia-esken-und-lars-klingbeil-wiedergewaehlt\/#respond"]}]},{"@type":"WebPage","@id":"https:\/\/now-news.de\/de\/deutschland\/spd-vorsitz-saskia-esken-und-lars-klingbeil-wiedergewaehlt\/","url":"https:\/\/now-news.de\/de\/deutschland\/spd-vorsitz-saskia-esken-und-lars-klingbeil-wiedergewaehlt\/","name":"SPD-Vorsitz: Saskia Esken und Lars Klingbeil wiedergew\u00e4hlt - just-now.NEWS Deutschland","isPartOf":{"@id":"https:\/\/now-news.de\/de\/#website"},"primaryImageOfPage":{"@id":"https:\/\/now-news.de\/de\/deutschland\/spd-vorsitz-saskia-esken-und-lars-klingbeil-wiedergewaehlt\/#primaryimage"},"image":{"@id":"https:\/\/now-news.de\/de\/deutschland\/spd-vorsitz-saskia-esken-und-lars-klingbeil-wiedergewaehlt\/#primaryimage"},"thumbnailUrl":"https:\/\/now-news.de\/de\/wp-content\/uploads\/sites\/3\/2023\/12\/SPD-Vorsitz-Saskia-Esken-und-Lars-Klingbeil-wiedergewaehlt.jpg","datePublished":"2023-12-08T13:54:17+00:00","dateModified":"2023-12-08T13:54:17+00:00","breadcrumb":{"@id":"https:\/\/now-news.de\/de\/deutschland\/spd-vorsitz-saskia-esken-und-lars-klingbeil-wiedergewaehlt\/#breadcrumb"},"inLanguage":"de","potentialAction":[{"@type":"ReadAction","target":["https:\/\/now-news.de\/de\/deutschland\/spd-vorsitz-saskia-esken-und-lars-klingbeil-wiedergewaehlt\/"]}]},{"@type":"ImageObject","inLanguage":"de","@id":"https:\/\/now-news.de\/de\/deutschland\/spd-vorsitz-saskia-esken-und-lars-klingbeil-wiedergewaehlt\/#primaryimage","url":"https:\/\/now-news.de\/de\/wp-content\/uploads\/sites\/3\/2023\/12\/SPD-Vorsitz-Saskia-Esken-und-Lars-Klingbeil-wiedergewaehlt.jpg","contentUrl":"https:\/\/now-news.de\/de\/wp-content\/uploads\/sites\/3\/2023\/12\/SPD-Vorsitz-Saskia-Esken-und-Lars-Klingbeil-wiedergewaehlt.jpg","width":460,"height":259,"caption":"SPD-Vorsitz: Saskia Esken und Lars Klingbeil wiedergew\u00e4hlt"},{"@type":"BreadcrumbList","@id":"https:\/\/now-news.de\/de\/deutschland\/spd-vorsitz-saskia-esken-und-lars-klingbeil-wiedergewaehlt\/#breadcrumb","itemListElement":[{"@type":"ListItem","position":1,"name":"Home","item":"https:\/\/now-news.de\/de\/"},{"@type":"ListItem","position":2,"name":"SPD-Vorsitz: Saskia Esken und Lars Klingbeil wiedergew\u00e4hlt"}]},{"@type":"WebSite","@id":"https:\/\/now-news.de\/de\/#website","url":"https:\/\/now-news.de\/de\/","name":"just-now.NEWS Deutschland","description":"Das Portal f\u00fcr unzensierte Nachrichten aus der Welt","publisher":{"@id":"https:\/\/now-news.de\/de\/#organization"},"potentialAction":[{"@type":"SearchAction","target":{"@type":"EntryPoint","urlTemplate":"https:\/\/now-news.de\/de\/?s={search_term_string}"},"query-input":"required name=search_term_string"}],"inLanguage":"de"},{"@type":"Organization","@id":"https:\/\/now-news.de\/de\/#organization","name":"Just Now News","url":"https:\/\/now-news.de\/de\/","logo":{"@type":"ImageObject","inLanguage":"de","@id":"https:\/\/now-news.de\/de\/#\/schema\/logo\/image\/","url":"http:\/\/just-now.news\/de\/wp-content\/uploads\/sites\/3\/2022\/04\/logo500x500.jpg","contentUrl":"http:\/\/just-now.news\/de\/wp-content\/uploads\/sites\/3\/2022\/04\/logo500x500.jpg","width":500,"height":500,"caption":"Just Now News"},"image":{"@id":"https:\/\/now-news.de\/de\/#\/schema\/logo\/image\/"},"sameAs":["https:\/\/www.facebook.com\/wirmachenauf","https:\/\/x.com\/WirMachenAuf_de"]},{"@type":"Person","@id":"https:\/\/now-news.de\/de\/#\/schema\/person\/fb534a4e865501d8b3285208df34a9b5","name":"rtnews","image":{"@type":"ImageObject","inLanguage":"de","@id":"https:\/\/now-news.de\/de\/#\/schema\/person\/image\/","url":"https:\/\/secure.gravatar.com\/avatar\/82aafea7d8127119dd649515f56e2117?s=96&d=mm&r=g","contentUrl":"https:\/\/secure.gravatar.com\/avatar\/82aafea7d8127119dd649515f56e2117?s=96&d=mm&r=g","caption":"rtnews"},"url":"https:\/\/now-news.de\/de\/author\/rnews\/"}]}},"_links":{"self":[{"href":"https:\/\/now-news.de\/de\/wp-json\/wp\/v2\/posts\/51192"}],"collection":[{"href":"https:\/\/now-news.de\/de\/wp-json\/wp\/v2\/posts"}],"about":[{"href":"https:\/\/now-news.de\/de\/wp-json\/wp\/v2\/types\/post"}],"author":[{"embeddable":true,"href":"https:\/\/now-news.de\/de\/wp-json\/wp\/v2\/users\/3"}],"replies":[{"embeddable":true,"href":"https:\/\/now-news.de\/de\/wp-json\/wp\/v2\/comments?post=51192"}],"version-history":[{"count":0,"href":"https:\/\/now-news.de\/de\/wp-json\/wp\/v2\/posts\/51192\/revisions"}],"wp:featuredmedia":[{"embeddable":true,"href":"https:\/\/now-news.de\/de\/wp-json\/wp\/v2\/media\/51193"}],"wp:attachment":[{"href":"https:\/\/now-news.de\/de\/wp-json\/wp\/v2\/media?parent=51192"}],"wp:term":[{"taxonomy":"category","embeddable":true,"href":"https:\/\/now-news.de\/de\/wp-json\/wp\/v2\/categories?post=51192"},{"taxonomy":"post_tag","embeddable":true,"href":"https:\/\/now-news.de\/de\/wp-json\/wp\/v2\/tags?post=51192"}],"curies":[{"name":"wp","href":"https:\/\/api.w.org\/{rel}","templated":true}]}}