{"id":51188,"date":"2023-12-08T15:19:42","date_gmt":"2023-12-08T13:19:42","guid":{"rendered":"https:\/\/just-now.news\/de\/deutschland\/erdogan-in-athen-tuerkei-sucht-die-annaeherung-zu-griechenland\/"},"modified":"2023-12-08T15:19:42","modified_gmt":"2023-12-08T13:19:42","slug":"erdogan-in-athen-tuerkei-sucht-die-annaeherung-zu-griechenland","status":"publish","type":"post","link":"https:\/\/now-news.de\/de\/deutschland\/erdogan-in-athen-tuerkei-sucht-die-annaeherung-zu-griechenland\/","title":{"rendered":"Erdo\u011fan in Athen: T\u00fcrkei sucht die Ann\u00e4herung zu Griechenland"},"content":{"rendered":"<p><img decoding=\"async\" src=\"http:\/\/just-now.news\/de\/wp-content\/uploads\/sites\/3\/2023\/12\/657303ae48fbef04735d6dae.jpg\" \/><\/p>\n<div class=\"Text-root Text-type_1 \">\n                In den vergangenen Jahren waren die griechisch-t\u00fcrkischen Beziehungen oft derart angespannt, dass ein milit\u00e4rischer Konflikt zwischen den beiden NATO-Staaten nicht mehr ausgeschlossen schien.\u00a0Nun n\u00e4hern sich die Nachbarl\u00e4nder einander wieder an.\n            <\/div>\n<p><\/p>\n<div class=\"Text-root Text-type_5 ArticleView-text ViewText-root \">\n<p>Bei einem Besuch in\u00a0Athen\u00a0k\u00fcndigte der t\u00fcrkische Pr\u00e4sident Recep Tayyip Erdo\u011fan ein neues Kapitel in den Beziehungen zum Erzrivalen\u00a0Griechenland\u00a0an. Die\u00a0Beziehungen zwischen den L\u00e4ndern kamen einem m\u00f6glichen hei\u00dfen Krieg im Jahr 2020 sehr nahe, als t\u00fcrkische und griechische Kriegsschiffe wegen einer Meinungsverschiedenheit \u00fcber Erdgasbohrungen im Zusammenhang mit ausschlie\u00dflichen Wirtschaftszonen im Mittelmeer kollidierten. Bei dem Streit\u00a0ging es insbesondere immer wieder um die Frage der Abgrenzung von Hoheitsgebieten in der \u00c4g\u00e4is. Vor zwei Jahren f\u00fchlte sich Ankara unter anderem von einem aufstrebenden B\u00fcndnis aus Griechenland, Zypern, Israel und \u00c4gypten im \u00f6stlichen Mittelmeer eingekreist, das von Washington unterst\u00fctzt wurde.<\/p>\n<p>Der t\u00fcrkische Staatspr\u00e4sident und der griechische Ministerpr\u00e4sident Kyriakos Mitsotakis \u00e4u\u00dferten sich nach ihrem Treffen in Athen am Donnerstag optimistisch \u00fcber die k\u00fcnftigen Beziehungen ihrer L\u00e4nder. Nach einem Gespr\u00e4ch von etwa eineinhalb Stunden Dauer sagte Mitsotakis, dass Griechenland und die T\u00fcrkei in Frieden leben, L\u00f6sungen f\u00fcr ihre Konflikte finden und Krisen vermeiden m\u00fcssten. Auch Erdo\u011fan setzte den vers\u00f6hnlichen Ton fort.\u00a0<\/p>\n<p>Der griechische Migrationsminister Dimitris Kairidis erkl\u00e4rte diese Woche, dass die K\u00fcstenwachen der beiden L\u00e4nder in den vergangenen Monaten in Migrationsfragen reibungslos zusammengearbeitet h\u00e4tten. Zudem hoffen Griechenland und die Europ\u00e4ische Union, ihr Migrationsabkommen von 2016 mit Ankara zu aktualisieren. Der Versuch der\u00a0T\u00fcrkei\u00a0im Februar und M\u00e4rz des Jahres 2020, Griechenland sowie die gesamte EU unter Druck zu setzen, indem Migranten an die griechisch-t\u00fcrkische Grenze in Thrakien gebracht wurden, hatte damals die Beziehungen verschlechtert.<\/p>\n<p>Verst\u00e4rkte Zusammenarbeit soll es k\u00fcnftig in Bereichen wie\u00a0Tourismus, Handel, Energie, aber auch Migration, Technologie und Bildung geben.\u00a0Erdo\u011fan m\u00f6chte den EU-Beitrittskurs der T\u00fcrkei wiederbeleben, um westliche Investoren zur\u00fcckzuholen. Aktuell stehe Ankara gegen\u00fcber Athen in einer besseren Position.\u00a0Es habe seine Beziehungen zu Israel und \u00c4gypten wiederhergestellt, und die Beziehungen zu Washington schienen mit der endg\u00fcltigen Vereinbarung \u00fcber den Beitritt Schwedens zur\u00a0NATO auf dem richtigen Weg zu sein, kommentierte\u00a0<em>Middle East Eye.<\/em><\/p>\n<p><strong>Mehr zum Thema<\/strong> \u2013 <a rel=\"nofollow noopener\" target=\"_blank\" href=\"https:\/\/freeassange.rtde.life\/international\/189136-sollten-hamas-mitglieder-in-tuerkei-verfolgt-werden-erdogan-droht-israel\/\">Erdo\u011fan droht Israel: Verfolgung von Hamas-Leuten in der T\u00fcrkei wird ger\u00e4cht<\/a><\/p>\n<div class=\"EmbedBlock-root EmbedBlock-externalVideo EmbedBlock-odysee\">\n<div class=\"VkEmbed\"><iframe class=\"lazyload\" data-src=\"https:\/\/odysee.com\/%24\/embed\/%40RTDE%3Ae%2FIranischer-Pr%C3%A4sident-Raisi-in-Moskau---Zeitenwende--in-Nahost-Politik-%3Ad\" frameborder=\"0\" width=\"853\" height=\"480\" allowfullscreen><\/iframe><\/div>\n<\/div>\n<\/div>\n<p><br \/>\n<br \/><a href=\"https:\/\/de.rt.com\/international\/189307-erdogan-in-athen-tuerkei-sucht\/\">Source link <\/a><\/p>\n","protected":false},"excerpt":{"rendered":"<p>In den vergangenen Jahren waren die griechisch-t\u00fcrkischen Beziehungen oft derart angespannt, dass ein milit\u00e4rischer Konflikt zwischen den beiden NATO-Staaten nicht mehr ausgeschlossen schien.\u00a0Nun n\u00e4hern sich die Nachbarl\u00e4nder einander wieder an. Bei einem Besuch in\u00a0Athen\u00a0k\u00fcndigte der t\u00fcrkische Pr\u00e4sident Recep Tayyip Erdo\u011fan ein neues Kapitel in den Beziehungen zum Erzrivalen\u00a0Griechenland\u00a0an. Die\u00a0Beziehungen zwischen den L\u00e4ndern kamen einem m\u00f6glichen [&hellip;]<\/p>\n","protected":false},"author":3,"featured_media":51189,"comment_status":"open","ping_status":"open","sticky":false,"template":"","format":"standard","meta":{"_yoast_indexnow_last_ping":["1702041695"],"wp_automatic_camp":["217"],"20868672063b4fdb0e6d839cd019d98c":["Erdo\u011fan in Athen: T\u00fcrkei sucht die Ann\u00e4herung zu Griechenland"],"original_link":["https:\/\/de.rt.com\/international\/189307-erdogan-in-athen-tuerkei-sucht\/"],"_thumbnail_id":["51189"],"_wptgpro_p2tg_sent2tg":["a:1:{i:23737;s:19:\"2023-12-08 15:23:09\";}"],"jnews_social_counter_last_update":["1777171083"]},"categories":[19,23],"tags":[18748,396,45,13697,22004,26422,1897],"yoast_head":"<!-- This site is optimized with the Yoast SEO Premium plugin v22.7 (Yoast SEO v22.7) - https:\/\/yoast.com\/wordpress\/plugins\/seo\/ -->\n<title>Erdo\u011fan in Athen: T\u00fcrkei sucht die Ann\u00e4herung zu Griechenland - just-now.NEWS Deutschland<\/title>\n<meta name=\"robots\" content=\"index, follow, max-snippet:-1, max-image-preview:large, max-video-preview:-1\" \/>\n<link rel=\"canonical\" href=\"https:\/\/now-news.de\/de\/deutschland\/erdogan-in-athen-tuerkei-sucht-die-annaeherung-zu-griechenland\/\" \/>\n<meta property=\"og:locale\" content=\"de_DE\" \/>\n<meta property=\"og:type\" content=\"article\" \/>\n<meta property=\"og:title\" content=\"Erdo\u011fan in Athen: T\u00fcrkei sucht die Ann\u00e4herung zu Griechenland\" \/>\n<meta property=\"og:description\" content=\"In den vergangenen Jahren waren die griechisch-t\u00fcrkischen Beziehungen oft derart angespannt, dass ein milit\u00e4rischer Konflikt zwischen den beiden NATO-Staaten nicht mehr ausgeschlossen schien.\u00a0Nun n\u00e4hern sich die Nachbarl\u00e4nder einander wieder an. Bei einem Besuch in\u00a0Athen\u00a0k\u00fcndigte der t\u00fcrkische Pr\u00e4sident Recep Tayyip Erdo\u011fan ein neues Kapitel in den Beziehungen zum Erzrivalen\u00a0Griechenland\u00a0an. Die\u00a0Beziehungen zwischen den L\u00e4ndern kamen einem m\u00f6glichen [&hellip;]\" \/>\n<meta property=\"og:url\" content=\"https:\/\/now-news.de\/de\/deutschland\/erdogan-in-athen-tuerkei-sucht-die-annaeherung-zu-griechenland\/\" \/>\n<meta property=\"og:site_name\" content=\"just-now.NEWS Deutschland\" \/>\n<meta property=\"article:publisher\" content=\"https:\/\/www.facebook.com\/wirmachenauf\" \/>\n<meta property=\"article:published_time\" content=\"2023-12-08T13:19:42+00:00\" \/>\n<meta property=\"og:image\" content=\"https:\/\/now-news.de\/de\/wp-content\/uploads\/sites\/3\/2023\/12\/Erdogan-in-Athen-Tuerkei-sucht-die-Annaeherung-zu-Griechenland.jpg\" \/>\n\t<meta property=\"og:image:width\" content=\"460\" \/>\n\t<meta property=\"og:image:height\" content=\"259\" \/>\n\t<meta property=\"og:image:type\" content=\"image\/jpeg\" \/>\n<meta name=\"author\" content=\"rtnews\" \/>\n<meta name=\"twitter:card\" content=\"summary_large_image\" \/>\n<meta name=\"twitter:creator\" content=\"@WirMachenAuf_de\" \/>\n<meta name=\"twitter:site\" content=\"@WirMachenAuf_de\" \/>\n<meta name=\"twitter:label1\" content=\"Verfasst von\" \/>\n\t<meta name=\"twitter:data1\" content=\"rtnews\" \/>\n\t<meta name=\"twitter:label2\" content=\"Gesch\u00e4tzte Lesezeit\" \/>\n\t<meta name=\"twitter:data2\" content=\"2\u00a0Minuten\" \/>\n<script type=\"application\/ld+json\" class=\"yoast-schema-graph\">{\"@context\":\"https:\/\/schema.org\",\"@graph\":[{\"@type\":\"Article\",\"@id\":\"https:\/\/now-news.de\/de\/deutschland\/erdogan-in-athen-tuerkei-sucht-die-annaeherung-zu-griechenland\/#article\",\"isPartOf\":{\"@id\":\"https:\/\/now-news.de\/de\/deutschland\/erdogan-in-athen-tuerkei-sucht-die-annaeherung-zu-griechenland\/\"},\"author\":{\"name\":\"rtnews\",\"@id\":\"https:\/\/now-news.de\/de\/#\/schema\/person\/fb534a4e865501d8b3285208df34a9b5\"},\"headline\":\"Erdo\u011fan in Athen: T\u00fcrkei sucht die Ann\u00e4herung zu Griechenland\",\"datePublished\":\"2023-12-08T13:19:42+00:00\",\"dateModified\":\"2023-12-08T13:19:42+00:00\",\"mainEntityOfPage\":{\"@id\":\"https:\/\/now-news.de\/de\/deutschland\/erdogan-in-athen-tuerkei-sucht-die-annaeherung-zu-griechenland\/\"},\"wordCount\":411,\"commentCount\":0,\"publisher\":{\"@id\":\"https:\/\/now-news.de\/de\/#organization\"},\"image\":{\"@id\":\"https:\/\/now-news.de\/de\/deutschland\/erdogan-in-athen-tuerkei-sucht-die-annaeherung-zu-griechenland\/#primaryimage\"},\"thumbnailUrl\":\"https:\/\/now-news.de\/de\/wp-content\/uploads\/sites\/3\/2023\/12\/Erdogan-in-Athen-Tuerkei-sucht-die-Annaeherung-zu-Griechenland.jpg\",\"keywords\":[\"Ann\u00e4herung\",\"Athen\",\"die\",\"Erdo\u011fan\",\"Griechenland\",\"sucht\",\"T\u00fcrkei\"],\"articleSection\":[\"Deutschland\",\"Russland\"],\"inLanguage\":\"de\",\"potentialAction\":[{\"@type\":\"CommentAction\",\"name\":\"Comment\",\"target\":[\"https:\/\/now-news.de\/de\/deutschland\/erdogan-in-athen-tuerkei-sucht-die-annaeherung-zu-griechenland\/#respond\"]}]},{\"@type\":\"WebPage\",\"@id\":\"https:\/\/now-news.de\/de\/deutschland\/erdogan-in-athen-tuerkei-sucht-die-annaeherung-zu-griechenland\/\",\"url\":\"https:\/\/now-news.de\/de\/deutschland\/erdogan-in-athen-tuerkei-sucht-die-annaeherung-zu-griechenland\/\",\"name\":\"Erdo\u011fan in Athen: T\u00fcrkei sucht die Ann\u00e4herung zu Griechenland - just-now.NEWS Deutschland\",\"isPartOf\":{\"@id\":\"https:\/\/now-news.de\/de\/#website\"},\"primaryImageOfPage\":{\"@id\":\"https:\/\/now-news.de\/de\/deutschland\/erdogan-in-athen-tuerkei-sucht-die-annaeherung-zu-griechenland\/#primaryimage\"},\"image\":{\"@id\":\"https:\/\/now-news.de\/de\/deutschland\/erdogan-in-athen-tuerkei-sucht-die-annaeherung-zu-griechenland\/#primaryimage\"},\"thumbnailUrl\":\"https:\/\/now-news.de\/de\/wp-content\/uploads\/sites\/3\/2023\/12\/Erdogan-in-Athen-Tuerkei-sucht-die-Annaeherung-zu-Griechenland.jpg\",\"datePublished\":\"2023-12-08T13:19:42+00:00\",\"dateModified\":\"2023-12-08T13:19:42+00:00\",\"breadcrumb\":{\"@id\":\"https:\/\/now-news.de\/de\/deutschland\/erdogan-in-athen-tuerkei-sucht-die-annaeherung-zu-griechenland\/#breadcrumb\"},\"inLanguage\":\"de\",\"potentialAction\":[{\"@type\":\"ReadAction\",\"target\":[\"https:\/\/now-news.de\/de\/deutschland\/erdogan-in-athen-tuerkei-sucht-die-annaeherung-zu-griechenland\/\"]}]},{\"@type\":\"ImageObject\",\"inLanguage\":\"de\",\"@id\":\"https:\/\/now-news.de\/de\/deutschland\/erdogan-in-athen-tuerkei-sucht-die-annaeherung-zu-griechenland\/#primaryimage\",\"url\":\"https:\/\/now-news.de\/de\/wp-content\/uploads\/sites\/3\/2023\/12\/Erdogan-in-Athen-Tuerkei-sucht-die-Annaeherung-zu-Griechenland.jpg\",\"contentUrl\":\"https:\/\/now-news.de\/de\/wp-content\/uploads\/sites\/3\/2023\/12\/Erdogan-in-Athen-Tuerkei-sucht-die-Annaeherung-zu-Griechenland.jpg\",\"width\":460,\"height\":259,\"caption\":\"Erdo\u011fan in Athen: T\u00fcrkei sucht die Ann\u00e4herung zu Griechenland\"},{\"@type\":\"BreadcrumbList\",\"@id\":\"https:\/\/now-news.de\/de\/deutschland\/erdogan-in-athen-tuerkei-sucht-die-annaeherung-zu-griechenland\/#breadcrumb\",\"itemListElement\":[{\"@type\":\"ListItem\",\"position\":1,\"name\":\"Home\",\"item\":\"https:\/\/now-news.de\/de\/\"},{\"@type\":\"ListItem\",\"position\":2,\"name\":\"Erdo\u011fan in Athen: T\u00fcrkei sucht die Ann\u00e4herung zu Griechenland\"}]},{\"@type\":\"WebSite\",\"@id\":\"https:\/\/now-news.de\/de\/#website\",\"url\":\"https:\/\/now-news.de\/de\/\",\"name\":\"just-now.NEWS Deutschland\",\"description\":\"Das Portal f\u00fcr unzensierte Nachrichten aus der Welt\",\"publisher\":{\"@id\":\"https:\/\/now-news.de\/de\/#organization\"},\"potentialAction\":[{\"@type\":\"SearchAction\",\"target\":{\"@type\":\"EntryPoint\",\"urlTemplate\":\"https:\/\/now-news.de\/de\/?s={search_term_string}\"},\"query-input\":\"required name=search_term_string\"}],\"inLanguage\":\"de\"},{\"@type\":\"Organization\",\"@id\":\"https:\/\/now-news.de\/de\/#organization\",\"name\":\"Just Now News\",\"url\":\"https:\/\/now-news.de\/de\/\",\"logo\":{\"@type\":\"ImageObject\",\"inLanguage\":\"de\",\"@id\":\"https:\/\/now-news.de\/de\/#\/schema\/logo\/image\/\",\"url\":\"http:\/\/just-now.news\/de\/wp-content\/uploads\/sites\/3\/2022\/04\/logo500x500.jpg\",\"contentUrl\":\"http:\/\/just-now.news\/de\/wp-content\/uploads\/sites\/3\/2022\/04\/logo500x500.jpg\",\"width\":500,\"height\":500,\"caption\":\"Just Now News\"},\"image\":{\"@id\":\"https:\/\/now-news.de\/de\/#\/schema\/logo\/image\/\"},\"sameAs\":[\"https:\/\/www.facebook.com\/wirmachenauf\",\"https:\/\/x.com\/WirMachenAuf_de\"]},{\"@type\":\"Person\",\"@id\":\"https:\/\/now-news.de\/de\/#\/schema\/person\/fb534a4e865501d8b3285208df34a9b5\",\"name\":\"rtnews\",\"image\":{\"@type\":\"ImageObject\",\"inLanguage\":\"de\",\"@id\":\"https:\/\/now-news.de\/de\/#\/schema\/person\/image\/\",\"url\":\"https:\/\/secure.gravatar.com\/avatar\/82aafea7d8127119dd649515f56e2117?s=96&d=mm&r=g\",\"contentUrl\":\"https:\/\/secure.gravatar.com\/avatar\/82aafea7d8127119dd649515f56e2117?s=96&d=mm&r=g\",\"caption\":\"rtnews\"},\"url\":\"https:\/\/now-news.de\/de\/author\/rnews\/\"}]}<\/script>\n<!-- \/ Yoast SEO Premium plugin. -->","yoast_head_json":{"title":"Erdo\u011fan in Athen: T\u00fcrkei sucht die Ann\u00e4herung zu Griechenland - just-now.NEWS Deutschland","robots":{"index":"index","follow":"follow","max-snippet":"max-snippet:-1","max-image-preview":"max-image-preview:large","max-video-preview":"max-video-preview:-1"},"canonical":"https:\/\/now-news.de\/de\/deutschland\/erdogan-in-athen-tuerkei-sucht-die-annaeherung-zu-griechenland\/","og_locale":"de_DE","og_type":"article","og_title":"Erdo\u011fan in Athen: T\u00fcrkei sucht die Ann\u00e4herung zu Griechenland","og_description":"In den vergangenen Jahren waren die griechisch-t\u00fcrkischen Beziehungen oft derart angespannt, dass ein milit\u00e4rischer Konflikt zwischen den beiden NATO-Staaten nicht mehr ausgeschlossen schien.\u00a0Nun n\u00e4hern sich die Nachbarl\u00e4nder einander wieder an. Bei einem Besuch in\u00a0Athen\u00a0k\u00fcndigte der t\u00fcrkische Pr\u00e4sident Recep Tayyip Erdo\u011fan ein neues Kapitel in den Beziehungen zum Erzrivalen\u00a0Griechenland\u00a0an. Die\u00a0Beziehungen zwischen den L\u00e4ndern kamen einem m\u00f6glichen [&hellip;]","og_url":"https:\/\/now-news.de\/de\/deutschland\/erdogan-in-athen-tuerkei-sucht-die-annaeherung-zu-griechenland\/","og_site_name":"just-now.NEWS Deutschland","article_publisher":"https:\/\/www.facebook.com\/wirmachenauf","article_published_time":"2023-12-08T13:19:42+00:00","og_image":[{"width":460,"height":259,"url":"https:\/\/now-news.de\/de\/wp-content\/uploads\/sites\/3\/2023\/12\/Erdogan-in-Athen-Tuerkei-sucht-die-Annaeherung-zu-Griechenland.jpg","type":"image\/jpeg"}],"author":"rtnews","twitter_card":"summary_large_image","twitter_creator":"@WirMachenAuf_de","twitter_site":"@WirMachenAuf_de","twitter_misc":{"Verfasst von":"rtnews","Gesch\u00e4tzte Lesezeit":"2\u00a0Minuten"},"schema":{"@context":"https:\/\/schema.org","@graph":[{"@type":"Article","@id":"https:\/\/now-news.de\/de\/deutschland\/erdogan-in-athen-tuerkei-sucht-die-annaeherung-zu-griechenland\/#article","isPartOf":{"@id":"https:\/\/now-news.de\/de\/deutschland\/erdogan-in-athen-tuerkei-sucht-die-annaeherung-zu-griechenland\/"},"author":{"name":"rtnews","@id":"https:\/\/now-news.de\/de\/#\/schema\/person\/fb534a4e865501d8b3285208df34a9b5"},"headline":"Erdo\u011fan in Athen: T\u00fcrkei sucht die Ann\u00e4herung zu Griechenland","datePublished":"2023-12-08T13:19:42+00:00","dateModified":"2023-12-08T13:19:42+00:00","mainEntityOfPage":{"@id":"https:\/\/now-news.de\/de\/deutschland\/erdogan-in-athen-tuerkei-sucht-die-annaeherung-zu-griechenland\/"},"wordCount":411,"commentCount":0,"publisher":{"@id":"https:\/\/now-news.de\/de\/#organization"},"image":{"@id":"https:\/\/now-news.de\/de\/deutschland\/erdogan-in-athen-tuerkei-sucht-die-annaeherung-zu-griechenland\/#primaryimage"},"thumbnailUrl":"https:\/\/now-news.de\/de\/wp-content\/uploads\/sites\/3\/2023\/12\/Erdogan-in-Athen-Tuerkei-sucht-die-Annaeherung-zu-Griechenland.jpg","keywords":["Ann\u00e4herung","Athen","die","Erdo\u011fan","Griechenland","sucht","T\u00fcrkei"],"articleSection":["Deutschland","Russland"],"inLanguage":"de","potentialAction":[{"@type":"CommentAction","name":"Comment","target":["https:\/\/now-news.de\/de\/deutschland\/erdogan-in-athen-tuerkei-sucht-die-annaeherung-zu-griechenland\/#respond"]}]},{"@type":"WebPage","@id":"https:\/\/now-news.de\/de\/deutschland\/erdogan-in-athen-tuerkei-sucht-die-annaeherung-zu-griechenland\/","url":"https:\/\/now-news.de\/de\/deutschland\/erdogan-in-athen-tuerkei-sucht-die-annaeherung-zu-griechenland\/","name":"Erdo\u011fan in Athen: T\u00fcrkei sucht die Ann\u00e4herung zu Griechenland - just-now.NEWS Deutschland","isPartOf":{"@id":"https:\/\/now-news.de\/de\/#website"},"primaryImageOfPage":{"@id":"https:\/\/now-news.de\/de\/deutschland\/erdogan-in-athen-tuerkei-sucht-die-annaeherung-zu-griechenland\/#primaryimage"},"image":{"@id":"https:\/\/now-news.de\/de\/deutschland\/erdogan-in-athen-tuerkei-sucht-die-annaeherung-zu-griechenland\/#primaryimage"},"thumbnailUrl":"https:\/\/now-news.de\/de\/wp-content\/uploads\/sites\/3\/2023\/12\/Erdogan-in-Athen-Tuerkei-sucht-die-Annaeherung-zu-Griechenland.jpg","datePublished":"2023-12-08T13:19:42+00:00","dateModified":"2023-12-08T13:19:42+00:00","breadcrumb":{"@id":"https:\/\/now-news.de\/de\/deutschland\/erdogan-in-athen-tuerkei-sucht-die-annaeherung-zu-griechenland\/#breadcrumb"},"inLanguage":"de","potentialAction":[{"@type":"ReadAction","target":["https:\/\/now-news.de\/de\/deutschland\/erdogan-in-athen-tuerkei-sucht-die-annaeherung-zu-griechenland\/"]}]},{"@type":"ImageObject","inLanguage":"de","@id":"https:\/\/now-news.de\/de\/deutschland\/erdogan-in-athen-tuerkei-sucht-die-annaeherung-zu-griechenland\/#primaryimage","url":"https:\/\/now-news.de\/de\/wp-content\/uploads\/sites\/3\/2023\/12\/Erdogan-in-Athen-Tuerkei-sucht-die-Annaeherung-zu-Griechenland.jpg","contentUrl":"https:\/\/now-news.de\/de\/wp-content\/uploads\/sites\/3\/2023\/12\/Erdogan-in-Athen-Tuerkei-sucht-die-Annaeherung-zu-Griechenland.jpg","width":460,"height":259,"caption":"Erdo\u011fan in Athen: T\u00fcrkei sucht die Ann\u00e4herung zu Griechenland"},{"@type":"BreadcrumbList","@id":"https:\/\/now-news.de\/de\/deutschland\/erdogan-in-athen-tuerkei-sucht-die-annaeherung-zu-griechenland\/#breadcrumb","itemListElement":[{"@type":"ListItem","position":1,"name":"Home","item":"https:\/\/now-news.de\/de\/"},{"@type":"ListItem","position":2,"name":"Erdo\u011fan in Athen: T\u00fcrkei sucht die Ann\u00e4herung zu Griechenland"}]},{"@type":"WebSite","@id":"https:\/\/now-news.de\/de\/#website","url":"https:\/\/now-news.de\/de\/","name":"just-now.NEWS Deutschland","description":"Das Portal f\u00fcr unzensierte Nachrichten aus der Welt","publisher":{"@id":"https:\/\/now-news.de\/de\/#organization"},"potentialAction":[{"@type":"SearchAction","target":{"@type":"EntryPoint","urlTemplate":"https:\/\/now-news.de\/de\/?s={search_term_string}"},"query-input":"required name=search_term_string"}],"inLanguage":"de"},{"@type":"Organization","@id":"https:\/\/now-news.de\/de\/#organization","name":"Just Now News","url":"https:\/\/now-news.de\/de\/","logo":{"@type":"ImageObject","inLanguage":"de","@id":"https:\/\/now-news.de\/de\/#\/schema\/logo\/image\/","url":"http:\/\/just-now.news\/de\/wp-content\/uploads\/sites\/3\/2022\/04\/logo500x500.jpg","contentUrl":"http:\/\/just-now.news\/de\/wp-content\/uploads\/sites\/3\/2022\/04\/logo500x500.jpg","width":500,"height":500,"caption":"Just Now News"},"image":{"@id":"https:\/\/now-news.de\/de\/#\/schema\/logo\/image\/"},"sameAs":["https:\/\/www.facebook.com\/wirmachenauf","https:\/\/x.com\/WirMachenAuf_de"]},{"@type":"Person","@id":"https:\/\/now-news.de\/de\/#\/schema\/person\/fb534a4e865501d8b3285208df34a9b5","name":"rtnews","image":{"@type":"ImageObject","inLanguage":"de","@id":"https:\/\/now-news.de\/de\/#\/schema\/person\/image\/","url":"https:\/\/secure.gravatar.com\/avatar\/82aafea7d8127119dd649515f56e2117?s=96&d=mm&r=g","contentUrl":"https:\/\/secure.gravatar.com\/avatar\/82aafea7d8127119dd649515f56e2117?s=96&d=mm&r=g","caption":"rtnews"},"url":"https:\/\/now-news.de\/de\/author\/rnews\/"}]}},"_links":{"self":[{"href":"https:\/\/now-news.de\/de\/wp-json\/wp\/v2\/posts\/51188"}],"collection":[{"href":"https:\/\/now-news.de\/de\/wp-json\/wp\/v2\/posts"}],"about":[{"href":"https:\/\/now-news.de\/de\/wp-json\/wp\/v2\/types\/post"}],"author":[{"embeddable":true,"href":"https:\/\/now-news.de\/de\/wp-json\/wp\/v2\/users\/3"}],"replies":[{"embeddable":true,"href":"https:\/\/now-news.de\/de\/wp-json\/wp\/v2\/comments?post=51188"}],"version-history":[{"count":0,"href":"https:\/\/now-news.de\/de\/wp-json\/wp\/v2\/posts\/51188\/revisions"}],"wp:featuredmedia":[{"embeddable":true,"href":"https:\/\/now-news.de\/de\/wp-json\/wp\/v2\/media\/51189"}],"wp:attachment":[{"href":"https:\/\/now-news.de\/de\/wp-json\/wp\/v2\/media?parent=51188"}],"wp:term":[{"taxonomy":"category","embeddable":true,"href":"https:\/\/now-news.de\/de\/wp-json\/wp\/v2\/categories?post=51188"},{"taxonomy":"post_tag","embeddable":true,"href":"https:\/\/now-news.de\/de\/wp-json\/wp\/v2\/tags?post=51188"}],"curies":[{"name":"wp","href":"https:\/\/api.w.org\/{rel}","templated":true}]}}