{"id":50888,"date":"2023-12-03T20:33:25","date_gmt":"2023-12-03T18:33:25","guid":{"rendered":"https:\/\/just-now.news\/de\/deutschland\/blamage-fuer-die-osze-eine-internationale-organisation-macht-sich-ueberfluessig\/"},"modified":"2023-12-03T20:33:25","modified_gmt":"2023-12-03T18:33:25","slug":"blamage-fuer-die-osze-eine-internationale-organisation-macht-sich-ueberfluessig","status":"publish","type":"post","link":"https:\/\/now-news.de\/de\/deutschland\/blamage-fuer-die-osze-eine-internationale-organisation-macht-sich-ueberfluessig\/","title":{"rendered":"Blamage f\u00fcr die OSZE \u2013 Eine internationale Organisation macht sich \u00fcberfl\u00fcssig"},"content":{"rendered":"<p><img decoding=\"async\" src=\"http:\/\/just-now.news\/de\/wp-content\/uploads\/sites\/3\/2023\/12\/656c589048fbef61326f7696.jpg\" \/><\/p>\n<div class=\"Text-root Text-type_1 \">\n                War das Treffen der Au\u00dfenminister der OSZE-Mitglieder im nordmazedonischen Skopje der Anfang vom Ende dieser Organisation oder eine Wiederbelebung ihrer Gr\u00fcndungsprinzipien? Dar\u00fcber scheiden sich die Geister.\n            <\/div>\n<p><\/p>\n<div class=\"Text-root Text-type_5 ArticleView-text ViewText-root \">\n<p><em>Von Marinko U\u010dur<\/em><\/p>\n<p>Bujar Osmani, ein ethnischer Albaner und Au\u00dfenminister Nordmazedoniens, musste letzte Woche eine undankbare Rolle \u00fcbernehmen. Sein Land, das aktuell den Vorsitz in der\u00a0Organisation f\u00fcr Sicherheit und Zusammenarbeit in Europa (OSZE) innehat, hat die organisatorischen Herausforderungen des Treffens, an dem Delegationen aus 57 OSZE-Mitgliedsl\u00e4ndern mit 1.000 Delegierten und insgesamt 76 Delegationen teilnahmen, relativ erfolgreich gemeistert.<\/p>\n<p>Wenn man jedoch die Eindr\u00fccke aus Skopje und den Umfang dieser Veranstaltung zusammenfassen w\u00fcrde, die als eine Debatte \u00fcber die Zukunft dieser Organisation und \u00fcber die bevorstehenden Herausforderungen konzipiert war, k\u00f6nnte man sich des Eindrucks nicht erwehren, dass sich die OSZE weit von der ihr 1975 in der Schlussakte von Helsinki zugeschriebenen Rolle entfernt hat.\u00a0Abgesehen vom erreichten Konsens, wonach Malta im Jahr 2024 den OSZE-Vorsitz \u00fcbernehmen soll, war alles andere, was sich im Sportzentrum &#8220;Boris Trajkovski&#8221; ereignete, eher f\u00fcr die Spalten der Boulevardpresse gedacht.<\/p>\n<p>Die breite \u00d6ffentlichkeit konnte die orchestrierten Beitr\u00e4ge fast aller Delegationen beobachten, die in der Regel darauf hinausliefen, Russland wegen seiner milit\u00e4rischen Sonderoperation in der Ukraine zu verurteilen. An einem Punkt schien es, dass der OSZE-Ministerrat mit dem Ziel organisiert wurde, Russland ins Visier zu nehmen und jene anzuprangern, die zu zaghaft auf der ukrainischen oder \u2013 schlimmer noch \u2013 auf der russischen Seite stehen.<\/p>\n<p>Die ehemalige KSZE (Konferenz \u00fcber Sicherheit und Zusammenarbeit in Europa), die gegr\u00fcndet wurde, um zur Entspannung zwischen Ost und West beizutragen, hat offensichtlich ihren Sinn verloren und ist selbst zu einer Marionette des Westens geworden. Die Reden zahlreicher Beamter,\u00a0die einigen die Rolle des Opfers und den anderen die Rolle des Aggressors zugedacht haben, klangen exakt gleich, als k\u00e4men sie aus derselben Feder.\u00a0<\/p>\n<p>In welche Richtung die Diskussionen gehen werden, deutete sich gleich zu Beginn des Ministerrats an, als der Premierminister des Gastgeberlandes, Dimitar Kova\u010devski, in der Er\u00f6ffnungsrede darauf hinwies, dass die zentrale Priorit\u00e4t der Pr\u00e4sidentschaft seines Landes darin bestehe, eine wesentliche Unterst\u00fctzung f\u00fcr die Ukraine und ihr Volk zu leisten. Und er behauptete, dass der Krieg die Grundlagen der OSZE untergrabe. Dabei wurden die Grundlagen der OSZE\u00a0schon vor langer Zeit untergraben, am heftigsten im Jahr 1999, als die Bundesrepublik Jugoslawien, damals ein souver\u00e4ner Staat, von NATO-Bomben getroffen wurde.<\/p>\n<p>Niemand erinnerte daran au\u00dfer dem russischen Au\u00dfenminister Sergei Lawrow, der es sich nicht nehmen lie\u00df, auf diesen und auf einige andere Pr\u00e4zedenzf\u00e4lle hinzuweisen, in denen der Westen und auch die OSZE selbst gegen ihre urspr\u00fcnglichen Grunds\u00e4tze auf den Gebieten der Sicherheit, der Menschenrechte, der R\u00fcstungskontrolle und der Pressefreiheit versto\u00dfen hatten. Bereits damals sei alles ausgeh\u00f6hlt worden, erinnerte der russische Diplomat die Anwesenden, ohne sich darum zu k\u00fcmmern, dass sein Vortrag von der Ukraine, Polen und den baltischen Staaten boykottiert wurde.<\/p>\n<p>Schlagzeilen in der Berichterstattung \u00fcber das OSZE-Au\u00dfenministertreffen machte ein weiterer Boykott. US-Au\u00dfenminister Anthony Blinken hatte n\u00e4mlich nach einem kurzen Gespr\u00e4ch mit nordmazedonischen Beamten und einem gemeinsamen Foto mit den Teilnehmern des Treffens die Hauptstadt des Gastgeberlandes schnell wieder verlassen. Einige interpretierten das als den Wunsch einer Konfrontation mit Lawrow zu entgehen, w\u00e4hrend andere diese Handlung mit den Verpflichtungen des amerikanischen Diplomaten gegen\u00fcber Israel begr\u00fcndeten, wohin er sich aus Skopje auf den Weg machte.<\/p>\n<p>Die Kolumnistin Olivera Ikodinovi\u0107 betitelte ihren Artikel im serbischen <em>Sputnik<\/em> sarkastisch:<\/p>\n<blockquote>\n<p><em>&#8220;Auf der Flucht vor Lawrow gestand Blinken Amerikas Niederlage.&#8221;<\/em><\/p>\n<\/blockquote>\n<p>Gibt es einen Grund zu der Annahme, dass Blinken seinen Gleichgesinnten etwaige Anweisungen erteilt hat? Sicherlich, denn was sich w\u00e4hrend des zweit\u00e4gigen Treffens ereignete, war eine wahre Kanonade von Vorw\u00fcrfen gegen die Russische F\u00f6deration. Obwohl die Vereinigten Staaten kein offizielles Mitglied der OSZE sind, wollen sie durch ihre Teilnahme an deren Aktivit\u00e4ten \u00fcber bestimmte Marionettenregime und Regierungen eine klare Botschaft senden, dass die OSZE unter ihrer Kontrolle steht.<\/p>\n<p>Es liegt auf der Hand, dass Polen einst auf Gehei\u00df der Vereinigten Staaten darauf verzichtete, Russland zum vorangegangenen Treffen der OSZE einzuladen, was die Mission und den Ruf dieser Organisation weiter untergrub. All dies sind die Folgen zahlreicher Missbr\u00e4uche und Pr\u00e4zedenzf\u00e4lle, die sich h\u00e4ufen, seit die OSZE zu einem Instrument der US-amerikanischen Politik wurde.<\/p>\n<p>Die Gr\u00e4ben innerhalb der OSZE seien noch nie so gro\u00df gewesen, so die einhellige Einsch\u00e4tzung, und die Blockade bestimmter Entscheidungen habe die Zukunft dieser Organisation geradezu infrage gestellt. Letztendlich bleibt eine Frage offen: Wurden die Teilnehmer des Treffens letzte Woche in Skopje Zeugen des Anfangs vom Ende oder der Wiederbelebung der OSZE? Viele Reporter neigen zu der Annahme, dass\u00a0dies der Beginn einer &#8220;Wiederbelebung der Organisation&#8221; und der R\u00fcckkehr zu ihren Gr\u00fcndungsprinzipien war, obwohl die Organisation angesichts der wichtigsten Sicherheitsherausforderungen in der Welt Ohnmacht und Spaltung gezeigt hat.<\/p>\n<p><strong> Mehr zum Thema<\/strong> &#8211; <a rel=\"nofollow noopener\" target=\"_blank\" href=\"https:\/\/freedert.online\/international\/188692-lawrow-westlicher-breakdance-blockiert-friedenshoffnungen-mit-ukraine\/\">Lawrow: Westlicher &#8220;Breakdance&#8221; blockiert Friedenshoffnungen mit der Ukraine<\/a><\/p>\n<\/p>\n<\/div>\n<p><br \/>\n<br \/><a href=\"https:\/\/de.rt.com\/meinung\/188819-blamage-fuer-osze-internationale-organisation\/\">Source link <\/a><\/p>\n","protected":false},"excerpt":{"rendered":"<p>War das Treffen der Au\u00dfenminister der OSZE-Mitglieder im nordmazedonischen Skopje der Anfang vom Ende dieser Organisation oder eine Wiederbelebung ihrer Gr\u00fcndungsprinzipien? Dar\u00fcber scheiden sich die Geister. Von Marinko U\u010dur Bujar Osmani, ein ethnischer Albaner und Au\u00dfenminister Nordmazedoniens, musste letzte Woche eine undankbare Rolle \u00fcbernehmen. Sein Land, das aktuell den Vorsitz in der\u00a0Organisation f\u00fcr Sicherheit und [&hellip;]<\/p>\n","protected":false},"author":3,"featured_media":50889,"comment_status":"open","ping_status":"open","sticky":false,"template":"","format":"standard","meta":{"_yoast_indexnow_last_ping":["1701628634"],"wp_automatic_camp":["217"],"23e8313c7f87f3d447e73a4ad31d97de":["Blamage f\u00fcr die OSZE \u2013 Eine internationale Organisation macht sich \u00fcberfl\u00fcssig"],"original_link":["https:\/\/de.rt.com\/meinung\/188819-blamage-fuer-osze-internationale-organisation\/"],"_thumbnail_id":["50889"],"_wptgpro_p2tg_sent2tg":["a:1:{i:23737;s:19:\"2023-12-03 20:38:14\";}"],"jnews_social_counter_last_update":["1777390862"]},"categories":[19,23],"tags":[47578,45,275,221,1736,4847,14864,36306,434,27703],"yoast_head":"<!-- This site is optimized with the Yoast SEO Premium plugin v22.7 (Yoast SEO v22.7) - https:\/\/yoast.com\/wordpress\/plugins\/seo\/ -->\n<title>Blamage f\u00fcr die OSZE \u2013 Eine internationale Organisation macht sich \u00fcberfl\u00fcssig - just-now.NEWS Deutschland<\/title>\n<meta name=\"robots\" content=\"index, follow, max-snippet:-1, max-image-preview:large, max-video-preview:-1\" \/>\n<link rel=\"canonical\" href=\"https:\/\/now-news.de\/de\/deutschland\/blamage-fuer-die-osze-eine-internationale-organisation-macht-sich-ueberfluessig\/\" \/>\n<meta property=\"og:locale\" content=\"de_DE\" \/>\n<meta property=\"og:type\" content=\"article\" \/>\n<meta property=\"og:title\" content=\"Blamage f\u00fcr die OSZE \u2013 Eine internationale Organisation macht sich \u00fcberfl\u00fcssig\" \/>\n<meta property=\"og:description\" content=\"War das Treffen der Au\u00dfenminister der OSZE-Mitglieder im nordmazedonischen Skopje der Anfang vom Ende dieser Organisation oder eine Wiederbelebung ihrer Gr\u00fcndungsprinzipien? Dar\u00fcber scheiden sich die Geister. Von Marinko U\u010dur Bujar Osmani, ein ethnischer Albaner und Au\u00dfenminister Nordmazedoniens, musste letzte Woche eine undankbare Rolle \u00fcbernehmen. Sein Land, das aktuell den Vorsitz in der\u00a0Organisation f\u00fcr Sicherheit und [&hellip;]\" \/>\n<meta property=\"og:url\" content=\"https:\/\/now-news.de\/de\/deutschland\/blamage-fuer-die-osze-eine-internationale-organisation-macht-sich-ueberfluessig\/\" \/>\n<meta property=\"og:site_name\" content=\"just-now.NEWS Deutschland\" \/>\n<meta property=\"article:publisher\" content=\"https:\/\/www.facebook.com\/wirmachenauf\" \/>\n<meta property=\"article:published_time\" content=\"2023-12-03T18:33:25+00:00\" \/>\n<meta property=\"og:image\" content=\"https:\/\/now-news.de\/de\/wp-content\/uploads\/sites\/3\/2023\/12\/Blamage-fuer-die-OSZE-\u2013-Eine-internationale-Organisation-macht-sich.jpg\" \/>\n\t<meta property=\"og:image:width\" content=\"460\" \/>\n\t<meta property=\"og:image:height\" content=\"259\" \/>\n\t<meta property=\"og:image:type\" content=\"image\/jpeg\" \/>\n<meta name=\"author\" content=\"rtnews\" \/>\n<meta name=\"twitter:card\" content=\"summary_large_image\" \/>\n<meta name=\"twitter:creator\" content=\"@WirMachenAuf_de\" \/>\n<meta name=\"twitter:site\" content=\"@WirMachenAuf_de\" \/>\n<meta name=\"twitter:label1\" content=\"Verfasst von\" \/>\n\t<meta name=\"twitter:data1\" content=\"rtnews\" \/>\n\t<meta name=\"twitter:label2\" content=\"Gesch\u00e4tzte Lesezeit\" \/>\n\t<meta name=\"twitter:data2\" content=\"4\u00a0Minuten\" \/>\n<script type=\"application\/ld+json\" class=\"yoast-schema-graph\">{\"@context\":\"https:\/\/schema.org\",\"@graph\":[{\"@type\":\"Article\",\"@id\":\"https:\/\/now-news.de\/de\/deutschland\/blamage-fuer-die-osze-eine-internationale-organisation-macht-sich-ueberfluessig\/#article\",\"isPartOf\":{\"@id\":\"https:\/\/now-news.de\/de\/deutschland\/blamage-fuer-die-osze-eine-internationale-organisation-macht-sich-ueberfluessig\/\"},\"author\":{\"name\":\"rtnews\",\"@id\":\"https:\/\/now-news.de\/de\/#\/schema\/person\/fb534a4e865501d8b3285208df34a9b5\"},\"headline\":\"Blamage f\u00fcr die OSZE \u2013 Eine internationale Organisation macht sich \u00fcberfl\u00fcssig\",\"datePublished\":\"2023-12-03T18:33:25+00:00\",\"dateModified\":\"2023-12-03T18:33:25+00:00\",\"mainEntityOfPage\":{\"@id\":\"https:\/\/now-news.de\/de\/deutschland\/blamage-fuer-die-osze-eine-internationale-organisation-macht-sich-ueberfluessig\/\"},\"wordCount\":837,\"commentCount\":0,\"publisher\":{\"@id\":\"https:\/\/now-news.de\/de\/#organization\"},\"image\":{\"@id\":\"https:\/\/now-news.de\/de\/deutschland\/blamage-fuer-die-osze-eine-internationale-organisation-macht-sich-ueberfluessig\/#primaryimage\"},\"thumbnailUrl\":\"https:\/\/now-news.de\/de\/wp-content\/uploads\/sites\/3\/2023\/12\/Blamage-fuer-die-OSZE-\u2013-Eine-internationale-Organisation-macht-sich.jpg\",\"keywords\":[\"Blamage\",\"die\",\"eine\",\"f\u00fcr\",\"Internationale\",\"Macht\",\"Organisation\",\"OSZE\",\"sich\",\"\u00fcberfl\u00fcssig\"],\"articleSection\":[\"Deutschland\",\"Russland\"],\"inLanguage\":\"de\",\"potentialAction\":[{\"@type\":\"CommentAction\",\"name\":\"Comment\",\"target\":[\"https:\/\/now-news.de\/de\/deutschland\/blamage-fuer-die-osze-eine-internationale-organisation-macht-sich-ueberfluessig\/#respond\"]}]},{\"@type\":\"WebPage\",\"@id\":\"https:\/\/now-news.de\/de\/deutschland\/blamage-fuer-die-osze-eine-internationale-organisation-macht-sich-ueberfluessig\/\",\"url\":\"https:\/\/now-news.de\/de\/deutschland\/blamage-fuer-die-osze-eine-internationale-organisation-macht-sich-ueberfluessig\/\",\"name\":\"Blamage f\u00fcr die OSZE \u2013 Eine internationale Organisation macht sich \u00fcberfl\u00fcssig - just-now.NEWS Deutschland\",\"isPartOf\":{\"@id\":\"https:\/\/now-news.de\/de\/#website\"},\"primaryImageOfPage\":{\"@id\":\"https:\/\/now-news.de\/de\/deutschland\/blamage-fuer-die-osze-eine-internationale-organisation-macht-sich-ueberfluessig\/#primaryimage\"},\"image\":{\"@id\":\"https:\/\/now-news.de\/de\/deutschland\/blamage-fuer-die-osze-eine-internationale-organisation-macht-sich-ueberfluessig\/#primaryimage\"},\"thumbnailUrl\":\"https:\/\/now-news.de\/de\/wp-content\/uploads\/sites\/3\/2023\/12\/Blamage-fuer-die-OSZE-\u2013-Eine-internationale-Organisation-macht-sich.jpg\",\"datePublished\":\"2023-12-03T18:33:25+00:00\",\"dateModified\":\"2023-12-03T18:33:25+00:00\",\"breadcrumb\":{\"@id\":\"https:\/\/now-news.de\/de\/deutschland\/blamage-fuer-die-osze-eine-internationale-organisation-macht-sich-ueberfluessig\/#breadcrumb\"},\"inLanguage\":\"de\",\"potentialAction\":[{\"@type\":\"ReadAction\",\"target\":[\"https:\/\/now-news.de\/de\/deutschland\/blamage-fuer-die-osze-eine-internationale-organisation-macht-sich-ueberfluessig\/\"]}]},{\"@type\":\"ImageObject\",\"inLanguage\":\"de\",\"@id\":\"https:\/\/now-news.de\/de\/deutschland\/blamage-fuer-die-osze-eine-internationale-organisation-macht-sich-ueberfluessig\/#primaryimage\",\"url\":\"https:\/\/now-news.de\/de\/wp-content\/uploads\/sites\/3\/2023\/12\/Blamage-fuer-die-OSZE-\u2013-Eine-internationale-Organisation-macht-sich.jpg\",\"contentUrl\":\"https:\/\/now-news.de\/de\/wp-content\/uploads\/sites\/3\/2023\/12\/Blamage-fuer-die-OSZE-\u2013-Eine-internationale-Organisation-macht-sich.jpg\",\"width\":460,\"height\":259,\"caption\":\"Blamage f\u00fcr die OSZE \u2013 Eine internationale Organisation macht sich \u00fcberfl\u00fcssig\"},{\"@type\":\"BreadcrumbList\",\"@id\":\"https:\/\/now-news.de\/de\/deutschland\/blamage-fuer-die-osze-eine-internationale-organisation-macht-sich-ueberfluessig\/#breadcrumb\",\"itemListElement\":[{\"@type\":\"ListItem\",\"position\":1,\"name\":\"Home\",\"item\":\"https:\/\/now-news.de\/de\/\"},{\"@type\":\"ListItem\",\"position\":2,\"name\":\"Blamage f\u00fcr die OSZE \u2013 Eine internationale Organisation macht sich \u00fcberfl\u00fcssig\"}]},{\"@type\":\"WebSite\",\"@id\":\"https:\/\/now-news.de\/de\/#website\",\"url\":\"https:\/\/now-news.de\/de\/\",\"name\":\"just-now.NEWS Deutschland\",\"description\":\"Das Portal f\u00fcr unzensierte Nachrichten aus der Welt\",\"publisher\":{\"@id\":\"https:\/\/now-news.de\/de\/#organization\"},\"potentialAction\":[{\"@type\":\"SearchAction\",\"target\":{\"@type\":\"EntryPoint\",\"urlTemplate\":\"https:\/\/now-news.de\/de\/?s={search_term_string}\"},\"query-input\":\"required name=search_term_string\"}],\"inLanguage\":\"de\"},{\"@type\":\"Organization\",\"@id\":\"https:\/\/now-news.de\/de\/#organization\",\"name\":\"Just Now News\",\"url\":\"https:\/\/now-news.de\/de\/\",\"logo\":{\"@type\":\"ImageObject\",\"inLanguage\":\"de\",\"@id\":\"https:\/\/now-news.de\/de\/#\/schema\/logo\/image\/\",\"url\":\"http:\/\/just-now.news\/de\/wp-content\/uploads\/sites\/3\/2022\/04\/logo500x500.jpg\",\"contentUrl\":\"http:\/\/just-now.news\/de\/wp-content\/uploads\/sites\/3\/2022\/04\/logo500x500.jpg\",\"width\":500,\"height\":500,\"caption\":\"Just Now News\"},\"image\":{\"@id\":\"https:\/\/now-news.de\/de\/#\/schema\/logo\/image\/\"},\"sameAs\":[\"https:\/\/www.facebook.com\/wirmachenauf\",\"https:\/\/x.com\/WirMachenAuf_de\"]},{\"@type\":\"Person\",\"@id\":\"https:\/\/now-news.de\/de\/#\/schema\/person\/fb534a4e865501d8b3285208df34a9b5\",\"name\":\"rtnews\",\"image\":{\"@type\":\"ImageObject\",\"inLanguage\":\"de\",\"@id\":\"https:\/\/now-news.de\/de\/#\/schema\/person\/image\/\",\"url\":\"https:\/\/secure.gravatar.com\/avatar\/82aafea7d8127119dd649515f56e2117?s=96&d=mm&r=g\",\"contentUrl\":\"https:\/\/secure.gravatar.com\/avatar\/82aafea7d8127119dd649515f56e2117?s=96&d=mm&r=g\",\"caption\":\"rtnews\"},\"url\":\"https:\/\/now-news.de\/de\/author\/rnews\/\"}]}<\/script>\n<!-- \/ Yoast SEO Premium plugin. -->","yoast_head_json":{"title":"Blamage f\u00fcr die OSZE \u2013 Eine internationale Organisation macht sich \u00fcberfl\u00fcssig - just-now.NEWS Deutschland","robots":{"index":"index","follow":"follow","max-snippet":"max-snippet:-1","max-image-preview":"max-image-preview:large","max-video-preview":"max-video-preview:-1"},"canonical":"https:\/\/now-news.de\/de\/deutschland\/blamage-fuer-die-osze-eine-internationale-organisation-macht-sich-ueberfluessig\/","og_locale":"de_DE","og_type":"article","og_title":"Blamage f\u00fcr die OSZE \u2013 Eine internationale Organisation macht sich \u00fcberfl\u00fcssig","og_description":"War das Treffen der Au\u00dfenminister der OSZE-Mitglieder im nordmazedonischen Skopje der Anfang vom Ende dieser Organisation oder eine Wiederbelebung ihrer Gr\u00fcndungsprinzipien? Dar\u00fcber scheiden sich die Geister. Von Marinko U\u010dur Bujar Osmani, ein ethnischer Albaner und Au\u00dfenminister Nordmazedoniens, musste letzte Woche eine undankbare Rolle \u00fcbernehmen. Sein Land, das aktuell den Vorsitz in der\u00a0Organisation f\u00fcr Sicherheit und [&hellip;]","og_url":"https:\/\/now-news.de\/de\/deutschland\/blamage-fuer-die-osze-eine-internationale-organisation-macht-sich-ueberfluessig\/","og_site_name":"just-now.NEWS Deutschland","article_publisher":"https:\/\/www.facebook.com\/wirmachenauf","article_published_time":"2023-12-03T18:33:25+00:00","og_image":[{"width":460,"height":259,"url":"https:\/\/now-news.de\/de\/wp-content\/uploads\/sites\/3\/2023\/12\/Blamage-fuer-die-OSZE-\u2013-Eine-internationale-Organisation-macht-sich.jpg","type":"image\/jpeg"}],"author":"rtnews","twitter_card":"summary_large_image","twitter_creator":"@WirMachenAuf_de","twitter_site":"@WirMachenAuf_de","twitter_misc":{"Verfasst von":"rtnews","Gesch\u00e4tzte Lesezeit":"4\u00a0Minuten"},"schema":{"@context":"https:\/\/schema.org","@graph":[{"@type":"Article","@id":"https:\/\/now-news.de\/de\/deutschland\/blamage-fuer-die-osze-eine-internationale-organisation-macht-sich-ueberfluessig\/#article","isPartOf":{"@id":"https:\/\/now-news.de\/de\/deutschland\/blamage-fuer-die-osze-eine-internationale-organisation-macht-sich-ueberfluessig\/"},"author":{"name":"rtnews","@id":"https:\/\/now-news.de\/de\/#\/schema\/person\/fb534a4e865501d8b3285208df34a9b5"},"headline":"Blamage f\u00fcr die OSZE \u2013 Eine internationale Organisation macht sich \u00fcberfl\u00fcssig","datePublished":"2023-12-03T18:33:25+00:00","dateModified":"2023-12-03T18:33:25+00:00","mainEntityOfPage":{"@id":"https:\/\/now-news.de\/de\/deutschland\/blamage-fuer-die-osze-eine-internationale-organisation-macht-sich-ueberfluessig\/"},"wordCount":837,"commentCount":0,"publisher":{"@id":"https:\/\/now-news.de\/de\/#organization"},"image":{"@id":"https:\/\/now-news.de\/de\/deutschland\/blamage-fuer-die-osze-eine-internationale-organisation-macht-sich-ueberfluessig\/#primaryimage"},"thumbnailUrl":"https:\/\/now-news.de\/de\/wp-content\/uploads\/sites\/3\/2023\/12\/Blamage-fuer-die-OSZE-\u2013-Eine-internationale-Organisation-macht-sich.jpg","keywords":["Blamage","die","eine","f\u00fcr","Internationale","Macht","Organisation","OSZE","sich","\u00fcberfl\u00fcssig"],"articleSection":["Deutschland","Russland"],"inLanguage":"de","potentialAction":[{"@type":"CommentAction","name":"Comment","target":["https:\/\/now-news.de\/de\/deutschland\/blamage-fuer-die-osze-eine-internationale-organisation-macht-sich-ueberfluessig\/#respond"]}]},{"@type":"WebPage","@id":"https:\/\/now-news.de\/de\/deutschland\/blamage-fuer-die-osze-eine-internationale-organisation-macht-sich-ueberfluessig\/","url":"https:\/\/now-news.de\/de\/deutschland\/blamage-fuer-die-osze-eine-internationale-organisation-macht-sich-ueberfluessig\/","name":"Blamage f\u00fcr die OSZE \u2013 Eine internationale Organisation macht sich \u00fcberfl\u00fcssig - just-now.NEWS Deutschland","isPartOf":{"@id":"https:\/\/now-news.de\/de\/#website"},"primaryImageOfPage":{"@id":"https:\/\/now-news.de\/de\/deutschland\/blamage-fuer-die-osze-eine-internationale-organisation-macht-sich-ueberfluessig\/#primaryimage"},"image":{"@id":"https:\/\/now-news.de\/de\/deutschland\/blamage-fuer-die-osze-eine-internationale-organisation-macht-sich-ueberfluessig\/#primaryimage"},"thumbnailUrl":"https:\/\/now-news.de\/de\/wp-content\/uploads\/sites\/3\/2023\/12\/Blamage-fuer-die-OSZE-\u2013-Eine-internationale-Organisation-macht-sich.jpg","datePublished":"2023-12-03T18:33:25+00:00","dateModified":"2023-12-03T18:33:25+00:00","breadcrumb":{"@id":"https:\/\/now-news.de\/de\/deutschland\/blamage-fuer-die-osze-eine-internationale-organisation-macht-sich-ueberfluessig\/#breadcrumb"},"inLanguage":"de","potentialAction":[{"@type":"ReadAction","target":["https:\/\/now-news.de\/de\/deutschland\/blamage-fuer-die-osze-eine-internationale-organisation-macht-sich-ueberfluessig\/"]}]},{"@type":"ImageObject","inLanguage":"de","@id":"https:\/\/now-news.de\/de\/deutschland\/blamage-fuer-die-osze-eine-internationale-organisation-macht-sich-ueberfluessig\/#primaryimage","url":"https:\/\/now-news.de\/de\/wp-content\/uploads\/sites\/3\/2023\/12\/Blamage-fuer-die-OSZE-\u2013-Eine-internationale-Organisation-macht-sich.jpg","contentUrl":"https:\/\/now-news.de\/de\/wp-content\/uploads\/sites\/3\/2023\/12\/Blamage-fuer-die-OSZE-\u2013-Eine-internationale-Organisation-macht-sich.jpg","width":460,"height":259,"caption":"Blamage f\u00fcr die OSZE \u2013 Eine internationale Organisation macht sich \u00fcberfl\u00fcssig"},{"@type":"BreadcrumbList","@id":"https:\/\/now-news.de\/de\/deutschland\/blamage-fuer-die-osze-eine-internationale-organisation-macht-sich-ueberfluessig\/#breadcrumb","itemListElement":[{"@type":"ListItem","position":1,"name":"Home","item":"https:\/\/now-news.de\/de\/"},{"@type":"ListItem","position":2,"name":"Blamage f\u00fcr die OSZE \u2013 Eine internationale Organisation macht sich \u00fcberfl\u00fcssig"}]},{"@type":"WebSite","@id":"https:\/\/now-news.de\/de\/#website","url":"https:\/\/now-news.de\/de\/","name":"just-now.NEWS Deutschland","description":"Das Portal f\u00fcr unzensierte Nachrichten aus der Welt","publisher":{"@id":"https:\/\/now-news.de\/de\/#organization"},"potentialAction":[{"@type":"SearchAction","target":{"@type":"EntryPoint","urlTemplate":"https:\/\/now-news.de\/de\/?s={search_term_string}"},"query-input":"required name=search_term_string"}],"inLanguage":"de"},{"@type":"Organization","@id":"https:\/\/now-news.de\/de\/#organization","name":"Just Now News","url":"https:\/\/now-news.de\/de\/","logo":{"@type":"ImageObject","inLanguage":"de","@id":"https:\/\/now-news.de\/de\/#\/schema\/logo\/image\/","url":"http:\/\/just-now.news\/de\/wp-content\/uploads\/sites\/3\/2022\/04\/logo500x500.jpg","contentUrl":"http:\/\/just-now.news\/de\/wp-content\/uploads\/sites\/3\/2022\/04\/logo500x500.jpg","width":500,"height":500,"caption":"Just Now News"},"image":{"@id":"https:\/\/now-news.de\/de\/#\/schema\/logo\/image\/"},"sameAs":["https:\/\/www.facebook.com\/wirmachenauf","https:\/\/x.com\/WirMachenAuf_de"]},{"@type":"Person","@id":"https:\/\/now-news.de\/de\/#\/schema\/person\/fb534a4e865501d8b3285208df34a9b5","name":"rtnews","image":{"@type":"ImageObject","inLanguage":"de","@id":"https:\/\/now-news.de\/de\/#\/schema\/person\/image\/","url":"https:\/\/secure.gravatar.com\/avatar\/82aafea7d8127119dd649515f56e2117?s=96&d=mm&r=g","contentUrl":"https:\/\/secure.gravatar.com\/avatar\/82aafea7d8127119dd649515f56e2117?s=96&d=mm&r=g","caption":"rtnews"},"url":"https:\/\/now-news.de\/de\/author\/rnews\/"}]}},"_links":{"self":[{"href":"https:\/\/now-news.de\/de\/wp-json\/wp\/v2\/posts\/50888"}],"collection":[{"href":"https:\/\/now-news.de\/de\/wp-json\/wp\/v2\/posts"}],"about":[{"href":"https:\/\/now-news.de\/de\/wp-json\/wp\/v2\/types\/post"}],"author":[{"embeddable":true,"href":"https:\/\/now-news.de\/de\/wp-json\/wp\/v2\/users\/3"}],"replies":[{"embeddable":true,"href":"https:\/\/now-news.de\/de\/wp-json\/wp\/v2\/comments?post=50888"}],"version-history":[{"count":0,"href":"https:\/\/now-news.de\/de\/wp-json\/wp\/v2\/posts\/50888\/revisions"}],"wp:featuredmedia":[{"embeddable":true,"href":"https:\/\/now-news.de\/de\/wp-json\/wp\/v2\/media\/50889"}],"wp:attachment":[{"href":"https:\/\/now-news.de\/de\/wp-json\/wp\/v2\/media?parent=50888"}],"wp:term":[{"taxonomy":"category","embeddable":true,"href":"https:\/\/now-news.de\/de\/wp-json\/wp\/v2\/categories?post=50888"},{"taxonomy":"post_tag","embeddable":true,"href":"https:\/\/now-news.de\/de\/wp-json\/wp\/v2\/tags?post=50888"}],"curies":[{"name":"wp","href":"https:\/\/api.w.org\/{rel}","templated":true}]}}