{"id":50833,"date":"2023-12-02T17:40:16","date_gmt":"2023-12-02T15:40:16","guid":{"rendered":"https:\/\/just-now.news\/de\/deutschland\/von-der-leyens-pfizer-affaere-unerwarteter-tod-einer-eu-abgeordneten\/"},"modified":"2023-12-02T17:40:16","modified_gmt":"2023-12-02T15:40:16","slug":"von-der-leyens-pfizer-affaere-unerwarteter-tod-einer-eu-abgeordneten","status":"publish","type":"post","link":"https:\/\/now-news.de\/de\/deutschland\/von-der-leyens-pfizer-affaere-unerwarteter-tod-einer-eu-abgeordneten\/","title":{"rendered":"Von der Leyens Pfizer-Aff\u00e4re: Unerwarteter Tod einer EU-Abgeordneten"},"content":{"rendered":"<p><img decoding=\"async\" src=\"http:\/\/just-now.news\/de\/wp-content\/uploads\/sites\/3\/2023\/12\/656b3912b480cc61e8534cee.jpg\" \/><\/p>\n<div class=\"Text-root Text-type_1 \">\n                Die franz\u00f6sische Europaabgeordnete der Gr\u00fcnen-Fraktion, Mich\u00e8le Rivasi, ist am vergangenen Mittwoch im Alter von 70 Jahren pl\u00f6tzlich an einem Herzinfarkt gestorben. Das ist brisant, weil sie als leitende Abgeordnete die sogenannte &#8220;Pfizer-Aff\u00e4re&#8221; um Ursula von der Leyen untersuchte.\n            <\/div>\n<p><\/p>\n<div class=\"Text-root Text-type_5 ArticleView-text ViewText-root \">\n<p><em>Von Tom Dannert<\/em><\/p>\n<p>Die Pr\u00e4sidentin der Europ\u00e4ischen Kommission, Ursula von der Leyen, geh\u00f6rt zweifelsohne zu den umstrittensten Spitzenpolitikern in der EU. Nicht zuletzt deshalb, weil sie wegen Skandalen und Kritik bez\u00fcglich ihrer Arbeit als Bundes- sowie EU-Politikern immer wieder unter enormen Druck geraten war. Ihre zahlreichen Kritiker werfen von der Leyen wiederholt unter anderem Inkompetenz sowie die Ausnutzung ihrer Position f\u00fcr pers\u00f6nliche Zwecke vor.<\/p>\n<p>In der Tat hat die politische Karriere der Christdemokratin bislang viele Fragen aufgeworfen. So zum Beispiel im Zusammenhang mit ihrer T\u00e4tigkeit als Mitglied des Kabinetts von Angela Merkel in den 2010er Jahren. Damals, als von der Leyen etwa den Posten der Bundesverteidigungsministerin innehatte \u2013 und auch als sie 2019 f\u00fcr den Posten der EU-Kommissionspr\u00e4sidenten nominiert wurde \u2013, kritisierte man sie in Deutschland lautstark f\u00fcr den &#8220;katastrophalen Zustand der Bundeswehr&#8221;. Zumal die\u00a0<a rel=\"nofollow noopener\" target=\"_blank\" href=\"https:\/\/www.spiegel.de\/politik\/ausland\/martin-schulz-kritisiert-eu-plan-mit-ursula-von-der-leyen-a-1275446.html\">Kritik<\/a>\u00a0sogar aus ihren eigenen Reihen kam.<\/p>\n<p>Das bekannte Magazin\u00a0<em>Politico<\/em>\u00a0hatte damals \u00fcber eine Untersuchung eines Verdachts auf Fehlverhalten des von Ursula von der Leyens geleiteten Verteidigungsressorts im Zusammenhang mit dem Einsatz externer Berater\u00a0<a rel=\"nofollow noopener\" target=\"_blank\" href=\"http:\/\/eurobrics.de\/%20https:\/www.politico.eu\/article\/ursula-von-der-leyen-biography-career-inconvenient-truth\/\">berichtet<\/a>. Dabei ging es um Vorw\u00fcrfe, dass das B\u00fcro der Ministerin bei der Vergabe von Auftr\u00e4gen in Millionenh\u00f6he die Vergaberegeln umgangen habe. Anh\u00f6rungen, die im Bundestag diesbez\u00fcglich durchgef\u00fchrt wurden, sollen den Verdacht auf systematische Korruption in der Verteidigungsbeh\u00f6rde zun\u00e4chst erh\u00e4rtet haben. Am Ende brachte die Untersuchung dieser Aff\u00e4re offiziellen Angaben zufolge aber keine Best\u00e4tigung f\u00fcr Korruption.<\/p>\n<p><strong>Die<\/strong>\u00a0<strong>Pfizer-Aff\u00e4re<\/strong><\/p>\n<p>Allerdings folgte darauf bald ein noch gr\u00f6\u00dferer \u2013 und dieses Mal \u2013 EU-weiter Skandal, der alles Bisherige in den Schatten stellt und wegen dem von der Leyen als einzige Akteurin aus der EU-Spitzenpolitik am Pranger steht. Die Kommissionspr\u00e4sidentin hatte im Jahr 2021 n\u00e4mlich alleinig mit dem US-Pharma-Giganten Pfizer bez\u00fcglich horrender Bestellmengen in Milliardenh\u00f6he im Rahmen des &#8220;COVID-19-Impfstoffabkommens&#8221; verhandelt. Ihr &#8220;Zwei-Personendeal&#8221; mit dem Pfizer-Chef Albert Bourla gilt inzwischen jedoch als eine zu kl\u00e4rende Aff\u00e4re rund um die Corona-Krise.<\/p>\n<p><a rel=\"nofollow noopener\" target=\"_blank\" href=\"https:\/\/www.nytimes.com\/2021\/04\/28\/world\/europe\/european-union-pfizer-von-der-leyen-coronavirus-vaccine.html\">Laut<\/a>\u00a0Enth\u00fcllungen der\u00a0<em>New York Times<\/em>\u00a0hatte von der Leyen dabei pers\u00f6nlich per SMS Vertr\u00e4ge mit Pfizer eingef\u00e4delt, die angesichts der Coronapandemie eine Abnahme von 900 Millionen Impfdosen \u2013 bei einem Preis von 19,50 Euro je Einzeldosis \u2013 bis Ende 2023 durch die EU garantierte. Das gesamte Gesch\u00e4ft wird auf rund 35 Milliarden Euro gesch\u00e4tzt.<\/p>\n<p>Trotz der europ\u00e4ischen Bekenntnisse zu Wettbewerb und Transparenz deutet bei diesem Deal einiges auf Korruption hin: Einerseits w\u00e4ren da die immensen und gr\u00f6\u00dftenteils ungenutzten Bestellmengen, die inzwischen f\u00fcr Streit zwischen der EU und Pfizer bei den Nachverhandlungen sorgen. Zum anderen hatte von der Leyen dem US-Konzern mit diesem Vertrag eine Monopolstellung in der EU einger\u00e4umt, zum Nachteil der anderen Marktteilnehmer.<\/p>\n<p>Seit dem Bekanntwerden der Aff\u00e4re h\u00fcllt sich die Kommissionschefin jedoch in Schweigen. Sie verweigert nicht nur Journalisten die Auskunft, sondern auch den Organen der EU. Um aber die noch offene Frage zu dem Pfizer-Deal zu kl\u00e4ren, wurde daf\u00fcr eine EU-interne Untersuchung eingeleitet.<\/p>\n<p><strong>Tod von Rivasi<\/strong><\/p>\n<p>Dabei hat sich vor allem die franz\u00f6sische Europaabgeordnete der Gr\u00fcnen-Fraktion, Mich\u00e8le Rivasi, f\u00fcr Aufkl\u00e4rung eingesetzt. Sie hatte als leitende Abgeordnete seit Monaten daf\u00fcr gek\u00e4mpft, Informationen \u00fcber die geheimen EU-Vertr\u00e4ge mit Pfizer sowie den SMS-Schriftverkehr zwischen von der Leyen und Bourla zu erhalten. Dazu wollte die franz\u00f6sische Politikerin, die seit 2009 Mitglied im EU-Parlament war, auch einen ausf\u00fchrlichen Bericht ver\u00f6ffentlichen.<\/p>\n<p>Allerdings wird Rivasi ihren Beitrag zur Aufkl\u00e4rung der Pfizer-Aff\u00e4re nicht mehr leisten k\u00f6nnen. Sie starb am Mittwoch im Alter von 70 Jahren auf dem Weg zum Europ\u00e4ischen Parlament in Br\u00fcssel an einem Herzinfarkt, wie Medien\u00a0<a rel=\"nofollow noopener\" target=\"_blank\" href=\"https:\/\/www.euractiv.com\/section\/politics\/news\/pfizergate-affair-lead-eu-lawmaker-michele-rivasi-dies-aged-70\/\">berichteten<\/a>.<\/p>\n<p>In einer Pressemitteilung hei\u00dft es zu dem unerwarteten Tod von Rivasi:<\/p>\n<blockquote>\n<p><em>&#8220;Mich\u00e8le Rivasi hat ihr Leben dem Schutz der Artenvielfalt und unserer Gesundheit gewidmet und sich f\u00fcr die Transparenz unserer Institutionen im Interesse der europ\u00e4ischen B\u00fcrger eingesetzt.&#8221;<\/em><\/p>\n<\/blockquote>\n<p>Was die Corona-Krise angeht, so war Rivasi auch f\u00fcr ihre kontroverse Haltung zu Impfstoffen bekannt. W\u00e4hrend der Pandemie hatte sie die Einf\u00fchrung eines &#8220;Corona-Zertifikats&#8221; und die Pflichtimpfung von Mitarbeitern im Gesundheitswesen in Frankreich kritisiert.<\/p>\n<p><strong>Mehr zum Thema<\/strong> &#8211; <a rel=\"nofollow noopener\" target=\"_blank\" href=\"https:\/\/freedert.online\/meinung\/188077-corona-aufarbeitung-gesellschaftsspaltende-ethikerin-wird-staatssekretaerin\/\">Corona-Aufarbeitung: Gesellschaftsspaltende Ethikerin wird Staatssekret\u00e4rin beim Bund<\/a><\/p>\n<\/p>\n<\/div>\n<p><br \/>\n<br \/><a href=\"https:\/\/de.rt.com\/europa\/188764-von-leyen-und-pfizer-affaere\/\">Source link <\/a><\/p>\n","protected":false},"excerpt":{"rendered":"<p>Die franz\u00f6sische Europaabgeordnete der Gr\u00fcnen-Fraktion, Mich\u00e8le Rivasi, ist am vergangenen Mittwoch im Alter von 70 Jahren pl\u00f6tzlich an einem Herzinfarkt gestorben. Das ist brisant, weil sie als leitende Abgeordnete die sogenannte &#8220;Pfizer-Aff\u00e4re&#8221; um Ursula von der Leyen untersuchte. Von Tom Dannert Die Pr\u00e4sidentin der Europ\u00e4ischen Kommission, Ursula von der Leyen, geh\u00f6rt zweifelsohne zu den umstrittensten [&hellip;]<\/p>\n","protected":false},"author":3,"featured_media":50834,"comment_status":"open","ping_status":"open","sticky":false,"template":"","format":"standard","meta":{"_yoast_indexnow_last_ping":["1701531667"],"wp_automatic_camp":["217"],"60730fab21a247a79bd2130b8392544c":["Von der Leyens Pfizer-Aff\u00e4re: Unerwarteter Tod einer EU-Abgeordneten"],"original_link":["https:\/\/de.rt.com\/europa\/188764-von-leyen-und-pfizer-affaere\/"],"_thumbnail_id":["50834"],"_wptgpro_p2tg_sent2tg":["a:1:{i:23737;s:19:\"2023-12-02 17:42:31\";}"],"jnews_social_counter_last_update":["1777389739"]},"categories":[19,23],"tags":[82,212,51231,26960,51229,12077,51230,50],"yoast_head":"<!-- This site is optimized with the Yoast SEO Premium plugin v22.7 (Yoast SEO v22.7) - https:\/\/yoast.com\/wordpress\/plugins\/seo\/ -->\n<title>Von der Leyens Pfizer-Aff\u00e4re: Unerwarteter Tod einer EU-Abgeordneten - just-now.NEWS Deutschland<\/title>\n<meta name=\"robots\" content=\"index, follow, max-snippet:-1, max-image-preview:large, max-video-preview:-1\" \/>\n<link rel=\"canonical\" href=\"https:\/\/now-news.de\/de\/deutschland\/von-der-leyens-pfizer-affaere-unerwarteter-tod-einer-eu-abgeordneten\/\" \/>\n<meta property=\"og:locale\" content=\"de_DE\" \/>\n<meta property=\"og:type\" content=\"article\" \/>\n<meta property=\"og:title\" content=\"Von der Leyens Pfizer-Aff\u00e4re: Unerwarteter Tod einer EU-Abgeordneten\" \/>\n<meta property=\"og:description\" content=\"Die franz\u00f6sische Europaabgeordnete der Gr\u00fcnen-Fraktion, Mich\u00e8le Rivasi, ist am vergangenen Mittwoch im Alter von 70 Jahren pl\u00f6tzlich an einem Herzinfarkt gestorben. Das ist brisant, weil sie als leitende Abgeordnete die sogenannte &#8220;Pfizer-Aff\u00e4re&#8221; um Ursula von der Leyen untersuchte. Von Tom Dannert Die Pr\u00e4sidentin der Europ\u00e4ischen Kommission, Ursula von der Leyen, geh\u00f6rt zweifelsohne zu den umstrittensten [&hellip;]\" \/>\n<meta property=\"og:url\" content=\"https:\/\/now-news.de\/de\/deutschland\/von-der-leyens-pfizer-affaere-unerwarteter-tod-einer-eu-abgeordneten\/\" \/>\n<meta property=\"og:site_name\" content=\"just-now.NEWS Deutschland\" \/>\n<meta property=\"article:publisher\" content=\"https:\/\/www.facebook.com\/wirmachenauf\" \/>\n<meta property=\"article:published_time\" content=\"2023-12-02T15:40:16+00:00\" \/>\n<meta property=\"og:image\" content=\"https:\/\/now-news.de\/de\/wp-content\/uploads\/sites\/3\/2023\/12\/Von-der-Leyens-Pfizer-Affaere-Unerwarteter-Tod-einer-EU-Abgeordneten.jpg\" \/>\n\t<meta property=\"og:image:width\" content=\"460\" \/>\n\t<meta property=\"og:image:height\" content=\"259\" \/>\n\t<meta property=\"og:image:type\" content=\"image\/jpeg\" \/>\n<meta name=\"author\" content=\"rtnews\" \/>\n<meta name=\"twitter:card\" content=\"summary_large_image\" \/>\n<meta name=\"twitter:creator\" content=\"@WirMachenAuf_de\" \/>\n<meta name=\"twitter:site\" content=\"@WirMachenAuf_de\" \/>\n<meta name=\"twitter:label1\" content=\"Verfasst von\" \/>\n\t<meta name=\"twitter:data1\" content=\"rtnews\" \/>\n\t<meta name=\"twitter:label2\" content=\"Gesch\u00e4tzte Lesezeit\" \/>\n\t<meta name=\"twitter:data2\" content=\"4\u00a0Minuten\" \/>\n<script type=\"application\/ld+json\" class=\"yoast-schema-graph\">{\"@context\":\"https:\/\/schema.org\",\"@graph\":[{\"@type\":\"Article\",\"@id\":\"https:\/\/now-news.de\/de\/deutschland\/von-der-leyens-pfizer-affaere-unerwarteter-tod-einer-eu-abgeordneten\/#article\",\"isPartOf\":{\"@id\":\"https:\/\/now-news.de\/de\/deutschland\/von-der-leyens-pfizer-affaere-unerwarteter-tod-einer-eu-abgeordneten\/\"},\"author\":{\"name\":\"rtnews\",\"@id\":\"https:\/\/now-news.de\/de\/#\/schema\/person\/fb534a4e865501d8b3285208df34a9b5\"},\"headline\":\"Von der Leyens Pfizer-Aff\u00e4re: Unerwarteter Tod einer EU-Abgeordneten\",\"datePublished\":\"2023-12-02T15:40:16+00:00\",\"dateModified\":\"2023-12-02T15:40:16+00:00\",\"mainEntityOfPage\":{\"@id\":\"https:\/\/now-news.de\/de\/deutschland\/von-der-leyens-pfizer-affaere-unerwarteter-tod-einer-eu-abgeordneten\/\"},\"wordCount\":754,\"commentCount\":0,\"publisher\":{\"@id\":\"https:\/\/now-news.de\/de\/#organization\"},\"image\":{\"@id\":\"https:\/\/now-news.de\/de\/deutschland\/von-der-leyens-pfizer-affaere-unerwarteter-tod-einer-eu-abgeordneten\/#primaryimage\"},\"thumbnailUrl\":\"https:\/\/now-news.de\/de\/wp-content\/uploads\/sites\/3\/2023\/12\/Von-der-Leyens-Pfizer-Affaere-Unerwarteter-Tod-einer-EU-Abgeordneten.jpg\",\"keywords\":[\"der\",\"einer\",\"EUAbgeordneten\",\"Leyens\",\"PfizerAff\u00e4re\",\"Tod\",\"Unerwarteter\",\"von\"],\"articleSection\":[\"Deutschland\",\"Russland\"],\"inLanguage\":\"de\",\"potentialAction\":[{\"@type\":\"CommentAction\",\"name\":\"Comment\",\"target\":[\"https:\/\/now-news.de\/de\/deutschland\/von-der-leyens-pfizer-affaere-unerwarteter-tod-einer-eu-abgeordneten\/#respond\"]}]},{\"@type\":\"WebPage\",\"@id\":\"https:\/\/now-news.de\/de\/deutschland\/von-der-leyens-pfizer-affaere-unerwarteter-tod-einer-eu-abgeordneten\/\",\"url\":\"https:\/\/now-news.de\/de\/deutschland\/von-der-leyens-pfizer-affaere-unerwarteter-tod-einer-eu-abgeordneten\/\",\"name\":\"Von der Leyens Pfizer-Aff\u00e4re: Unerwarteter Tod einer EU-Abgeordneten - just-now.NEWS Deutschland\",\"isPartOf\":{\"@id\":\"https:\/\/now-news.de\/de\/#website\"},\"primaryImageOfPage\":{\"@id\":\"https:\/\/now-news.de\/de\/deutschland\/von-der-leyens-pfizer-affaere-unerwarteter-tod-einer-eu-abgeordneten\/#primaryimage\"},\"image\":{\"@id\":\"https:\/\/now-news.de\/de\/deutschland\/von-der-leyens-pfizer-affaere-unerwarteter-tod-einer-eu-abgeordneten\/#primaryimage\"},\"thumbnailUrl\":\"https:\/\/now-news.de\/de\/wp-content\/uploads\/sites\/3\/2023\/12\/Von-der-Leyens-Pfizer-Affaere-Unerwarteter-Tod-einer-EU-Abgeordneten.jpg\",\"datePublished\":\"2023-12-02T15:40:16+00:00\",\"dateModified\":\"2023-12-02T15:40:16+00:00\",\"breadcrumb\":{\"@id\":\"https:\/\/now-news.de\/de\/deutschland\/von-der-leyens-pfizer-affaere-unerwarteter-tod-einer-eu-abgeordneten\/#breadcrumb\"},\"inLanguage\":\"de\",\"potentialAction\":[{\"@type\":\"ReadAction\",\"target\":[\"https:\/\/now-news.de\/de\/deutschland\/von-der-leyens-pfizer-affaere-unerwarteter-tod-einer-eu-abgeordneten\/\"]}]},{\"@type\":\"ImageObject\",\"inLanguage\":\"de\",\"@id\":\"https:\/\/now-news.de\/de\/deutschland\/von-der-leyens-pfizer-affaere-unerwarteter-tod-einer-eu-abgeordneten\/#primaryimage\",\"url\":\"https:\/\/now-news.de\/de\/wp-content\/uploads\/sites\/3\/2023\/12\/Von-der-Leyens-Pfizer-Affaere-Unerwarteter-Tod-einer-EU-Abgeordneten.jpg\",\"contentUrl\":\"https:\/\/now-news.de\/de\/wp-content\/uploads\/sites\/3\/2023\/12\/Von-der-Leyens-Pfizer-Affaere-Unerwarteter-Tod-einer-EU-Abgeordneten.jpg\",\"width\":460,\"height\":259,\"caption\":\"Von der Leyens Pfizer-Aff\u00e4re: Unerwarteter Tod einer EU-Abgeordneten\"},{\"@type\":\"BreadcrumbList\",\"@id\":\"https:\/\/now-news.de\/de\/deutschland\/von-der-leyens-pfizer-affaere-unerwarteter-tod-einer-eu-abgeordneten\/#breadcrumb\",\"itemListElement\":[{\"@type\":\"ListItem\",\"position\":1,\"name\":\"Home\",\"item\":\"https:\/\/now-news.de\/de\/\"},{\"@type\":\"ListItem\",\"position\":2,\"name\":\"Von der Leyens Pfizer-Aff\u00e4re: Unerwarteter Tod einer EU-Abgeordneten\"}]},{\"@type\":\"WebSite\",\"@id\":\"https:\/\/now-news.de\/de\/#website\",\"url\":\"https:\/\/now-news.de\/de\/\",\"name\":\"just-now.NEWS Deutschland\",\"description\":\"Das Portal f\u00fcr unzensierte Nachrichten aus der Welt\",\"publisher\":{\"@id\":\"https:\/\/now-news.de\/de\/#organization\"},\"potentialAction\":[{\"@type\":\"SearchAction\",\"target\":{\"@type\":\"EntryPoint\",\"urlTemplate\":\"https:\/\/now-news.de\/de\/?s={search_term_string}\"},\"query-input\":\"required name=search_term_string\"}],\"inLanguage\":\"de\"},{\"@type\":\"Organization\",\"@id\":\"https:\/\/now-news.de\/de\/#organization\",\"name\":\"Just Now News\",\"url\":\"https:\/\/now-news.de\/de\/\",\"logo\":{\"@type\":\"ImageObject\",\"inLanguage\":\"de\",\"@id\":\"https:\/\/now-news.de\/de\/#\/schema\/logo\/image\/\",\"url\":\"http:\/\/just-now.news\/de\/wp-content\/uploads\/sites\/3\/2022\/04\/logo500x500.jpg\",\"contentUrl\":\"http:\/\/just-now.news\/de\/wp-content\/uploads\/sites\/3\/2022\/04\/logo500x500.jpg\",\"width\":500,\"height\":500,\"caption\":\"Just Now News\"},\"image\":{\"@id\":\"https:\/\/now-news.de\/de\/#\/schema\/logo\/image\/\"},\"sameAs\":[\"https:\/\/www.facebook.com\/wirmachenauf\",\"https:\/\/x.com\/WirMachenAuf_de\"]},{\"@type\":\"Person\",\"@id\":\"https:\/\/now-news.de\/de\/#\/schema\/person\/fb534a4e865501d8b3285208df34a9b5\",\"name\":\"rtnews\",\"image\":{\"@type\":\"ImageObject\",\"inLanguage\":\"de\",\"@id\":\"https:\/\/now-news.de\/de\/#\/schema\/person\/image\/\",\"url\":\"https:\/\/secure.gravatar.com\/avatar\/82aafea7d8127119dd649515f56e2117?s=96&d=mm&r=g\",\"contentUrl\":\"https:\/\/secure.gravatar.com\/avatar\/82aafea7d8127119dd649515f56e2117?s=96&d=mm&r=g\",\"caption\":\"rtnews\"},\"url\":\"https:\/\/now-news.de\/de\/author\/rnews\/\"}]}<\/script>\n<!-- \/ Yoast SEO Premium plugin. -->","yoast_head_json":{"title":"Von der Leyens Pfizer-Aff\u00e4re: Unerwarteter Tod einer EU-Abgeordneten - just-now.NEWS Deutschland","robots":{"index":"index","follow":"follow","max-snippet":"max-snippet:-1","max-image-preview":"max-image-preview:large","max-video-preview":"max-video-preview:-1"},"canonical":"https:\/\/now-news.de\/de\/deutschland\/von-der-leyens-pfizer-affaere-unerwarteter-tod-einer-eu-abgeordneten\/","og_locale":"de_DE","og_type":"article","og_title":"Von der Leyens Pfizer-Aff\u00e4re: Unerwarteter Tod einer EU-Abgeordneten","og_description":"Die franz\u00f6sische Europaabgeordnete der Gr\u00fcnen-Fraktion, Mich\u00e8le Rivasi, ist am vergangenen Mittwoch im Alter von 70 Jahren pl\u00f6tzlich an einem Herzinfarkt gestorben. Das ist brisant, weil sie als leitende Abgeordnete die sogenannte &#8220;Pfizer-Aff\u00e4re&#8221; um Ursula von der Leyen untersuchte. Von Tom Dannert Die Pr\u00e4sidentin der Europ\u00e4ischen Kommission, Ursula von der Leyen, geh\u00f6rt zweifelsohne zu den umstrittensten [&hellip;]","og_url":"https:\/\/now-news.de\/de\/deutschland\/von-der-leyens-pfizer-affaere-unerwarteter-tod-einer-eu-abgeordneten\/","og_site_name":"just-now.NEWS Deutschland","article_publisher":"https:\/\/www.facebook.com\/wirmachenauf","article_published_time":"2023-12-02T15:40:16+00:00","og_image":[{"width":460,"height":259,"url":"https:\/\/now-news.de\/de\/wp-content\/uploads\/sites\/3\/2023\/12\/Von-der-Leyens-Pfizer-Affaere-Unerwarteter-Tod-einer-EU-Abgeordneten.jpg","type":"image\/jpeg"}],"author":"rtnews","twitter_card":"summary_large_image","twitter_creator":"@WirMachenAuf_de","twitter_site":"@WirMachenAuf_de","twitter_misc":{"Verfasst von":"rtnews","Gesch\u00e4tzte Lesezeit":"4\u00a0Minuten"},"schema":{"@context":"https:\/\/schema.org","@graph":[{"@type":"Article","@id":"https:\/\/now-news.de\/de\/deutschland\/von-der-leyens-pfizer-affaere-unerwarteter-tod-einer-eu-abgeordneten\/#article","isPartOf":{"@id":"https:\/\/now-news.de\/de\/deutschland\/von-der-leyens-pfizer-affaere-unerwarteter-tod-einer-eu-abgeordneten\/"},"author":{"name":"rtnews","@id":"https:\/\/now-news.de\/de\/#\/schema\/person\/fb534a4e865501d8b3285208df34a9b5"},"headline":"Von der Leyens Pfizer-Aff\u00e4re: Unerwarteter Tod einer EU-Abgeordneten","datePublished":"2023-12-02T15:40:16+00:00","dateModified":"2023-12-02T15:40:16+00:00","mainEntityOfPage":{"@id":"https:\/\/now-news.de\/de\/deutschland\/von-der-leyens-pfizer-affaere-unerwarteter-tod-einer-eu-abgeordneten\/"},"wordCount":754,"commentCount":0,"publisher":{"@id":"https:\/\/now-news.de\/de\/#organization"},"image":{"@id":"https:\/\/now-news.de\/de\/deutschland\/von-der-leyens-pfizer-affaere-unerwarteter-tod-einer-eu-abgeordneten\/#primaryimage"},"thumbnailUrl":"https:\/\/now-news.de\/de\/wp-content\/uploads\/sites\/3\/2023\/12\/Von-der-Leyens-Pfizer-Affaere-Unerwarteter-Tod-einer-EU-Abgeordneten.jpg","keywords":["der","einer","EUAbgeordneten","Leyens","PfizerAff\u00e4re","Tod","Unerwarteter","von"],"articleSection":["Deutschland","Russland"],"inLanguage":"de","potentialAction":[{"@type":"CommentAction","name":"Comment","target":["https:\/\/now-news.de\/de\/deutschland\/von-der-leyens-pfizer-affaere-unerwarteter-tod-einer-eu-abgeordneten\/#respond"]}]},{"@type":"WebPage","@id":"https:\/\/now-news.de\/de\/deutschland\/von-der-leyens-pfizer-affaere-unerwarteter-tod-einer-eu-abgeordneten\/","url":"https:\/\/now-news.de\/de\/deutschland\/von-der-leyens-pfizer-affaere-unerwarteter-tod-einer-eu-abgeordneten\/","name":"Von der Leyens Pfizer-Aff\u00e4re: Unerwarteter Tod einer EU-Abgeordneten - just-now.NEWS Deutschland","isPartOf":{"@id":"https:\/\/now-news.de\/de\/#website"},"primaryImageOfPage":{"@id":"https:\/\/now-news.de\/de\/deutschland\/von-der-leyens-pfizer-affaere-unerwarteter-tod-einer-eu-abgeordneten\/#primaryimage"},"image":{"@id":"https:\/\/now-news.de\/de\/deutschland\/von-der-leyens-pfizer-affaere-unerwarteter-tod-einer-eu-abgeordneten\/#primaryimage"},"thumbnailUrl":"https:\/\/now-news.de\/de\/wp-content\/uploads\/sites\/3\/2023\/12\/Von-der-Leyens-Pfizer-Affaere-Unerwarteter-Tod-einer-EU-Abgeordneten.jpg","datePublished":"2023-12-02T15:40:16+00:00","dateModified":"2023-12-02T15:40:16+00:00","breadcrumb":{"@id":"https:\/\/now-news.de\/de\/deutschland\/von-der-leyens-pfizer-affaere-unerwarteter-tod-einer-eu-abgeordneten\/#breadcrumb"},"inLanguage":"de","potentialAction":[{"@type":"ReadAction","target":["https:\/\/now-news.de\/de\/deutschland\/von-der-leyens-pfizer-affaere-unerwarteter-tod-einer-eu-abgeordneten\/"]}]},{"@type":"ImageObject","inLanguage":"de","@id":"https:\/\/now-news.de\/de\/deutschland\/von-der-leyens-pfizer-affaere-unerwarteter-tod-einer-eu-abgeordneten\/#primaryimage","url":"https:\/\/now-news.de\/de\/wp-content\/uploads\/sites\/3\/2023\/12\/Von-der-Leyens-Pfizer-Affaere-Unerwarteter-Tod-einer-EU-Abgeordneten.jpg","contentUrl":"https:\/\/now-news.de\/de\/wp-content\/uploads\/sites\/3\/2023\/12\/Von-der-Leyens-Pfizer-Affaere-Unerwarteter-Tod-einer-EU-Abgeordneten.jpg","width":460,"height":259,"caption":"Von der Leyens Pfizer-Aff\u00e4re: Unerwarteter Tod einer EU-Abgeordneten"},{"@type":"BreadcrumbList","@id":"https:\/\/now-news.de\/de\/deutschland\/von-der-leyens-pfizer-affaere-unerwarteter-tod-einer-eu-abgeordneten\/#breadcrumb","itemListElement":[{"@type":"ListItem","position":1,"name":"Home","item":"https:\/\/now-news.de\/de\/"},{"@type":"ListItem","position":2,"name":"Von der Leyens Pfizer-Aff\u00e4re: Unerwarteter Tod einer EU-Abgeordneten"}]},{"@type":"WebSite","@id":"https:\/\/now-news.de\/de\/#website","url":"https:\/\/now-news.de\/de\/","name":"just-now.NEWS Deutschland","description":"Das Portal f\u00fcr unzensierte Nachrichten aus der Welt","publisher":{"@id":"https:\/\/now-news.de\/de\/#organization"},"potentialAction":[{"@type":"SearchAction","target":{"@type":"EntryPoint","urlTemplate":"https:\/\/now-news.de\/de\/?s={search_term_string}"},"query-input":"required name=search_term_string"}],"inLanguage":"de"},{"@type":"Organization","@id":"https:\/\/now-news.de\/de\/#organization","name":"Just Now News","url":"https:\/\/now-news.de\/de\/","logo":{"@type":"ImageObject","inLanguage":"de","@id":"https:\/\/now-news.de\/de\/#\/schema\/logo\/image\/","url":"http:\/\/just-now.news\/de\/wp-content\/uploads\/sites\/3\/2022\/04\/logo500x500.jpg","contentUrl":"http:\/\/just-now.news\/de\/wp-content\/uploads\/sites\/3\/2022\/04\/logo500x500.jpg","width":500,"height":500,"caption":"Just Now News"},"image":{"@id":"https:\/\/now-news.de\/de\/#\/schema\/logo\/image\/"},"sameAs":["https:\/\/www.facebook.com\/wirmachenauf","https:\/\/x.com\/WirMachenAuf_de"]},{"@type":"Person","@id":"https:\/\/now-news.de\/de\/#\/schema\/person\/fb534a4e865501d8b3285208df34a9b5","name":"rtnews","image":{"@type":"ImageObject","inLanguage":"de","@id":"https:\/\/now-news.de\/de\/#\/schema\/person\/image\/","url":"https:\/\/secure.gravatar.com\/avatar\/82aafea7d8127119dd649515f56e2117?s=96&d=mm&r=g","contentUrl":"https:\/\/secure.gravatar.com\/avatar\/82aafea7d8127119dd649515f56e2117?s=96&d=mm&r=g","caption":"rtnews"},"url":"https:\/\/now-news.de\/de\/author\/rnews\/"}]}},"_links":{"self":[{"href":"https:\/\/now-news.de\/de\/wp-json\/wp\/v2\/posts\/50833"}],"collection":[{"href":"https:\/\/now-news.de\/de\/wp-json\/wp\/v2\/posts"}],"about":[{"href":"https:\/\/now-news.de\/de\/wp-json\/wp\/v2\/types\/post"}],"author":[{"embeddable":true,"href":"https:\/\/now-news.de\/de\/wp-json\/wp\/v2\/users\/3"}],"replies":[{"embeddable":true,"href":"https:\/\/now-news.de\/de\/wp-json\/wp\/v2\/comments?post=50833"}],"version-history":[{"count":0,"href":"https:\/\/now-news.de\/de\/wp-json\/wp\/v2\/posts\/50833\/revisions"}],"wp:featuredmedia":[{"embeddable":true,"href":"https:\/\/now-news.de\/de\/wp-json\/wp\/v2\/media\/50834"}],"wp:attachment":[{"href":"https:\/\/now-news.de\/de\/wp-json\/wp\/v2\/media?parent=50833"}],"wp:term":[{"taxonomy":"category","embeddable":true,"href":"https:\/\/now-news.de\/de\/wp-json\/wp\/v2\/categories?post=50833"},{"taxonomy":"post_tag","embeddable":true,"href":"https:\/\/now-news.de\/de\/wp-json\/wp\/v2\/tags?post=50833"}],"curies":[{"name":"wp","href":"https:\/\/api.w.org\/{rel}","templated":true}]}}