{"id":50815,"date":"2023-12-02T12:09:53","date_gmt":"2023-12-02T10:09:53","guid":{"rendered":"https:\/\/just-now.news\/de\/deutschland\/energiewende-ja-aber-in-die-andere-richtung\/"},"modified":"2023-12-02T12:09:53","modified_gmt":"2023-12-02T10:09:53","slug":"energiewende-ja-aber-in-die-andere-richtung","status":"publish","type":"post","link":"https:\/\/now-news.de\/de\/deutschland\/energiewende-ja-aber-in-die-andere-richtung\/","title":{"rendered":"Energiewende? Ja \u2013 aber in die andere Richtung"},"content":{"rendered":"<p><img decoding=\"async\" src=\"http:\/\/just-now.news\/de\/wp-content\/uploads\/sites\/3\/2023\/12\/656b024e48fbef61326f764a.PNG\" \/><\/p>\n<div class=\"Text-root Text-type_1 \">\n                Dass die Bundesregierung so ihre Probleme bei der Richtungsbestimmung hat, ist sp\u00e4testens seit Baerbocks 360-Grad-Wende bekannt. Und selbst bei den Lieblingsprojekten scheint sich alles in eine andere Richtung zu bewegen, als behauptet.\n            <\/div>\n<p><\/p>\n<div class=\"Text-root Text-type_5 ArticleView-text ViewText-root \">\n<p>Das erkl\u00e4rte Ziel ist nach wie vor, &#8220;fossile&#8221; Energietr\u00e4ger durch erneuerbare zu ersetzen. Daf\u00fcr soll m\u00f6glichst viel Fl\u00e4che in Deutschland mit Solarpaneelen best\u00fcckt und mit Windr\u00e4dern gespickt werden. Schlie\u00dflich sollen bis 2030, also in gerade einmal sechs Jahren, 80 Prozent der Energie aus erneuerbaren Quellen stammen.<\/p>\n<p>Aber so richtig will das nicht gelingen. Der <em>NDR<\/em>\u00a0<a rel=\"nofollow noopener\" target=\"_blank\" href=\"https:\/\/www.ndr.de\/nachrichten\/info\/Strommix-Deutschland-Wie-ist-der-Anteil-erneuerbarer-Energien,strommix102.html\">stellte<\/a> aktuell zusammen, wie die Mischung am 1. Dezember dieses Jahres aussah. Das Ergebnis? Der Strom stammte zu 49,3 Prozent aus Kohle, zu 25,7 Prozent aus Erdgas, zu 9,6 Prozent aus Biomasse, zu 5,2 Prozent aus Wasserkraft, zu 7 Prozent aus Windkraft und mit ganzen 0,6 Prozent aus Solarzellen. (Man sollte \u00fcbrigens nie vergessen, dass die 9,6 Prozent Biomasse mit einer massiven Importabh\u00e4ngigkeit bei pflanzlichen Nahrungsmitteln bezahlt werden. Wo Biomasse angebaut wird, wachsen keine Kartoffeln).<\/p>\n<p>Das Fraunhofer Institut, auf dessen Daten sich der <em>NDR<\/em> beruft, ist ebenso bem\u00fcht, dieses Ergebnis sch\u00f6nzureden, wie etwa das bekannte Agora-Institut. Bei letzterem findet sich noch ein Detail belegt, dem der <em>NDR<\/em> in seiner Darstellung ausweicht, wenn er versucht, die Notwendigkeit von Stromimporten zu besch\u00f6nigen, die in Deutschland im laufenden Jahr massiv gestiegen ist.<\/p>\n<blockquote>\n<p><em>&#8220;In den vergangenen zw\u00f6lf Monaten hat Deutschland mehr Strom importiert als exportiert, im Saldo insgesamt 10,56 Terawattstunden. In den zw\u00f6lf Monaten zuvor hatte Deutschland mehr Strom exportiert als importiert, im Saldo insgesamt 26,8 Terawattstunden.&#8221;<\/em><\/p>\n<\/blockquote>\n<p>Die Information, die hier fehlt, ist der Strompreis, der mit der H\u00f6he des Angebots schwankt. Und interessanterweise stets dann negativ ist, wenn Deutschland zu viel, aber positiv, wenn es zu wenig Strom erzeugt. Die Bilanz des Stromexports, die hier gezogen wird, t\u00e4uscht \u00fcber die Tatsache hinweg, dass Deutschland in beiden F\u00e4llen zahlt, n\u00e4mlich meist auch dann, wenn es Strom exportiert.<\/p>\n<p>Das interessanteste Ergebnis ist die Entwicklung des &#8220;Strommix&#8221; in den letzten beiden Jahren. Der h\u00f6chste Anteil erneuerbarer Energien findet sich n\u00e4mlich im Jahr 2020; seitdem steigt der Anteil der &#8220;fossilen&#8221; Energietr\u00e4ger wieder. Und trotz aller Erkl\u00e4rungen und Ma\u00dfnahmen ist selbst der Anteil des Atomstroms mitnichten bei null; er wird jetzt nur importiert.<\/p>\n<p>Der Ausbau der Erneuerbaren, so das Fazit des <em>NDR<\/em>, gehe &#8220;nicht ansatzweise so schnell voran, wie er m\u00fcsste.&#8221; Da der Schwerpunkt des Ausbaus bei der Windkraft liegt, und diese dank der steigenden Preise f\u00fcr energieintensiven Beton und Stahl ebenso deutlich teurer ist wie Wohnungen, d\u00fcrfte sich daran auch kurzfristig nichts \u00e4ndern. Die Bilanz? Die Russlandsanktionen deindustrialisieren nicht nur, sie haben die Energiewende auch umgedreht, in eine Wende zur\u00fcck.<\/p>\n<p><strong>Mehr zum Thema<\/strong> &#8211; <a rel=\"nofollow noopener\" target=\"_blank\" href=\"https:\/\/freedert.online\/inland\/186893-studie-stromdefizit-an-150-tagen\/\">Studie: Stromdefizit an 150 Tagen pro Jahr \u2013 Sonnen- und Windenergie reichen nicht <\/a><\/p>\n<\/p>\n<\/div>\n<p><br \/>\n<br \/><a href=\"https:\/\/de.rt.com\/inland\/188745-energiewende-ja-aber-in-andere\/\">Source link <\/a><\/p>\n","protected":false},"excerpt":{"rendered":"<p>Dass die Bundesregierung so ihre Probleme bei der Richtungsbestimmung hat, ist sp\u00e4testens seit Baerbocks 360-Grad-Wende bekannt. Und selbst bei den Lieblingsprojekten scheint sich alles in eine andere Richtung zu bewegen, als behauptet. Das erkl\u00e4rte Ziel ist nach wie vor, &#8220;fossile&#8221; Energietr\u00e4ger durch erneuerbare zu ersetzen. Daf\u00fcr soll m\u00f6glichst viel Fl\u00e4che in Deutschland mit Solarpaneelen best\u00fcckt [&hellip;]<\/p>\n","protected":false},"author":3,"featured_media":50816,"comment_status":"open","ping_status":"open","sticky":false,"template":"","format":"standard","meta":{"_yoast_indexnow_last_ping":["1701512456"],"wp_automatic_camp":["217"],"8941235dea82bba1c800f5fbb6a61691":["Energiewende? Ja \u2013 aber in die andere Richtung"],"original_link":["https:\/\/de.rt.com\/inland\/188745-energiewende-ja-aber-in-andere\/"],"_thumbnail_id":["50816"],"_wptgpro_p2tg_sent2tg":["a:1:{i:23737;s:19:\"2023-12-02 12:21:56\";}"],"jnews_social_counter_last_update":["1777284571"]},"categories":[19,23],"tags":[2205,7121,45,8250,18802],"yoast_head":"<!-- This site is optimized with the Yoast SEO Premium plugin v22.7 (Yoast SEO v22.7) - https:\/\/yoast.com\/wordpress\/plugins\/seo\/ -->\n<title>Energiewende? Ja \u2013 aber in die andere Richtung - just-now.NEWS Deutschland<\/title>\n<meta name=\"robots\" content=\"index, follow, max-snippet:-1, max-image-preview:large, max-video-preview:-1\" \/>\n<link rel=\"canonical\" href=\"https:\/\/now-news.de\/de\/deutschland\/energiewende-ja-aber-in-die-andere-richtung\/\" \/>\n<meta property=\"og:locale\" content=\"de_DE\" \/>\n<meta property=\"og:type\" content=\"article\" \/>\n<meta property=\"og:title\" content=\"Energiewende? Ja \u2013 aber in die andere Richtung\" \/>\n<meta property=\"og:description\" content=\"Dass die Bundesregierung so ihre Probleme bei der Richtungsbestimmung hat, ist sp\u00e4testens seit Baerbocks 360-Grad-Wende bekannt. Und selbst bei den Lieblingsprojekten scheint sich alles in eine andere Richtung zu bewegen, als behauptet. Das erkl\u00e4rte Ziel ist nach wie vor, &#8220;fossile&#8221; Energietr\u00e4ger durch erneuerbare zu ersetzen. Daf\u00fcr soll m\u00f6glichst viel Fl\u00e4che in Deutschland mit Solarpaneelen best\u00fcckt [&hellip;]\" \/>\n<meta property=\"og:url\" content=\"https:\/\/now-news.de\/de\/deutschland\/energiewende-ja-aber-in-die-andere-richtung\/\" \/>\n<meta property=\"og:site_name\" content=\"just-now.NEWS Deutschland\" \/>\n<meta property=\"article:publisher\" content=\"https:\/\/www.facebook.com\/wirmachenauf\" \/>\n<meta property=\"article:published_time\" content=\"2023-12-02T10:09:53+00:00\" \/>\n<meta property=\"og:image\" content=\"https:\/\/now-news.de\/de\/wp-content\/uploads\/sites\/3\/2023\/12\/Energiewende-Ja-\u2013-aber-in-die-andere-Richtung.PNG\" \/>\n\t<meta property=\"og:image:width\" content=\"460\" \/>\n\t<meta property=\"og:image:height\" content=\"259\" \/>\n\t<meta property=\"og:image:type\" content=\"image\/png\" \/>\n<meta name=\"author\" content=\"rtnews\" \/>\n<meta name=\"twitter:card\" content=\"summary_large_image\" \/>\n<meta name=\"twitter:creator\" content=\"@WirMachenAuf_de\" \/>\n<meta name=\"twitter:site\" content=\"@WirMachenAuf_de\" \/>\n<meta name=\"twitter:label1\" content=\"Verfasst von\" \/>\n\t<meta name=\"twitter:data1\" content=\"rtnews\" \/>\n\t<meta name=\"twitter:label2\" content=\"Gesch\u00e4tzte Lesezeit\" \/>\n\t<meta name=\"twitter:data2\" content=\"2\u00a0Minuten\" \/>\n<script type=\"application\/ld+json\" class=\"yoast-schema-graph\">{\"@context\":\"https:\/\/schema.org\",\"@graph\":[{\"@type\":\"Article\",\"@id\":\"https:\/\/now-news.de\/de\/deutschland\/energiewende-ja-aber-in-die-andere-richtung\/#article\",\"isPartOf\":{\"@id\":\"https:\/\/now-news.de\/de\/deutschland\/energiewende-ja-aber-in-die-andere-richtung\/\"},\"author\":{\"name\":\"rtnews\",\"@id\":\"https:\/\/now-news.de\/de\/#\/schema\/person\/fb534a4e865501d8b3285208df34a9b5\"},\"headline\":\"Energiewende? Ja \u2013 aber in die andere Richtung\",\"datePublished\":\"2023-12-02T10:09:53+00:00\",\"dateModified\":\"2023-12-02T10:09:53+00:00\",\"mainEntityOfPage\":{\"@id\":\"https:\/\/now-news.de\/de\/deutschland\/energiewende-ja-aber-in-die-andere-richtung\/\"},\"wordCount\":470,\"commentCount\":0,\"publisher\":{\"@id\":\"https:\/\/now-news.de\/de\/#organization\"},\"image\":{\"@id\":\"https:\/\/now-news.de\/de\/deutschland\/energiewende-ja-aber-in-die-andere-richtung\/#primaryimage\"},\"thumbnailUrl\":\"https:\/\/now-news.de\/de\/wp-content\/uploads\/sites\/3\/2023\/12\/Energiewende-Ja-\u2013-aber-in-die-andere-Richtung.PNG\",\"keywords\":[\"aber\",\"andere\",\"die\",\"Energiewende\",\"Richtung\"],\"articleSection\":[\"Deutschland\",\"Russland\"],\"inLanguage\":\"de\",\"potentialAction\":[{\"@type\":\"CommentAction\",\"name\":\"Comment\",\"target\":[\"https:\/\/now-news.de\/de\/deutschland\/energiewende-ja-aber-in-die-andere-richtung\/#respond\"]}]},{\"@type\":\"WebPage\",\"@id\":\"https:\/\/now-news.de\/de\/deutschland\/energiewende-ja-aber-in-die-andere-richtung\/\",\"url\":\"https:\/\/now-news.de\/de\/deutschland\/energiewende-ja-aber-in-die-andere-richtung\/\",\"name\":\"Energiewende? Ja \u2013 aber in die andere Richtung - just-now.NEWS Deutschland\",\"isPartOf\":{\"@id\":\"https:\/\/now-news.de\/de\/#website\"},\"primaryImageOfPage\":{\"@id\":\"https:\/\/now-news.de\/de\/deutschland\/energiewende-ja-aber-in-die-andere-richtung\/#primaryimage\"},\"image\":{\"@id\":\"https:\/\/now-news.de\/de\/deutschland\/energiewende-ja-aber-in-die-andere-richtung\/#primaryimage\"},\"thumbnailUrl\":\"https:\/\/now-news.de\/de\/wp-content\/uploads\/sites\/3\/2023\/12\/Energiewende-Ja-\u2013-aber-in-die-andere-Richtung.PNG\",\"datePublished\":\"2023-12-02T10:09:53+00:00\",\"dateModified\":\"2023-12-02T10:09:53+00:00\",\"breadcrumb\":{\"@id\":\"https:\/\/now-news.de\/de\/deutschland\/energiewende-ja-aber-in-die-andere-richtung\/#breadcrumb\"},\"inLanguage\":\"de\",\"potentialAction\":[{\"@type\":\"ReadAction\",\"target\":[\"https:\/\/now-news.de\/de\/deutschland\/energiewende-ja-aber-in-die-andere-richtung\/\"]}]},{\"@type\":\"ImageObject\",\"inLanguage\":\"de\",\"@id\":\"https:\/\/now-news.de\/de\/deutschland\/energiewende-ja-aber-in-die-andere-richtung\/#primaryimage\",\"url\":\"https:\/\/now-news.de\/de\/wp-content\/uploads\/sites\/3\/2023\/12\/Energiewende-Ja-\u2013-aber-in-die-andere-Richtung.PNG\",\"contentUrl\":\"https:\/\/now-news.de\/de\/wp-content\/uploads\/sites\/3\/2023\/12\/Energiewende-Ja-\u2013-aber-in-die-andere-Richtung.PNG\",\"width\":460,\"height\":259,\"caption\":\"Energiewende? Ja \u2013 aber in die andere Richtung\"},{\"@type\":\"BreadcrumbList\",\"@id\":\"https:\/\/now-news.de\/de\/deutschland\/energiewende-ja-aber-in-die-andere-richtung\/#breadcrumb\",\"itemListElement\":[{\"@type\":\"ListItem\",\"position\":1,\"name\":\"Home\",\"item\":\"https:\/\/now-news.de\/de\/\"},{\"@type\":\"ListItem\",\"position\":2,\"name\":\"Energiewende? Ja \u2013 aber in die andere Richtung\"}]},{\"@type\":\"WebSite\",\"@id\":\"https:\/\/now-news.de\/de\/#website\",\"url\":\"https:\/\/now-news.de\/de\/\",\"name\":\"just-now.NEWS Deutschland\",\"description\":\"Das Portal f\u00fcr unzensierte Nachrichten aus der Welt\",\"publisher\":{\"@id\":\"https:\/\/now-news.de\/de\/#organization\"},\"potentialAction\":[{\"@type\":\"SearchAction\",\"target\":{\"@type\":\"EntryPoint\",\"urlTemplate\":\"https:\/\/now-news.de\/de\/?s={search_term_string}\"},\"query-input\":\"required name=search_term_string\"}],\"inLanguage\":\"de\"},{\"@type\":\"Organization\",\"@id\":\"https:\/\/now-news.de\/de\/#organization\",\"name\":\"Just Now News\",\"url\":\"https:\/\/now-news.de\/de\/\",\"logo\":{\"@type\":\"ImageObject\",\"inLanguage\":\"de\",\"@id\":\"https:\/\/now-news.de\/de\/#\/schema\/logo\/image\/\",\"url\":\"http:\/\/just-now.news\/de\/wp-content\/uploads\/sites\/3\/2022\/04\/logo500x500.jpg\",\"contentUrl\":\"http:\/\/just-now.news\/de\/wp-content\/uploads\/sites\/3\/2022\/04\/logo500x500.jpg\",\"width\":500,\"height\":500,\"caption\":\"Just Now News\"},\"image\":{\"@id\":\"https:\/\/now-news.de\/de\/#\/schema\/logo\/image\/\"},\"sameAs\":[\"https:\/\/www.facebook.com\/wirmachenauf\",\"https:\/\/x.com\/WirMachenAuf_de\"]},{\"@type\":\"Person\",\"@id\":\"https:\/\/now-news.de\/de\/#\/schema\/person\/fb534a4e865501d8b3285208df34a9b5\",\"name\":\"rtnews\",\"image\":{\"@type\":\"ImageObject\",\"inLanguage\":\"de\",\"@id\":\"https:\/\/now-news.de\/de\/#\/schema\/person\/image\/\",\"url\":\"https:\/\/secure.gravatar.com\/avatar\/82aafea7d8127119dd649515f56e2117?s=96&d=mm&r=g\",\"contentUrl\":\"https:\/\/secure.gravatar.com\/avatar\/82aafea7d8127119dd649515f56e2117?s=96&d=mm&r=g\",\"caption\":\"rtnews\"},\"url\":\"https:\/\/now-news.de\/de\/author\/rnews\/\"}]}<\/script>\n<!-- \/ Yoast SEO Premium plugin. -->","yoast_head_json":{"title":"Energiewende? Ja \u2013 aber in die andere Richtung - just-now.NEWS Deutschland","robots":{"index":"index","follow":"follow","max-snippet":"max-snippet:-1","max-image-preview":"max-image-preview:large","max-video-preview":"max-video-preview:-1"},"canonical":"https:\/\/now-news.de\/de\/deutschland\/energiewende-ja-aber-in-die-andere-richtung\/","og_locale":"de_DE","og_type":"article","og_title":"Energiewende? Ja \u2013 aber in die andere Richtung","og_description":"Dass die Bundesregierung so ihre Probleme bei der Richtungsbestimmung hat, ist sp\u00e4testens seit Baerbocks 360-Grad-Wende bekannt. Und selbst bei den Lieblingsprojekten scheint sich alles in eine andere Richtung zu bewegen, als behauptet. Das erkl\u00e4rte Ziel ist nach wie vor, &#8220;fossile&#8221; Energietr\u00e4ger durch erneuerbare zu ersetzen. Daf\u00fcr soll m\u00f6glichst viel Fl\u00e4che in Deutschland mit Solarpaneelen best\u00fcckt [&hellip;]","og_url":"https:\/\/now-news.de\/de\/deutschland\/energiewende-ja-aber-in-die-andere-richtung\/","og_site_name":"just-now.NEWS Deutschland","article_publisher":"https:\/\/www.facebook.com\/wirmachenauf","article_published_time":"2023-12-02T10:09:53+00:00","og_image":[{"width":460,"height":259,"url":"https:\/\/now-news.de\/de\/wp-content\/uploads\/sites\/3\/2023\/12\/Energiewende-Ja-\u2013-aber-in-die-andere-Richtung.PNG","type":"image\/png"}],"author":"rtnews","twitter_card":"summary_large_image","twitter_creator":"@WirMachenAuf_de","twitter_site":"@WirMachenAuf_de","twitter_misc":{"Verfasst von":"rtnews","Gesch\u00e4tzte Lesezeit":"2\u00a0Minuten"},"schema":{"@context":"https:\/\/schema.org","@graph":[{"@type":"Article","@id":"https:\/\/now-news.de\/de\/deutschland\/energiewende-ja-aber-in-die-andere-richtung\/#article","isPartOf":{"@id":"https:\/\/now-news.de\/de\/deutschland\/energiewende-ja-aber-in-die-andere-richtung\/"},"author":{"name":"rtnews","@id":"https:\/\/now-news.de\/de\/#\/schema\/person\/fb534a4e865501d8b3285208df34a9b5"},"headline":"Energiewende? Ja \u2013 aber in die andere Richtung","datePublished":"2023-12-02T10:09:53+00:00","dateModified":"2023-12-02T10:09:53+00:00","mainEntityOfPage":{"@id":"https:\/\/now-news.de\/de\/deutschland\/energiewende-ja-aber-in-die-andere-richtung\/"},"wordCount":470,"commentCount":0,"publisher":{"@id":"https:\/\/now-news.de\/de\/#organization"},"image":{"@id":"https:\/\/now-news.de\/de\/deutschland\/energiewende-ja-aber-in-die-andere-richtung\/#primaryimage"},"thumbnailUrl":"https:\/\/now-news.de\/de\/wp-content\/uploads\/sites\/3\/2023\/12\/Energiewende-Ja-\u2013-aber-in-die-andere-Richtung.PNG","keywords":["aber","andere","die","Energiewende","Richtung"],"articleSection":["Deutschland","Russland"],"inLanguage":"de","potentialAction":[{"@type":"CommentAction","name":"Comment","target":["https:\/\/now-news.de\/de\/deutschland\/energiewende-ja-aber-in-die-andere-richtung\/#respond"]}]},{"@type":"WebPage","@id":"https:\/\/now-news.de\/de\/deutschland\/energiewende-ja-aber-in-die-andere-richtung\/","url":"https:\/\/now-news.de\/de\/deutschland\/energiewende-ja-aber-in-die-andere-richtung\/","name":"Energiewende? Ja \u2013 aber in die andere Richtung - just-now.NEWS Deutschland","isPartOf":{"@id":"https:\/\/now-news.de\/de\/#website"},"primaryImageOfPage":{"@id":"https:\/\/now-news.de\/de\/deutschland\/energiewende-ja-aber-in-die-andere-richtung\/#primaryimage"},"image":{"@id":"https:\/\/now-news.de\/de\/deutschland\/energiewende-ja-aber-in-die-andere-richtung\/#primaryimage"},"thumbnailUrl":"https:\/\/now-news.de\/de\/wp-content\/uploads\/sites\/3\/2023\/12\/Energiewende-Ja-\u2013-aber-in-die-andere-Richtung.PNG","datePublished":"2023-12-02T10:09:53+00:00","dateModified":"2023-12-02T10:09:53+00:00","breadcrumb":{"@id":"https:\/\/now-news.de\/de\/deutschland\/energiewende-ja-aber-in-die-andere-richtung\/#breadcrumb"},"inLanguage":"de","potentialAction":[{"@type":"ReadAction","target":["https:\/\/now-news.de\/de\/deutschland\/energiewende-ja-aber-in-die-andere-richtung\/"]}]},{"@type":"ImageObject","inLanguage":"de","@id":"https:\/\/now-news.de\/de\/deutschland\/energiewende-ja-aber-in-die-andere-richtung\/#primaryimage","url":"https:\/\/now-news.de\/de\/wp-content\/uploads\/sites\/3\/2023\/12\/Energiewende-Ja-\u2013-aber-in-die-andere-Richtung.PNG","contentUrl":"https:\/\/now-news.de\/de\/wp-content\/uploads\/sites\/3\/2023\/12\/Energiewende-Ja-\u2013-aber-in-die-andere-Richtung.PNG","width":460,"height":259,"caption":"Energiewende? Ja \u2013 aber in die andere Richtung"},{"@type":"BreadcrumbList","@id":"https:\/\/now-news.de\/de\/deutschland\/energiewende-ja-aber-in-die-andere-richtung\/#breadcrumb","itemListElement":[{"@type":"ListItem","position":1,"name":"Home","item":"https:\/\/now-news.de\/de\/"},{"@type":"ListItem","position":2,"name":"Energiewende? Ja \u2013 aber in die andere Richtung"}]},{"@type":"WebSite","@id":"https:\/\/now-news.de\/de\/#website","url":"https:\/\/now-news.de\/de\/","name":"just-now.NEWS Deutschland","description":"Das Portal f\u00fcr unzensierte Nachrichten aus der Welt","publisher":{"@id":"https:\/\/now-news.de\/de\/#organization"},"potentialAction":[{"@type":"SearchAction","target":{"@type":"EntryPoint","urlTemplate":"https:\/\/now-news.de\/de\/?s={search_term_string}"},"query-input":"required name=search_term_string"}],"inLanguage":"de"},{"@type":"Organization","@id":"https:\/\/now-news.de\/de\/#organization","name":"Just Now News","url":"https:\/\/now-news.de\/de\/","logo":{"@type":"ImageObject","inLanguage":"de","@id":"https:\/\/now-news.de\/de\/#\/schema\/logo\/image\/","url":"http:\/\/just-now.news\/de\/wp-content\/uploads\/sites\/3\/2022\/04\/logo500x500.jpg","contentUrl":"http:\/\/just-now.news\/de\/wp-content\/uploads\/sites\/3\/2022\/04\/logo500x500.jpg","width":500,"height":500,"caption":"Just Now News"},"image":{"@id":"https:\/\/now-news.de\/de\/#\/schema\/logo\/image\/"},"sameAs":["https:\/\/www.facebook.com\/wirmachenauf","https:\/\/x.com\/WirMachenAuf_de"]},{"@type":"Person","@id":"https:\/\/now-news.de\/de\/#\/schema\/person\/fb534a4e865501d8b3285208df34a9b5","name":"rtnews","image":{"@type":"ImageObject","inLanguage":"de","@id":"https:\/\/now-news.de\/de\/#\/schema\/person\/image\/","url":"https:\/\/secure.gravatar.com\/avatar\/82aafea7d8127119dd649515f56e2117?s=96&d=mm&r=g","contentUrl":"https:\/\/secure.gravatar.com\/avatar\/82aafea7d8127119dd649515f56e2117?s=96&d=mm&r=g","caption":"rtnews"},"url":"https:\/\/now-news.de\/de\/author\/rnews\/"}]}},"_links":{"self":[{"href":"https:\/\/now-news.de\/de\/wp-json\/wp\/v2\/posts\/50815"}],"collection":[{"href":"https:\/\/now-news.de\/de\/wp-json\/wp\/v2\/posts"}],"about":[{"href":"https:\/\/now-news.de\/de\/wp-json\/wp\/v2\/types\/post"}],"author":[{"embeddable":true,"href":"https:\/\/now-news.de\/de\/wp-json\/wp\/v2\/users\/3"}],"replies":[{"embeddable":true,"href":"https:\/\/now-news.de\/de\/wp-json\/wp\/v2\/comments?post=50815"}],"version-history":[{"count":0,"href":"https:\/\/now-news.de\/de\/wp-json\/wp\/v2\/posts\/50815\/revisions"}],"wp:featuredmedia":[{"embeddable":true,"href":"https:\/\/now-news.de\/de\/wp-json\/wp\/v2\/media\/50816"}],"wp:attachment":[{"href":"https:\/\/now-news.de\/de\/wp-json\/wp\/v2\/media?parent=50815"}],"wp:term":[{"taxonomy":"category","embeddable":true,"href":"https:\/\/now-news.de\/de\/wp-json\/wp\/v2\/categories?post=50815"},{"taxonomy":"post_tag","embeddable":true,"href":"https:\/\/now-news.de\/de\/wp-json\/wp\/v2\/tags?post=50815"}],"curies":[{"name":"wp","href":"https:\/\/api.w.org\/{rel}","templated":true}]}}