{"id":50769,"date":"2023-12-01T18:55:29","date_gmt":"2023-12-01T16:55:29","guid":{"rendered":"https:\/\/just-now.news\/de\/deutschland\/kippt-jetzt-auch-scholzens-grundsteuer-reform-%e2%80%92-wieder-schallende-ohrfeige-fuer-die-regierung\/"},"modified":"2023-12-01T18:55:29","modified_gmt":"2023-12-01T16:55:29","slug":"kippt-jetzt-auch-scholzens-grundsteuer-reform-%e2%80%92-wieder-schallende-ohrfeige-fuer-die-regierung","status":"publish","type":"post","link":"https:\/\/now-news.de\/de\/deutschland\/kippt-jetzt-auch-scholzens-grundsteuer-reform-%e2%80%92-wieder-schallende-ohrfeige-fuer-die-regierung\/","title":{"rendered":"Kippt jetzt auch Scholzens Grundsteuer-Reform? \u2012 Wieder &quot;schallende Ohrfeige f\u00fcr die Regierung&quot;"},"content":{"rendered":"<p><img decoding=\"async\" src=\"http:\/\/just-now.news\/de\/wp-content\/uploads\/sites\/3\/2023\/12\/656a057eb480cc7db94236b0.jpg\" \/><\/p>\n<div class=\"Text-root Text-type_1 \">\n                Juristen eines Finanzgerichts in Rheinland-Pfalz zweifeln an der Verfassungsm\u00e4\u00dfigkeit des neuen Bundesmodells zur Grundsteuerermittlung. Sie geben zwei Kl\u00e4gern Recht, die Beschwerde gegen die Bescheide eingelegt hatten. Droht jetzt das Aus f\u00fcr die Reformpl\u00e4ne der Regierung?\n            <\/div>\n<p><\/p>\n<div class=\"Text-root Text-type_5 ArticleView-text ViewText-root \">\n<p>Droht der Ampel erneut \u00c4rger wegen eines weiteren schlecht gemachten Gesetzes? Das Finanzgericht Rheinland-Pfalz hat am Freitag grunds\u00e4tzliche Zweifel an der Verfassungsm\u00e4\u00dfigkeit der gesetzlichen Bewertungsregeln f\u00fcr die neue Grundsteuer ge\u00e4u\u00dfert, wie der <em>Focus<\/em>\u00a0<a rel=\"nofollow noopener\" target=\"_blank\" href=\"https:\/\/www.focus.de\/politik\/deutschland\/scholz-regierung-droht-naechste-schmach-gericht-zweifelt-ist-die-ampel-grundsteuer-verfassungsgemaess_id_256441139.html\">berichtet<\/a>.\u00a0Demnach gibt es ernste Bedenken, &#8220;dass die Regelungen des Bewertungsgesetzes \u00fcberhaupt geeignet seien, eine realit\u00e4ts- und relationsgerechte Grundst\u00fccksbewertung zu erreichen&#8221;, betonte die Justizbeh\u00f6rde in Neustadt an der Weinstra\u00dfe.\u00a0<\/p>\n<p>Das oberste Finanzgericht im S\u00fcdwesten gab damit in einem Eilverfahren zwei Antragstellern Recht. Es setzte die Vollziehung ihrer Grundsteuerwertbescheide aus und lie\u00df &#8220;wegen der grunds\u00e4tzlichen Bedeutung&#8221; der Rechtssache die Beschwerde zum Bundesfinanzhof zu.\u00a0<\/p>\n<p>Im konkreten Fall haben die Juristen vor allem Zweifel daran, dass die entscheidend in die Bewertung eingeflossenen Bodenrichtwerte rechtm\u00e4\u00dfig zustande gekommen sind.\u00a0Die Vorsitzende Richterin am Finanzgericht, Barbara Wei\u00df, \u00e4u\u00dferte gegen\u00fcber der <em>dpa<\/em>, dass zwei Einzelf\u00e4lle derzeit behandelt werden\u00a0\u2012 eine abschlie\u00dfende Entscheidung auch \u00fcber die Verfassungsm\u00e4\u00dfigkeit der Bewertungsregeln stehe aus.\u00a0<\/p>\n<p>Der Eigent\u00fcmerverband Haus &amp; Grund bezeichnete indes die Entscheidung als &#8220;schallende Ohrfeige&#8221; f\u00fcr die Landesregierung.\u00a0Die steuerpolitische Sprecherin der\u00a0CDU-Landtagsfraktion, Karina W\u00e4chter, teilte mit, die Entscheidung gebe den Kritikern der Grundsteuerreform &#8220;auf ganzer Linie&#8221; Recht. Sie betonte:<\/p>\n<blockquote>\n<p><em>&#8220;Schon seit \u00fcber zwei Jahren warnen wir vor der rechtlichen Unsicherheit und dem B\u00fcrokratiemonster mit hohen Kosten, die die neue Bundesregelung darstellt.&#8221; <\/em><\/p>\n<\/blockquote>\n<p>Es brauche daher schnellstm\u00f6glich Klarheit f\u00fcr die B\u00fcrger. &#8220;Die neue Grundsteuer nach dem Bundesmodell wurde von der Politik als unb\u00fcrokratisch, fair und verfassungsfest angepriesen. Doch dieses M\u00e4rchen zerbr\u00f6selt st\u00fcckweise&#8221;, teilte der Bund der Steuerzahler mit.<\/p>\n<p>Die Finanzbeamten in Mainz gaben bekannt, dass man von der Verfassungsm\u00e4\u00dfigkeit des Bundesmodells \u00fcberzeugt sei. Der Beschluss des Finanzgerichts Rheinland-Pfalz werde nun ausgiebig gepr\u00fcft, dann werde \u00fcber die Einlegung von Rechtsmitteln entschieden. Sollte die Gesetzesreform scheitern, droht der angeschlagenen Ampelregierung in Berlin weiterer Z\u00fcndstoff.<\/p>\n<p><strong>Mehr zum Thema<\/strong>\u00a0&#8211;\u00a0<a rel=\"nofollow noopener\" target=\"_blank\" href=\"https:\/\/rtde.site\/inland\/159415-bananenrepublik-grundstuecks-und-hausbesitzer-klagen\/\">Bananenrepublik? Grundst\u00fccks- und Hausbesitzer klagen gegen Grundsteuergesetz<\/a><\/p>\n<\/p>\n<\/div>\n<p><br \/>\n<br \/><a href=\"https:\/\/de.rt.com\/inland\/188704-kippt-jetzt-auch-scholzens-grundsteuer\/\">Source link <\/a><\/p>\n","protected":false},"excerpt":{"rendered":"<p>Juristen eines Finanzgerichts in Rheinland-Pfalz zweifeln an der Verfassungsm\u00e4\u00dfigkeit des neuen Bundesmodells zur Grundsteuerermittlung. Sie geben zwei Kl\u00e4gern Recht, die Beschwerde gegen die Bescheide eingelegt hatten. Droht jetzt das Aus f\u00fcr die Reformpl\u00e4ne der Regierung? Droht der Ampel erneut \u00c4rger wegen eines weiteren schlecht gemachten Gesetzes? Das Finanzgericht Rheinland-Pfalz hat am Freitag grunds\u00e4tzliche Zweifel an [&hellip;]<\/p>\n","protected":false},"author":3,"featured_media":50770,"comment_status":"open","ping_status":"open","sticky":false,"template":"","format":"standard","meta":{"_yoast_indexnow_last_ping":["1701449876"],"wp_automatic_camp":["217"],"c82833fd6860ba1b5b8b66dd0f08ea89":["Kippt jetzt auch Scholzens Grundsteuer-Reform? \u2012 Wieder &quot;schallende Ohrfeige f\u00fcr die Regierung&quot;"],"original_link":["https:\/\/de.rt.com\/inland\/188704-kippt-jetzt-auch-scholzens-grundsteuer\/"],"_thumbnail_id":["50770"],"_wptgpro_p2tg_sent2tg":["a:1:{i:23737;s:19:\"2023-12-01 18:58:56\";}"],"jnews_social_counter_last_update":["1777609588"]},"categories":[19,23],"tags":[1475,45,221,51198,2731,18073,43199,51199,36784,51197,904],"yoast_head":"<!-- This site is optimized with the Yoast SEO Premium plugin v22.7 (Yoast SEO v22.7) - https:\/\/yoast.com\/wordpress\/plugins\/seo\/ -->\n<title>Kippt jetzt auch Scholzens Grundsteuer-Reform? \u2012 Wieder &quot;schallende Ohrfeige f\u00fcr die Regierung&quot; - just-now.NEWS Deutschland<\/title>\n<meta name=\"robots\" content=\"index, follow, max-snippet:-1, max-image-preview:large, max-video-preview:-1\" \/>\n<link rel=\"canonical\" href=\"https:\/\/now-news.de\/de\/deutschland\/kippt-jetzt-auch-scholzens-grundsteuer-reform-\u2012-wieder-schallende-ohrfeige-fuer-die-regierung\/\" \/>\n<meta property=\"og:locale\" content=\"de_DE\" \/>\n<meta property=\"og:type\" content=\"article\" \/>\n<meta property=\"og:title\" content=\"Kippt jetzt auch Scholzens Grundsteuer-Reform? \u2012 Wieder &quot;schallende Ohrfeige f\u00fcr die Regierung&quot;\" \/>\n<meta property=\"og:description\" content=\"Juristen eines Finanzgerichts in Rheinland-Pfalz zweifeln an der Verfassungsm\u00e4\u00dfigkeit des neuen Bundesmodells zur Grundsteuerermittlung. Sie geben zwei Kl\u00e4gern Recht, die Beschwerde gegen die Bescheide eingelegt hatten. Droht jetzt das Aus f\u00fcr die Reformpl\u00e4ne der Regierung? Droht der Ampel erneut \u00c4rger wegen eines weiteren schlecht gemachten Gesetzes? Das Finanzgericht Rheinland-Pfalz hat am Freitag grunds\u00e4tzliche Zweifel an [&hellip;]\" \/>\n<meta property=\"og:url\" content=\"https:\/\/now-news.de\/de\/deutschland\/kippt-jetzt-auch-scholzens-grundsteuer-reform-\u2012-wieder-schallende-ohrfeige-fuer-die-regierung\/\" \/>\n<meta property=\"og:site_name\" content=\"just-now.NEWS Deutschland\" \/>\n<meta property=\"article:publisher\" content=\"https:\/\/www.facebook.com\/wirmachenauf\" \/>\n<meta property=\"article:published_time\" content=\"2023-12-01T16:55:29+00:00\" \/>\n<meta property=\"og:image\" content=\"https:\/\/now-news.de\/de\/wp-content\/uploads\/sites\/3\/2023\/12\/Kippt-jetzt-auch-Scholzens-Grundsteuer-Reform-\u2012-Wieder-quotschallende-Ohrfeige-fuer.jpg\" \/>\n\t<meta property=\"og:image:width\" content=\"460\" \/>\n\t<meta property=\"og:image:height\" content=\"259\" \/>\n\t<meta property=\"og:image:type\" content=\"image\/jpeg\" \/>\n<meta name=\"author\" content=\"rtnews\" \/>\n<meta name=\"twitter:card\" content=\"summary_large_image\" \/>\n<meta name=\"twitter:creator\" content=\"@WirMachenAuf_de\" \/>\n<meta name=\"twitter:site\" content=\"@WirMachenAuf_de\" \/>\n<meta name=\"twitter:label1\" content=\"Verfasst von\" \/>\n\t<meta name=\"twitter:data1\" content=\"rtnews\" \/>\n\t<meta name=\"twitter:label2\" content=\"Gesch\u00e4tzte Lesezeit\" \/>\n\t<meta name=\"twitter:data2\" content=\"2\u00a0Minuten\" \/>\n<script type=\"application\/ld+json\" class=\"yoast-schema-graph\">{\"@context\":\"https:\/\/schema.org\",\"@graph\":[{\"@type\":\"Article\",\"@id\":\"https:\/\/now-news.de\/de\/deutschland\/kippt-jetzt-auch-scholzens-grundsteuer-reform-%e2%80%92-wieder-schallende-ohrfeige-fuer-die-regierung\/#article\",\"isPartOf\":{\"@id\":\"https:\/\/now-news.de\/de\/deutschland\/kippt-jetzt-auch-scholzens-grundsteuer-reform-%e2%80%92-wieder-schallende-ohrfeige-fuer-die-regierung\/\"},\"author\":{\"name\":\"rtnews\",\"@id\":\"https:\/\/now-news.de\/de\/#\/schema\/person\/fb534a4e865501d8b3285208df34a9b5\"},\"headline\":\"Kippt jetzt auch Scholzens Grundsteuer-Reform? \u2012 Wieder &quot;schallende Ohrfeige f\u00fcr die Regierung&quot;\",\"datePublished\":\"2023-12-01T16:55:29+00:00\",\"dateModified\":\"2023-12-01T16:55:29+00:00\",\"mainEntityOfPage\":{\"@id\":\"https:\/\/now-news.de\/de\/deutschland\/kippt-jetzt-auch-scholzens-grundsteuer-reform-%e2%80%92-wieder-schallende-ohrfeige-fuer-die-regierung\/\"},\"wordCount\":382,\"commentCount\":0,\"publisher\":{\"@id\":\"https:\/\/now-news.de\/de\/#organization\"},\"image\":{\"@id\":\"https:\/\/now-news.de\/de\/deutschland\/kippt-jetzt-auch-scholzens-grundsteuer-reform-%e2%80%92-wieder-schallende-ohrfeige-fuer-die-regierung\/#primaryimage\"},\"thumbnailUrl\":\"https:\/\/now-news.de\/de\/wp-content\/uploads\/sites\/3\/2023\/12\/Kippt-jetzt-auch-Scholzens-Grundsteuer-Reform-\u2012-Wieder-quotschallende-Ohrfeige-fuer.jpg\",\"keywords\":[\"auch\",\"die\",\"f\u00fcr\",\"GrundsteuerReform\",\"Jetzt\",\"kippt\",\"Ohrfeige\",\"quotschallende\",\"Regierungquot\",\"Scholzens\",\"wieder\"],\"articleSection\":[\"Deutschland\",\"Russland\"],\"inLanguage\":\"de\",\"potentialAction\":[{\"@type\":\"CommentAction\",\"name\":\"Comment\",\"target\":[\"https:\/\/now-news.de\/de\/deutschland\/kippt-jetzt-auch-scholzens-grundsteuer-reform-%e2%80%92-wieder-schallende-ohrfeige-fuer-die-regierung\/#respond\"]}]},{\"@type\":\"WebPage\",\"@id\":\"https:\/\/now-news.de\/de\/deutschland\/kippt-jetzt-auch-scholzens-grundsteuer-reform-%e2%80%92-wieder-schallende-ohrfeige-fuer-die-regierung\/\",\"url\":\"https:\/\/now-news.de\/de\/deutschland\/kippt-jetzt-auch-scholzens-grundsteuer-reform-%e2%80%92-wieder-schallende-ohrfeige-fuer-die-regierung\/\",\"name\":\"Kippt jetzt auch Scholzens Grundsteuer-Reform? \u2012 Wieder &quot;schallende Ohrfeige f\u00fcr die Regierung&quot; - just-now.NEWS Deutschland\",\"isPartOf\":{\"@id\":\"https:\/\/now-news.de\/de\/#website\"},\"primaryImageOfPage\":{\"@id\":\"https:\/\/now-news.de\/de\/deutschland\/kippt-jetzt-auch-scholzens-grundsteuer-reform-%e2%80%92-wieder-schallende-ohrfeige-fuer-die-regierung\/#primaryimage\"},\"image\":{\"@id\":\"https:\/\/now-news.de\/de\/deutschland\/kippt-jetzt-auch-scholzens-grundsteuer-reform-%e2%80%92-wieder-schallende-ohrfeige-fuer-die-regierung\/#primaryimage\"},\"thumbnailUrl\":\"https:\/\/now-news.de\/de\/wp-content\/uploads\/sites\/3\/2023\/12\/Kippt-jetzt-auch-Scholzens-Grundsteuer-Reform-\u2012-Wieder-quotschallende-Ohrfeige-fuer.jpg\",\"datePublished\":\"2023-12-01T16:55:29+00:00\",\"dateModified\":\"2023-12-01T16:55:29+00:00\",\"breadcrumb\":{\"@id\":\"https:\/\/now-news.de\/de\/deutschland\/kippt-jetzt-auch-scholzens-grundsteuer-reform-%e2%80%92-wieder-schallende-ohrfeige-fuer-die-regierung\/#breadcrumb\"},\"inLanguage\":\"de\",\"potentialAction\":[{\"@type\":\"ReadAction\",\"target\":[\"https:\/\/now-news.de\/de\/deutschland\/kippt-jetzt-auch-scholzens-grundsteuer-reform-%e2%80%92-wieder-schallende-ohrfeige-fuer-die-regierung\/\"]}]},{\"@type\":\"ImageObject\",\"inLanguage\":\"de\",\"@id\":\"https:\/\/now-news.de\/de\/deutschland\/kippt-jetzt-auch-scholzens-grundsteuer-reform-%e2%80%92-wieder-schallende-ohrfeige-fuer-die-regierung\/#primaryimage\",\"url\":\"https:\/\/now-news.de\/de\/wp-content\/uploads\/sites\/3\/2023\/12\/Kippt-jetzt-auch-Scholzens-Grundsteuer-Reform-\u2012-Wieder-quotschallende-Ohrfeige-fuer.jpg\",\"contentUrl\":\"https:\/\/now-news.de\/de\/wp-content\/uploads\/sites\/3\/2023\/12\/Kippt-jetzt-auch-Scholzens-Grundsteuer-Reform-\u2012-Wieder-quotschallende-Ohrfeige-fuer.jpg\",\"width\":460,\"height\":259,\"caption\":\"Kippt jetzt auch Scholzens Grundsteuer-Reform? \u2012 Wieder &quot;schallende Ohrfeige f\u00fcr die Regierung&quot;\"},{\"@type\":\"BreadcrumbList\",\"@id\":\"https:\/\/now-news.de\/de\/deutschland\/kippt-jetzt-auch-scholzens-grundsteuer-reform-%e2%80%92-wieder-schallende-ohrfeige-fuer-die-regierung\/#breadcrumb\",\"itemListElement\":[{\"@type\":\"ListItem\",\"position\":1,\"name\":\"Home\",\"item\":\"https:\/\/now-news.de\/de\/\"},{\"@type\":\"ListItem\",\"position\":2,\"name\":\"Kippt jetzt auch Scholzens Grundsteuer-Reform? \u2012 Wieder &quot;schallende Ohrfeige f\u00fcr die Regierung&quot;\"}]},{\"@type\":\"WebSite\",\"@id\":\"https:\/\/now-news.de\/de\/#website\",\"url\":\"https:\/\/now-news.de\/de\/\",\"name\":\"just-now.NEWS Deutschland\",\"description\":\"Das Portal f\u00fcr unzensierte Nachrichten aus der Welt\",\"publisher\":{\"@id\":\"https:\/\/now-news.de\/de\/#organization\"},\"potentialAction\":[{\"@type\":\"SearchAction\",\"target\":{\"@type\":\"EntryPoint\",\"urlTemplate\":\"https:\/\/now-news.de\/de\/?s={search_term_string}\"},\"query-input\":\"required name=search_term_string\"}],\"inLanguage\":\"de\"},{\"@type\":\"Organization\",\"@id\":\"https:\/\/now-news.de\/de\/#organization\",\"name\":\"Just Now News\",\"url\":\"https:\/\/now-news.de\/de\/\",\"logo\":{\"@type\":\"ImageObject\",\"inLanguage\":\"de\",\"@id\":\"https:\/\/now-news.de\/de\/#\/schema\/logo\/image\/\",\"url\":\"http:\/\/just-now.news\/de\/wp-content\/uploads\/sites\/3\/2022\/04\/logo500x500.jpg\",\"contentUrl\":\"http:\/\/just-now.news\/de\/wp-content\/uploads\/sites\/3\/2022\/04\/logo500x500.jpg\",\"width\":500,\"height\":500,\"caption\":\"Just Now News\"},\"image\":{\"@id\":\"https:\/\/now-news.de\/de\/#\/schema\/logo\/image\/\"},\"sameAs\":[\"https:\/\/www.facebook.com\/wirmachenauf\",\"https:\/\/x.com\/WirMachenAuf_de\"]},{\"@type\":\"Person\",\"@id\":\"https:\/\/now-news.de\/de\/#\/schema\/person\/fb534a4e865501d8b3285208df34a9b5\",\"name\":\"rtnews\",\"image\":{\"@type\":\"ImageObject\",\"inLanguage\":\"de\",\"@id\":\"https:\/\/now-news.de\/de\/#\/schema\/person\/image\/\",\"url\":\"https:\/\/secure.gravatar.com\/avatar\/82aafea7d8127119dd649515f56e2117?s=96&d=mm&r=g\",\"contentUrl\":\"https:\/\/secure.gravatar.com\/avatar\/82aafea7d8127119dd649515f56e2117?s=96&d=mm&r=g\",\"caption\":\"rtnews\"},\"url\":\"https:\/\/now-news.de\/de\/author\/rnews\/\"}]}<\/script>\n<!-- \/ Yoast SEO Premium plugin. -->","yoast_head_json":{"title":"Kippt jetzt auch Scholzens Grundsteuer-Reform? \u2012 Wieder &quot;schallende Ohrfeige f\u00fcr die Regierung&quot; - just-now.NEWS Deutschland","robots":{"index":"index","follow":"follow","max-snippet":"max-snippet:-1","max-image-preview":"max-image-preview:large","max-video-preview":"max-video-preview:-1"},"canonical":"https:\/\/now-news.de\/de\/deutschland\/kippt-jetzt-auch-scholzens-grundsteuer-reform-\u2012-wieder-schallende-ohrfeige-fuer-die-regierung\/","og_locale":"de_DE","og_type":"article","og_title":"Kippt jetzt auch Scholzens Grundsteuer-Reform? \u2012 Wieder &quot;schallende Ohrfeige f\u00fcr die Regierung&quot;","og_description":"Juristen eines Finanzgerichts in Rheinland-Pfalz zweifeln an der Verfassungsm\u00e4\u00dfigkeit des neuen Bundesmodells zur Grundsteuerermittlung. Sie geben zwei Kl\u00e4gern Recht, die Beschwerde gegen die Bescheide eingelegt hatten. Droht jetzt das Aus f\u00fcr die Reformpl\u00e4ne der Regierung? Droht der Ampel erneut \u00c4rger wegen eines weiteren schlecht gemachten Gesetzes? Das Finanzgericht Rheinland-Pfalz hat am Freitag grunds\u00e4tzliche Zweifel an [&hellip;]","og_url":"https:\/\/now-news.de\/de\/deutschland\/kippt-jetzt-auch-scholzens-grundsteuer-reform-\u2012-wieder-schallende-ohrfeige-fuer-die-regierung\/","og_site_name":"just-now.NEWS Deutschland","article_publisher":"https:\/\/www.facebook.com\/wirmachenauf","article_published_time":"2023-12-01T16:55:29+00:00","og_image":[{"width":460,"height":259,"url":"https:\/\/now-news.de\/de\/wp-content\/uploads\/sites\/3\/2023\/12\/Kippt-jetzt-auch-Scholzens-Grundsteuer-Reform-\u2012-Wieder-quotschallende-Ohrfeige-fuer.jpg","type":"image\/jpeg"}],"author":"rtnews","twitter_card":"summary_large_image","twitter_creator":"@WirMachenAuf_de","twitter_site":"@WirMachenAuf_de","twitter_misc":{"Verfasst von":"rtnews","Gesch\u00e4tzte Lesezeit":"2\u00a0Minuten"},"schema":{"@context":"https:\/\/schema.org","@graph":[{"@type":"Article","@id":"https:\/\/now-news.de\/de\/deutschland\/kippt-jetzt-auch-scholzens-grundsteuer-reform-%e2%80%92-wieder-schallende-ohrfeige-fuer-die-regierung\/#article","isPartOf":{"@id":"https:\/\/now-news.de\/de\/deutschland\/kippt-jetzt-auch-scholzens-grundsteuer-reform-%e2%80%92-wieder-schallende-ohrfeige-fuer-die-regierung\/"},"author":{"name":"rtnews","@id":"https:\/\/now-news.de\/de\/#\/schema\/person\/fb534a4e865501d8b3285208df34a9b5"},"headline":"Kippt jetzt auch Scholzens Grundsteuer-Reform? \u2012 Wieder &quot;schallende Ohrfeige f\u00fcr die Regierung&quot;","datePublished":"2023-12-01T16:55:29+00:00","dateModified":"2023-12-01T16:55:29+00:00","mainEntityOfPage":{"@id":"https:\/\/now-news.de\/de\/deutschland\/kippt-jetzt-auch-scholzens-grundsteuer-reform-%e2%80%92-wieder-schallende-ohrfeige-fuer-die-regierung\/"},"wordCount":382,"commentCount":0,"publisher":{"@id":"https:\/\/now-news.de\/de\/#organization"},"image":{"@id":"https:\/\/now-news.de\/de\/deutschland\/kippt-jetzt-auch-scholzens-grundsteuer-reform-%e2%80%92-wieder-schallende-ohrfeige-fuer-die-regierung\/#primaryimage"},"thumbnailUrl":"https:\/\/now-news.de\/de\/wp-content\/uploads\/sites\/3\/2023\/12\/Kippt-jetzt-auch-Scholzens-Grundsteuer-Reform-\u2012-Wieder-quotschallende-Ohrfeige-fuer.jpg","keywords":["auch","die","f\u00fcr","GrundsteuerReform","Jetzt","kippt","Ohrfeige","quotschallende","Regierungquot","Scholzens","wieder"],"articleSection":["Deutschland","Russland"],"inLanguage":"de","potentialAction":[{"@type":"CommentAction","name":"Comment","target":["https:\/\/now-news.de\/de\/deutschland\/kippt-jetzt-auch-scholzens-grundsteuer-reform-%e2%80%92-wieder-schallende-ohrfeige-fuer-die-regierung\/#respond"]}]},{"@type":"WebPage","@id":"https:\/\/now-news.de\/de\/deutschland\/kippt-jetzt-auch-scholzens-grundsteuer-reform-%e2%80%92-wieder-schallende-ohrfeige-fuer-die-regierung\/","url":"https:\/\/now-news.de\/de\/deutschland\/kippt-jetzt-auch-scholzens-grundsteuer-reform-%e2%80%92-wieder-schallende-ohrfeige-fuer-die-regierung\/","name":"Kippt jetzt auch Scholzens Grundsteuer-Reform? \u2012 Wieder &quot;schallende Ohrfeige f\u00fcr die Regierung&quot; - just-now.NEWS Deutschland","isPartOf":{"@id":"https:\/\/now-news.de\/de\/#website"},"primaryImageOfPage":{"@id":"https:\/\/now-news.de\/de\/deutschland\/kippt-jetzt-auch-scholzens-grundsteuer-reform-%e2%80%92-wieder-schallende-ohrfeige-fuer-die-regierung\/#primaryimage"},"image":{"@id":"https:\/\/now-news.de\/de\/deutschland\/kippt-jetzt-auch-scholzens-grundsteuer-reform-%e2%80%92-wieder-schallende-ohrfeige-fuer-die-regierung\/#primaryimage"},"thumbnailUrl":"https:\/\/now-news.de\/de\/wp-content\/uploads\/sites\/3\/2023\/12\/Kippt-jetzt-auch-Scholzens-Grundsteuer-Reform-\u2012-Wieder-quotschallende-Ohrfeige-fuer.jpg","datePublished":"2023-12-01T16:55:29+00:00","dateModified":"2023-12-01T16:55:29+00:00","breadcrumb":{"@id":"https:\/\/now-news.de\/de\/deutschland\/kippt-jetzt-auch-scholzens-grundsteuer-reform-%e2%80%92-wieder-schallende-ohrfeige-fuer-die-regierung\/#breadcrumb"},"inLanguage":"de","potentialAction":[{"@type":"ReadAction","target":["https:\/\/now-news.de\/de\/deutschland\/kippt-jetzt-auch-scholzens-grundsteuer-reform-%e2%80%92-wieder-schallende-ohrfeige-fuer-die-regierung\/"]}]},{"@type":"ImageObject","inLanguage":"de","@id":"https:\/\/now-news.de\/de\/deutschland\/kippt-jetzt-auch-scholzens-grundsteuer-reform-%e2%80%92-wieder-schallende-ohrfeige-fuer-die-regierung\/#primaryimage","url":"https:\/\/now-news.de\/de\/wp-content\/uploads\/sites\/3\/2023\/12\/Kippt-jetzt-auch-Scholzens-Grundsteuer-Reform-\u2012-Wieder-quotschallende-Ohrfeige-fuer.jpg","contentUrl":"https:\/\/now-news.de\/de\/wp-content\/uploads\/sites\/3\/2023\/12\/Kippt-jetzt-auch-Scholzens-Grundsteuer-Reform-\u2012-Wieder-quotschallende-Ohrfeige-fuer.jpg","width":460,"height":259,"caption":"Kippt jetzt auch Scholzens Grundsteuer-Reform? \u2012 Wieder &quot;schallende Ohrfeige f\u00fcr die Regierung&quot;"},{"@type":"BreadcrumbList","@id":"https:\/\/now-news.de\/de\/deutschland\/kippt-jetzt-auch-scholzens-grundsteuer-reform-%e2%80%92-wieder-schallende-ohrfeige-fuer-die-regierung\/#breadcrumb","itemListElement":[{"@type":"ListItem","position":1,"name":"Home","item":"https:\/\/now-news.de\/de\/"},{"@type":"ListItem","position":2,"name":"Kippt jetzt auch Scholzens Grundsteuer-Reform? \u2012 Wieder &quot;schallende Ohrfeige f\u00fcr die Regierung&quot;"}]},{"@type":"WebSite","@id":"https:\/\/now-news.de\/de\/#website","url":"https:\/\/now-news.de\/de\/","name":"just-now.NEWS Deutschland","description":"Das Portal f\u00fcr unzensierte Nachrichten aus der Welt","publisher":{"@id":"https:\/\/now-news.de\/de\/#organization"},"potentialAction":[{"@type":"SearchAction","target":{"@type":"EntryPoint","urlTemplate":"https:\/\/now-news.de\/de\/?s={search_term_string}"},"query-input":"required name=search_term_string"}],"inLanguage":"de"},{"@type":"Organization","@id":"https:\/\/now-news.de\/de\/#organization","name":"Just Now News","url":"https:\/\/now-news.de\/de\/","logo":{"@type":"ImageObject","inLanguage":"de","@id":"https:\/\/now-news.de\/de\/#\/schema\/logo\/image\/","url":"http:\/\/just-now.news\/de\/wp-content\/uploads\/sites\/3\/2022\/04\/logo500x500.jpg","contentUrl":"http:\/\/just-now.news\/de\/wp-content\/uploads\/sites\/3\/2022\/04\/logo500x500.jpg","width":500,"height":500,"caption":"Just Now News"},"image":{"@id":"https:\/\/now-news.de\/de\/#\/schema\/logo\/image\/"},"sameAs":["https:\/\/www.facebook.com\/wirmachenauf","https:\/\/x.com\/WirMachenAuf_de"]},{"@type":"Person","@id":"https:\/\/now-news.de\/de\/#\/schema\/person\/fb534a4e865501d8b3285208df34a9b5","name":"rtnews","image":{"@type":"ImageObject","inLanguage":"de","@id":"https:\/\/now-news.de\/de\/#\/schema\/person\/image\/","url":"https:\/\/secure.gravatar.com\/avatar\/82aafea7d8127119dd649515f56e2117?s=96&d=mm&r=g","contentUrl":"https:\/\/secure.gravatar.com\/avatar\/82aafea7d8127119dd649515f56e2117?s=96&d=mm&r=g","caption":"rtnews"},"url":"https:\/\/now-news.de\/de\/author\/rnews\/"}]}},"_links":{"self":[{"href":"https:\/\/now-news.de\/de\/wp-json\/wp\/v2\/posts\/50769"}],"collection":[{"href":"https:\/\/now-news.de\/de\/wp-json\/wp\/v2\/posts"}],"about":[{"href":"https:\/\/now-news.de\/de\/wp-json\/wp\/v2\/types\/post"}],"author":[{"embeddable":true,"href":"https:\/\/now-news.de\/de\/wp-json\/wp\/v2\/users\/3"}],"replies":[{"embeddable":true,"href":"https:\/\/now-news.de\/de\/wp-json\/wp\/v2\/comments?post=50769"}],"version-history":[{"count":0,"href":"https:\/\/now-news.de\/de\/wp-json\/wp\/v2\/posts\/50769\/revisions"}],"wp:featuredmedia":[{"embeddable":true,"href":"https:\/\/now-news.de\/de\/wp-json\/wp\/v2\/media\/50770"}],"wp:attachment":[{"href":"https:\/\/now-news.de\/de\/wp-json\/wp\/v2\/media?parent=50769"}],"wp:term":[{"taxonomy":"category","embeddable":true,"href":"https:\/\/now-news.de\/de\/wp-json\/wp\/v2\/categories?post=50769"},{"taxonomy":"post_tag","embeddable":true,"href":"https:\/\/now-news.de\/de\/wp-json\/wp\/v2\/tags?post=50769"}],"curies":[{"name":"wp","href":"https:\/\/api.w.org\/{rel}","templated":true}]}}