{"id":50706,"date":"2023-11-30T19:45:32","date_gmt":"2023-11-30T17:45:32","guid":{"rendered":"https:\/\/just-now.news\/de\/deutschland\/bruesseler-tribunal-verurteilung-der-jahrzehntelangen-blockade-kubas-durch-die-usa\/"},"modified":"2023-11-30T19:45:32","modified_gmt":"2023-11-30T17:45:32","slug":"bruesseler-tribunal-verurteilung-der-jahrzehntelangen-blockade-kubas-durch-die-usa","status":"publish","type":"post","link":"https:\/\/now-news.de\/de\/deutschland\/bruesseler-tribunal-verurteilung-der-jahrzehntelangen-blockade-kubas-durch-die-usa\/","title":{"rendered":"Br\u00fcsseler Tribunal: Verurteilung der jahrzehntelangen Blockade Kubas durch die USA"},"content":{"rendered":"<p><img decoding=\"async\" src=\"http:\/\/just-now.news\/de\/wp-content\/uploads\/sites\/3\/2023\/11\/65675b5e48fbef336d01d451.jpg\" \/><\/p>\n<div class=\"Text-root Text-type_1 \">\n                Vertreter der Zivilgesellschaft aus 21 L\u00e4ndern hielten unter dem Vorsitz des V\u00f6lkerrechtlers Norman Paech ein Tribunal zur Blockade Kubas durch die USA ab. Die Sanktionen werden als klar v\u00f6lkerrechtswidrig verurteilt. Ein klares Signal geht damit zugleich auch an die EU und deren v\u00f6lkerrechtswidriges Sanktionsregime.\n            <\/div>\n<p><\/p>\n<div class=\"Text-root Text-type_5 ArticleView-text ViewText-root \">\n<p>Mitte November fand in Br\u00fcssel das Tribunal gegen die USA aufgrund der seit Jahrzehnten gegen internationalen Protest aufrechterhaltenen umfassenden Blockade Kubas statt.\u00a0Das Tribunal wurde von Vertretern der Zivilgesellschaft, von politischen Parteien, juristischen Organisationen sowie von Wissenschaftlern sowohl aus den USA als auch aus Europa einberufen.<\/p>\n<p>Das Tribunal kam zu einer eindeutigen Entscheidung: Die Sanktionen versto\u00dfen gegen das V\u00f6lkerrecht, hei\u00dft es im abschlie\u00dfenden Urteil. Die Blockade Kubas sei eine illegale Form der Kriegf\u00fchrung und zugleich versuchter V\u00f6lkermord. Den Vorsitz hatte der deutsche V\u00f6lkerrechtler Norman Paech. F\u00fcr die politische Einordnung der Blockade war neben anderen Vertretern politischer Parteien auch Patrik K\u00f6bele, der Vorsitzende der DKP, eingeladen worden. Insgesamt nahmen 300 Teilnehmer aus 21 L\u00e4ndern teil.\u00a0<\/p>\n<p>In einem <a rel=\"nofollow noopener\" target=\"_blank\" href=\"https:\/\/www.unsere-zeit.de\/brd-unterstuetzt-den-terror-gegen-kuba-4785941\/\">Interview<\/a> mit der Wochenzeitung <em>Unsere Zeit<\/em> sch\u00e4tzte K\u00f6bele die Bedeutung des Tribunals ein.<\/p>\n<blockquote>\n<p><em>&#8220;Es waren sehr viele Vertreter von Organisationen da, aber auch Diplomaten aus mehreren L\u00e4ndern. Es war tats\u00e4chlich wie eine Gerichtsverhandlung, es haben Zeugen ausgesagt, die aus ganz unterschiedlichen Bereichen kamen. Sie haben berichtet, wie der Austausch zwischen Universit\u00e4ten durch die Blockade unm\u00f6glich gemacht wird, wie Unternehmen wegen der Blockade kaputtgehen und wie die Covid-Forschung behindert wurde.<\/em><br \/><em>Das war schon sehr, sehr vielf\u00e4ltig und es war zum Teil auch sehr bedr\u00fcckend, weil immer wieder rauskam, dass eben auch Menschen, dass auch Kinder wegen der Blockade sterben oder sich nicht so entwickeln k\u00f6nnen, wie es eigentlich m\u00f6glich w\u00e4re.&#8221;<\/em><\/p>\n<\/blockquote>\n<p>Die Blockade sei in mehrfacher Hinsicht v\u00f6lkerrechtswidrig. Zum einen ist sie nicht durch den UN-Sicherheitsrat legitimiert. Der UN-Sicherheitsrat ist das einzige Gremium weltweit, das rechtlich legitimiert Zwangsma\u00dfnahmen gegen einzelne L\u00e4nder verh\u00e4ngen kann. Vor diesem Hintergrund ist zu erw\u00e4hnen, dass auch den Sanktionen der Europ\u00e4ischen Union (EU) gegen andere L\u00e4nder die v\u00f6lkerrechtliche Legitimation fehlt. Der UN-Menschenrechtsrat hat auf\u00a0deren v\u00f6lkerrechtswidrigen Charakter hingewiesen und die Aufhebung verlangt.\u00a0<\/p>\n<p>Die USA verh\u00e4ngen zudem Sanktionen gegen Drittstaaten. L\u00e4nder, die weiterhin mit Kuba kooperieren wollen, werden somit ebenfalls durch die USA bestraft. Diese Strafma\u00dfnahmen sind v\u00f6llig au\u00dferhalb jedes internationalen Rechtsrahmes und damit reine Willk\u00fcr. Die L\u00e4nder der EU teilten bisher diese Auffassung, wollen eine derartige illegale Praxis aber sogar im Rahmen der Russland-Sanktion ebenfalls selbst \u00fcbernehmen.\u00a0<\/p>\n<p>Die Vereinten Nationen (UN) verurteilen allj\u00e4hrlich die Blockade Kubas durch die USA. Erst am 2. November 2023 erfolgte wiederum die diesj\u00e4hrige Abstimmung, in der erneut 187 L\u00e4nder die Aufhebung der Blockade forderten, darunter auch Deutschland. K\u00f6bele sagte dazu:<\/p>\n<blockquote>\n<p><em>&#8220;Diese Blockade wird jetzt seit 30 Jahren j\u00e4hrlich im Prinzip von allen Staaten verurteilt. Bei der letzten Abstimmung der UN haben lediglich die USA und Israel f\u00fcr die Blockade gestimmt, die Ukraine hat sich enthalten.&#8221;<\/em><\/p>\n<\/blockquote>\n<p>Ziel dieses Tribunals sei es vor allem gewesen, weiterhin auf die v\u00f6lkerrechtswidrige Blockade-Politik der USA aufmerksam zu machen und Druck auf die nationalen Regierungen auszu\u00fcben.\u00a0<\/p>\n<blockquote>\n<p><em>&#8220;Wir m\u00fcssen Druck auf unsere nationalen Regierungen machen. Wir m\u00fcssen die Auswirkungen dieser m\u00f6rderischen Blockade \u00f6ffentlich machen \u2013 es ist ja so, dass viele Menschen davon gar nichts wissen. (&#8230;)<\/em><br \/><em>Es gab das erste dieser Tribunale damals gegen den Vietnam-Krieg. Die Tribunale haben dazu beigetragen, den Widerstand zu verbreitern, zu vergr\u00f6\u00dfern, und das ist n\u00f6tig.&#8221;<\/em><\/p>\n<\/blockquote>\n<p>Die zivilgesellschaftliche Verurteilung der USA aufgrund ihrer Sanktionspolitik sendet auch ein Signal an die EU. Wie die Kuba-Sanktionen sind auch die Russland-Sanktionen der EU v\u00f6lkerrechtlich nicht legitimiert. Die EU hat sich selbst erm\u00e4chtigt, Strafma\u00dfnahmen zu verh\u00e4ngen. Sie weitet das Sanktionsregime immer weiter aus und will ebenfalls Sanktionen gegen Drittstaaten verh\u00e4ngen. Das Tribunal macht deutlich, dass die illegale und repressive Praxis der EU durch die Zivilgesellschaft nicht mitgetragen wird.<\/p>\n<p><strong>Mehr zum Thema<\/strong>\u00a0\u2013 <a rel=\"nofollow noopener\" target=\"_blank\" href=\"https:\/\/freedert.online\/kurzclips\/video\/185868-buhrufe-fuer-usa-ueberwaeltigende-un\/\">Buhrufe f\u00fcr USA: \u00dcberw\u00e4ltigende UN-Mehrheit verurteilt US-Wirtschaftsembargo gegen Kuba<\/a><\/p>\n<\/div>\n<p><br \/>\n<br \/><a href=\"https:\/\/de.rt.com\/international\/188446-bruesseler-tribunal-zur-verurteilung-der-usa-fuer-kuba-blockade\/\">Source link <\/a><\/p>\n","protected":false},"excerpt":{"rendered":"<p>Vertreter der Zivilgesellschaft aus 21 L\u00e4ndern hielten unter dem Vorsitz des V\u00f6lkerrechtlers Norman Paech ein Tribunal zur Blockade Kubas durch die USA ab. Die Sanktionen werden als klar v\u00f6lkerrechtswidrig verurteilt. Ein klares Signal geht damit zugleich auch an die EU und deren v\u00f6lkerrechtswidriges Sanktionsregime. Mitte November fand in Br\u00fcssel das Tribunal gegen die USA aufgrund [&hellip;]<\/p>\n","protected":false},"author":3,"featured_media":50707,"comment_status":"open","ping_status":"open","sticky":false,"template":"","format":"standard","meta":{"_yoast_indexnow_last_ping":["1701366827"],"wp_automatic_camp":["217"],"641aeba39e4ffa9493a49eafe5a76d31":["Br\u00fcsseler Tribunal: Verurteilung der jahrzehntelangen Blockade Kubas durch die USA"],"original_link":["https:\/\/de.rt.com\/international\/188446-bruesseler-tribunal-zur-verurteilung-der-usa-fuer-kuba-blockade\/"],"_thumbnail_id":["50707"],"_wptgpro_p2tg_sent2tg":["a:1:{i:23737;s:19:\"2023-11-30 19:54:49\";}"],"jnews_social_counter_last_update":["1777182878"]},"categories":[19,23],"tags":[25170,38906,82,45,1024,51167,39308,20553,193,13970],"yoast_head":"<!-- This site is optimized with the Yoast SEO Premium plugin v22.7 (Yoast SEO v22.7) - https:\/\/yoast.com\/wordpress\/plugins\/seo\/ -->\n<title>Br\u00fcsseler Tribunal: Verurteilung der jahrzehntelangen Blockade Kubas durch die USA - just-now.NEWS Deutschland<\/title>\n<meta name=\"robots\" content=\"index, follow, max-snippet:-1, max-image-preview:large, max-video-preview:-1\" \/>\n<link rel=\"canonical\" href=\"https:\/\/now-news.de\/de\/deutschland\/bruesseler-tribunal-verurteilung-der-jahrzehntelangen-blockade-kubas-durch-die-usa\/\" \/>\n<meta property=\"og:locale\" content=\"de_DE\" \/>\n<meta property=\"og:type\" content=\"article\" \/>\n<meta property=\"og:title\" content=\"Br\u00fcsseler Tribunal: Verurteilung der jahrzehntelangen Blockade Kubas durch die USA\" \/>\n<meta property=\"og:description\" content=\"Vertreter der Zivilgesellschaft aus 21 L\u00e4ndern hielten unter dem Vorsitz des V\u00f6lkerrechtlers Norman Paech ein Tribunal zur Blockade Kubas durch die USA ab. Die Sanktionen werden als klar v\u00f6lkerrechtswidrig verurteilt. Ein klares Signal geht damit zugleich auch an die EU und deren v\u00f6lkerrechtswidriges Sanktionsregime. Mitte November fand in Br\u00fcssel das Tribunal gegen die USA aufgrund [&hellip;]\" \/>\n<meta property=\"og:url\" content=\"https:\/\/now-news.de\/de\/deutschland\/bruesseler-tribunal-verurteilung-der-jahrzehntelangen-blockade-kubas-durch-die-usa\/\" \/>\n<meta property=\"og:site_name\" content=\"just-now.NEWS Deutschland\" \/>\n<meta property=\"article:publisher\" content=\"https:\/\/www.facebook.com\/wirmachenauf\" \/>\n<meta property=\"article:published_time\" content=\"2023-11-30T17:45:32+00:00\" \/>\n<meta property=\"og:image\" content=\"https:\/\/now-news.de\/de\/wp-content\/uploads\/sites\/3\/2023\/11\/Bruesseler-Tribunal-Verurteilung-der-jahrzehntelangen-Blockade-Kubas-durch-die-USA.jpg\" \/>\n\t<meta property=\"og:image:width\" content=\"460\" \/>\n\t<meta property=\"og:image:height\" content=\"259\" \/>\n\t<meta property=\"og:image:type\" content=\"image\/jpeg\" \/>\n<meta name=\"author\" content=\"rtnews\" \/>\n<meta name=\"twitter:card\" content=\"summary_large_image\" \/>\n<meta name=\"twitter:creator\" content=\"@WirMachenAuf_de\" \/>\n<meta name=\"twitter:site\" content=\"@WirMachenAuf_de\" \/>\n<meta name=\"twitter:label1\" content=\"Verfasst von\" \/>\n\t<meta name=\"twitter:data1\" content=\"rtnews\" \/>\n\t<meta name=\"twitter:label2\" content=\"Gesch\u00e4tzte Lesezeit\" \/>\n\t<meta name=\"twitter:data2\" content=\"3\u00a0Minuten\" \/>\n<script type=\"application\/ld+json\" class=\"yoast-schema-graph\">{\"@context\":\"https:\/\/schema.org\",\"@graph\":[{\"@type\":\"Article\",\"@id\":\"https:\/\/now-news.de\/de\/deutschland\/bruesseler-tribunal-verurteilung-der-jahrzehntelangen-blockade-kubas-durch-die-usa\/#article\",\"isPartOf\":{\"@id\":\"https:\/\/now-news.de\/de\/deutschland\/bruesseler-tribunal-verurteilung-der-jahrzehntelangen-blockade-kubas-durch-die-usa\/\"},\"author\":{\"name\":\"rtnews\",\"@id\":\"https:\/\/now-news.de\/de\/#\/schema\/person\/fb534a4e865501d8b3285208df34a9b5\"},\"headline\":\"Br\u00fcsseler Tribunal: Verurteilung der jahrzehntelangen Blockade Kubas durch die USA\",\"datePublished\":\"2023-11-30T17:45:32+00:00\",\"dateModified\":\"2023-11-30T17:45:32+00:00\",\"mainEntityOfPage\":{\"@id\":\"https:\/\/now-news.de\/de\/deutschland\/bruesseler-tribunal-verurteilung-der-jahrzehntelangen-blockade-kubas-durch-die-usa\/\"},\"wordCount\":689,\"commentCount\":0,\"publisher\":{\"@id\":\"https:\/\/now-news.de\/de\/#organization\"},\"image\":{\"@id\":\"https:\/\/now-news.de\/de\/deutschland\/bruesseler-tribunal-verurteilung-der-jahrzehntelangen-blockade-kubas-durch-die-usa\/#primaryimage\"},\"thumbnailUrl\":\"https:\/\/now-news.de\/de\/wp-content\/uploads\/sites\/3\/2023\/11\/Bruesseler-Tribunal-Verurteilung-der-jahrzehntelangen-Blockade-Kubas-durch-die-USA.jpg\",\"keywords\":[\"Blockade\",\"Br\u00fcsseler\",\"der\",\"die\",\"durch\",\"jahrzehntelangen\",\"Kubas\",\"Tribunal\",\"USA\",\"Verurteilung\"],\"articleSection\":[\"Deutschland\",\"Russland\"],\"inLanguage\":\"de\",\"potentialAction\":[{\"@type\":\"CommentAction\",\"name\":\"Comment\",\"target\":[\"https:\/\/now-news.de\/de\/deutschland\/bruesseler-tribunal-verurteilung-der-jahrzehntelangen-blockade-kubas-durch-die-usa\/#respond\"]}]},{\"@type\":\"WebPage\",\"@id\":\"https:\/\/now-news.de\/de\/deutschland\/bruesseler-tribunal-verurteilung-der-jahrzehntelangen-blockade-kubas-durch-die-usa\/\",\"url\":\"https:\/\/now-news.de\/de\/deutschland\/bruesseler-tribunal-verurteilung-der-jahrzehntelangen-blockade-kubas-durch-die-usa\/\",\"name\":\"Br\u00fcsseler Tribunal: Verurteilung der jahrzehntelangen Blockade Kubas durch die USA - just-now.NEWS Deutschland\",\"isPartOf\":{\"@id\":\"https:\/\/now-news.de\/de\/#website\"},\"primaryImageOfPage\":{\"@id\":\"https:\/\/now-news.de\/de\/deutschland\/bruesseler-tribunal-verurteilung-der-jahrzehntelangen-blockade-kubas-durch-die-usa\/#primaryimage\"},\"image\":{\"@id\":\"https:\/\/now-news.de\/de\/deutschland\/bruesseler-tribunal-verurteilung-der-jahrzehntelangen-blockade-kubas-durch-die-usa\/#primaryimage\"},\"thumbnailUrl\":\"https:\/\/now-news.de\/de\/wp-content\/uploads\/sites\/3\/2023\/11\/Bruesseler-Tribunal-Verurteilung-der-jahrzehntelangen-Blockade-Kubas-durch-die-USA.jpg\",\"datePublished\":\"2023-11-30T17:45:32+00:00\",\"dateModified\":\"2023-11-30T17:45:32+00:00\",\"breadcrumb\":{\"@id\":\"https:\/\/now-news.de\/de\/deutschland\/bruesseler-tribunal-verurteilung-der-jahrzehntelangen-blockade-kubas-durch-die-usa\/#breadcrumb\"},\"inLanguage\":\"de\",\"potentialAction\":[{\"@type\":\"ReadAction\",\"target\":[\"https:\/\/now-news.de\/de\/deutschland\/bruesseler-tribunal-verurteilung-der-jahrzehntelangen-blockade-kubas-durch-die-usa\/\"]}]},{\"@type\":\"ImageObject\",\"inLanguage\":\"de\",\"@id\":\"https:\/\/now-news.de\/de\/deutschland\/bruesseler-tribunal-verurteilung-der-jahrzehntelangen-blockade-kubas-durch-die-usa\/#primaryimage\",\"url\":\"https:\/\/now-news.de\/de\/wp-content\/uploads\/sites\/3\/2023\/11\/Bruesseler-Tribunal-Verurteilung-der-jahrzehntelangen-Blockade-Kubas-durch-die-USA.jpg\",\"contentUrl\":\"https:\/\/now-news.de\/de\/wp-content\/uploads\/sites\/3\/2023\/11\/Bruesseler-Tribunal-Verurteilung-der-jahrzehntelangen-Blockade-Kubas-durch-die-USA.jpg\",\"width\":460,\"height\":259,\"caption\":\"Br\u00fcsseler Tribunal: Verurteilung der jahrzehntelangen Blockade Kubas durch die USA\"},{\"@type\":\"BreadcrumbList\",\"@id\":\"https:\/\/now-news.de\/de\/deutschland\/bruesseler-tribunal-verurteilung-der-jahrzehntelangen-blockade-kubas-durch-die-usa\/#breadcrumb\",\"itemListElement\":[{\"@type\":\"ListItem\",\"position\":1,\"name\":\"Home\",\"item\":\"https:\/\/now-news.de\/de\/\"},{\"@type\":\"ListItem\",\"position\":2,\"name\":\"Br\u00fcsseler Tribunal: Verurteilung der jahrzehntelangen Blockade Kubas durch die USA\"}]},{\"@type\":\"WebSite\",\"@id\":\"https:\/\/now-news.de\/de\/#website\",\"url\":\"https:\/\/now-news.de\/de\/\",\"name\":\"just-now.NEWS Deutschland\",\"description\":\"Das Portal f\u00fcr unzensierte Nachrichten aus der Welt\",\"publisher\":{\"@id\":\"https:\/\/now-news.de\/de\/#organization\"},\"potentialAction\":[{\"@type\":\"SearchAction\",\"target\":{\"@type\":\"EntryPoint\",\"urlTemplate\":\"https:\/\/now-news.de\/de\/?s={search_term_string}\"},\"query-input\":\"required name=search_term_string\"}],\"inLanguage\":\"de\"},{\"@type\":\"Organization\",\"@id\":\"https:\/\/now-news.de\/de\/#organization\",\"name\":\"Just Now News\",\"url\":\"https:\/\/now-news.de\/de\/\",\"logo\":{\"@type\":\"ImageObject\",\"inLanguage\":\"de\",\"@id\":\"https:\/\/now-news.de\/de\/#\/schema\/logo\/image\/\",\"url\":\"http:\/\/just-now.news\/de\/wp-content\/uploads\/sites\/3\/2022\/04\/logo500x500.jpg\",\"contentUrl\":\"http:\/\/just-now.news\/de\/wp-content\/uploads\/sites\/3\/2022\/04\/logo500x500.jpg\",\"width\":500,\"height\":500,\"caption\":\"Just Now News\"},\"image\":{\"@id\":\"https:\/\/now-news.de\/de\/#\/schema\/logo\/image\/\"},\"sameAs\":[\"https:\/\/www.facebook.com\/wirmachenauf\",\"https:\/\/x.com\/WirMachenAuf_de\"]},{\"@type\":\"Person\",\"@id\":\"https:\/\/now-news.de\/de\/#\/schema\/person\/fb534a4e865501d8b3285208df34a9b5\",\"name\":\"rtnews\",\"image\":{\"@type\":\"ImageObject\",\"inLanguage\":\"de\",\"@id\":\"https:\/\/now-news.de\/de\/#\/schema\/person\/image\/\",\"url\":\"https:\/\/secure.gravatar.com\/avatar\/82aafea7d8127119dd649515f56e2117?s=96&d=mm&r=g\",\"contentUrl\":\"https:\/\/secure.gravatar.com\/avatar\/82aafea7d8127119dd649515f56e2117?s=96&d=mm&r=g\",\"caption\":\"rtnews\"},\"url\":\"https:\/\/now-news.de\/de\/author\/rnews\/\"}]}<\/script>\n<!-- \/ Yoast SEO Premium plugin. -->","yoast_head_json":{"title":"Br\u00fcsseler Tribunal: Verurteilung der jahrzehntelangen Blockade Kubas durch die USA - just-now.NEWS Deutschland","robots":{"index":"index","follow":"follow","max-snippet":"max-snippet:-1","max-image-preview":"max-image-preview:large","max-video-preview":"max-video-preview:-1"},"canonical":"https:\/\/now-news.de\/de\/deutschland\/bruesseler-tribunal-verurteilung-der-jahrzehntelangen-blockade-kubas-durch-die-usa\/","og_locale":"de_DE","og_type":"article","og_title":"Br\u00fcsseler Tribunal: Verurteilung der jahrzehntelangen Blockade Kubas durch die USA","og_description":"Vertreter der Zivilgesellschaft aus 21 L\u00e4ndern hielten unter dem Vorsitz des V\u00f6lkerrechtlers Norman Paech ein Tribunal zur Blockade Kubas durch die USA ab. Die Sanktionen werden als klar v\u00f6lkerrechtswidrig verurteilt. Ein klares Signal geht damit zugleich auch an die EU und deren v\u00f6lkerrechtswidriges Sanktionsregime. Mitte November fand in Br\u00fcssel das Tribunal gegen die USA aufgrund [&hellip;]","og_url":"https:\/\/now-news.de\/de\/deutschland\/bruesseler-tribunal-verurteilung-der-jahrzehntelangen-blockade-kubas-durch-die-usa\/","og_site_name":"just-now.NEWS Deutschland","article_publisher":"https:\/\/www.facebook.com\/wirmachenauf","article_published_time":"2023-11-30T17:45:32+00:00","og_image":[{"width":460,"height":259,"url":"https:\/\/now-news.de\/de\/wp-content\/uploads\/sites\/3\/2023\/11\/Bruesseler-Tribunal-Verurteilung-der-jahrzehntelangen-Blockade-Kubas-durch-die-USA.jpg","type":"image\/jpeg"}],"author":"rtnews","twitter_card":"summary_large_image","twitter_creator":"@WirMachenAuf_de","twitter_site":"@WirMachenAuf_de","twitter_misc":{"Verfasst von":"rtnews","Gesch\u00e4tzte Lesezeit":"3\u00a0Minuten"},"schema":{"@context":"https:\/\/schema.org","@graph":[{"@type":"Article","@id":"https:\/\/now-news.de\/de\/deutschland\/bruesseler-tribunal-verurteilung-der-jahrzehntelangen-blockade-kubas-durch-die-usa\/#article","isPartOf":{"@id":"https:\/\/now-news.de\/de\/deutschland\/bruesseler-tribunal-verurteilung-der-jahrzehntelangen-blockade-kubas-durch-die-usa\/"},"author":{"name":"rtnews","@id":"https:\/\/now-news.de\/de\/#\/schema\/person\/fb534a4e865501d8b3285208df34a9b5"},"headline":"Br\u00fcsseler Tribunal: Verurteilung der jahrzehntelangen Blockade Kubas durch die USA","datePublished":"2023-11-30T17:45:32+00:00","dateModified":"2023-11-30T17:45:32+00:00","mainEntityOfPage":{"@id":"https:\/\/now-news.de\/de\/deutschland\/bruesseler-tribunal-verurteilung-der-jahrzehntelangen-blockade-kubas-durch-die-usa\/"},"wordCount":689,"commentCount":0,"publisher":{"@id":"https:\/\/now-news.de\/de\/#organization"},"image":{"@id":"https:\/\/now-news.de\/de\/deutschland\/bruesseler-tribunal-verurteilung-der-jahrzehntelangen-blockade-kubas-durch-die-usa\/#primaryimage"},"thumbnailUrl":"https:\/\/now-news.de\/de\/wp-content\/uploads\/sites\/3\/2023\/11\/Bruesseler-Tribunal-Verurteilung-der-jahrzehntelangen-Blockade-Kubas-durch-die-USA.jpg","keywords":["Blockade","Br\u00fcsseler","der","die","durch","jahrzehntelangen","Kubas","Tribunal","USA","Verurteilung"],"articleSection":["Deutschland","Russland"],"inLanguage":"de","potentialAction":[{"@type":"CommentAction","name":"Comment","target":["https:\/\/now-news.de\/de\/deutschland\/bruesseler-tribunal-verurteilung-der-jahrzehntelangen-blockade-kubas-durch-die-usa\/#respond"]}]},{"@type":"WebPage","@id":"https:\/\/now-news.de\/de\/deutschland\/bruesseler-tribunal-verurteilung-der-jahrzehntelangen-blockade-kubas-durch-die-usa\/","url":"https:\/\/now-news.de\/de\/deutschland\/bruesseler-tribunal-verurteilung-der-jahrzehntelangen-blockade-kubas-durch-die-usa\/","name":"Br\u00fcsseler Tribunal: Verurteilung der jahrzehntelangen Blockade Kubas durch die USA - just-now.NEWS Deutschland","isPartOf":{"@id":"https:\/\/now-news.de\/de\/#website"},"primaryImageOfPage":{"@id":"https:\/\/now-news.de\/de\/deutschland\/bruesseler-tribunal-verurteilung-der-jahrzehntelangen-blockade-kubas-durch-die-usa\/#primaryimage"},"image":{"@id":"https:\/\/now-news.de\/de\/deutschland\/bruesseler-tribunal-verurteilung-der-jahrzehntelangen-blockade-kubas-durch-die-usa\/#primaryimage"},"thumbnailUrl":"https:\/\/now-news.de\/de\/wp-content\/uploads\/sites\/3\/2023\/11\/Bruesseler-Tribunal-Verurteilung-der-jahrzehntelangen-Blockade-Kubas-durch-die-USA.jpg","datePublished":"2023-11-30T17:45:32+00:00","dateModified":"2023-11-30T17:45:32+00:00","breadcrumb":{"@id":"https:\/\/now-news.de\/de\/deutschland\/bruesseler-tribunal-verurteilung-der-jahrzehntelangen-blockade-kubas-durch-die-usa\/#breadcrumb"},"inLanguage":"de","potentialAction":[{"@type":"ReadAction","target":["https:\/\/now-news.de\/de\/deutschland\/bruesseler-tribunal-verurteilung-der-jahrzehntelangen-blockade-kubas-durch-die-usa\/"]}]},{"@type":"ImageObject","inLanguage":"de","@id":"https:\/\/now-news.de\/de\/deutschland\/bruesseler-tribunal-verurteilung-der-jahrzehntelangen-blockade-kubas-durch-die-usa\/#primaryimage","url":"https:\/\/now-news.de\/de\/wp-content\/uploads\/sites\/3\/2023\/11\/Bruesseler-Tribunal-Verurteilung-der-jahrzehntelangen-Blockade-Kubas-durch-die-USA.jpg","contentUrl":"https:\/\/now-news.de\/de\/wp-content\/uploads\/sites\/3\/2023\/11\/Bruesseler-Tribunal-Verurteilung-der-jahrzehntelangen-Blockade-Kubas-durch-die-USA.jpg","width":460,"height":259,"caption":"Br\u00fcsseler Tribunal: Verurteilung der jahrzehntelangen Blockade Kubas durch die USA"},{"@type":"BreadcrumbList","@id":"https:\/\/now-news.de\/de\/deutschland\/bruesseler-tribunal-verurteilung-der-jahrzehntelangen-blockade-kubas-durch-die-usa\/#breadcrumb","itemListElement":[{"@type":"ListItem","position":1,"name":"Home","item":"https:\/\/now-news.de\/de\/"},{"@type":"ListItem","position":2,"name":"Br\u00fcsseler Tribunal: Verurteilung der jahrzehntelangen Blockade Kubas durch die USA"}]},{"@type":"WebSite","@id":"https:\/\/now-news.de\/de\/#website","url":"https:\/\/now-news.de\/de\/","name":"just-now.NEWS Deutschland","description":"Das Portal f\u00fcr unzensierte Nachrichten aus der Welt","publisher":{"@id":"https:\/\/now-news.de\/de\/#organization"},"potentialAction":[{"@type":"SearchAction","target":{"@type":"EntryPoint","urlTemplate":"https:\/\/now-news.de\/de\/?s={search_term_string}"},"query-input":"required name=search_term_string"}],"inLanguage":"de"},{"@type":"Organization","@id":"https:\/\/now-news.de\/de\/#organization","name":"Just Now News","url":"https:\/\/now-news.de\/de\/","logo":{"@type":"ImageObject","inLanguage":"de","@id":"https:\/\/now-news.de\/de\/#\/schema\/logo\/image\/","url":"http:\/\/just-now.news\/de\/wp-content\/uploads\/sites\/3\/2022\/04\/logo500x500.jpg","contentUrl":"http:\/\/just-now.news\/de\/wp-content\/uploads\/sites\/3\/2022\/04\/logo500x500.jpg","width":500,"height":500,"caption":"Just Now News"},"image":{"@id":"https:\/\/now-news.de\/de\/#\/schema\/logo\/image\/"},"sameAs":["https:\/\/www.facebook.com\/wirmachenauf","https:\/\/x.com\/WirMachenAuf_de"]},{"@type":"Person","@id":"https:\/\/now-news.de\/de\/#\/schema\/person\/fb534a4e865501d8b3285208df34a9b5","name":"rtnews","image":{"@type":"ImageObject","inLanguage":"de","@id":"https:\/\/now-news.de\/de\/#\/schema\/person\/image\/","url":"https:\/\/secure.gravatar.com\/avatar\/82aafea7d8127119dd649515f56e2117?s=96&d=mm&r=g","contentUrl":"https:\/\/secure.gravatar.com\/avatar\/82aafea7d8127119dd649515f56e2117?s=96&d=mm&r=g","caption":"rtnews"},"url":"https:\/\/now-news.de\/de\/author\/rnews\/"}]}},"_links":{"self":[{"href":"https:\/\/now-news.de\/de\/wp-json\/wp\/v2\/posts\/50706"}],"collection":[{"href":"https:\/\/now-news.de\/de\/wp-json\/wp\/v2\/posts"}],"about":[{"href":"https:\/\/now-news.de\/de\/wp-json\/wp\/v2\/types\/post"}],"author":[{"embeddable":true,"href":"https:\/\/now-news.de\/de\/wp-json\/wp\/v2\/users\/3"}],"replies":[{"embeddable":true,"href":"https:\/\/now-news.de\/de\/wp-json\/wp\/v2\/comments?post=50706"}],"version-history":[{"count":0,"href":"https:\/\/now-news.de\/de\/wp-json\/wp\/v2\/posts\/50706\/revisions"}],"wp:featuredmedia":[{"embeddable":true,"href":"https:\/\/now-news.de\/de\/wp-json\/wp\/v2\/media\/50707"}],"wp:attachment":[{"href":"https:\/\/now-news.de\/de\/wp-json\/wp\/v2\/media?parent=50706"}],"wp:term":[{"taxonomy":"category","embeddable":true,"href":"https:\/\/now-news.de\/de\/wp-json\/wp\/v2\/categories?post=50706"},{"taxonomy":"post_tag","embeddable":true,"href":"https:\/\/now-news.de\/de\/wp-json\/wp\/v2\/tags?post=50706"}],"curies":[{"name":"wp","href":"https:\/\/api.w.org\/{rel}","templated":true}]}}