{"id":50674,"date":"2023-11-30T14:44:43","date_gmt":"2023-11-30T12:44:43","guid":{"rendered":"https:\/\/just-now.news\/de\/deutschland\/oesterreichischer-aussenminister-westen-darf-keine-angst-haben-sich-mit-russen-zusammenzusetzen\/"},"modified":"2023-11-30T14:44:43","modified_gmt":"2023-11-30T12:44:43","slug":"oesterreichischer-aussenminister-westen-darf-keine-angst-haben-sich-mit-russen-zusammenzusetzen","status":"publish","type":"post","link":"https:\/\/now-news.de\/de\/deutschland\/oesterreichischer-aussenminister-westen-darf-keine-angst-haben-sich-mit-russen-zusammenzusetzen\/","title":{"rendered":"\u00d6sterreichischer Au\u00dfenminister: &quot;Westen darf keine Angst haben, sich mit Russen zusammenzusetzen&quot;"},"content":{"rendered":"<p><img decoding=\"async\" src=\"http:\/\/just-now.news\/de\/wp-content\/uploads\/sites\/3\/2023\/11\/6568742db480cc1aa47054ff.jpg\" \/><\/p>\n<div class=\"Text-root Text-type_1 \">\n                \u00d6sterreichs Au\u00dfenminister Schallenberg warnt vor &#8220;lebensbedrohlichen Echokammern in den internationalen Beziehungen&#8221;. Er begr\u00fc\u00dft die Entscheidung der Organisation f\u00fcr Sicherheit und Zusammenarbeit (OSZE), dem russischen Au\u00dfenminister die Teilnahme an der Jahrestagung zu erm\u00f6glichen.\n            <\/div>\n<p><\/p>\n<div class=\"Text-root Text-type_5 ArticleView-text ViewText-root \">\n<p>Der \u00f6sterreichische Au\u00dfenminister Alexander Schallenberg hat die westlichen L\u00e4nder vor den Gefahren gewarnt, die sich aus der Weigerung ergeben, mit Russland zu sprechen, und vor den Risiken von &#8220;Echokammern&#8221; in der internationalen Politik.<\/p>\n<p>Schallenberg begr\u00fc\u00dfte die Entscheidung des nordmazedonischen Vorsitzes der Organisation f\u00fcr Sicherheit und Zusammenarbeit (OSZE), dem russischen Au\u00dfenminister Sergei Lawrow die Teilnahme an der Jahrestagung in dieser Woche in Skopje zu erm\u00f6glichen. Schallenberg sagte:<\/p>\n<blockquote>\n<p><em>&#8220;Der Westen darf keine Angst haben, sich mit den Russen zusammenzusetzen. Ich glaube, dass die Tendenz, in der Au\u00dfenpolitik in unsere eigenen Echokammern abzutauchen, lebensbedrohlich ist.&#8221;<\/em><\/p>\n<\/blockquote>\n<p>Er f\u00fcgte hinzu, dass die in der OSZE betriebene Diplomatie &#8220;klassischer Multilateralismus im besten Sinne&#8221; sei.<\/p>\n<\/p>\n<p>Der \u00f6sterreichische Spitzendiplomat erinnerte daran, dass er im vergangenen Jahr \u2013 als Polen den einj\u00e4hrigen rotierenden Vorsitz in der OSZE \u00fcbernahm und Lawrow die Teilnahme verweigerte \u2013 der einzige westliche Au\u00dfenminister war, der die Weigerung kritisierte, den russischen Au\u00dfenminister einzuladen.<\/p>\n<p>Das Gipfeltreffen der OSZE-Au\u00dfenminister findet vom 30. November bis 1. Dezember statt. Lawrow\u00a0ist bereits am sp\u00e4ten Mittwochabend in die nordmazedonische Hauptstadt geflogen. Sein Flugzeug \u00fcberflog die T\u00fcrkei und Griechenland, obwohl urspr\u00fcnglich geplant war, dass er Bulgarien \u00fcberfliegen w\u00fcrde.<\/p>\n<p>Laut der russischen Nachrichtenagentur <em>TASS<\/em> weigerte sich Bulgarien, seinen Luftraum f\u00fcr Lawrows Flugzeug zu \u00f6ffnen, wenn die Sprecherin des Au\u00dfenministeriums, Maria Sacharowa, mit an Bord w\u00e4re.<\/p>\n<p>Estland, Lettland und Litauen erkl\u00e4rten, sie w\u00fcrden nicht an dem OSZE-Treffen teilnehmen, verurteilten die erwartete Teilnahme Moskaus an der Veranstaltung und erkl\u00e4rten, sie w\u00fcrden die Entscheidung, Lawrow einzuladen, &#8220;zutiefst bedauern&#8221;.<\/p>\n<p>Auch der polnische Au\u00dfenminister Szymon Szynkowski vel S<em>\u0119<\/em>k erkl\u00e4rte gegen\u00fcber Reportern, dass er weder an dem Gipfel teilnehmen noch Vertreter entsenden werde.<\/p>\n<p>Schallenberg erkl\u00e4rte, er k\u00f6nne diese Schritte &#8220;emotional verstehen&#8221;, betonte jedoch, dass die OSZE in der Zeit nach dem Ende des Ukraine-Konflikts &#8220;unersetzlich&#8221; sein werde. &#8220;Wir brauchen in Zukunft mehr OSZE und nicht weniger&#8221;, f\u00fcgte er hinzu.<\/p>\n<\/p>\n<p><strong><\/strong><strong>Mehr zum Thema<\/strong> \u2013\u00a0<a rel=\"nofollow noopener\" target=\"_blank\" href=\"https:\/\/freeassange.rtde.life\/europa\/188501-lawrow-trifft-zum-osze-treffen\/\">Lawrow trifft zu OSZE-Treffen in Skopje ein <\/a><\/p>\n<\/p>\n<div class=\"EmbedBlock-root EmbedBlock-externalVideo EmbedBlock-odysee\">\n<div class=\"VkEmbed\"><iframe class=\"lazyload\" data-src=\"https:\/\/odysee.com\/%24\/embed\/%40RTDE%3Ae%2FKein-Frieden-mit-Russland--London-macht-Druck-auf-Kiew%3A8\" frameborder=\"0\" width=\"853\" height=\"480\" allowfullscreen><\/iframe><\/div>\n<\/div>\n<\/div>\n<p><br \/>\n<br \/><a href=\"https:\/\/de.rt.com\/international\/188531-oesterreichischer-aussenminister-westen-darf-keine-angst-haben-sich-mit-russen-zusammenzusetzen\/\">Source link <\/a><\/p>\n","protected":false},"excerpt":{"rendered":"<p>\u00d6sterreichs Au\u00dfenminister Schallenberg warnt vor &#8220;lebensbedrohlichen Echokammern in den internationalen Beziehungen&#8221;. Er begr\u00fc\u00dft die Entscheidung der Organisation f\u00fcr Sicherheit und Zusammenarbeit (OSZE), dem russischen Au\u00dfenminister die Teilnahme an der Jahrestagung zu erm\u00f6glichen. Der \u00f6sterreichische Au\u00dfenminister Alexander Schallenberg hat die westlichen L\u00e4nder vor den Gefahren gewarnt, die sich aus der Weigerung ergeben, mit Russland zu sprechen, [&hellip;]<\/p>\n","protected":false},"author":3,"featured_media":50675,"comment_status":"open","ping_status":"open","sticky":false,"template":"","format":"standard","meta":{"_yoast_indexnow_last_ping":["1701349187"],"wp_automatic_camp":["217"],"409b5aae4679ac6ad6d654d523ced827":["\u00d6sterreichischer Au\u00dfenminister: &quot;Westen darf keine Angst haben, sich mit Russen zusammenzusetzen&quot;"],"original_link":["https:\/\/de.rt.com\/international\/188531-oesterreichischer-aussenminister-westen-darf-keine-angst-haben-sich-mit-russen-zusammenzusetzen\/"],"_thumbnail_id":["50675"],"_wptgpro_p2tg_sent2tg":["a:1:{i:23737;s:19:\"2023-11-30 15:00:48\";}"],"jnews_social_counter_last_update":["1777795493"]},"categories":[19,23],"tags":[6178,13830,5310,771,375,419,25676,19684,4405,434,51145],"yoast_head":"<!-- This site is optimized with the Yoast SEO Premium plugin v22.7 (Yoast SEO v22.7) - https:\/\/yoast.com\/wordpress\/plugins\/seo\/ -->\n<title>\u00d6sterreichischer Au\u00dfenminister: &quot;Westen darf keine Angst haben, sich mit Russen zusammenzusetzen&quot; - just-now.NEWS Deutschland<\/title>\n<meta name=\"robots\" content=\"index, follow, max-snippet:-1, max-image-preview:large, max-video-preview:-1\" \/>\n<link rel=\"canonical\" href=\"https:\/\/now-news.de\/de\/deutschland\/oesterreichischer-aussenminister-westen-darf-keine-angst-haben-sich-mit-russen-zusammenzusetzen\/\" \/>\n<meta property=\"og:locale\" content=\"de_DE\" \/>\n<meta property=\"og:type\" content=\"article\" \/>\n<meta property=\"og:title\" content=\"\u00d6sterreichischer Au\u00dfenminister: &quot;Westen darf keine Angst haben, sich mit Russen zusammenzusetzen&quot;\" \/>\n<meta property=\"og:description\" content=\"\u00d6sterreichs Au\u00dfenminister Schallenberg warnt vor &#8220;lebensbedrohlichen Echokammern in den internationalen Beziehungen&#8221;. Er begr\u00fc\u00dft die Entscheidung der Organisation f\u00fcr Sicherheit und Zusammenarbeit (OSZE), dem russischen Au\u00dfenminister die Teilnahme an der Jahrestagung zu erm\u00f6glichen. Der \u00f6sterreichische Au\u00dfenminister Alexander Schallenberg hat die westlichen L\u00e4nder vor den Gefahren gewarnt, die sich aus der Weigerung ergeben, mit Russland zu sprechen, [&hellip;]\" \/>\n<meta property=\"og:url\" content=\"https:\/\/now-news.de\/de\/deutschland\/oesterreichischer-aussenminister-westen-darf-keine-angst-haben-sich-mit-russen-zusammenzusetzen\/\" \/>\n<meta property=\"og:site_name\" content=\"just-now.NEWS Deutschland\" \/>\n<meta property=\"article:publisher\" content=\"https:\/\/www.facebook.com\/wirmachenauf\" \/>\n<meta property=\"article:published_time\" content=\"2023-11-30T12:44:43+00:00\" \/>\n<meta property=\"og:image\" content=\"https:\/\/now-news.de\/de\/wp-content\/uploads\/sites\/3\/2023\/11\/Oesterreichischer-Aussenminister-quotWesten-darf-keine-Angst-haben-sich-mit-Russen.jpg\" \/>\n\t<meta property=\"og:image:width\" content=\"460\" \/>\n\t<meta property=\"og:image:height\" content=\"259\" \/>\n\t<meta property=\"og:image:type\" content=\"image\/jpeg\" \/>\n<meta name=\"author\" content=\"rtnews\" \/>\n<meta name=\"twitter:card\" content=\"summary_large_image\" \/>\n<meta name=\"twitter:creator\" content=\"@WirMachenAuf_de\" \/>\n<meta name=\"twitter:site\" content=\"@WirMachenAuf_de\" \/>\n<meta name=\"twitter:label1\" content=\"Verfasst von\" \/>\n\t<meta name=\"twitter:data1\" content=\"rtnews\" \/>\n\t<meta name=\"twitter:label2\" content=\"Gesch\u00e4tzte Lesezeit\" \/>\n\t<meta name=\"twitter:data2\" content=\"2\u00a0Minuten\" \/>\n<script type=\"application\/ld+json\" class=\"yoast-schema-graph\">{\"@context\":\"https:\/\/schema.org\",\"@graph\":[{\"@type\":\"Article\",\"@id\":\"https:\/\/now-news.de\/de\/deutschland\/oesterreichischer-aussenminister-westen-darf-keine-angst-haben-sich-mit-russen-zusammenzusetzen\/#article\",\"isPartOf\":{\"@id\":\"https:\/\/now-news.de\/de\/deutschland\/oesterreichischer-aussenminister-westen-darf-keine-angst-haben-sich-mit-russen-zusammenzusetzen\/\"},\"author\":{\"name\":\"rtnews\",\"@id\":\"https:\/\/now-news.de\/de\/#\/schema\/person\/fb534a4e865501d8b3285208df34a9b5\"},\"headline\":\"\u00d6sterreichischer Au\u00dfenminister: &quot;Westen darf keine Angst haben, sich mit Russen zusammenzusetzen&quot;\",\"datePublished\":\"2023-11-30T12:44:43+00:00\",\"dateModified\":\"2023-11-30T12:44:43+00:00\",\"mainEntityOfPage\":{\"@id\":\"https:\/\/now-news.de\/de\/deutschland\/oesterreichischer-aussenminister-westen-darf-keine-angst-haben-sich-mit-russen-zusammenzusetzen\/\"},\"wordCount\":391,\"commentCount\":0,\"publisher\":{\"@id\":\"https:\/\/now-news.de\/de\/#organization\"},\"image\":{\"@id\":\"https:\/\/now-news.de\/de\/deutschland\/oesterreichischer-aussenminister-westen-darf-keine-angst-haben-sich-mit-russen-zusammenzusetzen\/#primaryimage\"},\"thumbnailUrl\":\"https:\/\/now-news.de\/de\/wp-content\/uploads\/sites\/3\/2023\/11\/Oesterreichischer-Aussenminister-quotWesten-darf-keine-Angst-haben-sich-mit-Russen.jpg\",\"keywords\":[\"Angst\",\"Au\u00dfenminister\",\"darf\",\"haben\",\"keine\",\"mit\",\"\u00d6sterreichischer\",\"quotWesten\",\"Russen\",\"sich\",\"zusammenzusetzenquot\"],\"articleSection\":[\"Deutschland\",\"Russland\"],\"inLanguage\":\"de\",\"potentialAction\":[{\"@type\":\"CommentAction\",\"name\":\"Comment\",\"target\":[\"https:\/\/now-news.de\/de\/deutschland\/oesterreichischer-aussenminister-westen-darf-keine-angst-haben-sich-mit-russen-zusammenzusetzen\/#respond\"]}]},{\"@type\":\"WebPage\",\"@id\":\"https:\/\/now-news.de\/de\/deutschland\/oesterreichischer-aussenminister-westen-darf-keine-angst-haben-sich-mit-russen-zusammenzusetzen\/\",\"url\":\"https:\/\/now-news.de\/de\/deutschland\/oesterreichischer-aussenminister-westen-darf-keine-angst-haben-sich-mit-russen-zusammenzusetzen\/\",\"name\":\"\u00d6sterreichischer Au\u00dfenminister: &quot;Westen darf keine Angst haben, sich mit Russen zusammenzusetzen&quot; - just-now.NEWS Deutschland\",\"isPartOf\":{\"@id\":\"https:\/\/now-news.de\/de\/#website\"},\"primaryImageOfPage\":{\"@id\":\"https:\/\/now-news.de\/de\/deutschland\/oesterreichischer-aussenminister-westen-darf-keine-angst-haben-sich-mit-russen-zusammenzusetzen\/#primaryimage\"},\"image\":{\"@id\":\"https:\/\/now-news.de\/de\/deutschland\/oesterreichischer-aussenminister-westen-darf-keine-angst-haben-sich-mit-russen-zusammenzusetzen\/#primaryimage\"},\"thumbnailUrl\":\"https:\/\/now-news.de\/de\/wp-content\/uploads\/sites\/3\/2023\/11\/Oesterreichischer-Aussenminister-quotWesten-darf-keine-Angst-haben-sich-mit-Russen.jpg\",\"datePublished\":\"2023-11-30T12:44:43+00:00\",\"dateModified\":\"2023-11-30T12:44:43+00:00\",\"breadcrumb\":{\"@id\":\"https:\/\/now-news.de\/de\/deutschland\/oesterreichischer-aussenminister-westen-darf-keine-angst-haben-sich-mit-russen-zusammenzusetzen\/#breadcrumb\"},\"inLanguage\":\"de\",\"potentialAction\":[{\"@type\":\"ReadAction\",\"target\":[\"https:\/\/now-news.de\/de\/deutschland\/oesterreichischer-aussenminister-westen-darf-keine-angst-haben-sich-mit-russen-zusammenzusetzen\/\"]}]},{\"@type\":\"ImageObject\",\"inLanguage\":\"de\",\"@id\":\"https:\/\/now-news.de\/de\/deutschland\/oesterreichischer-aussenminister-westen-darf-keine-angst-haben-sich-mit-russen-zusammenzusetzen\/#primaryimage\",\"url\":\"https:\/\/now-news.de\/de\/wp-content\/uploads\/sites\/3\/2023\/11\/Oesterreichischer-Aussenminister-quotWesten-darf-keine-Angst-haben-sich-mit-Russen.jpg\",\"contentUrl\":\"https:\/\/now-news.de\/de\/wp-content\/uploads\/sites\/3\/2023\/11\/Oesterreichischer-Aussenminister-quotWesten-darf-keine-Angst-haben-sich-mit-Russen.jpg\",\"width\":460,\"height\":259,\"caption\":\"\u00d6sterreichischer Au\u00dfenminister: &quot;Westen darf keine Angst haben, sich mit Russen zusammenzusetzen&quot;\"},{\"@type\":\"BreadcrumbList\",\"@id\":\"https:\/\/now-news.de\/de\/deutschland\/oesterreichischer-aussenminister-westen-darf-keine-angst-haben-sich-mit-russen-zusammenzusetzen\/#breadcrumb\",\"itemListElement\":[{\"@type\":\"ListItem\",\"position\":1,\"name\":\"Home\",\"item\":\"https:\/\/now-news.de\/de\/\"},{\"@type\":\"ListItem\",\"position\":2,\"name\":\"\u00d6sterreichischer Au\u00dfenminister: &quot;Westen darf keine Angst haben, sich mit Russen zusammenzusetzen&quot;\"}]},{\"@type\":\"WebSite\",\"@id\":\"https:\/\/now-news.de\/de\/#website\",\"url\":\"https:\/\/now-news.de\/de\/\",\"name\":\"just-now.NEWS Deutschland\",\"description\":\"Das Portal f\u00fcr unzensierte Nachrichten aus der Welt\",\"publisher\":{\"@id\":\"https:\/\/now-news.de\/de\/#organization\"},\"potentialAction\":[{\"@type\":\"SearchAction\",\"target\":{\"@type\":\"EntryPoint\",\"urlTemplate\":\"https:\/\/now-news.de\/de\/?s={search_term_string}\"},\"query-input\":\"required name=search_term_string\"}],\"inLanguage\":\"de\"},{\"@type\":\"Organization\",\"@id\":\"https:\/\/now-news.de\/de\/#organization\",\"name\":\"Just Now News\",\"url\":\"https:\/\/now-news.de\/de\/\",\"logo\":{\"@type\":\"ImageObject\",\"inLanguage\":\"de\",\"@id\":\"https:\/\/now-news.de\/de\/#\/schema\/logo\/image\/\",\"url\":\"http:\/\/just-now.news\/de\/wp-content\/uploads\/sites\/3\/2022\/04\/logo500x500.jpg\",\"contentUrl\":\"http:\/\/just-now.news\/de\/wp-content\/uploads\/sites\/3\/2022\/04\/logo500x500.jpg\",\"width\":500,\"height\":500,\"caption\":\"Just Now News\"},\"image\":{\"@id\":\"https:\/\/now-news.de\/de\/#\/schema\/logo\/image\/\"},\"sameAs\":[\"https:\/\/www.facebook.com\/wirmachenauf\",\"https:\/\/x.com\/WirMachenAuf_de\"]},{\"@type\":\"Person\",\"@id\":\"https:\/\/now-news.de\/de\/#\/schema\/person\/fb534a4e865501d8b3285208df34a9b5\",\"name\":\"rtnews\",\"image\":{\"@type\":\"ImageObject\",\"inLanguage\":\"de\",\"@id\":\"https:\/\/now-news.de\/de\/#\/schema\/person\/image\/\",\"url\":\"https:\/\/secure.gravatar.com\/avatar\/82aafea7d8127119dd649515f56e2117?s=96&d=mm&r=g\",\"contentUrl\":\"https:\/\/secure.gravatar.com\/avatar\/82aafea7d8127119dd649515f56e2117?s=96&d=mm&r=g\",\"caption\":\"rtnews\"},\"url\":\"https:\/\/now-news.de\/de\/author\/rnews\/\"}]}<\/script>\n<!-- \/ Yoast SEO Premium plugin. -->","yoast_head_json":{"title":"\u00d6sterreichischer Au\u00dfenminister: &quot;Westen darf keine Angst haben, sich mit Russen zusammenzusetzen&quot; - just-now.NEWS Deutschland","robots":{"index":"index","follow":"follow","max-snippet":"max-snippet:-1","max-image-preview":"max-image-preview:large","max-video-preview":"max-video-preview:-1"},"canonical":"https:\/\/now-news.de\/de\/deutschland\/oesterreichischer-aussenminister-westen-darf-keine-angst-haben-sich-mit-russen-zusammenzusetzen\/","og_locale":"de_DE","og_type":"article","og_title":"\u00d6sterreichischer Au\u00dfenminister: &quot;Westen darf keine Angst haben, sich mit Russen zusammenzusetzen&quot;","og_description":"\u00d6sterreichs Au\u00dfenminister Schallenberg warnt vor &#8220;lebensbedrohlichen Echokammern in den internationalen Beziehungen&#8221;. Er begr\u00fc\u00dft die Entscheidung der Organisation f\u00fcr Sicherheit und Zusammenarbeit (OSZE), dem russischen Au\u00dfenminister die Teilnahme an der Jahrestagung zu erm\u00f6glichen. Der \u00f6sterreichische Au\u00dfenminister Alexander Schallenberg hat die westlichen L\u00e4nder vor den Gefahren gewarnt, die sich aus der Weigerung ergeben, mit Russland zu sprechen, [&hellip;]","og_url":"https:\/\/now-news.de\/de\/deutschland\/oesterreichischer-aussenminister-westen-darf-keine-angst-haben-sich-mit-russen-zusammenzusetzen\/","og_site_name":"just-now.NEWS Deutschland","article_publisher":"https:\/\/www.facebook.com\/wirmachenauf","article_published_time":"2023-11-30T12:44:43+00:00","og_image":[{"width":460,"height":259,"url":"https:\/\/now-news.de\/de\/wp-content\/uploads\/sites\/3\/2023\/11\/Oesterreichischer-Aussenminister-quotWesten-darf-keine-Angst-haben-sich-mit-Russen.jpg","type":"image\/jpeg"}],"author":"rtnews","twitter_card":"summary_large_image","twitter_creator":"@WirMachenAuf_de","twitter_site":"@WirMachenAuf_de","twitter_misc":{"Verfasst von":"rtnews","Gesch\u00e4tzte Lesezeit":"2\u00a0Minuten"},"schema":{"@context":"https:\/\/schema.org","@graph":[{"@type":"Article","@id":"https:\/\/now-news.de\/de\/deutschland\/oesterreichischer-aussenminister-westen-darf-keine-angst-haben-sich-mit-russen-zusammenzusetzen\/#article","isPartOf":{"@id":"https:\/\/now-news.de\/de\/deutschland\/oesterreichischer-aussenminister-westen-darf-keine-angst-haben-sich-mit-russen-zusammenzusetzen\/"},"author":{"name":"rtnews","@id":"https:\/\/now-news.de\/de\/#\/schema\/person\/fb534a4e865501d8b3285208df34a9b5"},"headline":"\u00d6sterreichischer Au\u00dfenminister: &quot;Westen darf keine Angst haben, sich mit Russen zusammenzusetzen&quot;","datePublished":"2023-11-30T12:44:43+00:00","dateModified":"2023-11-30T12:44:43+00:00","mainEntityOfPage":{"@id":"https:\/\/now-news.de\/de\/deutschland\/oesterreichischer-aussenminister-westen-darf-keine-angst-haben-sich-mit-russen-zusammenzusetzen\/"},"wordCount":391,"commentCount":0,"publisher":{"@id":"https:\/\/now-news.de\/de\/#organization"},"image":{"@id":"https:\/\/now-news.de\/de\/deutschland\/oesterreichischer-aussenminister-westen-darf-keine-angst-haben-sich-mit-russen-zusammenzusetzen\/#primaryimage"},"thumbnailUrl":"https:\/\/now-news.de\/de\/wp-content\/uploads\/sites\/3\/2023\/11\/Oesterreichischer-Aussenminister-quotWesten-darf-keine-Angst-haben-sich-mit-Russen.jpg","keywords":["Angst","Au\u00dfenminister","darf","haben","keine","mit","\u00d6sterreichischer","quotWesten","Russen","sich","zusammenzusetzenquot"],"articleSection":["Deutschland","Russland"],"inLanguage":"de","potentialAction":[{"@type":"CommentAction","name":"Comment","target":["https:\/\/now-news.de\/de\/deutschland\/oesterreichischer-aussenminister-westen-darf-keine-angst-haben-sich-mit-russen-zusammenzusetzen\/#respond"]}]},{"@type":"WebPage","@id":"https:\/\/now-news.de\/de\/deutschland\/oesterreichischer-aussenminister-westen-darf-keine-angst-haben-sich-mit-russen-zusammenzusetzen\/","url":"https:\/\/now-news.de\/de\/deutschland\/oesterreichischer-aussenminister-westen-darf-keine-angst-haben-sich-mit-russen-zusammenzusetzen\/","name":"\u00d6sterreichischer Au\u00dfenminister: &quot;Westen darf keine Angst haben, sich mit Russen zusammenzusetzen&quot; - just-now.NEWS Deutschland","isPartOf":{"@id":"https:\/\/now-news.de\/de\/#website"},"primaryImageOfPage":{"@id":"https:\/\/now-news.de\/de\/deutschland\/oesterreichischer-aussenminister-westen-darf-keine-angst-haben-sich-mit-russen-zusammenzusetzen\/#primaryimage"},"image":{"@id":"https:\/\/now-news.de\/de\/deutschland\/oesterreichischer-aussenminister-westen-darf-keine-angst-haben-sich-mit-russen-zusammenzusetzen\/#primaryimage"},"thumbnailUrl":"https:\/\/now-news.de\/de\/wp-content\/uploads\/sites\/3\/2023\/11\/Oesterreichischer-Aussenminister-quotWesten-darf-keine-Angst-haben-sich-mit-Russen.jpg","datePublished":"2023-11-30T12:44:43+00:00","dateModified":"2023-11-30T12:44:43+00:00","breadcrumb":{"@id":"https:\/\/now-news.de\/de\/deutschland\/oesterreichischer-aussenminister-westen-darf-keine-angst-haben-sich-mit-russen-zusammenzusetzen\/#breadcrumb"},"inLanguage":"de","potentialAction":[{"@type":"ReadAction","target":["https:\/\/now-news.de\/de\/deutschland\/oesterreichischer-aussenminister-westen-darf-keine-angst-haben-sich-mit-russen-zusammenzusetzen\/"]}]},{"@type":"ImageObject","inLanguage":"de","@id":"https:\/\/now-news.de\/de\/deutschland\/oesterreichischer-aussenminister-westen-darf-keine-angst-haben-sich-mit-russen-zusammenzusetzen\/#primaryimage","url":"https:\/\/now-news.de\/de\/wp-content\/uploads\/sites\/3\/2023\/11\/Oesterreichischer-Aussenminister-quotWesten-darf-keine-Angst-haben-sich-mit-Russen.jpg","contentUrl":"https:\/\/now-news.de\/de\/wp-content\/uploads\/sites\/3\/2023\/11\/Oesterreichischer-Aussenminister-quotWesten-darf-keine-Angst-haben-sich-mit-Russen.jpg","width":460,"height":259,"caption":"\u00d6sterreichischer Au\u00dfenminister: &quot;Westen darf keine Angst haben, sich mit Russen zusammenzusetzen&quot;"},{"@type":"BreadcrumbList","@id":"https:\/\/now-news.de\/de\/deutschland\/oesterreichischer-aussenminister-westen-darf-keine-angst-haben-sich-mit-russen-zusammenzusetzen\/#breadcrumb","itemListElement":[{"@type":"ListItem","position":1,"name":"Home","item":"https:\/\/now-news.de\/de\/"},{"@type":"ListItem","position":2,"name":"\u00d6sterreichischer Au\u00dfenminister: &quot;Westen darf keine Angst haben, sich mit Russen zusammenzusetzen&quot;"}]},{"@type":"WebSite","@id":"https:\/\/now-news.de\/de\/#website","url":"https:\/\/now-news.de\/de\/","name":"just-now.NEWS Deutschland","description":"Das Portal f\u00fcr unzensierte Nachrichten aus der Welt","publisher":{"@id":"https:\/\/now-news.de\/de\/#organization"},"potentialAction":[{"@type":"SearchAction","target":{"@type":"EntryPoint","urlTemplate":"https:\/\/now-news.de\/de\/?s={search_term_string}"},"query-input":"required name=search_term_string"}],"inLanguage":"de"},{"@type":"Organization","@id":"https:\/\/now-news.de\/de\/#organization","name":"Just Now News","url":"https:\/\/now-news.de\/de\/","logo":{"@type":"ImageObject","inLanguage":"de","@id":"https:\/\/now-news.de\/de\/#\/schema\/logo\/image\/","url":"http:\/\/just-now.news\/de\/wp-content\/uploads\/sites\/3\/2022\/04\/logo500x500.jpg","contentUrl":"http:\/\/just-now.news\/de\/wp-content\/uploads\/sites\/3\/2022\/04\/logo500x500.jpg","width":500,"height":500,"caption":"Just Now News"},"image":{"@id":"https:\/\/now-news.de\/de\/#\/schema\/logo\/image\/"},"sameAs":["https:\/\/www.facebook.com\/wirmachenauf","https:\/\/x.com\/WirMachenAuf_de"]},{"@type":"Person","@id":"https:\/\/now-news.de\/de\/#\/schema\/person\/fb534a4e865501d8b3285208df34a9b5","name":"rtnews","image":{"@type":"ImageObject","inLanguage":"de","@id":"https:\/\/now-news.de\/de\/#\/schema\/person\/image\/","url":"https:\/\/secure.gravatar.com\/avatar\/82aafea7d8127119dd649515f56e2117?s=96&d=mm&r=g","contentUrl":"https:\/\/secure.gravatar.com\/avatar\/82aafea7d8127119dd649515f56e2117?s=96&d=mm&r=g","caption":"rtnews"},"url":"https:\/\/now-news.de\/de\/author\/rnews\/"}]}},"_links":{"self":[{"href":"https:\/\/now-news.de\/de\/wp-json\/wp\/v2\/posts\/50674"}],"collection":[{"href":"https:\/\/now-news.de\/de\/wp-json\/wp\/v2\/posts"}],"about":[{"href":"https:\/\/now-news.de\/de\/wp-json\/wp\/v2\/types\/post"}],"author":[{"embeddable":true,"href":"https:\/\/now-news.de\/de\/wp-json\/wp\/v2\/users\/3"}],"replies":[{"embeddable":true,"href":"https:\/\/now-news.de\/de\/wp-json\/wp\/v2\/comments?post=50674"}],"version-history":[{"count":0,"href":"https:\/\/now-news.de\/de\/wp-json\/wp\/v2\/posts\/50674\/revisions"}],"wp:featuredmedia":[{"embeddable":true,"href":"https:\/\/now-news.de\/de\/wp-json\/wp\/v2\/media\/50675"}],"wp:attachment":[{"href":"https:\/\/now-news.de\/de\/wp-json\/wp\/v2\/media?parent=50674"}],"wp:term":[{"taxonomy":"category","embeddable":true,"href":"https:\/\/now-news.de\/de\/wp-json\/wp\/v2\/categories?post=50674"},{"taxonomy":"post_tag","embeddable":true,"href":"https:\/\/now-news.de\/de\/wp-json\/wp\/v2\/tags?post=50674"}],"curies":[{"name":"wp","href":"https:\/\/api.w.org\/{rel}","templated":true}]}}