{"id":50621,"date":"2023-11-29T20:19:36","date_gmt":"2023-11-29T18:19:36","guid":{"rendered":"https:\/\/just-now.news\/de\/deutschland\/russland-verliert-sitz-im-opcw-exekutivrat-ukraine-auf-zwei-jahre-gewaehlt\/"},"modified":"2023-11-29T20:19:36","modified_gmt":"2023-11-29T18:19:36","slug":"russland-verliert-sitz-im-opcw-exekutivrat-ukraine-auf-zwei-jahre-gewaehlt","status":"publish","type":"post","link":"https:\/\/now-news.de\/de\/deutschland\/russland-verliert-sitz-im-opcw-exekutivrat-ukraine-auf-zwei-jahre-gewaehlt\/","title":{"rendered":"Russland verliert Sitz im OPCW-Exekutivrat \u2013 Ukraine auf zwei Jahre gew\u00e4hlt"},"content":{"rendered":"<p><img decoding=\"async\" src=\"http:\/\/just-now.news\/de\/wp-content\/uploads\/sites\/3\/2023\/11\/65674b15b480cc06ac19ca6b.jpg\" \/><\/p>\n<div class=\"Text-root Text-type_1 \">\n                Die Organisation f\u00fcr das Verbot chemischer Waffen (OPCW) hat am Mittwoch die Zusammensetzung ihres Exekutivrates f\u00fcr das Jahr 2024 bestimmt. Gew\u00e4hlt wurden 20 Mitglieder. Russland verlor seinen Sitz, w\u00e4hrend die Ukraine es f\u00fcr die n\u00e4chsten zwei Jahre ins Gremium schaffte.\n            <\/div>\n<p><\/p>\n<div class=\"Text-root Text-type_5 ArticleView-text ViewText-root \">\n<p>Die Zusammensetzung des Exekutivrates der Organisation f\u00fcr das Verbot chemischer Waffen (OPCW) f\u00fcr das kommende Jahr steht fest. Am Mittwoch haben die Mitgliedsstaaten 20 Sitze im 41-k\u00f6pfigen Gremium vergeben. Bei der 28. OPCW-Konferenz in Den Haag wurden Algerien, Ghana, Nigeria, S\u00fcdafrika, Bangladesch, Iran, Malaysia, Pakistan, Litauen, Polen, die Ukraine, Chile, El Salvador, Ecuador, Guatemala, Belgien, D\u00e4nemark, Griechenland, Neuseeland und Spanien auf zwei Jahre in den Exekutivrat gew\u00e4hlt.<\/p>\n<div class=\"EmbedBlock-root EmbedBlock-twitter\">\n<div class=\"TwitterEmbed\">\n<blockquote class=\"twitter-tweet lazyload\" data-twitter=\"twitter-tweet\">\n<p lang=\"en\" dir=\"ltr\">\u2705 <a rel=\"nofollow noopener\" target=\"_blank\" href=\"https:\/\/twitter.com\/hashtag\/CSP28?src=hash&amp;ref_src=twsrc%5Etfw\">#CSP28<\/a> Decision Adopted: Election of Member States to the Executive Council21 <a rel=\"nofollow noopener\" target=\"_blank\" href=\"https:\/\/twitter.com\/hashtag\/OPCW?src=hash&amp;ref_src=twsrc%5Etfw\">#OPCW<\/a> Member States were elected to join the EC in 2024:Africa: \ud83c\udde9\ud83c\uddff Algeria \ud83c\uddec\ud83c\udded Ghana \ud83c\uddf3\ud83c\uddec Nigeria \ud83c\uddff\ud83c\udde6 South AfricaAsia: \ud83c\udde7\ud83c\udde9 Bangladesh \ud83c\uddee\ud83c\uddf7 Iran \ud83c\uddf2\ud83c\uddfe Malaysia \ud83c\uddf5\ud83c\uddf0 PakistanEastern Europe: \ud83c\uddf1\ud83c\uddf9 Lithuania \ud83c\uddf5\ud83c\uddf1\u2026<\/p>\n<p>\u2014 OPCW (@OPCW) <a rel=\"nofollow noopener\" target=\"_blank\" href=\"https:\/\/twitter.com\/OPCW\/status\/1729846463163695389?ref_src=twsrc%5Etfw\">November 29, 2023<\/a><\/p><\/blockquote>\n<\/div>\n<\/div>\n<p>Russland kandidierte in der Region Osteuropa und verlor somit gegen Litauen, Polen und die Ukraine. Das Land konnte lediglich 65 Stimmen bei den erforderlichen 66 auf sich vereinigen.\u00a0Bei der Sitzung sagte Russlands Vize-Minister f\u00fcr Industrie und Handel, Kirill Lyssogorski, dass die USA und ihre Verb\u00fcndeten danach strebten, Russland aus dem Exekutivrat zu verdr\u00e4ngen. Auf Gehei\u00df von Washington und Br\u00fcssel sei eine antirussische Lobby aus 18 Staaten ins Leben gerufen worden. Der russische Vertreter machte darauf aufmerksam, dass Litauens Mitgliedschaft keinen Mehrwert f\u00fcr die L\u00f6sung der OPCW-Aufgaben mit sich bringen werde und bat Vilnius darum, seine Kandidatur zur\u00fcckzuziehen.<\/p>\n<p>Die Sitzung hatte mit einer Schweigeminute f\u00fcr alle Opfer von Chemiewaffen begonnen. Die OPCW\u00a0<a rel=\"nofollow noopener\" target=\"_blank\" href=\"https:\/\/twitter.com\/OPCW\/status\/1729803068600971445\">betonte<\/a>\u00a0im sozialen Netzwerk X die Notwendigkeit, die globale Ablehnung gegen Chemiewaffen aufrechtzuerhalten und die Umsetzung der Chemiewaffenkonvention zu st\u00e4rken.<\/p>\n<p><strong>Mehr zum Thema<\/strong> &#8211;\u00a0<a rel=\"nofollow noopener\" target=\"_blank\" href=\"https:\/\/freedert.online\/international\/188251-russland-vertreter-bei-opcw-kiew-setzt-chemische-waffen-ein\/\">Vertreter Russlands in OPCW: Westen lieferte Kiew f\u00fcr Terroranschl\u00e4ge verwendete chemische Waffen<\/a><\/p>\n<\/p>\n<\/div>\n<p><script async src=\"https:\/\/platform.twitter.com\/widgets.js\" charset=\"utf-8\"><\/script><br \/>\n<br \/><br \/>\n<br \/><a href=\"https:\/\/de.rt.com\/international\/188432-russland-verliert-sitz-im-opcw-exekutivrat\/\">Source link <\/a><\/p>\n","protected":false},"excerpt":{"rendered":"<p>Die Organisation f\u00fcr das Verbot chemischer Waffen (OPCW) hat am Mittwoch die Zusammensetzung ihres Exekutivrates f\u00fcr das Jahr 2024 bestimmt. Gew\u00e4hlt wurden 20 Mitglieder. Russland verlor seinen Sitz, w\u00e4hrend die Ukraine es f\u00fcr die n\u00e4chsten zwei Jahre ins Gremium schaffte. Die Zusammensetzung des Exekutivrates der Organisation f\u00fcr das Verbot chemischer Waffen (OPCW) f\u00fcr das kommende [&hellip;]<\/p>\n","protected":false},"author":3,"featured_media":50622,"comment_status":"open","ping_status":"open","sticky":false,"template":"","format":"standard","meta":{"_yoast_indexnow_last_ping":["1701282706"],"wp_automatic_camp":["217"],"e81c48db2d9b5d57d00db58ed0d578a4":["Russland verliert Sitz im OPCW-Exekutivrat \u2013 Ukraine auf zwei Jahre gew\u00e4hlt"],"original_link":["https:\/\/de.rt.com\/international\/188432-russland-verliert-sitz-im-opcw-exekutivrat\/"],"_thumbnail_id":["50622"],"_wptgpro_p2tg_sent2tg":["a:1:{i:23737;s:19:\"2023-11-29 20:32:55\";}"],"jnews_social_counter_last_update":["1777773327"]},"categories":[19,23],"tags":[133,9131,7530,51115,126,12150,127,11487,1003],"yoast_head":"<!-- This site is optimized with the Yoast SEO Premium plugin v22.7 (Yoast SEO v22.7) - https:\/\/yoast.com\/wordpress\/plugins\/seo\/ -->\n<title>Russland verliert Sitz im OPCW-Exekutivrat \u2013 Ukraine auf zwei Jahre gew\u00e4hlt - just-now.NEWS Deutschland<\/title>\n<meta name=\"robots\" content=\"index, follow, max-snippet:-1, max-image-preview:large, max-video-preview:-1\" \/>\n<link rel=\"canonical\" href=\"https:\/\/now-news.de\/de\/deutschland\/russland-verliert-sitz-im-opcw-exekutivrat-ukraine-auf-zwei-jahre-gewaehlt\/\" \/>\n<meta property=\"og:locale\" content=\"de_DE\" \/>\n<meta property=\"og:type\" content=\"article\" \/>\n<meta property=\"og:title\" content=\"Russland verliert Sitz im OPCW-Exekutivrat \u2013 Ukraine auf zwei Jahre gew\u00e4hlt\" \/>\n<meta property=\"og:description\" content=\"Die Organisation f\u00fcr das Verbot chemischer Waffen (OPCW) hat am Mittwoch die Zusammensetzung ihres Exekutivrates f\u00fcr das Jahr 2024 bestimmt. Gew\u00e4hlt wurden 20 Mitglieder. Russland verlor seinen Sitz, w\u00e4hrend die Ukraine es f\u00fcr die n\u00e4chsten zwei Jahre ins Gremium schaffte. Die Zusammensetzung des Exekutivrates der Organisation f\u00fcr das Verbot chemischer Waffen (OPCW) f\u00fcr das kommende [&hellip;]\" \/>\n<meta property=\"og:url\" content=\"https:\/\/now-news.de\/de\/deutschland\/russland-verliert-sitz-im-opcw-exekutivrat-ukraine-auf-zwei-jahre-gewaehlt\/\" \/>\n<meta property=\"og:site_name\" content=\"just-now.NEWS Deutschland\" \/>\n<meta property=\"article:publisher\" content=\"https:\/\/www.facebook.com\/wirmachenauf\" \/>\n<meta property=\"article:published_time\" content=\"2023-11-29T18:19:36+00:00\" \/>\n<meta property=\"og:image\" content=\"https:\/\/now-news.de\/de\/wp-content\/uploads\/sites\/3\/2023\/11\/Russland-verliert-Sitz-im-OPCW-Exekutivrat-\u2013-Ukraine-auf-zwei-Jahre.jpg\" \/>\n\t<meta property=\"og:image:width\" content=\"460\" \/>\n\t<meta property=\"og:image:height\" content=\"259\" \/>\n\t<meta property=\"og:image:type\" content=\"image\/jpeg\" \/>\n<meta name=\"author\" content=\"rtnews\" \/>\n<meta name=\"twitter:card\" content=\"summary_large_image\" \/>\n<meta name=\"twitter:creator\" content=\"@WirMachenAuf_de\" \/>\n<meta name=\"twitter:site\" content=\"@WirMachenAuf_de\" \/>\n<meta name=\"twitter:label1\" content=\"Verfasst von\" \/>\n\t<meta name=\"twitter:data1\" content=\"rtnews\" \/>\n\t<meta name=\"twitter:label2\" content=\"Gesch\u00e4tzte Lesezeit\" \/>\n\t<meta name=\"twitter:data2\" content=\"2\u00a0Minuten\" \/>\n<script type=\"application\/ld+json\" class=\"yoast-schema-graph\">{\"@context\":\"https:\/\/schema.org\",\"@graph\":[{\"@type\":\"Article\",\"@id\":\"https:\/\/now-news.de\/de\/deutschland\/russland-verliert-sitz-im-opcw-exekutivrat-ukraine-auf-zwei-jahre-gewaehlt\/#article\",\"isPartOf\":{\"@id\":\"https:\/\/now-news.de\/de\/deutschland\/russland-verliert-sitz-im-opcw-exekutivrat-ukraine-auf-zwei-jahre-gewaehlt\/\"},\"author\":{\"name\":\"rtnews\",\"@id\":\"https:\/\/now-news.de\/de\/#\/schema\/person\/fb534a4e865501d8b3285208df34a9b5\"},\"headline\":\"Russland verliert Sitz im OPCW-Exekutivrat \u2013 Ukraine auf zwei Jahre gew\u00e4hlt\",\"datePublished\":\"2023-11-29T18:19:36+00:00\",\"dateModified\":\"2023-11-29T18:19:36+00:00\",\"mainEntityOfPage\":{\"@id\":\"https:\/\/now-news.de\/de\/deutschland\/russland-verliert-sitz-im-opcw-exekutivrat-ukraine-auf-zwei-jahre-gewaehlt\/\"},\"wordCount\":321,\"commentCount\":0,\"publisher\":{\"@id\":\"https:\/\/now-news.de\/de\/#organization\"},\"image\":{\"@id\":\"https:\/\/now-news.de\/de\/deutschland\/russland-verliert-sitz-im-opcw-exekutivrat-ukraine-auf-zwei-jahre-gewaehlt\/#primaryimage\"},\"thumbnailUrl\":\"https:\/\/now-news.de\/de\/wp-content\/uploads\/sites\/3\/2023\/11\/Russland-verliert-Sitz-im-OPCW-Exekutivrat-\u2013-Ukraine-auf-zwei-Jahre.jpg\",\"keywords\":[\"AUF\",\"gew\u00e4hlt\",\"Jahre\",\"OPCWExekutivrat\",\"russland\",\"Sitz\",\"ukraine\",\"verliert\",\"zwei\"],\"articleSection\":[\"Deutschland\",\"Russland\"],\"inLanguage\":\"de\",\"potentialAction\":[{\"@type\":\"CommentAction\",\"name\":\"Comment\",\"target\":[\"https:\/\/now-news.de\/de\/deutschland\/russland-verliert-sitz-im-opcw-exekutivrat-ukraine-auf-zwei-jahre-gewaehlt\/#respond\"]}]},{\"@type\":\"WebPage\",\"@id\":\"https:\/\/now-news.de\/de\/deutschland\/russland-verliert-sitz-im-opcw-exekutivrat-ukraine-auf-zwei-jahre-gewaehlt\/\",\"url\":\"https:\/\/now-news.de\/de\/deutschland\/russland-verliert-sitz-im-opcw-exekutivrat-ukraine-auf-zwei-jahre-gewaehlt\/\",\"name\":\"Russland verliert Sitz im OPCW-Exekutivrat \u2013 Ukraine auf zwei Jahre gew\u00e4hlt - just-now.NEWS Deutschland\",\"isPartOf\":{\"@id\":\"https:\/\/now-news.de\/de\/#website\"},\"primaryImageOfPage\":{\"@id\":\"https:\/\/now-news.de\/de\/deutschland\/russland-verliert-sitz-im-opcw-exekutivrat-ukraine-auf-zwei-jahre-gewaehlt\/#primaryimage\"},\"image\":{\"@id\":\"https:\/\/now-news.de\/de\/deutschland\/russland-verliert-sitz-im-opcw-exekutivrat-ukraine-auf-zwei-jahre-gewaehlt\/#primaryimage\"},\"thumbnailUrl\":\"https:\/\/now-news.de\/de\/wp-content\/uploads\/sites\/3\/2023\/11\/Russland-verliert-Sitz-im-OPCW-Exekutivrat-\u2013-Ukraine-auf-zwei-Jahre.jpg\",\"datePublished\":\"2023-11-29T18:19:36+00:00\",\"dateModified\":\"2023-11-29T18:19:36+00:00\",\"breadcrumb\":{\"@id\":\"https:\/\/now-news.de\/de\/deutschland\/russland-verliert-sitz-im-opcw-exekutivrat-ukraine-auf-zwei-jahre-gewaehlt\/#breadcrumb\"},\"inLanguage\":\"de\",\"potentialAction\":[{\"@type\":\"ReadAction\",\"target\":[\"https:\/\/now-news.de\/de\/deutschland\/russland-verliert-sitz-im-opcw-exekutivrat-ukraine-auf-zwei-jahre-gewaehlt\/\"]}]},{\"@type\":\"ImageObject\",\"inLanguage\":\"de\",\"@id\":\"https:\/\/now-news.de\/de\/deutschland\/russland-verliert-sitz-im-opcw-exekutivrat-ukraine-auf-zwei-jahre-gewaehlt\/#primaryimage\",\"url\":\"https:\/\/now-news.de\/de\/wp-content\/uploads\/sites\/3\/2023\/11\/Russland-verliert-Sitz-im-OPCW-Exekutivrat-\u2013-Ukraine-auf-zwei-Jahre.jpg\",\"contentUrl\":\"https:\/\/now-news.de\/de\/wp-content\/uploads\/sites\/3\/2023\/11\/Russland-verliert-Sitz-im-OPCW-Exekutivrat-\u2013-Ukraine-auf-zwei-Jahre.jpg\",\"width\":460,\"height\":259,\"caption\":\"Russland verliert Sitz im OPCW-Exekutivrat \u2013 Ukraine auf zwei Jahre gew\u00e4hlt\"},{\"@type\":\"BreadcrumbList\",\"@id\":\"https:\/\/now-news.de\/de\/deutschland\/russland-verliert-sitz-im-opcw-exekutivrat-ukraine-auf-zwei-jahre-gewaehlt\/#breadcrumb\",\"itemListElement\":[{\"@type\":\"ListItem\",\"position\":1,\"name\":\"Home\",\"item\":\"https:\/\/now-news.de\/de\/\"},{\"@type\":\"ListItem\",\"position\":2,\"name\":\"Russland verliert Sitz im OPCW-Exekutivrat \u2013 Ukraine auf zwei Jahre gew\u00e4hlt\"}]},{\"@type\":\"WebSite\",\"@id\":\"https:\/\/now-news.de\/de\/#website\",\"url\":\"https:\/\/now-news.de\/de\/\",\"name\":\"just-now.NEWS Deutschland\",\"description\":\"Das Portal f\u00fcr unzensierte Nachrichten aus der Welt\",\"publisher\":{\"@id\":\"https:\/\/now-news.de\/de\/#organization\"},\"potentialAction\":[{\"@type\":\"SearchAction\",\"target\":{\"@type\":\"EntryPoint\",\"urlTemplate\":\"https:\/\/now-news.de\/de\/?s={search_term_string}\"},\"query-input\":\"required name=search_term_string\"}],\"inLanguage\":\"de\"},{\"@type\":\"Organization\",\"@id\":\"https:\/\/now-news.de\/de\/#organization\",\"name\":\"Just Now News\",\"url\":\"https:\/\/now-news.de\/de\/\",\"logo\":{\"@type\":\"ImageObject\",\"inLanguage\":\"de\",\"@id\":\"https:\/\/now-news.de\/de\/#\/schema\/logo\/image\/\",\"url\":\"http:\/\/just-now.news\/de\/wp-content\/uploads\/sites\/3\/2022\/04\/logo500x500.jpg\",\"contentUrl\":\"http:\/\/just-now.news\/de\/wp-content\/uploads\/sites\/3\/2022\/04\/logo500x500.jpg\",\"width\":500,\"height\":500,\"caption\":\"Just Now News\"},\"image\":{\"@id\":\"https:\/\/now-news.de\/de\/#\/schema\/logo\/image\/\"},\"sameAs\":[\"https:\/\/www.facebook.com\/wirmachenauf\",\"https:\/\/x.com\/WirMachenAuf_de\"]},{\"@type\":\"Person\",\"@id\":\"https:\/\/now-news.de\/de\/#\/schema\/person\/fb534a4e865501d8b3285208df34a9b5\",\"name\":\"rtnews\",\"image\":{\"@type\":\"ImageObject\",\"inLanguage\":\"de\",\"@id\":\"https:\/\/now-news.de\/de\/#\/schema\/person\/image\/\",\"url\":\"https:\/\/secure.gravatar.com\/avatar\/82aafea7d8127119dd649515f56e2117?s=96&d=mm&r=g\",\"contentUrl\":\"https:\/\/secure.gravatar.com\/avatar\/82aafea7d8127119dd649515f56e2117?s=96&d=mm&r=g\",\"caption\":\"rtnews\"},\"url\":\"https:\/\/now-news.de\/de\/author\/rnews\/\"}]}<\/script>\n<!-- \/ Yoast SEO Premium plugin. -->","yoast_head_json":{"title":"Russland verliert Sitz im OPCW-Exekutivrat \u2013 Ukraine auf zwei Jahre gew\u00e4hlt - just-now.NEWS Deutschland","robots":{"index":"index","follow":"follow","max-snippet":"max-snippet:-1","max-image-preview":"max-image-preview:large","max-video-preview":"max-video-preview:-1"},"canonical":"https:\/\/now-news.de\/de\/deutschland\/russland-verliert-sitz-im-opcw-exekutivrat-ukraine-auf-zwei-jahre-gewaehlt\/","og_locale":"de_DE","og_type":"article","og_title":"Russland verliert Sitz im OPCW-Exekutivrat \u2013 Ukraine auf zwei Jahre gew\u00e4hlt","og_description":"Die Organisation f\u00fcr das Verbot chemischer Waffen (OPCW) hat am Mittwoch die Zusammensetzung ihres Exekutivrates f\u00fcr das Jahr 2024 bestimmt. Gew\u00e4hlt wurden 20 Mitglieder. Russland verlor seinen Sitz, w\u00e4hrend die Ukraine es f\u00fcr die n\u00e4chsten zwei Jahre ins Gremium schaffte. Die Zusammensetzung des Exekutivrates der Organisation f\u00fcr das Verbot chemischer Waffen (OPCW) f\u00fcr das kommende [&hellip;]","og_url":"https:\/\/now-news.de\/de\/deutschland\/russland-verliert-sitz-im-opcw-exekutivrat-ukraine-auf-zwei-jahre-gewaehlt\/","og_site_name":"just-now.NEWS Deutschland","article_publisher":"https:\/\/www.facebook.com\/wirmachenauf","article_published_time":"2023-11-29T18:19:36+00:00","og_image":[{"width":460,"height":259,"url":"https:\/\/now-news.de\/de\/wp-content\/uploads\/sites\/3\/2023\/11\/Russland-verliert-Sitz-im-OPCW-Exekutivrat-\u2013-Ukraine-auf-zwei-Jahre.jpg","type":"image\/jpeg"}],"author":"rtnews","twitter_card":"summary_large_image","twitter_creator":"@WirMachenAuf_de","twitter_site":"@WirMachenAuf_de","twitter_misc":{"Verfasst von":"rtnews","Gesch\u00e4tzte Lesezeit":"2\u00a0Minuten"},"schema":{"@context":"https:\/\/schema.org","@graph":[{"@type":"Article","@id":"https:\/\/now-news.de\/de\/deutschland\/russland-verliert-sitz-im-opcw-exekutivrat-ukraine-auf-zwei-jahre-gewaehlt\/#article","isPartOf":{"@id":"https:\/\/now-news.de\/de\/deutschland\/russland-verliert-sitz-im-opcw-exekutivrat-ukraine-auf-zwei-jahre-gewaehlt\/"},"author":{"name":"rtnews","@id":"https:\/\/now-news.de\/de\/#\/schema\/person\/fb534a4e865501d8b3285208df34a9b5"},"headline":"Russland verliert Sitz im OPCW-Exekutivrat \u2013 Ukraine auf zwei Jahre gew\u00e4hlt","datePublished":"2023-11-29T18:19:36+00:00","dateModified":"2023-11-29T18:19:36+00:00","mainEntityOfPage":{"@id":"https:\/\/now-news.de\/de\/deutschland\/russland-verliert-sitz-im-opcw-exekutivrat-ukraine-auf-zwei-jahre-gewaehlt\/"},"wordCount":321,"commentCount":0,"publisher":{"@id":"https:\/\/now-news.de\/de\/#organization"},"image":{"@id":"https:\/\/now-news.de\/de\/deutschland\/russland-verliert-sitz-im-opcw-exekutivrat-ukraine-auf-zwei-jahre-gewaehlt\/#primaryimage"},"thumbnailUrl":"https:\/\/now-news.de\/de\/wp-content\/uploads\/sites\/3\/2023\/11\/Russland-verliert-Sitz-im-OPCW-Exekutivrat-\u2013-Ukraine-auf-zwei-Jahre.jpg","keywords":["AUF","gew\u00e4hlt","Jahre","OPCWExekutivrat","russland","Sitz","ukraine","verliert","zwei"],"articleSection":["Deutschland","Russland"],"inLanguage":"de","potentialAction":[{"@type":"CommentAction","name":"Comment","target":["https:\/\/now-news.de\/de\/deutschland\/russland-verliert-sitz-im-opcw-exekutivrat-ukraine-auf-zwei-jahre-gewaehlt\/#respond"]}]},{"@type":"WebPage","@id":"https:\/\/now-news.de\/de\/deutschland\/russland-verliert-sitz-im-opcw-exekutivrat-ukraine-auf-zwei-jahre-gewaehlt\/","url":"https:\/\/now-news.de\/de\/deutschland\/russland-verliert-sitz-im-opcw-exekutivrat-ukraine-auf-zwei-jahre-gewaehlt\/","name":"Russland verliert Sitz im OPCW-Exekutivrat \u2013 Ukraine auf zwei Jahre gew\u00e4hlt - just-now.NEWS Deutschland","isPartOf":{"@id":"https:\/\/now-news.de\/de\/#website"},"primaryImageOfPage":{"@id":"https:\/\/now-news.de\/de\/deutschland\/russland-verliert-sitz-im-opcw-exekutivrat-ukraine-auf-zwei-jahre-gewaehlt\/#primaryimage"},"image":{"@id":"https:\/\/now-news.de\/de\/deutschland\/russland-verliert-sitz-im-opcw-exekutivrat-ukraine-auf-zwei-jahre-gewaehlt\/#primaryimage"},"thumbnailUrl":"https:\/\/now-news.de\/de\/wp-content\/uploads\/sites\/3\/2023\/11\/Russland-verliert-Sitz-im-OPCW-Exekutivrat-\u2013-Ukraine-auf-zwei-Jahre.jpg","datePublished":"2023-11-29T18:19:36+00:00","dateModified":"2023-11-29T18:19:36+00:00","breadcrumb":{"@id":"https:\/\/now-news.de\/de\/deutschland\/russland-verliert-sitz-im-opcw-exekutivrat-ukraine-auf-zwei-jahre-gewaehlt\/#breadcrumb"},"inLanguage":"de","potentialAction":[{"@type":"ReadAction","target":["https:\/\/now-news.de\/de\/deutschland\/russland-verliert-sitz-im-opcw-exekutivrat-ukraine-auf-zwei-jahre-gewaehlt\/"]}]},{"@type":"ImageObject","inLanguage":"de","@id":"https:\/\/now-news.de\/de\/deutschland\/russland-verliert-sitz-im-opcw-exekutivrat-ukraine-auf-zwei-jahre-gewaehlt\/#primaryimage","url":"https:\/\/now-news.de\/de\/wp-content\/uploads\/sites\/3\/2023\/11\/Russland-verliert-Sitz-im-OPCW-Exekutivrat-\u2013-Ukraine-auf-zwei-Jahre.jpg","contentUrl":"https:\/\/now-news.de\/de\/wp-content\/uploads\/sites\/3\/2023\/11\/Russland-verliert-Sitz-im-OPCW-Exekutivrat-\u2013-Ukraine-auf-zwei-Jahre.jpg","width":460,"height":259,"caption":"Russland verliert Sitz im OPCW-Exekutivrat \u2013 Ukraine auf zwei Jahre gew\u00e4hlt"},{"@type":"BreadcrumbList","@id":"https:\/\/now-news.de\/de\/deutschland\/russland-verliert-sitz-im-opcw-exekutivrat-ukraine-auf-zwei-jahre-gewaehlt\/#breadcrumb","itemListElement":[{"@type":"ListItem","position":1,"name":"Home","item":"https:\/\/now-news.de\/de\/"},{"@type":"ListItem","position":2,"name":"Russland verliert Sitz im OPCW-Exekutivrat \u2013 Ukraine auf zwei Jahre gew\u00e4hlt"}]},{"@type":"WebSite","@id":"https:\/\/now-news.de\/de\/#website","url":"https:\/\/now-news.de\/de\/","name":"just-now.NEWS Deutschland","description":"Das Portal f\u00fcr unzensierte Nachrichten aus der Welt","publisher":{"@id":"https:\/\/now-news.de\/de\/#organization"},"potentialAction":[{"@type":"SearchAction","target":{"@type":"EntryPoint","urlTemplate":"https:\/\/now-news.de\/de\/?s={search_term_string}"},"query-input":"required name=search_term_string"}],"inLanguage":"de"},{"@type":"Organization","@id":"https:\/\/now-news.de\/de\/#organization","name":"Just Now News","url":"https:\/\/now-news.de\/de\/","logo":{"@type":"ImageObject","inLanguage":"de","@id":"https:\/\/now-news.de\/de\/#\/schema\/logo\/image\/","url":"http:\/\/just-now.news\/de\/wp-content\/uploads\/sites\/3\/2022\/04\/logo500x500.jpg","contentUrl":"http:\/\/just-now.news\/de\/wp-content\/uploads\/sites\/3\/2022\/04\/logo500x500.jpg","width":500,"height":500,"caption":"Just Now News"},"image":{"@id":"https:\/\/now-news.de\/de\/#\/schema\/logo\/image\/"},"sameAs":["https:\/\/www.facebook.com\/wirmachenauf","https:\/\/x.com\/WirMachenAuf_de"]},{"@type":"Person","@id":"https:\/\/now-news.de\/de\/#\/schema\/person\/fb534a4e865501d8b3285208df34a9b5","name":"rtnews","image":{"@type":"ImageObject","inLanguage":"de","@id":"https:\/\/now-news.de\/de\/#\/schema\/person\/image\/","url":"https:\/\/secure.gravatar.com\/avatar\/82aafea7d8127119dd649515f56e2117?s=96&d=mm&r=g","contentUrl":"https:\/\/secure.gravatar.com\/avatar\/82aafea7d8127119dd649515f56e2117?s=96&d=mm&r=g","caption":"rtnews"},"url":"https:\/\/now-news.de\/de\/author\/rnews\/"}]}},"_links":{"self":[{"href":"https:\/\/now-news.de\/de\/wp-json\/wp\/v2\/posts\/50621"}],"collection":[{"href":"https:\/\/now-news.de\/de\/wp-json\/wp\/v2\/posts"}],"about":[{"href":"https:\/\/now-news.de\/de\/wp-json\/wp\/v2\/types\/post"}],"author":[{"embeddable":true,"href":"https:\/\/now-news.de\/de\/wp-json\/wp\/v2\/users\/3"}],"replies":[{"embeddable":true,"href":"https:\/\/now-news.de\/de\/wp-json\/wp\/v2\/comments?post=50621"}],"version-history":[{"count":0,"href":"https:\/\/now-news.de\/de\/wp-json\/wp\/v2\/posts\/50621\/revisions"}],"wp:featuredmedia":[{"embeddable":true,"href":"https:\/\/now-news.de\/de\/wp-json\/wp\/v2\/media\/50622"}],"wp:attachment":[{"href":"https:\/\/now-news.de\/de\/wp-json\/wp\/v2\/media?parent=50621"}],"wp:term":[{"taxonomy":"category","embeddable":true,"href":"https:\/\/now-news.de\/de\/wp-json\/wp\/v2\/categories?post=50621"},{"taxonomy":"post_tag","embeddable":true,"href":"https:\/\/now-news.de\/de\/wp-json\/wp\/v2\/tags?post=50621"}],"curies":[{"name":"wp","href":"https:\/\/api.w.org\/{rel}","templated":true}]}}