{"id":50617,"date":"2023-11-29T19:57:08","date_gmt":"2023-11-29T17:57:08","guid":{"rendered":"https:\/\/just-now.news\/de\/deutschland\/un-generalversammlung-israel-soll-besatzungsregime-in-den-golanhoehen-aufgeben\/"},"modified":"2023-11-29T19:57:08","modified_gmt":"2023-11-29T17:57:08","slug":"un-generalversammlung-israel-soll-besatzungsregime-in-den-golanhoehen-aufgeben","status":"publish","type":"post","link":"https:\/\/now-news.de\/de\/deutschland\/un-generalversammlung-israel-soll-besatzungsregime-in-den-golanhoehen-aufgeben\/","title":{"rendered":"UN-Generalversammlung: Israel soll Besatzungsregime in den Golanh\u00f6hen aufgeben"},"content":{"rendered":"<p><img decoding=\"async\" src=\"http:\/\/just-now.news\/de\/wp-content\/uploads\/sites\/3\/2023\/11\/656763c948fbef3c186b195e.jpg\" \/><\/p>\n<div class=\"Text-root Text-type_1 \">\n                In einer weiteren Resolution wird Israel aufgefordert, sein Besatzungsregime in den zu Syrien geh\u00f6renden Golanh\u00f6hen aufzugeben. Die UN-Debatte wurde von Berichten \u00fcber die Situation in Gaza dominiert. Die Generalversammlung ist besorgt angesichts der hohen Zahl ziviler Opfer.\n            <\/div>\n<p><\/p>\n<div class=\"Text-root Text-type_5 ArticleView-text ViewText-root \">\n<p>Gestern wurde von der UN-Generalversammlung eine nicht bindende Resolution verabschiedet, in der Israel zum R\u00fcckzug aus den von ihm besetzten Golanh\u00f6hen aufgefordert wird. Israel hat die v\u00f6lkerrechtlich zu Syrien geh\u00f6renden Gebiete 1967 annektiert und h\u00e4lt sie seitdem besetzt.\u00a0<\/p>\n<p>Die Resolution wurde mit insgesamt 91 Stimmen angenommen. 62 Nationen enthielten sich, darunter auch Deutschland und die Ukraine. Acht L\u00e4nder stimmten dagegen, unter anderem die USA und Gro\u00dfbritannien.<\/p>\n<p>Die USA sind bisher das einzige Land der Vereinten Nationen, dass die Golanh\u00f6hen als zu Israel geh\u00f6rig anerkennt. US-Pr\u00e4sident Trump hat im M\u00e4rz 2019 die Souver\u00e4nit\u00e4t Israels \u00fcber die Golanh\u00f6hen mit einem Pr\u00e4sidentenerlass anerkannt. Sein Nachfolger im Amt, Pr\u00e4sident Joe Biden, h\u00e4lt daran bisher fest. Im Gegenzug f\u00fcr die Anerkennung versprach Israels Ministerpr\u00e4sident Netanjahu, eine neue Siedlung auf dem besetzten Gebiet nach Trump zu benennen.<\/p>\n<p>Eingebracht wurde der Resolutionsentwurf von zehn L\u00e4ndern, darunter Syrien, Algerien, Katar, \u00c4gypten und Nordkorea. Diskutiert wurde die Resolution in einer Sitzung zum Thema Nahost. Dabei dominierte allerdings das Thema Gaza. Die Generalversammlung zeigte sich besorgt angesichts der hohen Zahl an bisherigen Opfern der israelischen Milit\u00e4rintervention.\u00a0<\/p>\n<p>Der amtierende Pr\u00e4sident der Generalversammlung, Dennis Francis aus Trinidad und Tobago, begr\u00fc\u00dfte den Waffenstillstand und den Austausch von Geiseln zwischen Israel und der Hamas. Gleichzeitig wies er darauf hin, dass eine L\u00f6sung des nunmehr 76 Jahre andauernden Konflikts nur in der Zweistaatenl\u00f6sung liege. Er warnte vor den Folgen der weiteren Verz\u00f6gerung. Je l\u00e4nger Angst, Misstrauen, Rachegel\u00fcste, Hass und \u00c4ngste schwelen und sich vertiefen, desto t\u00f6dlicher werde die psychologische Kluft und desto dunkler werde der Schatten, der sich auf kommende Generationen auswirken wird.\u00a0<\/p>\n<p>Bei der anschlie\u00dfenden Vorstellung des diesj\u00e4hrigen Berichts des UN-Ausschusses f\u00fcr die Rechte des pal\u00e4stinensischen Volkes sagte der Vertreter Malaysias und stellvertretende Leiter des Ausschusses, der Bericht fordere Israel auf, seine anhaltenden Annexionen, Zerst\u00f6rungen, Siedlungserweiterungen und Zwangsumsiedlungen von Pal\u00e4stinensern r\u00fcckg\u00e4ngig zu machen.\u00a0Der Text halte Israel au\u00dferdem nachdr\u00fccklich dazu an, seine Strafma\u00dfnahmen gegen die Pal\u00e4stinensische Autonomiebeh\u00f6rde einzustellen und die pal\u00e4stinensische Zivilbev\u00f6lkerung zu sch\u00fctzen, auch vor der Gewalt israelischer Siedler, und fordere die Generalversammlung und den Sicherheitsrat auf, die Umsetzung langj\u00e4hriger Parameter f\u00fcr den Frieden sicherzustellen.<\/p>\n<p>Der st\u00e4ndige Beobachter Pal\u00e4stinas bei den Vereinten Nationen sagte, die gegenw\u00e4rtige Periode sei die t\u00f6dlichste, die Pal\u00e4stinenser im Gaza-Streifen bisher erlitten h\u00e4tten,\u00a0<\/p>\n<blockquote>\n<p><em>&#8220;und sie haben viele erlitten&#8221;, f\u00fcgte er hinzu.\u00a0<\/em><\/p>\n<\/blockquote>\n<p>Bisher seien mindestens 15.000 Pal\u00e4stinenser get\u00f6tet und weitere 30.000 verletzt worden.\u00a0<\/p>\n<blockquote>\n<p><em>&#8220;Dies ist ein vollwertiger Krieg gegen Pal\u00e4stina und seine Bev\u00f6lkerung&#8221;,<\/em><\/p>\n<\/blockquote>\n<p>sagte er und erg\u00e4nzte, dass die Massaker in Gaza Menschen und Nationen der ganzen Welt dazu gebracht h\u00e4tten, sich in Solidarit\u00e4t gegen das Unrecht zu versammeln.\u00a0<\/p>\n<p>Achtzig Prozent der Bev\u00f6lkerung Gazas, rund 1,8 Millionen Menschen, seien inzwischen zu Binnenfl\u00fcchtlingen geworden.<\/p>\n<p>Der Vertreter Israels behauptete, es gebe in der UN eine Voreingenommenheit gegen\u00fcber seinem Land. Er verglich die Geiselnahme von Israelis durch die Hamas mit dem Holocaust und warf der UN vor, darauf nicht angemessen zu reagieren.\u00a0<\/p>\n<p><strong>Mehr zum Thema<\/strong>\u00a0\u2013 <a rel=\"nofollow noopener\" target=\"_blank\" href=\"https:\/\/freedert.online\/kurzclips\/video\/188336-iran-zur-palaestinafrage-usa-sind-teil-des-problems\/\">Iran zur Pal\u00e4stinafrage: &#8220;USA sind Teil des Problems, nicht der L\u00f6sung&#8221;<\/a><\/p>\n<\/p>\n<\/div>\n<p><br \/>\n<br \/><a href=\"https:\/\/de.rt.com\/der-nahe-osten\/188403-un-generalversammlung-resolution-fordert-von\/\">Source link <\/a><\/p>\n","protected":false},"excerpt":{"rendered":"<p>In einer weiteren Resolution wird Israel aufgefordert, sein Besatzungsregime in den zu Syrien geh\u00f6renden Golanh\u00f6hen aufzugeben. Die UN-Debatte wurde von Berichten \u00fcber die Situation in Gaza dominiert. Die Generalversammlung ist besorgt angesichts der hohen Zahl ziviler Opfer. Gestern wurde von der UN-Generalversammlung eine nicht bindende Resolution verabschiedet, in der Israel zum R\u00fcckzug aus den von [&hellip;]<\/p>\n","protected":false},"author":3,"featured_media":50618,"comment_status":"open","ping_status":"open","sticky":false,"template":"","format":"standard","meta":{"_yoast_indexnow_last_ping":["1701280787"],"wp_automatic_camp":["217"],"18e425ad4d789c7474a9bc5a04d63c6c":["UN-Generalversammlung: Israel soll Besatzungsregime in den Golanh\u00f6hen aufgeben"],"original_link":["https:\/\/de.rt.com\/der-nahe-osten\/188403-un-generalversammlung-resolution-fordert-von\/"],"_thumbnail_id":["50618"],"_wptgpro_p2tg_sent2tg":["a:1:{i:23737;s:19:\"2023-11-29 20:00:47\";}"],"jnews_social_counter_last_update":["1776897461"]},"categories":[19,23],"tags":[22926,51113,48,784,432,766,48284],"yoast_head":"<!-- This site is optimized with the Yoast SEO Premium plugin v22.7 (Yoast SEO v22.7) - https:\/\/yoast.com\/wordpress\/plugins\/seo\/ -->\n<title>UN-Generalversammlung: Israel soll Besatzungsregime in den Golanh\u00f6hen aufgeben - just-now.NEWS Deutschland<\/title>\n<meta name=\"robots\" content=\"index, follow, max-snippet:-1, max-image-preview:large, max-video-preview:-1\" \/>\n<link rel=\"canonical\" href=\"https:\/\/now-news.de\/de\/deutschland\/un-generalversammlung-israel-soll-besatzungsregime-in-den-golanhoehen-aufgeben\/\" \/>\n<meta property=\"og:locale\" content=\"de_DE\" \/>\n<meta property=\"og:type\" content=\"article\" \/>\n<meta property=\"og:title\" content=\"UN-Generalversammlung: Israel soll Besatzungsregime in den Golanh\u00f6hen aufgeben\" \/>\n<meta property=\"og:description\" content=\"In einer weiteren Resolution wird Israel aufgefordert, sein Besatzungsregime in den zu Syrien geh\u00f6renden Golanh\u00f6hen aufzugeben. Die UN-Debatte wurde von Berichten \u00fcber die Situation in Gaza dominiert. Die Generalversammlung ist besorgt angesichts der hohen Zahl ziviler Opfer. Gestern wurde von der UN-Generalversammlung eine nicht bindende Resolution verabschiedet, in der Israel zum R\u00fcckzug aus den von [&hellip;]\" \/>\n<meta property=\"og:url\" content=\"https:\/\/now-news.de\/de\/deutschland\/un-generalversammlung-israel-soll-besatzungsregime-in-den-golanhoehen-aufgeben\/\" \/>\n<meta property=\"og:site_name\" content=\"just-now.NEWS Deutschland\" \/>\n<meta property=\"article:publisher\" content=\"https:\/\/www.facebook.com\/wirmachenauf\" \/>\n<meta property=\"article:published_time\" content=\"2023-11-29T17:57:08+00:00\" \/>\n<meta property=\"og:image\" content=\"https:\/\/now-news.de\/de\/wp-content\/uploads\/sites\/3\/2023\/11\/UN-Generalversammlung-Israel-soll-Besatzungsregime-in-den-Golanhoehen-aufgeben.jpg\" \/>\n\t<meta property=\"og:image:width\" content=\"460\" \/>\n\t<meta property=\"og:image:height\" content=\"259\" \/>\n\t<meta property=\"og:image:type\" content=\"image\/jpeg\" \/>\n<meta name=\"author\" content=\"rtnews\" \/>\n<meta name=\"twitter:card\" content=\"summary_large_image\" \/>\n<meta name=\"twitter:creator\" content=\"@WirMachenAuf_de\" \/>\n<meta name=\"twitter:site\" content=\"@WirMachenAuf_de\" \/>\n<meta name=\"twitter:label1\" content=\"Verfasst von\" \/>\n\t<meta name=\"twitter:data1\" content=\"rtnews\" \/>\n\t<meta name=\"twitter:label2\" content=\"Gesch\u00e4tzte Lesezeit\" \/>\n\t<meta name=\"twitter:data2\" content=\"3\u00a0Minuten\" \/>\n<script type=\"application\/ld+json\" class=\"yoast-schema-graph\">{\"@context\":\"https:\/\/schema.org\",\"@graph\":[{\"@type\":\"Article\",\"@id\":\"https:\/\/now-news.de\/de\/deutschland\/un-generalversammlung-israel-soll-besatzungsregime-in-den-golanhoehen-aufgeben\/#article\",\"isPartOf\":{\"@id\":\"https:\/\/now-news.de\/de\/deutschland\/un-generalversammlung-israel-soll-besatzungsregime-in-den-golanhoehen-aufgeben\/\"},\"author\":{\"name\":\"rtnews\",\"@id\":\"https:\/\/now-news.de\/de\/#\/schema\/person\/fb534a4e865501d8b3285208df34a9b5\"},\"headline\":\"UN-Generalversammlung: Israel soll Besatzungsregime in den Golanh\u00f6hen aufgeben\",\"datePublished\":\"2023-11-29T17:57:08+00:00\",\"dateModified\":\"2023-11-29T17:57:08+00:00\",\"mainEntityOfPage\":{\"@id\":\"https:\/\/now-news.de\/de\/deutschland\/un-generalversammlung-israel-soll-besatzungsregime-in-den-golanhoehen-aufgeben\/\"},\"wordCount\":592,\"commentCount\":0,\"publisher\":{\"@id\":\"https:\/\/now-news.de\/de\/#organization\"},\"image\":{\"@id\":\"https:\/\/now-news.de\/de\/deutschland\/un-generalversammlung-israel-soll-besatzungsregime-in-den-golanhoehen-aufgeben\/#primaryimage\"},\"thumbnailUrl\":\"https:\/\/now-news.de\/de\/wp-content\/uploads\/sites\/3\/2023\/11\/UN-Generalversammlung-Israel-soll-Besatzungsregime-in-den-Golanhoehen-aufgeben.jpg\",\"keywords\":[\"Aufgeben\",\"Besatzungsregime\",\"den\",\"GolanH\u00f6hen\",\"Israel\",\"soll\",\"UNGeneralversammlung\"],\"articleSection\":[\"Deutschland\",\"Russland\"],\"inLanguage\":\"de\",\"potentialAction\":[{\"@type\":\"CommentAction\",\"name\":\"Comment\",\"target\":[\"https:\/\/now-news.de\/de\/deutschland\/un-generalversammlung-israel-soll-besatzungsregime-in-den-golanhoehen-aufgeben\/#respond\"]}]},{\"@type\":\"WebPage\",\"@id\":\"https:\/\/now-news.de\/de\/deutschland\/un-generalversammlung-israel-soll-besatzungsregime-in-den-golanhoehen-aufgeben\/\",\"url\":\"https:\/\/now-news.de\/de\/deutschland\/un-generalversammlung-israel-soll-besatzungsregime-in-den-golanhoehen-aufgeben\/\",\"name\":\"UN-Generalversammlung: Israel soll Besatzungsregime in den Golanh\u00f6hen aufgeben - just-now.NEWS Deutschland\",\"isPartOf\":{\"@id\":\"https:\/\/now-news.de\/de\/#website\"},\"primaryImageOfPage\":{\"@id\":\"https:\/\/now-news.de\/de\/deutschland\/un-generalversammlung-israel-soll-besatzungsregime-in-den-golanhoehen-aufgeben\/#primaryimage\"},\"image\":{\"@id\":\"https:\/\/now-news.de\/de\/deutschland\/un-generalversammlung-israel-soll-besatzungsregime-in-den-golanhoehen-aufgeben\/#primaryimage\"},\"thumbnailUrl\":\"https:\/\/now-news.de\/de\/wp-content\/uploads\/sites\/3\/2023\/11\/UN-Generalversammlung-Israel-soll-Besatzungsregime-in-den-Golanhoehen-aufgeben.jpg\",\"datePublished\":\"2023-11-29T17:57:08+00:00\",\"dateModified\":\"2023-11-29T17:57:08+00:00\",\"breadcrumb\":{\"@id\":\"https:\/\/now-news.de\/de\/deutschland\/un-generalversammlung-israel-soll-besatzungsregime-in-den-golanhoehen-aufgeben\/#breadcrumb\"},\"inLanguage\":\"de\",\"potentialAction\":[{\"@type\":\"ReadAction\",\"target\":[\"https:\/\/now-news.de\/de\/deutschland\/un-generalversammlung-israel-soll-besatzungsregime-in-den-golanhoehen-aufgeben\/\"]}]},{\"@type\":\"ImageObject\",\"inLanguage\":\"de\",\"@id\":\"https:\/\/now-news.de\/de\/deutschland\/un-generalversammlung-israel-soll-besatzungsregime-in-den-golanhoehen-aufgeben\/#primaryimage\",\"url\":\"https:\/\/now-news.de\/de\/wp-content\/uploads\/sites\/3\/2023\/11\/UN-Generalversammlung-Israel-soll-Besatzungsregime-in-den-Golanhoehen-aufgeben.jpg\",\"contentUrl\":\"https:\/\/now-news.de\/de\/wp-content\/uploads\/sites\/3\/2023\/11\/UN-Generalversammlung-Israel-soll-Besatzungsregime-in-den-Golanhoehen-aufgeben.jpg\",\"width\":460,\"height\":259,\"caption\":\"UN-Generalversammlung: Israel soll Besatzungsregime in den Golanh\u00f6hen aufgeben\"},{\"@type\":\"BreadcrumbList\",\"@id\":\"https:\/\/now-news.de\/de\/deutschland\/un-generalversammlung-israel-soll-besatzungsregime-in-den-golanhoehen-aufgeben\/#breadcrumb\",\"itemListElement\":[{\"@type\":\"ListItem\",\"position\":1,\"name\":\"Home\",\"item\":\"https:\/\/now-news.de\/de\/\"},{\"@type\":\"ListItem\",\"position\":2,\"name\":\"UN-Generalversammlung: Israel soll Besatzungsregime in den Golanh\u00f6hen aufgeben\"}]},{\"@type\":\"WebSite\",\"@id\":\"https:\/\/now-news.de\/de\/#website\",\"url\":\"https:\/\/now-news.de\/de\/\",\"name\":\"just-now.NEWS Deutschland\",\"description\":\"Das Portal f\u00fcr unzensierte Nachrichten aus der Welt\",\"publisher\":{\"@id\":\"https:\/\/now-news.de\/de\/#organization\"},\"potentialAction\":[{\"@type\":\"SearchAction\",\"target\":{\"@type\":\"EntryPoint\",\"urlTemplate\":\"https:\/\/now-news.de\/de\/?s={search_term_string}\"},\"query-input\":\"required name=search_term_string\"}],\"inLanguage\":\"de\"},{\"@type\":\"Organization\",\"@id\":\"https:\/\/now-news.de\/de\/#organization\",\"name\":\"Just Now News\",\"url\":\"https:\/\/now-news.de\/de\/\",\"logo\":{\"@type\":\"ImageObject\",\"inLanguage\":\"de\",\"@id\":\"https:\/\/now-news.de\/de\/#\/schema\/logo\/image\/\",\"url\":\"http:\/\/just-now.news\/de\/wp-content\/uploads\/sites\/3\/2022\/04\/logo500x500.jpg\",\"contentUrl\":\"http:\/\/just-now.news\/de\/wp-content\/uploads\/sites\/3\/2022\/04\/logo500x500.jpg\",\"width\":500,\"height\":500,\"caption\":\"Just Now News\"},\"image\":{\"@id\":\"https:\/\/now-news.de\/de\/#\/schema\/logo\/image\/\"},\"sameAs\":[\"https:\/\/www.facebook.com\/wirmachenauf\",\"https:\/\/x.com\/WirMachenAuf_de\"]},{\"@type\":\"Person\",\"@id\":\"https:\/\/now-news.de\/de\/#\/schema\/person\/fb534a4e865501d8b3285208df34a9b5\",\"name\":\"rtnews\",\"image\":{\"@type\":\"ImageObject\",\"inLanguage\":\"de\",\"@id\":\"https:\/\/now-news.de\/de\/#\/schema\/person\/image\/\",\"url\":\"https:\/\/secure.gravatar.com\/avatar\/82aafea7d8127119dd649515f56e2117?s=96&d=mm&r=g\",\"contentUrl\":\"https:\/\/secure.gravatar.com\/avatar\/82aafea7d8127119dd649515f56e2117?s=96&d=mm&r=g\",\"caption\":\"rtnews\"},\"url\":\"https:\/\/now-news.de\/de\/author\/rnews\/\"}]}<\/script>\n<!-- \/ Yoast SEO Premium plugin. -->","yoast_head_json":{"title":"UN-Generalversammlung: Israel soll Besatzungsregime in den Golanh\u00f6hen aufgeben - just-now.NEWS Deutschland","robots":{"index":"index","follow":"follow","max-snippet":"max-snippet:-1","max-image-preview":"max-image-preview:large","max-video-preview":"max-video-preview:-1"},"canonical":"https:\/\/now-news.de\/de\/deutschland\/un-generalversammlung-israel-soll-besatzungsregime-in-den-golanhoehen-aufgeben\/","og_locale":"de_DE","og_type":"article","og_title":"UN-Generalversammlung: Israel soll Besatzungsregime in den Golanh\u00f6hen aufgeben","og_description":"In einer weiteren Resolution wird Israel aufgefordert, sein Besatzungsregime in den zu Syrien geh\u00f6renden Golanh\u00f6hen aufzugeben. Die UN-Debatte wurde von Berichten \u00fcber die Situation in Gaza dominiert. Die Generalversammlung ist besorgt angesichts der hohen Zahl ziviler Opfer. Gestern wurde von der UN-Generalversammlung eine nicht bindende Resolution verabschiedet, in der Israel zum R\u00fcckzug aus den von [&hellip;]","og_url":"https:\/\/now-news.de\/de\/deutschland\/un-generalversammlung-israel-soll-besatzungsregime-in-den-golanhoehen-aufgeben\/","og_site_name":"just-now.NEWS Deutschland","article_publisher":"https:\/\/www.facebook.com\/wirmachenauf","article_published_time":"2023-11-29T17:57:08+00:00","og_image":[{"width":460,"height":259,"url":"https:\/\/now-news.de\/de\/wp-content\/uploads\/sites\/3\/2023\/11\/UN-Generalversammlung-Israel-soll-Besatzungsregime-in-den-Golanhoehen-aufgeben.jpg","type":"image\/jpeg"}],"author":"rtnews","twitter_card":"summary_large_image","twitter_creator":"@WirMachenAuf_de","twitter_site":"@WirMachenAuf_de","twitter_misc":{"Verfasst von":"rtnews","Gesch\u00e4tzte Lesezeit":"3\u00a0Minuten"},"schema":{"@context":"https:\/\/schema.org","@graph":[{"@type":"Article","@id":"https:\/\/now-news.de\/de\/deutschland\/un-generalversammlung-israel-soll-besatzungsregime-in-den-golanhoehen-aufgeben\/#article","isPartOf":{"@id":"https:\/\/now-news.de\/de\/deutschland\/un-generalversammlung-israel-soll-besatzungsregime-in-den-golanhoehen-aufgeben\/"},"author":{"name":"rtnews","@id":"https:\/\/now-news.de\/de\/#\/schema\/person\/fb534a4e865501d8b3285208df34a9b5"},"headline":"UN-Generalversammlung: Israel soll Besatzungsregime in den Golanh\u00f6hen aufgeben","datePublished":"2023-11-29T17:57:08+00:00","dateModified":"2023-11-29T17:57:08+00:00","mainEntityOfPage":{"@id":"https:\/\/now-news.de\/de\/deutschland\/un-generalversammlung-israel-soll-besatzungsregime-in-den-golanhoehen-aufgeben\/"},"wordCount":592,"commentCount":0,"publisher":{"@id":"https:\/\/now-news.de\/de\/#organization"},"image":{"@id":"https:\/\/now-news.de\/de\/deutschland\/un-generalversammlung-israel-soll-besatzungsregime-in-den-golanhoehen-aufgeben\/#primaryimage"},"thumbnailUrl":"https:\/\/now-news.de\/de\/wp-content\/uploads\/sites\/3\/2023\/11\/UN-Generalversammlung-Israel-soll-Besatzungsregime-in-den-Golanhoehen-aufgeben.jpg","keywords":["Aufgeben","Besatzungsregime","den","GolanH\u00f6hen","Israel","soll","UNGeneralversammlung"],"articleSection":["Deutschland","Russland"],"inLanguage":"de","potentialAction":[{"@type":"CommentAction","name":"Comment","target":["https:\/\/now-news.de\/de\/deutschland\/un-generalversammlung-israel-soll-besatzungsregime-in-den-golanhoehen-aufgeben\/#respond"]}]},{"@type":"WebPage","@id":"https:\/\/now-news.de\/de\/deutschland\/un-generalversammlung-israel-soll-besatzungsregime-in-den-golanhoehen-aufgeben\/","url":"https:\/\/now-news.de\/de\/deutschland\/un-generalversammlung-israel-soll-besatzungsregime-in-den-golanhoehen-aufgeben\/","name":"UN-Generalversammlung: Israel soll Besatzungsregime in den Golanh\u00f6hen aufgeben - just-now.NEWS Deutschland","isPartOf":{"@id":"https:\/\/now-news.de\/de\/#website"},"primaryImageOfPage":{"@id":"https:\/\/now-news.de\/de\/deutschland\/un-generalversammlung-israel-soll-besatzungsregime-in-den-golanhoehen-aufgeben\/#primaryimage"},"image":{"@id":"https:\/\/now-news.de\/de\/deutschland\/un-generalversammlung-israel-soll-besatzungsregime-in-den-golanhoehen-aufgeben\/#primaryimage"},"thumbnailUrl":"https:\/\/now-news.de\/de\/wp-content\/uploads\/sites\/3\/2023\/11\/UN-Generalversammlung-Israel-soll-Besatzungsregime-in-den-Golanhoehen-aufgeben.jpg","datePublished":"2023-11-29T17:57:08+00:00","dateModified":"2023-11-29T17:57:08+00:00","breadcrumb":{"@id":"https:\/\/now-news.de\/de\/deutschland\/un-generalversammlung-israel-soll-besatzungsregime-in-den-golanhoehen-aufgeben\/#breadcrumb"},"inLanguage":"de","potentialAction":[{"@type":"ReadAction","target":["https:\/\/now-news.de\/de\/deutschland\/un-generalversammlung-israel-soll-besatzungsregime-in-den-golanhoehen-aufgeben\/"]}]},{"@type":"ImageObject","inLanguage":"de","@id":"https:\/\/now-news.de\/de\/deutschland\/un-generalversammlung-israel-soll-besatzungsregime-in-den-golanhoehen-aufgeben\/#primaryimage","url":"https:\/\/now-news.de\/de\/wp-content\/uploads\/sites\/3\/2023\/11\/UN-Generalversammlung-Israel-soll-Besatzungsregime-in-den-Golanhoehen-aufgeben.jpg","contentUrl":"https:\/\/now-news.de\/de\/wp-content\/uploads\/sites\/3\/2023\/11\/UN-Generalversammlung-Israel-soll-Besatzungsregime-in-den-Golanhoehen-aufgeben.jpg","width":460,"height":259,"caption":"UN-Generalversammlung: Israel soll Besatzungsregime in den Golanh\u00f6hen aufgeben"},{"@type":"BreadcrumbList","@id":"https:\/\/now-news.de\/de\/deutschland\/un-generalversammlung-israel-soll-besatzungsregime-in-den-golanhoehen-aufgeben\/#breadcrumb","itemListElement":[{"@type":"ListItem","position":1,"name":"Home","item":"https:\/\/now-news.de\/de\/"},{"@type":"ListItem","position":2,"name":"UN-Generalversammlung: Israel soll Besatzungsregime in den Golanh\u00f6hen aufgeben"}]},{"@type":"WebSite","@id":"https:\/\/now-news.de\/de\/#website","url":"https:\/\/now-news.de\/de\/","name":"just-now.NEWS Deutschland","description":"Das Portal f\u00fcr unzensierte Nachrichten aus der Welt","publisher":{"@id":"https:\/\/now-news.de\/de\/#organization"},"potentialAction":[{"@type":"SearchAction","target":{"@type":"EntryPoint","urlTemplate":"https:\/\/now-news.de\/de\/?s={search_term_string}"},"query-input":"required name=search_term_string"}],"inLanguage":"de"},{"@type":"Organization","@id":"https:\/\/now-news.de\/de\/#organization","name":"Just Now News","url":"https:\/\/now-news.de\/de\/","logo":{"@type":"ImageObject","inLanguage":"de","@id":"https:\/\/now-news.de\/de\/#\/schema\/logo\/image\/","url":"http:\/\/just-now.news\/de\/wp-content\/uploads\/sites\/3\/2022\/04\/logo500x500.jpg","contentUrl":"http:\/\/just-now.news\/de\/wp-content\/uploads\/sites\/3\/2022\/04\/logo500x500.jpg","width":500,"height":500,"caption":"Just Now News"},"image":{"@id":"https:\/\/now-news.de\/de\/#\/schema\/logo\/image\/"},"sameAs":["https:\/\/www.facebook.com\/wirmachenauf","https:\/\/x.com\/WirMachenAuf_de"]},{"@type":"Person","@id":"https:\/\/now-news.de\/de\/#\/schema\/person\/fb534a4e865501d8b3285208df34a9b5","name":"rtnews","image":{"@type":"ImageObject","inLanguage":"de","@id":"https:\/\/now-news.de\/de\/#\/schema\/person\/image\/","url":"https:\/\/secure.gravatar.com\/avatar\/82aafea7d8127119dd649515f56e2117?s=96&d=mm&r=g","contentUrl":"https:\/\/secure.gravatar.com\/avatar\/82aafea7d8127119dd649515f56e2117?s=96&d=mm&r=g","caption":"rtnews"},"url":"https:\/\/now-news.de\/de\/author\/rnews\/"}]}},"_links":{"self":[{"href":"https:\/\/now-news.de\/de\/wp-json\/wp\/v2\/posts\/50617"}],"collection":[{"href":"https:\/\/now-news.de\/de\/wp-json\/wp\/v2\/posts"}],"about":[{"href":"https:\/\/now-news.de\/de\/wp-json\/wp\/v2\/types\/post"}],"author":[{"embeddable":true,"href":"https:\/\/now-news.de\/de\/wp-json\/wp\/v2\/users\/3"}],"replies":[{"embeddable":true,"href":"https:\/\/now-news.de\/de\/wp-json\/wp\/v2\/comments?post=50617"}],"version-history":[{"count":0,"href":"https:\/\/now-news.de\/de\/wp-json\/wp\/v2\/posts\/50617\/revisions"}],"wp:featuredmedia":[{"embeddable":true,"href":"https:\/\/now-news.de\/de\/wp-json\/wp\/v2\/media\/50618"}],"wp:attachment":[{"href":"https:\/\/now-news.de\/de\/wp-json\/wp\/v2\/media?parent=50617"}],"wp:term":[{"taxonomy":"category","embeddable":true,"href":"https:\/\/now-news.de\/de\/wp-json\/wp\/v2\/categories?post=50617"},{"taxonomy":"post_tag","embeddable":true,"href":"https:\/\/now-news.de\/de\/wp-json\/wp\/v2\/tags?post=50617"}],"curies":[{"name":"wp","href":"https:\/\/api.w.org\/{rel}","templated":true}]}}