{"id":50615,"date":"2023-11-29T19:42:21","date_gmt":"2023-11-29T17:42:21","guid":{"rendered":"https:\/\/just-now.news\/de\/deutschland\/massaker-im-gaza-streifen-erdogan-nennt-netanjahu-schlaechter-von-gaza\/"},"modified":"2023-11-29T19:42:21","modified_gmt":"2023-11-29T17:42:21","slug":"massaker-im-gaza-streifen-erdogan-nennt-netanjahu-schlaechter-von-gaza","status":"publish","type":"post","link":"https:\/\/now-news.de\/de\/deutschland\/massaker-im-gaza-streifen-erdogan-nennt-netanjahu-schlaechter-von-gaza\/","title":{"rendered":"Massaker im Gaza-Streifen: Erdo\u011fan nennt Netanjahu &quot;Schl\u00e4chter von Gaza&quot;"},"content":{"rendered":"<p><img decoding=\"async\" src=\"http:\/\/just-now.news\/de\/wp-content\/uploads\/sites\/3\/2023\/11\/656763bab480cc06ac19ca87.jpg\" \/><\/p>\n<div class=\"Text-root Text-type_1 \">\n                Der t\u00fcrkische Pr\u00e4sident attackiert den israelischen Ministerpr\u00e4sidenten mit scharfen Worten. Die Offensive Israels im Gazastreifen mit bislang bereits zehntausenden Toten sei ein &#8220;Schandfleck&#8221;.\n            <\/div>\n<p><\/p>\n<div class=\"Text-root Text-type_5 ArticleView-text ViewText-root \">\n<p>Der t\u00fcrkische Pr\u00e4sident Recep Tayyip Erdo\u011fan\u00a0hat den israelischen Ministerpr\u00e4sidenten Benjamin Netanjahu pers\u00f6nlich zum Verantwortlichen f\u00fcr das Massaker im Gazastreifen erkl\u00e4rt. &#8220;Netanjahu, der eine der gr\u00f6\u00dften Gr\u00e4ueltaten des letzten Jahrhunderts begangen hat, ist bereits als Schl\u00e4chter von Gaza in die Geschichte eingegangen&#8221;, sagte Erdo\u011fan\u00a0am Mittwoch in Ankara. Dieser &#8220;Schandfleck&#8221; hafte nicht nur an Netanjahu, sondern auch jenen, die ihn bedingungslos unterst\u00fctzt haben.<\/p>\n<p>Erdo\u011fan warf dem israelischen Regierungschef zudem vor, mit seinen \u00c4u\u00dferungen \u00fcber die &#8220;Vernichtung&#8221; der Hamas Hoffnungen zu schm\u00e4lern, &#8220;dass die humanit\u00e4re Pause in einen dauerhaften Waffenstillstand umgewandelt werden kann&#8221;. Er\u00a0sagte, die \u00c4u\u00dferungen der israelischen Regierung lie\u00dfen nicht darauf hoffen, dass die aktuelle Feuerpause in einen langfristigen Waffenstillstand m\u00fcnden werde. Netanjahu hatte in einem am Dienstag\u00a0ver\u00f6ffentlichten Interview\u00a0das Ziel der milit\u00e4rischen Zerst\u00f6rung der Hamas im Gazastreifen bekr\u00e4ftigt, sobald die derzeitige Feuerpause beendet ist.<\/p>\n<p>Der t\u00fcrkische Pr\u00e4sident\u00a0warf Netanjahu\u00a0vor, damit den Antisemitismus zu f\u00f6rdern. Netanjahu gef\u00e4hrde durch &#8220;die Morde, die er in Gaza begeht die Sicherheit aller Juden weltweit&#8221;, sagte der t\u00fcrkische Staatschef in einer vom Fernsehen \u00fcbertragenen Ansprache im t\u00fcrkischen Parlament.\u00a0<\/p>\n<p>Seit dem \u00dcberfall der Hamas auf Israel am 7. Oktober und den folgenden brutalen Angriffen der Israelischen Verteidigungsstreitkr\u00e4fte (IDF) auf den Gazastreifen hat der t\u00fcrkische Pr\u00e4sident wiederholt Netanjahus Regierung attackiert. Erdo\u011fan\u00a0brandmarkte Israel als einen &#8220;Terrorstaat&#8221;, die Hamas hingegen bezeichnete er als eine &#8220;Befreiungsorganisation&#8221;.\u00a0<\/p>\n<p>Erdo\u011fans scharfe Rhetorik belastet derzeit erneut die Beziehungen zwischen beiden L\u00e4ndern. Beide Seiten hatten im vergangenen Jahr nach langer diplomatischer Eiszeit wieder Botschafter in das jeweils andere Land entsandt. Sie hatten zudem die Entwicklung engerer Handelsbeziehungen und die Zusammenarbeit an neuen Energieprojekten er\u00f6rtert.<\/p>\n<p><strong>Mehr zum Thema<\/strong> &#8211; <a rel=\"nofollow noopener\" target=\"_blank\" href=\"https:\/\/freeassange.rtde.life\/der-nahe-osten\/188277-trotz-sieges-narrativ-idf-hamas\/\">Israel meldet Siege \u2013 doch Hamas-K\u00e4mpfer kontrollieren weiterhin Gaza-Stadt<\/a><\/p>\n<div class=\"EmbedBlock-root EmbedBlock-externalVideo EmbedBlock-odysee\">\n<div class=\"VkEmbed\"><iframe class=\"lazyload\" data-src=\"https:\/\/odysee.com\/%24\/embed\/%40RTDE%3Ae%2FIran-zur-Pal%C3%A4stinafrage-USA-sind-Teil-des-Problems%2C-nicht-der-L%C3%B6sung%3A9\" frameborder=\"0\" width=\"853\" height=\"480\" allowfullscreen><\/iframe><\/div>\n<\/div>\n<\/div>\n<p><br \/>\n<br \/><a href=\"https:\/\/de.rt.com\/der-nahe-osten\/188422-massaker-im-gaza-streifen-erdogan\/\">Source link <\/a><\/p>\n","protected":false},"excerpt":{"rendered":"<p>Der t\u00fcrkische Pr\u00e4sident attackiert den israelischen Ministerpr\u00e4sidenten mit scharfen Worten. Die Offensive Israels im Gazastreifen mit bislang bereits zehntausenden Toten sei ein &#8220;Schandfleck&#8221;. Der t\u00fcrkische Pr\u00e4sident Recep Tayyip Erdo\u011fan\u00a0hat den israelischen Ministerpr\u00e4sidenten Benjamin Netanjahu pers\u00f6nlich zum Verantwortlichen f\u00fcr das Massaker im Gazastreifen erkl\u00e4rt. &#8220;Netanjahu, der eine der gr\u00f6\u00dften Gr\u00e4ueltaten des letzten Jahrhunderts begangen hat, ist [&hellip;]<\/p>\n","protected":false},"author":3,"featured_media":50616,"comment_status":"open","ping_status":"open","sticky":false,"template":"","format":"standard","meta":{"_yoast_indexnow_last_ping":["1701279837"],"wp_automatic_camp":["217"],"a0e40b8e6607800e3f36adcc6eae63a2":["Massaker im Gaza-Streifen: Erdo\u011fan nennt Netanjahu &quot;Schl\u00e4chter von Gaza&quot;"],"original_link":["https:\/\/de.rt.com\/der-nahe-osten\/188422-massaker-im-gaza-streifen-erdogan\/"],"_thumbnail_id":["50616"],"_wptgpro_p2tg_sent2tg":["a:1:{i:23737;s:19:\"2023-11-29 19:45:00\";}"],"jnews_social_counter_last_update":["1777422348"]},"categories":[19,23],"tags":[13697,50187,5831,7538,6986,21113,51112,50],"yoast_head":"<!-- This site is optimized with the Yoast SEO Premium plugin v22.7 (Yoast SEO v22.7) - https:\/\/yoast.com\/wordpress\/plugins\/seo\/ -->\n<title>Massaker im Gaza-Streifen: Erdo\u011fan nennt Netanjahu &quot;Schl\u00e4chter von Gaza&quot; - just-now.NEWS Deutschland<\/title>\n<meta name=\"robots\" content=\"index, follow, max-snippet:-1, max-image-preview:large, max-video-preview:-1\" \/>\n<link rel=\"canonical\" href=\"https:\/\/now-news.de\/de\/deutschland\/massaker-im-gaza-streifen-erdogan-nennt-netanjahu-schlaechter-von-gaza\/\" \/>\n<meta property=\"og:locale\" content=\"de_DE\" \/>\n<meta property=\"og:type\" content=\"article\" \/>\n<meta property=\"og:title\" content=\"Massaker im Gaza-Streifen: Erdo\u011fan nennt Netanjahu &quot;Schl\u00e4chter von Gaza&quot;\" \/>\n<meta property=\"og:description\" content=\"Der t\u00fcrkische Pr\u00e4sident attackiert den israelischen Ministerpr\u00e4sidenten mit scharfen Worten. Die Offensive Israels im Gazastreifen mit bislang bereits zehntausenden Toten sei ein &#8220;Schandfleck&#8221;. Der t\u00fcrkische Pr\u00e4sident Recep Tayyip Erdo\u011fan\u00a0hat den israelischen Ministerpr\u00e4sidenten Benjamin Netanjahu pers\u00f6nlich zum Verantwortlichen f\u00fcr das Massaker im Gazastreifen erkl\u00e4rt. &#8220;Netanjahu, der eine der gr\u00f6\u00dften Gr\u00e4ueltaten des letzten Jahrhunderts begangen hat, ist [&hellip;]\" \/>\n<meta property=\"og:url\" content=\"https:\/\/now-news.de\/de\/deutschland\/massaker-im-gaza-streifen-erdogan-nennt-netanjahu-schlaechter-von-gaza\/\" \/>\n<meta property=\"og:site_name\" content=\"just-now.NEWS Deutschland\" \/>\n<meta property=\"article:publisher\" content=\"https:\/\/www.facebook.com\/wirmachenauf\" \/>\n<meta property=\"article:published_time\" content=\"2023-11-29T17:42:21+00:00\" \/>\n<meta property=\"og:image\" content=\"https:\/\/now-news.de\/de\/wp-content\/uploads\/sites\/3\/2023\/11\/Massaker-im-Gaza-Streifen-Erdogan-nennt-Netanjahu-quotSchlaechter-von-Gazaquot.jpg\" \/>\n\t<meta property=\"og:image:width\" content=\"460\" \/>\n\t<meta property=\"og:image:height\" content=\"259\" \/>\n\t<meta property=\"og:image:type\" content=\"image\/jpeg\" \/>\n<meta name=\"author\" content=\"rtnews\" \/>\n<meta name=\"twitter:card\" content=\"summary_large_image\" \/>\n<meta name=\"twitter:creator\" content=\"@WirMachenAuf_de\" \/>\n<meta name=\"twitter:site\" content=\"@WirMachenAuf_de\" \/>\n<meta name=\"twitter:label1\" content=\"Verfasst von\" \/>\n\t<meta name=\"twitter:data1\" content=\"rtnews\" \/>\n\t<meta name=\"twitter:label2\" content=\"Gesch\u00e4tzte Lesezeit\" \/>\n\t<meta name=\"twitter:data2\" content=\"2\u00a0Minuten\" \/>\n<script type=\"application\/ld+json\" class=\"yoast-schema-graph\">{\"@context\":\"https:\/\/schema.org\",\"@graph\":[{\"@type\":\"Article\",\"@id\":\"https:\/\/now-news.de\/de\/deutschland\/massaker-im-gaza-streifen-erdogan-nennt-netanjahu-schlaechter-von-gaza\/#article\",\"isPartOf\":{\"@id\":\"https:\/\/now-news.de\/de\/deutschland\/massaker-im-gaza-streifen-erdogan-nennt-netanjahu-schlaechter-von-gaza\/\"},\"author\":{\"name\":\"rtnews\",\"@id\":\"https:\/\/now-news.de\/de\/#\/schema\/person\/fb534a4e865501d8b3285208df34a9b5\"},\"headline\":\"Massaker im Gaza-Streifen: Erdo\u011fan nennt Netanjahu &quot;Schl\u00e4chter von Gaza&quot;\",\"datePublished\":\"2023-11-29T17:42:21+00:00\",\"dateModified\":\"2023-11-29T17:42:21+00:00\",\"mainEntityOfPage\":{\"@id\":\"https:\/\/now-news.de\/de\/deutschland\/massaker-im-gaza-streifen-erdogan-nennt-netanjahu-schlaechter-von-gaza\/\"},\"wordCount\":353,\"commentCount\":0,\"publisher\":{\"@id\":\"https:\/\/now-news.de\/de\/#organization\"},\"image\":{\"@id\":\"https:\/\/now-news.de\/de\/deutschland\/massaker-im-gaza-streifen-erdogan-nennt-netanjahu-schlaechter-von-gaza\/#primaryimage\"},\"thumbnailUrl\":\"https:\/\/now-news.de\/de\/wp-content\/uploads\/sites\/3\/2023\/11\/Massaker-im-Gaza-Streifen-Erdogan-nennt-Netanjahu-quotSchlaechter-von-Gazaquot.jpg\",\"keywords\":[\"Erdo\u011fan\",\"Gazaquot\",\"Gazastreifen\",\"Massaker\",\"nennt\",\"Netanjahu\",\"quotSchl\u00e4chter\",\"von\"],\"articleSection\":[\"Deutschland\",\"Russland\"],\"inLanguage\":\"de\",\"potentialAction\":[{\"@type\":\"CommentAction\",\"name\":\"Comment\",\"target\":[\"https:\/\/now-news.de\/de\/deutschland\/massaker-im-gaza-streifen-erdogan-nennt-netanjahu-schlaechter-von-gaza\/#respond\"]}]},{\"@type\":\"WebPage\",\"@id\":\"https:\/\/now-news.de\/de\/deutschland\/massaker-im-gaza-streifen-erdogan-nennt-netanjahu-schlaechter-von-gaza\/\",\"url\":\"https:\/\/now-news.de\/de\/deutschland\/massaker-im-gaza-streifen-erdogan-nennt-netanjahu-schlaechter-von-gaza\/\",\"name\":\"Massaker im Gaza-Streifen: Erdo\u011fan nennt Netanjahu &quot;Schl\u00e4chter von Gaza&quot; - just-now.NEWS Deutschland\",\"isPartOf\":{\"@id\":\"https:\/\/now-news.de\/de\/#website\"},\"primaryImageOfPage\":{\"@id\":\"https:\/\/now-news.de\/de\/deutschland\/massaker-im-gaza-streifen-erdogan-nennt-netanjahu-schlaechter-von-gaza\/#primaryimage\"},\"image\":{\"@id\":\"https:\/\/now-news.de\/de\/deutschland\/massaker-im-gaza-streifen-erdogan-nennt-netanjahu-schlaechter-von-gaza\/#primaryimage\"},\"thumbnailUrl\":\"https:\/\/now-news.de\/de\/wp-content\/uploads\/sites\/3\/2023\/11\/Massaker-im-Gaza-Streifen-Erdogan-nennt-Netanjahu-quotSchlaechter-von-Gazaquot.jpg\",\"datePublished\":\"2023-11-29T17:42:21+00:00\",\"dateModified\":\"2023-11-29T17:42:21+00:00\",\"breadcrumb\":{\"@id\":\"https:\/\/now-news.de\/de\/deutschland\/massaker-im-gaza-streifen-erdogan-nennt-netanjahu-schlaechter-von-gaza\/#breadcrumb\"},\"inLanguage\":\"de\",\"potentialAction\":[{\"@type\":\"ReadAction\",\"target\":[\"https:\/\/now-news.de\/de\/deutschland\/massaker-im-gaza-streifen-erdogan-nennt-netanjahu-schlaechter-von-gaza\/\"]}]},{\"@type\":\"ImageObject\",\"inLanguage\":\"de\",\"@id\":\"https:\/\/now-news.de\/de\/deutschland\/massaker-im-gaza-streifen-erdogan-nennt-netanjahu-schlaechter-von-gaza\/#primaryimage\",\"url\":\"https:\/\/now-news.de\/de\/wp-content\/uploads\/sites\/3\/2023\/11\/Massaker-im-Gaza-Streifen-Erdogan-nennt-Netanjahu-quotSchlaechter-von-Gazaquot.jpg\",\"contentUrl\":\"https:\/\/now-news.de\/de\/wp-content\/uploads\/sites\/3\/2023\/11\/Massaker-im-Gaza-Streifen-Erdogan-nennt-Netanjahu-quotSchlaechter-von-Gazaquot.jpg\",\"width\":460,\"height\":259,\"caption\":\"Massaker im Gaza-Streifen: Erdo\u011fan nennt Netanjahu &quot;Schl\u00e4chter von Gaza&quot;\"},{\"@type\":\"BreadcrumbList\",\"@id\":\"https:\/\/now-news.de\/de\/deutschland\/massaker-im-gaza-streifen-erdogan-nennt-netanjahu-schlaechter-von-gaza\/#breadcrumb\",\"itemListElement\":[{\"@type\":\"ListItem\",\"position\":1,\"name\":\"Home\",\"item\":\"https:\/\/now-news.de\/de\/\"},{\"@type\":\"ListItem\",\"position\":2,\"name\":\"Massaker im Gaza-Streifen: Erdo\u011fan nennt Netanjahu &quot;Schl\u00e4chter von Gaza&quot;\"}]},{\"@type\":\"WebSite\",\"@id\":\"https:\/\/now-news.de\/de\/#website\",\"url\":\"https:\/\/now-news.de\/de\/\",\"name\":\"just-now.NEWS Deutschland\",\"description\":\"Das Portal f\u00fcr unzensierte Nachrichten aus der Welt\",\"publisher\":{\"@id\":\"https:\/\/now-news.de\/de\/#organization\"},\"potentialAction\":[{\"@type\":\"SearchAction\",\"target\":{\"@type\":\"EntryPoint\",\"urlTemplate\":\"https:\/\/now-news.de\/de\/?s={search_term_string}\"},\"query-input\":\"required name=search_term_string\"}],\"inLanguage\":\"de\"},{\"@type\":\"Organization\",\"@id\":\"https:\/\/now-news.de\/de\/#organization\",\"name\":\"Just Now News\",\"url\":\"https:\/\/now-news.de\/de\/\",\"logo\":{\"@type\":\"ImageObject\",\"inLanguage\":\"de\",\"@id\":\"https:\/\/now-news.de\/de\/#\/schema\/logo\/image\/\",\"url\":\"http:\/\/just-now.news\/de\/wp-content\/uploads\/sites\/3\/2022\/04\/logo500x500.jpg\",\"contentUrl\":\"http:\/\/just-now.news\/de\/wp-content\/uploads\/sites\/3\/2022\/04\/logo500x500.jpg\",\"width\":500,\"height\":500,\"caption\":\"Just Now News\"},\"image\":{\"@id\":\"https:\/\/now-news.de\/de\/#\/schema\/logo\/image\/\"},\"sameAs\":[\"https:\/\/www.facebook.com\/wirmachenauf\",\"https:\/\/x.com\/WirMachenAuf_de\"]},{\"@type\":\"Person\",\"@id\":\"https:\/\/now-news.de\/de\/#\/schema\/person\/fb534a4e865501d8b3285208df34a9b5\",\"name\":\"rtnews\",\"image\":{\"@type\":\"ImageObject\",\"inLanguage\":\"de\",\"@id\":\"https:\/\/now-news.de\/de\/#\/schema\/person\/image\/\",\"url\":\"https:\/\/secure.gravatar.com\/avatar\/82aafea7d8127119dd649515f56e2117?s=96&d=mm&r=g\",\"contentUrl\":\"https:\/\/secure.gravatar.com\/avatar\/82aafea7d8127119dd649515f56e2117?s=96&d=mm&r=g\",\"caption\":\"rtnews\"},\"url\":\"https:\/\/now-news.de\/de\/author\/rnews\/\"}]}<\/script>\n<!-- \/ Yoast SEO Premium plugin. -->","yoast_head_json":{"title":"Massaker im Gaza-Streifen: Erdo\u011fan nennt Netanjahu &quot;Schl\u00e4chter von Gaza&quot; - just-now.NEWS Deutschland","robots":{"index":"index","follow":"follow","max-snippet":"max-snippet:-1","max-image-preview":"max-image-preview:large","max-video-preview":"max-video-preview:-1"},"canonical":"https:\/\/now-news.de\/de\/deutschland\/massaker-im-gaza-streifen-erdogan-nennt-netanjahu-schlaechter-von-gaza\/","og_locale":"de_DE","og_type":"article","og_title":"Massaker im Gaza-Streifen: Erdo\u011fan nennt Netanjahu &quot;Schl\u00e4chter von Gaza&quot;","og_description":"Der t\u00fcrkische Pr\u00e4sident attackiert den israelischen Ministerpr\u00e4sidenten mit scharfen Worten. Die Offensive Israels im Gazastreifen mit bislang bereits zehntausenden Toten sei ein &#8220;Schandfleck&#8221;. Der t\u00fcrkische Pr\u00e4sident Recep Tayyip Erdo\u011fan\u00a0hat den israelischen Ministerpr\u00e4sidenten Benjamin Netanjahu pers\u00f6nlich zum Verantwortlichen f\u00fcr das Massaker im Gazastreifen erkl\u00e4rt. &#8220;Netanjahu, der eine der gr\u00f6\u00dften Gr\u00e4ueltaten des letzten Jahrhunderts begangen hat, ist [&hellip;]","og_url":"https:\/\/now-news.de\/de\/deutschland\/massaker-im-gaza-streifen-erdogan-nennt-netanjahu-schlaechter-von-gaza\/","og_site_name":"just-now.NEWS Deutschland","article_publisher":"https:\/\/www.facebook.com\/wirmachenauf","article_published_time":"2023-11-29T17:42:21+00:00","og_image":[{"width":460,"height":259,"url":"https:\/\/now-news.de\/de\/wp-content\/uploads\/sites\/3\/2023\/11\/Massaker-im-Gaza-Streifen-Erdogan-nennt-Netanjahu-quotSchlaechter-von-Gazaquot.jpg","type":"image\/jpeg"}],"author":"rtnews","twitter_card":"summary_large_image","twitter_creator":"@WirMachenAuf_de","twitter_site":"@WirMachenAuf_de","twitter_misc":{"Verfasst von":"rtnews","Gesch\u00e4tzte Lesezeit":"2\u00a0Minuten"},"schema":{"@context":"https:\/\/schema.org","@graph":[{"@type":"Article","@id":"https:\/\/now-news.de\/de\/deutschland\/massaker-im-gaza-streifen-erdogan-nennt-netanjahu-schlaechter-von-gaza\/#article","isPartOf":{"@id":"https:\/\/now-news.de\/de\/deutschland\/massaker-im-gaza-streifen-erdogan-nennt-netanjahu-schlaechter-von-gaza\/"},"author":{"name":"rtnews","@id":"https:\/\/now-news.de\/de\/#\/schema\/person\/fb534a4e865501d8b3285208df34a9b5"},"headline":"Massaker im Gaza-Streifen: Erdo\u011fan nennt Netanjahu &quot;Schl\u00e4chter von Gaza&quot;","datePublished":"2023-11-29T17:42:21+00:00","dateModified":"2023-11-29T17:42:21+00:00","mainEntityOfPage":{"@id":"https:\/\/now-news.de\/de\/deutschland\/massaker-im-gaza-streifen-erdogan-nennt-netanjahu-schlaechter-von-gaza\/"},"wordCount":353,"commentCount":0,"publisher":{"@id":"https:\/\/now-news.de\/de\/#organization"},"image":{"@id":"https:\/\/now-news.de\/de\/deutschland\/massaker-im-gaza-streifen-erdogan-nennt-netanjahu-schlaechter-von-gaza\/#primaryimage"},"thumbnailUrl":"https:\/\/now-news.de\/de\/wp-content\/uploads\/sites\/3\/2023\/11\/Massaker-im-Gaza-Streifen-Erdogan-nennt-Netanjahu-quotSchlaechter-von-Gazaquot.jpg","keywords":["Erdo\u011fan","Gazaquot","Gazastreifen","Massaker","nennt","Netanjahu","quotSchl\u00e4chter","von"],"articleSection":["Deutschland","Russland"],"inLanguage":"de","potentialAction":[{"@type":"CommentAction","name":"Comment","target":["https:\/\/now-news.de\/de\/deutschland\/massaker-im-gaza-streifen-erdogan-nennt-netanjahu-schlaechter-von-gaza\/#respond"]}]},{"@type":"WebPage","@id":"https:\/\/now-news.de\/de\/deutschland\/massaker-im-gaza-streifen-erdogan-nennt-netanjahu-schlaechter-von-gaza\/","url":"https:\/\/now-news.de\/de\/deutschland\/massaker-im-gaza-streifen-erdogan-nennt-netanjahu-schlaechter-von-gaza\/","name":"Massaker im Gaza-Streifen: Erdo\u011fan nennt Netanjahu &quot;Schl\u00e4chter von Gaza&quot; - just-now.NEWS Deutschland","isPartOf":{"@id":"https:\/\/now-news.de\/de\/#website"},"primaryImageOfPage":{"@id":"https:\/\/now-news.de\/de\/deutschland\/massaker-im-gaza-streifen-erdogan-nennt-netanjahu-schlaechter-von-gaza\/#primaryimage"},"image":{"@id":"https:\/\/now-news.de\/de\/deutschland\/massaker-im-gaza-streifen-erdogan-nennt-netanjahu-schlaechter-von-gaza\/#primaryimage"},"thumbnailUrl":"https:\/\/now-news.de\/de\/wp-content\/uploads\/sites\/3\/2023\/11\/Massaker-im-Gaza-Streifen-Erdogan-nennt-Netanjahu-quotSchlaechter-von-Gazaquot.jpg","datePublished":"2023-11-29T17:42:21+00:00","dateModified":"2023-11-29T17:42:21+00:00","breadcrumb":{"@id":"https:\/\/now-news.de\/de\/deutschland\/massaker-im-gaza-streifen-erdogan-nennt-netanjahu-schlaechter-von-gaza\/#breadcrumb"},"inLanguage":"de","potentialAction":[{"@type":"ReadAction","target":["https:\/\/now-news.de\/de\/deutschland\/massaker-im-gaza-streifen-erdogan-nennt-netanjahu-schlaechter-von-gaza\/"]}]},{"@type":"ImageObject","inLanguage":"de","@id":"https:\/\/now-news.de\/de\/deutschland\/massaker-im-gaza-streifen-erdogan-nennt-netanjahu-schlaechter-von-gaza\/#primaryimage","url":"https:\/\/now-news.de\/de\/wp-content\/uploads\/sites\/3\/2023\/11\/Massaker-im-Gaza-Streifen-Erdogan-nennt-Netanjahu-quotSchlaechter-von-Gazaquot.jpg","contentUrl":"https:\/\/now-news.de\/de\/wp-content\/uploads\/sites\/3\/2023\/11\/Massaker-im-Gaza-Streifen-Erdogan-nennt-Netanjahu-quotSchlaechter-von-Gazaquot.jpg","width":460,"height":259,"caption":"Massaker im Gaza-Streifen: Erdo\u011fan nennt Netanjahu &quot;Schl\u00e4chter von Gaza&quot;"},{"@type":"BreadcrumbList","@id":"https:\/\/now-news.de\/de\/deutschland\/massaker-im-gaza-streifen-erdogan-nennt-netanjahu-schlaechter-von-gaza\/#breadcrumb","itemListElement":[{"@type":"ListItem","position":1,"name":"Home","item":"https:\/\/now-news.de\/de\/"},{"@type":"ListItem","position":2,"name":"Massaker im Gaza-Streifen: Erdo\u011fan nennt Netanjahu &quot;Schl\u00e4chter von Gaza&quot;"}]},{"@type":"WebSite","@id":"https:\/\/now-news.de\/de\/#website","url":"https:\/\/now-news.de\/de\/","name":"just-now.NEWS Deutschland","description":"Das Portal f\u00fcr unzensierte Nachrichten aus der Welt","publisher":{"@id":"https:\/\/now-news.de\/de\/#organization"},"potentialAction":[{"@type":"SearchAction","target":{"@type":"EntryPoint","urlTemplate":"https:\/\/now-news.de\/de\/?s={search_term_string}"},"query-input":"required name=search_term_string"}],"inLanguage":"de"},{"@type":"Organization","@id":"https:\/\/now-news.de\/de\/#organization","name":"Just Now News","url":"https:\/\/now-news.de\/de\/","logo":{"@type":"ImageObject","inLanguage":"de","@id":"https:\/\/now-news.de\/de\/#\/schema\/logo\/image\/","url":"http:\/\/just-now.news\/de\/wp-content\/uploads\/sites\/3\/2022\/04\/logo500x500.jpg","contentUrl":"http:\/\/just-now.news\/de\/wp-content\/uploads\/sites\/3\/2022\/04\/logo500x500.jpg","width":500,"height":500,"caption":"Just Now News"},"image":{"@id":"https:\/\/now-news.de\/de\/#\/schema\/logo\/image\/"},"sameAs":["https:\/\/www.facebook.com\/wirmachenauf","https:\/\/x.com\/WirMachenAuf_de"]},{"@type":"Person","@id":"https:\/\/now-news.de\/de\/#\/schema\/person\/fb534a4e865501d8b3285208df34a9b5","name":"rtnews","image":{"@type":"ImageObject","inLanguage":"de","@id":"https:\/\/now-news.de\/de\/#\/schema\/person\/image\/","url":"https:\/\/secure.gravatar.com\/avatar\/82aafea7d8127119dd649515f56e2117?s=96&d=mm&r=g","contentUrl":"https:\/\/secure.gravatar.com\/avatar\/82aafea7d8127119dd649515f56e2117?s=96&d=mm&r=g","caption":"rtnews"},"url":"https:\/\/now-news.de\/de\/author\/rnews\/"}]}},"_links":{"self":[{"href":"https:\/\/now-news.de\/de\/wp-json\/wp\/v2\/posts\/50615"}],"collection":[{"href":"https:\/\/now-news.de\/de\/wp-json\/wp\/v2\/posts"}],"about":[{"href":"https:\/\/now-news.de\/de\/wp-json\/wp\/v2\/types\/post"}],"author":[{"embeddable":true,"href":"https:\/\/now-news.de\/de\/wp-json\/wp\/v2\/users\/3"}],"replies":[{"embeddable":true,"href":"https:\/\/now-news.de\/de\/wp-json\/wp\/v2\/comments?post=50615"}],"version-history":[{"count":0,"href":"https:\/\/now-news.de\/de\/wp-json\/wp\/v2\/posts\/50615\/revisions"}],"wp:featuredmedia":[{"embeddable":true,"href":"https:\/\/now-news.de\/de\/wp-json\/wp\/v2\/media\/50616"}],"wp:attachment":[{"href":"https:\/\/now-news.de\/de\/wp-json\/wp\/v2\/media?parent=50615"}],"wp:term":[{"taxonomy":"category","embeddable":true,"href":"https:\/\/now-news.de\/de\/wp-json\/wp\/v2\/categories?post=50615"},{"taxonomy":"post_tag","embeddable":true,"href":"https:\/\/now-news.de\/de\/wp-json\/wp\/v2\/tags?post=50615"}],"curies":[{"name":"wp","href":"https:\/\/api.w.org\/{rel}","templated":true}]}}