{"id":50593,"date":"2023-11-29T16:40:24","date_gmt":"2023-11-29T14:40:24","guid":{"rendered":"https:\/\/just-now.news\/de\/deutschland\/eine-flugreise-die-ist-lustig-250-regierungsmitarbeiter-reisen-zum-klimagipfel-nach-dubai\/"},"modified":"2023-11-29T16:40:24","modified_gmt":"2023-11-29T14:40:24","slug":"eine-flugreise-die-ist-lustig-250-regierungsmitarbeiter-reisen-zum-klimagipfel-nach-dubai","status":"publish","type":"post","link":"https:\/\/now-news.de\/de\/deutschland\/eine-flugreise-die-ist-lustig-250-regierungsmitarbeiter-reisen-zum-klimagipfel-nach-dubai\/","title":{"rendered":"Eine Flugreise, die ist lustig&#8230;  250 Regierungsmitarbeiter reisen zum Klimagipfel nach Dubai"},"content":{"rendered":"<p><img decoding=\"async\" src=\"http:\/\/just-now.news\/de\/wp-content\/uploads\/sites\/3\/2023\/11\/656712b848fbef3db6222653.jpeg\" \/><\/p>\n<div class=\"Text-root Text-type_1 \">\n                Die B\u00fcrger sollen sich auf allen nur erdenklichen Ebenen einschr\u00e4nken. Die Bundesregierung, mitsamt ihren qualifizierten Mitarbeitern, gibt sich als hingebungsvolle und aufopfernde Weltenretterin. Laut &#8220;Bild&#8221;-Informationen jettet daher ein Tross von 250 Mitarbeitern zur Klimarettung ins sommerliche Dubai (29\u00b0C).\n            <\/div>\n<p><\/p>\n<div class=\"Text-root Text-type_5 ArticleView-text ViewText-root \">\n<p>Die Klimakonferenz in Dubai 2023, kurz COP 28, ist die 28. sogenannte UN-Klimakonferenz. Sie findet vom 30. November bis 12. Dezember 2023 in der gleichnamigen Hauptstadt des Emirats Dubai statt. Die Webseite f\u00fcr &#8220;Informationen zur deutschen Au\u00dfenpolitik&#8221;\u00a0<em>German Foreign Policy\u00a0<\/em>informiert zur vermeintlichen Wahrnehmung bundesdeutscher Klimapolitik in einem <a rel=\"nofollow noopener\" target=\"_blank\" href=\"https:\/\/www.german-foreign-policy.com\/news\/detail\/9419\">Artikel<\/a> vom 29. November:<\/p>\n<blockquote>\n<p><em>&#8220;Beobachter rechnen auf der COP28 in Dubai mit scharfer Kritik an klimapolitischen Ma\u00dfnahmen der EU und warnen, Berlin habe seine Glaubw\u00fcrdigkeit in der Klimapolitik l\u00e4ngst verspielt.&#8221;<\/em><\/p>\n<\/blockquote>\n<p>Der Artikel behauptet weiterf\u00fchrend, dass\u00a0Deutschland &#8220;in puncto Klimapolitik international l\u00e4ngst unglaubw\u00fcrdig&#8221; geworden sei. Zur internationalen Wahrnehmung geh\u00f6re unter anderem die Kritik, dass das politische Berlin &#8220;seine Klimaziele f\u00fcr 2030 und 2045 voraussichtlich weit verfehlen&#8221; werde.<\/p>\n<p>Im Rahmen der damit verbundenen Vorbereitungen einer deutschen Delegation f\u00fcr die COP 28 wurden der <em>Bild<\/em>-Zeitung nun Interna der Reiseplanung f\u00fcr die ausgesuchten qualifizierten Mitarbeiter verschiedener teilnehmender Ministerien bekannt. Demnach erfolgte eine\u00a0parlamentarische Anfrage der CDU\/CSU-Bundestagsfraktion an\u00a0Jennifer Morgan, Ex-Greenpeace-Mitarbeiterin und amtierende\u00a0Staatssekret\u00e4rin und Sonderbeauftragte f\u00fcr internationale Klimapolitik im Ausw\u00e4rtigen Amt. Jene Baerbock-Mitarbeiterin also, die vor rund einem Jahr <a rel=\"nofollow noopener\" target=\"_blank\" href=\"https:\/\/freedert.online\/kurzclips\/video\/149445-klimabeauftragte-wir-mussen-russisches-gas\/\">ank\u00fcndigte<\/a>:<\/p>\n<blockquote>\n<p><em>&#8220;Wir m\u00fcssen russisches Gas, russisches \u00d6l und russische Kohle ersetzen.&#8221;\u00a0<\/em><\/p>\n<\/blockquote>\n<p>Die Beantwortung der CDU\/CSU-Anfrage, die der <em>Bild<\/em>-Redaktion zitierend vorliegt, enth\u00e4lt folgende Darlegung:<\/p>\n<blockquote>\n<p><em>&#8220;Ausgerechnet jetzt plant die Ampel eine riesige Klima-Weltreise: Mit mehr als 250 Mitarbeitern will die Bundesregierung bei der anstehenden Weltklima-Konferenz in Dubai (Vereinigte Arabische Emirate) aufschlagen.&#8221;<\/em><\/p>\n<\/blockquote>\n<p>So werde laut <em>Bild<\/em>-Artikel Bundeskanzler Scholz (SPD) aus seinem Kanzleramtsumfeld insgesamt 40 Mitarbeiter mit auf die Dienstreise nehmen. Aus dem Ministerium f\u00fcr Wirtschaft und Klimaschutz d\u00fcrfen sich durch Absegnung von Robert Habeck (Gr\u00fcne) rund 47 Mitarbeiter freuen, den schlechten Ruf der deutschen Klimapolitik zu verbessern. Das Au\u00dfenministerium, mit der Delegationsleiterin Annalena Baerbock (Gr\u00fcne), reist &#8220;mit insgesamt 60 Personen an&#8221;. Des Weiteren schickt Umweltministerin Steffi Lemke (Gr\u00fcne) &#8220;25 Mitarbeiter, das Entwicklungsministerium von Svenja Schulze (SPD) weitere 36 Mitarbeiter&#8221;, so die <em>Bild<\/em>-Zeitung aus dem Antwortschreiben aufz\u00e4hlend. Zur\u00a0Komplettierung der\u00a0beeindruckenden Reisegruppe geh\u00f6ren:<\/p>\n<blockquote>\n<p><em>&#8220;Sieben Personen aus dem Finanzministerium, je f\u00fcnf aus dem Gesundheits- und Landwirtschaftsministerium, vier aus dem Verkehrsministerium, drei aus dem Bildungsministerium, vier von der Deutschen Bundesbank. Auch der Deutsche Wetterdienst, das Umweltbundesamt und das Th\u00fcnen-Agrarinstitut werden in Dubai personell vertreten sein.&#8221;<\/em><\/p>\n<\/blockquote>\n<p>Wichtig und im Regierungsflieger mit anwesend f\u00fcr die riskante Reise in die Ferne sind nat\u00fcrlich\u00a0auch &#8220;die Personensch\u00fctzer des Bundeskriminalamts&#8221;. Als vor Ort akkreditierte unterst\u00fctzende Erf\u00fcllungsgehilfen werden abschlie\u00dfend 64 Personen gelistet,\u00a0und zwar Angestellte &#8220;der deutschen Botschaft Abu Dhabi und des Generalkonsulats Dubai&#8221;.<\/p>\n<p>Angaben zu den ben\u00f6tigten Kosten, also der Finanzierung durch die Steuerzahler, konnte, beziehungsweise wollte Staatssekret\u00e4rin Morgan nicht mitteilen, da &#8220;die Gesamtsumme nicht zentral erfasst wird.&#8221; CDU\/CSU-Fraktionsvize Steffen Bilger kommentierte zu dem beeindruckenden Reisetross feststellend, dass &#8220;die Delegationsgr\u00f6\u00dfe von mehr als 250 Teilnehmern aus den Bundesministerien und den Bundesbeh\u00f6rden weder dem Steuerzahler zu vermitteln ist, noch wird die Bundesregierung ihren selbst gesetzten Anspr\u00fcchen beim Klimaschutz gerecht.&#8221; Diese Kritik resultiere aus der Tatsache, dass\u00a0&#8220;f\u00fcr die Fl\u00fcge viele Hunderte Tonnen CO\u2082&#8221; anfallen w\u00fcrden.<\/p>\n<p>Dass dabei nicht nur die deutsche Politik ihre B\u00fcrger zumindest irritiert, hinsichtlich der fraglichen Effizienz solcher Veranstaltungen, belegt die Tatsache, dass laut <em>Bild<\/em>-Darlegung ab dem 30. November &#8220;rund 70.\u200a000 Unterh\u00e4ndler, Journalisten, Aktivisten und Fachleute zwei Wochen lang in der &#8216;Expo City&#8217; in Dubai tagen, darunter Politiker aus rund 200 Staaten.&#8221;<\/p>\n<p><strong>Mehr zum Thema &#8211;<\/strong>\u00a0<a rel=\"nofollow noopener\" target=\"_blank\" href=\"https:\/\/freedert.online\/international\/187738-physik-nobelpreistraeger-clauser-legt-nach\/\">Physik-Nobelpreistr\u00e4ger Clauser bekr\u00e4ftigt: &#8220;Gute Nachrichten! Es gibt keine Klimakrise!&#8221;<\/a><\/p>\n<\/p>\n<\/div>\n<p><br \/>\n<br \/><a href=\"https:\/\/de.rt.com\/inland\/188398-flugreise-ist-lustig-250-regierungsmitarbeiter\/\">Source link <\/a><\/p>\n","protected":false},"excerpt":{"rendered":"<p>Die B\u00fcrger sollen sich auf allen nur erdenklichen Ebenen einschr\u00e4nken. Die Bundesregierung, mitsamt ihren qualifizierten Mitarbeitern, gibt sich als hingebungsvolle und aufopfernde Weltenretterin. Laut &#8220;Bild&#8221;-Informationen jettet daher ein Tross von 250 Mitarbeitern zur Klimarettung ins sommerliche Dubai (29\u00b0C). Die Klimakonferenz in Dubai 2023, kurz COP 28, ist die 28. sogenannte UN-Klimakonferenz. Sie findet vom 30. [&hellip;]<\/p>\n","protected":false},"author":3,"featured_media":50594,"comment_status":"open","ping_status":"open","sticky":false,"template":"","format":"standard","meta":{"_yoast_indexnow_last_ping":["1701269279"],"wp_automatic_camp":["217"],"290615332f160b2fb6edc5e1e31058bd":["Eine Flugreise, die ist lustig...  250 Regierungsmitarbeiter reisen zum Klimagipfel nach Dubai"],"original_link":["https:\/\/de.rt.com\/inland\/188398-flugreise-ist-lustig-250-regierungsmitarbeiter\/"],"_thumbnail_id":["50594"],"_wptgpro_p2tg_sent2tg":["a:1:{i:23737;s:19:\"2023-11-29 16:49:00\";}"],"jnews_social_counter_last_update":["1777183345"]},"categories":[19,23],"tags":[10055,45,275,51102,414,35874,5925,979,51103,19142,565],"yoast_head":"<!-- This site is optimized with the Yoast SEO Premium plugin v22.7 (Yoast SEO v22.7) - https:\/\/yoast.com\/wordpress\/plugins\/seo\/ -->\n<title>Eine Flugreise, die ist lustig... 250 Regierungsmitarbeiter reisen zum Klimagipfel nach Dubai - just-now.NEWS Deutschland<\/title>\n<meta name=\"robots\" content=\"index, follow, max-snippet:-1, max-image-preview:large, max-video-preview:-1\" \/>\n<link rel=\"canonical\" href=\"https:\/\/now-news.de\/de\/deutschland\/eine-flugreise-die-ist-lustig-250-regierungsmitarbeiter-reisen-zum-klimagipfel-nach-dubai\/\" \/>\n<meta property=\"og:locale\" content=\"de_DE\" \/>\n<meta property=\"og:type\" content=\"article\" \/>\n<meta property=\"og:title\" content=\"Eine Flugreise, die ist lustig... 250 Regierungsmitarbeiter reisen zum Klimagipfel nach Dubai\" \/>\n<meta property=\"og:description\" content=\"Die B\u00fcrger sollen sich auf allen nur erdenklichen Ebenen einschr\u00e4nken. Die Bundesregierung, mitsamt ihren qualifizierten Mitarbeitern, gibt sich als hingebungsvolle und aufopfernde Weltenretterin. Laut &#8220;Bild&#8221;-Informationen jettet daher ein Tross von 250 Mitarbeitern zur Klimarettung ins sommerliche Dubai (29\u00b0C). Die Klimakonferenz in Dubai 2023, kurz COP 28, ist die 28. sogenannte UN-Klimakonferenz. Sie findet vom 30. [&hellip;]\" \/>\n<meta property=\"og:url\" content=\"https:\/\/now-news.de\/de\/deutschland\/eine-flugreise-die-ist-lustig-250-regierungsmitarbeiter-reisen-zum-klimagipfel-nach-dubai\/\" \/>\n<meta property=\"og:site_name\" content=\"just-now.NEWS Deutschland\" \/>\n<meta property=\"article:publisher\" content=\"https:\/\/www.facebook.com\/wirmachenauf\" \/>\n<meta property=\"article:published_time\" content=\"2023-11-29T14:40:24+00:00\" \/>\n<meta property=\"og:image\" content=\"https:\/\/now-news.de\/de\/wp-content\/uploads\/sites\/3\/2023\/11\/Eine-Flugreise-die-ist-lustig-250-Regierungsmitarbeiter-reisen-zum-Klimagipfel.jpeg\" \/>\n\t<meta property=\"og:image:width\" content=\"460\" \/>\n\t<meta property=\"og:image:height\" content=\"259\" \/>\n\t<meta property=\"og:image:type\" content=\"image\/jpeg\" \/>\n<meta name=\"author\" content=\"rtnews\" \/>\n<meta name=\"twitter:card\" content=\"summary_large_image\" \/>\n<meta name=\"twitter:creator\" content=\"@WirMachenAuf_de\" \/>\n<meta name=\"twitter:site\" content=\"@WirMachenAuf_de\" \/>\n<meta name=\"twitter:label1\" content=\"Verfasst von\" \/>\n\t<meta name=\"twitter:data1\" content=\"rtnews\" \/>\n\t<meta name=\"twitter:label2\" content=\"Gesch\u00e4tzte Lesezeit\" \/>\n\t<meta name=\"twitter:data2\" content=\"3\u00a0Minuten\" \/>\n<script type=\"application\/ld+json\" class=\"yoast-schema-graph\">{\"@context\":\"https:\/\/schema.org\",\"@graph\":[{\"@type\":\"Article\",\"@id\":\"https:\/\/now-news.de\/de\/deutschland\/eine-flugreise-die-ist-lustig-250-regierungsmitarbeiter-reisen-zum-klimagipfel-nach-dubai\/#article\",\"isPartOf\":{\"@id\":\"https:\/\/now-news.de\/de\/deutschland\/eine-flugreise-die-ist-lustig-250-regierungsmitarbeiter-reisen-zum-klimagipfel-nach-dubai\/\"},\"author\":{\"name\":\"rtnews\",\"@id\":\"https:\/\/now-news.de\/de\/#\/schema\/person\/fb534a4e865501d8b3285208df34a9b5\"},\"headline\":\"Eine Flugreise, die ist lustig&#8230; 250 Regierungsmitarbeiter reisen zum Klimagipfel nach Dubai\",\"datePublished\":\"2023-11-29T14:40:24+00:00\",\"dateModified\":\"2023-11-29T14:40:24+00:00\",\"mainEntityOfPage\":{\"@id\":\"https:\/\/now-news.de\/de\/deutschland\/eine-flugreise-die-ist-lustig-250-regierungsmitarbeiter-reisen-zum-klimagipfel-nach-dubai\/\"},\"wordCount\":621,\"commentCount\":0,\"publisher\":{\"@id\":\"https:\/\/now-news.de\/de\/#organization\"},\"image\":{\"@id\":\"https:\/\/now-news.de\/de\/deutschland\/eine-flugreise-die-ist-lustig-250-regierungsmitarbeiter-reisen-zum-klimagipfel-nach-dubai\/#primaryimage\"},\"thumbnailUrl\":\"https:\/\/now-news.de\/de\/wp-content\/uploads\/sites\/3\/2023\/11\/Eine-Flugreise-die-ist-lustig-250-Regierungsmitarbeiter-reisen-zum-Klimagipfel.jpeg\",\"keywords\":[\"#Dubai\",\"die\",\"eine\",\"Flugreise\",\"ist\",\"Klimagipfel\",\"Lustig\",\"nach\",\"Regierungsmitarbeiter\",\"Reisen\",\"zum\"],\"articleSection\":[\"Deutschland\",\"Russland\"],\"inLanguage\":\"de\",\"potentialAction\":[{\"@type\":\"CommentAction\",\"name\":\"Comment\",\"target\":[\"https:\/\/now-news.de\/de\/deutschland\/eine-flugreise-die-ist-lustig-250-regierungsmitarbeiter-reisen-zum-klimagipfel-nach-dubai\/#respond\"]}]},{\"@type\":\"WebPage\",\"@id\":\"https:\/\/now-news.de\/de\/deutschland\/eine-flugreise-die-ist-lustig-250-regierungsmitarbeiter-reisen-zum-klimagipfel-nach-dubai\/\",\"url\":\"https:\/\/now-news.de\/de\/deutschland\/eine-flugreise-die-ist-lustig-250-regierungsmitarbeiter-reisen-zum-klimagipfel-nach-dubai\/\",\"name\":\"Eine Flugreise, die ist lustig... 250 Regierungsmitarbeiter reisen zum Klimagipfel nach Dubai - just-now.NEWS Deutschland\",\"isPartOf\":{\"@id\":\"https:\/\/now-news.de\/de\/#website\"},\"primaryImageOfPage\":{\"@id\":\"https:\/\/now-news.de\/de\/deutschland\/eine-flugreise-die-ist-lustig-250-regierungsmitarbeiter-reisen-zum-klimagipfel-nach-dubai\/#primaryimage\"},\"image\":{\"@id\":\"https:\/\/now-news.de\/de\/deutschland\/eine-flugreise-die-ist-lustig-250-regierungsmitarbeiter-reisen-zum-klimagipfel-nach-dubai\/#primaryimage\"},\"thumbnailUrl\":\"https:\/\/now-news.de\/de\/wp-content\/uploads\/sites\/3\/2023\/11\/Eine-Flugreise-die-ist-lustig-250-Regierungsmitarbeiter-reisen-zum-Klimagipfel.jpeg\",\"datePublished\":\"2023-11-29T14:40:24+00:00\",\"dateModified\":\"2023-11-29T14:40:24+00:00\",\"breadcrumb\":{\"@id\":\"https:\/\/now-news.de\/de\/deutschland\/eine-flugreise-die-ist-lustig-250-regierungsmitarbeiter-reisen-zum-klimagipfel-nach-dubai\/#breadcrumb\"},\"inLanguage\":\"de\",\"potentialAction\":[{\"@type\":\"ReadAction\",\"target\":[\"https:\/\/now-news.de\/de\/deutschland\/eine-flugreise-die-ist-lustig-250-regierungsmitarbeiter-reisen-zum-klimagipfel-nach-dubai\/\"]}]},{\"@type\":\"ImageObject\",\"inLanguage\":\"de\",\"@id\":\"https:\/\/now-news.de\/de\/deutschland\/eine-flugreise-die-ist-lustig-250-regierungsmitarbeiter-reisen-zum-klimagipfel-nach-dubai\/#primaryimage\",\"url\":\"https:\/\/now-news.de\/de\/wp-content\/uploads\/sites\/3\/2023\/11\/Eine-Flugreise-die-ist-lustig-250-Regierungsmitarbeiter-reisen-zum-Klimagipfel.jpeg\",\"contentUrl\":\"https:\/\/now-news.de\/de\/wp-content\/uploads\/sites\/3\/2023\/11\/Eine-Flugreise-die-ist-lustig-250-Regierungsmitarbeiter-reisen-zum-Klimagipfel.jpeg\",\"width\":460,\"height\":259,\"caption\":\"Eine Flugreise, die ist lustig... 250 Regierungsmitarbeiter reisen zum Klimagipfel nach Dubai\"},{\"@type\":\"BreadcrumbList\",\"@id\":\"https:\/\/now-news.de\/de\/deutschland\/eine-flugreise-die-ist-lustig-250-regierungsmitarbeiter-reisen-zum-klimagipfel-nach-dubai\/#breadcrumb\",\"itemListElement\":[{\"@type\":\"ListItem\",\"position\":1,\"name\":\"Home\",\"item\":\"https:\/\/now-news.de\/de\/\"},{\"@type\":\"ListItem\",\"position\":2,\"name\":\"Eine Flugreise, die ist lustig&#8230; 250 Regierungsmitarbeiter reisen zum Klimagipfel nach Dubai\"}]},{\"@type\":\"WebSite\",\"@id\":\"https:\/\/now-news.de\/de\/#website\",\"url\":\"https:\/\/now-news.de\/de\/\",\"name\":\"just-now.NEWS Deutschland\",\"description\":\"Das Portal f\u00fcr unzensierte Nachrichten aus der Welt\",\"publisher\":{\"@id\":\"https:\/\/now-news.de\/de\/#organization\"},\"potentialAction\":[{\"@type\":\"SearchAction\",\"target\":{\"@type\":\"EntryPoint\",\"urlTemplate\":\"https:\/\/now-news.de\/de\/?s={search_term_string}\"},\"query-input\":\"required name=search_term_string\"}],\"inLanguage\":\"de\"},{\"@type\":\"Organization\",\"@id\":\"https:\/\/now-news.de\/de\/#organization\",\"name\":\"Just Now News\",\"url\":\"https:\/\/now-news.de\/de\/\",\"logo\":{\"@type\":\"ImageObject\",\"inLanguage\":\"de\",\"@id\":\"https:\/\/now-news.de\/de\/#\/schema\/logo\/image\/\",\"url\":\"http:\/\/just-now.news\/de\/wp-content\/uploads\/sites\/3\/2022\/04\/logo500x500.jpg\",\"contentUrl\":\"http:\/\/just-now.news\/de\/wp-content\/uploads\/sites\/3\/2022\/04\/logo500x500.jpg\",\"width\":500,\"height\":500,\"caption\":\"Just Now News\"},\"image\":{\"@id\":\"https:\/\/now-news.de\/de\/#\/schema\/logo\/image\/\"},\"sameAs\":[\"https:\/\/www.facebook.com\/wirmachenauf\",\"https:\/\/x.com\/WirMachenAuf_de\"]},{\"@type\":\"Person\",\"@id\":\"https:\/\/now-news.de\/de\/#\/schema\/person\/fb534a4e865501d8b3285208df34a9b5\",\"name\":\"rtnews\",\"image\":{\"@type\":\"ImageObject\",\"inLanguage\":\"de\",\"@id\":\"https:\/\/now-news.de\/de\/#\/schema\/person\/image\/\",\"url\":\"https:\/\/secure.gravatar.com\/avatar\/82aafea7d8127119dd649515f56e2117?s=96&d=mm&r=g\",\"contentUrl\":\"https:\/\/secure.gravatar.com\/avatar\/82aafea7d8127119dd649515f56e2117?s=96&d=mm&r=g\",\"caption\":\"rtnews\"},\"url\":\"https:\/\/now-news.de\/de\/author\/rnews\/\"}]}<\/script>\n<!-- \/ Yoast SEO Premium plugin. -->","yoast_head_json":{"title":"Eine Flugreise, die ist lustig... 250 Regierungsmitarbeiter reisen zum Klimagipfel nach Dubai - just-now.NEWS Deutschland","robots":{"index":"index","follow":"follow","max-snippet":"max-snippet:-1","max-image-preview":"max-image-preview:large","max-video-preview":"max-video-preview:-1"},"canonical":"https:\/\/now-news.de\/de\/deutschland\/eine-flugreise-die-ist-lustig-250-regierungsmitarbeiter-reisen-zum-klimagipfel-nach-dubai\/","og_locale":"de_DE","og_type":"article","og_title":"Eine Flugreise, die ist lustig... 250 Regierungsmitarbeiter reisen zum Klimagipfel nach Dubai","og_description":"Die B\u00fcrger sollen sich auf allen nur erdenklichen Ebenen einschr\u00e4nken. Die Bundesregierung, mitsamt ihren qualifizierten Mitarbeitern, gibt sich als hingebungsvolle und aufopfernde Weltenretterin. Laut &#8220;Bild&#8221;-Informationen jettet daher ein Tross von 250 Mitarbeitern zur Klimarettung ins sommerliche Dubai (29\u00b0C). Die Klimakonferenz in Dubai 2023, kurz COP 28, ist die 28. sogenannte UN-Klimakonferenz. Sie findet vom 30. [&hellip;]","og_url":"https:\/\/now-news.de\/de\/deutschland\/eine-flugreise-die-ist-lustig-250-regierungsmitarbeiter-reisen-zum-klimagipfel-nach-dubai\/","og_site_name":"just-now.NEWS Deutschland","article_publisher":"https:\/\/www.facebook.com\/wirmachenauf","article_published_time":"2023-11-29T14:40:24+00:00","og_image":[{"width":460,"height":259,"url":"https:\/\/now-news.de\/de\/wp-content\/uploads\/sites\/3\/2023\/11\/Eine-Flugreise-die-ist-lustig-250-Regierungsmitarbeiter-reisen-zum-Klimagipfel.jpeg","type":"image\/jpeg"}],"author":"rtnews","twitter_card":"summary_large_image","twitter_creator":"@WirMachenAuf_de","twitter_site":"@WirMachenAuf_de","twitter_misc":{"Verfasst von":"rtnews","Gesch\u00e4tzte Lesezeit":"3\u00a0Minuten"},"schema":{"@context":"https:\/\/schema.org","@graph":[{"@type":"Article","@id":"https:\/\/now-news.de\/de\/deutschland\/eine-flugreise-die-ist-lustig-250-regierungsmitarbeiter-reisen-zum-klimagipfel-nach-dubai\/#article","isPartOf":{"@id":"https:\/\/now-news.de\/de\/deutschland\/eine-flugreise-die-ist-lustig-250-regierungsmitarbeiter-reisen-zum-klimagipfel-nach-dubai\/"},"author":{"name":"rtnews","@id":"https:\/\/now-news.de\/de\/#\/schema\/person\/fb534a4e865501d8b3285208df34a9b5"},"headline":"Eine Flugreise, die ist lustig&#8230; 250 Regierungsmitarbeiter reisen zum Klimagipfel nach Dubai","datePublished":"2023-11-29T14:40:24+00:00","dateModified":"2023-11-29T14:40:24+00:00","mainEntityOfPage":{"@id":"https:\/\/now-news.de\/de\/deutschland\/eine-flugreise-die-ist-lustig-250-regierungsmitarbeiter-reisen-zum-klimagipfel-nach-dubai\/"},"wordCount":621,"commentCount":0,"publisher":{"@id":"https:\/\/now-news.de\/de\/#organization"},"image":{"@id":"https:\/\/now-news.de\/de\/deutschland\/eine-flugreise-die-ist-lustig-250-regierungsmitarbeiter-reisen-zum-klimagipfel-nach-dubai\/#primaryimage"},"thumbnailUrl":"https:\/\/now-news.de\/de\/wp-content\/uploads\/sites\/3\/2023\/11\/Eine-Flugreise-die-ist-lustig-250-Regierungsmitarbeiter-reisen-zum-Klimagipfel.jpeg","keywords":["#Dubai","die","eine","Flugreise","ist","Klimagipfel","Lustig","nach","Regierungsmitarbeiter","Reisen","zum"],"articleSection":["Deutschland","Russland"],"inLanguage":"de","potentialAction":[{"@type":"CommentAction","name":"Comment","target":["https:\/\/now-news.de\/de\/deutschland\/eine-flugreise-die-ist-lustig-250-regierungsmitarbeiter-reisen-zum-klimagipfel-nach-dubai\/#respond"]}]},{"@type":"WebPage","@id":"https:\/\/now-news.de\/de\/deutschland\/eine-flugreise-die-ist-lustig-250-regierungsmitarbeiter-reisen-zum-klimagipfel-nach-dubai\/","url":"https:\/\/now-news.de\/de\/deutschland\/eine-flugreise-die-ist-lustig-250-regierungsmitarbeiter-reisen-zum-klimagipfel-nach-dubai\/","name":"Eine Flugreise, die ist lustig... 250 Regierungsmitarbeiter reisen zum Klimagipfel nach Dubai - just-now.NEWS Deutschland","isPartOf":{"@id":"https:\/\/now-news.de\/de\/#website"},"primaryImageOfPage":{"@id":"https:\/\/now-news.de\/de\/deutschland\/eine-flugreise-die-ist-lustig-250-regierungsmitarbeiter-reisen-zum-klimagipfel-nach-dubai\/#primaryimage"},"image":{"@id":"https:\/\/now-news.de\/de\/deutschland\/eine-flugreise-die-ist-lustig-250-regierungsmitarbeiter-reisen-zum-klimagipfel-nach-dubai\/#primaryimage"},"thumbnailUrl":"https:\/\/now-news.de\/de\/wp-content\/uploads\/sites\/3\/2023\/11\/Eine-Flugreise-die-ist-lustig-250-Regierungsmitarbeiter-reisen-zum-Klimagipfel.jpeg","datePublished":"2023-11-29T14:40:24+00:00","dateModified":"2023-11-29T14:40:24+00:00","breadcrumb":{"@id":"https:\/\/now-news.de\/de\/deutschland\/eine-flugreise-die-ist-lustig-250-regierungsmitarbeiter-reisen-zum-klimagipfel-nach-dubai\/#breadcrumb"},"inLanguage":"de","potentialAction":[{"@type":"ReadAction","target":["https:\/\/now-news.de\/de\/deutschland\/eine-flugreise-die-ist-lustig-250-regierungsmitarbeiter-reisen-zum-klimagipfel-nach-dubai\/"]}]},{"@type":"ImageObject","inLanguage":"de","@id":"https:\/\/now-news.de\/de\/deutschland\/eine-flugreise-die-ist-lustig-250-regierungsmitarbeiter-reisen-zum-klimagipfel-nach-dubai\/#primaryimage","url":"https:\/\/now-news.de\/de\/wp-content\/uploads\/sites\/3\/2023\/11\/Eine-Flugreise-die-ist-lustig-250-Regierungsmitarbeiter-reisen-zum-Klimagipfel.jpeg","contentUrl":"https:\/\/now-news.de\/de\/wp-content\/uploads\/sites\/3\/2023\/11\/Eine-Flugreise-die-ist-lustig-250-Regierungsmitarbeiter-reisen-zum-Klimagipfel.jpeg","width":460,"height":259,"caption":"Eine Flugreise, die ist lustig... 250 Regierungsmitarbeiter reisen zum Klimagipfel nach Dubai"},{"@type":"BreadcrumbList","@id":"https:\/\/now-news.de\/de\/deutschland\/eine-flugreise-die-ist-lustig-250-regierungsmitarbeiter-reisen-zum-klimagipfel-nach-dubai\/#breadcrumb","itemListElement":[{"@type":"ListItem","position":1,"name":"Home","item":"https:\/\/now-news.de\/de\/"},{"@type":"ListItem","position":2,"name":"Eine Flugreise, die ist lustig&#8230; 250 Regierungsmitarbeiter reisen zum Klimagipfel nach Dubai"}]},{"@type":"WebSite","@id":"https:\/\/now-news.de\/de\/#website","url":"https:\/\/now-news.de\/de\/","name":"just-now.NEWS Deutschland","description":"Das Portal f\u00fcr unzensierte Nachrichten aus der Welt","publisher":{"@id":"https:\/\/now-news.de\/de\/#organization"},"potentialAction":[{"@type":"SearchAction","target":{"@type":"EntryPoint","urlTemplate":"https:\/\/now-news.de\/de\/?s={search_term_string}"},"query-input":"required name=search_term_string"}],"inLanguage":"de"},{"@type":"Organization","@id":"https:\/\/now-news.de\/de\/#organization","name":"Just Now News","url":"https:\/\/now-news.de\/de\/","logo":{"@type":"ImageObject","inLanguage":"de","@id":"https:\/\/now-news.de\/de\/#\/schema\/logo\/image\/","url":"http:\/\/just-now.news\/de\/wp-content\/uploads\/sites\/3\/2022\/04\/logo500x500.jpg","contentUrl":"http:\/\/just-now.news\/de\/wp-content\/uploads\/sites\/3\/2022\/04\/logo500x500.jpg","width":500,"height":500,"caption":"Just Now News"},"image":{"@id":"https:\/\/now-news.de\/de\/#\/schema\/logo\/image\/"},"sameAs":["https:\/\/www.facebook.com\/wirmachenauf","https:\/\/x.com\/WirMachenAuf_de"]},{"@type":"Person","@id":"https:\/\/now-news.de\/de\/#\/schema\/person\/fb534a4e865501d8b3285208df34a9b5","name":"rtnews","image":{"@type":"ImageObject","inLanguage":"de","@id":"https:\/\/now-news.de\/de\/#\/schema\/person\/image\/","url":"https:\/\/secure.gravatar.com\/avatar\/82aafea7d8127119dd649515f56e2117?s=96&d=mm&r=g","contentUrl":"https:\/\/secure.gravatar.com\/avatar\/82aafea7d8127119dd649515f56e2117?s=96&d=mm&r=g","caption":"rtnews"},"url":"https:\/\/now-news.de\/de\/author\/rnews\/"}]}},"_links":{"self":[{"href":"https:\/\/now-news.de\/de\/wp-json\/wp\/v2\/posts\/50593"}],"collection":[{"href":"https:\/\/now-news.de\/de\/wp-json\/wp\/v2\/posts"}],"about":[{"href":"https:\/\/now-news.de\/de\/wp-json\/wp\/v2\/types\/post"}],"author":[{"embeddable":true,"href":"https:\/\/now-news.de\/de\/wp-json\/wp\/v2\/users\/3"}],"replies":[{"embeddable":true,"href":"https:\/\/now-news.de\/de\/wp-json\/wp\/v2\/comments?post=50593"}],"version-history":[{"count":0,"href":"https:\/\/now-news.de\/de\/wp-json\/wp\/v2\/posts\/50593\/revisions"}],"wp:featuredmedia":[{"embeddable":true,"href":"https:\/\/now-news.de\/de\/wp-json\/wp\/v2\/media\/50594"}],"wp:attachment":[{"href":"https:\/\/now-news.de\/de\/wp-json\/wp\/v2\/media?parent=50593"}],"wp:term":[{"taxonomy":"category","embeddable":true,"href":"https:\/\/now-news.de\/de\/wp-json\/wp\/v2\/categories?post=50593"},{"taxonomy":"post_tag","embeddable":true,"href":"https:\/\/now-news.de\/de\/wp-json\/wp\/v2\/tags?post=50593"}],"curies":[{"name":"wp","href":"https:\/\/api.w.org\/{rel}","templated":true}]}}