{"id":50571,"date":"2023-11-29T08:30:00","date_gmt":"2023-11-29T06:30:00","guid":{"rendered":"https:\/\/just-now.news\/de\/deutschland\/das-militaerische-schengen-ein-schlecht-getarntes-deutsches-machtspiel-gegenueber-polen\/"},"modified":"2023-11-29T08:30:00","modified_gmt":"2023-11-29T06:30:00","slug":"das-militaerische-schengen-ein-schlecht-getarntes-deutsches-machtspiel-gegenueber-polen","status":"publish","type":"post","link":"https:\/\/now-news.de\/de\/deutschland\/das-militaerische-schengen-ein-schlecht-getarntes-deutsches-machtspiel-gegenueber-polen\/","title":{"rendered":"Das &quot;Milit\u00e4rische Schengen&quot; \u2013 ein schlecht getarntes deutsches Machtspiel gegen\u00fcber Polen"},"content":{"rendered":"<p><img decoding=\"async\" src=\"http:\/\/just-now.news\/de\/wp-content\/uploads\/sites\/3\/2023\/11\/6564c467b480cc78ae55951f.jpg\" \/><\/p>\n<div class=\"Text-root Text-type_1 \">\n                Wie in der Geschichte \u00fcblich, wird die polnische Souver\u00e4nit\u00e4t wieder einmal als Teil des Spiels der Gro\u00dfm\u00e4chte geopfert. Dieses Mal bleiben Polens Grenzen jedoch intakt, auch wenn das Land in naher Zukunft faktisch zu einem deutschen Vasallen werden soll.\n            <\/div>\n<p><\/p>\n<div class=\"Text-root Text-type_5 ArticleView-text ViewText-root \">\n<p><em>Von Andrew Korybko<\/em><\/p>\n<p>Der Chef der NATO-Logistikabteilung, Generalleutnant Alexander Sollfrank, schlug die Schaffung eines sogenannten &#8220;<a rel=\"nofollow noopener\" target=\"_blank\" href=\"https:\/\/www.rt.com\/news\/587876-nato-military-schengen-russia\/\">Milit\u00e4rischen Schengen<\/a>&#8221; vor, um den Transport\u00a0milit\u00e4rischer Ausr\u00fcstung innerhalb der EU zu optimieren. Derzeit behindern b\u00fcrokratische und logistische Hindernisse den freien Fluss von Waffen innerhalb des Blocks, was seiner Meinung nach die F\u00e4higkeit des Westens, auf unerwartete Konflikte an seiner Peripherie zu reagieren, l\u00e4hmen k\u00f6nnte. Aber nicht nur der Inhalt dieses Vorschlags ist von Bedeutung, sondern auch sein Zeitpunkt.<\/p>\n<p>&#8220;Der Stellvertreterkrieg der NATO gegen Russland durch die Ukraine scheint sich<a rel=\"nofollow noopener\" target=\"_blank\" href=\"https:\/\/thealtworld.com\/andrew_korybko\/natos-proxy-war-on-russia-through-ukraine-appears-to-be-winding-down\"> dem Ende zuzuneigen<\/a>&#8220;, und zwar aus den Gr\u00fcnden, die in der zuvor verlinkten Analyse erl\u00e4utert werden. Dementsprechend wird in dem <em>Bloomberg<\/em>-Bericht \u00fcber den Entwurf der EU-Sicherheitsgarantien f\u00fcr die Ukraine auffallend kein Wort \u00fcber<a rel=\"nofollow noopener\" target=\"_blank\" href=\"https:\/\/korybko.substack.com\/p\/why-dont-the-eus-reported-security\"> gegenseitige Verteidigungsverpflichtungen<\/a> verloren, wie sie Kiew seit Jahren anstrebt und die wesentlich zur <a rel=\"nofollow noopener\" target=\"_blank\" href=\"https:\/\/korybko.substack.com\/p\/putin-reminded-everyone-that-russia\">j\u00fcngsten Phase<\/a> dieses fast zehn Jahre andauernden Konflikts beigetragen haben. Sollfranks Vorschlag scheint daher diesen sich abzeichnenden Deeskalationstendenzen zu widersprechen.<\/p>\n<p>Im R\u00fcckblick entpuppt sich das Ganze jedoch als ein schlecht getarntes deutsches Machtspiel gegen\u00fcber Polen. Der informelle F\u00fchrer der EU versch\u00e4rfte Mitte August seinen<a rel=\"nofollow noopener\" target=\"_blank\" href=\"https:\/\/korybko.substack.com\/p\/germanys-promised-military-patronage\"> regionalen Wettbewerb mit Polen<\/a> durch seine versprochene milit\u00e4rische Schirmherrschaft <a rel=\"nofollow noopener\" target=\"_blank\" href=\"https:\/\/korybko.substack.com\/p\/poland-hinted-that-germany-is-to\">\u00fcber<\/a>\u00a0<a rel=\"nofollow noopener\" target=\"_blank\" href=\"https:\/\/korybko.substack.com\/p\/morawiecki-suspects-that-zelensky\">die Ukraine<\/a>, \u00fcber die die Leser in der verlinkten Analyse mehr erfahren k\u00f6nnen. Kurz gesagt, Polen strebte w\u00e4hrend des gesamten <a rel=\"nofollow noopener\" target=\"_blank\" href=\"https:\/\/astutenews.com\/2022\/03\/russia-is-waging-an-existential-struggle-in-defense-of-its-independence-sovereignty\/\">NATO-Russland<\/a>&#8211;<a rel=\"nofollow noopener\" target=\"_blank\" href=\"https:\/\/korybko.substack.com\/p\/20-constructive-critiques-about-russias\">Stellvertreterkrieges<\/a> die F\u00fchrung in Mittel- und Osteuropa (MOE) an, aber Deutschland stellte seine Ambitionen infrage.<\/p>\n<p>Der Sieg der liberal-globalistischen Oppositionskoalition bei den polnischen Wahlen im vergangenen Monat, bei denen der polnische Au\u00dfenminister zuvor <a rel=\"nofollow noopener\" target=\"_blank\" href=\"https:\/\/korybko.substack.com\/p\/the-polish-foreign-minister-is-right\">Deutschland der Einmischung beschuldigt<\/a> hatte, wird wahrscheinlich dazu f\u00fchren, dass der fr\u00fchere Ministerpr\u00e4sident und Pr\u00e4sident des Europ\u00e4ischen Rates, Donald Tusk, ins Amt des Ministerpr\u00e4sidenten zur\u00fcckkehrt. In diesem Fall k\u00f6nnte dieser mit Deutschland verb\u00fcndete Politiker sein Land <a rel=\"nofollow noopener\" target=\"_blank\" href=\"https:\/\/notesfrompoland.com\/2023\/11\/11\/eu-preparing-german-plan-to-annihilate-polish-state-claims-kaczynski\/\">freiwillig Berlin unterordnen<\/a>, was dazu f\u00fchren w\u00fcrde, dass Polen seine geplante regionale Einflusssph\u00e4re an dieses Land abtritt und auf unbestimmte Zeit dessen gr\u00f6\u00dfter Vasall wird.<\/p>\n<p>Tusks Pl\u00e4ne, die Beziehungen zur de facto von Deutschland kontrollierten EU <a rel=\"nofollow noopener\" target=\"_blank\" href=\"https:\/\/notesfrompoland.com\/2023\/10\/25\/tusk-meets-von-der-leyen-in-brussels-pledging-to-restore-rule-of-law-and-unblock-frozen-eu-funds\/\">zu verbessern<\/a>, werden von konservativ-nationalen Kr\u00e4ften als Mittel zu diesem Zweck angesehen, insbesondere aufgrund der Bem\u00fchungen dieses Gremiums, die polnische Souver\u00e4nit\u00e4t weiter auszuh\u00f6hlen. Obwohl er behauptet,<a rel=\"nofollow noopener\" target=\"_blank\" href=\"https:\/\/notesfrompoland.com\/2023\/11\/21\/polands-main-parties-pis-and-po-to-oppose-eu-treaty-change\/\"> \u00c4nderungen des EU-Vertrags<\/a> abzulehnen, zweifeln einige an seiner Aufrichtigkeit und vermuten, dass er auf diese Weise gro\u00dfe Proteste zu diesem Thema verhindern will. Wenn diese beiden Szenarien eintreten, w\u00fcrde <a rel=\"nofollow noopener\" target=\"_blank\" href=\"https:\/\/tvpworld.com\/74276174\/ep-votes-in-favor-of-changes-to-the-eu-treaties\">Polens Souver\u00e4nit\u00e4t weiter eingeschr\u00e4nkt<\/a>, auch im Bereich der Verteidigung.<\/p>\n<p>Vor den Wahlen im vergangenen Monat konkurrierten <a rel=\"nofollow noopener\" target=\"_blank\" href=\"https:\/\/www.npr.org\/2022\/03\/17\/1087137501\/germany-is-building-whats-expected-to-become-europe-s-largest-military\">Deutschland<\/a> und <a rel=\"nofollow noopener\" target=\"_blank\" href=\"https:\/\/www.euronews.com\/2023\/09\/06\/poland-said-its-army-will-soon-be-the-strongest-in-europe-but-is-that-possible\">Polen<\/a> um den Aufbau des gr\u00f6\u00dften Milit\u00e4rs der EU, aber die oben beschriebene Abfolge von Ereignissen k\u00f6nnte dazu f\u00fchren, dass Warschau das Handtuch wirft. Obwohl der n\u00e4chste potenzielle Verteidigungsminister Polens erkl\u00e4rt hat, dass sein Land keinen seiner Milit\u00e4rauftr\u00e4ge <a rel=\"nofollow noopener\" target=\"_blank\" href=\"https:\/\/www.politico.eu\/article\/poland-incoming-government-siemoniak-wont-cancel-pricey-defense-contracts-military-position\/\">k\u00fcndigen<\/a> wird, vermuten konservativ-nationale Kreise, dass er entweder unaufrichtig ist oder von Berlin\/Br\u00fcssel dazu gezwungen werden k\u00f6nnte, dies zu tun. Alles in allem sind diese Bedenken glaubw\u00fcrdig und sollten ernst genommen werden.<\/p>\n<p>Deutschlands nationale Interessen, so wie sie von den etablierten Politikern verstanden werden, bestehen darin, der Hegemon der EU zu werden, was es notwendig macht, Polens Ambitionen, in Mittel- und Osteuropa eine F\u00fchrungsrolle einzunehmen, zu neutralisieren\u00a0\u2012 daher die angebliche Unterst\u00fctzung von Tusk und die spekulativen Bem\u00fchungen, die polnische Souver\u00e4nit\u00e4t \u00fcber die EU zu untergraben. Diese Schritte gingen dem von der NATO vorgeschlagenen &#8220;Milit\u00e4rischen Schengen&#8221; deutlich voraus, und auch das ist kein Zufall.<\/p>\n<p>Vielmehr sollen sie Deutschlands beispielloses Machtspiel gegen\u00fcber Polen nach dem Zweiten Weltkrieg erleichtern.<\/p>\n<p>Wenn Tusk die Beziehungen zur EU verbessert, wie er es versprochen hat, wenn er sich an alle \u00c4nderungen der EU-Vertr\u00e4ge h\u00e4lt, obwohl er \u00fcberzeugend behauptet, dagegen zu sein, und wenn seinem Land das &#8220;Milit\u00e4rische Schengen&#8221; aufgezwungen wird, dann k\u00f6nnten deutsche Streitkr\u00e4fte unter dem Vorwand, die EU vor Russland zu verteidigen, in Massen nach Polen zur\u00fcckkehren. Dies steht nicht im Widerspruch zu den Deeskalationstendenzen im Stellvertreterkrieg zwischen der NATO und Russland, sondern erg\u00e4nzt diese, da es als Ausgleich f\u00fcr das Fehlen von Artikel-5-\u00e4hnlichen Garantien f\u00fcr die Ukraine ausgegeben werden k\u00f6nnte.<\/p>\n<p>Einerseits w\u00fcrde die EU klugerweise vermeiden, Stolpersteine zu legen, die Kiew b\u00f6swillig ausnutzen k\u00f6nnte, um nach dem unvermeidlichen Einfrieren des gegenw\u00e4rtigen Konflikts (wann auch immer das geschehen wird) einen gr\u00f6\u00dferen Konflikt mit Russland zu provozieren, und gleichzeitig der \u00d6ffentlichkeit versichern, dass sie im Bedarfsfall immer noch angemessen reagieren kann. Das &#8220;Milit\u00e4rische Schengen&#8221; w\u00fcrde dem Zweck dienen, dem faktischen deutschen F\u00fchrer des Blocks zu erm\u00f6glichen, seine Streitkr\u00e4fte, die die gr\u00f6\u00dften der EU sein sollen, in diesem Fall schnell an die Ostgrenze zu schicken.<\/p>\n<p>Es versteht sich von selbst, dass sie Polen durchqueren m\u00fcssten und dort leicht auf unbestimmte Zeit stationiert werden k\u00f6nnten, sei es als sogenannte &#8220;Abschreckung gegen eine russische Aggression&#8221; oder als Teil einer geplanten Reaktion auf einen k\u00fcnstlich (also unter falscher Flagge) herbeigef\u00fchrten Grenzzwischenfall. Nachdem sich Polen unter Tusk freiwillig Berlin untergeordnet hat, wie es aus den dargelegten Gr\u00fcnden bald zu erwarten ist, w\u00e4re die Wiederherstellung der deutschen Hegemonie \u00fcber Polen somit ohne einen Schuss vollendet.<\/p>\n<p>In diesem Szenario, das die polnischen konservativen Nationalisten nicht verhindern k\u00f6nnen und das nur durch unwahrscheinliche Variablen, die sich ihrer Kontrolle entziehen, ausgeglichen werden kann, w\u00fcrde Deutschland im Wesentlichen von den USA damit beauftragt, Russland in Europa &#8220;einzud\u00e4mmen&#8221;, als Teil von Washingtons &#8220;<a rel=\"nofollow noopener\" target=\"_blank\" href=\"https:\/\/sputnikglobe.com\/20150129\/1017517136.html\">Lead-From-Behind<\/a>&#8220;-Strategie. Sobald die kontinentale Hegemonie dieses Landes mit den in dieser Analyse beschriebenen Mitteln vollst\u00e4ndig gesichert ist, kann sich Amerika mit gr\u00f6\u00dferer Zuversicht &#8220;nach Asien verlagern&#8221; und sich auf die Eind\u00e4mmung Chinas konzentrieren.<\/p>\n<p>Diese beiden Superm\u00e4chte befinden sich derzeit inmitten eines beginnenden Tauwetters, wie das <a rel=\"nofollow noopener\" target=\"_blank\" href=\"https:\/\/korybko.substack.com\/p\/the-xi-biden-summit-might-help-better\">positive Ergebnis<\/a> des letzten pers\u00f6nlichen Treffens ihrer Staats- und Regierungschefs Anfang des Monats am Rande des APEC-Gipfels in San Francisco beweist, aber es ist nicht selbstverst\u00e4ndlich, dass dieser Trend anhalten wird. Es ist daher sinnvoll, dass die USA ihre antirussischen Eind\u00e4mmungsma\u00dfnahmen in Europa nach Deutschland verlagern, um die erforderlichen Ressourcen f\u00fcr eine st\u00e4rkere Eind\u00e4mmung Chinas in Asien freizusetzen, falls dieses &#8220;Tauwetter&#8221; scheitert.<\/p>\n<p>Wie in der Geschichte \u00fcblich, wird die polnische Souver\u00e4nit\u00e4t wieder einmal als Teil des Spiels der Gro\u00dfm\u00e4chte geopfert, aber dieses Mal werden die Grenzen intakt bleiben, obwohl das Land in naher Zukunft zu einem deutschen Vasallen werden wird. Es gibt in der Tat einige Variablen, die au\u00dferhalb der Kontrolle Polens liegen und die dieses Szenario ausgleichen k\u00f6nnten, aber sie sind sehr unwahrscheinlich, sodass es zu diesem Zeitpunkt wahrscheinlich eine vollendete Tatsache ist, dass Polen auf unbestimmte Zeit die zweite Geige f\u00fcr Deutschland spielen wird.<\/p>\n<p><em>\u00dcbersetzt aus dem <a rel=\"nofollow noopener\" target=\"_blank\" href=\"https:\/\/korybko.substack.com\/p\/natos-proposed-military-schengen?utm_source=profile&amp;utm_medium=reader2\">Englischen<\/a><\/em><\/p>\n<p><em><strong>Andrew Korybko<\/strong> ist ein in Moskau ans\u00e4ssiger amerikanischer Politologe, der sich auf die US-Strategie in Afrika und Eurasien sowie auf Chinas Belt &amp; Road-Initiative, Russlands geopolitischen Balanceakt und hybride Kriegsf\u00fchrung spezialisiert hat.<\/em><\/p>\n<p><strong>Mehr zum Thema &#8211;<\/strong>\u00a0<a rel=\"nofollow noopener\" target=\"_blank\" href=\"https:\/\/de.rt.com\/europa\/186206-hitlers-traum-wird-wahr-empoerung\/\">&#8220;Hitlers Traum wird wahr&#8221; \u2013 Emp\u00f6rung in Polen \u00fcber deutschen Ex-Botschafter <\/a><\/p>\n<\/p>\n<\/div>\n<p><br \/>\n<br \/><a href=\"https:\/\/de.rt.com\/international\/188234-militaerische-schengen-ist-schlecht-getarntes\/\">Source link <\/a><\/p>\n","protected":false},"excerpt":{"rendered":"<p>Wie in der Geschichte \u00fcblich, wird die polnische Souver\u00e4nit\u00e4t wieder einmal als Teil des Spiels der Gro\u00dfm\u00e4chte geopfert. Dieses Mal bleiben Polens Grenzen jedoch intakt, auch wenn das Land in naher Zukunft faktisch zu einem deutschen Vasallen werden soll. Von Andrew Korybko Der Chef der NATO-Logistikabteilung, Generalleutnant Alexander Sollfrank, schlug die Schaffung eines sogenannten &#8220;Milit\u00e4rischen [&hellip;]<\/p>\n","protected":false},"author":3,"featured_media":50572,"comment_status":"open","ping_status":"open","sticky":false,"template":"","format":"standard","meta":{"_yoast_indexnow_last_ping":["1701240226"],"wp_automatic_camp":["217"],"1f79568674f995d64e815a047f68143a":["Das &quot;Milit\u00e4rische Schengen&quot; \u2013 ein schlecht getarntes deutsches Machtspiel gegen\u00fcber Polen"],"original_link":["https:\/\/de.rt.com\/international\/188234-militaerische-schengen-ist-schlecht-getarntes\/"],"_thumbnail_id":["50572"],"jnews_social_counter_last_update":["1777616592"],"_wptgpro_p2tg_sent2tg":["a:1:{i:23737;s:19:\"2023-11-29 08:45:10\";}"]},"categories":[19,23],"tags":[427,29966,357,8962,51086,44664,5850,38317,51085,21342],"yoast_head":"<!-- This site is optimized with the Yoast SEO Premium plugin v22.7 (Yoast SEO v22.7) - https:\/\/yoast.com\/wordpress\/plugins\/seo\/ -->\n<title>Das &quot;Milit\u00e4rische Schengen&quot; \u2013 ein schlecht getarntes deutsches Machtspiel gegen\u00fcber Polen - just-now.NEWS Deutschland<\/title>\n<meta name=\"robots\" content=\"index, follow, max-snippet:-1, max-image-preview:large, max-video-preview:-1\" \/>\n<link rel=\"canonical\" href=\"https:\/\/now-news.de\/de\/deutschland\/das-militaerische-schengen-ein-schlecht-getarntes-deutsches-machtspiel-gegenueber-polen\/\" \/>\n<meta property=\"og:locale\" content=\"de_DE\" \/>\n<meta property=\"og:type\" content=\"article\" \/>\n<meta property=\"og:title\" content=\"Das &quot;Milit\u00e4rische Schengen&quot; \u2013 ein schlecht getarntes deutsches Machtspiel gegen\u00fcber Polen\" \/>\n<meta property=\"og:description\" content=\"Wie in der Geschichte \u00fcblich, wird die polnische Souver\u00e4nit\u00e4t wieder einmal als Teil des Spiels der Gro\u00dfm\u00e4chte geopfert. Dieses Mal bleiben Polens Grenzen jedoch intakt, auch wenn das Land in naher Zukunft faktisch zu einem deutschen Vasallen werden soll. Von Andrew Korybko Der Chef der NATO-Logistikabteilung, Generalleutnant Alexander Sollfrank, schlug die Schaffung eines sogenannten &#8220;Milit\u00e4rischen [&hellip;]\" \/>\n<meta property=\"og:url\" content=\"https:\/\/now-news.de\/de\/deutschland\/das-militaerische-schengen-ein-schlecht-getarntes-deutsches-machtspiel-gegenueber-polen\/\" \/>\n<meta property=\"og:site_name\" content=\"just-now.NEWS Deutschland\" \/>\n<meta property=\"article:publisher\" content=\"https:\/\/www.facebook.com\/wirmachenauf\" \/>\n<meta property=\"article:published_time\" content=\"2023-11-29T06:30:00+00:00\" \/>\n<meta property=\"og:image\" content=\"https:\/\/now-news.de\/de\/wp-content\/uploads\/sites\/3\/2023\/11\/Das-quotMilitaerische-Schengenquot-\u2013-ein-schlecht-getarntes-deutsches-Machtspiel-gegenueber.jpg\" \/>\n\t<meta property=\"og:image:width\" content=\"460\" \/>\n\t<meta property=\"og:image:height\" content=\"259\" \/>\n\t<meta property=\"og:image:type\" content=\"image\/jpeg\" \/>\n<meta name=\"author\" content=\"rtnews\" \/>\n<meta name=\"twitter:card\" content=\"summary_large_image\" \/>\n<meta name=\"twitter:creator\" content=\"@WirMachenAuf_de\" \/>\n<meta name=\"twitter:site\" content=\"@WirMachenAuf_de\" \/>\n<meta name=\"twitter:label1\" content=\"Verfasst von\" \/>\n\t<meta name=\"twitter:data1\" content=\"rtnews\" \/>\n\t<meta name=\"twitter:label2\" content=\"Gesch\u00e4tzte Lesezeit\" \/>\n\t<meta name=\"twitter:data2\" content=\"6\u00a0Minuten\" \/>\n<script type=\"application\/ld+json\" class=\"yoast-schema-graph\">{\"@context\":\"https:\/\/schema.org\",\"@graph\":[{\"@type\":\"Article\",\"@id\":\"https:\/\/now-news.de\/de\/deutschland\/das-militaerische-schengen-ein-schlecht-getarntes-deutsches-machtspiel-gegenueber-polen\/#article\",\"isPartOf\":{\"@id\":\"https:\/\/now-news.de\/de\/deutschland\/das-militaerische-schengen-ein-schlecht-getarntes-deutsches-machtspiel-gegenueber-polen\/\"},\"author\":{\"name\":\"rtnews\",\"@id\":\"https:\/\/now-news.de\/de\/#\/schema\/person\/fb534a4e865501d8b3285208df34a9b5\"},\"headline\":\"Das &quot;Milit\u00e4rische Schengen&quot; \u2013 ein schlecht getarntes deutsches Machtspiel gegen\u00fcber Polen\",\"datePublished\":\"2023-11-29T06:30:00+00:00\",\"dateModified\":\"2023-11-29T06:30:00+00:00\",\"mainEntityOfPage\":{\"@id\":\"https:\/\/now-news.de\/de\/deutschland\/das-militaerische-schengen-ein-schlecht-getarntes-deutsches-machtspiel-gegenueber-polen\/\"},\"wordCount\":1244,\"commentCount\":0,\"publisher\":{\"@id\":\"https:\/\/now-news.de\/de\/#organization\"},\"image\":{\"@id\":\"https:\/\/now-news.de\/de\/deutschland\/das-militaerische-schengen-ein-schlecht-getarntes-deutsches-machtspiel-gegenueber-polen\/#primaryimage\"},\"thumbnailUrl\":\"https:\/\/now-news.de\/de\/wp-content\/uploads\/sites\/3\/2023\/11\/Das-quotMilitaerische-Schengenquot-\u2013-ein-schlecht-getarntes-deutsches-Machtspiel-gegenueber.jpg\",\"keywords\":[\"das\",\"deutsches\",\"ein\",\"gegen\u00fcber\",\"getarntes\",\"Machtspiel\",\"Polen\",\"quotMilit\u00e4rische\",\"Schengenquot\",\"schlecht\"],\"articleSection\":[\"Deutschland\",\"Russland\"],\"inLanguage\":\"de\",\"potentialAction\":[{\"@type\":\"CommentAction\",\"name\":\"Comment\",\"target\":[\"https:\/\/now-news.de\/de\/deutschland\/das-militaerische-schengen-ein-schlecht-getarntes-deutsches-machtspiel-gegenueber-polen\/#respond\"]}]},{\"@type\":\"WebPage\",\"@id\":\"https:\/\/now-news.de\/de\/deutschland\/das-militaerische-schengen-ein-schlecht-getarntes-deutsches-machtspiel-gegenueber-polen\/\",\"url\":\"https:\/\/now-news.de\/de\/deutschland\/das-militaerische-schengen-ein-schlecht-getarntes-deutsches-machtspiel-gegenueber-polen\/\",\"name\":\"Das &quot;Milit\u00e4rische Schengen&quot; \u2013 ein schlecht getarntes deutsches Machtspiel gegen\u00fcber Polen - just-now.NEWS Deutschland\",\"isPartOf\":{\"@id\":\"https:\/\/now-news.de\/de\/#website\"},\"primaryImageOfPage\":{\"@id\":\"https:\/\/now-news.de\/de\/deutschland\/das-militaerische-schengen-ein-schlecht-getarntes-deutsches-machtspiel-gegenueber-polen\/#primaryimage\"},\"image\":{\"@id\":\"https:\/\/now-news.de\/de\/deutschland\/das-militaerische-schengen-ein-schlecht-getarntes-deutsches-machtspiel-gegenueber-polen\/#primaryimage\"},\"thumbnailUrl\":\"https:\/\/now-news.de\/de\/wp-content\/uploads\/sites\/3\/2023\/11\/Das-quotMilitaerische-Schengenquot-\u2013-ein-schlecht-getarntes-deutsches-Machtspiel-gegenueber.jpg\",\"datePublished\":\"2023-11-29T06:30:00+00:00\",\"dateModified\":\"2023-11-29T06:30:00+00:00\",\"breadcrumb\":{\"@id\":\"https:\/\/now-news.de\/de\/deutschland\/das-militaerische-schengen-ein-schlecht-getarntes-deutsches-machtspiel-gegenueber-polen\/#breadcrumb\"},\"inLanguage\":\"de\",\"potentialAction\":[{\"@type\":\"ReadAction\",\"target\":[\"https:\/\/now-news.de\/de\/deutschland\/das-militaerische-schengen-ein-schlecht-getarntes-deutsches-machtspiel-gegenueber-polen\/\"]}]},{\"@type\":\"ImageObject\",\"inLanguage\":\"de\",\"@id\":\"https:\/\/now-news.de\/de\/deutschland\/das-militaerische-schengen-ein-schlecht-getarntes-deutsches-machtspiel-gegenueber-polen\/#primaryimage\",\"url\":\"https:\/\/now-news.de\/de\/wp-content\/uploads\/sites\/3\/2023\/11\/Das-quotMilitaerische-Schengenquot-\u2013-ein-schlecht-getarntes-deutsches-Machtspiel-gegenueber.jpg\",\"contentUrl\":\"https:\/\/now-news.de\/de\/wp-content\/uploads\/sites\/3\/2023\/11\/Das-quotMilitaerische-Schengenquot-\u2013-ein-schlecht-getarntes-deutsches-Machtspiel-gegenueber.jpg\",\"width\":460,\"height\":259,\"caption\":\"Das &quot;Milit\u00e4rische Schengen&quot; \u2013 ein schlecht getarntes deutsches Machtspiel gegen\u00fcber Polen\"},{\"@type\":\"BreadcrumbList\",\"@id\":\"https:\/\/now-news.de\/de\/deutschland\/das-militaerische-schengen-ein-schlecht-getarntes-deutsches-machtspiel-gegenueber-polen\/#breadcrumb\",\"itemListElement\":[{\"@type\":\"ListItem\",\"position\":1,\"name\":\"Home\",\"item\":\"https:\/\/now-news.de\/de\/\"},{\"@type\":\"ListItem\",\"position\":2,\"name\":\"Das &quot;Milit\u00e4rische Schengen&quot; \u2013 ein schlecht getarntes deutsches Machtspiel gegen\u00fcber Polen\"}]},{\"@type\":\"WebSite\",\"@id\":\"https:\/\/now-news.de\/de\/#website\",\"url\":\"https:\/\/now-news.de\/de\/\",\"name\":\"just-now.NEWS Deutschland\",\"description\":\"Das Portal f\u00fcr unzensierte Nachrichten aus der Welt\",\"publisher\":{\"@id\":\"https:\/\/now-news.de\/de\/#organization\"},\"potentialAction\":[{\"@type\":\"SearchAction\",\"target\":{\"@type\":\"EntryPoint\",\"urlTemplate\":\"https:\/\/now-news.de\/de\/?s={search_term_string}\"},\"query-input\":\"required name=search_term_string\"}],\"inLanguage\":\"de\"},{\"@type\":\"Organization\",\"@id\":\"https:\/\/now-news.de\/de\/#organization\",\"name\":\"Just Now News\",\"url\":\"https:\/\/now-news.de\/de\/\",\"logo\":{\"@type\":\"ImageObject\",\"inLanguage\":\"de\",\"@id\":\"https:\/\/now-news.de\/de\/#\/schema\/logo\/image\/\",\"url\":\"http:\/\/just-now.news\/de\/wp-content\/uploads\/sites\/3\/2022\/04\/logo500x500.jpg\",\"contentUrl\":\"http:\/\/just-now.news\/de\/wp-content\/uploads\/sites\/3\/2022\/04\/logo500x500.jpg\",\"width\":500,\"height\":500,\"caption\":\"Just Now News\"},\"image\":{\"@id\":\"https:\/\/now-news.de\/de\/#\/schema\/logo\/image\/\"},\"sameAs\":[\"https:\/\/www.facebook.com\/wirmachenauf\",\"https:\/\/x.com\/WirMachenAuf_de\"]},{\"@type\":\"Person\",\"@id\":\"https:\/\/now-news.de\/de\/#\/schema\/person\/fb534a4e865501d8b3285208df34a9b5\",\"name\":\"rtnews\",\"image\":{\"@type\":\"ImageObject\",\"inLanguage\":\"de\",\"@id\":\"https:\/\/now-news.de\/de\/#\/schema\/person\/image\/\",\"url\":\"https:\/\/secure.gravatar.com\/avatar\/82aafea7d8127119dd649515f56e2117?s=96&d=mm&r=g\",\"contentUrl\":\"https:\/\/secure.gravatar.com\/avatar\/82aafea7d8127119dd649515f56e2117?s=96&d=mm&r=g\",\"caption\":\"rtnews\"},\"url\":\"https:\/\/now-news.de\/de\/author\/rnews\/\"}]}<\/script>\n<!-- \/ Yoast SEO Premium plugin. -->","yoast_head_json":{"title":"Das &quot;Milit\u00e4rische Schengen&quot; \u2013 ein schlecht getarntes deutsches Machtspiel gegen\u00fcber Polen - just-now.NEWS Deutschland","robots":{"index":"index","follow":"follow","max-snippet":"max-snippet:-1","max-image-preview":"max-image-preview:large","max-video-preview":"max-video-preview:-1"},"canonical":"https:\/\/now-news.de\/de\/deutschland\/das-militaerische-schengen-ein-schlecht-getarntes-deutsches-machtspiel-gegenueber-polen\/","og_locale":"de_DE","og_type":"article","og_title":"Das &quot;Milit\u00e4rische Schengen&quot; \u2013 ein schlecht getarntes deutsches Machtspiel gegen\u00fcber Polen","og_description":"Wie in der Geschichte \u00fcblich, wird die polnische Souver\u00e4nit\u00e4t wieder einmal als Teil des Spiels der Gro\u00dfm\u00e4chte geopfert. Dieses Mal bleiben Polens Grenzen jedoch intakt, auch wenn das Land in naher Zukunft faktisch zu einem deutschen Vasallen werden soll. Von Andrew Korybko Der Chef der NATO-Logistikabteilung, Generalleutnant Alexander Sollfrank, schlug die Schaffung eines sogenannten &#8220;Milit\u00e4rischen [&hellip;]","og_url":"https:\/\/now-news.de\/de\/deutschland\/das-militaerische-schengen-ein-schlecht-getarntes-deutsches-machtspiel-gegenueber-polen\/","og_site_name":"just-now.NEWS Deutschland","article_publisher":"https:\/\/www.facebook.com\/wirmachenauf","article_published_time":"2023-11-29T06:30:00+00:00","og_image":[{"width":460,"height":259,"url":"https:\/\/now-news.de\/de\/wp-content\/uploads\/sites\/3\/2023\/11\/Das-quotMilitaerische-Schengenquot-\u2013-ein-schlecht-getarntes-deutsches-Machtspiel-gegenueber.jpg","type":"image\/jpeg"}],"author":"rtnews","twitter_card":"summary_large_image","twitter_creator":"@WirMachenAuf_de","twitter_site":"@WirMachenAuf_de","twitter_misc":{"Verfasst von":"rtnews","Gesch\u00e4tzte Lesezeit":"6\u00a0Minuten"},"schema":{"@context":"https:\/\/schema.org","@graph":[{"@type":"Article","@id":"https:\/\/now-news.de\/de\/deutschland\/das-militaerische-schengen-ein-schlecht-getarntes-deutsches-machtspiel-gegenueber-polen\/#article","isPartOf":{"@id":"https:\/\/now-news.de\/de\/deutschland\/das-militaerische-schengen-ein-schlecht-getarntes-deutsches-machtspiel-gegenueber-polen\/"},"author":{"name":"rtnews","@id":"https:\/\/now-news.de\/de\/#\/schema\/person\/fb534a4e865501d8b3285208df34a9b5"},"headline":"Das &quot;Milit\u00e4rische Schengen&quot; \u2013 ein schlecht getarntes deutsches Machtspiel gegen\u00fcber Polen","datePublished":"2023-11-29T06:30:00+00:00","dateModified":"2023-11-29T06:30:00+00:00","mainEntityOfPage":{"@id":"https:\/\/now-news.de\/de\/deutschland\/das-militaerische-schengen-ein-schlecht-getarntes-deutsches-machtspiel-gegenueber-polen\/"},"wordCount":1244,"commentCount":0,"publisher":{"@id":"https:\/\/now-news.de\/de\/#organization"},"image":{"@id":"https:\/\/now-news.de\/de\/deutschland\/das-militaerische-schengen-ein-schlecht-getarntes-deutsches-machtspiel-gegenueber-polen\/#primaryimage"},"thumbnailUrl":"https:\/\/now-news.de\/de\/wp-content\/uploads\/sites\/3\/2023\/11\/Das-quotMilitaerische-Schengenquot-\u2013-ein-schlecht-getarntes-deutsches-Machtspiel-gegenueber.jpg","keywords":["das","deutsches","ein","gegen\u00fcber","getarntes","Machtspiel","Polen","quotMilit\u00e4rische","Schengenquot","schlecht"],"articleSection":["Deutschland","Russland"],"inLanguage":"de","potentialAction":[{"@type":"CommentAction","name":"Comment","target":["https:\/\/now-news.de\/de\/deutschland\/das-militaerische-schengen-ein-schlecht-getarntes-deutsches-machtspiel-gegenueber-polen\/#respond"]}]},{"@type":"WebPage","@id":"https:\/\/now-news.de\/de\/deutschland\/das-militaerische-schengen-ein-schlecht-getarntes-deutsches-machtspiel-gegenueber-polen\/","url":"https:\/\/now-news.de\/de\/deutschland\/das-militaerische-schengen-ein-schlecht-getarntes-deutsches-machtspiel-gegenueber-polen\/","name":"Das &quot;Milit\u00e4rische Schengen&quot; \u2013 ein schlecht getarntes deutsches Machtspiel gegen\u00fcber Polen - just-now.NEWS Deutschland","isPartOf":{"@id":"https:\/\/now-news.de\/de\/#website"},"primaryImageOfPage":{"@id":"https:\/\/now-news.de\/de\/deutschland\/das-militaerische-schengen-ein-schlecht-getarntes-deutsches-machtspiel-gegenueber-polen\/#primaryimage"},"image":{"@id":"https:\/\/now-news.de\/de\/deutschland\/das-militaerische-schengen-ein-schlecht-getarntes-deutsches-machtspiel-gegenueber-polen\/#primaryimage"},"thumbnailUrl":"https:\/\/now-news.de\/de\/wp-content\/uploads\/sites\/3\/2023\/11\/Das-quotMilitaerische-Schengenquot-\u2013-ein-schlecht-getarntes-deutsches-Machtspiel-gegenueber.jpg","datePublished":"2023-11-29T06:30:00+00:00","dateModified":"2023-11-29T06:30:00+00:00","breadcrumb":{"@id":"https:\/\/now-news.de\/de\/deutschland\/das-militaerische-schengen-ein-schlecht-getarntes-deutsches-machtspiel-gegenueber-polen\/#breadcrumb"},"inLanguage":"de","potentialAction":[{"@type":"ReadAction","target":["https:\/\/now-news.de\/de\/deutschland\/das-militaerische-schengen-ein-schlecht-getarntes-deutsches-machtspiel-gegenueber-polen\/"]}]},{"@type":"ImageObject","inLanguage":"de","@id":"https:\/\/now-news.de\/de\/deutschland\/das-militaerische-schengen-ein-schlecht-getarntes-deutsches-machtspiel-gegenueber-polen\/#primaryimage","url":"https:\/\/now-news.de\/de\/wp-content\/uploads\/sites\/3\/2023\/11\/Das-quotMilitaerische-Schengenquot-\u2013-ein-schlecht-getarntes-deutsches-Machtspiel-gegenueber.jpg","contentUrl":"https:\/\/now-news.de\/de\/wp-content\/uploads\/sites\/3\/2023\/11\/Das-quotMilitaerische-Schengenquot-\u2013-ein-schlecht-getarntes-deutsches-Machtspiel-gegenueber.jpg","width":460,"height":259,"caption":"Das &quot;Milit\u00e4rische Schengen&quot; \u2013 ein schlecht getarntes deutsches Machtspiel gegen\u00fcber Polen"},{"@type":"BreadcrumbList","@id":"https:\/\/now-news.de\/de\/deutschland\/das-militaerische-schengen-ein-schlecht-getarntes-deutsches-machtspiel-gegenueber-polen\/#breadcrumb","itemListElement":[{"@type":"ListItem","position":1,"name":"Home","item":"https:\/\/now-news.de\/de\/"},{"@type":"ListItem","position":2,"name":"Das &quot;Milit\u00e4rische Schengen&quot; \u2013 ein schlecht getarntes deutsches Machtspiel gegen\u00fcber Polen"}]},{"@type":"WebSite","@id":"https:\/\/now-news.de\/de\/#website","url":"https:\/\/now-news.de\/de\/","name":"just-now.NEWS Deutschland","description":"Das Portal f\u00fcr unzensierte Nachrichten aus der Welt","publisher":{"@id":"https:\/\/now-news.de\/de\/#organization"},"potentialAction":[{"@type":"SearchAction","target":{"@type":"EntryPoint","urlTemplate":"https:\/\/now-news.de\/de\/?s={search_term_string}"},"query-input":"required name=search_term_string"}],"inLanguage":"de"},{"@type":"Organization","@id":"https:\/\/now-news.de\/de\/#organization","name":"Just Now News","url":"https:\/\/now-news.de\/de\/","logo":{"@type":"ImageObject","inLanguage":"de","@id":"https:\/\/now-news.de\/de\/#\/schema\/logo\/image\/","url":"http:\/\/just-now.news\/de\/wp-content\/uploads\/sites\/3\/2022\/04\/logo500x500.jpg","contentUrl":"http:\/\/just-now.news\/de\/wp-content\/uploads\/sites\/3\/2022\/04\/logo500x500.jpg","width":500,"height":500,"caption":"Just Now News"},"image":{"@id":"https:\/\/now-news.de\/de\/#\/schema\/logo\/image\/"},"sameAs":["https:\/\/www.facebook.com\/wirmachenauf","https:\/\/x.com\/WirMachenAuf_de"]},{"@type":"Person","@id":"https:\/\/now-news.de\/de\/#\/schema\/person\/fb534a4e865501d8b3285208df34a9b5","name":"rtnews","image":{"@type":"ImageObject","inLanguage":"de","@id":"https:\/\/now-news.de\/de\/#\/schema\/person\/image\/","url":"https:\/\/secure.gravatar.com\/avatar\/82aafea7d8127119dd649515f56e2117?s=96&d=mm&r=g","contentUrl":"https:\/\/secure.gravatar.com\/avatar\/82aafea7d8127119dd649515f56e2117?s=96&d=mm&r=g","caption":"rtnews"},"url":"https:\/\/now-news.de\/de\/author\/rnews\/"}]}},"_links":{"self":[{"href":"https:\/\/now-news.de\/de\/wp-json\/wp\/v2\/posts\/50571"}],"collection":[{"href":"https:\/\/now-news.de\/de\/wp-json\/wp\/v2\/posts"}],"about":[{"href":"https:\/\/now-news.de\/de\/wp-json\/wp\/v2\/types\/post"}],"author":[{"embeddable":true,"href":"https:\/\/now-news.de\/de\/wp-json\/wp\/v2\/users\/3"}],"replies":[{"embeddable":true,"href":"https:\/\/now-news.de\/de\/wp-json\/wp\/v2\/comments?post=50571"}],"version-history":[{"count":0,"href":"https:\/\/now-news.de\/de\/wp-json\/wp\/v2\/posts\/50571\/revisions"}],"wp:featuredmedia":[{"embeddable":true,"href":"https:\/\/now-news.de\/de\/wp-json\/wp\/v2\/media\/50572"}],"wp:attachment":[{"href":"https:\/\/now-news.de\/de\/wp-json\/wp\/v2\/media?parent=50571"}],"wp:term":[{"taxonomy":"category","embeddable":true,"href":"https:\/\/now-news.de\/de\/wp-json\/wp\/v2\/categories?post=50571"},{"taxonomy":"post_tag","embeddable":true,"href":"https:\/\/now-news.de\/de\/wp-json\/wp\/v2\/tags?post=50571"}],"curies":[{"name":"wp","href":"https:\/\/api.w.org\/{rel}","templated":true}]}}