{"id":50535,"date":"2023-11-28T16:21:27","date_gmt":"2023-11-28T14:21:27","guid":{"rendered":"https:\/\/just-now.news\/de\/deutschland\/covid-impfung-war-fuer-die-katz-weltwoche-analysiert-bericht-von-europas-medizinbehoerde\/"},"modified":"2023-11-28T16:21:27","modified_gmt":"2023-11-28T14:21:27","slug":"covid-impfung-war-fuer-die-katz-weltwoche-analysiert-bericht-von-europas-medizinbehoerde","status":"publish","type":"post","link":"https:\/\/now-news.de\/de\/deutschland\/covid-impfung-war-fuer-die-katz-weltwoche-analysiert-bericht-von-europas-medizinbehoerde\/","title":{"rendered":"COVID-Impfung &quot;war f\u00fcr die Katz&quot; &#8211; Weltwoche analysiert  Bericht von Europas Medizinbeh\u00f6rde"},"content":{"rendered":"<p><img decoding=\"async\" src=\"http:\/\/just-now.news\/de\/wp-content\/uploads\/sites\/3\/2023\/11\/6565d9e048fbef1d3239245f.JPG\" \/><\/p>\n<div class=\"Text-root Text-type_1 \">\n                Die neue Information der EMA sei der gr\u00f6\u00dfte Skandal, den die Welt je gesehen habe, erkl\u00e4rt die Weltwoche. Die Impfung sch\u00fctze weder vor Ansteckung noch vor \u00dcbertragung. An einer Aufkl\u00e4rung dieses Skandals seien weder Politik noch Medien interessiert.\n            <\/div>\n<p><\/p>\n<div class=\"Text-root Text-type_5 ArticleView-text ViewText-root \">\n<p>Europas oberste Medizinbeh\u00f6rde <a rel=\"nofollow noopener\" target=\"_blank\" href=\"https:\/\/european-union.europa.eu\/institutions-law-budget\/institutions-and-bodies\/search-all-eu-institutions-and-bodies\/european-medicines-agency-ema_de\">EMA<\/a> habe die COVID-19-Impfung als Farce aufgedeckt. Das sei laut einem Bericht in der <em>Weltwoche<\/em> der &#8220;wahrscheinlich der gr\u00f6sste Skandal, den die Welt je gesehen hat&#8221;. Die ganze Impfung sei v\u00f6llig unn\u00f6tig gewesen, <a rel=\"nofollow noopener\" target=\"_blank\" href=\"https:\/\/weltwoche.ch\/daily\/die-grosse-impf-luege-europas-oberste-medizinbehoerde-entlarvt-die-covid-impfung-als-farce-und-keiner-regt-sich-auf-kein-mediales-lueftchen-regt-sich-keine-bombe-nichts\/\">schrieb die Schweizer Zeitung<\/a> am Dienstag:<\/p>\n<blockquote>\n<p><em>&#8220;Die Covid-Impfung, die Millionen Menschen aufgezwungen wurde \u2013 sie war f\u00fcr die Katz.&#8221;<\/em><\/p>\n<\/blockquote>\n<p>Demnach habe die EMA bekannt gegeben, dass der Impfstoff weder vor einer Ansteckung noch vor der Weiterverbreitung des Virus sch\u00fctze. Das behaupteten nicht etwa &#8220;unverbesserliche Covididioten&#8221;, so die Zeitung, sondern die oberste europ\u00e4ische Arzneimittelbeh\u00f6rde.<\/p>\n<p>Schlie\u00dflich gebe die Beh\u00f6rde nun auch zu, dass Impfstoffe gegen Corona nie zum Zwecke der Ansteckungs\u2013 und Verbreitungsverhinderung bewilligt worden seien. So soll sich die EMA damit gerechtfertigt haben, es handele sich alles um ein gro\u00dfes &#8220;Missverst\u00e4ndnis&#8221;.<\/p>\n<p>Jetzt w\u00fcrde man doch erwarten, dass die Medien angesichts dieser EMA-Bekanntgabe \u00fcber die Unwirksamkeit der Corona-Impfung die Aufkl\u00e4rung dieses Skandals und eine Bestrafung der Verantwortlichen fordern. Auch vom Journalismus erwartete die <em>Weltwoche<\/em> eine ausf\u00fchrliche Thematisierung dieser neuen Informationen \u00fcber den Impfstoff. Dazu erkl\u00e4rte die Zeitung mit Nachdruck:<\/p>\n<blockquote>\n<p><em>&#8220;Von Rechts wegen sollte ein Tsunami der Emp\u00f6rung aufbrausen, sollten Medien Aufkl\u00e4rung und Abstrafung fordern angesichts der ungeheuerlichen Enth\u00fcllung.&#8221;<\/em><\/p>\n<\/blockquote>\n<p>Doch tats\u00e4chlich h\u00e4tten die Medien diese Ungeheuerlichkeit ignoriert: &#8220;Die Bombe detonierte nicht. Sie versank mit sanftem Plopp in weichem Untergrund.&#8221; Die Zeitung fand harte Worte f\u00fcr die eigene Zunft, die auch das k\u00fcrzlich von der AfD-Fraktion organisierte Corona-Symposium im Deutschen Bundestag ignoriert hatte. Niemand habe \u00fcber die Veranstaltung berichtet. Ebenso h\u00e4tten die Medien den COVID-19-Ausschuss des britischen Parlaments verschwiegen. In diesem Ausschuss habe man in Gro\u00dfbritannien &#8220;unfassbare Fehler und Unversch\u00e4mtheiten der Regierung und der ihr sekundierenden Wissenschaftler offengelegt&#8221;.<\/p>\n<p>In der COVID-19-Pandemie h\u00e4tten die Medien alle totalit\u00e4ren Anwandlungen der Politik unterst\u00fctzt. Aber die Politik und erst recht die Medien seien jetzt nicht an einer Aufkl\u00e4rung interessiert. Schlie\u00dflich ist die Erinnerung an die Pandemie nach Ansicht der <em>Weltwoche<\/em> inzwischen auch der Bev\u00f6lkerung irgendwie peinlich:<\/p>\n<blockquote>\n<p><em>&#8220;Corona ist vorbei, man will nicht mehr daran erinnert werden wie an eine dumme Jugends\u00fcnde, die einem noch immer die Schamesr\u00f6te ins Gesicht treibt.&#8221;<\/em><\/p>\n<\/blockquote>\n<p><strong>Mehr zum Thema<\/strong> \u2013 <a rel=\"nofollow noopener\" target=\"_blank\" href=\"https:\/\/freedert.online\/inland\/175542-werner-bergholz-laut-vertrag-keine-zulassung-fuer-biontech-pfizer-impfstoff\/\">Werner Bergholz: Laut Vertrag d\u00fcrfte es keine Zulassung f\u00fcr BioNTech\/Pfizer-Impfstoff geben<\/a><\/p>\n<\/div>\n<p><br \/>\n<br \/><a href=\"https:\/\/de.rt.com\/europa\/188298-weltwoche-europas-oberste-medizinbehoerde-entlarvt-covid-19-impfung-als-farce\/\">Source link <\/a><\/p>\n","protected":false},"excerpt":{"rendered":"<p>Die neue Information der EMA sei der gr\u00f6\u00dfte Skandal, den die Welt je gesehen habe, erkl\u00e4rt die Weltwoche. Die Impfung sch\u00fctze weder vor Ansteckung noch vor \u00dcbertragung. An einer Aufkl\u00e4rung dieses Skandals seien weder Politik noch Medien interessiert. Europas oberste Medizinbeh\u00f6rde EMA habe die COVID-19-Impfung als Farce aufgedeckt. Das sei laut einem Bericht in der [&hellip;]<\/p>\n","protected":false},"author":3,"featured_media":50536,"comment_status":"open","ping_status":"open","sticky":false,"template":"","format":"standard","meta":{"_yoast_indexnow_last_ping":["1701182152"],"wp_automatic_camp":["217"],"f14b998f88cb2fda54e1a691f42bb930":["COVID-Impfung &quot;war f\u00fcr die Katz&quot; - Weltwoche analysiert  Bericht von Europas Medizinbeh\u00f6rde"],"original_link":["https:\/\/de.rt.com\/europa\/188298-weltwoche-europas-oberste-medizinbehoerde-entlarvt-covid-19-impfung-als-farce\/"],"_thumbnail_id":["50536"],"_wptgpro_p2tg_sent2tg":["a:1:{i:23737;s:19:\"2023-11-28 16:36:59\";}"],"jnews_social_counter_last_update":["1777821481"]},"categories":[19,23],"tags":[23328,667,25077,45,1293,221,51067,51069,19650,50,51068],"yoast_head":"<!-- This site is optimized with the Yoast SEO Premium plugin v22.7 (Yoast SEO v22.7) - https:\/\/yoast.com\/wordpress\/plugins\/seo\/ -->\n<title>COVID-Impfung &quot;war f\u00fcr die Katz&quot; - Weltwoche analysiert Bericht von Europas Medizinbeh\u00f6rde - just-now.NEWS Deutschland<\/title>\n<meta name=\"robots\" content=\"index, follow, max-snippet:-1, max-image-preview:large, max-video-preview:-1\" \/>\n<link rel=\"canonical\" href=\"https:\/\/now-news.de\/de\/deutschland\/covid-impfung-war-fuer-die-katz-weltwoche-analysiert-bericht-von-europas-medizinbehoerde\/\" \/>\n<meta property=\"og:locale\" content=\"de_DE\" \/>\n<meta property=\"og:type\" content=\"article\" \/>\n<meta property=\"og:title\" content=\"COVID-Impfung &quot;war f\u00fcr die Katz&quot; - Weltwoche analysiert Bericht von Europas Medizinbeh\u00f6rde\" \/>\n<meta property=\"og:description\" content=\"Die neue Information der EMA sei der gr\u00f6\u00dfte Skandal, den die Welt je gesehen habe, erkl\u00e4rt die Weltwoche. Die Impfung sch\u00fctze weder vor Ansteckung noch vor \u00dcbertragung. An einer Aufkl\u00e4rung dieses Skandals seien weder Politik noch Medien interessiert. Europas oberste Medizinbeh\u00f6rde EMA habe die COVID-19-Impfung als Farce aufgedeckt. Das sei laut einem Bericht in der [&hellip;]\" \/>\n<meta property=\"og:url\" content=\"https:\/\/now-news.de\/de\/deutschland\/covid-impfung-war-fuer-die-katz-weltwoche-analysiert-bericht-von-europas-medizinbehoerde\/\" \/>\n<meta property=\"og:site_name\" content=\"just-now.NEWS Deutschland\" \/>\n<meta property=\"article:publisher\" content=\"https:\/\/www.facebook.com\/wirmachenauf\" \/>\n<meta property=\"article:published_time\" content=\"2023-11-28T14:21:27+00:00\" \/>\n<meta property=\"og:image\" content=\"https:\/\/now-news.de\/de\/wp-content\/uploads\/sites\/3\/2023\/11\/COVID-Impfung-quotwar-fuer-die-Katzquot-Weltwoche-analysiert-Bericht-von.JPG\" \/>\n\t<meta property=\"og:image:width\" content=\"460\" \/>\n\t<meta property=\"og:image:height\" content=\"259\" \/>\n\t<meta property=\"og:image:type\" content=\"image\/jpeg\" \/>\n<meta name=\"author\" content=\"rtnews\" \/>\n<meta name=\"twitter:card\" content=\"summary_large_image\" \/>\n<meta name=\"twitter:creator\" content=\"@WirMachenAuf_de\" \/>\n<meta name=\"twitter:site\" content=\"@WirMachenAuf_de\" \/>\n<meta name=\"twitter:label1\" content=\"Verfasst von\" \/>\n\t<meta name=\"twitter:data1\" content=\"rtnews\" \/>\n\t<meta name=\"twitter:label2\" content=\"Gesch\u00e4tzte Lesezeit\" \/>\n\t<meta name=\"twitter:data2\" content=\"2\u00a0Minuten\" \/>\n<script type=\"application\/ld+json\" class=\"yoast-schema-graph\">{\"@context\":\"https:\/\/schema.org\",\"@graph\":[{\"@type\":\"Article\",\"@id\":\"https:\/\/now-news.de\/de\/deutschland\/covid-impfung-war-fuer-die-katz-weltwoche-analysiert-bericht-von-europas-medizinbehoerde\/#article\",\"isPartOf\":{\"@id\":\"https:\/\/now-news.de\/de\/deutschland\/covid-impfung-war-fuer-die-katz-weltwoche-analysiert-bericht-von-europas-medizinbehoerde\/\"},\"author\":{\"name\":\"rtnews\",\"@id\":\"https:\/\/now-news.de\/de\/#\/schema\/person\/fb534a4e865501d8b3285208df34a9b5\"},\"headline\":\"COVID-Impfung &quot;war f\u00fcr die Katz&quot; &#8211; Weltwoche analysiert Bericht von Europas Medizinbeh\u00f6rde\",\"datePublished\":\"2023-11-28T14:21:27+00:00\",\"dateModified\":\"2023-11-28T14:21:27+00:00\",\"mainEntityOfPage\":{\"@id\":\"https:\/\/now-news.de\/de\/deutschland\/covid-impfung-war-fuer-die-katz-weltwoche-analysiert-bericht-von-europas-medizinbehoerde\/\"},\"wordCount\":452,\"commentCount\":0,\"publisher\":{\"@id\":\"https:\/\/now-news.de\/de\/#organization\"},\"image\":{\"@id\":\"https:\/\/now-news.de\/de\/deutschland\/covid-impfung-war-fuer-die-katz-weltwoche-analysiert-bericht-von-europas-medizinbehoerde\/#primaryimage\"},\"thumbnailUrl\":\"https:\/\/now-news.de\/de\/wp-content\/uploads\/sites\/3\/2023\/11\/COVID-Impfung-quotwar-fuer-die-Katzquot-Weltwoche-analysiert-Bericht-von.JPG\",\"keywords\":[\"analysiert\",\"Bericht\",\"COVIDImpfung\",\"die\",\"Europas\",\"f\u00fcr\",\"Katzquot\",\"Medizinbeh\u00f6rde\",\"quotWar\",\"von\",\"Weltwoche\"],\"articleSection\":[\"Deutschland\",\"Russland\"],\"inLanguage\":\"de\",\"potentialAction\":[{\"@type\":\"CommentAction\",\"name\":\"Comment\",\"target\":[\"https:\/\/now-news.de\/de\/deutschland\/covid-impfung-war-fuer-die-katz-weltwoche-analysiert-bericht-von-europas-medizinbehoerde\/#respond\"]}]},{\"@type\":\"WebPage\",\"@id\":\"https:\/\/now-news.de\/de\/deutschland\/covid-impfung-war-fuer-die-katz-weltwoche-analysiert-bericht-von-europas-medizinbehoerde\/\",\"url\":\"https:\/\/now-news.de\/de\/deutschland\/covid-impfung-war-fuer-die-katz-weltwoche-analysiert-bericht-von-europas-medizinbehoerde\/\",\"name\":\"COVID-Impfung &quot;war f\u00fcr die Katz&quot; - Weltwoche analysiert Bericht von Europas Medizinbeh\u00f6rde - just-now.NEWS Deutschland\",\"isPartOf\":{\"@id\":\"https:\/\/now-news.de\/de\/#website\"},\"primaryImageOfPage\":{\"@id\":\"https:\/\/now-news.de\/de\/deutschland\/covid-impfung-war-fuer-die-katz-weltwoche-analysiert-bericht-von-europas-medizinbehoerde\/#primaryimage\"},\"image\":{\"@id\":\"https:\/\/now-news.de\/de\/deutschland\/covid-impfung-war-fuer-die-katz-weltwoche-analysiert-bericht-von-europas-medizinbehoerde\/#primaryimage\"},\"thumbnailUrl\":\"https:\/\/now-news.de\/de\/wp-content\/uploads\/sites\/3\/2023\/11\/COVID-Impfung-quotwar-fuer-die-Katzquot-Weltwoche-analysiert-Bericht-von.JPG\",\"datePublished\":\"2023-11-28T14:21:27+00:00\",\"dateModified\":\"2023-11-28T14:21:27+00:00\",\"breadcrumb\":{\"@id\":\"https:\/\/now-news.de\/de\/deutschland\/covid-impfung-war-fuer-die-katz-weltwoche-analysiert-bericht-von-europas-medizinbehoerde\/#breadcrumb\"},\"inLanguage\":\"de\",\"potentialAction\":[{\"@type\":\"ReadAction\",\"target\":[\"https:\/\/now-news.de\/de\/deutschland\/covid-impfung-war-fuer-die-katz-weltwoche-analysiert-bericht-von-europas-medizinbehoerde\/\"]}]},{\"@type\":\"ImageObject\",\"inLanguage\":\"de\",\"@id\":\"https:\/\/now-news.de\/de\/deutschland\/covid-impfung-war-fuer-die-katz-weltwoche-analysiert-bericht-von-europas-medizinbehoerde\/#primaryimage\",\"url\":\"https:\/\/now-news.de\/de\/wp-content\/uploads\/sites\/3\/2023\/11\/COVID-Impfung-quotwar-fuer-die-Katzquot-Weltwoche-analysiert-Bericht-von.JPG\",\"contentUrl\":\"https:\/\/now-news.de\/de\/wp-content\/uploads\/sites\/3\/2023\/11\/COVID-Impfung-quotwar-fuer-die-Katzquot-Weltwoche-analysiert-Bericht-von.JPG\",\"width\":460,\"height\":259,\"caption\":\"COVID-Impfung &quot;war f\u00fcr die Katz&quot; - Weltwoche analysiert Bericht von Europas Medizinbeh\u00f6rde\"},{\"@type\":\"BreadcrumbList\",\"@id\":\"https:\/\/now-news.de\/de\/deutschland\/covid-impfung-war-fuer-die-katz-weltwoche-analysiert-bericht-von-europas-medizinbehoerde\/#breadcrumb\",\"itemListElement\":[{\"@type\":\"ListItem\",\"position\":1,\"name\":\"Home\",\"item\":\"https:\/\/now-news.de\/de\/\"},{\"@type\":\"ListItem\",\"position\":2,\"name\":\"COVID-Impfung &quot;war f\u00fcr die Katz&quot; &#8211; Weltwoche analysiert Bericht von Europas Medizinbeh\u00f6rde\"}]},{\"@type\":\"WebSite\",\"@id\":\"https:\/\/now-news.de\/de\/#website\",\"url\":\"https:\/\/now-news.de\/de\/\",\"name\":\"just-now.NEWS Deutschland\",\"description\":\"Das Portal f\u00fcr unzensierte Nachrichten aus der Welt\",\"publisher\":{\"@id\":\"https:\/\/now-news.de\/de\/#organization\"},\"potentialAction\":[{\"@type\":\"SearchAction\",\"target\":{\"@type\":\"EntryPoint\",\"urlTemplate\":\"https:\/\/now-news.de\/de\/?s={search_term_string}\"},\"query-input\":\"required name=search_term_string\"}],\"inLanguage\":\"de\"},{\"@type\":\"Organization\",\"@id\":\"https:\/\/now-news.de\/de\/#organization\",\"name\":\"Just Now News\",\"url\":\"https:\/\/now-news.de\/de\/\",\"logo\":{\"@type\":\"ImageObject\",\"inLanguage\":\"de\",\"@id\":\"https:\/\/now-news.de\/de\/#\/schema\/logo\/image\/\",\"url\":\"http:\/\/just-now.news\/de\/wp-content\/uploads\/sites\/3\/2022\/04\/logo500x500.jpg\",\"contentUrl\":\"http:\/\/just-now.news\/de\/wp-content\/uploads\/sites\/3\/2022\/04\/logo500x500.jpg\",\"width\":500,\"height\":500,\"caption\":\"Just Now News\"},\"image\":{\"@id\":\"https:\/\/now-news.de\/de\/#\/schema\/logo\/image\/\"},\"sameAs\":[\"https:\/\/www.facebook.com\/wirmachenauf\",\"https:\/\/x.com\/WirMachenAuf_de\"]},{\"@type\":\"Person\",\"@id\":\"https:\/\/now-news.de\/de\/#\/schema\/person\/fb534a4e865501d8b3285208df34a9b5\",\"name\":\"rtnews\",\"image\":{\"@type\":\"ImageObject\",\"inLanguage\":\"de\",\"@id\":\"https:\/\/now-news.de\/de\/#\/schema\/person\/image\/\",\"url\":\"https:\/\/secure.gravatar.com\/avatar\/82aafea7d8127119dd649515f56e2117?s=96&d=mm&r=g\",\"contentUrl\":\"https:\/\/secure.gravatar.com\/avatar\/82aafea7d8127119dd649515f56e2117?s=96&d=mm&r=g\",\"caption\":\"rtnews\"},\"url\":\"https:\/\/now-news.de\/de\/author\/rnews\/\"}]}<\/script>\n<!-- \/ Yoast SEO Premium plugin. -->","yoast_head_json":{"title":"COVID-Impfung &quot;war f\u00fcr die Katz&quot; - Weltwoche analysiert Bericht von Europas Medizinbeh\u00f6rde - just-now.NEWS Deutschland","robots":{"index":"index","follow":"follow","max-snippet":"max-snippet:-1","max-image-preview":"max-image-preview:large","max-video-preview":"max-video-preview:-1"},"canonical":"https:\/\/now-news.de\/de\/deutschland\/covid-impfung-war-fuer-die-katz-weltwoche-analysiert-bericht-von-europas-medizinbehoerde\/","og_locale":"de_DE","og_type":"article","og_title":"COVID-Impfung &quot;war f\u00fcr die Katz&quot; - Weltwoche analysiert Bericht von Europas Medizinbeh\u00f6rde","og_description":"Die neue Information der EMA sei der gr\u00f6\u00dfte Skandal, den die Welt je gesehen habe, erkl\u00e4rt die Weltwoche. Die Impfung sch\u00fctze weder vor Ansteckung noch vor \u00dcbertragung. An einer Aufkl\u00e4rung dieses Skandals seien weder Politik noch Medien interessiert. Europas oberste Medizinbeh\u00f6rde EMA habe die COVID-19-Impfung als Farce aufgedeckt. Das sei laut einem Bericht in der [&hellip;]","og_url":"https:\/\/now-news.de\/de\/deutschland\/covid-impfung-war-fuer-die-katz-weltwoche-analysiert-bericht-von-europas-medizinbehoerde\/","og_site_name":"just-now.NEWS Deutschland","article_publisher":"https:\/\/www.facebook.com\/wirmachenauf","article_published_time":"2023-11-28T14:21:27+00:00","og_image":[{"width":460,"height":259,"url":"https:\/\/now-news.de\/de\/wp-content\/uploads\/sites\/3\/2023\/11\/COVID-Impfung-quotwar-fuer-die-Katzquot-Weltwoche-analysiert-Bericht-von.JPG","type":"image\/jpeg"}],"author":"rtnews","twitter_card":"summary_large_image","twitter_creator":"@WirMachenAuf_de","twitter_site":"@WirMachenAuf_de","twitter_misc":{"Verfasst von":"rtnews","Gesch\u00e4tzte Lesezeit":"2\u00a0Minuten"},"schema":{"@context":"https:\/\/schema.org","@graph":[{"@type":"Article","@id":"https:\/\/now-news.de\/de\/deutschland\/covid-impfung-war-fuer-die-katz-weltwoche-analysiert-bericht-von-europas-medizinbehoerde\/#article","isPartOf":{"@id":"https:\/\/now-news.de\/de\/deutschland\/covid-impfung-war-fuer-die-katz-weltwoche-analysiert-bericht-von-europas-medizinbehoerde\/"},"author":{"name":"rtnews","@id":"https:\/\/now-news.de\/de\/#\/schema\/person\/fb534a4e865501d8b3285208df34a9b5"},"headline":"COVID-Impfung &quot;war f\u00fcr die Katz&quot; &#8211; Weltwoche analysiert Bericht von Europas Medizinbeh\u00f6rde","datePublished":"2023-11-28T14:21:27+00:00","dateModified":"2023-11-28T14:21:27+00:00","mainEntityOfPage":{"@id":"https:\/\/now-news.de\/de\/deutschland\/covid-impfung-war-fuer-die-katz-weltwoche-analysiert-bericht-von-europas-medizinbehoerde\/"},"wordCount":452,"commentCount":0,"publisher":{"@id":"https:\/\/now-news.de\/de\/#organization"},"image":{"@id":"https:\/\/now-news.de\/de\/deutschland\/covid-impfung-war-fuer-die-katz-weltwoche-analysiert-bericht-von-europas-medizinbehoerde\/#primaryimage"},"thumbnailUrl":"https:\/\/now-news.de\/de\/wp-content\/uploads\/sites\/3\/2023\/11\/COVID-Impfung-quotwar-fuer-die-Katzquot-Weltwoche-analysiert-Bericht-von.JPG","keywords":["analysiert","Bericht","COVIDImpfung","die","Europas","f\u00fcr","Katzquot","Medizinbeh\u00f6rde","quotWar","von","Weltwoche"],"articleSection":["Deutschland","Russland"],"inLanguage":"de","potentialAction":[{"@type":"CommentAction","name":"Comment","target":["https:\/\/now-news.de\/de\/deutschland\/covid-impfung-war-fuer-die-katz-weltwoche-analysiert-bericht-von-europas-medizinbehoerde\/#respond"]}]},{"@type":"WebPage","@id":"https:\/\/now-news.de\/de\/deutschland\/covid-impfung-war-fuer-die-katz-weltwoche-analysiert-bericht-von-europas-medizinbehoerde\/","url":"https:\/\/now-news.de\/de\/deutschland\/covid-impfung-war-fuer-die-katz-weltwoche-analysiert-bericht-von-europas-medizinbehoerde\/","name":"COVID-Impfung &quot;war f\u00fcr die Katz&quot; - Weltwoche analysiert Bericht von Europas Medizinbeh\u00f6rde - just-now.NEWS Deutschland","isPartOf":{"@id":"https:\/\/now-news.de\/de\/#website"},"primaryImageOfPage":{"@id":"https:\/\/now-news.de\/de\/deutschland\/covid-impfung-war-fuer-die-katz-weltwoche-analysiert-bericht-von-europas-medizinbehoerde\/#primaryimage"},"image":{"@id":"https:\/\/now-news.de\/de\/deutschland\/covid-impfung-war-fuer-die-katz-weltwoche-analysiert-bericht-von-europas-medizinbehoerde\/#primaryimage"},"thumbnailUrl":"https:\/\/now-news.de\/de\/wp-content\/uploads\/sites\/3\/2023\/11\/COVID-Impfung-quotwar-fuer-die-Katzquot-Weltwoche-analysiert-Bericht-von.JPG","datePublished":"2023-11-28T14:21:27+00:00","dateModified":"2023-11-28T14:21:27+00:00","breadcrumb":{"@id":"https:\/\/now-news.de\/de\/deutschland\/covid-impfung-war-fuer-die-katz-weltwoche-analysiert-bericht-von-europas-medizinbehoerde\/#breadcrumb"},"inLanguage":"de","potentialAction":[{"@type":"ReadAction","target":["https:\/\/now-news.de\/de\/deutschland\/covid-impfung-war-fuer-die-katz-weltwoche-analysiert-bericht-von-europas-medizinbehoerde\/"]}]},{"@type":"ImageObject","inLanguage":"de","@id":"https:\/\/now-news.de\/de\/deutschland\/covid-impfung-war-fuer-die-katz-weltwoche-analysiert-bericht-von-europas-medizinbehoerde\/#primaryimage","url":"https:\/\/now-news.de\/de\/wp-content\/uploads\/sites\/3\/2023\/11\/COVID-Impfung-quotwar-fuer-die-Katzquot-Weltwoche-analysiert-Bericht-von.JPG","contentUrl":"https:\/\/now-news.de\/de\/wp-content\/uploads\/sites\/3\/2023\/11\/COVID-Impfung-quotwar-fuer-die-Katzquot-Weltwoche-analysiert-Bericht-von.JPG","width":460,"height":259,"caption":"COVID-Impfung &quot;war f\u00fcr die Katz&quot; - Weltwoche analysiert Bericht von Europas Medizinbeh\u00f6rde"},{"@type":"BreadcrumbList","@id":"https:\/\/now-news.de\/de\/deutschland\/covid-impfung-war-fuer-die-katz-weltwoche-analysiert-bericht-von-europas-medizinbehoerde\/#breadcrumb","itemListElement":[{"@type":"ListItem","position":1,"name":"Home","item":"https:\/\/now-news.de\/de\/"},{"@type":"ListItem","position":2,"name":"COVID-Impfung &quot;war f\u00fcr die Katz&quot; &#8211; Weltwoche analysiert Bericht von Europas Medizinbeh\u00f6rde"}]},{"@type":"WebSite","@id":"https:\/\/now-news.de\/de\/#website","url":"https:\/\/now-news.de\/de\/","name":"just-now.NEWS Deutschland","description":"Das Portal f\u00fcr unzensierte Nachrichten aus der Welt","publisher":{"@id":"https:\/\/now-news.de\/de\/#organization"},"potentialAction":[{"@type":"SearchAction","target":{"@type":"EntryPoint","urlTemplate":"https:\/\/now-news.de\/de\/?s={search_term_string}"},"query-input":"required name=search_term_string"}],"inLanguage":"de"},{"@type":"Organization","@id":"https:\/\/now-news.de\/de\/#organization","name":"Just Now News","url":"https:\/\/now-news.de\/de\/","logo":{"@type":"ImageObject","inLanguage":"de","@id":"https:\/\/now-news.de\/de\/#\/schema\/logo\/image\/","url":"http:\/\/just-now.news\/de\/wp-content\/uploads\/sites\/3\/2022\/04\/logo500x500.jpg","contentUrl":"http:\/\/just-now.news\/de\/wp-content\/uploads\/sites\/3\/2022\/04\/logo500x500.jpg","width":500,"height":500,"caption":"Just Now News"},"image":{"@id":"https:\/\/now-news.de\/de\/#\/schema\/logo\/image\/"},"sameAs":["https:\/\/www.facebook.com\/wirmachenauf","https:\/\/x.com\/WirMachenAuf_de"]},{"@type":"Person","@id":"https:\/\/now-news.de\/de\/#\/schema\/person\/fb534a4e865501d8b3285208df34a9b5","name":"rtnews","image":{"@type":"ImageObject","inLanguage":"de","@id":"https:\/\/now-news.de\/de\/#\/schema\/person\/image\/","url":"https:\/\/secure.gravatar.com\/avatar\/82aafea7d8127119dd649515f56e2117?s=96&d=mm&r=g","contentUrl":"https:\/\/secure.gravatar.com\/avatar\/82aafea7d8127119dd649515f56e2117?s=96&d=mm&r=g","caption":"rtnews"},"url":"https:\/\/now-news.de\/de\/author\/rnews\/"}]}},"_links":{"self":[{"href":"https:\/\/now-news.de\/de\/wp-json\/wp\/v2\/posts\/50535"}],"collection":[{"href":"https:\/\/now-news.de\/de\/wp-json\/wp\/v2\/posts"}],"about":[{"href":"https:\/\/now-news.de\/de\/wp-json\/wp\/v2\/types\/post"}],"author":[{"embeddable":true,"href":"https:\/\/now-news.de\/de\/wp-json\/wp\/v2\/users\/3"}],"replies":[{"embeddable":true,"href":"https:\/\/now-news.de\/de\/wp-json\/wp\/v2\/comments?post=50535"}],"version-history":[{"count":0,"href":"https:\/\/now-news.de\/de\/wp-json\/wp\/v2\/posts\/50535\/revisions"}],"wp:featuredmedia":[{"embeddable":true,"href":"https:\/\/now-news.de\/de\/wp-json\/wp\/v2\/media\/50536"}],"wp:attachment":[{"href":"https:\/\/now-news.de\/de\/wp-json\/wp\/v2\/media?parent=50535"}],"wp:term":[{"taxonomy":"category","embeddable":true,"href":"https:\/\/now-news.de\/de\/wp-json\/wp\/v2\/categories?post=50535"},{"taxonomy":"post_tag","embeddable":true,"href":"https:\/\/now-news.de\/de\/wp-json\/wp\/v2\/tags?post=50535"}],"curies":[{"name":"wp","href":"https:\/\/api.w.org\/{rel}","templated":true}]}}