{"id":50512,"date":"2023-11-27T21:39:10","date_gmt":"2023-11-27T19:39:10","guid":{"rendered":"https:\/\/just-now.news\/de\/deutschland\/marke-vw-nicht-wettbewerbsfaehig-vw-konzern-kuendigt-spuerbare-einschnitte-bei-personal-an\/"},"modified":"2023-11-27T21:39:10","modified_gmt":"2023-11-27T19:39:10","slug":"marke-vw-nicht-wettbewerbsfaehig-vw-konzern-kuendigt-spuerbare-einschnitte-bei-personal-an","status":"publish","type":"post","link":"https:\/\/now-news.de\/de\/deutschland\/marke-vw-nicht-wettbewerbsfaehig-vw-konzern-kuendigt-spuerbare-einschnitte-bei-personal-an\/","title":{"rendered":"Marke VW nicht wettbewerbsf\u00e4hig? VW-Konzern k\u00fcndigt &quot;sp\u00fcrbare Einschnitte&quot; bei Personal an"},"content":{"rendered":"<p><img decoding=\"async\" src=\"http:\/\/just-now.news\/de\/wp-content\/uploads\/sites\/3\/2023\/11\/6564e2ceb480cc781125a266.jpg\" \/><\/p>\n<div class=\"Text-root Text-type_1 \">\n                Der VW-Konzern steckt offenbar in einer Krise. Am Montag haben der Chef der VW-Marke und der VW-Personalvorstand bei einem Treffen mit Gewerkschaftsvertretern &#8220;sp\u00fcrbare Einschnitte&#8221; beim Personal angek\u00fcndigt.\n            <\/div>\n<p><\/p>\n<div class=\"Text-root Text-type_5 ArticleView-text ViewText-root \">\n<p>Der Volkswagen-Konzern hat seine Belegschaft bei einem Treffen mit Vertretern der IG Metall am Montag auf Personalk\u00fcrzungen und weitere Einschnitte eingestellt. Der Chef der Marke Volkswagen innerhalb des Konzerns, Thomas Sch\u00e4fer, erkl\u00e4rte:\u00a0\u00a0<\/p>\n<blockquote>\n<p><em>&#8220;Die Situation ist sehr kritisch. Viele M\u00e4rkte sind massiv unter Druck, unsere Auftragseing\u00e4nge, besonders bei den\u00a0Elektroautos, liegen unter unseren ambitionierten Erwartungen.&#8221;<\/em><\/p>\n<\/blockquote>\n<p>In Reaktion darauf m\u00fcsse man, so Sch\u00e4fer, &#8220;ran an die kritischen Themen, auch beim Personal&#8221;. Mit den bisherigen &#8220;Strukturen, Prozessen und hohen Kosten&#8221; sei die Marke VW nicht mehr wettbewerbsf\u00e4hig. Folglich werde es &#8220;sp\u00fcrbare Einschnitte&#8221; geben, k\u00fcndigte der Manager an.\u00a0<\/p>\n<p>Ein &#8220;pauschales Abbauziel der Mitarbeiteranzahl&#8221; gebe es nach Angaben des Konzerns allerdings nicht. Es solle &#8220;die demographische Kurve&#8221; genutzt werden, also der Umstand, dass in den kommenden Jahren besonders viele Arbeiter und Angestellte altersbedingt ausscheiden. Bis dahin sollen, so VW-Personalvorstand Gunnar Kilian, Altersteilzeit und Ruhestandsregelungen &#8220;maximal&#8221; genutzt werden.<\/p>\n<p>Das angek\u00fcndigte Ziel des Konzerns ist es, bis 2026 j\u00e4hrlich 10 Milliarden an Kosten einzusparen und die Umsatzrendite von aktuell 3,4 Prozent auf 6,5 Prozent zu steigern. Erste konkrete Planungen daf\u00fcr sollen bis zum Jahresende vorgelegt werden.\u00a0<\/p>\n<p>Experten geben als Gr\u00fcnde f\u00fcr die tr\u00fcben Aussichten der Marke VW unter anderem steigende Energie- und Rohstoffkosten, den Halbleitermangel sowie Nachwirkungen des Dieselskandals und der sogenannten &#8220;Corona-Pandemie&#8221; an. Hinzu kommt, dass das Elektroautomobil der Marke VW ID.4 die Erwartungen nicht erf\u00fcllt hat. Es belegt heute Platz 10 auf der Rangliste der am meisten verkauften E-Wagen und lie\u00df sich im Jahr 2022 nur 174.000 Mal verkaufen, w\u00e4hrend Tesla im gleichen Zeitraum mehr als 1,2 Millionen Elektrofahrzeuge absetzen konnte.\u00a0<\/p>\n<p>Unter Druck steht der VW-Konzern auch in China, wo der Absatz von Fahrzeugen aller Antriebsarten im Jahr 2022 um 3,6 Prozent einbrach.<\/p>\n<p><strong>Mehr zum Thema<\/strong> &#8211; <a rel=\"nofollow noopener\" target=\"_blank\" href=\"https:\/\/freedert.online\/meinung\/183289-rendite-trotz-krise-deutsche-konzerne\/\">Rendite trotz Krise: Deutsche Konzerne planen Massenentlassungen<\/a><\/p>\n<\/p>\n<blockquote><\/blockquote>\n<\/div>\n<p><br \/>\n<br \/><a href=\"https:\/\/de.rt.com\/inland\/188255-marke-vw-nicht-wettbewerbsfaehig-personalabbau-angekuendigt\/\">Source link <\/a><\/p>\n","protected":false},"excerpt":{"rendered":"<p>Der VW-Konzern steckt offenbar in einer Krise. Am Montag haben der Chef der VW-Marke und der VW-Personalvorstand bei einem Treffen mit Gewerkschaftsvertretern &#8220;sp\u00fcrbare Einschnitte&#8221; beim Personal angek\u00fcndigt. Der Volkswagen-Konzern hat seine Belegschaft bei einem Treffen mit Vertretern der IG Metall am Montag auf Personalk\u00fcrzungen und weitere Einschnitte eingestellt. Der Chef der Marke Volkswagen innerhalb des [&hellip;]<\/p>\n","protected":false},"author":3,"featured_media":50513,"comment_status":"open","ping_status":"open","sticky":false,"template":"","format":"standard","meta":{"_yoast_indexnow_last_ping":["1701120687"],"wp_automatic_camp":["217"],"dcdae3735062b31d8624b5f90a83c90b":["Marke VW nicht wettbewerbsf\u00e4hig? VW-Konzern k\u00fcndigt &quot;sp\u00fcrbare Einschnitte&quot; bei Personal an"],"original_link":["https:\/\/de.rt.com\/inland\/188255-marke-vw-nicht-wettbewerbsfaehig-personalabbau-angekuendigt\/"],"_thumbnail_id":["50513"],"_wptgpro_p2tg_sent2tg":["a:1:{i:23737;s:19:\"2023-11-27 23:34:13\";}"],"jnews_social_counter_last_update":["1777257918"]},"categories":[19,23],"tags":[363,51049,4224,20399,800,639,51048,51047,51046],"yoast_head":"<!-- This site is optimized with the Yoast SEO Premium plugin v22.7 (Yoast SEO v22.7) - https:\/\/yoast.com\/wordpress\/plugins\/seo\/ -->\n<title>Marke VW nicht wettbewerbsf\u00e4hig? VW-Konzern k\u00fcndigt &quot;sp\u00fcrbare Einschnitte&quot; bei Personal an - just-now.NEWS Deutschland<\/title>\n<meta name=\"robots\" content=\"index, follow, max-snippet:-1, max-image-preview:large, max-video-preview:-1\" \/>\n<link rel=\"canonical\" href=\"https:\/\/now-news.de\/de\/deutschland\/marke-vw-nicht-wettbewerbsfaehig-vw-konzern-kuendigt-spuerbare-einschnitte-bei-personal-an\/\" \/>\n<meta property=\"og:locale\" content=\"de_DE\" \/>\n<meta property=\"og:type\" content=\"article\" \/>\n<meta property=\"og:title\" content=\"Marke VW nicht wettbewerbsf\u00e4hig? VW-Konzern k\u00fcndigt &quot;sp\u00fcrbare Einschnitte&quot; bei Personal an\" \/>\n<meta property=\"og:description\" content=\"Der VW-Konzern steckt offenbar in einer Krise. Am Montag haben der Chef der VW-Marke und der VW-Personalvorstand bei einem Treffen mit Gewerkschaftsvertretern &#8220;sp\u00fcrbare Einschnitte&#8221; beim Personal angek\u00fcndigt. Der Volkswagen-Konzern hat seine Belegschaft bei einem Treffen mit Vertretern der IG Metall am Montag auf Personalk\u00fcrzungen und weitere Einschnitte eingestellt. Der Chef der Marke Volkswagen innerhalb des [&hellip;]\" \/>\n<meta property=\"og:url\" content=\"https:\/\/now-news.de\/de\/deutschland\/marke-vw-nicht-wettbewerbsfaehig-vw-konzern-kuendigt-spuerbare-einschnitte-bei-personal-an\/\" \/>\n<meta property=\"og:site_name\" content=\"just-now.NEWS Deutschland\" \/>\n<meta property=\"article:publisher\" content=\"https:\/\/www.facebook.com\/wirmachenauf\" \/>\n<meta property=\"article:published_time\" content=\"2023-11-27T19:39:10+00:00\" \/>\n<meta property=\"og:image\" content=\"https:\/\/now-news.de\/de\/wp-content\/uploads\/sites\/3\/2023\/11\/Marke-VW-nicht-wettbewerbsfaehig-VW-Konzern-kuendigt-quotspuerbare-Einschnittequot-bei-Personal.jpg\" \/>\n\t<meta property=\"og:image:width\" content=\"460\" \/>\n\t<meta property=\"og:image:height\" content=\"259\" \/>\n\t<meta property=\"og:image:type\" content=\"image\/jpeg\" \/>\n<meta name=\"author\" content=\"rtnews\" \/>\n<meta name=\"twitter:card\" content=\"summary_large_image\" \/>\n<meta name=\"twitter:creator\" content=\"@WirMachenAuf_de\" \/>\n<meta name=\"twitter:site\" content=\"@WirMachenAuf_de\" \/>\n<meta name=\"twitter:label1\" content=\"Verfasst von\" \/>\n\t<meta name=\"twitter:data1\" content=\"rtnews\" \/>\n\t<meta name=\"twitter:label2\" content=\"Gesch\u00e4tzte Lesezeit\" \/>\n\t<meta name=\"twitter:data2\" content=\"2\u00a0Minuten\" \/>\n<script type=\"application\/ld+json\" class=\"yoast-schema-graph\">{\"@context\":\"https:\/\/schema.org\",\"@graph\":[{\"@type\":\"Article\",\"@id\":\"https:\/\/now-news.de\/de\/deutschland\/marke-vw-nicht-wettbewerbsfaehig-vw-konzern-kuendigt-spuerbare-einschnitte-bei-personal-an\/#article\",\"isPartOf\":{\"@id\":\"https:\/\/now-news.de\/de\/deutschland\/marke-vw-nicht-wettbewerbsfaehig-vw-konzern-kuendigt-spuerbare-einschnitte-bei-personal-an\/\"},\"author\":{\"name\":\"rtnews\",\"@id\":\"https:\/\/now-news.de\/de\/#\/schema\/person\/fb534a4e865501d8b3285208df34a9b5\"},\"headline\":\"Marke VW nicht wettbewerbsf\u00e4hig? VW-Konzern k\u00fcndigt &quot;sp\u00fcrbare Einschnitte&quot; bei Personal an\",\"datePublished\":\"2023-11-27T19:39:10+00:00\",\"dateModified\":\"2023-11-27T19:39:10+00:00\",\"mainEntityOfPage\":{\"@id\":\"https:\/\/now-news.de\/de\/deutschland\/marke-vw-nicht-wettbewerbsfaehig-vw-konzern-kuendigt-spuerbare-einschnitte-bei-personal-an\/\"},\"wordCount\":345,\"commentCount\":0,\"publisher\":{\"@id\":\"https:\/\/now-news.de\/de\/#organization\"},\"image\":{\"@id\":\"https:\/\/now-news.de\/de\/deutschland\/marke-vw-nicht-wettbewerbsfaehig-vw-konzern-kuendigt-spuerbare-einschnitte-bei-personal-an\/#primaryimage\"},\"thumbnailUrl\":\"https:\/\/now-news.de\/de\/wp-content\/uploads\/sites\/3\/2023\/11\/Marke-VW-nicht-wettbewerbsfaehig-VW-Konzern-kuendigt-quotspuerbare-Einschnittequot-bei-Personal.jpg\",\"keywords\":[\"bei\",\"Einschnittequot\",\"k\u00fcndigt\",\"Marke\",\"nicht\",\"Personal\",\"quotsp\u00fcrbare\",\"VWKonzern\",\"wettbewerbsf\u00e4hig\"],\"articleSection\":[\"Deutschland\",\"Russland\"],\"inLanguage\":\"de\",\"potentialAction\":[{\"@type\":\"CommentAction\",\"name\":\"Comment\",\"target\":[\"https:\/\/now-news.de\/de\/deutschland\/marke-vw-nicht-wettbewerbsfaehig-vw-konzern-kuendigt-spuerbare-einschnitte-bei-personal-an\/#respond\"]}]},{\"@type\":\"WebPage\",\"@id\":\"https:\/\/now-news.de\/de\/deutschland\/marke-vw-nicht-wettbewerbsfaehig-vw-konzern-kuendigt-spuerbare-einschnitte-bei-personal-an\/\",\"url\":\"https:\/\/now-news.de\/de\/deutschland\/marke-vw-nicht-wettbewerbsfaehig-vw-konzern-kuendigt-spuerbare-einschnitte-bei-personal-an\/\",\"name\":\"Marke VW nicht wettbewerbsf\u00e4hig? VW-Konzern k\u00fcndigt &quot;sp\u00fcrbare Einschnitte&quot; bei Personal an - just-now.NEWS Deutschland\",\"isPartOf\":{\"@id\":\"https:\/\/now-news.de\/de\/#website\"},\"primaryImageOfPage\":{\"@id\":\"https:\/\/now-news.de\/de\/deutschland\/marke-vw-nicht-wettbewerbsfaehig-vw-konzern-kuendigt-spuerbare-einschnitte-bei-personal-an\/#primaryimage\"},\"image\":{\"@id\":\"https:\/\/now-news.de\/de\/deutschland\/marke-vw-nicht-wettbewerbsfaehig-vw-konzern-kuendigt-spuerbare-einschnitte-bei-personal-an\/#primaryimage\"},\"thumbnailUrl\":\"https:\/\/now-news.de\/de\/wp-content\/uploads\/sites\/3\/2023\/11\/Marke-VW-nicht-wettbewerbsfaehig-VW-Konzern-kuendigt-quotspuerbare-Einschnittequot-bei-Personal.jpg\",\"datePublished\":\"2023-11-27T19:39:10+00:00\",\"dateModified\":\"2023-11-27T19:39:10+00:00\",\"breadcrumb\":{\"@id\":\"https:\/\/now-news.de\/de\/deutschland\/marke-vw-nicht-wettbewerbsfaehig-vw-konzern-kuendigt-spuerbare-einschnitte-bei-personal-an\/#breadcrumb\"},\"inLanguage\":\"de\",\"potentialAction\":[{\"@type\":\"ReadAction\",\"target\":[\"https:\/\/now-news.de\/de\/deutschland\/marke-vw-nicht-wettbewerbsfaehig-vw-konzern-kuendigt-spuerbare-einschnitte-bei-personal-an\/\"]}]},{\"@type\":\"ImageObject\",\"inLanguage\":\"de\",\"@id\":\"https:\/\/now-news.de\/de\/deutschland\/marke-vw-nicht-wettbewerbsfaehig-vw-konzern-kuendigt-spuerbare-einschnitte-bei-personal-an\/#primaryimage\",\"url\":\"https:\/\/now-news.de\/de\/wp-content\/uploads\/sites\/3\/2023\/11\/Marke-VW-nicht-wettbewerbsfaehig-VW-Konzern-kuendigt-quotspuerbare-Einschnittequot-bei-Personal.jpg\",\"contentUrl\":\"https:\/\/now-news.de\/de\/wp-content\/uploads\/sites\/3\/2023\/11\/Marke-VW-nicht-wettbewerbsfaehig-VW-Konzern-kuendigt-quotspuerbare-Einschnittequot-bei-Personal.jpg\",\"width\":460,\"height\":259,\"caption\":\"Marke VW nicht wettbewerbsf\u00e4hig? VW-Konzern k\u00fcndigt &quot;sp\u00fcrbare Einschnitte&quot; bei Personal an\"},{\"@type\":\"BreadcrumbList\",\"@id\":\"https:\/\/now-news.de\/de\/deutschland\/marke-vw-nicht-wettbewerbsfaehig-vw-konzern-kuendigt-spuerbare-einschnitte-bei-personal-an\/#breadcrumb\",\"itemListElement\":[{\"@type\":\"ListItem\",\"position\":1,\"name\":\"Home\",\"item\":\"https:\/\/now-news.de\/de\/\"},{\"@type\":\"ListItem\",\"position\":2,\"name\":\"Marke VW nicht wettbewerbsf\u00e4hig? VW-Konzern k\u00fcndigt &quot;sp\u00fcrbare Einschnitte&quot; bei Personal an\"}]},{\"@type\":\"WebSite\",\"@id\":\"https:\/\/now-news.de\/de\/#website\",\"url\":\"https:\/\/now-news.de\/de\/\",\"name\":\"just-now.NEWS Deutschland\",\"description\":\"Das Portal f\u00fcr unzensierte Nachrichten aus der Welt\",\"publisher\":{\"@id\":\"https:\/\/now-news.de\/de\/#organization\"},\"potentialAction\":[{\"@type\":\"SearchAction\",\"target\":{\"@type\":\"EntryPoint\",\"urlTemplate\":\"https:\/\/now-news.de\/de\/?s={search_term_string}\"},\"query-input\":\"required name=search_term_string\"}],\"inLanguage\":\"de\"},{\"@type\":\"Organization\",\"@id\":\"https:\/\/now-news.de\/de\/#organization\",\"name\":\"Just Now News\",\"url\":\"https:\/\/now-news.de\/de\/\",\"logo\":{\"@type\":\"ImageObject\",\"inLanguage\":\"de\",\"@id\":\"https:\/\/now-news.de\/de\/#\/schema\/logo\/image\/\",\"url\":\"http:\/\/just-now.news\/de\/wp-content\/uploads\/sites\/3\/2022\/04\/logo500x500.jpg\",\"contentUrl\":\"http:\/\/just-now.news\/de\/wp-content\/uploads\/sites\/3\/2022\/04\/logo500x500.jpg\",\"width\":500,\"height\":500,\"caption\":\"Just Now News\"},\"image\":{\"@id\":\"https:\/\/now-news.de\/de\/#\/schema\/logo\/image\/\"},\"sameAs\":[\"https:\/\/www.facebook.com\/wirmachenauf\",\"https:\/\/x.com\/WirMachenAuf_de\"]},{\"@type\":\"Person\",\"@id\":\"https:\/\/now-news.de\/de\/#\/schema\/person\/fb534a4e865501d8b3285208df34a9b5\",\"name\":\"rtnews\",\"image\":{\"@type\":\"ImageObject\",\"inLanguage\":\"de\",\"@id\":\"https:\/\/now-news.de\/de\/#\/schema\/person\/image\/\",\"url\":\"https:\/\/secure.gravatar.com\/avatar\/82aafea7d8127119dd649515f56e2117?s=96&d=mm&r=g\",\"contentUrl\":\"https:\/\/secure.gravatar.com\/avatar\/82aafea7d8127119dd649515f56e2117?s=96&d=mm&r=g\",\"caption\":\"rtnews\"},\"url\":\"https:\/\/now-news.de\/de\/author\/rnews\/\"}]}<\/script>\n<!-- \/ Yoast SEO Premium plugin. -->","yoast_head_json":{"title":"Marke VW nicht wettbewerbsf\u00e4hig? VW-Konzern k\u00fcndigt &quot;sp\u00fcrbare Einschnitte&quot; bei Personal an - just-now.NEWS Deutschland","robots":{"index":"index","follow":"follow","max-snippet":"max-snippet:-1","max-image-preview":"max-image-preview:large","max-video-preview":"max-video-preview:-1"},"canonical":"https:\/\/now-news.de\/de\/deutschland\/marke-vw-nicht-wettbewerbsfaehig-vw-konzern-kuendigt-spuerbare-einschnitte-bei-personal-an\/","og_locale":"de_DE","og_type":"article","og_title":"Marke VW nicht wettbewerbsf\u00e4hig? VW-Konzern k\u00fcndigt &quot;sp\u00fcrbare Einschnitte&quot; bei Personal an","og_description":"Der VW-Konzern steckt offenbar in einer Krise. Am Montag haben der Chef der VW-Marke und der VW-Personalvorstand bei einem Treffen mit Gewerkschaftsvertretern &#8220;sp\u00fcrbare Einschnitte&#8221; beim Personal angek\u00fcndigt. Der Volkswagen-Konzern hat seine Belegschaft bei einem Treffen mit Vertretern der IG Metall am Montag auf Personalk\u00fcrzungen und weitere Einschnitte eingestellt. Der Chef der Marke Volkswagen innerhalb des [&hellip;]","og_url":"https:\/\/now-news.de\/de\/deutschland\/marke-vw-nicht-wettbewerbsfaehig-vw-konzern-kuendigt-spuerbare-einschnitte-bei-personal-an\/","og_site_name":"just-now.NEWS Deutschland","article_publisher":"https:\/\/www.facebook.com\/wirmachenauf","article_published_time":"2023-11-27T19:39:10+00:00","og_image":[{"width":460,"height":259,"url":"https:\/\/now-news.de\/de\/wp-content\/uploads\/sites\/3\/2023\/11\/Marke-VW-nicht-wettbewerbsfaehig-VW-Konzern-kuendigt-quotspuerbare-Einschnittequot-bei-Personal.jpg","type":"image\/jpeg"}],"author":"rtnews","twitter_card":"summary_large_image","twitter_creator":"@WirMachenAuf_de","twitter_site":"@WirMachenAuf_de","twitter_misc":{"Verfasst von":"rtnews","Gesch\u00e4tzte Lesezeit":"2\u00a0Minuten"},"schema":{"@context":"https:\/\/schema.org","@graph":[{"@type":"Article","@id":"https:\/\/now-news.de\/de\/deutschland\/marke-vw-nicht-wettbewerbsfaehig-vw-konzern-kuendigt-spuerbare-einschnitte-bei-personal-an\/#article","isPartOf":{"@id":"https:\/\/now-news.de\/de\/deutschland\/marke-vw-nicht-wettbewerbsfaehig-vw-konzern-kuendigt-spuerbare-einschnitte-bei-personal-an\/"},"author":{"name":"rtnews","@id":"https:\/\/now-news.de\/de\/#\/schema\/person\/fb534a4e865501d8b3285208df34a9b5"},"headline":"Marke VW nicht wettbewerbsf\u00e4hig? VW-Konzern k\u00fcndigt &quot;sp\u00fcrbare Einschnitte&quot; bei Personal an","datePublished":"2023-11-27T19:39:10+00:00","dateModified":"2023-11-27T19:39:10+00:00","mainEntityOfPage":{"@id":"https:\/\/now-news.de\/de\/deutschland\/marke-vw-nicht-wettbewerbsfaehig-vw-konzern-kuendigt-spuerbare-einschnitte-bei-personal-an\/"},"wordCount":345,"commentCount":0,"publisher":{"@id":"https:\/\/now-news.de\/de\/#organization"},"image":{"@id":"https:\/\/now-news.de\/de\/deutschland\/marke-vw-nicht-wettbewerbsfaehig-vw-konzern-kuendigt-spuerbare-einschnitte-bei-personal-an\/#primaryimage"},"thumbnailUrl":"https:\/\/now-news.de\/de\/wp-content\/uploads\/sites\/3\/2023\/11\/Marke-VW-nicht-wettbewerbsfaehig-VW-Konzern-kuendigt-quotspuerbare-Einschnittequot-bei-Personal.jpg","keywords":["bei","Einschnittequot","k\u00fcndigt","Marke","nicht","Personal","quotsp\u00fcrbare","VWKonzern","wettbewerbsf\u00e4hig"],"articleSection":["Deutschland","Russland"],"inLanguage":"de","potentialAction":[{"@type":"CommentAction","name":"Comment","target":["https:\/\/now-news.de\/de\/deutschland\/marke-vw-nicht-wettbewerbsfaehig-vw-konzern-kuendigt-spuerbare-einschnitte-bei-personal-an\/#respond"]}]},{"@type":"WebPage","@id":"https:\/\/now-news.de\/de\/deutschland\/marke-vw-nicht-wettbewerbsfaehig-vw-konzern-kuendigt-spuerbare-einschnitte-bei-personal-an\/","url":"https:\/\/now-news.de\/de\/deutschland\/marke-vw-nicht-wettbewerbsfaehig-vw-konzern-kuendigt-spuerbare-einschnitte-bei-personal-an\/","name":"Marke VW nicht wettbewerbsf\u00e4hig? VW-Konzern k\u00fcndigt &quot;sp\u00fcrbare Einschnitte&quot; bei Personal an - just-now.NEWS Deutschland","isPartOf":{"@id":"https:\/\/now-news.de\/de\/#website"},"primaryImageOfPage":{"@id":"https:\/\/now-news.de\/de\/deutschland\/marke-vw-nicht-wettbewerbsfaehig-vw-konzern-kuendigt-spuerbare-einschnitte-bei-personal-an\/#primaryimage"},"image":{"@id":"https:\/\/now-news.de\/de\/deutschland\/marke-vw-nicht-wettbewerbsfaehig-vw-konzern-kuendigt-spuerbare-einschnitte-bei-personal-an\/#primaryimage"},"thumbnailUrl":"https:\/\/now-news.de\/de\/wp-content\/uploads\/sites\/3\/2023\/11\/Marke-VW-nicht-wettbewerbsfaehig-VW-Konzern-kuendigt-quotspuerbare-Einschnittequot-bei-Personal.jpg","datePublished":"2023-11-27T19:39:10+00:00","dateModified":"2023-11-27T19:39:10+00:00","breadcrumb":{"@id":"https:\/\/now-news.de\/de\/deutschland\/marke-vw-nicht-wettbewerbsfaehig-vw-konzern-kuendigt-spuerbare-einschnitte-bei-personal-an\/#breadcrumb"},"inLanguage":"de","potentialAction":[{"@type":"ReadAction","target":["https:\/\/now-news.de\/de\/deutschland\/marke-vw-nicht-wettbewerbsfaehig-vw-konzern-kuendigt-spuerbare-einschnitte-bei-personal-an\/"]}]},{"@type":"ImageObject","inLanguage":"de","@id":"https:\/\/now-news.de\/de\/deutschland\/marke-vw-nicht-wettbewerbsfaehig-vw-konzern-kuendigt-spuerbare-einschnitte-bei-personal-an\/#primaryimage","url":"https:\/\/now-news.de\/de\/wp-content\/uploads\/sites\/3\/2023\/11\/Marke-VW-nicht-wettbewerbsfaehig-VW-Konzern-kuendigt-quotspuerbare-Einschnittequot-bei-Personal.jpg","contentUrl":"https:\/\/now-news.de\/de\/wp-content\/uploads\/sites\/3\/2023\/11\/Marke-VW-nicht-wettbewerbsfaehig-VW-Konzern-kuendigt-quotspuerbare-Einschnittequot-bei-Personal.jpg","width":460,"height":259,"caption":"Marke VW nicht wettbewerbsf\u00e4hig? VW-Konzern k\u00fcndigt &quot;sp\u00fcrbare Einschnitte&quot; bei Personal an"},{"@type":"BreadcrumbList","@id":"https:\/\/now-news.de\/de\/deutschland\/marke-vw-nicht-wettbewerbsfaehig-vw-konzern-kuendigt-spuerbare-einschnitte-bei-personal-an\/#breadcrumb","itemListElement":[{"@type":"ListItem","position":1,"name":"Home","item":"https:\/\/now-news.de\/de\/"},{"@type":"ListItem","position":2,"name":"Marke VW nicht wettbewerbsf\u00e4hig? VW-Konzern k\u00fcndigt &quot;sp\u00fcrbare Einschnitte&quot; bei Personal an"}]},{"@type":"WebSite","@id":"https:\/\/now-news.de\/de\/#website","url":"https:\/\/now-news.de\/de\/","name":"just-now.NEWS Deutschland","description":"Das Portal f\u00fcr unzensierte Nachrichten aus der Welt","publisher":{"@id":"https:\/\/now-news.de\/de\/#organization"},"potentialAction":[{"@type":"SearchAction","target":{"@type":"EntryPoint","urlTemplate":"https:\/\/now-news.de\/de\/?s={search_term_string}"},"query-input":"required name=search_term_string"}],"inLanguage":"de"},{"@type":"Organization","@id":"https:\/\/now-news.de\/de\/#organization","name":"Just Now News","url":"https:\/\/now-news.de\/de\/","logo":{"@type":"ImageObject","inLanguage":"de","@id":"https:\/\/now-news.de\/de\/#\/schema\/logo\/image\/","url":"http:\/\/just-now.news\/de\/wp-content\/uploads\/sites\/3\/2022\/04\/logo500x500.jpg","contentUrl":"http:\/\/just-now.news\/de\/wp-content\/uploads\/sites\/3\/2022\/04\/logo500x500.jpg","width":500,"height":500,"caption":"Just Now News"},"image":{"@id":"https:\/\/now-news.de\/de\/#\/schema\/logo\/image\/"},"sameAs":["https:\/\/www.facebook.com\/wirmachenauf","https:\/\/x.com\/WirMachenAuf_de"]},{"@type":"Person","@id":"https:\/\/now-news.de\/de\/#\/schema\/person\/fb534a4e865501d8b3285208df34a9b5","name":"rtnews","image":{"@type":"ImageObject","inLanguage":"de","@id":"https:\/\/now-news.de\/de\/#\/schema\/person\/image\/","url":"https:\/\/secure.gravatar.com\/avatar\/82aafea7d8127119dd649515f56e2117?s=96&d=mm&r=g","contentUrl":"https:\/\/secure.gravatar.com\/avatar\/82aafea7d8127119dd649515f56e2117?s=96&d=mm&r=g","caption":"rtnews"},"url":"https:\/\/now-news.de\/de\/author\/rnews\/"}]}},"_links":{"self":[{"href":"https:\/\/now-news.de\/de\/wp-json\/wp\/v2\/posts\/50512"}],"collection":[{"href":"https:\/\/now-news.de\/de\/wp-json\/wp\/v2\/posts"}],"about":[{"href":"https:\/\/now-news.de\/de\/wp-json\/wp\/v2\/types\/post"}],"author":[{"embeddable":true,"href":"https:\/\/now-news.de\/de\/wp-json\/wp\/v2\/users\/3"}],"replies":[{"embeddable":true,"href":"https:\/\/now-news.de\/de\/wp-json\/wp\/v2\/comments?post=50512"}],"version-history":[{"count":0,"href":"https:\/\/now-news.de\/de\/wp-json\/wp\/v2\/posts\/50512\/revisions"}],"wp:featuredmedia":[{"embeddable":true,"href":"https:\/\/now-news.de\/de\/wp-json\/wp\/v2\/media\/50513"}],"wp:attachment":[{"href":"https:\/\/now-news.de\/de\/wp-json\/wp\/v2\/media?parent=50512"}],"wp:term":[{"taxonomy":"category","embeddable":true,"href":"https:\/\/now-news.de\/de\/wp-json\/wp\/v2\/categories?post=50512"},{"taxonomy":"post_tag","embeddable":true,"href":"https:\/\/now-news.de\/de\/wp-json\/wp\/v2\/tags?post=50512"}],"curies":[{"name":"wp","href":"https:\/\/api.w.org\/{rel}","templated":true}]}}