{"id":50510,"date":"2023-11-27T22:59:20","date_gmt":"2023-11-27T20:59:20","guid":{"rendered":"https:\/\/just-now.news\/de\/deutschland\/neue-gaza-freiheitsflottille-wird-am-mittwoch-von-der-tuerkei-aus-aufbrechen\/"},"modified":"2023-11-27T22:59:20","modified_gmt":"2023-11-27T20:59:20","slug":"neue-gaza-freiheitsflottille-wird-am-mittwoch-von-der-tuerkei-aus-aufbrechen","status":"publish","type":"post","link":"https:\/\/now-news.de\/de\/deutschland\/neue-gaza-freiheitsflottille-wird-am-mittwoch-von-der-tuerkei-aus-aufbrechen\/","title":{"rendered":"Neue Gaza-Freiheitsflottille wird am Mittwoch von der T\u00fcrkei aus aufbrechen"},"content":{"rendered":"<p><img decoding=\"async\" src=\"http:\/\/just-now.news\/de\/wp-content\/uploads\/sites\/3\/2023\/11\/6564c076b480cc790864fd1f.jpg\" \/><\/p>\n<div class=\"Text-root Text-type_1 \">\n                Die Lage im Gazastreifen, der von Israel seit Jahren mit einer Seeblockade belegt wird, soll durch eine neue Solidarit\u00e4tsflottille weitere internationale Aufmerksamkeit erhalten. \u00dcbermorgen wird ein neuer Schiffskonvoi von der T\u00fcrkei nach Gaza aufbrechen.\n            <\/div>\n<p><\/p>\n<div class=\"Text-root Text-type_5 ArticleView-text ViewText-root \">\n<p>Gut 13 Jahre nach der ersten &#8220;Gaza Freedom Flotilla&#8221; (Freiheitsflottille f\u00fcr Gaza) vom Mai 2010 soll am kommenden Mittwoch wieder ein internationaler Boots- und Schiffskonvoi von der T\u00fcrkei aus in Richtung Gaza aufbrechen. Wie die <em>Middle East Monitor<\/em>\u00a0<a rel=\"nofollow noopener\" target=\"_blank\" href=\"https:\/\/www.middleeastmonitor.com\/20231121-1000-boats-to-leave-turkiye-for-gaza-waters-in-new-freedom-flotilla\/\">meldet<\/a>, werden t\u00fcrkischen Medienberichten zufolge rund 1.000 Boote und kleinere Schiffe in der T\u00fcrkei zusammengezogen.<\/p>\n<p>Einer der Organisatoren der Protestaktion, Volkan Ok\u00e7u, erkl\u00e4rte dazu in einem Interview mit der t\u00fcrkischen Nachrichten-Website <em>Haber7<\/em>, dass in den Booten 4.500 Menschen aus 40 L\u00e4ndern, &#8220;darunter auch antizionistische Juden&#8221;, nach Gaza fahren w\u00fcrden.<\/p>\n<p>Unter den 1.000 Booten und Schiffen bef\u00e4nden sich 313 Boote mit russischen Aktivisten und 104 mit Teilnehmern aus Spanien, so Ok\u00e7u. Dagegen w\u00fcrden nur 12 t\u00fcrkische Schiffe der Flottille angeh\u00f6ren, erkl\u00e4rte Volkan Ok\u00e7u gegen\u00fcber <em>Haber7<\/em>.<\/p>\n<div class=\"EmbedBlock-root EmbedBlock-twitter\">\n<div class=\"TwitterEmbed\">\n<blockquote class=\"twitter-tweet lazyload\" data-twitter=\"twitter-tweet\">\n<p lang=\"tr\" dir=\"ltr\">Bodrum&#8217;a geldim, ak\u015fam 8&#8217;e kadar yat ve yelken kl\u00fcpleri ile g\u00f6r\u00fc\u015fece\u011fim, uluslararas\u0131 kul\u00fcplerden de ciddi bir kat\u0131l\u0131m s\u00f6z konusu birlikte hareket etmek en do\u011frusu gibi g\u00f6r\u00fcn\u00fcyor&#8230;Ak\u015fam 8&#8217;de bodrum merkezde olaca\u011f\u0131m kat\u0131lacak arkada\u015flar ile toplant\u0131 yapar planlamaya son\u2026 <a rel=\"nofollow noopener\" target=\"_blank\" href=\"https:\/\/t.co\/9OdGI4lLxn\">https:\/\/t.co\/9OdGI4lLxn<\/a><a rel=\"nofollow noopener\" target=\"_blank\" href=\"https:\/\/t.co\/ITAT7aJAko\">pic.twitter.com\/ITAT7aJAko<\/a><\/p>\n<p>\u2014 Volkan Ok\u00e7u (@VolkanOkcuoglu) <a rel=\"nofollow noopener\" target=\"_blank\" href=\"https:\/\/twitter.com\/VolkanOkcuoglu\/status\/1725489042035241216?ref_src=twsrc%5Etfw\">November 17, 2023<\/a><\/p><\/blockquote>\n<\/div>\n<\/div>\n<p>Vorgesehen ist, dass die Schiffe zun\u00e4chst Zypern anlaufen, bevor sie zum israelischen Hafen Aschdod weiterfahren. Einige Teilnehmer der Flottille werden Berichten zufolge auch ihre Ehegatten und Kinder mit an Bord nehmen.<\/p>\n<p>Am 31. Mai 2010 enterten israelische Marine-Spezialeinheiten nicht nur kleinere Boote und Schiffe, sondern auch die &#8220;Mavi Marmara&#8221;, die quasi als Flaggschiff der ersten Gaza-Freiheitsflottille fungierte, gewaltsam und in internationalen Gew\u00e4ssern. Bei der Kaperung der Protest-Flottille, die Hilfsg\u00fcter nach Gaza bringen und auf die Seeblockade des Gazastreifens durch Israel aufmerksam machen wollte, wurden zehn Zivilisten von israelischen Soldaten erschossen und 56 Menschen verletzt.<\/p>\n<p><strong>Mehr zum Thema<\/strong> &#8211; <a rel=\"nofollow noopener\" target=\"_blank\" href=\"https:\/\/freedert.online\/der-nahe-osten\/188196-elon-musk-in-israel-starlink\/\">Elon Musk: Starlink-Einsatz in Gaza nur mit Erlaubnis der israelischen Regierung<\/a><\/p>\n<\/p>\n<\/div>\n<p><script async src=\"https:\/\/platform.twitter.com\/widgets.js\" charset=\"utf-8\"><\/script><br \/>\n<br \/><br \/>\n<br \/><a href=\"https:\/\/de.rt.com\/der-nahe-osten\/188240-neue-gaza-flottille-bricht-von\/\">Source link <\/a><\/p>\n","protected":false},"excerpt":{"rendered":"<p>Die Lage im Gazastreifen, der von Israel seit Jahren mit einer Seeblockade belegt wird, soll durch eine neue Solidarit\u00e4tsflottille weitere internationale Aufmerksamkeit erhalten. \u00dcbermorgen wird ein neuer Schiffskonvoi von der T\u00fcrkei nach Gaza aufbrechen. Gut 13 Jahre nach der ersten &#8220;Gaza Freedom Flotilla&#8221; (Freiheitsflottille f\u00fcr Gaza) vom Mai 2010 soll am kommenden Mittwoch wieder ein [&hellip;]<\/p>\n","protected":false},"author":3,"featured_media":50511,"comment_status":"open","ping_status":"open","sticky":false,"template":"","format":"standard","meta":{"_yoast_indexnow_last_ping":["1701119753"],"wp_automatic_camp":["217"],"18e0d272944436afbc97fafde2ac1538":["Neue Gaza-Freiheitsflottille wird am Mittwoch von der T\u00fcrkei aus aufbrechen"],"original_link":["https:\/\/de.rt.com\/der-nahe-osten\/188240-neue-gaza-flottille-bricht-von\/"],"_thumbnail_id":["50511"],"jnews_social_counter_last_update":["1777318219"],"_wptgpro_p2tg_sent2tg":["a:1:{i:23737;s:19:\"2023-11-27 23:16:59\";}"]},"categories":[19,23],"tags":[40889,679,82,51045,24436,1227,1897,50,374],"yoast_head":"<!-- This site is optimized with the Yoast SEO Premium plugin v22.7 (Yoast SEO v22.7) - https:\/\/yoast.com\/wordpress\/plugins\/seo\/ -->\n<title>Neue Gaza-Freiheitsflottille wird am Mittwoch von der T\u00fcrkei aus aufbrechen - just-now.NEWS Deutschland<\/title>\n<meta name=\"robots\" content=\"index, follow, max-snippet:-1, max-image-preview:large, max-video-preview:-1\" \/>\n<link rel=\"canonical\" href=\"https:\/\/now-news.de\/de\/deutschland\/neue-gaza-freiheitsflottille-wird-am-mittwoch-von-der-tuerkei-aus-aufbrechen\/\" \/>\n<meta property=\"og:locale\" content=\"de_DE\" \/>\n<meta property=\"og:type\" content=\"article\" \/>\n<meta property=\"og:title\" content=\"Neue Gaza-Freiheitsflottille wird am Mittwoch von der T\u00fcrkei aus aufbrechen\" \/>\n<meta property=\"og:description\" content=\"Die Lage im Gazastreifen, der von Israel seit Jahren mit einer Seeblockade belegt wird, soll durch eine neue Solidarit\u00e4tsflottille weitere internationale Aufmerksamkeit erhalten. \u00dcbermorgen wird ein neuer Schiffskonvoi von der T\u00fcrkei nach Gaza aufbrechen. Gut 13 Jahre nach der ersten &#8220;Gaza Freedom Flotilla&#8221; (Freiheitsflottille f\u00fcr Gaza) vom Mai 2010 soll am kommenden Mittwoch wieder ein [&hellip;]\" \/>\n<meta property=\"og:url\" content=\"https:\/\/now-news.de\/de\/deutschland\/neue-gaza-freiheitsflottille-wird-am-mittwoch-von-der-tuerkei-aus-aufbrechen\/\" \/>\n<meta property=\"og:site_name\" content=\"just-now.NEWS Deutschland\" \/>\n<meta property=\"article:publisher\" content=\"https:\/\/www.facebook.com\/wirmachenauf\" \/>\n<meta property=\"article:published_time\" content=\"2023-11-27T20:59:20+00:00\" \/>\n<meta property=\"og:image\" content=\"https:\/\/now-news.de\/de\/wp-content\/uploads\/sites\/3\/2023\/11\/Neue-Gaza-Freiheitsflottille-wird-am-Mittwoch-von-der-Tuerkei-aus-aufbrechen.jpg\" \/>\n\t<meta property=\"og:image:width\" content=\"460\" \/>\n\t<meta property=\"og:image:height\" content=\"259\" \/>\n\t<meta property=\"og:image:type\" content=\"image\/jpeg\" \/>\n<meta name=\"author\" content=\"rtnews\" \/>\n<meta name=\"twitter:card\" content=\"summary_large_image\" \/>\n<meta name=\"twitter:creator\" content=\"@WirMachenAuf_de\" \/>\n<meta name=\"twitter:site\" content=\"@WirMachenAuf_de\" \/>\n<meta name=\"twitter:label1\" content=\"Verfasst von\" \/>\n\t<meta name=\"twitter:data1\" content=\"rtnews\" \/>\n\t<meta name=\"twitter:label2\" content=\"Gesch\u00e4tzte Lesezeit\" \/>\n\t<meta name=\"twitter:data2\" content=\"2\u00a0Minuten\" \/>\n<script type=\"application\/ld+json\" class=\"yoast-schema-graph\">{\"@context\":\"https:\/\/schema.org\",\"@graph\":[{\"@type\":\"Article\",\"@id\":\"https:\/\/now-news.de\/de\/deutschland\/neue-gaza-freiheitsflottille-wird-am-mittwoch-von-der-tuerkei-aus-aufbrechen\/#article\",\"isPartOf\":{\"@id\":\"https:\/\/now-news.de\/de\/deutschland\/neue-gaza-freiheitsflottille-wird-am-mittwoch-von-der-tuerkei-aus-aufbrechen\/\"},\"author\":{\"name\":\"rtnews\",\"@id\":\"https:\/\/now-news.de\/de\/#\/schema\/person\/fb534a4e865501d8b3285208df34a9b5\"},\"headline\":\"Neue Gaza-Freiheitsflottille wird am Mittwoch von der T\u00fcrkei aus aufbrechen\",\"datePublished\":\"2023-11-27T20:59:20+00:00\",\"dateModified\":\"2023-11-27T20:59:20+00:00\",\"mainEntityOfPage\":{\"@id\":\"https:\/\/now-news.de\/de\/deutschland\/neue-gaza-freiheitsflottille-wird-am-mittwoch-von-der-tuerkei-aus-aufbrechen\/\"},\"wordCount\":360,\"commentCount\":0,\"publisher\":{\"@id\":\"https:\/\/now-news.de\/de\/#organization\"},\"image\":{\"@id\":\"https:\/\/now-news.de\/de\/deutschland\/neue-gaza-freiheitsflottille-wird-am-mittwoch-von-der-tuerkei-aus-aufbrechen\/#primaryimage\"},\"thumbnailUrl\":\"https:\/\/now-news.de\/de\/wp-content\/uploads\/sites\/3\/2023\/11\/Neue-Gaza-Freiheitsflottille-wird-am-Mittwoch-von-der-Tuerkei-aus-aufbrechen.jpg\",\"keywords\":[\"aufbrechen\",\"aus\",\"der\",\"GazaFreiheitsflottille\",\"Mittwoch\",\"NEUE\",\"T\u00fcrkei\",\"von\",\"wird\"],\"articleSection\":[\"Deutschland\",\"Russland\"],\"inLanguage\":\"de\",\"potentialAction\":[{\"@type\":\"CommentAction\",\"name\":\"Comment\",\"target\":[\"https:\/\/now-news.de\/de\/deutschland\/neue-gaza-freiheitsflottille-wird-am-mittwoch-von-der-tuerkei-aus-aufbrechen\/#respond\"]}]},{\"@type\":\"WebPage\",\"@id\":\"https:\/\/now-news.de\/de\/deutschland\/neue-gaza-freiheitsflottille-wird-am-mittwoch-von-der-tuerkei-aus-aufbrechen\/\",\"url\":\"https:\/\/now-news.de\/de\/deutschland\/neue-gaza-freiheitsflottille-wird-am-mittwoch-von-der-tuerkei-aus-aufbrechen\/\",\"name\":\"Neue Gaza-Freiheitsflottille wird am Mittwoch von der T\u00fcrkei aus aufbrechen - just-now.NEWS Deutschland\",\"isPartOf\":{\"@id\":\"https:\/\/now-news.de\/de\/#website\"},\"primaryImageOfPage\":{\"@id\":\"https:\/\/now-news.de\/de\/deutschland\/neue-gaza-freiheitsflottille-wird-am-mittwoch-von-der-tuerkei-aus-aufbrechen\/#primaryimage\"},\"image\":{\"@id\":\"https:\/\/now-news.de\/de\/deutschland\/neue-gaza-freiheitsflottille-wird-am-mittwoch-von-der-tuerkei-aus-aufbrechen\/#primaryimage\"},\"thumbnailUrl\":\"https:\/\/now-news.de\/de\/wp-content\/uploads\/sites\/3\/2023\/11\/Neue-Gaza-Freiheitsflottille-wird-am-Mittwoch-von-der-Tuerkei-aus-aufbrechen.jpg\",\"datePublished\":\"2023-11-27T20:59:20+00:00\",\"dateModified\":\"2023-11-27T20:59:20+00:00\",\"breadcrumb\":{\"@id\":\"https:\/\/now-news.de\/de\/deutschland\/neue-gaza-freiheitsflottille-wird-am-mittwoch-von-der-tuerkei-aus-aufbrechen\/#breadcrumb\"},\"inLanguage\":\"de\",\"potentialAction\":[{\"@type\":\"ReadAction\",\"target\":[\"https:\/\/now-news.de\/de\/deutschland\/neue-gaza-freiheitsflottille-wird-am-mittwoch-von-der-tuerkei-aus-aufbrechen\/\"]}]},{\"@type\":\"ImageObject\",\"inLanguage\":\"de\",\"@id\":\"https:\/\/now-news.de\/de\/deutschland\/neue-gaza-freiheitsflottille-wird-am-mittwoch-von-der-tuerkei-aus-aufbrechen\/#primaryimage\",\"url\":\"https:\/\/now-news.de\/de\/wp-content\/uploads\/sites\/3\/2023\/11\/Neue-Gaza-Freiheitsflottille-wird-am-Mittwoch-von-der-Tuerkei-aus-aufbrechen.jpg\",\"contentUrl\":\"https:\/\/now-news.de\/de\/wp-content\/uploads\/sites\/3\/2023\/11\/Neue-Gaza-Freiheitsflottille-wird-am-Mittwoch-von-der-Tuerkei-aus-aufbrechen.jpg\",\"width\":460,\"height\":259,\"caption\":\"Neue Gaza-Freiheitsflottille wird am Mittwoch von der T\u00fcrkei aus aufbrechen\"},{\"@type\":\"BreadcrumbList\",\"@id\":\"https:\/\/now-news.de\/de\/deutschland\/neue-gaza-freiheitsflottille-wird-am-mittwoch-von-der-tuerkei-aus-aufbrechen\/#breadcrumb\",\"itemListElement\":[{\"@type\":\"ListItem\",\"position\":1,\"name\":\"Home\",\"item\":\"https:\/\/now-news.de\/de\/\"},{\"@type\":\"ListItem\",\"position\":2,\"name\":\"Neue Gaza-Freiheitsflottille wird am Mittwoch von der T\u00fcrkei aus aufbrechen\"}]},{\"@type\":\"WebSite\",\"@id\":\"https:\/\/now-news.de\/de\/#website\",\"url\":\"https:\/\/now-news.de\/de\/\",\"name\":\"just-now.NEWS Deutschland\",\"description\":\"Das Portal f\u00fcr unzensierte Nachrichten aus der Welt\",\"publisher\":{\"@id\":\"https:\/\/now-news.de\/de\/#organization\"},\"potentialAction\":[{\"@type\":\"SearchAction\",\"target\":{\"@type\":\"EntryPoint\",\"urlTemplate\":\"https:\/\/now-news.de\/de\/?s={search_term_string}\"},\"query-input\":\"required name=search_term_string\"}],\"inLanguage\":\"de\"},{\"@type\":\"Organization\",\"@id\":\"https:\/\/now-news.de\/de\/#organization\",\"name\":\"Just Now News\",\"url\":\"https:\/\/now-news.de\/de\/\",\"logo\":{\"@type\":\"ImageObject\",\"inLanguage\":\"de\",\"@id\":\"https:\/\/now-news.de\/de\/#\/schema\/logo\/image\/\",\"url\":\"http:\/\/just-now.news\/de\/wp-content\/uploads\/sites\/3\/2022\/04\/logo500x500.jpg\",\"contentUrl\":\"http:\/\/just-now.news\/de\/wp-content\/uploads\/sites\/3\/2022\/04\/logo500x500.jpg\",\"width\":500,\"height\":500,\"caption\":\"Just Now News\"},\"image\":{\"@id\":\"https:\/\/now-news.de\/de\/#\/schema\/logo\/image\/\"},\"sameAs\":[\"https:\/\/www.facebook.com\/wirmachenauf\",\"https:\/\/x.com\/WirMachenAuf_de\"]},{\"@type\":\"Person\",\"@id\":\"https:\/\/now-news.de\/de\/#\/schema\/person\/fb534a4e865501d8b3285208df34a9b5\",\"name\":\"rtnews\",\"image\":{\"@type\":\"ImageObject\",\"inLanguage\":\"de\",\"@id\":\"https:\/\/now-news.de\/de\/#\/schema\/person\/image\/\",\"url\":\"https:\/\/secure.gravatar.com\/avatar\/82aafea7d8127119dd649515f56e2117?s=96&d=mm&r=g\",\"contentUrl\":\"https:\/\/secure.gravatar.com\/avatar\/82aafea7d8127119dd649515f56e2117?s=96&d=mm&r=g\",\"caption\":\"rtnews\"},\"url\":\"https:\/\/now-news.de\/de\/author\/rnews\/\"}]}<\/script>\n<!-- \/ Yoast SEO Premium plugin. -->","yoast_head_json":{"title":"Neue Gaza-Freiheitsflottille wird am Mittwoch von der T\u00fcrkei aus aufbrechen - just-now.NEWS Deutschland","robots":{"index":"index","follow":"follow","max-snippet":"max-snippet:-1","max-image-preview":"max-image-preview:large","max-video-preview":"max-video-preview:-1"},"canonical":"https:\/\/now-news.de\/de\/deutschland\/neue-gaza-freiheitsflottille-wird-am-mittwoch-von-der-tuerkei-aus-aufbrechen\/","og_locale":"de_DE","og_type":"article","og_title":"Neue Gaza-Freiheitsflottille wird am Mittwoch von der T\u00fcrkei aus aufbrechen","og_description":"Die Lage im Gazastreifen, der von Israel seit Jahren mit einer Seeblockade belegt wird, soll durch eine neue Solidarit\u00e4tsflottille weitere internationale Aufmerksamkeit erhalten. \u00dcbermorgen wird ein neuer Schiffskonvoi von der T\u00fcrkei nach Gaza aufbrechen. Gut 13 Jahre nach der ersten &#8220;Gaza Freedom Flotilla&#8221; (Freiheitsflottille f\u00fcr Gaza) vom Mai 2010 soll am kommenden Mittwoch wieder ein [&hellip;]","og_url":"https:\/\/now-news.de\/de\/deutschland\/neue-gaza-freiheitsflottille-wird-am-mittwoch-von-der-tuerkei-aus-aufbrechen\/","og_site_name":"just-now.NEWS Deutschland","article_publisher":"https:\/\/www.facebook.com\/wirmachenauf","article_published_time":"2023-11-27T20:59:20+00:00","og_image":[{"width":460,"height":259,"url":"https:\/\/now-news.de\/de\/wp-content\/uploads\/sites\/3\/2023\/11\/Neue-Gaza-Freiheitsflottille-wird-am-Mittwoch-von-der-Tuerkei-aus-aufbrechen.jpg","type":"image\/jpeg"}],"author":"rtnews","twitter_card":"summary_large_image","twitter_creator":"@WirMachenAuf_de","twitter_site":"@WirMachenAuf_de","twitter_misc":{"Verfasst von":"rtnews","Gesch\u00e4tzte Lesezeit":"2\u00a0Minuten"},"schema":{"@context":"https:\/\/schema.org","@graph":[{"@type":"Article","@id":"https:\/\/now-news.de\/de\/deutschland\/neue-gaza-freiheitsflottille-wird-am-mittwoch-von-der-tuerkei-aus-aufbrechen\/#article","isPartOf":{"@id":"https:\/\/now-news.de\/de\/deutschland\/neue-gaza-freiheitsflottille-wird-am-mittwoch-von-der-tuerkei-aus-aufbrechen\/"},"author":{"name":"rtnews","@id":"https:\/\/now-news.de\/de\/#\/schema\/person\/fb534a4e865501d8b3285208df34a9b5"},"headline":"Neue Gaza-Freiheitsflottille wird am Mittwoch von der T\u00fcrkei aus aufbrechen","datePublished":"2023-11-27T20:59:20+00:00","dateModified":"2023-11-27T20:59:20+00:00","mainEntityOfPage":{"@id":"https:\/\/now-news.de\/de\/deutschland\/neue-gaza-freiheitsflottille-wird-am-mittwoch-von-der-tuerkei-aus-aufbrechen\/"},"wordCount":360,"commentCount":0,"publisher":{"@id":"https:\/\/now-news.de\/de\/#organization"},"image":{"@id":"https:\/\/now-news.de\/de\/deutschland\/neue-gaza-freiheitsflottille-wird-am-mittwoch-von-der-tuerkei-aus-aufbrechen\/#primaryimage"},"thumbnailUrl":"https:\/\/now-news.de\/de\/wp-content\/uploads\/sites\/3\/2023\/11\/Neue-Gaza-Freiheitsflottille-wird-am-Mittwoch-von-der-Tuerkei-aus-aufbrechen.jpg","keywords":["aufbrechen","aus","der","GazaFreiheitsflottille","Mittwoch","NEUE","T\u00fcrkei","von","wird"],"articleSection":["Deutschland","Russland"],"inLanguage":"de","potentialAction":[{"@type":"CommentAction","name":"Comment","target":["https:\/\/now-news.de\/de\/deutschland\/neue-gaza-freiheitsflottille-wird-am-mittwoch-von-der-tuerkei-aus-aufbrechen\/#respond"]}]},{"@type":"WebPage","@id":"https:\/\/now-news.de\/de\/deutschland\/neue-gaza-freiheitsflottille-wird-am-mittwoch-von-der-tuerkei-aus-aufbrechen\/","url":"https:\/\/now-news.de\/de\/deutschland\/neue-gaza-freiheitsflottille-wird-am-mittwoch-von-der-tuerkei-aus-aufbrechen\/","name":"Neue Gaza-Freiheitsflottille wird am Mittwoch von der T\u00fcrkei aus aufbrechen - just-now.NEWS Deutschland","isPartOf":{"@id":"https:\/\/now-news.de\/de\/#website"},"primaryImageOfPage":{"@id":"https:\/\/now-news.de\/de\/deutschland\/neue-gaza-freiheitsflottille-wird-am-mittwoch-von-der-tuerkei-aus-aufbrechen\/#primaryimage"},"image":{"@id":"https:\/\/now-news.de\/de\/deutschland\/neue-gaza-freiheitsflottille-wird-am-mittwoch-von-der-tuerkei-aus-aufbrechen\/#primaryimage"},"thumbnailUrl":"https:\/\/now-news.de\/de\/wp-content\/uploads\/sites\/3\/2023\/11\/Neue-Gaza-Freiheitsflottille-wird-am-Mittwoch-von-der-Tuerkei-aus-aufbrechen.jpg","datePublished":"2023-11-27T20:59:20+00:00","dateModified":"2023-11-27T20:59:20+00:00","breadcrumb":{"@id":"https:\/\/now-news.de\/de\/deutschland\/neue-gaza-freiheitsflottille-wird-am-mittwoch-von-der-tuerkei-aus-aufbrechen\/#breadcrumb"},"inLanguage":"de","potentialAction":[{"@type":"ReadAction","target":["https:\/\/now-news.de\/de\/deutschland\/neue-gaza-freiheitsflottille-wird-am-mittwoch-von-der-tuerkei-aus-aufbrechen\/"]}]},{"@type":"ImageObject","inLanguage":"de","@id":"https:\/\/now-news.de\/de\/deutschland\/neue-gaza-freiheitsflottille-wird-am-mittwoch-von-der-tuerkei-aus-aufbrechen\/#primaryimage","url":"https:\/\/now-news.de\/de\/wp-content\/uploads\/sites\/3\/2023\/11\/Neue-Gaza-Freiheitsflottille-wird-am-Mittwoch-von-der-Tuerkei-aus-aufbrechen.jpg","contentUrl":"https:\/\/now-news.de\/de\/wp-content\/uploads\/sites\/3\/2023\/11\/Neue-Gaza-Freiheitsflottille-wird-am-Mittwoch-von-der-Tuerkei-aus-aufbrechen.jpg","width":460,"height":259,"caption":"Neue Gaza-Freiheitsflottille wird am Mittwoch von der T\u00fcrkei aus aufbrechen"},{"@type":"BreadcrumbList","@id":"https:\/\/now-news.de\/de\/deutschland\/neue-gaza-freiheitsflottille-wird-am-mittwoch-von-der-tuerkei-aus-aufbrechen\/#breadcrumb","itemListElement":[{"@type":"ListItem","position":1,"name":"Home","item":"https:\/\/now-news.de\/de\/"},{"@type":"ListItem","position":2,"name":"Neue Gaza-Freiheitsflottille wird am Mittwoch von der T\u00fcrkei aus aufbrechen"}]},{"@type":"WebSite","@id":"https:\/\/now-news.de\/de\/#website","url":"https:\/\/now-news.de\/de\/","name":"just-now.NEWS Deutschland","description":"Das Portal f\u00fcr unzensierte Nachrichten aus der Welt","publisher":{"@id":"https:\/\/now-news.de\/de\/#organization"},"potentialAction":[{"@type":"SearchAction","target":{"@type":"EntryPoint","urlTemplate":"https:\/\/now-news.de\/de\/?s={search_term_string}"},"query-input":"required name=search_term_string"}],"inLanguage":"de"},{"@type":"Organization","@id":"https:\/\/now-news.de\/de\/#organization","name":"Just Now News","url":"https:\/\/now-news.de\/de\/","logo":{"@type":"ImageObject","inLanguage":"de","@id":"https:\/\/now-news.de\/de\/#\/schema\/logo\/image\/","url":"http:\/\/just-now.news\/de\/wp-content\/uploads\/sites\/3\/2022\/04\/logo500x500.jpg","contentUrl":"http:\/\/just-now.news\/de\/wp-content\/uploads\/sites\/3\/2022\/04\/logo500x500.jpg","width":500,"height":500,"caption":"Just Now News"},"image":{"@id":"https:\/\/now-news.de\/de\/#\/schema\/logo\/image\/"},"sameAs":["https:\/\/www.facebook.com\/wirmachenauf","https:\/\/x.com\/WirMachenAuf_de"]},{"@type":"Person","@id":"https:\/\/now-news.de\/de\/#\/schema\/person\/fb534a4e865501d8b3285208df34a9b5","name":"rtnews","image":{"@type":"ImageObject","inLanguage":"de","@id":"https:\/\/now-news.de\/de\/#\/schema\/person\/image\/","url":"https:\/\/secure.gravatar.com\/avatar\/82aafea7d8127119dd649515f56e2117?s=96&d=mm&r=g","contentUrl":"https:\/\/secure.gravatar.com\/avatar\/82aafea7d8127119dd649515f56e2117?s=96&d=mm&r=g","caption":"rtnews"},"url":"https:\/\/now-news.de\/de\/author\/rnews\/"}]}},"_links":{"self":[{"href":"https:\/\/now-news.de\/de\/wp-json\/wp\/v2\/posts\/50510"}],"collection":[{"href":"https:\/\/now-news.de\/de\/wp-json\/wp\/v2\/posts"}],"about":[{"href":"https:\/\/now-news.de\/de\/wp-json\/wp\/v2\/types\/post"}],"author":[{"embeddable":true,"href":"https:\/\/now-news.de\/de\/wp-json\/wp\/v2\/users\/3"}],"replies":[{"embeddable":true,"href":"https:\/\/now-news.de\/de\/wp-json\/wp\/v2\/comments?post=50510"}],"version-history":[{"count":0,"href":"https:\/\/now-news.de\/de\/wp-json\/wp\/v2\/posts\/50510\/revisions"}],"wp:featuredmedia":[{"embeddable":true,"href":"https:\/\/now-news.de\/de\/wp-json\/wp\/v2\/media\/50511"}],"wp:attachment":[{"href":"https:\/\/now-news.de\/de\/wp-json\/wp\/v2\/media?parent=50510"}],"wp:term":[{"taxonomy":"category","embeddable":true,"href":"https:\/\/now-news.de\/de\/wp-json\/wp\/v2\/categories?post=50510"},{"taxonomy":"post_tag","embeddable":true,"href":"https:\/\/now-news.de\/de\/wp-json\/wp\/v2\/tags?post=50510"}],"curies":[{"name":"wp","href":"https:\/\/api.w.org\/{rel}","templated":true}]}}