{"id":50483,"date":"2023-11-27T18:20:39","date_gmt":"2023-11-27T16:20:39","guid":{"rendered":"https:\/\/just-now.news\/de\/deutschland\/satire-aktion-fordert-afd-verbot-mit-gefaelschtem-scholz-video\/"},"modified":"2023-11-27T18:20:39","modified_gmt":"2023-11-27T16:20:39","slug":"satire-aktion-fordert-afd-verbot-mit-gefaelschtem-scholz-video","status":"publish","type":"post","link":"https:\/\/now-news.de\/de\/deutschland\/satire-aktion-fordert-afd-verbot-mit-gefaelschtem-scholz-video\/","title":{"rendered":"&quot;Satire-Aktion&quot; fordert AfD-Verbot \u2013 mit gef\u00e4lschtem Scholz-Video"},"content":{"rendered":"<p><img decoding=\"async\" src=\"http:\/\/just-now.news\/de\/wp-content\/uploads\/sites\/3\/2023\/11\/65649c0b48fbef1d127e4a29.jpg\" \/><\/p>\n<div class=\"Text-root Text-type_1 \">\n                Olaf Scholz verk\u00fcndet das Verbot der AfD. Allerdings nicht in Wirklichkeit, sondern in einem Fake-Video des &#8220;Zentrums f\u00fcr Politische Sch\u00f6nheit&#8221;. Dazu pr\u00e4sentieren die Aktivisten eine Installation nahe am Deutschen Bundestag, die AfD-Politiker schon hinter Gittern zeigt \u2013 und rufen zum Denunzieren auf.\n            <\/div>\n<p><\/p>\n<div class=\"Text-root Text-type_5 ArticleView-text ViewText-root \">\n<p>Das sogenannte &#8220;Zentrum f\u00fcr Politische Sch\u00f6nheit&#8221; hat eine umfassende Aktion gestartet, die ein Verbot der AfD zum Ziel hat. Am Montag pr\u00e4sentierte die\u00a0Gruppe\u00a0vor dem\u00a0Bundeskanzleramt in Berlin eine angeblich satirisch gemeinte Installation.\u00a0<\/p>\n<p>Auf Fotomontagen sind bekannte AfD-Politiker wie Alice Weide,\u00a0Tino Chrupalla und\u00a0Bj\u00f6rn H\u00f6cke hinter Gitterst\u00e4ben zu sehen. Zudem wurden bei der Pr\u00e4sentation Zitate \u00fcber Lautsprecher abgespielt, die als angebliche Beweise ein AfD-Verbot begr\u00fcnden sollen. Die selbsternannte &#8220;K\u00fcnstlergruppe&#8221; spricht von einer &#8220;provisorischen Justizvollzugsanstalt&#8221;.<\/p>\n<p>Dazu stellte die Gruppe die Seite\u00a0<a rel=\"nofollow noopener\" target=\"_blank\" href=\"https:\/\/afd-verbot.de\/\">afd-verbot.de<\/a> ins Netz, auf der Hinweise f\u00fcr die angebliche Verfassungswidrigkeit dieser Partei gegeben werden k\u00f6nnen und entsprechende &#8220;Beweise&#8221; und &#8220;verd\u00e4chtige Personen&#8221; pr\u00e4sentiert werden. Nat\u00fcrlich werden daf\u00fcr auch noch Geldspenden gesammelt. Die Seite erweckt zudem den Anschein, ein Auftritt der Bundesregierung zu sein.<\/p>\n<div class=\"EmbedBlock-root EmbedBlock-twitter\">\n<div class=\"TwitterEmbed\">\n<blockquote class=\"twitter-tweet lazyload\" data-twitter=\"twitter-tweet\">\n<p lang=\"de\" dir=\"ltr\">BREAKING: Scholz verbietet die AfD! G\u00e4nsehautmoment. Alles zur Initiative der Bundesregierung: <a rel=\"nofollow noopener\" target=\"_blank\" href=\"https:\/\/t.co\/GgUG9GtKJi\">https:\/\/t.co\/GgUG9GtKJi<\/a><a rel=\"nofollow noopener\" target=\"_blank\" href=\"https:\/\/t.co\/xwSr4Lp6xL\">pic.twitter.com\/xwSr4Lp6xL<\/a><\/p>\n<p>\u2014 Zentrum f\u00fcr Politische Sch\u00f6nheit (@politicalbeauty) <a rel=\"nofollow noopener\" target=\"_blank\" href=\"https:\/\/twitter.com\/politicalbeauty\/status\/1729058122503987327?ref_src=twsrc%5Etfw\">November 27, 2023<\/a><\/p><\/blockquote>\n<\/div>\n<\/div>\n<p>Pr\u00e4sentiert wird dort, auf dem Videoportal <a rel=\"nofollow noopener\" target=\"_blank\" href=\"https:\/\/www.youtube.com\/watch?v=g1Gf2MMJr80&amp;t=119s\">YouTube<\/a> und auf sozialen Netzwerken wie X ein mittels k\u00fcnstlicher Intelligenz erstelltes Fake-Video, in dem der Bundeskanzler Olaf Scholz mit reichlich Pathos und unter dem Beifall der B\u00fcrger ein AfD-Verbot verk\u00fcndet.\u00a0<\/p>\n<p>Das &#8220;Zentrum f\u00fcr Politische Sch\u00f6nheit&#8221; sorgte schon in der Vergangenheit wiederholt mit seiner &#8220;Kunst&#8221; und seinen &#8220;Satire&#8221;-Aktionen f\u00fcr Aufsehen. Vor einem Jahr forderten die staatstragenden Aktivisten &#8220;Putin bestrafen!&#8221; und fragten:\u00a0&#8220;Wo befindet sich der Idiot?&#8221; Im Jahr 2018 rief das Zentrum \u00fcber die Webseite &#8220;Soko Chemnitz&#8221; dazu auf, &#8220;verd\u00e4chtige Teilnehmer&#8221; der dortigen Unruhen zu melden und zu denunzieren.<\/p>\n<p>In Politik und Medien finden diese Aktionen regelm\u00e4\u00dfig viel Verst\u00e4ndnis und Sympathie. Im Jahr 2015 erhielt das von dem Philosophen Philipp Ruch geleitete Zentrum den &#8220;Amadeu Antonio Preis&#8221; der gleichnamigen Stiftung. Das Zentrum ist als gemeinn\u00fctzig anerkannt und somit sind Spenden f\u00fcr die &#8220;K\u00fcnstler&#8221; steuerlich absetzbar.\u00a0\u00a0<\/p>\n<p><strong>Mehr zum Thema<\/strong> &#8211; <a rel=\"nofollow noopener\" target=\"_blank\" href=\"https:\/\/freedert.online\/meinung\/91880-afd-vor-machtergreifung-philipp-ruch\/\">Putin hinter der K\u00f6lner Silvesternacht? Das schr\u00e4ge Weltbild des Philipp Ruch<\/a><\/p>\n<\/div>\n<p><script async src=\"https:\/\/platform.twitter.com\/widgets.js\" charset=\"utf-8\"><\/script><br \/>\n<br \/><br \/>\n<br \/><a href=\"https:\/\/de.rt.com\/inland\/188201-satire-aktion-fordert-afd-verbot\/\">Source link <\/a><\/p>\n","protected":false},"excerpt":{"rendered":"<p>Olaf Scholz verk\u00fcndet das Verbot der AfD. Allerdings nicht in Wirklichkeit, sondern in einem Fake-Video des &#8220;Zentrums f\u00fcr Politische Sch\u00f6nheit&#8221;. Dazu pr\u00e4sentieren die Aktivisten eine Installation nahe am Deutschen Bundestag, die AfD-Politiker schon hinter Gittern zeigt \u2013 und rufen zum Denunzieren auf. Das sogenannte &#8220;Zentrum f\u00fcr Politische Sch\u00f6nheit&#8221; hat eine umfassende Aktion gestartet, die ein [&hellip;]<\/p>\n","protected":false},"author":3,"featured_media":50484,"comment_status":"open","ping_status":"open","sticky":false,"template":"","format":"standard","meta":{"_yoast_indexnow_last_ping":["1701102170"],"wp_automatic_camp":["217"],"dbdf46b574a90a008fd268e114d94da7":["&quot;Satire-Aktion&quot; fordert AfD-Verbot \u2013 mit gef\u00e4lschtem Scholz-Video"],"original_link":["https:\/\/de.rt.com\/inland\/188201-satire-aktion-fordert-afd-verbot\/"],"_thumbnail_id":["50484"],"jnews_social_counter_last_update":["1776931125"],"_wptgpro_p2tg_sent2tg":["a:1:{i:23737;s:19:\"2023-11-27 18:24:04\";}"]},"categories":[19,23],"tags":[34226,355,51041,419,51040,51042],"yoast_head":"<!-- This site is optimized with the Yoast SEO Premium plugin v22.7 (Yoast SEO v22.7) - https:\/\/yoast.com\/wordpress\/plugins\/seo\/ -->\n<title>&quot;Satire-Aktion&quot; fordert AfD-Verbot \u2013 mit gef\u00e4lschtem Scholz-Video - just-now.NEWS Deutschland<\/title>\n<meta name=\"robots\" content=\"index, follow, max-snippet:-1, max-image-preview:large, max-video-preview:-1\" \/>\n<link rel=\"canonical\" href=\"https:\/\/now-news.de\/de\/deutschland\/satire-aktion-fordert-afd-verbot-mit-gefaelschtem-scholz-video\/\" \/>\n<meta property=\"og:locale\" content=\"de_DE\" \/>\n<meta property=\"og:type\" content=\"article\" \/>\n<meta property=\"og:title\" content=\"&quot;Satire-Aktion&quot; fordert AfD-Verbot \u2013 mit gef\u00e4lschtem Scholz-Video\" \/>\n<meta property=\"og:description\" content=\"Olaf Scholz verk\u00fcndet das Verbot der AfD. Allerdings nicht in Wirklichkeit, sondern in einem Fake-Video des &#8220;Zentrums f\u00fcr Politische Sch\u00f6nheit&#8221;. Dazu pr\u00e4sentieren die Aktivisten eine Installation nahe am Deutschen Bundestag, die AfD-Politiker schon hinter Gittern zeigt \u2013 und rufen zum Denunzieren auf. Das sogenannte &#8220;Zentrum f\u00fcr Politische Sch\u00f6nheit&#8221; hat eine umfassende Aktion gestartet, die ein [&hellip;]\" \/>\n<meta property=\"og:url\" content=\"https:\/\/now-news.de\/de\/deutschland\/satire-aktion-fordert-afd-verbot-mit-gefaelschtem-scholz-video\/\" \/>\n<meta property=\"og:site_name\" content=\"just-now.NEWS Deutschland\" \/>\n<meta property=\"article:publisher\" content=\"https:\/\/www.facebook.com\/wirmachenauf\" \/>\n<meta property=\"article:published_time\" content=\"2023-11-27T16:20:39+00:00\" \/>\n<meta property=\"og:image\" content=\"https:\/\/now-news.de\/de\/wp-content\/uploads\/sites\/3\/2023\/11\/quotSatire-Aktionquot-fordert-AfD-Verbot-\u2013-mit-gefaelschtem-Scholz-Video.jpg\" \/>\n\t<meta property=\"og:image:width\" content=\"460\" \/>\n\t<meta property=\"og:image:height\" content=\"259\" \/>\n\t<meta property=\"og:image:type\" content=\"image\/jpeg\" \/>\n<meta name=\"author\" content=\"rtnews\" \/>\n<meta name=\"twitter:card\" content=\"summary_large_image\" \/>\n<meta name=\"twitter:creator\" content=\"@WirMachenAuf_de\" \/>\n<meta name=\"twitter:site\" content=\"@WirMachenAuf_de\" \/>\n<meta name=\"twitter:label1\" content=\"Verfasst von\" \/>\n\t<meta name=\"twitter:data1\" content=\"rtnews\" \/>\n\t<meta name=\"twitter:label2\" content=\"Gesch\u00e4tzte Lesezeit\" \/>\n\t<meta name=\"twitter:data2\" content=\"2\u00a0Minuten\" \/>\n<script type=\"application\/ld+json\" class=\"yoast-schema-graph\">{\"@context\":\"https:\/\/schema.org\",\"@graph\":[{\"@type\":\"Article\",\"@id\":\"https:\/\/now-news.de\/de\/deutschland\/satire-aktion-fordert-afd-verbot-mit-gefaelschtem-scholz-video\/#article\",\"isPartOf\":{\"@id\":\"https:\/\/now-news.de\/de\/deutschland\/satire-aktion-fordert-afd-verbot-mit-gefaelschtem-scholz-video\/\"},\"author\":{\"name\":\"rtnews\",\"@id\":\"https:\/\/now-news.de\/de\/#\/schema\/person\/fb534a4e865501d8b3285208df34a9b5\"},\"headline\":\"&quot;Satire-Aktion&quot; fordert AfD-Verbot \u2013 mit gef\u00e4lschtem Scholz-Video\",\"datePublished\":\"2023-11-27T16:20:39+00:00\",\"dateModified\":\"2023-11-27T16:20:39+00:00\",\"mainEntityOfPage\":{\"@id\":\"https:\/\/now-news.de\/de\/deutschland\/satire-aktion-fordert-afd-verbot-mit-gefaelschtem-scholz-video\/\"},\"wordCount\":398,\"commentCount\":0,\"publisher\":{\"@id\":\"https:\/\/now-news.de\/de\/#organization\"},\"image\":{\"@id\":\"https:\/\/now-news.de\/de\/deutschland\/satire-aktion-fordert-afd-verbot-mit-gefaelschtem-scholz-video\/#primaryimage\"},\"thumbnailUrl\":\"https:\/\/now-news.de\/de\/wp-content\/uploads\/sites\/3\/2023\/11\/quotSatire-Aktionquot-fordert-AfD-Verbot-\u2013-mit-gefaelschtem-Scholz-Video.jpg\",\"keywords\":[\"AfDVerbot\",\"fordert\",\"gef\u00e4lschtem\",\"mit\",\"quotSatireAktionquot\",\"ScholzVideo\"],\"articleSection\":[\"Deutschland\",\"Russland\"],\"inLanguage\":\"de\",\"potentialAction\":[{\"@type\":\"CommentAction\",\"name\":\"Comment\",\"target\":[\"https:\/\/now-news.de\/de\/deutschland\/satire-aktion-fordert-afd-verbot-mit-gefaelschtem-scholz-video\/#respond\"]}]},{\"@type\":\"WebPage\",\"@id\":\"https:\/\/now-news.de\/de\/deutschland\/satire-aktion-fordert-afd-verbot-mit-gefaelschtem-scholz-video\/\",\"url\":\"https:\/\/now-news.de\/de\/deutschland\/satire-aktion-fordert-afd-verbot-mit-gefaelschtem-scholz-video\/\",\"name\":\"&quot;Satire-Aktion&quot; fordert AfD-Verbot \u2013 mit gef\u00e4lschtem Scholz-Video - just-now.NEWS Deutschland\",\"isPartOf\":{\"@id\":\"https:\/\/now-news.de\/de\/#website\"},\"primaryImageOfPage\":{\"@id\":\"https:\/\/now-news.de\/de\/deutschland\/satire-aktion-fordert-afd-verbot-mit-gefaelschtem-scholz-video\/#primaryimage\"},\"image\":{\"@id\":\"https:\/\/now-news.de\/de\/deutschland\/satire-aktion-fordert-afd-verbot-mit-gefaelschtem-scholz-video\/#primaryimage\"},\"thumbnailUrl\":\"https:\/\/now-news.de\/de\/wp-content\/uploads\/sites\/3\/2023\/11\/quotSatire-Aktionquot-fordert-AfD-Verbot-\u2013-mit-gefaelschtem-Scholz-Video.jpg\",\"datePublished\":\"2023-11-27T16:20:39+00:00\",\"dateModified\":\"2023-11-27T16:20:39+00:00\",\"breadcrumb\":{\"@id\":\"https:\/\/now-news.de\/de\/deutschland\/satire-aktion-fordert-afd-verbot-mit-gefaelschtem-scholz-video\/#breadcrumb\"},\"inLanguage\":\"de\",\"potentialAction\":[{\"@type\":\"ReadAction\",\"target\":[\"https:\/\/now-news.de\/de\/deutschland\/satire-aktion-fordert-afd-verbot-mit-gefaelschtem-scholz-video\/\"]}]},{\"@type\":\"ImageObject\",\"inLanguage\":\"de\",\"@id\":\"https:\/\/now-news.de\/de\/deutschland\/satire-aktion-fordert-afd-verbot-mit-gefaelschtem-scholz-video\/#primaryimage\",\"url\":\"https:\/\/now-news.de\/de\/wp-content\/uploads\/sites\/3\/2023\/11\/quotSatire-Aktionquot-fordert-AfD-Verbot-\u2013-mit-gefaelschtem-Scholz-Video.jpg\",\"contentUrl\":\"https:\/\/now-news.de\/de\/wp-content\/uploads\/sites\/3\/2023\/11\/quotSatire-Aktionquot-fordert-AfD-Verbot-\u2013-mit-gefaelschtem-Scholz-Video.jpg\",\"width\":460,\"height\":259,\"caption\":\"&quot;Satire-Aktion&quot; fordert AfD-Verbot \u2013 mit gef\u00e4lschtem Scholz-Video\"},{\"@type\":\"BreadcrumbList\",\"@id\":\"https:\/\/now-news.de\/de\/deutschland\/satire-aktion-fordert-afd-verbot-mit-gefaelschtem-scholz-video\/#breadcrumb\",\"itemListElement\":[{\"@type\":\"ListItem\",\"position\":1,\"name\":\"Home\",\"item\":\"https:\/\/now-news.de\/de\/\"},{\"@type\":\"ListItem\",\"position\":2,\"name\":\"&quot;Satire-Aktion&quot; fordert AfD-Verbot \u2013 mit gef\u00e4lschtem Scholz-Video\"}]},{\"@type\":\"WebSite\",\"@id\":\"https:\/\/now-news.de\/de\/#website\",\"url\":\"https:\/\/now-news.de\/de\/\",\"name\":\"just-now.NEWS Deutschland\",\"description\":\"Das Portal f\u00fcr unzensierte Nachrichten aus der Welt\",\"publisher\":{\"@id\":\"https:\/\/now-news.de\/de\/#organization\"},\"potentialAction\":[{\"@type\":\"SearchAction\",\"target\":{\"@type\":\"EntryPoint\",\"urlTemplate\":\"https:\/\/now-news.de\/de\/?s={search_term_string}\"},\"query-input\":\"required name=search_term_string\"}],\"inLanguage\":\"de\"},{\"@type\":\"Organization\",\"@id\":\"https:\/\/now-news.de\/de\/#organization\",\"name\":\"Just Now News\",\"url\":\"https:\/\/now-news.de\/de\/\",\"logo\":{\"@type\":\"ImageObject\",\"inLanguage\":\"de\",\"@id\":\"https:\/\/now-news.de\/de\/#\/schema\/logo\/image\/\",\"url\":\"http:\/\/just-now.news\/de\/wp-content\/uploads\/sites\/3\/2022\/04\/logo500x500.jpg\",\"contentUrl\":\"http:\/\/just-now.news\/de\/wp-content\/uploads\/sites\/3\/2022\/04\/logo500x500.jpg\",\"width\":500,\"height\":500,\"caption\":\"Just Now News\"},\"image\":{\"@id\":\"https:\/\/now-news.de\/de\/#\/schema\/logo\/image\/\"},\"sameAs\":[\"https:\/\/www.facebook.com\/wirmachenauf\",\"https:\/\/x.com\/WirMachenAuf_de\"]},{\"@type\":\"Person\",\"@id\":\"https:\/\/now-news.de\/de\/#\/schema\/person\/fb534a4e865501d8b3285208df34a9b5\",\"name\":\"rtnews\",\"image\":{\"@type\":\"ImageObject\",\"inLanguage\":\"de\",\"@id\":\"https:\/\/now-news.de\/de\/#\/schema\/person\/image\/\",\"url\":\"https:\/\/secure.gravatar.com\/avatar\/82aafea7d8127119dd649515f56e2117?s=96&d=mm&r=g\",\"contentUrl\":\"https:\/\/secure.gravatar.com\/avatar\/82aafea7d8127119dd649515f56e2117?s=96&d=mm&r=g\",\"caption\":\"rtnews\"},\"url\":\"https:\/\/now-news.de\/de\/author\/rnews\/\"}]}<\/script>\n<!-- \/ Yoast SEO Premium plugin. -->","yoast_head_json":{"title":"&quot;Satire-Aktion&quot; fordert AfD-Verbot \u2013 mit gef\u00e4lschtem Scholz-Video - just-now.NEWS Deutschland","robots":{"index":"index","follow":"follow","max-snippet":"max-snippet:-1","max-image-preview":"max-image-preview:large","max-video-preview":"max-video-preview:-1"},"canonical":"https:\/\/now-news.de\/de\/deutschland\/satire-aktion-fordert-afd-verbot-mit-gefaelschtem-scholz-video\/","og_locale":"de_DE","og_type":"article","og_title":"&quot;Satire-Aktion&quot; fordert AfD-Verbot \u2013 mit gef\u00e4lschtem Scholz-Video","og_description":"Olaf Scholz verk\u00fcndet das Verbot der AfD. Allerdings nicht in Wirklichkeit, sondern in einem Fake-Video des &#8220;Zentrums f\u00fcr Politische Sch\u00f6nheit&#8221;. Dazu pr\u00e4sentieren die Aktivisten eine Installation nahe am Deutschen Bundestag, die AfD-Politiker schon hinter Gittern zeigt \u2013 und rufen zum Denunzieren auf. Das sogenannte &#8220;Zentrum f\u00fcr Politische Sch\u00f6nheit&#8221; hat eine umfassende Aktion gestartet, die ein [&hellip;]","og_url":"https:\/\/now-news.de\/de\/deutschland\/satire-aktion-fordert-afd-verbot-mit-gefaelschtem-scholz-video\/","og_site_name":"just-now.NEWS Deutschland","article_publisher":"https:\/\/www.facebook.com\/wirmachenauf","article_published_time":"2023-11-27T16:20:39+00:00","og_image":[{"width":460,"height":259,"url":"https:\/\/now-news.de\/de\/wp-content\/uploads\/sites\/3\/2023\/11\/quotSatire-Aktionquot-fordert-AfD-Verbot-\u2013-mit-gefaelschtem-Scholz-Video.jpg","type":"image\/jpeg"}],"author":"rtnews","twitter_card":"summary_large_image","twitter_creator":"@WirMachenAuf_de","twitter_site":"@WirMachenAuf_de","twitter_misc":{"Verfasst von":"rtnews","Gesch\u00e4tzte Lesezeit":"2\u00a0Minuten"},"schema":{"@context":"https:\/\/schema.org","@graph":[{"@type":"Article","@id":"https:\/\/now-news.de\/de\/deutschland\/satire-aktion-fordert-afd-verbot-mit-gefaelschtem-scholz-video\/#article","isPartOf":{"@id":"https:\/\/now-news.de\/de\/deutschland\/satire-aktion-fordert-afd-verbot-mit-gefaelschtem-scholz-video\/"},"author":{"name":"rtnews","@id":"https:\/\/now-news.de\/de\/#\/schema\/person\/fb534a4e865501d8b3285208df34a9b5"},"headline":"&quot;Satire-Aktion&quot; fordert AfD-Verbot \u2013 mit gef\u00e4lschtem Scholz-Video","datePublished":"2023-11-27T16:20:39+00:00","dateModified":"2023-11-27T16:20:39+00:00","mainEntityOfPage":{"@id":"https:\/\/now-news.de\/de\/deutschland\/satire-aktion-fordert-afd-verbot-mit-gefaelschtem-scholz-video\/"},"wordCount":398,"commentCount":0,"publisher":{"@id":"https:\/\/now-news.de\/de\/#organization"},"image":{"@id":"https:\/\/now-news.de\/de\/deutschland\/satire-aktion-fordert-afd-verbot-mit-gefaelschtem-scholz-video\/#primaryimage"},"thumbnailUrl":"https:\/\/now-news.de\/de\/wp-content\/uploads\/sites\/3\/2023\/11\/quotSatire-Aktionquot-fordert-AfD-Verbot-\u2013-mit-gefaelschtem-Scholz-Video.jpg","keywords":["AfDVerbot","fordert","gef\u00e4lschtem","mit","quotSatireAktionquot","ScholzVideo"],"articleSection":["Deutschland","Russland"],"inLanguage":"de","potentialAction":[{"@type":"CommentAction","name":"Comment","target":["https:\/\/now-news.de\/de\/deutschland\/satire-aktion-fordert-afd-verbot-mit-gefaelschtem-scholz-video\/#respond"]}]},{"@type":"WebPage","@id":"https:\/\/now-news.de\/de\/deutschland\/satire-aktion-fordert-afd-verbot-mit-gefaelschtem-scholz-video\/","url":"https:\/\/now-news.de\/de\/deutschland\/satire-aktion-fordert-afd-verbot-mit-gefaelschtem-scholz-video\/","name":"&quot;Satire-Aktion&quot; fordert AfD-Verbot \u2013 mit gef\u00e4lschtem Scholz-Video - just-now.NEWS Deutschland","isPartOf":{"@id":"https:\/\/now-news.de\/de\/#website"},"primaryImageOfPage":{"@id":"https:\/\/now-news.de\/de\/deutschland\/satire-aktion-fordert-afd-verbot-mit-gefaelschtem-scholz-video\/#primaryimage"},"image":{"@id":"https:\/\/now-news.de\/de\/deutschland\/satire-aktion-fordert-afd-verbot-mit-gefaelschtem-scholz-video\/#primaryimage"},"thumbnailUrl":"https:\/\/now-news.de\/de\/wp-content\/uploads\/sites\/3\/2023\/11\/quotSatire-Aktionquot-fordert-AfD-Verbot-\u2013-mit-gefaelschtem-Scholz-Video.jpg","datePublished":"2023-11-27T16:20:39+00:00","dateModified":"2023-11-27T16:20:39+00:00","breadcrumb":{"@id":"https:\/\/now-news.de\/de\/deutschland\/satire-aktion-fordert-afd-verbot-mit-gefaelschtem-scholz-video\/#breadcrumb"},"inLanguage":"de","potentialAction":[{"@type":"ReadAction","target":["https:\/\/now-news.de\/de\/deutschland\/satire-aktion-fordert-afd-verbot-mit-gefaelschtem-scholz-video\/"]}]},{"@type":"ImageObject","inLanguage":"de","@id":"https:\/\/now-news.de\/de\/deutschland\/satire-aktion-fordert-afd-verbot-mit-gefaelschtem-scholz-video\/#primaryimage","url":"https:\/\/now-news.de\/de\/wp-content\/uploads\/sites\/3\/2023\/11\/quotSatire-Aktionquot-fordert-AfD-Verbot-\u2013-mit-gefaelschtem-Scholz-Video.jpg","contentUrl":"https:\/\/now-news.de\/de\/wp-content\/uploads\/sites\/3\/2023\/11\/quotSatire-Aktionquot-fordert-AfD-Verbot-\u2013-mit-gefaelschtem-Scholz-Video.jpg","width":460,"height":259,"caption":"&quot;Satire-Aktion&quot; fordert AfD-Verbot \u2013 mit gef\u00e4lschtem Scholz-Video"},{"@type":"BreadcrumbList","@id":"https:\/\/now-news.de\/de\/deutschland\/satire-aktion-fordert-afd-verbot-mit-gefaelschtem-scholz-video\/#breadcrumb","itemListElement":[{"@type":"ListItem","position":1,"name":"Home","item":"https:\/\/now-news.de\/de\/"},{"@type":"ListItem","position":2,"name":"&quot;Satire-Aktion&quot; fordert AfD-Verbot \u2013 mit gef\u00e4lschtem Scholz-Video"}]},{"@type":"WebSite","@id":"https:\/\/now-news.de\/de\/#website","url":"https:\/\/now-news.de\/de\/","name":"just-now.NEWS Deutschland","description":"Das Portal f\u00fcr unzensierte Nachrichten aus der Welt","publisher":{"@id":"https:\/\/now-news.de\/de\/#organization"},"potentialAction":[{"@type":"SearchAction","target":{"@type":"EntryPoint","urlTemplate":"https:\/\/now-news.de\/de\/?s={search_term_string}"},"query-input":"required name=search_term_string"}],"inLanguage":"de"},{"@type":"Organization","@id":"https:\/\/now-news.de\/de\/#organization","name":"Just Now News","url":"https:\/\/now-news.de\/de\/","logo":{"@type":"ImageObject","inLanguage":"de","@id":"https:\/\/now-news.de\/de\/#\/schema\/logo\/image\/","url":"http:\/\/just-now.news\/de\/wp-content\/uploads\/sites\/3\/2022\/04\/logo500x500.jpg","contentUrl":"http:\/\/just-now.news\/de\/wp-content\/uploads\/sites\/3\/2022\/04\/logo500x500.jpg","width":500,"height":500,"caption":"Just Now News"},"image":{"@id":"https:\/\/now-news.de\/de\/#\/schema\/logo\/image\/"},"sameAs":["https:\/\/www.facebook.com\/wirmachenauf","https:\/\/x.com\/WirMachenAuf_de"]},{"@type":"Person","@id":"https:\/\/now-news.de\/de\/#\/schema\/person\/fb534a4e865501d8b3285208df34a9b5","name":"rtnews","image":{"@type":"ImageObject","inLanguage":"de","@id":"https:\/\/now-news.de\/de\/#\/schema\/person\/image\/","url":"https:\/\/secure.gravatar.com\/avatar\/82aafea7d8127119dd649515f56e2117?s=96&d=mm&r=g","contentUrl":"https:\/\/secure.gravatar.com\/avatar\/82aafea7d8127119dd649515f56e2117?s=96&d=mm&r=g","caption":"rtnews"},"url":"https:\/\/now-news.de\/de\/author\/rnews\/"}]}},"_links":{"self":[{"href":"https:\/\/now-news.de\/de\/wp-json\/wp\/v2\/posts\/50483"}],"collection":[{"href":"https:\/\/now-news.de\/de\/wp-json\/wp\/v2\/posts"}],"about":[{"href":"https:\/\/now-news.de\/de\/wp-json\/wp\/v2\/types\/post"}],"author":[{"embeddable":true,"href":"https:\/\/now-news.de\/de\/wp-json\/wp\/v2\/users\/3"}],"replies":[{"embeddable":true,"href":"https:\/\/now-news.de\/de\/wp-json\/wp\/v2\/comments?post=50483"}],"version-history":[{"count":0,"href":"https:\/\/now-news.de\/de\/wp-json\/wp\/v2\/posts\/50483\/revisions"}],"wp:featuredmedia":[{"embeddable":true,"href":"https:\/\/now-news.de\/de\/wp-json\/wp\/v2\/media\/50484"}],"wp:attachment":[{"href":"https:\/\/now-news.de\/de\/wp-json\/wp\/v2\/media?parent=50483"}],"wp:term":[{"taxonomy":"category","embeddable":true,"href":"https:\/\/now-news.de\/de\/wp-json\/wp\/v2\/categories?post=50483"},{"taxonomy":"post_tag","embeddable":true,"href":"https:\/\/now-news.de\/de\/wp-json\/wp\/v2\/tags?post=50483"}],"curies":[{"name":"wp","href":"https:\/\/api.w.org\/{rel}","templated":true}]}}