{"id":50446,"date":"2023-11-26T21:52:24","date_gmt":"2023-11-26T19:52:24","guid":{"rendered":"https:\/\/just-now.news\/de\/deutschland\/vorsitzende-des-deutschen-ethikrats-warnt-journalisten-vor-verlust-der-deutungshoheit\/"},"modified":"2023-11-26T21:52:24","modified_gmt":"2023-11-26T19:52:24","slug":"vorsitzende-des-deutschen-ethikrats-warnt-journalisten-vor-verlust-der-deutungshoheit","status":"publish","type":"post","link":"https:\/\/now-news.de\/de\/deutschland\/vorsitzende-des-deutschen-ethikrats-warnt-journalisten-vor-verlust-der-deutungshoheit\/","title":{"rendered":"Vorsitzende des Deutschen Ethikrats warnt Journalisten vor Verlust der Deutungshoheit"},"content":{"rendered":"<p><img decoding=\"async\" src=\"http:\/\/just-now.news\/de\/wp-content\/uploads\/sites\/3\/2023\/11\/65620914b480cc4a7703703c.jpg\" \/><\/p>\n<div class=\"Text-root Text-type_1 \">\n                Laut der Vorsitzenden des Deutschen Ethikrats Alena Buyx habe man in Deutschland in Bezug auf die Corona-Politik &#8220;viel, viel &#8216;lessons learned&#8217; gemacht&#8221;, allerdings nicht \u00f6ffentlich. Den Untersuchungsausschuss im Brandenburger Landtag sieht Buyx hingegen als ein gef\u00e4hrliches Mittel, &#8220;um Misstrauen und Skepsis zu sch\u00fcren&#8221;.\n            <\/div>\n<p><\/p>\n<div class=\"Text-root Text-type_5 ArticleView-text ViewText-root \">\n<p>Die Vorsitzende des Deutschen Ethikrats und Hochschullehrerin Alena Buyx\u00a0war w\u00e4hrend der staatlichen Corona-Politik von 2020 bis 2023 eine &#8220;Expertin&#8221; unter den Scharfmachern, wenn es um die Rechtfertigung harter Ma\u00dfnahmen und eine Impfpflicht ging. Im Verein Presseclub M\u00fcnchen, der Buyx f\u00fcr diese Woche eingeladen hatte, um mit ihr die Frage &#8220;Zerbricht unsere Gesellschaft an Hass und Hetze?&#8221; zu diskutieren, versuchte sich die Medizinethikerin nun als missverstandene Humanistin zu inszenieren.<\/p>\n<p>Gleichzeitig warnte Buyx die anwesenden Pressevertreter davor, die Deutungshoheit \u00fcber die Corona-Politik aus der Hand zu geben. Ihre dahingehenden \u00c4u\u00dferungen machte sie vermutlich als Reaktion nach dem Verweis einer anwesenden Journalistin auf den Untersuchungsausschuss im Brandenburger Landtag, der dort von der AfD-Fraktion initiiert worden war. Untersuchungsaussch\u00fcsse m\u00fcssen eingesetzt werden, wenn ein bestimmter Anteil der Abgeordneten einen solchen fordern. Auf der Ebene des Deutschen Bundestages war ein entsprechender Antrag der AfD-Fraktion gescheitert.<\/p>\n<p>Auf der Veranstaltung des Pressclubs M\u00fcnchen wurde Buyx von dieser Journalistin gefragt, ob die Aufarbeitung der Corona-Politik dazu beitragen k\u00f6nne, nicht &#8220;in der n\u00e4chsten Pandemie die gleichen Fehler zu machen&#8221; und &#8220;die Gesellschaft zu vers\u00f6hnen&#8221;. Zuvor hatte dieselbe Journalistin vorsichtig ihre Unzufriedenheit mit bestimmten Ma\u00dfnahmen angedeutet. So habe sie sich laut eigener Aussage so &#8220;gef\u00fchlt&#8221;, also h\u00e4tte sie ihre Tochter, die 2020 eingeschult wurde, dazu zwingen m\u00fcssen, im Sportunterricht im Freien eine Maske zu tragen, w\u00e4hrend auf Veranstaltungen wie denen des Presseclubs M\u00fcnchen teilweise ja keine Masken getragen worden seien.<\/p>\n<p>Aus der Anekdote der Journalistin\u00a0l\u00e4sst sich ableiten, dass es wohl auch unter Personen, die die Corona-Politik insgesamt nicht kritisch sehen, den Wunsch nach einem kl\u00e4renden Abschluss der Pandemie gibt. Dieser Sachverhalt scheint auch Buyx klar zu sein, wobei eine Aufarbeitung der Corona-Politik in ihrem Sinne anders aussehen w\u00fcrde als beim Untersuchungsausschuss im Brandenburger Landtag. Diesen h\u00e4lt Buyx n\u00e4mlich laut eigener Darstellung f\u00fcr ein &#8220;Vehikel&#8221;, &#8220;um Misstrauen und Skepsis zu sch\u00fcren&#8221;, also f\u00fcr ein &#8220;Instrument&#8221;, um &#8220;in Anf\u00fchrungszeichen Corona-skeptische Geschichten m\u00f6glichst zu verst\u00e4rken&#8221;.<\/p>\n<p><strong>&#8220;Sie hatten alle den Maulkorb, Sie waren gleichgeschaltet&#8221;<\/strong><\/p>\n<p>Im \u00dcbrigen habe man in Deutschland laut Buyx w\u00f6rtlich &#8220;viel, viel <em>lessons learned<\/em> gemacht&#8221;, die Corona-Politik also durchaus nachgearbeitet. Die entsprechenden Institutionen, darunter &#8220;auch wissenschaftliche&#8221;, seien mit ihrer \u00f6ffentlichen Kommunikation aber &#8220;ein bisschen zur\u00fcckhaltender&#8221;, weil der Grund laut Buyx darin liege, dass man im Moment &#8220;ja gegei\u00dfelt, gekreuzigt und gek\u00f6pft&#8221; werde, wenn man &#8220;irgendetwas zur Pandemie \u00f6ffentlich&#8221; sage. Demgegen\u00fcber sehe sie als einzige \u00f6ffentliche Debatte eine der &#8220;Umdeutung&#8221;, in der sehr viel &#8220;Quatsch&#8221; erz\u00e4hlt werde \u2013 auch \u00fcber sie pers\u00f6nlich:<\/p>\n<blockquote>\n<p><em>&#8220;Wenn Sie in die Tiefen des Internets gehen, Tichy, Reitschuster und so weiter, finden Sie wirklich schlimmes Zeug \u00fcber mich, was ich angeblich gesagt oder gemacht habe.&#8221;<\/em><\/p>\n<\/blockquote>\n<p>Ein oft wiederholtes Narrativ laute &#8220;die Buyx will nicht aufarbeiten&#8221;, was nicht stimme. Wenn man &#8220;politisch&#8221; aufarbeitet, m\u00fcsse dies aber &#8220;wirklich gut gestaltet&#8221; sein. Laut Buyx gebe es n\u00e4mlich ein tiefes Bed\u00fcrfnis danach, Schuldige zu suchen, das nicht durchbrechen d\u00fcrfe.\u00a0Und das w\u00fcrde nicht nur Politiker treffen, sondern \u2013 und an dieser Stelle zieht Buyx mit ausgestrecktem Zeigefinger einen Halbkreis \u00fcber dem Saal \u2013 auch die Medien: &#8220;Sie w\u00e4ren da ja nicht au\u00dfen vor. Das wissen Sie ganz genau.&#8221;<\/p>\n<blockquote>\n<p><em>&#8220;Das ist meine Sorge, dass das genutzt w\u00fcrde, dass Zweifel ges\u00e4t\u00a0wird an diesen demokratischen Institutionen, an der Politik insgesamt: Es war alles falsch, es war alles b\u00f6se, Sie haben falsch berichtet, Sie hatten alle den Maulkorb, Sie waren gleichgeschaltet und so \u2026 all diese Geschichten, die man im Moment h\u00f6rt, das m\u00fcsste man vermeiden.&#8221;<\/em><\/p>\n<\/blockquote>\n<p>Nach dem, was eine Aufarbeitung der Corona-Politik unmittelbar zu vermeiden habe, gibt Buyx auch gleich noch ihre Empfehlung preis, was ein m\u00f6glicher Abschlussbericht enthalten sollte, n\u00e4mlich sinngem\u00e4\u00df ein unbestimmtes &#8220;War sicher nicht alles gut, hat man sicherlich hier und da etwas zu wenig gemacht, der eine Lockdown kam zu sp\u00e4t, der andere war zu lang, zu intensiv&#8221;.<\/p>\n<p>Vermutlich, weil sich\u00a0Buyx sicher ist, dass auch sie selbst andernfalls &#8220;nicht au\u00dfen vor w\u00e4re&#8221;, wenn es um die Benennung von Verantwortlichen ginge, f\u00fcgte sie zum Ende ihrer Ausf\u00fchrungen noch betont emotional an, dass es bei der Corona-Politik ja schlie\u00dflich um Menschenleben ging. Und dass nicht etwa der Deutsche Ethikrat die starke Isolation in den Alten- und Pflegeheimen empfohlen habe. Dass Menschen alleine starben, &#8220;diese harte Isolation monatelang&#8221;, das gehe &#8220;gegen Menschenw\u00fcrdeverletzung&#8221;.<\/p>\n<p><strong>Mehr zum Thema\u00a0<\/strong>\u2013\u00a0<a rel=\"nofollow noopener\" target=\"_blank\" href=\"https:\/\/freedert.online\/gesellschaft\/187678-rainer-mausfeld-und-frage-wie\/\">Rainer Mausfeld und die Frage: &#8220;Wie f\u00fchrt die Entzivilisierung von Macht in den Abgrund&#8221;?<\/a><\/p>\n<div class=\"EmbedBlock-root EmbedBlock-externalVideo EmbedBlock-odysee\">\n<div class=\"VkEmbed\"><iframe class=\"lazyload\" data-src=\"https:\/\/odysee.com\/%24\/embed\/%40RTDE%3Ae%2FKarl-Lauterbach-scheitert-mit-Transparenzgesetz-im-Bundesrat%3A5\" frameborder=\"0\" width=\"853\" height=\"480\" allowfullscreen><\/iframe><\/div>\n<\/div>\n<\/div>\n<p><br \/>\n<br \/><a href=\"https:\/\/de.rt.com\/inland\/188074-alena-buyx-warnt-journalisten-vor\/\">Source link <\/a><\/p>\n","protected":false},"excerpt":{"rendered":"<p>Laut der Vorsitzenden des Deutschen Ethikrats Alena Buyx habe man in Deutschland in Bezug auf die Corona-Politik &#8220;viel, viel &#8216;lessons learned&#8217; gemacht&#8221;, allerdings nicht \u00f6ffentlich. Den Untersuchungsausschuss im Brandenburger Landtag sieht Buyx hingegen als ein gef\u00e4hrliches Mittel, &#8220;um Misstrauen und Skepsis zu sch\u00fcren&#8221;. Die Vorsitzende des Deutschen Ethikrats und Hochschullehrerin Alena Buyx\u00a0war w\u00e4hrend der staatlichen [&hellip;]<\/p>\n","protected":false},"author":3,"featured_media":50447,"comment_status":"open","ping_status":"open","sticky":false,"template":"","format":"standard","meta":{"_yoast_indexnow_last_ping":["1701028727"],"wp_automatic_camp":["217"],"ff692202e46117c364b58c2f80abf0c8":["Vorsitzende des Deutschen Ethikrats warnt Journalisten vor Verlust der Deutungshoheit"],"original_link":["https:\/\/de.rt.com\/inland\/188074-alena-buyx-warnt-journalisten-vor\/"],"_thumbnail_id":["50447"],"_wptgpro_p2tg_sent2tg":["a:1:{i:23737;s:19:\"2023-11-26 21:59:49\";}"],"jnews_social_counter_last_update":["1777578304"],"_cmplz_scanned_post":["1"]},"categories":[19,23],"tags":[82,583,577,50975,51022,2726,1372,320,25010,912],"yoast_head":"<!-- This site is optimized with the Yoast SEO Premium plugin v22.7 (Yoast SEO v22.7) - https:\/\/yoast.com\/wordpress\/plugins\/seo\/ -->\n<title>Vorsitzende des Deutschen Ethikrats warnt Journalisten vor Verlust der Deutungshoheit - just-now.NEWS Deutschland<\/title>\n<meta name=\"robots\" content=\"index, follow, max-snippet:-1, max-image-preview:large, max-video-preview:-1\" \/>\n<link rel=\"canonical\" href=\"https:\/\/now-news.de\/de\/deutschland\/vorsitzende-des-deutschen-ethikrats-warnt-journalisten-vor-verlust-der-deutungshoheit\/\" \/>\n<meta property=\"og:locale\" content=\"de_DE\" \/>\n<meta property=\"og:type\" content=\"article\" \/>\n<meta property=\"og:title\" content=\"Vorsitzende des Deutschen Ethikrats warnt Journalisten vor Verlust der Deutungshoheit\" \/>\n<meta property=\"og:description\" content=\"Laut der Vorsitzenden des Deutschen Ethikrats Alena Buyx habe man in Deutschland in Bezug auf die Corona-Politik &#8220;viel, viel &#8216;lessons learned&#8217; gemacht&#8221;, allerdings nicht \u00f6ffentlich. Den Untersuchungsausschuss im Brandenburger Landtag sieht Buyx hingegen als ein gef\u00e4hrliches Mittel, &#8220;um Misstrauen und Skepsis zu sch\u00fcren&#8221;. Die Vorsitzende des Deutschen Ethikrats und Hochschullehrerin Alena Buyx\u00a0war w\u00e4hrend der staatlichen [&hellip;]\" \/>\n<meta property=\"og:url\" content=\"https:\/\/now-news.de\/de\/deutschland\/vorsitzende-des-deutschen-ethikrats-warnt-journalisten-vor-verlust-der-deutungshoheit\/\" \/>\n<meta property=\"og:site_name\" content=\"just-now.NEWS Deutschland\" \/>\n<meta property=\"article:publisher\" content=\"https:\/\/www.facebook.com\/wirmachenauf\" \/>\n<meta property=\"article:published_time\" content=\"2023-11-26T19:52:24+00:00\" \/>\n<meta property=\"og:image\" content=\"https:\/\/now-news.de\/de\/wp-content\/uploads\/sites\/3\/2023\/11\/Vorsitzende-des-Deutschen-Ethikrats-warnt-Journalisten-vor-Verlust-der-Deutungshoheit.jpg\" \/>\n\t<meta property=\"og:image:width\" content=\"460\" \/>\n\t<meta property=\"og:image:height\" content=\"259\" \/>\n\t<meta property=\"og:image:type\" content=\"image\/jpeg\" \/>\n<meta name=\"author\" content=\"rtnews\" \/>\n<meta name=\"twitter:card\" content=\"summary_large_image\" \/>\n<meta name=\"twitter:creator\" content=\"@WirMachenAuf_de\" \/>\n<meta name=\"twitter:site\" content=\"@WirMachenAuf_de\" \/>\n<meta name=\"twitter:label1\" content=\"Verfasst von\" \/>\n\t<meta name=\"twitter:data1\" content=\"rtnews\" \/>\n\t<meta name=\"twitter:label2\" content=\"Gesch\u00e4tzte Lesezeit\" \/>\n\t<meta name=\"twitter:data2\" content=\"4\u00a0Minuten\" \/>\n<script type=\"application\/ld+json\" class=\"yoast-schema-graph\">{\"@context\":\"https:\/\/schema.org\",\"@graph\":[{\"@type\":\"Article\",\"@id\":\"https:\/\/now-news.de\/de\/deutschland\/vorsitzende-des-deutschen-ethikrats-warnt-journalisten-vor-verlust-der-deutungshoheit\/#article\",\"isPartOf\":{\"@id\":\"https:\/\/now-news.de\/de\/deutschland\/vorsitzende-des-deutschen-ethikrats-warnt-journalisten-vor-verlust-der-deutungshoheit\/\"},\"author\":{\"name\":\"rtnews\",\"@id\":\"https:\/\/now-news.de\/de\/#\/schema\/person\/fb534a4e865501d8b3285208df34a9b5\"},\"headline\":\"Vorsitzende des Deutschen Ethikrats warnt Journalisten vor Verlust der Deutungshoheit\",\"datePublished\":\"2023-11-26T19:52:24+00:00\",\"dateModified\":\"2023-11-26T19:52:24+00:00\",\"mainEntityOfPage\":{\"@id\":\"https:\/\/now-news.de\/de\/deutschland\/vorsitzende-des-deutschen-ethikrats-warnt-journalisten-vor-verlust-der-deutungshoheit\/\"},\"wordCount\":816,\"commentCount\":0,\"publisher\":{\"@id\":\"https:\/\/now-news.de\/de\/#organization\"},\"image\":{\"@id\":\"https:\/\/now-news.de\/de\/deutschland\/vorsitzende-des-deutschen-ethikrats-warnt-journalisten-vor-verlust-der-deutungshoheit\/#primaryimage\"},\"thumbnailUrl\":\"https:\/\/now-news.de\/de\/wp-content\/uploads\/sites\/3\/2023\/11\/Vorsitzende-des-Deutschen-Ethikrats-warnt-Journalisten-vor-Verlust-der-Deutungshoheit.jpg\",\"keywords\":[\"der\",\"des\",\"Deutschen\",\"Deutungshoheit\",\"Ethikrats\",\"Journalisten\",\"Verlust\",\"vor\",\"Vorsitzende\",\"warnt\"],\"articleSection\":[\"Deutschland\",\"Russland\"],\"inLanguage\":\"de\",\"potentialAction\":[{\"@type\":\"CommentAction\",\"name\":\"Comment\",\"target\":[\"https:\/\/now-news.de\/de\/deutschland\/vorsitzende-des-deutschen-ethikrats-warnt-journalisten-vor-verlust-der-deutungshoheit\/#respond\"]}]},{\"@type\":\"WebPage\",\"@id\":\"https:\/\/now-news.de\/de\/deutschland\/vorsitzende-des-deutschen-ethikrats-warnt-journalisten-vor-verlust-der-deutungshoheit\/\",\"url\":\"https:\/\/now-news.de\/de\/deutschland\/vorsitzende-des-deutschen-ethikrats-warnt-journalisten-vor-verlust-der-deutungshoheit\/\",\"name\":\"Vorsitzende des Deutschen Ethikrats warnt Journalisten vor Verlust der Deutungshoheit - just-now.NEWS Deutschland\",\"isPartOf\":{\"@id\":\"https:\/\/now-news.de\/de\/#website\"},\"primaryImageOfPage\":{\"@id\":\"https:\/\/now-news.de\/de\/deutschland\/vorsitzende-des-deutschen-ethikrats-warnt-journalisten-vor-verlust-der-deutungshoheit\/#primaryimage\"},\"image\":{\"@id\":\"https:\/\/now-news.de\/de\/deutschland\/vorsitzende-des-deutschen-ethikrats-warnt-journalisten-vor-verlust-der-deutungshoheit\/#primaryimage\"},\"thumbnailUrl\":\"https:\/\/now-news.de\/de\/wp-content\/uploads\/sites\/3\/2023\/11\/Vorsitzende-des-Deutschen-Ethikrats-warnt-Journalisten-vor-Verlust-der-Deutungshoheit.jpg\",\"datePublished\":\"2023-11-26T19:52:24+00:00\",\"dateModified\":\"2023-11-26T19:52:24+00:00\",\"breadcrumb\":{\"@id\":\"https:\/\/now-news.de\/de\/deutschland\/vorsitzende-des-deutschen-ethikrats-warnt-journalisten-vor-verlust-der-deutungshoheit\/#breadcrumb\"},\"inLanguage\":\"de\",\"potentialAction\":[{\"@type\":\"ReadAction\",\"target\":[\"https:\/\/now-news.de\/de\/deutschland\/vorsitzende-des-deutschen-ethikrats-warnt-journalisten-vor-verlust-der-deutungshoheit\/\"]}]},{\"@type\":\"ImageObject\",\"inLanguage\":\"de\",\"@id\":\"https:\/\/now-news.de\/de\/deutschland\/vorsitzende-des-deutschen-ethikrats-warnt-journalisten-vor-verlust-der-deutungshoheit\/#primaryimage\",\"url\":\"https:\/\/now-news.de\/de\/wp-content\/uploads\/sites\/3\/2023\/11\/Vorsitzende-des-Deutschen-Ethikrats-warnt-Journalisten-vor-Verlust-der-Deutungshoheit.jpg\",\"contentUrl\":\"https:\/\/now-news.de\/de\/wp-content\/uploads\/sites\/3\/2023\/11\/Vorsitzende-des-Deutschen-Ethikrats-warnt-Journalisten-vor-Verlust-der-Deutungshoheit.jpg\",\"width\":460,\"height\":259,\"caption\":\"Vorsitzende des Deutschen Ethikrats warnt Journalisten vor Verlust der Deutungshoheit\"},{\"@type\":\"BreadcrumbList\",\"@id\":\"https:\/\/now-news.de\/de\/deutschland\/vorsitzende-des-deutschen-ethikrats-warnt-journalisten-vor-verlust-der-deutungshoheit\/#breadcrumb\",\"itemListElement\":[{\"@type\":\"ListItem\",\"position\":1,\"name\":\"Home\",\"item\":\"https:\/\/now-news.de\/de\/\"},{\"@type\":\"ListItem\",\"position\":2,\"name\":\"Vorsitzende des Deutschen Ethikrats warnt Journalisten vor Verlust der Deutungshoheit\"}]},{\"@type\":\"WebSite\",\"@id\":\"https:\/\/now-news.de\/de\/#website\",\"url\":\"https:\/\/now-news.de\/de\/\",\"name\":\"just-now.NEWS Deutschland\",\"description\":\"Das Portal f\u00fcr unzensierte Nachrichten aus der Welt\",\"publisher\":{\"@id\":\"https:\/\/now-news.de\/de\/#organization\"},\"potentialAction\":[{\"@type\":\"SearchAction\",\"target\":{\"@type\":\"EntryPoint\",\"urlTemplate\":\"https:\/\/now-news.de\/de\/?s={search_term_string}\"},\"query-input\":\"required name=search_term_string\"}],\"inLanguage\":\"de\"},{\"@type\":\"Organization\",\"@id\":\"https:\/\/now-news.de\/de\/#organization\",\"name\":\"Just Now News\",\"url\":\"https:\/\/now-news.de\/de\/\",\"logo\":{\"@type\":\"ImageObject\",\"inLanguage\":\"de\",\"@id\":\"https:\/\/now-news.de\/de\/#\/schema\/logo\/image\/\",\"url\":\"http:\/\/just-now.news\/de\/wp-content\/uploads\/sites\/3\/2022\/04\/logo500x500.jpg\",\"contentUrl\":\"http:\/\/just-now.news\/de\/wp-content\/uploads\/sites\/3\/2022\/04\/logo500x500.jpg\",\"width\":500,\"height\":500,\"caption\":\"Just Now News\"},\"image\":{\"@id\":\"https:\/\/now-news.de\/de\/#\/schema\/logo\/image\/\"},\"sameAs\":[\"https:\/\/www.facebook.com\/wirmachenauf\",\"https:\/\/x.com\/WirMachenAuf_de\"]},{\"@type\":\"Person\",\"@id\":\"https:\/\/now-news.de\/de\/#\/schema\/person\/fb534a4e865501d8b3285208df34a9b5\",\"name\":\"rtnews\",\"image\":{\"@type\":\"ImageObject\",\"inLanguage\":\"de\",\"@id\":\"https:\/\/now-news.de\/de\/#\/schema\/person\/image\/\",\"url\":\"https:\/\/secure.gravatar.com\/avatar\/82aafea7d8127119dd649515f56e2117?s=96&d=mm&r=g\",\"contentUrl\":\"https:\/\/secure.gravatar.com\/avatar\/82aafea7d8127119dd649515f56e2117?s=96&d=mm&r=g\",\"caption\":\"rtnews\"},\"url\":\"https:\/\/now-news.de\/de\/author\/rnews\/\"}]}<\/script>\n<!-- \/ Yoast SEO Premium plugin. -->","yoast_head_json":{"title":"Vorsitzende des Deutschen Ethikrats warnt Journalisten vor Verlust der Deutungshoheit - just-now.NEWS Deutschland","robots":{"index":"index","follow":"follow","max-snippet":"max-snippet:-1","max-image-preview":"max-image-preview:large","max-video-preview":"max-video-preview:-1"},"canonical":"https:\/\/now-news.de\/de\/deutschland\/vorsitzende-des-deutschen-ethikrats-warnt-journalisten-vor-verlust-der-deutungshoheit\/","og_locale":"de_DE","og_type":"article","og_title":"Vorsitzende des Deutschen Ethikrats warnt Journalisten vor Verlust der Deutungshoheit","og_description":"Laut der Vorsitzenden des Deutschen Ethikrats Alena Buyx habe man in Deutschland in Bezug auf die Corona-Politik &#8220;viel, viel &#8216;lessons learned&#8217; gemacht&#8221;, allerdings nicht \u00f6ffentlich. Den Untersuchungsausschuss im Brandenburger Landtag sieht Buyx hingegen als ein gef\u00e4hrliches Mittel, &#8220;um Misstrauen und Skepsis zu sch\u00fcren&#8221;. Die Vorsitzende des Deutschen Ethikrats und Hochschullehrerin Alena Buyx\u00a0war w\u00e4hrend der staatlichen [&hellip;]","og_url":"https:\/\/now-news.de\/de\/deutschland\/vorsitzende-des-deutschen-ethikrats-warnt-journalisten-vor-verlust-der-deutungshoheit\/","og_site_name":"just-now.NEWS Deutschland","article_publisher":"https:\/\/www.facebook.com\/wirmachenauf","article_published_time":"2023-11-26T19:52:24+00:00","og_image":[{"width":460,"height":259,"url":"https:\/\/now-news.de\/de\/wp-content\/uploads\/sites\/3\/2023\/11\/Vorsitzende-des-Deutschen-Ethikrats-warnt-Journalisten-vor-Verlust-der-Deutungshoheit.jpg","type":"image\/jpeg"}],"author":"rtnews","twitter_card":"summary_large_image","twitter_creator":"@WirMachenAuf_de","twitter_site":"@WirMachenAuf_de","twitter_misc":{"Verfasst von":"rtnews","Gesch\u00e4tzte Lesezeit":"4\u00a0Minuten"},"schema":{"@context":"https:\/\/schema.org","@graph":[{"@type":"Article","@id":"https:\/\/now-news.de\/de\/deutschland\/vorsitzende-des-deutschen-ethikrats-warnt-journalisten-vor-verlust-der-deutungshoheit\/#article","isPartOf":{"@id":"https:\/\/now-news.de\/de\/deutschland\/vorsitzende-des-deutschen-ethikrats-warnt-journalisten-vor-verlust-der-deutungshoheit\/"},"author":{"name":"rtnews","@id":"https:\/\/now-news.de\/de\/#\/schema\/person\/fb534a4e865501d8b3285208df34a9b5"},"headline":"Vorsitzende des Deutschen Ethikrats warnt Journalisten vor Verlust der Deutungshoheit","datePublished":"2023-11-26T19:52:24+00:00","dateModified":"2023-11-26T19:52:24+00:00","mainEntityOfPage":{"@id":"https:\/\/now-news.de\/de\/deutschland\/vorsitzende-des-deutschen-ethikrats-warnt-journalisten-vor-verlust-der-deutungshoheit\/"},"wordCount":816,"commentCount":0,"publisher":{"@id":"https:\/\/now-news.de\/de\/#organization"},"image":{"@id":"https:\/\/now-news.de\/de\/deutschland\/vorsitzende-des-deutschen-ethikrats-warnt-journalisten-vor-verlust-der-deutungshoheit\/#primaryimage"},"thumbnailUrl":"https:\/\/now-news.de\/de\/wp-content\/uploads\/sites\/3\/2023\/11\/Vorsitzende-des-Deutschen-Ethikrats-warnt-Journalisten-vor-Verlust-der-Deutungshoheit.jpg","keywords":["der","des","Deutschen","Deutungshoheit","Ethikrats","Journalisten","Verlust","vor","Vorsitzende","warnt"],"articleSection":["Deutschland","Russland"],"inLanguage":"de","potentialAction":[{"@type":"CommentAction","name":"Comment","target":["https:\/\/now-news.de\/de\/deutschland\/vorsitzende-des-deutschen-ethikrats-warnt-journalisten-vor-verlust-der-deutungshoheit\/#respond"]}]},{"@type":"WebPage","@id":"https:\/\/now-news.de\/de\/deutschland\/vorsitzende-des-deutschen-ethikrats-warnt-journalisten-vor-verlust-der-deutungshoheit\/","url":"https:\/\/now-news.de\/de\/deutschland\/vorsitzende-des-deutschen-ethikrats-warnt-journalisten-vor-verlust-der-deutungshoheit\/","name":"Vorsitzende des Deutschen Ethikrats warnt Journalisten vor Verlust der Deutungshoheit - just-now.NEWS Deutschland","isPartOf":{"@id":"https:\/\/now-news.de\/de\/#website"},"primaryImageOfPage":{"@id":"https:\/\/now-news.de\/de\/deutschland\/vorsitzende-des-deutschen-ethikrats-warnt-journalisten-vor-verlust-der-deutungshoheit\/#primaryimage"},"image":{"@id":"https:\/\/now-news.de\/de\/deutschland\/vorsitzende-des-deutschen-ethikrats-warnt-journalisten-vor-verlust-der-deutungshoheit\/#primaryimage"},"thumbnailUrl":"https:\/\/now-news.de\/de\/wp-content\/uploads\/sites\/3\/2023\/11\/Vorsitzende-des-Deutschen-Ethikrats-warnt-Journalisten-vor-Verlust-der-Deutungshoheit.jpg","datePublished":"2023-11-26T19:52:24+00:00","dateModified":"2023-11-26T19:52:24+00:00","breadcrumb":{"@id":"https:\/\/now-news.de\/de\/deutschland\/vorsitzende-des-deutschen-ethikrats-warnt-journalisten-vor-verlust-der-deutungshoheit\/#breadcrumb"},"inLanguage":"de","potentialAction":[{"@type":"ReadAction","target":["https:\/\/now-news.de\/de\/deutschland\/vorsitzende-des-deutschen-ethikrats-warnt-journalisten-vor-verlust-der-deutungshoheit\/"]}]},{"@type":"ImageObject","inLanguage":"de","@id":"https:\/\/now-news.de\/de\/deutschland\/vorsitzende-des-deutschen-ethikrats-warnt-journalisten-vor-verlust-der-deutungshoheit\/#primaryimage","url":"https:\/\/now-news.de\/de\/wp-content\/uploads\/sites\/3\/2023\/11\/Vorsitzende-des-Deutschen-Ethikrats-warnt-Journalisten-vor-Verlust-der-Deutungshoheit.jpg","contentUrl":"https:\/\/now-news.de\/de\/wp-content\/uploads\/sites\/3\/2023\/11\/Vorsitzende-des-Deutschen-Ethikrats-warnt-Journalisten-vor-Verlust-der-Deutungshoheit.jpg","width":460,"height":259,"caption":"Vorsitzende des Deutschen Ethikrats warnt Journalisten vor Verlust der Deutungshoheit"},{"@type":"BreadcrumbList","@id":"https:\/\/now-news.de\/de\/deutschland\/vorsitzende-des-deutschen-ethikrats-warnt-journalisten-vor-verlust-der-deutungshoheit\/#breadcrumb","itemListElement":[{"@type":"ListItem","position":1,"name":"Home","item":"https:\/\/now-news.de\/de\/"},{"@type":"ListItem","position":2,"name":"Vorsitzende des Deutschen Ethikrats warnt Journalisten vor Verlust der Deutungshoheit"}]},{"@type":"WebSite","@id":"https:\/\/now-news.de\/de\/#website","url":"https:\/\/now-news.de\/de\/","name":"just-now.NEWS Deutschland","description":"Das Portal f\u00fcr unzensierte Nachrichten aus der Welt","publisher":{"@id":"https:\/\/now-news.de\/de\/#organization"},"potentialAction":[{"@type":"SearchAction","target":{"@type":"EntryPoint","urlTemplate":"https:\/\/now-news.de\/de\/?s={search_term_string}"},"query-input":"required name=search_term_string"}],"inLanguage":"de"},{"@type":"Organization","@id":"https:\/\/now-news.de\/de\/#organization","name":"Just Now News","url":"https:\/\/now-news.de\/de\/","logo":{"@type":"ImageObject","inLanguage":"de","@id":"https:\/\/now-news.de\/de\/#\/schema\/logo\/image\/","url":"http:\/\/just-now.news\/de\/wp-content\/uploads\/sites\/3\/2022\/04\/logo500x500.jpg","contentUrl":"http:\/\/just-now.news\/de\/wp-content\/uploads\/sites\/3\/2022\/04\/logo500x500.jpg","width":500,"height":500,"caption":"Just Now News"},"image":{"@id":"https:\/\/now-news.de\/de\/#\/schema\/logo\/image\/"},"sameAs":["https:\/\/www.facebook.com\/wirmachenauf","https:\/\/x.com\/WirMachenAuf_de"]},{"@type":"Person","@id":"https:\/\/now-news.de\/de\/#\/schema\/person\/fb534a4e865501d8b3285208df34a9b5","name":"rtnews","image":{"@type":"ImageObject","inLanguage":"de","@id":"https:\/\/now-news.de\/de\/#\/schema\/person\/image\/","url":"https:\/\/secure.gravatar.com\/avatar\/82aafea7d8127119dd649515f56e2117?s=96&d=mm&r=g","contentUrl":"https:\/\/secure.gravatar.com\/avatar\/82aafea7d8127119dd649515f56e2117?s=96&d=mm&r=g","caption":"rtnews"},"url":"https:\/\/now-news.de\/de\/author\/rnews\/"}]}},"_links":{"self":[{"href":"https:\/\/now-news.de\/de\/wp-json\/wp\/v2\/posts\/50446"}],"collection":[{"href":"https:\/\/now-news.de\/de\/wp-json\/wp\/v2\/posts"}],"about":[{"href":"https:\/\/now-news.de\/de\/wp-json\/wp\/v2\/types\/post"}],"author":[{"embeddable":true,"href":"https:\/\/now-news.de\/de\/wp-json\/wp\/v2\/users\/3"}],"replies":[{"embeddable":true,"href":"https:\/\/now-news.de\/de\/wp-json\/wp\/v2\/comments?post=50446"}],"version-history":[{"count":0,"href":"https:\/\/now-news.de\/de\/wp-json\/wp\/v2\/posts\/50446\/revisions"}],"wp:featuredmedia":[{"embeddable":true,"href":"https:\/\/now-news.de\/de\/wp-json\/wp\/v2\/media\/50447"}],"wp:attachment":[{"href":"https:\/\/now-news.de\/de\/wp-json\/wp\/v2\/media?parent=50446"}],"wp:term":[{"taxonomy":"category","embeddable":true,"href":"https:\/\/now-news.de\/de\/wp-json\/wp\/v2\/categories?post=50446"},{"taxonomy":"post_tag","embeddable":true,"href":"https:\/\/now-news.de\/de\/wp-json\/wp\/v2\/tags?post=50446"}],"curies":[{"name":"wp","href":"https:\/\/api.w.org\/{rel}","templated":true}]}}