{"id":50444,"date":"2023-11-26T21:22:03","date_gmt":"2023-11-26T19:22:03","guid":{"rendered":"https:\/\/just-now.news\/de\/deutschland\/aufrufe-zu-gewalt-gegen-russen-moskau-setzt-meta-sprecher-auf-fahndungsliste\/"},"modified":"2023-11-26T21:22:03","modified_gmt":"2023-11-26T19:22:03","slug":"aufrufe-zu-gewalt-gegen-russen-moskau-setzt-meta-sprecher-auf-fahndungsliste","status":"publish","type":"post","link":"https:\/\/now-news.de\/de\/deutschland\/aufrufe-zu-gewalt-gegen-russen-moskau-setzt-meta-sprecher-auf-fahndungsliste\/","title":{"rendered":"Aufrufe zu Gewalt gegen Russen: Moskau setzt Meta-Sprecher auf Fahndungsliste"},"content":{"rendered":"<p><img decoding=\"async\" src=\"http:\/\/just-now.news\/de\/wp-content\/uploads\/sites\/3\/2023\/11\/65636fbbb480cc7b5659bcf4.jpg\" \/><\/p>\n<div class=\"Text-root Text-type_1 \">\n                Gegen Mitarbeiter des US-Tech-Konzerns Meta wurde in Russland ein Strafverfahren eingeleitet, weil auf den Apps des Konzerns zu Gewalt gegen Russen und sogar zu Morden aufgerufen wurde. Zuvor hatte der Konzern im Zusammenhang mit dem Ukraine-Krieg die Richtlinien in seinen sozialen Netzwerken explizit gelockert.\n            <\/div>\n<p><\/p>\n<div class=\"Text-root Text-type_5 ArticleView-text ViewText-root \">\n<p>Andy Stone, Sprecher des Tech-Konglomerats Meta, zu dem Facebook, Instagram und WhatsApp geh\u00f6ren, steht in Russland auf einer Fahndungsliste, wie aus der Datenbank des russischen Innenministeriums hervorgeht.<\/p>\n<p><em>Iswestija<\/em>, <em>RIA Nowosti<\/em> und andere russische Medien berichteten am Sonntag, dass Stones Name nun in der Datenbank zu finden sei. In seiner Akte sei zu lesen, dass der US-B\u00fcrger wegen eines Strafverfahrens gesucht werde, weitere Einzelheiten werden jedoch nicht genannt.<\/p>\n<p>Meta wurde in Russland kurz nach dem Ausbruch des Konflikts in der Ukraine im Februar 2022 als extremistische Organisation gebrandmarkt. Seine Apps, Facebook und Instagram, wurden in dem Land blockiert, weil sie Hassreden gegen russische Staatsangeh\u00f6rige zulie\u00dfen und vermeintlich falsche Inhalte \u00fcber das Moskauer Milit\u00e4r verbreiteten. WhatsApp blieb von den Beschr\u00e4nkungen verschont, da es als reines Kommunikationsmittel eingestuft wurde.<\/p>\n<p>Im M\u00e4rz 2022 berichtete <em>Reuters<\/em> nach Durchsicht interner E-Mails von Meta, dass das Unternehmen beschlossen hatte, seine Regeln in einigen L\u00e4ndern vor\u00fcbergehend zu lockern, um Facebook- und Instagram-Nutzern zu erlauben, im Zusammenhang mit der Milit\u00e4roperation des Landes in der Ukraine zu Gewalt gegen Russen und russische Soldaten aufzurufen.<\/p>\n<p>Es war auch geplant, dass Aufrufe zum Tod des russischen Pr\u00e4sidenten Wladimir Putin und seines wei\u00dfrussischen Amtskollegen Alexander Lukaschenko legitimiert werden sollten, so die Agentur. Auf X (ehemals Twitter) reagierte Stone auf den Bericht, bezeichnete ihn als &#8220;sensationell&#8221; und erl\u00e4uterte die Haltung von Meta zu diesem Thema.<\/p>\n<p>&#8220;Infolge der russischen Invasion in der Ukraine haben wir vor\u00fcbergehend Formen der politischen Meinungs\u00e4u\u00dferung zugelassen, die normalerweise gegen unsere Regeln versto\u00dfen w\u00fcrden, wie zum Beispiel gewaltt\u00e4tige \u00c4u\u00dferungen, wie &#8216;Tod den russischen Invasoren'&#8221;, schrieb der Sprecher. &#8220;Wir werden weiterhin keine glaubw\u00fcrdigen Aufrufe zur Gewalt gegen russische Zivilisten zulassen&#8221;, behauptete er dennoch.<\/p>\n<p>Der IT-Gigant hatte auch versucht, die ganze Sache abzuschw\u00e4chen: Metas Pr\u00e4sident f\u00fcr globale Angelegenheiten, Nick Clegg, sagte, die Ma\u00dfnahme ziele lediglich darauf ab, den Ukrainern die M\u00f6glichkeit zu geben, ihrem \u00c4rger \u00fcber Russlands Vorgehen Luft zu machen. Die Politik des US-Unternehmens wurde sogar von UN-Generalsekret\u00e4r Ant\u00f3nio Guterres kritisiert, der sagte, dass eine solche Sprache in jedem Kontext &#8220;inakzeptabel&#8221; sei.<\/p>\n<p>Am Folgetag nach dem Bericht von <em>Reuters<\/em> gab das russische Ermittlungskomitee bekannt, dass es ein Strafverfahren &#8220;im Zusammenhang mit illegalen Aufrufen zu Mord und Gewalt gegen russische B\u00fcrger durch Mitarbeiter von Meta&#8221; eingeleitet habe. Die Beh\u00f6rde erkl\u00e4rte, sie werde die Handlungen von Stone und anderen Mitarbeitern des US-Tech-Giganten rechtlich bewerten.<\/p>\n<p>Den Ermittlern zufolge k\u00f6nnte ihr Verhalten gegen die Artikel 280 und 205.1 des russischen Strafgesetzbuchs versto\u00dfen haben, die \u00f6ffentliche Aufrufe zu extremistischen Aktivit\u00e4ten und die Unterst\u00fctzung terroristischer Aktivit\u00e4ten betreffen.<\/p>\n<p><strong>Mehr zum Thema &#8211;<\/strong>\u00a0<a rel=\"nofollow noopener\" target=\"_blank\" href=\"https:\/\/de.rt.com\/russland\/155462-meta-in-russisches-register-extremistischen\/\">Meta in russisches Register der extremistischen Organisationen aufgenommen <\/a><\/p>\n<\/p>\n<\/div>\n<p><br \/>\n<br \/><a href=\"https:\/\/de.rt.com\/russland\/188152-aufrufe-zur-gewalt-gegen-russen\/\">Source link <\/a><\/p>\n","protected":false},"excerpt":{"rendered":"<p>Gegen Mitarbeiter des US-Tech-Konzerns Meta wurde in Russland ein Strafverfahren eingeleitet, weil auf den Apps des Konzerns zu Gewalt gegen Russen und sogar zu Morden aufgerufen wurde. Zuvor hatte der Konzern im Zusammenhang mit dem Ukraine-Krieg die Richtlinien in seinen sozialen Netzwerken explizit gelockert. Andy Stone, Sprecher des Tech-Konglomerats Meta, zu dem Facebook, Instagram und [&hellip;]<\/p>\n","protected":false},"author":3,"featured_media":50445,"comment_status":"open","ping_status":"open","sticky":false,"template":"","format":"standard","meta":{"_yoast_indexnow_last_ping":["1701026807"],"wp_automatic_camp":["217"],"a93dac8ccca35f19536dd9cc8c9e836c":["Aufrufe zu Gewalt gegen Russen: Moskau setzt Meta-Sprecher auf Fahndungsliste"],"original_link":["https:\/\/de.rt.com\/russland\/188152-aufrufe-zur-gewalt-gegen-russen\/"],"_thumbnail_id":["50445"],"_wptgpro_p2tg_sent2tg":["a:1:{i:23737;s:19:\"2023-11-26 21:27:50\";}"],"jnews_social_counter_last_update":["1777377487"],"_cmplz_scanned_post":["1"]},"categories":[19,23],"tags":[133,33256,30814,278,7768,51021,946,4405,1997],"yoast_head":"<!-- This site is optimized with the Yoast SEO Premium plugin v22.7 (Yoast SEO v22.7) - https:\/\/yoast.com\/wordpress\/plugins\/seo\/ -->\n<title>Aufrufe zu Gewalt gegen Russen: Moskau setzt Meta-Sprecher auf Fahndungsliste - just-now.NEWS Deutschland<\/title>\n<meta name=\"robots\" content=\"index, follow, max-snippet:-1, max-image-preview:large, max-video-preview:-1\" \/>\n<link rel=\"canonical\" href=\"https:\/\/now-news.de\/de\/deutschland\/aufrufe-zu-gewalt-gegen-russen-moskau-setzt-meta-sprecher-auf-fahndungsliste\/\" \/>\n<meta property=\"og:locale\" content=\"de_DE\" \/>\n<meta property=\"og:type\" content=\"article\" \/>\n<meta property=\"og:title\" content=\"Aufrufe zu Gewalt gegen Russen: Moskau setzt Meta-Sprecher auf Fahndungsliste\" \/>\n<meta property=\"og:description\" content=\"Gegen Mitarbeiter des US-Tech-Konzerns Meta wurde in Russland ein Strafverfahren eingeleitet, weil auf den Apps des Konzerns zu Gewalt gegen Russen und sogar zu Morden aufgerufen wurde. Zuvor hatte der Konzern im Zusammenhang mit dem Ukraine-Krieg die Richtlinien in seinen sozialen Netzwerken explizit gelockert. Andy Stone, Sprecher des Tech-Konglomerats Meta, zu dem Facebook, Instagram und [&hellip;]\" \/>\n<meta property=\"og:url\" content=\"https:\/\/now-news.de\/de\/deutschland\/aufrufe-zu-gewalt-gegen-russen-moskau-setzt-meta-sprecher-auf-fahndungsliste\/\" \/>\n<meta property=\"og:site_name\" content=\"just-now.NEWS Deutschland\" \/>\n<meta property=\"article:publisher\" content=\"https:\/\/www.facebook.com\/wirmachenauf\" \/>\n<meta property=\"article:published_time\" content=\"2023-11-26T19:22:03+00:00\" \/>\n<meta property=\"og:image\" content=\"https:\/\/now-news.de\/de\/wp-content\/uploads\/sites\/3\/2023\/11\/Aufrufe-zu-Gewalt-gegen-Russen-Moskau-setzt-Meta-Sprecher-auf-Fahndungsliste.jpg\" \/>\n\t<meta property=\"og:image:width\" content=\"460\" \/>\n\t<meta property=\"og:image:height\" content=\"259\" \/>\n\t<meta property=\"og:image:type\" content=\"image\/jpeg\" \/>\n<meta name=\"author\" content=\"rtnews\" \/>\n<meta name=\"twitter:card\" content=\"summary_large_image\" \/>\n<meta name=\"twitter:creator\" content=\"@WirMachenAuf_de\" \/>\n<meta name=\"twitter:site\" content=\"@WirMachenAuf_de\" \/>\n<meta name=\"twitter:label1\" content=\"Verfasst von\" \/>\n\t<meta name=\"twitter:data1\" content=\"rtnews\" \/>\n\t<meta name=\"twitter:label2\" content=\"Gesch\u00e4tzte Lesezeit\" \/>\n\t<meta name=\"twitter:data2\" content=\"3\u00a0Minuten\" \/>\n<script type=\"application\/ld+json\" class=\"yoast-schema-graph\">{\"@context\":\"https:\/\/schema.org\",\"@graph\":[{\"@type\":\"Article\",\"@id\":\"https:\/\/now-news.de\/de\/deutschland\/aufrufe-zu-gewalt-gegen-russen-moskau-setzt-meta-sprecher-auf-fahndungsliste\/#article\",\"isPartOf\":{\"@id\":\"https:\/\/now-news.de\/de\/deutschland\/aufrufe-zu-gewalt-gegen-russen-moskau-setzt-meta-sprecher-auf-fahndungsliste\/\"},\"author\":{\"name\":\"rtnews\",\"@id\":\"https:\/\/now-news.de\/de\/#\/schema\/person\/fb534a4e865501d8b3285208df34a9b5\"},\"headline\":\"Aufrufe zu Gewalt gegen Russen: Moskau setzt Meta-Sprecher auf Fahndungsliste\",\"datePublished\":\"2023-11-26T19:22:03+00:00\",\"dateModified\":\"2023-11-26T19:22:03+00:00\",\"mainEntityOfPage\":{\"@id\":\"https:\/\/now-news.de\/de\/deutschland\/aufrufe-zu-gewalt-gegen-russen-moskau-setzt-meta-sprecher-auf-fahndungsliste\/\"},\"wordCount\":510,\"commentCount\":0,\"publisher\":{\"@id\":\"https:\/\/now-news.de\/de\/#organization\"},\"image\":{\"@id\":\"https:\/\/now-news.de\/de\/deutschland\/aufrufe-zu-gewalt-gegen-russen-moskau-setzt-meta-sprecher-auf-fahndungsliste\/#primaryimage\"},\"thumbnailUrl\":\"https:\/\/now-news.de\/de\/wp-content\/uploads\/sites\/3\/2023\/11\/Aufrufe-zu-Gewalt-gegen-Russen-Moskau-setzt-Meta-Sprecher-auf-Fahndungsliste.jpg\",\"keywords\":[\"AUF\",\"Aufrufe\",\"Fahndungsliste\",\"gegen\",\"Gewalt\",\"MetaSprecher\",\"Moskau\",\"Russen\",\"setzt\"],\"articleSection\":[\"Deutschland\",\"Russland\"],\"inLanguage\":\"de\",\"potentialAction\":[{\"@type\":\"CommentAction\",\"name\":\"Comment\",\"target\":[\"https:\/\/now-news.de\/de\/deutschland\/aufrufe-zu-gewalt-gegen-russen-moskau-setzt-meta-sprecher-auf-fahndungsliste\/#respond\"]}]},{\"@type\":\"WebPage\",\"@id\":\"https:\/\/now-news.de\/de\/deutschland\/aufrufe-zu-gewalt-gegen-russen-moskau-setzt-meta-sprecher-auf-fahndungsliste\/\",\"url\":\"https:\/\/now-news.de\/de\/deutschland\/aufrufe-zu-gewalt-gegen-russen-moskau-setzt-meta-sprecher-auf-fahndungsliste\/\",\"name\":\"Aufrufe zu Gewalt gegen Russen: Moskau setzt Meta-Sprecher auf Fahndungsliste - just-now.NEWS Deutschland\",\"isPartOf\":{\"@id\":\"https:\/\/now-news.de\/de\/#website\"},\"primaryImageOfPage\":{\"@id\":\"https:\/\/now-news.de\/de\/deutschland\/aufrufe-zu-gewalt-gegen-russen-moskau-setzt-meta-sprecher-auf-fahndungsliste\/#primaryimage\"},\"image\":{\"@id\":\"https:\/\/now-news.de\/de\/deutschland\/aufrufe-zu-gewalt-gegen-russen-moskau-setzt-meta-sprecher-auf-fahndungsliste\/#primaryimage\"},\"thumbnailUrl\":\"https:\/\/now-news.de\/de\/wp-content\/uploads\/sites\/3\/2023\/11\/Aufrufe-zu-Gewalt-gegen-Russen-Moskau-setzt-Meta-Sprecher-auf-Fahndungsliste.jpg\",\"datePublished\":\"2023-11-26T19:22:03+00:00\",\"dateModified\":\"2023-11-26T19:22:03+00:00\",\"breadcrumb\":{\"@id\":\"https:\/\/now-news.de\/de\/deutschland\/aufrufe-zu-gewalt-gegen-russen-moskau-setzt-meta-sprecher-auf-fahndungsliste\/#breadcrumb\"},\"inLanguage\":\"de\",\"potentialAction\":[{\"@type\":\"ReadAction\",\"target\":[\"https:\/\/now-news.de\/de\/deutschland\/aufrufe-zu-gewalt-gegen-russen-moskau-setzt-meta-sprecher-auf-fahndungsliste\/\"]}]},{\"@type\":\"ImageObject\",\"inLanguage\":\"de\",\"@id\":\"https:\/\/now-news.de\/de\/deutschland\/aufrufe-zu-gewalt-gegen-russen-moskau-setzt-meta-sprecher-auf-fahndungsliste\/#primaryimage\",\"url\":\"https:\/\/now-news.de\/de\/wp-content\/uploads\/sites\/3\/2023\/11\/Aufrufe-zu-Gewalt-gegen-Russen-Moskau-setzt-Meta-Sprecher-auf-Fahndungsliste.jpg\",\"contentUrl\":\"https:\/\/now-news.de\/de\/wp-content\/uploads\/sites\/3\/2023\/11\/Aufrufe-zu-Gewalt-gegen-Russen-Moskau-setzt-Meta-Sprecher-auf-Fahndungsliste.jpg\",\"width\":460,\"height\":259,\"caption\":\"Aufrufe zu Gewalt gegen Russen: Moskau setzt Meta-Sprecher auf Fahndungsliste\"},{\"@type\":\"BreadcrumbList\",\"@id\":\"https:\/\/now-news.de\/de\/deutschland\/aufrufe-zu-gewalt-gegen-russen-moskau-setzt-meta-sprecher-auf-fahndungsliste\/#breadcrumb\",\"itemListElement\":[{\"@type\":\"ListItem\",\"position\":1,\"name\":\"Home\",\"item\":\"https:\/\/now-news.de\/de\/\"},{\"@type\":\"ListItem\",\"position\":2,\"name\":\"Aufrufe zu Gewalt gegen Russen: Moskau setzt Meta-Sprecher auf Fahndungsliste\"}]},{\"@type\":\"WebSite\",\"@id\":\"https:\/\/now-news.de\/de\/#website\",\"url\":\"https:\/\/now-news.de\/de\/\",\"name\":\"just-now.NEWS Deutschland\",\"description\":\"Das Portal f\u00fcr unzensierte Nachrichten aus der Welt\",\"publisher\":{\"@id\":\"https:\/\/now-news.de\/de\/#organization\"},\"potentialAction\":[{\"@type\":\"SearchAction\",\"target\":{\"@type\":\"EntryPoint\",\"urlTemplate\":\"https:\/\/now-news.de\/de\/?s={search_term_string}\"},\"query-input\":\"required name=search_term_string\"}],\"inLanguage\":\"de\"},{\"@type\":\"Organization\",\"@id\":\"https:\/\/now-news.de\/de\/#organization\",\"name\":\"Just Now News\",\"url\":\"https:\/\/now-news.de\/de\/\",\"logo\":{\"@type\":\"ImageObject\",\"inLanguage\":\"de\",\"@id\":\"https:\/\/now-news.de\/de\/#\/schema\/logo\/image\/\",\"url\":\"http:\/\/just-now.news\/de\/wp-content\/uploads\/sites\/3\/2022\/04\/logo500x500.jpg\",\"contentUrl\":\"http:\/\/just-now.news\/de\/wp-content\/uploads\/sites\/3\/2022\/04\/logo500x500.jpg\",\"width\":500,\"height\":500,\"caption\":\"Just Now News\"},\"image\":{\"@id\":\"https:\/\/now-news.de\/de\/#\/schema\/logo\/image\/\"},\"sameAs\":[\"https:\/\/www.facebook.com\/wirmachenauf\",\"https:\/\/x.com\/WirMachenAuf_de\"]},{\"@type\":\"Person\",\"@id\":\"https:\/\/now-news.de\/de\/#\/schema\/person\/fb534a4e865501d8b3285208df34a9b5\",\"name\":\"rtnews\",\"image\":{\"@type\":\"ImageObject\",\"inLanguage\":\"de\",\"@id\":\"https:\/\/now-news.de\/de\/#\/schema\/person\/image\/\",\"url\":\"https:\/\/secure.gravatar.com\/avatar\/82aafea7d8127119dd649515f56e2117?s=96&d=mm&r=g\",\"contentUrl\":\"https:\/\/secure.gravatar.com\/avatar\/82aafea7d8127119dd649515f56e2117?s=96&d=mm&r=g\",\"caption\":\"rtnews\"},\"url\":\"https:\/\/now-news.de\/de\/author\/rnews\/\"}]}<\/script>\n<!-- \/ Yoast SEO Premium plugin. -->","yoast_head_json":{"title":"Aufrufe zu Gewalt gegen Russen: Moskau setzt Meta-Sprecher auf Fahndungsliste - just-now.NEWS Deutschland","robots":{"index":"index","follow":"follow","max-snippet":"max-snippet:-1","max-image-preview":"max-image-preview:large","max-video-preview":"max-video-preview:-1"},"canonical":"https:\/\/now-news.de\/de\/deutschland\/aufrufe-zu-gewalt-gegen-russen-moskau-setzt-meta-sprecher-auf-fahndungsliste\/","og_locale":"de_DE","og_type":"article","og_title":"Aufrufe zu Gewalt gegen Russen: Moskau setzt Meta-Sprecher auf Fahndungsliste","og_description":"Gegen Mitarbeiter des US-Tech-Konzerns Meta wurde in Russland ein Strafverfahren eingeleitet, weil auf den Apps des Konzerns zu Gewalt gegen Russen und sogar zu Morden aufgerufen wurde. Zuvor hatte der Konzern im Zusammenhang mit dem Ukraine-Krieg die Richtlinien in seinen sozialen Netzwerken explizit gelockert. Andy Stone, Sprecher des Tech-Konglomerats Meta, zu dem Facebook, Instagram und [&hellip;]","og_url":"https:\/\/now-news.de\/de\/deutschland\/aufrufe-zu-gewalt-gegen-russen-moskau-setzt-meta-sprecher-auf-fahndungsliste\/","og_site_name":"just-now.NEWS Deutschland","article_publisher":"https:\/\/www.facebook.com\/wirmachenauf","article_published_time":"2023-11-26T19:22:03+00:00","og_image":[{"width":460,"height":259,"url":"https:\/\/now-news.de\/de\/wp-content\/uploads\/sites\/3\/2023\/11\/Aufrufe-zu-Gewalt-gegen-Russen-Moskau-setzt-Meta-Sprecher-auf-Fahndungsliste.jpg","type":"image\/jpeg"}],"author":"rtnews","twitter_card":"summary_large_image","twitter_creator":"@WirMachenAuf_de","twitter_site":"@WirMachenAuf_de","twitter_misc":{"Verfasst von":"rtnews","Gesch\u00e4tzte Lesezeit":"3\u00a0Minuten"},"schema":{"@context":"https:\/\/schema.org","@graph":[{"@type":"Article","@id":"https:\/\/now-news.de\/de\/deutschland\/aufrufe-zu-gewalt-gegen-russen-moskau-setzt-meta-sprecher-auf-fahndungsliste\/#article","isPartOf":{"@id":"https:\/\/now-news.de\/de\/deutschland\/aufrufe-zu-gewalt-gegen-russen-moskau-setzt-meta-sprecher-auf-fahndungsliste\/"},"author":{"name":"rtnews","@id":"https:\/\/now-news.de\/de\/#\/schema\/person\/fb534a4e865501d8b3285208df34a9b5"},"headline":"Aufrufe zu Gewalt gegen Russen: Moskau setzt Meta-Sprecher auf Fahndungsliste","datePublished":"2023-11-26T19:22:03+00:00","dateModified":"2023-11-26T19:22:03+00:00","mainEntityOfPage":{"@id":"https:\/\/now-news.de\/de\/deutschland\/aufrufe-zu-gewalt-gegen-russen-moskau-setzt-meta-sprecher-auf-fahndungsliste\/"},"wordCount":510,"commentCount":0,"publisher":{"@id":"https:\/\/now-news.de\/de\/#organization"},"image":{"@id":"https:\/\/now-news.de\/de\/deutschland\/aufrufe-zu-gewalt-gegen-russen-moskau-setzt-meta-sprecher-auf-fahndungsliste\/#primaryimage"},"thumbnailUrl":"https:\/\/now-news.de\/de\/wp-content\/uploads\/sites\/3\/2023\/11\/Aufrufe-zu-Gewalt-gegen-Russen-Moskau-setzt-Meta-Sprecher-auf-Fahndungsliste.jpg","keywords":["AUF","Aufrufe","Fahndungsliste","gegen","Gewalt","MetaSprecher","Moskau","Russen","setzt"],"articleSection":["Deutschland","Russland"],"inLanguage":"de","potentialAction":[{"@type":"CommentAction","name":"Comment","target":["https:\/\/now-news.de\/de\/deutschland\/aufrufe-zu-gewalt-gegen-russen-moskau-setzt-meta-sprecher-auf-fahndungsliste\/#respond"]}]},{"@type":"WebPage","@id":"https:\/\/now-news.de\/de\/deutschland\/aufrufe-zu-gewalt-gegen-russen-moskau-setzt-meta-sprecher-auf-fahndungsliste\/","url":"https:\/\/now-news.de\/de\/deutschland\/aufrufe-zu-gewalt-gegen-russen-moskau-setzt-meta-sprecher-auf-fahndungsliste\/","name":"Aufrufe zu Gewalt gegen Russen: Moskau setzt Meta-Sprecher auf Fahndungsliste - just-now.NEWS Deutschland","isPartOf":{"@id":"https:\/\/now-news.de\/de\/#website"},"primaryImageOfPage":{"@id":"https:\/\/now-news.de\/de\/deutschland\/aufrufe-zu-gewalt-gegen-russen-moskau-setzt-meta-sprecher-auf-fahndungsliste\/#primaryimage"},"image":{"@id":"https:\/\/now-news.de\/de\/deutschland\/aufrufe-zu-gewalt-gegen-russen-moskau-setzt-meta-sprecher-auf-fahndungsliste\/#primaryimage"},"thumbnailUrl":"https:\/\/now-news.de\/de\/wp-content\/uploads\/sites\/3\/2023\/11\/Aufrufe-zu-Gewalt-gegen-Russen-Moskau-setzt-Meta-Sprecher-auf-Fahndungsliste.jpg","datePublished":"2023-11-26T19:22:03+00:00","dateModified":"2023-11-26T19:22:03+00:00","breadcrumb":{"@id":"https:\/\/now-news.de\/de\/deutschland\/aufrufe-zu-gewalt-gegen-russen-moskau-setzt-meta-sprecher-auf-fahndungsliste\/#breadcrumb"},"inLanguage":"de","potentialAction":[{"@type":"ReadAction","target":["https:\/\/now-news.de\/de\/deutschland\/aufrufe-zu-gewalt-gegen-russen-moskau-setzt-meta-sprecher-auf-fahndungsliste\/"]}]},{"@type":"ImageObject","inLanguage":"de","@id":"https:\/\/now-news.de\/de\/deutschland\/aufrufe-zu-gewalt-gegen-russen-moskau-setzt-meta-sprecher-auf-fahndungsliste\/#primaryimage","url":"https:\/\/now-news.de\/de\/wp-content\/uploads\/sites\/3\/2023\/11\/Aufrufe-zu-Gewalt-gegen-Russen-Moskau-setzt-Meta-Sprecher-auf-Fahndungsliste.jpg","contentUrl":"https:\/\/now-news.de\/de\/wp-content\/uploads\/sites\/3\/2023\/11\/Aufrufe-zu-Gewalt-gegen-Russen-Moskau-setzt-Meta-Sprecher-auf-Fahndungsliste.jpg","width":460,"height":259,"caption":"Aufrufe zu Gewalt gegen Russen: Moskau setzt Meta-Sprecher auf Fahndungsliste"},{"@type":"BreadcrumbList","@id":"https:\/\/now-news.de\/de\/deutschland\/aufrufe-zu-gewalt-gegen-russen-moskau-setzt-meta-sprecher-auf-fahndungsliste\/#breadcrumb","itemListElement":[{"@type":"ListItem","position":1,"name":"Home","item":"https:\/\/now-news.de\/de\/"},{"@type":"ListItem","position":2,"name":"Aufrufe zu Gewalt gegen Russen: Moskau setzt Meta-Sprecher auf Fahndungsliste"}]},{"@type":"WebSite","@id":"https:\/\/now-news.de\/de\/#website","url":"https:\/\/now-news.de\/de\/","name":"just-now.NEWS Deutschland","description":"Das Portal f\u00fcr unzensierte Nachrichten aus der Welt","publisher":{"@id":"https:\/\/now-news.de\/de\/#organization"},"potentialAction":[{"@type":"SearchAction","target":{"@type":"EntryPoint","urlTemplate":"https:\/\/now-news.de\/de\/?s={search_term_string}"},"query-input":"required name=search_term_string"}],"inLanguage":"de"},{"@type":"Organization","@id":"https:\/\/now-news.de\/de\/#organization","name":"Just Now News","url":"https:\/\/now-news.de\/de\/","logo":{"@type":"ImageObject","inLanguage":"de","@id":"https:\/\/now-news.de\/de\/#\/schema\/logo\/image\/","url":"http:\/\/just-now.news\/de\/wp-content\/uploads\/sites\/3\/2022\/04\/logo500x500.jpg","contentUrl":"http:\/\/just-now.news\/de\/wp-content\/uploads\/sites\/3\/2022\/04\/logo500x500.jpg","width":500,"height":500,"caption":"Just Now News"},"image":{"@id":"https:\/\/now-news.de\/de\/#\/schema\/logo\/image\/"},"sameAs":["https:\/\/www.facebook.com\/wirmachenauf","https:\/\/x.com\/WirMachenAuf_de"]},{"@type":"Person","@id":"https:\/\/now-news.de\/de\/#\/schema\/person\/fb534a4e865501d8b3285208df34a9b5","name":"rtnews","image":{"@type":"ImageObject","inLanguage":"de","@id":"https:\/\/now-news.de\/de\/#\/schema\/person\/image\/","url":"https:\/\/secure.gravatar.com\/avatar\/82aafea7d8127119dd649515f56e2117?s=96&d=mm&r=g","contentUrl":"https:\/\/secure.gravatar.com\/avatar\/82aafea7d8127119dd649515f56e2117?s=96&d=mm&r=g","caption":"rtnews"},"url":"https:\/\/now-news.de\/de\/author\/rnews\/"}]}},"_links":{"self":[{"href":"https:\/\/now-news.de\/de\/wp-json\/wp\/v2\/posts\/50444"}],"collection":[{"href":"https:\/\/now-news.de\/de\/wp-json\/wp\/v2\/posts"}],"about":[{"href":"https:\/\/now-news.de\/de\/wp-json\/wp\/v2\/types\/post"}],"author":[{"embeddable":true,"href":"https:\/\/now-news.de\/de\/wp-json\/wp\/v2\/users\/3"}],"replies":[{"embeddable":true,"href":"https:\/\/now-news.de\/de\/wp-json\/wp\/v2\/comments?post=50444"}],"version-history":[{"count":0,"href":"https:\/\/now-news.de\/de\/wp-json\/wp\/v2\/posts\/50444\/revisions"}],"wp:featuredmedia":[{"embeddable":true,"href":"https:\/\/now-news.de\/de\/wp-json\/wp\/v2\/media\/50445"}],"wp:attachment":[{"href":"https:\/\/now-news.de\/de\/wp-json\/wp\/v2\/media?parent=50444"}],"wp:term":[{"taxonomy":"category","embeddable":true,"href":"https:\/\/now-news.de\/de\/wp-json\/wp\/v2\/categories?post=50444"},{"taxonomy":"post_tag","embeddable":true,"href":"https:\/\/now-news.de\/de\/wp-json\/wp\/v2\/tags?post=50444"}],"curies":[{"name":"wp","href":"https:\/\/api.w.org\/{rel}","templated":true}]}}